{"id":8909,"date":"2026-03-16T08:01:31","date_gmt":"2026-03-16T08:01:31","guid":{"rendered":"https:\/\/vengria.info\/?p=8909"},"modified":"2026-03-16T08:01:32","modified_gmt":"2026-03-16T08:01:32","slug":"margaret-miller-vagyok-hatvanharom-eves-vagyok-es-a-mult-honapban-felszalltam-egy-montanaba-tarto-gepre-hogy-reszt-vegyek-a-fiam-temetesen","status":"publish","type":"post","link":"https:\/\/vengria.info\/?p=8909","title":{"rendered":"Margaret Miller vagyok. Hatvanh\u00e1rom \u00e9ves vagyok, \u00e9s a m\u00falt h\u00f3napban felsz\u00e1lltam egy Montan\u00e1ba tart\u00f3 g\u00e9pre, hogy r\u00e9szt vegyek a fiam temet\u00e9s\u00e9n."},"content":{"rendered":"\n<p>Furcsa dolog egy ilyen mondatot le\u00edrni. \u00c9letem nagy r\u00e9sz\u00e9ben azt hittem, hogy a sz\u00fcl\u0151knek nem szabad eltemetni\u00fck a gyermekeiket. M\u00e9gis ott \u00fcltem egy keskeny rep\u00fcl\u0151g\u00e9p\u00fcl\u00e9sen t\u00f6bb ezer m\u00e9terrel a f\u00f6ld felett, egy olyan b\u00facs\u00fa fel\u00e9 tartva, amelyet lehetetlennek t\u0171nt elfogadni.<\/p>\n\n\n\n<p>A f\u00e9rjem, Robert mellettem \u00fclt.<\/p>\n\n\n\n<p>Negyvenegy \u00e9ve voltunk h\u00e1zasok, de azon a reggelen a k\u00f6zt\u00fcnk l\u00e9v\u0151 t\u00e1vols\u00e1g nagyobbnak t\u0171nt, mint a v\u00e1rosok k\u00f6z\u00f6tti t\u00e1vols\u00e1g. A gy\u00e1sznak megvan a maga m\u00f3dja arra, hogy elszigetelje az embereket, m\u00e9g azokat is, akik egy eg\u00e9sz \u00e9letet megosztottak vel\u00fcnk. Robert egyenesen az el\u0151tte l\u00e9v\u0151 \u00fcl\u00e9sre meredt, \u00f6sszekulcsolt k\u00e9zzel. \u00c9reztem, hogy pr\u00f3b\u00e1l er\u0151s maradni, pr\u00f3b\u00e1lja \u00f6sszeszedni mag\u00e1t.<\/p>\n\n\n\n<p>\u201eK\u00e9rsz \u200b\u200begy kis vizet?\u201d \u2013 k\u00e9rdezte halkan.<\/p>\n\n\n\n<p>Megr\u00e1ztam a fejem.<\/p>\n\n\n\n<p>A torkom kisz\u00e1radt, de tudtam, hogy nem szomj\u00fas\u00e1g. Az a fajta neh\u00e9zs\u00e9g volt, ami akkor j\u00f6n, amikor a tested meg\u00e9rt valamit, amit az elm\u00e9d m\u00e9g mindig nem hajland\u00f3 elfogadni.<\/p>\n\n\n\n<p>A motorok egyenletesen z\u00fcmm\u00f6gtek, ahogy a g\u00e9p a felh\u0151k k\u00f6z\u00f6tt emelkedett. K\u00f6r\u00fcl\u00f6tt\u00fcnk az utasok igazgatt\u00e1k az \u00fcl\u00e9seiket, k\u00f6nyveket nyitottak ki, vagy kib\u00e1multak az ablakon. Sz\u00e1mukra ez csak egy \u00fajabb rep\u00fcl\u00e9s volt.<\/p>\n\n\n\n<p>Sz\u00e1momra \u00fagy t\u0171nt, mintha meg\u00e1llt volna az id\u0151.<\/p>\n\n\n\n<p>Becsuktam a szemem, \u00e9s megpr\u00f3b\u00e1ltam lassan l\u00e9legezni. Ha csak el\u00e9rhetn\u00e9m Montan\u00e1t, r\u00e9szt vehetn\u00e9k a szertart\u00e1son, rendesen elb\u00facs\u00fazhatn\u00e9k\u2026 tal\u00e1n a vil\u00e1g \u00fajra \u00e9rtelmet nyerne.<\/p>\n\n\n\n<p>Azt\u00e1n megsz\u00f3lalt az interkom.<\/p>\n\n\n\n<p>Egy nyugodt hang t\u00f6lt\u00f6tte be a kabint.<\/p>\n\n\n\n<p>\u201eJ\u00f3 napot mindenkinek. Itt a kapit\u00e1ny besz\u00e9l. Ma harmincezer l\u00e1b magasan fogunk utazni. A Billingsbe tart\u00f3 rep\u00fcl\u00e9snek sim\u00e1n kell mennie.\u201d<\/p>\n\n\n\n<p>Abban a pillanatban, hogy meghallottam ezt a hangot, valami megdermedt bennem.<\/p>\n\n\n\n<p>A sz\u00edvem hevesebben kezdett verni.<\/p>\n\n\n\n<p>Nem maguk a szavak voltak. A pil\u00f3t\u00e1k mindig valami hasonl\u00f3t mondanak egy rep\u00fcl\u00e9s elej\u00e9n. De volt valami a hangnemben, a hang ritmus\u00e1ban, a m\u00f6g\u00f6tte rejl\u0151 csendes magabiztoss\u00e1gban.<\/p>\n\n\n\n<p>Ismer\u0151snek t\u0171nt.<\/p>\n\n\n\n<p>K\u00e9nyelmetlen\u00fcl ismer\u0151snek.<\/p>\n\n\n\n<p>N\u00e9h\u00e1ny m\u00e1sodpercig azt mondtam magamnak, hogy k\u00e9pzel\u0151d\u00f6m. V\u00e9g\u00fcl is negyven \u00e9v hossz\u00fa id\u0151. Az eml\u00e9kezet tr\u00fckk\u00f6zhet, amikor az \u00e9rzelmek m\u00e1r t\u00f6r\u00e9kenyek.<\/p>\n\n\n\n<figure class=\"wp-block-image size-full is-resized\"><img loading=\"lazy\" decoding=\"async\" width=\"506\" height=\"618\" src=\"https:\/\/vengria.info\/wp-content\/uploads\/2026\/03\/kfasdoiasuljdasbodlkj.png\" alt=\"\" class=\"wp-image-8911\" style=\"width:747px;height:auto\" srcset=\"https:\/\/vengria.info\/wp-content\/uploads\/2026\/03\/kfasdoiasuljdasbodlkj.png 506w, https:\/\/vengria.info\/wp-content\/uploads\/2026\/03\/kfasdoiasuljdasbodlkj-246x300.png 246w\" sizes=\"auto, (max-width: 506px) 100vw, 506px\" \/><\/figure>\n\n\n\n<p>De a hang tov\u00e1bb besz\u00e9lt, rutinszer\u0171 inform\u00e1ci\u00f3kat adott a rep\u00fcl\u00e9si id\u0151r\u0151l \u00e9s az id\u0151j\u00e1r\u00e1si viszonyokr\u00f3l.<\/p>\n\n\n\n<p>\u00c9s hirtelen tudtam.<\/p>\n\n\n\n<p>M\u00e1r hallottam ezt a hangot kor\u00e1bban.<\/p>\n\n\n\n<p>Nem tegnap.<\/p>\n\n\n\n<p>Nem tavaly.<\/p>\n\n\n\n<p>Negyven \u00e9vvel ezel\u0151tt.<\/p>\n\n\n\n<p>Akkor huszonh\u00e1rom \u00e9ves voltam, egy fiatal n\u0151, aki egy kis oregoni rep\u00fcl\u0151t\u00e9ri k\u00e1v\u00e9z\u00f3ban dolgozott. A munka egyszer\u0171 volt: k\u00e1v\u00e9t szolg\u00e1lni fel az utasoknak, leszedni az asztalokat, \u00e9s meghallgatni a hossz\u00fa \u00fatvonalakon \u00e1thalad\u00f3 pil\u00f3t\u00e1k t\u00f6rt\u00e9neteit az orsz\u00e1gban.<\/p>\n\n\n\n<p>A legt\u00f6bbj\u00fck id\u0151vel \u00f6sszemos\u00f3dott az eml\u00e9kezetemben.<\/p>\n\n\n\n<p>Kiv\u00e9ve egyet.<\/p>\n\n\n\n<p>Daniel Carternek h\u00edvt\u00e1k.<\/p>\n\n\n\n<p>Akkor m\u00e9g fiatal pil\u00f3ta volt, \u00e9ppen csak elkezdte a p\u00e1lyafut\u00e1s\u00e1t. A t\u00f6bbiekkel ellent\u00e9tben \u0151 tov\u00e1bb maradt a k\u00e1v\u00e9z\u00f3ban, \u00e9s \u00fagy besz\u00e9lt a rep\u00fcl\u00e9sr\u0151l, mintha az lenne a legszebb dolog a vil\u00e1gon. A felh\u0151ket t\u00e1jakhoz hasonl\u00f3an \u00edrta le, \u00e9s egyfajta csendes csod\u00e1lattal besz\u00e9lt az \u00e9gr\u0151l.<\/p>\n\n\n\n<p>H\u00f3napokig rendszeresen meg\u00e1llt ott.<\/p>\n\n\n\n<p>Mindenr\u0151l besz\u00e9lgett\u00fcnk: utaz\u00e1sr\u00f3l, \u00e1lmokr\u00f3l, a j\u00f6v\u0151r\u0151l. Egyszer azt mondta nekem, hogy a rep\u00fcl\u00e9st\u0151l felel\u0151ss\u00e9get \u00e9rez minden egyes ember\u00e9rt, aki a fed\u00e9lzeten van, m\u00e9g az idegenek\u00e9rt is.<\/p>\n\n\n\n<p>\u201eNem csak \u00fagy rep\u00fclsz egy rep\u00fcl\u0151g\u00e9ppel\u201d \u2013 mondta. \u201e\u00c9leteket hordozol.\u201d<\/p>\n\n\n\n<p>Azt\u00e1n egy nap egyszer\u0171en abbahagyta a l\u00e1togat\u00e1st.<\/p>\n\n\n\n<p>Az \u00e9let ment tov\u00e1bb. Tal\u00e1lkoztam Roberttel, \u00f6sszeh\u00e1zasodtunk, sz\u00fcletett egy fiunk, csal\u00e1dot alap\u00edtottunk. A fiatal pil\u00f3ta eml\u00e9kei lassan elt\u0171ntek az \u00e9letem h\u00e1tter\u00e9ben.<\/p>\n\n\n\n<p>A rep\u00fcl\u0151g\u00e9pen t\u00f6lt\u00f6tt pillanatig.<\/p>\n\n\n\n<p>R\u00e1n\u00e9ztem Robertre.<\/p>\n\n\n\n<p>\u201eAzt hiszem, ismerem a pil\u00f3t\u00e1t\u201d \u2013 suttogtam.<\/p>\n\n\n\n<p>F\u00e1radt szemekkel fordult fel\u00e9m.<\/p>\n\n\n\n<p>\u201eHogy \u00e9rted ezt?\u201d<\/p>\n\n\n\n<p>\u201eR\u00e9g\u00f3ta ismertem.\u201d<\/p>\n\n\n\n<p>Robert udvariasan b\u00f3lintott, de nem tett fel t\u00f6bb k\u00e9rd\u00e9st. Gondolatai m\u00e1shol j\u00e1rtak, valahol f\u00e1jdalmasan messze.<\/p>\n\n\n\n<p>A rep\u00fcl\u00e9s csendben folytat\u00f3dott.<\/p>\n\n\n\n<p>K\u00f6r\u00fclbel\u00fcl egy \u00f3r\u00e1val k\u00e9s\u0151bb a rep\u00fcl\u0151g\u00e9p megkezdte az ereszked\u00e9st Billingsbe. Az utasok kiegyenes\u00edtett\u00e9k az \u00fcl\u00e9seiket \u00e9s \u00f6sszeszedt\u00e9k a csomagjaikat. \u00dajra \u00f6sszeszorult a mellkasom, ahogy visszat\u00e9rt a val\u00f3s\u00e1g: az utaz\u00e1s oka a f\u00f6ld\u00f6n v\u00e1rt r\u00e1m.<\/p>\n\n\n\n<p>Amikor a rep\u00fcl\u0151g\u00e9p v\u00e9gre lesz\u00e1llt, az emberek fel\u00e1lltak, \u00e9s lassan a kij\u00e1rat fel\u00e9 indultak.<\/p>\n\n\n\n<p>Ahogy bel\u00e9ptem a folyos\u00f3ra, egy l\u00e9giutas-k\u00eds\u00e9r\u0151 l\u00e9pett oda hozz\u00e1m.<\/p>\n\n\n\n<p>\u201eMrs. Miller?\u201d \u2013 k\u00e9rdezte gyeng\u00e9den.<\/p>\n\n\n\n<p>Meglep\u0151dtem.<\/p>\n\n\n\n<p>\u201eIgen?\u201d<\/p>\n\n\n\n<p>\u201eA kapit\u00e1ny szeretne besz\u00e9lni \u00f6nnel, miel\u0151tt elhagyja a rep\u00fcl\u0151g\u00e9pet.\u201d<\/p>\n\n\n\n<p>Egy pillanatra zavarban voltam. Nem eml\u00edtettem semmit arr\u00f3l, hogy felismertem a hangot. Nem volt oka arra, hogy a pil\u00f3ta tudja a nevemet.<\/p>\n\n\n\n<p>De a l\u00e9giutas-k\u00eds\u00e9r\u0151 halkan elmosolyodott, \u00e9s Robertet \u00e9s engem a pil\u00f3taf\u00fclke fel\u00e9 vezette.<\/p>\n\n\n\n<p>Az ajt\u00f3 kiny\u00edlt.<\/p>\n\n\n\n<p>Egy pil\u00f3taegyenruh\u00e1s f\u00e9rfi \u00e1llt bent, haja m\u00e1r \u0151sz\u00fclt, arca id\u0151sebb, de f\u00e9lre\u00e9rthetetlen\u00fcl ismer\u0151s volt.<\/p>\n\n\n\n<p>Daniel Carter.<\/p>\n\n\n\n<p>N\u00e9h\u00e1ny m\u00e1sodpercig egyik\u00fcnk sem sz\u00f3lt.<\/p>\n\n\n\n<p>Azt\u00e1n halkan megsz\u00f3lalt: \u201eMargaret?\u201d<\/p>\n\n\n\n<p>Sz\u00fcrre\u00e1lisnak t\u0171nt hallani a nevemet a hangj\u00e1ban annyi \u00e9v ut\u00e1n.<\/p>\n","protected":false},"excerpt":{"rendered":"Furcsa dolog egy ilyen mondatot le\u00edrni. \u00c9letem nagy r\u00e9sz\u00e9ben azt hittem, hogy a sz\u00fcl\u0151knek nem szabad eltemetni\u00fck a gyermekeiket. M\u00e9gis ott \u00fcltem egy \n<a class=\"moretag\" href=\"https:\/\/vengria.info\/?p=8909\"> [...]<\/a>","protected":false},"author":1,"featured_media":8911,"comment_status":"open","ping_status":"open","sticky":false,"template":"","format":"standard","meta":{"footnotes":""},"categories":[1,2],"tags":[],"class_list":["post-8909","post","type-post","status-publish","format-standard","has-post-thumbnail","hentry","category-news","category-video"],"yoast_head":"<!-- This site is optimized with the Yoast SEO plugin v27.3 - https:\/\/yoast.com\/product\/yoast-seo-wordpress\/ -->\n<title>Margaret Miller vagyok. Hatvanh\u00e1rom \u00e9ves vagyok, \u00e9s a m\u00falt h\u00f3napban felsz\u00e1lltam egy Montan\u00e1ba tart\u00f3 g\u00e9pre, hogy r\u00e9szt vegyek a fiam temet\u00e9s\u00e9n. -<\/title>\n<meta name=\"robots\" content=\"index, follow, max-snippet:-1, max-image-preview:large, max-video-preview:-1\" \/>\n<link rel=\"canonical\" href=\"https:\/\/vengria.info\/?p=8909\" \/>\n<meta property=\"og:locale\" content=\"en_US\" \/>\n<meta property=\"og:type\" content=\"article\" \/>\n<meta property=\"og:title\" content=\"Margaret Miller vagyok. Hatvanh\u00e1rom \u00e9ves vagyok, \u00e9s a m\u00falt h\u00f3napban felsz\u00e1lltam egy Montan\u00e1ba tart\u00f3 g\u00e9pre, hogy r\u00e9szt vegyek a fiam temet\u00e9s\u00e9n. -\" \/>\n<meta property=\"og:description\" content=\"Furcsa dolog egy ilyen mondatot le\u00edrni. \u00c9letem nagy r\u00e9sz\u00e9ben azt hittem, hogy a sz\u00fcl\u0151knek nem szabad eltemetni\u00fck a gyermekeiket. M\u00e9gis ott \u00fcltem egy\" \/>\n<meta property=\"og:url\" content=\"https:\/\/vengria.info\/?p=8909\" \/>\n<meta property=\"article:published_time\" content=\"2026-03-16T08:01:31+00:00\" \/>\n<meta property=\"article:modified_time\" content=\"2026-03-16T08:01:32+00:00\" \/>\n<meta property=\"og:image\" content=\"https:\/\/vengria.info\/wp-content\/uploads\/2026\/03\/kfasdoiasuljdasbodlkj.png\" \/>\n\t<meta property=\"og:image:width\" content=\"506\" \/>\n\t<meta property=\"og:image:height\" content=\"618\" \/>\n\t<meta property=\"og:image:type\" content=\"image\/png\" \/>\n<meta name=\"author\" content=\"admin\" \/>\n<meta name=\"twitter:card\" content=\"summary_large_image\" \/>\n<meta name=\"twitter:label1\" content=\"Written by\" \/>\n\t<meta name=\"twitter:data1\" content=\"admin\" \/>\n\t<meta name=\"twitter:label2\" content=\"Est. reading time\" \/>\n\t<meta name=\"twitter:data2\" content=\"4 minutes\" \/>\n<script type=\"application\/ld+json\" class=\"yoast-schema-graph\">{\"@context\":\"https:\\\/\\\/schema.org\",\"@graph\":[{\"@type\":\"Article\",\"@id\":\"https:\\\/\\\/vengria.info\\\/?p=8909#article\",\"isPartOf\":{\"@id\":\"https:\\\/\\\/vengria.info\\\/?p=8909\"},\"author\":{\"name\":\"admin\",\"@id\":\"https:\\\/\\\/vengria.info\\\/#\\\/schema\\\/person\\\/b815b04a6b1fb36a2d064955a92f68d4\"},\"headline\":\"Margaret Miller vagyok. Hatvanh\u00e1rom \u00e9ves vagyok, \u00e9s a m\u00falt h\u00f3napban felsz\u00e1lltam egy Montan\u00e1ba tart\u00f3 g\u00e9pre, hogy r\u00e9szt vegyek a fiam temet\u00e9s\u00e9n.\",\"datePublished\":\"2026-03-16T08:01:31+00:00\",\"dateModified\":\"2026-03-16T08:01:32+00:00\",\"mainEntityOfPage\":{\"@id\":\"https:\\\/\\\/vengria.info\\\/?p=8909\"},\"wordCount\":1032,\"commentCount\":0,\"image\":{\"@id\":\"https:\\\/\\\/vengria.info\\\/?p=8909#primaryimage\"},\"thumbnailUrl\":\"https:\\\/\\\/vengria.info\\\/wp-content\\\/uploads\\\/2026\\\/03\\\/kfasdoiasuljdasbodlkj.png\",\"articleSection\":[\"NEWS\",\"VIDEO\"],\"inLanguage\":\"en-US\",\"potentialAction\":[{\"@type\":\"CommentAction\",\"name\":\"Comment\",\"target\":[\"https:\\\/\\\/vengria.info\\\/?p=8909#respond\"]}]},{\"@type\":\"WebPage\",\"@id\":\"https:\\\/\\\/vengria.info\\\/?p=8909\",\"url\":\"https:\\\/\\\/vengria.info\\\/?p=8909\",\"name\":\"Margaret Miller vagyok. Hatvanh\u00e1rom \u00e9ves vagyok, \u00e9s a m\u00falt h\u00f3napban felsz\u00e1lltam egy Montan\u00e1ba tart\u00f3 g\u00e9pre, hogy r\u00e9szt vegyek a fiam temet\u00e9s\u00e9n. -\",\"isPartOf\":{\"@id\":\"https:\\\/\\\/vengria.info\\\/#website\"},\"primaryImageOfPage\":{\"@id\":\"https:\\\/\\\/vengria.info\\\/?p=8909#primaryimage\"},\"image\":{\"@id\":\"https:\\\/\\\/vengria.info\\\/?p=8909#primaryimage\"},\"thumbnailUrl\":\"https:\\\/\\\/vengria.info\\\/wp-content\\\/uploads\\\/2026\\\/03\\\/kfasdoiasuljdasbodlkj.png\",\"datePublished\":\"2026-03-16T08:01:31+00:00\",\"dateModified\":\"2026-03-16T08:01:32+00:00\",\"author\":{\"@id\":\"https:\\\/\\\/vengria.info\\\/#\\\/schema\\\/person\\\/b815b04a6b1fb36a2d064955a92f68d4\"},\"breadcrumb\":{\"@id\":\"https:\\\/\\\/vengria.info\\\/?p=8909#breadcrumb\"},\"inLanguage\":\"en-US\",\"potentialAction\":[{\"@type\":\"ReadAction\",\"target\":[\"https:\\\/\\\/vengria.info\\\/?p=8909\"]}]},{\"@type\":\"ImageObject\",\"inLanguage\":\"en-US\",\"@id\":\"https:\\\/\\\/vengria.info\\\/?p=8909#primaryimage\",\"url\":\"https:\\\/\\\/vengria.info\\\/wp-content\\\/uploads\\\/2026\\\/03\\\/kfasdoiasuljdasbodlkj.png\",\"contentUrl\":\"https:\\\/\\\/vengria.info\\\/wp-content\\\/uploads\\\/2026\\\/03\\\/kfasdoiasuljdasbodlkj.png\",\"width\":506,\"height\":618},{\"@type\":\"BreadcrumbList\",\"@id\":\"https:\\\/\\\/vengria.info\\\/?p=8909#breadcrumb\",\"itemListElement\":[{\"@type\":\"ListItem\",\"position\":1,\"name\":\"Home\",\"item\":\"https:\\\/\\\/vengria.info\\\/\"},{\"@type\":\"ListItem\",\"position\":2,\"name\":\"Margaret Miller vagyok. Hatvanh\u00e1rom \u00e9ves vagyok, \u00e9s a m\u00falt h\u00f3napban felsz\u00e1lltam egy Montan\u00e1ba tart\u00f3 g\u00e9pre, hogy r\u00e9szt vegyek a fiam temet\u00e9s\u00e9n.\"}]},{\"@type\":\"WebSite\",\"@id\":\"https:\\\/\\\/vengria.info\\\/#website\",\"url\":\"https:\\\/\\\/vengria.info\\\/\",\"name\":\"\",\"description\":\"\",\"potentialAction\":[{\"@type\":\"SearchAction\",\"target\":{\"@type\":\"EntryPoint\",\"urlTemplate\":\"https:\\\/\\\/vengria.info\\\/?s={search_term_string}\"},\"query-input\":{\"@type\":\"PropertyValueSpecification\",\"valueRequired\":true,\"valueName\":\"search_term_string\"}}],\"inLanguage\":\"en-US\"},{\"@type\":\"Person\",\"@id\":\"https:\\\/\\\/vengria.info\\\/#\\\/schema\\\/person\\\/b815b04a6b1fb36a2d064955a92f68d4\",\"name\":\"admin\",\"image\":{\"@type\":\"ImageObject\",\"inLanguage\":\"en-US\",\"@id\":\"https:\\\/\\\/secure.gravatar.com\\\/avatar\\\/a29bad30ab19883c48927f9ee55a40d0d1a0c3c343bcef70ad9a0a9cb421f0fa?s=96&d=mm&r=g\",\"url\":\"https:\\\/\\\/secure.gravatar.com\\\/avatar\\\/a29bad30ab19883c48927f9ee55a40d0d1a0c3c343bcef70ad9a0a9cb421f0fa?s=96&d=mm&r=g\",\"contentUrl\":\"https:\\\/\\\/secure.gravatar.com\\\/avatar\\\/a29bad30ab19883c48927f9ee55a40d0d1a0c3c343bcef70ad9a0a9cb421f0fa?s=96&d=mm&r=g\",\"caption\":\"admin\"},\"sameAs\":[\"http:\\\/\\\/vengria.info\"],\"url\":\"https:\\\/\\\/vengria.info\\\/?author=1\"}]}<\/script>\n<!-- \/ Yoast SEO plugin. -->","yoast_head_json":{"title":"Margaret Miller vagyok. Hatvanh\u00e1rom \u00e9ves vagyok, \u00e9s a m\u00falt h\u00f3napban felsz\u00e1lltam egy Montan\u00e1ba tart\u00f3 g\u00e9pre, hogy r\u00e9szt vegyek a fiam temet\u00e9s\u00e9n. -","robots":{"index":"index","follow":"follow","max-snippet":"max-snippet:-1","max-image-preview":"max-image-preview:large","max-video-preview":"max-video-preview:-1"},"canonical":"https:\/\/vengria.info\/?p=8909","og_locale":"en_US","og_type":"article","og_title":"Margaret Miller vagyok. Hatvanh\u00e1rom \u00e9ves vagyok, \u00e9s a m\u00falt h\u00f3napban felsz\u00e1lltam egy Montan\u00e1ba tart\u00f3 g\u00e9pre, hogy r\u00e9szt vegyek a fiam temet\u00e9s\u00e9n. -","og_description":"Furcsa dolog egy ilyen mondatot le\u00edrni. \u00c9letem nagy r\u00e9sz\u00e9ben azt hittem, hogy a sz\u00fcl\u0151knek nem szabad eltemetni\u00fck a gyermekeiket. M\u00e9gis ott \u00fcltem egy","og_url":"https:\/\/vengria.info\/?p=8909","article_published_time":"2026-03-16T08:01:31+00:00","article_modified_time":"2026-03-16T08:01:32+00:00","og_image":[{"width":506,"height":618,"url":"https:\/\/vengria.info\/wp-content\/uploads\/2026\/03\/kfasdoiasuljdasbodlkj.png","type":"image\/png"}],"author":"admin","twitter_card":"summary_large_image","twitter_misc":{"Written by":"admin","Est. reading time":"4 minutes"},"schema":{"@context":"https:\/\/schema.org","@graph":[{"@type":"Article","@id":"https:\/\/vengria.info\/?p=8909#article","isPartOf":{"@id":"https:\/\/vengria.info\/?p=8909"},"author":{"name":"admin","@id":"https:\/\/vengria.info\/#\/schema\/person\/b815b04a6b1fb36a2d064955a92f68d4"},"headline":"Margaret Miller vagyok. Hatvanh\u00e1rom \u00e9ves vagyok, \u00e9s a m\u00falt h\u00f3napban felsz\u00e1lltam egy Montan\u00e1ba tart\u00f3 g\u00e9pre, hogy r\u00e9szt vegyek a fiam temet\u00e9s\u00e9n.","datePublished":"2026-03-16T08:01:31+00:00","dateModified":"2026-03-16T08:01:32+00:00","mainEntityOfPage":{"@id":"https:\/\/vengria.info\/?p=8909"},"wordCount":1032,"commentCount":0,"image":{"@id":"https:\/\/vengria.info\/?p=8909#primaryimage"},"thumbnailUrl":"https:\/\/vengria.info\/wp-content\/uploads\/2026\/03\/kfasdoiasuljdasbodlkj.png","articleSection":["NEWS","VIDEO"],"inLanguage":"en-US","potentialAction":[{"@type":"CommentAction","name":"Comment","target":["https:\/\/vengria.info\/?p=8909#respond"]}]},{"@type":"WebPage","@id":"https:\/\/vengria.info\/?p=8909","url":"https:\/\/vengria.info\/?p=8909","name":"Margaret Miller vagyok. Hatvanh\u00e1rom \u00e9ves vagyok, \u00e9s a m\u00falt h\u00f3napban felsz\u00e1lltam egy Montan\u00e1ba tart\u00f3 g\u00e9pre, hogy r\u00e9szt vegyek a fiam temet\u00e9s\u00e9n. -","isPartOf":{"@id":"https:\/\/vengria.info\/#website"},"primaryImageOfPage":{"@id":"https:\/\/vengria.info\/?p=8909#primaryimage"},"image":{"@id":"https:\/\/vengria.info\/?p=8909#primaryimage"},"thumbnailUrl":"https:\/\/vengria.info\/wp-content\/uploads\/2026\/03\/kfasdoiasuljdasbodlkj.png","datePublished":"2026-03-16T08:01:31+00:00","dateModified":"2026-03-16T08:01:32+00:00","author":{"@id":"https:\/\/vengria.info\/#\/schema\/person\/b815b04a6b1fb36a2d064955a92f68d4"},"breadcrumb":{"@id":"https:\/\/vengria.info\/?p=8909#breadcrumb"},"inLanguage":"en-US","potentialAction":[{"@type":"ReadAction","target":["https:\/\/vengria.info\/?p=8909"]}]},{"@type":"ImageObject","inLanguage":"en-US","@id":"https:\/\/vengria.info\/?p=8909#primaryimage","url":"https:\/\/vengria.info\/wp-content\/uploads\/2026\/03\/kfasdoiasuljdasbodlkj.png","contentUrl":"https:\/\/vengria.info\/wp-content\/uploads\/2026\/03\/kfasdoiasuljdasbodlkj.png","width":506,"height":618},{"@type":"BreadcrumbList","@id":"https:\/\/vengria.info\/?p=8909#breadcrumb","itemListElement":[{"@type":"ListItem","position":1,"name":"Home","item":"https:\/\/vengria.info\/"},{"@type":"ListItem","position":2,"name":"Margaret Miller vagyok. Hatvanh\u00e1rom \u00e9ves vagyok, \u00e9s a m\u00falt h\u00f3napban felsz\u00e1lltam egy Montan\u00e1ba tart\u00f3 g\u00e9pre, hogy r\u00e9szt vegyek a fiam temet\u00e9s\u00e9n."}]},{"@type":"WebSite","@id":"https:\/\/vengria.info\/#website","url":"https:\/\/vengria.info\/","name":"","description":"","potentialAction":[{"@type":"SearchAction","target":{"@type":"EntryPoint","urlTemplate":"https:\/\/vengria.info\/?s={search_term_string}"},"query-input":{"@type":"PropertyValueSpecification","valueRequired":true,"valueName":"search_term_string"}}],"inLanguage":"en-US"},{"@type":"Person","@id":"https:\/\/vengria.info\/#\/schema\/person\/b815b04a6b1fb36a2d064955a92f68d4","name":"admin","image":{"@type":"ImageObject","inLanguage":"en-US","@id":"https:\/\/secure.gravatar.com\/avatar\/a29bad30ab19883c48927f9ee55a40d0d1a0c3c343bcef70ad9a0a9cb421f0fa?s=96&d=mm&r=g","url":"https:\/\/secure.gravatar.com\/avatar\/a29bad30ab19883c48927f9ee55a40d0d1a0c3c343bcef70ad9a0a9cb421f0fa?s=96&d=mm&r=g","contentUrl":"https:\/\/secure.gravatar.com\/avatar\/a29bad30ab19883c48927f9ee55a40d0d1a0c3c343bcef70ad9a0a9cb421f0fa?s=96&d=mm&r=g","caption":"admin"},"sameAs":["http:\/\/vengria.info"],"url":"https:\/\/vengria.info\/?author=1"}]}},"_links":{"self":[{"href":"https:\/\/vengria.info\/index.php?rest_route=\/wp\/v2\/posts\/8909","targetHints":{"allow":["GET"]}}],"collection":[{"href":"https:\/\/vengria.info\/index.php?rest_route=\/wp\/v2\/posts"}],"about":[{"href":"https:\/\/vengria.info\/index.php?rest_route=\/wp\/v2\/types\/post"}],"author":[{"embeddable":true,"href":"https:\/\/vengria.info\/index.php?rest_route=\/wp\/v2\/users\/1"}],"replies":[{"embeddable":true,"href":"https:\/\/vengria.info\/index.php?rest_route=%2Fwp%2Fv2%2Fcomments&post=8909"}],"version-history":[{"count":1,"href":"https:\/\/vengria.info\/index.php?rest_route=\/wp\/v2\/posts\/8909\/revisions"}],"predecessor-version":[{"id":8913,"href":"https:\/\/vengria.info\/index.php?rest_route=\/wp\/v2\/posts\/8909\/revisions\/8913"}],"wp:featuredmedia":[{"embeddable":true,"href":"https:\/\/vengria.info\/index.php?rest_route=\/wp\/v2\/media\/8911"}],"wp:attachment":[{"href":"https:\/\/vengria.info\/index.php?rest_route=%2Fwp%2Fv2%2Fmedia&parent=8909"}],"wp:term":[{"taxonomy":"category","embeddable":true,"href":"https:\/\/vengria.info\/index.php?rest_route=%2Fwp%2Fv2%2Fcategories&post=8909"},{"taxonomy":"post_tag","embeddable":true,"href":"https:\/\/vengria.info\/index.php?rest_route=%2Fwp%2Fv2%2Ftags&post=8909"}],"curies":[{"name":"wp","href":"https:\/\/api.w.org\/{rel}","templated":true}]}}