{"id":8888,"date":"2026-03-16T07:45:34","date_gmt":"2026-03-16T07:45:34","guid":{"rendered":"https:\/\/vengria.info\/?p=8888"},"modified":"2026-03-16T07:45:35","modified_gmt":"2026-03-16T07:45:35","slug":"a-ceg-uvegezett-kozpontjaban-az-emberek-lehalkitottak-a-hangjukat-amikor-vegigsetalt-a-folyoson","status":"publish","type":"post","link":"https:\/\/vengria.info\/?p=8888","title":{"rendered":"A c\u00e9g \u00fcvegezett k\u00f6zpontj\u00e1ban az emberek lehalk\u00edtott\u00e1k a hangjukat, amikor v\u00e9gigs\u00e9t\u00e1lt a folyos\u00f3n."},"content":{"rendered":"\n<p>A megbesz\u00e9l\u00e9sek fesz\u00fcltt\u00e9 v\u00e1ltak abban a pillanatban, hogy bel\u00e9pett a terembe. H\u00edrneve egyszer\u0171 \u00e9s sz\u00e9les k\u00f6rben ismert volt: jutalmazta a h\u0171s\u00e9get, leverte az ellen\u00e1ll\u00e1st, \u00e9s semmit sem t\u0171rt el, ami vesz\u00e9lyeztette volna dominanci\u00e1j\u00e1t.<\/p>\n\n\n\n<p>Sokan csod\u00e1lt\u00e1k az eredm\u00e9nyeit.<\/p>\n\n\n\n<p>Sokan f\u00e9ltek t\u0151le.<\/p>\n\n\n\n<p>Azon a bizonyos reggelen a teljes region\u00e1lis vezet\u0151s\u00e9g \u00f6sszegy\u0171lt a huszonharmadik emeleti nagy konferenciateremben. A negyed\u00e9ves strat\u00e9giai \u00fcl\u00e9s \u00e9ppen kezdet\u00e9t vette. Oszt\u00e1lyvezet\u0151k, elemz\u0151k \u00e9s fels\u0151vezet\u0151k \u00fcltek a hossz\u00fa, f\u00e9nyes asztal k\u00f6r\u00fcl, kinyitott laptopokkal, el\u0151k\u00e9sz\u00edtett prezent\u00e1ci\u00f3kkal.<\/p>\n\n\n\n<p>Ricardo t\u00edz perccel k\u00e9s\u0151bb l\u00e9pett be, mint \u00e1ltal\u00e1ban.<\/p>\n\n\n\n<p>Magabiztos l\u00e9ptekkel mozgott, mint aki hiszi, hogy minden szoba az \u00f6v\u00e9. A besz\u00e9lget\u00e9sek azonnal abbamaradtak. N\u00e9h\u00e1ny alkalmazott udvariasan b\u00f3lintott. M\u00e1sok a k\u00e9perny\u0151j\u00fckre szegezt\u00e9k a tekintet\u00fcket.<\/p>\n\n\n\n<p>Az asztal t\u00fals\u00f3 oldal\u00e1n Elena Duarte \u00e1llt.<\/p>\n\n\n\n<p>Csak k\u00e9t h\u00f3nappal kor\u00e1bban csatlakozott a c\u00e9ghez strat\u00e9giai tan\u00e1csad\u00f3k\u00e9nt, akit a bels\u0151 m\u0171k\u00f6d\u00e9s fel\u00fclvizsg\u00e1lat\u00e1val b\u00edztak meg. \u00c9rkez\u00e9se m\u00e1r a kezdetekt\u0151l fogva felkeltette a figyelmet. Nyugodt, figyelmes volt, \u00e9s ritk\u00e1n sz\u00f3lalt meg a megbesz\u00e9l\u00e9seken, hacsak nem k\u00e9rt\u00e9k meg egyenesen.<\/p>\n\n\n\n<p>De amikor m\u00e9gis megsz\u00f3lalt, az emberek figyeltek.<\/p>\n\n\n\n<p>Aznap reggel egyszer\u0171 z\u00f6ld ruh\u00e1t viselt, \u00e9s egy v\u00e9kony b\u0151rmapp\u00e1t cipelt. S\u00f6t\u00e9t szemei \u200b\u200bk\u00f6vett\u00e9k Ricard\u00f3t, ahogy az asztalhoz k\u00f6zeledett.<\/p>\n\n\n\n<p>Megpr\u00f3b\u00e1lva meg\u0151rizni az alapvet\u0151 udvariass\u00e1got, el\u0151rel\u00e9pett, \u00e9s kiny\u00fajtotta a kez\u00e9t.<\/p>\n\n\n\n<p>\u201eJ\u00f3 reggelt, Mr. Almeida.\u201d<\/p>\n\n\n\n<p>Ricardo r\u00f6viden r\u00e1pillantott.<\/p>\n\n\n\n<p>Azt\u00e1n valami v\u00e1ratlan dolog t\u00f6rt\u00e9nt.<\/p>\n\n\n\n<p>Elh\u00fazta a kez\u00e9t, miel\u0151tt az el\u00e9rte volna az \u00f6v\u00e9t, mintha valami kellemetlen el\u0151l menek\u00fclne. Egy elutas\u00edt\u00f3 mozdulattal megsimogatta az ingujj\u00e1t, \u00e9s el\u00e9g hangosan felnevetett ahhoz, hogy mindenki hallja.<\/p>\n\n\n\n<p>\u201eNem fogok kezet mindenkivel\u201d \u2013 mondta.<\/p>\n\n\n\n<p>Nevet\u00e9s\u00e9nek hangja az \u00fcvegfalaknak ver\u0151d\u00f6tt vissza.<\/p>\n\n\n\n<p>Egy pillanatra megdermedt a terem.<\/p>\n\n\n\n<figure class=\"wp-block-image size-full is-resized\"><img loading=\"lazy\" decoding=\"async\" width=\"417\" height=\"623\" src=\"https:\/\/vengria.info\/wp-content\/uploads\/2026\/03\/kcawusndjasodnal.png\" alt=\"\" class=\"wp-image-8890\" style=\"width:747px;height:auto\" srcset=\"https:\/\/vengria.info\/wp-content\/uploads\/2026\/03\/kcawusndjasodnal.png 417w, https:\/\/vengria.info\/wp-content\/uploads\/2026\/03\/kcawusndjasodnal-201x300.png 201w\" sizes=\"auto, (max-width: 417px) 100vw, 417px\" \/><\/figure>\n\n\n\n<p>Elena n\u00e9h\u00e1ny m\u00e1sodpercig kiny\u00fajtott k\u00e9zzel \u00e1llt. Senki sem sz\u00f3lt. T\u00f6bb alkalmazott len\u00e9zett az asztalra, zavarba ejtve att\u00f3l, amit az im\u00e9nt l\u00e1tott.<\/p>\n\n\n\n<p>Elena lassan leengedte a kez\u00e9t.<\/p>\n\n\n\n<p>Az arckifejez\u00e9se nem v\u00e1ltozott. Nem l\u00e1tszott rajta harag, megal\u00e1ztat\u00e1s, v\u00e9dekez\u00e9si k\u00eds\u00e9rlet.<\/p>\n\n\n\n<p>Egyszer\u0171en felkapta a mapp\u00e1j\u00e1t, \u00e9s a hely\u00e9re l\u00e9pett.<\/p>\n\n\n\n<p>Sarkai halk kopog\u00e1sa a padl\u00f3n szokatlanul hangosnak t\u0171nt a csendben.<\/p>\n\n\n\n<p>Ricardo ek\u00f6zben el\u00e9gedetten d\u0151lt h\u00e1tra a sz\u00e9k\u00e9ben. A gesztus meger\u0151s\u00edtette a poz\u00edci\u00f3j\u00e1t. Mindenkire eml\u00e9keztette, aki hatalommal b\u00edr a teremben.<\/p>\n\n\n\n<p>Amit nem vett \u00e9szre, az az volt, hogy Elena Duarte nem az a szem\u00e9ly, akinek hitte.<\/p>\n\n\n\n<p>Nem csup\u00e1n tan\u00e1csad\u00f3 volt.<\/p>\n\n\n\n<p>A c\u00e9ghez val\u00f3 csatlakoz\u00e1sa \u00f3ta eltelt hetekben sz\u00e1mtalan \u00f3r\u00e1t t\u00f6lt\u00f6tt p\u00e9nz\u00fcgyi jelent\u00e9sek, m\u0171k\u00f6d\u00e9si dokumentumok \u00e9s bels\u0151 kommunik\u00e1ci\u00f3 \u00e1ttekint\u00e9s\u00e9vel. Szerepe nem szimbolikus volt. A v\u00e1llalati igazgat\u00f3tan\u00e1cs h\u00edvta meg, miut\u00e1n t\u00f6bb n\u00e9vtelen panasz aggodalmat vetett fel a region\u00e1lis r\u00e9szlegen bel\u00fcli vezet\u00e9si gyakorlatokkal kapcsolatban.<\/p>\n\n\n\n<p>Elena gondosan figyelte a helyzetet.<\/p>\n\n\n\n<p>Megfigyelte, hogyan reag\u00e1lnak az alkalmazottak Ricardo d\u00f6nt\u00e9seire. Feljegyezte a k\u00f6lts\u00e9gvet\u00e9si eloszt\u00e1sokban tapasztalhat\u00f3 ellentmond\u00e1sokat. Csendben dokument\u00e1lta azokat a pillanatokat, amikor a megf\u00e9leml\u00edt\u00e9s v\u00e1ltotta fel a vezet\u00e9st.<\/p>\n\n\n\n<p>Minden apr\u00f3 r\u00e9szletet hozz\u00e1adott a b\u0151rmapp\u00e1ban hordott jelent\u00e9shez.<\/p>\n\n\n\n<p>Ricardo \u00fagy hitte, hogy a megbesz\u00e9l\u00e9s rutinszer\u0171.<\/p>\n\n\n\n<p>\u00dagy hitte, hogy \u0151 ir\u00e1ny\u00edtja a t\u00f6rt\u00e9netet.<\/p>\n\n\n\n<p>De amikor a megbesz\u00e9l\u00e9s prezent\u00e1ci\u00f3s r\u00e9sze v\u00e9get \u00e9rt, Elena lassan fel\u00e1llt.<\/p>\n\n\n\n<p>Hangja nyugodt volt.<\/p>\n\n\n\n<p>\u201eSzeretn\u00e9m bemutatni az eredm\u00e9nyeimet.\u201d<\/p>\n\n\n\n<p>Ricardo alig n\u00e9zett fel.<\/p>\n\n\n\n<p>\u201eGyorsan\u201d \u2013 mondta egy legyint\u00e9ssel.<\/p>\n\n\n\n<p>Elena a laptopj\u00e1t a szoba v\u00e9g\u00e9ben l\u00e9v\u0151 nagy k\u00e9perny\u0151h\u00f6z csatlakoztatta. Dokumentumok sorozata jelent meg \u2013 t\u00e1bl\u00e1zatok, bels\u0151 e-mailek, p\u00e9nz\u00fcgyi \u00f6sszehasonl\u00edt\u00e1sok.<\/p>\n\n\n\n<p>El\u0151sz\u00f6r Ricardo enyhe inger\u00fclts\u00e9ggel figyelte.<\/p>\n\n\n\n<p>Azt\u00e1n megv\u00e1ltozott az arckifejez\u00e9se.<\/p>\n\n\n\n<p>A prezent\u00e1ci\u00f3 nem a v\u00e1llalat teljes\u00edtm\u00e9ny\u00e9nek \u00e1ltal\u00e1nos elemz\u00e9se volt.<\/p>\n\n\n\n<p>R\u00e9szletes vizsg\u00e1lat volt.<\/p>\n\n\n\n<p>Dia dia ut\u00e1n t\u00e1rt fel az \u0151 fel\u00fcgyelete alatt al\u00e1\u00edrt szab\u00e1lytalan kiad\u00e1si j\u00f3v\u00e1hagy\u00e1sokat. Sz\u00e1mos szerz\u0151d\u00e9ses t\u00e1rgyal\u00e1s szokatlan el\u0151nyben r\u00e9szes\u00edt\u00e9st mutatott bizonyos partnerekkel szemben. Az alkalmazottak bels\u0151 panaszai megf\u00e9leml\u00edt\u00e9s \u00e9s megtorl\u00e1s mint\u00e1zatait \u00edrt\u00e1k le.<\/p>\n\n\n\n<p>A terem percr\u0151l percre csendesebb lett.<\/p>\n\n\n\n<p>Ricardo magabiztos mosolya lassan elt\u0171nt.<\/p>\n\n\n\n<p>El\u0151re\u00fclt, tekintet\u00e9t a k\u00e9perny\u0151re szegezte.<\/p>\n\n\n\n<p>\u201eHonnan szerezte ezeket a dokumentumokat?\u201d \u2013 k\u00e9rdezte.<\/p>\n\n\n\n<p>Elena nem emelte fel a hangj\u00e1t.<\/p>\n\n\n\n<p>\u201eA c\u00e9g saj\u00e1t nyilv\u00e1ntart\u00e1s\u00e1b\u00f3l sz\u00e1rmaznak\u201d \u2013 v\u00e1laszolta.<\/p>\n\n\n\n<p>T\u00f6bb vezet\u0151 ideges pillant\u00e1st v\u00e1ltott. M\u00e9g soha nem l\u00e1ttak senkit ilyen ny\u00edltan Ricard\u00f3t kih\u00edvni.<\/p>\n\n\n\n<p>Azt\u00e1n Elena felfedte az utols\u00f3 di\u00e1t.<\/p>\n\n\n\n<p>Egy lev\u00e9l az igazgat\u00f3tan\u00e1cst\u00f3l.<\/p>\n\n\n\n<p>Meger\u0151s\u00edtette, hogy az elm\u00falt k\u00e9t h\u00f3napban hivatalos vezet\u0151i fel\u00fclvizsg\u00e1lat folyt. Az igazgat\u00f3tan\u00e1cs felhatalmazta Elen\u00e1t, hogy folytassa le a vizsg\u00e1latot, \u00e9s az eredm\u00e9nyeket k\u00f6zvetlen\u00fcl a fels\u0151 vezet\u00e9snek terjessze.<\/p>\n\n\n\n<p>Ha a meg\u00e1llap\u00edt\u00e1sokat meger\u0151s\u00edtik, azonnali fegyelmi int\u00e9zked\u00e9s k\u00f6vetkezhet.<\/p>\n","protected":false},"excerpt":{"rendered":"A megbesz\u00e9l\u00e9sek fesz\u00fcltt\u00e9 v\u00e1ltak abban a pillanatban, hogy bel\u00e9pett a terembe. H\u00edrneve egyszer\u0171 \u00e9s sz\u00e9les k\u00f6rben ismert volt: jutalmazta a h\u0171s\u00e9get, leverte az \n<a class=\"moretag\" href=\"https:\/\/vengria.info\/?p=8888\"> [...]<\/a>","protected":false},"author":1,"featured_media":8890,"comment_status":"open","ping_status":"open","sticky":false,"template":"","format":"standard","meta":{"footnotes":""},"categories":[1,2],"tags":[],"class_list":["post-8888","post","type-post","status-publish","format-standard","has-post-thumbnail","hentry","category-news","category-video"],"yoast_head":"<!-- This site is optimized with the Yoast SEO plugin v27.3 - https:\/\/yoast.com\/product\/yoast-seo-wordpress\/ -->\n<title>A c\u00e9g \u00fcvegezett k\u00f6zpontj\u00e1ban az emberek lehalk\u00edtott\u00e1k a hangjukat, amikor v\u00e9gigs\u00e9t\u00e1lt a folyos\u00f3n. -<\/title>\n<meta name=\"robots\" content=\"index, follow, max-snippet:-1, max-image-preview:large, max-video-preview:-1\" \/>\n<link rel=\"canonical\" href=\"https:\/\/vengria.info\/?p=8888\" \/>\n<meta property=\"og:locale\" content=\"en_US\" \/>\n<meta property=\"og:type\" content=\"article\" \/>\n<meta property=\"og:title\" content=\"A c\u00e9g \u00fcvegezett k\u00f6zpontj\u00e1ban az emberek lehalk\u00edtott\u00e1k a hangjukat, amikor v\u00e9gigs\u00e9t\u00e1lt a folyos\u00f3n. -\" \/>\n<meta property=\"og:description\" content=\"A megbesz\u00e9l\u00e9sek fesz\u00fcltt\u00e9 v\u00e1ltak abban a pillanatban, hogy bel\u00e9pett a terembe. H\u00edrneve egyszer\u0171 \u00e9s sz\u00e9les k\u00f6rben ismert volt: jutalmazta a h\u0171s\u00e9get, leverte az\" \/>\n<meta property=\"og:url\" content=\"https:\/\/vengria.info\/?p=8888\" \/>\n<meta property=\"article:published_time\" content=\"2026-03-16T07:45:34+00:00\" \/>\n<meta property=\"article:modified_time\" content=\"2026-03-16T07:45:35+00:00\" \/>\n<meta property=\"og:image\" content=\"https:\/\/vengria.info\/wp-content\/uploads\/2026\/03\/kcawusndjasodnal.png\" \/>\n\t<meta property=\"og:image:width\" content=\"417\" \/>\n\t<meta property=\"og:image:height\" content=\"623\" \/>\n\t<meta property=\"og:image:type\" content=\"image\/png\" \/>\n<meta name=\"author\" content=\"admin\" \/>\n<meta name=\"twitter:card\" content=\"summary_large_image\" \/>\n<meta name=\"twitter:label1\" content=\"Written by\" \/>\n\t<meta name=\"twitter:data1\" content=\"admin\" \/>\n\t<meta name=\"twitter:label2\" content=\"Est. reading time\" \/>\n\t<meta name=\"twitter:data2\" content=\"4 minutes\" \/>\n<script type=\"application\/ld+json\" class=\"yoast-schema-graph\">{\"@context\":\"https:\\\/\\\/schema.org\",\"@graph\":[{\"@type\":\"Article\",\"@id\":\"https:\\\/\\\/vengria.info\\\/?p=8888#article\",\"isPartOf\":{\"@id\":\"https:\\\/\\\/vengria.info\\\/?p=8888\"},\"author\":{\"name\":\"admin\",\"@id\":\"https:\\\/\\\/vengria.info\\\/#\\\/schema\\\/person\\\/b815b04a6b1fb36a2d064955a92f68d4\"},\"headline\":\"A c\u00e9g \u00fcvegezett k\u00f6zpontj\u00e1ban az emberek lehalk\u00edtott\u00e1k a hangjukat, amikor v\u00e9gigs\u00e9t\u00e1lt a folyos\u00f3n.\",\"datePublished\":\"2026-03-16T07:45:34+00:00\",\"dateModified\":\"2026-03-16T07:45:35+00:00\",\"mainEntityOfPage\":{\"@id\":\"https:\\\/\\\/vengria.info\\\/?p=8888\"},\"wordCount\":985,\"commentCount\":0,\"image\":{\"@id\":\"https:\\\/\\\/vengria.info\\\/?p=8888#primaryimage\"},\"thumbnailUrl\":\"https:\\\/\\\/vengria.info\\\/wp-content\\\/uploads\\\/2026\\\/03\\\/kcawusndjasodnal.png\",\"articleSection\":[\"NEWS\",\"VIDEO\"],\"inLanguage\":\"en-US\",\"potentialAction\":[{\"@type\":\"CommentAction\",\"name\":\"Comment\",\"target\":[\"https:\\\/\\\/vengria.info\\\/?p=8888#respond\"]}]},{\"@type\":\"WebPage\",\"@id\":\"https:\\\/\\\/vengria.info\\\/?p=8888\",\"url\":\"https:\\\/\\\/vengria.info\\\/?p=8888\",\"name\":\"A c\u00e9g \u00fcvegezett k\u00f6zpontj\u00e1ban az emberek lehalk\u00edtott\u00e1k a hangjukat, amikor v\u00e9gigs\u00e9t\u00e1lt a folyos\u00f3n. -\",\"isPartOf\":{\"@id\":\"https:\\\/\\\/vengria.info\\\/#website\"},\"primaryImageOfPage\":{\"@id\":\"https:\\\/\\\/vengria.info\\\/?p=8888#primaryimage\"},\"image\":{\"@id\":\"https:\\\/\\\/vengria.info\\\/?p=8888#primaryimage\"},\"thumbnailUrl\":\"https:\\\/\\\/vengria.info\\\/wp-content\\\/uploads\\\/2026\\\/03\\\/kcawusndjasodnal.png\",\"datePublished\":\"2026-03-16T07:45:34+00:00\",\"dateModified\":\"2026-03-16T07:45:35+00:00\",\"author\":{\"@id\":\"https:\\\/\\\/vengria.info\\\/#\\\/schema\\\/person\\\/b815b04a6b1fb36a2d064955a92f68d4\"},\"breadcrumb\":{\"@id\":\"https:\\\/\\\/vengria.info\\\/?p=8888#breadcrumb\"},\"inLanguage\":\"en-US\",\"potentialAction\":[{\"@type\":\"ReadAction\",\"target\":[\"https:\\\/\\\/vengria.info\\\/?p=8888\"]}]},{\"@type\":\"ImageObject\",\"inLanguage\":\"en-US\",\"@id\":\"https:\\\/\\\/vengria.info\\\/?p=8888#primaryimage\",\"url\":\"https:\\\/\\\/vengria.info\\\/wp-content\\\/uploads\\\/2026\\\/03\\\/kcawusndjasodnal.png\",\"contentUrl\":\"https:\\\/\\\/vengria.info\\\/wp-content\\\/uploads\\\/2026\\\/03\\\/kcawusndjasodnal.png\",\"width\":417,\"height\":623},{\"@type\":\"BreadcrumbList\",\"@id\":\"https:\\\/\\\/vengria.info\\\/?p=8888#breadcrumb\",\"itemListElement\":[{\"@type\":\"ListItem\",\"position\":1,\"name\":\"Home\",\"item\":\"https:\\\/\\\/vengria.info\\\/\"},{\"@type\":\"ListItem\",\"position\":2,\"name\":\"A c\u00e9g \u00fcvegezett k\u00f6zpontj\u00e1ban az emberek lehalk\u00edtott\u00e1k a hangjukat, amikor v\u00e9gigs\u00e9t\u00e1lt a folyos\u00f3n.\"}]},{\"@type\":\"WebSite\",\"@id\":\"https:\\\/\\\/vengria.info\\\/#website\",\"url\":\"https:\\\/\\\/vengria.info\\\/\",\"name\":\"\",\"description\":\"\",\"potentialAction\":[{\"@type\":\"SearchAction\",\"target\":{\"@type\":\"EntryPoint\",\"urlTemplate\":\"https:\\\/\\\/vengria.info\\\/?s={search_term_string}\"},\"query-input\":{\"@type\":\"PropertyValueSpecification\",\"valueRequired\":true,\"valueName\":\"search_term_string\"}}],\"inLanguage\":\"en-US\"},{\"@type\":\"Person\",\"@id\":\"https:\\\/\\\/vengria.info\\\/#\\\/schema\\\/person\\\/b815b04a6b1fb36a2d064955a92f68d4\",\"name\":\"admin\",\"image\":{\"@type\":\"ImageObject\",\"inLanguage\":\"en-US\",\"@id\":\"https:\\\/\\\/secure.gravatar.com\\\/avatar\\\/a29bad30ab19883c48927f9ee55a40d0d1a0c3c343bcef70ad9a0a9cb421f0fa?s=96&d=mm&r=g\",\"url\":\"https:\\\/\\\/secure.gravatar.com\\\/avatar\\\/a29bad30ab19883c48927f9ee55a40d0d1a0c3c343bcef70ad9a0a9cb421f0fa?s=96&d=mm&r=g\",\"contentUrl\":\"https:\\\/\\\/secure.gravatar.com\\\/avatar\\\/a29bad30ab19883c48927f9ee55a40d0d1a0c3c343bcef70ad9a0a9cb421f0fa?s=96&d=mm&r=g\",\"caption\":\"admin\"},\"sameAs\":[\"http:\\\/\\\/vengria.info\"],\"url\":\"https:\\\/\\\/vengria.info\\\/?author=1\"}]}<\/script>\n<!-- \/ Yoast SEO plugin. -->","yoast_head_json":{"title":"A c\u00e9g \u00fcvegezett k\u00f6zpontj\u00e1ban az emberek lehalk\u00edtott\u00e1k a hangjukat, amikor v\u00e9gigs\u00e9t\u00e1lt a folyos\u00f3n. -","robots":{"index":"index","follow":"follow","max-snippet":"max-snippet:-1","max-image-preview":"max-image-preview:large","max-video-preview":"max-video-preview:-1"},"canonical":"https:\/\/vengria.info\/?p=8888","og_locale":"en_US","og_type":"article","og_title":"A c\u00e9g \u00fcvegezett k\u00f6zpontj\u00e1ban az emberek lehalk\u00edtott\u00e1k a hangjukat, amikor v\u00e9gigs\u00e9t\u00e1lt a folyos\u00f3n. -","og_description":"A megbesz\u00e9l\u00e9sek fesz\u00fcltt\u00e9 v\u00e1ltak abban a pillanatban, hogy bel\u00e9pett a terembe. H\u00edrneve egyszer\u0171 \u00e9s sz\u00e9les k\u00f6rben ismert volt: jutalmazta a h\u0171s\u00e9get, leverte az","og_url":"https:\/\/vengria.info\/?p=8888","article_published_time":"2026-03-16T07:45:34+00:00","article_modified_time":"2026-03-16T07:45:35+00:00","og_image":[{"width":417,"height":623,"url":"https:\/\/vengria.info\/wp-content\/uploads\/2026\/03\/kcawusndjasodnal.png","type":"image\/png"}],"author":"admin","twitter_card":"summary_large_image","twitter_misc":{"Written by":"admin","Est. reading time":"4 minutes"},"schema":{"@context":"https:\/\/schema.org","@graph":[{"@type":"Article","@id":"https:\/\/vengria.info\/?p=8888#article","isPartOf":{"@id":"https:\/\/vengria.info\/?p=8888"},"author":{"name":"admin","@id":"https:\/\/vengria.info\/#\/schema\/person\/b815b04a6b1fb36a2d064955a92f68d4"},"headline":"A c\u00e9g \u00fcvegezett k\u00f6zpontj\u00e1ban az emberek lehalk\u00edtott\u00e1k a hangjukat, amikor v\u00e9gigs\u00e9t\u00e1lt a folyos\u00f3n.","datePublished":"2026-03-16T07:45:34+00:00","dateModified":"2026-03-16T07:45:35+00:00","mainEntityOfPage":{"@id":"https:\/\/vengria.info\/?p=8888"},"wordCount":985,"commentCount":0,"image":{"@id":"https:\/\/vengria.info\/?p=8888#primaryimage"},"thumbnailUrl":"https:\/\/vengria.info\/wp-content\/uploads\/2026\/03\/kcawusndjasodnal.png","articleSection":["NEWS","VIDEO"],"inLanguage":"en-US","potentialAction":[{"@type":"CommentAction","name":"Comment","target":["https:\/\/vengria.info\/?p=8888#respond"]}]},{"@type":"WebPage","@id":"https:\/\/vengria.info\/?p=8888","url":"https:\/\/vengria.info\/?p=8888","name":"A c\u00e9g \u00fcvegezett k\u00f6zpontj\u00e1ban az emberek lehalk\u00edtott\u00e1k a hangjukat, amikor v\u00e9gigs\u00e9t\u00e1lt a folyos\u00f3n. -","isPartOf":{"@id":"https:\/\/vengria.info\/#website"},"primaryImageOfPage":{"@id":"https:\/\/vengria.info\/?p=8888#primaryimage"},"image":{"@id":"https:\/\/vengria.info\/?p=8888#primaryimage"},"thumbnailUrl":"https:\/\/vengria.info\/wp-content\/uploads\/2026\/03\/kcawusndjasodnal.png","datePublished":"2026-03-16T07:45:34+00:00","dateModified":"2026-03-16T07:45:35+00:00","author":{"@id":"https:\/\/vengria.info\/#\/schema\/person\/b815b04a6b1fb36a2d064955a92f68d4"},"breadcrumb":{"@id":"https:\/\/vengria.info\/?p=8888#breadcrumb"},"inLanguage":"en-US","potentialAction":[{"@type":"ReadAction","target":["https:\/\/vengria.info\/?p=8888"]}]},{"@type":"ImageObject","inLanguage":"en-US","@id":"https:\/\/vengria.info\/?p=8888#primaryimage","url":"https:\/\/vengria.info\/wp-content\/uploads\/2026\/03\/kcawusndjasodnal.png","contentUrl":"https:\/\/vengria.info\/wp-content\/uploads\/2026\/03\/kcawusndjasodnal.png","width":417,"height":623},{"@type":"BreadcrumbList","@id":"https:\/\/vengria.info\/?p=8888#breadcrumb","itemListElement":[{"@type":"ListItem","position":1,"name":"Home","item":"https:\/\/vengria.info\/"},{"@type":"ListItem","position":2,"name":"A c\u00e9g \u00fcvegezett k\u00f6zpontj\u00e1ban az emberek lehalk\u00edtott\u00e1k a hangjukat, amikor v\u00e9gigs\u00e9t\u00e1lt a folyos\u00f3n."}]},{"@type":"WebSite","@id":"https:\/\/vengria.info\/#website","url":"https:\/\/vengria.info\/","name":"","description":"","potentialAction":[{"@type":"SearchAction","target":{"@type":"EntryPoint","urlTemplate":"https:\/\/vengria.info\/?s={search_term_string}"},"query-input":{"@type":"PropertyValueSpecification","valueRequired":true,"valueName":"search_term_string"}}],"inLanguage":"en-US"},{"@type":"Person","@id":"https:\/\/vengria.info\/#\/schema\/person\/b815b04a6b1fb36a2d064955a92f68d4","name":"admin","image":{"@type":"ImageObject","inLanguage":"en-US","@id":"https:\/\/secure.gravatar.com\/avatar\/a29bad30ab19883c48927f9ee55a40d0d1a0c3c343bcef70ad9a0a9cb421f0fa?s=96&d=mm&r=g","url":"https:\/\/secure.gravatar.com\/avatar\/a29bad30ab19883c48927f9ee55a40d0d1a0c3c343bcef70ad9a0a9cb421f0fa?s=96&d=mm&r=g","contentUrl":"https:\/\/secure.gravatar.com\/avatar\/a29bad30ab19883c48927f9ee55a40d0d1a0c3c343bcef70ad9a0a9cb421f0fa?s=96&d=mm&r=g","caption":"admin"},"sameAs":["http:\/\/vengria.info"],"url":"https:\/\/vengria.info\/?author=1"}]}},"_links":{"self":[{"href":"https:\/\/vengria.info\/index.php?rest_route=\/wp\/v2\/posts\/8888","targetHints":{"allow":["GET"]}}],"collection":[{"href":"https:\/\/vengria.info\/index.php?rest_route=\/wp\/v2\/posts"}],"about":[{"href":"https:\/\/vengria.info\/index.php?rest_route=\/wp\/v2\/types\/post"}],"author":[{"embeddable":true,"href":"https:\/\/vengria.info\/index.php?rest_route=\/wp\/v2\/users\/1"}],"replies":[{"embeddable":true,"href":"https:\/\/vengria.info\/index.php?rest_route=%2Fwp%2Fv2%2Fcomments&post=8888"}],"version-history":[{"count":1,"href":"https:\/\/vengria.info\/index.php?rest_route=\/wp\/v2\/posts\/8888\/revisions"}],"predecessor-version":[{"id":8892,"href":"https:\/\/vengria.info\/index.php?rest_route=\/wp\/v2\/posts\/8888\/revisions\/8892"}],"wp:featuredmedia":[{"embeddable":true,"href":"https:\/\/vengria.info\/index.php?rest_route=\/wp\/v2\/media\/8890"}],"wp:attachment":[{"href":"https:\/\/vengria.info\/index.php?rest_route=%2Fwp%2Fv2%2Fmedia&parent=8888"}],"wp:term":[{"taxonomy":"category","embeddable":true,"href":"https:\/\/vengria.info\/index.php?rest_route=%2Fwp%2Fv2%2Fcategories&post=8888"},{"taxonomy":"post_tag","embeddable":true,"href":"https:\/\/vengria.info\/index.php?rest_route=%2Fwp%2Fv2%2Ftags&post=8888"}],"curies":[{"name":"wp","href":"https:\/\/api.w.org\/{rel}","templated":true}]}}