{"id":8881,"date":"2026-03-16T07:40:47","date_gmt":"2026-03-16T07:40:47","guid":{"rendered":"https:\/\/vengria.info\/?p=8881"},"modified":"2026-03-16T07:40:50","modified_gmt":"2026-03-16T07:40:50","slug":"az-orszag-egyik-legbefolyasosabb-luxus-ingatlancsoportjanak-tulajdonosakent-a-precizitasra-epitette-hirnevet","status":"publish","type":"post","link":"https:\/\/vengria.info\/?p=8881","title":{"rendered":"Az orsz\u00e1g egyik legbefoly\u00e1sosabb luxus ingatlancsoportj\u00e1nak tulajdonosak\u00e9nt a precizit\u00e1sra \u00e9p\u00edtette h\u00edrnev\u00e9t."},"content":{"rendered":"\n<p>Minden projektet \u00e9vekre el\u0151re megtervezett, minden befektet\u00e9st a legapr\u00f3bb r\u00e9szletekig kisz\u00e1molt. Vil\u00e1ga \u00fcvegtornyokb\u00f3l, n\u00e9ma fesz\u00fclts\u00e9ggel teli t\u00e1rgyal\u00f3termekb\u0151l \u00e9s olyan szerz\u0151d\u00e9sekb\u0151l \u00e1llt, ahol egyetlen al\u00e1\u00edr\u00e1s milli\u00f3kat mozgathat meg.<\/p>\n\n\n\n<p>Ebben a k\u00f6rnyezetben az \u00e9rzelmeket gyenges\u00e9gnek tekintett\u00e9k.<\/p>\n\n\n\n<p>Marcot olyan emberk\u00e9nt ismert\u00e9k, aki soha nem engedte, hogy az \u00f6szt\u00f6nei vezess\u00e9k. A sz\u00e1mok hangosabban besz\u00e9ltek, mint az \u00e9rz\u00e9sek, \u00e9s a logika mindig gy\u0151z\u00f6tt.<\/p>\n\n\n\n<p>M\u00e9gis, azon a bizonyos d\u00e9lut\u00e1non valami nem stimmelt.<\/p>\n\n\n\n<p>Az \u00e9rz\u00e9s eleinte csendben jelent meg, mint egy alig l\u00e1that\u00f3 reped\u00e9s napja t\u00f6k\u00e9letes szerkezet\u00e9n. Egy befektet\u0151kkel folytatott tal\u00e1lkoz\u00f3 sor\u00e1n hirtelen elvesztette a figyelm\u00e9t. A prezent\u00e1ci\u00f3s di\u00e1k \u00f6sszemos\u00f3dtak, \u00e9s b\u00e1r a besz\u00e9lget\u00e9s norm\u00e1lisan folytat\u00f3dott, kellemetlen nyom\u00e1s n\u0151tt benne.<\/p>\n\n\n\n<p>Nem f\u00e9lelem volt.<\/p>\n\n\n\n<p>Nem eg\u00e9szen.<\/p>\n\n\n\n<p>Ink\u00e1bb egy kitart\u00f3 hang valahol a fej\u00e9ben, amely azt s\u00fagta neki, hogy el kell mennie.<\/p>\n\n\n\n<p>A programja egy\u00e9rtelm\u0171en kimondta, hogy estig az irod\u00e1ban marad, miel\u0151tt r\u00e9szt vesz egy vacsoramegbesz\u00e9l\u00e9sen a v\u00e1ros t\u00faloldal\u00e1n. Norm\u00e1lis esetben soha nem t\u00e9rne el egy ilyen tervt\u0151l.<\/p>\n\n\n\n<p>De az \u00e9rz\u00e9s nem akart elt\u0171nni.<\/p>\n\n\n\n<p>N\u00e9h\u00e1ny percnyi n\u00e9ma haboz\u00e1s ut\u00e1n Marc becsukta a laptopj\u00e1t, \u00e9s k\u00f6z\u00f6lte az asszisztens\u00e9vel, hogy n\u00e9h\u00e1ny \u00f3r\u00e1ra hazamegy.<\/p>\n\n\n\n<p>M\u00e9g \u0151 maga sem tudta megmagyar\u00e1zni, mi\u00e9rt.<\/p>\n\n\n\n<p>Az \u00fat a birtok\u00e1ra k\u00f6zel negyven percig tartott. Az eg\u00e9sz \u00fat alatt pr\u00f3b\u00e1lta meggy\u0151zni mag\u00e1t, hogy a hirtelen d\u00f6nt\u00e9s irracion\u00e1lis volt. Tal\u00e1n a f\u00e1radts\u00e1g. Tal\u00e1n a stressz a legut\u00f3bbi t\u00e1rgyal\u00e1sok miatt.<\/p>\n\n\n\n<p>K\u00fari\u00e1ja vaskapuk m\u00f6g\u00f6tt \u00e1llt egy erd\u0151s domb sz\u00e9l\u00e9n, t\u00e1vol a v\u00e1ros zaj\u00e1t\u00f3l. A mag\u00e1n\u00e9letre \u00e9s a rendre tervezett hely volt, m\u00e1rv\u00e1nytermekkel, csendes kertekkel \u00e9s a t\u00f6k\u00e9letes diszkr\u00e9ci\u00f3 fenntart\u00e1s\u00e1ra kik\u00e9pzett szem\u00e9lyzettel.<\/p>\n\n\n\n<p>Ahogy Marc aut\u00f3ja lassan beg\u00f6rd\u00fclt a kapun, valami azonnal felkeltette a figyelm\u00e9t.<\/p>\n\n\n\n<p>Gyermekhangok.<\/p>\n\n\n\n<figure class=\"wp-block-image size-full is-resized\"><img loading=\"lazy\" decoding=\"async\" width=\"471\" height=\"623\" src=\"https:\/\/vengria.info\/wp-content\/uploads\/2026\/03\/kbasdbyiasdiuasjbdasijd.png\" alt=\"\" class=\"wp-image-8883\" style=\"width:747px;height:auto\" srcset=\"https:\/\/vengria.info\/wp-content\/uploads\/2026\/03\/kbasdbyiasdiuasjbdasijd.png 471w, https:\/\/vengria.info\/wp-content\/uploads\/2026\/03\/kbasdbyiasdiuasjbdasijd-227x300.png 227w\" sizes=\"auto, (max-width: 471px) 100vw, 471px\" \/><\/figure>\n\n\n\n<p>El\u0151sz\u00f6r azt hitte, hogy a hang valahonnan a telekhat\u00e1ron t\u00falr\u00f3l j\u00f6n. De amikor kisz\u00e1llt az aut\u00f3b\u00f3l, a nevet\u00e9s f\u00e9lre\u00e9rthetetlen\u00fcl a h\u00e1z belsej\u00e9b\u0151l hallatszott.<\/p>\n\n\n\n<p>Marc \u00f6sszevonta a szem\u00f6ld\u00f6k\u00e9t.<\/p>\n\n\n\n<p>Nem voltak gyermekei. Nem v\u00e1rt\u00e1k el, hogy rokonok l\u00e1togass\u00e1k meg. \u00c9s a h\u00e1z szem\u00e9lyzete tudta, hogy jobb, ha nem h\u00edv meg senkit enged\u00e9ly n\u00e9lk\u00fcl.<\/p>\n\n\n\n<p>\u00c1ts\u00e9t\u00e1lt a bej\u00e1rati csarnokon, l\u00e9ptei visszhangoztak a f\u00e9nyes padl\u00f3n. A hangok egyre hangosabbak lettek, ahogy k\u00f6zeledett a nappalihoz.<\/p>\n\n\n\n<p>Amikor el\u00e9rte az ajt\u00f3t, meg\u00e1llt.<\/p>\n\n\n\n<p>A szob\u00e1ban Sofia \u00fclt, a csendes szobal\u00e1ny, aki k\u00f6zel h\u00e1rom \u00e9vig dolgozott neki. Egy kis asztal mellett t\u00e9rdelt, \u00e9s pr\u00f3b\u00e1lta megnyugtatni k\u00e9t ijedt gyereket, akik a karj\u00e1ba kapaszkodtak.<\/p>\n\n\n\n<p>Egy fi\u00fa \u00e9s egy l\u00e1ny, mindketten v\u00e9konyak, mindketten kopott ruh\u00e1ban, amelyek nyilv\u00e1nval\u00f3an nem val\u00f3k egy ilyen kast\u00e9lyba.<\/p>\n\n\n\n<p>Egy pillanatig Marc csak b\u00e1mult.<\/p>\n\n\n\n<p>Sofia feln\u00e9zett, \u00e9s amint megl\u00e1tta, megdermedt.<\/p>\n\n\n\n<p>A v\u00e9r kifutott az arc\u00e1b\u00f3l.<\/p>\n\n\n\n<p>\u201eMr. Delcourt\u2026 megmagyar\u00e1zhatom\u201d \u2013 mondta gyorsan, \u00e9s fel\u00e1llt.<\/p>\n\n\n\n<p>Marc hangja hideg volt, fegyelmezett.<\/p>\n\n\n\n<p>\u201eFigyelek.\u201d<\/p>\n\n\n\n<p>A fi\u00fa Sofia m\u00f6g\u00e9 b\u00fajt, m\u00edg a kisl\u00e1ny szorosan a ruh\u00e1ja ujj\u00e1ba kapaszkodott. Szem\u00fckben f\u00e9lelem \u00e9s kimer\u00fclts\u00e9g kever\u00e9ke l\u00e1tszott, mintha napok \u00f3ta nem aludtak volna rendesen.<\/p>\n\n\n\n<p>Sofia habozott.<\/p>\n\n\n\n<p>Azt\u00e1n megsz\u00f3lalt.<\/p>\n\n\n\n<p>\u201e\u0150k az \u00e9n gyerekeim.\u201d<\/p>\n\n\n\n<p>Marc meglepetten pislogott. Ami\u00f3ta ott dolgozott, Sofia soha nem eml\u00edtette, hogy csal\u00e1dja van.<\/p>\n\n\n\n<p>\u201eA n\u0151v\u00e9remn\u00e9l laktak\u201d \u2013 folytatta halkan. \u201eDe tegnap este baleset t\u00f6rt\u00e9nt. A n\u0151v\u00e9rem k\u00f3rh\u00e1zban van, \u00e9s nincs senki m\u00e1s, aki gondoskodhatna r\u00f3luk.\u201d<\/p>\n\n\n\n<p>A hangja remegett, de k\u00e9nyszer\u00edtette mag\u00e1t, hogy folytassa.<\/p>\n\n\n\n<p>\u201eNem tudtam, hov\u00e1 menjek. Munk\u00e1ba kellett mennem, \u00e9s nem hagyhattam \u0151ket egyed\u00fcl.\u201d<\/p>\n\n\n\n<p>A szoba elcsendesedett.<\/p>\n\n\n\n<p>Marc ism\u00e9t a gyerekekre n\u00e9zett. A fi\u00fa ker\u00fclte a tekintet\u00e9t, m\u00edg a l\u00e1ny \u00f3vatosan figyelte, mintha azt pr\u00f3b\u00e1ln\u00e1 meg\u00e1llap\u00edtani, hogy vesz\u00e9lyes-e.<\/p>\n\n\n\n<p>\u00c9vekig Marc egy olyan vil\u00e1gban \u00e9lt, ahol a probl\u00e9m\u00e1kat p\u00e9nzzel, szerz\u0151d\u00e9sekkel vagy tekint\u00e9llyel oldott\u00e1k meg. De ez a helyzet furcs\u00e1n m\u00e1snak t\u0171nt.<\/p>\n\n\n\n<p>Sofia lehajtotta a fej\u00e9t.<\/p>\n\n\n\n<p>\u201eTudom, hogy ez elfogadhatatlan. Elmegyek, ha akarod. Csak n\u00e9h\u00e1ny \u00f3r\u00e1ra volt sz\u00fcks\u00e9gem, hogy megold\u00e1st tal\u00e1ljak.\u201d<\/p>\n\n\n\n<p>Marc nem sz\u00f3lt semmit.<\/p>\n\n\n\n<p>Ehelyett lassan \u00e1ts\u00e9t\u00e1lt a szob\u00e1n, \u00e9s meg\u00e1llt p\u00e1r l\u00e9p\u00e9snyire a gyerekekt\u0151l.<\/p>\n\n\n\n<p>A l\u00e1ny szorosabban szor\u00edtotta Sofia karj\u00e1t.<\/p>\n\n\n\n<p>\u2013 Hogy h\u00edvj\u00e1k \u0151ket? \u2013 k\u00e9rdezte Marc.<\/p>\n\n\n\n<p>Sofia meglep\u0151d\u00f6tt a k\u00e9rd\u00e9sen.<\/p>\n\n\n\n<p>\u2013 Lucas \u00e9s Emma.<\/p>\n\n\n\n<p>Marc alaposan szem\u00fcgyre vette \u0151ket.<\/p>\n\n\n\n<p>Kinek az ok\u00e1t nem tudta teljesen megmagyar\u00e1zni, de a nap elej\u00e9n \u00e9rzett furcsa nyom\u00e1s hirtelen \u00e9rtelmet nyert. Mintha a nyugtalans\u00e1g, ami miatt haza kellett t\u00e9rnie, egyenesen ehhez a pillanathoz vezette volna.<\/p>\n\n\n\n<p>Visszafordult Sofia fel\u00e9.<\/p>\n\n\n\n<p>\u2013 Azt mondtad, hogy a h\u00fagod k\u00f3rh\u00e1zban van \u2013 mondta nyugodtan. \u2013 Mennyire s\u00falyos a helyzet?<\/p>\n\n\n\n<p>\u2013 M\u00e9g nem tudj\u00e1k.<\/p>\n\n\n\n<p>Marc ism\u00e9t a gyerekekre n\u00e9zett.<\/p>\n\n\n\n<p>Azt\u00e1n meghozott egy d\u00f6nt\u00e9st, ami n\u00e9h\u00e1ny \u00f3r\u00e1val kor\u00e1bban m\u00e9g lehetetlennek t\u0171nt volna.<\/p>\n\n\n\n<p>\u2013 Nem m\u00e9sz el \u2013 mondta.<\/p>\n\n\n\n<p>Sofia hitetlenkedve meredt r\u00e1.<\/p>\n\n\n\n<p>\u2013 Mert\u2026<\/p>\n","protected":false},"excerpt":{"rendered":"Minden projektet \u00e9vekre el\u0151re megtervezett, minden befektet\u00e9st a legapr\u00f3bb r\u00e9szletekig kisz\u00e1molt. Vil\u00e1ga \u00fcvegtornyokb\u00f3l, n\u00e9ma fesz\u00fclts\u00e9ggel teli t\u00e1rgyal\u00f3termekb\u0151l \u00e9s olyan szerz\u0151d\u00e9sekb\u0151l \u00e1llt, ahol egyetlen \n<a class=\"moretag\" href=\"https:\/\/vengria.info\/?p=8881\"> [...]<\/a>","protected":false},"author":1,"featured_media":8883,"comment_status":"open","ping_status":"open","sticky":false,"template":"","format":"standard","meta":{"footnotes":""},"categories":[1,2],"tags":[],"class_list":["post-8881","post","type-post","status-publish","format-standard","has-post-thumbnail","hentry","category-news","category-video"],"yoast_head":"<!-- This site is optimized with the Yoast SEO plugin v27.3 - https:\/\/yoast.com\/product\/yoast-seo-wordpress\/ -->\n<title>Az orsz\u00e1g egyik legbefoly\u00e1sosabb luxus ingatlancsoportj\u00e1nak tulajdonosak\u00e9nt a precizit\u00e1sra \u00e9p\u00edtette h\u00edrnev\u00e9t. -<\/title>\n<meta name=\"robots\" content=\"index, follow, max-snippet:-1, max-image-preview:large, max-video-preview:-1\" \/>\n<link rel=\"canonical\" href=\"https:\/\/vengria.info\/?p=8881\" \/>\n<meta property=\"og:locale\" content=\"en_US\" \/>\n<meta property=\"og:type\" content=\"article\" \/>\n<meta property=\"og:title\" content=\"Az orsz\u00e1g egyik legbefoly\u00e1sosabb luxus ingatlancsoportj\u00e1nak tulajdonosak\u00e9nt a precizit\u00e1sra \u00e9p\u00edtette h\u00edrnev\u00e9t. -\" \/>\n<meta property=\"og:description\" content=\"Minden projektet \u00e9vekre el\u0151re megtervezett, minden befektet\u00e9st a legapr\u00f3bb r\u00e9szletekig kisz\u00e1molt. Vil\u00e1ga \u00fcvegtornyokb\u00f3l, n\u00e9ma fesz\u00fclts\u00e9ggel teli t\u00e1rgyal\u00f3termekb\u0151l \u00e9s olyan szerz\u0151d\u00e9sekb\u0151l \u00e1llt, ahol egyetlen\" \/>\n<meta property=\"og:url\" content=\"https:\/\/vengria.info\/?p=8881\" \/>\n<meta property=\"article:published_time\" content=\"2026-03-16T07:40:47+00:00\" \/>\n<meta property=\"article:modified_time\" content=\"2026-03-16T07:40:50+00:00\" \/>\n<meta property=\"og:image\" content=\"https:\/\/vengria.info\/wp-content\/uploads\/2026\/03\/kbasdbyiasdiuasjbdasijd.png\" \/>\n\t<meta property=\"og:image:width\" content=\"471\" \/>\n\t<meta property=\"og:image:height\" content=\"623\" \/>\n\t<meta property=\"og:image:type\" content=\"image\/png\" \/>\n<meta name=\"author\" content=\"admin\" \/>\n<meta name=\"twitter:card\" content=\"summary_large_image\" \/>\n<meta name=\"twitter:label1\" content=\"Written by\" \/>\n\t<meta name=\"twitter:data1\" content=\"admin\" \/>\n\t<meta name=\"twitter:label2\" content=\"Est. reading time\" \/>\n\t<meta name=\"twitter:data2\" content=\"4 minutes\" \/>\n<script type=\"application\/ld+json\" class=\"yoast-schema-graph\">{\"@context\":\"https:\\\/\\\/schema.org\",\"@graph\":[{\"@type\":\"Article\",\"@id\":\"https:\\\/\\\/vengria.info\\\/?p=8881#article\",\"isPartOf\":{\"@id\":\"https:\\\/\\\/vengria.info\\\/?p=8881\"},\"author\":{\"name\":\"admin\",\"@id\":\"https:\\\/\\\/vengria.info\\\/#\\\/schema\\\/person\\\/b815b04a6b1fb36a2d064955a92f68d4\"},\"headline\":\"Az orsz\u00e1g egyik legbefoly\u00e1sosabb luxus ingatlancsoportj\u00e1nak tulajdonosak\u00e9nt a precizit\u00e1sra \u00e9p\u00edtette h\u00edrnev\u00e9t.\",\"datePublished\":\"2026-03-16T07:40:47+00:00\",\"dateModified\":\"2026-03-16T07:40:50+00:00\",\"mainEntityOfPage\":{\"@id\":\"https:\\\/\\\/vengria.info\\\/?p=8881\"},\"wordCount\":989,\"commentCount\":0,\"image\":{\"@id\":\"https:\\\/\\\/vengria.info\\\/?p=8881#primaryimage\"},\"thumbnailUrl\":\"https:\\\/\\\/vengria.info\\\/wp-content\\\/uploads\\\/2026\\\/03\\\/kbasdbyiasdiuasjbdasijd.png\",\"articleSection\":[\"NEWS\",\"VIDEO\"],\"inLanguage\":\"en-US\",\"potentialAction\":[{\"@type\":\"CommentAction\",\"name\":\"Comment\",\"target\":[\"https:\\\/\\\/vengria.info\\\/?p=8881#respond\"]}]},{\"@type\":\"WebPage\",\"@id\":\"https:\\\/\\\/vengria.info\\\/?p=8881\",\"url\":\"https:\\\/\\\/vengria.info\\\/?p=8881\",\"name\":\"Az orsz\u00e1g egyik legbefoly\u00e1sosabb luxus ingatlancsoportj\u00e1nak tulajdonosak\u00e9nt a precizit\u00e1sra \u00e9p\u00edtette h\u00edrnev\u00e9t. -\",\"isPartOf\":{\"@id\":\"https:\\\/\\\/vengria.info\\\/#website\"},\"primaryImageOfPage\":{\"@id\":\"https:\\\/\\\/vengria.info\\\/?p=8881#primaryimage\"},\"image\":{\"@id\":\"https:\\\/\\\/vengria.info\\\/?p=8881#primaryimage\"},\"thumbnailUrl\":\"https:\\\/\\\/vengria.info\\\/wp-content\\\/uploads\\\/2026\\\/03\\\/kbasdbyiasdiuasjbdasijd.png\",\"datePublished\":\"2026-03-16T07:40:47+00:00\",\"dateModified\":\"2026-03-16T07:40:50+00:00\",\"author\":{\"@id\":\"https:\\\/\\\/vengria.info\\\/#\\\/schema\\\/person\\\/b815b04a6b1fb36a2d064955a92f68d4\"},\"breadcrumb\":{\"@id\":\"https:\\\/\\\/vengria.info\\\/?p=8881#breadcrumb\"},\"inLanguage\":\"en-US\",\"potentialAction\":[{\"@type\":\"ReadAction\",\"target\":[\"https:\\\/\\\/vengria.info\\\/?p=8881\"]}]},{\"@type\":\"ImageObject\",\"inLanguage\":\"en-US\",\"@id\":\"https:\\\/\\\/vengria.info\\\/?p=8881#primaryimage\",\"url\":\"https:\\\/\\\/vengria.info\\\/wp-content\\\/uploads\\\/2026\\\/03\\\/kbasdbyiasdiuasjbdasijd.png\",\"contentUrl\":\"https:\\\/\\\/vengria.info\\\/wp-content\\\/uploads\\\/2026\\\/03\\\/kbasdbyiasdiuasjbdasijd.png\",\"width\":471,\"height\":623},{\"@type\":\"BreadcrumbList\",\"@id\":\"https:\\\/\\\/vengria.info\\\/?p=8881#breadcrumb\",\"itemListElement\":[{\"@type\":\"ListItem\",\"position\":1,\"name\":\"Home\",\"item\":\"https:\\\/\\\/vengria.info\\\/\"},{\"@type\":\"ListItem\",\"position\":2,\"name\":\"Az orsz\u00e1g egyik legbefoly\u00e1sosabb luxus ingatlancsoportj\u00e1nak tulajdonosak\u00e9nt a precizit\u00e1sra \u00e9p\u00edtette h\u00edrnev\u00e9t.\"}]},{\"@type\":\"WebSite\",\"@id\":\"https:\\\/\\\/vengria.info\\\/#website\",\"url\":\"https:\\\/\\\/vengria.info\\\/\",\"name\":\"\",\"description\":\"\",\"potentialAction\":[{\"@type\":\"SearchAction\",\"target\":{\"@type\":\"EntryPoint\",\"urlTemplate\":\"https:\\\/\\\/vengria.info\\\/?s={search_term_string}\"},\"query-input\":{\"@type\":\"PropertyValueSpecification\",\"valueRequired\":true,\"valueName\":\"search_term_string\"}}],\"inLanguage\":\"en-US\"},{\"@type\":\"Person\",\"@id\":\"https:\\\/\\\/vengria.info\\\/#\\\/schema\\\/person\\\/b815b04a6b1fb36a2d064955a92f68d4\",\"name\":\"admin\",\"image\":{\"@type\":\"ImageObject\",\"inLanguage\":\"en-US\",\"@id\":\"https:\\\/\\\/secure.gravatar.com\\\/avatar\\\/a29bad30ab19883c48927f9ee55a40d0d1a0c3c343bcef70ad9a0a9cb421f0fa?s=96&d=mm&r=g\",\"url\":\"https:\\\/\\\/secure.gravatar.com\\\/avatar\\\/a29bad30ab19883c48927f9ee55a40d0d1a0c3c343bcef70ad9a0a9cb421f0fa?s=96&d=mm&r=g\",\"contentUrl\":\"https:\\\/\\\/secure.gravatar.com\\\/avatar\\\/a29bad30ab19883c48927f9ee55a40d0d1a0c3c343bcef70ad9a0a9cb421f0fa?s=96&d=mm&r=g\",\"caption\":\"admin\"},\"sameAs\":[\"http:\\\/\\\/vengria.info\"],\"url\":\"https:\\\/\\\/vengria.info\\\/?author=1\"}]}<\/script>\n<!-- \/ Yoast SEO plugin. -->","yoast_head_json":{"title":"Az orsz\u00e1g egyik legbefoly\u00e1sosabb luxus ingatlancsoportj\u00e1nak tulajdonosak\u00e9nt a precizit\u00e1sra \u00e9p\u00edtette h\u00edrnev\u00e9t. -","robots":{"index":"index","follow":"follow","max-snippet":"max-snippet:-1","max-image-preview":"max-image-preview:large","max-video-preview":"max-video-preview:-1"},"canonical":"https:\/\/vengria.info\/?p=8881","og_locale":"en_US","og_type":"article","og_title":"Az orsz\u00e1g egyik legbefoly\u00e1sosabb luxus ingatlancsoportj\u00e1nak tulajdonosak\u00e9nt a precizit\u00e1sra \u00e9p\u00edtette h\u00edrnev\u00e9t. -","og_description":"Minden projektet \u00e9vekre el\u0151re megtervezett, minden befektet\u00e9st a legapr\u00f3bb r\u00e9szletekig kisz\u00e1molt. Vil\u00e1ga \u00fcvegtornyokb\u00f3l, n\u00e9ma fesz\u00fclts\u00e9ggel teli t\u00e1rgyal\u00f3termekb\u0151l \u00e9s olyan szerz\u0151d\u00e9sekb\u0151l \u00e1llt, ahol egyetlen","og_url":"https:\/\/vengria.info\/?p=8881","article_published_time":"2026-03-16T07:40:47+00:00","article_modified_time":"2026-03-16T07:40:50+00:00","og_image":[{"width":471,"height":623,"url":"https:\/\/vengria.info\/wp-content\/uploads\/2026\/03\/kbasdbyiasdiuasjbdasijd.png","type":"image\/png"}],"author":"admin","twitter_card":"summary_large_image","twitter_misc":{"Written by":"admin","Est. reading time":"4 minutes"},"schema":{"@context":"https:\/\/schema.org","@graph":[{"@type":"Article","@id":"https:\/\/vengria.info\/?p=8881#article","isPartOf":{"@id":"https:\/\/vengria.info\/?p=8881"},"author":{"name":"admin","@id":"https:\/\/vengria.info\/#\/schema\/person\/b815b04a6b1fb36a2d064955a92f68d4"},"headline":"Az orsz\u00e1g egyik legbefoly\u00e1sosabb luxus ingatlancsoportj\u00e1nak tulajdonosak\u00e9nt a precizit\u00e1sra \u00e9p\u00edtette h\u00edrnev\u00e9t.","datePublished":"2026-03-16T07:40:47+00:00","dateModified":"2026-03-16T07:40:50+00:00","mainEntityOfPage":{"@id":"https:\/\/vengria.info\/?p=8881"},"wordCount":989,"commentCount":0,"image":{"@id":"https:\/\/vengria.info\/?p=8881#primaryimage"},"thumbnailUrl":"https:\/\/vengria.info\/wp-content\/uploads\/2026\/03\/kbasdbyiasdiuasjbdasijd.png","articleSection":["NEWS","VIDEO"],"inLanguage":"en-US","potentialAction":[{"@type":"CommentAction","name":"Comment","target":["https:\/\/vengria.info\/?p=8881#respond"]}]},{"@type":"WebPage","@id":"https:\/\/vengria.info\/?p=8881","url":"https:\/\/vengria.info\/?p=8881","name":"Az orsz\u00e1g egyik legbefoly\u00e1sosabb luxus ingatlancsoportj\u00e1nak tulajdonosak\u00e9nt a precizit\u00e1sra \u00e9p\u00edtette h\u00edrnev\u00e9t. -","isPartOf":{"@id":"https:\/\/vengria.info\/#website"},"primaryImageOfPage":{"@id":"https:\/\/vengria.info\/?p=8881#primaryimage"},"image":{"@id":"https:\/\/vengria.info\/?p=8881#primaryimage"},"thumbnailUrl":"https:\/\/vengria.info\/wp-content\/uploads\/2026\/03\/kbasdbyiasdiuasjbdasijd.png","datePublished":"2026-03-16T07:40:47+00:00","dateModified":"2026-03-16T07:40:50+00:00","author":{"@id":"https:\/\/vengria.info\/#\/schema\/person\/b815b04a6b1fb36a2d064955a92f68d4"},"breadcrumb":{"@id":"https:\/\/vengria.info\/?p=8881#breadcrumb"},"inLanguage":"en-US","potentialAction":[{"@type":"ReadAction","target":["https:\/\/vengria.info\/?p=8881"]}]},{"@type":"ImageObject","inLanguage":"en-US","@id":"https:\/\/vengria.info\/?p=8881#primaryimage","url":"https:\/\/vengria.info\/wp-content\/uploads\/2026\/03\/kbasdbyiasdiuasjbdasijd.png","contentUrl":"https:\/\/vengria.info\/wp-content\/uploads\/2026\/03\/kbasdbyiasdiuasjbdasijd.png","width":471,"height":623},{"@type":"BreadcrumbList","@id":"https:\/\/vengria.info\/?p=8881#breadcrumb","itemListElement":[{"@type":"ListItem","position":1,"name":"Home","item":"https:\/\/vengria.info\/"},{"@type":"ListItem","position":2,"name":"Az orsz\u00e1g egyik legbefoly\u00e1sosabb luxus ingatlancsoportj\u00e1nak tulajdonosak\u00e9nt a precizit\u00e1sra \u00e9p\u00edtette h\u00edrnev\u00e9t."}]},{"@type":"WebSite","@id":"https:\/\/vengria.info\/#website","url":"https:\/\/vengria.info\/","name":"","description":"","potentialAction":[{"@type":"SearchAction","target":{"@type":"EntryPoint","urlTemplate":"https:\/\/vengria.info\/?s={search_term_string}"},"query-input":{"@type":"PropertyValueSpecification","valueRequired":true,"valueName":"search_term_string"}}],"inLanguage":"en-US"},{"@type":"Person","@id":"https:\/\/vengria.info\/#\/schema\/person\/b815b04a6b1fb36a2d064955a92f68d4","name":"admin","image":{"@type":"ImageObject","inLanguage":"en-US","@id":"https:\/\/secure.gravatar.com\/avatar\/a29bad30ab19883c48927f9ee55a40d0d1a0c3c343bcef70ad9a0a9cb421f0fa?s=96&d=mm&r=g","url":"https:\/\/secure.gravatar.com\/avatar\/a29bad30ab19883c48927f9ee55a40d0d1a0c3c343bcef70ad9a0a9cb421f0fa?s=96&d=mm&r=g","contentUrl":"https:\/\/secure.gravatar.com\/avatar\/a29bad30ab19883c48927f9ee55a40d0d1a0c3c343bcef70ad9a0a9cb421f0fa?s=96&d=mm&r=g","caption":"admin"},"sameAs":["http:\/\/vengria.info"],"url":"https:\/\/vengria.info\/?author=1"}]}},"_links":{"self":[{"href":"https:\/\/vengria.info\/index.php?rest_route=\/wp\/v2\/posts\/8881","targetHints":{"allow":["GET"]}}],"collection":[{"href":"https:\/\/vengria.info\/index.php?rest_route=\/wp\/v2\/posts"}],"about":[{"href":"https:\/\/vengria.info\/index.php?rest_route=\/wp\/v2\/types\/post"}],"author":[{"embeddable":true,"href":"https:\/\/vengria.info\/index.php?rest_route=\/wp\/v2\/users\/1"}],"replies":[{"embeddable":true,"href":"https:\/\/vengria.info\/index.php?rest_route=%2Fwp%2Fv2%2Fcomments&post=8881"}],"version-history":[{"count":1,"href":"https:\/\/vengria.info\/index.php?rest_route=\/wp\/v2\/posts\/8881\/revisions"}],"predecessor-version":[{"id":8885,"href":"https:\/\/vengria.info\/index.php?rest_route=\/wp\/v2\/posts\/8881\/revisions\/8885"}],"wp:featuredmedia":[{"embeddable":true,"href":"https:\/\/vengria.info\/index.php?rest_route=\/wp\/v2\/media\/8883"}],"wp:attachment":[{"href":"https:\/\/vengria.info\/index.php?rest_route=%2Fwp%2Fv2%2Fmedia&parent=8881"}],"wp:term":[{"taxonomy":"category","embeddable":true,"href":"https:\/\/vengria.info\/index.php?rest_route=%2Fwp%2Fv2%2Fcategories&post=8881"},{"taxonomy":"post_tag","embeddable":true,"href":"https:\/\/vengria.info\/index.php?rest_route=%2Fwp%2Fv2%2Ftags&post=8881"}],"curies":[{"name":"wp","href":"https:\/\/api.w.org\/{rel}","templated":true}]}}