{"id":8821,"date":"2026-03-14T08:27:20","date_gmt":"2026-03-14T08:27:20","guid":{"rendered":"https:\/\/vengria.info\/?p=8821"},"modified":"2026-03-14T08:27:21","modified_gmt":"2026-03-14T08:27:21","slug":"ereztem-hogy-osszeszorul-a-mellkasom","status":"publish","type":"post","link":"https:\/\/vengria.info\/?p=8821","title":{"rendered":"\u00c9reztem, hogy \u00f6sszeszorul a mellkasom."},"content":{"rendered":"\n<p>\u201eJ\u00f3l\u2026 van?\u201d \u2013 k\u00e9rdeztem halkan.<\/p>\n\n\n\n<p>A t\u0171zolt\u00f3 b\u00f3lintott, de az arca komoly maradt.<\/p>\n\n\n\n<p>\u201eIgen. Az orvosok szerint j\u00f3l lesz. Kis h\u00edj\u00e1n volt. Ha n\u00e9h\u00e1ny perccel k\u00e9s\u0151bb megtal\u00e1ltuk volna\u2026\u201d<\/p>\n\n\n\n<p>Nem fejezte be a mondat\u00e1t.<\/p>\n\n\n\n<p>A szoba elcsendesedett. R\u00e1n\u00e9ztem a k\u00e9t gyermekemre, akik b\u00e9k\u00e9sen aludtak kis k\u00f3rh\u00e1zi \u00e1gyaikban. Apr\u00f3 mellkasuk lass\u00fa ritmusban emelkedett \u00e9s s\u00fcllyedt.<\/p>\n\n\n\n<p>Azt\u00e1n visszan\u00e9ztem a t\u0171zolt\u00f3ra.<\/p>\n\n\n\n<p>\u201eMi\u00e9rt mondod ezt nekem?\u201d \u2013 k\u00e9rdeztem.<\/p>\n\n\n\n<p>A t\u0171zolt\u00f3 egy pillanatra habozott.<\/p>\n\n\n\n<p>\u201eMert\u2026 amikor azt a gyereket tartottam\u201d \u2013 mondta lassan \u2013, \u201er\u00e1d \u00e9s a feles\u00e9gedre gondoltam.\u201d<\/p>\n\n\n\n<p>\u00d6sszevontam a szem\u00f6ld\u00f6k\u00f6m.<\/p>\n\n\n\n<p>\u201eR\u00f3lunk?\u201d<\/p>\n\n\n\n<p>\u201eIgen. Hallottam, ahogy a n\u0151v\u00e9rek arr\u00f3l besz\u00e9lnek, hogy elvesz\u00edtetted az egyik h\u00e1rmas ikredet.\u201d<\/p>\n\n\n\n<p>A szavak ism\u00e9t k\u00e9sk\u00e9nt v\u00e1gtak a sz\u00edvembe.<\/p>\n\n\n\n<p>\u201eIgen\u201d \u2013 v\u00e1laszoltam halkan.<\/p>\n\n\n\n<p>A t\u0171zolt\u00f3 m\u00e9ly l\u00e9legzetet vett.<\/p>\n\n\n\n<p>\u2013 Nem tudom, mi\u00e9rt, de amikor a karjaimban tartottam a bab\u00e1t, furcsa \u00e9rz\u00e9sem volt\u2026 mintha nem lenne szabad egyed\u00fcl lennie.<\/p>\n\n\n\n<p>Zavartan n\u00e9ztem r\u00e1.<\/p>\n\n\n\n<p>\u2013 Hogy \u00e9rted?<\/p>\n\n\n\n<p>A t\u0171zolt\u00f3 halv\u00e1nyan elmosolyodott.<\/p>\n\n\n\n<figure class=\"wp-block-image size-full is-resized\"><img loading=\"lazy\" decoding=\"async\" width=\"424\" height=\"609\" src=\"https:\/\/vengria.info\/wp-content\/uploads\/2026\/03\/a11adsi9aisudhnas-1.png\" alt=\"\" class=\"wp-image-8825\" style=\"width:747px;height:auto\" srcset=\"https:\/\/vengria.info\/wp-content\/uploads\/2026\/03\/a11adsi9aisudhnas-1.png 424w, https:\/\/vengria.info\/wp-content\/uploads\/2026\/03\/a11adsi9aisudhnas-1-209x300.png 209w\" sizes=\"auto, (max-width: 424px) 100vw, 424px\" \/><\/figure>\n\n\n\n<p>\u2013 Lehet, hogy csak egy \u0151r\u00fclt gondolat \u2013 mondta. \u2013 De eszembe jutott\u2026 hogy az \u00e9let n\u00e9ha elvesz egy f\u00e9nyt\u2026 hogy azt\u00e1n egy m\u00e1sikat is megvil\u00e1g\u00edthasson.<\/p>\n\n\n\n<p>A mondat megmaradt bennem.<\/p>\n\n\n\n<p>N\u00e9h\u00e1ny nappal k\u00e9s\u0151bb v\u00e9gre otthon voltunk.<\/p>\n\n\n\n<p>A h\u00e1z hetek \u00f3ta k\u00e9szen \u00e1llt. H\u00e1rom kis b\u00f6lcs\u0151 volt egym\u00e1s mellett a gyerekszob\u00e1ban.<\/p>\n\n\n\n<p>Amikor bel\u00e9pt\u00fcnk, a feles\u00e9gemmel egy pillanatra meg\u00e1lltunk az ajt\u00f3ban.<\/p>\n\n\n\n<p>Csak k\u00e9t gyerek volt a karunkban.<\/p>\n\n\n\n<p>A harmadik b\u00f6lcs\u0151 \u00fcres volt.<\/p>\n\n\n\n<p>A feles\u00e9gem s\u00edrni kezdett.<\/p>\n\n\n\n<p>\u2013 Nem tudom, hogy meg tudom-e csin\u00e1lni \u2013 suttogta.<\/p>\n\n\n\n<p>Meg\u00f6leltem, \u00e9s sok\u00e1ig csak csendben \u00e1lltunk ott.<\/p>\n\n\n\n<p>Azt\u00e1n eszembe jutott a t\u0171zolt\u00f3.<\/p>\n\n\n\n<p>A szavai.<\/p>\n\n\n\n<p>Az elhagyott baba a k\u00f3rh\u00e1zban.<\/p>\n\n\n\n<p>K\u00e9t h\u00e9ttel k\u00e9s\u0151bb visszat\u00e9rt\u00fcnk a k\u00f3rh\u00e1zba.<\/p>\n\n\n\n<p>A n\u0151v\u00e9r bevezett minket egy kis szob\u00e1ba. Ott a kis\u00e1gyban egy \u00fajsz\u00fcl\u00f6tt fek\u00fcdt \u2013 feh\u00e9r takar\u00f3ba csavarva.<\/p>\n\n\n\n<p>A kis kezek mozogtak a leveg\u0151ben.<\/p>\n\n\n\n<p>A feles\u00e9gem befogta a sz\u00e1j\u00e1t.<\/p>\n\n\n\n<p>\u201eEz az?\u201d \u2013 suttogta.<\/p>\n\n\n\n<p>A n\u0151v\u00e9r b\u00f3lintott.<\/p>\n\n\n\n<p>\u201eSenki sem jelentkezett \u00e9rte.\u201d<\/p>\n\n\n\n<p>Lassan odamentem a kis\u00e1gyhoz.<\/p>\n\n\n\n<p>A baba kinyitotta a szem\u00e9t.<\/p>\n\n\n\n<p>\u00c9s abban a pillanatban valami furcsa t\u00f6rt\u00e9nt.<\/p>\n\n\n\n<p>Egy halk hang hallatszott a gyerekszob\u00e1b\u00f3l.<\/p>\n\n\n\n<p>A k\u00e9t bab\u00e1m, akiket magunkkal hoztunk, hirtelen halkan dorombolni \u00e9s mozogni kezdtek az aut\u00f3s\u00fcl\u00e9seikben, mintha meg\u00e9rezt\u00e9k volna a jelenl\u00e9t\u00e9t.<\/p>\n\n\n\n<p>A feles\u00e9gem k\u00f6nnyes szemmel n\u00e9zett r\u00e1m.<\/p>\n\n\n\n<p>\u201eTal\u00e1n\u2026\u201d \u2013 mondta halkan.<\/p>\n\n\n\n<p>\u201eTal\u00e1n a t\u00f6rt\u00e9net\u00fcnk soha nem k\u00e9t gyerekr\u0151l sz\u00f3lt volna.\u201d<\/p>\n\n\n\n<p>A karj\u00e1ba vette a kisbab\u00e1t.<\/p>\n\n\n\n<p>\u00c9s a sz\u00fclet\u00e9se \u00f3ta el\u0151sz\u00f6r l\u00e1ttam az igazi mosoly\u00e1t.<\/p>\n\n\n\n<p>A h\u00e1rom kis\u00e1gy otthon hirtelen m\u00e1r nem t\u0171nt \u00fcresnek.<\/p>\n\n\n\n<p>Lehet, hogy elvesz\u00edtett\u00fcnk egy gyermeket.<\/p>\n\n\n\n<p>De az \u00e9let egy m\u00e1sikat k\u00fcld\u00f6tt nek\u00fcnk\u2026 akinek k\u00e9ts\u00e9gbeesetten sz\u00fcks\u00e9ge volt egy csal\u00e1dra. \u2764\ufe0f<\/p>\n","protected":false},"excerpt":{"rendered":"\u201eJ\u00f3l\u2026 van?\u201d \u2013 k\u00e9rdeztem halkan. A t\u0171zolt\u00f3 b\u00f3lintott, de az arca komoly maradt. \u201eIgen. Az orvosok szerint j\u00f3l lesz. Kis h\u00edj\u00e1n volt. Ha \n<a class=\"moretag\" href=\"https:\/\/vengria.info\/?p=8821\"> [...]<\/a>","protected":false},"author":1,"featured_media":8825,"comment_status":"open","ping_status":"open","sticky":false,"template":"","format":"standard","meta":{"footnotes":""},"categories":[1,2],"tags":[],"class_list":["post-8821","post","type-post","status-publish","format-standard","has-post-thumbnail","hentry","category-news","category-video"],"yoast_head":"<!-- This site is optimized with the Yoast SEO plugin v27.3 - https:\/\/yoast.com\/product\/yoast-seo-wordpress\/ -->\n<title>\u00c9reztem, hogy \u00f6sszeszorul a mellkasom. -<\/title>\n<meta name=\"robots\" content=\"index, follow, max-snippet:-1, max-image-preview:large, max-video-preview:-1\" \/>\n<link rel=\"canonical\" href=\"https:\/\/vengria.info\/?p=8821\" \/>\n<meta property=\"og:locale\" content=\"en_US\" \/>\n<meta property=\"og:type\" content=\"article\" \/>\n<meta property=\"og:title\" content=\"\u00c9reztem, hogy \u00f6sszeszorul a mellkasom. -\" \/>\n<meta property=\"og:description\" content=\"\u201eJ\u00f3l\u2026 van?\u201d \u2013 k\u00e9rdeztem halkan. A t\u0171zolt\u00f3 b\u00f3lintott, de az arca komoly maradt. \u201eIgen. Az orvosok szerint j\u00f3l lesz. Kis h\u00edj\u00e1n volt. Ha\" \/>\n<meta property=\"og:url\" content=\"https:\/\/vengria.info\/?p=8821\" \/>\n<meta property=\"article:published_time\" content=\"2026-03-14T08:27:20+00:00\" \/>\n<meta property=\"article:modified_time\" content=\"2026-03-14T08:27:21+00:00\" \/>\n<meta property=\"og:image\" content=\"https:\/\/vengria.info\/wp-content\/uploads\/2026\/03\/a11adsi9aisudhnas-1.png\" \/>\n\t<meta property=\"og:image:width\" content=\"424\" \/>\n\t<meta property=\"og:image:height\" content=\"609\" \/>\n\t<meta property=\"og:image:type\" content=\"image\/png\" \/>\n<meta name=\"author\" content=\"admin\" \/>\n<meta name=\"twitter:card\" content=\"summary_large_image\" \/>\n<meta name=\"twitter:label1\" content=\"Written by\" \/>\n\t<meta name=\"twitter:data1\" content=\"admin\" \/>\n\t<meta name=\"twitter:label2\" content=\"Est. reading time\" \/>\n\t<meta name=\"twitter:data2\" content=\"2 minutes\" \/>\n<script type=\"application\/ld+json\" class=\"yoast-schema-graph\">{\"@context\":\"https:\\\/\\\/schema.org\",\"@graph\":[{\"@type\":\"Article\",\"@id\":\"https:\\\/\\\/vengria.info\\\/?p=8821#article\",\"isPartOf\":{\"@id\":\"https:\\\/\\\/vengria.info\\\/?p=8821\"},\"author\":{\"name\":\"admin\",\"@id\":\"https:\\\/\\\/vengria.info\\\/#\\\/schema\\\/person\\\/b815b04a6b1fb36a2d064955a92f68d4\"},\"headline\":\"\u00c9reztem, hogy \u00f6sszeszorul a mellkasom.\",\"datePublished\":\"2026-03-14T08:27:20+00:00\",\"dateModified\":\"2026-03-14T08:27:21+00:00\",\"mainEntityOfPage\":{\"@id\":\"https:\\\/\\\/vengria.info\\\/?p=8821\"},\"wordCount\":548,\"commentCount\":0,\"image\":{\"@id\":\"https:\\\/\\\/vengria.info\\\/?p=8821#primaryimage\"},\"thumbnailUrl\":\"https:\\\/\\\/vengria.info\\\/wp-content\\\/uploads\\\/2026\\\/03\\\/a11adsi9aisudhnas-1.png\",\"articleSection\":[\"NEWS\",\"VIDEO\"],\"inLanguage\":\"en-US\",\"potentialAction\":[{\"@type\":\"CommentAction\",\"name\":\"Comment\",\"target\":[\"https:\\\/\\\/vengria.info\\\/?p=8821#respond\"]}]},{\"@type\":\"WebPage\",\"@id\":\"https:\\\/\\\/vengria.info\\\/?p=8821\",\"url\":\"https:\\\/\\\/vengria.info\\\/?p=8821\",\"name\":\"\u00c9reztem, hogy \u00f6sszeszorul a mellkasom. -\",\"isPartOf\":{\"@id\":\"https:\\\/\\\/vengria.info\\\/#website\"},\"primaryImageOfPage\":{\"@id\":\"https:\\\/\\\/vengria.info\\\/?p=8821#primaryimage\"},\"image\":{\"@id\":\"https:\\\/\\\/vengria.info\\\/?p=8821#primaryimage\"},\"thumbnailUrl\":\"https:\\\/\\\/vengria.info\\\/wp-content\\\/uploads\\\/2026\\\/03\\\/a11adsi9aisudhnas-1.png\",\"datePublished\":\"2026-03-14T08:27:20+00:00\",\"dateModified\":\"2026-03-14T08:27:21+00:00\",\"author\":{\"@id\":\"https:\\\/\\\/vengria.info\\\/#\\\/schema\\\/person\\\/b815b04a6b1fb36a2d064955a92f68d4\"},\"breadcrumb\":{\"@id\":\"https:\\\/\\\/vengria.info\\\/?p=8821#breadcrumb\"},\"inLanguage\":\"en-US\",\"potentialAction\":[{\"@type\":\"ReadAction\",\"target\":[\"https:\\\/\\\/vengria.info\\\/?p=8821\"]}]},{\"@type\":\"ImageObject\",\"inLanguage\":\"en-US\",\"@id\":\"https:\\\/\\\/vengria.info\\\/?p=8821#primaryimage\",\"url\":\"https:\\\/\\\/vengria.info\\\/wp-content\\\/uploads\\\/2026\\\/03\\\/a11adsi9aisudhnas-1.png\",\"contentUrl\":\"https:\\\/\\\/vengria.info\\\/wp-content\\\/uploads\\\/2026\\\/03\\\/a11adsi9aisudhnas-1.png\",\"width\":424,\"height\":609},{\"@type\":\"BreadcrumbList\",\"@id\":\"https:\\\/\\\/vengria.info\\\/?p=8821#breadcrumb\",\"itemListElement\":[{\"@type\":\"ListItem\",\"position\":1,\"name\":\"Home\",\"item\":\"https:\\\/\\\/vengria.info\\\/\"},{\"@type\":\"ListItem\",\"position\":2,\"name\":\"\u00c9reztem, hogy \u00f6sszeszorul a mellkasom.\"}]},{\"@type\":\"WebSite\",\"@id\":\"https:\\\/\\\/vengria.info\\\/#website\",\"url\":\"https:\\\/\\\/vengria.info\\\/\",\"name\":\"\",\"description\":\"\",\"potentialAction\":[{\"@type\":\"SearchAction\",\"target\":{\"@type\":\"EntryPoint\",\"urlTemplate\":\"https:\\\/\\\/vengria.info\\\/?s={search_term_string}\"},\"query-input\":{\"@type\":\"PropertyValueSpecification\",\"valueRequired\":true,\"valueName\":\"search_term_string\"}}],\"inLanguage\":\"en-US\"},{\"@type\":\"Person\",\"@id\":\"https:\\\/\\\/vengria.info\\\/#\\\/schema\\\/person\\\/b815b04a6b1fb36a2d064955a92f68d4\",\"name\":\"admin\",\"image\":{\"@type\":\"ImageObject\",\"inLanguage\":\"en-US\",\"@id\":\"https:\\\/\\\/secure.gravatar.com\\\/avatar\\\/a29bad30ab19883c48927f9ee55a40d0d1a0c3c343bcef70ad9a0a9cb421f0fa?s=96&d=mm&r=g\",\"url\":\"https:\\\/\\\/secure.gravatar.com\\\/avatar\\\/a29bad30ab19883c48927f9ee55a40d0d1a0c3c343bcef70ad9a0a9cb421f0fa?s=96&d=mm&r=g\",\"contentUrl\":\"https:\\\/\\\/secure.gravatar.com\\\/avatar\\\/a29bad30ab19883c48927f9ee55a40d0d1a0c3c343bcef70ad9a0a9cb421f0fa?s=96&d=mm&r=g\",\"caption\":\"admin\"},\"sameAs\":[\"http:\\\/\\\/vengria.info\"],\"url\":\"https:\\\/\\\/vengria.info\\\/?author=1\"}]}<\/script>\n<!-- \/ Yoast SEO plugin. -->","yoast_head_json":{"title":"\u00c9reztem, hogy \u00f6sszeszorul a mellkasom. -","robots":{"index":"index","follow":"follow","max-snippet":"max-snippet:-1","max-image-preview":"max-image-preview:large","max-video-preview":"max-video-preview:-1"},"canonical":"https:\/\/vengria.info\/?p=8821","og_locale":"en_US","og_type":"article","og_title":"\u00c9reztem, hogy \u00f6sszeszorul a mellkasom. -","og_description":"\u201eJ\u00f3l\u2026 van?\u201d \u2013 k\u00e9rdeztem halkan. A t\u0171zolt\u00f3 b\u00f3lintott, de az arca komoly maradt. \u201eIgen. Az orvosok szerint j\u00f3l lesz. Kis h\u00edj\u00e1n volt. Ha","og_url":"https:\/\/vengria.info\/?p=8821","article_published_time":"2026-03-14T08:27:20+00:00","article_modified_time":"2026-03-14T08:27:21+00:00","og_image":[{"width":424,"height":609,"url":"https:\/\/vengria.info\/wp-content\/uploads\/2026\/03\/a11adsi9aisudhnas-1.png","type":"image\/png"}],"author":"admin","twitter_card":"summary_large_image","twitter_misc":{"Written by":"admin","Est. reading time":"2 minutes"},"schema":{"@context":"https:\/\/schema.org","@graph":[{"@type":"Article","@id":"https:\/\/vengria.info\/?p=8821#article","isPartOf":{"@id":"https:\/\/vengria.info\/?p=8821"},"author":{"name":"admin","@id":"https:\/\/vengria.info\/#\/schema\/person\/b815b04a6b1fb36a2d064955a92f68d4"},"headline":"\u00c9reztem, hogy \u00f6sszeszorul a mellkasom.","datePublished":"2026-03-14T08:27:20+00:00","dateModified":"2026-03-14T08:27:21+00:00","mainEntityOfPage":{"@id":"https:\/\/vengria.info\/?p=8821"},"wordCount":548,"commentCount":0,"image":{"@id":"https:\/\/vengria.info\/?p=8821#primaryimage"},"thumbnailUrl":"https:\/\/vengria.info\/wp-content\/uploads\/2026\/03\/a11adsi9aisudhnas-1.png","articleSection":["NEWS","VIDEO"],"inLanguage":"en-US","potentialAction":[{"@type":"CommentAction","name":"Comment","target":["https:\/\/vengria.info\/?p=8821#respond"]}]},{"@type":"WebPage","@id":"https:\/\/vengria.info\/?p=8821","url":"https:\/\/vengria.info\/?p=8821","name":"\u00c9reztem, hogy \u00f6sszeszorul a mellkasom. -","isPartOf":{"@id":"https:\/\/vengria.info\/#website"},"primaryImageOfPage":{"@id":"https:\/\/vengria.info\/?p=8821#primaryimage"},"image":{"@id":"https:\/\/vengria.info\/?p=8821#primaryimage"},"thumbnailUrl":"https:\/\/vengria.info\/wp-content\/uploads\/2026\/03\/a11adsi9aisudhnas-1.png","datePublished":"2026-03-14T08:27:20+00:00","dateModified":"2026-03-14T08:27:21+00:00","author":{"@id":"https:\/\/vengria.info\/#\/schema\/person\/b815b04a6b1fb36a2d064955a92f68d4"},"breadcrumb":{"@id":"https:\/\/vengria.info\/?p=8821#breadcrumb"},"inLanguage":"en-US","potentialAction":[{"@type":"ReadAction","target":["https:\/\/vengria.info\/?p=8821"]}]},{"@type":"ImageObject","inLanguage":"en-US","@id":"https:\/\/vengria.info\/?p=8821#primaryimage","url":"https:\/\/vengria.info\/wp-content\/uploads\/2026\/03\/a11adsi9aisudhnas-1.png","contentUrl":"https:\/\/vengria.info\/wp-content\/uploads\/2026\/03\/a11adsi9aisudhnas-1.png","width":424,"height":609},{"@type":"BreadcrumbList","@id":"https:\/\/vengria.info\/?p=8821#breadcrumb","itemListElement":[{"@type":"ListItem","position":1,"name":"Home","item":"https:\/\/vengria.info\/"},{"@type":"ListItem","position":2,"name":"\u00c9reztem, hogy \u00f6sszeszorul a mellkasom."}]},{"@type":"WebSite","@id":"https:\/\/vengria.info\/#website","url":"https:\/\/vengria.info\/","name":"","description":"","potentialAction":[{"@type":"SearchAction","target":{"@type":"EntryPoint","urlTemplate":"https:\/\/vengria.info\/?s={search_term_string}"},"query-input":{"@type":"PropertyValueSpecification","valueRequired":true,"valueName":"search_term_string"}}],"inLanguage":"en-US"},{"@type":"Person","@id":"https:\/\/vengria.info\/#\/schema\/person\/b815b04a6b1fb36a2d064955a92f68d4","name":"admin","image":{"@type":"ImageObject","inLanguage":"en-US","@id":"https:\/\/secure.gravatar.com\/avatar\/a29bad30ab19883c48927f9ee55a40d0d1a0c3c343bcef70ad9a0a9cb421f0fa?s=96&d=mm&r=g","url":"https:\/\/secure.gravatar.com\/avatar\/a29bad30ab19883c48927f9ee55a40d0d1a0c3c343bcef70ad9a0a9cb421f0fa?s=96&d=mm&r=g","contentUrl":"https:\/\/secure.gravatar.com\/avatar\/a29bad30ab19883c48927f9ee55a40d0d1a0c3c343bcef70ad9a0a9cb421f0fa?s=96&d=mm&r=g","caption":"admin"},"sameAs":["http:\/\/vengria.info"],"url":"https:\/\/vengria.info\/?author=1"}]}},"_links":{"self":[{"href":"https:\/\/vengria.info\/index.php?rest_route=\/wp\/v2\/posts\/8821","targetHints":{"allow":["GET"]}}],"collection":[{"href":"https:\/\/vengria.info\/index.php?rest_route=\/wp\/v2\/posts"}],"about":[{"href":"https:\/\/vengria.info\/index.php?rest_route=\/wp\/v2\/types\/post"}],"author":[{"embeddable":true,"href":"https:\/\/vengria.info\/index.php?rest_route=\/wp\/v2\/users\/1"}],"replies":[{"embeddable":true,"href":"https:\/\/vengria.info\/index.php?rest_route=%2Fwp%2Fv2%2Fcomments&post=8821"}],"version-history":[{"count":1,"href":"https:\/\/vengria.info\/index.php?rest_route=\/wp\/v2\/posts\/8821\/revisions"}],"predecessor-version":[{"id":8826,"href":"https:\/\/vengria.info\/index.php?rest_route=\/wp\/v2\/posts\/8821\/revisions\/8826"}],"wp:featuredmedia":[{"embeddable":true,"href":"https:\/\/vengria.info\/index.php?rest_route=\/wp\/v2\/media\/8825"}],"wp:attachment":[{"href":"https:\/\/vengria.info\/index.php?rest_route=%2Fwp%2Fv2%2Fmedia&parent=8821"}],"wp:term":[{"taxonomy":"category","embeddable":true,"href":"https:\/\/vengria.info\/index.php?rest_route=%2Fwp%2Fv2%2Fcategories&post=8821"},{"taxonomy":"post_tag","embeddable":true,"href":"https:\/\/vengria.info\/index.php?rest_route=%2Fwp%2Fv2%2Ftags&post=8821"}],"curies":[{"name":"wp","href":"https:\/\/api.w.org\/{rel}","templated":true}]}}