{"id":8799,"date":"2026-03-14T08:12:15","date_gmt":"2026-03-14T08:12:15","guid":{"rendered":"https:\/\/vengria.info\/?p=8799"},"modified":"2026-03-14T08:12:16","modified_gmt":"2026-03-14T08:12:16","slug":"huszonnegy-eves-vagyok-a-szuleim-elvaltak-amikor-kozepiskolas-voltam-nem-volt-bekes-valas-de-idovel-mindannyian-valahogy-hozzaszoktunk-az-uj-eletunkhoz-anyukam-nalunk-maradt-apukam-pedig-vegul-m","status":"publish","type":"post","link":"https:\/\/vengria.info\/?p=8799","title":{"rendered":"Huszonn\u00e9gy \u00e9ves vagyok. A sz\u00fcleim elv\u00e1ltak, amikor k\u00f6z\u00e9piskol\u00e1s voltam. Nem volt b\u00e9k\u00e9s v\u00e1l\u00e1s, de id\u0151vel mindannyian valahogy hozz\u00e1szoktunk az \u00faj \u00e9let\u00fcnkh\u00f6z. Anyuk\u00e1m n\u00e1lunk maradt, apuk\u00e1m pedig v\u00e9g\u00fcl megjelent egy Debra nev\u0171 n\u0151vel."},"content":{"rendered":"\n<p>Az els\u0151 napt\u00f3l kezdve vil\u00e1gos volt, hogy Debra nem csak apuk\u00e1m partnere akar lenni. Mindennek a r\u00e9sze akart lenni \u2013 \u00e9s gyakran \u00fagy \u00e9rezte, hogy versenyeznie kell anyuk\u00e1mmal.<\/p>\n\n\n\n<p>Ez a ballag\u00e1somon volt a legnyilv\u00e1nval\u00f3bb.<\/p>\n\n\n\n<p>Anyuk\u00e1m csendben j\u00f6tt, csak hogy l\u00e1ssa, ahogy \u00e1tveszem a diplom\u00e1mat. Debra egy felt\u0171n\u0151 ruh\u00e1ban jelent meg, \u00e9s sz\u00f3 szerint megpr\u00f3b\u00e1lt k\u00f6z\u00e9nk \u00e1llni a fot\u00f3z\u00e1s alatt. \u00dagy \u00e1llt, hogy n\u00e9h\u00e1nyszor kiszor\u00edtotta anyuk\u00e1mat a csoportk\u00e9pr\u0151l.<\/p>\n\n\n\n<p>Eml\u00e9kszem, hogy f\u00f6l\u00e9m hajolt, \u00e9s mosolygott: \u201eA h\u00e1rmunkr\u00f3l k\u00e9sz\u00fclt fot\u00f3k sokkal jobban n\u00e9znek ki. \u00dagy t\u0171nik, mintha k\u00e9t sz\u00fcl\u0151d lenne.\u201d<\/p>\n\n\n\n<p>Annyira megd\u00f6bbentem, hogy akkor m\u00e9g azt sem tudtam, mit mondjak.<\/p>\n\n\n\n<p>K\u00e9s\u0151bb besz\u00e9ltem apuk\u00e1mmal err\u0151l. K\u00f6ny\u00f6r\u00f6gtem neki, hogy magyar\u00e1zza el neki, hogy ez a viselked\u00e9s nem hely\u00e9nval\u00f3.<\/p>\n\n\n\n<p>Csak megvonta a v\u00e1ll\u00e1t.<\/p>\n\n\n\n<p>\u201eEz m\u00e1r csak ilyen\u201d \u2013 mondta. \u201eNem gondol semmit komolyan.\u201d<\/p>\n\n\n\n<p>De komolyan gondolt valamit. \u00c9s ezt minden alkalommal \u00e9reztem, amikor megpr\u00f3b\u00e1lta \u201eb\u00f3nusz anyuk\u00e1nak\u201d nevezni mag\u00e1t.<\/p>\n\n\n\n<p>Amikor eljegyeztek, sokat gondolkodtam azon, hogy kit h\u00edvjak meg. De v\u00e9g\u00fcl megh\u00edvtam ap\u00e1mat. \u00c9s vele egy\u00fctt persze Debr\u00e1t is.<\/p>\n\n\n\n<p>Az esk\u00fcv\u0151 el\u0151tt nagyon vil\u00e1gosan elbesz\u00e9lgettem ap\u00e1mmal.<\/p>\n\n\n\n<p>\u201eK\u00e9rlek\u201d \u2013 mondtam neki. \u201eCsak gy\u0151z\u0151dj meg r\u00f3la, hogy Debra aznap semmit sem kezd. Azt akarom, hogy csendes nap legyen.\u201d<\/p>\n\n\n\n<p>B\u00f3lintott. Meg\u00edg\u00e9rte, hogy besz\u00e9l vele.<\/p>\n\n\n\n<figure class=\"wp-block-image size-full is-resized\"><img loading=\"lazy\" decoding=\"async\" width=\"498\" height=\"454\" src=\"https:\/\/vengria.info\/wp-content\/uploads\/2026\/03\/a8qwdasbiuajsdj.png\" alt=\"\" class=\"wp-image-8801\" style=\"width:747px;height:auto\" srcset=\"https:\/\/vengria.info\/wp-content\/uploads\/2026\/03\/a8qwdasbiuajsdj.png 498w, https:\/\/vengria.info\/wp-content\/uploads\/2026\/03\/a8qwdasbiuajsdj-300x273.png 300w\" sizes=\"auto, (max-width: 498px) 100vw, 498px\" \/><\/figure>\n\n\n\n<p>\u00c9s akkor el\u00e9rkezett az esk\u00fcv\u0151 napja.<\/p>\n\n\n\n<p>A szertart\u00e1s gy\u00f6ny\u00f6r\u0171 volt. Egyszer\u0171, de tele \u00e9rzelemmel. Amikor a fogad\u00e1sra ment\u00fcnk, a vend\u00e9gek m\u00e1r az asztalukhoz \u00fcltek. A f\u0151asztaln\u00e1l a sz\u0171k csal\u00e1dtagoknak ter\u00edtettek meg \u00fcl\u0151helyek.<\/p>\n\n\n\n<p>Mellettem egy kis k\u00e1rtya volt, egyetlen sz\u00f3val:<\/p>\n\n\n\n<p>ANYA.<\/p>\n\n\n\n<p>Ez egy hely volt annak a n\u0151nek, aki felnevelt, aki \u00e9letem minden fontos pillanat\u00e1ban ott volt.<\/p>\n\n\n\n<p>Anyuk\u00e1m \u00e9ppen elfoglalta volna azt a helyet.<\/p>\n\n\n\n<p>Ekkor Debra megl\u00e1tta a t\u00e1bl\u00e1t.<\/p>\n\n\n\n<p>\u00c9s gyorsan odament az asztalhoz.<\/p>\n\n\n\n<p>Miel\u0151tt b\u00e1rki reag\u00e1lhatott volna, le\u00fclt. Nagy mosollyal n\u00e9zett r\u00e1m, mintha valami teljesen term\u00e9szetes dolgot tett volna.<\/p>\n\n\n\n<p>\u201e\u00c9n is olyan vagyok sz\u00e1modra, mint egy anya\u201d \u2013 mondta \u00e9des hangon. \u201eRem\u00e9lem, nem b\u00e1nod.\u201d<\/p>\n\n\n\n<p>A terem egy pillanatra k\u00ednos csendbe borult.<\/p>\n\n\n\n<p>Az igazi anyuk\u00e1m megdermedt. P\u00e1r m\u00e9terre \u00e1llt az asztalt\u00f3l, \u00e9s l\u00e1ttam, hogy pr\u00f3b\u00e1l nyugodtnak l\u00e1tszani, pedig egy\u00e9rtelm\u0171en f\u00e1jt neki.<\/p>\n\n\n\n<p>Teljesen megn\u00e9multam.<\/p>\n\n\n\n<p>Ekkor apuk\u00e1m fel\u00e1llt a sz\u00e9k\u00e9r\u0151l.<\/p>\n\n\n\n<p>Azt gondoltam magamban: v\u00e9gre. V\u00e9gre megmondja neki, hogy mozduljon.<\/p>\n\n\n\n<p>De nem tette.<\/p>\n\n\n\n<p>Apa r\u00e1 sem n\u00e9zett Debr\u00e1ra.<\/p>\n\n\n\n<p>Ehelyett odal\u00e9pett anyuk\u00e1mhoz, aki m\u00e9g mindig a k\u00f6zelben \u00e1llt. Gyeng\u00e9den a v\u00e1ll\u00e1ra tette a kez\u00e9t.<\/p>\n\n\n\n<p>\u2013 Gyere \u2013 mondta halkan.<\/p>\n\n\n\n<p>Elvette az asztalr\u00f3l az \u201eANYA\u201d felirat\u00fa k\u00e1rty\u00e1t, h\u00e1tras\u00e9t\u00e1lt, \u00e9s a mellettem l\u00e9v\u0151 \u00fcres sz\u00e9k el\u00e9 tette.<\/p>\n\n\n\n<p>Azt\u00e1n v\u00e9gre Debr\u00e1ra n\u00e9zett.<\/p>\n\n\n\n<p>A hangja nem volt hangos, de hat\u00e1rozott.<\/p>\n\n\n\n<p>\u2013 Ez a hely nem a ti\u00e9d.<\/p>\n\n\n\n<p>Debra meglepettnek t\u0171nt.<\/p>\n\n\n\n<p>\u2013 De \u00e9n csak\u2026<\/p>\n\n\n\n<p>Apa f\u00e9lbeszak\u00edtotta.<\/p>\n\n\n\n<p>\u2013 \u0150 az anyuk\u00e1ja \u2013 mondta, \u00e9s biccentett a n\u0151 fel\u00e9, aki eg\u00e9sz \u00e9letemben felnevelt. \u2013 \u00c9s ma van az \u0151 napja.<\/p>\n\n\n\n<p>A teremben teljes csend volt.<\/p>\n\n\n\n<p>Debra lassan fel\u00e1llt. Er\u0151ltetett mosoly suhant \u00e1t az arc\u00e1ra, de ez\u00fattal nem sz\u00f3lt semmit. \u00c1tment egy m\u00e1sik asztalhoz.<\/p>\n\n\n\n<p>Apa arr\u00e9bb tette a sz\u00e9ket, hogy anyuk\u00e1m le\u00fclhessen mell\u00e9m.<\/p>\n\n\n\n<p>Amikor le\u00fclt, r\u00f6viden megfogta a kezem.<\/p>\n\n\n\n<p>Az a nap tele volt nagyszer\u0171 pillanatokkal.<\/p>\n\n\n\n<p>De volt egy, amire \u00f6r\u00f6kre eml\u00e9kezni fogok.<\/p>\n\n\n\n<p>\u00c9vek \u00f3ta el\u0151sz\u00f6r ap\u00e1m v\u00e9gre meg\u00e9rtette, hogy n\u00e9ha nem el\u00e9g csak megvonni a v\u00e1ll\u00e1t, \u00e9s azt mondani, hogy \u201e\u0150 egyszer\u0171en ilyen.\u201d<\/p>\n","protected":false},"excerpt":{"rendered":"Az els\u0151 napt\u00f3l kezdve vil\u00e1gos volt, hogy Debra nem csak apuk\u00e1m partnere akar lenni. Mindennek a r\u00e9sze akart lenni \u2013 \u00e9s gyakran \u00fagy \n<a class=\"moretag\" href=\"https:\/\/vengria.info\/?p=8799\"> [...]<\/a>","protected":false},"author":1,"featured_media":8801,"comment_status":"open","ping_status":"open","sticky":false,"template":"","format":"standard","meta":{"footnotes":""},"categories":[1,2],"tags":[],"class_list":["post-8799","post","type-post","status-publish","format-standard","has-post-thumbnail","hentry","category-news","category-video"],"yoast_head":"<!-- This site is optimized with the Yoast SEO plugin v27.3 - https:\/\/yoast.com\/product\/yoast-seo-wordpress\/ -->\n<title>Huszonn\u00e9gy \u00e9ves vagyok. A sz\u00fcleim elv\u00e1ltak, amikor k\u00f6z\u00e9piskol\u00e1s voltam. Nem volt b\u00e9k\u00e9s v\u00e1l\u00e1s, de id\u0151vel mindannyian valahogy hozz\u00e1szoktunk az \u00faj \u00e9let\u00fcnkh\u00f6z. Anyuk\u00e1m n\u00e1lunk maradt, apuk\u00e1m pedig v\u00e9g\u00fcl megjelent egy Debra nev\u0171 n\u0151vel. -<\/title>\n<meta name=\"robots\" content=\"index, follow, max-snippet:-1, max-image-preview:large, max-video-preview:-1\" \/>\n<link rel=\"canonical\" href=\"https:\/\/vengria.info\/?p=8799\" \/>\n<meta property=\"og:locale\" content=\"en_US\" \/>\n<meta property=\"og:type\" content=\"article\" \/>\n<meta property=\"og:title\" content=\"Huszonn\u00e9gy \u00e9ves vagyok. A sz\u00fcleim elv\u00e1ltak, amikor k\u00f6z\u00e9piskol\u00e1s voltam. Nem volt b\u00e9k\u00e9s v\u00e1l\u00e1s, de id\u0151vel mindannyian valahogy hozz\u00e1szoktunk az \u00faj \u00e9let\u00fcnkh\u00f6z. Anyuk\u00e1m n\u00e1lunk maradt, apuk\u00e1m pedig v\u00e9g\u00fcl megjelent egy Debra nev\u0171 n\u0151vel. -\" \/>\n<meta property=\"og:description\" content=\"Az els\u0151 napt\u00f3l kezdve vil\u00e1gos volt, hogy Debra nem csak apuk\u00e1m partnere akar lenni. Mindennek a r\u00e9sze akart lenni \u2013 \u00e9s gyakran \u00fagy\" \/>\n<meta property=\"og:url\" content=\"https:\/\/vengria.info\/?p=8799\" \/>\n<meta property=\"article:published_time\" content=\"2026-03-14T08:12:15+00:00\" \/>\n<meta property=\"article:modified_time\" content=\"2026-03-14T08:12:16+00:00\" \/>\n<meta property=\"og:image\" content=\"https:\/\/vengria.info\/wp-content\/uploads\/2026\/03\/a8qwdasbiuajsdj.png\" \/>\n\t<meta property=\"og:image:width\" content=\"498\" \/>\n\t<meta property=\"og:image:height\" content=\"454\" \/>\n\t<meta property=\"og:image:type\" content=\"image\/png\" \/>\n<meta name=\"author\" content=\"admin\" \/>\n<meta name=\"twitter:card\" content=\"summary_large_image\" \/>\n<meta name=\"twitter:label1\" content=\"Written by\" \/>\n\t<meta name=\"twitter:data1\" content=\"admin\" \/>\n\t<meta name=\"twitter:label2\" content=\"Est. reading time\" \/>\n\t<meta name=\"twitter:data2\" content=\"3 minutes\" \/>\n<script type=\"application\/ld+json\" class=\"yoast-schema-graph\">{\"@context\":\"https:\\\/\\\/schema.org\",\"@graph\":[{\"@type\":\"Article\",\"@id\":\"https:\\\/\\\/vengria.info\\\/?p=8799#article\",\"isPartOf\":{\"@id\":\"https:\\\/\\\/vengria.info\\\/?p=8799\"},\"author\":{\"name\":\"admin\",\"@id\":\"https:\\\/\\\/vengria.info\\\/#\\\/schema\\\/person\\\/b815b04a6b1fb36a2d064955a92f68d4\"},\"headline\":\"Huszonn\u00e9gy \u00e9ves vagyok. A sz\u00fcleim elv\u00e1ltak, amikor k\u00f6z\u00e9piskol\u00e1s voltam. Nem volt b\u00e9k\u00e9s v\u00e1l\u00e1s, de id\u0151vel mindannyian valahogy hozz\u00e1szoktunk az \u00faj \u00e9let\u00fcnkh\u00f6z. Anyuk\u00e1m n\u00e1lunk maradt, apuk\u00e1m pedig v\u00e9g\u00fcl megjelent egy Debra nev\u0171 n\u0151vel.\",\"datePublished\":\"2026-03-14T08:12:15+00:00\",\"dateModified\":\"2026-03-14T08:12:16+00:00\",\"mainEntityOfPage\":{\"@id\":\"https:\\\/\\\/vengria.info\\\/?p=8799\"},\"wordCount\":730,\"commentCount\":0,\"image\":{\"@id\":\"https:\\\/\\\/vengria.info\\\/?p=8799#primaryimage\"},\"thumbnailUrl\":\"https:\\\/\\\/vengria.info\\\/wp-content\\\/uploads\\\/2026\\\/03\\\/a8qwdasbiuajsdj.png\",\"articleSection\":[\"NEWS\",\"VIDEO\"],\"inLanguage\":\"en-US\",\"potentialAction\":[{\"@type\":\"CommentAction\",\"name\":\"Comment\",\"target\":[\"https:\\\/\\\/vengria.info\\\/?p=8799#respond\"]}]},{\"@type\":\"WebPage\",\"@id\":\"https:\\\/\\\/vengria.info\\\/?p=8799\",\"url\":\"https:\\\/\\\/vengria.info\\\/?p=8799\",\"name\":\"Huszonn\u00e9gy \u00e9ves vagyok. A sz\u00fcleim elv\u00e1ltak, amikor k\u00f6z\u00e9piskol\u00e1s voltam. Nem volt b\u00e9k\u00e9s v\u00e1l\u00e1s, de id\u0151vel mindannyian valahogy hozz\u00e1szoktunk az \u00faj \u00e9let\u00fcnkh\u00f6z. Anyuk\u00e1m n\u00e1lunk maradt, apuk\u00e1m pedig v\u00e9g\u00fcl megjelent egy Debra nev\u0171 n\u0151vel. -\",\"isPartOf\":{\"@id\":\"https:\\\/\\\/vengria.info\\\/#website\"},\"primaryImageOfPage\":{\"@id\":\"https:\\\/\\\/vengria.info\\\/?p=8799#primaryimage\"},\"image\":{\"@id\":\"https:\\\/\\\/vengria.info\\\/?p=8799#primaryimage\"},\"thumbnailUrl\":\"https:\\\/\\\/vengria.info\\\/wp-content\\\/uploads\\\/2026\\\/03\\\/a8qwdasbiuajsdj.png\",\"datePublished\":\"2026-03-14T08:12:15+00:00\",\"dateModified\":\"2026-03-14T08:12:16+00:00\",\"author\":{\"@id\":\"https:\\\/\\\/vengria.info\\\/#\\\/schema\\\/person\\\/b815b04a6b1fb36a2d064955a92f68d4\"},\"breadcrumb\":{\"@id\":\"https:\\\/\\\/vengria.info\\\/?p=8799#breadcrumb\"},\"inLanguage\":\"en-US\",\"potentialAction\":[{\"@type\":\"ReadAction\",\"target\":[\"https:\\\/\\\/vengria.info\\\/?p=8799\"]}]},{\"@type\":\"ImageObject\",\"inLanguage\":\"en-US\",\"@id\":\"https:\\\/\\\/vengria.info\\\/?p=8799#primaryimage\",\"url\":\"https:\\\/\\\/vengria.info\\\/wp-content\\\/uploads\\\/2026\\\/03\\\/a8qwdasbiuajsdj.png\",\"contentUrl\":\"https:\\\/\\\/vengria.info\\\/wp-content\\\/uploads\\\/2026\\\/03\\\/a8qwdasbiuajsdj.png\",\"width\":498,\"height\":454},{\"@type\":\"BreadcrumbList\",\"@id\":\"https:\\\/\\\/vengria.info\\\/?p=8799#breadcrumb\",\"itemListElement\":[{\"@type\":\"ListItem\",\"position\":1,\"name\":\"Home\",\"item\":\"https:\\\/\\\/vengria.info\\\/\"},{\"@type\":\"ListItem\",\"position\":2,\"name\":\"Huszonn\u00e9gy \u00e9ves vagyok. A sz\u00fcleim elv\u00e1ltak, amikor k\u00f6z\u00e9piskol\u00e1s voltam. Nem volt b\u00e9k\u00e9s v\u00e1l\u00e1s, de id\u0151vel mindannyian valahogy hozz\u00e1szoktunk az \u00faj \u00e9let\u00fcnkh\u00f6z. Anyuk\u00e1m n\u00e1lunk maradt, apuk\u00e1m pedig v\u00e9g\u00fcl megjelent egy Debra nev\u0171 n\u0151vel.\"}]},{\"@type\":\"WebSite\",\"@id\":\"https:\\\/\\\/vengria.info\\\/#website\",\"url\":\"https:\\\/\\\/vengria.info\\\/\",\"name\":\"\",\"description\":\"\",\"potentialAction\":[{\"@type\":\"SearchAction\",\"target\":{\"@type\":\"EntryPoint\",\"urlTemplate\":\"https:\\\/\\\/vengria.info\\\/?s={search_term_string}\"},\"query-input\":{\"@type\":\"PropertyValueSpecification\",\"valueRequired\":true,\"valueName\":\"search_term_string\"}}],\"inLanguage\":\"en-US\"},{\"@type\":\"Person\",\"@id\":\"https:\\\/\\\/vengria.info\\\/#\\\/schema\\\/person\\\/b815b04a6b1fb36a2d064955a92f68d4\",\"name\":\"admin\",\"image\":{\"@type\":\"ImageObject\",\"inLanguage\":\"en-US\",\"@id\":\"https:\\\/\\\/secure.gravatar.com\\\/avatar\\\/a29bad30ab19883c48927f9ee55a40d0d1a0c3c343bcef70ad9a0a9cb421f0fa?s=96&d=mm&r=g\",\"url\":\"https:\\\/\\\/secure.gravatar.com\\\/avatar\\\/a29bad30ab19883c48927f9ee55a40d0d1a0c3c343bcef70ad9a0a9cb421f0fa?s=96&d=mm&r=g\",\"contentUrl\":\"https:\\\/\\\/secure.gravatar.com\\\/avatar\\\/a29bad30ab19883c48927f9ee55a40d0d1a0c3c343bcef70ad9a0a9cb421f0fa?s=96&d=mm&r=g\",\"caption\":\"admin\"},\"sameAs\":[\"http:\\\/\\\/vengria.info\"],\"url\":\"https:\\\/\\\/vengria.info\\\/?author=1\"}]}<\/script>\n<!-- \/ Yoast SEO plugin. -->","yoast_head_json":{"title":"Huszonn\u00e9gy \u00e9ves vagyok. A sz\u00fcleim elv\u00e1ltak, amikor k\u00f6z\u00e9piskol\u00e1s voltam. Nem volt b\u00e9k\u00e9s v\u00e1l\u00e1s, de id\u0151vel mindannyian valahogy hozz\u00e1szoktunk az \u00faj \u00e9let\u00fcnkh\u00f6z. Anyuk\u00e1m n\u00e1lunk maradt, apuk\u00e1m pedig v\u00e9g\u00fcl megjelent egy Debra nev\u0171 n\u0151vel. -","robots":{"index":"index","follow":"follow","max-snippet":"max-snippet:-1","max-image-preview":"max-image-preview:large","max-video-preview":"max-video-preview:-1"},"canonical":"https:\/\/vengria.info\/?p=8799","og_locale":"en_US","og_type":"article","og_title":"Huszonn\u00e9gy \u00e9ves vagyok. A sz\u00fcleim elv\u00e1ltak, amikor k\u00f6z\u00e9piskol\u00e1s voltam. Nem volt b\u00e9k\u00e9s v\u00e1l\u00e1s, de id\u0151vel mindannyian valahogy hozz\u00e1szoktunk az \u00faj \u00e9let\u00fcnkh\u00f6z. Anyuk\u00e1m n\u00e1lunk maradt, apuk\u00e1m pedig v\u00e9g\u00fcl megjelent egy Debra nev\u0171 n\u0151vel. -","og_description":"Az els\u0151 napt\u00f3l kezdve vil\u00e1gos volt, hogy Debra nem csak apuk\u00e1m partnere akar lenni. Mindennek a r\u00e9sze akart lenni \u2013 \u00e9s gyakran \u00fagy","og_url":"https:\/\/vengria.info\/?p=8799","article_published_time":"2026-03-14T08:12:15+00:00","article_modified_time":"2026-03-14T08:12:16+00:00","og_image":[{"width":498,"height":454,"url":"https:\/\/vengria.info\/wp-content\/uploads\/2026\/03\/a8qwdasbiuajsdj.png","type":"image\/png"}],"author":"admin","twitter_card":"summary_large_image","twitter_misc":{"Written by":"admin","Est. reading time":"3 minutes"},"schema":{"@context":"https:\/\/schema.org","@graph":[{"@type":"Article","@id":"https:\/\/vengria.info\/?p=8799#article","isPartOf":{"@id":"https:\/\/vengria.info\/?p=8799"},"author":{"name":"admin","@id":"https:\/\/vengria.info\/#\/schema\/person\/b815b04a6b1fb36a2d064955a92f68d4"},"headline":"Huszonn\u00e9gy \u00e9ves vagyok. A sz\u00fcleim elv\u00e1ltak, amikor k\u00f6z\u00e9piskol\u00e1s voltam. Nem volt b\u00e9k\u00e9s v\u00e1l\u00e1s, de id\u0151vel mindannyian valahogy hozz\u00e1szoktunk az \u00faj \u00e9let\u00fcnkh\u00f6z. Anyuk\u00e1m n\u00e1lunk maradt, apuk\u00e1m pedig v\u00e9g\u00fcl megjelent egy Debra nev\u0171 n\u0151vel.","datePublished":"2026-03-14T08:12:15+00:00","dateModified":"2026-03-14T08:12:16+00:00","mainEntityOfPage":{"@id":"https:\/\/vengria.info\/?p=8799"},"wordCount":730,"commentCount":0,"image":{"@id":"https:\/\/vengria.info\/?p=8799#primaryimage"},"thumbnailUrl":"https:\/\/vengria.info\/wp-content\/uploads\/2026\/03\/a8qwdasbiuajsdj.png","articleSection":["NEWS","VIDEO"],"inLanguage":"en-US","potentialAction":[{"@type":"CommentAction","name":"Comment","target":["https:\/\/vengria.info\/?p=8799#respond"]}]},{"@type":"WebPage","@id":"https:\/\/vengria.info\/?p=8799","url":"https:\/\/vengria.info\/?p=8799","name":"Huszonn\u00e9gy \u00e9ves vagyok. A sz\u00fcleim elv\u00e1ltak, amikor k\u00f6z\u00e9piskol\u00e1s voltam. Nem volt b\u00e9k\u00e9s v\u00e1l\u00e1s, de id\u0151vel mindannyian valahogy hozz\u00e1szoktunk az \u00faj \u00e9let\u00fcnkh\u00f6z. Anyuk\u00e1m n\u00e1lunk maradt, apuk\u00e1m pedig v\u00e9g\u00fcl megjelent egy Debra nev\u0171 n\u0151vel. -","isPartOf":{"@id":"https:\/\/vengria.info\/#website"},"primaryImageOfPage":{"@id":"https:\/\/vengria.info\/?p=8799#primaryimage"},"image":{"@id":"https:\/\/vengria.info\/?p=8799#primaryimage"},"thumbnailUrl":"https:\/\/vengria.info\/wp-content\/uploads\/2026\/03\/a8qwdasbiuajsdj.png","datePublished":"2026-03-14T08:12:15+00:00","dateModified":"2026-03-14T08:12:16+00:00","author":{"@id":"https:\/\/vengria.info\/#\/schema\/person\/b815b04a6b1fb36a2d064955a92f68d4"},"breadcrumb":{"@id":"https:\/\/vengria.info\/?p=8799#breadcrumb"},"inLanguage":"en-US","potentialAction":[{"@type":"ReadAction","target":["https:\/\/vengria.info\/?p=8799"]}]},{"@type":"ImageObject","inLanguage":"en-US","@id":"https:\/\/vengria.info\/?p=8799#primaryimage","url":"https:\/\/vengria.info\/wp-content\/uploads\/2026\/03\/a8qwdasbiuajsdj.png","contentUrl":"https:\/\/vengria.info\/wp-content\/uploads\/2026\/03\/a8qwdasbiuajsdj.png","width":498,"height":454},{"@type":"BreadcrumbList","@id":"https:\/\/vengria.info\/?p=8799#breadcrumb","itemListElement":[{"@type":"ListItem","position":1,"name":"Home","item":"https:\/\/vengria.info\/"},{"@type":"ListItem","position":2,"name":"Huszonn\u00e9gy \u00e9ves vagyok. A sz\u00fcleim elv\u00e1ltak, amikor k\u00f6z\u00e9piskol\u00e1s voltam. Nem volt b\u00e9k\u00e9s v\u00e1l\u00e1s, de id\u0151vel mindannyian valahogy hozz\u00e1szoktunk az \u00faj \u00e9let\u00fcnkh\u00f6z. Anyuk\u00e1m n\u00e1lunk maradt, apuk\u00e1m pedig v\u00e9g\u00fcl megjelent egy Debra nev\u0171 n\u0151vel."}]},{"@type":"WebSite","@id":"https:\/\/vengria.info\/#website","url":"https:\/\/vengria.info\/","name":"","description":"","potentialAction":[{"@type":"SearchAction","target":{"@type":"EntryPoint","urlTemplate":"https:\/\/vengria.info\/?s={search_term_string}"},"query-input":{"@type":"PropertyValueSpecification","valueRequired":true,"valueName":"search_term_string"}}],"inLanguage":"en-US"},{"@type":"Person","@id":"https:\/\/vengria.info\/#\/schema\/person\/b815b04a6b1fb36a2d064955a92f68d4","name":"admin","image":{"@type":"ImageObject","inLanguage":"en-US","@id":"https:\/\/secure.gravatar.com\/avatar\/a29bad30ab19883c48927f9ee55a40d0d1a0c3c343bcef70ad9a0a9cb421f0fa?s=96&d=mm&r=g","url":"https:\/\/secure.gravatar.com\/avatar\/a29bad30ab19883c48927f9ee55a40d0d1a0c3c343bcef70ad9a0a9cb421f0fa?s=96&d=mm&r=g","contentUrl":"https:\/\/secure.gravatar.com\/avatar\/a29bad30ab19883c48927f9ee55a40d0d1a0c3c343bcef70ad9a0a9cb421f0fa?s=96&d=mm&r=g","caption":"admin"},"sameAs":["http:\/\/vengria.info"],"url":"https:\/\/vengria.info\/?author=1"}]}},"_links":{"self":[{"href":"https:\/\/vengria.info\/index.php?rest_route=\/wp\/v2\/posts\/8799","targetHints":{"allow":["GET"]}}],"collection":[{"href":"https:\/\/vengria.info\/index.php?rest_route=\/wp\/v2\/posts"}],"about":[{"href":"https:\/\/vengria.info\/index.php?rest_route=\/wp\/v2\/types\/post"}],"author":[{"embeddable":true,"href":"https:\/\/vengria.info\/index.php?rest_route=\/wp\/v2\/users\/1"}],"replies":[{"embeddable":true,"href":"https:\/\/vengria.info\/index.php?rest_route=%2Fwp%2Fv2%2Fcomments&post=8799"}],"version-history":[{"count":1,"href":"https:\/\/vengria.info\/index.php?rest_route=\/wp\/v2\/posts\/8799\/revisions"}],"predecessor-version":[{"id":8803,"href":"https:\/\/vengria.info\/index.php?rest_route=\/wp\/v2\/posts\/8799\/revisions\/8803"}],"wp:featuredmedia":[{"embeddable":true,"href":"https:\/\/vengria.info\/index.php?rest_route=\/wp\/v2\/media\/8801"}],"wp:attachment":[{"href":"https:\/\/vengria.info\/index.php?rest_route=%2Fwp%2Fv2%2Fmedia&parent=8799"}],"wp:term":[{"taxonomy":"category","embeddable":true,"href":"https:\/\/vengria.info\/index.php?rest_route=%2Fwp%2Fv2%2Fcategories&post=8799"},{"taxonomy":"post_tag","embeddable":true,"href":"https:\/\/vengria.info\/index.php?rest_route=%2Fwp%2Fv2%2Ftags&post=8799"}],"curies":[{"name":"wp","href":"https:\/\/api.w.org\/{rel}","templated":true}]}}