{"id":8785,"date":"2026-03-13T19:08:19","date_gmt":"2026-03-13T19:08:19","guid":{"rendered":"https:\/\/vengria.info\/?p=8785"},"modified":"2026-03-13T19:08:21","modified_gmt":"2026-03-13T19:08:21","slug":"amikor-kozepiskolaba-jartam-mr-harper-egyike-volt-azoknak-a-tanaroknak-akiket-a-diakok-soha-nem-felejtenek-el","status":"publish","type":"post","link":"https:\/\/vengria.info\/?p=8785","title":{"rendered":"Amikor k\u00f6z\u00e9piskol\u00e1ba j\u00e1rtam, Mr. Harper egyike volt azoknak a tan\u00e1roknak, akiket a di\u00e1kok soha nem felejtenek el."},"content":{"rendered":"\n<p>Nem sokkal volt id\u0151sebb n\u00e9h\u00e1ny v\u00e9gz\u0151sn\u00e9l, de hihetetlen energi\u00e1ja volt. T\u00f6rt\u00e9nelem\u00f3r\u00e1in a t\u00f6rt\u00e9nelem sosem csak d\u00e1tumok \u00e9s nevek list\u00e1ja volt. T\u00f6rt\u00e9neteket mes\u00e9lt, t\u00f6rt\u00e9nelmi helyzeteket j\u00e1tszott el, \u00e9s siker\u00fclt \u00fagy gondolkoznunk a m\u00falton, mintha most t\u00f6rt\u00e9nne.<\/p>\n\n\n\n<p>Sz\u00e1momra egyszer\u0171en egy j\u00f3 tan\u00e1r volt. Kedves, t\u00fcrelmes \u00e9s inspir\u00e1l\u00f3. Semmi t\u00f6bb.<\/p>\n\n\n\n<p>A k\u00f6z\u00e9piskola ut\u00e1n \u00fatjaink elv\u00e1ltak. A v\u00e1rosba mentem f\u0151iskol\u00e1ra. A n\u00e9gy \u00e9v gyorsan eltelt. A f\u0151iskola ut\u00e1n munk\u00e1t tal\u00e1ltam, megpr\u00f3b\u00e1ltam karriert \u00e9p\u00edteni, \u00e9s \u00e9lni azt a gyors temp\u00f3j\u00fa v\u00e1rosi \u00e9letet, amir\u0151l valaha azt hittem, hogy az \u00e1lmom.<\/p>\n\n\n\n<p>De fokozatosan elkezdtem \u00e9rezni, hogy az \u00e9let kimer\u00edt. Az \u00e1lland\u00f3 zaj, rohan\u00e1s \u00e9s nyom\u00e1s kezdett megfojtani. Huszonn\u00e9gy \u00e9vesen egy olyan d\u00f6nt\u00e9st hoztam, ami sokakat meglepett \u2013 visszat\u00e9rtem a sz\u00fcl\u0151v\u00e1rosomba.<\/p>\n\n\n\n<p>Egy szombat reggel elmentem a termel\u0151i piacra friss z\u00f6lds\u00e9get venni. A standok k\u00f6z\u00f6tt s\u00e9t\u00e1ltam, amikor egy hangot hallottam magam m\u00f6g\u00f6tt.<\/p>\n\n\n\n<p>\u201eClaire? Maga az?\u201d<\/p>\n\n\n\n<p>Megfordultam.<\/p>\n\n\n\n<p>Ott \u00e1llt Mr. Harper.<\/p>\n\n\n\n<p>De abban a pillanatban m\u00e1r nem \u201eMr. Harper\u201d volt. Leo volt. Egy harminck\u00e9t \u00e9ves f\u00e9rfi, bar\u00e1ts\u00e1gos mosollyal \u00e9s finom r\u00e1ncokkal a szeme k\u00f6r\u00fcl. Olyan ny\u00edltnak \u00e9s term\u00e9szetesnek t\u0171nt, mint amilyenre az iskol\u00e1b\u00f3l eml\u00e9keztem.<\/p>\n\n\n\n<p>Egy pillanatig csak meglepetten n\u00e9zt\u00fcnk egym\u00e1sra, azt\u00e1n mindketten hangosan felnevett\u00fcnk.<\/p>\n\n\n\n<p>Besz\u00e9lgetni kezdt\u00fcnk. El\u0151sz\u00f6r csak p\u00e1r percet sz\u00fcnetet tartottunk a standok k\u00f6z\u00f6tt. Azt\u00e1n \u00fagy d\u00f6nt\u00f6tt\u00fcnk, hogy elmegy\u00fcnk k\u00e1v\u00e9zni, mert annyi mindenr\u0151l kellett volna besz\u00e9ln\u00fcnk.<\/p>\n\n\n\n<p>A t\u00edz percig tart\u00f3 tal\u00e1lkoz\u00f3 az eg\u00e9sz d\u00e9lut\u00e1nra kiterjedt.<\/p>\n\n\n\n<figure class=\"wp-block-image size-full is-resized\"><img loading=\"lazy\" decoding=\"async\" width=\"497\" height=\"614\" src=\"https:\/\/vengria.info\/wp-content\/uploads\/2026\/03\/a6asdeadsgvjdas.png\" alt=\"\" class=\"wp-image-8787\" style=\"width:747px;height:auto\" srcset=\"https:\/\/vengria.info\/wp-content\/uploads\/2026\/03\/a6asdeadsgvjdas.png 497w, https:\/\/vengria.info\/wp-content\/uploads\/2026\/03\/a6asdeadsgvjdas-243x300.png 243w\" sizes=\"auto, (max-width: 497px) 100vw, 497px\" \/><\/figure>\n\n\n\n<p>Att\u00f3l a pillanatt\u00f3l kezdve egyre gyakrabban kezdt\u00fcnk tal\u00e1lkozni. El\u0151sz\u00f6r r\u00e9gi ismer\u0151s\u00f6kk\u00e9nt. Arr\u00f3l besz\u00e9lgett\u00fcnk, amit az \u00e9vek sor\u00e1n megtapasztaltunk. Leo mes\u00e9lt nek\u00fcnk az iskol\u00e1ban v\u00e9gzett munk\u00e1j\u00e1r\u00f3l, arr\u00f3l, hogyan pr\u00f3b\u00e1lja megtan\u00edtani a di\u00e1kokat a gondolkod\u00e1sra, nem csak a memoriz\u00e1l\u00e1sra.<\/p>\n\n\n\n<p>Mes\u00e9ltem neki a v\u00e1rosr\u00f3l, a tanulm\u00e1nyaimr\u00f3l, \u00e9s az \u00e1lmomr\u00f3l, hogy egy nap elind\u00edtok egy kisv\u00e1llalkoz\u00e1st.<\/p>\n\n\n\n<p>A k\u00e1v\u00e9z\u00e1sb\u00f3l vacsor\u00e1k lettek. A vacsor\u00e1kb\u00f3l hossz\u00fa esti s\u00e9t\u00e1k. A s\u00e9t\u00e1kb\u00f3l valami m\u00e9lyebb lett, amit eleinte m\u00e9g egym\u00e1snak sem akartunk bevallani.<\/p>\n\n\n\n<p>A h\u00e9t \u00e9v kork\u00fcl\u00f6nbs\u00e9g hirtelen nem sz\u00e1m\u00edtott.<\/p>\n\n\n\n<p>Huszon\u00f6t \u00e9vesen elv\u00e1laszthatatlanok voltunk.<\/p>\n\n\n\n<p>Egy \u00e9vvel k\u00e9s\u0151bb egy \u00f6reg t\u00f6lgyfa alatt \u00e1lltunk a sz\u00fcleim kertj\u00e9ben, \u00e9s meg\u00edg\u00e9rt\u00fck egym\u00e1snak, hogy mindent \u00e1t\u00e9l\u00fcnk, amit az \u00e9let hoz. Az esk\u00fcv\u0151nk egyszer\u0171 volt. Nem volt nagy szertart\u00e1s, semmi extravag\u00e1nskod\u00e1s. Csak csal\u00e1d, n\u00e9h\u00e1ny bar\u00e1t, nevet\u00e9s, \u00e9s az \u00e9rz\u00e9s, hogy minden pontosan \u00fagy van, ahogy lennie kell.<\/p>\n\n\n\n<p>Biztos voltam benne, hogy helyes d\u00f6nt\u00e9st hoztam.<\/p>\n\n\n\n<p>Aznap este visszat\u00e9rt\u00fcnk a kis h\u00e1zba, amit nemr\u00e9g b\u00e9relt\u00fcnk. K\u00e9s\u0151re j\u00e1rt. Az esk\u00fcv\u0151 gy\u00f6ny\u00f6r\u0171 volt, de hossz\u00fa \u00e9s \u00e9rzelmes is.<\/p>\n\n\n\n<p>Egy pillanatnyi csend lett, amikor becsuktuk a h\u00e1l\u00f3szoba ajtaj\u00e1t.<\/p>\n\n\n\n<p>Leo elmosolyodott, \u00e9s \u00e1tny\u00fajtott nekem egy kis dobozt.<\/p>\n\n\n\n<p>\u201eM\u00e9g egy esk\u00fcv\u0151i aj\u00e1nd\u00e9k\u201d \u2013 mondta.<\/p>\n\n\n\n<p>\u00d3vatosan nyitottam ki. Egy r\u00e9gi ez\u00fcst med\u00e1l volt benne egy v\u00e9kony l\u00e1ncon. Els\u0151 pillant\u00e1sra nagyon egyszer\u0171nek t\u0171nt, de amikor megford\u00edtottam, egy apr\u00f3 grav\u00edroz\u00e1st vettem \u00e9szre.<\/p>\n\n\n\n<p>Egy kis d\u00e1tum volt rajta.<\/p>\n\n\n\n<p>A diplomaoszt\u00f3m d\u00e1tuma.<\/p>\n\n\n\n<p>Meglep\u0151dve n\u00e9ztem Le\u00f3ra.<\/p>\n\n\n\n<p>\u201eEml\u00e9kszel erre?\u201d \u2013 k\u00e9rdeztem.<\/p>\n\n\n\n<p>B\u00f3lintott.<\/p>\n\n\n\n<p>\u201eEz volt az a nap, amikor r\u00e1j\u00f6ttem, hogy m\u00e1r nem csak a tan\u00edtv\u00e1nyom vagy\u201d \u2013 mondta nyugodtan. \u201eHanem valaki, akivel tal\u00e1n egyszer \u00fajra tal\u00e1lkozom.\u201d<\/p>\n\n\n\n<p>\u00c9reztem, hogy kicsit remeg a kezem. Az eg\u00e9sz nap tele volt \u00e9rzelmekkel, \u00e9s most minden \u00fajra eszembe jutott.<\/p>\n\n\n\n<p>Fel\u00fcltem az \u00e1gyon, \u00e9s kiss\u00e9 zavartan r\u00e1n\u00e9ztem.<\/p>\n\n\n\n<p>Azt\u00e1n nevettem, \u00e9s f\u00e9lig komolyan megk\u00e9rdeztem:<\/p>\n\n\n\n<p>\u201eT\u00e9nyleg megcsin\u00e1lod ezt? Azt hiszed, hogy mindezt el tudom viselni?\u201d<\/p>\n\n\n\n<p>Leo azzal a nyugalommal n\u00e9zett r\u00e1m, amivel csak \u0151 tudott.<\/p>\n\n\n\n<p>Le\u00fclt mell\u00e9m, \u00e9s megfogta a kezem.<\/p>\n\n\n\n<p>\u2013 Claire \u2013 mondta halkan \u2013, a h\u00e1zass\u00e1g nem olyasmi, amit egyed\u00fcl kell megcsin\u00e1lnod.<\/p>\n\n\n\n<p>Egy pillanatig csendben \u00fclt\u00fcnk.<\/p>\n\n\n\n<p>\u2013 Ez olyasmi \u2013 tette hozz\u00e1 egy pillanat m\u00falva \u2013, amit egy\u00fctt meg tudunk csin\u00e1lni.<\/p>\n","protected":false},"excerpt":{"rendered":"Nem sokkal volt id\u0151sebb n\u00e9h\u00e1ny v\u00e9gz\u0151sn\u00e9l, de hihetetlen energi\u00e1ja volt. T\u00f6rt\u00e9nelem\u00f3r\u00e1in a t\u00f6rt\u00e9nelem sosem csak d\u00e1tumok \u00e9s nevek list\u00e1ja volt. T\u00f6rt\u00e9neteket mes\u00e9lt, t\u00f6rt\u00e9nelmi \n<a class=\"moretag\" href=\"https:\/\/vengria.info\/?p=8785\"> [...]<\/a>","protected":false},"author":1,"featured_media":0,"comment_status":"open","ping_status":"open","sticky":false,"template":"","format":"standard","meta":{"footnotes":""},"categories":[1,2],"tags":[],"class_list":["post-8785","post","type-post","status-publish","format-standard","hentry","category-news","category-video"],"yoast_head":"<!-- This site is optimized with the Yoast SEO plugin v27.3 - https:\/\/yoast.com\/product\/yoast-seo-wordpress\/ -->\n<title>Amikor k\u00f6z\u00e9piskol\u00e1ba j\u00e1rtam, Mr. Harper egyike volt azoknak a tan\u00e1roknak, akiket a di\u00e1kok soha nem felejtenek el. -<\/title>\n<meta name=\"robots\" content=\"index, follow, max-snippet:-1, max-image-preview:large, max-video-preview:-1\" \/>\n<link rel=\"canonical\" href=\"https:\/\/vengria.info\/?p=8785\" \/>\n<meta property=\"og:locale\" content=\"en_US\" \/>\n<meta property=\"og:type\" content=\"article\" \/>\n<meta property=\"og:title\" content=\"Amikor k\u00f6z\u00e9piskol\u00e1ba j\u00e1rtam, Mr. Harper egyike volt azoknak a tan\u00e1roknak, akiket a di\u00e1kok soha nem felejtenek el. -\" \/>\n<meta property=\"og:description\" content=\"Nem sokkal volt id\u0151sebb n\u00e9h\u00e1ny v\u00e9gz\u0151sn\u00e9l, de hihetetlen energi\u00e1ja volt. T\u00f6rt\u00e9nelem\u00f3r\u00e1in a t\u00f6rt\u00e9nelem sosem csak d\u00e1tumok \u00e9s nevek list\u00e1ja volt. T\u00f6rt\u00e9neteket mes\u00e9lt, t\u00f6rt\u00e9nelmi\" \/>\n<meta property=\"og:url\" content=\"https:\/\/vengria.info\/?p=8785\" \/>\n<meta property=\"article:published_time\" content=\"2026-03-13T19:08:19+00:00\" \/>\n<meta property=\"article:modified_time\" content=\"2026-03-13T19:08:21+00:00\" \/>\n<meta property=\"og:image\" content=\"https:\/\/vengria.info\/wp-content\/uploads\/2026\/03\/a6asdeadsgvjdas.png\" \/>\n\t<meta property=\"og:image:width\" content=\"497\" \/>\n\t<meta property=\"og:image:height\" content=\"614\" \/>\n\t<meta property=\"og:image:type\" content=\"image\/png\" \/>\n<meta name=\"author\" content=\"admin\" \/>\n<meta name=\"twitter:card\" content=\"summary_large_image\" \/>\n<meta name=\"twitter:label1\" content=\"Written by\" \/>\n\t<meta name=\"twitter:data1\" content=\"admin\" \/>\n\t<meta name=\"twitter:label2\" content=\"Est. reading time\" \/>\n\t<meta name=\"twitter:data2\" content=\"3 minutes\" \/>\n<script type=\"application\/ld+json\" class=\"yoast-schema-graph\">{\"@context\":\"https:\\\/\\\/schema.org\",\"@graph\":[{\"@type\":\"Article\",\"@id\":\"https:\\\/\\\/vengria.info\\\/?p=8785#article\",\"isPartOf\":{\"@id\":\"https:\\\/\\\/vengria.info\\\/?p=8785\"},\"author\":{\"name\":\"admin\",\"@id\":\"https:\\\/\\\/vengria.info\\\/#\\\/schema\\\/person\\\/b815b04a6b1fb36a2d064955a92f68d4\"},\"headline\":\"Amikor k\u00f6z\u00e9piskol\u00e1ba j\u00e1rtam, Mr. Harper egyike volt azoknak a tan\u00e1roknak, akiket a di\u00e1kok soha nem felejtenek el.\",\"datePublished\":\"2026-03-13T19:08:19+00:00\",\"dateModified\":\"2026-03-13T19:08:21+00:00\",\"mainEntityOfPage\":{\"@id\":\"https:\\\/\\\/vengria.info\\\/?p=8785\"},\"wordCount\":828,\"commentCount\":0,\"image\":{\"@id\":\"https:\\\/\\\/vengria.info\\\/?p=8785#primaryimage\"},\"thumbnailUrl\":\"https:\\\/\\\/vengria.info\\\/wp-content\\\/uploads\\\/2026\\\/03\\\/a6asdeadsgvjdas.png\",\"articleSection\":[\"NEWS\",\"VIDEO\"],\"inLanguage\":\"en-US\",\"potentialAction\":[{\"@type\":\"CommentAction\",\"name\":\"Comment\",\"target\":[\"https:\\\/\\\/vengria.info\\\/?p=8785#respond\"]}]},{\"@type\":\"WebPage\",\"@id\":\"https:\\\/\\\/vengria.info\\\/?p=8785\",\"url\":\"https:\\\/\\\/vengria.info\\\/?p=8785\",\"name\":\"Amikor k\u00f6z\u00e9piskol\u00e1ba j\u00e1rtam, Mr. Harper egyike volt azoknak a tan\u00e1roknak, akiket a di\u00e1kok soha nem felejtenek el. -\",\"isPartOf\":{\"@id\":\"https:\\\/\\\/vengria.info\\\/#website\"},\"primaryImageOfPage\":{\"@id\":\"https:\\\/\\\/vengria.info\\\/?p=8785#primaryimage\"},\"image\":{\"@id\":\"https:\\\/\\\/vengria.info\\\/?p=8785#primaryimage\"},\"thumbnailUrl\":\"https:\\\/\\\/vengria.info\\\/wp-content\\\/uploads\\\/2026\\\/03\\\/a6asdeadsgvjdas.png\",\"datePublished\":\"2026-03-13T19:08:19+00:00\",\"dateModified\":\"2026-03-13T19:08:21+00:00\",\"author\":{\"@id\":\"https:\\\/\\\/vengria.info\\\/#\\\/schema\\\/person\\\/b815b04a6b1fb36a2d064955a92f68d4\"},\"breadcrumb\":{\"@id\":\"https:\\\/\\\/vengria.info\\\/?p=8785#breadcrumb\"},\"inLanguage\":\"en-US\",\"potentialAction\":[{\"@type\":\"ReadAction\",\"target\":[\"https:\\\/\\\/vengria.info\\\/?p=8785\"]}]},{\"@type\":\"ImageObject\",\"inLanguage\":\"en-US\",\"@id\":\"https:\\\/\\\/vengria.info\\\/?p=8785#primaryimage\",\"url\":\"https:\\\/\\\/vengria.info\\\/wp-content\\\/uploads\\\/2026\\\/03\\\/a6asdeadsgvjdas.png\",\"contentUrl\":\"https:\\\/\\\/vengria.info\\\/wp-content\\\/uploads\\\/2026\\\/03\\\/a6asdeadsgvjdas.png\",\"width\":497,\"height\":614},{\"@type\":\"BreadcrumbList\",\"@id\":\"https:\\\/\\\/vengria.info\\\/?p=8785#breadcrumb\",\"itemListElement\":[{\"@type\":\"ListItem\",\"position\":1,\"name\":\"Home\",\"item\":\"https:\\\/\\\/vengria.info\\\/\"},{\"@type\":\"ListItem\",\"position\":2,\"name\":\"Amikor k\u00f6z\u00e9piskol\u00e1ba j\u00e1rtam, Mr. Harper egyike volt azoknak a tan\u00e1roknak, akiket a di\u00e1kok soha nem felejtenek el.\"}]},{\"@type\":\"WebSite\",\"@id\":\"https:\\\/\\\/vengria.info\\\/#website\",\"url\":\"https:\\\/\\\/vengria.info\\\/\",\"name\":\"\",\"description\":\"\",\"potentialAction\":[{\"@type\":\"SearchAction\",\"target\":{\"@type\":\"EntryPoint\",\"urlTemplate\":\"https:\\\/\\\/vengria.info\\\/?s={search_term_string}\"},\"query-input\":{\"@type\":\"PropertyValueSpecification\",\"valueRequired\":true,\"valueName\":\"search_term_string\"}}],\"inLanguage\":\"en-US\"},{\"@type\":\"Person\",\"@id\":\"https:\\\/\\\/vengria.info\\\/#\\\/schema\\\/person\\\/b815b04a6b1fb36a2d064955a92f68d4\",\"name\":\"admin\",\"image\":{\"@type\":\"ImageObject\",\"inLanguage\":\"en-US\",\"@id\":\"https:\\\/\\\/secure.gravatar.com\\\/avatar\\\/a29bad30ab19883c48927f9ee55a40d0d1a0c3c343bcef70ad9a0a9cb421f0fa?s=96&d=mm&r=g\",\"url\":\"https:\\\/\\\/secure.gravatar.com\\\/avatar\\\/a29bad30ab19883c48927f9ee55a40d0d1a0c3c343bcef70ad9a0a9cb421f0fa?s=96&d=mm&r=g\",\"contentUrl\":\"https:\\\/\\\/secure.gravatar.com\\\/avatar\\\/a29bad30ab19883c48927f9ee55a40d0d1a0c3c343bcef70ad9a0a9cb421f0fa?s=96&d=mm&r=g\",\"caption\":\"admin\"},\"sameAs\":[\"http:\\\/\\\/vengria.info\"],\"url\":\"https:\\\/\\\/vengria.info\\\/?author=1\"}]}<\/script>\n<!-- \/ Yoast SEO plugin. -->","yoast_head_json":{"title":"Amikor k\u00f6z\u00e9piskol\u00e1ba j\u00e1rtam, Mr. Harper egyike volt azoknak a tan\u00e1roknak, akiket a di\u00e1kok soha nem felejtenek el. -","robots":{"index":"index","follow":"follow","max-snippet":"max-snippet:-1","max-image-preview":"max-image-preview:large","max-video-preview":"max-video-preview:-1"},"canonical":"https:\/\/vengria.info\/?p=8785","og_locale":"en_US","og_type":"article","og_title":"Amikor k\u00f6z\u00e9piskol\u00e1ba j\u00e1rtam, Mr. Harper egyike volt azoknak a tan\u00e1roknak, akiket a di\u00e1kok soha nem felejtenek el. -","og_description":"Nem sokkal volt id\u0151sebb n\u00e9h\u00e1ny v\u00e9gz\u0151sn\u00e9l, de hihetetlen energi\u00e1ja volt. T\u00f6rt\u00e9nelem\u00f3r\u00e1in a t\u00f6rt\u00e9nelem sosem csak d\u00e1tumok \u00e9s nevek list\u00e1ja volt. T\u00f6rt\u00e9neteket mes\u00e9lt, t\u00f6rt\u00e9nelmi","og_url":"https:\/\/vengria.info\/?p=8785","article_published_time":"2026-03-13T19:08:19+00:00","article_modified_time":"2026-03-13T19:08:21+00:00","og_image":[{"width":497,"height":614,"url":"https:\/\/vengria.info\/wp-content\/uploads\/2026\/03\/a6asdeadsgvjdas.png","type":"image\/png"}],"author":"admin","twitter_card":"summary_large_image","twitter_misc":{"Written by":"admin","Est. reading time":"3 minutes"},"schema":{"@context":"https:\/\/schema.org","@graph":[{"@type":"Article","@id":"https:\/\/vengria.info\/?p=8785#article","isPartOf":{"@id":"https:\/\/vengria.info\/?p=8785"},"author":{"name":"admin","@id":"https:\/\/vengria.info\/#\/schema\/person\/b815b04a6b1fb36a2d064955a92f68d4"},"headline":"Amikor k\u00f6z\u00e9piskol\u00e1ba j\u00e1rtam, Mr. Harper egyike volt azoknak a tan\u00e1roknak, akiket a di\u00e1kok soha nem felejtenek el.","datePublished":"2026-03-13T19:08:19+00:00","dateModified":"2026-03-13T19:08:21+00:00","mainEntityOfPage":{"@id":"https:\/\/vengria.info\/?p=8785"},"wordCount":828,"commentCount":0,"image":{"@id":"https:\/\/vengria.info\/?p=8785#primaryimage"},"thumbnailUrl":"https:\/\/vengria.info\/wp-content\/uploads\/2026\/03\/a6asdeadsgvjdas.png","articleSection":["NEWS","VIDEO"],"inLanguage":"en-US","potentialAction":[{"@type":"CommentAction","name":"Comment","target":["https:\/\/vengria.info\/?p=8785#respond"]}]},{"@type":"WebPage","@id":"https:\/\/vengria.info\/?p=8785","url":"https:\/\/vengria.info\/?p=8785","name":"Amikor k\u00f6z\u00e9piskol\u00e1ba j\u00e1rtam, Mr. Harper egyike volt azoknak a tan\u00e1roknak, akiket a di\u00e1kok soha nem felejtenek el. -","isPartOf":{"@id":"https:\/\/vengria.info\/#website"},"primaryImageOfPage":{"@id":"https:\/\/vengria.info\/?p=8785#primaryimage"},"image":{"@id":"https:\/\/vengria.info\/?p=8785#primaryimage"},"thumbnailUrl":"https:\/\/vengria.info\/wp-content\/uploads\/2026\/03\/a6asdeadsgvjdas.png","datePublished":"2026-03-13T19:08:19+00:00","dateModified":"2026-03-13T19:08:21+00:00","author":{"@id":"https:\/\/vengria.info\/#\/schema\/person\/b815b04a6b1fb36a2d064955a92f68d4"},"breadcrumb":{"@id":"https:\/\/vengria.info\/?p=8785#breadcrumb"},"inLanguage":"en-US","potentialAction":[{"@type":"ReadAction","target":["https:\/\/vengria.info\/?p=8785"]}]},{"@type":"ImageObject","inLanguage":"en-US","@id":"https:\/\/vengria.info\/?p=8785#primaryimage","url":"https:\/\/vengria.info\/wp-content\/uploads\/2026\/03\/a6asdeadsgvjdas.png","contentUrl":"https:\/\/vengria.info\/wp-content\/uploads\/2026\/03\/a6asdeadsgvjdas.png","width":497,"height":614},{"@type":"BreadcrumbList","@id":"https:\/\/vengria.info\/?p=8785#breadcrumb","itemListElement":[{"@type":"ListItem","position":1,"name":"Home","item":"https:\/\/vengria.info\/"},{"@type":"ListItem","position":2,"name":"Amikor k\u00f6z\u00e9piskol\u00e1ba j\u00e1rtam, Mr. Harper egyike volt azoknak a tan\u00e1roknak, akiket a di\u00e1kok soha nem felejtenek el."}]},{"@type":"WebSite","@id":"https:\/\/vengria.info\/#website","url":"https:\/\/vengria.info\/","name":"","description":"","potentialAction":[{"@type":"SearchAction","target":{"@type":"EntryPoint","urlTemplate":"https:\/\/vengria.info\/?s={search_term_string}"},"query-input":{"@type":"PropertyValueSpecification","valueRequired":true,"valueName":"search_term_string"}}],"inLanguage":"en-US"},{"@type":"Person","@id":"https:\/\/vengria.info\/#\/schema\/person\/b815b04a6b1fb36a2d064955a92f68d4","name":"admin","image":{"@type":"ImageObject","inLanguage":"en-US","@id":"https:\/\/secure.gravatar.com\/avatar\/a29bad30ab19883c48927f9ee55a40d0d1a0c3c343bcef70ad9a0a9cb421f0fa?s=96&d=mm&r=g","url":"https:\/\/secure.gravatar.com\/avatar\/a29bad30ab19883c48927f9ee55a40d0d1a0c3c343bcef70ad9a0a9cb421f0fa?s=96&d=mm&r=g","contentUrl":"https:\/\/secure.gravatar.com\/avatar\/a29bad30ab19883c48927f9ee55a40d0d1a0c3c343bcef70ad9a0a9cb421f0fa?s=96&d=mm&r=g","caption":"admin"},"sameAs":["http:\/\/vengria.info"],"url":"https:\/\/vengria.info\/?author=1"}]}},"_links":{"self":[{"href":"https:\/\/vengria.info\/index.php?rest_route=\/wp\/v2\/posts\/8785","targetHints":{"allow":["GET"]}}],"collection":[{"href":"https:\/\/vengria.info\/index.php?rest_route=\/wp\/v2\/posts"}],"about":[{"href":"https:\/\/vengria.info\/index.php?rest_route=\/wp\/v2\/types\/post"}],"author":[{"embeddable":true,"href":"https:\/\/vengria.info\/index.php?rest_route=\/wp\/v2\/users\/1"}],"replies":[{"embeddable":true,"href":"https:\/\/vengria.info\/index.php?rest_route=%2Fwp%2Fv2%2Fcomments&post=8785"}],"version-history":[{"count":1,"href":"https:\/\/vengria.info\/index.php?rest_route=\/wp\/v2\/posts\/8785\/revisions"}],"predecessor-version":[{"id":8789,"href":"https:\/\/vengria.info\/index.php?rest_route=\/wp\/v2\/posts\/8785\/revisions\/8789"}],"wp:attachment":[{"href":"https:\/\/vengria.info\/index.php?rest_route=%2Fwp%2Fv2%2Fmedia&parent=8785"}],"wp:term":[{"taxonomy":"category","embeddable":true,"href":"https:\/\/vengria.info\/index.php?rest_route=%2Fwp%2Fv2%2Fcategories&post=8785"},{"taxonomy":"post_tag","embeddable":true,"href":"https:\/\/vengria.info\/index.php?rest_route=%2Fwp%2Fv2%2Ftags&post=8785"}],"curies":[{"name":"wp","href":"https:\/\/api.w.org\/{rel}","templated":true}]}}