{"id":8757,"date":"2026-03-13T18:42:20","date_gmt":"2026-03-13T18:42:20","guid":{"rendered":"https:\/\/vengria.info\/?p=8757"},"modified":"2026-03-13T18:42:21","modified_gmt":"2026-03-13T18:42:21","slug":"martin-meg-volt-gyozodve-arrol-hogy-az-este-az-ove-egesz-nap-ugy-jarkalt-a-lakasban-mint-egy-gyoztes","status":"publish","type":"post","link":"https:\/\/vengria.info\/?p=8757","title":{"rendered":"Martin meg volt gy\u0151z\u0151dve arr\u00f3l, hogy az este az \u00f6v\u00e9. Eg\u00e9sz nap \u00fagy j\u00e1rk\u00e1lt a lak\u00e1sban, mint egy gy\u0151ztes."},"content":{"rendered":"\n<p>Id\u0151ben leadott egy fontos jelent\u00e9st a munkahely\u00e9n, \u00e9s a koll\u00e9g\u00e1i megdics\u00e9rt\u00e9k \u00e9rte. Att\u00f3l a pillanatt\u00f3l kezdve \u00fagy viselkedett, mintha most kapott volna egy nagy el\u0151l\u00e9ptet\u00e9st. Hangosabban besz\u00e9lt a szok\u00e1sosn\u00e1l, utas\u00edt\u00e1sokat adott, \u00e9s minden apr\u00f3s\u00e1gra t\u00falzott komolys\u00e1ggal komment\u00e1lta a megjegyz\u00e9seket.<\/p>\n\n\n\n<p>Amikor n\u00e9h\u00e1ny percet k\u00e9stem a vacsor\u00e1val, azonnal \u00e9szrevette.<\/p>\n\n\n\n<p>\u201eSophie, legk\u00f6zelebb jobban szervezd meg\u201d \u2013 mondta olyan hangon, ami megpr\u00f3b\u00e1lt tekint\u00e9lyt parancsol\u00f3nak t\u0171nni. \u201eMost m\u00e1s helyzetben vagyok.\u201d<\/p>\n\n\n\n<p>Csak elmosolyodtam. Nem volt \u00e9rtelme vitatkozni valakivel, aki a saj\u00e1t fontoss\u00e1gtudat\u00e1t\u00f3l r\u00e9szeg. M\u00e1s terveim voltak aznap est\u00e9re.<\/p>\n\n\n\n<p>Egy h\u00f3napja volt a sz\u00fclet\u00e9snapom. Martin teljesen elfelejtette.<\/p>\n\n\n\n<p>Aznap az \u00e9desanyj\u00e1val, Kl\u00e1r\u00e1val f\u00fcgg\u00f6ny\u00f6ket v\u00e1lasztottunk a nappaliba. Se vir\u00e1g. Se torta. Se aj\u00e1nd\u00e9k. M\u00e9g egy egyszer\u0171 k\u00edv\u00e1ns\u00e1g sem.<\/p>\n\n\n\n<p>Amikor aznap este eml\u00e9keztettem r\u00e1, hogy ma van a sz\u00fclet\u00e9snapom, csak megvonta a v\u00e1ll\u00e1t.<\/p>\n\n\n\n<p>\u201eNem rendezt\u00e9l bulit\u201d \u2013 mondta. \u201eAkkor mi\u00e9rt is gratul\u00e1ln\u00e9k?\u201d<\/p>\n\n\n\n<p>Egy sz\u00f3t sem sz\u00f3ltam akkor. Csak k\u00edv\u00fclr\u0151l jegyeztem meg a mondatot.<\/p>\n\n\n\n<p>\u00c9s megtanultam a leck\u00e9t.<\/p>\n\n\n\n<p>Egy h\u00f3nappal k\u00e9s\u0151bb \u00fcnnepelt\u00fck Martin negyvenharmadik sz\u00fclet\u00e9snapj\u00e1t. A h\u00e1z tele volt emberekkel \u2013 csal\u00e1ddal, bar\u00e1tokkal, a munkat\u00e1rsaival. Az asztal meg volt ter\u00edtve, az \u00e9tel b\u0151s\u00e9ges volt, a bor folyt.<\/p>\n\n\n\n<p>Martin \u00fagy \u00fclt az asztalf\u0151n, mint egy kir\u00e1ly.<\/p>\n\n\n\n<p>Az \u00e9desanyja, Kl\u00e1ra, jobbra \u00fclt t\u0151le, \u00e9s mint mindig, mindent komment\u00e1lt maga k\u00f6r\u00fcl.<\/p>\n\n\n\n<p>\u201eA h\u00fas kicsit kem\u00e9ny\u201d \u2013 jegyezte meg kritikusan. \u201eDe Martin most nagy nyom\u00e1s alatt van. Meg kell \u0151riznie a h\u00edrnev\u00e9t.\u201d<\/p>\n\n\n\n<figure class=\"wp-block-image size-full is-resized\"><img loading=\"lazy\" decoding=\"async\" width=\"419\" height=\"617\" src=\"https:\/\/vengria.info\/wp-content\/uploads\/2026\/03\/a2erdsygubjwdhbs.png\" alt=\"\" class=\"wp-image-8759\" style=\"width:747px;height:auto\" srcset=\"https:\/\/vengria.info\/wp-content\/uploads\/2026\/03\/a2erdsygubjwdhbs.png 419w, https:\/\/vengria.info\/wp-content\/uploads\/2026\/03\/a2erdsygubjwdhbs-204x300.png 204w\" sizes=\"auto, (max-width: 419px) 100vw, 419px\" \/><\/figure>\n\n\n\n<p>Martin b\u00f3lintott, mintha egy fontos elemz\u00e9st hallott volna.<\/p>\n\n\n\n<p>A pohar\u00e1t az eny\u00e9mhez kopogtatta.<\/p>\n\n\n\n<p>\u201eSophie, hozz m\u00e9g egy kis sz\u00f3szt. \u00c9s hol van az olajbogy\u00f3?\u201d<\/p>\n\n\n\n<p>Elmosolyodtam \u00e9s fel\u00e1lltam.<\/p>\n\n\n\n<p>Minden pontosan a tervek szerint ment.<\/p>\n\n\n\n<p>Az este nevet\u00e9ssel, poh\u00e1rk\u00f6sz\u00f6nt\u0151kkel \u00e9s hangos besz\u00e9lget\u00e9ssel folytat\u00f3dott. Martin volt a figyelem k\u00f6z\u00e9ppontj\u00e1ban, \u00e9s l\u00e1that\u00f3an \u00e9lvezte. Mindenkinek mes\u00e9lt a munk\u00e1j\u00e1r\u00f3l, a \u201efontos d\u00f6nt\u00e9seir\u0151l\u201d, \u00e9s arr\u00f3l, milyen kih\u00edv\u00e1st jelent a projektek vezet\u00e9se.<\/p>\n\n\n\n<p>Amikor az aj\u00e1nd\u00e9kok ideje el\u00e9rkezett, a szeme sz\u00f3 szerint felragyogott.<\/p>\n\n\n\n<p>Bor\u00edt\u00e9kok, kis dobozok \u00e9s dr\u00e1ga itallal teli \u00fcvegek jelentek meg egym\u00e1s ut\u00e1n az asztalon. Martin te\u00e1tr\u00e1lis lelkesed\u00e9ssel bontotta ki az aj\u00e1nd\u00e9kokat.<\/p>\n\n\n\n<p>Ezut\u00e1n \u00e9n ker\u00fcltem a sorra az aj\u00e1nd\u00e9kom\u00e9rt.<\/p>\n\n\n\n<p>Egy nagy, s\u00f6t\u00e9t szalaggal \u00e1tk\u00f6t\u00f6tt dobozt tettem el\u00e9.<\/p>\n\n\n\n<p>Azonnal kiegyenesedett.<\/p>\n\n\n\n<p>\u201eEz lesz az az \u00f3ra, amir\u0151l besz\u00e9ltem\u201d \u2013 mondta el\u00e9gedetten. \u201eTudtam, hogy figyelsz r\u00e1m.\u201d<\/p>\n\n\n\n<p>Kiny\u00fajtotta a kez\u00e9t, de \u00e9n finoman le\u00e1ll\u00edtottam.<\/p>\n\n\n\n<p>\u201eV\u00e1rj\u201d \u2013 mondtam nyugodtan. \u201eEl\u0151sz\u00f6r sz\u00f3lj p\u00e1r sz\u00f3t. Te vagy az este szt\u00e1rja.\u201d<\/p>\n\n\n\n<p>A vend\u00e9gek egyet\u00e9rt\u0151en b\u00f3lintottak.<\/p>\n\n\n\n<p>Martin fel\u00e1llt. Megigaz\u00edtotta a kab\u00e1tj\u00e1t, \u00e9s felvett egy poharat.<\/p>\n\n\n\n<p>\u2013 Bar\u00e1taim \u2013 kezdte magabiztosan \u2013, tudj\u00e1tok, milyen messzire jutottam. Minden, amim ma van, a kem\u00e9ny munk\u00e1mnak \u00e9s a fegyelmemnek k\u00f6sz\u00f6nhet\u0151.<\/p>\n\n\n\n<p>Percekig besz\u00e9lt. Karrierj\u00e9r\u0151l, felel\u0151ss\u00e9gr\u0151l, a vezet\u0151i l\u00e9t fontoss\u00e1g\u00e1r\u00f3l.<\/p>\n\n\n\n<p>\u2013 Az irod\u00e1ban tisztelnek \u2013 folytatta. \u2013 Fontos projekteket b\u00edznak r\u00e1m. Hozz\u00e1 vagyok szokva a vezet\u00e9shez \u2013 otthon \u00e9s a munkahelyen is.<\/p>\n\n\n\n<p>N\u00e9h\u00e1ny vend\u00e9g pillant\u00e1sokat v\u00e1ltott egym\u00e1ssal.<\/p>\n\n\n\n<p>Martin nem vette \u00e9szre.<\/p>\n\n\n\n<p>\u2013 \u00c9n gondoskodom a csal\u00e1domr\u00f3l \u2013 mondta v\u00e9g\u00fcl. \u2013 \u00c9n hozok d\u00f6nt\u00e9seket. \u00c9s azt hiszem, ez\u00e9rt tiszteletet \u00e9rdemlek.<\/p>\n\n\n\n<p>A taps udvarias volt, de r\u00f6vid.<\/p>\n\n\n\n<p>Martin el\u00e9gedetten le\u00fclt.<\/p>\n\n\n\n<p>\u2013 Most pedig j\u00f6jj\u00f6n az aj\u00e1nd\u00e9k \u2013 mosolygott.<\/p>\n\n\n\n<p>Kioldotta a szalagot, \u00e9s kinyitotta a dobozt.<\/p>\n\n\n\n<p>A mosoly lassan lehervadt az arc\u00e1r\u00f3l.<\/p>\n\n\n\n<p>Nem volt benne \u00f3ra.<\/p>\n\n\n\n<p>Csak egy v\u00e9kony mappa volt.<\/p>\n\n\n\n<p>Martin zavartan nyitotta ki. El\u0151vett n\u00e9h\u00e1ny pap\u00edrt, \u00e9s elkezdte olvasni \u0151ket. El\u0151sz\u00f6r gyorsan, majd lassabban.<\/p>\n\n\n\n<p>A szoba elcsendesedett.<\/p>\n\n\n\n<p>\u2013 Mi ez? \u2013 motyogta.<\/p>\n\n\n\n<p>\u00dagy n\u00e9ztem r\u00e1, mint azel\u0151tt.<\/p>\n\n\n\n<p>\u2013 K\u00f6nyvel\u00e9s \u2013 v\u00e1laszoltam. \u2013 Az elm\u00falt k\u00e9t \u00e9vben.<\/p>\n\n\n\n<p>Lapozott m\u00e9g egy oldalt.<\/p>\n\n\n\n<p>Mindegyiken pontos \u00f6sszegek voltak \u2013 b\u00e9rleti d\u00edj, sz\u00e1ml\u00e1k, \u00e9lelmiszerek, jav\u00edt\u00e1sok, biztos\u00edt\u00e1s. Minden t\u00e9tel mellett ott volt a fizet\u0151 neve.<\/p>\n\n\n\n<p>A nevem.<\/p>\n\n\n\n<p>Martin els\u00e1padt.<\/p>\n\n\n\n<p>\u2013 Ez nem vicc \u2013 mondta halkan.<\/p>\n\n\n\n<p>\u2013 Nem \u2013 v\u00e1laszoltam. \u2013 Nem az.<\/p>\n\n\n\n<p>A vend\u00e9gek hallgattak.<\/p>\n\n\n\n<p>\u2013 Csak egy kis eml\u00e9keztet\u0151t szerettem volna \u2013 folytattam nyugodtan. \u2013 Mert amikor ma azt mondtad, hogy gondoskodsz a csal\u00e1dunkr\u00f3l\u2026 igazs\u00e1gosnak t\u0171nt sz\u00e1momra, hogy megmutatom a val\u00f3s\u00e1got.<\/p>\n\n\n\n<p>Martin \u00f6sszeszor\u00edtotta a pap\u00edrokat a kez\u00e9ben.<\/p>\n\n\n\n<p>\u2013 Mi\u00e9rt csin\u00e1lod ezt mindenki el\u0151tt? \u2013 k\u00e9rdezte.<\/p>\n\n\n\n<p>Elmosolyodtam.<\/p>\n\n\n\n<p>\u2013 Eml\u00e9kszel, mit mondt\u00e1l nekem a sz\u00fclet\u00e9snapomon? \u2013 k\u00e9rdeztem.<\/p>\n\n\n\n<p>Nem v\u00e1laszolt.<\/p>\n\n\n\n<p>\u201eAzt mondtad, hogy nem rendeztem bulit\u201d \u2013 folytattam. \u201e\u00c9s ez\u00e9rt nem is kellett volna j\u00f3k\u00edv\u00e1ns\u00e1gokat mondanod.\u201d<\/p>\n\n\n\n<p>R\u00f6viden elhallgattam.<\/p>\n\n\n\n<p>\u201eSz\u00f3val \u00fagy d\u00f6nt\u00f6ttem, hogy az idei sz\u00fclet\u00e9snapom t\u00e9nyleg meg\u00e9ri.\u201d<\/p>\n","protected":false},"excerpt":{"rendered":"Id\u0151ben leadott egy fontos jelent\u00e9st a munkahely\u00e9n, \u00e9s a koll\u00e9g\u00e1i megdics\u00e9rt\u00e9k \u00e9rte. Att\u00f3l a pillanatt\u00f3l kezdve \u00fagy viselkedett, mintha most kapott volna egy \n<a class=\"moretag\" href=\"https:\/\/vengria.info\/?p=8757\"> [...]<\/a>","protected":false},"author":1,"featured_media":8759,"comment_status":"open","ping_status":"open","sticky":false,"template":"","format":"standard","meta":{"footnotes":""},"categories":[1,2],"tags":[],"class_list":["post-8757","post","type-post","status-publish","format-standard","has-post-thumbnail","hentry","category-news","category-video"],"yoast_head":"<!-- This site is optimized with the Yoast SEO plugin v27.3 - https:\/\/yoast.com\/product\/yoast-seo-wordpress\/ -->\n<title>Martin meg volt gy\u0151z\u0151dve arr\u00f3l, hogy az este az \u00f6v\u00e9. Eg\u00e9sz nap \u00fagy j\u00e1rk\u00e1lt a lak\u00e1sban, mint egy gy\u0151ztes. -<\/title>\n<meta name=\"robots\" content=\"index, follow, max-snippet:-1, max-image-preview:large, max-video-preview:-1\" \/>\n<link rel=\"canonical\" href=\"https:\/\/vengria.info\/?p=8757\" \/>\n<meta property=\"og:locale\" content=\"en_US\" \/>\n<meta property=\"og:type\" content=\"article\" \/>\n<meta property=\"og:title\" content=\"Martin meg volt gy\u0151z\u0151dve arr\u00f3l, hogy az este az \u00f6v\u00e9. Eg\u00e9sz nap \u00fagy j\u00e1rk\u00e1lt a lak\u00e1sban, mint egy gy\u0151ztes. -\" \/>\n<meta property=\"og:description\" content=\"Id\u0151ben leadott egy fontos jelent\u00e9st a munkahely\u00e9n, \u00e9s a koll\u00e9g\u00e1i megdics\u00e9rt\u00e9k \u00e9rte. Att\u00f3l a pillanatt\u00f3l kezdve \u00fagy viselkedett, mintha most kapott volna egy\" \/>\n<meta property=\"og:url\" content=\"https:\/\/vengria.info\/?p=8757\" \/>\n<meta property=\"article:published_time\" content=\"2026-03-13T18:42:20+00:00\" \/>\n<meta property=\"article:modified_time\" content=\"2026-03-13T18:42:21+00:00\" \/>\n<meta property=\"og:image\" content=\"https:\/\/vengria.info\/wp-content\/uploads\/2026\/03\/a2erdsygubjwdhbs.png\" \/>\n\t<meta property=\"og:image:width\" content=\"419\" \/>\n\t<meta property=\"og:image:height\" content=\"617\" \/>\n\t<meta property=\"og:image:type\" content=\"image\/png\" \/>\n<meta name=\"author\" content=\"admin\" \/>\n<meta name=\"twitter:card\" content=\"summary_large_image\" \/>\n<meta name=\"twitter:label1\" content=\"Written by\" \/>\n\t<meta name=\"twitter:data1\" content=\"admin\" \/>\n\t<meta name=\"twitter:label2\" content=\"Est. reading time\" \/>\n\t<meta name=\"twitter:data2\" content=\"4 minutes\" \/>\n<script type=\"application\/ld+json\" class=\"yoast-schema-graph\">{\"@context\":\"https:\\\/\\\/schema.org\",\"@graph\":[{\"@type\":\"Article\",\"@id\":\"https:\\\/\\\/vengria.info\\\/?p=8757#article\",\"isPartOf\":{\"@id\":\"https:\\\/\\\/vengria.info\\\/?p=8757\"},\"author\":{\"name\":\"admin\",\"@id\":\"https:\\\/\\\/vengria.info\\\/#\\\/schema\\\/person\\\/b815b04a6b1fb36a2d064955a92f68d4\"},\"headline\":\"Martin meg volt gy\u0151z\u0151dve arr\u00f3l, hogy az este az \u00f6v\u00e9. Eg\u00e9sz nap \u00fagy j\u00e1rk\u00e1lt a lak\u00e1sban, mint egy gy\u0151ztes.\",\"datePublished\":\"2026-03-13T18:42:20+00:00\",\"dateModified\":\"2026-03-13T18:42:21+00:00\",\"mainEntityOfPage\":{\"@id\":\"https:\\\/\\\/vengria.info\\\/?p=8757\"},\"wordCount\":924,\"commentCount\":0,\"image\":{\"@id\":\"https:\\\/\\\/vengria.info\\\/?p=8757#primaryimage\"},\"thumbnailUrl\":\"https:\\\/\\\/vengria.info\\\/wp-content\\\/uploads\\\/2026\\\/03\\\/a2erdsygubjwdhbs.png\",\"articleSection\":[\"NEWS\",\"VIDEO\"],\"inLanguage\":\"en-US\",\"potentialAction\":[{\"@type\":\"CommentAction\",\"name\":\"Comment\",\"target\":[\"https:\\\/\\\/vengria.info\\\/?p=8757#respond\"]}]},{\"@type\":\"WebPage\",\"@id\":\"https:\\\/\\\/vengria.info\\\/?p=8757\",\"url\":\"https:\\\/\\\/vengria.info\\\/?p=8757\",\"name\":\"Martin meg volt gy\u0151z\u0151dve arr\u00f3l, hogy az este az \u00f6v\u00e9. Eg\u00e9sz nap \u00fagy j\u00e1rk\u00e1lt a lak\u00e1sban, mint egy gy\u0151ztes. -\",\"isPartOf\":{\"@id\":\"https:\\\/\\\/vengria.info\\\/#website\"},\"primaryImageOfPage\":{\"@id\":\"https:\\\/\\\/vengria.info\\\/?p=8757#primaryimage\"},\"image\":{\"@id\":\"https:\\\/\\\/vengria.info\\\/?p=8757#primaryimage\"},\"thumbnailUrl\":\"https:\\\/\\\/vengria.info\\\/wp-content\\\/uploads\\\/2026\\\/03\\\/a2erdsygubjwdhbs.png\",\"datePublished\":\"2026-03-13T18:42:20+00:00\",\"dateModified\":\"2026-03-13T18:42:21+00:00\",\"author\":{\"@id\":\"https:\\\/\\\/vengria.info\\\/#\\\/schema\\\/person\\\/b815b04a6b1fb36a2d064955a92f68d4\"},\"breadcrumb\":{\"@id\":\"https:\\\/\\\/vengria.info\\\/?p=8757#breadcrumb\"},\"inLanguage\":\"en-US\",\"potentialAction\":[{\"@type\":\"ReadAction\",\"target\":[\"https:\\\/\\\/vengria.info\\\/?p=8757\"]}]},{\"@type\":\"ImageObject\",\"inLanguage\":\"en-US\",\"@id\":\"https:\\\/\\\/vengria.info\\\/?p=8757#primaryimage\",\"url\":\"https:\\\/\\\/vengria.info\\\/wp-content\\\/uploads\\\/2026\\\/03\\\/a2erdsygubjwdhbs.png\",\"contentUrl\":\"https:\\\/\\\/vengria.info\\\/wp-content\\\/uploads\\\/2026\\\/03\\\/a2erdsygubjwdhbs.png\",\"width\":419,\"height\":617},{\"@type\":\"BreadcrumbList\",\"@id\":\"https:\\\/\\\/vengria.info\\\/?p=8757#breadcrumb\",\"itemListElement\":[{\"@type\":\"ListItem\",\"position\":1,\"name\":\"Home\",\"item\":\"https:\\\/\\\/vengria.info\\\/\"},{\"@type\":\"ListItem\",\"position\":2,\"name\":\"Martin meg volt gy\u0151z\u0151dve arr\u00f3l, hogy az este az \u00f6v\u00e9. Eg\u00e9sz nap \u00fagy j\u00e1rk\u00e1lt a lak\u00e1sban, mint egy gy\u0151ztes.\"}]},{\"@type\":\"WebSite\",\"@id\":\"https:\\\/\\\/vengria.info\\\/#website\",\"url\":\"https:\\\/\\\/vengria.info\\\/\",\"name\":\"\",\"description\":\"\",\"potentialAction\":[{\"@type\":\"SearchAction\",\"target\":{\"@type\":\"EntryPoint\",\"urlTemplate\":\"https:\\\/\\\/vengria.info\\\/?s={search_term_string}\"},\"query-input\":{\"@type\":\"PropertyValueSpecification\",\"valueRequired\":true,\"valueName\":\"search_term_string\"}}],\"inLanguage\":\"en-US\"},{\"@type\":\"Person\",\"@id\":\"https:\\\/\\\/vengria.info\\\/#\\\/schema\\\/person\\\/b815b04a6b1fb36a2d064955a92f68d4\",\"name\":\"admin\",\"image\":{\"@type\":\"ImageObject\",\"inLanguage\":\"en-US\",\"@id\":\"https:\\\/\\\/secure.gravatar.com\\\/avatar\\\/a29bad30ab19883c48927f9ee55a40d0d1a0c3c343bcef70ad9a0a9cb421f0fa?s=96&d=mm&r=g\",\"url\":\"https:\\\/\\\/secure.gravatar.com\\\/avatar\\\/a29bad30ab19883c48927f9ee55a40d0d1a0c3c343bcef70ad9a0a9cb421f0fa?s=96&d=mm&r=g\",\"contentUrl\":\"https:\\\/\\\/secure.gravatar.com\\\/avatar\\\/a29bad30ab19883c48927f9ee55a40d0d1a0c3c343bcef70ad9a0a9cb421f0fa?s=96&d=mm&r=g\",\"caption\":\"admin\"},\"sameAs\":[\"http:\\\/\\\/vengria.info\"],\"url\":\"https:\\\/\\\/vengria.info\\\/?author=1\"}]}<\/script>\n<!-- \/ Yoast SEO plugin. -->","yoast_head_json":{"title":"Martin meg volt gy\u0151z\u0151dve arr\u00f3l, hogy az este az \u00f6v\u00e9. Eg\u00e9sz nap \u00fagy j\u00e1rk\u00e1lt a lak\u00e1sban, mint egy gy\u0151ztes. -","robots":{"index":"index","follow":"follow","max-snippet":"max-snippet:-1","max-image-preview":"max-image-preview:large","max-video-preview":"max-video-preview:-1"},"canonical":"https:\/\/vengria.info\/?p=8757","og_locale":"en_US","og_type":"article","og_title":"Martin meg volt gy\u0151z\u0151dve arr\u00f3l, hogy az este az \u00f6v\u00e9. Eg\u00e9sz nap \u00fagy j\u00e1rk\u00e1lt a lak\u00e1sban, mint egy gy\u0151ztes. -","og_description":"Id\u0151ben leadott egy fontos jelent\u00e9st a munkahely\u00e9n, \u00e9s a koll\u00e9g\u00e1i megdics\u00e9rt\u00e9k \u00e9rte. Att\u00f3l a pillanatt\u00f3l kezdve \u00fagy viselkedett, mintha most kapott volna egy","og_url":"https:\/\/vengria.info\/?p=8757","article_published_time":"2026-03-13T18:42:20+00:00","article_modified_time":"2026-03-13T18:42:21+00:00","og_image":[{"width":419,"height":617,"url":"https:\/\/vengria.info\/wp-content\/uploads\/2026\/03\/a2erdsygubjwdhbs.png","type":"image\/png"}],"author":"admin","twitter_card":"summary_large_image","twitter_misc":{"Written by":"admin","Est. reading time":"4 minutes"},"schema":{"@context":"https:\/\/schema.org","@graph":[{"@type":"Article","@id":"https:\/\/vengria.info\/?p=8757#article","isPartOf":{"@id":"https:\/\/vengria.info\/?p=8757"},"author":{"name":"admin","@id":"https:\/\/vengria.info\/#\/schema\/person\/b815b04a6b1fb36a2d064955a92f68d4"},"headline":"Martin meg volt gy\u0151z\u0151dve arr\u00f3l, hogy az este az \u00f6v\u00e9. Eg\u00e9sz nap \u00fagy j\u00e1rk\u00e1lt a lak\u00e1sban, mint egy gy\u0151ztes.","datePublished":"2026-03-13T18:42:20+00:00","dateModified":"2026-03-13T18:42:21+00:00","mainEntityOfPage":{"@id":"https:\/\/vengria.info\/?p=8757"},"wordCount":924,"commentCount":0,"image":{"@id":"https:\/\/vengria.info\/?p=8757#primaryimage"},"thumbnailUrl":"https:\/\/vengria.info\/wp-content\/uploads\/2026\/03\/a2erdsygubjwdhbs.png","articleSection":["NEWS","VIDEO"],"inLanguage":"en-US","potentialAction":[{"@type":"CommentAction","name":"Comment","target":["https:\/\/vengria.info\/?p=8757#respond"]}]},{"@type":"WebPage","@id":"https:\/\/vengria.info\/?p=8757","url":"https:\/\/vengria.info\/?p=8757","name":"Martin meg volt gy\u0151z\u0151dve arr\u00f3l, hogy az este az \u00f6v\u00e9. Eg\u00e9sz nap \u00fagy j\u00e1rk\u00e1lt a lak\u00e1sban, mint egy gy\u0151ztes. -","isPartOf":{"@id":"https:\/\/vengria.info\/#website"},"primaryImageOfPage":{"@id":"https:\/\/vengria.info\/?p=8757#primaryimage"},"image":{"@id":"https:\/\/vengria.info\/?p=8757#primaryimage"},"thumbnailUrl":"https:\/\/vengria.info\/wp-content\/uploads\/2026\/03\/a2erdsygubjwdhbs.png","datePublished":"2026-03-13T18:42:20+00:00","dateModified":"2026-03-13T18:42:21+00:00","author":{"@id":"https:\/\/vengria.info\/#\/schema\/person\/b815b04a6b1fb36a2d064955a92f68d4"},"breadcrumb":{"@id":"https:\/\/vengria.info\/?p=8757#breadcrumb"},"inLanguage":"en-US","potentialAction":[{"@type":"ReadAction","target":["https:\/\/vengria.info\/?p=8757"]}]},{"@type":"ImageObject","inLanguage":"en-US","@id":"https:\/\/vengria.info\/?p=8757#primaryimage","url":"https:\/\/vengria.info\/wp-content\/uploads\/2026\/03\/a2erdsygubjwdhbs.png","contentUrl":"https:\/\/vengria.info\/wp-content\/uploads\/2026\/03\/a2erdsygubjwdhbs.png","width":419,"height":617},{"@type":"BreadcrumbList","@id":"https:\/\/vengria.info\/?p=8757#breadcrumb","itemListElement":[{"@type":"ListItem","position":1,"name":"Home","item":"https:\/\/vengria.info\/"},{"@type":"ListItem","position":2,"name":"Martin meg volt gy\u0151z\u0151dve arr\u00f3l, hogy az este az \u00f6v\u00e9. Eg\u00e9sz nap \u00fagy j\u00e1rk\u00e1lt a lak\u00e1sban, mint egy gy\u0151ztes."}]},{"@type":"WebSite","@id":"https:\/\/vengria.info\/#website","url":"https:\/\/vengria.info\/","name":"","description":"","potentialAction":[{"@type":"SearchAction","target":{"@type":"EntryPoint","urlTemplate":"https:\/\/vengria.info\/?s={search_term_string}"},"query-input":{"@type":"PropertyValueSpecification","valueRequired":true,"valueName":"search_term_string"}}],"inLanguage":"en-US"},{"@type":"Person","@id":"https:\/\/vengria.info\/#\/schema\/person\/b815b04a6b1fb36a2d064955a92f68d4","name":"admin","image":{"@type":"ImageObject","inLanguage":"en-US","@id":"https:\/\/secure.gravatar.com\/avatar\/a29bad30ab19883c48927f9ee55a40d0d1a0c3c343bcef70ad9a0a9cb421f0fa?s=96&d=mm&r=g","url":"https:\/\/secure.gravatar.com\/avatar\/a29bad30ab19883c48927f9ee55a40d0d1a0c3c343bcef70ad9a0a9cb421f0fa?s=96&d=mm&r=g","contentUrl":"https:\/\/secure.gravatar.com\/avatar\/a29bad30ab19883c48927f9ee55a40d0d1a0c3c343bcef70ad9a0a9cb421f0fa?s=96&d=mm&r=g","caption":"admin"},"sameAs":["http:\/\/vengria.info"],"url":"https:\/\/vengria.info\/?author=1"}]}},"_links":{"self":[{"href":"https:\/\/vengria.info\/index.php?rest_route=\/wp\/v2\/posts\/8757","targetHints":{"allow":["GET"]}}],"collection":[{"href":"https:\/\/vengria.info\/index.php?rest_route=\/wp\/v2\/posts"}],"about":[{"href":"https:\/\/vengria.info\/index.php?rest_route=\/wp\/v2\/types\/post"}],"author":[{"embeddable":true,"href":"https:\/\/vengria.info\/index.php?rest_route=\/wp\/v2\/users\/1"}],"replies":[{"embeddable":true,"href":"https:\/\/vengria.info\/index.php?rest_route=%2Fwp%2Fv2%2Fcomments&post=8757"}],"version-history":[{"count":1,"href":"https:\/\/vengria.info\/index.php?rest_route=\/wp\/v2\/posts\/8757\/revisions"}],"predecessor-version":[{"id":8761,"href":"https:\/\/vengria.info\/index.php?rest_route=\/wp\/v2\/posts\/8757\/revisions\/8761"}],"wp:featuredmedia":[{"embeddable":true,"href":"https:\/\/vengria.info\/index.php?rest_route=\/wp\/v2\/media\/8759"}],"wp:attachment":[{"href":"https:\/\/vengria.info\/index.php?rest_route=%2Fwp%2Fv2%2Fmedia&parent=8757"}],"wp:term":[{"taxonomy":"category","embeddable":true,"href":"https:\/\/vengria.info\/index.php?rest_route=%2Fwp%2Fv2%2Fcategories&post=8757"},{"taxonomy":"post_tag","embeddable":true,"href":"https:\/\/vengria.info\/index.php?rest_route=%2Fwp%2Fv2%2Ftags&post=8757"}],"curies":[{"name":"wp","href":"https:\/\/api.w.org\/{rel}","templated":true}]}}