{"id":8735,"date":"2026-03-12T09:15:41","date_gmt":"2026-03-12T09:15:41","guid":{"rendered":"https:\/\/vengria.info\/?p=8735"},"modified":"2026-03-12T09:15:42","modified_gmt":"2026-03-12T09:15:42","slug":"lea-sedela-u-kuchynskeho-stolu-a-divala-se-na-kalendar-pripevneny-na-lednici","status":"publish","type":"post","link":"https:\/\/vengria.info\/?p=8735","title":{"rendered":"Lea sed\u011bla u kuchy\u0148sk\u00e9ho stolu a d\u00edvala se na kalend\u00e1\u0159 p\u0159ipevn\u011bn\u00fd na lednici."},"content":{"rendered":"\n<p>Datum bylo zakrou\u017ekovan\u00e9 \u010derven\u00fdm fixem u\u017e n\u011bkolik t\u00fddn\u016f. Nebyl to jen oby\u010dejn\u00fd den. Byl to den, kdy j\u00ed bylo \u010dty\u0159icet p\u011bt.<br>V minulosti b\u00fdvaly narozeniny mal\u00e9 rodinn\u00e9 sv\u00e1tky. Ne v\u017edy velk\u00e9 oslavy, ale alespo\u0148 spole\u010dn\u00e1 ve\u010de\u0159e, kv\u011btiny, p\u00e1r slov. Postupem let se v\u0161ak n\u011bco zm\u011bnilo. \u017divot se stal rychlej\u0161\u00ed, Maxim byl st\u00e1le v\u00edce pohlcen prac\u00ed a ve\u010dery s p\u0159\u00e1teli.<\/p>\n\n\n\n<p>Maxim m\u011bl p\u0159itom fenomen\u00e1ln\u00ed pam\u011b\u0165. Dok\u00e1zal p\u0159esn\u011b \u0159\u00edct, kdo dal v\u00edt\u011bzn\u00fd g\u00f3l ve fin\u00e1le p\u0159ed deseti lety. Pamatoval si ka\u017edou pracovn\u00ed sch\u016fzku, ka\u017ed\u00fd pl\u00e1novan\u00fd v\u00fdlet s kolegy, ka\u017ed\u00e9 p\u00e1te\u010dn\u00ed posezen\u00ed u piva. Jen n\u011bkter\u00e1 data, ta tich\u00e1 a osobn\u00ed, se z jeho pam\u011bti zvl\u00e1\u0161tn\u00edm zp\u016fsobem vytr\u00e1cela.<\/p>\n\n\n\n<p>Ten ve\u010der odch\u00e1zel na oslavu k jejich spole\u010dn\u00e9mu p\u0159\u00edteli Gabrielovi. Lea v\u011bd\u011bla, \u017ee tam budou skoro v\u0161ichni lid\u00e9 z jejich okruhu. Kdy\u017e si obl\u00e9kal bundu, je\u0161t\u011b jednou pohl\u00e9dla na kalend\u00e1\u0159, jako by \u010dekala, \u017ee si Maxim n\u00e1hle vzpomene.<\/p>\n\n\n\n<p>Nevzpomn\u011bl si.<\/p>\n\n\n\n<p>Rychle ji pol\u00edbil na tv\u00e1\u0159, ani\u017e by se j\u00ed opravdu pod\u00edval do o\u010d\u00ed.<\/p>\n\n\n\n<p>\u201eNenu\u010f se,\u201c \u0159ekl lehce, jako by \u0161lo o oby\u010dejn\u00fd ve\u010der.<\/p>\n\n\n\n<p>Dve\u0159e se zav\u0159ely a byt se pono\u0159il do ticha.<\/p>\n\n\n\n<p>Lea z\u016fstala st\u00e1t uprost\u0159ed ob\u00fdvac\u00edho pokoje. Nejprve c\u00edtila smutek. Ten zn\u00e1m\u00fd, tich\u00fd smutek, kter\u00fd se objev\u00ed, kdy\u017e si \u010dlov\u011bk uv\u011bdom\u00ed, \u017ee n\u011bco, co pro n\u011bj znamen\u00e1 hodn\u011b, je pro n\u011bkoho jin\u00e9ho jen drobnost.<\/p>\n\n\n\n<p>Pak p\u0159i\u0161la pr\u00e1zdnota.<\/p>\n\n\n\n<p>Chv\u00edli chodila po byt\u011b bez c\u00edle. Otev\u0159ela lednici, zav\u0159ela ji, sedla si na pohovku, znovu vstala. V hlav\u011b j\u00ed b\u011b\u017eely my\u0161lenky na v\u0161echny roky, kdy pl\u00e1novala rodinn\u00e9 oslavy, kdy p\u0159ipom\u00ednala v\u00fdro\u010d\u00ed, kdy organizovala ve\u010de\u0159e, aby byli v\u0161ichni spolu.<\/p>\n\n\n\n<p>A najednou ji napadla jednoduch\u00e1 my\u0161lenka.<\/p>\n\n\n\n<p>Nep\u0159i\u0161la s hn\u011bvem. Naopak. P\u0159i\u0161la s podivn\u00fdm klidem.<\/p>\n\n\n\n<p>Lea vzala telefon a za\u010dala ps\u00e1t zpr\u00e1vy.<\/p>\n\n\n\n<figure class=\"wp-block-image size-full is-resized\"><img loading=\"lazy\" decoding=\"async\" width=\"437\" height=\"617\" src=\"https:\/\/vengria.info\/wp-content\/uploads\/2026\/03\/hbasdbuihasdasodas.png\" alt=\"\" class=\"wp-image-8738\" style=\"width:747px;height:auto\" srcset=\"https:\/\/vengria.info\/wp-content\/uploads\/2026\/03\/hbasdbuihasdasodas.png 437w, https:\/\/vengria.info\/wp-content\/uploads\/2026\/03\/hbasdbuihasdasodas-212x300.png 212w\" sizes=\"auto, (max-width: 437px) 100vw, 437px\" \/><\/figure>\n\n\n\n<p>Ne Maximu.<\/p>\n\n\n\n<p>P\u0159\u00e1tel\u016fm.<\/p>\n\n\n\n<p>Kr\u00e1tk\u00e9, zdvo\u0159il\u00e9 pozv\u00e1n\u00ed. Bez dramat, bez vysv\u011btlov\u00e1n\u00ed.<\/p>\n\n\n\n<p>\u201eDnes slav\u00edm narozeniny. Pokud m\u00e1te \u010das, p\u0159ij\u010fte kolem osm\u00e9 k n\u00e1m.\u201c<\/p>\n\n\n\n<p>Pak se pustila do pr\u00e1ce.<\/p>\n\n\n\n<p>Vy\u0161la ven a koupila l\u00e1hev v\u00edna, n\u011bkolik sv\u00ed\u010dek a jednoduch\u00fd dort z mal\u00e9 cukr\u00e1rny na rohu. Vr\u00e1tila se dom\u016f a za\u010dala p\u0159ipravovat st\u016fl. Ne nic velkolep\u00e9ho, jen n\u011bco p\u0159\u00edjemn\u00e9ho.<\/p>\n\n\n\n<p>Kolem osm\u00e9 se ozval prvn\u00ed zvonek.<\/p>\n\n\n\n<p>Pak druh\u00fd.<\/p>\n\n\n\n<p>A t\u0159et\u00ed.<\/p>\n\n\n\n<p>Postupn\u011b p\u0159ich\u00e1zeli lid\u00e9. P\u0159\u00e1tel\u00e9, kolegov\u00e9, dokonce i sousedka, se kterou si Lea ob\u010das pov\u00eddala na chodb\u011b. Atmosf\u00e9ra byla uvoln\u011bn\u00e1 a up\u0159\u00edmn\u00e1. Sm\u00edch naplnil byt, hudba hr\u00e1la ti\u0161e v pozad\u00ed a n\u011bkdo otev\u0159el dal\u0161\u00ed l\u00e1hev v\u00edna.<\/p>\n\n\n\n<p>Lea se po dlouh\u00e9 dob\u011b c\u00edtila lehce.<\/p>\n\n\n\n<p>Kolem jeden\u00e1ct\u00e9 ve\u010der se ozval zvuk kl\u00ed\u010de v z\u00e1mku.<\/p>\n\n\n\n<p>Maxim otev\u0159el dve\u0159e, st\u00e1le v dobr\u00e9 n\u00e1lad\u011b z ve\u010d\u00edrku. O\u010dek\u00e1val tich\u00fd byt a zhasnut\u00e1 sv\u011btla.<\/p>\n\n\n\n<p>M\u00edsto toho usly\u0161el sm\u00edch.<\/p>\n\n\n\n<p>Kdy\u017e ve\u0161el do ob\u00fdvac\u00edho pokoje, zastavil se.<\/p>\n\n\n\n<p>St\u016fl byl pln\u00fd sklenic, dort st\u00e1l uprost\u0159ed a kolem sed\u011bli jejich p\u0159\u00e1tel\u00e9.<\/p>\n\n\n\n<p>V\u0161ichni se oto\u010dili sm\u011brem k n\u011bmu.<\/p>\n\n\n\n<p>Na okam\u017eik nikdo nic ne\u0159ekl.<\/p>\n\n\n\n<p>Pak Gabriel, ten sam\u00fd p\u0159\u00edtel, u kter\u00e9ho byl Maxim p\u0159ed chv\u00edl\u00ed na oslav\u011b, pomalu vstal.<\/p>\n\n\n\n<p>\u201eMaxime,\u201c \u0159ekl klidn\u011b, \u201enecht\u011bl jsi dnes n\u00e1hodou n\u011bkomu pop\u0159\u00e1t k narozenin\u00e1m?\u201c<\/p>\n\n\n\n<p>Maxim zbledl.<\/p>\n\n\n\n<p>Pod\u00edval se na dort.<\/p>\n\n\n\n<p>Na sv\u00ed\u010dky.<\/p>\n\n\n\n<p>Na Leu.<\/p>\n\n\n\n<p>Teprve te\u010f mu to do\u0161lo.<\/p>\n\n\n\n<p>Lea st\u00e1la u stolu a d\u00edvala se na n\u011bj. Nebyla rozzloben\u00e1. Nebyla ani ironick\u00e1. Jen klidn\u00e1.<\/p>\n\n\n\n<p>\u201eDnes jsem si uv\u011bdomila jednu v\u011bc,\u201c \u0159ekla ti\u0161e. \u201eNem\u016f\u017eu \u010dekat, a\u017e si n\u011bkdo jin\u00fd vzpomene na m\u016fj \u017eivot.\u201c<\/p>\n\n\n\n<p>V m\u00edstnosti zavl\u00e1dlo ticho.<\/p>\n\n\n\n<p>Maxim pomalu p\u0159ik\u00fdvl. Poprv\u00e9 za dlouhou dobu vypadal opravdu zahanben\u011b.<\/p>\n\n\n\n<p>Ten ve\u010der si mo\u017en\u00e1 neodnesl jen nep\u0159\u00edjemn\u00fd moment p\u0159ed p\u0159\u00e1teli.<\/p>\n\n\n\n<p>Odnesl si mnohem d\u016fle\u017eit\u011bj\u0161\u00ed lekci.<\/p>\n\n\n\n<p>N\u011bkter\u00e1 data v kalend\u00e1\u0159i toti\u017e nejsou jen \u010d\u00edsla. Jsou to p\u0159ipom\u00ednky lid\u00ed, kte\u0159\u00ed \u010dekaj\u00ed, \u017ee si jich n\u011bkdo v\u0161imne. A n\u011bkdy sta\u010d\u00ed zapomenout jen jednou, aby \u010dlov\u011bk pochopil, jak velkou v\u00e1hu takov\u00fd okam\u017eik m\u00e1.<\/p>\n","protected":false},"excerpt":{"rendered":"Datum bylo zakrou\u017ekovan\u00e9 \u010derven\u00fdm fixem u\u017e n\u011bkolik t\u00fddn\u016f. Nebyl to jen oby\u010dejn\u00fd den. Byl to den, kdy j\u00ed bylo \u010dty\u0159icet p\u011bt.V minulosti b\u00fdvaly \n<a class=\"moretag\" href=\"https:\/\/vengria.info\/?p=8735\"> [...]<\/a>","protected":false},"author":1,"featured_media":8738,"comment_status":"open","ping_status":"open","sticky":false,"template":"","format":"standard","meta":{"footnotes":""},"categories":[26],"tags":[],"class_list":["post-8735","post","type-post","status-publish","format-standard","has-post-thumbnail","hentry","category-26"],"yoast_head":"<!-- This site is optimized with the Yoast SEO plugin v27.3 - https:\/\/yoast.com\/product\/yoast-seo-wordpress\/ -->\n<title>Lea sed\u011bla u kuchy\u0148sk\u00e9ho stolu a d\u00edvala se na kalend\u00e1\u0159 p\u0159ipevn\u011bn\u00fd na lednici. -<\/title>\n<meta name=\"robots\" content=\"index, follow, max-snippet:-1, max-image-preview:large, max-video-preview:-1\" \/>\n<link rel=\"canonical\" href=\"https:\/\/vengria.info\/?p=8735\" \/>\n<meta property=\"og:locale\" content=\"en_US\" \/>\n<meta property=\"og:type\" content=\"article\" \/>\n<meta property=\"og:title\" content=\"Lea sed\u011bla u kuchy\u0148sk\u00e9ho stolu a d\u00edvala se na kalend\u00e1\u0159 p\u0159ipevn\u011bn\u00fd na lednici. -\" \/>\n<meta property=\"og:description\" content=\"Datum bylo zakrou\u017ekovan\u00e9 \u010derven\u00fdm fixem u\u017e n\u011bkolik t\u00fddn\u016f. Nebyl to jen oby\u010dejn\u00fd den. Byl to den, kdy j\u00ed bylo \u010dty\u0159icet p\u011bt.V minulosti b\u00fdvaly\" \/>\n<meta property=\"og:url\" content=\"https:\/\/vengria.info\/?p=8735\" \/>\n<meta property=\"article:published_time\" content=\"2026-03-12T09:15:41+00:00\" \/>\n<meta property=\"article:modified_time\" content=\"2026-03-12T09:15:42+00:00\" \/>\n<meta property=\"og:image\" content=\"https:\/\/vengria.info\/wp-content\/uploads\/2026\/03\/hbasdbuihasdasodas.png\" \/>\n\t<meta property=\"og:image:width\" content=\"437\" \/>\n\t<meta property=\"og:image:height\" content=\"617\" \/>\n\t<meta property=\"og:image:type\" content=\"image\/png\" \/>\n<meta name=\"author\" content=\"admin\" \/>\n<meta name=\"twitter:card\" content=\"summary_large_image\" \/>\n<meta name=\"twitter:label1\" content=\"Written by\" \/>\n\t<meta name=\"twitter:data1\" content=\"admin\" \/>\n\t<meta name=\"twitter:label2\" content=\"Est. reading time\" \/>\n\t<meta name=\"twitter:data2\" content=\"3 minutes\" \/>\n<script type=\"application\/ld+json\" class=\"yoast-schema-graph\">{\"@context\":\"https:\\\/\\\/schema.org\",\"@graph\":[{\"@type\":\"Article\",\"@id\":\"https:\\\/\\\/vengria.info\\\/?p=8735#article\",\"isPartOf\":{\"@id\":\"https:\\\/\\\/vengria.info\\\/?p=8735\"},\"author\":{\"name\":\"admin\",\"@id\":\"https:\\\/\\\/vengria.info\\\/#\\\/schema\\\/person\\\/b815b04a6b1fb36a2d064955a92f68d4\"},\"headline\":\"Lea sed\u011bla u kuchy\u0148sk\u00e9ho stolu a d\u00edvala se na kalend\u00e1\u0159 p\u0159ipevn\u011bn\u00fd na lednici.\",\"datePublished\":\"2026-03-12T09:15:41+00:00\",\"dateModified\":\"2026-03-12T09:15:42+00:00\",\"mainEntityOfPage\":{\"@id\":\"https:\\\/\\\/vengria.info\\\/?p=8735\"},\"wordCount\":816,\"commentCount\":0,\"image\":{\"@id\":\"https:\\\/\\\/vengria.info\\\/?p=8735#primaryimage\"},\"thumbnailUrl\":\"https:\\\/\\\/vengria.info\\\/wp-content\\\/uploads\\\/2026\\\/03\\\/hbasdbuihasdasodas.png\",\"articleSection\":[\"\u0427\u0435\u0445\u0438\u044f\"],\"inLanguage\":\"en-US\",\"potentialAction\":[{\"@type\":\"CommentAction\",\"name\":\"Comment\",\"target\":[\"https:\\\/\\\/vengria.info\\\/?p=8735#respond\"]}]},{\"@type\":\"WebPage\",\"@id\":\"https:\\\/\\\/vengria.info\\\/?p=8735\",\"url\":\"https:\\\/\\\/vengria.info\\\/?p=8735\",\"name\":\"Lea sed\u011bla u kuchy\u0148sk\u00e9ho stolu a d\u00edvala se na kalend\u00e1\u0159 p\u0159ipevn\u011bn\u00fd na lednici. -\",\"isPartOf\":{\"@id\":\"https:\\\/\\\/vengria.info\\\/#website\"},\"primaryImageOfPage\":{\"@id\":\"https:\\\/\\\/vengria.info\\\/?p=8735#primaryimage\"},\"image\":{\"@id\":\"https:\\\/\\\/vengria.info\\\/?p=8735#primaryimage\"},\"thumbnailUrl\":\"https:\\\/\\\/vengria.info\\\/wp-content\\\/uploads\\\/2026\\\/03\\\/hbasdbuihasdasodas.png\",\"datePublished\":\"2026-03-12T09:15:41+00:00\",\"dateModified\":\"2026-03-12T09:15:42+00:00\",\"author\":{\"@id\":\"https:\\\/\\\/vengria.info\\\/#\\\/schema\\\/person\\\/b815b04a6b1fb36a2d064955a92f68d4\"},\"breadcrumb\":{\"@id\":\"https:\\\/\\\/vengria.info\\\/?p=8735#breadcrumb\"},\"inLanguage\":\"en-US\",\"potentialAction\":[{\"@type\":\"ReadAction\",\"target\":[\"https:\\\/\\\/vengria.info\\\/?p=8735\"]}]},{\"@type\":\"ImageObject\",\"inLanguage\":\"en-US\",\"@id\":\"https:\\\/\\\/vengria.info\\\/?p=8735#primaryimage\",\"url\":\"https:\\\/\\\/vengria.info\\\/wp-content\\\/uploads\\\/2026\\\/03\\\/hbasdbuihasdasodas.png\",\"contentUrl\":\"https:\\\/\\\/vengria.info\\\/wp-content\\\/uploads\\\/2026\\\/03\\\/hbasdbuihasdasodas.png\",\"width\":437,\"height\":617},{\"@type\":\"BreadcrumbList\",\"@id\":\"https:\\\/\\\/vengria.info\\\/?p=8735#breadcrumb\",\"itemListElement\":[{\"@type\":\"ListItem\",\"position\":1,\"name\":\"Home\",\"item\":\"https:\\\/\\\/vengria.info\\\/\"},{\"@type\":\"ListItem\",\"position\":2,\"name\":\"Lea sed\u011bla u kuchy\u0148sk\u00e9ho stolu a d\u00edvala se na kalend\u00e1\u0159 p\u0159ipevn\u011bn\u00fd na lednici.\"}]},{\"@type\":\"WebSite\",\"@id\":\"https:\\\/\\\/vengria.info\\\/#website\",\"url\":\"https:\\\/\\\/vengria.info\\\/\",\"name\":\"\",\"description\":\"\",\"potentialAction\":[{\"@type\":\"SearchAction\",\"target\":{\"@type\":\"EntryPoint\",\"urlTemplate\":\"https:\\\/\\\/vengria.info\\\/?s={search_term_string}\"},\"query-input\":{\"@type\":\"PropertyValueSpecification\",\"valueRequired\":true,\"valueName\":\"search_term_string\"}}],\"inLanguage\":\"en-US\"},{\"@type\":\"Person\",\"@id\":\"https:\\\/\\\/vengria.info\\\/#\\\/schema\\\/person\\\/b815b04a6b1fb36a2d064955a92f68d4\",\"name\":\"admin\",\"image\":{\"@type\":\"ImageObject\",\"inLanguage\":\"en-US\",\"@id\":\"https:\\\/\\\/secure.gravatar.com\\\/avatar\\\/a29bad30ab19883c48927f9ee55a40d0d1a0c3c343bcef70ad9a0a9cb421f0fa?s=96&d=mm&r=g\",\"url\":\"https:\\\/\\\/secure.gravatar.com\\\/avatar\\\/a29bad30ab19883c48927f9ee55a40d0d1a0c3c343bcef70ad9a0a9cb421f0fa?s=96&d=mm&r=g\",\"contentUrl\":\"https:\\\/\\\/secure.gravatar.com\\\/avatar\\\/a29bad30ab19883c48927f9ee55a40d0d1a0c3c343bcef70ad9a0a9cb421f0fa?s=96&d=mm&r=g\",\"caption\":\"admin\"},\"sameAs\":[\"http:\\\/\\\/vengria.info\"],\"url\":\"https:\\\/\\\/vengria.info\\\/?author=1\"}]}<\/script>\n<!-- \/ Yoast SEO plugin. -->","yoast_head_json":{"title":"Lea sed\u011bla u kuchy\u0148sk\u00e9ho stolu a d\u00edvala se na kalend\u00e1\u0159 p\u0159ipevn\u011bn\u00fd na lednici. -","robots":{"index":"index","follow":"follow","max-snippet":"max-snippet:-1","max-image-preview":"max-image-preview:large","max-video-preview":"max-video-preview:-1"},"canonical":"https:\/\/vengria.info\/?p=8735","og_locale":"en_US","og_type":"article","og_title":"Lea sed\u011bla u kuchy\u0148sk\u00e9ho stolu a d\u00edvala se na kalend\u00e1\u0159 p\u0159ipevn\u011bn\u00fd na lednici. -","og_description":"Datum bylo zakrou\u017ekovan\u00e9 \u010derven\u00fdm fixem u\u017e n\u011bkolik t\u00fddn\u016f. Nebyl to jen oby\u010dejn\u00fd den. Byl to den, kdy j\u00ed bylo \u010dty\u0159icet p\u011bt.V minulosti b\u00fdvaly","og_url":"https:\/\/vengria.info\/?p=8735","article_published_time":"2026-03-12T09:15:41+00:00","article_modified_time":"2026-03-12T09:15:42+00:00","og_image":[{"width":437,"height":617,"url":"https:\/\/vengria.info\/wp-content\/uploads\/2026\/03\/hbasdbuihasdasodas.png","type":"image\/png"}],"author":"admin","twitter_card":"summary_large_image","twitter_misc":{"Written by":"admin","Est. reading time":"3 minutes"},"schema":{"@context":"https:\/\/schema.org","@graph":[{"@type":"Article","@id":"https:\/\/vengria.info\/?p=8735#article","isPartOf":{"@id":"https:\/\/vengria.info\/?p=8735"},"author":{"name":"admin","@id":"https:\/\/vengria.info\/#\/schema\/person\/b815b04a6b1fb36a2d064955a92f68d4"},"headline":"Lea sed\u011bla u kuchy\u0148sk\u00e9ho stolu a d\u00edvala se na kalend\u00e1\u0159 p\u0159ipevn\u011bn\u00fd na lednici.","datePublished":"2026-03-12T09:15:41+00:00","dateModified":"2026-03-12T09:15:42+00:00","mainEntityOfPage":{"@id":"https:\/\/vengria.info\/?p=8735"},"wordCount":816,"commentCount":0,"image":{"@id":"https:\/\/vengria.info\/?p=8735#primaryimage"},"thumbnailUrl":"https:\/\/vengria.info\/wp-content\/uploads\/2026\/03\/hbasdbuihasdasodas.png","articleSection":["\u0427\u0435\u0445\u0438\u044f"],"inLanguage":"en-US","potentialAction":[{"@type":"CommentAction","name":"Comment","target":["https:\/\/vengria.info\/?p=8735#respond"]}]},{"@type":"WebPage","@id":"https:\/\/vengria.info\/?p=8735","url":"https:\/\/vengria.info\/?p=8735","name":"Lea sed\u011bla u kuchy\u0148sk\u00e9ho stolu a d\u00edvala se na kalend\u00e1\u0159 p\u0159ipevn\u011bn\u00fd na lednici. -","isPartOf":{"@id":"https:\/\/vengria.info\/#website"},"primaryImageOfPage":{"@id":"https:\/\/vengria.info\/?p=8735#primaryimage"},"image":{"@id":"https:\/\/vengria.info\/?p=8735#primaryimage"},"thumbnailUrl":"https:\/\/vengria.info\/wp-content\/uploads\/2026\/03\/hbasdbuihasdasodas.png","datePublished":"2026-03-12T09:15:41+00:00","dateModified":"2026-03-12T09:15:42+00:00","author":{"@id":"https:\/\/vengria.info\/#\/schema\/person\/b815b04a6b1fb36a2d064955a92f68d4"},"breadcrumb":{"@id":"https:\/\/vengria.info\/?p=8735#breadcrumb"},"inLanguage":"en-US","potentialAction":[{"@type":"ReadAction","target":["https:\/\/vengria.info\/?p=8735"]}]},{"@type":"ImageObject","inLanguage":"en-US","@id":"https:\/\/vengria.info\/?p=8735#primaryimage","url":"https:\/\/vengria.info\/wp-content\/uploads\/2026\/03\/hbasdbuihasdasodas.png","contentUrl":"https:\/\/vengria.info\/wp-content\/uploads\/2026\/03\/hbasdbuihasdasodas.png","width":437,"height":617},{"@type":"BreadcrumbList","@id":"https:\/\/vengria.info\/?p=8735#breadcrumb","itemListElement":[{"@type":"ListItem","position":1,"name":"Home","item":"https:\/\/vengria.info\/"},{"@type":"ListItem","position":2,"name":"Lea sed\u011bla u kuchy\u0148sk\u00e9ho stolu a d\u00edvala se na kalend\u00e1\u0159 p\u0159ipevn\u011bn\u00fd na lednici."}]},{"@type":"WebSite","@id":"https:\/\/vengria.info\/#website","url":"https:\/\/vengria.info\/","name":"","description":"","potentialAction":[{"@type":"SearchAction","target":{"@type":"EntryPoint","urlTemplate":"https:\/\/vengria.info\/?s={search_term_string}"},"query-input":{"@type":"PropertyValueSpecification","valueRequired":true,"valueName":"search_term_string"}}],"inLanguage":"en-US"},{"@type":"Person","@id":"https:\/\/vengria.info\/#\/schema\/person\/b815b04a6b1fb36a2d064955a92f68d4","name":"admin","image":{"@type":"ImageObject","inLanguage":"en-US","@id":"https:\/\/secure.gravatar.com\/avatar\/a29bad30ab19883c48927f9ee55a40d0d1a0c3c343bcef70ad9a0a9cb421f0fa?s=96&d=mm&r=g","url":"https:\/\/secure.gravatar.com\/avatar\/a29bad30ab19883c48927f9ee55a40d0d1a0c3c343bcef70ad9a0a9cb421f0fa?s=96&d=mm&r=g","contentUrl":"https:\/\/secure.gravatar.com\/avatar\/a29bad30ab19883c48927f9ee55a40d0d1a0c3c343bcef70ad9a0a9cb421f0fa?s=96&d=mm&r=g","caption":"admin"},"sameAs":["http:\/\/vengria.info"],"url":"https:\/\/vengria.info\/?author=1"}]}},"_links":{"self":[{"href":"https:\/\/vengria.info\/index.php?rest_route=\/wp\/v2\/posts\/8735","targetHints":{"allow":["GET"]}}],"collection":[{"href":"https:\/\/vengria.info\/index.php?rest_route=\/wp\/v2\/posts"}],"about":[{"href":"https:\/\/vengria.info\/index.php?rest_route=\/wp\/v2\/types\/post"}],"author":[{"embeddable":true,"href":"https:\/\/vengria.info\/index.php?rest_route=\/wp\/v2\/users\/1"}],"replies":[{"embeddable":true,"href":"https:\/\/vengria.info\/index.php?rest_route=%2Fwp%2Fv2%2Fcomments&post=8735"}],"version-history":[{"count":1,"href":"https:\/\/vengria.info\/index.php?rest_route=\/wp\/v2\/posts\/8735\/revisions"}],"predecessor-version":[{"id":8739,"href":"https:\/\/vengria.info\/index.php?rest_route=\/wp\/v2\/posts\/8735\/revisions\/8739"}],"wp:featuredmedia":[{"embeddable":true,"href":"https:\/\/vengria.info\/index.php?rest_route=\/wp\/v2\/media\/8738"}],"wp:attachment":[{"href":"https:\/\/vengria.info\/index.php?rest_route=%2Fwp%2Fv2%2Fmedia&parent=8735"}],"wp:term":[{"taxonomy":"category","embeddable":true,"href":"https:\/\/vengria.info\/index.php?rest_route=%2Fwp%2Fv2%2Fcategories&post=8735"},{"taxonomy":"post_tag","embeddable":true,"href":"https:\/\/vengria.info\/index.php?rest_route=%2Fwp%2Fv2%2Ftags&post=8735"}],"curies":[{"name":"wp","href":"https:\/\/api.w.org\/{rel}","templated":true}]}}