{"id":8714,"date":"2026-03-12T08:58:54","date_gmt":"2026-03-12T08:58:54","guid":{"rendered":"https:\/\/vengria.info\/?p=8714"},"modified":"2026-03-12T08:58:55","modified_gmt":"2026-03-12T08:58:55","slug":"hideg-es-csendes-volt-a-reggel-a-haz-ahol-majdnem-negyven-evig-laktunk-a-ferjemmel-uresebbnek-tunt-mint-valaha-hosszu-ideig-tarto-betegsege-volt-es-mindannyian-tudtuk-hogy-eljon-ez-a-nap-halal","status":"publish","type":"post","link":"https:\/\/vengria.info\/?p=8714","title":{"rendered":"Hideg \u00e9s csendes volt a reggel. A h\u00e1z, ahol majdnem negyven \u00e9vig laktunk a f\u00e9rjemmel, \u00fcresebbnek t\u0171nt, mint valaha. Hossz\u00fa ideig tart\u00f3 betegs\u00e9ge volt, \u00e9s mindannyian tudtuk, hogy elj\u00f6n ez a nap. Hal\u00e1lh\u00edre m\u00e9gis \u00fagy \u00e9rt, mint egy sz\u00e9ll\u00f6k\u00e9s, amely let\u00e9p egy ajt\u00f3t a zsan\u00e9rjair\u00f3l."},"content":{"rendered":"\n<p>Felvettem a fekete kab\u00e1tomat, felkaptam a t\u00e1sk\u00e1mat, \u00e9s levettem a kocsikulcsot a kamp\u00f3r\u00f3l. A temet\u00e9s k\u00e9t \u00f3ra m\u00falva kezd\u0151d\u00f6tt, \u00e9s id\u0151ben ott akartam lenni. Nem azok miatt, akik ott lesznek, hanem miatta. Ez volt az utols\u00f3 alkalom, hogy ler\u00f3hattam kegyeletemet.<\/p>\n\n\n\n<p>Kimentem az ajt\u00f3n, \u00e9s a kocsifelhajt\u00f3n parkol\u00f3 aut\u00f3 fel\u00e9 indultam.<\/p>\n\n\n\n<p>Ebben a pillanatban kiny\u00edlt a bej\u00e1rati ajt\u00f3, \u00e9s az unok\u00e1m, Tomas rohant ki. Kifulladt, \u00e9s furcsa tekintet volt a szem\u00e9ben, amit m\u00e9g soha nem l\u00e1ttam.<\/p>\n\n\n\n<p>\u201eNagymama, ne ind\u00edtsd be az aut\u00f3t!\u201d \u2013 ki\u00e1ltotta.<\/p>\n\n\n\n<p>Meg\u00e1lltam, \u00e9s meglepetten n\u00e9ztem r\u00e1.<\/p>\n\n\n\n<p>\u201eK\u00e9rlek, ne tedd ezt\u201d \u2013 tette hozz\u00e1 szinte k\u00f6ny\u00f6rg\u0151 hangon.<\/p>\n\n\n\n<p>\u2013 Mi a baj, dr\u00e1g\u00e1m? \u2013 k\u00e9rdeztem. \u2013 Mennem kell a nagyapa temet\u00e9s\u00e9re.<\/p>\n\n\n\n<p>Tomas megr\u00e1zta a fej\u00e9t. \u2013 Tudom\u2026 de k\u00e9rlek, ne menj aut\u00f3val.<\/p>\n\n\n\n<p>\u2013 Mi\u00e9rt?<\/p>\n\n\n\n<p>Egy pillanatig habozott, mintha keresn\u00e9 a szavakat.<\/p>\n\n\n\n<p>\u2013 Mit sz\u00f3ln\u00e1l, ha s\u00e9t\u00e1ln\u00e1nk egyet? \u2013 javasolta. \u2013 M\u00e9g rengeteg id\u0151nk van.<\/p>\n\n\n\n<p>Fesz\u00fclt volt a hangja, \u00e9s \u00f6k\u00f6lbe szorult a keze. Nem \u00e9rtettem, mi\u00e9rt f\u00e9l ennyire. De az\u00e9rt \u00e9reztem, hogy komolyan gondolja. Okos fi\u00fa volt, de sosem viselkedett \u00edgy.<\/p>\n\n\n\n<p>V\u00e9g\u00fcl fels\u00f3hajtottam, \u00e9s visszatettem a kulcsokat a t\u00e1sk\u00e1mba.<\/p>\n\n\n\n<figure class=\"wp-block-image size-full is-resized\"><img loading=\"lazy\" decoding=\"async\" width=\"428\" height=\"620\" src=\"https:\/\/vengria.info\/wp-content\/uploads\/2026\/03\/h3ikuyjugtrfedsx.png\" alt=\"\" class=\"wp-image-8716\" style=\"width:747px;height:auto\" srcset=\"https:\/\/vengria.info\/wp-content\/uploads\/2026\/03\/h3ikuyjugtrfedsx.png 428w, https:\/\/vengria.info\/wp-content\/uploads\/2026\/03\/h3ikuyjugtrfedsx-207x300.png 207w\" sizes=\"auto, (max-width: 428px) 100vw, 428px\" \/><\/figure>\n\n\n\n<p>\u2013 Rendben \u2013 mondtam. \u2013 Menj\u00fcnk ki egy kicsit.<\/p>\n\n\n\n<p>Lassan elindultunk az utc\u00e1n. Tomas mellettem s\u00e9t\u00e1lt, de folyton a h\u00e1z fel\u00e9 pillantgatott.<\/p>\n\n\n\n<p>N\u00e9h\u00e1ny perc m\u00falva megsz\u00f3lalt a telefonom.<\/p>\n\n\n\n<p>A k\u00e9perny\u0151re n\u00e9ztem. A gyerekeim h\u00edvtak.<\/p>\n\n\n\n<p>\u2013 Ne, ne vedd fel, Nagymama! \u2013 mondta azonnal Tomas.<\/p>\n\n\n\n<p>Olyan gyors volt a reakci\u00f3ja, hogy teljesen meglepett.<\/p>\n\n\n\n<p>\u2013 Mi\u00e9rt ne vegyem fel? \u2013 k\u00e9rdeztem.<\/p>\n\n\n\n<p>\u2013 K\u00e9rlek \u2013 mondta halkan. \u2013 Most ne.<\/p>\n\n\n\n<p>R\u00e1n\u00e9ztem. Val\u00f3di f\u00e9lelem t\u00fckr\u00f6z\u0151d\u00f6tt a szem\u00e9ben. Az a fajta, amit nem lehet sz\u00ednlelni.<\/p>\n\n\n\n<p>\u2013 Rendben \u2013 v\u00e1laszoltam, \u00e9s len\u00e9m\u00edtottam a telefont.<\/p>\n\n\n\n<p>M\u00e9g k\u00f6r\u00fclbel\u00fcl t\u00edz percig s\u00e9t\u00e1ltunk tov\u00e1bb. Tomas alig sz\u00f3lt. Csak mellettem s\u00e9t\u00e1lt, id\u0151nk\u00e9nt m\u00e9lyeket l\u00e9legzve.<\/p>\n\n\n\n<p>Azt\u00e1n megsz\u00f3lalt egy szir\u00e9na.<\/p>\n\n\n\n<p>El\u0151sz\u00f6r egy t\u00e1voli.<\/p>\n\n\n\n<p>Majd egy m\u00e1sodik.<\/p>\n\n\n\n<p>Meg\u00e1lltunk, \u00e9s az utc\u00e1nk fel\u00e9 fordultunk. A hang innen j\u00f6tt.<\/p>\n\n\n\n<p>Egy pillanattal k\u00e9s\u0151bb egy t\u0171zolt\u00f3aut\u00f3t \u00e9s egy rend\u0151raut\u00f3t l\u00e1ttunk elhaladni mellett\u00fcnk a h\u00e1zunk fel\u00e9.<\/p>\n\n\n\n<p>A sz\u00edvem \u00f6sszeszorult.<\/p>\n\n\n\n<p>\u2013 Tom\u00e1\u0161\u2026 mi t\u00f6rt\u00e9nik? \u2013 k\u00e9rdeztem.<\/p>\n\n\n\n<p>Nem v\u00e1laszolt.<\/p>\n\n\n\n<p>Amikor n\u00e9h\u00e1ny perccel k\u00e9s\u0151bb vissza\u00e9rt\u00fcnk a h\u00e1zhoz, a rend\u0151r\u00f6k m\u00e1r a kocsifelhajt\u00f3n \u00e1lltak. Az egyik rend\u0151r a fiammal besz\u00e9lgetett.<\/p>\n\n\n\n<p>Amint megl\u00e1tott minket, azonnal odaszaladt hozz\u00e1nk.<\/p>\n\n\n\n<p>\u201eAnya\u2026 h\u00e1la Istennek\u201d \u2013 zih\u00e1lta.<\/p>\n\n\n\n<p>\u201eMi t\u00f6rt\u00e9nt?\u201d \u2013 k\u00e9rdeztem.<\/p>\n\n\n\n<p>A h\u00e1z el\u0151tt parkol\u00f3 aut\u00f3ra n\u00e9zett.<\/p>\n\n\n\n<p>\u201eValaki egy robban\u00f3szerkezetet r\u00f6gz\u00edtett az alj\u00e1ra.\u201d<\/p>\n\n\n\n<p>Egy pillanatra megp\u00f6rd\u00fclt velem a vil\u00e1g.<\/p>\n\n\n\n<p>\u201eMi?\u201d<\/p>\n\n\n\n<p>\u201eA rend\u0151rs\u00e9g szerint akkor aktiv\u00e1l\u00f3dik, amikor beind\u00edtj\u00e1k az aut\u00f3t.\u201d<\/p>\n\n\n\n<p>Lassan Tom\u00e1\u0161 fel\u00e9 ford\u00edtottam a fejem. Mellettem \u00e1llt, s\u00e1padtan, de nyugodtan.<\/p>\n\n\n\n<p>\u201eHonnan tudtad?\u201d \u2013 k\u00e9rdeztem.<\/p>\n\n\n\n<p>Egy pillanatra elhallgatott.<\/p>\n\n\n\n<p>\u201eMa reggel kimentem a labd\u00e1\u00e9rt\u201d \u2013 mondta v\u00e9g\u00fcl. \u201eL\u00e1ttam egy f\u00e9rfit az aut\u00f3 alatt. Azt hittem, valamit jav\u00edt. De amikor k\u00f6sz\u00f6ntem neki, elszaladt.\u201d<\/p>\n\n\n\n<p>A k\u00f6zelben \u00e1ll\u00f3 rend\u0151r b\u00f3lintott.<\/p>\n\n\n\n<p>\u201eEz a r\u00e9szlet seg\u00edtett nek\u00fcnk. Ennek k\u00f6sz\u00f6nhet\u0151en azonnal ellen\u0151rizt\u00fck az aut\u00f3t.\u201d<\/p>\n\n\n\n<p>R\u00e1n\u00e9ztem az unok\u00e1mra, \u00e9s \u00e9reztem, hogy k\u00f6nnyek sz\u00f6knek a szemembe.<\/p>\n\n\n\n<p>Ha akkor nem sik\u00edt.<\/p>\n\n\n\n<p>Ha nem hallgatok r\u00e1.<\/p>\n\n\n\n<p>Soha nem jutottam volna el a f\u00e9rjem temet\u00e9s\u00e9re aznap.<\/p>\n\n\n\n<p>\u00c9s tal\u00e1n \u0151 is az eny\u00e9m lett volna.<\/p>\n","protected":false},"excerpt":{"rendered":"Felvettem a fekete kab\u00e1tomat, felkaptam a t\u00e1sk\u00e1mat, \u00e9s levettem a kocsikulcsot a kamp\u00f3r\u00f3l. A temet\u00e9s k\u00e9t \u00f3ra m\u00falva kezd\u0151d\u00f6tt, \u00e9s id\u0151ben ott akartam \n<a class=\"moretag\" href=\"https:\/\/vengria.info\/?p=8714\"> [...]<\/a>","protected":false},"author":1,"featured_media":8716,"comment_status":"open","ping_status":"open","sticky":false,"template":"","format":"standard","meta":{"footnotes":""},"categories":[1,2],"tags":[],"class_list":["post-8714","post","type-post","status-publish","format-standard","has-post-thumbnail","hentry","category-news","category-video"],"yoast_head":"<!-- This site is optimized with the Yoast SEO plugin v27.3 - https:\/\/yoast.com\/product\/yoast-seo-wordpress\/ -->\n<title>Hideg \u00e9s csendes volt a reggel. A h\u00e1z, ahol majdnem negyven \u00e9vig laktunk a f\u00e9rjemmel, \u00fcresebbnek t\u0171nt, mint valaha. Hossz\u00fa ideig tart\u00f3 betegs\u00e9ge volt, \u00e9s mindannyian tudtuk, hogy elj\u00f6n ez a nap. Hal\u00e1lh\u00edre m\u00e9gis \u00fagy \u00e9rt, mint egy sz\u00e9ll\u00f6k\u00e9s, amely let\u00e9p egy ajt\u00f3t a zsan\u00e9rjair\u00f3l. -<\/title>\n<meta name=\"robots\" content=\"index, follow, max-snippet:-1, max-image-preview:large, max-video-preview:-1\" \/>\n<link rel=\"canonical\" href=\"https:\/\/vengria.info\/?p=8714\" \/>\n<meta property=\"og:locale\" content=\"en_US\" \/>\n<meta property=\"og:type\" content=\"article\" \/>\n<meta property=\"og:title\" content=\"Hideg \u00e9s csendes volt a reggel. A h\u00e1z, ahol majdnem negyven \u00e9vig laktunk a f\u00e9rjemmel, \u00fcresebbnek t\u0171nt, mint valaha. Hossz\u00fa ideig tart\u00f3 betegs\u00e9ge volt, \u00e9s mindannyian tudtuk, hogy elj\u00f6n ez a nap. Hal\u00e1lh\u00edre m\u00e9gis \u00fagy \u00e9rt, mint egy sz\u00e9ll\u00f6k\u00e9s, amely let\u00e9p egy ajt\u00f3t a zsan\u00e9rjair\u00f3l. -\" \/>\n<meta property=\"og:description\" content=\"Felvettem a fekete kab\u00e1tomat, felkaptam a t\u00e1sk\u00e1mat, \u00e9s levettem a kocsikulcsot a kamp\u00f3r\u00f3l. A temet\u00e9s k\u00e9t \u00f3ra m\u00falva kezd\u0151d\u00f6tt, \u00e9s id\u0151ben ott akartam\" \/>\n<meta property=\"og:url\" content=\"https:\/\/vengria.info\/?p=8714\" \/>\n<meta property=\"article:published_time\" content=\"2026-03-12T08:58:54+00:00\" \/>\n<meta property=\"article:modified_time\" content=\"2026-03-12T08:58:55+00:00\" \/>\n<meta property=\"og:image\" content=\"https:\/\/vengria.info\/wp-content\/uploads\/2026\/03\/h3ikuyjugtrfedsx.png\" \/>\n\t<meta property=\"og:image:width\" content=\"428\" \/>\n\t<meta property=\"og:image:height\" content=\"620\" \/>\n\t<meta property=\"og:image:type\" content=\"image\/png\" \/>\n<meta name=\"author\" content=\"admin\" \/>\n<meta name=\"twitter:card\" content=\"summary_large_image\" \/>\n<meta name=\"twitter:label1\" content=\"Written by\" \/>\n\t<meta name=\"twitter:data1\" content=\"admin\" \/>\n\t<meta name=\"twitter:label2\" content=\"Est. reading time\" \/>\n\t<meta name=\"twitter:data2\" content=\"3 minutes\" \/>\n<script type=\"application\/ld+json\" class=\"yoast-schema-graph\">{\"@context\":\"https:\\\/\\\/schema.org\",\"@graph\":[{\"@type\":\"Article\",\"@id\":\"https:\\\/\\\/vengria.info\\\/?p=8714#article\",\"isPartOf\":{\"@id\":\"https:\\\/\\\/vengria.info\\\/?p=8714\"},\"author\":{\"name\":\"admin\",\"@id\":\"https:\\\/\\\/vengria.info\\\/#\\\/schema\\\/person\\\/b815b04a6b1fb36a2d064955a92f68d4\"},\"headline\":\"Hideg \u00e9s csendes volt a reggel. A h\u00e1z, ahol majdnem negyven \u00e9vig laktunk a f\u00e9rjemmel, \u00fcresebbnek t\u0171nt, mint valaha. Hossz\u00fa ideig tart\u00f3 betegs\u00e9ge volt, \u00e9s mindannyian tudtuk, hogy elj\u00f6n ez a nap. Hal\u00e1lh\u00edre m\u00e9gis \u00fagy \u00e9rt, mint egy sz\u00e9ll\u00f6k\u00e9s, amely let\u00e9p egy ajt\u00f3t a zsan\u00e9rjair\u00f3l.\",\"datePublished\":\"2026-03-12T08:58:54+00:00\",\"dateModified\":\"2026-03-12T08:58:55+00:00\",\"mainEntityOfPage\":{\"@id\":\"https:\\\/\\\/vengria.info\\\/?p=8714\"},\"wordCount\":709,\"commentCount\":0,\"image\":{\"@id\":\"https:\\\/\\\/vengria.info\\\/?p=8714#primaryimage\"},\"thumbnailUrl\":\"https:\\\/\\\/vengria.info\\\/wp-content\\\/uploads\\\/2026\\\/03\\\/h3ikuyjugtrfedsx.png\",\"articleSection\":[\"NEWS\",\"VIDEO\"],\"inLanguage\":\"en-US\",\"potentialAction\":[{\"@type\":\"CommentAction\",\"name\":\"Comment\",\"target\":[\"https:\\\/\\\/vengria.info\\\/?p=8714#respond\"]}]},{\"@type\":\"WebPage\",\"@id\":\"https:\\\/\\\/vengria.info\\\/?p=8714\",\"url\":\"https:\\\/\\\/vengria.info\\\/?p=8714\",\"name\":\"Hideg \u00e9s csendes volt a reggel. A h\u00e1z, ahol majdnem negyven \u00e9vig laktunk a f\u00e9rjemmel, \u00fcresebbnek t\u0171nt, mint valaha. Hossz\u00fa ideig tart\u00f3 betegs\u00e9ge volt, \u00e9s mindannyian tudtuk, hogy elj\u00f6n ez a nap. Hal\u00e1lh\u00edre m\u00e9gis \u00fagy \u00e9rt, mint egy sz\u00e9ll\u00f6k\u00e9s, amely let\u00e9p egy ajt\u00f3t a zsan\u00e9rjair\u00f3l. -\",\"isPartOf\":{\"@id\":\"https:\\\/\\\/vengria.info\\\/#website\"},\"primaryImageOfPage\":{\"@id\":\"https:\\\/\\\/vengria.info\\\/?p=8714#primaryimage\"},\"image\":{\"@id\":\"https:\\\/\\\/vengria.info\\\/?p=8714#primaryimage\"},\"thumbnailUrl\":\"https:\\\/\\\/vengria.info\\\/wp-content\\\/uploads\\\/2026\\\/03\\\/h3ikuyjugtrfedsx.png\",\"datePublished\":\"2026-03-12T08:58:54+00:00\",\"dateModified\":\"2026-03-12T08:58:55+00:00\",\"author\":{\"@id\":\"https:\\\/\\\/vengria.info\\\/#\\\/schema\\\/person\\\/b815b04a6b1fb36a2d064955a92f68d4\"},\"breadcrumb\":{\"@id\":\"https:\\\/\\\/vengria.info\\\/?p=8714#breadcrumb\"},\"inLanguage\":\"en-US\",\"potentialAction\":[{\"@type\":\"ReadAction\",\"target\":[\"https:\\\/\\\/vengria.info\\\/?p=8714\"]}]},{\"@type\":\"ImageObject\",\"inLanguage\":\"en-US\",\"@id\":\"https:\\\/\\\/vengria.info\\\/?p=8714#primaryimage\",\"url\":\"https:\\\/\\\/vengria.info\\\/wp-content\\\/uploads\\\/2026\\\/03\\\/h3ikuyjugtrfedsx.png\",\"contentUrl\":\"https:\\\/\\\/vengria.info\\\/wp-content\\\/uploads\\\/2026\\\/03\\\/h3ikuyjugtrfedsx.png\",\"width\":428,\"height\":620},{\"@type\":\"BreadcrumbList\",\"@id\":\"https:\\\/\\\/vengria.info\\\/?p=8714#breadcrumb\",\"itemListElement\":[{\"@type\":\"ListItem\",\"position\":1,\"name\":\"Home\",\"item\":\"https:\\\/\\\/vengria.info\\\/\"},{\"@type\":\"ListItem\",\"position\":2,\"name\":\"Hideg \u00e9s csendes volt a reggel. A h\u00e1z, ahol majdnem negyven \u00e9vig laktunk a f\u00e9rjemmel, \u00fcresebbnek t\u0171nt, mint valaha. Hossz\u00fa ideig tart\u00f3 betegs\u00e9ge volt, \u00e9s mindannyian tudtuk, hogy elj\u00f6n ez a nap. Hal\u00e1lh\u00edre m\u00e9gis \u00fagy \u00e9rt, mint egy sz\u00e9ll\u00f6k\u00e9s, amely let\u00e9p egy ajt\u00f3t a zsan\u00e9rjair\u00f3l.\"}]},{\"@type\":\"WebSite\",\"@id\":\"https:\\\/\\\/vengria.info\\\/#website\",\"url\":\"https:\\\/\\\/vengria.info\\\/\",\"name\":\"\",\"description\":\"\",\"potentialAction\":[{\"@type\":\"SearchAction\",\"target\":{\"@type\":\"EntryPoint\",\"urlTemplate\":\"https:\\\/\\\/vengria.info\\\/?s={search_term_string}\"},\"query-input\":{\"@type\":\"PropertyValueSpecification\",\"valueRequired\":true,\"valueName\":\"search_term_string\"}}],\"inLanguage\":\"en-US\"},{\"@type\":\"Person\",\"@id\":\"https:\\\/\\\/vengria.info\\\/#\\\/schema\\\/person\\\/b815b04a6b1fb36a2d064955a92f68d4\",\"name\":\"admin\",\"image\":{\"@type\":\"ImageObject\",\"inLanguage\":\"en-US\",\"@id\":\"https:\\\/\\\/secure.gravatar.com\\\/avatar\\\/a29bad30ab19883c48927f9ee55a40d0d1a0c3c343bcef70ad9a0a9cb421f0fa?s=96&d=mm&r=g\",\"url\":\"https:\\\/\\\/secure.gravatar.com\\\/avatar\\\/a29bad30ab19883c48927f9ee55a40d0d1a0c3c343bcef70ad9a0a9cb421f0fa?s=96&d=mm&r=g\",\"contentUrl\":\"https:\\\/\\\/secure.gravatar.com\\\/avatar\\\/a29bad30ab19883c48927f9ee55a40d0d1a0c3c343bcef70ad9a0a9cb421f0fa?s=96&d=mm&r=g\",\"caption\":\"admin\"},\"sameAs\":[\"http:\\\/\\\/vengria.info\"],\"url\":\"https:\\\/\\\/vengria.info\\\/?author=1\"}]}<\/script>\n<!-- \/ Yoast SEO plugin. -->","yoast_head_json":{"title":"Hideg \u00e9s csendes volt a reggel. A h\u00e1z, ahol majdnem negyven \u00e9vig laktunk a f\u00e9rjemmel, \u00fcresebbnek t\u0171nt, mint valaha. Hossz\u00fa ideig tart\u00f3 betegs\u00e9ge volt, \u00e9s mindannyian tudtuk, hogy elj\u00f6n ez a nap. Hal\u00e1lh\u00edre m\u00e9gis \u00fagy \u00e9rt, mint egy sz\u00e9ll\u00f6k\u00e9s, amely let\u00e9p egy ajt\u00f3t a zsan\u00e9rjair\u00f3l. -","robots":{"index":"index","follow":"follow","max-snippet":"max-snippet:-1","max-image-preview":"max-image-preview:large","max-video-preview":"max-video-preview:-1"},"canonical":"https:\/\/vengria.info\/?p=8714","og_locale":"en_US","og_type":"article","og_title":"Hideg \u00e9s csendes volt a reggel. A h\u00e1z, ahol majdnem negyven \u00e9vig laktunk a f\u00e9rjemmel, \u00fcresebbnek t\u0171nt, mint valaha. Hossz\u00fa ideig tart\u00f3 betegs\u00e9ge volt, \u00e9s mindannyian tudtuk, hogy elj\u00f6n ez a nap. Hal\u00e1lh\u00edre m\u00e9gis \u00fagy \u00e9rt, mint egy sz\u00e9ll\u00f6k\u00e9s, amely let\u00e9p egy ajt\u00f3t a zsan\u00e9rjair\u00f3l. -","og_description":"Felvettem a fekete kab\u00e1tomat, felkaptam a t\u00e1sk\u00e1mat, \u00e9s levettem a kocsikulcsot a kamp\u00f3r\u00f3l. A temet\u00e9s k\u00e9t \u00f3ra m\u00falva kezd\u0151d\u00f6tt, \u00e9s id\u0151ben ott akartam","og_url":"https:\/\/vengria.info\/?p=8714","article_published_time":"2026-03-12T08:58:54+00:00","article_modified_time":"2026-03-12T08:58:55+00:00","og_image":[{"width":428,"height":620,"url":"https:\/\/vengria.info\/wp-content\/uploads\/2026\/03\/h3ikuyjugtrfedsx.png","type":"image\/png"}],"author":"admin","twitter_card":"summary_large_image","twitter_misc":{"Written by":"admin","Est. reading time":"3 minutes"},"schema":{"@context":"https:\/\/schema.org","@graph":[{"@type":"Article","@id":"https:\/\/vengria.info\/?p=8714#article","isPartOf":{"@id":"https:\/\/vengria.info\/?p=8714"},"author":{"name":"admin","@id":"https:\/\/vengria.info\/#\/schema\/person\/b815b04a6b1fb36a2d064955a92f68d4"},"headline":"Hideg \u00e9s csendes volt a reggel. A h\u00e1z, ahol majdnem negyven \u00e9vig laktunk a f\u00e9rjemmel, \u00fcresebbnek t\u0171nt, mint valaha. Hossz\u00fa ideig tart\u00f3 betegs\u00e9ge volt, \u00e9s mindannyian tudtuk, hogy elj\u00f6n ez a nap. Hal\u00e1lh\u00edre m\u00e9gis \u00fagy \u00e9rt, mint egy sz\u00e9ll\u00f6k\u00e9s, amely let\u00e9p egy ajt\u00f3t a zsan\u00e9rjair\u00f3l.","datePublished":"2026-03-12T08:58:54+00:00","dateModified":"2026-03-12T08:58:55+00:00","mainEntityOfPage":{"@id":"https:\/\/vengria.info\/?p=8714"},"wordCount":709,"commentCount":0,"image":{"@id":"https:\/\/vengria.info\/?p=8714#primaryimage"},"thumbnailUrl":"https:\/\/vengria.info\/wp-content\/uploads\/2026\/03\/h3ikuyjugtrfedsx.png","articleSection":["NEWS","VIDEO"],"inLanguage":"en-US","potentialAction":[{"@type":"CommentAction","name":"Comment","target":["https:\/\/vengria.info\/?p=8714#respond"]}]},{"@type":"WebPage","@id":"https:\/\/vengria.info\/?p=8714","url":"https:\/\/vengria.info\/?p=8714","name":"Hideg \u00e9s csendes volt a reggel. A h\u00e1z, ahol majdnem negyven \u00e9vig laktunk a f\u00e9rjemmel, \u00fcresebbnek t\u0171nt, mint valaha. Hossz\u00fa ideig tart\u00f3 betegs\u00e9ge volt, \u00e9s mindannyian tudtuk, hogy elj\u00f6n ez a nap. Hal\u00e1lh\u00edre m\u00e9gis \u00fagy \u00e9rt, mint egy sz\u00e9ll\u00f6k\u00e9s, amely let\u00e9p egy ajt\u00f3t a zsan\u00e9rjair\u00f3l. -","isPartOf":{"@id":"https:\/\/vengria.info\/#website"},"primaryImageOfPage":{"@id":"https:\/\/vengria.info\/?p=8714#primaryimage"},"image":{"@id":"https:\/\/vengria.info\/?p=8714#primaryimage"},"thumbnailUrl":"https:\/\/vengria.info\/wp-content\/uploads\/2026\/03\/h3ikuyjugtrfedsx.png","datePublished":"2026-03-12T08:58:54+00:00","dateModified":"2026-03-12T08:58:55+00:00","author":{"@id":"https:\/\/vengria.info\/#\/schema\/person\/b815b04a6b1fb36a2d064955a92f68d4"},"breadcrumb":{"@id":"https:\/\/vengria.info\/?p=8714#breadcrumb"},"inLanguage":"en-US","potentialAction":[{"@type":"ReadAction","target":["https:\/\/vengria.info\/?p=8714"]}]},{"@type":"ImageObject","inLanguage":"en-US","@id":"https:\/\/vengria.info\/?p=8714#primaryimage","url":"https:\/\/vengria.info\/wp-content\/uploads\/2026\/03\/h3ikuyjugtrfedsx.png","contentUrl":"https:\/\/vengria.info\/wp-content\/uploads\/2026\/03\/h3ikuyjugtrfedsx.png","width":428,"height":620},{"@type":"BreadcrumbList","@id":"https:\/\/vengria.info\/?p=8714#breadcrumb","itemListElement":[{"@type":"ListItem","position":1,"name":"Home","item":"https:\/\/vengria.info\/"},{"@type":"ListItem","position":2,"name":"Hideg \u00e9s csendes volt a reggel. A h\u00e1z, ahol majdnem negyven \u00e9vig laktunk a f\u00e9rjemmel, \u00fcresebbnek t\u0171nt, mint valaha. Hossz\u00fa ideig tart\u00f3 betegs\u00e9ge volt, \u00e9s mindannyian tudtuk, hogy elj\u00f6n ez a nap. Hal\u00e1lh\u00edre m\u00e9gis \u00fagy \u00e9rt, mint egy sz\u00e9ll\u00f6k\u00e9s, amely let\u00e9p egy ajt\u00f3t a zsan\u00e9rjair\u00f3l."}]},{"@type":"WebSite","@id":"https:\/\/vengria.info\/#website","url":"https:\/\/vengria.info\/","name":"","description":"","potentialAction":[{"@type":"SearchAction","target":{"@type":"EntryPoint","urlTemplate":"https:\/\/vengria.info\/?s={search_term_string}"},"query-input":{"@type":"PropertyValueSpecification","valueRequired":true,"valueName":"search_term_string"}}],"inLanguage":"en-US"},{"@type":"Person","@id":"https:\/\/vengria.info\/#\/schema\/person\/b815b04a6b1fb36a2d064955a92f68d4","name":"admin","image":{"@type":"ImageObject","inLanguage":"en-US","@id":"https:\/\/secure.gravatar.com\/avatar\/a29bad30ab19883c48927f9ee55a40d0d1a0c3c343bcef70ad9a0a9cb421f0fa?s=96&d=mm&r=g","url":"https:\/\/secure.gravatar.com\/avatar\/a29bad30ab19883c48927f9ee55a40d0d1a0c3c343bcef70ad9a0a9cb421f0fa?s=96&d=mm&r=g","contentUrl":"https:\/\/secure.gravatar.com\/avatar\/a29bad30ab19883c48927f9ee55a40d0d1a0c3c343bcef70ad9a0a9cb421f0fa?s=96&d=mm&r=g","caption":"admin"},"sameAs":["http:\/\/vengria.info"],"url":"https:\/\/vengria.info\/?author=1"}]}},"_links":{"self":[{"href":"https:\/\/vengria.info\/index.php?rest_route=\/wp\/v2\/posts\/8714","targetHints":{"allow":["GET"]}}],"collection":[{"href":"https:\/\/vengria.info\/index.php?rest_route=\/wp\/v2\/posts"}],"about":[{"href":"https:\/\/vengria.info\/index.php?rest_route=\/wp\/v2\/types\/post"}],"author":[{"embeddable":true,"href":"https:\/\/vengria.info\/index.php?rest_route=\/wp\/v2\/users\/1"}],"replies":[{"embeddable":true,"href":"https:\/\/vengria.info\/index.php?rest_route=%2Fwp%2Fv2%2Fcomments&post=8714"}],"version-history":[{"count":1,"href":"https:\/\/vengria.info\/index.php?rest_route=\/wp\/v2\/posts\/8714\/revisions"}],"predecessor-version":[{"id":8718,"href":"https:\/\/vengria.info\/index.php?rest_route=\/wp\/v2\/posts\/8714\/revisions\/8718"}],"wp:featuredmedia":[{"embeddable":true,"href":"https:\/\/vengria.info\/index.php?rest_route=\/wp\/v2\/media\/8716"}],"wp:attachment":[{"href":"https:\/\/vengria.info\/index.php?rest_route=%2Fwp%2Fv2%2Fmedia&parent=8714"}],"wp:term":[{"taxonomy":"category","embeddable":true,"href":"https:\/\/vengria.info\/index.php?rest_route=%2Fwp%2Fv2%2Fcategories&post=8714"},{"taxonomy":"post_tag","embeddable":true,"href":"https:\/\/vengria.info\/index.php?rest_route=%2Fwp%2Fv2%2Ftags&post=8714"}],"curies":[{"name":"wp","href":"https:\/\/api.w.org\/{rel}","templated":true}]}}