{"id":8699,"date":"2026-03-12T08:41:52","date_gmt":"2026-03-12T08:41:52","guid":{"rendered":"https:\/\/vengria.info\/?p=8699"},"modified":"2026-03-12T08:41:55","modified_gmt":"2026-03-12T08:41:55","slug":"a-gyermek-sirasa-eles-hangkent-visszhangzott-a-hazban-amelyet-meg-a-modern-villa-vastag-falai-sem-tudtak-elhallgattatni","status":"publish","type":"post","link":"https:\/\/vengria.info\/?p=8699","title":{"rendered":"A gyermek s\u00edr\u00e1sa \u00e9les hangk\u00e9nt visszhangzott a h\u00e1zban, amelyet m\u00e9g a modern villa vastag falai sem tudtak elhallgattatni."},"content":{"rendered":"\n<p>Emily Lawson az ajt\u00f3ban \u00e1llt, \u00e9s n\u00e9h\u00e1ny m\u00e1sodpercig k\u00e9ptelen volt mozdulni. Az el\u0151tte l\u00e9v\u0151 k\u00e9p annyira t\u00e1vol \u00e1llt att\u00f3l a t\u00f6k\u00e9letes otthont\u00f3l, amelybe n\u00e9h\u00e1ny h\u00f3nappal kor\u00e1bban dadak\u00e9nt l\u00e9pett be, hogy az elm\u00e9je nem akarta elhinni, amit l\u00e1t.<\/p>\n\n\n\n<p>Oliver s\u00edr\u00e1sa megt\u00f6rt \u00e9s k\u00e9ts\u00e9gbeesett volt. Apr\u00f3 kezei tehetetlen\u00fcl remegtek a leveg\u0151ben, mintha valakit keresn\u00e9nek, aki a karjaiba veheti. Emily el\u0151rel\u00e9pett. A tejjel \u00e1titatott sz\u0151nyeg halkan susogott a l\u00e1ba alatt. A szag, ami a folyos\u00f3n megcsapta, most m\u00e9g er\u0151sebb volt.<\/p>\n\n\n\n<p>Daniel Lawson egy sz\u00e9ken \u00fclt a kis\u00e1gy mellett, \u00e9s \u00fagy n\u00e9zett a gyerekre, mintha \u00e9let\u00e9ben el\u0151sz\u00f6r l\u00e1tn\u00e1. Szeme v\u00f6r\u00f6s \u00e9s \u00fcres volt. A f\u00e9rfi, akit Emily hidegen fegyelmezett \u00fczletemberk\u00e9nt ismert, hirtelen teljesen \u00f6sszet\u00f6rtnek t\u0171nt.<\/p>\n\n\n\n<p>\u201eMegmondtam, hogy menj el\u201d \u2013 ism\u00e9telte meg halkabban, de a hangj\u00e1ban m\u00e1r nem volt agresszi\u00f3. Ink\u00e1bb f\u00e1radts\u00e1g.<\/p>\n\n\n\n<p>De Emily nem mozdult. Lassan odal\u00e9pett a kis\u00e1gyhoz, felvette Olivert a karj\u00e1ba, \u00e9s mag\u00e1hoz \u00f6lelte. A baba s\u00edr\u00e1sa azonnal megv\u00e1ltozott hangon sz\u00f3lt. M\u00e9g mindig k\u00e9ts\u00e9gbees\u00e9s volt benne, de egy csipetnyi megk\u00f6nnyebb\u00fcl\u00e9s is. \u00d6szt\u00f6n\u00f6sen ringatni kezdte.<\/p>\n\n\n\n<p>Furcsa csend borult a szob\u00e1ra. Csak a baba elfojtott zokog\u00e1s\u00e1t \u00e9s Daniel szab\u00e1lytalan l\u00e9gz\u00e9s\u00e9t lehetett hallani.<\/p>\n\n\n\n<p>\u2013 Nem tudom, mit tegyek \u2013 mondta hirtelen. A szavak szinte vallom\u00e1sk\u00e9nt hangzottak.<\/p>\n\n\n\n<p>Emily r\u00e1n\u00e9zett. Nem csak f\u00e1radts\u00e1g l\u00e1tszott a szem\u00e9ben. F\u00e9lelem is.<\/p>\n\n\n\n<p>\u2013 Csak egy baba \u2013 v\u00e1laszolta nyugodtan.<\/p>\n\n\n\n<p>Daniel megr\u00e1zta a fej\u00e9t.<\/p>\n\n\n\n<p>\u2013 Nem \u00e9rted. \u00c9n\u2026 \u00e9n soha nem akartam egyed\u00fcl lenni.<\/p>\n\n\n\n<figure class=\"wp-block-image size-full is-resized\"><img loading=\"lazy\" decoding=\"async\" width=\"421\" height=\"621\" src=\"https:\/\/vengria.info\/wp-content\/uploads\/2026\/03\/h1asd8a8s51dadas45.png\" alt=\"\" class=\"wp-image-8702\" style=\"width:747px;height:auto\" srcset=\"https:\/\/vengria.info\/wp-content\/uploads\/2026\/03\/h1asd8a8s51dadas45.png 421w, https:\/\/vengria.info\/wp-content\/uploads\/2026\/03\/h1asd8a8s51dadas45-203x300.png 203w\" sizes=\"auto, (max-width: 421px) 100vw, 421px\" \/><\/figure>\n\n\n\n<p>Emily eml\u00e9kezett az els\u0151 napra, amikor a h\u00e1zba j\u00f6tt. A falakon l\u00e9v\u0151 f\u00e9nyk\u00e9pekre. A sz\u0151ke haj\u00fa n\u0151re, aki r\u00e1juk mosolygott. A halk szavakra, amelyek a szem\u00e9lyzet k\u00f6z\u00f6tt keringtek, de soha nem mondt\u00e1k ki hangosan.<\/p>\n\n\n\n<p>Oliver \u00e9desanyja r\u00f6viddel a sz\u00fcl\u00e9s ut\u00e1n meghalt.<\/p>\n\n\n\n<p>Emily tudta ezt. De soha nem l\u00e1tta m\u00e9g, milyen m\u00e9ly nyomot hagyott az esem\u00e9ny.<\/p>\n\n\n\n<p>\u2013 Amikor s\u00edrni kezd \u2013 folytatta Daniel, k\u00f6ny\u00f6k\u00e9t a t\u00e9rd\u00e9re t\u00e1masztva \u2013, hallom benne a hangj\u00e1t. Azon az utols\u00f3 napon a k\u00f3rh\u00e1zban. Az orvosok azt mondt\u00e1k, minden rendben lesz.<\/p>\n\n\n\n<p>Elcsuklott a hangja.<\/p>\n\n\n\n<p>Emily lassan v\u00e9gigsim\u00edtott Oliver h\u00e1t\u00e1n. A baba m\u00e1r alig s\u00edrt. Csak halkan szipogott, a v\u00e1ll\u00e1hoz nyomva mag\u00e1t.<\/p>\n\n\n\n<p>\u2013 Nem az \u0151 hib\u00e1ja \u2013 mondta halkan.<\/p>\n\n\n\n<p>Daniel sok\u00e1ig nem sz\u00f3lt semmit. \u00dagy n\u00e9zett a fi\u00e1ra, mintha keresne valamit, ami eddig elker\u00fclte a figyelm\u00e9t.<\/p>\n\n\n\n<p>Azt\u00e1n valami v\u00e1ratlan dolog t\u00f6rt\u00e9nt.<\/p>\n\n\n\n<p>Oliver kiny\u00fajtotta apr\u00f3 kez\u00e9t az apja fel\u00e9.<\/p>\n\n\n\n<p>A mozdulat apr\u00f3 volt. Gyenge. De furcsa s\u00fcrget\u0151 \u00e9rz\u00e9s volt benne.<\/p>\n\n\n\n<p>Daniel mozdulatlanul \u00fclt. Mintha att\u00f3l f\u00e9lne, hogy ha megmozdul, minden elt\u0171nik. V\u00e9g\u00fcl lassan fel\u00e1llt \u00e9s k\u00f6zelebb ment.<\/p>\n\n\n\n<p>Emily \u00e1tny\u00fajtotta neki a bab\u00e1t.<\/p>\n\n\n\n<p>Daniel egy pillanatig habozott. Azt\u00e1n \u00f3vatosan a karj\u00e1ba vette Olivert.<\/p>\n\n\n\n<p>A baba azonnal hozz\u00e1pr\u00e9selte mag\u00e1t.<\/p>\n\n\n\n<p>A szoba elcsendesedett, tal\u00e1n Oliver sz\u00fclet\u00e9se \u00f3ta nem. Nem egy n\u00e9ma, \u00fcres vagy neh\u00e9z csend volt. Egy csendes hely, ahol valami lassan v\u00e1ltozott.<\/p>\n\n\n\n<p>Daniel a fi\u00e1ra n\u00e9zett, \u00e9s mi\u00f3ta Emily bel\u00e9pett a szob\u00e1ba, most el\u0151sz\u00f6r hagyta abba a v\u00e1lla remeg\u00e9s\u00e9t.<\/p>\n\n\n\n<p>Emily a k\u00f6zelben \u00e1llt, csendben figyelte a jelenetet. Tudta, hogy \u00e9pp most l\u00e9pte \u00e1t azt a hat\u00e1rt, amelyet az alkalmazottak \u00e1ltal\u00e1ban nem l\u00e9pnek \u00e1t. De azt is \u00e9rezte, hogy ha akkor elment volna, ahogy Daniel mondta neki, ez a pillanat soha nem k\u00f6vetkezett volna be.<\/p>\n\n\n\n<p>Oliver lassan elaludt apja karjaiban.<\/p>\n\n\n\n<p>\u00c9s Daniel, a f\u00e9rfi, aki n\u00e9h\u00e1ny perccel ezel\u0151tt alig emelte fel a fej\u00e9t, a gyerekszoba k\u00f6zep\u00e9n \u00e1llt, \u00e9s olyan gondosan tartotta a fi\u00e1t, mintha valami p\u00f3tolhatatlan dolgot tartana.<\/p>\n\n\n\n<p>Tal\u00e1n ez volt az els\u0151 pillanat, amikor igaz\u00e1n r\u00e1j\u00f6tt, hogy nem csak a vesztes\u00e9g eml\u00e9keztet\u0151je.<\/p>\n\n\n\n<p>Ez egyben valaminek a kezdete is volt, ami m\u00e9g v\u00e1rat mag\u00e1ra.<\/p>\n","protected":false},"excerpt":{"rendered":"Emily Lawson az ajt\u00f3ban \u00e1llt, \u00e9s n\u00e9h\u00e1ny m\u00e1sodpercig k\u00e9ptelen volt mozdulni. Az el\u0151tte l\u00e9v\u0151 k\u00e9p annyira t\u00e1vol \u00e1llt att\u00f3l a t\u00f6k\u00e9letes otthont\u00f3l, amelybe \n<a class=\"moretag\" href=\"https:\/\/vengria.info\/?p=8699\"> [...]<\/a>","protected":false},"author":1,"featured_media":8702,"comment_status":"open","ping_status":"open","sticky":false,"template":"","format":"standard","meta":{"footnotes":""},"categories":[1,2],"tags":[],"class_list":["post-8699","post","type-post","status-publish","format-standard","has-post-thumbnail","hentry","category-news","category-video"],"yoast_head":"<!-- This site is optimized with the Yoast SEO plugin v27.3 - https:\/\/yoast.com\/product\/yoast-seo-wordpress\/ -->\n<title>A gyermek s\u00edr\u00e1sa \u00e9les hangk\u00e9nt visszhangzott a h\u00e1zban, amelyet m\u00e9g a modern villa vastag falai sem tudtak elhallgattatni. -<\/title>\n<meta name=\"robots\" content=\"index, follow, max-snippet:-1, max-image-preview:large, max-video-preview:-1\" \/>\n<link rel=\"canonical\" href=\"https:\/\/vengria.info\/?p=8699\" \/>\n<meta property=\"og:locale\" content=\"en_US\" \/>\n<meta property=\"og:type\" content=\"article\" \/>\n<meta property=\"og:title\" content=\"A gyermek s\u00edr\u00e1sa \u00e9les hangk\u00e9nt visszhangzott a h\u00e1zban, amelyet m\u00e9g a modern villa vastag falai sem tudtak elhallgattatni. -\" \/>\n<meta property=\"og:description\" content=\"Emily Lawson az ajt\u00f3ban \u00e1llt, \u00e9s n\u00e9h\u00e1ny m\u00e1sodpercig k\u00e9ptelen volt mozdulni. Az el\u0151tte l\u00e9v\u0151 k\u00e9p annyira t\u00e1vol \u00e1llt att\u00f3l a t\u00f6k\u00e9letes otthont\u00f3l, amelybe\" \/>\n<meta property=\"og:url\" content=\"https:\/\/vengria.info\/?p=8699\" \/>\n<meta property=\"article:published_time\" content=\"2026-03-12T08:41:52+00:00\" \/>\n<meta property=\"article:modified_time\" content=\"2026-03-12T08:41:55+00:00\" \/>\n<meta property=\"og:image\" content=\"https:\/\/vengria.info\/wp-content\/uploads\/2026\/03\/h1asd8a8s51dadas45.png\" \/>\n\t<meta property=\"og:image:width\" content=\"421\" \/>\n\t<meta property=\"og:image:height\" content=\"621\" \/>\n\t<meta property=\"og:image:type\" content=\"image\/png\" \/>\n<meta name=\"author\" content=\"admin\" \/>\n<meta name=\"twitter:card\" content=\"summary_large_image\" \/>\n<meta name=\"twitter:label1\" content=\"Written by\" \/>\n\t<meta name=\"twitter:data1\" content=\"admin\" \/>\n\t<meta name=\"twitter:label2\" content=\"Est. reading time\" \/>\n\t<meta name=\"twitter:data2\" content=\"3 minutes\" \/>\n<script type=\"application\/ld+json\" class=\"yoast-schema-graph\">{\"@context\":\"https:\\\/\\\/schema.org\",\"@graph\":[{\"@type\":\"Article\",\"@id\":\"https:\\\/\\\/vengria.info\\\/?p=8699#article\",\"isPartOf\":{\"@id\":\"https:\\\/\\\/vengria.info\\\/?p=8699\"},\"author\":{\"name\":\"admin\",\"@id\":\"https:\\\/\\\/vengria.info\\\/#\\\/schema\\\/person\\\/b815b04a6b1fb36a2d064955a92f68d4\"},\"headline\":\"A gyermek s\u00edr\u00e1sa \u00e9les hangk\u00e9nt visszhangzott a h\u00e1zban, amelyet m\u00e9g a modern villa vastag falai sem tudtak elhallgattatni.\",\"datePublished\":\"2026-03-12T08:41:52+00:00\",\"dateModified\":\"2026-03-12T08:41:55+00:00\",\"mainEntityOfPage\":{\"@id\":\"https:\\\/\\\/vengria.info\\\/?p=8699\"},\"wordCount\":770,\"commentCount\":0,\"image\":{\"@id\":\"https:\\\/\\\/vengria.info\\\/?p=8699#primaryimage\"},\"thumbnailUrl\":\"https:\\\/\\\/vengria.info\\\/wp-content\\\/uploads\\\/2026\\\/03\\\/h1asd8a8s51dadas45.png\",\"articleSection\":[\"NEWS\",\"VIDEO\"],\"inLanguage\":\"en-US\",\"potentialAction\":[{\"@type\":\"CommentAction\",\"name\":\"Comment\",\"target\":[\"https:\\\/\\\/vengria.info\\\/?p=8699#respond\"]}]},{\"@type\":\"WebPage\",\"@id\":\"https:\\\/\\\/vengria.info\\\/?p=8699\",\"url\":\"https:\\\/\\\/vengria.info\\\/?p=8699\",\"name\":\"A gyermek s\u00edr\u00e1sa \u00e9les hangk\u00e9nt visszhangzott a h\u00e1zban, amelyet m\u00e9g a modern villa vastag falai sem tudtak elhallgattatni. -\",\"isPartOf\":{\"@id\":\"https:\\\/\\\/vengria.info\\\/#website\"},\"primaryImageOfPage\":{\"@id\":\"https:\\\/\\\/vengria.info\\\/?p=8699#primaryimage\"},\"image\":{\"@id\":\"https:\\\/\\\/vengria.info\\\/?p=8699#primaryimage\"},\"thumbnailUrl\":\"https:\\\/\\\/vengria.info\\\/wp-content\\\/uploads\\\/2026\\\/03\\\/h1asd8a8s51dadas45.png\",\"datePublished\":\"2026-03-12T08:41:52+00:00\",\"dateModified\":\"2026-03-12T08:41:55+00:00\",\"author\":{\"@id\":\"https:\\\/\\\/vengria.info\\\/#\\\/schema\\\/person\\\/b815b04a6b1fb36a2d064955a92f68d4\"},\"breadcrumb\":{\"@id\":\"https:\\\/\\\/vengria.info\\\/?p=8699#breadcrumb\"},\"inLanguage\":\"en-US\",\"potentialAction\":[{\"@type\":\"ReadAction\",\"target\":[\"https:\\\/\\\/vengria.info\\\/?p=8699\"]}]},{\"@type\":\"ImageObject\",\"inLanguage\":\"en-US\",\"@id\":\"https:\\\/\\\/vengria.info\\\/?p=8699#primaryimage\",\"url\":\"https:\\\/\\\/vengria.info\\\/wp-content\\\/uploads\\\/2026\\\/03\\\/h1asd8a8s51dadas45.png\",\"contentUrl\":\"https:\\\/\\\/vengria.info\\\/wp-content\\\/uploads\\\/2026\\\/03\\\/h1asd8a8s51dadas45.png\",\"width\":421,\"height\":621},{\"@type\":\"BreadcrumbList\",\"@id\":\"https:\\\/\\\/vengria.info\\\/?p=8699#breadcrumb\",\"itemListElement\":[{\"@type\":\"ListItem\",\"position\":1,\"name\":\"Home\",\"item\":\"https:\\\/\\\/vengria.info\\\/\"},{\"@type\":\"ListItem\",\"position\":2,\"name\":\"A gyermek s\u00edr\u00e1sa \u00e9les hangk\u00e9nt visszhangzott a h\u00e1zban, amelyet m\u00e9g a modern villa vastag falai sem tudtak elhallgattatni.\"}]},{\"@type\":\"WebSite\",\"@id\":\"https:\\\/\\\/vengria.info\\\/#website\",\"url\":\"https:\\\/\\\/vengria.info\\\/\",\"name\":\"\",\"description\":\"\",\"potentialAction\":[{\"@type\":\"SearchAction\",\"target\":{\"@type\":\"EntryPoint\",\"urlTemplate\":\"https:\\\/\\\/vengria.info\\\/?s={search_term_string}\"},\"query-input\":{\"@type\":\"PropertyValueSpecification\",\"valueRequired\":true,\"valueName\":\"search_term_string\"}}],\"inLanguage\":\"en-US\"},{\"@type\":\"Person\",\"@id\":\"https:\\\/\\\/vengria.info\\\/#\\\/schema\\\/person\\\/b815b04a6b1fb36a2d064955a92f68d4\",\"name\":\"admin\",\"image\":{\"@type\":\"ImageObject\",\"inLanguage\":\"en-US\",\"@id\":\"https:\\\/\\\/secure.gravatar.com\\\/avatar\\\/a29bad30ab19883c48927f9ee55a40d0d1a0c3c343bcef70ad9a0a9cb421f0fa?s=96&d=mm&r=g\",\"url\":\"https:\\\/\\\/secure.gravatar.com\\\/avatar\\\/a29bad30ab19883c48927f9ee55a40d0d1a0c3c343bcef70ad9a0a9cb421f0fa?s=96&d=mm&r=g\",\"contentUrl\":\"https:\\\/\\\/secure.gravatar.com\\\/avatar\\\/a29bad30ab19883c48927f9ee55a40d0d1a0c3c343bcef70ad9a0a9cb421f0fa?s=96&d=mm&r=g\",\"caption\":\"admin\"},\"sameAs\":[\"http:\\\/\\\/vengria.info\"],\"url\":\"https:\\\/\\\/vengria.info\\\/?author=1\"}]}<\/script>\n<!-- \/ Yoast SEO plugin. -->","yoast_head_json":{"title":"A gyermek s\u00edr\u00e1sa \u00e9les hangk\u00e9nt visszhangzott a h\u00e1zban, amelyet m\u00e9g a modern villa vastag falai sem tudtak elhallgattatni. -","robots":{"index":"index","follow":"follow","max-snippet":"max-snippet:-1","max-image-preview":"max-image-preview:large","max-video-preview":"max-video-preview:-1"},"canonical":"https:\/\/vengria.info\/?p=8699","og_locale":"en_US","og_type":"article","og_title":"A gyermek s\u00edr\u00e1sa \u00e9les hangk\u00e9nt visszhangzott a h\u00e1zban, amelyet m\u00e9g a modern villa vastag falai sem tudtak elhallgattatni. -","og_description":"Emily Lawson az ajt\u00f3ban \u00e1llt, \u00e9s n\u00e9h\u00e1ny m\u00e1sodpercig k\u00e9ptelen volt mozdulni. Az el\u0151tte l\u00e9v\u0151 k\u00e9p annyira t\u00e1vol \u00e1llt att\u00f3l a t\u00f6k\u00e9letes otthont\u00f3l, amelybe","og_url":"https:\/\/vengria.info\/?p=8699","article_published_time":"2026-03-12T08:41:52+00:00","article_modified_time":"2026-03-12T08:41:55+00:00","og_image":[{"width":421,"height":621,"url":"https:\/\/vengria.info\/wp-content\/uploads\/2026\/03\/h1asd8a8s51dadas45.png","type":"image\/png"}],"author":"admin","twitter_card":"summary_large_image","twitter_misc":{"Written by":"admin","Est. reading time":"3 minutes"},"schema":{"@context":"https:\/\/schema.org","@graph":[{"@type":"Article","@id":"https:\/\/vengria.info\/?p=8699#article","isPartOf":{"@id":"https:\/\/vengria.info\/?p=8699"},"author":{"name":"admin","@id":"https:\/\/vengria.info\/#\/schema\/person\/b815b04a6b1fb36a2d064955a92f68d4"},"headline":"A gyermek s\u00edr\u00e1sa \u00e9les hangk\u00e9nt visszhangzott a h\u00e1zban, amelyet m\u00e9g a modern villa vastag falai sem tudtak elhallgattatni.","datePublished":"2026-03-12T08:41:52+00:00","dateModified":"2026-03-12T08:41:55+00:00","mainEntityOfPage":{"@id":"https:\/\/vengria.info\/?p=8699"},"wordCount":770,"commentCount":0,"image":{"@id":"https:\/\/vengria.info\/?p=8699#primaryimage"},"thumbnailUrl":"https:\/\/vengria.info\/wp-content\/uploads\/2026\/03\/h1asd8a8s51dadas45.png","articleSection":["NEWS","VIDEO"],"inLanguage":"en-US","potentialAction":[{"@type":"CommentAction","name":"Comment","target":["https:\/\/vengria.info\/?p=8699#respond"]}]},{"@type":"WebPage","@id":"https:\/\/vengria.info\/?p=8699","url":"https:\/\/vengria.info\/?p=8699","name":"A gyermek s\u00edr\u00e1sa \u00e9les hangk\u00e9nt visszhangzott a h\u00e1zban, amelyet m\u00e9g a modern villa vastag falai sem tudtak elhallgattatni. -","isPartOf":{"@id":"https:\/\/vengria.info\/#website"},"primaryImageOfPage":{"@id":"https:\/\/vengria.info\/?p=8699#primaryimage"},"image":{"@id":"https:\/\/vengria.info\/?p=8699#primaryimage"},"thumbnailUrl":"https:\/\/vengria.info\/wp-content\/uploads\/2026\/03\/h1asd8a8s51dadas45.png","datePublished":"2026-03-12T08:41:52+00:00","dateModified":"2026-03-12T08:41:55+00:00","author":{"@id":"https:\/\/vengria.info\/#\/schema\/person\/b815b04a6b1fb36a2d064955a92f68d4"},"breadcrumb":{"@id":"https:\/\/vengria.info\/?p=8699#breadcrumb"},"inLanguage":"en-US","potentialAction":[{"@type":"ReadAction","target":["https:\/\/vengria.info\/?p=8699"]}]},{"@type":"ImageObject","inLanguage":"en-US","@id":"https:\/\/vengria.info\/?p=8699#primaryimage","url":"https:\/\/vengria.info\/wp-content\/uploads\/2026\/03\/h1asd8a8s51dadas45.png","contentUrl":"https:\/\/vengria.info\/wp-content\/uploads\/2026\/03\/h1asd8a8s51dadas45.png","width":421,"height":621},{"@type":"BreadcrumbList","@id":"https:\/\/vengria.info\/?p=8699#breadcrumb","itemListElement":[{"@type":"ListItem","position":1,"name":"Home","item":"https:\/\/vengria.info\/"},{"@type":"ListItem","position":2,"name":"A gyermek s\u00edr\u00e1sa \u00e9les hangk\u00e9nt visszhangzott a h\u00e1zban, amelyet m\u00e9g a modern villa vastag falai sem tudtak elhallgattatni."}]},{"@type":"WebSite","@id":"https:\/\/vengria.info\/#website","url":"https:\/\/vengria.info\/","name":"","description":"","potentialAction":[{"@type":"SearchAction","target":{"@type":"EntryPoint","urlTemplate":"https:\/\/vengria.info\/?s={search_term_string}"},"query-input":{"@type":"PropertyValueSpecification","valueRequired":true,"valueName":"search_term_string"}}],"inLanguage":"en-US"},{"@type":"Person","@id":"https:\/\/vengria.info\/#\/schema\/person\/b815b04a6b1fb36a2d064955a92f68d4","name":"admin","image":{"@type":"ImageObject","inLanguage":"en-US","@id":"https:\/\/secure.gravatar.com\/avatar\/a29bad30ab19883c48927f9ee55a40d0d1a0c3c343bcef70ad9a0a9cb421f0fa?s=96&d=mm&r=g","url":"https:\/\/secure.gravatar.com\/avatar\/a29bad30ab19883c48927f9ee55a40d0d1a0c3c343bcef70ad9a0a9cb421f0fa?s=96&d=mm&r=g","contentUrl":"https:\/\/secure.gravatar.com\/avatar\/a29bad30ab19883c48927f9ee55a40d0d1a0c3c343bcef70ad9a0a9cb421f0fa?s=96&d=mm&r=g","caption":"admin"},"sameAs":["http:\/\/vengria.info"],"url":"https:\/\/vengria.info\/?author=1"}]}},"_links":{"self":[{"href":"https:\/\/vengria.info\/index.php?rest_route=\/wp\/v2\/posts\/8699","targetHints":{"allow":["GET"]}}],"collection":[{"href":"https:\/\/vengria.info\/index.php?rest_route=\/wp\/v2\/posts"}],"about":[{"href":"https:\/\/vengria.info\/index.php?rest_route=\/wp\/v2\/types\/post"}],"author":[{"embeddable":true,"href":"https:\/\/vengria.info\/index.php?rest_route=\/wp\/v2\/users\/1"}],"replies":[{"embeddable":true,"href":"https:\/\/vengria.info\/index.php?rest_route=%2Fwp%2Fv2%2Fcomments&post=8699"}],"version-history":[{"count":1,"href":"https:\/\/vengria.info\/index.php?rest_route=\/wp\/v2\/posts\/8699\/revisions"}],"predecessor-version":[{"id":8704,"href":"https:\/\/vengria.info\/index.php?rest_route=\/wp\/v2\/posts\/8699\/revisions\/8704"}],"wp:featuredmedia":[{"embeddable":true,"href":"https:\/\/vengria.info\/index.php?rest_route=\/wp\/v2\/media\/8702"}],"wp:attachment":[{"href":"https:\/\/vengria.info\/index.php?rest_route=%2Fwp%2Fv2%2Fmedia&parent=8699"}],"wp:term":[{"taxonomy":"category","embeddable":true,"href":"https:\/\/vengria.info\/index.php?rest_route=%2Fwp%2Fv2%2Fcategories&post=8699"},{"taxonomy":"post_tag","embeddable":true,"href":"https:\/\/vengria.info\/index.php?rest_route=%2Fwp%2Fv2%2Ftags&post=8699"}],"curies":[{"name":"wp","href":"https:\/\/api.w.org\/{rel}","templated":true}]}}