{"id":8592,"date":"2026-03-10T12:41:55","date_gmt":"2026-03-10T12:41:55","guid":{"rendered":"https:\/\/vengria.info\/?p=8592"},"modified":"2026-03-10T12:41:56","modified_gmt":"2026-03-10T12:41:56","slug":"ket-honappal-az-eskuvo-utan-felhivott-a-lanyom-aposa-csak-annyit-mondott-gyere-el-erte-amikor-megtalaltuk-teljesen-ledobbentunk","status":"publish","type":"post","link":"https:\/\/vengria.info\/?p=8592","title":{"rendered":"K\u00e9t h\u00f3nappal az esk\u00fcv\u0151 ut\u00e1n felh\u00edvott a l\u00e1nyom ap\u00f3sa. Csak annyit mondott: \u201eGyere el \u00e9rte.\u201d Amikor megtal\u00e1ltuk, teljesen led\u00f6bbent\u00fcnk."},"content":{"rendered":"\n<p>Az esk\u00fcv\u0151 napja olyan volt, mint egy mese. Mindenki s\u00edrt, a menyasszony sug\u00e1rzott a boldogs\u00e1gt\u00f3l, a v\u0151leg\u00e9ny pedig \u00fagy n\u00e9zett ki, mintha b\u00e1rmit megtenne \u00e9rte. Eml\u00e9kszem, odahajoltam a f\u00e9rjemhez, \u00e9s azt s\u00fagtam neki: \u201eV\u00e9gre elkezdi a saj\u00e1t gy\u00f6ny\u00f6r\u0171 t\u00f6rt\u00e9net\u00e9t.\u201d Megszor\u00edtotta a kezem, \u00e9s hozz\u00e1tette: \u201e\u00c9s mi teljes sz\u00edv\u00fcnkb\u0151l elhitt\u00fck.\u201d<\/p>\n\n\n\n<p>Mindent odaadtunk neki. Nem csak az esk\u00fcv\u0151i p\u00e9nzt, nem csak a ruh\u00e1t, amir\u0151l \u00e1lmodott, hanem mindenekel\u0151tt azt a kis h\u00e1zat az utca v\u00e9g\u00e9n. Ez volt a mi aj\u00e1nd\u00e9kunk, a biztos\u00edt\u00e1sunk, ha b\u00e1rmi baj t\u00f6rt\u00e9nne. \u201eEz a te mened\u00e9ked\u201d \u2013 mondtam neki, mik\u00f6zben \u00e1tadtuk a kulcsokat. \u201eB\u00e1rmi is t\u00f6rt\u00e9njen, ide mindig visszaj\u00f6hetsz.\u201d Olyan szorosan \u00f6lelt, hogy el\u00e1llt a l\u00e9legzetem, \u00e9s felnevetett: \u201eAnya, k\u00e9rlek, velem semmi sem t\u00f6rt\u00e9nhet. \u00c9n vagyok most a vil\u00e1g legboldogabb embere.\u201d<\/p>\n\n\n\n<p>T\u00e9vedett.<\/p>\n\n\n\n<p>K\u00e9t h\u00f3nap telt el. K\u00e9t h\u00f3nap telt el h\u00edrekkel arr\u00f3l, hogyan rendezkednek be az otthonukban, milyen sz\u00e9p minden, hogy az any\u00f3sa hogyan tan\u00edtotta meg neki a csal\u00e1di torta s\u00fct\u00e9s\u00e9t. Minden nap felh\u00edvott, n\u00e9ha k\u00e9tszer is. Azt\u00e1n egy nap elhallgatott a telefon. Azt mondtam magamnak, hogy elfoglaltak, \u00e9lvezik a n\u00e1sz\u00fatjukat, hogy majd k\u00e9s\u0151bb felh\u00edv. H\u00e1rom napot v\u00e1rtam. \u00c9s akkor megj\u00f6tt.<\/p>\n\n\n\n<p>Az a hang a telefonban \u00e9letem v\u00e9g\u00e9ig csengeni fog a f\u00fclemben. Az ap\u00f3sa volt. A f\u00e9rfi, aki a meny\u00e9vel t\u00e1ncolt az esk\u00fcv\u0151n, \u00e9s szivarokat osztogatott. De a hangja furcsa volt azon a napon. Hideg, mint a j\u00e9g, \u00fcres, mint egy roncstelep.<\/p>\n\n\n\n<p>Csak annyit mondott: &#8220;Gyere, hozd a l\u00e1nyodat. M\u00e1r nem tartozik ide.&#8221;<\/p>\n\n\n\n<p>Letette, miel\u0151tt b\u00e1rmit is mondhattam volna. A konyha k\u00f6zep\u00e9n \u00e1lltam, a telefonnal a kezemben, \u00e9s \u00fagy \u00e9reztem, mintha a padl\u00f3 beszakadna alattam. A f\u00e9rjem \u00e9rtetlen\u00fcl b\u00e1mult r\u00e1m. &#8220;Mi t\u00f6rt\u00e9nik?&#8221; \u2013 k\u00e9rdezte. Egy sz\u00f3t sem tudtam kiny\u00f6gni.<\/p>\n\n\n\n<p>Az \u00fat a h\u00e1zukhoz egy \u00f6r\u00f6kk\u00e9val\u00f3s\u00e1gig tartott. Minden kanyar, minden k\u00f6zleked\u00e9si l\u00e1mpa, minden perc r\u00e9m\u00e1lomszer\u0171en h\u00faz\u00f3dott. A legrosszabb forgat\u00f3k\u00f6nyvek cik\u00e1ztak a fejemben. Baleset. Betegs\u00e9g. Valami a bab\u00e1val. De semmi sem k\u00e9sz\u00edtett fel arra, amit l\u00e1ttunk.<\/p>\n\n\n\n<p>A h\u00e1z egy idilli utca k\u00f6zep\u00e9n \u00e1llt, r\u00f3zsabokrokkal a bej\u00e1rat el\u0151tt. \u00dagy n\u00e9zett ki, mint egy magazin a t\u00f6k\u00e9letes \u00e9letr\u0151l. Az ajt\u00f3 t\u00e1rva-nyitva volt. Senki sem \u00fcdv\u00f6z\u00f6lt minket, senki sem j\u00f6tt ki. Csak csend. Neh\u00e9z, term\u00e9szetellenes csend.<\/p>\n\n\n\n<p>Bement\u00fcnk, \u00e9s megl\u00e1ttuk.<\/p>\n\n\n\n<figure class=\"wp-block-image size-full is-resized\"><img loading=\"lazy\" decoding=\"async\" width=\"416\" height=\"619\" src=\"https:\/\/vengria.info\/wp-content\/uploads\/2026\/03\/a3weadsgyubhjk.png\" alt=\"\" class=\"wp-image-8594\" style=\"width:747px;height:auto\" srcset=\"https:\/\/vengria.info\/wp-content\/uploads\/2026\/03\/a3weadsgyubhjk.png 416w, https:\/\/vengria.info\/wp-content\/uploads\/2026\/03\/a3weadsgyubhjk-202x300.png 202w\" sizes=\"auto, (max-width: 416px) 100vw, 416px\" \/><\/figure>\n\n\n\n<p>A l\u00e1nyom a nappaliban fek\u00fcdt a kanap\u00e9n. Eszm\u00e9let\u00e9n\u00e9l volt, de alig. Az ajka felszakadt \u00e9s lil\u00e1ra duzzadt, hatalmas z\u00faz\u00f3d\u00e1s volt a szeme alatt, \u00e9s a keze annyira remegett, hogy nem tudta megtartani a mellette l\u00e9v\u0151 asztalon l\u00e9v\u0151 poh\u00e1r vizet. A kisl\u00e1nyom volt az. Az er\u0151s, b\u00e1tor, gy\u00f6ny\u00f6r\u0171 kisl\u00e1nyom, \u00e9s \u00fagy n\u00e9zett ki, mint egy ijedt, sebes\u00fclt \u00e1llat.<\/p>\n\n\n\n<p>Sik\u00edtottam. A f\u00e9rjem mellettem \u00e1llt, a r\u00e9m\u00fclett\u0151l dermedten. Nem eml\u00e9kszem, hogyan tett\u00e9k be az aut\u00f3ba. Csak azokra a hossz\u00fa percekre eml\u00e9kszem a k\u00f3rh\u00e1z v\u00e1r\u00f3term\u00e9ben, szobork\u00e9nt \u00fclve, a feh\u00e9r ajt\u00f3kat b\u00e1mulva, amelyek m\u00f6g\u00f6tt az \u00e9let\u00e9\u00e9rt k\u00fczd\u00f6ttek. \u00c9s tal\u00e1n a lelk\u00e9\u00e9rt is.<\/p>\n\n\n\n<p>Az orvosok \u00f3r\u00e1kkal k\u00e9s\u0151bb j\u00f6ttek el hozz\u00e1nk. Azt mondt\u00e1k, hogy k\u00e9t bord\u00e1ja elt\u00f6rt, agyr\u00e1zk\u00f3d\u00e1sa \u00e9s t\u00f6bb z\u00faz\u00f3d\u00e1sa van. Azt mondt\u00e1k, ha egy nappal k\u00e9s\u0151bb \u00e9rkez\u00fcnk, sokkal rosszabb is lehetett volna. Azt\u00e1n megk\u00e9rdezt\u00e9k: \u201eKi tette ezt vele?\u201d<\/p>\n\n\n\n<p>Nem tudtuk. Azt hitt\u00fck, tudjuk. Azt hitt\u00fck, a f\u00e9rje. De az igazs\u00e1g sokkal ijeszt\u0151bb volt.<\/p>\n\n\n\n<p>Amikor a l\u00e1nyom v\u00e9gre fel\u00e9bredt \u00e9s besz\u00e9lni tudott, elmes\u00e9lt nek\u00fcnk egy t\u00f6rt\u00e9netet, amit\u0151l megh\u0171lt benn\u00fcnk a v\u00e9r. Nem csak a f\u00e9rje volt. Az eg\u00e9sz csal\u00e1dja. Az ap\u00f3s, aki felh\u00edvott minket, nem valami h\u0151s volt, aki figyelmeztetett minket. \u0150 is egy volt k\u00f6z\u00fcl\u00fck.<\/p>\n\n\n\n<p>Att\u00f3l a napt\u00f3l kezdve, hogy f\u00e9rjhez ment, azt mondt\u00e1k neki, hogy nem el\u00e9g j\u00f3. Hogy nem az \u0151 v\u00e9r\u00fck. Hogy \u0151 csak \u201eaz \u00faj\u201d, akinek nincs joga a saj\u00e1t v\u00e9lem\u00e9ny\u00e9hez. A f\u00e9rj, aki az esk\u00fcv\u0151n \u00fagy n\u00e9zett ki, mint egy szerelmes herceg, a szeme l\u00e1tt\u00e1ra v\u00e1ltozott a csal\u00e1dja befoly\u00e1sa alatt. Pszichol\u00f3giai nyom\u00e1sgyakorl\u00e1ssal kezd\u0151d\u00f6tt, s\u00e9rt\u00e9sekkel folytat\u00f3dott, \u00e9s fizikai er\u0151szakkal v\u00e9gz\u0151d\u00f6tt.<\/p>\n\n\n\n<p>Az utols\u00f3 \u00e9jszaka volt a legrosszabb. Amikor a n\u0151 ki\u00e1llt el\u00e9, \u00e9s azt mondta, hogy nem akar \u00edgy tov\u00e1bb \u00e9lni, \u00e9s bek\u00f6lt\u00f6zik abba a kis h\u00e1zba, amit adtunk neki, a f\u00e9rfi meg\u0151r\u00fclt. El\u0151sz\u00f6r meg\u00fct\u00f6tte. Azt\u00e1n m\u00e1sodszor is. \u00c9s harmadszor is. \u00c9s mik\u00f6zben a n\u0151 a f\u00f6ld\u00f6n fek\u00fcdt, \u00e9s kegyelem\u00e9rt k\u00f6ny\u00f6rg\u00f6tt, a sz\u00fclei odaj\u00f6ttek. Ahelyett, hogy meg\u00e1ll\u00edtott\u00e1k volna, csatlakoztak hozz\u00e1. Az ap\u00f3sa megragadta a haj\u00e1n\u00e1l fogva, \u00e9s v\u00e9gigh\u00fazta a padl\u00f3n. Az any\u00f3sa f\u00f6l\u00e9 \u00e1llt, \u00e9s azt sikoltozta, hogy az \u0151 hib\u00e1ja, hogy hiszt\u00e9rikus, hogy t\u00f6nkreteszi a t\u00f6k\u00e9letes fiukat.<\/p>\n\n\n\n<p>Nem tudom, mi \u00e1ll\u00edtotta meg \u0151ket. Tal\u00e1n azt hitt\u00e9k, hogy meghalt. Tal\u00e1n att\u00f3l f\u00e9ltek, hogy t\u00fal messzire mentek. Egyszer\u0171en otthagyt\u00e1k a kanap\u00e9n fekve, felh\u00edvtak minket, \u00e9s elt\u0171ntek. Mint egy \u00e1llat, akir\u0151l nem akarnak gondoskodni.<\/p>\n\n\n\n<p>M\u00e1r \u00f6t \u00e9ve. A l\u00e1nyom abban a kis h\u00e1zban \u00e9l, amit valaha adtunk neki. Nincs egyed\u00fcl. Van egy \u00faj f\u00e9rje, egy j\u00f3 ember, aki soha nem b\u00e1ntan\u00e1. \u00c9s van egy kisl\u00e1nya, akinek minden este lefekv\u00e9s el\u0151tt mes\u00e9l.<\/p>\n\n\n\n<p>A volt f\u00e9rje? A csal\u00e1dja? Egyik\u00fck sincs m\u00e1r az \u00e9let\u00fcnkben. A rend\u0151rs\u00e9g kivizsg\u00e1lta az \u00fcgyet, de mivel nem volt el\u00e9g bizony\u00edt\u00e9k, felt\u00e9teles \u00edt\u00e9lettel z\u00e1rult. Azt mondt\u00e1k, hogy ne v\u00e9dekezz\u00fcnk, ne csin\u00e1ljunk jelenetet. De mi tudjuk a dolgunkat. Tudjuk, hogy az igazs\u00e1g nem mindig az, ami a hivatalos dokumentumokban szerepel.<\/p>\n\n\n\n<p>N\u00e9ha \u00e9jszaka fel\u00e9bredek, \u00e9s azt hallom, hogy hideg van.<\/p>\n","protected":false},"excerpt":{"rendered":"Az esk\u00fcv\u0151 napja olyan volt, mint egy mese. Mindenki s\u00edrt, a menyasszony sug\u00e1rzott a boldogs\u00e1gt\u00f3l, a v\u0151leg\u00e9ny pedig \u00fagy n\u00e9zett ki, mintha b\u00e1rmit \n<a class=\"moretag\" href=\"https:\/\/vengria.info\/?p=8592\"> [...]<\/a>","protected":false},"author":1,"featured_media":8594,"comment_status":"open","ping_status":"open","sticky":false,"template":"","format":"standard","meta":{"footnotes":""},"categories":[1,2],"tags":[],"class_list":["post-8592","post","type-post","status-publish","format-standard","has-post-thumbnail","hentry","category-news","category-video"],"yoast_head":"<!-- This site is optimized with the Yoast SEO plugin v27.3 - https:\/\/yoast.com\/product\/yoast-seo-wordpress\/ -->\n<title>K\u00e9t h\u00f3nappal az esk\u00fcv\u0151 ut\u00e1n felh\u00edvott a l\u00e1nyom ap\u00f3sa. Csak annyit mondott: \u201eGyere el \u00e9rte.\u201d Amikor megtal\u00e1ltuk, teljesen led\u00f6bbent\u00fcnk. -<\/title>\n<meta name=\"robots\" content=\"index, follow, max-snippet:-1, max-image-preview:large, max-video-preview:-1\" \/>\n<link rel=\"canonical\" href=\"https:\/\/vengria.info\/?p=8592\" \/>\n<meta property=\"og:locale\" content=\"en_US\" \/>\n<meta property=\"og:type\" content=\"article\" \/>\n<meta property=\"og:title\" content=\"K\u00e9t h\u00f3nappal az esk\u00fcv\u0151 ut\u00e1n felh\u00edvott a l\u00e1nyom ap\u00f3sa. Csak annyit mondott: \u201eGyere el \u00e9rte.\u201d Amikor megtal\u00e1ltuk, teljesen led\u00f6bbent\u00fcnk. -\" \/>\n<meta property=\"og:description\" content=\"Az esk\u00fcv\u0151 napja olyan volt, mint egy mese. Mindenki s\u00edrt, a menyasszony sug\u00e1rzott a boldogs\u00e1gt\u00f3l, a v\u0151leg\u00e9ny pedig \u00fagy n\u00e9zett ki, mintha b\u00e1rmit\" \/>\n<meta property=\"og:url\" content=\"https:\/\/vengria.info\/?p=8592\" \/>\n<meta property=\"article:published_time\" content=\"2026-03-10T12:41:55+00:00\" \/>\n<meta property=\"article:modified_time\" content=\"2026-03-10T12:41:56+00:00\" \/>\n<meta property=\"og:image\" content=\"https:\/\/vengria.info\/wp-content\/uploads\/2026\/03\/a3weadsgyubhjk.png\" \/>\n\t<meta property=\"og:image:width\" content=\"416\" \/>\n\t<meta property=\"og:image:height\" content=\"619\" \/>\n\t<meta property=\"og:image:type\" content=\"image\/png\" \/>\n<meta name=\"author\" content=\"admin\" \/>\n<meta name=\"twitter:card\" content=\"summary_large_image\" \/>\n<meta name=\"twitter:label1\" content=\"Written by\" \/>\n\t<meta name=\"twitter:data1\" content=\"admin\" \/>\n\t<meta name=\"twitter:label2\" content=\"Est. reading time\" \/>\n\t<meta name=\"twitter:data2\" content=\"4 minutes\" \/>\n<script type=\"application\/ld+json\" class=\"yoast-schema-graph\">{\"@context\":\"https:\\\/\\\/schema.org\",\"@graph\":[{\"@type\":\"Article\",\"@id\":\"https:\\\/\\\/vengria.info\\\/?p=8592#article\",\"isPartOf\":{\"@id\":\"https:\\\/\\\/vengria.info\\\/?p=8592\"},\"author\":{\"name\":\"admin\",\"@id\":\"https:\\\/\\\/vengria.info\\\/#\\\/schema\\\/person\\\/b815b04a6b1fb36a2d064955a92f68d4\"},\"headline\":\"K\u00e9t h\u00f3nappal az esk\u00fcv\u0151 ut\u00e1n felh\u00edvott a l\u00e1nyom ap\u00f3sa. Csak annyit mondott: \u201eGyere el \u00e9rte.\u201d Amikor megtal\u00e1ltuk, teljesen led\u00f6bbent\u00fcnk.\",\"datePublished\":\"2026-03-10T12:41:55+00:00\",\"dateModified\":\"2026-03-10T12:41:56+00:00\",\"mainEntityOfPage\":{\"@id\":\"https:\\\/\\\/vengria.info\\\/?p=8592\"},\"wordCount\":1187,\"commentCount\":0,\"image\":{\"@id\":\"https:\\\/\\\/vengria.info\\\/?p=8592#primaryimage\"},\"thumbnailUrl\":\"https:\\\/\\\/vengria.info\\\/wp-content\\\/uploads\\\/2026\\\/03\\\/a3weadsgyubhjk.png\",\"articleSection\":[\"NEWS\",\"VIDEO\"],\"inLanguage\":\"en-US\",\"potentialAction\":[{\"@type\":\"CommentAction\",\"name\":\"Comment\",\"target\":[\"https:\\\/\\\/vengria.info\\\/?p=8592#respond\"]}]},{\"@type\":\"WebPage\",\"@id\":\"https:\\\/\\\/vengria.info\\\/?p=8592\",\"url\":\"https:\\\/\\\/vengria.info\\\/?p=8592\",\"name\":\"K\u00e9t h\u00f3nappal az esk\u00fcv\u0151 ut\u00e1n felh\u00edvott a l\u00e1nyom ap\u00f3sa. Csak annyit mondott: \u201eGyere el \u00e9rte.\u201d Amikor megtal\u00e1ltuk, teljesen led\u00f6bbent\u00fcnk. -\",\"isPartOf\":{\"@id\":\"https:\\\/\\\/vengria.info\\\/#website\"},\"primaryImageOfPage\":{\"@id\":\"https:\\\/\\\/vengria.info\\\/?p=8592#primaryimage\"},\"image\":{\"@id\":\"https:\\\/\\\/vengria.info\\\/?p=8592#primaryimage\"},\"thumbnailUrl\":\"https:\\\/\\\/vengria.info\\\/wp-content\\\/uploads\\\/2026\\\/03\\\/a3weadsgyubhjk.png\",\"datePublished\":\"2026-03-10T12:41:55+00:00\",\"dateModified\":\"2026-03-10T12:41:56+00:00\",\"author\":{\"@id\":\"https:\\\/\\\/vengria.info\\\/#\\\/schema\\\/person\\\/b815b04a6b1fb36a2d064955a92f68d4\"},\"breadcrumb\":{\"@id\":\"https:\\\/\\\/vengria.info\\\/?p=8592#breadcrumb\"},\"inLanguage\":\"en-US\",\"potentialAction\":[{\"@type\":\"ReadAction\",\"target\":[\"https:\\\/\\\/vengria.info\\\/?p=8592\"]}]},{\"@type\":\"ImageObject\",\"inLanguage\":\"en-US\",\"@id\":\"https:\\\/\\\/vengria.info\\\/?p=8592#primaryimage\",\"url\":\"https:\\\/\\\/vengria.info\\\/wp-content\\\/uploads\\\/2026\\\/03\\\/a3weadsgyubhjk.png\",\"contentUrl\":\"https:\\\/\\\/vengria.info\\\/wp-content\\\/uploads\\\/2026\\\/03\\\/a3weadsgyubhjk.png\",\"width\":416,\"height\":619},{\"@type\":\"BreadcrumbList\",\"@id\":\"https:\\\/\\\/vengria.info\\\/?p=8592#breadcrumb\",\"itemListElement\":[{\"@type\":\"ListItem\",\"position\":1,\"name\":\"Home\",\"item\":\"https:\\\/\\\/vengria.info\\\/\"},{\"@type\":\"ListItem\",\"position\":2,\"name\":\"K\u00e9t h\u00f3nappal az esk\u00fcv\u0151 ut\u00e1n felh\u00edvott a l\u00e1nyom ap\u00f3sa. Csak annyit mondott: \u201eGyere el \u00e9rte.\u201d Amikor megtal\u00e1ltuk, teljesen led\u00f6bbent\u00fcnk.\"}]},{\"@type\":\"WebSite\",\"@id\":\"https:\\\/\\\/vengria.info\\\/#website\",\"url\":\"https:\\\/\\\/vengria.info\\\/\",\"name\":\"\",\"description\":\"\",\"potentialAction\":[{\"@type\":\"SearchAction\",\"target\":{\"@type\":\"EntryPoint\",\"urlTemplate\":\"https:\\\/\\\/vengria.info\\\/?s={search_term_string}\"},\"query-input\":{\"@type\":\"PropertyValueSpecification\",\"valueRequired\":true,\"valueName\":\"search_term_string\"}}],\"inLanguage\":\"en-US\"},{\"@type\":\"Person\",\"@id\":\"https:\\\/\\\/vengria.info\\\/#\\\/schema\\\/person\\\/b815b04a6b1fb36a2d064955a92f68d4\",\"name\":\"admin\",\"image\":{\"@type\":\"ImageObject\",\"inLanguage\":\"en-US\",\"@id\":\"https:\\\/\\\/secure.gravatar.com\\\/avatar\\\/a29bad30ab19883c48927f9ee55a40d0d1a0c3c343bcef70ad9a0a9cb421f0fa?s=96&d=mm&r=g\",\"url\":\"https:\\\/\\\/secure.gravatar.com\\\/avatar\\\/a29bad30ab19883c48927f9ee55a40d0d1a0c3c343bcef70ad9a0a9cb421f0fa?s=96&d=mm&r=g\",\"contentUrl\":\"https:\\\/\\\/secure.gravatar.com\\\/avatar\\\/a29bad30ab19883c48927f9ee55a40d0d1a0c3c343bcef70ad9a0a9cb421f0fa?s=96&d=mm&r=g\",\"caption\":\"admin\"},\"sameAs\":[\"http:\\\/\\\/vengria.info\"],\"url\":\"https:\\\/\\\/vengria.info\\\/?author=1\"}]}<\/script>\n<!-- \/ Yoast SEO plugin. -->","yoast_head_json":{"title":"K\u00e9t h\u00f3nappal az esk\u00fcv\u0151 ut\u00e1n felh\u00edvott a l\u00e1nyom ap\u00f3sa. Csak annyit mondott: \u201eGyere el \u00e9rte.\u201d Amikor megtal\u00e1ltuk, teljesen led\u00f6bbent\u00fcnk. -","robots":{"index":"index","follow":"follow","max-snippet":"max-snippet:-1","max-image-preview":"max-image-preview:large","max-video-preview":"max-video-preview:-1"},"canonical":"https:\/\/vengria.info\/?p=8592","og_locale":"en_US","og_type":"article","og_title":"K\u00e9t h\u00f3nappal az esk\u00fcv\u0151 ut\u00e1n felh\u00edvott a l\u00e1nyom ap\u00f3sa. Csak annyit mondott: \u201eGyere el \u00e9rte.\u201d Amikor megtal\u00e1ltuk, teljesen led\u00f6bbent\u00fcnk. -","og_description":"Az esk\u00fcv\u0151 napja olyan volt, mint egy mese. Mindenki s\u00edrt, a menyasszony sug\u00e1rzott a boldogs\u00e1gt\u00f3l, a v\u0151leg\u00e9ny pedig \u00fagy n\u00e9zett ki, mintha b\u00e1rmit","og_url":"https:\/\/vengria.info\/?p=8592","article_published_time":"2026-03-10T12:41:55+00:00","article_modified_time":"2026-03-10T12:41:56+00:00","og_image":[{"width":416,"height":619,"url":"https:\/\/vengria.info\/wp-content\/uploads\/2026\/03\/a3weadsgyubhjk.png","type":"image\/png"}],"author":"admin","twitter_card":"summary_large_image","twitter_misc":{"Written by":"admin","Est. reading time":"4 minutes"},"schema":{"@context":"https:\/\/schema.org","@graph":[{"@type":"Article","@id":"https:\/\/vengria.info\/?p=8592#article","isPartOf":{"@id":"https:\/\/vengria.info\/?p=8592"},"author":{"name":"admin","@id":"https:\/\/vengria.info\/#\/schema\/person\/b815b04a6b1fb36a2d064955a92f68d4"},"headline":"K\u00e9t h\u00f3nappal az esk\u00fcv\u0151 ut\u00e1n felh\u00edvott a l\u00e1nyom ap\u00f3sa. Csak annyit mondott: \u201eGyere el \u00e9rte.\u201d Amikor megtal\u00e1ltuk, teljesen led\u00f6bbent\u00fcnk.","datePublished":"2026-03-10T12:41:55+00:00","dateModified":"2026-03-10T12:41:56+00:00","mainEntityOfPage":{"@id":"https:\/\/vengria.info\/?p=8592"},"wordCount":1187,"commentCount":0,"image":{"@id":"https:\/\/vengria.info\/?p=8592#primaryimage"},"thumbnailUrl":"https:\/\/vengria.info\/wp-content\/uploads\/2026\/03\/a3weadsgyubhjk.png","articleSection":["NEWS","VIDEO"],"inLanguage":"en-US","potentialAction":[{"@type":"CommentAction","name":"Comment","target":["https:\/\/vengria.info\/?p=8592#respond"]}]},{"@type":"WebPage","@id":"https:\/\/vengria.info\/?p=8592","url":"https:\/\/vengria.info\/?p=8592","name":"K\u00e9t h\u00f3nappal az esk\u00fcv\u0151 ut\u00e1n felh\u00edvott a l\u00e1nyom ap\u00f3sa. Csak annyit mondott: \u201eGyere el \u00e9rte.\u201d Amikor megtal\u00e1ltuk, teljesen led\u00f6bbent\u00fcnk. -","isPartOf":{"@id":"https:\/\/vengria.info\/#website"},"primaryImageOfPage":{"@id":"https:\/\/vengria.info\/?p=8592#primaryimage"},"image":{"@id":"https:\/\/vengria.info\/?p=8592#primaryimage"},"thumbnailUrl":"https:\/\/vengria.info\/wp-content\/uploads\/2026\/03\/a3weadsgyubhjk.png","datePublished":"2026-03-10T12:41:55+00:00","dateModified":"2026-03-10T12:41:56+00:00","author":{"@id":"https:\/\/vengria.info\/#\/schema\/person\/b815b04a6b1fb36a2d064955a92f68d4"},"breadcrumb":{"@id":"https:\/\/vengria.info\/?p=8592#breadcrumb"},"inLanguage":"en-US","potentialAction":[{"@type":"ReadAction","target":["https:\/\/vengria.info\/?p=8592"]}]},{"@type":"ImageObject","inLanguage":"en-US","@id":"https:\/\/vengria.info\/?p=8592#primaryimage","url":"https:\/\/vengria.info\/wp-content\/uploads\/2026\/03\/a3weadsgyubhjk.png","contentUrl":"https:\/\/vengria.info\/wp-content\/uploads\/2026\/03\/a3weadsgyubhjk.png","width":416,"height":619},{"@type":"BreadcrumbList","@id":"https:\/\/vengria.info\/?p=8592#breadcrumb","itemListElement":[{"@type":"ListItem","position":1,"name":"Home","item":"https:\/\/vengria.info\/"},{"@type":"ListItem","position":2,"name":"K\u00e9t h\u00f3nappal az esk\u00fcv\u0151 ut\u00e1n felh\u00edvott a l\u00e1nyom ap\u00f3sa. Csak annyit mondott: \u201eGyere el \u00e9rte.\u201d Amikor megtal\u00e1ltuk, teljesen led\u00f6bbent\u00fcnk."}]},{"@type":"WebSite","@id":"https:\/\/vengria.info\/#website","url":"https:\/\/vengria.info\/","name":"","description":"","potentialAction":[{"@type":"SearchAction","target":{"@type":"EntryPoint","urlTemplate":"https:\/\/vengria.info\/?s={search_term_string}"},"query-input":{"@type":"PropertyValueSpecification","valueRequired":true,"valueName":"search_term_string"}}],"inLanguage":"en-US"},{"@type":"Person","@id":"https:\/\/vengria.info\/#\/schema\/person\/b815b04a6b1fb36a2d064955a92f68d4","name":"admin","image":{"@type":"ImageObject","inLanguage":"en-US","@id":"https:\/\/secure.gravatar.com\/avatar\/a29bad30ab19883c48927f9ee55a40d0d1a0c3c343bcef70ad9a0a9cb421f0fa?s=96&d=mm&r=g","url":"https:\/\/secure.gravatar.com\/avatar\/a29bad30ab19883c48927f9ee55a40d0d1a0c3c343bcef70ad9a0a9cb421f0fa?s=96&d=mm&r=g","contentUrl":"https:\/\/secure.gravatar.com\/avatar\/a29bad30ab19883c48927f9ee55a40d0d1a0c3c343bcef70ad9a0a9cb421f0fa?s=96&d=mm&r=g","caption":"admin"},"sameAs":["http:\/\/vengria.info"],"url":"https:\/\/vengria.info\/?author=1"}]}},"_links":{"self":[{"href":"https:\/\/vengria.info\/index.php?rest_route=\/wp\/v2\/posts\/8592","targetHints":{"allow":["GET"]}}],"collection":[{"href":"https:\/\/vengria.info\/index.php?rest_route=\/wp\/v2\/posts"}],"about":[{"href":"https:\/\/vengria.info\/index.php?rest_route=\/wp\/v2\/types\/post"}],"author":[{"embeddable":true,"href":"https:\/\/vengria.info\/index.php?rest_route=\/wp\/v2\/users\/1"}],"replies":[{"embeddable":true,"href":"https:\/\/vengria.info\/index.php?rest_route=%2Fwp%2Fv2%2Fcomments&post=8592"}],"version-history":[{"count":1,"href":"https:\/\/vengria.info\/index.php?rest_route=\/wp\/v2\/posts\/8592\/revisions"}],"predecessor-version":[{"id":8596,"href":"https:\/\/vengria.info\/index.php?rest_route=\/wp\/v2\/posts\/8592\/revisions\/8596"}],"wp:featuredmedia":[{"embeddable":true,"href":"https:\/\/vengria.info\/index.php?rest_route=\/wp\/v2\/media\/8594"}],"wp:attachment":[{"href":"https:\/\/vengria.info\/index.php?rest_route=%2Fwp%2Fv2%2Fmedia&parent=8592"}],"wp:term":[{"taxonomy":"category","embeddable":true,"href":"https:\/\/vengria.info\/index.php?rest_route=%2Fwp%2Fv2%2Fcategories&post=8592"},{"taxonomy":"post_tag","embeddable":true,"href":"https:\/\/vengria.info\/index.php?rest_route=%2Fwp%2Fv2%2Ftags&post=8592"}],"curies":[{"name":"wp","href":"https:\/\/api.w.org\/{rel}","templated":true}]}}