{"id":6355,"date":"2026-01-25T09:22:00","date_gmt":"2026-01-25T09:22:00","guid":{"rendered":"https:\/\/vengria.info\/?p=6355"},"modified":"2026-01-25T09:22:01","modified_gmt":"2026-01-25T09:22:01","slug":"a-lanyom-ma-hirtelen-azt-mondta-tudom-hogy-nem-a-nagymamam-fia-vagy-ez-a-mondat-ugy-hasitott-at-a-bekes-estemen-mint-egy-kes-egy-ketevesnek-magatol-nem-jutott-volna-eszebe-ilyes","status":"publish","type":"post","link":"https:\/\/vengria.info\/?p=6355","title":{"rendered":"A l\u00e1nyom ma hirtelen azt mondta: \u201eTudom, hogy nem a nagymam\u00e1m fia vagy.\u201d Ez a mondat \u00fagy has\u00edtott \u00e1t a b\u00e9k\u00e9s est\u00e9men, mint egy k\u00e9s. Egy k\u00e9t\u00e9vesnek mag\u00e1t\u00f3l nem jutott volna esz\u00e9be ilyesmi. Azonnal r\u00e1j\u00f6ttem, hogy biztosan m\u00e1st\u00f3l hallotta. \u00c9s ez volt az, ami jobban megijesztett, mint maguk a szavak."},"content":{"rendered":"\n<p>Munka ut\u00e1n a kanap\u00e9n \u00fcltem, a h\u00e1tt\u00e9rben halkan sz\u00f3lt a t\u00e9v\u00e9. Egy \u00e1tlagos nap volt, veszeked\u00e9sek, fesz\u00fclts\u00e9g n\u00e9lk\u00fcl, semmi olyan n\u00e9lk\u00fcl, ami arra utalt volna, hogy perceken bel\u00fcl a saj\u00e1t \u00e9letem k\u00e9pe is elkezd sz\u00e9tesni. A l\u00e1nyom a nappaliban rohang\u00e1lt, mag\u00e1ban besz\u00e9lt, szavakat kevert, dalr\u00e9szleteket \u00e9nekelt. Abban a korban volt, amikor a val\u00f3s\u00e1g \u00e9s a fant\u00e1zia \u00f6sszeolvad, ez\u00e9rt nem szenteltem neki k\u00fcl\u00f6n\u00f6sebb figyelmet.<\/p>\n\n\n\n<p>Azt\u00e1n odaj\u00f6tt hozz\u00e1m. Meg\u00e1llt k\u00f6zvetlen\u00fcl el\u0151ttem, keresztbe fonta a karj\u00e1t a mellkasa el\u0151tt, \u00e9s olyan komolyan r\u00e1ncolta a homlok\u00e1t, hogy mulats\u00e1gosnak tal\u00e1ltam. \u00dagy n\u00e9zett ki, mintha meg akarna feddni.<\/p>\n\n\n\n<p>\u201eApa\u201d \u2013 mondta hat\u00e1rozott hangon.<\/p>\n\n\n\n<p>\u201eIgen, dr\u00e1g\u00e1m?\u201d Mosolyogtam, k\u00e9szen arra, hogy meghalljam, k\u00e9rnek-e s\u00fctit vagy mes\u00e9t.<\/p>\n\n\n\n<p>\u201eTudom a titkot.\u201d<\/p>\n\n\n\n<p>Nevettem. \u201eAkkor mondd el.\u201d<\/p>\n\n\n\n<p>Egyenesen a szemembe n\u00e9zett, \u00e9s haboz\u00e1s n\u00e9lk\u00fcl azt mondta: \u201eTe nem a nagymama fia vagy.\u201d<\/p>\n\n\n\n<p>A mosolyom lefagyott az arcomr\u00f3l. Egy pillanatra meg voltam gy\u0151z\u0151dve r\u00f3la, hogy rosszul hallottam. Annyira abszurd volt.<\/p>\n\n\n\n<p>\u201eMit mondt\u00e1l?\u201d \u2013 k\u00e9rdeztem nyugodtan, de bel\u00fcl fesz\u00fclten.<\/p>\n\n\n\n<p>\u201eTe nem a fia vagy\u201d \u2013 ism\u00e9telte meg, s\u0151t, \u00f6sszevonta a szem\u00f6ld\u00f6k\u00e9t, mintha \u00e9n lenn\u00e9k az, aki nem \u00e9rtett valami nyilv\u00e1nval\u00f3t.<\/p>\n\n\n\n<p>Megpr\u00f3b\u00e1ltam enyh\u00edteni a helyzetet. \u201eEz h\u00fclyes\u00e9g. Mi\u00e9rt gondolod ezt?\u201d<\/p>\n\n\n\n<p>\u201eNe nevess\u201d \u2013 v\u00e1laszolta szigor\u00faan. \u201eIgaz.\u201d<\/p>\n\n\n\n<figure class=\"wp-block-image size-full is-resized\"><img loading=\"lazy\" decoding=\"async\" width=\"417\" height=\"620\" src=\"https:\/\/vengria.info\/wp-content\/uploads\/2026\/01\/a1a1a11a1aa1a1.png\" alt=\"\" class=\"wp-image-6357\" style=\"width:747px;height:auto\" srcset=\"https:\/\/vengria.info\/wp-content\/uploads\/2026\/01\/a1a1a11a1aa1a1.png 417w, https:\/\/vengria.info\/wp-content\/uploads\/2026\/01\/a1a1a11a1aa1a1-202x300.png 202w\" sizes=\"auto, (max-width: 417px) 100vw, 417px\" \/><\/figure>\n\n\n\n<p>Ebben a pillanatban v\u00e9gigfutott a hideg a gerincemen. Egy ilyen kor\u00fa gyerek nem tud ilyen gondolatokat megfogalmazni egyed\u00fcl. Ez nem j\u00e1t\u00e9k. Ez nem fant\u00e1zia. Valaki mondta neki.<\/p>\n\n\n\n<p>Let\u00e9rdeltem mell\u00e9, hogy egy magass\u00e1gban legy\u00fcnk. \u201eA nagymam\u00e1d mondta neked?\u201d \u00d3vatosan k\u00e9rdeztem.<\/p>\n\n\n\n<p>Megr\u00e1zta a fej\u00e9t.<\/p>\n\n\n\n<p>\u201eAnya?\u201d<\/p>\n\n\n\n<p>M\u00e9g egyszer nem.<\/p>\n\n\n\n<p>\u201eKi?\u201d \u2013 er\u0151sk\u00f6dtem, pedig \u00fagy \u00e9reztem, nem akarom hallani a v\u00e1laszt.<\/p>\n\n\n\n<p>Elford\u00edtotta a tekintet\u00e9t, majd visszan\u00e9zett r\u00e1m, \u00e9s egyszer\u0171, gyerekes nyelv\u00e9n mondott egy mondatot, amit\u0151l el\u00e1llt a l\u00e9legzetem: \u201eA h\u00f6lgy a telefonban. Am\u00edg aludt\u00e1l.\u201d<\/p>\n\n\n\n<p>T\u00e9rden \u00e1llva maradtam, \u00fagy \u00e9reztem, mintha a szoba lassan forogna. \u201eMilyen h\u00f6lgy?\u201d \u2013 k\u00e9rdeztem a lehet\u0151 legnyugodtabban.<\/p>\n\n\n\n<p>\u201eAz, aki a nagymam\u00e1ddal besz\u00e9lt. Azt mondta, hogy m\u00e1s vagy.\u201d<\/p>\n\n\n\n<p>K\u00e9pek kezdtek beugrani a fejembe. Any\u00e1m gyakran telefon\u00e1lt a konyh\u00e1ban, amikor azt hitte, senki sem figyel. Mindig lehalk\u00edtotta a hangj\u00e1t, n\u00e9ha szob\u00e1t v\u00e1ltott. Soha nem sz\u00f3ltam hozz\u00e1. Mi\u00e9rt is tenn\u00e9m?<\/p>\n\n\n\n<p>Aznap este lefektettem a l\u00e1nyomat, \u00e9s csendben \u00fcltem. Volt egy m\u0171sor a t\u00e9v\u00e9ben, de nem vettem \u00e9szre. Egyetlen mondat csengett a f\u00fclemben: \u201eTe nem a nagymama fia vagy.\u201d<\/p>\n\n\n\n<p>A k\u00f6vetkez\u0151 napokban elkezdtem \u00e9szrevenni olyan r\u00e9szleteket, amelyeket eg\u00e9sz \u00e9letemben figyelmen k\u00edv\u00fcl hagytam. Olyan megjegyz\u00e9seket, mint hogy \u201em\u00e1s vagy, mint a t\u00f6bbiek\u201d, vagy \u201em\u00e1s szem\u00e9lyis\u00e9ged van\u201d. Mindig csal\u00e1di besz\u00e9lget\u00e9snek vettem \u0151ket. Most m\u00e1r nem.<\/p>\n\n\n\n<p>\u00dagy d\u00f6nt\u00f6ttem, cselekszem. Egyik este, amikor any\u00e1m l\u00e1togat\u00f3ban volt, k\u00f6zvetlen\u00fcl megk\u00e9rdeztem t\u0151le. Bevezet\u00e9s n\u00e9lk\u00fcl. Bemutatkoz\u00e1s n\u00e9lk\u00fcl.<\/p>\n\n\n\n<p>Els\u00e1padt. A tekintete el\u0151bb adta meg a v\u00e1laszt, mint a szavakat.<\/p>\n\n\n\n<p>Hossz\u00fa ideig hallgatott. Azt\u00e1n le\u00fclt, a t\u00e9rd\u00e9re tette a kez\u00e9t, \u00e9s elmondta az igazs\u00e1got, amit harminc\u00f6t \u00e9ve cipelt mag\u00e1ban. Nem voltam a biol\u00f3giai fia. R\u00f6viddel a sz\u00fclet\u00e9sem ut\u00e1n fogadott \u00f6r\u00f6kbe. Az igazi any\u00e1m elhagyott, \u00e9s a csal\u00e1d \u00fagy d\u00f6nt\u00f6tt, hogy \u201emegv\u00e9d az igazs\u00e1gt\u00f3l\u201d.<\/p>\n\n\n\n<p>\u201eAzt akartuk, hogy norm\u00e1lis \u00e9leted legyen\u201d \u2013 mondta halkan. \u201e\u00c9s siker\u00fclt is. Am\u00edg\u2026\u201d<\/p>\n\n\n\n<p>\u201eAm\u00edg el nem mondod egy k\u00e9t\u00e9vesnek\u201d \u2013 tettem hozz\u00e1 hidegen.<\/p>\n\n\n\n<p>S\u00edrva fakadt. Azt \u00e1ll\u00edtotta, hogy hiba volt, hogy nem \u00edgy akarta mondani, hogy csak \u201ekics\u00faszott a sz\u00e1j\u00e1b\u00f3l\u201d. De m\u00e1r t\u00fal k\u00e9s\u0151 volt.<\/p>\n\n\n\n<p>Aznap este tele k\u00e9rd\u00e9sekkel t\u00e1voztam. Nemcsak a sz\u00e1rmaz\u00e1sommal kapcsolatban, hanem azzal kapcsolatban is, hogy az \u00e9letemben mennyi igazs\u00e1g volt csup\u00e1n gondosan \u00e1polt hazugs\u00e1g. Paradox m\u00f3don nem egy feln\u0151tt nyitotta fel a szemem. Egy k\u00e9t\u00e9ves kisl\u00e1ny volt az, aki nem tudott hazudni, \u00e9s ism\u00e9telte, amit hallott.<\/p>\n\n\n\n<p>Az\u00f3ta m\u00e1sk\u00e9pp tekintek a l\u00e1nyomra. Nemcsak mint egy gyerekre, akit nevelek, hanem mint az igazs\u00e1g t\u00fckre. Mert n\u00e9ha a legkisebb hangok mondj\u00e1k ki azokat a dolgokat, amiket a feln\u0151ttek eg\u00e9sz \u00e9let\u00fckben elrejtenek.<\/p>\n","protected":false},"excerpt":{"rendered":"Munka ut\u00e1n a kanap\u00e9n \u00fcltem, a h\u00e1tt\u00e9rben halkan sz\u00f3lt a t\u00e9v\u00e9. Egy \u00e1tlagos nap volt, veszeked\u00e9sek, fesz\u00fclts\u00e9g n\u00e9lk\u00fcl, semmi olyan n\u00e9lk\u00fcl, ami arra \n<a class=\"moretag\" href=\"https:\/\/vengria.info\/?p=6355\"> [...]<\/a>","protected":false},"author":1,"featured_media":6357,"comment_status":"open","ping_status":"open","sticky":false,"template":"","format":"standard","meta":{"footnotes":""},"categories":[1,2],"tags":[],"class_list":["post-6355","post","type-post","status-publish","format-standard","has-post-thumbnail","hentry","category-news","category-video"],"yoast_head":"<!-- This site is optimized with the Yoast SEO plugin v27.3 - https:\/\/yoast.com\/product\/yoast-seo-wordpress\/ -->\n<title>A l\u00e1nyom ma hirtelen azt mondta: \u201eTudom, hogy nem a nagymam\u00e1m fia vagy.\u201d Ez a mondat \u00fagy has\u00edtott \u00e1t a b\u00e9k\u00e9s est\u00e9men, mint egy k\u00e9s. Egy k\u00e9t\u00e9vesnek mag\u00e1t\u00f3l nem jutott volna esz\u00e9be ilyesmi. Azonnal r\u00e1j\u00f6ttem, hogy biztosan m\u00e1st\u00f3l hallotta. \u00c9s ez volt az, ami jobban megijesztett, mint maguk a szavak. -<\/title>\n<meta name=\"robots\" content=\"index, follow, max-snippet:-1, max-image-preview:large, max-video-preview:-1\" \/>\n<link rel=\"canonical\" href=\"https:\/\/vengria.info\/?p=6355\" \/>\n<meta property=\"og:locale\" content=\"en_US\" \/>\n<meta property=\"og:type\" content=\"article\" \/>\n<meta property=\"og:title\" content=\"A l\u00e1nyom ma hirtelen azt mondta: \u201eTudom, hogy nem a nagymam\u00e1m fia vagy.\u201d Ez a mondat \u00fagy has\u00edtott \u00e1t a b\u00e9k\u00e9s est\u00e9men, mint egy k\u00e9s. Egy k\u00e9t\u00e9vesnek mag\u00e1t\u00f3l nem jutott volna esz\u00e9be ilyesmi. Azonnal r\u00e1j\u00f6ttem, hogy biztosan m\u00e1st\u00f3l hallotta. \u00c9s ez volt az, ami jobban megijesztett, mint maguk a szavak. -\" \/>\n<meta property=\"og:description\" content=\"Munka ut\u00e1n a kanap\u00e9n \u00fcltem, a h\u00e1tt\u00e9rben halkan sz\u00f3lt a t\u00e9v\u00e9. Egy \u00e1tlagos nap volt, veszeked\u00e9sek, fesz\u00fclts\u00e9g n\u00e9lk\u00fcl, semmi olyan n\u00e9lk\u00fcl, ami arra\" \/>\n<meta property=\"og:url\" content=\"https:\/\/vengria.info\/?p=6355\" \/>\n<meta property=\"article:published_time\" content=\"2026-01-25T09:22:00+00:00\" \/>\n<meta property=\"article:modified_time\" content=\"2026-01-25T09:22:01+00:00\" \/>\n<meta property=\"og:image\" content=\"https:\/\/vengria.info\/wp-content\/uploads\/2026\/01\/a1a1a11a1aa1a1.png\" \/>\n\t<meta property=\"og:image:width\" content=\"417\" \/>\n\t<meta property=\"og:image:height\" content=\"620\" \/>\n\t<meta property=\"og:image:type\" content=\"image\/png\" \/>\n<meta name=\"author\" content=\"admin\" \/>\n<meta name=\"twitter:card\" content=\"summary_large_image\" \/>\n<meta name=\"twitter:label1\" content=\"Written by\" \/>\n\t<meta name=\"twitter:data1\" content=\"admin\" \/>\n\t<meta name=\"twitter:label2\" content=\"Est. reading time\" \/>\n\t<meta name=\"twitter:data2\" content=\"3 minutes\" \/>\n<script type=\"application\/ld+json\" class=\"yoast-schema-graph\">{\"@context\":\"https:\\\/\\\/schema.org\",\"@graph\":[{\"@type\":\"Article\",\"@id\":\"https:\\\/\\\/vengria.info\\\/?p=6355#article\",\"isPartOf\":{\"@id\":\"https:\\\/\\\/vengria.info\\\/?p=6355\"},\"author\":{\"name\":\"admin\",\"@id\":\"https:\\\/\\\/vengria.info\\\/#\\\/schema\\\/person\\\/b815b04a6b1fb36a2d064955a92f68d4\"},\"headline\":\"A l\u00e1nyom ma hirtelen azt mondta: \u201eTudom, hogy nem a nagymam\u00e1m fia vagy.\u201d Ez a mondat \u00fagy has\u00edtott \u00e1t a b\u00e9k\u00e9s est\u00e9men, mint egy k\u00e9s. Egy k\u00e9t\u00e9vesnek mag\u00e1t\u00f3l nem jutott volna esz\u00e9be ilyesmi. Azonnal r\u00e1j\u00f6ttem, hogy biztosan m\u00e1st\u00f3l hallotta. \u00c9s ez volt az, ami jobban megijesztett, mint maguk a szavak.\",\"datePublished\":\"2026-01-25T09:22:00+00:00\",\"dateModified\":\"2026-01-25T09:22:01+00:00\",\"mainEntityOfPage\":{\"@id\":\"https:\\\/\\\/vengria.info\\\/?p=6355\"},\"wordCount\":862,\"commentCount\":0,\"image\":{\"@id\":\"https:\\\/\\\/vengria.info\\\/?p=6355#primaryimage\"},\"thumbnailUrl\":\"https:\\\/\\\/vengria.info\\\/wp-content\\\/uploads\\\/2026\\\/01\\\/a1a1a11a1aa1a1.png\",\"articleSection\":[\"NEWS\",\"VIDEO\"],\"inLanguage\":\"en-US\",\"potentialAction\":[{\"@type\":\"CommentAction\",\"name\":\"Comment\",\"target\":[\"https:\\\/\\\/vengria.info\\\/?p=6355#respond\"]}]},{\"@type\":\"WebPage\",\"@id\":\"https:\\\/\\\/vengria.info\\\/?p=6355\",\"url\":\"https:\\\/\\\/vengria.info\\\/?p=6355\",\"name\":\"A l\u00e1nyom ma hirtelen azt mondta: \u201eTudom, hogy nem a nagymam\u00e1m fia vagy.\u201d Ez a mondat \u00fagy has\u00edtott \u00e1t a b\u00e9k\u00e9s est\u00e9men, mint egy k\u00e9s. Egy k\u00e9t\u00e9vesnek mag\u00e1t\u00f3l nem jutott volna esz\u00e9be ilyesmi. Azonnal r\u00e1j\u00f6ttem, hogy biztosan m\u00e1st\u00f3l hallotta. \u00c9s ez volt az, ami jobban megijesztett, mint maguk a szavak. -\",\"isPartOf\":{\"@id\":\"https:\\\/\\\/vengria.info\\\/#website\"},\"primaryImageOfPage\":{\"@id\":\"https:\\\/\\\/vengria.info\\\/?p=6355#primaryimage\"},\"image\":{\"@id\":\"https:\\\/\\\/vengria.info\\\/?p=6355#primaryimage\"},\"thumbnailUrl\":\"https:\\\/\\\/vengria.info\\\/wp-content\\\/uploads\\\/2026\\\/01\\\/a1a1a11a1aa1a1.png\",\"datePublished\":\"2026-01-25T09:22:00+00:00\",\"dateModified\":\"2026-01-25T09:22:01+00:00\",\"author\":{\"@id\":\"https:\\\/\\\/vengria.info\\\/#\\\/schema\\\/person\\\/b815b04a6b1fb36a2d064955a92f68d4\"},\"breadcrumb\":{\"@id\":\"https:\\\/\\\/vengria.info\\\/?p=6355#breadcrumb\"},\"inLanguage\":\"en-US\",\"potentialAction\":[{\"@type\":\"ReadAction\",\"target\":[\"https:\\\/\\\/vengria.info\\\/?p=6355\"]}]},{\"@type\":\"ImageObject\",\"inLanguage\":\"en-US\",\"@id\":\"https:\\\/\\\/vengria.info\\\/?p=6355#primaryimage\",\"url\":\"https:\\\/\\\/vengria.info\\\/wp-content\\\/uploads\\\/2026\\\/01\\\/a1a1a11a1aa1a1.png\",\"contentUrl\":\"https:\\\/\\\/vengria.info\\\/wp-content\\\/uploads\\\/2026\\\/01\\\/a1a1a11a1aa1a1.png\",\"width\":417,\"height\":620},{\"@type\":\"BreadcrumbList\",\"@id\":\"https:\\\/\\\/vengria.info\\\/?p=6355#breadcrumb\",\"itemListElement\":[{\"@type\":\"ListItem\",\"position\":1,\"name\":\"Home\",\"item\":\"https:\\\/\\\/vengria.info\\\/\"},{\"@type\":\"ListItem\",\"position\":2,\"name\":\"A l\u00e1nyom ma hirtelen azt mondta: \u201eTudom, hogy nem a nagymam\u00e1m fia vagy.\u201d Ez a mondat \u00fagy has\u00edtott \u00e1t a b\u00e9k\u00e9s est\u00e9men, mint egy k\u00e9s. Egy k\u00e9t\u00e9vesnek mag\u00e1t\u00f3l nem jutott volna esz\u00e9be ilyesmi. Azonnal r\u00e1j\u00f6ttem, hogy biztosan m\u00e1st\u00f3l hallotta. \u00c9s ez volt az, ami jobban megijesztett, mint maguk a szavak.\"}]},{\"@type\":\"WebSite\",\"@id\":\"https:\\\/\\\/vengria.info\\\/#website\",\"url\":\"https:\\\/\\\/vengria.info\\\/\",\"name\":\"\",\"description\":\"\",\"potentialAction\":[{\"@type\":\"SearchAction\",\"target\":{\"@type\":\"EntryPoint\",\"urlTemplate\":\"https:\\\/\\\/vengria.info\\\/?s={search_term_string}\"},\"query-input\":{\"@type\":\"PropertyValueSpecification\",\"valueRequired\":true,\"valueName\":\"search_term_string\"}}],\"inLanguage\":\"en-US\"},{\"@type\":\"Person\",\"@id\":\"https:\\\/\\\/vengria.info\\\/#\\\/schema\\\/person\\\/b815b04a6b1fb36a2d064955a92f68d4\",\"name\":\"admin\",\"image\":{\"@type\":\"ImageObject\",\"inLanguage\":\"en-US\",\"@id\":\"https:\\\/\\\/secure.gravatar.com\\\/avatar\\\/a29bad30ab19883c48927f9ee55a40d0d1a0c3c343bcef70ad9a0a9cb421f0fa?s=96&d=mm&r=g\",\"url\":\"https:\\\/\\\/secure.gravatar.com\\\/avatar\\\/a29bad30ab19883c48927f9ee55a40d0d1a0c3c343bcef70ad9a0a9cb421f0fa?s=96&d=mm&r=g\",\"contentUrl\":\"https:\\\/\\\/secure.gravatar.com\\\/avatar\\\/a29bad30ab19883c48927f9ee55a40d0d1a0c3c343bcef70ad9a0a9cb421f0fa?s=96&d=mm&r=g\",\"caption\":\"admin\"},\"sameAs\":[\"http:\\\/\\\/vengria.info\"],\"url\":\"https:\\\/\\\/vengria.info\\\/?author=1\"}]}<\/script>\n<!-- \/ Yoast SEO plugin. -->","yoast_head_json":{"title":"A l\u00e1nyom ma hirtelen azt mondta: \u201eTudom, hogy nem a nagymam\u00e1m fia vagy.\u201d Ez a mondat \u00fagy has\u00edtott \u00e1t a b\u00e9k\u00e9s est\u00e9men, mint egy k\u00e9s. Egy k\u00e9t\u00e9vesnek mag\u00e1t\u00f3l nem jutott volna esz\u00e9be ilyesmi. Azonnal r\u00e1j\u00f6ttem, hogy biztosan m\u00e1st\u00f3l hallotta. \u00c9s ez volt az, ami jobban megijesztett, mint maguk a szavak. -","robots":{"index":"index","follow":"follow","max-snippet":"max-snippet:-1","max-image-preview":"max-image-preview:large","max-video-preview":"max-video-preview:-1"},"canonical":"https:\/\/vengria.info\/?p=6355","og_locale":"en_US","og_type":"article","og_title":"A l\u00e1nyom ma hirtelen azt mondta: \u201eTudom, hogy nem a nagymam\u00e1m fia vagy.\u201d Ez a mondat \u00fagy has\u00edtott \u00e1t a b\u00e9k\u00e9s est\u00e9men, mint egy k\u00e9s. Egy k\u00e9t\u00e9vesnek mag\u00e1t\u00f3l nem jutott volna esz\u00e9be ilyesmi. Azonnal r\u00e1j\u00f6ttem, hogy biztosan m\u00e1st\u00f3l hallotta. \u00c9s ez volt az, ami jobban megijesztett, mint maguk a szavak. -","og_description":"Munka ut\u00e1n a kanap\u00e9n \u00fcltem, a h\u00e1tt\u00e9rben halkan sz\u00f3lt a t\u00e9v\u00e9. Egy \u00e1tlagos nap volt, veszeked\u00e9sek, fesz\u00fclts\u00e9g n\u00e9lk\u00fcl, semmi olyan n\u00e9lk\u00fcl, ami arra","og_url":"https:\/\/vengria.info\/?p=6355","article_published_time":"2026-01-25T09:22:00+00:00","article_modified_time":"2026-01-25T09:22:01+00:00","og_image":[{"width":417,"height":620,"url":"https:\/\/vengria.info\/wp-content\/uploads\/2026\/01\/a1a1a11a1aa1a1.png","type":"image\/png"}],"author":"admin","twitter_card":"summary_large_image","twitter_misc":{"Written by":"admin","Est. reading time":"3 minutes"},"schema":{"@context":"https:\/\/schema.org","@graph":[{"@type":"Article","@id":"https:\/\/vengria.info\/?p=6355#article","isPartOf":{"@id":"https:\/\/vengria.info\/?p=6355"},"author":{"name":"admin","@id":"https:\/\/vengria.info\/#\/schema\/person\/b815b04a6b1fb36a2d064955a92f68d4"},"headline":"A l\u00e1nyom ma hirtelen azt mondta: \u201eTudom, hogy nem a nagymam\u00e1m fia vagy.\u201d Ez a mondat \u00fagy has\u00edtott \u00e1t a b\u00e9k\u00e9s est\u00e9men, mint egy k\u00e9s. Egy k\u00e9t\u00e9vesnek mag\u00e1t\u00f3l nem jutott volna esz\u00e9be ilyesmi. Azonnal r\u00e1j\u00f6ttem, hogy biztosan m\u00e1st\u00f3l hallotta. \u00c9s ez volt az, ami jobban megijesztett, mint maguk a szavak.","datePublished":"2026-01-25T09:22:00+00:00","dateModified":"2026-01-25T09:22:01+00:00","mainEntityOfPage":{"@id":"https:\/\/vengria.info\/?p=6355"},"wordCount":862,"commentCount":0,"image":{"@id":"https:\/\/vengria.info\/?p=6355#primaryimage"},"thumbnailUrl":"https:\/\/vengria.info\/wp-content\/uploads\/2026\/01\/a1a1a11a1aa1a1.png","articleSection":["NEWS","VIDEO"],"inLanguage":"en-US","potentialAction":[{"@type":"CommentAction","name":"Comment","target":["https:\/\/vengria.info\/?p=6355#respond"]}]},{"@type":"WebPage","@id":"https:\/\/vengria.info\/?p=6355","url":"https:\/\/vengria.info\/?p=6355","name":"A l\u00e1nyom ma hirtelen azt mondta: \u201eTudom, hogy nem a nagymam\u00e1m fia vagy.\u201d Ez a mondat \u00fagy has\u00edtott \u00e1t a b\u00e9k\u00e9s est\u00e9men, mint egy k\u00e9s. Egy k\u00e9t\u00e9vesnek mag\u00e1t\u00f3l nem jutott volna esz\u00e9be ilyesmi. Azonnal r\u00e1j\u00f6ttem, hogy biztosan m\u00e1st\u00f3l hallotta. \u00c9s ez volt az, ami jobban megijesztett, mint maguk a szavak. -","isPartOf":{"@id":"https:\/\/vengria.info\/#website"},"primaryImageOfPage":{"@id":"https:\/\/vengria.info\/?p=6355#primaryimage"},"image":{"@id":"https:\/\/vengria.info\/?p=6355#primaryimage"},"thumbnailUrl":"https:\/\/vengria.info\/wp-content\/uploads\/2026\/01\/a1a1a11a1aa1a1.png","datePublished":"2026-01-25T09:22:00+00:00","dateModified":"2026-01-25T09:22:01+00:00","author":{"@id":"https:\/\/vengria.info\/#\/schema\/person\/b815b04a6b1fb36a2d064955a92f68d4"},"breadcrumb":{"@id":"https:\/\/vengria.info\/?p=6355#breadcrumb"},"inLanguage":"en-US","potentialAction":[{"@type":"ReadAction","target":["https:\/\/vengria.info\/?p=6355"]}]},{"@type":"ImageObject","inLanguage":"en-US","@id":"https:\/\/vengria.info\/?p=6355#primaryimage","url":"https:\/\/vengria.info\/wp-content\/uploads\/2026\/01\/a1a1a11a1aa1a1.png","contentUrl":"https:\/\/vengria.info\/wp-content\/uploads\/2026\/01\/a1a1a11a1aa1a1.png","width":417,"height":620},{"@type":"BreadcrumbList","@id":"https:\/\/vengria.info\/?p=6355#breadcrumb","itemListElement":[{"@type":"ListItem","position":1,"name":"Home","item":"https:\/\/vengria.info\/"},{"@type":"ListItem","position":2,"name":"A l\u00e1nyom ma hirtelen azt mondta: \u201eTudom, hogy nem a nagymam\u00e1m fia vagy.\u201d Ez a mondat \u00fagy has\u00edtott \u00e1t a b\u00e9k\u00e9s est\u00e9men, mint egy k\u00e9s. Egy k\u00e9t\u00e9vesnek mag\u00e1t\u00f3l nem jutott volna esz\u00e9be ilyesmi. Azonnal r\u00e1j\u00f6ttem, hogy biztosan m\u00e1st\u00f3l hallotta. \u00c9s ez volt az, ami jobban megijesztett, mint maguk a szavak."}]},{"@type":"WebSite","@id":"https:\/\/vengria.info\/#website","url":"https:\/\/vengria.info\/","name":"","description":"","potentialAction":[{"@type":"SearchAction","target":{"@type":"EntryPoint","urlTemplate":"https:\/\/vengria.info\/?s={search_term_string}"},"query-input":{"@type":"PropertyValueSpecification","valueRequired":true,"valueName":"search_term_string"}}],"inLanguage":"en-US"},{"@type":"Person","@id":"https:\/\/vengria.info\/#\/schema\/person\/b815b04a6b1fb36a2d064955a92f68d4","name":"admin","image":{"@type":"ImageObject","inLanguage":"en-US","@id":"https:\/\/secure.gravatar.com\/avatar\/a29bad30ab19883c48927f9ee55a40d0d1a0c3c343bcef70ad9a0a9cb421f0fa?s=96&d=mm&r=g","url":"https:\/\/secure.gravatar.com\/avatar\/a29bad30ab19883c48927f9ee55a40d0d1a0c3c343bcef70ad9a0a9cb421f0fa?s=96&d=mm&r=g","contentUrl":"https:\/\/secure.gravatar.com\/avatar\/a29bad30ab19883c48927f9ee55a40d0d1a0c3c343bcef70ad9a0a9cb421f0fa?s=96&d=mm&r=g","caption":"admin"},"sameAs":["http:\/\/vengria.info"],"url":"https:\/\/vengria.info\/?author=1"}]}},"_links":{"self":[{"href":"https:\/\/vengria.info\/index.php?rest_route=\/wp\/v2\/posts\/6355","targetHints":{"allow":["GET"]}}],"collection":[{"href":"https:\/\/vengria.info\/index.php?rest_route=\/wp\/v2\/posts"}],"about":[{"href":"https:\/\/vengria.info\/index.php?rest_route=\/wp\/v2\/types\/post"}],"author":[{"embeddable":true,"href":"https:\/\/vengria.info\/index.php?rest_route=\/wp\/v2\/users\/1"}],"replies":[{"embeddable":true,"href":"https:\/\/vengria.info\/index.php?rest_route=%2Fwp%2Fv2%2Fcomments&post=6355"}],"version-history":[{"count":1,"href":"https:\/\/vengria.info\/index.php?rest_route=\/wp\/v2\/posts\/6355\/revisions"}],"predecessor-version":[{"id":6359,"href":"https:\/\/vengria.info\/index.php?rest_route=\/wp\/v2\/posts\/6355\/revisions\/6359"}],"wp:featuredmedia":[{"embeddable":true,"href":"https:\/\/vengria.info\/index.php?rest_route=\/wp\/v2\/media\/6357"}],"wp:attachment":[{"href":"https:\/\/vengria.info\/index.php?rest_route=%2Fwp%2Fv2%2Fmedia&parent=6355"}],"wp:term":[{"taxonomy":"category","embeddable":true,"href":"https:\/\/vengria.info\/index.php?rest_route=%2Fwp%2Fv2%2Fcategories&post=6355"},{"taxonomy":"post_tag","embeddable":true,"href":"https:\/\/vengria.info\/index.php?rest_route=%2Fwp%2Fv2%2Ftags&post=6355"}],"curies":[{"name":"wp","href":"https:\/\/api.w.org\/{rel}","templated":true}]}}