{"id":6189,"date":"2026-01-22T09:40:40","date_gmt":"2026-01-22T09:40:40","guid":{"rendered":"https:\/\/vengria.info\/?p=6189"},"modified":"2026-01-22T09:40:41","modified_gmt":"2026-01-22T09:40:41","slug":"a-milliomos-elvitte-edesanyjat-egy-egyszeru-setara-a-parkban-nem-is-sejtette-hogy-nehany-masodperc-mulva-osszeomlik-az-eleterol-gondosan-felepitett-kepe","status":"publish","type":"post","link":"https:\/\/vengria.info\/?p=6189","title":{"rendered":"A milliomos elvitte \u00e9desanyj\u00e1t egy egyszer\u0171 s\u00e9t\u00e1ra a parkban. Nem is sejtette, hogy n\u00e9h\u00e1ny m\u00e1sodperc m\u00falva \u00f6sszeomlik az \u00e9let\u00e9r\u0151l gondosan fel\u00e9p\u00edtett k\u00e9pe."},"content":{"rendered":"\n<p>Adrian Keller olyan ember volt, akir\u0151l az \u00fczleti magazinok csod\u00e1lattal \u00edrtak. Egy vir\u00e1gz\u00f3 logisztikai \u00e9s technol\u00f3giai v\u00e1llalat alap\u00edt\u00f3ja, egy strat\u00e9ga, aki egyetlen tal\u00e1lkoz\u00f3val k\u00e9pes volt megv\u00e1ltoztatni a piac ir\u00e1ny\u00e1t. Nem volt k\u00e1osz a vil\u00e1g\u00e1ban. Mindennek megvolt a terve, a beoszt\u00e1sa, az oka. Az \u00e9rzelmek gyenges\u00e9get jelentettek. A m\u00falt lez\u00e1rt fejezet volt.<\/p>\n\n\n\n<p>De azon a napon nem voltak megbesz\u00e9l\u00e9sek, befektet\u0151i h\u00edv\u00e1sok, prezent\u00e1ci\u00f3k. Csak a park f\u00fcrd\u00f6tt a k\u00e9s\u0151 d\u00e9lut\u00e1ni f\u00e9nyben, \u00e9s az \u00e9desanyja, Margaret, aki megk\u00e9rte, hogy k\u00eds\u00e9rje el egy r\u00f6vid s\u00e9t\u00e1ra. \u00dagy fogta a kez\u00e9t, ahogy ink\u00e1bb egy kisfi\u00fara, mint egy dr\u00e1ga kab\u00e1tos feln\u0151tt f\u00e9rfira jellemz\u0151.<\/p>\n\n\n\n<p>\u201eMindig sietsz\u201d \u2013 mondta nyugodtan. \u201e\u00c9szre sem veszed, hogy a f\u00e1k s\u00e1rgulni kezdenek.\u201d<\/p>\n\n\n\n<p>Adrian elmosolyodott, ahogy tudta. Udvariasan. Tud\u00f3san. B\u00f3lintott, pedig gondolatai m\u00e1shol j\u00e1rtak. A fej\u00e9ben kavargott a t\u00e1bl\u00e1zatok, sz\u00e1mok, a meghozand\u00f3 d\u00f6nt\u00e9sek sora. A park csak egy h\u00e1tt\u00e9r volt.<\/p>\n\n\n\n<p>De azt\u00e1n meg\u00e1llt a tekintete.<\/p>\n\n\n\n<p>Az egyik padon, r\u00e9szben bokrok m\u00f6g\u00f6tt elrejtve, egy n\u0151 fek\u00fcdt. \u00dclve aludt, fej\u00e9t a fa t\u00e1ml\u00e1n nyugtatva. Haja laza volt, arca f\u00e1radt. Adrian gyomra \u00f6sszeszorult, miel\u0151tt m\u00e9g beismerte volna.<\/p>\n\n\n\n<p>Azonnal felismerte.<\/p>\n\n\n\n<p>A volt feles\u00e9ge volt.<\/p>\n\n\n\n<p>\u00c9vek \u00f3ta nem l\u00e1tta. Csendben hagyta el az \u00e9let\u00e9t, botr\u00e1nyok, vagyon miatti veszeked\u00e9sek n\u00e9lk\u00fcl. Akkoriban \u00fagy hitte, hogy ez egy \u00e9sszer\u0171 meg\u00e1llapod\u00e1s k\u00e9t feln\u0151tt k\u00f6z\u00f6tt. A n\u0151 \u201evalami m\u00e1st\u201d akart, a f\u00e9rfinak pedig volt \u00e1ll\u00e1sa. A vil\u00e1g tov\u00e1bb forgott.<\/p>\n\n\n\n<p>De most nem volt egyed\u00fcl.<\/p>\n\n\n\n<figure class=\"wp-block-image size-full is-resized\"><img loading=\"lazy\" decoding=\"async\" width=\"446\" height=\"621\" src=\"https:\/\/vengria.info\/wp-content\/uploads\/2026\/01\/aaabasdiyhkasvdihask.png\" alt=\"\" class=\"wp-image-6191\" style=\"width:747px;height:auto\" srcset=\"https:\/\/vengria.info\/wp-content\/uploads\/2026\/01\/aaabasdiyhkasvdihask.png 446w, https:\/\/vengria.info\/wp-content\/uploads\/2026\/01\/aaabasdiyhkasvdihask-215x300.png 215w\" sizes=\"auto, (max-width: 446px) 100vw, 446px\" \/><\/figure>\n\n\n\n<p>K\u00e9t baba fek\u00fcdt mellette mindk\u00e9t oldalon, v\u00e9kony takar\u00f3ba csavarva. B\u00e9k\u00e9sen aludt, az arca v\u00f6r\u00f6s volt a hidegt\u0151l. Nem volt babakocsija. Nem volt felszerel\u00e9se. Csak egy pad, hideg leveg\u0151 \u00e9s csend.<\/p>\n\n\n\n<p>Adrian olyan hirtelen \u00e1llt meg, hogy Margaret megbotlott.<\/p>\n\n\n\n<p>\u201eAdrien?\u201d \u2013 k\u00e9rdezte zavartan.<\/p>\n\n\n\n<p>De nem v\u00e1laszolt. Meredten b\u00e1mult, k\u00e9ptelen volt mozdulni. Az egyetlen k\u00e9rd\u00e9s, amit soha nem akart feltenni, visszhangzott a fej\u00e9ben: Hogyan t\u00f6rt\u00e9nhetett ez?<\/p>\n\n\n\n<p>Margaret k\u00f6vette a tekintet\u00e9t, \u00e9s meg\u00e9rtette. Arckifejez\u00e9se megv\u00e1ltozott. Lassan k\u00f6zelebb l\u00e9pett a padhoz, megbizonyosodva arr\u00f3l, hogy a gyerekek l\u00e9legznek. Azt\u00e1n Adrianra n\u00e9zett egy olyan tekintettel, amelyet gyermekkor\u00e1b\u00f3l ismert. Egy tekintettel, amely nem \u00edt\u00e9lkezett, hanem kik\u00e9nyszer\u00edtette az igazs\u00e1got.<\/p>\n\n\n\n<p>\u201e\u0150k\u2026?\u201d \u2013 kezdte, de nem fejezte be.<\/p>\n\n\n\n<p>Adrian \u00e9szrevett egy apr\u00f3 r\u00e9szletet, amit\u0151l el\u00e1llt a l\u00e9legzete. Az egyik gyereknek ugyanolyan seb volt a f\u00fcl\u00e9n, mint neki. Egy csal\u00e1di seb, amelyet gener\u00e1ci\u00f3kon \u00e1t \u00f6r\u00f6k\u00f6ltek a csal\u00e1djukban.<\/p>\n\n\n\n<p>Ebben a pillanatban a padon \u00fcl\u0151 n\u0151 megmozdult \u00e9s fel\u00e9bredt. Tekintet\u00fck tal\u00e1lkozott. Nem volt meglepet\u00e9s a szem\u00e9ben. Csak f\u00e1radts\u00e1g. \u00c9s valami, ami jobban f\u00e1jt, mint a megb\u00e1n\u00e1s.<\/p>\n\n\n\n<p>\u201eTudtam, hogy egy nap tal\u00e1lkozni fogok veled\u201d \u2013 mondta halkan.<\/p>\n\n\n\n<p>Adrian besz\u00e9lni akart. Bocs\u00e1natot k\u00e9rni. K\u00e9rdezni. Ehelyett csak \u00e1llt ott. Az igazs\u00e1g teljes er\u0151vel csapott le r\u00e1. Terhes volt, amikor elhagyta. Nem mondta el neki. A f\u00e9rfi nem k\u00e9rdezte. T\u00fal elfoglalt volt a birodalom\u00e9p\u00edt\u00e9ssel ahhoz, hogy \u00e9szrevegye, hogy elvesz\u00edti a csal\u00e1dj\u00e1t.<\/p>\n\n\n\n<p>Nem \u00f6nsz\u00e1nt\u00e1b\u00f3l v\u00e1lt hajl\u00e9ktalann\u00e1. Egy olyan n\u0151 volt, aki \u00fagy d\u00f6nt\u00f6tt, hogy hallgat, m\u00edg \u0151 a felejt\u00e9st v\u00e1lasztotta.<\/p>\n\n\n\n<p>Azon a napon Adrian nem c\u00edmlapra ker\u00fclt milliomosk\u00e9nt t\u00e1vozott. Egy f\u00e9rfik\u00e9nt, aki \u00e9let\u00e9ben el\u0151sz\u00f6r j\u00f6tt r\u00e1, hogy az igazi sikert nem lehet sz\u00e1mokkal m\u00e9rni. \u00c9s hogy vannak hib\u00e1k, amelyeket nem lehet p\u00e9nzzel helyrehozni \u2013 csak azzal a b\u00e1tors\u00e1ggal, hogy szemben\u00e9zz\u00fcnk az igazs\u00e1ggal, amelyet t\u00fal sok\u00e1ig figyelmen k\u00edv\u00fcl hagytunk.<\/p>\n\n\n\n<p>A park ism\u00e9t elcsendesedett. De Adrian sz\u00e1m\u00e1ra m\u00e1r nem csak egy \u00e1tlagos hely volt. Ez lett az a pont, ahol a m\u00faltja, a jelene \u00e9s a lelkiismerete szembes\u00fclt.<\/p>\n","protected":false},"excerpt":{"rendered":"Adrian Keller olyan ember volt, akir\u0151l az \u00fczleti magazinok csod\u00e1lattal \u00edrtak. Egy vir\u00e1gz\u00f3 logisztikai \u00e9s technol\u00f3giai v\u00e1llalat alap\u00edt\u00f3ja, egy strat\u00e9ga, aki egyetlen tal\u00e1lkoz\u00f3val \n<a class=\"moretag\" href=\"https:\/\/vengria.info\/?p=6189\"> [...]<\/a>","protected":false},"author":1,"featured_media":6191,"comment_status":"open","ping_status":"open","sticky":false,"template":"","format":"standard","meta":{"footnotes":""},"categories":[1,2],"tags":[],"class_list":["post-6189","post","type-post","status-publish","format-standard","has-post-thumbnail","hentry","category-news","category-video"],"yoast_head":"<!-- This site is optimized with the Yoast SEO plugin v27.3 - https:\/\/yoast.com\/product\/yoast-seo-wordpress\/ -->\n<title>A milliomos elvitte \u00e9desanyj\u00e1t egy egyszer\u0171 s\u00e9t\u00e1ra a parkban. Nem is sejtette, hogy n\u00e9h\u00e1ny m\u00e1sodperc m\u00falva \u00f6sszeomlik az \u00e9let\u00e9r\u0151l gondosan fel\u00e9p\u00edtett k\u00e9pe. -<\/title>\n<meta name=\"robots\" content=\"index, follow, max-snippet:-1, max-image-preview:large, max-video-preview:-1\" \/>\n<link rel=\"canonical\" href=\"https:\/\/vengria.info\/?p=6189\" \/>\n<meta property=\"og:locale\" content=\"en_US\" \/>\n<meta property=\"og:type\" content=\"article\" \/>\n<meta property=\"og:title\" content=\"A milliomos elvitte \u00e9desanyj\u00e1t egy egyszer\u0171 s\u00e9t\u00e1ra a parkban. Nem is sejtette, hogy n\u00e9h\u00e1ny m\u00e1sodperc m\u00falva \u00f6sszeomlik az \u00e9let\u00e9r\u0151l gondosan fel\u00e9p\u00edtett k\u00e9pe. -\" \/>\n<meta property=\"og:description\" content=\"Adrian Keller olyan ember volt, akir\u0151l az \u00fczleti magazinok csod\u00e1lattal \u00edrtak. Egy vir\u00e1gz\u00f3 logisztikai \u00e9s technol\u00f3giai v\u00e1llalat alap\u00edt\u00f3ja, egy strat\u00e9ga, aki egyetlen tal\u00e1lkoz\u00f3val\" \/>\n<meta property=\"og:url\" content=\"https:\/\/vengria.info\/?p=6189\" \/>\n<meta property=\"article:published_time\" content=\"2026-01-22T09:40:40+00:00\" \/>\n<meta property=\"article:modified_time\" content=\"2026-01-22T09:40:41+00:00\" \/>\n<meta property=\"og:image\" content=\"https:\/\/vengria.info\/wp-content\/uploads\/2026\/01\/aaabasdiyhkasvdihask.png\" \/>\n\t<meta property=\"og:image:width\" content=\"446\" \/>\n\t<meta property=\"og:image:height\" content=\"621\" \/>\n\t<meta property=\"og:image:type\" content=\"image\/png\" \/>\n<meta name=\"author\" content=\"admin\" \/>\n<meta name=\"twitter:card\" content=\"summary_large_image\" \/>\n<meta name=\"twitter:label1\" content=\"Written by\" \/>\n\t<meta name=\"twitter:data1\" content=\"admin\" \/>\n\t<meta name=\"twitter:label2\" content=\"Est. reading time\" \/>\n\t<meta name=\"twitter:data2\" content=\"3 minutes\" \/>\n<script type=\"application\/ld+json\" class=\"yoast-schema-graph\">{\"@context\":\"https:\\\/\\\/schema.org\",\"@graph\":[{\"@type\":\"Article\",\"@id\":\"https:\\\/\\\/vengria.info\\\/?p=6189#article\",\"isPartOf\":{\"@id\":\"https:\\\/\\\/vengria.info\\\/?p=6189\"},\"author\":{\"name\":\"admin\",\"@id\":\"https:\\\/\\\/vengria.info\\\/#\\\/schema\\\/person\\\/b815b04a6b1fb36a2d064955a92f68d4\"},\"headline\":\"A milliomos elvitte \u00e9desanyj\u00e1t egy egyszer\u0171 s\u00e9t\u00e1ra a parkban. Nem is sejtette, hogy n\u00e9h\u00e1ny m\u00e1sodperc m\u00falva \u00f6sszeomlik az \u00e9let\u00e9r\u0151l gondosan fel\u00e9p\u00edtett k\u00e9pe.\",\"datePublished\":\"2026-01-22T09:40:40+00:00\",\"dateModified\":\"2026-01-22T09:40:41+00:00\",\"mainEntityOfPage\":{\"@id\":\"https:\\\/\\\/vengria.info\\\/?p=6189\"},\"wordCount\":762,\"commentCount\":0,\"image\":{\"@id\":\"https:\\\/\\\/vengria.info\\\/?p=6189#primaryimage\"},\"thumbnailUrl\":\"https:\\\/\\\/vengria.info\\\/wp-content\\\/uploads\\\/2026\\\/01\\\/aaabasdiyhkasvdihask.png\",\"articleSection\":[\"NEWS\",\"VIDEO\"],\"inLanguage\":\"en-US\",\"potentialAction\":[{\"@type\":\"CommentAction\",\"name\":\"Comment\",\"target\":[\"https:\\\/\\\/vengria.info\\\/?p=6189#respond\"]}]},{\"@type\":\"WebPage\",\"@id\":\"https:\\\/\\\/vengria.info\\\/?p=6189\",\"url\":\"https:\\\/\\\/vengria.info\\\/?p=6189\",\"name\":\"A milliomos elvitte \u00e9desanyj\u00e1t egy egyszer\u0171 s\u00e9t\u00e1ra a parkban. Nem is sejtette, hogy n\u00e9h\u00e1ny m\u00e1sodperc m\u00falva \u00f6sszeomlik az \u00e9let\u00e9r\u0151l gondosan fel\u00e9p\u00edtett k\u00e9pe. -\",\"isPartOf\":{\"@id\":\"https:\\\/\\\/vengria.info\\\/#website\"},\"primaryImageOfPage\":{\"@id\":\"https:\\\/\\\/vengria.info\\\/?p=6189#primaryimage\"},\"image\":{\"@id\":\"https:\\\/\\\/vengria.info\\\/?p=6189#primaryimage\"},\"thumbnailUrl\":\"https:\\\/\\\/vengria.info\\\/wp-content\\\/uploads\\\/2026\\\/01\\\/aaabasdiyhkasvdihask.png\",\"datePublished\":\"2026-01-22T09:40:40+00:00\",\"dateModified\":\"2026-01-22T09:40:41+00:00\",\"author\":{\"@id\":\"https:\\\/\\\/vengria.info\\\/#\\\/schema\\\/person\\\/b815b04a6b1fb36a2d064955a92f68d4\"},\"breadcrumb\":{\"@id\":\"https:\\\/\\\/vengria.info\\\/?p=6189#breadcrumb\"},\"inLanguage\":\"en-US\",\"potentialAction\":[{\"@type\":\"ReadAction\",\"target\":[\"https:\\\/\\\/vengria.info\\\/?p=6189\"]}]},{\"@type\":\"ImageObject\",\"inLanguage\":\"en-US\",\"@id\":\"https:\\\/\\\/vengria.info\\\/?p=6189#primaryimage\",\"url\":\"https:\\\/\\\/vengria.info\\\/wp-content\\\/uploads\\\/2026\\\/01\\\/aaabasdiyhkasvdihask.png\",\"contentUrl\":\"https:\\\/\\\/vengria.info\\\/wp-content\\\/uploads\\\/2026\\\/01\\\/aaabasdiyhkasvdihask.png\",\"width\":446,\"height\":621},{\"@type\":\"BreadcrumbList\",\"@id\":\"https:\\\/\\\/vengria.info\\\/?p=6189#breadcrumb\",\"itemListElement\":[{\"@type\":\"ListItem\",\"position\":1,\"name\":\"Home\",\"item\":\"https:\\\/\\\/vengria.info\\\/\"},{\"@type\":\"ListItem\",\"position\":2,\"name\":\"A milliomos elvitte \u00e9desanyj\u00e1t egy egyszer\u0171 s\u00e9t\u00e1ra a parkban. Nem is sejtette, hogy n\u00e9h\u00e1ny m\u00e1sodperc m\u00falva \u00f6sszeomlik az \u00e9let\u00e9r\u0151l gondosan fel\u00e9p\u00edtett k\u00e9pe.\"}]},{\"@type\":\"WebSite\",\"@id\":\"https:\\\/\\\/vengria.info\\\/#website\",\"url\":\"https:\\\/\\\/vengria.info\\\/\",\"name\":\"\",\"description\":\"\",\"potentialAction\":[{\"@type\":\"SearchAction\",\"target\":{\"@type\":\"EntryPoint\",\"urlTemplate\":\"https:\\\/\\\/vengria.info\\\/?s={search_term_string}\"},\"query-input\":{\"@type\":\"PropertyValueSpecification\",\"valueRequired\":true,\"valueName\":\"search_term_string\"}}],\"inLanguage\":\"en-US\"},{\"@type\":\"Person\",\"@id\":\"https:\\\/\\\/vengria.info\\\/#\\\/schema\\\/person\\\/b815b04a6b1fb36a2d064955a92f68d4\",\"name\":\"admin\",\"image\":{\"@type\":\"ImageObject\",\"inLanguage\":\"en-US\",\"@id\":\"https:\\\/\\\/secure.gravatar.com\\\/avatar\\\/a29bad30ab19883c48927f9ee55a40d0d1a0c3c343bcef70ad9a0a9cb421f0fa?s=96&d=mm&r=g\",\"url\":\"https:\\\/\\\/secure.gravatar.com\\\/avatar\\\/a29bad30ab19883c48927f9ee55a40d0d1a0c3c343bcef70ad9a0a9cb421f0fa?s=96&d=mm&r=g\",\"contentUrl\":\"https:\\\/\\\/secure.gravatar.com\\\/avatar\\\/a29bad30ab19883c48927f9ee55a40d0d1a0c3c343bcef70ad9a0a9cb421f0fa?s=96&d=mm&r=g\",\"caption\":\"admin\"},\"sameAs\":[\"http:\\\/\\\/vengria.info\"],\"url\":\"https:\\\/\\\/vengria.info\\\/?author=1\"}]}<\/script>\n<!-- \/ Yoast SEO plugin. -->","yoast_head_json":{"title":"A milliomos elvitte \u00e9desanyj\u00e1t egy egyszer\u0171 s\u00e9t\u00e1ra a parkban. Nem is sejtette, hogy n\u00e9h\u00e1ny m\u00e1sodperc m\u00falva \u00f6sszeomlik az \u00e9let\u00e9r\u0151l gondosan fel\u00e9p\u00edtett k\u00e9pe. -","robots":{"index":"index","follow":"follow","max-snippet":"max-snippet:-1","max-image-preview":"max-image-preview:large","max-video-preview":"max-video-preview:-1"},"canonical":"https:\/\/vengria.info\/?p=6189","og_locale":"en_US","og_type":"article","og_title":"A milliomos elvitte \u00e9desanyj\u00e1t egy egyszer\u0171 s\u00e9t\u00e1ra a parkban. Nem is sejtette, hogy n\u00e9h\u00e1ny m\u00e1sodperc m\u00falva \u00f6sszeomlik az \u00e9let\u00e9r\u0151l gondosan fel\u00e9p\u00edtett k\u00e9pe. -","og_description":"Adrian Keller olyan ember volt, akir\u0151l az \u00fczleti magazinok csod\u00e1lattal \u00edrtak. Egy vir\u00e1gz\u00f3 logisztikai \u00e9s technol\u00f3giai v\u00e1llalat alap\u00edt\u00f3ja, egy strat\u00e9ga, aki egyetlen tal\u00e1lkoz\u00f3val","og_url":"https:\/\/vengria.info\/?p=6189","article_published_time":"2026-01-22T09:40:40+00:00","article_modified_time":"2026-01-22T09:40:41+00:00","og_image":[{"width":446,"height":621,"url":"https:\/\/vengria.info\/wp-content\/uploads\/2026\/01\/aaabasdiyhkasvdihask.png","type":"image\/png"}],"author":"admin","twitter_card":"summary_large_image","twitter_misc":{"Written by":"admin","Est. reading time":"3 minutes"},"schema":{"@context":"https:\/\/schema.org","@graph":[{"@type":"Article","@id":"https:\/\/vengria.info\/?p=6189#article","isPartOf":{"@id":"https:\/\/vengria.info\/?p=6189"},"author":{"name":"admin","@id":"https:\/\/vengria.info\/#\/schema\/person\/b815b04a6b1fb36a2d064955a92f68d4"},"headline":"A milliomos elvitte \u00e9desanyj\u00e1t egy egyszer\u0171 s\u00e9t\u00e1ra a parkban. Nem is sejtette, hogy n\u00e9h\u00e1ny m\u00e1sodperc m\u00falva \u00f6sszeomlik az \u00e9let\u00e9r\u0151l gondosan fel\u00e9p\u00edtett k\u00e9pe.","datePublished":"2026-01-22T09:40:40+00:00","dateModified":"2026-01-22T09:40:41+00:00","mainEntityOfPage":{"@id":"https:\/\/vengria.info\/?p=6189"},"wordCount":762,"commentCount":0,"image":{"@id":"https:\/\/vengria.info\/?p=6189#primaryimage"},"thumbnailUrl":"https:\/\/vengria.info\/wp-content\/uploads\/2026\/01\/aaabasdiyhkasvdihask.png","articleSection":["NEWS","VIDEO"],"inLanguage":"en-US","potentialAction":[{"@type":"CommentAction","name":"Comment","target":["https:\/\/vengria.info\/?p=6189#respond"]}]},{"@type":"WebPage","@id":"https:\/\/vengria.info\/?p=6189","url":"https:\/\/vengria.info\/?p=6189","name":"A milliomos elvitte \u00e9desanyj\u00e1t egy egyszer\u0171 s\u00e9t\u00e1ra a parkban. Nem is sejtette, hogy n\u00e9h\u00e1ny m\u00e1sodperc m\u00falva \u00f6sszeomlik az \u00e9let\u00e9r\u0151l gondosan fel\u00e9p\u00edtett k\u00e9pe. -","isPartOf":{"@id":"https:\/\/vengria.info\/#website"},"primaryImageOfPage":{"@id":"https:\/\/vengria.info\/?p=6189#primaryimage"},"image":{"@id":"https:\/\/vengria.info\/?p=6189#primaryimage"},"thumbnailUrl":"https:\/\/vengria.info\/wp-content\/uploads\/2026\/01\/aaabasdiyhkasvdihask.png","datePublished":"2026-01-22T09:40:40+00:00","dateModified":"2026-01-22T09:40:41+00:00","author":{"@id":"https:\/\/vengria.info\/#\/schema\/person\/b815b04a6b1fb36a2d064955a92f68d4"},"breadcrumb":{"@id":"https:\/\/vengria.info\/?p=6189#breadcrumb"},"inLanguage":"en-US","potentialAction":[{"@type":"ReadAction","target":["https:\/\/vengria.info\/?p=6189"]}]},{"@type":"ImageObject","inLanguage":"en-US","@id":"https:\/\/vengria.info\/?p=6189#primaryimage","url":"https:\/\/vengria.info\/wp-content\/uploads\/2026\/01\/aaabasdiyhkasvdihask.png","contentUrl":"https:\/\/vengria.info\/wp-content\/uploads\/2026\/01\/aaabasdiyhkasvdihask.png","width":446,"height":621},{"@type":"BreadcrumbList","@id":"https:\/\/vengria.info\/?p=6189#breadcrumb","itemListElement":[{"@type":"ListItem","position":1,"name":"Home","item":"https:\/\/vengria.info\/"},{"@type":"ListItem","position":2,"name":"A milliomos elvitte \u00e9desanyj\u00e1t egy egyszer\u0171 s\u00e9t\u00e1ra a parkban. Nem is sejtette, hogy n\u00e9h\u00e1ny m\u00e1sodperc m\u00falva \u00f6sszeomlik az \u00e9let\u00e9r\u0151l gondosan fel\u00e9p\u00edtett k\u00e9pe."}]},{"@type":"WebSite","@id":"https:\/\/vengria.info\/#website","url":"https:\/\/vengria.info\/","name":"","description":"","potentialAction":[{"@type":"SearchAction","target":{"@type":"EntryPoint","urlTemplate":"https:\/\/vengria.info\/?s={search_term_string}"},"query-input":{"@type":"PropertyValueSpecification","valueRequired":true,"valueName":"search_term_string"}}],"inLanguage":"en-US"},{"@type":"Person","@id":"https:\/\/vengria.info\/#\/schema\/person\/b815b04a6b1fb36a2d064955a92f68d4","name":"admin","image":{"@type":"ImageObject","inLanguage":"en-US","@id":"https:\/\/secure.gravatar.com\/avatar\/a29bad30ab19883c48927f9ee55a40d0d1a0c3c343bcef70ad9a0a9cb421f0fa?s=96&d=mm&r=g","url":"https:\/\/secure.gravatar.com\/avatar\/a29bad30ab19883c48927f9ee55a40d0d1a0c3c343bcef70ad9a0a9cb421f0fa?s=96&d=mm&r=g","contentUrl":"https:\/\/secure.gravatar.com\/avatar\/a29bad30ab19883c48927f9ee55a40d0d1a0c3c343bcef70ad9a0a9cb421f0fa?s=96&d=mm&r=g","caption":"admin"},"sameAs":["http:\/\/vengria.info"],"url":"https:\/\/vengria.info\/?author=1"}]}},"_links":{"self":[{"href":"https:\/\/vengria.info\/index.php?rest_route=\/wp\/v2\/posts\/6189","targetHints":{"allow":["GET"]}}],"collection":[{"href":"https:\/\/vengria.info\/index.php?rest_route=\/wp\/v2\/posts"}],"about":[{"href":"https:\/\/vengria.info\/index.php?rest_route=\/wp\/v2\/types\/post"}],"author":[{"embeddable":true,"href":"https:\/\/vengria.info\/index.php?rest_route=\/wp\/v2\/users\/1"}],"replies":[{"embeddable":true,"href":"https:\/\/vengria.info\/index.php?rest_route=%2Fwp%2Fv2%2Fcomments&post=6189"}],"version-history":[{"count":1,"href":"https:\/\/vengria.info\/index.php?rest_route=\/wp\/v2\/posts\/6189\/revisions"}],"predecessor-version":[{"id":6193,"href":"https:\/\/vengria.info\/index.php?rest_route=\/wp\/v2\/posts\/6189\/revisions\/6193"}],"wp:featuredmedia":[{"embeddable":true,"href":"https:\/\/vengria.info\/index.php?rest_route=\/wp\/v2\/media\/6191"}],"wp:attachment":[{"href":"https:\/\/vengria.info\/index.php?rest_route=%2Fwp%2Fv2%2Fmedia&parent=6189"}],"wp:term":[{"taxonomy":"category","embeddable":true,"href":"https:\/\/vengria.info\/index.php?rest_route=%2Fwp%2Fv2%2Fcategories&post=6189"},{"taxonomy":"post_tag","embeddable":true,"href":"https:\/\/vengria.info\/index.php?rest_route=%2Fwp%2Fv2%2Ftags&post=6189"}],"curies":[{"name":"wp","href":"https:\/\/api.w.org\/{rel}","templated":true}]}}