{"id":18339,"date":"2026-09-05T13:16:22","date_gmt":"2026-09-05T13:16:22","guid":{"rendered":"https:\/\/vengria.info\/?p=18339"},"modified":"2026-09-05T13:16:23","modified_gmt":"2026-09-05T13:16:23","slug":"anya-nathan-megint-azt-allitotta-hogy-a-batyam","status":"publish","type":"post","link":"https:\/\/vengria.info\/?p=18339","title":{"rendered":"\u2013 Anya, Nathan megint azt \u00e1ll\u00edtotta, hogy a b\u00e1ty\u00e1m!"},"content":{"rendered":"\n<p class=\"wp-block-paragraph\">Lucas olyan gyorsan rontott be a h\u00e1zba, hogy majdnem elfelejtette becsukni maga m\u00f6g\u00f6tt az ajt\u00f3t. A h\u00e1tizs\u00e1kj\u00e1t a f\u00f6ldre dobta, arca v\u00f6r\u00f6s volt a d\u00fcht\u0151l.<\/p>\n\n\n\n<p class=\"wp-block-paragraph\">\u2013 \u00c9s ez\u00fattal \u00e9n vitatkoztam vele.<\/p>\n\n\n\n<p class=\"wp-block-paragraph\">Letettem a b\u00f6gr\u00e9met, \u00e9s r\u00e1n\u00e9ztem.<\/p>\n\n\n\n<p class=\"wp-block-paragraph\">\u2013 Mi\u00e9rt mondogatja ezt folyton neked?<\/p>\n\n\n\n<p class=\"wp-block-paragraph\">Lucas v\u00e1llat vont.<\/p>\n\n\n\n<p class=\"wp-block-paragraph\">\u2013 Nem tudom. Folyton azt hajtogatja, hogy ugyanaz az ap\u00e1nk van. Azt mondja, testv\u00e9rek vagyunk, csak m\u00e1s az any\u00e1nk.<\/p>\n\n\n\n<p class=\"wp-block-paragraph\">Egy pillanatra \u00f6sszeszorult a torkom.<\/p>\n\n\n\n<p class=\"wp-block-paragraph\">\u2013 Ez ostobas\u00e1g \u2013 mondtam v\u00e9g\u00fcl.<\/p>\n\n\n\n<p class=\"wp-block-paragraph\">Lucas a szem\u00e9t forgatta.<\/p>\n\n\n\n<p class=\"wp-block-paragraph\">\u2013 \u00c9n is ezt mondom neki.<\/p>\n\n\n\n<p class=\"wp-block-paragraph\">Nevetni akartam, \u00e9s elengedni az eg\u00e9szet.<\/p>\n\n\n\n<p class=\"wp-block-paragraph\">De valahol m\u00e9lyen legbel\u00fcl egy \u00e9rz\u00e9s t\u00e1madt, amit nem tudtam megmagyar\u00e1zni.<\/p>\n\n\n\n<p class=\"wp-block-paragraph\">Mert nyolc \u00e9vvel ezel\u0151tt ikreket v\u00e1rtam.<\/p>\n\n\n\n<p class=\"wp-block-paragraph\">\u00c9s az egyik\u00fck Lucas b\u00e1tyja lett volna.<\/p>\n\n\n\n<hr class=\"wp-block-separator has-alpha-channel-opacity\"\/>\n\n\n\n<p class=\"wp-block-paragraph\">A terhess\u00e9g teljesen norm\u00e1lisan indult.<\/p>\n\n\n\n<p class=\"wp-block-paragraph\">Amikor az orvos el\u0151sz\u00f6r k\u00f6z\u00f6lte vel\u00fcnk, hogy ikreket v\u00e1runk, nem hittem el. Boldog, f\u00e9ltem \u00e9s izgatott voltam egyszerre.<\/p>\n\n\n\n<p class=\"wp-block-paragraph\">K\u00e9t fi\u00fa.<\/p>\n\n\n\n<p class=\"wp-block-paragraph\">K\u00e9t kis b\u00f6lcs\u0151.<\/p>\n\n\n\n<p class=\"wp-block-paragraph\">K\u00e9t p\u00e1r kis k\u00e9z.<\/p>\n\n\n\n<p class=\"wp-block-paragraph\">A f\u00e9rjemmel, Juliennel elkezdt\u00fck tervezni a j\u00f6v\u0151nket.<\/p>\n\n\n\n<p class=\"wp-block-paragraph\">K\u00e9t nevet v\u00e1lasztottunk.<\/p>\n\n\n\n<p class=\"wp-block-paragraph\">Lucas \u00e9s Gabriel.<\/p>\n\n\n\n<p class=\"wp-block-paragraph\">M\u00e1r j\u00f3val a sz\u00fcl\u00e9s el\u0151tt el\u0151k\u00e9sz\u00edtett\u00fck a szob\u00e1t. K\u00e9t egyforma dekor\u00e1ci\u00f3 volt a falon \u00e9s k\u00e9t b\u00f6lcs\u0151 egym\u00e1s mellett.<\/p>\n\n\n\n<p class=\"wp-block-paragraph\">De azt\u00e1n elj\u00f6tt a nap, ami megv\u00e1ltoztatta az eg\u00e9sz \u00e9letemet.<\/p>\n\n\n\n<p class=\"wp-block-paragraph\">T\u00fal kor\u00e1n megindult a vaj\u00fad\u00e1s.<\/p>\n\n\n\n<p class=\"wp-block-paragraph\">Minden n\u00e9h\u00e1ny \u00f3ra alatt t\u00f6rt\u00e9nt.<\/p>\n\n\n\n<p class=\"wp-block-paragraph\">Eml\u00e9kszem a k\u00f3rh\u00e1zi folyos\u00f3ra, a fejem feletti l\u00e1mp\u00e1kra, az orvosok hangj\u00e1ra \u00e9s Julien kez\u00e9re, amit olyan er\u0151sen szor\u00edtottam, hogy f\u00e1jtak az ujjaim.<\/p>\n\n\n\n<p class=\"wp-block-paragraph\">Azt\u00e1n m\u00e1r csak a s\u00f6t\u00e9ts\u00e9gre eml\u00e9kszem.<\/p>\n\n\n\n<p class=\"wp-block-paragraph\">Amikor \u00fajra kinyitottam a szemem, k\u00e9t nap telt el.<\/p>\n\n\n\n<p class=\"wp-block-paragraph\">Az els\u0151 dolog, amit \u00e9szrevettem, a csend volt.<\/p>\n\n\n\n<p class=\"wp-block-paragraph\">A m\u00e1sodik az \u00e1gyam melletti egyetlen b\u00f6lcs\u0151 volt.<\/p>\n\n\n\n<p class=\"wp-block-paragraph\">Egy kisfi\u00fa fek\u00fcdt benne.<\/p>\n\n\n\n<p class=\"wp-block-paragraph\">Lucas.<\/p>\n\n\n\n<p class=\"wp-block-paragraph\">Azonnal megk\u00e9rdeztem:<\/p>\n\n\n\n<p class=\"wp-block-paragraph\">\u201eHol van a m\u00e1sik gyerek?\u201d<\/p>\n\n\n\n<p class=\"wp-block-paragraph\">Julien mellettem \u00fclt.<\/p>\n\n\n\n<p class=\"wp-block-paragraph\">A f\u00f6ldet n\u00e9zte.<\/p>\n\n\n\n<p class=\"wp-block-paragraph\">\u201eNem \u00e9lte t\u00fal.\u201d<\/p>\n\n\n\n<p class=\"wp-block-paragraph\">Ez a k\u00e9t sz\u00f3 \u00f6sszet\u00f6rt.<\/p>\n\n\n\n<p class=\"wp-block-paragraph\">\u201eNem\u2026\u201d<\/p>\n\n\n\n<p class=\"wp-block-paragraph\">\u201eBonyolult volt. Az orvosok nem tudt\u00e1k megmenteni.\u201d<\/p>\n\n\n\n<p class=\"wp-block-paragraph\">L\u00e1tni akartam.<\/p>\n\n\n\n<p class=\"wp-block-paragraph\">El akartam b\u00facs\u00fazni.<\/p>\n\n\n\n<p class=\"wp-block-paragraph\">Legal\u00e1bb egyszer a karjaimban akartam tartani a m\u00e1sodik fiamat.<\/p>\n\n\n\n<p class=\"wp-block-paragraph\">De Julien elmagyar\u00e1zta, hogy t\u00fal gyenge voltam a sz\u00fcl\u00e9s ut\u00e1n. Hogy \u0151 mindent elint\u00e9zett. Hogy a temet\u00e9s n\u00e9lk\u00fclem t\u00f6rt\u00e9nt, mert az orvosok nem engedtek elhagyni a k\u00f3rh\u00e1zat.<\/p>\n\n\n\n<p class=\"wp-block-paragraph\">K\u00e9ts\u00e9gbeesett voltam.<\/p>\n\n\n\n<p class=\"wp-block-paragraph\">De hittem neki.<\/p>\n\n\n\n<p class=\"wp-block-paragraph\">Nem volt okom nem b\u00edzni a saj\u00e1t f\u00e9rjemben.<\/p>\n\n\n\n<p class=\"wp-block-paragraph\">\u00cdgy h\u00e1t Lucasra koncentr\u00e1ltam.<\/p>\n\n\n\n<p class=\"wp-block-paragraph\">Minden szeretetemet neki adtam.<\/p>\n\n\n\n<p class=\"wp-block-paragraph\">\u00c9vek teltek el.<\/p>\n\n\n\n<p class=\"wp-block-paragraph\">A f\u00e1jdalom nem m\u00falt el, de megtanultam egy\u00fctt \u00e9lni vele.<\/p>\n\n\n\n<p class=\"wp-block-paragraph\">Azt\u00e1n Lucas elkezdte az iskol\u00e1t.<\/p>\n\n\n\n<p class=\"wp-block-paragraph\">Ott ismerkedett meg Nathannal.<\/p>\n\n\n\n<p class=\"wp-block-paragraph\">El\u0151sz\u00f6r nem igaz\u00e1n figyeltem oda.<\/p>\n\n\n\n<p class=\"wp-block-paragraph\">A gyerekek veszekednek.<\/p>\n\n\n\n<p class=\"wp-block-paragraph\">A gyerekek kital\u00e1lnak dolgokat.<\/p>\n\n\n\n<p class=\"wp-block-paragraph\">N\u00e9ha a gyerekek olyan dolgokat mondanak, amiket feln\u0151ttekt\u0151l hallottak, \u00e9s nem \u00e9rtenek.<\/p>\n\n\n\n<p class=\"wp-block-paragraph\">De Nathan csak ism\u00e9telgette.<\/p>\n\n\n\n<p class=\"wp-block-paragraph\">\u00c9s \u00fajra meg \u00fajra.<\/p>\n\n\n\n<p class=\"wp-block-paragraph\">\u201eTestv\u00e9rek vagyunk.\u201d<\/p>\n\n\n\n<p class=\"wp-block-paragraph\">Lucas ut\u00e1lta.<\/p>\n\n\n\n<p class=\"wp-block-paragraph\">Egyszer m\u00e9g azt is mondta nekem:<\/p>\n\n\n\n<p class=\"wp-block-paragraph\">\u201eAnya, azt mondja, hogy ugyanaz az ap\u00e1nk. Azt mondja, az anyja tudja.\u201d<\/p>\n\n\n\n<p class=\"wp-block-paragraph\">Megpr\u00f3b\u00e1ltam bagatelliz\u00e1lni.<\/p>\n\n\n\n<p class=\"wp-block-paragraph\">\u201eLehet, hogy csak viccel veled.\u201d<\/p>\n\n\n\n<p class=\"wp-block-paragraph\">\u201eDe komolyan besz\u00e9l.\u201d<\/p>\n\n\n\n<p class=\"wp-block-paragraph\">\u201e\u00c9s mit mond m\u00e9g?\u201d<\/p>\n\n\n\n<p class=\"wp-block-paragraph\">Lucas v\u00e1llat vont.<\/p>\n\n\n\n<p class=\"wp-block-paragraph\">\u201eHogy ugyanolyan a szem\u00fcnk.\u201d<\/p>\n\n\n\n<p class=\"wp-block-paragraph\">Ekkor n\u00e9ztem r\u00e1.<\/p>\n\n\n\n<p class=\"wp-block-paragraph\">\u00c9s most el\u0151sz\u00f6r jutott eszembe valami, amit azonnal elutas\u00edtottam.<\/p>\n\n\n\n<p class=\"wp-block-paragraph\">Nem.<\/p>\n\n\n\n<p class=\"wp-block-paragraph\">Ez nem lehets\u00e9ges.<\/p>\n\n\n\n<p class=\"wp-block-paragraph\">Lehet, hogy nem lehet.<\/p>\n\n\n\n<hr class=\"wp-block-separator has-alpha-channel-opacity\"\/>\n\n\n\n<p class=\"wp-block-paragraph\">Egy h\u00e9ttel k\u00e9s\u0151bb cs\u00f6rg\u00f6tt a telefonom.<\/p>\n\n\n\n<p class=\"wp-block-paragraph\">Az igazgat\u00f3 volt az.<\/p>\n\n\n\n<p class=\"wp-block-paragraph\">\u201eAsszonyom, ide kell j\u00f6nnie.\u201d<\/p>\n\n\n\n<p class=\"wp-block-paragraph\">\u201eMi t\u00f6rt\u00e9nt?\u201d<\/p>\n\n\n\n<p class=\"wp-block-paragraph\">\u201eLucasnak \u00f6sszet\u0171z\u00e9se volt Nathannal. Ez\u00fattal komolyabb a helyzet.\u201d<\/p>\n\n\n\n<p class=\"wp-block-paragraph\">Perceken bel\u00fcl meg\u00e9rkeztem az iskol\u00e1ba.<\/p>\n\n\n\n<p class=\"wp-block-paragraph\">Lucas az igazgat\u00f3i irod\u00e1ban \u00fclt.<\/p>\n\n\n\n<p class=\"wp-block-paragraph\">Amint megl\u00e1tott, azonnal fel\u00e1llt.<\/p>\n\n\n\n<p class=\"wp-block-paragraph\">\u201eAnya!\u201d<\/p>\n\n\n\n<p class=\"wp-block-paragraph\">Meg\u00f6leltem.<\/p>\n\n\n\n<figure class=\"wp-block-image size-large\"><img loading=\"lazy\" decoding=\"async\" width=\"788\" height=\"1024\" src=\"https:\/\/vengria.info\/wp-content\/uploads\/2026\/09\/2qwasadwszx-788x1024.jpg\" alt=\"\" class=\"wp-image-18341\" srcset=\"https:\/\/vengria.info\/wp-content\/uploads\/2026\/09\/2qwasadwszx-788x1024.jpg 788w, https:\/\/vengria.info\/wp-content\/uploads\/2026\/09\/2qwasadwszx-231x300.jpg 231w, https:\/\/vengria.info\/wp-content\/uploads\/2026\/09\/2qwasadwszx-768x998.jpg 768w, https:\/\/vengria.info\/wp-content\/uploads\/2026\/09\/2qwasadwszx.jpg 911w\" sizes=\"auto, (max-width: 788px) 100vw, 788px\" \/><\/figure>\n\n\n\n<p class=\"wp-block-paragraph\">\u201eJ\u00f3l vagy?\u201d<\/p>\n\n\n\n<p class=\"wp-block-paragraph\">B\u00f3lintott.<\/p>\n\n\n\n<p class=\"wp-block-paragraph\">De azt\u00e1n felemelte a kez\u00e9t, \u00e9s m\u00f6g\u00e9m mutatott.<\/p>\n\n\n\n<p class=\"wp-block-paragraph\">\u201e\u0150 az.\u201d<\/p>\n\n\n\n<p class=\"wp-block-paragraph\">Megfordultam.<\/p>\n\n\n\n<p class=\"wp-block-paragraph\">Egy fi\u00fa \u00fclt a falnak t\u00e1maszkodva.<\/p>\n\n\n\n<p class=\"wp-block-paragraph\">Nathan.<\/p>\n\n\n\n<p class=\"wp-block-paragraph\">\u00c9s abban a pillanatban, ahogy r\u00e1n\u00e9ztem, \u00f6sszecsuklott a t\u00e9rdem.<\/p>\n\n\n\n<p class=\"wp-block-paragraph\">Nem kaptam leveg\u0151t.<\/p>\n\n\n\n<p class=\"wp-block-paragraph\">Olyan volt, mintha egy m\u00e1sik \u00e9letb\u0151l n\u00e9ztem volna Lucast.<\/p>\n\n\n\n<p class=\"wp-block-paragraph\">Ugyanaz az arcforma.<\/p>\n\n\n\n<p class=\"wp-block-paragraph\">Ugyanazok a sz\u00fcrke szemek.<\/p>\n\n\n\n<p class=\"wp-block-paragraph\">Ugyanaz a keskeny orr.<\/p>\n\n\n\n<p class=\"wp-block-paragraph\">Ugyanaz a kis g\u00f6dr\u00f6cske az \u00e1ll\u00e1n.<\/p>\n\n\n\n<p class=\"wp-block-paragraph\">\u00c9s ami a legfontosabb\u2026<\/p>\n\n\n\n<p class=\"wp-block-paragraph\">Ugyanaz az anyajegy k\u00f6zvetlen\u00fcl a szem\u00f6ld\u00f6ke alatt.<\/p>\n\n\n\n<p class=\"wp-block-paragraph\">Pontosan ugyanazon a helyen.<\/p>\n\n\n\n<p class=\"wp-block-paragraph\">K\u00f6zelebb l\u00e9ptem hozz\u00e1.<\/p>\n\n\n\n<p class=\"wp-block-paragraph\">Nathan ugyanolyan ijedten n\u00e9zett r\u00e1m, mint ahogy \u00e9n n\u00e9ztem r\u00e1.<\/p>\n\n\n\n<p class=\"wp-block-paragraph\">\u201eH\u00e1ny \u00e9ves vagy?\u201d \u2013 k\u00e9rdeztem.<\/p>\n\n\n\n<p class=\"wp-block-paragraph\">\u201eNyolc.\u201d<\/p>\n\n\n\n<p class=\"wp-block-paragraph\">Remegett a hangom.<\/p>\n\n\n\n<p class=\"wp-block-paragraph\">\u201eMikor sz\u00fclett\u00e9l?\u201d<\/p>\n\n\n\n<p class=\"wp-block-paragraph\">Az igazgat\u00f3 r\u00e1m n\u00e9zett.<\/p>\n\n\n\n<p class=\"wp-block-paragraph\">\u201eA pontos d\u00e1tum benne van az akt\u00e1j\u00e1ban.\u201d<\/p>\n\n\n\n<p class=\"wp-block-paragraph\">Megmondtam a d\u00e1tumot.<\/p>\n\n\n\n<p class=\"wp-block-paragraph\">Nathan b\u00f3lintott.<\/p>\n\n\n\n<p class=\"wp-block-paragraph\">Ugyanazon a napon sz\u00fcletett Lucas.<\/p>\n\n\n\n<p class=\"wp-block-paragraph\">Abban a pillanatban \u00e9reztem, hogy remeg a kezem.<\/p>\n\n\n\n<p class=\"wp-block-paragraph\">\u201eEz lehetetlen.\u201d<\/p>\n\n\n\n<p class=\"wp-block-paragraph\">Az igazgat\u00f3 hallgatott.<\/p>\n\n\n\n<p class=\"wp-block-paragraph\">\u201eHol van az anyja?\u201d \u2013 k\u00e9rdeztem.<\/p>\n\n\n\n<p class=\"wp-block-paragraph\">\u201e\u00daton van.\u201d<\/p>\n\n\n\n<p class=\"wp-block-paragraph\">Azt\u00e1n az igazgat\u00f3 furcsa arckifejez\u00e9ssel n\u00e9zett r\u00e1m.<\/p>\n\n\n\n<p class=\"wp-block-paragraph\">\u201eAzt hiszem, amikor ide\u00e9r, n\u00e9mely dolgok elkezdenek majd \u00e9rtelmet nyerni sz\u00e1modra.\u201d<\/p>\n\n\n\n<p class=\"wp-block-paragraph\">Az ajt\u00f3 hirtelen kiny\u00edlt.<\/p>\n\n\n\n<p class=\"wp-block-paragraph\">Egy n\u0151 l\u00e9pett be az irod\u00e1ba.<\/p>\n\n\n\n<p class=\"wp-block-paragraph\">El\u0151sz\u00f6r a sziluettj\u00e9t l\u00e1ttam.<\/p>\n\n\n\n<p class=\"wp-block-paragraph\">Azt\u00e1n az arc\u00e1t.<\/p>\n\n\n\n<p class=\"wp-block-paragraph\">Meg\u00e1lltam.<\/p>\n\n\n\n<p class=\"wp-block-paragraph\">Mert ismertem.<\/p>\n\n\n\n<p class=\"wp-block-paragraph\">Nem idegen volt.<\/p>\n\n\n\n<p class=\"wp-block-paragraph\">Nem valami v\u00e9letlen\u00fcl felbukkan\u00f3 gyerek anyja.<\/p>\n\n\n\n<p class=\"wp-block-paragraph\">Egy n\u0151 volt, akit nyolc \u00e9vvel ezel\u0151tt l\u00e1ttam.<\/p>\n\n\n\n<p class=\"wp-block-paragraph\">Egy n\u0151, akir\u0151l \u00e9vekig azt hittem, hogy m\u00e1r r\u00e9g elt\u0171nt az \u00e9let\u00fcnkb\u0151l.<\/p>\n\n\n\n<p class=\"wp-block-paragraph\">A n\u0151, akir\u0151l soha nem kellett volna tal\u00e1lkoznom.<\/p>\n\n\n\n<p class=\"wp-block-paragraph\">R\u00e1m n\u00e9zett.<\/p>\n\n\n\n<p class=\"wp-block-paragraph\">Azt\u00e1n Lucasra.<\/p>\n\n\n\n<p class=\"wp-block-paragraph\">\u00c9s v\u00e9g\u00fcl Nathanre.<\/p>\n\n\n\n<p class=\"wp-block-paragraph\">K\u00f6nnyek sz\u00f6ktek a szem\u00e9be.<\/p>\n\n\n\n<p class=\"wp-block-paragraph\">\u2013 Sz\u00f3val t\u00e9nyleg te vagy az? \u2013 suttogta.<\/p>\n\n\n\n<p class=\"wp-block-paragraph\">\u2013 Ki vagy? \u2013 k\u00e9rdeztem.<\/p>\n\n\n\n<p class=\"wp-block-paragraph\">A n\u0151 eltakarta a sz\u00e1j\u00e1t a kez\u00e9vel.<\/p>\n\n\n\n<p class=\"wp-block-paragraph\">\u2013 Claire a nevem.<\/p>\n\n\n\n<p class=\"wp-block-paragraph\">L\u00e9p\u00e9st tett fel\u00e9m.<\/p>\n\n\n\n<p class=\"wp-block-paragraph\">\u2013 \u00c9s ismerem a f\u00e9rjedet.<\/p>\n\n\n\n<p class=\"wp-block-paragraph\">Az iroda elcsendesedett.<\/p>\n\n\n\n<p class=\"wp-block-paragraph\">Aszerint, hogy<\/p>\n\n\n\n<p class=\"wp-block-paragraph\"><\/p>\n","protected":false},"excerpt":{"rendered":"Lucas olyan gyorsan rontott be a h\u00e1zba, hogy majdnem elfelejtette becsukni maga m\u00f6g\u00f6tt az ajt\u00f3t. A h\u00e1tizs\u00e1kj\u00e1t a f\u00f6ldre dobta, arca v\u00f6r\u00f6s volt \n<a class=\"moretag\" href=\"https:\/\/vengria.info\/?p=18339\"> [...]<\/a>","protected":false},"author":1,"featured_media":18341,"comment_status":"open","ping_status":"open","sticky":false,"template":"","format":"standard","meta":{"footnotes":""},"categories":[1,2],"tags":[],"class_list":["post-18339","post","type-post","status-publish","format-standard","has-post-thumbnail","hentry","category-news","category-video"],"yoast_head":"<!-- This site is optimized with the Yoast SEO plugin v28.3 - https:\/\/yoast.com\/product\/yoast-seo-wordpress\/ -->\n<title>\u2013 Anya, Nathan megint azt \u00e1ll\u00edtotta, hogy a b\u00e1ty\u00e1m! -<\/title>\n<meta name=\"robots\" content=\"index, follow, max-snippet:-1, max-image-preview:large, max-video-preview:-1\" \/>\n<link rel=\"canonical\" href=\"https:\/\/vengria.info\/?p=18339\" \/>\n<meta property=\"og:locale\" content=\"en_US\" \/>\n<meta property=\"og:type\" content=\"article\" \/>\n<meta property=\"og:title\" content=\"\u2013 Anya, Nathan megint azt \u00e1ll\u00edtotta, hogy a b\u00e1ty\u00e1m! -\" \/>\n<meta property=\"og:description\" content=\"Lucas olyan gyorsan rontott be a h\u00e1zba, hogy majdnem elfelejtette becsukni maga m\u00f6g\u00f6tt az ajt\u00f3t. A h\u00e1tizs\u00e1kj\u00e1t a f\u00f6ldre dobta, arca v\u00f6r\u00f6s volt\" \/>\n<meta property=\"og:url\" content=\"https:\/\/vengria.info\/?p=18339\" \/>\n<meta property=\"article:published_time\" content=\"2026-09-05T13:16:22+00:00\" \/>\n<meta property=\"article:modified_time\" content=\"2026-09-05T13:16:23+00:00\" \/>\n<meta property=\"og:image\" content=\"https:\/\/vengria.info\/wp-content\/uploads\/2026\/09\/2qwasadwszx.jpg\" \/>\n\t<meta property=\"og:image:width\" content=\"911\" \/>\n\t<meta property=\"og:image:height\" content=\"1184\" \/>\n\t<meta property=\"og:image:type\" content=\"image\/jpeg\" \/>\n<meta name=\"author\" content=\"admin\" \/>\n<meta name=\"twitter:card\" content=\"summary_large_image\" \/>\n<meta name=\"twitter:label1\" content=\"Written by\" \/>\n\t<meta name=\"twitter:data1\" content=\"admin\" \/>\n\t<meta name=\"twitter:label2\" content=\"Est. reading time\" \/>\n\t<meta name=\"twitter:data2\" content=\"4 minutes\" \/>\n<script type=\"application\/ld+json\" class=\"yoast-schema-graph\">{\"@context\":\"https:\\\/\\\/schema.org\",\"@graph\":[{\"@type\":\"Article\",\"@id\":\"https:\\\/\\\/vengria.info\\\/?p=18339#article\",\"isPartOf\":{\"@id\":\"https:\\\/\\\/vengria.info\\\/?p=18339\"},\"author\":{\"name\":\"admin\",\"@id\":\"https:\\\/\\\/vengria.info\\\/#\\\/schema\\\/person\\\/b815b04a6b1fb36a2d064955a92f68d4\"},\"headline\":\"\u2013 Anya, Nathan megint azt \u00e1ll\u00edtotta, hogy a b\u00e1ty\u00e1m!\",\"datePublished\":\"2026-09-05T13:16:22+00:00\",\"dateModified\":\"2026-09-05T13:16:23+00:00\",\"mainEntityOfPage\":{\"@id\":\"https:\\\/\\\/vengria.info\\\/?p=18339\"},\"wordCount\":1037,\"commentCount\":0,\"image\":{\"@id\":\"https:\\\/\\\/vengria.info\\\/?p=18339#primaryimage\"},\"thumbnailUrl\":\"https:\\\/\\\/vengria.info\\\/wp-content\\\/uploads\\\/2026\\\/09\\\/2qwasadwszx.jpg\",\"articleSection\":[\"NEWS\",\"VIDEO\"],\"inLanguage\":\"en-US\",\"potentialAction\":[{\"@type\":\"CommentAction\",\"name\":\"Comment\",\"target\":[\"https:\\\/\\\/vengria.info\\\/?p=18339#respond\"]}]},{\"@type\":\"WebPage\",\"@id\":\"https:\\\/\\\/vengria.info\\\/?p=18339\",\"url\":\"https:\\\/\\\/vengria.info\\\/?p=18339\",\"name\":\"\u2013 Anya, Nathan megint azt \u00e1ll\u00edtotta, hogy a b\u00e1ty\u00e1m! -\",\"isPartOf\":{\"@id\":\"https:\\\/\\\/vengria.info\\\/#website\"},\"primaryImageOfPage\":{\"@id\":\"https:\\\/\\\/vengria.info\\\/?p=18339#primaryimage\"},\"image\":{\"@id\":\"https:\\\/\\\/vengria.info\\\/?p=18339#primaryimage\"},\"thumbnailUrl\":\"https:\\\/\\\/vengria.info\\\/wp-content\\\/uploads\\\/2026\\\/09\\\/2qwasadwszx.jpg\",\"datePublished\":\"2026-09-05T13:16:22+00:00\",\"dateModified\":\"2026-09-05T13:16:23+00:00\",\"author\":{\"@id\":\"https:\\\/\\\/vengria.info\\\/#\\\/schema\\\/person\\\/b815b04a6b1fb36a2d064955a92f68d4\"},\"breadcrumb\":{\"@id\":\"https:\\\/\\\/vengria.info\\\/?p=18339#breadcrumb\"},\"inLanguage\":\"en-US\",\"potentialAction\":[{\"@type\":\"ReadAction\",\"target\":[\"https:\\\/\\\/vengria.info\\\/?p=18339\"]}]},{\"@type\":\"ImageObject\",\"inLanguage\":\"en-US\",\"@id\":\"https:\\\/\\\/vengria.info\\\/?p=18339#primaryimage\",\"url\":\"https:\\\/\\\/vengria.info\\\/wp-content\\\/uploads\\\/2026\\\/09\\\/2qwasadwszx.jpg\",\"contentUrl\":\"https:\\\/\\\/vengria.info\\\/wp-content\\\/uploads\\\/2026\\\/09\\\/2qwasadwszx.jpg\",\"width\":911,\"height\":1184},{\"@type\":\"BreadcrumbList\",\"@id\":\"https:\\\/\\\/vengria.info\\\/?p=18339#breadcrumb\",\"itemListElement\":[{\"@type\":\"ListItem\",\"position\":1,\"name\":\"Home\",\"item\":\"https:\\\/\\\/vengria.info\\\/\"},{\"@type\":\"ListItem\",\"position\":2,\"name\":\"\u2013 Anya, Nathan megint azt \u00e1ll\u00edtotta, hogy a b\u00e1ty\u00e1m!\"}]},{\"@type\":\"WebSite\",\"@id\":\"https:\\\/\\\/vengria.info\\\/#website\",\"url\":\"https:\\\/\\\/vengria.info\\\/\",\"name\":\"\",\"description\":\"\",\"potentialAction\":[{\"@type\":\"SearchAction\",\"target\":{\"@type\":\"EntryPoint\",\"urlTemplate\":\"https:\\\/\\\/vengria.info\\\/?s={search_term_string}\"},\"query-input\":{\"@type\":\"PropertyValueSpecification\",\"valueRequired\":true,\"valueName\":\"search_term_string\"}}],\"inLanguage\":\"en-US\"},{\"@type\":\"Person\",\"@id\":\"https:\\\/\\\/vengria.info\\\/#\\\/schema\\\/person\\\/b815b04a6b1fb36a2d064955a92f68d4\",\"name\":\"admin\",\"image\":{\"@type\":\"ImageObject\",\"inLanguage\":\"en-US\",\"@id\":\"https:\\\/\\\/secure.gravatar.com\\\/avatar\\\/a29bad30ab19883c48927f9ee55a40d0d1a0c3c343bcef70ad9a0a9cb421f0fa?s=96&d=mm&r=g\",\"url\":\"https:\\\/\\\/secure.gravatar.com\\\/avatar\\\/a29bad30ab19883c48927f9ee55a40d0d1a0c3c343bcef70ad9a0a9cb421f0fa?s=96&d=mm&r=g\",\"contentUrl\":\"https:\\\/\\\/secure.gravatar.com\\\/avatar\\\/a29bad30ab19883c48927f9ee55a40d0d1a0c3c343bcef70ad9a0a9cb421f0fa?s=96&d=mm&r=g\",\"caption\":\"admin\"},\"sameAs\":[\"http:\\\/\\\/vengria.info\"],\"url\":\"https:\\\/\\\/vengria.info\\\/?author=1\"}]}<\/script>\n<!-- \/ Yoast SEO plugin. -->","yoast_head_json":{"title":"\u2013 Anya, Nathan megint azt \u00e1ll\u00edtotta, hogy a b\u00e1ty\u00e1m! -","robots":{"index":"index","follow":"follow","max-snippet":"max-snippet:-1","max-image-preview":"max-image-preview:large","max-video-preview":"max-video-preview:-1"},"canonical":"https:\/\/vengria.info\/?p=18339","og_locale":"en_US","og_type":"article","og_title":"\u2013 Anya, Nathan megint azt \u00e1ll\u00edtotta, hogy a b\u00e1ty\u00e1m! -","og_description":"Lucas olyan gyorsan rontott be a h\u00e1zba, hogy majdnem elfelejtette becsukni maga m\u00f6g\u00f6tt az ajt\u00f3t. A h\u00e1tizs\u00e1kj\u00e1t a f\u00f6ldre dobta, arca v\u00f6r\u00f6s volt","og_url":"https:\/\/vengria.info\/?p=18339","article_published_time":"2026-09-05T13:16:22+00:00","article_modified_time":"2026-09-05T13:16:23+00:00","og_image":[{"width":911,"height":1184,"url":"https:\/\/vengria.info\/wp-content\/uploads\/2026\/09\/2qwasadwszx.jpg","type":"image\/jpeg"}],"author":"admin","twitter_card":"summary_large_image","twitter_misc":{"Written by":"admin","Est. reading time":"4 minutes"},"schema":{"@context":"https:\/\/schema.org","@graph":[{"@type":"Article","@id":"https:\/\/vengria.info\/?p=18339#article","isPartOf":{"@id":"https:\/\/vengria.info\/?p=18339"},"author":{"name":"admin","@id":"https:\/\/vengria.info\/#\/schema\/person\/b815b04a6b1fb36a2d064955a92f68d4"},"headline":"\u2013 Anya, Nathan megint azt \u00e1ll\u00edtotta, hogy a b\u00e1ty\u00e1m!","datePublished":"2026-09-05T13:16:22+00:00","dateModified":"2026-09-05T13:16:23+00:00","mainEntityOfPage":{"@id":"https:\/\/vengria.info\/?p=18339"},"wordCount":1037,"commentCount":0,"image":{"@id":"https:\/\/vengria.info\/?p=18339#primaryimage"},"thumbnailUrl":"https:\/\/vengria.info\/wp-content\/uploads\/2026\/09\/2qwasadwszx.jpg","articleSection":["NEWS","VIDEO"],"inLanguage":"en-US","potentialAction":[{"@type":"CommentAction","name":"Comment","target":["https:\/\/vengria.info\/?p=18339#respond"]}]},{"@type":"WebPage","@id":"https:\/\/vengria.info\/?p=18339","url":"https:\/\/vengria.info\/?p=18339","name":"\u2013 Anya, Nathan megint azt \u00e1ll\u00edtotta, hogy a b\u00e1ty\u00e1m! -","isPartOf":{"@id":"https:\/\/vengria.info\/#website"},"primaryImageOfPage":{"@id":"https:\/\/vengria.info\/?p=18339#primaryimage"},"image":{"@id":"https:\/\/vengria.info\/?p=18339#primaryimage"},"thumbnailUrl":"https:\/\/vengria.info\/wp-content\/uploads\/2026\/09\/2qwasadwszx.jpg","datePublished":"2026-09-05T13:16:22+00:00","dateModified":"2026-09-05T13:16:23+00:00","author":{"@id":"https:\/\/vengria.info\/#\/schema\/person\/b815b04a6b1fb36a2d064955a92f68d4"},"breadcrumb":{"@id":"https:\/\/vengria.info\/?p=18339#breadcrumb"},"inLanguage":"en-US","potentialAction":[{"@type":"ReadAction","target":["https:\/\/vengria.info\/?p=18339"]}]},{"@type":"ImageObject","inLanguage":"en-US","@id":"https:\/\/vengria.info\/?p=18339#primaryimage","url":"https:\/\/vengria.info\/wp-content\/uploads\/2026\/09\/2qwasadwszx.jpg","contentUrl":"https:\/\/vengria.info\/wp-content\/uploads\/2026\/09\/2qwasadwszx.jpg","width":911,"height":1184},{"@type":"BreadcrumbList","@id":"https:\/\/vengria.info\/?p=18339#breadcrumb","itemListElement":[{"@type":"ListItem","position":1,"name":"Home","item":"https:\/\/vengria.info\/"},{"@type":"ListItem","position":2,"name":"\u2013 Anya, Nathan megint azt \u00e1ll\u00edtotta, hogy a b\u00e1ty\u00e1m!"}]},{"@type":"WebSite","@id":"https:\/\/vengria.info\/#website","url":"https:\/\/vengria.info\/","name":"","description":"","potentialAction":[{"@type":"SearchAction","target":{"@type":"EntryPoint","urlTemplate":"https:\/\/vengria.info\/?s={search_term_string}"},"query-input":{"@type":"PropertyValueSpecification","valueRequired":true,"valueName":"search_term_string"}}],"inLanguage":"en-US"},{"@type":"Person","@id":"https:\/\/vengria.info\/#\/schema\/person\/b815b04a6b1fb36a2d064955a92f68d4","name":"admin","image":{"@type":"ImageObject","inLanguage":"en-US","@id":"https:\/\/secure.gravatar.com\/avatar\/a29bad30ab19883c48927f9ee55a40d0d1a0c3c343bcef70ad9a0a9cb421f0fa?s=96&d=mm&r=g","url":"https:\/\/secure.gravatar.com\/avatar\/a29bad30ab19883c48927f9ee55a40d0d1a0c3c343bcef70ad9a0a9cb421f0fa?s=96&d=mm&r=g","contentUrl":"https:\/\/secure.gravatar.com\/avatar\/a29bad30ab19883c48927f9ee55a40d0d1a0c3c343bcef70ad9a0a9cb421f0fa?s=96&d=mm&r=g","caption":"admin"},"sameAs":["http:\/\/vengria.info"],"url":"https:\/\/vengria.info\/?author=1"}]}},"_links":{"self":[{"href":"https:\/\/vengria.info\/index.php?rest_route=\/wp\/v2\/posts\/18339","targetHints":{"allow":["GET"]}}],"collection":[{"href":"https:\/\/vengria.info\/index.php?rest_route=\/wp\/v2\/posts"}],"about":[{"href":"https:\/\/vengria.info\/index.php?rest_route=\/wp\/v2\/types\/post"}],"author":[{"embeddable":true,"href":"https:\/\/vengria.info\/index.php?rest_route=\/wp\/v2\/users\/1"}],"replies":[{"embeddable":true,"href":"https:\/\/vengria.info\/index.php?rest_route=%2Fwp%2Fv2%2Fcomments&post=18339"}],"version-history":[{"count":1,"href":"https:\/\/vengria.info\/index.php?rest_route=\/wp\/v2\/posts\/18339\/revisions"}],"predecessor-version":[{"id":18343,"href":"https:\/\/vengria.info\/index.php?rest_route=\/wp\/v2\/posts\/18339\/revisions\/18343"}],"wp:featuredmedia":[{"embeddable":true,"href":"https:\/\/vengria.info\/index.php?rest_route=\/wp\/v2\/media\/18341"}],"wp:attachment":[{"href":"https:\/\/vengria.info\/index.php?rest_route=%2Fwp%2Fv2%2Fmedia&parent=18339"}],"wp:term":[{"taxonomy":"category","embeddable":true,"href":"https:\/\/vengria.info\/index.php?rest_route=%2Fwp%2Fv2%2Fcategories&post=18339"},{"taxonomy":"post_tag","embeddable":true,"href":"https:\/\/vengria.info\/index.php?rest_route=%2Fwp%2Fv2%2Ftags&post=18339"}],"curies":[{"name":"wp","href":"https:\/\/api.w.org\/{rel}","templated":true}]}}