{"id":18338,"date":"2026-09-05T13:16:08","date_gmt":"2026-09-05T13:16:08","guid":{"rendered":"https:\/\/vengria.info\/?p=18338"},"modified":"2026-09-05T13:16:10","modified_gmt":"2026-09-05T13:16:10","slug":"mami-nathan-zase-tvrdil-ze-je-muj-bratr","status":"publish","type":"post","link":"https:\/\/vengria.info\/?p=18338","title":{"rendered":"\u201eMami, Nathan zase tvrdil, \u017ee je m\u016fj bratr!\u201c"},"content":{"rendered":"\n<p class=\"wp-block-paragraph\">Lucas vtrhl dom\u016f tak prudce, \u017ee za sebou m\u00e1lem zapomn\u011bl zav\u0159\u00edt dve\u0159e. Batoh odhodil na zem a tv\u00e1\u0159 m\u011bl rudou vzteky.<\/p>\n\n\n\n<p class=\"wp-block-paragraph\">\u201eA tentokr\u00e1t jsem se s n\u00edm poh\u00e1dal.\u201c<\/p>\n\n\n\n<p class=\"wp-block-paragraph\">Odlo\u017eila jsem hrnek a pod\u00edvala se na n\u011bj.<\/p>\n\n\n\n<p class=\"wp-block-paragraph\">\u201ePro\u010d ti po\u0159\u00e1d \u0159\u00edk\u00e1 n\u011bco takov\u00e9ho?\u201c<\/p>\n\n\n\n<p class=\"wp-block-paragraph\">Lucas pokr\u010dil rameny.<\/p>\n\n\n\n<p class=\"wp-block-paragraph\">\u201eNev\u00edm. Po\u0159\u00e1d opakuje, \u017ee m\u00e1me stejn\u00e9ho t\u00e1tu. Pr\u00fd jsme brat\u0159i, jen m\u00e1me ka\u017ed\u00e9ho jinou m\u00e1mu.\u201c<\/p>\n\n\n\n<p class=\"wp-block-paragraph\">Na okam\u017eik se mi sev\u0159elo hrdlo.<\/p>\n\n\n\n<p class=\"wp-block-paragraph\">\u201eTo je nesmysl,\u201c \u0159ekla jsem nakonec.<\/p>\n\n\n\n<p class=\"wp-block-paragraph\">Lucas proto\u010dil o\u010di.<\/p>\n\n\n\n<p class=\"wp-block-paragraph\">\u201eJ\u00e1 mu to taky \u0159\u00edk\u00e1m.\u201c<\/p>\n\n\n\n<p class=\"wp-block-paragraph\">Cht\u011bla jsem se zasm\u00e1t a celou v\u011bc pustit z hlavy.<\/p>\n\n\n\n<p class=\"wp-block-paragraph\">Jen\u017ee n\u011bkde hluboko uvnit\u0159 se probudil pocit, kter\u00fd jsem nedok\u00e1zala vysv\u011btlit.<\/p>\n\n\n\n<p class=\"wp-block-paragraph\">Proto\u017ee p\u0159ed osmi lety jsem \u010dekala dvoj\u010data.<\/p>\n\n\n\n<p class=\"wp-block-paragraph\">A jedno z nich m\u011blo b\u00fdt Lucasov\u00fdm bratrem.<\/p>\n\n\n\n<hr class=\"wp-block-separator has-alpha-channel-opacity\"\/>\n\n\n\n<p class=\"wp-block-paragraph\">T\u011bhotenstv\u00ed za\u010dalo \u00fapln\u011b norm\u00e1ln\u011b.<\/p>\n\n\n\n<p class=\"wp-block-paragraph\">Kdy\u017e n\u00e1m l\u00e9ka\u0159 poprv\u00e9 ozn\u00e1mil, \u017ee \u010dek\u00e1me dvoj\u010data, nemohla jsem tomu uv\u011b\u0159it. Byla jsem \u0161\u0165astn\u00e1, vyd\u011b\u0161en\u00e1 a z\u00e1rove\u0148 nad\u0161en\u00e1.<\/p>\n\n\n\n<p class=\"wp-block-paragraph\">Dva synov\u00e9.<\/p>\n\n\n\n<p class=\"wp-block-paragraph\">Dv\u011b mal\u00e9 post\u00fdlky.<\/p>\n\n\n\n<p class=\"wp-block-paragraph\">Dva p\u00e1ry ru\u010di\u010dek.<\/p>\n\n\n\n<p class=\"wp-block-paragraph\">S man\u017eelem Julienem jsme za\u010dali pl\u00e1novat budoucnost.<\/p>\n\n\n\n<p class=\"wp-block-paragraph\">Vybrali jsme dv\u011b jm\u00e9na.<\/p>\n\n\n\n<p class=\"wp-block-paragraph\">Lucas a Gabriel.<\/p>\n\n\n\n<p class=\"wp-block-paragraph\">Pokoj jsme p\u0159ipravili dlouho p\u0159ed porodem. Na st\u011bn\u011b visely dv\u011b stejn\u00e9 dekorace a vedle sebe st\u00e1ly dv\u011b post\u00fdlky.<\/p>\n\n\n\n<p class=\"wp-block-paragraph\">Pak ale p\u0159i\u0161el den, kter\u00fd zm\u011bnil cel\u00fd m\u016fj \u017eivot.<\/p>\n\n\n\n<p class=\"wp-block-paragraph\">Za\u010dala jsem rodit p\u0159\u00edli\u0161 brzy.<\/p>\n\n\n\n<p class=\"wp-block-paragraph\">V\u0161echno se seb\u011bhlo b\u011bhem n\u011bkolika hodin.<\/p>\n\n\n\n<p class=\"wp-block-paragraph\">Pamatuji si nemocni\u010dn\u00ed chodbu, sv\u011btla nad hlavou, hlasy l\u00e9ka\u0159\u016f a Julienovu ruku, kterou jsem sv\u00edrala tak pevn\u011b, a\u017e m\u011b bolely prsty.<\/p>\n\n\n\n<p class=\"wp-block-paragraph\">Pak si pamatuji jen tmu.<\/p>\n\n\n\n<p class=\"wp-block-paragraph\">Kdy\u017e jsem znovu otev\u0159ela o\u010di, uplynuly dva dny.<\/p>\n\n\n\n<p class=\"wp-block-paragraph\">Prvn\u00ed, \u010deho jsem si v\u0161imla, bylo ticho.<\/p>\n\n\n\n<p class=\"wp-block-paragraph\">Druh\u00e9 byla jedin\u00e1 post\u00fdlka vedle m\u00e9 postele.<\/p>\n\n\n\n<p class=\"wp-block-paragraph\">Uvnit\u0159 le\u017eel mal\u00fd chlapec.<\/p>\n\n\n\n<p class=\"wp-block-paragraph\">Lucas.<\/p>\n\n\n\n<p class=\"wp-block-paragraph\">Okam\u017eit\u011b jsem se zeptala:<\/p>\n\n\n\n<p class=\"wp-block-paragraph\">\u201eKde je druh\u00e9 d\u00edt\u011b?\u201c<\/p>\n\n\n\n<p class=\"wp-block-paragraph\">Julien sed\u011bl vedle m\u011b.<\/p>\n\n\n\n<p class=\"wp-block-paragraph\">D\u00edval se do zem\u011b.<\/p>\n\n\n\n<p class=\"wp-block-paragraph\">\u201eNep\u0159e\u017eil.\u201c<\/p>\n\n\n\n<p class=\"wp-block-paragraph\">Ta dv\u011b slova m\u011b zlomila.<\/p>\n\n\n\n<p class=\"wp-block-paragraph\">\u201eNe\u2026\u201c<\/p>\n\n\n\n<p class=\"wp-block-paragraph\">\u201eBylo to komplikovan\u00e9. L\u00e9ka\u0159i ho nedok\u00e1zali zachr\u00e1nit.\u201c<\/p>\n\n\n\n<p class=\"wp-block-paragraph\">Cht\u011bla jsem ho vid\u011bt.<\/p>\n\n\n\n<p class=\"wp-block-paragraph\">Cht\u011bla jsem se rozlou\u010dit.<\/p>\n\n\n\n<p class=\"wp-block-paragraph\">Cht\u011bla jsem dr\u017eet sv\u00e9ho druh\u00e9ho syna alespo\u0148 jednou v n\u00e1ru\u010d\u00ed.<\/p>\n\n\n\n<p class=\"wp-block-paragraph\">Ale Julien mi vysv\u011btlil, \u017ee jsem byla po porodu p\u0159\u00edli\u0161 slab\u00e1. \u017de v\u0161echno za\u0159\u00eddil on. \u017de poh\u0159eb prob\u011bhl bez m\u00e9 p\u0159\u00edtomnosti, proto\u017ee l\u00e9ka\u0159i nedovolili, abych nemocnici opustila.<\/p>\n\n\n\n<p class=\"wp-block-paragraph\">Byla jsem zoufal\u00e1.<\/p>\n\n\n\n<p class=\"wp-block-paragraph\">Ale v\u011b\u0159ila jsem mu.<\/p>\n\n\n\n<p class=\"wp-block-paragraph\">Nem\u011bla jsem d\u016fvod nev\u011b\u0159it vlastn\u00edmu man\u017eelovi.<\/p>\n\n\n\n<p class=\"wp-block-paragraph\">A tak jsem se soust\u0159edila na Lucase.<\/p>\n\n\n\n<p class=\"wp-block-paragraph\">D\u00e1vala jsem mu v\u0161echnu l\u00e1sku, kterou jsem v sob\u011b m\u011bla.<\/p>\n\n\n\n<p class=\"wp-block-paragraph\">Roky plynuly.<\/p>\n\n\n\n<p class=\"wp-block-paragraph\">Bolest nezmizela, ale nau\u010dila jsem se s n\u00ed \u017e\u00edt.<\/p>\n\n\n\n<p class=\"wp-block-paragraph\">A pak Lucas nastoupil do \u0161koly.<\/p>\n\n\n\n<p class=\"wp-block-paragraph\">Pr\u00e1v\u011b tam poznal Nathana.<\/p>\n\n\n\n<p class=\"wp-block-paragraph\">Nejd\u0159\u00edv jsem tomu nev\u011bnovala pozornost.<\/p>\n\n\n\n<p class=\"wp-block-paragraph\">D\u011bti se h\u00e1daj\u00ed.<\/p>\n\n\n\n<p class=\"wp-block-paragraph\">D\u011bti si vym\u00fd\u0161lej\u00ed.<\/p>\n\n\n\n<p class=\"wp-block-paragraph\">D\u011bti ob\u010das \u0159eknou n\u011bco, co sly\u0161ely od dosp\u011bl\u00fdch a samy tomu nerozum\u011bj\u00ed.<\/p>\n\n\n\n<p class=\"wp-block-paragraph\">Jen\u017ee Nathan to tvrdil znovu.<\/p>\n\n\n\n<p class=\"wp-block-paragraph\">A znovu.<\/p>\n\n\n\n<p class=\"wp-block-paragraph\">\u201eJsme brat\u0159i.\u201c<\/p>\n\n\n\n<p class=\"wp-block-paragraph\">Lucas to nesn\u00e1\u0161el.<\/p>\n\n\n\n<p class=\"wp-block-paragraph\">Jednou mi dokonce \u0159ekl:<\/p>\n\n\n\n<p class=\"wp-block-paragraph\">\u201eMami, on \u0159\u00edk\u00e1, \u017ee m\u00e1me stejn\u00e9ho t\u00e1tu. \u0158\u00edk\u00e1, \u017ee to jeho m\u00e1ma v\u00ed.\u201c<\/p>\n\n\n\n<p class=\"wp-block-paragraph\">Sna\u017eila jsem se to zleh\u010dit.<\/p>\n\n\n\n<p class=\"wp-block-paragraph\">\u201eMo\u017en\u00e1 si z tebe jen d\u011bl\u00e1 legraci.\u201c<\/p>\n\n\n\n<p class=\"wp-block-paragraph\">\u201eAle on to mysl\u00ed v\u00e1\u017en\u011b.\u201c<\/p>\n\n\n\n<p class=\"wp-block-paragraph\">\u201eA co \u0159\u00edk\u00e1 d\u00e1l?\u201c<\/p>\n\n\n\n<p class=\"wp-block-paragraph\">Lucas pokr\u010dil rameny.<\/p>\n\n\n\n<p class=\"wp-block-paragraph\">\u201e\u017de m\u00e1me stejn\u00e9 o\u010di.\u201c<\/p>\n\n\n\n<p class=\"wp-block-paragraph\">Tehdy jsem se na n\u011bj pod\u00edvala.<\/p>\n\n\n\n<p class=\"wp-block-paragraph\">A poprv\u00e9 m\u011b napadlo n\u011bco, co jsem okam\u017eit\u011b odm\u00edtla.<\/p>\n\n\n\n<p class=\"wp-block-paragraph\">Ne.<\/p>\n\n\n\n<p class=\"wp-block-paragraph\">To nen\u00ed mo\u017en\u00e9.<\/p>\n\n\n\n<p class=\"wp-block-paragraph\">Nemohlo b\u00fdt.<\/p>\n\n\n\n<hr class=\"wp-block-separator has-alpha-channel-opacity\"\/>\n\n\n\n<p class=\"wp-block-paragraph\">O t\u00fdden pozd\u011bji mi zazvonil telefon.<\/p>\n\n\n\n<p class=\"wp-block-paragraph\">Volal \u0159editel \u0161koly.<\/p>\n\n\n\n<p class=\"wp-block-paragraph\">\u201ePan\u00ed, pot\u0159ebujeme, abyste sem p\u0159i\u0161la.\u201c<\/p>\n\n\n\n<p class=\"wp-block-paragraph\">\u201eCo se stalo?\u201c<\/p>\n\n\n\n<p class=\"wp-block-paragraph\">\u201eLucas m\u011bl konflikt s Nathanem. Tentokr\u00e1t je situace v\u00e1\u017en\u011bj\u0161\u00ed.\u201c<\/p>\n\n\n\n<figure class=\"wp-block-image size-large\"><img loading=\"lazy\" decoding=\"async\" width=\"788\" height=\"1024\" src=\"https:\/\/vengria.info\/wp-content\/uploads\/2026\/09\/2qwasadwszx-788x1024.jpg\" alt=\"\" class=\"wp-image-18341\" srcset=\"https:\/\/vengria.info\/wp-content\/uploads\/2026\/09\/2qwasadwszx-788x1024.jpg 788w, https:\/\/vengria.info\/wp-content\/uploads\/2026\/09\/2qwasadwszx-231x300.jpg 231w, https:\/\/vengria.info\/wp-content\/uploads\/2026\/09\/2qwasadwszx-768x998.jpg 768w, https:\/\/vengria.info\/wp-content\/uploads\/2026\/09\/2qwasadwszx.jpg 911w\" sizes=\"auto, (max-width: 788px) 100vw, 788px\" \/><\/figure>\n\n\n\n<p class=\"wp-block-paragraph\">Do \u0161koly jsem dorazila b\u011bhem n\u011bkolika minut.<\/p>\n\n\n\n<p class=\"wp-block-paragraph\">Lucas sed\u011bl v kancel\u00e1\u0159i \u0159editele.<\/p>\n\n\n\n<p class=\"wp-block-paragraph\">Jakmile m\u011b uvid\u011bl, okam\u017eit\u011b vstal.<\/p>\n\n\n\n<p class=\"wp-block-paragraph\">\u201eMami!\u201c<\/p>\n\n\n\n<p class=\"wp-block-paragraph\">Objala jsem ho.<\/p>\n\n\n\n<p class=\"wp-block-paragraph\">\u201eJsi v po\u0159\u00e1dku?\u201c<\/p>\n\n\n\n<p class=\"wp-block-paragraph\">P\u0159ik\u00fdvl.<\/p>\n\n\n\n<p class=\"wp-block-paragraph\">Pak ale zvedl ruku a uk\u00e1zal za m\u011b.<\/p>\n\n\n\n<p class=\"wp-block-paragraph\">\u201eTo je on.\u201c<\/p>\n\n\n\n<p class=\"wp-block-paragraph\">Oto\u010dila jsem se.<\/p>\n\n\n\n<p class=\"wp-block-paragraph\">U st\u011bny sed\u011bl chlapec.<\/p>\n\n\n\n<p class=\"wp-block-paragraph\">Nathan.<\/p>\n\n\n\n<p class=\"wp-block-paragraph\">A v okam\u017eiku, kdy jsem se na n\u011bj pod\u00edvala, se mi podlomila kolena.<\/p>\n\n\n\n<p class=\"wp-block-paragraph\">Nemohla jsem d\u00fdchat.<\/p>\n\n\n\n<p class=\"wp-block-paragraph\">Bylo to, jako kdybych se d\u00edvala na Lucase z jin\u00e9ho \u017eivota.<\/p>\n\n\n\n<p class=\"wp-block-paragraph\">Stejn\u00fd tvar obli\u010deje.<\/p>\n\n\n\n<p class=\"wp-block-paragraph\">Stejn\u00e9 \u0161ed\u00e9 o\u010di.<\/p>\n\n\n\n<p class=\"wp-block-paragraph\">Stejn\u00fd \u00fazk\u00fd nos.<\/p>\n\n\n\n<p class=\"wp-block-paragraph\">Stejn\u00fd mal\u00fd d\u016flek na brad\u011b.<\/p>\n\n\n\n<p class=\"wp-block-paragraph\">A hlavn\u011b\u2026<\/p>\n\n\n\n<p class=\"wp-block-paragraph\">Stejn\u00e9 mate\u0159sk\u00e9 znam\u00e9nko t\u011bsn\u011b pod obo\u010d\u00edm.<\/p>\n\n\n\n<p class=\"wp-block-paragraph\">P\u0159esn\u011b na stejn\u00e9m m\u00edst\u011b.<\/p>\n\n\n\n<p class=\"wp-block-paragraph\">P\u0159ibl\u00ed\u017eila jsem se k n\u011bmu.<\/p>\n\n\n\n<p class=\"wp-block-paragraph\">Nathan se na m\u011b d\u00edval stejn\u011b vyd\u011b\u0161en\u011b jako j\u00e1 na n\u011bj.<\/p>\n\n\n\n<p class=\"wp-block-paragraph\">\u201eKolik ti je?\u201c zeptala jsem se.<\/p>\n\n\n\n<p class=\"wp-block-paragraph\">\u201eOsm.\u201c<\/p>\n\n\n\n<p class=\"wp-block-paragraph\">Hlas se mi zachv\u011bl.<\/p>\n\n\n\n<p class=\"wp-block-paragraph\">\u201eKdy ses narodil?\u201c<\/p>\n\n\n\n<p class=\"wp-block-paragraph\">\u0158editel se na m\u011b pod\u00edval.<\/p>\n\n\n\n<p class=\"wp-block-paragraph\">\u201eP\u0159esn\u00e9 datum je v jeho dokumentaci.\u201c<\/p>\n\n\n\n<p class=\"wp-block-paragraph\">\u0158ekla jsem datum.<\/p>\n\n\n\n<p class=\"wp-block-paragraph\">Nathan p\u0159ik\u00fdvl.<\/p>\n\n\n\n<p class=\"wp-block-paragraph\">Bylo to stejn\u00e9 datum, kdy se narodil Lucas.<\/p>\n\n\n\n<p class=\"wp-block-paragraph\">V tu chv\u00edli jsem c\u00edtila, jak se mi t\u0159esou ruce.<\/p>\n\n\n\n<p class=\"wp-block-paragraph\">\u201eTo nen\u00ed mo\u017en\u00e9.\u201c<\/p>\n\n\n\n<p class=\"wp-block-paragraph\">\u0158editel ml\u010del.<\/p>\n\n\n\n<p class=\"wp-block-paragraph\">\u201eKde je jeho matka?\u201c zeptala jsem se.<\/p>\n\n\n\n<p class=\"wp-block-paragraph\">\u201eJe na cest\u011b.\u201c<\/p>\n\n\n\n<p class=\"wp-block-paragraph\">Pak se na m\u011b \u0159editel pod\u00edval zvl\u00e1\u0161tn\u00edm v\u00fdrazem.<\/p>\n\n\n\n<p class=\"wp-block-paragraph\">\u201eMysl\u00edm, \u017ee a\u017e doraz\u00ed, n\u011bkter\u00e9 v\u011bci v\u00e1m za\u010dne d\u00e1vat smysl.\u201c<\/p>\n\n\n\n<p class=\"wp-block-paragraph\">Dve\u0159e se n\u00e1hle otev\u0159ely.<\/p>\n\n\n\n<p class=\"wp-block-paragraph\">Do kancel\u00e1\u0159e ve\u0161la \u017eena.<\/p>\n\n\n\n<p class=\"wp-block-paragraph\">Nejd\u0159\u00edv jsem vid\u011bla jej\u00ed siluetu.<\/p>\n\n\n\n<p class=\"wp-block-paragraph\">Pak tv\u00e1\u0159.<\/p>\n\n\n\n<p class=\"wp-block-paragraph\">Zastavila jsem se.<\/p>\n\n\n\n<p class=\"wp-block-paragraph\">Proto\u017ee jsem ji znala.<\/p>\n\n\n\n<p class=\"wp-block-paragraph\">Nebyla to ciz\u00ed \u017eena.<\/p>\n\n\n\n<p class=\"wp-block-paragraph\">Nebyla to n\u00e1hodn\u00e1 matka d\u00edt\u011bte.<\/p>\n\n\n\n<p class=\"wp-block-paragraph\">Byla to \u017eena, kterou jsem vid\u011bla u\u017e p\u0159ed osmi lety.<\/p>\n\n\n\n<p class=\"wp-block-paragraph\">\u017dena, o kter\u00e9 jsem si cel\u00e9 roky myslela, \u017ee u\u017e d\u00e1vno zmizela z na\u0161eho \u017eivota.<\/p>\n\n\n\n<p class=\"wp-block-paragraph\">\u017dena, kterou jsem nikdy nem\u011bla potkat.<\/p>\n\n\n\n<p class=\"wp-block-paragraph\">Pod\u00edvala se na m\u011b.<\/p>\n\n\n\n<p class=\"wp-block-paragraph\">Pak na Lucase.<\/p>\n\n\n\n<p class=\"wp-block-paragraph\">A nakonec na Nathana.<\/p>\n\n\n\n<p class=\"wp-block-paragraph\">V o\u010d\u00edch m\u011bla slzy.<\/p>\n\n\n\n<p class=\"wp-block-paragraph\">\u201eTak\u017ee jste to opravdu vy,\u201c za\u0161eptala.<\/p>\n\n\n\n<p class=\"wp-block-paragraph\">\u201eKdo jste?\u201c zeptala jsem se.<\/p>\n\n\n\n<p class=\"wp-block-paragraph\">\u017dena si zakryla \u00fasta rukou.<\/p>\n\n\n\n<p class=\"wp-block-paragraph\">\u201eJmenuji se Claire.\u201c<\/p>\n\n\n\n<p class=\"wp-block-paragraph\">Ud\u011blala krok sm\u011brem ke mn\u011b.<\/p>\n\n\n\n<p class=\"wp-block-paragraph\">\u201eA va\u0161eho man\u017eela zn\u00e1m.\u201c<\/p>\n\n\n\n<p class=\"wp-block-paragraph\">V kancel\u00e1\u0159i zavl\u00e1dlo ticho.<\/p>\n\n\n\n<p class=\"wp-block-paragraph\">Pod\u00ed<\/p>\n\n\n\n<p class=\"wp-block-paragraph\"><\/p>\n","protected":false},"excerpt":{"rendered":"Lucas vtrhl dom\u016f tak prudce, \u017ee za sebou m\u00e1lem zapomn\u011bl zav\u0159\u00edt dve\u0159e. Batoh odhodil na zem a tv\u00e1\u0159 m\u011bl rudou vzteky. \u201eA tentokr\u00e1t \n<a class=\"moretag\" href=\"https:\/\/vengria.info\/?p=18338\"> [...]<\/a>","protected":false},"author":1,"featured_media":18341,"comment_status":"open","ping_status":"open","sticky":false,"template":"","format":"standard","meta":{"footnotes":""},"categories":[26],"tags":[],"class_list":["post-18338","post","type-post","status-publish","format-standard","has-post-thumbnail","hentry","category-26"],"yoast_head":"<!-- This site is optimized with the Yoast SEO plugin v28.3 - https:\/\/yoast.com\/product\/yoast-seo-wordpress\/ -->\n<title>\u201eMami, Nathan zase tvrdil, \u017ee je m\u016fj bratr!\u201c -<\/title>\n<meta name=\"robots\" content=\"index, follow, max-snippet:-1, max-image-preview:large, max-video-preview:-1\" \/>\n<link rel=\"canonical\" href=\"https:\/\/vengria.info\/?p=18338\" \/>\n<meta property=\"og:locale\" content=\"en_US\" \/>\n<meta property=\"og:type\" content=\"article\" \/>\n<meta property=\"og:title\" content=\"\u201eMami, Nathan zase tvrdil, \u017ee je m\u016fj bratr!\u201c -\" \/>\n<meta property=\"og:description\" content=\"Lucas vtrhl dom\u016f tak prudce, \u017ee za sebou m\u00e1lem zapomn\u011bl zav\u0159\u00edt dve\u0159e. Batoh odhodil na zem a tv\u00e1\u0159 m\u011bl rudou vzteky. \u201eA tentokr\u00e1t\" \/>\n<meta property=\"og:url\" content=\"https:\/\/vengria.info\/?p=18338\" \/>\n<meta property=\"article:published_time\" content=\"2026-09-05T13:16:08+00:00\" \/>\n<meta property=\"article:modified_time\" content=\"2026-09-05T13:16:10+00:00\" \/>\n<meta property=\"og:image\" content=\"https:\/\/vengria.info\/wp-content\/uploads\/2026\/09\/2qwasadwszx.jpg\" \/>\n\t<meta property=\"og:image:width\" content=\"911\" \/>\n\t<meta property=\"og:image:height\" content=\"1184\" \/>\n\t<meta property=\"og:image:type\" content=\"image\/jpeg\" \/>\n<meta name=\"author\" content=\"admin\" \/>\n<meta name=\"twitter:card\" content=\"summary_large_image\" \/>\n<meta name=\"twitter:label1\" content=\"Written by\" \/>\n\t<meta name=\"twitter:data1\" content=\"admin\" \/>\n\t<meta name=\"twitter:label2\" content=\"Est. reading time\" \/>\n\t<meta name=\"twitter:data2\" content=\"4 minutes\" \/>\n<script type=\"application\/ld+json\" class=\"yoast-schema-graph\">{\"@context\":\"https:\\\/\\\/schema.org\",\"@graph\":[{\"@type\":\"Article\",\"@id\":\"https:\\\/\\\/vengria.info\\\/?p=18338#article\",\"isPartOf\":{\"@id\":\"https:\\\/\\\/vengria.info\\\/?p=18338\"},\"author\":{\"name\":\"admin\",\"@id\":\"https:\\\/\\\/vengria.info\\\/#\\\/schema\\\/person\\\/b815b04a6b1fb36a2d064955a92f68d4\"},\"headline\":\"\u201eMami, Nathan zase tvrdil, \u017ee je m\u016fj bratr!\u201c\",\"datePublished\":\"2026-09-05T13:16:08+00:00\",\"dateModified\":\"2026-09-05T13:16:10+00:00\",\"mainEntityOfPage\":{\"@id\":\"https:\\\/\\\/vengria.info\\\/?p=18338\"},\"wordCount\":1075,\"commentCount\":0,\"image\":{\"@id\":\"https:\\\/\\\/vengria.info\\\/?p=18338#primaryimage\"},\"thumbnailUrl\":\"https:\\\/\\\/vengria.info\\\/wp-content\\\/uploads\\\/2026\\\/09\\\/2qwasadwszx.jpg\",\"articleSection\":[\"\u0427\u0435\u0445\u0438\u044f\"],\"inLanguage\":\"en-US\",\"potentialAction\":[{\"@type\":\"CommentAction\",\"name\":\"Comment\",\"target\":[\"https:\\\/\\\/vengria.info\\\/?p=18338#respond\"]}]},{\"@type\":\"WebPage\",\"@id\":\"https:\\\/\\\/vengria.info\\\/?p=18338\",\"url\":\"https:\\\/\\\/vengria.info\\\/?p=18338\",\"name\":\"\u201eMami, Nathan zase tvrdil, \u017ee je m\u016fj bratr!\u201c -\",\"isPartOf\":{\"@id\":\"https:\\\/\\\/vengria.info\\\/#website\"},\"primaryImageOfPage\":{\"@id\":\"https:\\\/\\\/vengria.info\\\/?p=18338#primaryimage\"},\"image\":{\"@id\":\"https:\\\/\\\/vengria.info\\\/?p=18338#primaryimage\"},\"thumbnailUrl\":\"https:\\\/\\\/vengria.info\\\/wp-content\\\/uploads\\\/2026\\\/09\\\/2qwasadwszx.jpg\",\"datePublished\":\"2026-09-05T13:16:08+00:00\",\"dateModified\":\"2026-09-05T13:16:10+00:00\",\"author\":{\"@id\":\"https:\\\/\\\/vengria.info\\\/#\\\/schema\\\/person\\\/b815b04a6b1fb36a2d064955a92f68d4\"},\"breadcrumb\":{\"@id\":\"https:\\\/\\\/vengria.info\\\/?p=18338#breadcrumb\"},\"inLanguage\":\"en-US\",\"potentialAction\":[{\"@type\":\"ReadAction\",\"target\":[\"https:\\\/\\\/vengria.info\\\/?p=18338\"]}]},{\"@type\":\"ImageObject\",\"inLanguage\":\"en-US\",\"@id\":\"https:\\\/\\\/vengria.info\\\/?p=18338#primaryimage\",\"url\":\"https:\\\/\\\/vengria.info\\\/wp-content\\\/uploads\\\/2026\\\/09\\\/2qwasadwszx.jpg\",\"contentUrl\":\"https:\\\/\\\/vengria.info\\\/wp-content\\\/uploads\\\/2026\\\/09\\\/2qwasadwszx.jpg\",\"width\":911,\"height\":1184},{\"@type\":\"BreadcrumbList\",\"@id\":\"https:\\\/\\\/vengria.info\\\/?p=18338#breadcrumb\",\"itemListElement\":[{\"@type\":\"ListItem\",\"position\":1,\"name\":\"Home\",\"item\":\"https:\\\/\\\/vengria.info\\\/\"},{\"@type\":\"ListItem\",\"position\":2,\"name\":\"\u201eMami, Nathan zase tvrdil, \u017ee je m\u016fj bratr!\u201c\"}]},{\"@type\":\"WebSite\",\"@id\":\"https:\\\/\\\/vengria.info\\\/#website\",\"url\":\"https:\\\/\\\/vengria.info\\\/\",\"name\":\"\",\"description\":\"\",\"potentialAction\":[{\"@type\":\"SearchAction\",\"target\":{\"@type\":\"EntryPoint\",\"urlTemplate\":\"https:\\\/\\\/vengria.info\\\/?s={search_term_string}\"},\"query-input\":{\"@type\":\"PropertyValueSpecification\",\"valueRequired\":true,\"valueName\":\"search_term_string\"}}],\"inLanguage\":\"en-US\"},{\"@type\":\"Person\",\"@id\":\"https:\\\/\\\/vengria.info\\\/#\\\/schema\\\/person\\\/b815b04a6b1fb36a2d064955a92f68d4\",\"name\":\"admin\",\"image\":{\"@type\":\"ImageObject\",\"inLanguage\":\"en-US\",\"@id\":\"https:\\\/\\\/secure.gravatar.com\\\/avatar\\\/a29bad30ab19883c48927f9ee55a40d0d1a0c3c343bcef70ad9a0a9cb421f0fa?s=96&d=mm&r=g\",\"url\":\"https:\\\/\\\/secure.gravatar.com\\\/avatar\\\/a29bad30ab19883c48927f9ee55a40d0d1a0c3c343bcef70ad9a0a9cb421f0fa?s=96&d=mm&r=g\",\"contentUrl\":\"https:\\\/\\\/secure.gravatar.com\\\/avatar\\\/a29bad30ab19883c48927f9ee55a40d0d1a0c3c343bcef70ad9a0a9cb421f0fa?s=96&d=mm&r=g\",\"caption\":\"admin\"},\"sameAs\":[\"http:\\\/\\\/vengria.info\"],\"url\":\"https:\\\/\\\/vengria.info\\\/?author=1\"}]}<\/script>\n<!-- \/ Yoast SEO plugin. -->","yoast_head_json":{"title":"\u201eMami, Nathan zase tvrdil, \u017ee je m\u016fj bratr!\u201c -","robots":{"index":"index","follow":"follow","max-snippet":"max-snippet:-1","max-image-preview":"max-image-preview:large","max-video-preview":"max-video-preview:-1"},"canonical":"https:\/\/vengria.info\/?p=18338","og_locale":"en_US","og_type":"article","og_title":"\u201eMami, Nathan zase tvrdil, \u017ee je m\u016fj bratr!\u201c -","og_description":"Lucas vtrhl dom\u016f tak prudce, \u017ee za sebou m\u00e1lem zapomn\u011bl zav\u0159\u00edt dve\u0159e. Batoh odhodil na zem a tv\u00e1\u0159 m\u011bl rudou vzteky. \u201eA tentokr\u00e1t","og_url":"https:\/\/vengria.info\/?p=18338","article_published_time":"2026-09-05T13:16:08+00:00","article_modified_time":"2026-09-05T13:16:10+00:00","og_image":[{"width":911,"height":1184,"url":"https:\/\/vengria.info\/wp-content\/uploads\/2026\/09\/2qwasadwszx.jpg","type":"image\/jpeg"}],"author":"admin","twitter_card":"summary_large_image","twitter_misc":{"Written by":"admin","Est. reading time":"4 minutes"},"schema":{"@context":"https:\/\/schema.org","@graph":[{"@type":"Article","@id":"https:\/\/vengria.info\/?p=18338#article","isPartOf":{"@id":"https:\/\/vengria.info\/?p=18338"},"author":{"name":"admin","@id":"https:\/\/vengria.info\/#\/schema\/person\/b815b04a6b1fb36a2d064955a92f68d4"},"headline":"\u201eMami, Nathan zase tvrdil, \u017ee je m\u016fj bratr!\u201c","datePublished":"2026-09-05T13:16:08+00:00","dateModified":"2026-09-05T13:16:10+00:00","mainEntityOfPage":{"@id":"https:\/\/vengria.info\/?p=18338"},"wordCount":1075,"commentCount":0,"image":{"@id":"https:\/\/vengria.info\/?p=18338#primaryimage"},"thumbnailUrl":"https:\/\/vengria.info\/wp-content\/uploads\/2026\/09\/2qwasadwszx.jpg","articleSection":["\u0427\u0435\u0445\u0438\u044f"],"inLanguage":"en-US","potentialAction":[{"@type":"CommentAction","name":"Comment","target":["https:\/\/vengria.info\/?p=18338#respond"]}]},{"@type":"WebPage","@id":"https:\/\/vengria.info\/?p=18338","url":"https:\/\/vengria.info\/?p=18338","name":"\u201eMami, Nathan zase tvrdil, \u017ee je m\u016fj bratr!\u201c -","isPartOf":{"@id":"https:\/\/vengria.info\/#website"},"primaryImageOfPage":{"@id":"https:\/\/vengria.info\/?p=18338#primaryimage"},"image":{"@id":"https:\/\/vengria.info\/?p=18338#primaryimage"},"thumbnailUrl":"https:\/\/vengria.info\/wp-content\/uploads\/2026\/09\/2qwasadwszx.jpg","datePublished":"2026-09-05T13:16:08+00:00","dateModified":"2026-09-05T13:16:10+00:00","author":{"@id":"https:\/\/vengria.info\/#\/schema\/person\/b815b04a6b1fb36a2d064955a92f68d4"},"breadcrumb":{"@id":"https:\/\/vengria.info\/?p=18338#breadcrumb"},"inLanguage":"en-US","potentialAction":[{"@type":"ReadAction","target":["https:\/\/vengria.info\/?p=18338"]}]},{"@type":"ImageObject","inLanguage":"en-US","@id":"https:\/\/vengria.info\/?p=18338#primaryimage","url":"https:\/\/vengria.info\/wp-content\/uploads\/2026\/09\/2qwasadwszx.jpg","contentUrl":"https:\/\/vengria.info\/wp-content\/uploads\/2026\/09\/2qwasadwszx.jpg","width":911,"height":1184},{"@type":"BreadcrumbList","@id":"https:\/\/vengria.info\/?p=18338#breadcrumb","itemListElement":[{"@type":"ListItem","position":1,"name":"Home","item":"https:\/\/vengria.info\/"},{"@type":"ListItem","position":2,"name":"\u201eMami, Nathan zase tvrdil, \u017ee je m\u016fj bratr!\u201c"}]},{"@type":"WebSite","@id":"https:\/\/vengria.info\/#website","url":"https:\/\/vengria.info\/","name":"","description":"","potentialAction":[{"@type":"SearchAction","target":{"@type":"EntryPoint","urlTemplate":"https:\/\/vengria.info\/?s={search_term_string}"},"query-input":{"@type":"PropertyValueSpecification","valueRequired":true,"valueName":"search_term_string"}}],"inLanguage":"en-US"},{"@type":"Person","@id":"https:\/\/vengria.info\/#\/schema\/person\/b815b04a6b1fb36a2d064955a92f68d4","name":"admin","image":{"@type":"ImageObject","inLanguage":"en-US","@id":"https:\/\/secure.gravatar.com\/avatar\/a29bad30ab19883c48927f9ee55a40d0d1a0c3c343bcef70ad9a0a9cb421f0fa?s=96&d=mm&r=g","url":"https:\/\/secure.gravatar.com\/avatar\/a29bad30ab19883c48927f9ee55a40d0d1a0c3c343bcef70ad9a0a9cb421f0fa?s=96&d=mm&r=g","contentUrl":"https:\/\/secure.gravatar.com\/avatar\/a29bad30ab19883c48927f9ee55a40d0d1a0c3c343bcef70ad9a0a9cb421f0fa?s=96&d=mm&r=g","caption":"admin"},"sameAs":["http:\/\/vengria.info"],"url":"https:\/\/vengria.info\/?author=1"}]}},"_links":{"self":[{"href":"https:\/\/vengria.info\/index.php?rest_route=\/wp\/v2\/posts\/18338","targetHints":{"allow":["GET"]}}],"collection":[{"href":"https:\/\/vengria.info\/index.php?rest_route=\/wp\/v2\/posts"}],"about":[{"href":"https:\/\/vengria.info\/index.php?rest_route=\/wp\/v2\/types\/post"}],"author":[{"embeddable":true,"href":"https:\/\/vengria.info\/index.php?rest_route=\/wp\/v2\/users\/1"}],"replies":[{"embeddable":true,"href":"https:\/\/vengria.info\/index.php?rest_route=%2Fwp%2Fv2%2Fcomments&post=18338"}],"version-history":[{"count":1,"href":"https:\/\/vengria.info\/index.php?rest_route=\/wp\/v2\/posts\/18338\/revisions"}],"predecessor-version":[{"id":18342,"href":"https:\/\/vengria.info\/index.php?rest_route=\/wp\/v2\/posts\/18338\/revisions\/18342"}],"wp:featuredmedia":[{"embeddable":true,"href":"https:\/\/vengria.info\/index.php?rest_route=\/wp\/v2\/media\/18341"}],"wp:attachment":[{"href":"https:\/\/vengria.info\/index.php?rest_route=%2Fwp%2Fv2%2Fmedia&parent=18338"}],"wp:term":[{"taxonomy":"category","embeddable":true,"href":"https:\/\/vengria.info\/index.php?rest_route=%2Fwp%2Fv2%2Fcategories&post=18338"},{"taxonomy":"post_tag","embeddable":true,"href":"https:\/\/vengria.info\/index.php?rest_route=%2Fwp%2Fv2%2Ftags&post=18338"}],"curies":[{"name":"wp","href":"https:\/\/api.w.org\/{rel}","templated":true}]}}