{"id":18332,"date":"2026-09-05T13:12:45","date_gmt":"2026-09-05T13:12:45","guid":{"rendered":"https:\/\/vengria.info\/?p=18332"},"modified":"2026-09-05T13:12:46","modified_gmt":"2026-09-05T13:12:46","slug":"amikor-a-negyeves-lanyom-eloszor-tartotta-a-karjaiban-ujszulott-hugat-valami-egyszerure-szamitottam","status":"publish","type":"post","link":"https:\/\/vengria.info\/?p=18332","title":{"rendered":"Amikor a n\u00e9gy\u00e9ves l\u00e1nyom el\u0151sz\u00f6r tartotta a karjaiban \u00fajsz\u00fcl\u00f6tt h\u00fag\u00e1t, valami egyszer\u0171re sz\u00e1m\u00edtottam."},"content":{"rendered":"\n<p class=\"wp-block-paragraph\">Tal\u00e1n apr\u00f3cska a baba. Tal\u00e1n aranyos orra van. Tal\u00e1n csak egy gyerekes \u201egy\u00f6ny\u00f6r\u0171\u201d.<\/p>\n\n\n\n<p class=\"wp-block-paragraph\">Ehelyett Lisa k\u00f6zelebb hajolt az arc\u00e1hoz, \u00e9s mondott valamit, amit\u0151l azonnal el\u00e1llt a l\u00e9legzetem.<\/p>\n\n\n\n<p class=\"wp-block-paragraph\">\u201eMost m\u00e1r van kivel titkol\u00f3znom.\u201d<\/p>\n\n\n\n<p class=\"wp-block-paragraph\">El\u0151sz\u00f6r nevettem.<\/p>\n\n\n\n<p class=\"wp-block-paragraph\">Azt hittem, csak egy gyerekes fant\u00e1zia.<\/p>\n\n\n\n<p class=\"wp-block-paragraph\">De Lisa \u00fagy n\u00e9zett r\u00e1m, ahogy m\u00e9g soha nem l\u00e1ttam n\u00e9gy\u00e9vest r\u00e1m n\u00e9zni.<\/p>\n\n\n\n<p class=\"wp-block-paragraph\">Komolyan besz\u00e9lt.<\/p>\n\n\n\n<p class=\"wp-block-paragraph\">\u00c9s akkor j\u00f6ttem r\u00e1, hogy ez nem j\u00e1t\u00e9k.<\/p>\n\n\n\n<p class=\"wp-block-paragraph\">M\u00e9g mindig k\u00f3rh\u00e1zban voltam. Kimer\u00fclt voltam a sz\u00fcl\u00e9s ut\u00e1n, \u00e9s minden mozdulatom f\u00e1jt. M\u00e9gis furcsa boldogs\u00e1got \u00e9reztem. H\u00f3napok v\u00e1rakoz\u00e1sa ut\u00e1n v\u00e9gre a karjaimban tarthattam a m\u00e1sodik l\u00e1nyunkat.<\/p>\n\n\n\n<p class=\"wp-block-paragraph\">Lisa mell\u00e9m \u00fclt az \u00e1gyon, \u00e9s \u00f3vatosan tartotta a bab\u00e1t a karj\u00e1ban.<\/p>\n\n\n\n<p class=\"wp-block-paragraph\">A sz\u00fcl\u00e9s el\u0151tt a legnagyobb f\u00e9lelmem a reakci\u00f3ja volt.<\/p>\n\n\n\n<p class=\"wp-block-paragraph\">N\u00e9gy \u00e9vig volt egyke. Minden k\u00f6r\u00fcl\u00f6tte forgott. Volt saj\u00e1t szob\u00e1ja, saj\u00e1t j\u00e1t\u00e9kai, saj\u00e1t helye az asztaln\u00e1l, \u00e9s ami a legfontosabb, mindk\u00e9t sz\u00fcl\u0151 figyelme.<\/p>\n\n\n\n<p class=\"wp-block-paragraph\">Att\u00f3l f\u00e9ltem, hogy a h\u00faga sz\u00fclet\u00e9s\u00e9t vesztes\u00e9gk\u00e9nt fogja \u00e9rz\u00e9kelni.<\/p>\n\n\n\n<p class=\"wp-block-paragraph\">De amikor n\u00e9ztem, ahogy gyeng\u00e9den ringatja a bab\u00e1t, \u00fagy t\u0171nt, hogy a f\u00e9lelmeim feleslegesek voltak.<\/p>\n\n\n\n<p class=\"wp-block-paragraph\">Lisa leny\u0171g\u00f6z\u00f6tt.<\/p>\n\n\n\n<p class=\"wp-block-paragraph\">\u00d3vatosan meg\u00e9rintette a kis kez\u00e9t az ujjaival, \u00e9s id\u0151nk\u00e9nt odahajolt, hogy megbizonyosodjon arr\u00f3l, hogy a h\u00faga alszik.<\/p>\n\n\n\n<p class=\"wp-block-paragraph\">\u201eOlyan kicsi\u201d \u2013 suttogta.<\/p>\n\n\n\n<p class=\"wp-block-paragraph\">\u201eIgen\u201d \u2013 mosolyogtam. \u201e\u00c9s most te leszel a n\u0151v\u00e9r.\u201d<\/p>\n\n\n\n<p class=\"wp-block-paragraph\">Lisa elmosolyodott.<\/p>\n\n\n\n<p class=\"wp-block-paragraph\">De azt\u00e1n megv\u00e1ltozott az arckifejez\u00e9se.<\/p>\n\n\n\n<p class=\"wp-block-paragraph\">K\u00f6zelebb h\u00fazta mag\u00e1hoz a bab\u00e1t, \u00e9s egyenesen az arc\u00e1ba n\u00e9zett.<\/p>\n\n\n\n<p class=\"wp-block-paragraph\">\u201eMost m\u00e1r van valakim\u201d \u2013 mondta.<\/p>\n\n\n\n<p class=\"wp-block-paragraph\">\u201eValaki minek?\u201d<\/p>\n\n\n\n<p class=\"wp-block-paragraph\">Lisa egy pillanatra elhallgatott.<\/p>\n\n\n\n<p class=\"wp-block-paragraph\">Azt\u00e1n azt mondta:<\/p>\n\n\n\n<p class=\"wp-block-paragraph\">\u201eTitkok\u00e9rt.\u201d<\/p>\n\n\n\n<p class=\"wp-block-paragraph\">A mosolyom lehervadt.<\/p>\n\n\n\n<p class=\"wp-block-paragraph\">\u201eMilyen titkok\u00e9rt?\u201d<\/p>\n\n\n\n<p class=\"wp-block-paragraph\">Lisa az ajt\u00f3 fel\u00e9 n\u00e9zett.<\/p>\n\n\n\n<p class=\"wp-block-paragraph\">Ott \u00e1llt az apja.<\/p>\n\n\n\n<p class=\"wp-block-paragraph\">Egy pillanatra tal\u00e1lkozott a tekintet\u00fcnk.<\/p>\n\n\n\n<p class=\"wp-block-paragraph\">Lisa azonnal les\u00fct\u00f6tte a szem\u00e9t.<\/p>\n\n\n\n<p class=\"wp-block-paragraph\">\u00c9s azt\u00e1n suttogta:<\/p>\n\n\n\n<p class=\"wp-block-paragraph\">\u201eEgy olyat, amit apa nem hall.\u201d<\/p>\n\n\n\n<p class=\"wp-block-paragraph\">A szoba elcsendesedett.<\/p>\n\n\n\n<p class=\"wp-block-paragraph\">M\u00e9g az \u00e1pol\u00f3n\u0151 is, aki \u00e9ppen elment az ajt\u00f3 mellett, meg\u00e1llt.<\/p>\n\n\n\n<p class=\"wp-block-paragraph\">Nem tudtam, mit mondjak.<\/p>\n\n\n\n<p class=\"wp-block-paragraph\">Pr\u00f3b\u00e1ltam nyugodt maradni.<\/p>\n\n\n\n<p class=\"wp-block-paragraph\">\u201eLisa, mi\u00e9rt nem mondasz valamit ap\u00e1nak?\u201d<\/p>\n\n\n\n<p class=\"wp-block-paragraph\">A l\u00e1nyom nem v\u00e1laszolt.<\/p>\n\n\n\n<p class=\"wp-block-paragraph\">Ehelyett odahajolt a bab\u00e1hoz, \u00e9s a f\u00fcl\u00e9be s\u00fagott valamit.<\/p>\n\n\n\n<p class=\"wp-block-paragraph\">Egy teljesen h\u00e9tk\u00f6znapi gyerekes mondat volt, de a tartalma megijesztett.<\/p>\n\n\n\n<p class=\"wp-block-paragraph\">\u201eNe agg\u00f3dj. Anya hamarosan meg\u00e9rti, mi\u00e9rt kell csendben lenn\u00fcnk.\u201d<\/p>\n\n\n\n<p class=\"wp-block-paragraph\">Feln\u00e9ztem.<\/p>\n\n\n\n<p class=\"wp-block-paragraph\">\u201eMit mondt\u00e1l az el\u0151bb?\u201d<\/p>\n\n\n\n<p class=\"wp-block-paragraph\">Lisa r\u00e1m n\u00e9zett.<\/p>\n\n\n\n<p class=\"wp-block-paragraph\">Ez\u00fattal m\u00e1r nem mosolygott.<\/p>\n\n\n\n<p class=\"wp-block-paragraph\">\u201eAnya, m\u00e9g mindig nem tudod, mi van odafent.\u201d<\/p>\n\n\n\n<p class=\"wp-block-paragraph\">\u201eMi van odafent?\u201d<\/p>\n\n\n\n<p class=\"wp-block-paragraph\">A mennyezetre mutatott.<\/p>\n\n\n\n<p class=\"wp-block-paragraph\">\u201eA mi h\u00e1zunkban.\u201d<\/p>\n\n\n\n<p class=\"wp-block-paragraph\">G\u00f6rcsbe r\u00e1ndult a gyomrom.<\/p>\n\n\n\n<p class=\"wp-block-paragraph\">\u201eMi van ott fent?\u201d<\/p>\n\n\n\n<p class=\"wp-block-paragraph\">Lisa hallgatott.<\/p>\n\n\n\n<p class=\"wp-block-paragraph\">Az apja nevetett.<\/p>\n\n\n\n<p class=\"wp-block-paragraph\">\u201eEz csak egy gyerek k\u00e9pzelete.\u201d<\/p>\n\n\n\n<p class=\"wp-block-paragraph\">Lisa azonnal r\u00e1n\u00e9zett.<\/p>\n\n\n\n<p class=\"wp-block-paragraph\">\u00c9s azt\u00e1n tett valamit, ami m\u00e9g jobban megijesztett.<\/p>\n\n\n\n<p class=\"wp-block-paragraph\">Az ujj\u00e1t a sz\u00e1j\u00e1ra tette.<\/p>\n\n\n\n<p class=\"wp-block-paragraph\">\u201ePszt.\u201d<\/p>\n\n\n\n<p class=\"wp-block-paragraph\">Az apja \u00f6sszevonta a szem\u00f6ld\u00f6k\u00e9t.<\/p>\n\n\n\n<p class=\"wp-block-paragraph\">\u201eLisa, mit csin\u00e1lsz?\u201d<\/p>\n\n\n\n<p class=\"wp-block-paragraph\">A l\u00e1nyom hozz\u00e1m simult.<\/p>\n\n\n\n<p class=\"wp-block-paragraph\">\u201eMegmondtam, hogy ne halld ezt.\u201d<\/p>\n\n\n\n<p class=\"wp-block-paragraph\">Ekkor vettem \u00e9szre, hogy remeg.<\/p>\n\n\n\n<p class=\"wp-block-paragraph\">Meg\u00f6leltem.<\/p>\n\n\n\n<p class=\"wp-block-paragraph\">\u201eSenki sem fog b\u00e1ntani. B\u00e1rmit elmondhatsz nekem.\u201d<\/p>\n\n\n\n<p class=\"wp-block-paragraph\">De Lisa megr\u00e1zta a fej\u00e9t.<\/p>\n\n\n\n<p class=\"wp-block-paragraph\">\u201eNem tehetem.\u201d<\/p>\n\n\n\n<p class=\"wp-block-paragraph\">\u201eMi\u00e9rt?\u201d<\/p>\n\n\n\n<p class=\"wp-block-paragraph\">Az ajt\u00f3ra n\u00e9zett.<\/p>\n\n\n\n<p class=\"wp-block-paragraph\">\u201eMert akkor apa tudn\u00e1, hogy l\u00e1ttam.\u201d<\/p>\n\n\n\n<p class=\"wp-block-paragraph\">Megdermedtem.<\/p>\n\n\n\n<p class=\"wp-block-paragraph\">\u201eL\u00e1ttad ap\u00e1t?\u201d<\/p>\n\n\n\n<p class=\"wp-block-paragraph\">B\u00f3lintott.<\/p>\n\n\n\n<figure class=\"wp-block-image size-large\"><img loading=\"lazy\" decoding=\"async\" width=\"842\" height=\"1024\" src=\"https:\/\/vengria.info\/wp-content\/uploads\/2026\/09\/2eqdwaszxdsax-842x1024.jpg\" alt=\"\" class=\"wp-image-18334\" srcset=\"https:\/\/vengria.info\/wp-content\/uploads\/2026\/09\/2eqdwaszxdsax-842x1024.jpg 842w, https:\/\/vengria.info\/wp-content\/uploads\/2026\/09\/2eqdwaszxdsax-247x300.jpg 247w, https:\/\/vengria.info\/wp-content\/uploads\/2026\/09\/2eqdwaszxdsax-768x933.jpg 768w, https:\/\/vengria.info\/wp-content\/uploads\/2026\/09\/2eqdwaszxdsax.jpg 928w\" sizes=\"auto, (max-width: 842px) 100vw, 842px\" \/><\/figure>\n\n\n\n<p class=\"wp-block-paragraph\">\u2013 \u00c9jszaka.<\/p>\n\n\n\n<p class=\"wp-block-paragraph\">A f\u00e9rjem r\u00e1m n\u00e9zett.<\/p>\n\n\n\n<p class=\"wp-block-paragraph\">\u2013 Ez t\u00e9nyleg ostobas\u00e1g.<\/p>\n\n\n\n<p class=\"wp-block-paragraph\">De Lisa folytatta.<\/p>\n\n\n\n<p class=\"wp-block-paragraph\">\u2013 Ez m\u00e9g a baba sz\u00fclet\u00e9se el\u0151tt volt.<\/p>\n\n\n\n<p class=\"wp-block-paragraph\">A sz\u00edvem hevesen vert.<\/p>\n\n\n\n<p class=\"wp-block-paragraph\">\u2013 Mit l\u00e1tt\u00e1l?<\/p>\n\n\n\n<p class=\"wp-block-paragraph\">Lisa a h\u00fag\u00e1ra n\u00e9zett, majd r\u00e1m.<\/p>\n\n\n\n<p class=\"wp-block-paragraph\">\u2013 Apu felment \u00e9jszaka.<\/p>\n\n\n\n<p class=\"wp-block-paragraph\">\u2013 A padl\u00e1sra?<\/p>\n\n\n\n<p class=\"wp-block-paragraph\">B\u00f3lintott.<\/p>\n\n\n\n<p class=\"wp-block-paragraph\">\u2013 De a padl\u00e1sunk z\u00e1rva van.<\/p>\n\n\n\n<p class=\"wp-block-paragraph\">\u2013 Tudom.<\/p>\n\n\n\n<p class=\"wp-block-paragraph\">\u2013 Sz\u00f3val hogy ker\u00fclt be?<\/p>\n\n\n\n<p class=\"wp-block-paragraph\">Lisa v\u00e1llat vont.<\/p>\n\n\n\n<p class=\"wp-block-paragraph\">\u2013 Kinyitotta az ajt\u00f3t.<\/p>\n\n\n\n<p class=\"wp-block-paragraph\">A f\u00e9rjemre n\u00e9ztem.<\/p>\n\n\n\n<p class=\"wp-block-paragraph\">Hirtelen eszembe jutott valami, ami n\u00e9h\u00e1ny h\u00f3nappal ezel\u0151tt teljesen jelent\u00e9ktelennek t\u0171nt sz\u00e1momra.<\/p>\n\n\n\n<p class=\"wp-block-paragraph\">T\u00f6bbsz\u00f6r is megk\u00e9rdeztem t\u0151le, hogy mi\u00e9rt van n\u00e1la a kulcs a dolgoz\u00f3szoba r\u00e9gi ajtaj\u00e1hoz.<\/p>\n\n\n\n<p class=\"wp-block-paragraph\">Mindig azt v\u00e1laszolta, hogy a pince kulcsa.<\/p>\n\n\n\n<p class=\"wp-block-paragraph\">Soha nem volt okom arra, hogy ne b\u00edzzak benne.<\/p>\n\n\n\n<p class=\"wp-block-paragraph\">De most kezdett leesni bennem, hogy tal\u00e1n nem mond igazat.<\/p>\n\n\n\n<p class=\"wp-block-paragraph\">Lisa fel\u00e9m hajolt.<\/p>\n\n\n\n<p class=\"wp-block-paragraph\">\u201eAnya, tudni akarod, mit l\u00e1ttam odafent?\u201d<\/p>\n\n\n\n<p class=\"wp-block-paragraph\">Nem tudtam megsz\u00f3lalni.<\/p>\n\n\n\n<p class=\"wp-block-paragraph\">Csak b\u00f3lintottam.<\/p>\n\n\n\n<p class=\"wp-block-paragraph\">\u201eL\u00e1ttam ott egy szob\u00e1t.\u201d<\/p>\n\n\n\n<p class=\"wp-block-paragraph\">\u201eMilyen szob\u00e1t?\u201d<\/p>\n\n\n\n<p class=\"wp-block-paragraph\">\u201eA baba szob\u00e1j\u00e1t.\u201d<\/p>\n\n\n\n<p class=\"wp-block-paragraph\">Megdermedtem.<\/p>\n\n\n\n<p class=\"wp-block-paragraph\">\u201eDe nem volt babaszob\u00e1nk az emeleten.\u201d<\/p>\n\n\n\n<p class=\"wp-block-paragraph\">Lisa megr\u00e1zta a fej\u00e9t.<\/p>\n\n\n\n<p class=\"wp-block-paragraph\">\u201eDe volt.\u201d<\/p>\n\n\n\n<p class=\"wp-block-paragraph\">Len\u00e9zett az \u00fajsz\u00fcl\u00f6tt h\u00fag\u00e1ra.<\/p>\n\n\n\n<p class=\"wp-block-paragraph\">\u201e\u00c9s m\u00e9g nem volt k\u00e9szen a sz\u00e1m\u00e1ra.\u201d<\/p>\n\n\n\n<p class=\"wp-block-paragraph\">Ekkor \u00e9reztem, hogy \u00f6sszeszorul a gyomrom.<\/p>\n\n\n\n<p class=\"wp-block-paragraph\">\u201eKinek?\u201d<\/p>\n\n\n\n<p class=\"wp-block-paragraph\">Lisa kinyitotta a sz\u00e1j\u00e1t, de miel\u0151tt v\u00e1laszolhatott volna, egy n\u0151v\u00e9r l\u00e9pett be a szob\u00e1ba.<\/p>\n\n\n\n<p class=\"wp-block-paragraph\">Odaj\u00f6tt hozz\u00e1nk, hogy megn\u00e9zze a bab\u00e1t.<\/p>\n\n\n\n<p class=\"wp-block-paragraph\">De Lisa hirtelen szorosan mag\u00e1hoz szor\u00edtotta a takar\u00f3j\u00e1t.<\/p>\n\n\n\n<p class=\"wp-block-paragraph\">\u201eNem mondhatjuk el neki.\u201d<\/p>\n\n\n\n<p class=\"wp-block-paragraph\">A n\u0151v\u00e9r meg\u00e1llt.<\/p>\n\n\n\n<p class=\"wp-block-paragraph\">\u201eKinek?\u201d<\/p>\n\n\n\n<p class=\"wp-block-paragraph\">Lisa egyenesen r\u00e1n\u00e9zett.<\/p>\n\n\n\n<p class=\"wp-block-paragraph\">\u201eAnya.\u201d<\/p>\n\n\n\n<p class=\"wp-block-paragraph\">\u201eDe \u00e9n anya vagyok\u201d \u2013 v\u00e1laszoltam.<\/p>\n\n\n\n<p class=\"wp-block-paragraph\">Lisa megr\u00e1zta a fej\u00e9t.<\/p>\n\n\n\n<p class=\"wp-block-paragraph\">\u201eNem. A m\u00e1sik.\u201d<\/p>\n\n\n\n<p class=\"wp-block-paragraph\">A n\u0151v\u00e9r els\u00e1padt.<\/p>\n\n\n\n<p class=\"wp-block-paragraph\">Semmit sem \u00e9rtettem.<\/p>\n\n\n\n<p class=\"wp-block-paragraph\">\u201eMilyen m\u00e1sik anya?\u201d<\/p>\n\n\n\n<p class=\"wp-block-paragraph\">Lisa az \u00fajsz\u00fcl\u00f6ttre mutatott.<\/p>\n\n\n\n<p class=\"wp-block-paragraph\">Azt\u00e1n mondott egy mondatot, ami a mai napig visszhangzik a fejemben:<\/p>\n\n\n\n<p class=\"wp-block-paragraph\">\u201eEz a kisl\u00e1ny nem az els\u0151.\u201d<\/p>\n\n\n\n<p class=\"wp-block-paragraph\">A szoba hirtelen teljesen elcsendesedett.<\/p>\n\n\n\n<p class=\"wp-block-paragraph\">R\u00e1n\u00e9ztem a l\u00e1nyomra.<\/p>\n\n\n\n<p class=\"wp-block-paragraph\">\u201eHogy \u00e9rted ezt?\u201d<\/p>\n\n\n\n<p class=\"wp-block-paragraph\">Lisa odahajolt hozz\u00e1m, \u00e9s azt suttogta:<\/p>\n\n\n\n<p class=\"wp-block-paragraph\">\u201eM\u00e1r volt egy baba abban a szob\u00e1ban fent.\u201d<\/p>\n\n\n\n<p class=\"wp-block-paragraph\">Azt\u00e1n az apj\u00e1ra n\u00e9zett.<\/p>\n\n\n\n<p class=\"wp-block-paragraph\">Az arca hirtelen teljesen\u2026<\/p>\n\n\n\n<p class=\"wp-block-paragraph\"><\/p>\n","protected":false},"excerpt":{"rendered":"Tal\u00e1n apr\u00f3cska a baba. Tal\u00e1n aranyos orra van. Tal\u00e1n csak egy gyerekes \u201egy\u00f6ny\u00f6r\u0171\u201d. Ehelyett Lisa k\u00f6zelebb hajolt az arc\u00e1hoz, \u00e9s mondott valamit, amit\u0151l \n<a class=\"moretag\" href=\"https:\/\/vengria.info\/?p=18332\"> [...]<\/a>","protected":false},"author":1,"featured_media":18334,"comment_status":"open","ping_status":"open","sticky":false,"template":"","format":"standard","meta":{"footnotes":""},"categories":[1,2],"tags":[],"class_list":["post-18332","post","type-post","status-publish","format-standard","has-post-thumbnail","hentry","category-news","category-video"],"yoast_head":"<!-- This site is optimized with the Yoast SEO plugin v28.3 - https:\/\/yoast.com\/product\/yoast-seo-wordpress\/ -->\n<title>Amikor a n\u00e9gy\u00e9ves l\u00e1nyom el\u0151sz\u00f6r tartotta a karjaiban \u00fajsz\u00fcl\u00f6tt h\u00fag\u00e1t, valami egyszer\u0171re sz\u00e1m\u00edtottam. -<\/title>\n<meta name=\"robots\" content=\"index, follow, max-snippet:-1, max-image-preview:large, max-video-preview:-1\" \/>\n<link rel=\"canonical\" href=\"https:\/\/vengria.info\/?p=18332\" \/>\n<meta property=\"og:locale\" content=\"en_US\" \/>\n<meta property=\"og:type\" content=\"article\" \/>\n<meta property=\"og:title\" content=\"Amikor a n\u00e9gy\u00e9ves l\u00e1nyom el\u0151sz\u00f6r tartotta a karjaiban \u00fajsz\u00fcl\u00f6tt h\u00fag\u00e1t, valami egyszer\u0171re sz\u00e1m\u00edtottam. -\" \/>\n<meta property=\"og:description\" content=\"Tal\u00e1n apr\u00f3cska a baba. Tal\u00e1n aranyos orra van. Tal\u00e1n csak egy gyerekes \u201egy\u00f6ny\u00f6r\u0171\u201d. Ehelyett Lisa k\u00f6zelebb hajolt az arc\u00e1hoz, \u00e9s mondott valamit, amit\u0151l\" \/>\n<meta property=\"og:url\" content=\"https:\/\/vengria.info\/?p=18332\" \/>\n<meta property=\"article:published_time\" content=\"2026-09-05T13:12:45+00:00\" \/>\n<meta property=\"article:modified_time\" content=\"2026-09-05T13:12:46+00:00\" \/>\n<meta property=\"og:image\" content=\"https:\/\/vengria.info\/wp-content\/uploads\/2026\/09\/2eqdwaszxdsax.jpg\" \/>\n\t<meta property=\"og:image:width\" content=\"928\" \/>\n\t<meta property=\"og:image:height\" content=\"1128\" \/>\n\t<meta property=\"og:image:type\" content=\"image\/jpeg\" \/>\n<meta name=\"author\" content=\"admin\" \/>\n<meta name=\"twitter:card\" content=\"summary_large_image\" \/>\n<meta name=\"twitter:label1\" content=\"Written by\" \/>\n\t<meta name=\"twitter:data1\" content=\"admin\" \/>\n\t<meta name=\"twitter:label2\" content=\"Est. reading time\" \/>\n\t<meta name=\"twitter:data2\" content=\"4 minutes\" \/>\n<script type=\"application\/ld+json\" class=\"yoast-schema-graph\">{\"@context\":\"https:\\\/\\\/schema.org\",\"@graph\":[{\"@type\":\"Article\",\"@id\":\"https:\\\/\\\/vengria.info\\\/?p=18332#article\",\"isPartOf\":{\"@id\":\"https:\\\/\\\/vengria.info\\\/?p=18332\"},\"author\":{\"name\":\"admin\",\"@id\":\"https:\\\/\\\/vengria.info\\\/#\\\/schema\\\/person\\\/b815b04a6b1fb36a2d064955a92f68d4\"},\"headline\":\"Amikor a n\u00e9gy\u00e9ves l\u00e1nyom el\u0151sz\u00f6r tartotta a karjaiban \u00fajsz\u00fcl\u00f6tt h\u00fag\u00e1t, valami egyszer\u0171re sz\u00e1m\u00edtottam.\",\"datePublished\":\"2026-09-05T13:12:45+00:00\",\"dateModified\":\"2026-09-05T13:12:46+00:00\",\"mainEntityOfPage\":{\"@id\":\"https:\\\/\\\/vengria.info\\\/?p=18332\"},\"wordCount\":1003,\"commentCount\":0,\"image\":{\"@id\":\"https:\\\/\\\/vengria.info\\\/?p=18332#primaryimage\"},\"thumbnailUrl\":\"https:\\\/\\\/vengria.info\\\/wp-content\\\/uploads\\\/2026\\\/09\\\/2eqdwaszxdsax.jpg\",\"articleSection\":[\"NEWS\",\"VIDEO\"],\"inLanguage\":\"en-US\",\"potentialAction\":[{\"@type\":\"CommentAction\",\"name\":\"Comment\",\"target\":[\"https:\\\/\\\/vengria.info\\\/?p=18332#respond\"]}]},{\"@type\":\"WebPage\",\"@id\":\"https:\\\/\\\/vengria.info\\\/?p=18332\",\"url\":\"https:\\\/\\\/vengria.info\\\/?p=18332\",\"name\":\"Amikor a n\u00e9gy\u00e9ves l\u00e1nyom el\u0151sz\u00f6r tartotta a karjaiban \u00fajsz\u00fcl\u00f6tt h\u00fag\u00e1t, valami egyszer\u0171re sz\u00e1m\u00edtottam. -\",\"isPartOf\":{\"@id\":\"https:\\\/\\\/vengria.info\\\/#website\"},\"primaryImageOfPage\":{\"@id\":\"https:\\\/\\\/vengria.info\\\/?p=18332#primaryimage\"},\"image\":{\"@id\":\"https:\\\/\\\/vengria.info\\\/?p=18332#primaryimage\"},\"thumbnailUrl\":\"https:\\\/\\\/vengria.info\\\/wp-content\\\/uploads\\\/2026\\\/09\\\/2eqdwaszxdsax.jpg\",\"datePublished\":\"2026-09-05T13:12:45+00:00\",\"dateModified\":\"2026-09-05T13:12:46+00:00\",\"author\":{\"@id\":\"https:\\\/\\\/vengria.info\\\/#\\\/schema\\\/person\\\/b815b04a6b1fb36a2d064955a92f68d4\"},\"breadcrumb\":{\"@id\":\"https:\\\/\\\/vengria.info\\\/?p=18332#breadcrumb\"},\"inLanguage\":\"en-US\",\"potentialAction\":[{\"@type\":\"ReadAction\",\"target\":[\"https:\\\/\\\/vengria.info\\\/?p=18332\"]}]},{\"@type\":\"ImageObject\",\"inLanguage\":\"en-US\",\"@id\":\"https:\\\/\\\/vengria.info\\\/?p=18332#primaryimage\",\"url\":\"https:\\\/\\\/vengria.info\\\/wp-content\\\/uploads\\\/2026\\\/09\\\/2eqdwaszxdsax.jpg\",\"contentUrl\":\"https:\\\/\\\/vengria.info\\\/wp-content\\\/uploads\\\/2026\\\/09\\\/2eqdwaszxdsax.jpg\",\"width\":928,\"height\":1128},{\"@type\":\"BreadcrumbList\",\"@id\":\"https:\\\/\\\/vengria.info\\\/?p=18332#breadcrumb\",\"itemListElement\":[{\"@type\":\"ListItem\",\"position\":1,\"name\":\"Home\",\"item\":\"https:\\\/\\\/vengria.info\\\/\"},{\"@type\":\"ListItem\",\"position\":2,\"name\":\"Amikor a n\u00e9gy\u00e9ves l\u00e1nyom el\u0151sz\u00f6r tartotta a karjaiban \u00fajsz\u00fcl\u00f6tt h\u00fag\u00e1t, valami egyszer\u0171re sz\u00e1m\u00edtottam.\"}]},{\"@type\":\"WebSite\",\"@id\":\"https:\\\/\\\/vengria.info\\\/#website\",\"url\":\"https:\\\/\\\/vengria.info\\\/\",\"name\":\"\",\"description\":\"\",\"potentialAction\":[{\"@type\":\"SearchAction\",\"target\":{\"@type\":\"EntryPoint\",\"urlTemplate\":\"https:\\\/\\\/vengria.info\\\/?s={search_term_string}\"},\"query-input\":{\"@type\":\"PropertyValueSpecification\",\"valueRequired\":true,\"valueName\":\"search_term_string\"}}],\"inLanguage\":\"en-US\"},{\"@type\":\"Person\",\"@id\":\"https:\\\/\\\/vengria.info\\\/#\\\/schema\\\/person\\\/b815b04a6b1fb36a2d064955a92f68d4\",\"name\":\"admin\",\"image\":{\"@type\":\"ImageObject\",\"inLanguage\":\"en-US\",\"@id\":\"https:\\\/\\\/secure.gravatar.com\\\/avatar\\\/a29bad30ab19883c48927f9ee55a40d0d1a0c3c343bcef70ad9a0a9cb421f0fa?s=96&d=mm&r=g\",\"url\":\"https:\\\/\\\/secure.gravatar.com\\\/avatar\\\/a29bad30ab19883c48927f9ee55a40d0d1a0c3c343bcef70ad9a0a9cb421f0fa?s=96&d=mm&r=g\",\"contentUrl\":\"https:\\\/\\\/secure.gravatar.com\\\/avatar\\\/a29bad30ab19883c48927f9ee55a40d0d1a0c3c343bcef70ad9a0a9cb421f0fa?s=96&d=mm&r=g\",\"caption\":\"admin\"},\"sameAs\":[\"http:\\\/\\\/vengria.info\"],\"url\":\"https:\\\/\\\/vengria.info\\\/?author=1\"}]}<\/script>\n<!-- \/ Yoast SEO plugin. -->","yoast_head_json":{"title":"Amikor a n\u00e9gy\u00e9ves l\u00e1nyom el\u0151sz\u00f6r tartotta a karjaiban \u00fajsz\u00fcl\u00f6tt h\u00fag\u00e1t, valami egyszer\u0171re sz\u00e1m\u00edtottam. -","robots":{"index":"index","follow":"follow","max-snippet":"max-snippet:-1","max-image-preview":"max-image-preview:large","max-video-preview":"max-video-preview:-1"},"canonical":"https:\/\/vengria.info\/?p=18332","og_locale":"en_US","og_type":"article","og_title":"Amikor a n\u00e9gy\u00e9ves l\u00e1nyom el\u0151sz\u00f6r tartotta a karjaiban \u00fajsz\u00fcl\u00f6tt h\u00fag\u00e1t, valami egyszer\u0171re sz\u00e1m\u00edtottam. -","og_description":"Tal\u00e1n apr\u00f3cska a baba. Tal\u00e1n aranyos orra van. Tal\u00e1n csak egy gyerekes \u201egy\u00f6ny\u00f6r\u0171\u201d. Ehelyett Lisa k\u00f6zelebb hajolt az arc\u00e1hoz, \u00e9s mondott valamit, amit\u0151l","og_url":"https:\/\/vengria.info\/?p=18332","article_published_time":"2026-09-05T13:12:45+00:00","article_modified_time":"2026-09-05T13:12:46+00:00","og_image":[{"width":928,"height":1128,"url":"https:\/\/vengria.info\/wp-content\/uploads\/2026\/09\/2eqdwaszxdsax.jpg","type":"image\/jpeg"}],"author":"admin","twitter_card":"summary_large_image","twitter_misc":{"Written by":"admin","Est. reading time":"4 minutes"},"schema":{"@context":"https:\/\/schema.org","@graph":[{"@type":"Article","@id":"https:\/\/vengria.info\/?p=18332#article","isPartOf":{"@id":"https:\/\/vengria.info\/?p=18332"},"author":{"name":"admin","@id":"https:\/\/vengria.info\/#\/schema\/person\/b815b04a6b1fb36a2d064955a92f68d4"},"headline":"Amikor a n\u00e9gy\u00e9ves l\u00e1nyom el\u0151sz\u00f6r tartotta a karjaiban \u00fajsz\u00fcl\u00f6tt h\u00fag\u00e1t, valami egyszer\u0171re sz\u00e1m\u00edtottam.","datePublished":"2026-09-05T13:12:45+00:00","dateModified":"2026-09-05T13:12:46+00:00","mainEntityOfPage":{"@id":"https:\/\/vengria.info\/?p=18332"},"wordCount":1003,"commentCount":0,"image":{"@id":"https:\/\/vengria.info\/?p=18332#primaryimage"},"thumbnailUrl":"https:\/\/vengria.info\/wp-content\/uploads\/2026\/09\/2eqdwaszxdsax.jpg","articleSection":["NEWS","VIDEO"],"inLanguage":"en-US","potentialAction":[{"@type":"CommentAction","name":"Comment","target":["https:\/\/vengria.info\/?p=18332#respond"]}]},{"@type":"WebPage","@id":"https:\/\/vengria.info\/?p=18332","url":"https:\/\/vengria.info\/?p=18332","name":"Amikor a n\u00e9gy\u00e9ves l\u00e1nyom el\u0151sz\u00f6r tartotta a karjaiban \u00fajsz\u00fcl\u00f6tt h\u00fag\u00e1t, valami egyszer\u0171re sz\u00e1m\u00edtottam. -","isPartOf":{"@id":"https:\/\/vengria.info\/#website"},"primaryImageOfPage":{"@id":"https:\/\/vengria.info\/?p=18332#primaryimage"},"image":{"@id":"https:\/\/vengria.info\/?p=18332#primaryimage"},"thumbnailUrl":"https:\/\/vengria.info\/wp-content\/uploads\/2026\/09\/2eqdwaszxdsax.jpg","datePublished":"2026-09-05T13:12:45+00:00","dateModified":"2026-09-05T13:12:46+00:00","author":{"@id":"https:\/\/vengria.info\/#\/schema\/person\/b815b04a6b1fb36a2d064955a92f68d4"},"breadcrumb":{"@id":"https:\/\/vengria.info\/?p=18332#breadcrumb"},"inLanguage":"en-US","potentialAction":[{"@type":"ReadAction","target":["https:\/\/vengria.info\/?p=18332"]}]},{"@type":"ImageObject","inLanguage":"en-US","@id":"https:\/\/vengria.info\/?p=18332#primaryimage","url":"https:\/\/vengria.info\/wp-content\/uploads\/2026\/09\/2eqdwaszxdsax.jpg","contentUrl":"https:\/\/vengria.info\/wp-content\/uploads\/2026\/09\/2eqdwaszxdsax.jpg","width":928,"height":1128},{"@type":"BreadcrumbList","@id":"https:\/\/vengria.info\/?p=18332#breadcrumb","itemListElement":[{"@type":"ListItem","position":1,"name":"Home","item":"https:\/\/vengria.info\/"},{"@type":"ListItem","position":2,"name":"Amikor a n\u00e9gy\u00e9ves l\u00e1nyom el\u0151sz\u00f6r tartotta a karjaiban \u00fajsz\u00fcl\u00f6tt h\u00fag\u00e1t, valami egyszer\u0171re sz\u00e1m\u00edtottam."}]},{"@type":"WebSite","@id":"https:\/\/vengria.info\/#website","url":"https:\/\/vengria.info\/","name":"","description":"","potentialAction":[{"@type":"SearchAction","target":{"@type":"EntryPoint","urlTemplate":"https:\/\/vengria.info\/?s={search_term_string}"},"query-input":{"@type":"PropertyValueSpecification","valueRequired":true,"valueName":"search_term_string"}}],"inLanguage":"en-US"},{"@type":"Person","@id":"https:\/\/vengria.info\/#\/schema\/person\/b815b04a6b1fb36a2d064955a92f68d4","name":"admin","image":{"@type":"ImageObject","inLanguage":"en-US","@id":"https:\/\/secure.gravatar.com\/avatar\/a29bad30ab19883c48927f9ee55a40d0d1a0c3c343bcef70ad9a0a9cb421f0fa?s=96&d=mm&r=g","url":"https:\/\/secure.gravatar.com\/avatar\/a29bad30ab19883c48927f9ee55a40d0d1a0c3c343bcef70ad9a0a9cb421f0fa?s=96&d=mm&r=g","contentUrl":"https:\/\/secure.gravatar.com\/avatar\/a29bad30ab19883c48927f9ee55a40d0d1a0c3c343bcef70ad9a0a9cb421f0fa?s=96&d=mm&r=g","caption":"admin"},"sameAs":["http:\/\/vengria.info"],"url":"https:\/\/vengria.info\/?author=1"}]}},"_links":{"self":[{"href":"https:\/\/vengria.info\/index.php?rest_route=\/wp\/v2\/posts\/18332","targetHints":{"allow":["GET"]}}],"collection":[{"href":"https:\/\/vengria.info\/index.php?rest_route=\/wp\/v2\/posts"}],"about":[{"href":"https:\/\/vengria.info\/index.php?rest_route=\/wp\/v2\/types\/post"}],"author":[{"embeddable":true,"href":"https:\/\/vengria.info\/index.php?rest_route=\/wp\/v2\/users\/1"}],"replies":[{"embeddable":true,"href":"https:\/\/vengria.info\/index.php?rest_route=%2Fwp%2Fv2%2Fcomments&post=18332"}],"version-history":[{"count":1,"href":"https:\/\/vengria.info\/index.php?rest_route=\/wp\/v2\/posts\/18332\/revisions"}],"predecessor-version":[{"id":18336,"href":"https:\/\/vengria.info\/index.php?rest_route=\/wp\/v2\/posts\/18332\/revisions\/18336"}],"wp:featuredmedia":[{"embeddable":true,"href":"https:\/\/vengria.info\/index.php?rest_route=\/wp\/v2\/media\/18334"}],"wp:attachment":[{"href":"https:\/\/vengria.info\/index.php?rest_route=%2Fwp%2Fv2%2Fmedia&parent=18332"}],"wp:term":[{"taxonomy":"category","embeddable":true,"href":"https:\/\/vengria.info\/index.php?rest_route=%2Fwp%2Fv2%2Fcategories&post=18332"},{"taxonomy":"post_tag","embeddable":true,"href":"https:\/\/vengria.info\/index.php?rest_route=%2Fwp%2Fv2%2Ftags&post=18332"}],"curies":[{"name":"wp","href":"https:\/\/api.w.org\/{rel}","templated":true}]}}