{"id":18331,"date":"2026-09-05T13:12:28","date_gmt":"2026-09-05T13:12:28","guid":{"rendered":"https:\/\/vengria.info\/?p=18331"},"modified":"2026-09-05T13:12:29","modified_gmt":"2026-09-05T13:12:29","slug":"kdyz-moje-ctyrleta-dcera-poprve-drzela-svou-novorozenou-sestricku-cekala-jsem-ze-uslysim-neco-jednoducheho","status":"publish","type":"post","link":"https:\/\/vengria.info\/?p=18331","title":{"rendered":"Kdy\u017e moje \u010dty\u0159let\u00e1 dcera poprv\u00e9 dr\u017eela svou novorozenou sest\u0159i\u010dku, \u010dekala jsem, \u017ee usly\u0161\u00edm n\u011bco jednoduch\u00e9ho."},"content":{"rendered":"\n<p class=\"wp-block-paragraph\">Mo\u017en\u00e1 \u017ee je miminko mali\u010dk\u00e9. Mo\u017en\u00e1 \u017ee m\u00e1 roztomil\u00fd nos. Mo\u017en\u00e1 jen d\u011btsk\u00e9 \u201eje kr\u00e1sn\u00e1\u201c.<\/p>\n\n\n\n<p class=\"wp-block-paragraph\">M\u00edsto toho se Lisa naklonila k jej\u00ed tv\u00e1\u0159i a \u0159ekla n\u011bco, co mi okam\u017eit\u011b vyrazilo dech.<\/p>\n\n\n\n<p class=\"wp-block-paragraph\">\u201eTe\u010f u\u017e m\u00e1m n\u011bkoho, kdo se mnou m\u016f\u017ee schov\u00e1vat tajemstv\u00ed.\u201c<\/p>\n\n\n\n<p class=\"wp-block-paragraph\">Nejd\u0159\u00edv jsem se zasm\u00e1la.<\/p>\n\n\n\n<p class=\"wp-block-paragraph\">Myslela jsem si, \u017ee je to jen d\u011btsk\u00e1 fantazie.<\/p>\n\n\n\n<p class=\"wp-block-paragraph\">Jen\u017ee Lisa se na m\u011b pod\u00edvala zp\u016fsobem, kter\u00fd jsem u \u010dty\u0159let\u00e9ho d\u00edt\u011bte nikdy p\u0159edt\u00edm nevid\u011bla.<\/p>\n\n\n\n<p class=\"wp-block-paragraph\">Byla v\u00e1\u017en\u00e1.<\/p>\n\n\n\n<p class=\"wp-block-paragraph\">A tehdy jsem pochopila, \u017ee to nebyla hra.<\/p>\n\n\n\n<p class=\"wp-block-paragraph\">Byla jsem je\u0161t\u011b v porodnici. Po porodu jsem byla vy\u010derpan\u00e1 a p\u0159i ka\u017ed\u00e9m pohybu jsem c\u00edtila bolest. P\u0159esto jsem m\u011bla v sob\u011b zvl\u00e1\u0161tn\u00ed pocit \u0161t\u011bst\u00ed. Po m\u011bs\u00edc\u00edch \u010dek\u00e1n\u00ed jsem kone\u010dn\u011b dr\u017eela na\u0161i druhou dceru.<\/p>\n\n\n\n<p class=\"wp-block-paragraph\">Lisa sed\u011bla vedle m\u011b na posteli a opatrn\u011b dr\u017eela miminko v n\u00e1ru\u010d\u00ed.<\/p>\n\n\n\n<p class=\"wp-block-paragraph\">P\u0159ed porodem jsem m\u011bla nejv\u011bt\u0161\u00ed strach pr\u00e1v\u011b z jej\u00ed reakce.<\/p>\n\n\n\n<p class=\"wp-block-paragraph\">\u010cty\u0159i roky byla jedin\u00e1\u010dek. V\u0161echno se to\u010dilo kolem n\u00ed. M\u011bla sv\u016fj pokoj, svoje hra\u010dky, svoje m\u00edsto u stolu a hlavn\u011b pozornost obou rodi\u010d\u016f.<\/p>\n\n\n\n<p class=\"wp-block-paragraph\">B\u00e1la jsem se, \u017ee narozen\u00ed sest\u0159i\u010dky vn\u00edm\u00e1 jako ztr\u00e1tu.<\/p>\n\n\n\n<p class=\"wp-block-paragraph\">Jen\u017ee kdy\u017e jsem ji sledovala, jak miminko jemn\u011b kol\u00e9b\u00e1, zd\u00e1lo se, \u017ee jsem se ob\u00e1vala zbyte\u010dn\u011b.<\/p>\n\n\n\n<p class=\"wp-block-paragraph\">Lisa byla fascinovan\u00e1.<\/p>\n\n\n\n<p class=\"wp-block-paragraph\">Prsty se opatrn\u011b dot\u00fdkala jej\u00ed mal\u00e9 ru\u010di\u010dky a ob\u010das se naklonila, aby se p\u0159esv\u011bd\u010dila, \u017ee sest\u0159i\u010dka sp\u00ed.<\/p>\n\n\n\n<p class=\"wp-block-paragraph\">\u201eJe tak mal\u00e1,\u201c za\u0161eptala.<\/p>\n\n\n\n<p class=\"wp-block-paragraph\">\u201eAno,\u201c usm\u00e1la jsem se. \u201eA te\u010f bude\u0161 velk\u00e1 sestra.\u201c<\/p>\n\n\n\n<p class=\"wp-block-paragraph\">Lisa se usm\u00e1la.<\/p>\n\n\n\n<p class=\"wp-block-paragraph\">Pak se ale jej\u00ed v\u00fdraz zm\u011bnil.<\/p>\n\n\n\n<p class=\"wp-block-paragraph\">P\u0159isunula si miminko bl\u00ed\u017e k sob\u011b a pod\u00edvala se mu p\u0159\u00edmo do tv\u00e1\u0159e.<\/p>\n\n\n\n<p class=\"wp-block-paragraph\">\u201eTe\u010f u\u017e m\u00e1m n\u011bkoho,\u201c \u0159ekla.<\/p>\n\n\n\n<p class=\"wp-block-paragraph\">\u201eN\u011bkoho na co?\u201c<\/p>\n\n\n\n<p class=\"wp-block-paragraph\">Lisa chv\u00edli ml\u010dela.<\/p>\n\n\n\n<p class=\"wp-block-paragraph\">Pak odpov\u011bd\u011bla:<\/p>\n\n\n\n<p class=\"wp-block-paragraph\">\u201eNa tajemstv\u00ed.\u201c<\/p>\n\n\n\n<p class=\"wp-block-paragraph\">\u00dasm\u011bv mi zmizel z tv\u00e1\u0159e.<\/p>\n\n\n\n<p class=\"wp-block-paragraph\">\u201eJak\u00e1 tajemstv\u00ed?\u201c<\/p>\n\n\n\n<p class=\"wp-block-paragraph\">Lisa se pod\u00edvala ke dve\u0159\u00edm.<\/p>\n\n\n\n<p class=\"wp-block-paragraph\">Tam st\u00e1l jej\u00ed otec.<\/p>\n\n\n\n<p class=\"wp-block-paragraph\">Na okam\u017eik se na\u0161e pohledy setkaly.<\/p>\n\n\n\n<p class=\"wp-block-paragraph\">Lisa okam\u017eit\u011b sklopila o\u010di.<\/p>\n\n\n\n<p class=\"wp-block-paragraph\">A potom za\u0161eptala:<\/p>\n\n\n\n<p class=\"wp-block-paragraph\">\u201eTakov\u00e1, kter\u00e1 nesm\u00ed sly\u0161et tat\u00ednek.\u201c<\/p>\n\n\n\n<p class=\"wp-block-paragraph\">V pokoji se rozhostilo ticho.<\/p>\n\n\n\n<p class=\"wp-block-paragraph\">Dokonce i zdravotn\u00ed sestra, kter\u00e1 pr\u00e1v\u011b proch\u00e1zela kolem dve\u0159\u00ed, se zastavila.<\/p>\n\n\n\n<p class=\"wp-block-paragraph\">Nev\u011bd\u011bla jsem, co \u0159\u00edct.<\/p>\n\n\n\n<p class=\"wp-block-paragraph\">Sna\u017eila jsem se zachovat klid.<\/p>\n\n\n\n<p class=\"wp-block-paragraph\">\u201eLiso, pro\u010d bys nem\u011bla tat\u00ednkovi n\u011bco \u0159\u00edkat?\u201c<\/p>\n\n\n\n<p class=\"wp-block-paragraph\">Dcera neodpov\u011bd\u011bla.<\/p>\n\n\n\n<p class=\"wp-block-paragraph\">M\u00edsto toho se naklonila k miminku a n\u011bco mu po\u0161eptala do ucha.<\/p>\n\n\n\n<p class=\"wp-block-paragraph\">Byla to \u00fapln\u011b oby\u010dejn\u00e1 d\u011btsk\u00e1 v\u011bta, ale jej\u00ed obsah m\u011b vyd\u011bsil.<\/p>\n\n\n\n<p class=\"wp-block-paragraph\">\u201eNeboj. Maminka u\u017e brzy pochop\u00ed, pro\u010d mus\u00edme b\u00fdt potichu.\u201c<\/p>\n\n\n\n<p class=\"wp-block-paragraph\">Zvedla jsem hlavu.<\/p>\n\n\n\n<p class=\"wp-block-paragraph\">\u201eCo jsi pr\u00e1v\u011b \u0159ekla?\u201c<\/p>\n\n\n\n<p class=\"wp-block-paragraph\">Lisa se na m\u011b pod\u00edvala.<\/p>\n\n\n\n<p class=\"wp-block-paragraph\">Tentokr\u00e1t u\u017e se neusm\u00edvala.<\/p>\n\n\n\n<p class=\"wp-block-paragraph\">\u201eMaminko, ty po\u0159\u00e1d nev\u00ed\u0161, co je naho\u0159e.\u201c<\/p>\n\n\n\n<p class=\"wp-block-paragraph\">\u201eCo je naho\u0159e?\u201c<\/p>\n\n\n\n<p class=\"wp-block-paragraph\">Uk\u00e1zala prstem ke stropu.<\/p>\n\n\n\n<p class=\"wp-block-paragraph\">\u201eV na\u0161em dom\u011b.\u201c<\/p>\n\n\n\n<p class=\"wp-block-paragraph\">V \u017ealudku se mi ud\u011blal uzel.<\/p>\n\n\n\n<p class=\"wp-block-paragraph\">\u201eCo tam je?\u201c<\/p>\n\n\n\n<p class=\"wp-block-paragraph\">Lisa ml\u010dela.<\/p>\n\n\n\n<p class=\"wp-block-paragraph\">Jej\u00ed otec se zasm\u00e1l.<\/p>\n\n\n\n<p class=\"wp-block-paragraph\">\u201eJe to jen d\u00edt\u011bsk\u00e1 fantazie.\u201c<\/p>\n\n\n\n<p class=\"wp-block-paragraph\">Lisa se na n\u011bj okam\u017eit\u011b pod\u00edvala.<\/p>\n\n\n\n<p class=\"wp-block-paragraph\">A pak ud\u011blala n\u011bco, co m\u011b vyd\u011bsilo je\u0161t\u011b v\u00edc.<\/p>\n\n\n\n<p class=\"wp-block-paragraph\">Polo\u017eila prst na rty.<\/p>\n\n\n\n<p class=\"wp-block-paragraph\">\u201eP\u0161\u0161t.\u201c<\/p>\n\n\n\n<p class=\"wp-block-paragraph\">Jej\u00ed otec se zamra\u010dil.<\/p>\n\n\n\n<p class=\"wp-block-paragraph\">\u201eLiso, co to d\u011bl\u00e1\u0161?\u201c<\/p>\n\n\n\n<p class=\"wp-block-paragraph\">Dcera se ke mn\u011b p\u0159itiskla.<\/p>\n\n\n\n<p class=\"wp-block-paragraph\">\u201e\u0158\u00edkala jsem ti, \u017ee to nesm\u00ed sly\u0161et.\u201c<\/p>\n\n\n\n<p class=\"wp-block-paragraph\">Tehdy jsem si v\u0161imla, \u017ee se t\u0159ese.<\/p>\n\n\n\n<p class=\"wp-block-paragraph\">Objala jsem ji.<\/p>\n\n\n\n<p class=\"wp-block-paragraph\">\u201eNikdo ti neubl\u00ed\u017e\u00ed. M\u016f\u017ee\u0161 mi v\u0161echno \u0159\u00edct.\u201c<\/p>\n\n\n\n<p class=\"wp-block-paragraph\">Lisa v\u0161ak zavrt\u011bla hlavou.<\/p>\n\n\n\n<p class=\"wp-block-paragraph\">\u201eNem\u016f\u017eu.\u201c<\/p>\n\n\n\n<p class=\"wp-block-paragraph\">\u201ePro\u010d?\u201c<\/p>\n\n\n\n<p class=\"wp-block-paragraph\">Pod\u00edvala se na dve\u0159e.<\/p>\n\n\n\n<p class=\"wp-block-paragraph\">\u201eProto\u017ee tat\u00ednek by pak v\u011bd\u011bl, \u017ee jsem ho vid\u011bla.\u201c<\/p>\n\n\n\n<p class=\"wp-block-paragraph\">Ztuhla jsem.<\/p>\n\n\n\n<p class=\"wp-block-paragraph\">\u201eVid\u011bla jsi tat\u00ednka?\u201c<\/p>\n\n\n\n<p class=\"wp-block-paragraph\">P\u0159ik\u00fdvla.<\/p>\n\n\n\n<p class=\"wp-block-paragraph\">\u201eV noci.\u201c<\/p>\n\n\n\n<p class=\"wp-block-paragraph\">Man\u017eel se na m\u011b pod\u00edval.<\/p>\n\n\n\n<p class=\"wp-block-paragraph\">\u201eTohle u\u017e je opravdu nesmysl.\u201c<\/p>\n\n\n\n<p class=\"wp-block-paragraph\">Ale Lisa pokra\u010dovala.<\/p>\n\n\n\n<p class=\"wp-block-paragraph\">\u201eBylo to p\u0159edt\u00edm, ne\u017e p\u0159i\u0161lo miminko.\u201c<\/p>\n\n\n\n<figure class=\"wp-block-image size-large\"><img loading=\"lazy\" decoding=\"async\" width=\"842\" height=\"1024\" src=\"https:\/\/vengria.info\/wp-content\/uploads\/2026\/09\/2eqdwaszxdsax-842x1024.jpg\" alt=\"\" class=\"wp-image-18334\" srcset=\"https:\/\/vengria.info\/wp-content\/uploads\/2026\/09\/2eqdwaszxdsax-842x1024.jpg 842w, https:\/\/vengria.info\/wp-content\/uploads\/2026\/09\/2eqdwaszxdsax-247x300.jpg 247w, https:\/\/vengria.info\/wp-content\/uploads\/2026\/09\/2eqdwaszxdsax-768x933.jpg 768w, https:\/\/vengria.info\/wp-content\/uploads\/2026\/09\/2eqdwaszxdsax.jpg 928w\" sizes=\"auto, (max-width: 842px) 100vw, 842px\" \/><\/figure>\n\n\n\n<p class=\"wp-block-paragraph\">Srdce se mi rozbu\u0161ilo.<\/p>\n\n\n\n<p class=\"wp-block-paragraph\">\u201eCo jsi vid\u011bla?\u201c<\/p>\n\n\n\n<p class=\"wp-block-paragraph\">Lisa se pod\u00edvala na svou sest\u0159i\u010dku a potom na m\u011b.<\/p>\n\n\n\n<p class=\"wp-block-paragraph\">\u201eTat\u00ednek \u0161el v noci nahoru.\u201c<\/p>\n\n\n\n<p class=\"wp-block-paragraph\">\u201eDo podkrov\u00ed?\u201c<\/p>\n\n\n\n<p class=\"wp-block-paragraph\">P\u0159ik\u00fdvla.<\/p>\n\n\n\n<p class=\"wp-block-paragraph\">\u201eAle na\u0161e podkrov\u00ed je zam\u010den\u00e9.\u201c<\/p>\n\n\n\n<p class=\"wp-block-paragraph\">\u201eJ\u00e1 v\u00edm.\u201c<\/p>\n\n\n\n<p class=\"wp-block-paragraph\">\u201eJak se tam tedy dostal?\u201c<\/p>\n\n\n\n<p class=\"wp-block-paragraph\">Lisa pokr\u010dila rameny.<\/p>\n\n\n\n<p class=\"wp-block-paragraph\">\u201eOtev\u0159el dve\u0159e.\u201c<\/p>\n\n\n\n<p class=\"wp-block-paragraph\">Pod\u00edvala jsem se na man\u017eela.<\/p>\n\n\n\n<p class=\"wp-block-paragraph\">Najednou jsem si vzpomn\u011bla na n\u011bco, co mi p\u0159ed n\u011bkolika m\u011bs\u00edci p\u0159ipadalo \u00fapln\u011b bezv\u00fdznamn\u00e9.<\/p>\n\n\n\n<p class=\"wp-block-paragraph\">N\u011bkolikr\u00e1t jsem se ho ptala, pro\u010d m\u00e1 kl\u00ed\u010d od star\u00fdch dve\u0159\u00ed v pracovn\u011b.<\/p>\n\n\n\n<p class=\"wp-block-paragraph\">V\u017edycky odpov\u011bd\u011bl, \u017ee je to kl\u00ed\u010d od sklepa.<\/p>\n\n\n\n<p class=\"wp-block-paragraph\">Nikdy jsem nem\u011bla d\u016fvod mu nev\u011b\u0159it.<\/p>\n\n\n\n<p class=\"wp-block-paragraph\">Te\u010f mi ale za\u010d\u00ednalo doch\u00e1zet, \u017ee mo\u017en\u00e1 ne\u0159\u00edkal pravdu.<\/p>\n\n\n\n<p class=\"wp-block-paragraph\">Lisa se ke mn\u011b naklonila.<\/p>\n\n\n\n<p class=\"wp-block-paragraph\">\u201eMaminko, chce\u0161 v\u011bd\u011bt, co jsem naho\u0159e vid\u011bla?\u201c<\/p>\n\n\n\n<p class=\"wp-block-paragraph\">Nemohla jsem promluvit.<\/p>\n\n\n\n<p class=\"wp-block-paragraph\">Jen jsem p\u0159ik\u00fdvla.<\/p>\n\n\n\n<p class=\"wp-block-paragraph\">\u201eVid\u011bla jsem tam pokoj.\u201c<\/p>\n\n\n\n<p class=\"wp-block-paragraph\">\u201eJak\u00fd pokoj?\u201c<\/p>\n\n\n\n<p class=\"wp-block-paragraph\">\u201ePokoj pro miminko.\u201c<\/p>\n\n\n\n<p class=\"wp-block-paragraph\">Zamrazilo m\u011b.<\/p>\n\n\n\n<p class=\"wp-block-paragraph\">\u201eAle v\u017edy\u0165 jsme \u017e\u00e1dn\u00fd pokoj pro miminko naho\u0159e nem\u011bli.\u201c<\/p>\n\n\n\n<p class=\"wp-block-paragraph\">Lisa zavrt\u011bla hlavou.<\/p>\n\n\n\n<p class=\"wp-block-paragraph\">\u201eM\u011bli.\u201c<\/p>\n\n\n\n<p class=\"wp-block-paragraph\">Pod\u00edvala se na svou novorozenou sest\u0159i\u010dku.<\/p>\n\n\n\n<p class=\"wp-block-paragraph\">\u201eA nebyl p\u0159ipraven\u00fd pro ni.\u201c<\/p>\n\n\n\n<p class=\"wp-block-paragraph\">V tu chv\u00edli jsem c\u00edtila, jak se mi st\u00e1hl \u017ealudek.<\/p>\n\n\n\n<p class=\"wp-block-paragraph\">\u201ePro koho tedy?\u201c<\/p>\n\n\n\n<p class=\"wp-block-paragraph\">Lisa otev\u0159ela \u00fasta, ale ne\u017e sta\u010dila odpov\u011bd\u011bt, do pokoje ve\u0161la zdravotn\u00ed sestra.<\/p>\n\n\n\n<p class=\"wp-block-paragraph\">P\u0159istoupila k n\u00e1m a cht\u011bla se pod\u00edvat na miminko.<\/p>\n\n\n\n<p class=\"wp-block-paragraph\">Lisa v\u0161ak najednou pevn\u011b sev\u0159ela jej\u00ed deku.<\/p>\n\n\n\n<p class=\"wp-block-paragraph\">\u201eNesm\u00edme j\u00ed to \u0159\u00edct.\u201c<\/p>\n\n\n\n<p class=\"wp-block-paragraph\">Sestra se zarazila.<\/p>\n\n\n\n<p class=\"wp-block-paragraph\">\u201eKomu?\u201c<\/p>\n\n\n\n<p class=\"wp-block-paragraph\">Lisa se pod\u00edvala p\u0159\u00edmo na ni.<\/p>\n\n\n\n<p class=\"wp-block-paragraph\">\u201eMamince.\u201c<\/p>\n\n\n\n<p class=\"wp-block-paragraph\">\u201eAle j\u00e1 jsem maminka,\u201c odpov\u011bd\u011bla jsem.<\/p>\n\n\n\n<p class=\"wp-block-paragraph\">Lisa zavrt\u011bla hlavou.<\/p>\n\n\n\n<p class=\"wp-block-paragraph\">\u201eNe. T\u00e9 druh\u00e9.\u201c<\/p>\n\n\n\n<p class=\"wp-block-paragraph\">Sestra zbledla.<\/p>\n\n\n\n<p class=\"wp-block-paragraph\">J\u00e1 jsem nech\u00e1pala v\u016fbec nic.<\/p>\n\n\n\n<p class=\"wp-block-paragraph\">\u201eJak\u00e9 druh\u00e9 mamince?\u201c<\/p>\n\n\n\n<p class=\"wp-block-paragraph\">Lisa uk\u00e1zala na novorozen\u00e9 d\u00edt\u011b.<\/p>\n\n\n\n<p class=\"wp-block-paragraph\">A pak pronesla v\u011btu, kter\u00e1 mi v hlav\u011b zn\u00ed dodnes:<\/p>\n\n\n\n<p class=\"wp-block-paragraph\">\u201eTahle hol\u010di\u010dka nen\u00ed prvn\u00ed.\u201c<\/p>\n\n\n\n<p class=\"wp-block-paragraph\">V pokoji bylo najednou \u00fapln\u00e9 ticho.<\/p>\n\n\n\n<p class=\"wp-block-paragraph\">Pod\u00edvala jsem se na svou dceru.<\/p>\n\n\n\n<p class=\"wp-block-paragraph\">\u201eCo t\u00edm mysl\u00ed\u0161?\u201c<\/p>\n\n\n\n<p class=\"wp-block-paragraph\">Lisa se ke mn\u011b naklonila a za\u0161eptala:<\/p>\n\n\n\n<p class=\"wp-block-paragraph\">\u201eV tom pokoji naho\u0159e u\u017e jedno miminko bylo.\u201c<\/p>\n\n\n\n<p class=\"wp-block-paragraph\">Pak se pod\u00edvala na sv\u00e9ho otce.<\/p>\n\n\n\n<p class=\"wp-block-paragraph\">Jeho tv\u00e1\u0159 byla najednou \u00fapln\u011b<\/p>\n\n\n\n<p class=\"wp-block-paragraph\"><\/p>\n","protected":false},"excerpt":{"rendered":"Mo\u017en\u00e1 \u017ee je miminko mali\u010dk\u00e9. Mo\u017en\u00e1 \u017ee m\u00e1 roztomil\u00fd nos. Mo\u017en\u00e1 jen d\u011btsk\u00e9 \u201eje kr\u00e1sn\u00e1\u201c. M\u00edsto toho se Lisa naklonila k jej\u00ed tv\u00e1\u0159i \n<a class=\"moretag\" href=\"https:\/\/vengria.info\/?p=18331\"> [...]<\/a>","protected":false},"author":1,"featured_media":18334,"comment_status":"open","ping_status":"open","sticky":false,"template":"","format":"standard","meta":{"footnotes":""},"categories":[26],"tags":[],"class_list":["post-18331","post","type-post","status-publish","format-standard","has-post-thumbnail","hentry","category-26"],"yoast_head":"<!-- This site is optimized with the Yoast SEO plugin v28.3 - https:\/\/yoast.com\/product\/yoast-seo-wordpress\/ -->\n<title>Kdy\u017e moje \u010dty\u0159let\u00e1 dcera poprv\u00e9 dr\u017eela svou novorozenou sest\u0159i\u010dku, \u010dekala jsem, \u017ee usly\u0161\u00edm n\u011bco jednoduch\u00e9ho. -<\/title>\n<meta name=\"robots\" content=\"index, follow, max-snippet:-1, max-image-preview:large, max-video-preview:-1\" \/>\n<link rel=\"canonical\" href=\"https:\/\/vengria.info\/?p=18331\" \/>\n<meta property=\"og:locale\" content=\"en_US\" \/>\n<meta property=\"og:type\" content=\"article\" \/>\n<meta property=\"og:title\" content=\"Kdy\u017e moje \u010dty\u0159let\u00e1 dcera poprv\u00e9 dr\u017eela svou novorozenou sest\u0159i\u010dku, \u010dekala jsem, \u017ee usly\u0161\u00edm n\u011bco jednoduch\u00e9ho. -\" \/>\n<meta property=\"og:description\" content=\"Mo\u017en\u00e1 \u017ee je miminko mali\u010dk\u00e9. Mo\u017en\u00e1 \u017ee m\u00e1 roztomil\u00fd nos. Mo\u017en\u00e1 jen d\u011btsk\u00e9 \u201eje kr\u00e1sn\u00e1\u201c. M\u00edsto toho se Lisa naklonila k jej\u00ed tv\u00e1\u0159i\" \/>\n<meta property=\"og:url\" content=\"https:\/\/vengria.info\/?p=18331\" \/>\n<meta property=\"article:published_time\" content=\"2026-09-05T13:12:28+00:00\" \/>\n<meta property=\"article:modified_time\" content=\"2026-09-05T13:12:29+00:00\" \/>\n<meta property=\"og:image\" content=\"https:\/\/vengria.info\/wp-content\/uploads\/2026\/09\/2eqdwaszxdsax.jpg\" \/>\n\t<meta property=\"og:image:width\" content=\"928\" \/>\n\t<meta property=\"og:image:height\" content=\"1128\" \/>\n\t<meta property=\"og:image:type\" content=\"image\/jpeg\" \/>\n<meta name=\"author\" content=\"admin\" \/>\n<meta name=\"twitter:card\" content=\"summary_large_image\" \/>\n<meta name=\"twitter:label1\" content=\"Written by\" \/>\n\t<meta name=\"twitter:data1\" content=\"admin\" \/>\n\t<meta name=\"twitter:label2\" content=\"Est. reading time\" \/>\n\t<meta name=\"twitter:data2\" content=\"4 minutes\" \/>\n<script type=\"application\/ld+json\" class=\"yoast-schema-graph\">{\"@context\":\"https:\\\/\\\/schema.org\",\"@graph\":[{\"@type\":\"Article\",\"@id\":\"https:\\\/\\\/vengria.info\\\/?p=18331#article\",\"isPartOf\":{\"@id\":\"https:\\\/\\\/vengria.info\\\/?p=18331\"},\"author\":{\"name\":\"admin\",\"@id\":\"https:\\\/\\\/vengria.info\\\/#\\\/schema\\\/person\\\/b815b04a6b1fb36a2d064955a92f68d4\"},\"headline\":\"Kdy\u017e moje \u010dty\u0159let\u00e1 dcera poprv\u00e9 dr\u017eela svou novorozenou sest\u0159i\u010dku, \u010dekala jsem, \u017ee usly\u0161\u00edm n\u011bco jednoduch\u00e9ho.\",\"datePublished\":\"2026-09-05T13:12:28+00:00\",\"dateModified\":\"2026-09-05T13:12:29+00:00\",\"mainEntityOfPage\":{\"@id\":\"https:\\\/\\\/vengria.info\\\/?p=18331\"},\"wordCount\":1084,\"commentCount\":0,\"image\":{\"@id\":\"https:\\\/\\\/vengria.info\\\/?p=18331#primaryimage\"},\"thumbnailUrl\":\"https:\\\/\\\/vengria.info\\\/wp-content\\\/uploads\\\/2026\\\/09\\\/2eqdwaszxdsax.jpg\",\"articleSection\":[\"\u0427\u0435\u0445\u0438\u044f\"],\"inLanguage\":\"en-US\",\"potentialAction\":[{\"@type\":\"CommentAction\",\"name\":\"Comment\",\"target\":[\"https:\\\/\\\/vengria.info\\\/?p=18331#respond\"]}]},{\"@type\":\"WebPage\",\"@id\":\"https:\\\/\\\/vengria.info\\\/?p=18331\",\"url\":\"https:\\\/\\\/vengria.info\\\/?p=18331\",\"name\":\"Kdy\u017e moje \u010dty\u0159let\u00e1 dcera poprv\u00e9 dr\u017eela svou novorozenou sest\u0159i\u010dku, \u010dekala jsem, \u017ee usly\u0161\u00edm n\u011bco jednoduch\u00e9ho. -\",\"isPartOf\":{\"@id\":\"https:\\\/\\\/vengria.info\\\/#website\"},\"primaryImageOfPage\":{\"@id\":\"https:\\\/\\\/vengria.info\\\/?p=18331#primaryimage\"},\"image\":{\"@id\":\"https:\\\/\\\/vengria.info\\\/?p=18331#primaryimage\"},\"thumbnailUrl\":\"https:\\\/\\\/vengria.info\\\/wp-content\\\/uploads\\\/2026\\\/09\\\/2eqdwaszxdsax.jpg\",\"datePublished\":\"2026-09-05T13:12:28+00:00\",\"dateModified\":\"2026-09-05T13:12:29+00:00\",\"author\":{\"@id\":\"https:\\\/\\\/vengria.info\\\/#\\\/schema\\\/person\\\/b815b04a6b1fb36a2d064955a92f68d4\"},\"breadcrumb\":{\"@id\":\"https:\\\/\\\/vengria.info\\\/?p=18331#breadcrumb\"},\"inLanguage\":\"en-US\",\"potentialAction\":[{\"@type\":\"ReadAction\",\"target\":[\"https:\\\/\\\/vengria.info\\\/?p=18331\"]}]},{\"@type\":\"ImageObject\",\"inLanguage\":\"en-US\",\"@id\":\"https:\\\/\\\/vengria.info\\\/?p=18331#primaryimage\",\"url\":\"https:\\\/\\\/vengria.info\\\/wp-content\\\/uploads\\\/2026\\\/09\\\/2eqdwaszxdsax.jpg\",\"contentUrl\":\"https:\\\/\\\/vengria.info\\\/wp-content\\\/uploads\\\/2026\\\/09\\\/2eqdwaszxdsax.jpg\",\"width\":928,\"height\":1128},{\"@type\":\"BreadcrumbList\",\"@id\":\"https:\\\/\\\/vengria.info\\\/?p=18331#breadcrumb\",\"itemListElement\":[{\"@type\":\"ListItem\",\"position\":1,\"name\":\"Home\",\"item\":\"https:\\\/\\\/vengria.info\\\/\"},{\"@type\":\"ListItem\",\"position\":2,\"name\":\"Kdy\u017e moje \u010dty\u0159let\u00e1 dcera poprv\u00e9 dr\u017eela svou novorozenou sest\u0159i\u010dku, \u010dekala jsem, \u017ee usly\u0161\u00edm n\u011bco jednoduch\u00e9ho.\"}]},{\"@type\":\"WebSite\",\"@id\":\"https:\\\/\\\/vengria.info\\\/#website\",\"url\":\"https:\\\/\\\/vengria.info\\\/\",\"name\":\"\",\"description\":\"\",\"potentialAction\":[{\"@type\":\"SearchAction\",\"target\":{\"@type\":\"EntryPoint\",\"urlTemplate\":\"https:\\\/\\\/vengria.info\\\/?s={search_term_string}\"},\"query-input\":{\"@type\":\"PropertyValueSpecification\",\"valueRequired\":true,\"valueName\":\"search_term_string\"}}],\"inLanguage\":\"en-US\"},{\"@type\":\"Person\",\"@id\":\"https:\\\/\\\/vengria.info\\\/#\\\/schema\\\/person\\\/b815b04a6b1fb36a2d064955a92f68d4\",\"name\":\"admin\",\"image\":{\"@type\":\"ImageObject\",\"inLanguage\":\"en-US\",\"@id\":\"https:\\\/\\\/secure.gravatar.com\\\/avatar\\\/a29bad30ab19883c48927f9ee55a40d0d1a0c3c343bcef70ad9a0a9cb421f0fa?s=96&d=mm&r=g\",\"url\":\"https:\\\/\\\/secure.gravatar.com\\\/avatar\\\/a29bad30ab19883c48927f9ee55a40d0d1a0c3c343bcef70ad9a0a9cb421f0fa?s=96&d=mm&r=g\",\"contentUrl\":\"https:\\\/\\\/secure.gravatar.com\\\/avatar\\\/a29bad30ab19883c48927f9ee55a40d0d1a0c3c343bcef70ad9a0a9cb421f0fa?s=96&d=mm&r=g\",\"caption\":\"admin\"},\"sameAs\":[\"http:\\\/\\\/vengria.info\"],\"url\":\"https:\\\/\\\/vengria.info\\\/?author=1\"}]}<\/script>\n<!-- \/ Yoast SEO plugin. -->","yoast_head_json":{"title":"Kdy\u017e moje \u010dty\u0159let\u00e1 dcera poprv\u00e9 dr\u017eela svou novorozenou sest\u0159i\u010dku, \u010dekala jsem, \u017ee usly\u0161\u00edm n\u011bco jednoduch\u00e9ho. -","robots":{"index":"index","follow":"follow","max-snippet":"max-snippet:-1","max-image-preview":"max-image-preview:large","max-video-preview":"max-video-preview:-1"},"canonical":"https:\/\/vengria.info\/?p=18331","og_locale":"en_US","og_type":"article","og_title":"Kdy\u017e moje \u010dty\u0159let\u00e1 dcera poprv\u00e9 dr\u017eela svou novorozenou sest\u0159i\u010dku, \u010dekala jsem, \u017ee usly\u0161\u00edm n\u011bco jednoduch\u00e9ho. -","og_description":"Mo\u017en\u00e1 \u017ee je miminko mali\u010dk\u00e9. Mo\u017en\u00e1 \u017ee m\u00e1 roztomil\u00fd nos. Mo\u017en\u00e1 jen d\u011btsk\u00e9 \u201eje kr\u00e1sn\u00e1\u201c. M\u00edsto toho se Lisa naklonila k jej\u00ed tv\u00e1\u0159i","og_url":"https:\/\/vengria.info\/?p=18331","article_published_time":"2026-09-05T13:12:28+00:00","article_modified_time":"2026-09-05T13:12:29+00:00","og_image":[{"width":928,"height":1128,"url":"https:\/\/vengria.info\/wp-content\/uploads\/2026\/09\/2eqdwaszxdsax.jpg","type":"image\/jpeg"}],"author":"admin","twitter_card":"summary_large_image","twitter_misc":{"Written by":"admin","Est. reading time":"4 minutes"},"schema":{"@context":"https:\/\/schema.org","@graph":[{"@type":"Article","@id":"https:\/\/vengria.info\/?p=18331#article","isPartOf":{"@id":"https:\/\/vengria.info\/?p=18331"},"author":{"name":"admin","@id":"https:\/\/vengria.info\/#\/schema\/person\/b815b04a6b1fb36a2d064955a92f68d4"},"headline":"Kdy\u017e moje \u010dty\u0159let\u00e1 dcera poprv\u00e9 dr\u017eela svou novorozenou sest\u0159i\u010dku, \u010dekala jsem, \u017ee usly\u0161\u00edm n\u011bco jednoduch\u00e9ho.","datePublished":"2026-09-05T13:12:28+00:00","dateModified":"2026-09-05T13:12:29+00:00","mainEntityOfPage":{"@id":"https:\/\/vengria.info\/?p=18331"},"wordCount":1084,"commentCount":0,"image":{"@id":"https:\/\/vengria.info\/?p=18331#primaryimage"},"thumbnailUrl":"https:\/\/vengria.info\/wp-content\/uploads\/2026\/09\/2eqdwaszxdsax.jpg","articleSection":["\u0427\u0435\u0445\u0438\u044f"],"inLanguage":"en-US","potentialAction":[{"@type":"CommentAction","name":"Comment","target":["https:\/\/vengria.info\/?p=18331#respond"]}]},{"@type":"WebPage","@id":"https:\/\/vengria.info\/?p=18331","url":"https:\/\/vengria.info\/?p=18331","name":"Kdy\u017e moje \u010dty\u0159let\u00e1 dcera poprv\u00e9 dr\u017eela svou novorozenou sest\u0159i\u010dku, \u010dekala jsem, \u017ee usly\u0161\u00edm n\u011bco jednoduch\u00e9ho. -","isPartOf":{"@id":"https:\/\/vengria.info\/#website"},"primaryImageOfPage":{"@id":"https:\/\/vengria.info\/?p=18331#primaryimage"},"image":{"@id":"https:\/\/vengria.info\/?p=18331#primaryimage"},"thumbnailUrl":"https:\/\/vengria.info\/wp-content\/uploads\/2026\/09\/2eqdwaszxdsax.jpg","datePublished":"2026-09-05T13:12:28+00:00","dateModified":"2026-09-05T13:12:29+00:00","author":{"@id":"https:\/\/vengria.info\/#\/schema\/person\/b815b04a6b1fb36a2d064955a92f68d4"},"breadcrumb":{"@id":"https:\/\/vengria.info\/?p=18331#breadcrumb"},"inLanguage":"en-US","potentialAction":[{"@type":"ReadAction","target":["https:\/\/vengria.info\/?p=18331"]}]},{"@type":"ImageObject","inLanguage":"en-US","@id":"https:\/\/vengria.info\/?p=18331#primaryimage","url":"https:\/\/vengria.info\/wp-content\/uploads\/2026\/09\/2eqdwaszxdsax.jpg","contentUrl":"https:\/\/vengria.info\/wp-content\/uploads\/2026\/09\/2eqdwaszxdsax.jpg","width":928,"height":1128},{"@type":"BreadcrumbList","@id":"https:\/\/vengria.info\/?p=18331#breadcrumb","itemListElement":[{"@type":"ListItem","position":1,"name":"Home","item":"https:\/\/vengria.info\/"},{"@type":"ListItem","position":2,"name":"Kdy\u017e moje \u010dty\u0159let\u00e1 dcera poprv\u00e9 dr\u017eela svou novorozenou sest\u0159i\u010dku, \u010dekala jsem, \u017ee usly\u0161\u00edm n\u011bco jednoduch\u00e9ho."}]},{"@type":"WebSite","@id":"https:\/\/vengria.info\/#website","url":"https:\/\/vengria.info\/","name":"","description":"","potentialAction":[{"@type":"SearchAction","target":{"@type":"EntryPoint","urlTemplate":"https:\/\/vengria.info\/?s={search_term_string}"},"query-input":{"@type":"PropertyValueSpecification","valueRequired":true,"valueName":"search_term_string"}}],"inLanguage":"en-US"},{"@type":"Person","@id":"https:\/\/vengria.info\/#\/schema\/person\/b815b04a6b1fb36a2d064955a92f68d4","name":"admin","image":{"@type":"ImageObject","inLanguage":"en-US","@id":"https:\/\/secure.gravatar.com\/avatar\/a29bad30ab19883c48927f9ee55a40d0d1a0c3c343bcef70ad9a0a9cb421f0fa?s=96&d=mm&r=g","url":"https:\/\/secure.gravatar.com\/avatar\/a29bad30ab19883c48927f9ee55a40d0d1a0c3c343bcef70ad9a0a9cb421f0fa?s=96&d=mm&r=g","contentUrl":"https:\/\/secure.gravatar.com\/avatar\/a29bad30ab19883c48927f9ee55a40d0d1a0c3c343bcef70ad9a0a9cb421f0fa?s=96&d=mm&r=g","caption":"admin"},"sameAs":["http:\/\/vengria.info"],"url":"https:\/\/vengria.info\/?author=1"}]}},"_links":{"self":[{"href":"https:\/\/vengria.info\/index.php?rest_route=\/wp\/v2\/posts\/18331","targetHints":{"allow":["GET"]}}],"collection":[{"href":"https:\/\/vengria.info\/index.php?rest_route=\/wp\/v2\/posts"}],"about":[{"href":"https:\/\/vengria.info\/index.php?rest_route=\/wp\/v2\/types\/post"}],"author":[{"embeddable":true,"href":"https:\/\/vengria.info\/index.php?rest_route=\/wp\/v2\/users\/1"}],"replies":[{"embeddable":true,"href":"https:\/\/vengria.info\/index.php?rest_route=%2Fwp%2Fv2%2Fcomments&post=18331"}],"version-history":[{"count":1,"href":"https:\/\/vengria.info\/index.php?rest_route=\/wp\/v2\/posts\/18331\/revisions"}],"predecessor-version":[{"id":18335,"href":"https:\/\/vengria.info\/index.php?rest_route=\/wp\/v2\/posts\/18331\/revisions\/18335"}],"wp:featuredmedia":[{"embeddable":true,"href":"https:\/\/vengria.info\/index.php?rest_route=\/wp\/v2\/media\/18334"}],"wp:attachment":[{"href":"https:\/\/vengria.info\/index.php?rest_route=%2Fwp%2Fv2%2Fmedia&parent=18331"}],"wp:term":[{"taxonomy":"category","embeddable":true,"href":"https:\/\/vengria.info\/index.php?rest_route=%2Fwp%2Fv2%2Fcategories&post=18331"},{"taxonomy":"post_tag","embeddable":true,"href":"https:\/\/vengria.info\/index.php?rest_route=%2Fwp%2Fv2%2Ftags&post=18331"}],"curies":[{"name":"wp","href":"https:\/\/api.w.org\/{rel}","templated":true}]}}