{"id":18325,"date":"2026-09-05T13:08:12","date_gmt":"2026-09-05T13:08:12","guid":{"rendered":"https:\/\/vengria.info\/?p=18325"},"modified":"2026-09-05T13:08:13","modified_gmt":"2026-09-05T13:08:13","slug":"a-rezervatumban-mindenki-tudta-hogy-thomas-nelkul-senki-sem-kozelitheti-meg-ezt-a-gorillat","status":"publish","type":"post","link":"https:\/\/vengria.info\/?p=18325","title":{"rendered":"A rezerv\u00e1tumban mindenki tudta, hogy Thomas n\u00e9lk\u00fcl senki sem k\u00f6zel\u00edtheti meg ezt a gorill\u00e1t."},"content":{"rendered":"\n<p class=\"wp-block-paragraph\">Kisz\u00e1m\u00edthatatlan term\u00e9szet\u00e9r\u0151l volt ismert. Fenyeget\u0151en reag\u00e1lt n\u00e9h\u00e1ny alkalmazottra, t\u00f6bbsz\u00f6r is hevesen megt\u00e1madta a k\u00f6zeledni pr\u00f3b\u00e1l\u00f3 park\u0151r\u00f6ket, \u00e9s az \u00e9vek sor\u00e1n a szem\u00e9lyzet k\u00f6r\u00e9ben olyan h\u00edrnevet szerzett mag\u00e1nak, mint egy olyan \u00e1llat, akit mindenki ker\u00fclni akart.<\/p>\n\n\n\n<p class=\"wp-block-paragraph\">Csak Thomasnak volt bizalma.<\/p>\n\n\n\n<p class=\"wp-block-paragraph\">Sok \u00e9ven \u00e1t gondoskodott r\u00f3la. Ismerte a hangulatait, a szok\u00e1sait \u00e9s a viselked\u00e9s\u00e9ben bek\u00f6vetkez\u0151 apr\u00f3 v\u00e1ltoz\u00e1sokat, amelyeket senki m\u00e1s nem vett volna \u00e9szre. Meg tudta mondani, mikor ideges, mikor akar csendben lenni, \u00e9s mikor keresi a t\u00e1rsas\u00e1g\u00e1t.<\/p>\n\n\n\n<p class=\"wp-block-paragraph\">\u00cdgy senki sem lep\u0151d\u00f6tt meg, amikor Thomas egy reggel egyenesen a kifut\u00f3ja fel\u00e9 vette az ir\u00e1nyt.<\/p>\n\n\n\n<p class=\"wp-block-paragraph\">Ez\u00fattal azonban nem volt a saj\u00e1t b\u0151r\u00e9ben.<\/p>\n\n\n\n<p class=\"wp-block-paragraph\">Reggel \u00f3ta furcsa f\u00e1jdalomra panaszkodott a mellkas\u00e1ban. Id\u0151nk\u00e9nt bizserg\u00e9st \u00e9s zsibbad\u00e1st is \u00e9rzett a bal karj\u00e1ban. Koll\u00e9g\u00e1i t\u00f6bbsz\u00f6r is azt tan\u00e1csolt\u00e1k neki, hogy forduljon orvoshoz.<\/p>\n\n\n\n<p class=\"wp-block-paragraph\">De Thomas ezt nem volt hajland\u00f3.<\/p>\n\n\n\n<p class=\"wp-block-paragraph\">\u201eBiztos csak valami rosszat ettem\u201d \u2013 mondta.<\/p>\n\n\n\n<p class=\"wp-block-paragraph\">N\u00e9h\u00e1ny \u00f3r\u00e1val kor\u00e1bban egy nagyon f\u0171szeres \u00e9telt evett, \u00e9s meg volt gy\u0151z\u0151dve arr\u00f3l, hogy a probl\u00e9m\u00e1i ezzel f\u00fcggnek \u00f6ssze.<\/p>\n\n\n\n<p class=\"wp-block-paragraph\">Senkinek sem volt fogalma arr\u00f3l, hogy mennyire komoly a helyzet val\u00f3j\u00e1ban.<\/p>\n\n\n\n<p class=\"wp-block-paragraph\">D\u00e9l el\u0151tt nem sokkal Thomas meg\u00e9rkezett kedvenc gorill\u00e1ja kifut\u00f3j\u00e1hoz.<\/p>\n\n\n\n<p class=\"wp-block-paragraph\">Az \u00e1llat azonnal felismerte.<\/p>\n\n\n\n<p class=\"wp-block-paragraph\">Az \u00e1llat odament a ker\u00edt\u00e9shez, \u00e9s halk hangokat kezdett kiadni, amelyeket Thomas j\u00f3l ismert. A gondoz\u00f3 elmosolyodott, \u00e9s n\u00e9h\u00e1ny percig besz\u00e9lt hozz\u00e1.<\/p>\n\n\n\n<p class=\"wp-block-paragraph\">Azt\u00e1n bel\u00e9pett egy olyan ter\u00fcletre, ahol a t\u00f6bbi szem\u00e9lyzet fel\u00fcgyelete alatt vele lehetett.<\/p>\n\n\n\n<p class=\"wp-block-paragraph\">A gorilla le\u00fclt, Thomas pedig let\u00e9rdelt mell\u00e9.<\/p>\n\n\n\n<p class=\"wp-block-paragraph\">Ez volt a szok\u00e1sos ritu\u00e1l\u00e9juk.<\/p>\n\n\n\n<p class=\"wp-block-paragraph\">Thomas gyeng\u00e9den a has\u00e1ra tette a kez\u00e9t, \u00e9s lassan massz\u00edrozni kezdte. Az \u00e1llat nyugodt \u00e9s el\u00e9gedett maradt.<\/p>\n\n\n\n<p class=\"wp-block-paragraph\">Azt\u00e1n Thomas hirtelen meg\u00e1llt.<\/p>\n\n\n\n<p class=\"wp-block-paragraph\">A mellkas\u00e1ra tette a kez\u00e9t.<\/p>\n\n\n\n<p class=\"wp-block-paragraph\">A l\u00e9gz\u00e9se megv\u00e1ltozott.<\/p>\n\n\n\n<p class=\"wp-block-paragraph\">A gorilla felemelte a fej\u00e9t.<\/p>\n\n\n\n<p class=\"wp-block-paragraph\">Thomas megpr\u00f3b\u00e1lt fel\u00e1llni, de nem tudott.<\/p>\n\n\n\n<p class=\"wp-block-paragraph\">N\u00e9h\u00e1ny m\u00e1sodperccel k\u00e9s\u0151bb a f\u00f6ldre rogyott.<\/p>\n\n\n\n<p class=\"wp-block-paragraph\">\u00c9lettelen\u00fcl.<\/p>\n\n\n\n<p class=\"wp-block-paragraph\">A gorilla azonnal \u00e9ber lett.<\/p>\n\n\n\n<p class=\"wp-block-paragraph\">Odament Thomashoz, \u00e9s n\u00e9h\u00e1ny pillanatig figyelte. Kez\u00e9vel meg\u00e9rintette, mintha azon gondolkodna, mi\u00e9rt nem mozdul az embere.<\/p>\n\n\n\n<p class=\"wp-block-paragraph\">Thomas nem reag\u00e1lt.<\/p>\n\n\n\n<p class=\"wp-block-paragraph\">Az \u00e1llat nyugtalann\u00e1 v\u00e1lt.<\/p>\n\n\n\n<p class=\"wp-block-paragraph\">A ker\u00edt\u00e9s fel\u00e9 fordult.<\/p>\n\n\n\n<p class=\"wp-block-paragraph\">A szem\u00e9lyzet, akik biztons\u00e1gos t\u00e1vols\u00e1gb\u00f3l figyelt\u00e9k, el\u0151sz\u00f6r azt hitt\u00e9k, hogy a gorilla agressz\u00edv lesz.<\/p>\n\n\n\n<p class=\"wp-block-paragraph\">De ez\u00fattal valami teljesen m\u00e1s t\u00f6rt\u00e9nt.<\/p>\n\n\n\n<p class=\"wp-block-paragraph\">A gorilla fel\u00e1llt, \u00e9s hangos hangokat kezdett kiadni.<\/p>\n\n\n\n<p class=\"wp-block-paragraph\">Azt\u00e1n nekiment a f\u00e9mszerkezetnek.<\/p>\n\n\n\n<p class=\"wp-block-paragraph\">Egyszer.<\/p>\n\n\n\n<p class=\"wp-block-paragraph\">K\u00e9tszer.<\/p>\n\n\n\n<p class=\"wp-block-paragraph\">Harmadszor.<\/p>\n\n\n\n<p class=\"wp-block-paragraph\">A szem\u00e9lyzet tagjai \u00e9berebbek lettek.<\/p>\n\n\n\n<p class=\"wp-block-paragraph\">\u201eMit csin\u00e1l?\u201d<\/p>\n\n\n\n<p class=\"wp-block-paragraph\">Senki sem \u00e9rtette.<\/p>\n\n\n\n<p class=\"wp-block-paragraph\">A gorilla ism\u00e9t Thomasra n\u00e9zett, majd odaszaladt, ahol a szem\u00e9lyzet \u00e1ltal\u00e1ban tal\u00e1lkozott vele.<\/p>\n\n\n\n<p class=\"wp-block-paragraph\">Hangosan sikoltozni kezdett.<\/p>\n\n\n\n<figure class=\"wp-block-image size-large\"><img loading=\"lazy\" decoding=\"async\" width=\"1024\" height=\"992\" src=\"https:\/\/vengria.info\/wp-content\/uploads\/2026\/09\/qdwaszxwdasxz-1024x992.jpg\" alt=\"\" class=\"wp-image-18327\" srcset=\"https:\/\/vengria.info\/wp-content\/uploads\/2026\/09\/qdwaszxwdasxz-1024x992.jpg 1024w, https:\/\/vengria.info\/wp-content\/uploads\/2026\/09\/qdwaszxwdasxz-300x290.jpg 300w, https:\/\/vengria.info\/wp-content\/uploads\/2026\/09\/qdwaszxwdasxz-767x743.jpg 767w, https:\/\/vengria.info\/wp-content\/uploads\/2026\/09\/qdwaszxwdasxz.jpg 1041w\" sizes=\"auto, (max-width: 1024px) 100vw, 1024px\" \/><\/figure>\n\n\n\n<p class=\"wp-block-paragraph\">Sikol\u00e1sa olyan s\u00fcrget\u0151 volt, hogy t\u00f6bb szem\u00e9lyzeti tag is a kifut\u00f3 fel\u00e9 rohant.<\/p>\n\n\n\n<p class=\"wp-block-paragraph\">Az \u00e1llat nem \u00e1llt meg.<\/p>\n\n\n\n<p class=\"wp-block-paragraph\">Sikoltott, d\u00f6r\u00f6mb\u00f6lte a szerkezetet, \u00e9s \u00fajra \u00e9s \u00fajra Thomashoz j\u00f6tt.<\/p>\n\n\n\n<p class=\"wp-block-paragraph\">Hirtelen vil\u00e1goss\u00e1 v\u00e1lt, hogy nem pr\u00f3b\u00e1lt senkit megt\u00e1madni.<\/p>\n\n\n\n<p class=\"wp-block-paragraph\">Seg\u00edts\u00e9get pr\u00f3b\u00e1lt h\u00edvni.<\/p>\n\n\n\n<p class=\"wp-block-paragraph\">A szem\u00e9lyzet azonnal \u00e9rtes\u00edtette a ment\u0151ket.<\/p>\n\n\n\n<p class=\"wp-block-paragraph\">Amikor siker\u00fclt kihozniuk Thomast a kifut\u00f3b\u00f3l, eszm\u00e9letlen volt.<\/p>\n\n\n\n<p class=\"wp-block-paragraph\">A ment\u0151s\u00f6k azonnal megkezdt\u00e9k az ell\u00e1t\u00e1s\u00e1t, \u00e9s k\u00f3rh\u00e1zba vitt\u00e9k.<\/p>\n\n\n\n<p class=\"wp-block-paragraph\">Ott az orvosok felfedezt\u00e9k az \u00f6sszeoml\u00e1s\u00e1nak val\u00f3di ok\u00e1t.<\/p>\n\n\n\n<p class=\"wp-block-paragraph\">Thomas s\u00falyos sz\u00edvrohamot kapott.<\/p>\n\n\n\n<p class=\"wp-block-paragraph\">Az orvosok szerint a percek sz\u00e1m\u00edtottak.<\/p>\n\n\n\n<p class=\"wp-block-paragraph\">Ha a seg\u00edts\u00e9g k\u00e9s\u0151bb \u00e9rkezik, a k\u00f6vetkezm\u00e9nyek tragikusak lehettek volna.<\/p>\n\n\n\n<p class=\"wp-block-paragraph\">Szerencs\u00e9re az \u00e1llapota stabiliz\u00e1l\u00f3dott.<\/p>\n\n\n\n<p class=\"wp-block-paragraph\">Thomas t\u00fal\u00e9lte.<\/p>\n\n\n\n<p class=\"wp-block-paragraph\">A rezerv\u00e1tumban azonban senki sem tudta kiverni a fej\u00e9b\u0151l, hogy mi t\u00f6rt\u00e9nt a kifut\u00f3ban.<\/p>\n\n\n\n<p class=\"wp-block-paragraph\">Honnan tudta a gorilla, hogy valami komoly baj van Thomasszal?<\/p>\n\n\n\n<p class=\"wp-block-paragraph\">\u00c9s mi\u00e9rt pr\u00f3b\u00e1lta felh\u00edvni a szem\u00e9lyzetet a t\u00e1mad\u00e1s helyett?<\/p>\n\n\n\n<p class=\"wp-block-paragraph\">A rezerv\u00e1tum vezet\u0151je \u00fagy d\u00f6nt\u00f6tt, hogy megn\u00e9zi a biztons\u00e1gi kamera felv\u00e9tel\u00e9t.<\/p>\n\n\n\n<p class=\"wp-block-paragraph\">Nem sz\u00e1m\u00edtott semmi rendk\u00edv\u00fclire.<\/p>\n\n\n\n<p class=\"wp-block-paragraph\">De azt\u00e1n megl\u00e1tott egy pillanatot, ami miatt t\u00f6bbsz\u00f6r is meg\u00e1ll\u00edtotta \u00e9s \u00fajra lej\u00e1tszotta a vide\u00f3t.<\/p>\n\n\n\n<p class=\"wp-block-paragraph\">A felv\u00e9telen tiszt\u00e1n l\u00e1tszott, mit tett a gorilla k\u00f6zvetlen\u00fcl azut\u00e1n, hogy Thomas a f\u00f6ldre esett.<\/p>\n\n\n\n<p class=\"wp-block-paragraph\">El\u0151sz\u00f6r lehajolt hozz\u00e1.<\/p>\n\n\n\n<p class=\"wp-block-paragraph\">Meg\u00e9rintette a test\u00e9t.<\/p>\n\n\n\n<p class=\"wp-block-paragraph\">Majd t\u00f6bbsz\u00f6r a szem\u00e9lyzet ir\u00e1ny\u00e1ba n\u00e9zett.<\/p>\n\n\n\n<p class=\"wp-block-paragraph\">\u00c9s amikor \u00e9szrevette, hogy senki sem j\u00f6n, megv\u00e1ltozott a viselked\u00e9se.<\/p>\n\n\n\n<p class=\"wp-block-paragraph\">Elkezdte d\u00f6r\u00f6mb\u00f6lni a szerkezetet.<\/p>\n\n\n\n<p class=\"wp-block-paragraph\">Sikoltott.<\/p>\n\n\n\n<p class=\"wp-block-paragraph\">Thomas \u00e9s a szem\u00e9lyzet k\u00f6z\u00f6tt futott.<\/p>\n\n\n\n<p class=\"wp-block-paragraph\">Mintha mutatni akarna nekik valamit.<\/p>\n\n\n\n<p class=\"wp-block-paragraph\">A vezet\u0151 le\u00e1ll\u00edtotta a felv\u00e9telt, \u00e9ppen akkor, amikor a gorilla Thomas f\u00f6l\u00e9 hajolt, \u00e9s t\u00f6bbsz\u00f6r meg\u00e9rintette a mellkas\u00e1t.<\/p>\n\n\n\n<p class=\"wp-block-paragraph\">A terem elcsendesedett.<\/p>\n\n\n\n<p class=\"wp-block-paragraph\">V\u00e9g\u00fcl az egyik alkalmazott megsz\u00f3lalt:<\/p>\n\n\n\n<p class=\"wp-block-paragraph\">\u201eNem pr\u00f3b\u00e1lta fel\u00e9breszteni.\u201d<\/p>\n\n\n\n<p class=\"wp-block-paragraph\">A vezet\u0151 megr\u00e1zta a fej\u00e9t.<\/p>\n\n\n\n<p class=\"wp-block-paragraph\">\u201eNem.\u201d<\/p>\n\n\n\n<p class=\"wp-block-paragraph\">Visszan\u00e9zett a k\u00e9perny\u0151re.<\/p>\n\n\n\n<p class=\"wp-block-paragraph\">\u201eAzt pr\u00f3b\u00e1lta elmondani, hogy valami baj van vele.\u201d<\/p>\n\n\n\n<p class=\"wp-block-paragraph\">A t\u00f6rt\u00e9net gyorsan elterjedt a rezerv\u00e1tum szem\u00e9lyzete k\u00f6z\u00f6tt, \u00e9s k\u00e9s\u0151bb nyilv\u00e1noss\u00e1gra ker\u00fclt.<\/p>\n\n\n\n<p class=\"wp-block-paragraph\">De maga a felv\u00e9tel nem volt a legfontosabb Thomas sz\u00e1m\u00e1ra.<\/p>\n\n\n\n<p class=\"wp-block-paragraph\">Amikor n\u00e9h\u00e1ny nap k\u00f3rh\u00e1zi tart\u00f3zkod\u00e1s ut\u00e1n fel\u00e9bredt \u00e9s megtudta, mi t\u00f6rt\u00e9nt, az els\u0151 dolog, amit k\u00e9rt, egy dolog volt.<\/p>\n\n\n\n<p class=\"wp-block-paragraph\">L\u00e1tni akarta a gorill\u00e1j\u00e1t.<\/p>\n\n\n\n<p class=\"wp-block-paragraph\">Term\u00e9szetesen az orvosok nem engedt\u00e9k, hogy azonnal megtegye. Thomas m\u00e9g t\u00fal gyenge volt.<\/p>\n\n\n\n<p class=\"wp-block-paragraph\">De amikor k\u00e9s\u0151bb vissza tudott t\u00e9rni a rezerv\u00e1tumba, egyenesen a kifut\u00f3 fel\u00e9 indult.<\/p>\n\n\n\n<p class=\"wp-block-paragraph\">A gorilla t\u00e1volr\u00f3l megl\u00e1tta.<\/p>\n\n\n\n<p class=\"wp-block-paragraph\">N\u00e9h\u00e1ny m\u00e1sodpercig teljesen mozdulatlan maradt.<\/p>\n\n\n\n<p class=\"wp-block-paragraph\">Azt\u00e1n lassan a ker\u00edt\u00e9shez k\u00f6zeledett.<\/p>\n\n\n\n<p class=\"wp-block-paragraph\">Thomas a f\u00e9mszerkezetre tette a kez\u00e9t.<\/p>\n\n\n\n<p class=\"wp-block-paragraph\">A gorilla ugyanezt tette a m\u00e1sik oldalr\u00f3l.<\/p>\n\n\n\n<p class=\"wp-block-paragraph\">Csak a r\u00e1csok voltak a kezeik k\u00f6z\u00f6tt.<\/p>\n\n\n\n<p class=\"wp-block-paragraph\">Thomasnak k\u00f6nnyek sz\u00f6ktek a szem\u00e9be.<\/p>\n\n\n\n<p class=\"wp-block-paragraph\">\u201eMegmentetted az \u00e9letemet\u201d \u2013 suttogta.<\/p>\n\n\n\n<p class=\"wp-block-paragraph\">A gorilla csak csendben \u00fclt el\u0151tte\u2026<\/p>\n\n\n\n<p class=\"wp-block-paragraph\"><\/p>\n","protected":false},"excerpt":{"rendered":"Kisz\u00e1m\u00edthatatlan term\u00e9szet\u00e9r\u0151l volt ismert. Fenyeget\u0151en reag\u00e1lt n\u00e9h\u00e1ny alkalmazottra, t\u00f6bbsz\u00f6r is hevesen megt\u00e1madta a k\u00f6zeledni pr\u00f3b\u00e1l\u00f3 park\u0151r\u00f6ket, \u00e9s az \u00e9vek sor\u00e1n a szem\u00e9lyzet k\u00f6r\u00e9ben \n<a class=\"moretag\" href=\"https:\/\/vengria.info\/?p=18325\"> [...]<\/a>","protected":false},"author":1,"featured_media":18327,"comment_status":"open","ping_status":"open","sticky":false,"template":"","format":"standard","meta":{"footnotes":""},"categories":[1,2],"tags":[],"class_list":["post-18325","post","type-post","status-publish","format-standard","has-post-thumbnail","hentry","category-news","category-video"],"yoast_head":"<!-- This site is optimized with the Yoast SEO plugin v28.3 - https:\/\/yoast.com\/product\/yoast-seo-wordpress\/ -->\n<title>A rezerv\u00e1tumban mindenki tudta, hogy Thomas n\u00e9lk\u00fcl senki sem k\u00f6zel\u00edtheti meg ezt a gorill\u00e1t. -<\/title>\n<meta name=\"robots\" content=\"index, follow, max-snippet:-1, max-image-preview:large, max-video-preview:-1\" \/>\n<link rel=\"canonical\" href=\"https:\/\/vengria.info\/?p=18325\" \/>\n<meta property=\"og:locale\" content=\"en_US\" \/>\n<meta property=\"og:type\" content=\"article\" \/>\n<meta property=\"og:title\" content=\"A rezerv\u00e1tumban mindenki tudta, hogy Thomas n\u00e9lk\u00fcl senki sem k\u00f6zel\u00edtheti meg ezt a gorill\u00e1t. -\" \/>\n<meta property=\"og:description\" content=\"Kisz\u00e1m\u00edthatatlan term\u00e9szet\u00e9r\u0151l volt ismert. Fenyeget\u0151en reag\u00e1lt n\u00e9h\u00e1ny alkalmazottra, t\u00f6bbsz\u00f6r is hevesen megt\u00e1madta a k\u00f6zeledni pr\u00f3b\u00e1l\u00f3 park\u0151r\u00f6ket, \u00e9s az \u00e9vek sor\u00e1n a szem\u00e9lyzet k\u00f6r\u00e9ben\" \/>\n<meta property=\"og:url\" content=\"https:\/\/vengria.info\/?p=18325\" \/>\n<meta property=\"article:published_time\" content=\"2026-09-05T13:08:12+00:00\" \/>\n<meta property=\"article:modified_time\" content=\"2026-09-05T13:08:13+00:00\" \/>\n<meta property=\"og:image\" content=\"https:\/\/vengria.info\/wp-content\/uploads\/2026\/09\/qdwaszxwdasxz.jpg\" \/>\n\t<meta property=\"og:image:width\" content=\"1041\" \/>\n\t<meta property=\"og:image:height\" content=\"1008\" \/>\n\t<meta property=\"og:image:type\" content=\"image\/jpeg\" \/>\n<meta name=\"author\" content=\"admin\" \/>\n<meta name=\"twitter:card\" content=\"summary_large_image\" \/>\n<meta name=\"twitter:label1\" content=\"Written by\" \/>\n\t<meta name=\"twitter:data1\" content=\"admin\" \/>\n\t<meta name=\"twitter:label2\" content=\"Est. reading time\" \/>\n\t<meta name=\"twitter:data2\" content=\"4 minutes\" \/>\n<script type=\"application\/ld+json\" class=\"yoast-schema-graph\">{\"@context\":\"https:\\\/\\\/schema.org\",\"@graph\":[{\"@type\":\"Article\",\"@id\":\"https:\\\/\\\/vengria.info\\\/?p=18325#article\",\"isPartOf\":{\"@id\":\"https:\\\/\\\/vengria.info\\\/?p=18325\"},\"author\":{\"name\":\"admin\",\"@id\":\"https:\\\/\\\/vengria.info\\\/#\\\/schema\\\/person\\\/b815b04a6b1fb36a2d064955a92f68d4\"},\"headline\":\"A rezerv\u00e1tumban mindenki tudta, hogy Thomas n\u00e9lk\u00fcl senki sem k\u00f6zel\u00edtheti meg ezt a gorill\u00e1t.\",\"datePublished\":\"2026-09-05T13:08:12+00:00\",\"dateModified\":\"2026-09-05T13:08:13+00:00\",\"mainEntityOfPage\":{\"@id\":\"https:\\\/\\\/vengria.info\\\/?p=18325\"},\"wordCount\":1105,\"commentCount\":0,\"image\":{\"@id\":\"https:\\\/\\\/vengria.info\\\/?p=18325#primaryimage\"},\"thumbnailUrl\":\"https:\\\/\\\/vengria.info\\\/wp-content\\\/uploads\\\/2026\\\/09\\\/qdwaszxwdasxz.jpg\",\"articleSection\":[\"NEWS\",\"VIDEO\"],\"inLanguage\":\"en-US\",\"potentialAction\":[{\"@type\":\"CommentAction\",\"name\":\"Comment\",\"target\":[\"https:\\\/\\\/vengria.info\\\/?p=18325#respond\"]}]},{\"@type\":\"WebPage\",\"@id\":\"https:\\\/\\\/vengria.info\\\/?p=18325\",\"url\":\"https:\\\/\\\/vengria.info\\\/?p=18325\",\"name\":\"A rezerv\u00e1tumban mindenki tudta, hogy Thomas n\u00e9lk\u00fcl senki sem k\u00f6zel\u00edtheti meg ezt a gorill\u00e1t. -\",\"isPartOf\":{\"@id\":\"https:\\\/\\\/vengria.info\\\/#website\"},\"primaryImageOfPage\":{\"@id\":\"https:\\\/\\\/vengria.info\\\/?p=18325#primaryimage\"},\"image\":{\"@id\":\"https:\\\/\\\/vengria.info\\\/?p=18325#primaryimage\"},\"thumbnailUrl\":\"https:\\\/\\\/vengria.info\\\/wp-content\\\/uploads\\\/2026\\\/09\\\/qdwaszxwdasxz.jpg\",\"datePublished\":\"2026-09-05T13:08:12+00:00\",\"dateModified\":\"2026-09-05T13:08:13+00:00\",\"author\":{\"@id\":\"https:\\\/\\\/vengria.info\\\/#\\\/schema\\\/person\\\/b815b04a6b1fb36a2d064955a92f68d4\"},\"breadcrumb\":{\"@id\":\"https:\\\/\\\/vengria.info\\\/?p=18325#breadcrumb\"},\"inLanguage\":\"en-US\",\"potentialAction\":[{\"@type\":\"ReadAction\",\"target\":[\"https:\\\/\\\/vengria.info\\\/?p=18325\"]}]},{\"@type\":\"ImageObject\",\"inLanguage\":\"en-US\",\"@id\":\"https:\\\/\\\/vengria.info\\\/?p=18325#primaryimage\",\"url\":\"https:\\\/\\\/vengria.info\\\/wp-content\\\/uploads\\\/2026\\\/09\\\/qdwaszxwdasxz.jpg\",\"contentUrl\":\"https:\\\/\\\/vengria.info\\\/wp-content\\\/uploads\\\/2026\\\/09\\\/qdwaszxwdasxz.jpg\",\"width\":1041,\"height\":1008},{\"@type\":\"BreadcrumbList\",\"@id\":\"https:\\\/\\\/vengria.info\\\/?p=18325#breadcrumb\",\"itemListElement\":[{\"@type\":\"ListItem\",\"position\":1,\"name\":\"Home\",\"item\":\"https:\\\/\\\/vengria.info\\\/\"},{\"@type\":\"ListItem\",\"position\":2,\"name\":\"A rezerv\u00e1tumban mindenki tudta, hogy Thomas n\u00e9lk\u00fcl senki sem k\u00f6zel\u00edtheti meg ezt a gorill\u00e1t.\"}]},{\"@type\":\"WebSite\",\"@id\":\"https:\\\/\\\/vengria.info\\\/#website\",\"url\":\"https:\\\/\\\/vengria.info\\\/\",\"name\":\"\",\"description\":\"\",\"potentialAction\":[{\"@type\":\"SearchAction\",\"target\":{\"@type\":\"EntryPoint\",\"urlTemplate\":\"https:\\\/\\\/vengria.info\\\/?s={search_term_string}\"},\"query-input\":{\"@type\":\"PropertyValueSpecification\",\"valueRequired\":true,\"valueName\":\"search_term_string\"}}],\"inLanguage\":\"en-US\"},{\"@type\":\"Person\",\"@id\":\"https:\\\/\\\/vengria.info\\\/#\\\/schema\\\/person\\\/b815b04a6b1fb36a2d064955a92f68d4\",\"name\":\"admin\",\"image\":{\"@type\":\"ImageObject\",\"inLanguage\":\"en-US\",\"@id\":\"https:\\\/\\\/secure.gravatar.com\\\/avatar\\\/a29bad30ab19883c48927f9ee55a40d0d1a0c3c343bcef70ad9a0a9cb421f0fa?s=96&d=mm&r=g\",\"url\":\"https:\\\/\\\/secure.gravatar.com\\\/avatar\\\/a29bad30ab19883c48927f9ee55a40d0d1a0c3c343bcef70ad9a0a9cb421f0fa?s=96&d=mm&r=g\",\"contentUrl\":\"https:\\\/\\\/secure.gravatar.com\\\/avatar\\\/a29bad30ab19883c48927f9ee55a40d0d1a0c3c343bcef70ad9a0a9cb421f0fa?s=96&d=mm&r=g\",\"caption\":\"admin\"},\"sameAs\":[\"http:\\\/\\\/vengria.info\"],\"url\":\"https:\\\/\\\/vengria.info\\\/?author=1\"}]}<\/script>\n<!-- \/ Yoast SEO plugin. -->","yoast_head_json":{"title":"A rezerv\u00e1tumban mindenki tudta, hogy Thomas n\u00e9lk\u00fcl senki sem k\u00f6zel\u00edtheti meg ezt a gorill\u00e1t. -","robots":{"index":"index","follow":"follow","max-snippet":"max-snippet:-1","max-image-preview":"max-image-preview:large","max-video-preview":"max-video-preview:-1"},"canonical":"https:\/\/vengria.info\/?p=18325","og_locale":"en_US","og_type":"article","og_title":"A rezerv\u00e1tumban mindenki tudta, hogy Thomas n\u00e9lk\u00fcl senki sem k\u00f6zel\u00edtheti meg ezt a gorill\u00e1t. -","og_description":"Kisz\u00e1m\u00edthatatlan term\u00e9szet\u00e9r\u0151l volt ismert. Fenyeget\u0151en reag\u00e1lt n\u00e9h\u00e1ny alkalmazottra, t\u00f6bbsz\u00f6r is hevesen megt\u00e1madta a k\u00f6zeledni pr\u00f3b\u00e1l\u00f3 park\u0151r\u00f6ket, \u00e9s az \u00e9vek sor\u00e1n a szem\u00e9lyzet k\u00f6r\u00e9ben","og_url":"https:\/\/vengria.info\/?p=18325","article_published_time":"2026-09-05T13:08:12+00:00","article_modified_time":"2026-09-05T13:08:13+00:00","og_image":[{"width":1041,"height":1008,"url":"https:\/\/vengria.info\/wp-content\/uploads\/2026\/09\/qdwaszxwdasxz.jpg","type":"image\/jpeg"}],"author":"admin","twitter_card":"summary_large_image","twitter_misc":{"Written by":"admin","Est. reading time":"4 minutes"},"schema":{"@context":"https:\/\/schema.org","@graph":[{"@type":"Article","@id":"https:\/\/vengria.info\/?p=18325#article","isPartOf":{"@id":"https:\/\/vengria.info\/?p=18325"},"author":{"name":"admin","@id":"https:\/\/vengria.info\/#\/schema\/person\/b815b04a6b1fb36a2d064955a92f68d4"},"headline":"A rezerv\u00e1tumban mindenki tudta, hogy Thomas n\u00e9lk\u00fcl senki sem k\u00f6zel\u00edtheti meg ezt a gorill\u00e1t.","datePublished":"2026-09-05T13:08:12+00:00","dateModified":"2026-09-05T13:08:13+00:00","mainEntityOfPage":{"@id":"https:\/\/vengria.info\/?p=18325"},"wordCount":1105,"commentCount":0,"image":{"@id":"https:\/\/vengria.info\/?p=18325#primaryimage"},"thumbnailUrl":"https:\/\/vengria.info\/wp-content\/uploads\/2026\/09\/qdwaszxwdasxz.jpg","articleSection":["NEWS","VIDEO"],"inLanguage":"en-US","potentialAction":[{"@type":"CommentAction","name":"Comment","target":["https:\/\/vengria.info\/?p=18325#respond"]}]},{"@type":"WebPage","@id":"https:\/\/vengria.info\/?p=18325","url":"https:\/\/vengria.info\/?p=18325","name":"A rezerv\u00e1tumban mindenki tudta, hogy Thomas n\u00e9lk\u00fcl senki sem k\u00f6zel\u00edtheti meg ezt a gorill\u00e1t. -","isPartOf":{"@id":"https:\/\/vengria.info\/#website"},"primaryImageOfPage":{"@id":"https:\/\/vengria.info\/?p=18325#primaryimage"},"image":{"@id":"https:\/\/vengria.info\/?p=18325#primaryimage"},"thumbnailUrl":"https:\/\/vengria.info\/wp-content\/uploads\/2026\/09\/qdwaszxwdasxz.jpg","datePublished":"2026-09-05T13:08:12+00:00","dateModified":"2026-09-05T13:08:13+00:00","author":{"@id":"https:\/\/vengria.info\/#\/schema\/person\/b815b04a6b1fb36a2d064955a92f68d4"},"breadcrumb":{"@id":"https:\/\/vengria.info\/?p=18325#breadcrumb"},"inLanguage":"en-US","potentialAction":[{"@type":"ReadAction","target":["https:\/\/vengria.info\/?p=18325"]}]},{"@type":"ImageObject","inLanguage":"en-US","@id":"https:\/\/vengria.info\/?p=18325#primaryimage","url":"https:\/\/vengria.info\/wp-content\/uploads\/2026\/09\/qdwaszxwdasxz.jpg","contentUrl":"https:\/\/vengria.info\/wp-content\/uploads\/2026\/09\/qdwaszxwdasxz.jpg","width":1041,"height":1008},{"@type":"BreadcrumbList","@id":"https:\/\/vengria.info\/?p=18325#breadcrumb","itemListElement":[{"@type":"ListItem","position":1,"name":"Home","item":"https:\/\/vengria.info\/"},{"@type":"ListItem","position":2,"name":"A rezerv\u00e1tumban mindenki tudta, hogy Thomas n\u00e9lk\u00fcl senki sem k\u00f6zel\u00edtheti meg ezt a gorill\u00e1t."}]},{"@type":"WebSite","@id":"https:\/\/vengria.info\/#website","url":"https:\/\/vengria.info\/","name":"","description":"","potentialAction":[{"@type":"SearchAction","target":{"@type":"EntryPoint","urlTemplate":"https:\/\/vengria.info\/?s={search_term_string}"},"query-input":{"@type":"PropertyValueSpecification","valueRequired":true,"valueName":"search_term_string"}}],"inLanguage":"en-US"},{"@type":"Person","@id":"https:\/\/vengria.info\/#\/schema\/person\/b815b04a6b1fb36a2d064955a92f68d4","name":"admin","image":{"@type":"ImageObject","inLanguage":"en-US","@id":"https:\/\/secure.gravatar.com\/avatar\/a29bad30ab19883c48927f9ee55a40d0d1a0c3c343bcef70ad9a0a9cb421f0fa?s=96&d=mm&r=g","url":"https:\/\/secure.gravatar.com\/avatar\/a29bad30ab19883c48927f9ee55a40d0d1a0c3c343bcef70ad9a0a9cb421f0fa?s=96&d=mm&r=g","contentUrl":"https:\/\/secure.gravatar.com\/avatar\/a29bad30ab19883c48927f9ee55a40d0d1a0c3c343bcef70ad9a0a9cb421f0fa?s=96&d=mm&r=g","caption":"admin"},"sameAs":["http:\/\/vengria.info"],"url":"https:\/\/vengria.info\/?author=1"}]}},"_links":{"self":[{"href":"https:\/\/vengria.info\/index.php?rest_route=\/wp\/v2\/posts\/18325","targetHints":{"allow":["GET"]}}],"collection":[{"href":"https:\/\/vengria.info\/index.php?rest_route=\/wp\/v2\/posts"}],"about":[{"href":"https:\/\/vengria.info\/index.php?rest_route=\/wp\/v2\/types\/post"}],"author":[{"embeddable":true,"href":"https:\/\/vengria.info\/index.php?rest_route=\/wp\/v2\/users\/1"}],"replies":[{"embeddable":true,"href":"https:\/\/vengria.info\/index.php?rest_route=%2Fwp%2Fv2%2Fcomments&post=18325"}],"version-history":[{"count":1,"href":"https:\/\/vengria.info\/index.php?rest_route=\/wp\/v2\/posts\/18325\/revisions"}],"predecessor-version":[{"id":18329,"href":"https:\/\/vengria.info\/index.php?rest_route=\/wp\/v2\/posts\/18325\/revisions\/18329"}],"wp:featuredmedia":[{"embeddable":true,"href":"https:\/\/vengria.info\/index.php?rest_route=\/wp\/v2\/media\/18327"}],"wp:attachment":[{"href":"https:\/\/vengria.info\/index.php?rest_route=%2Fwp%2Fv2%2Fmedia&parent=18325"}],"wp:term":[{"taxonomy":"category","embeddable":true,"href":"https:\/\/vengria.info\/index.php?rest_route=%2Fwp%2Fv2%2Fcategories&post=18325"},{"taxonomy":"post_tag","embeddable":true,"href":"https:\/\/vengria.info\/index.php?rest_route=%2Fwp%2Fv2%2Ftags&post=18325"}],"curies":[{"name":"wp","href":"https:\/\/api.w.org\/{rel}","templated":true}]}}