{"id":18318,"date":"2026-09-05T13:04:28","date_gmt":"2026-09-05T13:04:28","guid":{"rendered":"https:\/\/vengria.info\/?p=18318"},"modified":"2026-09-05T13:04:30","modified_gmt":"2026-09-05T13:04:30","slug":"felbereltem-egy-szineszt-hogy-eljatssza-a-baratomat-egy-szuletesnapi-medencepartin-csak-egy-dolgot-akartam-tudatni-a-volt-ferjemmel-hogy-a-halala-nem-tett-tonkre-engem","status":"publish","type":"post","link":"https:\/\/vengria.info\/?p=18318","title":{"rendered":"Felb\u00e9reltem egy sz\u00edn\u00e9szt, hogy elj\u00e1tssza a bar\u00e1tomat egy sz\u00fclet\u00e9snapi medencepartin. Csak egy dolgot akartam: tudatni a volt f\u00e9rjemmel, hogy a hal\u00e1la nem tett t\u00f6nkre engem."},"content":{"rendered":"\n<p class=\"wp-block-paragraph\">Nem is sejtettem, hogy a f\u00e9rfi, akit egyetlen est\u00e9re felb\u00e9reltem, v\u00e9g\u00fcl el\u00e1rul egy titkot, ami \u00f6r\u00f6kre megv\u00e1ltoztatja a kapcsolatunkat.<\/p>\n\n\n\n<p class=\"wp-block-paragraph\">K\u00f6zel h\u00fasz \u00e9vet t\u00f6lt\u00f6ttem Thomasszal az \u00e9letemb\u0151l. Amikor r\u00f6viddel az egyetem ut\u00e1n megk\u00e9rte a kezem, azt hittem, megtal\u00e1ltam azt a szem\u00e9lyt, akivel meg\u00f6regedhetek. K\u00f6z\u00f6s h\u00e1zunk volt, k\u00f6z\u00f6s eml\u00e9keink \u00e9s n\u00e9gy gyermek\u00fcnk. \u00c1t\u00e9lt\u00fck az els\u0151 terhess\u00e9geinket, \u00e1lmatlan \u00e9jszak\u00e1kat a bab\u00e1inkkal, az els\u0151 l\u00e9p\u00e9seiket, iskolai sz\u00edndarabokat \u00e9s csal\u00e1di nyaral\u00e1sokat egy\u00fctt.<\/p>\n\n\n\n<p class=\"wp-block-paragraph\">Azt hittem, a h\u00e1zass\u00e1gunk tart\u00f3s lesz.<\/p>\n\n\n\n<p class=\"wp-block-paragraph\">T\u00e9vedtem.<\/p>\n\n\n\n<p class=\"wp-block-paragraph\">Az igazs\u00e1g nagyon h\u00e9tk\u00f6znapi m\u00f3don der\u00fclt ki.<\/p>\n\n\n\n<p class=\"wp-block-paragraph\">Egyik este a karjaimban tartottam a legkisebb l\u00e1nyunkat, aki csak hat h\u00f3napos volt. Thomas mellettem \u00fclt, a telefonja az asztalon. A k\u00e9perny\u0151 vil\u00e1g\u00edtott.<\/p>\n\n\n\n<p class=\"wp-block-paragraph\">Egy \u00fczenet j\u00f6tt egy n\u0151t\u0151l, akinek a nev\u00e9t nem tudtam.<\/p>\n\n\n\n<p class=\"wp-block-paragraph\">El\u0151sz\u00f6r nem akartam semmit elolvasni. Azt\u00e1n megl\u00e1ttam n\u00e9h\u00e1ny sz\u00f3t, amit\u0151l azonnal \u00f6sszeszorult a gyomrom.<\/p>\n\n\n\n<p class=\"wp-block-paragraph\">\u201eHi\u00e1nyzol. Mikor j\u00f6ssz vissza?\u201d<\/p>\n\n\n\n<p class=\"wp-block-paragraph\">Megk\u00e9rdeztem Thomast\u00f3l, hogy ki az.<\/p>\n\n\n\n<p class=\"wp-block-paragraph\">M\u00e9g csak meg sem pr\u00f3b\u00e1lt hazudni.<\/p>\n\n\n\n<p class=\"wp-block-paragraph\">R\u00e1m n\u00e9zett, \u00e9s nyugodtan azt mondta:<\/p>\n\n\n\n<p class=\"wp-block-paragraph\">\u201eSophie a neve. T\u00f6bb mint egy \u00e9ve vagyunk egy\u00fctt.\u201d<\/p>\n\n\n\n<p class=\"wp-block-paragraph\">\u00dagy \u00e9reztem, mintha f\u00e9lrehallottam volna.<\/p>\n\n\n\n<p class=\"wp-block-paragraph\">\u201eT\u00f6bb mint egy \u00e9ve?\u201d<\/p>\n\n\n\n<p class=\"wp-block-paragraph\">B\u00f3lintott.<\/p>\n\n\n\n<p class=\"wp-block-paragraph\">Abban a pillanatban meg\u00e9rtettem valamit, ami m\u00e9g jobban f\u00e1jt, mint maga a h\u0171tlens\u00e9g. Mik\u00f6zben a negyedik gyermek\u00fcnkkel voltam terhes, mik\u00f6zben a csal\u00e1dr\u00f3l gondoskodtam, \u00e9s hittem, hogy boldog h\u00e1zass\u00e1gban \u00e9l\u00fcnk, Thomas m\u00e1r teljesen m\u00e1s \u00e9letet \u00e9lt.<\/p>\n\n\n\n<p class=\"wp-block-paragraph\">Sophie a titk\u00e1rn\u0151je volt. Fiatalabb, magabiztosabb volt, \u00e9s Thomas szerint pontosan az, amit most az \u00e9lett\u0151l akart.<\/p>\n\n\n\n<p class=\"wp-block-paragraph\">Azt\u00e1n j\u00f6tt egy mondat, amire \u00e9letem v\u00e9g\u00e9ig eml\u00e9kezni fogok.<\/p>\n\n\n\n<p class=\"wp-block-paragraph\">\u201eNem akarok t\u00f6bb id\u0151t pazarolni egy olyan n\u0151re, aki nem vonz.\u201d<\/p>\n\n\n\n<p class=\"wp-block-paragraph\">R\u00e1n\u00e9ztem, \u00e9s egy pillanatra k\u00e9ptelen voltam v\u00e1laszolni.<\/p>\n\n\n\n<p class=\"wp-block-paragraph\">A karjaimban tartottam a kisbab\u00e1nkat.<\/p>\n\n\n\n<p class=\"wp-block-paragraph\">Hirtelen nem ismertem fel azt a szem\u00e9lyt, akiben majdnem k\u00e9t \u00e9vtizeden \u00e1t megb\u00edztam.<\/p>\n\n\n\n<p class=\"wp-block-paragraph\">K\u00f6vetkezett a v\u00e1l\u00e1s. Napok tele vit\u00e1kkal, \u00fcgyv\u00e9dekkel, pap\u00edrmunk\u00e1val \u00e9s olyan besz\u00e9lget\u00e9sekkel, amiket soha nem akartam. \u00dajra kellett rendeznem az eg\u00e9sz \u00e9letemet, mik\u00f6zben a gyerekeim el\u0151tt azt sz\u00ednleltem, hogy \u00e9n ir\u00e1ny\u00edtok mindent.<\/p>\n\n\n\n<p class=\"wp-block-paragraph\">A legnehezebb az volt, hogy ne fogadjam el, hogy Thomas nincs.<\/p>\n\n\n\n<p class=\"wp-block-paragraph\">A legnehezebb az volt, hogy elfogadjam, ahogyan elment.<\/p>\n\n\n\n<p class=\"wp-block-paragraph\">M\u00e9gis fokozatosan kezdtem a saj\u00e1t l\u00e1bamra \u00e1llni.<\/p>\n\n\n\n<p class=\"wp-block-paragraph\">\u00c9s akkor j\u00f6tt a fiunk tizen\u00f6t\u00f6dik sz\u00fclet\u00e9snapja.<\/p>\n\n\n\n<p class=\"wp-block-paragraph\">Egy nagy medencepartit akart. Meg akarta h\u00edvni a bar\u00e1tait, rokonait \u00e9s mindenkit, akit szeretett. Teljes\u00edteni akartam a k\u00edv\u00e1ns\u00e1g\u00e1t, ez\u00e9rt heteket t\u00f6lt\u00f6ttem azzal, hogy mindent el\u0151k\u00e9sz\u00edtsek.<\/p>\n\n\n\n<p class=\"wp-block-paragraph\">Megrendeltem az \u00e9telt, a dekor\u00e1ci\u00f3t, a zen\u00e9t, \u00e9s minden r\u00e9szletre odafigyeltem.<\/p>\n\n\n\n<p class=\"wp-block-paragraph\">Azt akartam, hogy ez egy olyan nap legyen, amit soha nem fog elfelejteni.<\/p>\n\n\n\n<p class=\"wp-block-paragraph\">De n\u00e9h\u00e1ny nappal a buli el\u0151tt kaptam egy \u00fczenetet Thomast\u00f3l.<\/p>\n\n\n\n<p class=\"wp-block-paragraph\">\u201eSophie-val j\u00f6v\u00f6k. \u0150 a csal\u00e1dom r\u00e9sze.\u201d<\/p>\n\n\n\n<p class=\"wp-block-paragraph\">\u00dajra \u00e9s \u00fajra elolvastam ezt a mondatot.<\/p>\n\n\n\n<p class=\"wp-block-paragraph\">Nem voltam k\u00e9sz arra, hogy az eg\u00e9sz est\u00e9t a n\u0151 mellett t\u00f6ltsem, aki sz\u00e9tszak\u00edtotta a csal\u00e1domat. De nem akartam elrontani a fiam sz\u00fclet\u00e9snapj\u00e1t.<\/p>\n\n\n\n<p class=\"wp-block-paragraph\">\u00c9s mindenekel\u0151tt nem akartam, hogy Thomas l\u00e1ssa, mennyire f\u00e1j m\u00e9g mindig a t\u00e1voz\u00e1sa.<\/p>\n\n\n\n<figure class=\"wp-block-image size-large\"><img loading=\"lazy\" decoding=\"async\" width=\"826\" height=\"1024\" src=\"https:\/\/vengria.info\/wp-content\/uploads\/2026\/09\/qwdasxzaszx-826x1024.jpg\" alt=\"\" class=\"wp-image-18320\" srcset=\"https:\/\/vengria.info\/wp-content\/uploads\/2026\/09\/qwdasxzaszx-826x1024.jpg 826w, https:\/\/vengria.info\/wp-content\/uploads\/2026\/09\/qwdasxzaszx-242x300.jpg 242w, https:\/\/vengria.info\/wp-content\/uploads\/2026\/09\/qwdasxzaszx-768x952.jpg 768w, https:\/\/vengria.info\/wp-content\/uploads\/2026\/09\/qwdasxzaszx.jpg 928w\" sizes=\"auto, (max-width: 826px) 100vw, 826px\" \/><\/figure>\n\n\n\n<p class=\"wp-block-paragraph\">Abban a pillanatban egy \u0151r\u00fclt gondolat jutott eszembe.<\/p>\n\n\n\n<p class=\"wp-block-paragraph\">Ha mag\u00e1val hozza az \u00faj partner\u00e9t, mi\u00e9rt legyek egyed\u00fcl?<\/p>\n\n\n\n<p class=\"wp-block-paragraph\">Felh\u00edvtam a sz\u00ednj\u00e1tsz\u00f3 \u00fcgyn\u00f6ks\u00e9get.<\/p>\n\n\n\n<p class=\"wp-block-paragraph\">Elmagyar\u00e1ztam a helyzetet, \u00e9s k\u00e9rtem egy f\u00e9rfit, aki hajland\u00f3 lenne n\u00e9h\u00e1ny \u00f3r\u00e1ra a bar\u00e1tomnak tettetni mag\u00e1t.<\/p>\n\n\n\n<p class=\"wp-block-paragraph\">M\u00e1snap k\u00fcldtek nekem egy Alexandre nev\u0171 f\u00e9rfi fot\u00f3j\u00e1t.<\/p>\n\n\n\n<p class=\"wp-block-paragraph\">Amikor k\u00e9s\u0151bb szem\u00e9lyesen l\u00e1ttam, majdnem elfelejtettem, mi\u00e9rt szerz\u0151dtettem.<\/p>\n\n\n\n<p class=\"wp-block-paragraph\">Magas volt, eleg\u00e1ns, magabiztos, \u00e9s teljesen term\u00e9szetesnek t\u0171nt. \u00dagy n\u00e9zett ki, mint egy f\u00e9rfi, akit b\u00e1rki azonnal \u00e9szrevenne.<\/p>\n\n\n\n<p class=\"wp-block-paragraph\">Hirtelen elkezdtem k\u00e9telkedni magamban mellette.<\/p>\n\n\n\n<p class=\"wp-block-paragraph\">\u2013 Tal\u00e1n le kellene mondanunk \u2013 mondtam.<\/p>\n\n\n\n<p class=\"wp-block-paragraph\">Alexandre r\u00e1m n\u00e9zett \u00e9s megk\u00e9rdezte:<\/p>\n\n\n\n<p class=\"wp-block-paragraph\">\u2013 Mi\u00e9rt?<\/p>\n\n\n\n<p class=\"wp-block-paragraph\">\u2013 Mert nevets\u00e9ges lenne.<\/p>\n\n\n\n<p class=\"wp-block-paragraph\">Elmosolyodott.<\/p>\n\n\n\n<p class=\"wp-block-paragraph\">\u2013 Vagy csak att\u00f3l f\u00e9lsz, hogy mit fog gondolni a volt f\u00e9rjed?<\/p>\n\n\n\n<p class=\"wp-block-paragraph\">Nem tudtam v\u00e1laszolni.<\/p>\n\n\n\n<p class=\"wp-block-paragraph\">Azt\u00e1n hozz\u00e1tette:<\/p>\n\n\n\n<p class=\"wp-block-paragraph\">\u2013 Nem akarod megmutatni neki, hogy boldog vagy n\u00e9lk\u00fcle?<\/p>\n\n\n\n<p class=\"wp-block-paragraph\">Ez a mondat megfogott.<\/p>\n\n\n\n<p class=\"wp-block-paragraph\">\u00cdgy h\u00e1t beleegyeztem.<\/p>\n\n\n\n<p class=\"wp-block-paragraph\">A buli napj\u00e1n felvettem egy ruh\u00e1t, amit m\u00e1r r\u00e9g\u00f3ta nem mertem felvenni. Megcsin\u00e1ltam a hajam, sminkeltem, \u00e9s hossz\u00fa id\u0151 \u00f3ta el\u0151sz\u00f6r m\u00e1sk\u00e9nt n\u00e9ztem magam a t\u00fck\u00f6rben, mint n\u00e9gygyermekes anyak\u00e9nt.<\/p>\n\n\n\n<p class=\"wp-block-paragraph\">Amikor Alexandre meg\u00e9rkezett, elmosolyodott \u00e9s azt mondta:<\/p>\n\n\n\n<p class=\"wp-block-paragraph\">\u2013 Nem kell bocs\u00e1natot k\u00e9rned, ami\u00e9rt ma este boldognak t\u0171nsz.<\/p>\n\n\n\n<p class=\"wp-block-paragraph\">A buli elkezd\u0151d\u00f6tt.<\/p>\n\n\n\n<p class=\"wp-block-paragraph\">A gyerekek a medence k\u00f6r\u00fcl rohang\u00e1ltak, sz\u00f3lt a zene, \u00e9s a vend\u00e9gek nevettek. N\u00e9h\u00e1ny percre \u00e9n is elfeledkeztem mindenr\u0151l, ami t\u00f6rt\u00e9nt.<\/p>\n\n\n\n<p class=\"wp-block-paragraph\">Azt\u00e1n Thomas megjelent a kapuban.<\/p>\n\n\n\n<p class=\"wp-block-paragraph\">Sophie mellette s\u00e9t\u00e1lt.<\/p>\n\n\n\n<p class=\"wp-block-paragraph\">K\u00e9zen fogva \u00e1lltak.<\/p>\n\n\n\n<p class=\"wp-block-paragraph\">Thomas \u00e9szrevett engem, \u00e9s egy pillanatra meg\u00e1llt.<\/p>\n\n\n\n<p class=\"wp-block-paragraph\">Azt\u00e1n Alexandre-ra n\u00e9zett.<\/p>\n\n\n\n<p class=\"wp-block-paragraph\">Megv\u00e1ltozott az arckifejez\u00e9se.<\/p>\n\n\n\n<p class=\"wp-block-paragraph\">Odaj\u00f6tt hozz\u00e1nk, \u00e9s szarkasztikusan elmosolyodott.<\/p>\n\n\n\n<p class=\"wp-block-paragraph\">\u201eSz\u00f3val ez \u00faj\u201d \u2013 mondta.<\/p>\n\n\n\n<p class=\"wp-block-paragraph\">\u201eIgen\u201d \u2013 v\u00e1laszoltam nyugodtan.<\/p>\n\n\n\n<p class=\"wp-block-paragraph\">Thomas v\u00e9gigm\u00e9rte Alexandert.<\/p>\n\n\n\n<p class=\"wp-block-paragraph\">Azt\u00e1n nevetett.<\/p>\n\n\n\n<p class=\"wp-block-paragraph\">\u201eT\u00e9nyleg azt v\u00e1rod, hogy b\u00e1rki is elhiggye ezt?\u201d<\/p>\n\n\n\n<p class=\"wp-block-paragraph\">\u00c9reztem, hogy l\u00e1ngol az arcom.<\/p>\n\n\n\n<p class=\"wp-block-paragraph\">De Thomas m\u00e9g nem fejezte be.<\/p>\n\n\n\n<p class=\"wp-block-paragraph\">\u201eEz az ember soha nem lenne veled. N\u00e9zt\u00e9l m\u00e1r valaha a t\u00fck\u00f6rbe?\u201d<\/p>\n\n\n\n<p class=\"wp-block-paragraph\">Egy pillanatra minden elcsendesedett k\u00f6r\u00fcl\u00f6ttem.<\/p>\n\n\n\n<p class=\"wp-block-paragraph\">A vend\u00e9gek k\u00f6z\u00fcl t\u00f6bben is megfordultak.<\/p>\n\n\n\n<p class=\"wp-block-paragraph\">El akartam menni.<\/p>\n\n\n\n<p class=\"wp-block-paragraph\">El akartam t\u0171nni.<\/p>\n\n\n\n<p class=\"wp-block-paragraph\"><\/p>\n","protected":false},"excerpt":{"rendered":"Nem is sejtettem, hogy a f\u00e9rfi, akit egyetlen est\u00e9re felb\u00e9reltem, v\u00e9g\u00fcl el\u00e1rul egy titkot, ami \u00f6r\u00f6kre megv\u00e1ltoztatja a kapcsolatunkat. K\u00f6zel h\u00fasz \u00e9vet t\u00f6lt\u00f6ttem \n<a class=\"moretag\" href=\"https:\/\/vengria.info\/?p=18318\"> [...]<\/a>","protected":false},"author":1,"featured_media":18320,"comment_status":"open","ping_status":"open","sticky":false,"template":"","format":"standard","meta":{"footnotes":""},"categories":[1,2],"tags":[],"class_list":["post-18318","post","type-post","status-publish","format-standard","has-post-thumbnail","hentry","category-news","category-video"],"yoast_head":"<!-- This site is optimized with the Yoast SEO plugin v28.3 - https:\/\/yoast.com\/product\/yoast-seo-wordpress\/ -->\n<title>Felb\u00e9reltem egy sz\u00edn\u00e9szt, hogy elj\u00e1tssza a bar\u00e1tomat egy sz\u00fclet\u00e9snapi medencepartin. Csak egy dolgot akartam: tudatni a volt f\u00e9rjemmel, hogy a hal\u00e1la nem tett t\u00f6nkre engem. -<\/title>\n<meta name=\"robots\" content=\"index, follow, max-snippet:-1, max-image-preview:large, max-video-preview:-1\" \/>\n<link rel=\"canonical\" href=\"https:\/\/vengria.info\/?p=18318\" \/>\n<meta property=\"og:locale\" content=\"en_US\" \/>\n<meta property=\"og:type\" content=\"article\" \/>\n<meta property=\"og:title\" content=\"Felb\u00e9reltem egy sz\u00edn\u00e9szt, hogy elj\u00e1tssza a bar\u00e1tomat egy sz\u00fclet\u00e9snapi medencepartin. Csak egy dolgot akartam: tudatni a volt f\u00e9rjemmel, hogy a hal\u00e1la nem tett t\u00f6nkre engem. -\" \/>\n<meta property=\"og:description\" content=\"Nem is sejtettem, hogy a f\u00e9rfi, akit egyetlen est\u00e9re felb\u00e9reltem, v\u00e9g\u00fcl el\u00e1rul egy titkot, ami \u00f6r\u00f6kre megv\u00e1ltoztatja a kapcsolatunkat. K\u00f6zel h\u00fasz \u00e9vet t\u00f6lt\u00f6ttem\" \/>\n<meta property=\"og:url\" content=\"https:\/\/vengria.info\/?p=18318\" \/>\n<meta property=\"article:published_time\" content=\"2026-09-05T13:04:28+00:00\" \/>\n<meta property=\"article:modified_time\" content=\"2026-09-05T13:04:30+00:00\" \/>\n<meta property=\"og:image\" content=\"https:\/\/vengria.info\/wp-content\/uploads\/2026\/09\/qwdasxzaszx.jpg\" \/>\n\t<meta property=\"og:image:width\" content=\"928\" \/>\n\t<meta property=\"og:image:height\" content=\"1151\" \/>\n\t<meta property=\"og:image:type\" content=\"image\/jpeg\" \/>\n<meta name=\"author\" content=\"admin\" \/>\n<meta name=\"twitter:card\" content=\"summary_large_image\" \/>\n<meta name=\"twitter:label1\" content=\"Written by\" \/>\n\t<meta name=\"twitter:data1\" content=\"admin\" \/>\n\t<meta name=\"twitter:label2\" content=\"Est. reading time\" \/>\n\t<meta name=\"twitter:data2\" content=\"4 minutes\" \/>\n<script type=\"application\/ld+json\" class=\"yoast-schema-graph\">{\"@context\":\"https:\\\/\\\/schema.org\",\"@graph\":[{\"@type\":\"Article\",\"@id\":\"https:\\\/\\\/vengria.info\\\/?p=18318#article\",\"isPartOf\":{\"@id\":\"https:\\\/\\\/vengria.info\\\/?p=18318\"},\"author\":{\"name\":\"admin\",\"@id\":\"https:\\\/\\\/vengria.info\\\/#\\\/schema\\\/person\\\/b815b04a6b1fb36a2d064955a92f68d4\"},\"headline\":\"Felb\u00e9reltem egy sz\u00edn\u00e9szt, hogy elj\u00e1tssza a bar\u00e1tomat egy sz\u00fclet\u00e9snapi medencepartin. Csak egy dolgot akartam: tudatni a volt f\u00e9rjemmel, hogy a hal\u00e1la nem tett t\u00f6nkre engem.\",\"datePublished\":\"2026-09-05T13:04:28+00:00\",\"dateModified\":\"2026-09-05T13:04:30+00:00\",\"mainEntityOfPage\":{\"@id\":\"https:\\\/\\\/vengria.info\\\/?p=18318\"},\"wordCount\":1044,\"commentCount\":0,\"image\":{\"@id\":\"https:\\\/\\\/vengria.info\\\/?p=18318#primaryimage\"},\"thumbnailUrl\":\"https:\\\/\\\/vengria.info\\\/wp-content\\\/uploads\\\/2026\\\/09\\\/qwdasxzaszx.jpg\",\"articleSection\":[\"NEWS\",\"VIDEO\"],\"inLanguage\":\"en-US\",\"potentialAction\":[{\"@type\":\"CommentAction\",\"name\":\"Comment\",\"target\":[\"https:\\\/\\\/vengria.info\\\/?p=18318#respond\"]}]},{\"@type\":\"WebPage\",\"@id\":\"https:\\\/\\\/vengria.info\\\/?p=18318\",\"url\":\"https:\\\/\\\/vengria.info\\\/?p=18318\",\"name\":\"Felb\u00e9reltem egy sz\u00edn\u00e9szt, hogy elj\u00e1tssza a bar\u00e1tomat egy sz\u00fclet\u00e9snapi medencepartin. Csak egy dolgot akartam: tudatni a volt f\u00e9rjemmel, hogy a hal\u00e1la nem tett t\u00f6nkre engem. -\",\"isPartOf\":{\"@id\":\"https:\\\/\\\/vengria.info\\\/#website\"},\"primaryImageOfPage\":{\"@id\":\"https:\\\/\\\/vengria.info\\\/?p=18318#primaryimage\"},\"image\":{\"@id\":\"https:\\\/\\\/vengria.info\\\/?p=18318#primaryimage\"},\"thumbnailUrl\":\"https:\\\/\\\/vengria.info\\\/wp-content\\\/uploads\\\/2026\\\/09\\\/qwdasxzaszx.jpg\",\"datePublished\":\"2026-09-05T13:04:28+00:00\",\"dateModified\":\"2026-09-05T13:04:30+00:00\",\"author\":{\"@id\":\"https:\\\/\\\/vengria.info\\\/#\\\/schema\\\/person\\\/b815b04a6b1fb36a2d064955a92f68d4\"},\"breadcrumb\":{\"@id\":\"https:\\\/\\\/vengria.info\\\/?p=18318#breadcrumb\"},\"inLanguage\":\"en-US\",\"potentialAction\":[{\"@type\":\"ReadAction\",\"target\":[\"https:\\\/\\\/vengria.info\\\/?p=18318\"]}]},{\"@type\":\"ImageObject\",\"inLanguage\":\"en-US\",\"@id\":\"https:\\\/\\\/vengria.info\\\/?p=18318#primaryimage\",\"url\":\"https:\\\/\\\/vengria.info\\\/wp-content\\\/uploads\\\/2026\\\/09\\\/qwdasxzaszx.jpg\",\"contentUrl\":\"https:\\\/\\\/vengria.info\\\/wp-content\\\/uploads\\\/2026\\\/09\\\/qwdasxzaszx.jpg\",\"width\":928,\"height\":1151},{\"@type\":\"BreadcrumbList\",\"@id\":\"https:\\\/\\\/vengria.info\\\/?p=18318#breadcrumb\",\"itemListElement\":[{\"@type\":\"ListItem\",\"position\":1,\"name\":\"Home\",\"item\":\"https:\\\/\\\/vengria.info\\\/\"},{\"@type\":\"ListItem\",\"position\":2,\"name\":\"Felb\u00e9reltem egy sz\u00edn\u00e9szt, hogy elj\u00e1tssza a bar\u00e1tomat egy sz\u00fclet\u00e9snapi medencepartin. Csak egy dolgot akartam: tudatni a volt f\u00e9rjemmel, hogy a hal\u00e1la nem tett t\u00f6nkre engem.\"}]},{\"@type\":\"WebSite\",\"@id\":\"https:\\\/\\\/vengria.info\\\/#website\",\"url\":\"https:\\\/\\\/vengria.info\\\/\",\"name\":\"\",\"description\":\"\",\"potentialAction\":[{\"@type\":\"SearchAction\",\"target\":{\"@type\":\"EntryPoint\",\"urlTemplate\":\"https:\\\/\\\/vengria.info\\\/?s={search_term_string}\"},\"query-input\":{\"@type\":\"PropertyValueSpecification\",\"valueRequired\":true,\"valueName\":\"search_term_string\"}}],\"inLanguage\":\"en-US\"},{\"@type\":\"Person\",\"@id\":\"https:\\\/\\\/vengria.info\\\/#\\\/schema\\\/person\\\/b815b04a6b1fb36a2d064955a92f68d4\",\"name\":\"admin\",\"image\":{\"@type\":\"ImageObject\",\"inLanguage\":\"en-US\",\"@id\":\"https:\\\/\\\/secure.gravatar.com\\\/avatar\\\/a29bad30ab19883c48927f9ee55a40d0d1a0c3c343bcef70ad9a0a9cb421f0fa?s=96&d=mm&r=g\",\"url\":\"https:\\\/\\\/secure.gravatar.com\\\/avatar\\\/a29bad30ab19883c48927f9ee55a40d0d1a0c3c343bcef70ad9a0a9cb421f0fa?s=96&d=mm&r=g\",\"contentUrl\":\"https:\\\/\\\/secure.gravatar.com\\\/avatar\\\/a29bad30ab19883c48927f9ee55a40d0d1a0c3c343bcef70ad9a0a9cb421f0fa?s=96&d=mm&r=g\",\"caption\":\"admin\"},\"sameAs\":[\"http:\\\/\\\/vengria.info\"],\"url\":\"https:\\\/\\\/vengria.info\\\/?author=1\"}]}<\/script>\n<!-- \/ Yoast SEO plugin. -->","yoast_head_json":{"title":"Felb\u00e9reltem egy sz\u00edn\u00e9szt, hogy elj\u00e1tssza a bar\u00e1tomat egy sz\u00fclet\u00e9snapi medencepartin. Csak egy dolgot akartam: tudatni a volt f\u00e9rjemmel, hogy a hal\u00e1la nem tett t\u00f6nkre engem. -","robots":{"index":"index","follow":"follow","max-snippet":"max-snippet:-1","max-image-preview":"max-image-preview:large","max-video-preview":"max-video-preview:-1"},"canonical":"https:\/\/vengria.info\/?p=18318","og_locale":"en_US","og_type":"article","og_title":"Felb\u00e9reltem egy sz\u00edn\u00e9szt, hogy elj\u00e1tssza a bar\u00e1tomat egy sz\u00fclet\u00e9snapi medencepartin. Csak egy dolgot akartam: tudatni a volt f\u00e9rjemmel, hogy a hal\u00e1la nem tett t\u00f6nkre engem. -","og_description":"Nem is sejtettem, hogy a f\u00e9rfi, akit egyetlen est\u00e9re felb\u00e9reltem, v\u00e9g\u00fcl el\u00e1rul egy titkot, ami \u00f6r\u00f6kre megv\u00e1ltoztatja a kapcsolatunkat. K\u00f6zel h\u00fasz \u00e9vet t\u00f6lt\u00f6ttem","og_url":"https:\/\/vengria.info\/?p=18318","article_published_time":"2026-09-05T13:04:28+00:00","article_modified_time":"2026-09-05T13:04:30+00:00","og_image":[{"width":928,"height":1151,"url":"https:\/\/vengria.info\/wp-content\/uploads\/2026\/09\/qwdasxzaszx.jpg","type":"image\/jpeg"}],"author":"admin","twitter_card":"summary_large_image","twitter_misc":{"Written by":"admin","Est. reading time":"4 minutes"},"schema":{"@context":"https:\/\/schema.org","@graph":[{"@type":"Article","@id":"https:\/\/vengria.info\/?p=18318#article","isPartOf":{"@id":"https:\/\/vengria.info\/?p=18318"},"author":{"name":"admin","@id":"https:\/\/vengria.info\/#\/schema\/person\/b815b04a6b1fb36a2d064955a92f68d4"},"headline":"Felb\u00e9reltem egy sz\u00edn\u00e9szt, hogy elj\u00e1tssza a bar\u00e1tomat egy sz\u00fclet\u00e9snapi medencepartin. Csak egy dolgot akartam: tudatni a volt f\u00e9rjemmel, hogy a hal\u00e1la nem tett t\u00f6nkre engem.","datePublished":"2026-09-05T13:04:28+00:00","dateModified":"2026-09-05T13:04:30+00:00","mainEntityOfPage":{"@id":"https:\/\/vengria.info\/?p=18318"},"wordCount":1044,"commentCount":0,"image":{"@id":"https:\/\/vengria.info\/?p=18318#primaryimage"},"thumbnailUrl":"https:\/\/vengria.info\/wp-content\/uploads\/2026\/09\/qwdasxzaszx.jpg","articleSection":["NEWS","VIDEO"],"inLanguage":"en-US","potentialAction":[{"@type":"CommentAction","name":"Comment","target":["https:\/\/vengria.info\/?p=18318#respond"]}]},{"@type":"WebPage","@id":"https:\/\/vengria.info\/?p=18318","url":"https:\/\/vengria.info\/?p=18318","name":"Felb\u00e9reltem egy sz\u00edn\u00e9szt, hogy elj\u00e1tssza a bar\u00e1tomat egy sz\u00fclet\u00e9snapi medencepartin. Csak egy dolgot akartam: tudatni a volt f\u00e9rjemmel, hogy a hal\u00e1la nem tett t\u00f6nkre engem. -","isPartOf":{"@id":"https:\/\/vengria.info\/#website"},"primaryImageOfPage":{"@id":"https:\/\/vengria.info\/?p=18318#primaryimage"},"image":{"@id":"https:\/\/vengria.info\/?p=18318#primaryimage"},"thumbnailUrl":"https:\/\/vengria.info\/wp-content\/uploads\/2026\/09\/qwdasxzaszx.jpg","datePublished":"2026-09-05T13:04:28+00:00","dateModified":"2026-09-05T13:04:30+00:00","author":{"@id":"https:\/\/vengria.info\/#\/schema\/person\/b815b04a6b1fb36a2d064955a92f68d4"},"breadcrumb":{"@id":"https:\/\/vengria.info\/?p=18318#breadcrumb"},"inLanguage":"en-US","potentialAction":[{"@type":"ReadAction","target":["https:\/\/vengria.info\/?p=18318"]}]},{"@type":"ImageObject","inLanguage":"en-US","@id":"https:\/\/vengria.info\/?p=18318#primaryimage","url":"https:\/\/vengria.info\/wp-content\/uploads\/2026\/09\/qwdasxzaszx.jpg","contentUrl":"https:\/\/vengria.info\/wp-content\/uploads\/2026\/09\/qwdasxzaszx.jpg","width":928,"height":1151},{"@type":"BreadcrumbList","@id":"https:\/\/vengria.info\/?p=18318#breadcrumb","itemListElement":[{"@type":"ListItem","position":1,"name":"Home","item":"https:\/\/vengria.info\/"},{"@type":"ListItem","position":2,"name":"Felb\u00e9reltem egy sz\u00edn\u00e9szt, hogy elj\u00e1tssza a bar\u00e1tomat egy sz\u00fclet\u00e9snapi medencepartin. Csak egy dolgot akartam: tudatni a volt f\u00e9rjemmel, hogy a hal\u00e1la nem tett t\u00f6nkre engem."}]},{"@type":"WebSite","@id":"https:\/\/vengria.info\/#website","url":"https:\/\/vengria.info\/","name":"","description":"","potentialAction":[{"@type":"SearchAction","target":{"@type":"EntryPoint","urlTemplate":"https:\/\/vengria.info\/?s={search_term_string}"},"query-input":{"@type":"PropertyValueSpecification","valueRequired":true,"valueName":"search_term_string"}}],"inLanguage":"en-US"},{"@type":"Person","@id":"https:\/\/vengria.info\/#\/schema\/person\/b815b04a6b1fb36a2d064955a92f68d4","name":"admin","image":{"@type":"ImageObject","inLanguage":"en-US","@id":"https:\/\/secure.gravatar.com\/avatar\/a29bad30ab19883c48927f9ee55a40d0d1a0c3c343bcef70ad9a0a9cb421f0fa?s=96&d=mm&r=g","url":"https:\/\/secure.gravatar.com\/avatar\/a29bad30ab19883c48927f9ee55a40d0d1a0c3c343bcef70ad9a0a9cb421f0fa?s=96&d=mm&r=g","contentUrl":"https:\/\/secure.gravatar.com\/avatar\/a29bad30ab19883c48927f9ee55a40d0d1a0c3c343bcef70ad9a0a9cb421f0fa?s=96&d=mm&r=g","caption":"admin"},"sameAs":["http:\/\/vengria.info"],"url":"https:\/\/vengria.info\/?author=1"}]}},"_links":{"self":[{"href":"https:\/\/vengria.info\/index.php?rest_route=\/wp\/v2\/posts\/18318","targetHints":{"allow":["GET"]}}],"collection":[{"href":"https:\/\/vengria.info\/index.php?rest_route=\/wp\/v2\/posts"}],"about":[{"href":"https:\/\/vengria.info\/index.php?rest_route=\/wp\/v2\/types\/post"}],"author":[{"embeddable":true,"href":"https:\/\/vengria.info\/index.php?rest_route=\/wp\/v2\/users\/1"}],"replies":[{"embeddable":true,"href":"https:\/\/vengria.info\/index.php?rest_route=%2Fwp%2Fv2%2Fcomments&post=18318"}],"version-history":[{"count":1,"href":"https:\/\/vengria.info\/index.php?rest_route=\/wp\/v2\/posts\/18318\/revisions"}],"predecessor-version":[{"id":18322,"href":"https:\/\/vengria.info\/index.php?rest_route=\/wp\/v2\/posts\/18318\/revisions\/18322"}],"wp:featuredmedia":[{"embeddable":true,"href":"https:\/\/vengria.info\/index.php?rest_route=\/wp\/v2\/media\/18320"}],"wp:attachment":[{"href":"https:\/\/vengria.info\/index.php?rest_route=%2Fwp%2Fv2%2Fmedia&parent=18318"}],"wp:term":[{"taxonomy":"category","embeddable":true,"href":"https:\/\/vengria.info\/index.php?rest_route=%2Fwp%2Fv2%2Fcategories&post=18318"},{"taxonomy":"post_tag","embeddable":true,"href":"https:\/\/vengria.info\/index.php?rest_route=%2Fwp%2Fv2%2Ftags&post=18318"}],"curies":[{"name":"wp","href":"https:\/\/api.w.org\/{rel}","templated":true}]}}