{"id":18317,"date":"2026-09-05T13:04:16","date_gmt":"2026-09-05T13:04:16","guid":{"rendered":"https:\/\/vengria.info\/?p=18317"},"modified":"2026-09-05T13:04:18","modified_gmt":"2026-09-05T13:04:18","slug":"najala-jsem-si-herce-aby-se-na-narozeninove-bazenove-party-vydaval-za-meho-pritele-chtela-jsem-jen-jedine-aby-muj-byvaly-manzel-pochopil-ze-jeho-odchod-me-neznicil","status":"publish","type":"post","link":"https:\/\/vengria.info\/?p=18317","title":{"rendered":"Najala jsem si herce, aby se na narozeninov\u00e9 baz\u00e9nov\u00e9 p\u00e1rty vyd\u00e1val za m\u00e9ho p\u0159\u00edtele. Cht\u011bla jsem jen jedin\u00e9: aby m\u016fj b\u00fdval\u00fd man\u017eel pochopil, \u017ee jeho odchod m\u011b nezni\u010dil."},"content":{"rendered":"\n<p class=\"wp-block-paragraph\">Netu\u0161ila jsem v\u0161ak, \u017ee ten mu\u017e, kter\u00e9ho jsem si najala na jeden jedin\u00fd ve\u010der, nakonec odhal\u00ed tajemstv\u00ed, kter\u00e9 m\u011blo nav\u017edy zm\u011bnit n\u00e1\u0161 vztah.<\/p>\n\n\n\n<p class=\"wp-block-paragraph\">S Thomasem jsem str\u00e1vila t\u00e9m\u011b\u0159 dvacet let sv\u00e9ho \u017eivota. Kdy\u017e m\u011b kr\u00e1tce po vysok\u00e9 \u0161kole po\u017e\u00e1dal o ruku, v\u011b\u0159ila jsem, \u017ee jsem na\u0161la \u010dlov\u011bka, se kter\u00fdm zest\u00e1rnu. M\u011bli jsme spole\u010dn\u00fd d\u016fm, spole\u010dn\u00e9 vzpom\u00ednky a \u010dty\u0159i d\u011bti. Pro\u017eili jsme spolu prvn\u00ed t\u011bhotenstv\u00ed, bezesn\u00e9 noci s miminky, jejich prvn\u00ed kr\u016f\u010dky, \u0161koln\u00ed vystoupen\u00ed i rodinn\u00e9 dovolen\u00e9.<\/p>\n\n\n\n<p class=\"wp-block-paragraph\">Myslela jsem si, \u017ee na\u0161e man\u017eelstv\u00ed n\u011bco vydr\u017e\u00ed.<\/p>\n\n\n\n<p class=\"wp-block-paragraph\">M\u00fdlila jsem se.<\/p>\n\n\n\n<p class=\"wp-block-paragraph\">Pravda vy\u0161la najevo \u00fapln\u011b oby\u010dejn\u00fdm zp\u016fsobem.<\/p>\n\n\n\n<p class=\"wp-block-paragraph\">Jednoho ve\u010dera jsem dr\u017eela v n\u00e1ru\u010d\u00ed na\u0161i nejmlad\u0161\u00ed dceru, kter\u00e9 bylo teprve \u0161est m\u011bs\u00edc\u016f. Thomas sed\u011bl vedle m\u011b a telefon nechal polo\u017een\u00fd na stole. Obrazovka se rozsv\u00edtila.<\/p>\n\n\n\n<p class=\"wp-block-paragraph\">P\u0159i\u0161la zpr\u00e1va od \u017eeny, jej\u00ed\u017e jm\u00e9no jsem neznala.<\/p>\n\n\n\n<p class=\"wp-block-paragraph\">Nejd\u0159\u00edv jsem necht\u011bla nic \u010d\u00edst. Pak jsem ale uvid\u011bla n\u011bkolik slov, kter\u00e1 mi okam\u017eit\u011b st\u00e1hla \u017ealudek.<\/p>\n\n\n\n<p class=\"wp-block-paragraph\">\u201eChyb\u00ed\u0161 mi. Kdy zase p\u0159ijde\u0161?\u201c<\/p>\n\n\n\n<p class=\"wp-block-paragraph\">Zeptala jsem se Thomase, kdo to je.<\/p>\n\n\n\n<p class=\"wp-block-paragraph\">Ani se nesna\u017eil lh\u00e1t.<\/p>\n\n\n\n<p class=\"wp-block-paragraph\">Pod\u00edval se na m\u011b a klidn\u011b \u0159ekl:<\/p>\n\n\n\n<p class=\"wp-block-paragraph\">\u201eJmenuje se Sophie. Jsme spolu u\u017e v\u00edce ne\u017e rok.\u201c<\/p>\n\n\n\n<p class=\"wp-block-paragraph\">M\u011bla jsem pocit, \u017ee jsem \u0161patn\u011b sly\u0161ela.<\/p>\n\n\n\n<p class=\"wp-block-paragraph\">\u201eV\u00edce ne\u017e rok?\u201c<\/p>\n\n\n\n<p class=\"wp-block-paragraph\">P\u0159ik\u00fdvl.<\/p>\n\n\n\n<p class=\"wp-block-paragraph\">V tu chv\u00edli jsem pochopila n\u011bco, co m\u011b bolelo je\u0161t\u011b v\u00edc ne\u017e samotn\u00e1 nev\u011bra. Zat\u00edmco jsem byla t\u011bhotn\u00e1 s na\u0161\u00edm \u010dtvrt\u00fdm d\u00edt\u011btem, zat\u00edmco jsem se starala o rodinu a v\u011b\u0159ila, \u017ee m\u00e1me \u0161\u0165astn\u00e9 man\u017eelstv\u00ed, Thomas u\u017e vedl \u00fapln\u011b jin\u00fd \u017eivot.<\/p>\n\n\n\n<p class=\"wp-block-paragraph\">Sophie byla jeho sekret\u00e1\u0159ka. Byla mlad\u0161\u00ed, sebev\u011bdom\u00e1 a podle Thomase p\u0159esn\u011b odpov\u00eddala tomu, co te\u010f od \u017eivota cht\u011bl.<\/p>\n\n\n\n<p class=\"wp-block-paragraph\">Pak p\u0159i\u0161la v\u011bta, kterou si budu pamatovat do konce \u017eivota.<\/p>\n\n\n\n<p class=\"wp-block-paragraph\">\u201eNechci u\u017e ztr\u00e1cet \u010das se \u017eenou, kter\u00e1 m\u011b nep\u0159itahuje.\u201c<\/p>\n\n\n\n<p class=\"wp-block-paragraph\">Pod\u00edvala jsem se na n\u011bj a chv\u00edli jsem nebyla schopn\u00e1 odpov\u011bd\u011bt.<\/p>\n\n\n\n<p class=\"wp-block-paragraph\">V n\u00e1ru\u010d\u00ed jsem dr\u017eela na\u0161e d\u00edt\u011b.<\/p>\n\n\n\n<p class=\"wp-block-paragraph\">\u010clov\u011bka, kter\u00e9mu jsem v\u011b\u0159ila t\u00e9m\u011b\u0159 dv\u011b desetilet\u00ed, jsem najednou nepozn\u00e1vala.<\/p>\n\n\n\n<p class=\"wp-block-paragraph\">N\u00e1sledoval rozvod. Dny pln\u00e9 h\u00e1dek, pr\u00e1vn\u00edk\u016f, dokument\u016f a rozhovor\u016f, kter\u00e9 jsem nikdy necht\u011bla v\u00e9st. Musela jsem si znovu uspo\u0159\u00e1dat cel\u00fd \u017eivot a z\u00e1rove\u0148 p\u0159ed d\u011btmi p\u0159edst\u00edrat, \u017ee v\u0161echno zvl\u00e1d\u00e1m.<\/p>\n\n\n\n<p class=\"wp-block-paragraph\">Nejt\u011b\u017e\u0161\u00ed nebylo p\u0159ijmout, \u017ee Thomas ode\u0161el.<\/p>\n\n\n\n<p class=\"wp-block-paragraph\">Nejt\u011b\u017e\u0161\u00ed bylo p\u0159ijmout zp\u016fsob, jak\u00fdm ode\u0161el.<\/p>\n\n\n\n<p class=\"wp-block-paragraph\">P\u0159esto jsem se postupn\u011b za\u010dala stav\u011bt na vlastn\u00ed nohy.<\/p>\n\n\n\n<p class=\"wp-block-paragraph\">A pak p\u0159i\u0161ly patn\u00e1ct\u00e9 narozeniny na\u0161eho syna.<\/p>\n\n\n\n<p class=\"wp-block-paragraph\">Syn si p\u0159\u00e1l velkou baz\u00e9novou p\u00e1rty. Cht\u011bl pozvat sv\u00e9 kamar\u00e1dy, p\u0159\u00edbuzn\u00e9 a v\u0161echny lidi, kter\u00e9 m\u011bl r\u00e1d. Cht\u011bla jsem mu jeho p\u0159\u00e1n\u00ed splnit, a tak jsem n\u011bkolik t\u00fddn\u016f v\u0161echno p\u0159ipravovala.<\/p>\n\n\n\n<p class=\"wp-block-paragraph\">Objednala jsem j\u00eddlo, v\u00fdzdobu, hudbu a postarala se o ka\u017ed\u00fd detail.<\/p>\n\n\n\n<p class=\"wp-block-paragraph\">Cht\u011bla jsem, aby to byl den, na kter\u00fd nikdy nezapomene.<\/p>\n\n\n\n<p class=\"wp-block-paragraph\">N\u011bkolik dn\u00ed p\u0159ed oslavou mi ale p\u0159i\u0161la zpr\u00e1va od Thomase.<\/p>\n\n\n\n<p class=\"wp-block-paragraph\">\u201eP\u0159ijdu se Sophie. Je sou\u010d\u00e1st\u00ed m\u00e9 rodiny.\u201c<\/p>\n\n\n\n<p class=\"wp-block-paragraph\">\u010cetla jsem tu v\u011btu n\u011bkolikr\u00e1t.<\/p>\n\n\n\n<p class=\"wp-block-paragraph\">Nebyla jsem p\u0159ipraven\u00e1 str\u00e1vit cel\u00fd ve\u010der vedle \u017eeny, kv\u016fli kter\u00e9 se moje rodina rozpadla. Ale necht\u011bla jsem pokazit narozeniny sv\u00e9mu synovi.<\/p>\n\n\n\n<p class=\"wp-block-paragraph\">A p\u0159edev\u0161\u00edm jsem necht\u011bla, aby Thomas vid\u011bl, jak moc m\u011b jeho odchod st\u00e1le bol\u00ed.<\/p>\n\n\n\n<p class=\"wp-block-paragraph\">V tu chv\u00edli m\u011b napadla \u0161\u00edlen\u00e1 my\u0161lenka.<\/p>\n\n\n\n<p class=\"wp-block-paragraph\">Pokud si on p\u0159ivede svou novou partnerku, pro\u010d bych j\u00e1 m\u011bla st\u00e1t sama?<\/p>\n\n\n\n<figure class=\"wp-block-image size-large\"><img loading=\"lazy\" decoding=\"async\" width=\"826\" height=\"1024\" src=\"https:\/\/vengria.info\/wp-content\/uploads\/2026\/09\/qwdasxzaszx-826x1024.jpg\" alt=\"\" class=\"wp-image-18320\" srcset=\"https:\/\/vengria.info\/wp-content\/uploads\/2026\/09\/qwdasxzaszx-826x1024.jpg 826w, https:\/\/vengria.info\/wp-content\/uploads\/2026\/09\/qwdasxzaszx-242x300.jpg 242w, https:\/\/vengria.info\/wp-content\/uploads\/2026\/09\/qwdasxzaszx-768x952.jpg 768w, https:\/\/vengria.info\/wp-content\/uploads\/2026\/09\/qwdasxzaszx.jpg 928w\" sizes=\"auto, (max-width: 826px) 100vw, 826px\" \/><\/figure>\n\n\n\n<p class=\"wp-block-paragraph\">Zavolala jsem do hereck\u00e9 agentury.<\/p>\n\n\n\n<p class=\"wp-block-paragraph\">Vysv\u011btlila jsem jim situaci a po\u017e\u00e1dala o mu\u017ee, kter\u00fd by byl ochotn\u00fd n\u011bkolik hodin p\u0159edst\u00edrat, \u017ee je m\u016fj p\u0159\u00edtel.<\/p>\n\n\n\n<p class=\"wp-block-paragraph\">Druh\u00fd den mi poslali fotografii mu\u017ee jm\u00e9nem Alexandre.<\/p>\n\n\n\n<p class=\"wp-block-paragraph\">Kdy\u017e jsem ho pozd\u011bji uvid\u011bla osobn\u011b, m\u00e1lem jsem zapomn\u011bla, pro\u010d jsem ho vlastn\u011b najala.<\/p>\n\n\n\n<p class=\"wp-block-paragraph\">Byl vysok\u00fd, elegantn\u00ed, sebev\u011bdom\u00fd a p\u016fsobil naprosto p\u0159irozen\u011b. Vypadal jako mu\u017e, kter\u00e9ho by si ka\u017ed\u00fd okam\u017eit\u011b v\u0161iml.<\/p>\n\n\n\n<p class=\"wp-block-paragraph\">J\u00e1 jsem vedle n\u011bj najednou za\u010dala pochybovat sama o sob\u011b.<\/p>\n\n\n\n<p class=\"wp-block-paragraph\">\u201eMo\u017en\u00e1 bychom to m\u011bli zru\u0161it,\u201c \u0159ekla jsem.<\/p>\n\n\n\n<p class=\"wp-block-paragraph\">Alexandre se na m\u011b pod\u00edval a zeptal se:<\/p>\n\n\n\n<p class=\"wp-block-paragraph\">\u201ePro\u010d?\u201c<\/p>\n\n\n\n<p class=\"wp-block-paragraph\">\u201eProto\u017ee to bude sm\u011b\u0161n\u00e9.\u201c<\/p>\n\n\n\n<p class=\"wp-block-paragraph\">Usm\u00e1l se.<\/p>\n\n\n\n<p class=\"wp-block-paragraph\">\u201eNebo se jen boj\u00ed\u0161, co si bude myslet tv\u016fj b\u00fdval\u00fd man\u017eel?\u201c<\/p>\n\n\n\n<p class=\"wp-block-paragraph\">Nem\u011bla jsem odpov\u011b\u010f.<\/p>\n\n\n\n<p class=\"wp-block-paragraph\">Pak dodal:<\/p>\n\n\n\n<p class=\"wp-block-paragraph\">\u201eNechce\u0161 mu uk\u00e1zat, \u017ee jsi \u0161\u0165astn\u00e1 bez n\u011bj?\u201c<\/p>\n\n\n\n<p class=\"wp-block-paragraph\">Ta v\u011bta m\u011b zas\u00e1hla.<\/p>\n\n\n\n<p class=\"wp-block-paragraph\">Tak jsem souhlasila.<\/p>\n\n\n\n<p class=\"wp-block-paragraph\">V den oslavy jsem si obl\u00e9kla \u0161aty, kter\u00e9 jsem si dlouho netroufala nosit. Upravila jsem si vlasy, nal\u00ed\u010dila se a poprv\u00e9 po dlouh\u00e9 dob\u011b jsem se na sebe pod\u00edvala do zrcadla jinak ne\u017e jako na matku \u010dty\u0159 d\u011bt\u00ed.<\/p>\n\n\n\n<p class=\"wp-block-paragraph\">Kdy\u017e Alexandre p\u0159i\u0161el, usm\u00e1l se a \u0159ekl:<\/p>\n\n\n\n<p class=\"wp-block-paragraph\">\u201eDnes ve\u010der se nesm\u00ed\u0161 omlouvat za to, \u017ee vypad\u00e1\u0161 \u0161\u0165astn\u011b.\u201c<\/p>\n\n\n\n<p class=\"wp-block-paragraph\">P\u00e1rty za\u010dala.<\/p>\n\n\n\n<p class=\"wp-block-paragraph\">D\u011bti b\u011bhaly kolem baz\u00e9nu, hr\u00e1la hudba a host\u00e9 se sm\u00e1li. N\u011bkolik minut jsem dokonce zapomn\u011bla na v\u0161echno, co se stalo.<\/p>\n\n\n\n<p class=\"wp-block-paragraph\">Pak se u br\u00e1ny objevil Thomas.<\/p>\n\n\n\n<p class=\"wp-block-paragraph\">Vedle n\u011bj kr\u00e1\u010dela Sophie.<\/p>\n\n\n\n<p class=\"wp-block-paragraph\">Dr\u017eeli se za ruce.<\/p>\n\n\n\n<p class=\"wp-block-paragraph\">Thomas si m\u011b v\u0161iml a na okam\u017eik se zarazil.<\/p>\n\n\n\n<p class=\"wp-block-paragraph\">Pak se pod\u00edval na Alexandra.<\/p>\n\n\n\n<p class=\"wp-block-paragraph\">Jeho v\u00fdraz se zm\u011bnil.<\/p>\n\n\n\n<p class=\"wp-block-paragraph\">P\u0159i\u0161el k n\u00e1m a sarkasticky se usm\u00e1l.<\/p>\n\n\n\n<p class=\"wp-block-paragraph\">\u201eTak tohle je nov\u00e9,\u201c \u0159ekl.<\/p>\n\n\n\n<p class=\"wp-block-paragraph\">\u201eAno,\u201c odpov\u011bd\u011bla jsem klidn\u011b.<\/p>\n\n\n\n<p class=\"wp-block-paragraph\">Thomas si Alexandra prohl\u00e9dl od hlavy a\u017e k pat\u011b.<\/p>\n\n\n\n<p class=\"wp-block-paragraph\">Pak se rozesm\u00e1l.<\/p>\n\n\n\n<p class=\"wp-block-paragraph\">\u201eV\u00e1\u017en\u011b o\u010dek\u00e1v\u00e1\u0161, \u017ee tomu n\u011bkdo uv\u011b\u0159\u00ed?\u201c<\/p>\n\n\n\n<p class=\"wp-block-paragraph\">C\u00edtila jsem, jak mi ho\u0159\u00ed tv\u00e1\u0159e.<\/p>\n\n\n\n<p class=\"wp-block-paragraph\">Ale Thomas je\u0161t\u011b neskon\u010dil.<\/p>\n\n\n\n<p class=\"wp-block-paragraph\">\u201eTenhle mu\u017e by s tebou nikdy nebyl. Pod\u00edvala ses v\u016fbec n\u011bkdy do zrcadla?\u201c<\/p>\n\n\n\n<p class=\"wp-block-paragraph\">Na okam\u017eik v\u0161echno kolem m\u011b ztichlo.<\/p>\n\n\n\n<p class=\"wp-block-paragraph\">N\u011bkolik host\u016f se oto\u010dilo.<\/p>\n\n\n\n<p class=\"wp-block-paragraph\">Cht\u011bla jsem odej\u00edt.<\/p>\n\n\n\n<p class=\"wp-block-paragraph\">Cht\u011bla jsem zmize<\/p>\n\n\n\n<p class=\"wp-block-paragraph\"><\/p>\n","protected":false},"excerpt":{"rendered":"Netu\u0161ila jsem v\u0161ak, \u017ee ten mu\u017e, kter\u00e9ho jsem si najala na jeden jedin\u00fd ve\u010der, nakonec odhal\u00ed tajemstv\u00ed, kter\u00e9 m\u011blo nav\u017edy zm\u011bnit n\u00e1\u0161 vztah. \n<a class=\"moretag\" href=\"https:\/\/vengria.info\/?p=18317\"> [...]<\/a>","protected":false},"author":1,"featured_media":18320,"comment_status":"open","ping_status":"open","sticky":false,"template":"","format":"standard","meta":{"footnotes":""},"categories":[26],"tags":[],"class_list":["post-18317","post","type-post","status-publish","format-standard","has-post-thumbnail","hentry","category-26"],"yoast_head":"<!-- This site is optimized with the Yoast SEO plugin v28.3 - https:\/\/yoast.com\/product\/yoast-seo-wordpress\/ -->\n<title>Najala jsem si herce, aby se na narozeninov\u00e9 baz\u00e9nov\u00e9 p\u00e1rty vyd\u00e1val za m\u00e9ho p\u0159\u00edtele. Cht\u011bla jsem jen jedin\u00e9: aby m\u016fj b\u00fdval\u00fd man\u017eel pochopil, \u017ee jeho odchod m\u011b nezni\u010dil. -<\/title>\n<meta name=\"robots\" content=\"index, follow, max-snippet:-1, max-image-preview:large, max-video-preview:-1\" \/>\n<link rel=\"canonical\" href=\"https:\/\/vengria.info\/?p=18317\" \/>\n<meta property=\"og:locale\" content=\"en_US\" \/>\n<meta property=\"og:type\" content=\"article\" \/>\n<meta property=\"og:title\" content=\"Najala jsem si herce, aby se na narozeninov\u00e9 baz\u00e9nov\u00e9 p\u00e1rty vyd\u00e1val za m\u00e9ho p\u0159\u00edtele. Cht\u011bla jsem jen jedin\u00e9: aby m\u016fj b\u00fdval\u00fd man\u017eel pochopil, \u017ee jeho odchod m\u011b nezni\u010dil. -\" \/>\n<meta property=\"og:description\" content=\"Netu\u0161ila jsem v\u0161ak, \u017ee ten mu\u017e, kter\u00e9ho jsem si najala na jeden jedin\u00fd ve\u010der, nakonec odhal\u00ed tajemstv\u00ed, kter\u00e9 m\u011blo nav\u017edy zm\u011bnit n\u00e1\u0161 vztah.\" \/>\n<meta property=\"og:url\" content=\"https:\/\/vengria.info\/?p=18317\" \/>\n<meta property=\"article:published_time\" content=\"2026-09-05T13:04:16+00:00\" \/>\n<meta property=\"article:modified_time\" content=\"2026-09-05T13:04:18+00:00\" \/>\n<meta property=\"og:image\" content=\"https:\/\/vengria.info\/wp-content\/uploads\/2026\/09\/qwdasxzaszx.jpg\" \/>\n\t<meta property=\"og:image:width\" content=\"928\" \/>\n\t<meta property=\"og:image:height\" content=\"1151\" \/>\n\t<meta property=\"og:image:type\" content=\"image\/jpeg\" \/>\n<meta name=\"author\" content=\"admin\" \/>\n<meta name=\"twitter:card\" content=\"summary_large_image\" \/>\n<meta name=\"twitter:label1\" content=\"Written by\" \/>\n\t<meta name=\"twitter:data1\" content=\"admin\" \/>\n\t<meta name=\"twitter:label2\" content=\"Est. reading time\" \/>\n\t<meta name=\"twitter:data2\" content=\"4 minutes\" \/>\n<script type=\"application\/ld+json\" class=\"yoast-schema-graph\">{\"@context\":\"https:\\\/\\\/schema.org\",\"@graph\":[{\"@type\":\"Article\",\"@id\":\"https:\\\/\\\/vengria.info\\\/?p=18317#article\",\"isPartOf\":{\"@id\":\"https:\\\/\\\/vengria.info\\\/?p=18317\"},\"author\":{\"name\":\"admin\",\"@id\":\"https:\\\/\\\/vengria.info\\\/#\\\/schema\\\/person\\\/b815b04a6b1fb36a2d064955a92f68d4\"},\"headline\":\"Najala jsem si herce, aby se na narozeninov\u00e9 baz\u00e9nov\u00e9 p\u00e1rty vyd\u00e1val za m\u00e9ho p\u0159\u00edtele. Cht\u011bla jsem jen jedin\u00e9: aby m\u016fj b\u00fdval\u00fd man\u017eel pochopil, \u017ee jeho odchod m\u011b nezni\u010dil.\",\"datePublished\":\"2026-09-05T13:04:16+00:00\",\"dateModified\":\"2026-09-05T13:04:18+00:00\",\"mainEntityOfPage\":{\"@id\":\"https:\\\/\\\/vengria.info\\\/?p=18317\"},\"wordCount\":1089,\"commentCount\":0,\"image\":{\"@id\":\"https:\\\/\\\/vengria.info\\\/?p=18317#primaryimage\"},\"thumbnailUrl\":\"https:\\\/\\\/vengria.info\\\/wp-content\\\/uploads\\\/2026\\\/09\\\/qwdasxzaszx.jpg\",\"articleSection\":[\"\u0427\u0435\u0445\u0438\u044f\"],\"inLanguage\":\"en-US\",\"potentialAction\":[{\"@type\":\"CommentAction\",\"name\":\"Comment\",\"target\":[\"https:\\\/\\\/vengria.info\\\/?p=18317#respond\"]}]},{\"@type\":\"WebPage\",\"@id\":\"https:\\\/\\\/vengria.info\\\/?p=18317\",\"url\":\"https:\\\/\\\/vengria.info\\\/?p=18317\",\"name\":\"Najala jsem si herce, aby se na narozeninov\u00e9 baz\u00e9nov\u00e9 p\u00e1rty vyd\u00e1val za m\u00e9ho p\u0159\u00edtele. Cht\u011bla jsem jen jedin\u00e9: aby m\u016fj b\u00fdval\u00fd man\u017eel pochopil, \u017ee jeho odchod m\u011b nezni\u010dil. -\",\"isPartOf\":{\"@id\":\"https:\\\/\\\/vengria.info\\\/#website\"},\"primaryImageOfPage\":{\"@id\":\"https:\\\/\\\/vengria.info\\\/?p=18317#primaryimage\"},\"image\":{\"@id\":\"https:\\\/\\\/vengria.info\\\/?p=18317#primaryimage\"},\"thumbnailUrl\":\"https:\\\/\\\/vengria.info\\\/wp-content\\\/uploads\\\/2026\\\/09\\\/qwdasxzaszx.jpg\",\"datePublished\":\"2026-09-05T13:04:16+00:00\",\"dateModified\":\"2026-09-05T13:04:18+00:00\",\"author\":{\"@id\":\"https:\\\/\\\/vengria.info\\\/#\\\/schema\\\/person\\\/b815b04a6b1fb36a2d064955a92f68d4\"},\"breadcrumb\":{\"@id\":\"https:\\\/\\\/vengria.info\\\/?p=18317#breadcrumb\"},\"inLanguage\":\"en-US\",\"potentialAction\":[{\"@type\":\"ReadAction\",\"target\":[\"https:\\\/\\\/vengria.info\\\/?p=18317\"]}]},{\"@type\":\"ImageObject\",\"inLanguage\":\"en-US\",\"@id\":\"https:\\\/\\\/vengria.info\\\/?p=18317#primaryimage\",\"url\":\"https:\\\/\\\/vengria.info\\\/wp-content\\\/uploads\\\/2026\\\/09\\\/qwdasxzaszx.jpg\",\"contentUrl\":\"https:\\\/\\\/vengria.info\\\/wp-content\\\/uploads\\\/2026\\\/09\\\/qwdasxzaszx.jpg\",\"width\":928,\"height\":1151},{\"@type\":\"BreadcrumbList\",\"@id\":\"https:\\\/\\\/vengria.info\\\/?p=18317#breadcrumb\",\"itemListElement\":[{\"@type\":\"ListItem\",\"position\":1,\"name\":\"Home\",\"item\":\"https:\\\/\\\/vengria.info\\\/\"},{\"@type\":\"ListItem\",\"position\":2,\"name\":\"Najala jsem si herce, aby se na narozeninov\u00e9 baz\u00e9nov\u00e9 p\u00e1rty vyd\u00e1val za m\u00e9ho p\u0159\u00edtele. Cht\u011bla jsem jen jedin\u00e9: aby m\u016fj b\u00fdval\u00fd man\u017eel pochopil, \u017ee jeho odchod m\u011b nezni\u010dil.\"}]},{\"@type\":\"WebSite\",\"@id\":\"https:\\\/\\\/vengria.info\\\/#website\",\"url\":\"https:\\\/\\\/vengria.info\\\/\",\"name\":\"\",\"description\":\"\",\"potentialAction\":[{\"@type\":\"SearchAction\",\"target\":{\"@type\":\"EntryPoint\",\"urlTemplate\":\"https:\\\/\\\/vengria.info\\\/?s={search_term_string}\"},\"query-input\":{\"@type\":\"PropertyValueSpecification\",\"valueRequired\":true,\"valueName\":\"search_term_string\"}}],\"inLanguage\":\"en-US\"},{\"@type\":\"Person\",\"@id\":\"https:\\\/\\\/vengria.info\\\/#\\\/schema\\\/person\\\/b815b04a6b1fb36a2d064955a92f68d4\",\"name\":\"admin\",\"image\":{\"@type\":\"ImageObject\",\"inLanguage\":\"en-US\",\"@id\":\"https:\\\/\\\/secure.gravatar.com\\\/avatar\\\/a29bad30ab19883c48927f9ee55a40d0d1a0c3c343bcef70ad9a0a9cb421f0fa?s=96&d=mm&r=g\",\"url\":\"https:\\\/\\\/secure.gravatar.com\\\/avatar\\\/a29bad30ab19883c48927f9ee55a40d0d1a0c3c343bcef70ad9a0a9cb421f0fa?s=96&d=mm&r=g\",\"contentUrl\":\"https:\\\/\\\/secure.gravatar.com\\\/avatar\\\/a29bad30ab19883c48927f9ee55a40d0d1a0c3c343bcef70ad9a0a9cb421f0fa?s=96&d=mm&r=g\",\"caption\":\"admin\"},\"sameAs\":[\"http:\\\/\\\/vengria.info\"],\"url\":\"https:\\\/\\\/vengria.info\\\/?author=1\"}]}<\/script>\n<!-- \/ Yoast SEO plugin. -->","yoast_head_json":{"title":"Najala jsem si herce, aby se na narozeninov\u00e9 baz\u00e9nov\u00e9 p\u00e1rty vyd\u00e1val za m\u00e9ho p\u0159\u00edtele. Cht\u011bla jsem jen jedin\u00e9: aby m\u016fj b\u00fdval\u00fd man\u017eel pochopil, \u017ee jeho odchod m\u011b nezni\u010dil. -","robots":{"index":"index","follow":"follow","max-snippet":"max-snippet:-1","max-image-preview":"max-image-preview:large","max-video-preview":"max-video-preview:-1"},"canonical":"https:\/\/vengria.info\/?p=18317","og_locale":"en_US","og_type":"article","og_title":"Najala jsem si herce, aby se na narozeninov\u00e9 baz\u00e9nov\u00e9 p\u00e1rty vyd\u00e1val za m\u00e9ho p\u0159\u00edtele. Cht\u011bla jsem jen jedin\u00e9: aby m\u016fj b\u00fdval\u00fd man\u017eel pochopil, \u017ee jeho odchod m\u011b nezni\u010dil. -","og_description":"Netu\u0161ila jsem v\u0161ak, \u017ee ten mu\u017e, kter\u00e9ho jsem si najala na jeden jedin\u00fd ve\u010der, nakonec odhal\u00ed tajemstv\u00ed, kter\u00e9 m\u011blo nav\u017edy zm\u011bnit n\u00e1\u0161 vztah.","og_url":"https:\/\/vengria.info\/?p=18317","article_published_time":"2026-09-05T13:04:16+00:00","article_modified_time":"2026-09-05T13:04:18+00:00","og_image":[{"width":928,"height":1151,"url":"https:\/\/vengria.info\/wp-content\/uploads\/2026\/09\/qwdasxzaszx.jpg","type":"image\/jpeg"}],"author":"admin","twitter_card":"summary_large_image","twitter_misc":{"Written by":"admin","Est. reading time":"4 minutes"},"schema":{"@context":"https:\/\/schema.org","@graph":[{"@type":"Article","@id":"https:\/\/vengria.info\/?p=18317#article","isPartOf":{"@id":"https:\/\/vengria.info\/?p=18317"},"author":{"name":"admin","@id":"https:\/\/vengria.info\/#\/schema\/person\/b815b04a6b1fb36a2d064955a92f68d4"},"headline":"Najala jsem si herce, aby se na narozeninov\u00e9 baz\u00e9nov\u00e9 p\u00e1rty vyd\u00e1val za m\u00e9ho p\u0159\u00edtele. Cht\u011bla jsem jen jedin\u00e9: aby m\u016fj b\u00fdval\u00fd man\u017eel pochopil, \u017ee jeho odchod m\u011b nezni\u010dil.","datePublished":"2026-09-05T13:04:16+00:00","dateModified":"2026-09-05T13:04:18+00:00","mainEntityOfPage":{"@id":"https:\/\/vengria.info\/?p=18317"},"wordCount":1089,"commentCount":0,"image":{"@id":"https:\/\/vengria.info\/?p=18317#primaryimage"},"thumbnailUrl":"https:\/\/vengria.info\/wp-content\/uploads\/2026\/09\/qwdasxzaszx.jpg","articleSection":["\u0427\u0435\u0445\u0438\u044f"],"inLanguage":"en-US","potentialAction":[{"@type":"CommentAction","name":"Comment","target":["https:\/\/vengria.info\/?p=18317#respond"]}]},{"@type":"WebPage","@id":"https:\/\/vengria.info\/?p=18317","url":"https:\/\/vengria.info\/?p=18317","name":"Najala jsem si herce, aby se na narozeninov\u00e9 baz\u00e9nov\u00e9 p\u00e1rty vyd\u00e1val za m\u00e9ho p\u0159\u00edtele. Cht\u011bla jsem jen jedin\u00e9: aby m\u016fj b\u00fdval\u00fd man\u017eel pochopil, \u017ee jeho odchod m\u011b nezni\u010dil. -","isPartOf":{"@id":"https:\/\/vengria.info\/#website"},"primaryImageOfPage":{"@id":"https:\/\/vengria.info\/?p=18317#primaryimage"},"image":{"@id":"https:\/\/vengria.info\/?p=18317#primaryimage"},"thumbnailUrl":"https:\/\/vengria.info\/wp-content\/uploads\/2026\/09\/qwdasxzaszx.jpg","datePublished":"2026-09-05T13:04:16+00:00","dateModified":"2026-09-05T13:04:18+00:00","author":{"@id":"https:\/\/vengria.info\/#\/schema\/person\/b815b04a6b1fb36a2d064955a92f68d4"},"breadcrumb":{"@id":"https:\/\/vengria.info\/?p=18317#breadcrumb"},"inLanguage":"en-US","potentialAction":[{"@type":"ReadAction","target":["https:\/\/vengria.info\/?p=18317"]}]},{"@type":"ImageObject","inLanguage":"en-US","@id":"https:\/\/vengria.info\/?p=18317#primaryimage","url":"https:\/\/vengria.info\/wp-content\/uploads\/2026\/09\/qwdasxzaszx.jpg","contentUrl":"https:\/\/vengria.info\/wp-content\/uploads\/2026\/09\/qwdasxzaszx.jpg","width":928,"height":1151},{"@type":"BreadcrumbList","@id":"https:\/\/vengria.info\/?p=18317#breadcrumb","itemListElement":[{"@type":"ListItem","position":1,"name":"Home","item":"https:\/\/vengria.info\/"},{"@type":"ListItem","position":2,"name":"Najala jsem si herce, aby se na narozeninov\u00e9 baz\u00e9nov\u00e9 p\u00e1rty vyd\u00e1val za m\u00e9ho p\u0159\u00edtele. Cht\u011bla jsem jen jedin\u00e9: aby m\u016fj b\u00fdval\u00fd man\u017eel pochopil, \u017ee jeho odchod m\u011b nezni\u010dil."}]},{"@type":"WebSite","@id":"https:\/\/vengria.info\/#website","url":"https:\/\/vengria.info\/","name":"","description":"","potentialAction":[{"@type":"SearchAction","target":{"@type":"EntryPoint","urlTemplate":"https:\/\/vengria.info\/?s={search_term_string}"},"query-input":{"@type":"PropertyValueSpecification","valueRequired":true,"valueName":"search_term_string"}}],"inLanguage":"en-US"},{"@type":"Person","@id":"https:\/\/vengria.info\/#\/schema\/person\/b815b04a6b1fb36a2d064955a92f68d4","name":"admin","image":{"@type":"ImageObject","inLanguage":"en-US","@id":"https:\/\/secure.gravatar.com\/avatar\/a29bad30ab19883c48927f9ee55a40d0d1a0c3c343bcef70ad9a0a9cb421f0fa?s=96&d=mm&r=g","url":"https:\/\/secure.gravatar.com\/avatar\/a29bad30ab19883c48927f9ee55a40d0d1a0c3c343bcef70ad9a0a9cb421f0fa?s=96&d=mm&r=g","contentUrl":"https:\/\/secure.gravatar.com\/avatar\/a29bad30ab19883c48927f9ee55a40d0d1a0c3c343bcef70ad9a0a9cb421f0fa?s=96&d=mm&r=g","caption":"admin"},"sameAs":["http:\/\/vengria.info"],"url":"https:\/\/vengria.info\/?author=1"}]}},"_links":{"self":[{"href":"https:\/\/vengria.info\/index.php?rest_route=\/wp\/v2\/posts\/18317","targetHints":{"allow":["GET"]}}],"collection":[{"href":"https:\/\/vengria.info\/index.php?rest_route=\/wp\/v2\/posts"}],"about":[{"href":"https:\/\/vengria.info\/index.php?rest_route=\/wp\/v2\/types\/post"}],"author":[{"embeddable":true,"href":"https:\/\/vengria.info\/index.php?rest_route=\/wp\/v2\/users\/1"}],"replies":[{"embeddable":true,"href":"https:\/\/vengria.info\/index.php?rest_route=%2Fwp%2Fv2%2Fcomments&post=18317"}],"version-history":[{"count":1,"href":"https:\/\/vengria.info\/index.php?rest_route=\/wp\/v2\/posts\/18317\/revisions"}],"predecessor-version":[{"id":18321,"href":"https:\/\/vengria.info\/index.php?rest_route=\/wp\/v2\/posts\/18317\/revisions\/18321"}],"wp:featuredmedia":[{"embeddable":true,"href":"https:\/\/vengria.info\/index.php?rest_route=\/wp\/v2\/media\/18320"}],"wp:attachment":[{"href":"https:\/\/vengria.info\/index.php?rest_route=%2Fwp%2Fv2%2Fmedia&parent=18317"}],"wp:term":[{"taxonomy":"category","embeddable":true,"href":"https:\/\/vengria.info\/index.php?rest_route=%2Fwp%2Fv2%2Fcategories&post=18317"},{"taxonomy":"post_tag","embeddable":true,"href":"https:\/\/vengria.info\/index.php?rest_route=%2Fwp%2Fv2%2Ftags&post=18317"}],"curies":[{"name":"wp","href":"https:\/\/api.w.org\/{rel}","templated":true}]}}