{"id":18274,"date":"2026-09-03T07:22:30","date_gmt":"2026-09-03T07:22:30","guid":{"rendered":"https:\/\/vengria.info\/?p=18274"},"modified":"2026-09-03T07:22:32","modified_gmt":"2026-09-03T07:22:32","slug":"a-szinfalak-mogott-uralkodok-amikor-a-hatalom-illuzioja-osszeomlik","status":"publish","type":"post","link":"https:\/\/vengria.info\/?p=18274","title":{"rendered":"A sz\u00ednfalak m\u00f6g\u00f6tt uralkod\u00f3k: Amikor a hatalom ill\u00fazi\u00f3ja \u00f6sszeomlik"},"content":{"rendered":"\n<p class=\"wp-block-paragraph\">A f\u00e9ny\u0171z\u0151 bankett-teremben a vend\u00e9gek megdermedtek. Az \u00f6sszes el\u0151kel\u0151 t\u00e1rsas\u00e1gi k\u00e9pvisel\u0151, \u00fczleti partner \u00e9s k\u00edv\u00e1ncsi \u00fajs\u00e1g\u00edr\u00f3 a fekete \u00f6lt\u00f6ny\u00f6s f\u00e9rfiakra meredt, akik hat\u00e1rozottan elfoglalt\u00e1k a terem \u00f6sszes kij\u00e1rat\u00e1t. \u00c9l\u00fck\u00f6n egy id\u0151sebb f\u00e9rfi haladt \u0151sz\u00fcl\u0151 hal\u00e1nt\u00e9kkal \u00e9s megalkuv\u00e1st nem ismer\u0151 arckifejez\u00e9ssel &#8211; Marcus Vance \u00fcgyv\u00e9d, az orsz\u00e1g legbefoly\u00e1sosabb \u00fcgyv\u00e9di \u00e9s befektet\u00e9si c\u00e9g\u00e9nek vezet\u0151je.<\/p>\n\n\n\n<p class=\"wp-block-paragraph\">John diadalmas mosolya megdermedt az ajk\u00e1n. Lisa, aki egy pillanattal ezel\u0151tt m\u00e9g egy poh\u00e1r borral \u00e9s g\u0151g\u00f6s arckifejez\u00e9ssel \u00e1llt mellette, bizonytalanul h\u00e1tral\u00e9pett. Az any\u00f3s, Emma, \u200b\u200b\u200b\u200bakinek a tapsa egy perccel kor\u00e1bban v\u00e9gigvisszhangzott a teremben, bizonytalann\u00e1 v\u00e1lt, \u00e9s idegesen megigaz\u00edtotta gy\u00f6ngy nyakl\u00e1nc\u00e1t.<\/p>\n\n\n\n<p class=\"wp-block-paragraph\">&#8220;Mit jelent ez, Claire?&#8221; &#8211; csattant fel John, b\u00e1r most el\u0151sz\u00f6r f\u00e9lelem villant fel a hangj\u00e1ban. &#8220;Ez a c\u00e9gem z\u00e1rtk\u00f6r\u0171 rendezv\u00e9nye! Kir\u00fagj\u00e1k ezeket az embereket most, vagy h\u00edvom a biztons\u00e1giakat!&#8221;<\/p>\n\n\n\n<p class=\"wp-block-paragraph\">Lassan, megfontoltan s\u00e9t\u00e1ltam a f\u0151 sz\u00ednpadon l\u00e9v\u0151 mikrofonhoz. Levettem a szalv\u00e9t\u00e1t, amivel felitattam az arcomr\u00f3l a v\u00f6r\u00f6sbort, \u00e9s f\u00e9lrehaj\u00edtottam. M\u00e9g mindig szorosan szorongattam a kezemben a gy\u0171r\u0171t, amit John a l\u00e1bamhoz dobott.<\/p>\n\n\n\n<p class=\"wp-block-paragraph\">\u201eA c\u00e9ged, John?\u201d \u2013 k\u00e9rdeztem a megt\u00f6rhet\u0151 csendben. A hangom visszhangzott a teremben a hangsz\u00f3r\u00f3kon kereszt\u00fcl. \u201eAzt hiszem, itt az ideje, hogy te \u00e9s minden el\u0151kel\u0151 vend\u00e9ged megtudj\u00e1tok az igazs\u00e1got.\u201d<\/p>\n\n\n\n<p class=\"wp-block-paragraph\">T\u00edz \u00e9v az \u00e1rny\u00e9kban<br>T\u00edz \u00e9ven \u00e1t, am\u00edg John \u00e9s az \u00e9desanyja nyilv\u00e1nosan alkalmatlan h\u00e1ziasszonynak b\u00e9lyegzett, t\u00f6k\u00e9letes \u00e1larc alatt \u00e9ltem. John \u00fagy hitte, hogy a k\u00f6z\u00e9pszer\u0171 menedzserb\u0151l egy multinacion\u00e1lis holding vez\u00e9rigazgat\u00f3j\u00e1v\u00e1 v\u00e1l\u00e1sa rendk\u00edv\u00fcli zsenialit\u00e1s\u00e1nak eredm\u00e9nye.<\/p>\n\n\n\n<p class=\"wp-block-paragraph\">De az igazs\u00e1g eg\u00e9szen m\u00e1s volt.<\/p>\n\n\n\n<p class=\"wp-block-paragraph\">A John \u00e1ltal vezetett holdingot egy befektet\u00e9si alap le\u00e1nyv\u00e1llalatak\u00e9nt alap\u00edtott\u00e1k, amelynek egyed\u00fcli \u00e9s kiz\u00e1r\u00f3lagos tulajdonosa elhunyt ap\u00e1m volt. Hal\u00e1la ut\u00e1n az eg\u00e9sz anyav\u00e1llalat r\u00e9szv\u00e9nyeinek hetven\u00f6t sz\u00e1zal\u00e9k\u00e1t \u00f6r\u00f6k\u00f6ltem. Hogy megv\u00e9djem Johnt a saj\u00e1t tulajdonosi als\u00f3bbrend\u0171s\u00e9g\u00e9t\u0151l, \u00e9s hogy \u00f6nmegval\u00f3s\u00edt\u00e1si \u00e9rzetet adjak neki, n\u00e9vtelen\u00fcl int\u00e9ztem el a kinevez\u00e9s\u00e9t a poz\u00edci\u00f3ra Marcus Vance-en kereszt\u00fcl. Minden kulcsfontoss\u00e1g\u00fa szerz\u0151d\u00e9st, minden finansz\u00edroz\u00e1st \u00e9s strat\u00e9giai biztons\u00e1gi h\u00e1l\u00f3t k\u00f6zvetlen\u00fcl az \u00edr\u00f3asztalomr\u00f3l kezeltem egy \u00e9vtizeden \u00e1t a l\u00e1thatatlan t\u00f6bbs\u00e9gi r\u00e9szv\u00e9nyes \u00e1lneve alatt.<\/p>\n\n\n\n<p class=\"wp-block-paragraph\">John val\u00f3j\u00e1ban csak egy \u00e1tlagos alkalmazott volt. Egy felb\u00e9relt arc, akit nap mint nap helyettes\u00edthettem.<\/p>\n\n\n\n<p class=\"wp-block-paragraph\">Az ir\u00e1ny\u00edt\u00e1s \u00e1tv\u00e9tele<br>Marcus Vance el\u0151l\u00e9pett John el\u00e9, \u00e9s kinyitott egy b\u0151rmapp\u00e1t.<\/p>\n\n\n\n<p class=\"wp-block-paragraph\">\u2013 Mr. Cole \u2013 mondta Vance hideg, hivatalos hangon. \u2013 Mint a holdingt\u00e1rsas\u00e1g t\u00f6bbs\u00e9gi tulajdonos\u00e1nak \u00e9s eln\u00f6k\u00e9nek egyed\u00fcli jogi k\u00e9pvisel\u0151je, ezennel hivatalosan t\u00e1j\u00e9koztatom \u00d6nt az azonnali elbocs\u00e1t\u00e1s\u00e1r\u00f3l a vez\u00e9rigazgat\u00f3i posztr\u00f3l.<\/p>\n\n\n\n<p class=\"wp-block-paragraph\">A teremben d\u00f6bbenet robbant ki. Lisa szeme elkerekedett, \u00e9s zavartan n\u00e9zett Johnra.<\/p>\n\n\n\n<p class=\"wp-block-paragraph\">\u2013 Micsoda ostobas\u00e1g ez?! \u2013 ki\u00e1ltotta Emma, \u200b\u200baz any\u00f3sa, \u00e9s felugrott Vance-re. \u2013 A fiam \u00e9p\u00edtette ezt a c\u00e9get! Nincs joga\u2026<\/p>\n\n\n\n<figure class=\"wp-block-image size-large\"><img loading=\"lazy\" decoding=\"async\" width=\"765\" height=\"1024\" src=\"https:\/\/vengria.info\/wp-content\/uploads\/2026\/09\/dwaszx-765x1024.jpg\" alt=\"\" class=\"wp-image-18276\" srcset=\"https:\/\/vengria.info\/wp-content\/uploads\/2026\/09\/dwaszx-765x1024.jpg 765w, https:\/\/vengria.info\/wp-content\/uploads\/2026\/09\/dwaszx-224x300.jpg 224w, https:\/\/vengria.info\/wp-content\/uploads\/2026\/09\/dwaszx-768x1028.jpg 768w, https:\/\/vengria.info\/wp-content\/uploads\/2026\/09\/dwaszx.jpg 896w\" sizes=\"auto, (max-width: 765px) 100vw, 765px\" \/><\/figure>\n\n\n\n<p class=\"wp-block-paragraph\">\u2013 Ms. Cole \u2013 szak\u00edtotta f\u00e9lbe Vance \u00e9lesen. \u201eA c\u00e9get Ms. Claire alap\u00edtotta \u00e9s finansz\u00edrozta teljes eg\u00e9sz\u00e9ben. A fia egyetlen r\u00e9szv\u00e9nnyel sem rendelkezik. Tov\u00e1bb\u00e1, egy rendk\u00edv\u00fcli audit, amelyet Ms. Claire rendelt meg a m\u00falt h\u00e9ten, jelent\u0151s \u00f6sszegek jogosulatlan \u00e1tutal\u00e1s\u00e1t t\u00e1rta fel v\u00e1llalati sz\u00e1ml\u00e1kr\u00f3l Miss Lisa mag\u00e1nsz\u00e1ml\u00e1j\u00e1ra.\u201d<\/p>\n\n\n\n<p class=\"wp-block-paragraph\">Lisa els\u00e1padt, ahogy kimondta a nev\u00e9t. A borospoh\u00e1r kiesett a kez\u00e9b\u0151l, \u00e9s a m\u00e1rv\u00e1nypadl\u00f3n szil\u00e1nkokra t\u00f6rt \u2013 pontosan ott, ahol John eldobott gy\u0171r\u0171je volt.<\/p>\n\n\n\n<p class=\"wp-block-paragraph\">\u201eJohn\u2026 ez nem igaz\u2026 hazudik!\u201d \u2013 dadogta Lisa, mik\u00f6zben megpr\u00f3b\u00e1lt elszakadni Johnt\u00f3l.<\/p>\n\n\n\n<p class=\"wp-block-paragraph\">John Vance-re meredt, majd lassan zavart, les\u00fajtott arc\u00e1t fel\u00e9m ford\u00edtotta. Szeme tele volt teljes \u00e9rtetlens\u00e9ggel \u00e9s p\u00e1nikkal vegyes \u00e9rtetlens\u00e9ggel.<\/p>\n\n\n\n<p class=\"wp-block-paragraph\">\u201eClaire\u2026 te\u2026 te birtoklod?\u201d \u2013 suttogta, mintha egy r\u00e9m\u00e1lomb\u00f3l \u00e9bredt volna fel.<\/p>\n\n\n\n<p class=\"wp-block-paragraph\">Az utols\u00f3 sz\u00f3<br>Lel\u00e9ptem a sz\u00ednpadr\u00f3l, \u00e9s meg\u00e1lltam el\u0151tte. Nincs t\u00f6bb vigasztal\u00f3 sz\u00f3. Nincs t\u00f6bb megbocs\u00e1t\u00e1s.<\/p>\n\n\n\n<p class=\"wp-block-paragraph\">\u2013 T\u00edz perccel ezel\u0151tt megk\u00e9rdezted, hol a helyem \u2013 mondtam nagyon halkan, de el\u00e9g hangosan ahhoz, hogy mindenki az els\u0151 sorokban hallja. \u2013 Az \u00e9n helyem a c\u00e9g \u00e9l\u00e9n van, John. A te helyed pedig&#8230; az \u00e9p\u00fclet el\u0151tt van.<\/p>\n\n\n\n<p class=\"wp-block-paragraph\">Az \u00f6lt\u00f6ny\u00f6s f\u00e9rfiakhoz fordultam. \u2013 A biztons\u00e1giak elk\u00eds\u00e9rik \u00f6n\u00f6ket az irod\u00e1jukba. Pontosan tizen\u00f6t perc\u00fck van. A c\u00e9ghez kapcsol\u00f3d\u00f3 \u00f6sszes bankk\u00e1rty\u00e1t letiltott\u00e1k, \u00e9s a szem\u00e9lyes holmijukat az irodai lak\u00e1sb\u00f3l holnap k\u00e9zbes\u00edtik \u00f6n\u00f6knek.<\/p>\n\n\n\n<p class=\"wp-block-paragraph\">John megpr\u00f3b\u00e1lt egy l\u00e9p\u00e9st tenni fel\u00e9m, megfogni a kezem, \u00e9s bocs\u00e1natot k\u00e9rni. \u2013 Claire, k\u00e9rlek&#8230; hiba volt. Lisa becsapott! Szeretlek, de t\u00f6nkretenni a h\u00e1zass\u00e1gunkat&#8230;<\/p>\n\n\n\n<p class=\"wp-block-paragraph\">A biztons\u00e1gi szolg\u00e1lat k\u00e9t tagja el\u00e9 l\u00e9pett, \u00e9s megalkuv\u00e1st nem ismerve el\u00e1llt\u00e1k az \u00fatj\u00e1t.<\/p>\n\n\n\n<p class=\"wp-block-paragraph\">Lisa ek\u00f6zben megpr\u00f3b\u00e1lt diszkr\u00e9ten a kij\u00e1rat fel\u00e9 osonni, de Vance asszisztense el\u00e1llta az \u00fatj\u00e1t egy, a b\u0171n\u00fcgyi nyomoz\u00f3 oszt\u00e1ly sz\u00e1m\u00e1ra el\u0151k\u00e9sz\u00edtett akt\u00e1val. Emma any\u00f3s mozdulatlanul \u00e1llt a terem k\u00f6zep\u00e9n, saj\u00e1t bar\u00e1tai hagyt\u00e1k mag\u00e1ra, akik megvet\u0151en h\u00e1tat ford\u00edtottak neki.<\/p>\n\n\n\n<p class=\"wp-block-paragraph\">\u00c1tmentem a vend\u00e9gek megd\u00f6bbent t\u00f6meg\u00e9n, akik \u00fajonnan tal\u00e1lt tisztelettel \u00e1lltak f\u00e9lre az utamb\u00f3l.<\/p>\n\n\n\n<p class=\"wp-block-paragraph\"><\/p>\n","protected":false},"excerpt":{"rendered":"A f\u00e9ny\u0171z\u0151 bankett-teremben a vend\u00e9gek megdermedtek. Az \u00f6sszes el\u0151kel\u0151 t\u00e1rsas\u00e1gi k\u00e9pvisel\u0151, \u00fczleti partner \u00e9s k\u00edv\u00e1ncsi \u00fajs\u00e1g\u00edr\u00f3 a fekete \u00f6lt\u00f6ny\u00f6s f\u00e9rfiakra meredt, akik hat\u00e1rozottan \n<a class=\"moretag\" href=\"https:\/\/vengria.info\/?p=18274\"> [...]<\/a>","protected":false},"author":1,"featured_media":18276,"comment_status":"open","ping_status":"open","sticky":false,"template":"","format":"standard","meta":{"footnotes":""},"categories":[1,2],"tags":[],"class_list":["post-18274","post","type-post","status-publish","format-standard","has-post-thumbnail","hentry","category-news","category-video"],"yoast_head":"<!-- This site is optimized with the Yoast SEO plugin v28.3 - https:\/\/yoast.com\/product\/yoast-seo-wordpress\/ -->\n<title>A sz\u00ednfalak m\u00f6g\u00f6tt uralkod\u00f3k: Amikor a hatalom ill\u00fazi\u00f3ja \u00f6sszeomlik -<\/title>\n<meta name=\"robots\" content=\"index, follow, max-snippet:-1, max-image-preview:large, max-video-preview:-1\" \/>\n<link rel=\"canonical\" href=\"https:\/\/vengria.info\/?p=18274\" \/>\n<meta property=\"og:locale\" content=\"en_US\" \/>\n<meta property=\"og:type\" content=\"article\" \/>\n<meta property=\"og:title\" content=\"A sz\u00ednfalak m\u00f6g\u00f6tt uralkod\u00f3k: Amikor a hatalom ill\u00fazi\u00f3ja \u00f6sszeomlik -\" \/>\n<meta property=\"og:description\" content=\"A f\u00e9ny\u0171z\u0151 bankett-teremben a vend\u00e9gek megdermedtek. Az \u00f6sszes el\u0151kel\u0151 t\u00e1rsas\u00e1gi k\u00e9pvisel\u0151, \u00fczleti partner \u00e9s k\u00edv\u00e1ncsi \u00fajs\u00e1g\u00edr\u00f3 a fekete \u00f6lt\u00f6ny\u00f6s f\u00e9rfiakra meredt, akik hat\u00e1rozottan\" \/>\n<meta property=\"og:url\" content=\"https:\/\/vengria.info\/?p=18274\" \/>\n<meta property=\"article:published_time\" content=\"2026-09-03T07:22:30+00:00\" \/>\n<meta property=\"article:modified_time\" content=\"2026-09-03T07:22:32+00:00\" \/>\n<meta property=\"og:image\" content=\"https:\/\/vengria.info\/wp-content\/uploads\/2026\/09\/dwaszx.jpg\" \/>\n\t<meta property=\"og:image:width\" content=\"896\" \/>\n\t<meta property=\"og:image:height\" content=\"1200\" \/>\n\t<meta property=\"og:image:type\" content=\"image\/jpeg\" \/>\n<meta name=\"author\" content=\"admin\" \/>\n<meta name=\"twitter:card\" content=\"summary_large_image\" \/>\n<meta name=\"twitter:label1\" content=\"Written by\" \/>\n\t<meta name=\"twitter:data1\" content=\"admin\" \/>\n\t<meta name=\"twitter:label2\" content=\"Est. reading time\" \/>\n\t<meta name=\"twitter:data2\" content=\"4 minutes\" \/>\n<script type=\"application\/ld+json\" class=\"yoast-schema-graph\">{\"@context\":\"https:\\\/\\\/schema.org\",\"@graph\":[{\"@type\":\"Article\",\"@id\":\"https:\\\/\\\/vengria.info\\\/?p=18274#article\",\"isPartOf\":{\"@id\":\"https:\\\/\\\/vengria.info\\\/?p=18274\"},\"author\":{\"name\":\"admin\",\"@id\":\"https:\\\/\\\/vengria.info\\\/#\\\/schema\\\/person\\\/b815b04a6b1fb36a2d064955a92f68d4\"},\"headline\":\"A sz\u00ednfalak m\u00f6g\u00f6tt uralkod\u00f3k: Amikor a hatalom ill\u00fazi\u00f3ja \u00f6sszeomlik\",\"datePublished\":\"2026-09-03T07:22:30+00:00\",\"dateModified\":\"2026-09-03T07:22:32+00:00\",\"mainEntityOfPage\":{\"@id\":\"https:\\\/\\\/vengria.info\\\/?p=18274\"},\"wordCount\":1026,\"commentCount\":0,\"image\":{\"@id\":\"https:\\\/\\\/vengria.info\\\/?p=18274#primaryimage\"},\"thumbnailUrl\":\"https:\\\/\\\/vengria.info\\\/wp-content\\\/uploads\\\/2026\\\/09\\\/dwaszx.jpg\",\"articleSection\":[\"NEWS\",\"VIDEO\"],\"inLanguage\":\"en-US\",\"potentialAction\":[{\"@type\":\"CommentAction\",\"name\":\"Comment\",\"target\":[\"https:\\\/\\\/vengria.info\\\/?p=18274#respond\"]}]},{\"@type\":\"WebPage\",\"@id\":\"https:\\\/\\\/vengria.info\\\/?p=18274\",\"url\":\"https:\\\/\\\/vengria.info\\\/?p=18274\",\"name\":\"A sz\u00ednfalak m\u00f6g\u00f6tt uralkod\u00f3k: Amikor a hatalom ill\u00fazi\u00f3ja \u00f6sszeomlik -\",\"isPartOf\":{\"@id\":\"https:\\\/\\\/vengria.info\\\/#website\"},\"primaryImageOfPage\":{\"@id\":\"https:\\\/\\\/vengria.info\\\/?p=18274#primaryimage\"},\"image\":{\"@id\":\"https:\\\/\\\/vengria.info\\\/?p=18274#primaryimage\"},\"thumbnailUrl\":\"https:\\\/\\\/vengria.info\\\/wp-content\\\/uploads\\\/2026\\\/09\\\/dwaszx.jpg\",\"datePublished\":\"2026-09-03T07:22:30+00:00\",\"dateModified\":\"2026-09-03T07:22:32+00:00\",\"author\":{\"@id\":\"https:\\\/\\\/vengria.info\\\/#\\\/schema\\\/person\\\/b815b04a6b1fb36a2d064955a92f68d4\"},\"breadcrumb\":{\"@id\":\"https:\\\/\\\/vengria.info\\\/?p=18274#breadcrumb\"},\"inLanguage\":\"en-US\",\"potentialAction\":[{\"@type\":\"ReadAction\",\"target\":[\"https:\\\/\\\/vengria.info\\\/?p=18274\"]}]},{\"@type\":\"ImageObject\",\"inLanguage\":\"en-US\",\"@id\":\"https:\\\/\\\/vengria.info\\\/?p=18274#primaryimage\",\"url\":\"https:\\\/\\\/vengria.info\\\/wp-content\\\/uploads\\\/2026\\\/09\\\/dwaszx.jpg\",\"contentUrl\":\"https:\\\/\\\/vengria.info\\\/wp-content\\\/uploads\\\/2026\\\/09\\\/dwaszx.jpg\",\"width\":896,\"height\":1200},{\"@type\":\"BreadcrumbList\",\"@id\":\"https:\\\/\\\/vengria.info\\\/?p=18274#breadcrumb\",\"itemListElement\":[{\"@type\":\"ListItem\",\"position\":1,\"name\":\"Home\",\"item\":\"https:\\\/\\\/vengria.info\\\/\"},{\"@type\":\"ListItem\",\"position\":2,\"name\":\"A sz\u00ednfalak m\u00f6g\u00f6tt uralkod\u00f3k: Amikor a hatalom ill\u00fazi\u00f3ja \u00f6sszeomlik\"}]},{\"@type\":\"WebSite\",\"@id\":\"https:\\\/\\\/vengria.info\\\/#website\",\"url\":\"https:\\\/\\\/vengria.info\\\/\",\"name\":\"\",\"description\":\"\",\"potentialAction\":[{\"@type\":\"SearchAction\",\"target\":{\"@type\":\"EntryPoint\",\"urlTemplate\":\"https:\\\/\\\/vengria.info\\\/?s={search_term_string}\"},\"query-input\":{\"@type\":\"PropertyValueSpecification\",\"valueRequired\":true,\"valueName\":\"search_term_string\"}}],\"inLanguage\":\"en-US\"},{\"@type\":\"Person\",\"@id\":\"https:\\\/\\\/vengria.info\\\/#\\\/schema\\\/person\\\/b815b04a6b1fb36a2d064955a92f68d4\",\"name\":\"admin\",\"image\":{\"@type\":\"ImageObject\",\"inLanguage\":\"en-US\",\"@id\":\"https:\\\/\\\/secure.gravatar.com\\\/avatar\\\/a29bad30ab19883c48927f9ee55a40d0d1a0c3c343bcef70ad9a0a9cb421f0fa?s=96&d=mm&r=g\",\"url\":\"https:\\\/\\\/secure.gravatar.com\\\/avatar\\\/a29bad30ab19883c48927f9ee55a40d0d1a0c3c343bcef70ad9a0a9cb421f0fa?s=96&d=mm&r=g\",\"contentUrl\":\"https:\\\/\\\/secure.gravatar.com\\\/avatar\\\/a29bad30ab19883c48927f9ee55a40d0d1a0c3c343bcef70ad9a0a9cb421f0fa?s=96&d=mm&r=g\",\"caption\":\"admin\"},\"sameAs\":[\"http:\\\/\\\/vengria.info\"],\"url\":\"https:\\\/\\\/vengria.info\\\/?author=1\"}]}<\/script>\n<!-- \/ Yoast SEO plugin. -->","yoast_head_json":{"title":"A sz\u00ednfalak m\u00f6g\u00f6tt uralkod\u00f3k: Amikor a hatalom ill\u00fazi\u00f3ja \u00f6sszeomlik -","robots":{"index":"index","follow":"follow","max-snippet":"max-snippet:-1","max-image-preview":"max-image-preview:large","max-video-preview":"max-video-preview:-1"},"canonical":"https:\/\/vengria.info\/?p=18274","og_locale":"en_US","og_type":"article","og_title":"A sz\u00ednfalak m\u00f6g\u00f6tt uralkod\u00f3k: Amikor a hatalom ill\u00fazi\u00f3ja \u00f6sszeomlik -","og_description":"A f\u00e9ny\u0171z\u0151 bankett-teremben a vend\u00e9gek megdermedtek. Az \u00f6sszes el\u0151kel\u0151 t\u00e1rsas\u00e1gi k\u00e9pvisel\u0151, \u00fczleti partner \u00e9s k\u00edv\u00e1ncsi \u00fajs\u00e1g\u00edr\u00f3 a fekete \u00f6lt\u00f6ny\u00f6s f\u00e9rfiakra meredt, akik hat\u00e1rozottan","og_url":"https:\/\/vengria.info\/?p=18274","article_published_time":"2026-09-03T07:22:30+00:00","article_modified_time":"2026-09-03T07:22:32+00:00","og_image":[{"width":896,"height":1200,"url":"https:\/\/vengria.info\/wp-content\/uploads\/2026\/09\/dwaszx.jpg","type":"image\/jpeg"}],"author":"admin","twitter_card":"summary_large_image","twitter_misc":{"Written by":"admin","Est. reading time":"4 minutes"},"schema":{"@context":"https:\/\/schema.org","@graph":[{"@type":"Article","@id":"https:\/\/vengria.info\/?p=18274#article","isPartOf":{"@id":"https:\/\/vengria.info\/?p=18274"},"author":{"name":"admin","@id":"https:\/\/vengria.info\/#\/schema\/person\/b815b04a6b1fb36a2d064955a92f68d4"},"headline":"A sz\u00ednfalak m\u00f6g\u00f6tt uralkod\u00f3k: Amikor a hatalom ill\u00fazi\u00f3ja \u00f6sszeomlik","datePublished":"2026-09-03T07:22:30+00:00","dateModified":"2026-09-03T07:22:32+00:00","mainEntityOfPage":{"@id":"https:\/\/vengria.info\/?p=18274"},"wordCount":1026,"commentCount":0,"image":{"@id":"https:\/\/vengria.info\/?p=18274#primaryimage"},"thumbnailUrl":"https:\/\/vengria.info\/wp-content\/uploads\/2026\/09\/dwaszx.jpg","articleSection":["NEWS","VIDEO"],"inLanguage":"en-US","potentialAction":[{"@type":"CommentAction","name":"Comment","target":["https:\/\/vengria.info\/?p=18274#respond"]}]},{"@type":"WebPage","@id":"https:\/\/vengria.info\/?p=18274","url":"https:\/\/vengria.info\/?p=18274","name":"A sz\u00ednfalak m\u00f6g\u00f6tt uralkod\u00f3k: Amikor a hatalom ill\u00fazi\u00f3ja \u00f6sszeomlik -","isPartOf":{"@id":"https:\/\/vengria.info\/#website"},"primaryImageOfPage":{"@id":"https:\/\/vengria.info\/?p=18274#primaryimage"},"image":{"@id":"https:\/\/vengria.info\/?p=18274#primaryimage"},"thumbnailUrl":"https:\/\/vengria.info\/wp-content\/uploads\/2026\/09\/dwaszx.jpg","datePublished":"2026-09-03T07:22:30+00:00","dateModified":"2026-09-03T07:22:32+00:00","author":{"@id":"https:\/\/vengria.info\/#\/schema\/person\/b815b04a6b1fb36a2d064955a92f68d4"},"breadcrumb":{"@id":"https:\/\/vengria.info\/?p=18274#breadcrumb"},"inLanguage":"en-US","potentialAction":[{"@type":"ReadAction","target":["https:\/\/vengria.info\/?p=18274"]}]},{"@type":"ImageObject","inLanguage":"en-US","@id":"https:\/\/vengria.info\/?p=18274#primaryimage","url":"https:\/\/vengria.info\/wp-content\/uploads\/2026\/09\/dwaszx.jpg","contentUrl":"https:\/\/vengria.info\/wp-content\/uploads\/2026\/09\/dwaszx.jpg","width":896,"height":1200},{"@type":"BreadcrumbList","@id":"https:\/\/vengria.info\/?p=18274#breadcrumb","itemListElement":[{"@type":"ListItem","position":1,"name":"Home","item":"https:\/\/vengria.info\/"},{"@type":"ListItem","position":2,"name":"A sz\u00ednfalak m\u00f6g\u00f6tt uralkod\u00f3k: Amikor a hatalom ill\u00fazi\u00f3ja \u00f6sszeomlik"}]},{"@type":"WebSite","@id":"https:\/\/vengria.info\/#website","url":"https:\/\/vengria.info\/","name":"","description":"","potentialAction":[{"@type":"SearchAction","target":{"@type":"EntryPoint","urlTemplate":"https:\/\/vengria.info\/?s={search_term_string}"},"query-input":{"@type":"PropertyValueSpecification","valueRequired":true,"valueName":"search_term_string"}}],"inLanguage":"en-US"},{"@type":"Person","@id":"https:\/\/vengria.info\/#\/schema\/person\/b815b04a6b1fb36a2d064955a92f68d4","name":"admin","image":{"@type":"ImageObject","inLanguage":"en-US","@id":"https:\/\/secure.gravatar.com\/avatar\/a29bad30ab19883c48927f9ee55a40d0d1a0c3c343bcef70ad9a0a9cb421f0fa?s=96&d=mm&r=g","url":"https:\/\/secure.gravatar.com\/avatar\/a29bad30ab19883c48927f9ee55a40d0d1a0c3c343bcef70ad9a0a9cb421f0fa?s=96&d=mm&r=g","contentUrl":"https:\/\/secure.gravatar.com\/avatar\/a29bad30ab19883c48927f9ee55a40d0d1a0c3c343bcef70ad9a0a9cb421f0fa?s=96&d=mm&r=g","caption":"admin"},"sameAs":["http:\/\/vengria.info"],"url":"https:\/\/vengria.info\/?author=1"}]}},"_links":{"self":[{"href":"https:\/\/vengria.info\/index.php?rest_route=\/wp\/v2\/posts\/18274","targetHints":{"allow":["GET"]}}],"collection":[{"href":"https:\/\/vengria.info\/index.php?rest_route=\/wp\/v2\/posts"}],"about":[{"href":"https:\/\/vengria.info\/index.php?rest_route=\/wp\/v2\/types\/post"}],"author":[{"embeddable":true,"href":"https:\/\/vengria.info\/index.php?rest_route=\/wp\/v2\/users\/1"}],"replies":[{"embeddable":true,"href":"https:\/\/vengria.info\/index.php?rest_route=%2Fwp%2Fv2%2Fcomments&post=18274"}],"version-history":[{"count":1,"href":"https:\/\/vengria.info\/index.php?rest_route=\/wp\/v2\/posts\/18274\/revisions"}],"predecessor-version":[{"id":18278,"href":"https:\/\/vengria.info\/index.php?rest_route=\/wp\/v2\/posts\/18274\/revisions\/18278"}],"wp:featuredmedia":[{"embeddable":true,"href":"https:\/\/vengria.info\/index.php?rest_route=\/wp\/v2\/media\/18276"}],"wp:attachment":[{"href":"https:\/\/vengria.info\/index.php?rest_route=%2Fwp%2Fv2%2Fmedia&parent=18274"}],"wp:term":[{"taxonomy":"category","embeddable":true,"href":"https:\/\/vengria.info\/index.php?rest_route=%2Fwp%2Fv2%2Fcategories&post=18274"},{"taxonomy":"post_tag","embeddable":true,"href":"https:\/\/vengria.info\/index.php?rest_route=%2Fwp%2Fv2%2Ftags&post=18274"}],"curies":[{"name":"wp","href":"https:\/\/api.w.org\/{rel}","templated":true}]}}