{"id":18232,"date":"2026-09-03T06:52:14","date_gmt":"2026-09-03T06:52:14","guid":{"rendered":"https:\/\/vengria.info\/?p=18232"},"modified":"2026-09-03T06:52:15","modified_gmt":"2026-09-03T06:52:15","slug":"felesegul-ment-egy-negyven-evvel-idosebb-ferfihoz-reggel-felfedezte-hogy-a-ferfi-egesz-ejjel-valamit-csinalt-ami-orokre-megvaltoztatta-az-eletet","status":"publish","type":"post","link":"https:\/\/vengria.info\/?p=18232","title":{"rendered":"Feles\u00e9g\u00fcl ment egy negyven \u00e9vvel id\u0151sebb f\u00e9rfihoz. Reggel felfedezte, hogy a f\u00e9rfi eg\u00e9sz \u00e9jjel valamit csin\u00e1lt, ami \u00f6r\u00f6kre megv\u00e1ltoztatta az \u00e9let\u00e9t."},"content":{"rendered":"\n<p class=\"wp-block-paragraph\">Elen\u00e1nak soha nem volt olyan \u00e9lete, amir\u0151l \u00e9rdemes lett volna mes\u00e9t mes\u00e9lni.<\/p>\n\n\n\n<p class=\"wp-block-paragraph\">Lisszabon k\u00fclv\u00e1ros\u00e1ban n\u0151tt fel egy kis h\u00e1zban, ahol t\u00e9len a falakhoz tapadt a p\u00e1ra, ny\u00e1ron pedig szinte bel\u00e9legezhetetlen volt a leveg\u0151. M\u00e9g gyerekkor\u00e1ban elvesztette sz\u00fcleit. Egyetlen bizonyoss\u00e1ga a nagymam\u00e1ja volt, aki az ad\u00f3ss\u00e1gok, a betegs\u00e9gek \u00e9s a p\u00e9nzhi\u00e1ny ellen\u00e9re is megpr\u00f3b\u00e1lta fenntartani a h\u00e1ztart\u00e1st.<\/p>\n\n\n\n<p class=\"wp-block-paragraph\">Elena hamarosan meg\u00e9rtette, hogy egyes gyerekek \u00e1lmodozhatnak a j\u00f6v\u0151r\u0151l, m\u00edg m\u00e1soknak el\u0151sz\u00f6r el kell d\u00f6nteni\u00fck, hogy lesz-e mit enni\u00fck este.<\/p>\n\n\n\n<p class=\"wp-block-paragraph\">Az \u00e1ltal\u00e1nos iskola elv\u00e9gz\u00e9se ut\u00e1n abbahagyta a tanul\u00e1st. Dolgoznia kellett. Nagymam\u00e1ja egyik ismer\u0151s\u00e9n kereszt\u00fcl munk\u00e1t kapott egy k\u00fclv\u00e1rosi gy\u00e1rban. Minden reggel s\u00f6t\u00e9tben \u00e9bredt, \u00f3r\u00e1kig \u00e1llt a gy\u00e1rt\u00f3sorn\u00e1l, \u00e9s kimer\u00fclten t\u00e9rt haza. A fizet\u00e9se alig volt el\u00e9g a lakb\u00e9rre, az \u00e9telre \u00e9s a gy\u00f3gyszerre a nagymam\u00e1ja sz\u00e1m\u00e1ra.<\/p>\n\n\n\n<p class=\"wp-block-paragraph\">M\u00e9gis volt egy apr\u00f3 \u00e1lma.<\/p>\n\n\n\n<p class=\"wp-block-paragraph\">Egy nap szeretett volna venni egy saj\u00e1t motort.<\/p>\n\n\n\n<p class=\"wp-block-paragraph\">Nem a luxusra v\u00e1gyott. Csak valami olyasmit szeretett volna, amivel gyorsabban eljuthat a munkahely\u00e9re, nem kell minden nap zs\u00fafolt buszra v\u00e1rnia, \u00e9s ami a legfontosabb, \u00fagy \u00e9rezheti, hogy legal\u00e1bb valami az \u00e9let\u00e9ben igaz\u00e1n az \u00f6v\u00e9.<\/p>\n\n\n\n<p class=\"wp-block-paragraph\">Azt\u00e1n megjelent Hugo.<\/p>\n\n\n\n<p class=\"wp-block-paragraph\">\u00d6zvegyember volt, \u00e9s majdnem negyven \u00e9vvel id\u0151sebb Elen\u00e1n\u00e1l. Els\u0151 pillant\u00e1sra \u00fagy t\u0171nt, mint egy f\u00e9rfi, aki m\u00e1r r\u00e9g t\u00fal van azon a koron, amikor az emberek \u00faj \u00e9letet kezdenek. \u0150sz haja, f\u00e1radt arca volt, \u00e9s j\u00e1r\u00e1s k\u00f6zben kiss\u00e9 botra t\u00e1maszkodott.<\/p>\n\n\n\n<p class=\"wp-block-paragraph\">De Hug\u00f3r\u00f3l a k\u00f6rny\u00e9ken els\u0151sorban a vagyona miatt besz\u00e9ltek.<\/p>\n\n\n\n<p class=\"wp-block-paragraph\">T\u00f6bb ingatlan tulajdonosa volt, rendszeres j\u00f6vedelme volt, \u00e9s egyesek szerint \u00e9lete v\u00e9g\u00e9ig egyetlen anyagi probl\u00e9m\u00e1val sem kellett foglalkoznia.<\/p>\n\n\n\n<p class=\"wp-block-paragraph\">Elena a csal\u00e1djaik k\u00f6z\u00f6tti meg\u00e1llapod\u00e1snak k\u00f6sz\u00f6nhet\u0151en ismerkedett meg vele.<\/p>\n\n\n\n<p class=\"wp-block-paragraph\">Eleinte m\u00e9g csak fontol\u00f3ra sem vette, hogy feles\u00e9g\u00fcl menjen hozz\u00e1.<\/p>\n\n\n\n<p class=\"wp-block-paragraph\">\u201eSokkal id\u0151sebb n\u00e1lad\u201d \u2013 figyelmeztette a nagymam\u00e1ja.<\/p>\n\n\n\n<p class=\"wp-block-paragraph\">Elena tudta ezt.<\/p>\n\n\n\n<p class=\"wp-block-paragraph\">\u00c9s ez\u00e9rt ijesztette meg az eg\u00e9sz helyzet.<\/p>\n\n\n\n<p class=\"wp-block-paragraph\">De Hugo tett egy aj\u00e1nlatot, amit Elena nem k\u00f6nnyen utas\u00edthatott vissza. Meg\u00edg\u00e9rte, hogy kifizeti a nagymam\u00e1ja \u00f6sszes orvosi k\u00f6lts\u00e9g\u00e9t, kifizeti az \u00e9vek sor\u00e1n felhalmoz\u00f3dott ad\u00f3ss\u00e1gokat, \u00e9s gondoskodik arr\u00f3l, hogy soha t\u00f6bb\u00e9 ne kelljen agg\u00f3dniuk a meg\u00e9lhet\u00e9s miatt.<\/p>\n\n\n\n<p class=\"wp-block-paragraph\">\u00c9s akkor m\u00e9g valamit megeml\u00edtett.<\/p>\n\n\n\n<p class=\"wp-block-paragraph\">Egy motorker\u00e9kp\u00e1rt.<\/p>\n\n\n\n<p class=\"wp-block-paragraph\">Elena ekkor elhallgatott.<\/p>\n\n\n\n<p class=\"wp-block-paragraph\">Hugo r\u00e1n\u00e9zett, \u00e9s ahelyett, hogy meggy\u0151zte volna, megk\u00e9rdezte:<\/p>\n\n\n\n<p class=\"wp-block-paragraph\">\u201eF\u00e9lsz t\u0151lem?\u201d<\/p>\n\n\n\n<p class=\"wp-block-paragraph\">A l\u00e1ny nem v\u00e1laszolt.<\/p>\n\n\n\n<p class=\"wp-block-paragraph\">Egy pillanat m\u00falva csak b\u00f3lintott.<\/p>\n\n\n\n<p class=\"wp-block-paragraph\">Hugo halv\u00e1nyan elmosolyodott, de az arc\u00e1n nem l\u00e1tszott s\u00e9rt\u0151d\u00e9s.<\/p>\n\n\n\n<p class=\"wp-block-paragraph\">\u201eAkkor nem foglak semmire sem k\u00e9nyszer\u00edteni.\u201d<\/p>\n\n\n\n<p class=\"wp-block-paragraph\">Ez a mondat m\u00e9g bizonytalanabb\u00e1 tette Elen\u00e1t.<\/p>\n\n\n\n<p class=\"wp-block-paragraph\">Ha gonosz lenne, k\u00f6nnyebb lenne nemet mondania.<\/p>\n\n\n\n<p class=\"wp-block-paragraph\">De nyugodtan, udvariasan b\u00e1nt vele, \u00e9s soha nem gyakorolt \u200b\u200br\u00e1 nyom\u00e1st. \u00cdgy Elena v\u00e9g\u00fcl beleegyezett.<\/p>\n\n\n\n<p class=\"wp-block-paragraph\">Az esk\u00fcv\u0151 kicsi volt, \u00e9s szinte vend\u00e9gek n\u00e9lk\u00fcl. Nem volt nagy \u00fcnneps\u00e9g, nem voltak fot\u00f3k egy luxushotelben. N\u00e9h\u00e1ny rokon, n\u00e9h\u00e1ny ismer\u0151s \u00e9s egy r\u00f6vid szertart\u00e1s.<\/p>\n\n\n\n<p class=\"wp-block-paragraph\">Elena megpr\u00f3b\u00e1lt mosolyogni.<\/p>\n\n\n\n<p class=\"wp-block-paragraph\">De bel\u00fcl egyre idegesebb lett.<\/p>\n\n\n\n<p class=\"wp-block-paragraph\">Aznap este, amikor kettesben voltak a h\u00e1zban, el\u0151sz\u00f6r d\u00f6bbent r\u00e1, mit is tett val\u00f3j\u00e1ban.<\/p>\n\n\n\n<p class=\"wp-block-paragraph\">Le\u00fclt az \u00e1gy sz\u00e9l\u00e9re, \u00e9s a padl\u00f3ra n\u00e9zett.<\/p>\n\n\n\n<p class=\"wp-block-paragraph\">Hugo bel\u00e9pett a szob\u00e1ba.<\/p>\n\n\n\n<p class=\"wp-block-paragraph\">Elena azonnal megdermedt.<\/p>\n\n\n\n<p class=\"wp-block-paragraph\">A sz\u00edve olyan hevesen vert, hogy \u00fagy \u00e9rezte, Hugonak is hallania kell.<\/p>\n\n\n\n<p class=\"wp-block-paragraph\">Nem akart r\u00e1n\u00e9zni.<\/p>\n\n\n\n<p class=\"wp-block-paragraph\">Amikor Hugo lekapcsolta a villanyt, Elena lefek\u00fcdt, felh\u00fazta a takar\u00f3t a v\u00e1ll\u00e1ig, \u00e9s becsukta a szem\u00e9t.<\/p>\n\n\n\n<p class=\"wp-block-paragraph\">\u00dagy tett, mintha aludna.<\/p>\n\n\n\n<p class=\"wp-block-paragraph\">V\u00e1rta, mi fog t\u00f6rt\u00e9nni.<\/p>\n\n\n\n<p class=\"wp-block-paragraph\">Egy id\u0151 ut\u00e1n lass\u00fa l\u00e9pteket hallott.<\/p>\n\n\n\n<p class=\"wp-block-paragraph\">A matrac kiss\u00e9 megereszkedett.<\/p>\n\n\n\n<p class=\"wp-block-paragraph\">Hugo lefek\u00fcdt az \u00e1gy m\u00e1sik oldal\u00e1ra.<\/p>\n\n\n\n<p class=\"wp-block-paragraph\">Elena visszatartotta a l\u00e9legzet\u00e9t.<\/p>\n\n\n\n<p class=\"wp-block-paragraph\">Mindenf\u00e9le gondolat cik\u00e1zott a fej\u00e9ben. Azon t\u0171n\u0151d\u00f6tt, vajon \u00e9lete legnagyobb hib\u00e1j\u00e1t k\u00f6vette-e el. A nagymam\u00e1j\u00e1ra gondolt, az ad\u00f3ss\u00e1gaira, mindenre, amit fel\u00e1ldozott.<\/p>\n\n\n\n<p class=\"wp-block-paragraph\">Azt\u00e1n elcsendesedett a szoba.<\/p>\n\n\n\n<p class=\"wp-block-paragraph\">Hugo nem sz\u00f3lt semmit.<\/p>\n\n\n\n<p class=\"wp-block-paragraph\">Nem \u00e9rt hozz\u00e1.<\/p>\n\n\n\n<p class=\"wp-block-paragraph\">N\u00e9h\u00e1ny perc m\u00falva Elena hallotta a szab\u00e1lyos l\u00e9gz\u00e9s\u00e9t.<\/p>\n\n\n\n<p class=\"wp-block-paragraph\">Elaludt.<\/p>\n\n\n\n<p class=\"wp-block-paragraph\">\u00c9s m\u00e9gsem tudott elaludni.<\/p>\n\n\n\n<p class=\"wp-block-paragraph\">\u00d3r\u00e1kig b\u00e1mult a s\u00f6t\u00e9ts\u00e9gbe.<\/p>\n\n\n\n<p class=\"wp-block-paragraph\">V\u00e9g\u00fcl a f\u00e1radts\u00e1g gy\u0151zedelmeskedett.<\/p>\n\n\n\n<p class=\"wp-block-paragraph\">Reggel a f\u00fcgg\u00f6ny\u00f6n \u00e1tsz\u0171r\u0151d\u0151 napf\u00e9ny \u00e9bresztette fel.<\/p>\n\n\n\n<p class=\"wp-block-paragraph\">Egy pillanatra nem \u00e9rtette, hol van.<\/p>\n\n\n\n<p class=\"wp-block-paragraph\">Azt\u00e1n esz\u00e9be jutott.<\/p>\n\n\n\n<p class=\"wp-block-paragraph\">Hugo h\u00e1z\u00e1ban volt.<\/p>\n\n\n\n<figure class=\"wp-block-image size-large\"><img loading=\"lazy\" decoding=\"async\" width=\"820\" height=\"1024\" src=\"https:\/\/vengria.info\/wp-content\/uploads\/2026\/09\/wzexrctvybunio-820x1024.jpg\" alt=\"\" class=\"wp-image-18234\" srcset=\"https:\/\/vengria.info\/wp-content\/uploads\/2026\/09\/wzexrctvybunio-820x1024.jpg 820w, https:\/\/vengria.info\/wp-content\/uploads\/2026\/09\/wzexrctvybunio-240x300.jpg 240w, https:\/\/vengria.info\/wp-content\/uploads\/2026\/09\/wzexrctvybunio-768x959.jpg 768w, https:\/\/vengria.info\/wp-content\/uploads\/2026\/09\/wzexrctvybunio.jpg 922w\" sizes=\"auto, (max-width: 820px) 100vw, 820px\" \/><\/figure>\n\n\n\n<p class=\"wp-block-paragraph\">Az \u00e1gy m\u00e1sik oldal\u00e1ra ford\u00edtotta a fej\u00e9t.<\/p>\n\n\n\n<p class=\"wp-block-paragraph\">Hugo nem volt ott.<\/p>\n\n\n\n<p class=\"wp-block-paragraph\">Elena fel\u00fclt \u00e9s k\u00f6r\u00fcln\u00e9zett a szob\u00e1ban.<\/p>\n\n\n\n<p class=\"wp-block-paragraph\">Els\u0151 pillant\u00e1sra minden ugyanolyan volt, mint este.<\/p>\n\n\n\n<p class=\"wp-block-paragraph\">Azt\u00e1n \u00e9szrevett valamit az \u00e9jjeliszekr\u00e9nyen.<\/p>\n\n\n\n<p class=\"wp-block-paragraph\">\u00dclve maradt.<\/p>\n\n\n\n<p class=\"wp-block-paragraph\">Egy bor\u00edt\u00e9k volt az \u00e1gy mellett.<\/p>\n\n\n\n<p class=\"wp-block-paragraph\">Vastag volt \u00e9s lez\u00e1rt.<\/p>\n\n\n\n<p class=\"wp-block-paragraph\">A neve k\u00e9zzel volt \u00edrva az elej\u00e9re.<\/p>\n\n\n\n<p class=\"wp-block-paragraph\">Elena.<\/p>\n\n\n\n<p class=\"wp-block-paragraph\">Kiny\u00fajtotta a kez\u00e9t, \u00e9s kinyitotta a bor\u00edt\u00e9kot.<\/p>\n\n\n\n<p class=\"wp-block-paragraph\">Nem volt benne p\u00e9nz.<\/p>\n\n\n\n<p class=\"wp-block-paragraph\">Dokumentumok voltak.<\/p>\n\n\n\n<p class=\"wp-block-paragraph\">El\u0151sz\u00f6r nem \u00e9rtette.<\/p>\n\n\n\n<p class=\"wp-block-paragraph\">Azt\u00e1n elkezdett olvasni.<\/p>\n\n\n\n<p class=\"wp-block-paragraph\">\u00c9s minden sorral megv\u00e1ltozott az arckifejez\u00e9se.<\/p>\n\n\n\n<p class=\"wp-block-paragraph\">Az \u00e9jszaka folyam\u00e1n Hugo tett valamit, amir\u0151l nem sz\u00f3lt neki az esk\u00fcv\u0151 el\u0151tt.<\/p>\n\n\n\n<p class=\"wp-block-paragraph\">Vagyon\u00e1nak egy r\u00e9sz\u00e9t Elena nev\u00e9re \u00edrta.<\/p>\n\n\n\n<p class=\"wp-block-paragraph\">De nem csak a h\u00e1zr\u00f3l volt sz\u00f3.<\/p>\n\n\n\n<p class=\"wp-block-paragraph\">A dokumentumok tartalmaztak egy meger\u0151s\u00edt\u00e9st is arr\u00f3l, hogy a nagymam\u00e1ja kezel\u00e9s\u00e9vel kapcsolatos \u00f6sszes sz\u00e1ml\u00e1t kifizett\u00e9k. Volt egy szerz\u0151d\u00e9s is a motorker\u00e9kp\u00e1rr\u00f3l, amit neki \u00edg\u00e9rt.<\/p>\n\n\n\n<p class=\"wp-block-paragraph\">Elena azt hitte, ezzel v\u00e9ge a meglepet\u00e9snek.<\/p>\n\n\n\n<p class=\"wp-block-paragraph\">De tal\u00e1lt egy m\u00e1sik levelet a dokumentumok k\u00f6z\u00f6tt.<\/p>\n\n\n\n<p class=\"wp-block-paragraph\">Elkezdte olvasni.<\/p>\n\n\n\n<p class=\"wp-block-paragraph\">Ebben Hugo elmagyar\u00e1zta, mi\u00e9rt tette mindezt.<\/p>\n\n\n\n<p class=\"wp-block-paragraph\">Bevallotta, hogy tudja, hogyan v\u00e9lekednek az emberek a h\u00e1zass\u00e1gukr\u00f3l. Tudta, hogy Elena azt gondolhatja, hogy csak az\u00e9rt veszi feles\u00e9g\u00fcl, hogy elker\u00fclje az egyed\u00fcll\u00e9tet.<\/p>\n\n\n\n<p class=\"wp-block-paragraph\">De az igazs\u00e1g m\u00e1s volt.<\/p>\n\n\n\n<p class=\"wp-block-paragraph\">N\u00e9h\u00e1ny \u00e9vvel ezel\u0151tt egyetlen fia elt\u0171nt az \u00e9let\u00e9b\u0151l.<\/p>\n\n\n\n<p class=\"wp-block-paragraph\"><\/p>\n","protected":false},"excerpt":{"rendered":"Elen\u00e1nak soha nem volt olyan \u00e9lete, amir\u0151l \u00e9rdemes lett volna mes\u00e9t mes\u00e9lni. Lisszabon k\u00fclv\u00e1ros\u00e1ban n\u0151tt fel egy kis h\u00e1zban, ahol t\u00e9len a falakhoz \n<a class=\"moretag\" href=\"https:\/\/vengria.info\/?p=18232\"> [...]<\/a>","protected":false},"author":1,"featured_media":18234,"comment_status":"open","ping_status":"open","sticky":false,"template":"","format":"standard","meta":{"footnotes":""},"categories":[1,2],"tags":[],"class_list":["post-18232","post","type-post","status-publish","format-standard","has-post-thumbnail","hentry","category-news","category-video"],"yoast_head":"<!-- This site is optimized with the Yoast SEO plugin v28.3 - https:\/\/yoast.com\/product\/yoast-seo-wordpress\/ -->\n<title>Feles\u00e9g\u00fcl ment egy negyven \u00e9vvel id\u0151sebb f\u00e9rfihoz. Reggel felfedezte, hogy a f\u00e9rfi eg\u00e9sz \u00e9jjel valamit csin\u00e1lt, ami \u00f6r\u00f6kre megv\u00e1ltoztatta az \u00e9let\u00e9t. -<\/title>\n<meta name=\"robots\" content=\"index, follow, max-snippet:-1, max-image-preview:large, max-video-preview:-1\" \/>\n<link rel=\"canonical\" href=\"https:\/\/vengria.info\/?p=18232\" \/>\n<meta property=\"og:locale\" content=\"en_US\" \/>\n<meta property=\"og:type\" content=\"article\" \/>\n<meta property=\"og:title\" content=\"Feles\u00e9g\u00fcl ment egy negyven \u00e9vvel id\u0151sebb f\u00e9rfihoz. Reggel felfedezte, hogy a f\u00e9rfi eg\u00e9sz \u00e9jjel valamit csin\u00e1lt, ami \u00f6r\u00f6kre megv\u00e1ltoztatta az \u00e9let\u00e9t. -\" \/>\n<meta property=\"og:description\" content=\"Elen\u00e1nak soha nem volt olyan \u00e9lete, amir\u0151l \u00e9rdemes lett volna mes\u00e9t mes\u00e9lni. Lisszabon k\u00fclv\u00e1ros\u00e1ban n\u0151tt fel egy kis h\u00e1zban, ahol t\u00e9len a falakhoz\" \/>\n<meta property=\"og:url\" content=\"https:\/\/vengria.info\/?p=18232\" \/>\n<meta property=\"article:published_time\" content=\"2026-09-03T06:52:14+00:00\" \/>\n<meta property=\"article:modified_time\" content=\"2026-09-03T06:52:15+00:00\" \/>\n<meta property=\"og:image\" content=\"https:\/\/vengria.info\/wp-content\/uploads\/2026\/09\/wzexrctvybunio.jpg\" \/>\n\t<meta property=\"og:image:width\" content=\"922\" \/>\n\t<meta property=\"og:image:height\" content=\"1152\" \/>\n\t<meta property=\"og:image:type\" content=\"image\/jpeg\" \/>\n<meta name=\"author\" content=\"admin\" \/>\n<meta name=\"twitter:card\" content=\"summary_large_image\" \/>\n<meta name=\"twitter:label1\" content=\"Written by\" \/>\n\t<meta name=\"twitter:data1\" content=\"admin\" \/>\n\t<meta name=\"twitter:label2\" content=\"Est. reading time\" \/>\n\t<meta name=\"twitter:data2\" content=\"4 minutes\" \/>\n<script type=\"application\/ld+json\" class=\"yoast-schema-graph\">{\"@context\":\"https:\\\/\\\/schema.org\",\"@graph\":[{\"@type\":\"Article\",\"@id\":\"https:\\\/\\\/vengria.info\\\/?p=18232#article\",\"isPartOf\":{\"@id\":\"https:\\\/\\\/vengria.info\\\/?p=18232\"},\"author\":{\"name\":\"admin\",\"@id\":\"https:\\\/\\\/vengria.info\\\/#\\\/schema\\\/person\\\/b815b04a6b1fb36a2d064955a92f68d4\"},\"headline\":\"Feles\u00e9g\u00fcl ment egy negyven \u00e9vvel id\u0151sebb f\u00e9rfihoz. Reggel felfedezte, hogy a f\u00e9rfi eg\u00e9sz \u00e9jjel valamit csin\u00e1lt, ami \u00f6r\u00f6kre megv\u00e1ltoztatta az \u00e9let\u00e9t.\",\"datePublished\":\"2026-09-03T06:52:14+00:00\",\"dateModified\":\"2026-09-03T06:52:15+00:00\",\"mainEntityOfPage\":{\"@id\":\"https:\\\/\\\/vengria.info\\\/?p=18232\"},\"wordCount\":1131,\"commentCount\":0,\"image\":{\"@id\":\"https:\\\/\\\/vengria.info\\\/?p=18232#primaryimage\"},\"thumbnailUrl\":\"https:\\\/\\\/vengria.info\\\/wp-content\\\/uploads\\\/2026\\\/09\\\/wzexrctvybunio.jpg\",\"articleSection\":[\"NEWS\",\"VIDEO\"],\"inLanguage\":\"en-US\",\"potentialAction\":[{\"@type\":\"CommentAction\",\"name\":\"Comment\",\"target\":[\"https:\\\/\\\/vengria.info\\\/?p=18232#respond\"]}]},{\"@type\":\"WebPage\",\"@id\":\"https:\\\/\\\/vengria.info\\\/?p=18232\",\"url\":\"https:\\\/\\\/vengria.info\\\/?p=18232\",\"name\":\"Feles\u00e9g\u00fcl ment egy negyven \u00e9vvel id\u0151sebb f\u00e9rfihoz. Reggel felfedezte, hogy a f\u00e9rfi eg\u00e9sz \u00e9jjel valamit csin\u00e1lt, ami \u00f6r\u00f6kre megv\u00e1ltoztatta az \u00e9let\u00e9t. -\",\"isPartOf\":{\"@id\":\"https:\\\/\\\/vengria.info\\\/#website\"},\"primaryImageOfPage\":{\"@id\":\"https:\\\/\\\/vengria.info\\\/?p=18232#primaryimage\"},\"image\":{\"@id\":\"https:\\\/\\\/vengria.info\\\/?p=18232#primaryimage\"},\"thumbnailUrl\":\"https:\\\/\\\/vengria.info\\\/wp-content\\\/uploads\\\/2026\\\/09\\\/wzexrctvybunio.jpg\",\"datePublished\":\"2026-09-03T06:52:14+00:00\",\"dateModified\":\"2026-09-03T06:52:15+00:00\",\"author\":{\"@id\":\"https:\\\/\\\/vengria.info\\\/#\\\/schema\\\/person\\\/b815b04a6b1fb36a2d064955a92f68d4\"},\"breadcrumb\":{\"@id\":\"https:\\\/\\\/vengria.info\\\/?p=18232#breadcrumb\"},\"inLanguage\":\"en-US\",\"potentialAction\":[{\"@type\":\"ReadAction\",\"target\":[\"https:\\\/\\\/vengria.info\\\/?p=18232\"]}]},{\"@type\":\"ImageObject\",\"inLanguage\":\"en-US\",\"@id\":\"https:\\\/\\\/vengria.info\\\/?p=18232#primaryimage\",\"url\":\"https:\\\/\\\/vengria.info\\\/wp-content\\\/uploads\\\/2026\\\/09\\\/wzexrctvybunio.jpg\",\"contentUrl\":\"https:\\\/\\\/vengria.info\\\/wp-content\\\/uploads\\\/2026\\\/09\\\/wzexrctvybunio.jpg\",\"width\":922,\"height\":1152},{\"@type\":\"BreadcrumbList\",\"@id\":\"https:\\\/\\\/vengria.info\\\/?p=18232#breadcrumb\",\"itemListElement\":[{\"@type\":\"ListItem\",\"position\":1,\"name\":\"Home\",\"item\":\"https:\\\/\\\/vengria.info\\\/\"},{\"@type\":\"ListItem\",\"position\":2,\"name\":\"Feles\u00e9g\u00fcl ment egy negyven \u00e9vvel id\u0151sebb f\u00e9rfihoz. Reggel felfedezte, hogy a f\u00e9rfi eg\u00e9sz \u00e9jjel valamit csin\u00e1lt, ami \u00f6r\u00f6kre megv\u00e1ltoztatta az \u00e9let\u00e9t.\"}]},{\"@type\":\"WebSite\",\"@id\":\"https:\\\/\\\/vengria.info\\\/#website\",\"url\":\"https:\\\/\\\/vengria.info\\\/\",\"name\":\"\",\"description\":\"\",\"potentialAction\":[{\"@type\":\"SearchAction\",\"target\":{\"@type\":\"EntryPoint\",\"urlTemplate\":\"https:\\\/\\\/vengria.info\\\/?s={search_term_string}\"},\"query-input\":{\"@type\":\"PropertyValueSpecification\",\"valueRequired\":true,\"valueName\":\"search_term_string\"}}],\"inLanguage\":\"en-US\"},{\"@type\":\"Person\",\"@id\":\"https:\\\/\\\/vengria.info\\\/#\\\/schema\\\/person\\\/b815b04a6b1fb36a2d064955a92f68d4\",\"name\":\"admin\",\"image\":{\"@type\":\"ImageObject\",\"inLanguage\":\"en-US\",\"@id\":\"https:\\\/\\\/secure.gravatar.com\\\/avatar\\\/a29bad30ab19883c48927f9ee55a40d0d1a0c3c343bcef70ad9a0a9cb421f0fa?s=96&d=mm&r=g\",\"url\":\"https:\\\/\\\/secure.gravatar.com\\\/avatar\\\/a29bad30ab19883c48927f9ee55a40d0d1a0c3c343bcef70ad9a0a9cb421f0fa?s=96&d=mm&r=g\",\"contentUrl\":\"https:\\\/\\\/secure.gravatar.com\\\/avatar\\\/a29bad30ab19883c48927f9ee55a40d0d1a0c3c343bcef70ad9a0a9cb421f0fa?s=96&d=mm&r=g\",\"caption\":\"admin\"},\"sameAs\":[\"http:\\\/\\\/vengria.info\"],\"url\":\"https:\\\/\\\/vengria.info\\\/?author=1\"}]}<\/script>\n<!-- \/ Yoast SEO plugin. -->","yoast_head_json":{"title":"Feles\u00e9g\u00fcl ment egy negyven \u00e9vvel id\u0151sebb f\u00e9rfihoz. Reggel felfedezte, hogy a f\u00e9rfi eg\u00e9sz \u00e9jjel valamit csin\u00e1lt, ami \u00f6r\u00f6kre megv\u00e1ltoztatta az \u00e9let\u00e9t. -","robots":{"index":"index","follow":"follow","max-snippet":"max-snippet:-1","max-image-preview":"max-image-preview:large","max-video-preview":"max-video-preview:-1"},"canonical":"https:\/\/vengria.info\/?p=18232","og_locale":"en_US","og_type":"article","og_title":"Feles\u00e9g\u00fcl ment egy negyven \u00e9vvel id\u0151sebb f\u00e9rfihoz. Reggel felfedezte, hogy a f\u00e9rfi eg\u00e9sz \u00e9jjel valamit csin\u00e1lt, ami \u00f6r\u00f6kre megv\u00e1ltoztatta az \u00e9let\u00e9t. -","og_description":"Elen\u00e1nak soha nem volt olyan \u00e9lete, amir\u0151l \u00e9rdemes lett volna mes\u00e9t mes\u00e9lni. Lisszabon k\u00fclv\u00e1ros\u00e1ban n\u0151tt fel egy kis h\u00e1zban, ahol t\u00e9len a falakhoz","og_url":"https:\/\/vengria.info\/?p=18232","article_published_time":"2026-09-03T06:52:14+00:00","article_modified_time":"2026-09-03T06:52:15+00:00","og_image":[{"width":922,"height":1152,"url":"https:\/\/vengria.info\/wp-content\/uploads\/2026\/09\/wzexrctvybunio.jpg","type":"image\/jpeg"}],"author":"admin","twitter_card":"summary_large_image","twitter_misc":{"Written by":"admin","Est. reading time":"4 minutes"},"schema":{"@context":"https:\/\/schema.org","@graph":[{"@type":"Article","@id":"https:\/\/vengria.info\/?p=18232#article","isPartOf":{"@id":"https:\/\/vengria.info\/?p=18232"},"author":{"name":"admin","@id":"https:\/\/vengria.info\/#\/schema\/person\/b815b04a6b1fb36a2d064955a92f68d4"},"headline":"Feles\u00e9g\u00fcl ment egy negyven \u00e9vvel id\u0151sebb f\u00e9rfihoz. Reggel felfedezte, hogy a f\u00e9rfi eg\u00e9sz \u00e9jjel valamit csin\u00e1lt, ami \u00f6r\u00f6kre megv\u00e1ltoztatta az \u00e9let\u00e9t.","datePublished":"2026-09-03T06:52:14+00:00","dateModified":"2026-09-03T06:52:15+00:00","mainEntityOfPage":{"@id":"https:\/\/vengria.info\/?p=18232"},"wordCount":1131,"commentCount":0,"image":{"@id":"https:\/\/vengria.info\/?p=18232#primaryimage"},"thumbnailUrl":"https:\/\/vengria.info\/wp-content\/uploads\/2026\/09\/wzexrctvybunio.jpg","articleSection":["NEWS","VIDEO"],"inLanguage":"en-US","potentialAction":[{"@type":"CommentAction","name":"Comment","target":["https:\/\/vengria.info\/?p=18232#respond"]}]},{"@type":"WebPage","@id":"https:\/\/vengria.info\/?p=18232","url":"https:\/\/vengria.info\/?p=18232","name":"Feles\u00e9g\u00fcl ment egy negyven \u00e9vvel id\u0151sebb f\u00e9rfihoz. Reggel felfedezte, hogy a f\u00e9rfi eg\u00e9sz \u00e9jjel valamit csin\u00e1lt, ami \u00f6r\u00f6kre megv\u00e1ltoztatta az \u00e9let\u00e9t. -","isPartOf":{"@id":"https:\/\/vengria.info\/#website"},"primaryImageOfPage":{"@id":"https:\/\/vengria.info\/?p=18232#primaryimage"},"image":{"@id":"https:\/\/vengria.info\/?p=18232#primaryimage"},"thumbnailUrl":"https:\/\/vengria.info\/wp-content\/uploads\/2026\/09\/wzexrctvybunio.jpg","datePublished":"2026-09-03T06:52:14+00:00","dateModified":"2026-09-03T06:52:15+00:00","author":{"@id":"https:\/\/vengria.info\/#\/schema\/person\/b815b04a6b1fb36a2d064955a92f68d4"},"breadcrumb":{"@id":"https:\/\/vengria.info\/?p=18232#breadcrumb"},"inLanguage":"en-US","potentialAction":[{"@type":"ReadAction","target":["https:\/\/vengria.info\/?p=18232"]}]},{"@type":"ImageObject","inLanguage":"en-US","@id":"https:\/\/vengria.info\/?p=18232#primaryimage","url":"https:\/\/vengria.info\/wp-content\/uploads\/2026\/09\/wzexrctvybunio.jpg","contentUrl":"https:\/\/vengria.info\/wp-content\/uploads\/2026\/09\/wzexrctvybunio.jpg","width":922,"height":1152},{"@type":"BreadcrumbList","@id":"https:\/\/vengria.info\/?p=18232#breadcrumb","itemListElement":[{"@type":"ListItem","position":1,"name":"Home","item":"https:\/\/vengria.info\/"},{"@type":"ListItem","position":2,"name":"Feles\u00e9g\u00fcl ment egy negyven \u00e9vvel id\u0151sebb f\u00e9rfihoz. Reggel felfedezte, hogy a f\u00e9rfi eg\u00e9sz \u00e9jjel valamit csin\u00e1lt, ami \u00f6r\u00f6kre megv\u00e1ltoztatta az \u00e9let\u00e9t."}]},{"@type":"WebSite","@id":"https:\/\/vengria.info\/#website","url":"https:\/\/vengria.info\/","name":"","description":"","potentialAction":[{"@type":"SearchAction","target":{"@type":"EntryPoint","urlTemplate":"https:\/\/vengria.info\/?s={search_term_string}"},"query-input":{"@type":"PropertyValueSpecification","valueRequired":true,"valueName":"search_term_string"}}],"inLanguage":"en-US"},{"@type":"Person","@id":"https:\/\/vengria.info\/#\/schema\/person\/b815b04a6b1fb36a2d064955a92f68d4","name":"admin","image":{"@type":"ImageObject","inLanguage":"en-US","@id":"https:\/\/secure.gravatar.com\/avatar\/a29bad30ab19883c48927f9ee55a40d0d1a0c3c343bcef70ad9a0a9cb421f0fa?s=96&d=mm&r=g","url":"https:\/\/secure.gravatar.com\/avatar\/a29bad30ab19883c48927f9ee55a40d0d1a0c3c343bcef70ad9a0a9cb421f0fa?s=96&d=mm&r=g","contentUrl":"https:\/\/secure.gravatar.com\/avatar\/a29bad30ab19883c48927f9ee55a40d0d1a0c3c343bcef70ad9a0a9cb421f0fa?s=96&d=mm&r=g","caption":"admin"},"sameAs":["http:\/\/vengria.info"],"url":"https:\/\/vengria.info\/?author=1"}]}},"_links":{"self":[{"href":"https:\/\/vengria.info\/index.php?rest_route=\/wp\/v2\/posts\/18232","targetHints":{"allow":["GET"]}}],"collection":[{"href":"https:\/\/vengria.info\/index.php?rest_route=\/wp\/v2\/posts"}],"about":[{"href":"https:\/\/vengria.info\/index.php?rest_route=\/wp\/v2\/types\/post"}],"author":[{"embeddable":true,"href":"https:\/\/vengria.info\/index.php?rest_route=\/wp\/v2\/users\/1"}],"replies":[{"embeddable":true,"href":"https:\/\/vengria.info\/index.php?rest_route=%2Fwp%2Fv2%2Fcomments&post=18232"}],"version-history":[{"count":1,"href":"https:\/\/vengria.info\/index.php?rest_route=\/wp\/v2\/posts\/18232\/revisions"}],"predecessor-version":[{"id":18236,"href":"https:\/\/vengria.info\/index.php?rest_route=\/wp\/v2\/posts\/18232\/revisions\/18236"}],"wp:featuredmedia":[{"embeddable":true,"href":"https:\/\/vengria.info\/index.php?rest_route=\/wp\/v2\/media\/18234"}],"wp:attachment":[{"href":"https:\/\/vengria.info\/index.php?rest_route=%2Fwp%2Fv2%2Fmedia&parent=18232"}],"wp:term":[{"taxonomy":"category","embeddable":true,"href":"https:\/\/vengria.info\/index.php?rest_route=%2Fwp%2Fv2%2Fcategories&post=18232"},{"taxonomy":"post_tag","embeddable":true,"href":"https:\/\/vengria.info\/index.php?rest_route=%2Fwp%2Fv2%2Ftags&post=18232"}],"curies":[{"name":"wp","href":"https:\/\/api.w.org\/{rel}","templated":true}]}}