{"id":18225,"date":"2026-09-02T11:29:22","date_gmt":"2026-09-02T11:29:22","guid":{"rendered":"https:\/\/vengria.info\/?p=18225"},"modified":"2026-09-02T11:29:23","modified_gmt":"2026-09-02T11:29:23","slug":"a-nyolceves-anna-elviselhetetlen-hasi-fajdalomra-ebredt-miutan-a-hetveget-a-neveloapjanal-toltotte-az-orvos-megnezte-az-ultrahangot-es-azonnal-mentot-hivott","status":"publish","type":"post","link":"https:\/\/vengria.info\/?p=18225","title":{"rendered":"A nyolc\u00e9ves Anna elviselhetetlen hasi f\u00e1jdalomra \u00e9bredt, miut\u00e1n a h\u00e9tv\u00e9g\u00e9t a nevel\u0151apj\u00e1n\u00e1l t\u00f6lt\u00f6tte. Az orvos megn\u00e9zte az ultrahangot, \u00e9s azonnal ment\u0151t h\u00edvott."},"content":{"rendered":"\n<p class=\"wp-block-paragraph\">A h\u00e9tf\u0151 reggele eg\u00e9szen norm\u00e1lisan indult.<\/p>\n\n\n\n<p class=\"wp-block-paragraph\">Kl\u00e1ra a konyh\u00e1ban \u00e1llt, \u00e9s reggelit k\u00e9sz\u00edtett. Az asztalon az iskolai f\u00fczetei hevertek, mellett\u00fck egy \u00fcveg v\u00edz \u00e9s nyolc\u00e9ves l\u00e1nya, Anna h\u00e1tizs\u00e1kja.<\/p>\n\n\n\n<p class=\"wp-block-paragraph\">Csak Anna nem \u00fagy viselkedett, mint \u00e1ltal\u00e1ban.<\/p>\n\n\n\n<p class=\"wp-block-paragraph\">G\u00f6rnyedten \u00fclt az asztaln\u00e1l, mindk\u00e9t kez\u00e9vel a has\u00e1t fogta, \u00e9s homlok\u00e1t majdnem az asztallaphoz \u00e9rintette.<\/p>\n\n\n\n<p class=\"wp-block-paragraph\">Kl\u00e1ra csak akkor vette ezt \u00e9szre, amikor maga el\u00e9 tette a t\u00e1ny\u00e9rt.<\/p>\n\n\n\n<p class=\"wp-block-paragraph\">&#8220;Anna?&#8221;<\/p>\n\n\n\n<p class=\"wp-block-paragraph\">A l\u00e1ny lassan felemelte a fej\u00e9t.<\/p>\n\n\n\n<p class=\"wp-block-paragraph\">Szokatlanul s\u00e1padt volt.<\/p>\n\n\n\n<p class=\"wp-block-paragraph\">&#8220;Anya, m\u00e9g mindig f\u00e1j.&#8221;<\/p>\n\n\n\n<p class=\"wp-block-paragraph\">Kl\u00e1ra azonnal letette a b\u00f6gr\u00e9j\u00e9t.<\/p>\n\n\n\n<p class=\"wp-block-paragraph\">&#8220;Mi\u00f3ta?&#8221;<\/p>\n\n\n\n<p class=\"wp-block-paragraph\">Anna egy pillanatra elhallgatott.<\/p>\n\n\n\n<p class=\"wp-block-paragraph\">&#8220;Szombat \u00f3ta.&#8221;<\/p>\n\n\n\n<p class=\"wp-block-paragraph\">&#8220;\u00c9s mi\u00e9rt nem mondtad?&#8221;<\/p>\n\n\n\n<p class=\"wp-block-paragraph\">&#8220;Azt hittem, elm\u00falik.&#8221;<\/p>\n\n\n\n<p class=\"wp-block-paragraph\">Kl\u00e1ra le\u00fclt mell\u00e9.<\/p>\n\n\n\n<p class=\"wp-block-paragraph\">\u201eF\u00e1jt neked szombat este?\u201d<\/p>\n\n\n\n<p class=\"wp-block-paragraph\">Anna b\u00f3lintott.<\/p>\n\n\n\n<p class=\"wp-block-paragraph\">\u201eNagyon.\u201d<\/p>\n\n\n\n<p class=\"wp-block-paragraph\">\u201eElmondtad Lucasnak?\u201d<\/p>\n\n\n\n<p class=\"wp-block-paragraph\">Megint b\u00f3lintott.<\/p>\n\n\n\n<p class=\"wp-block-paragraph\">Lucas Clara f\u00e9rje \u00e9s Anna mostohaapja volt. Clar\u00e1nak h\u00e9tv\u00e9g\u00e9n m\u0171szakja volt, \u00edgy Anna otthon maradt vele.<\/p>\n\n\n\n<p class=\"wp-block-paragraph\">Clara egy pillanatra elhallgatott.<\/p>\n\n\n\n<p class=\"wp-block-paragraph\">\u201eMit mondott neked?\u201d<\/p>\n\n\n\n<p class=\"wp-block-paragraph\">\u201eHogy biztosan t\u00fal sok pizz\u00e1t ettem.\u201d<\/p>\n\n\n\n<p class=\"wp-block-paragraph\">Clar\u00e1t nyugtalan\u00edtotta ez a v\u00e1lasz.<\/p>\n\n\n\n<p class=\"wp-block-paragraph\">Eml\u00e9kezett, hogy Lucas \u00fczenetet k\u00fcld\u00f6tt neki szombat este.<\/p>\n\n\n\n<p class=\"wp-block-paragraph\">\u201eAnna j\u00f3l van. Csak f\u00e1j a hasa. Biztosan valami rosszat evett.\u201d<\/p>\n\n\n\n<p class=\"wp-block-paragraph\">Clar\u00e1nak akkor nem volt oka nem hinni neki.<\/p>\n\n\n\n<p class=\"wp-block-paragraph\">De most m\u00e1r kezdte mag\u00e1t hib\u00e1ztatni, ami\u00e9rt nem j\u00f6tt haza.<\/p>\n\n\n\n<p class=\"wp-block-paragraph\">\u201eM\u00e9g mindig f\u00e1j?\u201d<\/p>\n\n\n\n<p class=\"wp-block-paragraph\">Anna megr\u00e1zta a fej\u00e9t.<\/p>\n\n\n\n<p class=\"wp-block-paragraph\">\u201eCsak a hasam.\u201d<\/p>\n\n\n\n<p class=\"wp-block-paragraph\">Clara meg\u00e9rintette a homlok\u00e1t.<\/p>\n\n\n\n<p class=\"wp-block-paragraph\">Nem volt l\u00e1za.<\/p>\n\n\n\n<p class=\"wp-block-paragraph\">M\u00e9gis, valami nem volt rendben.<\/p>\n\n\n\n<p class=\"wp-block-paragraph\">\u00c9s az anyai \u00f6szt\u00f6nei azt s\u00fagt\u00e1k, hogy hiba lenne m\u00e9g egy napot v\u00e1rni.<\/p>\n\n\n\n<hr class=\"wp-block-separator has-alpha-channel-opacity\"\/>\n\n\n\n<p class=\"wp-block-paragraph\">Kevesebb mint egy \u00f3r\u00e1val k\u00e9s\u0151bb a gyermekorvos rendel\u0151j\u00e9ben \u00fcltek.<\/p>\n\n\n\n<p class=\"wp-block-paragraph\">Dr. Nov\u00e1k sz\u00fclet\u00e9se \u00f3ta ismerte Ann\u00e1t. Tudta, hogyan viselkedik, amikor f\u00e1radt, mikor t\u00faloz, \u00e9s mikor van igaz\u00e1n beteg.<\/p>\n\n\n\n<p class=\"wp-block-paragraph\">Ez\u00fattal azonnal \u00e9szrevette az arckifejez\u00e9s\u00e9t.<\/p>\n\n\n\n<p class=\"wp-block-paragraph\">\u201ePontosan hol f\u00e1j?\u201d<\/p>\n\n\n\n<p class=\"wp-block-paragraph\">Anna a hasa jobb oldal\u00e1ra mutatott.<\/p>\n\n\n\n<p class=\"wp-block-paragraph\">Az orvos alaposan megvizsg\u00e1lta.<\/p>\n\n\n\n<p class=\"wp-block-paragraph\">Amikor megnyomott egy bizonyos pontot, Anna \u00f6sszerezzent.<\/p>\n\n\n\n<p class=\"wp-block-paragraph\">\u201eItt?\u201d<\/p>\n\n\n\n<p class=\"wp-block-paragraph\">\u201eIgen.\u201d<\/p>\n\n\n\n<p class=\"wp-block-paragraph\">Az orvos \u00f6sszevonta a szem\u00f6ld\u00f6k\u00e9t.<\/p>\n\n\n\n<p class=\"wp-block-paragraph\">\u201eMit mond, mi\u00f3ta tart?\u201d<\/p>\n\n\n\n<p class=\"wp-block-paragraph\">\u201eSzombat \u00f3ta.\u201d<\/p>\n\n\n\n<p class=\"wp-block-paragraph\">Az orvos Clar\u00e1ra n\u00e9zett.<\/p>\n\n\n\n<p class=\"wp-block-paragraph\">\u201eUltrahangot fogunk csin\u00e1lni.\u201d<\/p>\n\n\n\n<p class=\"wp-block-paragraph\">\u201eKomoly?\u201d<\/p>\n\n\n\n<p class=\"wp-block-paragraph\">\u201eNem kell annak lennie. De nem akarok semmit kihagyni.\u201d<\/p>\n\n\n\n<p class=\"wp-block-paragraph\">Clara b\u00f3lintott.<\/p>\n\n\n\n<p class=\"wp-block-paragraph\">M\u00e9gis \u00e9rezte, hogy \u00f6sszeszorul a gyomra.<\/p>\n\n\n\n<hr class=\"wp-block-separator has-alpha-channel-opacity\"\/>\n\n\n\n<p class=\"wp-block-paragraph\">Az ultrahang nyugodtan kezd\u0151d\u00f6tt.<\/p>\n\n\n\n<p class=\"wp-block-paragraph\">Anna a kanap\u00e9n fek\u00fcdt, \u00e9s megpr\u00f3b\u00e1lt a monitorra n\u00e9zni.<\/p>\n\n\n\n<p class=\"wp-block-paragraph\">Clara mellette \u00e1llt, \u00e9s fogta a kez\u00e9t.<\/p>\n\n\n\n<p class=\"wp-block-paragraph\">Az orvos lassan v\u00e9gigvezette a szond\u00e1t a l\u00e1ny has\u00e1n.<\/p>\n\n\n\n<p class=\"wp-block-paragraph\">\u2013 Egy pillanat.<\/p>\n\n\n\n<p class=\"wp-block-paragraph\">Anna megk\u00e9rdezte:<\/p>\n\n\n\n<p class=\"wp-block-paragraph\">\u2013 L\u00e1tunk ott valamit?<\/p>\n\n\n\n<p class=\"wp-block-paragraph\">Az orvos elmosolyodott.<\/p>\n\n\n\n<p class=\"wp-block-paragraph\">\u2013 Tal\u00e1n.<\/p>\n\n\n\n<p class=\"wp-block-paragraph\">Azt\u00e1n megv\u00e1ltozott az arckifejez\u00e9se.<\/p>\n\n\n\n<p class=\"wp-block-paragraph\">A szonda mozg\u00e1sa lelassult.<\/p>\n\n\n\n<p class=\"wp-block-paragraph\">A monitorra n\u00e9zett.<\/p>\n\n\n\n<p class=\"wp-block-paragraph\">Ellen\u0151rizte a be\u00e1ll\u00edt\u00e1sokat.<\/p>\n\n\n\n<p class=\"wp-block-paragraph\">Azt\u00e1n Dr. Novakra n\u00e9zett.<\/p>\n\n\n\n<p class=\"wp-block-paragraph\">A f\u00e9rfi k\u00f6zelebb l\u00e9pett.<\/p>\n\n\n\n<p class=\"wp-block-paragraph\">N\u00e9h\u00e1ny m\u00e1sodpercig mindketten csendben voltak.<\/p>\n\n\n\n<p class=\"wp-block-paragraph\">Clara \u00e9szrevette.<\/p>\n\n\n\n<p class=\"wp-block-paragraph\">\u2013 Mi a baj?<\/p>\n\n\n\n<p class=\"wp-block-paragraph\">Senki sem v\u00e1laszolt.<\/p>\n\n\n\n<p class=\"wp-block-paragraph\">\u2013 Doktor \u00far?<\/p>\n\n\n\n<p class=\"wp-block-paragraph\">Az orvos ism\u00e9t a k\u00e9perny\u0151re n\u00e9zett.<\/p>\n\n\n\n<p class=\"wp-block-paragraph\">Ez\u00fattal komolynak t\u0171nt.<\/p>\n\n\n\n<p class=\"wp-block-paragraph\">\u2013 H\u00edvja a radiol\u00f3gust.<\/p>\n\n\n\n<p class=\"wp-block-paragraph\">Az asszisztens azonnal elment.<\/p>\n\n\n\n<p class=\"wp-block-paragraph\">Clara megszor\u00edtotta Anna kez\u00e9t.<\/p>\n\n\n\n<p class=\"wp-block-paragraph\">\u201eMit tal\u00e1lt?\u201d<\/p>\n\n\n\n<p class=\"wp-block-paragraph\">\u201eBiztosnak kell lenn\u00fcnk.\u201d<\/p>\n\n\n\n<p class=\"wp-block-paragraph\">\u201eDe mi az?\u201d<\/p>\n\n\n\n<p class=\"wp-block-paragraph\">Az orvos vett egy m\u00e9ly l\u00e9legzetet.<\/p>\n\n\n\n<p class=\"wp-block-paragraph\">\u201eValamit l\u00e1tunk, aminek nem szabadna ott lennie.\u201d<\/p>\n\n\n\n<p class=\"wp-block-paragraph\">Clara els\u00e1padt.<\/p>\n\n\n\n<p class=\"wp-block-paragraph\">\u201eEgy daganatot?\u201d<\/p>\n\n\n\n<p class=\"wp-block-paragraph\">\u201eM\u00e9g nem tudjuk megmondani.\u201d<\/p>\n\n\n\n<p class=\"wp-block-paragraph\">Az orvos folytatta a vizsg\u00e1lat\u00e1t.<\/p>\n\n\n\n<p class=\"wp-block-paragraph\">Azt\u00e1n hirtelen h\u00e1tral\u00e9pett a g\u00e9pt\u0151l.<\/p>\n\n\n\n<p class=\"wp-block-paragraph\">Felvette a telefont.<\/p>\n\n\n\n<p class=\"wp-block-paragraph\">Clara figyelte.<\/p>\n\n\n\n<p class=\"wp-block-paragraph\">\u201eMit csin\u00e1l?\u201d<\/p>\n\n\n\n<p class=\"wp-block-paragraph\">Az orvos m\u00e1r t\u00e1rcs\u00e1zott.<\/p>\n\n\n\n<figure class=\"wp-block-image size-large\"><img loading=\"lazy\" decoding=\"async\" width=\"858\" height=\"1024\" src=\"https:\/\/vengria.info\/wp-content\/uploads\/2026\/09\/wasdxzasdzx-858x1024.jpg\" alt=\"\" class=\"wp-image-18227\" srcset=\"https:\/\/vengria.info\/wp-content\/uploads\/2026\/09\/wasdxzasdzx-858x1024.jpg 858w, https:\/\/vengria.info\/wp-content\/uploads\/2026\/09\/wasdxzasdzx-251x300.jpg 251w, https:\/\/vengria.info\/wp-content\/uploads\/2026\/09\/wasdxzasdzx-767x916.jpg 767w, https:\/\/vengria.info\/wp-content\/uploads\/2026\/09\/wasdxzasdzx.jpg 944w\" sizes=\"auto, (max-width: 858px) 100vw, 858px\" \/><\/figure>\n\n\n\n<p class=\"wp-block-paragraph\">\u201eMent\u0151t kell h\u00edvnunk.\u201d<\/p>\n\n\n\n<p class=\"wp-block-paragraph\">Clara megdermedt.<\/p>\n\n\n\n<p class=\"wp-block-paragraph\">\u201eMi\u00e9rt ment\u0151t?\u201d<\/p>\n\n\n\n<p class=\"wp-block-paragraph\">Az orvos r\u00e1n\u00e9zett.<\/p>\n\n\n\n<p class=\"wp-block-paragraph\">\u201eAzt akarom, hogy Ann\u00e1t a lehet\u0151 leghamarabb megvizsg\u00e1lj\u00e1k a k\u00f3rh\u00e1zban.\u201d<\/p>\n\n\n\n<p class=\"wp-block-paragraph\">\u201eVesz\u00e9lyben van az \u00e9lete?\u201d<\/p>\n\n\n\n<p class=\"wp-block-paragraph\">\u201eNem tudom. \u00c9s pontosan ez\u00e9rt nem akarok v\u00e1rni.\u201d<\/p>\n\n\n\n<p class=\"wp-block-paragraph\">Anna s\u00edrni kezdett.<\/p>\n\n\n\n<p class=\"wp-block-paragraph\">\u201eAnya, mi a baj?\u201d<\/p>\n\n\n\n<p class=\"wp-block-paragraph\">Clara azonnal lehajolt hozz\u00e1.<\/p>\n\n\n\n<p class=\"wp-block-paragraph\">\u201eSemmi sem fog t\u00f6rt\u00e9nni. Itt vagyok.\u201d<\/p>\n\n\n\n<p class=\"wp-block-paragraph\">De \u0151 maga sem hitte el.<\/p>\n\n\n\n<hr class=\"wp-block-separator has-alpha-channel-opacity\"\/>\n\n\n\n<p class=\"wp-block-paragraph\">A ment\u0151 perceken bel\u00fcl meg\u00e9rkezett.<\/p>\n\n\n\n<p class=\"wp-block-paragraph\">Ann\u00e1t k\u00f3rh\u00e1zba sz\u00e1ll\u00edtott\u00e1k, \u00e9s az orvosok azonnal megkezdt\u00e9k a tov\u00e1bbi vizsg\u00e1latokat.<\/p>\n\n\n\n<p class=\"wp-block-paragraph\">Clara a folyos\u00f3n \u00fclt.<\/p>\n\n\n\n<p class=\"wp-block-paragraph\">Egy mondat j\u00e1rt a fej\u00e9ben folyamatosan.<\/p>\n\n\n\n<p class=\"wp-block-paragraph\">\u201eSzombat este kezd\u0151d\u00f6tt.\u201d<\/p>\n\n\n\n<p class=\"wp-block-paragraph\">Szombat.<\/p>\n\n\n\n<p class=\"wp-block-paragraph\">H\u00e9tv\u00e9ge.<\/p>\n\n\n\n<p class=\"wp-block-paragraph\">Lucas.<\/p>\n\n\n\n<p class=\"wp-block-paragraph\">Clara el\u0151vette a telefonj\u00e1t.<\/p>\n\n\n\n<p class=\"wp-block-paragraph\">Megnyitotta a besz\u00e9lget\u00e9s\u00fcket.<\/p>\n\n\n\n<p class=\"wp-block-paragraph\">A r\u00e9gebbi \u00fczeneteket b\u00f6ng\u00e9szte.<\/p>\n\n\n\n<p class=\"wp-block-paragraph\">Szombat este \u00fczenetet k\u00fcld\u00f6tt neki, hogy Anna alszik.<\/p>\n\n\n\n<p class=\"wp-block-paragraph\">Egy \u00f3r\u00e1val k\u00e9s\u0151bb k\u00fcld\u00f6tt neki egy m\u00e1sik \u00fczenetet.<\/p>\n\n\n\n<p class=\"wp-block-paragraph\">\u201eEgy kicsit nyugtalan, de semmi komoly.\u201d<\/p>\n\n\n\n<p class=\"wp-block-paragraph\">Clara akkor m\u00e9g nem vette \u00e9szre.<\/p>\n\n\n\n<p class=\"wp-block-paragraph\">De most valami furcs\u00e1nak t\u0171nt.<\/p>\n\n\n\n<p class=\"wp-block-paragraph\">Anna aznap reggel azt mondta neki, hogy elmondta Lucasnak a f\u00e1jdalm\u00e1t.<\/p>\n\n\n\n<p class=\"wp-block-paragraph\">Akkor mi\u00e9rt k\u00fcld\u00f6tt neki \u00fczenetet, hogy csak nyugtalan?<\/p>\n\n\n\n<p class=\"wp-block-paragraph\">Mi\u00e9rt nem mondta el neki, hogy nagyon f\u00e1j a gyomra?<\/p>\n\n\n\n<p class=\"wp-block-paragraph\">Clara fel\u00e1llt.<\/p>\n\n\n\n<p class=\"wp-block-paragraph\">H\u00e1zass\u00e1guk sor\u00e1n el\u0151sz\u00f6r kezdett komolyan k\u00e9telkedni Lucasban.<\/p>\n\n\n\n<p class=\"wp-block-paragraph\">Nem akarta bizony\u00edt\u00e9kok n\u00e9lk\u00fcl v\u00e1dolni.<\/p>\n\n\n\n<p class=\"wp-block-paragraph\">De ugyanakkor nem hagyhatta figyelmen k\u00edv\u00fcl azt a t\u00e9nyt, hogy a l\u00e1ny\u00e1nak eg\u00e9szs\u00e9g\u00fcgyi probl\u00e9m\u00e1ja akadt, am\u00edg a gondoz\u00e1s\u00e1ban volt, \u00e9s a f\u00e9rfi nem mondta el neki a teljes igazs\u00e1got r\u00f3la.<\/p>\n\n\n\n<hr class=\"wp-block-separator has-alpha-channel-opacity\"\/>\n\n\n\n<p class=\"wp-block-paragraph\">N\u00e9h\u00e1ny \u00f3r\u00e1val k\u00e9s\u0151bb az orvos kij\u00f6tt a vizsg\u00e1l\u00f3b\u00f3l.<\/p>\n\n\n\n<p class=\"wp-block-paragraph\">\u201eClara asszony?\u201d<\/p>\n\n\n\n<p class=\"wp-block-paragraph\">Az orvos azonnal fel\u00e1llt.<\/p>\n\n\n\n<p class=\"wp-block-paragraph\">\u201eIgen.\u201d<\/p>\n\n\n\n<p class=\"wp-block-paragraph\">\u201eAnna \u00e1llapota stabil.\u201d<\/p>\n\n\n\n<p class=\"wp-block-paragraph\">Clara megk\u00f6nnyebb\u00fclten fels\u00f3hajtott.<\/p>\n\n\n\n<p class=\"wp-block-paragraph\">\u201eMi baja van?\u201d<\/p>\n\n\n\n<p class=\"wp-block-paragraph\">\u201eKiterjedt gyullad\u00e1st tal\u00e1ltunk a has\u00fcreg\u00e9ben. Tov\u00e1bbi vizsg\u00e1latokra van sz\u00fcks\u00e9g\u00fcnk, \u00e9s val\u00f3sz\u00edn\u0171leg m\u0171t\u00e9tre is sz\u00fcks\u00e9g lesz.\u201d<\/p>\n\n\n\n<p class=\"wp-block-paragraph\">Clara eltakarta a sz\u00e1j\u00e1t.<\/p>\n\n\n\n<p class=\"wp-block-paragraph\">\u201eA h\u00e9tv\u00e9ge miatt van?\u201d<\/p>\n\n\n\n<p class=\"wp-block-paragraph\">Az orvos megr\u00e1zta a fej\u00e9t.<\/p>\n\n\n\n<p class=\"wp-block-paragraph\">\u201eM\u00e9g nem tudjuk megmondani. Lehet, hogy egy kor\u00e1bban kialakult eg\u00e9szs\u00e9g\u00fcgyi probl\u00e9ma volt.\u201d<\/p>\n\n\n\n<p class=\"wp-block-paragraph\">De Clara m\u00e9g mindig Lucasra gondolt.<\/p>\n\n\n\n<p class=\"wp-block-paragraph\">\u201e\u00c9s mi\u00e9rt csak ma der\u00fclt ki az ultrahangon?\u201d<\/p>\n\n\n\n<p class=\"wp-block-paragraph\">\u201eN\u00e9h\u00e1ny \u00e1llapot nagyon gyorsan rosszabbodhat.\u201d<\/p>\n\n\n\n<p class=\"wp-block-paragraph\">Clara b\u00f3lintott.<\/p>\n\n\n\n<p class=\"wp-block-paragraph\">Azt\u00e1n<\/p>\n\n\n\n<p class=\"wp-block-paragraph\"><\/p>\n","protected":false},"excerpt":{"rendered":"A h\u00e9tf\u0151 reggele eg\u00e9szen norm\u00e1lisan indult. Kl\u00e1ra a konyh\u00e1ban \u00e1llt, \u00e9s reggelit k\u00e9sz\u00edtett. Az asztalon az iskolai f\u00fczetei hevertek, mellett\u00fck egy \u00fcveg v\u00edz \n<a class=\"moretag\" href=\"https:\/\/vengria.info\/?p=18225\"> [...]<\/a>","protected":false},"author":1,"featured_media":18227,"comment_status":"open","ping_status":"open","sticky":false,"template":"","format":"standard","meta":{"footnotes":""},"categories":[1,2],"tags":[],"class_list":["post-18225","post","type-post","status-publish","format-standard","has-post-thumbnail","hentry","category-news","category-video"],"yoast_head":"<!-- This site is optimized with the Yoast SEO plugin v28.3 - https:\/\/yoast.com\/product\/yoast-seo-wordpress\/ -->\n<title>A nyolc\u00e9ves Anna elviselhetetlen hasi f\u00e1jdalomra \u00e9bredt, miut\u00e1n a h\u00e9tv\u00e9g\u00e9t a nevel\u0151apj\u00e1n\u00e1l t\u00f6lt\u00f6tte. Az orvos megn\u00e9zte az ultrahangot, \u00e9s azonnal ment\u0151t h\u00edvott. -<\/title>\n<meta name=\"robots\" content=\"index, follow, max-snippet:-1, max-image-preview:large, max-video-preview:-1\" \/>\n<link rel=\"canonical\" href=\"https:\/\/vengria.info\/?p=18225\" \/>\n<meta property=\"og:locale\" content=\"en_US\" \/>\n<meta property=\"og:type\" content=\"article\" \/>\n<meta property=\"og:title\" content=\"A nyolc\u00e9ves Anna elviselhetetlen hasi f\u00e1jdalomra \u00e9bredt, miut\u00e1n a h\u00e9tv\u00e9g\u00e9t a nevel\u0151apj\u00e1n\u00e1l t\u00f6lt\u00f6tte. Az orvos megn\u00e9zte az ultrahangot, \u00e9s azonnal ment\u0151t h\u00edvott. -\" \/>\n<meta property=\"og:description\" content=\"A h\u00e9tf\u0151 reggele eg\u00e9szen norm\u00e1lisan indult. Kl\u00e1ra a konyh\u00e1ban \u00e1llt, \u00e9s reggelit k\u00e9sz\u00edtett. Az asztalon az iskolai f\u00fczetei hevertek, mellett\u00fck egy \u00fcveg v\u00edz\" \/>\n<meta property=\"og:url\" content=\"https:\/\/vengria.info\/?p=18225\" \/>\n<meta property=\"article:published_time\" content=\"2026-09-02T11:29:22+00:00\" \/>\n<meta property=\"article:modified_time\" content=\"2026-09-02T11:29:23+00:00\" \/>\n<meta property=\"og:image\" content=\"https:\/\/vengria.info\/wp-content\/uploads\/2026\/09\/wasdxzasdzx.jpg\" \/>\n\t<meta property=\"og:image:width\" content=\"944\" \/>\n\t<meta property=\"og:image:height\" content=\"1127\" \/>\n\t<meta property=\"og:image:type\" content=\"image\/jpeg\" \/>\n<meta name=\"author\" content=\"admin\" \/>\n<meta name=\"twitter:card\" content=\"summary_large_image\" \/>\n<meta name=\"twitter:label1\" content=\"Written by\" \/>\n\t<meta name=\"twitter:data1\" content=\"admin\" \/>\n\t<meta name=\"twitter:label2\" content=\"Est. reading time\" \/>\n\t<meta name=\"twitter:data2\" content=\"4 minutes\" \/>\n<script type=\"application\/ld+json\" class=\"yoast-schema-graph\">{\"@context\":\"https:\\\/\\\/schema.org\",\"@graph\":[{\"@type\":\"Article\",\"@id\":\"https:\\\/\\\/vengria.info\\\/?p=18225#article\",\"isPartOf\":{\"@id\":\"https:\\\/\\\/vengria.info\\\/?p=18225\"},\"author\":{\"name\":\"admin\",\"@id\":\"https:\\\/\\\/vengria.info\\\/#\\\/schema\\\/person\\\/b815b04a6b1fb36a2d064955a92f68d4\"},\"headline\":\"A nyolc\u00e9ves Anna elviselhetetlen hasi f\u00e1jdalomra \u00e9bredt, miut\u00e1n a h\u00e9tv\u00e9g\u00e9t a nevel\u0151apj\u00e1n\u00e1l t\u00f6lt\u00f6tte. Az orvos megn\u00e9zte az ultrahangot, \u00e9s azonnal ment\u0151t h\u00edvott.\",\"datePublished\":\"2026-09-02T11:29:22+00:00\",\"dateModified\":\"2026-09-02T11:29:23+00:00\",\"mainEntityOfPage\":{\"@id\":\"https:\\\/\\\/vengria.info\\\/?p=18225\"},\"wordCount\":1078,\"commentCount\":0,\"image\":{\"@id\":\"https:\\\/\\\/vengria.info\\\/?p=18225#primaryimage\"},\"thumbnailUrl\":\"https:\\\/\\\/vengria.info\\\/wp-content\\\/uploads\\\/2026\\\/09\\\/wasdxzasdzx.jpg\",\"articleSection\":[\"NEWS\",\"VIDEO\"],\"inLanguage\":\"en-US\",\"potentialAction\":[{\"@type\":\"CommentAction\",\"name\":\"Comment\",\"target\":[\"https:\\\/\\\/vengria.info\\\/?p=18225#respond\"]}]},{\"@type\":\"WebPage\",\"@id\":\"https:\\\/\\\/vengria.info\\\/?p=18225\",\"url\":\"https:\\\/\\\/vengria.info\\\/?p=18225\",\"name\":\"A nyolc\u00e9ves Anna elviselhetetlen hasi f\u00e1jdalomra \u00e9bredt, miut\u00e1n a h\u00e9tv\u00e9g\u00e9t a nevel\u0151apj\u00e1n\u00e1l t\u00f6lt\u00f6tte. Az orvos megn\u00e9zte az ultrahangot, \u00e9s azonnal ment\u0151t h\u00edvott. -\",\"isPartOf\":{\"@id\":\"https:\\\/\\\/vengria.info\\\/#website\"},\"primaryImageOfPage\":{\"@id\":\"https:\\\/\\\/vengria.info\\\/?p=18225#primaryimage\"},\"image\":{\"@id\":\"https:\\\/\\\/vengria.info\\\/?p=18225#primaryimage\"},\"thumbnailUrl\":\"https:\\\/\\\/vengria.info\\\/wp-content\\\/uploads\\\/2026\\\/09\\\/wasdxzasdzx.jpg\",\"datePublished\":\"2026-09-02T11:29:22+00:00\",\"dateModified\":\"2026-09-02T11:29:23+00:00\",\"author\":{\"@id\":\"https:\\\/\\\/vengria.info\\\/#\\\/schema\\\/person\\\/b815b04a6b1fb36a2d064955a92f68d4\"},\"breadcrumb\":{\"@id\":\"https:\\\/\\\/vengria.info\\\/?p=18225#breadcrumb\"},\"inLanguage\":\"en-US\",\"potentialAction\":[{\"@type\":\"ReadAction\",\"target\":[\"https:\\\/\\\/vengria.info\\\/?p=18225\"]}]},{\"@type\":\"ImageObject\",\"inLanguage\":\"en-US\",\"@id\":\"https:\\\/\\\/vengria.info\\\/?p=18225#primaryimage\",\"url\":\"https:\\\/\\\/vengria.info\\\/wp-content\\\/uploads\\\/2026\\\/09\\\/wasdxzasdzx.jpg\",\"contentUrl\":\"https:\\\/\\\/vengria.info\\\/wp-content\\\/uploads\\\/2026\\\/09\\\/wasdxzasdzx.jpg\",\"width\":944,\"height\":1127},{\"@type\":\"BreadcrumbList\",\"@id\":\"https:\\\/\\\/vengria.info\\\/?p=18225#breadcrumb\",\"itemListElement\":[{\"@type\":\"ListItem\",\"position\":1,\"name\":\"Home\",\"item\":\"https:\\\/\\\/vengria.info\\\/\"},{\"@type\":\"ListItem\",\"position\":2,\"name\":\"A nyolc\u00e9ves Anna elviselhetetlen hasi f\u00e1jdalomra \u00e9bredt, miut\u00e1n a h\u00e9tv\u00e9g\u00e9t a nevel\u0151apj\u00e1n\u00e1l t\u00f6lt\u00f6tte. Az orvos megn\u00e9zte az ultrahangot, \u00e9s azonnal ment\u0151t h\u00edvott.\"}]},{\"@type\":\"WebSite\",\"@id\":\"https:\\\/\\\/vengria.info\\\/#website\",\"url\":\"https:\\\/\\\/vengria.info\\\/\",\"name\":\"\",\"description\":\"\",\"potentialAction\":[{\"@type\":\"SearchAction\",\"target\":{\"@type\":\"EntryPoint\",\"urlTemplate\":\"https:\\\/\\\/vengria.info\\\/?s={search_term_string}\"},\"query-input\":{\"@type\":\"PropertyValueSpecification\",\"valueRequired\":true,\"valueName\":\"search_term_string\"}}],\"inLanguage\":\"en-US\"},{\"@type\":\"Person\",\"@id\":\"https:\\\/\\\/vengria.info\\\/#\\\/schema\\\/person\\\/b815b04a6b1fb36a2d064955a92f68d4\",\"name\":\"admin\",\"image\":{\"@type\":\"ImageObject\",\"inLanguage\":\"en-US\",\"@id\":\"https:\\\/\\\/secure.gravatar.com\\\/avatar\\\/a29bad30ab19883c48927f9ee55a40d0d1a0c3c343bcef70ad9a0a9cb421f0fa?s=96&d=mm&r=g\",\"url\":\"https:\\\/\\\/secure.gravatar.com\\\/avatar\\\/a29bad30ab19883c48927f9ee55a40d0d1a0c3c343bcef70ad9a0a9cb421f0fa?s=96&d=mm&r=g\",\"contentUrl\":\"https:\\\/\\\/secure.gravatar.com\\\/avatar\\\/a29bad30ab19883c48927f9ee55a40d0d1a0c3c343bcef70ad9a0a9cb421f0fa?s=96&d=mm&r=g\",\"caption\":\"admin\"},\"sameAs\":[\"http:\\\/\\\/vengria.info\"],\"url\":\"https:\\\/\\\/vengria.info\\\/?author=1\"}]}<\/script>\n<!-- \/ Yoast SEO plugin. -->","yoast_head_json":{"title":"A nyolc\u00e9ves Anna elviselhetetlen hasi f\u00e1jdalomra \u00e9bredt, miut\u00e1n a h\u00e9tv\u00e9g\u00e9t a nevel\u0151apj\u00e1n\u00e1l t\u00f6lt\u00f6tte. Az orvos megn\u00e9zte az ultrahangot, \u00e9s azonnal ment\u0151t h\u00edvott. -","robots":{"index":"index","follow":"follow","max-snippet":"max-snippet:-1","max-image-preview":"max-image-preview:large","max-video-preview":"max-video-preview:-1"},"canonical":"https:\/\/vengria.info\/?p=18225","og_locale":"en_US","og_type":"article","og_title":"A nyolc\u00e9ves Anna elviselhetetlen hasi f\u00e1jdalomra \u00e9bredt, miut\u00e1n a h\u00e9tv\u00e9g\u00e9t a nevel\u0151apj\u00e1n\u00e1l t\u00f6lt\u00f6tte. Az orvos megn\u00e9zte az ultrahangot, \u00e9s azonnal ment\u0151t h\u00edvott. -","og_description":"A h\u00e9tf\u0151 reggele eg\u00e9szen norm\u00e1lisan indult. Kl\u00e1ra a konyh\u00e1ban \u00e1llt, \u00e9s reggelit k\u00e9sz\u00edtett. Az asztalon az iskolai f\u00fczetei hevertek, mellett\u00fck egy \u00fcveg v\u00edz","og_url":"https:\/\/vengria.info\/?p=18225","article_published_time":"2026-09-02T11:29:22+00:00","article_modified_time":"2026-09-02T11:29:23+00:00","og_image":[{"width":944,"height":1127,"url":"https:\/\/vengria.info\/wp-content\/uploads\/2026\/09\/wasdxzasdzx.jpg","type":"image\/jpeg"}],"author":"admin","twitter_card":"summary_large_image","twitter_misc":{"Written by":"admin","Est. reading time":"4 minutes"},"schema":{"@context":"https:\/\/schema.org","@graph":[{"@type":"Article","@id":"https:\/\/vengria.info\/?p=18225#article","isPartOf":{"@id":"https:\/\/vengria.info\/?p=18225"},"author":{"name":"admin","@id":"https:\/\/vengria.info\/#\/schema\/person\/b815b04a6b1fb36a2d064955a92f68d4"},"headline":"A nyolc\u00e9ves Anna elviselhetetlen hasi f\u00e1jdalomra \u00e9bredt, miut\u00e1n a h\u00e9tv\u00e9g\u00e9t a nevel\u0151apj\u00e1n\u00e1l t\u00f6lt\u00f6tte. Az orvos megn\u00e9zte az ultrahangot, \u00e9s azonnal ment\u0151t h\u00edvott.","datePublished":"2026-09-02T11:29:22+00:00","dateModified":"2026-09-02T11:29:23+00:00","mainEntityOfPage":{"@id":"https:\/\/vengria.info\/?p=18225"},"wordCount":1078,"commentCount":0,"image":{"@id":"https:\/\/vengria.info\/?p=18225#primaryimage"},"thumbnailUrl":"https:\/\/vengria.info\/wp-content\/uploads\/2026\/09\/wasdxzasdzx.jpg","articleSection":["NEWS","VIDEO"],"inLanguage":"en-US","potentialAction":[{"@type":"CommentAction","name":"Comment","target":["https:\/\/vengria.info\/?p=18225#respond"]}]},{"@type":"WebPage","@id":"https:\/\/vengria.info\/?p=18225","url":"https:\/\/vengria.info\/?p=18225","name":"A nyolc\u00e9ves Anna elviselhetetlen hasi f\u00e1jdalomra \u00e9bredt, miut\u00e1n a h\u00e9tv\u00e9g\u00e9t a nevel\u0151apj\u00e1n\u00e1l t\u00f6lt\u00f6tte. Az orvos megn\u00e9zte az ultrahangot, \u00e9s azonnal ment\u0151t h\u00edvott. -","isPartOf":{"@id":"https:\/\/vengria.info\/#website"},"primaryImageOfPage":{"@id":"https:\/\/vengria.info\/?p=18225#primaryimage"},"image":{"@id":"https:\/\/vengria.info\/?p=18225#primaryimage"},"thumbnailUrl":"https:\/\/vengria.info\/wp-content\/uploads\/2026\/09\/wasdxzasdzx.jpg","datePublished":"2026-09-02T11:29:22+00:00","dateModified":"2026-09-02T11:29:23+00:00","author":{"@id":"https:\/\/vengria.info\/#\/schema\/person\/b815b04a6b1fb36a2d064955a92f68d4"},"breadcrumb":{"@id":"https:\/\/vengria.info\/?p=18225#breadcrumb"},"inLanguage":"en-US","potentialAction":[{"@type":"ReadAction","target":["https:\/\/vengria.info\/?p=18225"]}]},{"@type":"ImageObject","inLanguage":"en-US","@id":"https:\/\/vengria.info\/?p=18225#primaryimage","url":"https:\/\/vengria.info\/wp-content\/uploads\/2026\/09\/wasdxzasdzx.jpg","contentUrl":"https:\/\/vengria.info\/wp-content\/uploads\/2026\/09\/wasdxzasdzx.jpg","width":944,"height":1127},{"@type":"BreadcrumbList","@id":"https:\/\/vengria.info\/?p=18225#breadcrumb","itemListElement":[{"@type":"ListItem","position":1,"name":"Home","item":"https:\/\/vengria.info\/"},{"@type":"ListItem","position":2,"name":"A nyolc\u00e9ves Anna elviselhetetlen hasi f\u00e1jdalomra \u00e9bredt, miut\u00e1n a h\u00e9tv\u00e9g\u00e9t a nevel\u0151apj\u00e1n\u00e1l t\u00f6lt\u00f6tte. Az orvos megn\u00e9zte az ultrahangot, \u00e9s azonnal ment\u0151t h\u00edvott."}]},{"@type":"WebSite","@id":"https:\/\/vengria.info\/#website","url":"https:\/\/vengria.info\/","name":"","description":"","potentialAction":[{"@type":"SearchAction","target":{"@type":"EntryPoint","urlTemplate":"https:\/\/vengria.info\/?s={search_term_string}"},"query-input":{"@type":"PropertyValueSpecification","valueRequired":true,"valueName":"search_term_string"}}],"inLanguage":"en-US"},{"@type":"Person","@id":"https:\/\/vengria.info\/#\/schema\/person\/b815b04a6b1fb36a2d064955a92f68d4","name":"admin","image":{"@type":"ImageObject","inLanguage":"en-US","@id":"https:\/\/secure.gravatar.com\/avatar\/a29bad30ab19883c48927f9ee55a40d0d1a0c3c343bcef70ad9a0a9cb421f0fa?s=96&d=mm&r=g","url":"https:\/\/secure.gravatar.com\/avatar\/a29bad30ab19883c48927f9ee55a40d0d1a0c3c343bcef70ad9a0a9cb421f0fa?s=96&d=mm&r=g","contentUrl":"https:\/\/secure.gravatar.com\/avatar\/a29bad30ab19883c48927f9ee55a40d0d1a0c3c343bcef70ad9a0a9cb421f0fa?s=96&d=mm&r=g","caption":"admin"},"sameAs":["http:\/\/vengria.info"],"url":"https:\/\/vengria.info\/?author=1"}]}},"_links":{"self":[{"href":"https:\/\/vengria.info\/index.php?rest_route=\/wp\/v2\/posts\/18225","targetHints":{"allow":["GET"]}}],"collection":[{"href":"https:\/\/vengria.info\/index.php?rest_route=\/wp\/v2\/posts"}],"about":[{"href":"https:\/\/vengria.info\/index.php?rest_route=\/wp\/v2\/types\/post"}],"author":[{"embeddable":true,"href":"https:\/\/vengria.info\/index.php?rest_route=\/wp\/v2\/users\/1"}],"replies":[{"embeddable":true,"href":"https:\/\/vengria.info\/index.php?rest_route=%2Fwp%2Fv2%2Fcomments&post=18225"}],"version-history":[{"count":1,"href":"https:\/\/vengria.info\/index.php?rest_route=\/wp\/v2\/posts\/18225\/revisions"}],"predecessor-version":[{"id":18229,"href":"https:\/\/vengria.info\/index.php?rest_route=\/wp\/v2\/posts\/18225\/revisions\/18229"}],"wp:featuredmedia":[{"embeddable":true,"href":"https:\/\/vengria.info\/index.php?rest_route=\/wp\/v2\/media\/18227"}],"wp:attachment":[{"href":"https:\/\/vengria.info\/index.php?rest_route=%2Fwp%2Fv2%2Fmedia&parent=18225"}],"wp:term":[{"taxonomy":"category","embeddable":true,"href":"https:\/\/vengria.info\/index.php?rest_route=%2Fwp%2Fv2%2Fcategories&post=18225"},{"taxonomy":"post_tag","embeddable":true,"href":"https:\/\/vengria.info\/index.php?rest_route=%2Fwp%2Fv2%2Ftags&post=18225"}],"curies":[{"name":"wp","href":"https:\/\/api.w.org\/{rel}","templated":true}]}}