{"id":18218,"date":"2026-09-02T11:25:05","date_gmt":"2026-09-02T11:25:05","guid":{"rendered":"https:\/\/vengria.info\/?p=18218"},"modified":"2026-09-02T11:25:06","modified_gmt":"2026-09-02T11:25:06","slug":"22-evesen-felesegul-vettem-az-orszag-leggazdagabb-emberenek-70-eves-ozvegyet-azt-hittem-megnyertem-az-eletemet-fogalmam-sem-volt-mi-var-ram-a-naszejszakam-utan","status":"publish","type":"post","link":"https:\/\/vengria.info\/?p=18218","title":{"rendered":"22 \u00e9vesen feles\u00e9g\u00fcl vettem az orsz\u00e1g leggazdagabb ember\u00e9nek 70 \u00e9ves \u00f6zvegy\u00e9t. Azt hittem, megnyertem az \u00e9letemet. Fogalmam sem volt, mi v\u00e1r r\u00e1m a n\u00e1sz\u00e9jszak\u00e1m ut\u00e1n."},"content":{"rendered":"\n<p class=\"wp-block-paragraph\">Danielnek h\u00edvnak, \u00e9s 22 \u00e9vesen egy olyan d\u00f6nt\u00e9st hoztam, amit a legt\u00f6bb ember \u0151r\u00fclts\u00e9gnek tartana.<\/p>\n\n\n\n<p class=\"wp-block-paragraph\">Egy 70 \u00e9ves n\u0151h\u00f6z mentem feles\u00e9g\u00fcl.<\/p>\n\n\n\n<p class=\"wp-block-paragraph\">Nem ak\u00e1rmilyen 70 \u00e9ves n\u0151h\u00f6z.<\/p>\n\n\n\n<p class=\"wp-block-paragraph\">Az orsz\u00e1g egyik leggazdagabb arab \u00fczletember\u00e9nek \u00f6zvegye volt.<\/p>\n\n\n\n<p class=\"wp-block-paragraph\">Amikor el\u0151sz\u00f6r tal\u00e1lkoztam vele, alig volt el\u00e9g p\u00e9nzem a lakb\u00e9rre. Ap\u00e1m hal\u00e1la ut\u00e1n a csal\u00e1d olyan ad\u00f3ss\u00e1gokkal maradt, amelyeket nem tudtam kifizetni. Any\u00e1m egyed\u00fcl \u00e9lt egy kis lak\u00e1sban, \u00e9n pedig reggelt\u0151l estig dolgoztam.<\/p>\n\n\n\n<p class=\"wp-block-paragraph\">Az egyik nap recepci\u00f3s voltam a sz\u00e1llod\u00e1ban, a m\u00e1sikon \u00e9telt sz\u00e1ll\u00edtottam, a kett\u0151 k\u00f6z\u00f6tt pedig pr\u00f3b\u00e1ltam valami olyan munk\u00e1t tal\u00e1lni, ami v\u00e9gre lehet\u0151v\u00e9 teszi, hogy a saj\u00e1t l\u00e1bamon \u00e1lljak.<\/p>\n\n\n\n<p class=\"wp-block-paragraph\">A p\u00e9nz gyorsabban t\u0171nt el, mint ahogy j\u00f6tt.<\/p>\n\n\n\n<p class=\"wp-block-paragraph\">\u00c9s ekkor l\u00e9pett be Margaret az \u00e9letembe.<\/p>\n\n\n\n<p class=\"wp-block-paragraph\">Hetven\u00e9ves volt, de olyan n\u0151 benyom\u00e1s\u00e1t keltette, akinek soha semmi\u00e9rt sem kellett harcolnia. Dr\u00e1ga ruh\u00e1kat viselt, a kez\u00e9n olyan \u00e9kszerek voltak, amelyekkel minden ad\u00f3ss\u00e1gomat kifizethettem volna, \u00e9s mindenhov\u00e1 szem\u00e9lyi sof\u0151r k\u00eds\u00e9rte.<\/p>\n\n\n\n<p class=\"wp-block-paragraph\">Amikor bel\u00e9pett a sz\u00e1lloda hallj\u00e1ba, az emberek automatikusan megfordultak.<\/p>\n\n\n\n<p class=\"wp-block-paragraph\">Nem az\u00e9rt, mert zajos volt.<\/p>\n\n\n\n<p class=\"wp-block-paragraph\">\u00c9pp ellenkez\u0151leg.<\/p>\n\n\n\n<p class=\"wp-block-paragraph\">Margaret halkan, nyugodtan \u00e9s magabiztosan besz\u00e9lt. N\u00e9h\u00e1ny sz\u00f3 el\u00e9g volt, \u00e9s a szem\u00e9lyzet azonnal teljes\u00edtette a k\u00edv\u00e1ns\u00e1g\u00e1t.<\/p>\n\n\n\n<p class=\"wp-block-paragraph\">Eleinte csak recepci\u00f3s voltam sz\u00e1m\u00e1ra.<\/p>\n\n\n\n<p class=\"wp-block-paragraph\">De egyre gyakrabban kezdett megjelenni a sz\u00e1llod\u00e1ban.<\/p>\n\n\n\n<p class=\"wp-block-paragraph\">Egyszer besz\u00e9lt velem n\u00e9h\u00e1ny percig.<\/p>\n\n\n\n<p class=\"wp-block-paragraph\">M\u00e1skor majdnem egy \u00f3r\u00e1t.<\/p>\n\n\n\n<p class=\"wp-block-paragraph\">K\u00e9rdezett a csal\u00e1domr\u00f3l, a munk\u00e1mr\u00f3l, az iskol\u00e1mr\u00f3l, \u00e9s arr\u00f3l, hogy mi\u00e9rt dolgozom k\u00e9t helyen a koromban.<\/p>\n\n\n\n<p class=\"wp-block-paragraph\">Nem akartam sokat mes\u00e9lni neki az \u00e9letemr\u0151l, de valahogy mindent kiszedett bel\u0151lem.<\/p>\n\n\n\n<p class=\"wp-block-paragraph\">N\u00e9h\u00e1ny h\u00e9ttel k\u00e9s\u0151bb megh\u00edvott vacsor\u00e1ra.<\/p>\n\n\n\n<p class=\"wp-block-paragraph\">Azt hittem, csak egy t\u00e1rsas\u00e1gi \u00f6sszej\u00f6vetelr\u0151l van sz\u00f3.<\/p>\n\n\n\n<p class=\"wp-block-paragraph\">T\u00e9vedtem.<\/p>\n\n\n\n<p class=\"wp-block-paragraph\">Vacsora k\u00f6zben letette az ev\u0151eszk\u00f6z\u00e9t, \u00e9s egyenesen a szemembe n\u00e9zett.<\/p>\n\n\n\n<p class=\"wp-block-paragraph\">\u201eDaniel, k\u00e9rdezhetek valamit?\u201d<\/p>\n\n\n\n<p class=\"wp-block-paragraph\">\u201eTerm\u00e9szetesen.\u201d<\/p>\n\n\n\n<p class=\"wp-block-paragraph\">\u201eFeles\u00e9g\u00fcl venn\u00e9l egy n\u0151t, aki sokkal id\u0151sebb n\u00e1lad?\u201d<\/p>\n\n\n\n<p class=\"wp-block-paragraph\">El\u0151sz\u00f6r nevettem.<\/p>\n\n\n\n<p class=\"wp-block-paragraph\">Arra sz\u00e1m\u00edtottam, hogy \u0151 is mosolyogni fog.<\/p>\n\n\n\n<p class=\"wp-block-paragraph\">Nem tette.<\/p>\n\n\n\n<p class=\"wp-block-paragraph\">\u201eKomolyan besz\u00e9lek\u201d \u2013 mondta.<\/p>\n\n\n\n<p class=\"wp-block-paragraph\">Abban a pillanatban leesett, mit is aj\u00e1nlott fel nekem az el\u0151bb.<\/p>\n\n\n\n<p class=\"wp-block-paragraph\">\u00c9s b\u00e1r nem szerettem, elkezdtem gondolkodni rajta.<\/p>\n\n\n\n<p class=\"wp-block-paragraph\">Nem miatta.<\/p>\n\n\n\n<p class=\"wp-block-paragraph\">A p\u00e9nz miatt.<\/p>\n\n\n\n<p class=\"wp-block-paragraph\">Fiatal voltam, k\u00e9ts\u00e9gbeesett, \u00e9s belef\u00e1radtam, hogy minden h\u00f3napban sz\u00e1molgatom az \u00e9rm\u00e9ket.<\/p>\n\n\n\n<p class=\"wp-block-paragraph\">Azt hittem, kib\u00edrok majd n\u00e9h\u00e1ny \u00e9v h\u00e1zass\u00e1got.<\/p>\n\n\n\n<p class=\"wp-block-paragraph\">Margaret eg\u00e9szs\u00e9ges, \u00f6nell\u00e1t\u00f3 volt, \u00e9s hatalmas vagyonnal rendelkezett.<\/p>\n\n\n\n<p class=\"wp-block-paragraph\">\u00c9s egy napon, amikor meghal, egyszer\u0171 elm\u00e9mben \u00e9n \u00f6r\u00f6k\u00f6lni fogom a p\u00e9nz egy r\u00e9sz\u00e9t.<\/p>\n\n\n\n<p class=\"wp-block-paragraph\">Soha t\u00f6bb\u00e9 nem kell k\u00e9t munkahelyen dolgoznom.<\/p>\n\n\n\n<p class=\"wp-block-paragraph\">Soha t\u00f6bb\u00e9 nem kell agg\u00f3dnom a sz\u00e1ml\u00e1k miatt.<\/p>\n\n\n\n<p class=\"wp-block-paragraph\">Soha t\u00f6bb\u00e9 nem kell n\u00e9znem, ahogy any\u00e1m minden v\u00e1s\u00e1rl\u00e1sn\u00e1l sp\u00f3rol.<\/p>\n\n\n\n<p class=\"wp-block-paragraph\">Azt hittem, tal\u00e1ltam egy kiutat a szeg\u00e9nys\u00e9gb\u0151l.<\/p>\n\n\n\n<p class=\"wp-block-paragraph\">N\u00e9h\u00e1ny nappal k\u00e9s\u0151bb igent mondtam.<\/p>\n\n\n\n<p class=\"wp-block-paragraph\">Margaret boldog volt.<\/p>\n\n\n\n<p class=\"wp-block-paragraph\">Annyira boldog, hogy furcs\u00e1nak t\u0171nt.<\/p>\n\n\n\n<p class=\"wp-block-paragraph\">Azonnal elkezdte tervezni az esk\u00fcv\u0151t.<\/p>\n\n\n\n<hr class=\"wp-block-separator has-alpha-channel-opacity\"\/>\n\n\n\n<p class=\"wp-block-paragraph\">N\u00e9h\u00e1ny nappal a szertart\u00e1s el\u0151tt az \u00fcgyv\u00e9dje megk\u00e9rt, hogy \u00edrjak al\u00e1 egy h\u00e1zass\u00e1gi szerz\u0151d\u00e9st.<\/p>\n\n\n\n<p class=\"wp-block-paragraph\">Egy vastag dokumentumot tett el\u00e9m.<\/p>\n\n\n\n<p class=\"wp-block-paragraph\">\u201eAzt javaslom, hogy minden oldalt olvasson el\u201d \u2013 mondta.<\/p>\n\n\n\n<p class=\"wp-block-paragraph\">T\u00f6bb tucat oldalnyi jogi sz\u00f6veg volt el\u0151ttem.<\/p>\n\n\n\n<p class=\"wp-block-paragraph\">N\u00e9h\u00e1ny mondatot t\u00f6bbsz\u00f6r is elolvastam, \u00e9s m\u00e9g mindig nem \u00e9rtettem \u0151ket.<\/p>\n\n\n\n<p class=\"wp-block-paragraph\">N\u00e9h\u00e1ny perc m\u00falva becsuktam a dokumentumot.<\/p>\n\n\n\n<p class=\"wp-block-paragraph\">\u201eVan egy k\u00e9rd\u00e9sem.\u201d<\/p>\n\n\n\n<p class=\"wp-block-paragraph\">Az \u00fcgyv\u00e9d feln\u00e9zett.<\/p>\n\n\n\n<p class=\"wp-block-paragraph\">\u201eHa Margaret meghal, jogosult leszek az \u00f6r\u00f6ks\u00e9gre?\u201d<\/p>\n\n\n\n<p class=\"wp-block-paragraph\">A szoba elcsendesedett.<\/p>\n\n\n\n<p class=\"wp-block-paragraph\">Margaretre n\u00e9ztem.<\/p>\n\n\n\n<p class=\"wp-block-paragraph\">Mosolygott.<\/p>\n\n\n\n<p class=\"wp-block-paragraph\">\u2013 Term\u00e9szetesen \u2013 v\u00e1laszolta. \u2013 Gondoskodni fogok a f\u00e9rjemr\u0151l.<\/p>\n\n\n\n<p class=\"wp-block-paragraph\">Pontosan ezt akartam hallani.<\/p>\n\n\n\n<p class=\"wp-block-paragraph\">Al\u00e1\u00edrtam.<\/p>\n\n\n\n<p class=\"wp-block-paragraph\">Most m\u00e1r tudom, hogy ez volt \u00e9letem legnagyobb hib\u00e1ja.<\/p>\n\n\n\n<hr class=\"wp-block-separator has-alpha-channel-opacity\"\/>\n\n\n\n<p class=\"wp-block-paragraph\">Az esk\u00fcv\u0151 hihetetlen volt.<\/p>\n\n\n\n<figure class=\"wp-block-image size-large\"><img loading=\"lazy\" decoding=\"async\" width=\"714\" height=\"1024\" src=\"https:\/\/vengria.info\/wp-content\/uploads\/2026\/09\/aszdszcx-714x1024.jpg\" alt=\"\" class=\"wp-image-18220\" srcset=\"https:\/\/vengria.info\/wp-content\/uploads\/2026\/09\/aszdszcx-714x1024.jpg 714w, https:\/\/vengria.info\/wp-content\/uploads\/2026\/09\/aszdszcx-209x300.jpg 209w, https:\/\/vengria.info\/wp-content\/uploads\/2026\/09\/aszdszcx-768x1101.jpg 768w, https:\/\/vengria.info\/wp-content\/uploads\/2026\/09\/aszdszcx.jpg 864w\" sizes=\"auto, (max-width: 714px) 100vw, 714px\" \/><\/figure>\n\n\n\n<p class=\"wp-block-paragraph\">Hatalmas terem, t\u00f6bb sz\u00e1z vend\u00e9g, dr\u00e1ga dekor\u00e1ci\u00f3, mag\u00e1nbiztons\u00e1gi szolg\u00e1lat, \u00e9s olyan emberek, akiknek a nev\u00e9t csak az \u00fajs\u00e1gokb\u00f3l tudtam.<\/p>\n\n\n\n<p class=\"wp-block-paragraph\">N\u00e9h\u00e1ny vend\u00e9g sz\u00f3rakozott arckifejez\u00e9ssel n\u00e9zett r\u00e1m.<\/p>\n\n\n\n<p class=\"wp-block-paragraph\">M\u00e1sok suttogtak.<\/p>\n\n\n\n<p class=\"wp-block-paragraph\">Tudtam, mire gondolnak.<\/p>\n\n\n\n<p class=\"wp-block-paragraph\">Egy fiatalember egy gazdag id\u0151s \u00f6zvegyet vett feles\u00e9g\u00fcl.<\/p>\n\n\n\n<p class=\"wp-block-paragraph\">Tudt\u00e1k, mi\u00e9rt vagyok ott.<\/p>\n\n\n\n<p class=\"wp-block-paragraph\">\u00c9s nem \u00e9rdekelt.<\/p>\n\n\n\n<p class=\"wp-block-paragraph\">M\u00e1r a fejemben sz\u00e1molgattam, hogyan fog megv\u00e1ltozni az \u00e9letem.<\/p>\n\n\n\n<p class=\"wp-block-paragraph\">Este meg\u00e9rkezt\u00fcnk Margit k\u00fari\u00e1j\u00e1hoz.<\/p>\n\n\n\n<p class=\"wp-block-paragraph\">Amikor a h\u00e1l\u00f3szoba ajtaja becsuk\u00f3dott m\u00f6g\u00f6tt\u00fcnk, el\u0151sz\u00f6r \u00e9reztem magam idegesnek.<\/p>\n\n\n\n<p class=\"wp-block-paragraph\">Eg\u00e9sz nap a p\u00e9nzre, a vend\u00e9gekre \u00e9s a j\u00f6v\u0151re tudtam koncentr\u00e1lni.<\/p>\n\n\n\n<p class=\"wp-block-paragraph\">Most kettesben voltunk.<\/p>\n\n\n\n<p class=\"wp-block-paragraph\">Margaret lassan levette a nyakl\u00e1nc\u00e1t.<\/p>\n\n\n\n<p class=\"wp-block-paragraph\">Majd a f\u00fclbeval\u00f3it.<\/p>\n\n\n\n<p class=\"wp-block-paragraph\">Letette az \u00e9kszert az asztalra \u00e9s le\u00fclt.<\/p>\n\n\n\n<p class=\"wp-block-paragraph\">Meg\u00e1lltam.<\/p>\n\n\n\n<p class=\"wp-block-paragraph\">R\u00e1m n\u00e9zett.<\/p>\n\n\n\n<p class=\"wp-block-paragraph\">\u201e\u00dclj le, Daniel.\u201d<\/p>\n\n\n\n<p class=\"wp-block-paragraph\">Hallgattam.<\/p>\n\n\n\n<p class=\"wp-block-paragraph\">N\u00e9h\u00e1ny m\u00e1sodpercig hallgatott.<\/p>\n\n\n\n<p class=\"wp-block-paragraph\">Azt\u00e1n azt mondta:<\/p>\n\n\n\n<p class=\"wp-block-paragraph\">\u201eTudom, mi\u00e9rt vett\u00e9l feles\u00e9g\u00fcl.\u201d<\/p>\n\n\n\n<p class=\"wp-block-paragraph\">Ez a mondat azonnal meg\u00fct\u00f6tt.<\/p>\n\n\n\n<p class=\"wp-block-paragraph\">\u201eHogy \u00e9rted?\u201d<\/p>\n\n\n\n<p class=\"wp-block-paragraph\">\u201eNem szeretsz.\u201d<\/p>\n\n\n\n<p class=\"wp-block-paragraph\">Elpirultam.<\/p>\n\n\n\n<p class=\"wp-block-paragraph\">\u201eMargaret\u2026\u201d<\/p>\n\n\n\n<p class=\"wp-block-paragraph\">Felemelte a kez\u00e9t.<\/p>\n\n\n\n<p class=\"wp-block-paragraph\">\u201eNem kell hazudnod. \u00c9n sem romantikus okokb\u00f3l vettem feles\u00e9g\u00fcl.\u201d<\/p>\n\n\n\n<p class=\"wp-block-paragraph\">Nem tudtam, mit mondjak.<\/p>\n\n\n\n<p class=\"wp-block-paragraph\">Azt\u00e1n beny\u00falt a t\u00e1sk\u00e1j\u00e1ba \u00e9s el\u0151h\u00fazott egy kis bor\u00edt\u00e9kot.<\/p>\n\n\n\n<p class=\"wp-block-paragraph\">El\u00e9m tette.<\/p>\n\n\n\n<p class=\"wp-block-paragraph\">\u201eNyisd ki.\u201d<\/p>\n\n\n\n<p class=\"wp-block-paragraph\">Bent egy f\u00e9nyk\u00e9p volt.<\/p>\n\n\n\n<p class=\"wp-block-paragraph\">A f\u00e9nyk\u00e9p r\u00f3lam k\u00e9sz\u00fclt.<\/p>\n\n\n\n<p class=\"wp-block-paragraph\">N\u00e9h\u00e1ny h\u00f3nappal azel\u0151tt k\u00e9sz\u00fclt, hogy tal\u00e1lkoztunk.<\/p>\n\n\n\n<p class=\"wp-block-paragraph\">A sz\u00e1lloda el\u0151tt \u00e1lltam, ahol dolgoztam.<\/p>\n\n\n\n<p class=\"wp-block-paragraph\">\u201eKi k\u00f6vetett engem?\u201d \u2013 k\u00e9rdeztem.<\/p>\n\n\n\n<p class=\"wp-block-paragraph\">Margaret nem v\u00e1laszolt.<\/p>\n\n\n\n<p class=\"wp-block-paragraph\">Ehelyett el\u0151h\u00fazott egy m\u00e1sik f\u00e9nyk\u00e9pet.<\/p>\n\n\n\n<p class=\"wp-block-paragraph\">\u00c9s m\u00e9g egyet.<\/p>\n\n\n\n<p class=\"wp-block-paragraph\">A k\u00e9peken any\u00e1m, a lak\u00e1sunk, s\u0151t m\u00e9g az aut\u00f3m is l\u00e1tszott.<\/p>\n\n\n\n<p class=\"wp-block-paragraph\">Feln\u00e9ztem.<\/p>\n\n\n\n<p class=\"wp-block-paragraph\">\u201eMit akar ez jelenteni?\u201d<\/p>\n\n\n\n<p class=\"wp-block-paragraph\">Margaret h\u00e1trad\u0151lt a sz\u00e9k\u00e9ben.<\/p>\n\n\n\n<p class=\"wp-block-paragraph\">\u201eAzt hiszed, v\u00e9letlen\u00fcl tal\u00e1lkoztam veled?\u201d<\/p>\n\n\n\n<p class=\"wp-block-paragraph\"><\/p>\n","protected":false},"excerpt":{"rendered":"Danielnek h\u00edvnak, \u00e9s 22 \u00e9vesen egy olyan d\u00f6nt\u00e9st hoztam, amit a legt\u00f6bb ember \u0151r\u00fclts\u00e9gnek tartana. Egy 70 \u00e9ves n\u0151h\u00f6z mentem feles\u00e9g\u00fcl. Nem ak\u00e1rmilyen \n<a class=\"moretag\" href=\"https:\/\/vengria.info\/?p=18218\"> [...]<\/a>","protected":false},"author":1,"featured_media":18220,"comment_status":"open","ping_status":"open","sticky":false,"template":"","format":"standard","meta":{"footnotes":""},"categories":[1,2],"tags":[],"class_list":["post-18218","post","type-post","status-publish","format-standard","has-post-thumbnail","hentry","category-news","category-video"],"yoast_head":"<!-- This site is optimized with the Yoast SEO plugin v28.3 - https:\/\/yoast.com\/product\/yoast-seo-wordpress\/ -->\n<title>22 \u00e9vesen feles\u00e9g\u00fcl vettem az orsz\u00e1g leggazdagabb ember\u00e9nek 70 \u00e9ves \u00f6zvegy\u00e9t. Azt hittem, megnyertem az \u00e9letemet. Fogalmam sem volt, mi v\u00e1r r\u00e1m a n\u00e1sz\u00e9jszak\u00e1m ut\u00e1n. -<\/title>\n<meta name=\"robots\" content=\"index, follow, max-snippet:-1, max-image-preview:large, max-video-preview:-1\" \/>\n<link rel=\"canonical\" href=\"https:\/\/vengria.info\/?p=18218\" \/>\n<meta property=\"og:locale\" content=\"en_US\" \/>\n<meta property=\"og:type\" content=\"article\" \/>\n<meta property=\"og:title\" content=\"22 \u00e9vesen feles\u00e9g\u00fcl vettem az orsz\u00e1g leggazdagabb ember\u00e9nek 70 \u00e9ves \u00f6zvegy\u00e9t. Azt hittem, megnyertem az \u00e9letemet. Fogalmam sem volt, mi v\u00e1r r\u00e1m a n\u00e1sz\u00e9jszak\u00e1m ut\u00e1n. -\" \/>\n<meta property=\"og:description\" content=\"Danielnek h\u00edvnak, \u00e9s 22 \u00e9vesen egy olyan d\u00f6nt\u00e9st hoztam, amit a legt\u00f6bb ember \u0151r\u00fclts\u00e9gnek tartana. Egy 70 \u00e9ves n\u0151h\u00f6z mentem feles\u00e9g\u00fcl. Nem ak\u00e1rmilyen\" \/>\n<meta property=\"og:url\" content=\"https:\/\/vengria.info\/?p=18218\" \/>\n<meta property=\"article:published_time\" content=\"2026-09-02T11:25:05+00:00\" \/>\n<meta property=\"article:modified_time\" content=\"2026-09-02T11:25:06+00:00\" \/>\n<meta property=\"og:image\" content=\"https:\/\/vengria.info\/wp-content\/uploads\/2026\/09\/aszdszcx.jpg\" \/>\n\t<meta property=\"og:image:width\" content=\"864\" \/>\n\t<meta property=\"og:image:height\" content=\"1239\" \/>\n\t<meta property=\"og:image:type\" content=\"image\/jpeg\" \/>\n<meta name=\"author\" content=\"admin\" \/>\n<meta name=\"twitter:card\" content=\"summary_large_image\" \/>\n<meta name=\"twitter:label1\" content=\"Written by\" \/>\n\t<meta name=\"twitter:data1\" content=\"admin\" \/>\n\t<meta name=\"twitter:label2\" content=\"Est. reading time\" \/>\n\t<meta name=\"twitter:data2\" content=\"4 minutes\" \/>\n<script type=\"application\/ld+json\" class=\"yoast-schema-graph\">{\"@context\":\"https:\\\/\\\/schema.org\",\"@graph\":[{\"@type\":\"Article\",\"@id\":\"https:\\\/\\\/vengria.info\\\/?p=18218#article\",\"isPartOf\":{\"@id\":\"https:\\\/\\\/vengria.info\\\/?p=18218\"},\"author\":{\"name\":\"admin\",\"@id\":\"https:\\\/\\\/vengria.info\\\/#\\\/schema\\\/person\\\/b815b04a6b1fb36a2d064955a92f68d4\"},\"headline\":\"22 \u00e9vesen feles\u00e9g\u00fcl vettem az orsz\u00e1g leggazdagabb ember\u00e9nek 70 \u00e9ves \u00f6zvegy\u00e9t. Azt hittem, megnyertem az \u00e9letemet. Fogalmam sem volt, mi v\u00e1r r\u00e1m a n\u00e1sz\u00e9jszak\u00e1m ut\u00e1n.\",\"datePublished\":\"2026-09-02T11:25:05+00:00\",\"dateModified\":\"2026-09-02T11:25:06+00:00\",\"mainEntityOfPage\":{\"@id\":\"https:\\\/\\\/vengria.info\\\/?p=18218\"},\"wordCount\":1062,\"commentCount\":0,\"image\":{\"@id\":\"https:\\\/\\\/vengria.info\\\/?p=18218#primaryimage\"},\"thumbnailUrl\":\"https:\\\/\\\/vengria.info\\\/wp-content\\\/uploads\\\/2026\\\/09\\\/aszdszcx.jpg\",\"articleSection\":[\"NEWS\",\"VIDEO\"],\"inLanguage\":\"en-US\",\"potentialAction\":[{\"@type\":\"CommentAction\",\"name\":\"Comment\",\"target\":[\"https:\\\/\\\/vengria.info\\\/?p=18218#respond\"]}]},{\"@type\":\"WebPage\",\"@id\":\"https:\\\/\\\/vengria.info\\\/?p=18218\",\"url\":\"https:\\\/\\\/vengria.info\\\/?p=18218\",\"name\":\"22 \u00e9vesen feles\u00e9g\u00fcl vettem az orsz\u00e1g leggazdagabb ember\u00e9nek 70 \u00e9ves \u00f6zvegy\u00e9t. Azt hittem, megnyertem az \u00e9letemet. Fogalmam sem volt, mi v\u00e1r r\u00e1m a n\u00e1sz\u00e9jszak\u00e1m ut\u00e1n. -\",\"isPartOf\":{\"@id\":\"https:\\\/\\\/vengria.info\\\/#website\"},\"primaryImageOfPage\":{\"@id\":\"https:\\\/\\\/vengria.info\\\/?p=18218#primaryimage\"},\"image\":{\"@id\":\"https:\\\/\\\/vengria.info\\\/?p=18218#primaryimage\"},\"thumbnailUrl\":\"https:\\\/\\\/vengria.info\\\/wp-content\\\/uploads\\\/2026\\\/09\\\/aszdszcx.jpg\",\"datePublished\":\"2026-09-02T11:25:05+00:00\",\"dateModified\":\"2026-09-02T11:25:06+00:00\",\"author\":{\"@id\":\"https:\\\/\\\/vengria.info\\\/#\\\/schema\\\/person\\\/b815b04a6b1fb36a2d064955a92f68d4\"},\"breadcrumb\":{\"@id\":\"https:\\\/\\\/vengria.info\\\/?p=18218#breadcrumb\"},\"inLanguage\":\"en-US\",\"potentialAction\":[{\"@type\":\"ReadAction\",\"target\":[\"https:\\\/\\\/vengria.info\\\/?p=18218\"]}]},{\"@type\":\"ImageObject\",\"inLanguage\":\"en-US\",\"@id\":\"https:\\\/\\\/vengria.info\\\/?p=18218#primaryimage\",\"url\":\"https:\\\/\\\/vengria.info\\\/wp-content\\\/uploads\\\/2026\\\/09\\\/aszdszcx.jpg\",\"contentUrl\":\"https:\\\/\\\/vengria.info\\\/wp-content\\\/uploads\\\/2026\\\/09\\\/aszdszcx.jpg\",\"width\":864,\"height\":1239},{\"@type\":\"BreadcrumbList\",\"@id\":\"https:\\\/\\\/vengria.info\\\/?p=18218#breadcrumb\",\"itemListElement\":[{\"@type\":\"ListItem\",\"position\":1,\"name\":\"Home\",\"item\":\"https:\\\/\\\/vengria.info\\\/\"},{\"@type\":\"ListItem\",\"position\":2,\"name\":\"22 \u00e9vesen feles\u00e9g\u00fcl vettem az orsz\u00e1g leggazdagabb ember\u00e9nek 70 \u00e9ves \u00f6zvegy\u00e9t. Azt hittem, megnyertem az \u00e9letemet. Fogalmam sem volt, mi v\u00e1r r\u00e1m a n\u00e1sz\u00e9jszak\u00e1m ut\u00e1n.\"}]},{\"@type\":\"WebSite\",\"@id\":\"https:\\\/\\\/vengria.info\\\/#website\",\"url\":\"https:\\\/\\\/vengria.info\\\/\",\"name\":\"\",\"description\":\"\",\"potentialAction\":[{\"@type\":\"SearchAction\",\"target\":{\"@type\":\"EntryPoint\",\"urlTemplate\":\"https:\\\/\\\/vengria.info\\\/?s={search_term_string}\"},\"query-input\":{\"@type\":\"PropertyValueSpecification\",\"valueRequired\":true,\"valueName\":\"search_term_string\"}}],\"inLanguage\":\"en-US\"},{\"@type\":\"Person\",\"@id\":\"https:\\\/\\\/vengria.info\\\/#\\\/schema\\\/person\\\/b815b04a6b1fb36a2d064955a92f68d4\",\"name\":\"admin\",\"image\":{\"@type\":\"ImageObject\",\"inLanguage\":\"en-US\",\"@id\":\"https:\\\/\\\/secure.gravatar.com\\\/avatar\\\/a29bad30ab19883c48927f9ee55a40d0d1a0c3c343bcef70ad9a0a9cb421f0fa?s=96&d=mm&r=g\",\"url\":\"https:\\\/\\\/secure.gravatar.com\\\/avatar\\\/a29bad30ab19883c48927f9ee55a40d0d1a0c3c343bcef70ad9a0a9cb421f0fa?s=96&d=mm&r=g\",\"contentUrl\":\"https:\\\/\\\/secure.gravatar.com\\\/avatar\\\/a29bad30ab19883c48927f9ee55a40d0d1a0c3c343bcef70ad9a0a9cb421f0fa?s=96&d=mm&r=g\",\"caption\":\"admin\"},\"sameAs\":[\"http:\\\/\\\/vengria.info\"],\"url\":\"https:\\\/\\\/vengria.info\\\/?author=1\"}]}<\/script>\n<!-- \/ Yoast SEO plugin. -->","yoast_head_json":{"title":"22 \u00e9vesen feles\u00e9g\u00fcl vettem az orsz\u00e1g leggazdagabb ember\u00e9nek 70 \u00e9ves \u00f6zvegy\u00e9t. Azt hittem, megnyertem az \u00e9letemet. Fogalmam sem volt, mi v\u00e1r r\u00e1m a n\u00e1sz\u00e9jszak\u00e1m ut\u00e1n. -","robots":{"index":"index","follow":"follow","max-snippet":"max-snippet:-1","max-image-preview":"max-image-preview:large","max-video-preview":"max-video-preview:-1"},"canonical":"https:\/\/vengria.info\/?p=18218","og_locale":"en_US","og_type":"article","og_title":"22 \u00e9vesen feles\u00e9g\u00fcl vettem az orsz\u00e1g leggazdagabb ember\u00e9nek 70 \u00e9ves \u00f6zvegy\u00e9t. Azt hittem, megnyertem az \u00e9letemet. Fogalmam sem volt, mi v\u00e1r r\u00e1m a n\u00e1sz\u00e9jszak\u00e1m ut\u00e1n. -","og_description":"Danielnek h\u00edvnak, \u00e9s 22 \u00e9vesen egy olyan d\u00f6nt\u00e9st hoztam, amit a legt\u00f6bb ember \u0151r\u00fclts\u00e9gnek tartana. Egy 70 \u00e9ves n\u0151h\u00f6z mentem feles\u00e9g\u00fcl. Nem ak\u00e1rmilyen","og_url":"https:\/\/vengria.info\/?p=18218","article_published_time":"2026-09-02T11:25:05+00:00","article_modified_time":"2026-09-02T11:25:06+00:00","og_image":[{"width":864,"height":1239,"url":"https:\/\/vengria.info\/wp-content\/uploads\/2026\/09\/aszdszcx.jpg","type":"image\/jpeg"}],"author":"admin","twitter_card":"summary_large_image","twitter_misc":{"Written by":"admin","Est. reading time":"4 minutes"},"schema":{"@context":"https:\/\/schema.org","@graph":[{"@type":"Article","@id":"https:\/\/vengria.info\/?p=18218#article","isPartOf":{"@id":"https:\/\/vengria.info\/?p=18218"},"author":{"name":"admin","@id":"https:\/\/vengria.info\/#\/schema\/person\/b815b04a6b1fb36a2d064955a92f68d4"},"headline":"22 \u00e9vesen feles\u00e9g\u00fcl vettem az orsz\u00e1g leggazdagabb ember\u00e9nek 70 \u00e9ves \u00f6zvegy\u00e9t. Azt hittem, megnyertem az \u00e9letemet. Fogalmam sem volt, mi v\u00e1r r\u00e1m a n\u00e1sz\u00e9jszak\u00e1m ut\u00e1n.","datePublished":"2026-09-02T11:25:05+00:00","dateModified":"2026-09-02T11:25:06+00:00","mainEntityOfPage":{"@id":"https:\/\/vengria.info\/?p=18218"},"wordCount":1062,"commentCount":0,"image":{"@id":"https:\/\/vengria.info\/?p=18218#primaryimage"},"thumbnailUrl":"https:\/\/vengria.info\/wp-content\/uploads\/2026\/09\/aszdszcx.jpg","articleSection":["NEWS","VIDEO"],"inLanguage":"en-US","potentialAction":[{"@type":"CommentAction","name":"Comment","target":["https:\/\/vengria.info\/?p=18218#respond"]}]},{"@type":"WebPage","@id":"https:\/\/vengria.info\/?p=18218","url":"https:\/\/vengria.info\/?p=18218","name":"22 \u00e9vesen feles\u00e9g\u00fcl vettem az orsz\u00e1g leggazdagabb ember\u00e9nek 70 \u00e9ves \u00f6zvegy\u00e9t. Azt hittem, megnyertem az \u00e9letemet. Fogalmam sem volt, mi v\u00e1r r\u00e1m a n\u00e1sz\u00e9jszak\u00e1m ut\u00e1n. -","isPartOf":{"@id":"https:\/\/vengria.info\/#website"},"primaryImageOfPage":{"@id":"https:\/\/vengria.info\/?p=18218#primaryimage"},"image":{"@id":"https:\/\/vengria.info\/?p=18218#primaryimage"},"thumbnailUrl":"https:\/\/vengria.info\/wp-content\/uploads\/2026\/09\/aszdszcx.jpg","datePublished":"2026-09-02T11:25:05+00:00","dateModified":"2026-09-02T11:25:06+00:00","author":{"@id":"https:\/\/vengria.info\/#\/schema\/person\/b815b04a6b1fb36a2d064955a92f68d4"},"breadcrumb":{"@id":"https:\/\/vengria.info\/?p=18218#breadcrumb"},"inLanguage":"en-US","potentialAction":[{"@type":"ReadAction","target":["https:\/\/vengria.info\/?p=18218"]}]},{"@type":"ImageObject","inLanguage":"en-US","@id":"https:\/\/vengria.info\/?p=18218#primaryimage","url":"https:\/\/vengria.info\/wp-content\/uploads\/2026\/09\/aszdszcx.jpg","contentUrl":"https:\/\/vengria.info\/wp-content\/uploads\/2026\/09\/aszdszcx.jpg","width":864,"height":1239},{"@type":"BreadcrumbList","@id":"https:\/\/vengria.info\/?p=18218#breadcrumb","itemListElement":[{"@type":"ListItem","position":1,"name":"Home","item":"https:\/\/vengria.info\/"},{"@type":"ListItem","position":2,"name":"22 \u00e9vesen feles\u00e9g\u00fcl vettem az orsz\u00e1g leggazdagabb ember\u00e9nek 70 \u00e9ves \u00f6zvegy\u00e9t. Azt hittem, megnyertem az \u00e9letemet. Fogalmam sem volt, mi v\u00e1r r\u00e1m a n\u00e1sz\u00e9jszak\u00e1m ut\u00e1n."}]},{"@type":"WebSite","@id":"https:\/\/vengria.info\/#website","url":"https:\/\/vengria.info\/","name":"","description":"","potentialAction":[{"@type":"SearchAction","target":{"@type":"EntryPoint","urlTemplate":"https:\/\/vengria.info\/?s={search_term_string}"},"query-input":{"@type":"PropertyValueSpecification","valueRequired":true,"valueName":"search_term_string"}}],"inLanguage":"en-US"},{"@type":"Person","@id":"https:\/\/vengria.info\/#\/schema\/person\/b815b04a6b1fb36a2d064955a92f68d4","name":"admin","image":{"@type":"ImageObject","inLanguage":"en-US","@id":"https:\/\/secure.gravatar.com\/avatar\/a29bad30ab19883c48927f9ee55a40d0d1a0c3c343bcef70ad9a0a9cb421f0fa?s=96&d=mm&r=g","url":"https:\/\/secure.gravatar.com\/avatar\/a29bad30ab19883c48927f9ee55a40d0d1a0c3c343bcef70ad9a0a9cb421f0fa?s=96&d=mm&r=g","contentUrl":"https:\/\/secure.gravatar.com\/avatar\/a29bad30ab19883c48927f9ee55a40d0d1a0c3c343bcef70ad9a0a9cb421f0fa?s=96&d=mm&r=g","caption":"admin"},"sameAs":["http:\/\/vengria.info"],"url":"https:\/\/vengria.info\/?author=1"}]}},"_links":{"self":[{"href":"https:\/\/vengria.info\/index.php?rest_route=\/wp\/v2\/posts\/18218","targetHints":{"allow":["GET"]}}],"collection":[{"href":"https:\/\/vengria.info\/index.php?rest_route=\/wp\/v2\/posts"}],"about":[{"href":"https:\/\/vengria.info\/index.php?rest_route=\/wp\/v2\/types\/post"}],"author":[{"embeddable":true,"href":"https:\/\/vengria.info\/index.php?rest_route=\/wp\/v2\/users\/1"}],"replies":[{"embeddable":true,"href":"https:\/\/vengria.info\/index.php?rest_route=%2Fwp%2Fv2%2Fcomments&post=18218"}],"version-history":[{"count":1,"href":"https:\/\/vengria.info\/index.php?rest_route=\/wp\/v2\/posts\/18218\/revisions"}],"predecessor-version":[{"id":18222,"href":"https:\/\/vengria.info\/index.php?rest_route=\/wp\/v2\/posts\/18218\/revisions\/18222"}],"wp:featuredmedia":[{"embeddable":true,"href":"https:\/\/vengria.info\/index.php?rest_route=\/wp\/v2\/media\/18220"}],"wp:attachment":[{"href":"https:\/\/vengria.info\/index.php?rest_route=%2Fwp%2Fv2%2Fmedia&parent=18218"}],"wp:term":[{"taxonomy":"category","embeddable":true,"href":"https:\/\/vengria.info\/index.php?rest_route=%2Fwp%2Fv2%2Fcategories&post=18218"},{"taxonomy":"post_tag","embeddable":true,"href":"https:\/\/vengria.info\/index.php?rest_route=%2Fwp%2Fv2%2Ftags&post=18218"}],"curies":[{"name":"wp","href":"https:\/\/api.w.org\/{rel}","templated":true}]}}