{"id":18211,"date":"2026-09-02T11:21:04","date_gmt":"2026-09-02T11:21:04","guid":{"rendered":"https:\/\/vengria.info\/?p=18211"},"modified":"2026-09-02T11:21:06","modified_gmt":"2026-09-02T11:21:06","slug":"egy-lo-egy-temetes-soran-osszetorte-halott-gazdaja-koporsojat-amit-az-emberek-bent-lattak-az-egesz-temetest-remiszto-rejtellye-valtoztatta","status":"publish","type":"post","link":"https:\/\/vengria.info\/?p=18211","title":{"rendered":"Egy l\u00f3 egy temet\u00e9s sor\u00e1n \u00f6sszet\u00f6rte halott gazd\u00e1ja kopors\u00f3j\u00e1t. Amit az emberek bent l\u00e1ttak, az eg\u00e9sz temet\u00e9st r\u00e9miszt\u0151 rejt\u00e9lly\u00e9 v\u00e1ltoztatta."},"content":{"rendered":"\n<p class=\"wp-block-paragraph\">A temet\u0151ben azon a reggelen \u00f6sszegy\u0171ltek k\u00f6z\u00fcl senki sem gondolta volna, hogy egy hatvan\u00e9ves farmer temet\u00e9s\u00e9r\u0151l az eg\u00e9sz falu besz\u00e9lni fog.<\/p>\n\n\n\n<p class=\"wp-block-paragraph\">Hideg reggel volt. Neh\u00e9z, sz\u00fcrke \u00e9gbolt borult a temet\u0151re, \u00e9s az \u00e9jszakai es\u0151 ut\u00e1n az utols\u00f3 es\u0151cseppek hullottak a f\u00e1kr\u00f3l. K\u00f6d lebegett a s\u00edrk\u00f6vek k\u00f6z\u00f6tt, \u00e9s a nedves talaj minden l\u00e9p\u00e9sn\u00e9l cip\u0151h\u00f6z tapadt.<\/p>\n\n\n\n<p class=\"wp-block-paragraph\">Egy kopors\u00f3 \u00e1llt a frissen \u00e1sott s\u00edr mellett, \u00e9s rokonok, bar\u00e1tok, szomsz\u00e9dok \u00e9s olyan emberek gy\u0171ltek k\u00f6r\u00e9, akik csak munk\u00e1b\u00f3l ismert\u00e9k az elhunytat.<\/p>\n\n\n\n<p class=\"wp-block-paragraph\">Thomas Miller szinte eg\u00e9sz \u00e9let\u00e9ben farmer volt. A helyiek szerint a hatvan \u00e9v nem hossz\u00fa sz\u00e1m, de a hal\u00e1la v\u00e1ratlanul \u00e9rt. N\u00e9h\u00e1ny h\u00e9ttel ezel\u0151ttig a f\u00f6ldeken dolgozott, ker\u00edt\u00e9seket jav\u00edtott, \u00e9s minden reggel hajnal el\u0151tt kelt.<\/p>\n\n\n\n<p class=\"wp-block-paragraph\">Mellette k\u00f6zel tizen\u00f6t \u00e9vig \u00e1llt egy hatalmas barna m\u00e9n, Grom.<\/p>\n\n\n\n<p class=\"wp-block-paragraph\">Thomas annyira megb\u00edzott benne, hogy gyakran mondta r\u00f3la:<\/p>\n\n\n\n<p class=\"wp-block-paragraph\">\u201eEgy ember hazudhat. Egy l\u00f3 nem.\u201d<\/p>\n\n\n\n<p class=\"wp-block-paragraph\">Akkor m\u00e9g senki sem tudta, milyen fontoss\u00e1 v\u00e1lnak majd ezek a szavak.<\/p>\n\n\n\n<p class=\"wp-block-paragraph\">Thomas feles\u00e9ge, Margaret, a kopors\u00f3 mellett \u00e1llt. S\u00e1padt volt, a szeme v\u00f6r\u00f6s a s\u00edr\u00e1st\u00f3l, \u00e9s mindk\u00e9t kez\u00e9ben egy zsebkend\u0151t szorongatott.<\/p>\n\n\n\n<p class=\"wp-block-paragraph\">Fiuk, Daniel, n\u00e9h\u00e1ny l\u00e9p\u00e9snyire \u00e1llt. A f\u00f6ldre n\u00e9zett, pr\u00f3b\u00e1lta uralkodni az \u00e9rzelmein. Apja hal\u00e1la \u00f3ta alig sz\u00f3lt.<\/p>\n\n\n\n<p class=\"wp-block-paragraph\">A pap folytatta im\u00e1j\u00e1t.<\/p>\n\n\n\n<p class=\"wp-block-paragraph\">A sz\u00e9l v\u00e9gigs\u00f6p\u00f6rt a f\u00e1kon.<\/p>\n\n\n\n<p class=\"wp-block-paragraph\">Mindenki elhallgatott.<\/p>\n\n\n\n<p class=\"wp-block-paragraph\">\u00c9s akkor egy nyer\u00edt\u00e9s hallatszott.<\/p>\n\n\n\n<p class=\"wp-block-paragraph\">Nem mindennapi hang volt.<\/p>\n\n\n\n<p class=\"wp-block-paragraph\">Volt benne valami s\u00fcrget\u0151, szinte k\u00e9ts\u00e9gbeesett.<\/p>\n\n\n\n<p class=\"wp-block-paragraph\">Az emberek elkezdtek megfordulni.<\/p>\n\n\n\n<p class=\"wp-block-paragraph\">Hirtelen egy hatalmas s\u00f6t\u00e9tbarna l\u00f3 t\u00f6rt el\u0151 a temet\u0151 kapuja m\u00f6g\u00fcl.<\/p>\n\n\n\n<p class=\"wp-block-paragraph\">Grom volt az.<\/p>\n\n\n\n<p class=\"wp-block-paragraph\">T\u00f6bben felsikoltottak \u00e9s f\u00e9lre\u00e1lltak. A l\u00f3 egyenesen a s\u00edrok k\u00f6z\u00f6tt futott, mintha pontosan tudn\u00e1, hov\u00e1 megy.<\/p>\n\n\n\n<p class=\"wp-block-paragraph\">\u201e\u00c1llj meg!\u201d<\/p>\n\n\n\n<p class=\"wp-block-paragraph\">K\u00e9t f\u00e9rfi megpr\u00f3b\u00e1lta \u00e1tkelni az \u00fatj\u00e1n.<\/p>\n\n\n\n<p class=\"wp-block-paragraph\">Grom azonban olyan gyorsan elhaladt mellett\u00fck, hogy az egyik\u00fck a nedves f\u0171be esett. A m\u00e1sik megpr\u00f3b\u00e1lta megragadni a gyepl\u0151t, de a l\u00f3 hevesen megr\u00e1ntotta a fej\u00e9t, \u00e9s majdnem ledobta.<\/p>\n\n\n\n<p class=\"wp-block-paragraph\">\u201eAz \u00e1llat meg\u0151r\u00fclt!\u201d<\/p>\n\n\n\n<p class=\"wp-block-paragraph\">Grom azonban senkire sem hallgatott.<\/p>\n\n\n\n<p class=\"wp-block-paragraph\">Egyenesen a kopors\u00f3hoz rohant.<\/p>\n\n\n\n<p class=\"wp-block-paragraph\">Amikor oda\u00e9rt, hirtelen meg\u00e1llt.<\/p>\n\n\n\n<p class=\"wp-block-paragraph\">Remegett a teste.<\/p>\n\n\n\n<p class=\"wp-block-paragraph\">Orrlyukai t\u00e1gra ny\u00edltak, \u00e9s m\u00e9lyeket l\u00e9legzett. Csak \u00e1llt ott n\u00e9h\u00e1ny m\u00e1sodpercig, a kopors\u00f3t n\u00e9zve.<\/p>\n\n\n\n<p class=\"wp-block-paragraph\">Azt\u00e1n lehajtotta a fej\u00e9t.<\/p>\n\n\n\n<p class=\"wp-block-paragraph\">Szimagolni kezdett.<\/p>\n\n\n\n<p class=\"wp-block-paragraph\">Margaret s\u00edrni kezdett.<\/p>\n\n\n\n<p class=\"wp-block-paragraph\">\u201eVigy\u00e9tek el\u201d \u2013 suttogta. \u201eK\u00e9rlek.\u201d<\/p>\n\n\n\n<p class=\"wp-block-paragraph\">Az egyik f\u00e9rfi el\u0151rel\u00e9pett.<\/p>\n\n\n\n<p class=\"wp-block-paragraph\">De Grom hirtelen felemelte az egyik mells\u0151 l\u00e1b\u00e1t.<\/p>\n\n\n\n<p class=\"wp-block-paragraph\">\u00c9s pat\u00e1j\u00e1val a kopors\u00f3 fedel\u00e9hez csap\u00f3dott.<\/p>\n\n\n\n<p class=\"wp-block-paragraph\">Kem\u00e9ny puffan\u00e1s hallatszott.<\/p>\n\n\n\n<p class=\"wp-block-paragraph\">A t\u00f6meg elhallgatott.<\/p>\n\n\n\n<p class=\"wp-block-paragraph\">\u201eMit csin\u00e1l?\u201d<\/p>\n\n\n\n<p class=\"wp-block-paragraph\">A l\u00f3 felemelte a fej\u00e9t.<\/p>\n\n\n\n<p class=\"wp-block-paragraph\">Azt\u00e1n \u00fajra lecsapott.<\/p>\n\n\n\n<p class=\"wp-block-paragraph\">Ez\u00fattal sokkal er\u0151sebben.<\/p>\n\n\n\n<p class=\"wp-block-paragraph\">A fa megremegett.<\/p>\n\n\n\n<p class=\"wp-block-paragraph\">Daniel a l\u00f3 fel\u00e9 indult.<\/p>\n\n\n\n<p class=\"wp-block-paragraph\">\u201eGrom, nyugodj meg.\u201d<\/p>\n\n\n\n<p class=\"wp-block-paragraph\">A l\u00f3 r\u00e1n\u00e9zett.<\/p>\n\n\n\n<p class=\"wp-block-paragraph\">Egy pillanatra \u00fagy t\u0171nt, figyel.<\/p>\n\n\n\n<p class=\"wp-block-paragraph\">Azt\u00e1n hevesen kap\u00e1lni kezdett a pat\u00e1j\u00e1val.<\/p>\n\n\n\n<p class=\"wp-block-paragraph\">\u201eFogj\u00e1tok el!\u201d<\/p>\n\n\n\n<p class=\"wp-block-paragraph\">A h\u00e1rom f\u00e9rfi el\u0151rerohant.<\/p>\n\n\n\n<p class=\"wp-block-paragraph\">Grom fel\u00e1gaskodott a h\u00e1ts\u00f3 l\u00e1baira.<\/p>\n\n\n\n<p class=\"wp-block-paragraph\">Az emberek sikoltozni kezdtek.<\/p>\n\n\n\n<p class=\"wp-block-paragraph\">A pap h\u00e1tr\u00e1lt.<\/p>\n\n\n\n<p class=\"wp-block-paragraph\">Margaret befogta a sz\u00e1j\u00e1t.<\/p>\n\n\n\n<p class=\"wp-block-paragraph\">\u00c9s akkor a l\u00f3 \u00fajra lecsapott.<\/p>\n\n\n\n<p class=\"wp-block-paragraph\">Egyszer.<\/p>\n\n\n\n<p class=\"wp-block-paragraph\">M\u00e1sodszor.<\/p>\n\n\n\n<p class=\"wp-block-paragraph\">Harmadszor.<\/p>\n\n\n\n<p class=\"wp-block-paragraph\">Az els\u0151 reped\u00e9s megjelent a fafed\u00e9len.<\/p>\n\n\n\n<p class=\"wp-block-paragraph\">\u201eHozd ki!\u201d<\/p>\n\n\n\n<p class=\"wp-block-paragraph\">De m\u00e1r t\u00fal k\u00e9s\u0151 volt.<\/p>\n\n\n\n<p class=\"wp-block-paragraph\">A mennyd\u00f6rg\u00e9s olyan er\u0151vel csapott le, hogy a fa egy r\u00e9sze megrepedt.<\/p>\n\n\n\n<p class=\"wp-block-paragraph\">Mindenki elhallgatott.<\/p>\n\n\n\n<p class=\"wp-block-paragraph\">A l\u00f3 \u00fagy tett, mintha nem a kopors\u00f3val k\u00fczdene, hanem megpr\u00f3b\u00e1lna el\u00e9rni valakit benne.<\/p>\n\n\n\n<p class=\"wp-block-paragraph\">Azt\u00e1n hangos reccsen\u00e9s hallatszott.<\/p>\n\n\n\n<p class=\"wp-block-paragraph\">A fed\u00e9l kiny\u00edlt.<\/p>\n\n\n\n<p class=\"wp-block-paragraph\">T\u00f6bben felsikoltottak.<\/p>\n\n\n\n<p class=\"wp-block-paragraph\">Egy f\u00e9rfi befogta a szem\u00e9t.<\/p>\n\n\n\n<p class=\"wp-block-paragraph\">Margaret t\u00e9rdre rogyott.<\/p>\n\n\n\n<p class=\"wp-block-paragraph\">Daniel dermedten \u00e1llt ott.<\/p>\n\n\n\n<p class=\"wp-block-paragraph\">Mindenki a s\u00e9r\u00fclt kopors\u00f3ra meredt.<\/p>\n\n\n\n<p class=\"wp-block-paragraph\">N\u00e9h\u00e1ny m\u00e1sodpercig senki sem mert k\u00f6zelebb j\u00f6nni.<\/p>\n\n\n\n<p class=\"wp-block-paragraph\">V\u00e9g\u00fcl a pap el\u0151l\u00e9pett.<\/p>\n\n\n\n<p class=\"wp-block-paragraph\">\u201eKi kell der\u00edten\u00fcnk, mi t\u00f6rt\u00e9nt.\u201d<\/p>\n\n\n\n<p class=\"wp-block-paragraph\">Daniel a kopors\u00f3 fel\u00e9 hajolt.<\/p>\n\n\n\n<p class=\"wp-block-paragraph\">Azt\u00e1n els\u00e1padt.<\/p>\n\n\n\n<p class=\"wp-block-paragraph\">\u201eEz lehetetlen.\u201d<\/p>\n\n\n\n<p class=\"wp-block-paragraph\">\u201eMi van ott?\u201d \u2013 k\u00e9rdezte Margaret remeg\u0151 hangon.<\/p>\n\n\n\n<p class=\"wp-block-paragraph\">Daniel nem v\u00e1laszolt.<\/p>\n\n\n\n<p class=\"wp-block-paragraph\">Ehelyett h\u00e1tr\u00e1lt.<\/p>\n\n\n\n<figure class=\"wp-block-image size-large is-resized\"><img loading=\"lazy\" decoding=\"async\" width=\"602\" height=\"1024\" src=\"https:\/\/vengria.info\/wp-content\/uploads\/2026\/09\/qwsazxsazx-602x1024.jpg\" alt=\"\" class=\"wp-image-18213\" style=\"width:747px;height:auto\" srcset=\"https:\/\/vengria.info\/wp-content\/uploads\/2026\/09\/qwsazxsazx-602x1024.jpg 602w, https:\/\/vengria.info\/wp-content\/uploads\/2026\/09\/qwsazxsazx-176x300.jpg 176w, https:\/\/vengria.info\/wp-content\/uploads\/2026\/09\/qwsazxsazx-768x1306.jpg 768w, https:\/\/vengria.info\/wp-content\/uploads\/2026\/09\/qwsazxsazx.jpg 784w\" sizes=\"auto, (max-width: 602px) 100vw, 602px\" \/><\/figure>\n\n\n\n<p class=\"wp-block-paragraph\">Az apja nem \u00fagy fek\u00fcdt a kopors\u00f3ban, ahogy mindenki v\u00e1rta.<\/p>\n\n\n\n<p class=\"wp-block-paragraph\">Valami baj volt.<\/p>\n\n\n\n<p class=\"wp-block-paragraph\">Nagyon baj.<\/p>\n\n\n\n<p class=\"wp-block-paragraph\">Ahogy az emberek k\u00f6zelebb \u00e9rtek, \u00e9szrevett\u00e9k, hogy a test Thomas ruh\u00e1j\u00e1ban van, de valami nem illett r\u00e1.<\/p>\n\n\n\n<p class=\"wp-block-paragraph\">Daniel meg\u00e9rintette apja kez\u00e9t.<\/p>\n\n\n\n<p class=\"wp-block-paragraph\">\u2013 F\u00e1zik \u2013 suttogta.<\/p>\n\n\n\n<p class=\"wp-block-paragraph\">\u2013 Ez norm\u00e1lis \u2013 felelte az egyik f\u00e9rfi.<\/p>\n\n\n\n<p class=\"wp-block-paragraph\">Daniel megr\u00e1zta a fej\u00e9t.<\/p>\n\n\n\n<p class=\"wp-block-paragraph\">\u2013 Nem. N\u00e9zd.<\/p>\n\n\n\n<p class=\"wp-block-paragraph\">A csukl\u00f3j\u00e1ra mutatott.<\/p>\n\n\n\n<p class=\"wp-block-paragraph\">Furcsa nyomok voltak a b\u0151r\u00e9n.<\/p>\n\n\n\n<p class=\"wp-block-paragraph\">Mintha valakinek szorosan meg lenne k\u00f6tve a keze.<\/p>\n\n\n\n<p class=\"wp-block-paragraph\">Zizsg\u00e1s hallatszott a t\u00f6megben.<\/p>\n\n\n\n<p class=\"wp-block-paragraph\">Margaret k\u00f6zelebb l\u00e9pett.<\/p>\n\n\n\n<p class=\"wp-block-paragraph\">\u2013 Mit jelent ez?<\/p>\n\n\n\n<p class=\"wp-block-paragraph\">Senki sem tudta.<\/p>\n\n\n\n<p class=\"wp-block-paragraph\">Azt\u00e1n az egyik szomsz\u00e9d \u00e9szrevett m\u00e9g valamit.<\/p>\n\n\n\n<p class=\"wp-block-paragraph\">\u2013 V\u00e1rj.<\/p>\n\n\n\n<p class=\"wp-block-paragraph\">A kopors\u00f3 belsej\u00e9re mutatott.<\/p>\n\n\n\n<p class=\"wp-block-paragraph\">M\u00e9ly karcol\u00e1sok voltak a f\u00e1n.<\/p>\n\n\n\n<p class=\"wp-block-paragraph\">Nem Grom pat\u00e1i voltak.<\/p>\n\n\n\n<p class=\"wp-block-paragraph\">Bent voltak.<\/p>\n\n\n\n<p class=\"wp-block-paragraph\">Valakinek a k\u00f6rmei tett\u00e9k \u0151ket.<\/p>\n\n\n\n<p class=\"wp-block-paragraph\">Margaret remegni kezdett.<\/p>\n\n\n\n<p class=\"wp-block-paragraph\">\u2013 Ez lehetetlen.<\/p>\n\n\n\n<p class=\"wp-block-paragraph\">Daniel a papra n\u00e9zett.<\/p>\n\n\n\n<p class=\"wp-block-paragraph\">\u2013 Az ap\u00e1m m\u00e9g nem halt meg, amikor idehozt\u00e1k.<\/p>\n\n\n\n<p class=\"wp-block-paragraph\">A be\u00e1llt csend m\u00e9g az el\u0151z\u0151n\u00e9l is r\u00e9miszt\u0151bb volt.<\/p>\n\n\n\n<p class=\"wp-block-paragraph\">Az egyik f\u00e9rfi azonnal h\u00edvta a rend\u0151rs\u00e9get.<\/p>\n\n\n\n<p class=\"wp-block-paragraph\">N\u00e9h\u00e1ny perccel k\u00e9s\u0151bb senki sem mehetett a kopors\u00f3hoz.<\/p>\n\n\n\n<p class=\"wp-block-paragraph\">Grom n\u00e9h\u00e1ny m\u00e9terre \u00e1llt t\u0151le.<\/p>\n\n\n\n<p class=\"wp-block-paragraph\">Ez\u00fattal teljesen nyugodt volt.<\/p>\n\n\n\n<p class=\"wp-block-paragraph\">Mintha teljes\u00edtette volna a feladatot, ami\u00e9rt a temet\u0151be j\u00f6tt.<\/p>\n\n\n\n<hr class=\"wp-block-separator has-alpha-channel-opacity\"\/>\n\n\n\n<p class=\"wp-block-paragraph\">A vizsg\u00e1lat kimutatta, hogy Thomas val\u00f3j\u00e1ban nem \u00fagy halt meg, ahogyan a csal\u00e1dnak mondt\u00e1k.<\/p>\n\n\n\n<p class=\"wp-block-paragraph\">A csal\u00e1d \u00e1ltal kapott orvosi jelent\u00e9s sz\u00e1mos elt\u00e9r\u00e9st tartalmazott.<\/p>\n\n\n\n<p class=\"wp-block-paragraph\">Az orvos al\u00e1\u00edr\u00e1sa val\u00f3di volt.<\/p>\n\n\n\n<p class=\"wp-block-paragraph\">A b\u00e9lyegz\u0151 is.<\/p>\n\n\n\n<p class=\"wp-block-paragraph\">De a hal\u00e1l id\u0151pontja nem egyezett a t\u00f6bbi adattal.<\/p>\n\n\n\n<p class=\"wp-block-paragraph\">A rend\u0151rs\u00e9g megkezdte a gazda \u00e9let\u00e9nek utols\u00f3 napjainak kivizsg\u00e1l\u00e1s\u00e1t.<\/p>\n\n\n\n<p class=\"wp-block-paragraph\"><\/p>\n","protected":false},"excerpt":{"rendered":"A temet\u0151ben azon a reggelen \u00f6sszegy\u0171ltek k\u00f6z\u00fcl senki sem gondolta volna, hogy egy hatvan\u00e9ves farmer temet\u00e9s\u00e9r\u0151l az eg\u00e9sz falu besz\u00e9lni fog. Hideg reggel \n<a class=\"moretag\" href=\"https:\/\/vengria.info\/?p=18211\"> [...]<\/a>","protected":false},"author":1,"featured_media":18213,"comment_status":"open","ping_status":"open","sticky":false,"template":"","format":"standard","meta":{"footnotes":""},"categories":[1,2],"tags":[],"class_list":["post-18211","post","type-post","status-publish","format-standard","has-post-thumbnail","hentry","category-news","category-video"],"yoast_head":"<!-- This site is optimized with the Yoast SEO plugin v28.3 - https:\/\/yoast.com\/product\/yoast-seo-wordpress\/ -->\n<title>Egy l\u00f3 egy temet\u00e9s sor\u00e1n \u00f6sszet\u00f6rte halott gazd\u00e1ja kopors\u00f3j\u00e1t. Amit az emberek bent l\u00e1ttak, az eg\u00e9sz temet\u00e9st r\u00e9miszt\u0151 rejt\u00e9lly\u00e9 v\u00e1ltoztatta. -<\/title>\n<meta name=\"robots\" content=\"index, follow, max-snippet:-1, max-image-preview:large, max-video-preview:-1\" \/>\n<link rel=\"canonical\" href=\"https:\/\/vengria.info\/?p=18211\" \/>\n<meta property=\"og:locale\" content=\"en_US\" \/>\n<meta property=\"og:type\" content=\"article\" \/>\n<meta property=\"og:title\" content=\"Egy l\u00f3 egy temet\u00e9s sor\u00e1n \u00f6sszet\u00f6rte halott gazd\u00e1ja kopors\u00f3j\u00e1t. Amit az emberek bent l\u00e1ttak, az eg\u00e9sz temet\u00e9st r\u00e9miszt\u0151 rejt\u00e9lly\u00e9 v\u00e1ltoztatta. -\" \/>\n<meta property=\"og:description\" content=\"A temet\u0151ben azon a reggelen \u00f6sszegy\u0171ltek k\u00f6z\u00fcl senki sem gondolta volna, hogy egy hatvan\u00e9ves farmer temet\u00e9s\u00e9r\u0151l az eg\u00e9sz falu besz\u00e9lni fog. Hideg reggel\" \/>\n<meta property=\"og:url\" content=\"https:\/\/vengria.info\/?p=18211\" \/>\n<meta property=\"article:published_time\" content=\"2026-09-02T11:21:04+00:00\" \/>\n<meta property=\"article:modified_time\" content=\"2026-09-02T11:21:06+00:00\" \/>\n<meta property=\"og:image\" content=\"https:\/\/vengria.info\/wp-content\/uploads\/2026\/09\/qwsazxsazx.jpg\" \/>\n\t<meta property=\"og:image:width\" content=\"784\" \/>\n\t<meta property=\"og:image:height\" content=\"1334\" \/>\n\t<meta property=\"og:image:type\" content=\"image\/jpeg\" \/>\n<meta name=\"author\" content=\"admin\" \/>\n<meta name=\"twitter:card\" content=\"summary_large_image\" \/>\n<meta name=\"twitter:label1\" content=\"Written by\" \/>\n\t<meta name=\"twitter:data1\" content=\"admin\" \/>\n\t<meta name=\"twitter:label2\" content=\"Est. reading time\" \/>\n\t<meta name=\"twitter:data2\" content=\"4 minutes\" \/>\n<script type=\"application\/ld+json\" class=\"yoast-schema-graph\">{\"@context\":\"https:\\\/\\\/schema.org\",\"@graph\":[{\"@type\":\"Article\",\"@id\":\"https:\\\/\\\/vengria.info\\\/?p=18211#article\",\"isPartOf\":{\"@id\":\"https:\\\/\\\/vengria.info\\\/?p=18211\"},\"author\":{\"name\":\"admin\",\"@id\":\"https:\\\/\\\/vengria.info\\\/#\\\/schema\\\/person\\\/b815b04a6b1fb36a2d064955a92f68d4\"},\"headline\":\"Egy l\u00f3 egy temet\u00e9s sor\u00e1n \u00f6sszet\u00f6rte halott gazd\u00e1ja kopors\u00f3j\u00e1t. Amit az emberek bent l\u00e1ttak, az eg\u00e9sz temet\u00e9st r\u00e9miszt\u0151 rejt\u00e9lly\u00e9 v\u00e1ltoztatta.\",\"datePublished\":\"2026-09-02T11:21:04+00:00\",\"dateModified\":\"2026-09-02T11:21:06+00:00\",\"mainEntityOfPage\":{\"@id\":\"https:\\\/\\\/vengria.info\\\/?p=18211\"},\"wordCount\":1071,\"commentCount\":0,\"image\":{\"@id\":\"https:\\\/\\\/vengria.info\\\/?p=18211#primaryimage\"},\"thumbnailUrl\":\"https:\\\/\\\/vengria.info\\\/wp-content\\\/uploads\\\/2026\\\/09\\\/qwsazxsazx.jpg\",\"articleSection\":[\"NEWS\",\"VIDEO\"],\"inLanguage\":\"en-US\",\"potentialAction\":[{\"@type\":\"CommentAction\",\"name\":\"Comment\",\"target\":[\"https:\\\/\\\/vengria.info\\\/?p=18211#respond\"]}]},{\"@type\":\"WebPage\",\"@id\":\"https:\\\/\\\/vengria.info\\\/?p=18211\",\"url\":\"https:\\\/\\\/vengria.info\\\/?p=18211\",\"name\":\"Egy l\u00f3 egy temet\u00e9s sor\u00e1n \u00f6sszet\u00f6rte halott gazd\u00e1ja kopors\u00f3j\u00e1t. Amit az emberek bent l\u00e1ttak, az eg\u00e9sz temet\u00e9st r\u00e9miszt\u0151 rejt\u00e9lly\u00e9 v\u00e1ltoztatta. -\",\"isPartOf\":{\"@id\":\"https:\\\/\\\/vengria.info\\\/#website\"},\"primaryImageOfPage\":{\"@id\":\"https:\\\/\\\/vengria.info\\\/?p=18211#primaryimage\"},\"image\":{\"@id\":\"https:\\\/\\\/vengria.info\\\/?p=18211#primaryimage\"},\"thumbnailUrl\":\"https:\\\/\\\/vengria.info\\\/wp-content\\\/uploads\\\/2026\\\/09\\\/qwsazxsazx.jpg\",\"datePublished\":\"2026-09-02T11:21:04+00:00\",\"dateModified\":\"2026-09-02T11:21:06+00:00\",\"author\":{\"@id\":\"https:\\\/\\\/vengria.info\\\/#\\\/schema\\\/person\\\/b815b04a6b1fb36a2d064955a92f68d4\"},\"breadcrumb\":{\"@id\":\"https:\\\/\\\/vengria.info\\\/?p=18211#breadcrumb\"},\"inLanguage\":\"en-US\",\"potentialAction\":[{\"@type\":\"ReadAction\",\"target\":[\"https:\\\/\\\/vengria.info\\\/?p=18211\"]}]},{\"@type\":\"ImageObject\",\"inLanguage\":\"en-US\",\"@id\":\"https:\\\/\\\/vengria.info\\\/?p=18211#primaryimage\",\"url\":\"https:\\\/\\\/vengria.info\\\/wp-content\\\/uploads\\\/2026\\\/09\\\/qwsazxsazx.jpg\",\"contentUrl\":\"https:\\\/\\\/vengria.info\\\/wp-content\\\/uploads\\\/2026\\\/09\\\/qwsazxsazx.jpg\",\"width\":784,\"height\":1334},{\"@type\":\"BreadcrumbList\",\"@id\":\"https:\\\/\\\/vengria.info\\\/?p=18211#breadcrumb\",\"itemListElement\":[{\"@type\":\"ListItem\",\"position\":1,\"name\":\"Home\",\"item\":\"https:\\\/\\\/vengria.info\\\/\"},{\"@type\":\"ListItem\",\"position\":2,\"name\":\"Egy l\u00f3 egy temet\u00e9s sor\u00e1n \u00f6sszet\u00f6rte halott gazd\u00e1ja kopors\u00f3j\u00e1t. Amit az emberek bent l\u00e1ttak, az eg\u00e9sz temet\u00e9st r\u00e9miszt\u0151 rejt\u00e9lly\u00e9 v\u00e1ltoztatta.\"}]},{\"@type\":\"WebSite\",\"@id\":\"https:\\\/\\\/vengria.info\\\/#website\",\"url\":\"https:\\\/\\\/vengria.info\\\/\",\"name\":\"\",\"description\":\"\",\"potentialAction\":[{\"@type\":\"SearchAction\",\"target\":{\"@type\":\"EntryPoint\",\"urlTemplate\":\"https:\\\/\\\/vengria.info\\\/?s={search_term_string}\"},\"query-input\":{\"@type\":\"PropertyValueSpecification\",\"valueRequired\":true,\"valueName\":\"search_term_string\"}}],\"inLanguage\":\"en-US\"},{\"@type\":\"Person\",\"@id\":\"https:\\\/\\\/vengria.info\\\/#\\\/schema\\\/person\\\/b815b04a6b1fb36a2d064955a92f68d4\",\"name\":\"admin\",\"image\":{\"@type\":\"ImageObject\",\"inLanguage\":\"en-US\",\"@id\":\"https:\\\/\\\/secure.gravatar.com\\\/avatar\\\/a29bad30ab19883c48927f9ee55a40d0d1a0c3c343bcef70ad9a0a9cb421f0fa?s=96&d=mm&r=g\",\"url\":\"https:\\\/\\\/secure.gravatar.com\\\/avatar\\\/a29bad30ab19883c48927f9ee55a40d0d1a0c3c343bcef70ad9a0a9cb421f0fa?s=96&d=mm&r=g\",\"contentUrl\":\"https:\\\/\\\/secure.gravatar.com\\\/avatar\\\/a29bad30ab19883c48927f9ee55a40d0d1a0c3c343bcef70ad9a0a9cb421f0fa?s=96&d=mm&r=g\",\"caption\":\"admin\"},\"sameAs\":[\"http:\\\/\\\/vengria.info\"],\"url\":\"https:\\\/\\\/vengria.info\\\/?author=1\"}]}<\/script>\n<!-- \/ Yoast SEO plugin. -->","yoast_head_json":{"title":"Egy l\u00f3 egy temet\u00e9s sor\u00e1n \u00f6sszet\u00f6rte halott gazd\u00e1ja kopors\u00f3j\u00e1t. Amit az emberek bent l\u00e1ttak, az eg\u00e9sz temet\u00e9st r\u00e9miszt\u0151 rejt\u00e9lly\u00e9 v\u00e1ltoztatta. -","robots":{"index":"index","follow":"follow","max-snippet":"max-snippet:-1","max-image-preview":"max-image-preview:large","max-video-preview":"max-video-preview:-1"},"canonical":"https:\/\/vengria.info\/?p=18211","og_locale":"en_US","og_type":"article","og_title":"Egy l\u00f3 egy temet\u00e9s sor\u00e1n \u00f6sszet\u00f6rte halott gazd\u00e1ja kopors\u00f3j\u00e1t. Amit az emberek bent l\u00e1ttak, az eg\u00e9sz temet\u00e9st r\u00e9miszt\u0151 rejt\u00e9lly\u00e9 v\u00e1ltoztatta. -","og_description":"A temet\u0151ben azon a reggelen \u00f6sszegy\u0171ltek k\u00f6z\u00fcl senki sem gondolta volna, hogy egy hatvan\u00e9ves farmer temet\u00e9s\u00e9r\u0151l az eg\u00e9sz falu besz\u00e9lni fog. Hideg reggel","og_url":"https:\/\/vengria.info\/?p=18211","article_published_time":"2026-09-02T11:21:04+00:00","article_modified_time":"2026-09-02T11:21:06+00:00","og_image":[{"width":784,"height":1334,"url":"https:\/\/vengria.info\/wp-content\/uploads\/2026\/09\/qwsazxsazx.jpg","type":"image\/jpeg"}],"author":"admin","twitter_card":"summary_large_image","twitter_misc":{"Written by":"admin","Est. reading time":"4 minutes"},"schema":{"@context":"https:\/\/schema.org","@graph":[{"@type":"Article","@id":"https:\/\/vengria.info\/?p=18211#article","isPartOf":{"@id":"https:\/\/vengria.info\/?p=18211"},"author":{"name":"admin","@id":"https:\/\/vengria.info\/#\/schema\/person\/b815b04a6b1fb36a2d064955a92f68d4"},"headline":"Egy l\u00f3 egy temet\u00e9s sor\u00e1n \u00f6sszet\u00f6rte halott gazd\u00e1ja kopors\u00f3j\u00e1t. Amit az emberek bent l\u00e1ttak, az eg\u00e9sz temet\u00e9st r\u00e9miszt\u0151 rejt\u00e9lly\u00e9 v\u00e1ltoztatta.","datePublished":"2026-09-02T11:21:04+00:00","dateModified":"2026-09-02T11:21:06+00:00","mainEntityOfPage":{"@id":"https:\/\/vengria.info\/?p=18211"},"wordCount":1071,"commentCount":0,"image":{"@id":"https:\/\/vengria.info\/?p=18211#primaryimage"},"thumbnailUrl":"https:\/\/vengria.info\/wp-content\/uploads\/2026\/09\/qwsazxsazx.jpg","articleSection":["NEWS","VIDEO"],"inLanguage":"en-US","potentialAction":[{"@type":"CommentAction","name":"Comment","target":["https:\/\/vengria.info\/?p=18211#respond"]}]},{"@type":"WebPage","@id":"https:\/\/vengria.info\/?p=18211","url":"https:\/\/vengria.info\/?p=18211","name":"Egy l\u00f3 egy temet\u00e9s sor\u00e1n \u00f6sszet\u00f6rte halott gazd\u00e1ja kopors\u00f3j\u00e1t. Amit az emberek bent l\u00e1ttak, az eg\u00e9sz temet\u00e9st r\u00e9miszt\u0151 rejt\u00e9lly\u00e9 v\u00e1ltoztatta. -","isPartOf":{"@id":"https:\/\/vengria.info\/#website"},"primaryImageOfPage":{"@id":"https:\/\/vengria.info\/?p=18211#primaryimage"},"image":{"@id":"https:\/\/vengria.info\/?p=18211#primaryimage"},"thumbnailUrl":"https:\/\/vengria.info\/wp-content\/uploads\/2026\/09\/qwsazxsazx.jpg","datePublished":"2026-09-02T11:21:04+00:00","dateModified":"2026-09-02T11:21:06+00:00","author":{"@id":"https:\/\/vengria.info\/#\/schema\/person\/b815b04a6b1fb36a2d064955a92f68d4"},"breadcrumb":{"@id":"https:\/\/vengria.info\/?p=18211#breadcrumb"},"inLanguage":"en-US","potentialAction":[{"@type":"ReadAction","target":["https:\/\/vengria.info\/?p=18211"]}]},{"@type":"ImageObject","inLanguage":"en-US","@id":"https:\/\/vengria.info\/?p=18211#primaryimage","url":"https:\/\/vengria.info\/wp-content\/uploads\/2026\/09\/qwsazxsazx.jpg","contentUrl":"https:\/\/vengria.info\/wp-content\/uploads\/2026\/09\/qwsazxsazx.jpg","width":784,"height":1334},{"@type":"BreadcrumbList","@id":"https:\/\/vengria.info\/?p=18211#breadcrumb","itemListElement":[{"@type":"ListItem","position":1,"name":"Home","item":"https:\/\/vengria.info\/"},{"@type":"ListItem","position":2,"name":"Egy l\u00f3 egy temet\u00e9s sor\u00e1n \u00f6sszet\u00f6rte halott gazd\u00e1ja kopors\u00f3j\u00e1t. Amit az emberek bent l\u00e1ttak, az eg\u00e9sz temet\u00e9st r\u00e9miszt\u0151 rejt\u00e9lly\u00e9 v\u00e1ltoztatta."}]},{"@type":"WebSite","@id":"https:\/\/vengria.info\/#website","url":"https:\/\/vengria.info\/","name":"","description":"","potentialAction":[{"@type":"SearchAction","target":{"@type":"EntryPoint","urlTemplate":"https:\/\/vengria.info\/?s={search_term_string}"},"query-input":{"@type":"PropertyValueSpecification","valueRequired":true,"valueName":"search_term_string"}}],"inLanguage":"en-US"},{"@type":"Person","@id":"https:\/\/vengria.info\/#\/schema\/person\/b815b04a6b1fb36a2d064955a92f68d4","name":"admin","image":{"@type":"ImageObject","inLanguage":"en-US","@id":"https:\/\/secure.gravatar.com\/avatar\/a29bad30ab19883c48927f9ee55a40d0d1a0c3c343bcef70ad9a0a9cb421f0fa?s=96&d=mm&r=g","url":"https:\/\/secure.gravatar.com\/avatar\/a29bad30ab19883c48927f9ee55a40d0d1a0c3c343bcef70ad9a0a9cb421f0fa?s=96&d=mm&r=g","contentUrl":"https:\/\/secure.gravatar.com\/avatar\/a29bad30ab19883c48927f9ee55a40d0d1a0c3c343bcef70ad9a0a9cb421f0fa?s=96&d=mm&r=g","caption":"admin"},"sameAs":["http:\/\/vengria.info"],"url":"https:\/\/vengria.info\/?author=1"}]}},"_links":{"self":[{"href":"https:\/\/vengria.info\/index.php?rest_route=\/wp\/v2\/posts\/18211","targetHints":{"allow":["GET"]}}],"collection":[{"href":"https:\/\/vengria.info\/index.php?rest_route=\/wp\/v2\/posts"}],"about":[{"href":"https:\/\/vengria.info\/index.php?rest_route=\/wp\/v2\/types\/post"}],"author":[{"embeddable":true,"href":"https:\/\/vengria.info\/index.php?rest_route=\/wp\/v2\/users\/1"}],"replies":[{"embeddable":true,"href":"https:\/\/vengria.info\/index.php?rest_route=%2Fwp%2Fv2%2Fcomments&post=18211"}],"version-history":[{"count":1,"href":"https:\/\/vengria.info\/index.php?rest_route=\/wp\/v2\/posts\/18211\/revisions"}],"predecessor-version":[{"id":18215,"href":"https:\/\/vengria.info\/index.php?rest_route=\/wp\/v2\/posts\/18211\/revisions\/18215"}],"wp:featuredmedia":[{"embeddable":true,"href":"https:\/\/vengria.info\/index.php?rest_route=\/wp\/v2\/media\/18213"}],"wp:attachment":[{"href":"https:\/\/vengria.info\/index.php?rest_route=%2Fwp%2Fv2%2Fmedia&parent=18211"}],"wp:term":[{"taxonomy":"category","embeddable":true,"href":"https:\/\/vengria.info\/index.php?rest_route=%2Fwp%2Fv2%2Fcategories&post=18211"},{"taxonomy":"post_tag","embeddable":true,"href":"https:\/\/vengria.info\/index.php?rest_route=%2Fwp%2Fv2%2Ftags&post=18211"}],"curies":[{"name":"wp","href":"https:\/\/api.w.org\/{rel}","templated":true}]}}