{"id":18204,"date":"2026-09-02T11:16:33","date_gmt":"2026-09-02T11:16:33","guid":{"rendered":"https:\/\/vengria.info\/?p=18204"},"modified":"2026-09-02T11:16:34","modified_gmt":"2026-09-02T11:16:34","slug":"az-orvos-elsapadt-az-ultrahang-alatt-es-azt-mondta-a-varandos-nonek-hogy-hagyja-otthon-a-ferjet-senki-sem-tudta-megmagyarazni-mi-lathato-a-monitoron","status":"publish","type":"post","link":"https:\/\/vengria.info\/?p=18204","title":{"rendered":"Az orvos els\u00e1padt az ultrahang alatt, \u00e9s azt mondta a v\u00e1rand\u00f3s n\u0151nek, hogy hagyja otthon a f\u00e9rj\u00e9t. Senki sem tudta megmagyar\u00e1zni, mi l\u00e1that\u00f3 a monitoron."},"content":{"rendered":"\n<p class=\"wp-block-paragraph\">Laura furcs\u00e1n nyugodtnak \u00e9rezte mag\u00e1t aznap reggel.<\/p>\n\n\n\n<p class=\"wp-block-paragraph\">Nyolc h\u00f3napos terhes volt, \u00e9s m\u00e1r csak n\u00e9h\u00e1ny h\u00e9t v\u00e1lasztotta el a sz\u00fcl\u00e9st\u0151l. A hossz\u00fa v\u00e1rakoz\u00e1s lassan val\u00f3s\u00e1gg\u00e1 v\u00e1lt. Otthon m\u00e1r el\u0151k\u00e9sz\u00edtett egy kis\u00e1gyat, a kis ruh\u00e1i sz\u00e9pen elrendezve a fi\u00f3kokban, a k\u00f3rh\u00e1zi t\u00e1sk\u00e1ja pedig az ajt\u00f3 mellett \u00e1llt.<\/p>\n\n\n\n<p class=\"wp-block-paragraph\">Az eg\u00e9sz terhess\u00e9g komolyabb komplik\u00e1ci\u00f3k n\u00e9lk\u00fcl telt.<\/p>\n\n\n\n<p class=\"wp-block-paragraph\">Laura meg volt gy\u0151z\u0151dve arr\u00f3l, hogy ez\u00fattal csak egy \u00fajabb rutinvizsg\u00e1lat lesz. Az orvosok a kezdetekt\u0151l fogva azt mondt\u00e1k neki, hogy a baba pontosan \u00fagy n\u00f6vekszik, ahogy kell. A v\u00e9rvizsg\u00e1latok rendben voltak, a kor\u00e1bbi ultrahangok nem mutattak semmi szokatlant, \u00e9s maga a terhess\u00e9g is szinte p\u00e9ld\u00e1s volt.<\/p>\n\n\n\n<p class=\"wp-block-paragraph\">A f\u00e9rje, Victor, mindig mellette volt.<\/p>\n\n\n\n<p class=\"wp-block-paragraph\">Legal\u00e1bbis Laura ezt gondolta.<\/p>\n\n\n\n<p class=\"wp-block-paragraph\">Victor az a fajta ember volt, aki mindent el tudott int\u00e9zni. Minden reggel megk\u00e9rdezte, hogy \u00e9rzi mag\u00e1t Laura, est\u00e9nk\u00e9nt megn\u00e9zte, hogy sz\u00fcks\u00e9ge van-e valamire, \u00e9s az ut\u00f3bbi hetekben alig engedte, hogy bev\u00e1s\u00e1rl\u00f3szatyrokat cipeljen.<\/p>\n\n\n\n<p class=\"wp-block-paragraph\">Eredetileg azt tervezte, hogy elmegy vele, amikor ultrahangra kellett volna mennie.<\/p>\n\n\n\n<p class=\"wp-block-paragraph\">De n\u00e9h\u00e1ny \u00f3r\u00e1val az orvosi id\u0151pont el\u0151tt megsz\u00f3lalt a telefonja.<\/p>\n\n\n\n<p class=\"wp-block-paragraph\">Laura \u00e9szrevette az arckifejez\u00e9s\u00e9ben bek\u00f6vetkezett v\u00e1ltoz\u00e1st, mik\u00f6zben besz\u00e9lgettek. El\u0151sz\u00f6r meglepettnek, majd idegesnek t\u0171nt, v\u00e9g\u00fcl pedig egy m\u00e1sik szob\u00e1ba ment.<\/p>\n\n\n\n<p class=\"wp-block-paragraph\">Amikor visszat\u00e9rt, megpr\u00f3b\u00e1lt norm\u00e1lisnak t\u0171nni.<\/p>\n\n\n\n<p class=\"wp-block-paragraph\">\u201eMunk\u00e1ba kell mennem\u201d \u2013 mondta. \u201eVan egy probl\u00e9ma, amit el kell int\u00e9znem.\u201d<\/p>\n\n\n\n<p class=\"wp-block-paragraph\">Laura kiss\u00e9 csal\u00f3dott volt, de nem vitatkozott.<\/p>\n\n\n\n<p class=\"wp-block-paragraph\">\u201eRendben. Felh\u00edvlak, ha v\u00e9gzek.\u201d<\/p>\n\n\n\n<p class=\"wp-block-paragraph\">Victor b\u00f3lintott.<\/p>\n\n\n\n<p class=\"wp-block-paragraph\">\u201eMondjon el mindent. Tudni akarom, hogy van a bab\u00e1nk.\u201d<\/p>\n\n\n\n<p class=\"wp-block-paragraph\">Laura elmosolyodott.<\/p>\n\n\n\n<p class=\"wp-block-paragraph\">Nem volt oka k\u00e9telkedni a szavaiban.<\/p>\n\n\n\n<p class=\"wp-block-paragraph\">Nem sejtette, hogy ez a telefonh\u00edv\u00e1s lesz az egyik oka annak, hogy n\u00e9h\u00e1ny \u00f3ra m\u00falva fenekest\u00fcl felfordul az \u00e9lete.<\/p>\n\n\n\n<hr class=\"wp-block-separator has-alpha-channel-opacity\"\/>\n\n\n\n<p class=\"wp-block-paragraph\">A rendel\u0151ben csend volt.<\/p>\n\n\n\n<p class=\"wp-block-paragraph\">Dr. Marta el\u0151k\u00e9sz\u00edtette a k\u00e9sz\u00fcl\u00e9ket, \u00e9s megk\u00e9rte Laur\u00e1t, hogy fek\u00fcdj\u00f6n le a vizsg\u00e1l\u00f3asztalra.<\/p>\n\n\n\n<p class=\"wp-block-paragraph\">\u2013 L\u00e1ssuk, hogy van a kicsink \u2013 mondta mosolyogva.<\/p>\n\n\n\n<p class=\"wp-block-paragraph\">Laura felh\u00fazta a ruh\u00e1it, \u00e9s az orvos hideg g\u00e9lt kente a has\u00e1ra.<\/p>\n\n\n\n<p class=\"wp-block-paragraph\">Az els\u0151 n\u00e9h\u00e1ny perc teljesen norm\u00e1lisan telt.<\/p>\n\n\n\n<p class=\"wp-block-paragraph\">Ismer\u0151s k\u00f6rvonalak jelentek meg a monitoron. Laura felismerte a baba fej\u00e9t, apr\u00f3 kezeit \u00e9s testr\u00e9szeit. Megpr\u00f3b\u00e1lt minden r\u00e9szletre eml\u00e9kezni.<\/p>\n\n\n\n<p class=\"wp-block-paragraph\">Az orvos azonban hirtelen elhallgatott.<\/p>\n\n\n\n<p class=\"wp-block-paragraph\">A szonda mozg\u00e1sa lelassult.<\/p>\n\n\n\n<p class=\"wp-block-paragraph\">Marta \u00f6sszevonta a szem\u00f6ld\u00f6k\u00e9t, \u00e9s t\u00f6bbsz\u00f6r is a monitorra n\u00e9zett.<\/p>\n\n\n\n<p class=\"wp-block-paragraph\">Laura ezt \u00e9szrevette.<\/p>\n\n\n\n<p class=\"wp-block-paragraph\">\u2013 Minden rendben van?<\/p>\n\n\n\n<p class=\"wp-block-paragraph\">\u2013 V\u00e1rjon egy percet.<\/p>\n\n\n\n<p class=\"wp-block-paragraph\">Az orvos be\u00e1ll\u00edtotta a k\u00e9sz\u00fcl\u00e9k be\u00e1ll\u00edt\u00e1sait.<\/p>\n\n\n\n<p class=\"wp-block-paragraph\">Azt\u00e1n n\u00e9h\u00e1ny centim\u00e9terrel elmozd\u00edtotta a szond\u00e1t.<\/p>\n\n\n\n<p class=\"wp-block-paragraph\">Elhallgatott.<\/p>\n\n\n\n<p class=\"wp-block-paragraph\">M\u00e9g egyszer.<\/p>\n\n\n\n<p class=\"wp-block-paragraph\">Azt\u00e1n megint.<\/p>\n\n\n\n<p class=\"wp-block-paragraph\">Valami megjelent az arc\u00e1n, amit Laura m\u00e9g soha nem l\u00e1tott.<\/p>\n\n\n\n<p class=\"wp-block-paragraph\">F\u00e9lelem.<\/p>\n\n\n\n<p class=\"wp-block-paragraph\">\u2013 \u00d3, Istenem! \u2013 zih\u00e1lta Marta.<\/p>\n\n\n\n<p class=\"wp-block-paragraph\">Laura azonnal megdermedt.<\/p>\n\n\n\n<p class=\"wp-block-paragraph\">\u2013 Mi a baj?<\/p>\n\n\n\n<p class=\"wp-block-paragraph\">Az orvos nem v\u00e1laszolt.<\/p>\n\n\n\n<p class=\"wp-block-paragraph\">N\u00e9h\u00e1ny m\u00e1sodpercig csak a monitort n\u00e9zte.<\/p>\n\n\n\n<p class=\"wp-block-paragraph\">Azt\u00e1n kikapcsolta a g\u00e9p hangj\u00e1t.<\/p>\n\n\n\n<p class=\"wp-block-paragraph\">Laura nem \u00e9rtette, mi\u00e9rt.<\/p>\n\n\n\n<p class=\"wp-block-paragraph\">\u201eDoktor \u00far, mondjon valamit. J\u00f3l van a bab\u00e1m?\u201d<\/p>\n\n\n\n<p class=\"wp-block-paragraph\">Marta lassan levette a keszty\u0171j\u00e9t.<\/p>\n\n\n\n<p class=\"wp-block-paragraph\">\u201eLaura, most meg kell hallgatnia.\u201d<\/p>\n\n\n\n<p class=\"wp-block-paragraph\">\u201eIgen.\u201d<\/p>\n\n\n\n<p class=\"wp-block-paragraph\">\u201eMa nem mehet haza.\u201d<\/p>\n\n\n\n<p class=\"wp-block-paragraph\">Laura r\u00e9m\u00fclten fel\u00fclt.<\/p>\n\n\n\n<p class=\"wp-block-paragraph\">\u201eMit?\u201d<\/p>\n\n\n\n<p class=\"wp-block-paragraph\">\u201eItt kell maradnia.\u201d<\/p>\n\n\n\n<p class=\"wp-block-paragraph\">\u201eMi\u00e9rt? Mit tal\u00e1lt?\u201d<\/p>\n\n\n\n<p class=\"wp-block-paragraph\">Az orvos az ajt\u00f3 fel\u00e9 n\u00e9zett, mintha meg akarna gy\u0151z\u0151dni arr\u00f3l, hogy senki sem hallgat\u00f3zik.<\/p>\n\n\n\n<p class=\"wp-block-paragraph\">Azt\u00e1n mondott valamit, amit\u0151l Laura l\u00e9legzet\u00e9t is el\u00e1llta.<\/p>\n\n\n\n<p class=\"wp-block-paragraph\">\u201e\u00c9s ami a legfontosabb, ne engedje be ide a f\u00e9rj\u00e9t ma.\u201d<\/p>\n\n\n\n<p class=\"wp-block-paragraph\">Laura n\u00e9h\u00e1ny m\u00e1sodpercig csak b\u00e1multa.<\/p>\n\n\n\n<p class=\"wp-block-paragraph\">\u201eVictor?\u201d<\/p>\n\n\n\n<p class=\"wp-block-paragraph\">Marta b\u00f3lintott.<\/p>\n\n\n\n<p class=\"wp-block-paragraph\">\u201eIgen.\u201d<\/p>\n\n\n\n<p class=\"wp-block-paragraph\">\u201eDe mi\u00e9rt?\u201d<\/p>\n\n\n\n<p class=\"wp-block-paragraph\">Az orvos egy pillanatra elhallgatott.<\/p>\n\n\n\n<p class=\"wp-block-paragraph\">\u2013 Mert amit a monitoron l\u00e1tok, annak semmi k\u00f6ze a gyakori terhess\u00e9gi sz\u00f6v\u0151dm\u00e9nyekhez.<\/p>\n\n\n\n<p class=\"wp-block-paragraph\">Laura \u00e9rezte, hogy bizseregni kezd a keze.<\/p>\n\n\n\n<p class=\"wp-block-paragraph\">\u2013 \u00c9s mivel?<\/p>\n\n\n\n<figure class=\"wp-block-image size-large is-resized\"><img loading=\"lazy\" decoding=\"async\" width=\"606\" height=\"1024\" src=\"https:\/\/vengria.info\/wp-content\/uploads\/2026\/09\/qwaszwasZ-606x1024.jpg\" alt=\"\" class=\"wp-image-18206\" style=\"width:747px;height:auto\" srcset=\"https:\/\/vengria.info\/wp-content\/uploads\/2026\/09\/qwaszwasZ-606x1024.jpg 606w, https:\/\/vengria.info\/wp-content\/uploads\/2026\/09\/qwaszwasZ-178x300.jpg 178w, https:\/\/vengria.info\/wp-content\/uploads\/2026\/09\/qwaszwasZ-768x1296.jpg 768w, https:\/\/vengria.info\/wp-content\/uploads\/2026\/09\/qwaszwasZ.jpg 796w\" sizes=\"auto, (max-width: 606px) 100vw, 606px\" \/><\/figure>\n\n\n\n<p class=\"wp-block-paragraph\">Marta maga fel\u00e9 ford\u00edtotta a monitort.<\/p>\n\n\n\n<p class=\"wp-block-paragraph\">\u2013 N\u00e9zd.<\/p>\n\n\n\n<p class=\"wp-block-paragraph\">Laura odan\u00e9zett.<\/p>\n\n\n\n<p class=\"wp-block-paragraph\">El\u0151sz\u00f6r semmit sem \u00e9rtett.<\/p>\n\n\n\n<p class=\"wp-block-paragraph\">Egy bab\u00e1t l\u00e1tott a k\u00e9perny\u0151n.<\/p>\n\n\n\n<p class=\"wp-block-paragraph\">De azt\u00e1n \u00e9szrevett valamit, amit\u0151l visszatartotta a l\u00e9legzet\u00e9t.<\/p>\n\n\n\n<p class=\"wp-block-paragraph\">Az orvos a k\u00e9p egy r\u00e9sz\u00e9re mutatott.<\/p>\n\n\n\n<p class=\"wp-block-paragraph\">\u2013 Ez a magzata.<\/p>\n\n\n\n<p class=\"wp-block-paragraph\">Laura b\u00f3lintott.<\/p>\n\n\n\n<p class=\"wp-block-paragraph\">\u2013 \u00c9s ez \u2013 folytatta Marta \u2013 valami, ami az elm\u00falt hetekben jelent meg ott.<\/p>\n\n\n\n<p class=\"wp-block-paragraph\">Laura \u00f6sszevonta a szem\u00f6ld\u00f6k\u00e9t.<\/p>\n\n\n\n<p class=\"wp-block-paragraph\">\u2013 Mi ez?<\/p>\n\n\n\n<p class=\"wp-block-paragraph\">Az orvos r\u00e1k\u00f6zel\u00edtett a k\u00e9pre.<\/p>\n\n\n\n<p class=\"wp-block-paragraph\">\u00c9s abban a pillanatban Laura meg\u00e9rtette, mi\u00e9rt s\u00e1padt el az orvos.<\/p>\n\n\n\n<p class=\"wp-block-paragraph\">A baba mellett nemcsak a m\u00e9hlep\u00e9ny \u00e9s a k\u00f6ld\u00f6kzsin\u00f3r volt.<\/p>\n\n\n\n<p class=\"wp-block-paragraph\">Egy m\u00e1sik k\u00e9pz\u0151dm\u00e9ny jelent meg a monitoron.<\/p>\n\n\n\n<p class=\"wp-block-paragraph\">Szab\u00e1lytalan volt, de meglep\u0151en j\u00f3l kirajzol\u00f3dott. \u00c9s ami a legf\u00e9lelmetesebb volt, egy olyan helyen volt, ahol a kor\u00e1bbi ultrahangvizsg\u00e1latokon semmi hasonl\u00f3t nem tal\u00e1ltak.<\/p>\n\n\n\n<p class=\"wp-block-paragraph\">\u201eEz egy h\u00f3nappal ezel\u0151tt m\u00e9g nem volt ott\u201d \u2013 mondta Marta.<\/p>\n\n\n\n<p class=\"wp-block-paragraph\">\u201eMit jelent ez?\u201d<\/p>\n\n\n\n<p class=\"wp-block-paragraph\">\u201eNem tudom.\u201d<\/p>\n\n\n\n<p class=\"wp-block-paragraph\">Ez a sz\u00f3 minden m\u00e1sn\u00e1l jobban megijesztette Laur\u00e1t.<\/p>\n\n\n\n<p class=\"wp-block-paragraph\">\u201eNem tudja?\u201d<\/p>\n\n\n\n<p class=\"wp-block-paragraph\">\u201e\u00dajabb vizsg\u00e1latra van sz\u00fcks\u00e9gem. Azonnal.\u201d<\/p>\n\n\n\n<p class=\"wp-block-paragraph\">Laura remegni kezdett.<\/p>\n\n\n\n<p class=\"wp-block-paragraph\">\u201e\u00c1rthathatja a bab\u00e1mat?\u201d<\/p>\n\n\n\n<p class=\"wp-block-paragraph\">Az orvos m\u00e9ly l\u00e9legzetet vett.<\/p>\n\n\n\n<p class=\"wp-block-paragraph\">\u201eLehet. De nem ez az egyetlen dolog, ami aggaszt.\u201d<\/p>\n\n\n\n<p class=\"wp-block-paragraph\">\u201eMi m\u00e1s?\u201d<\/p>\n\n\n\n<p class=\"wp-block-paragraph\">Marta egyenesen r\u00e1n\u00e9zett.<\/p>\n\n\n\n<p class=\"wp-block-paragraph\">\u201e\u00dagy t\u0171nik, a t\u00f6meg eleve nem is a testedben volt.\u201d<\/p>\n\n\n\n<p class=\"wp-block-paragraph\">Laura nem \u00e9rtette.<\/p>\n\n\n\n<p class=\"wp-block-paragraph\">\u201eHogy \u00e9rted ezt?\u201d<\/p>\n\n\n\n<p class=\"wp-block-paragraph\">Az orvos nem sz\u00f3lt semmit.<\/p>\n\n\n\n<p class=\"wp-block-paragraph\">Ehelyett kinyitotta a kor\u00e1bbi eredm\u00e9nyekkel ell\u00e1tott mapp\u00e1t.<\/p>\n\n\n\n<p class=\"wp-block-paragraph\">Elkezdte \u00f6sszehasonl\u00edtani a r\u00e9gi k\u00e9peket a jelenlegi ultrahanggal.<\/p>\n\n\n\n<p class=\"wp-block-paragraph\">Az els\u0151 k\u00e9pen semmi sem volt.<\/p>\n\n\n\n<p class=\"wp-block-paragraph\">A m\u00e1sodikban sem volt semmi.<\/p>\n\n\n\n<p class=\"wp-block-paragraph\">A harmadikban egy halv\u00e1ny \u00e1rny\u00e9k jelent meg.<\/p>\n\n\n\n<p class=\"wp-block-paragraph\">Az utols\u00f3ban pedig m\u00e1r tiszt\u00e1n l\u00e1that\u00f3 volt a t\u00f6meg.<\/p>\n\n\n\n<p class=\"wp-block-paragraph\">Laura nagyot nyelt.<\/p>\n\n\n\n<p class=\"wp-block-paragraph\">\u201eMilyen gyorsan n\u00f6vekszik?\u201d<\/p>\n\n\n\n<p class=\"wp-block-paragraph\">\u201eNagyon gyorsan.\u201d<\/p>\n\n\n\n<p class=\"wp-block-paragraph\">\u201e\u00c9s mi az?\u201d<\/p>\n\n\n\n<p class=\"wp-block-paragraph\">\u201eEzt kell kider\u00edten\u00fcnk.\u201d<\/p>\n\n\n\n<p class=\"wp-block-paragraph\"><\/p>\n","protected":false},"excerpt":{"rendered":"Laura furcs\u00e1n nyugodtnak \u00e9rezte mag\u00e1t aznap reggel. Nyolc h\u00f3napos terhes volt, \u00e9s m\u00e1r csak n\u00e9h\u00e1ny h\u00e9t v\u00e1lasztotta el a sz\u00fcl\u00e9st\u0151l. A hossz\u00fa v\u00e1rakoz\u00e1s \n<a class=\"moretag\" href=\"https:\/\/vengria.info\/?p=18204\"> [...]<\/a>","protected":false},"author":1,"featured_media":18206,"comment_status":"open","ping_status":"open","sticky":false,"template":"","format":"standard","meta":{"footnotes":""},"categories":[1,2],"tags":[],"class_list":["post-18204","post","type-post","status-publish","format-standard","has-post-thumbnail","hentry","category-news","category-video"],"yoast_head":"<!-- This site is optimized with the Yoast SEO plugin v28.3 - https:\/\/yoast.com\/product\/yoast-seo-wordpress\/ -->\n<title>Az orvos els\u00e1padt az ultrahang alatt, \u00e9s azt mondta a v\u00e1rand\u00f3s n\u0151nek, hogy hagyja otthon a f\u00e9rj\u00e9t. Senki sem tudta megmagyar\u00e1zni, mi l\u00e1that\u00f3 a monitoron. -<\/title>\n<meta name=\"robots\" content=\"index, follow, max-snippet:-1, max-image-preview:large, max-video-preview:-1\" \/>\n<link rel=\"canonical\" href=\"https:\/\/vengria.info\/?p=18204\" \/>\n<meta property=\"og:locale\" content=\"en_US\" \/>\n<meta property=\"og:type\" content=\"article\" \/>\n<meta property=\"og:title\" content=\"Az orvos els\u00e1padt az ultrahang alatt, \u00e9s azt mondta a v\u00e1rand\u00f3s n\u0151nek, hogy hagyja otthon a f\u00e9rj\u00e9t. Senki sem tudta megmagyar\u00e1zni, mi l\u00e1that\u00f3 a monitoron. -\" \/>\n<meta property=\"og:description\" content=\"Laura furcs\u00e1n nyugodtnak \u00e9rezte mag\u00e1t aznap reggel. Nyolc h\u00f3napos terhes volt, \u00e9s m\u00e1r csak n\u00e9h\u00e1ny h\u00e9t v\u00e1lasztotta el a sz\u00fcl\u00e9st\u0151l. A hossz\u00fa v\u00e1rakoz\u00e1s\" \/>\n<meta property=\"og:url\" content=\"https:\/\/vengria.info\/?p=18204\" \/>\n<meta property=\"article:published_time\" content=\"2026-09-02T11:16:33+00:00\" \/>\n<meta property=\"article:modified_time\" content=\"2026-09-02T11:16:34+00:00\" \/>\n<meta property=\"og:image\" content=\"https:\/\/vengria.info\/wp-content\/uploads\/2026\/09\/qwaszwasZ.jpg\" \/>\n\t<meta property=\"og:image:width\" content=\"796\" \/>\n\t<meta property=\"og:image:height\" content=\"1344\" \/>\n\t<meta property=\"og:image:type\" content=\"image\/jpeg\" \/>\n<meta name=\"author\" content=\"admin\" \/>\n<meta name=\"twitter:card\" content=\"summary_large_image\" \/>\n<meta name=\"twitter:label1\" content=\"Written by\" \/>\n\t<meta name=\"twitter:data1\" content=\"admin\" \/>\n\t<meta name=\"twitter:label2\" content=\"Est. reading time\" \/>\n\t<meta name=\"twitter:data2\" content=\"4 minutes\" \/>\n<script type=\"application\/ld+json\" class=\"yoast-schema-graph\">{\"@context\":\"https:\\\/\\\/schema.org\",\"@graph\":[{\"@type\":\"Article\",\"@id\":\"https:\\\/\\\/vengria.info\\\/?p=18204#article\",\"isPartOf\":{\"@id\":\"https:\\\/\\\/vengria.info\\\/?p=18204\"},\"author\":{\"name\":\"admin\",\"@id\":\"https:\\\/\\\/vengria.info\\\/#\\\/schema\\\/person\\\/b815b04a6b1fb36a2d064955a92f68d4\"},\"headline\":\"Az orvos els\u00e1padt az ultrahang alatt, \u00e9s azt mondta a v\u00e1rand\u00f3s n\u0151nek, hogy hagyja otthon a f\u00e9rj\u00e9t. Senki sem tudta megmagyar\u00e1zni, mi l\u00e1that\u00f3 a monitoron.\",\"datePublished\":\"2026-09-02T11:16:33+00:00\",\"dateModified\":\"2026-09-02T11:16:34+00:00\",\"mainEntityOfPage\":{\"@id\":\"https:\\\/\\\/vengria.info\\\/?p=18204\"},\"wordCount\":1060,\"commentCount\":0,\"image\":{\"@id\":\"https:\\\/\\\/vengria.info\\\/?p=18204#primaryimage\"},\"thumbnailUrl\":\"https:\\\/\\\/vengria.info\\\/wp-content\\\/uploads\\\/2026\\\/09\\\/qwaszwasZ.jpg\",\"articleSection\":[\"NEWS\",\"VIDEO\"],\"inLanguage\":\"en-US\",\"potentialAction\":[{\"@type\":\"CommentAction\",\"name\":\"Comment\",\"target\":[\"https:\\\/\\\/vengria.info\\\/?p=18204#respond\"]}]},{\"@type\":\"WebPage\",\"@id\":\"https:\\\/\\\/vengria.info\\\/?p=18204\",\"url\":\"https:\\\/\\\/vengria.info\\\/?p=18204\",\"name\":\"Az orvos els\u00e1padt az ultrahang alatt, \u00e9s azt mondta a v\u00e1rand\u00f3s n\u0151nek, hogy hagyja otthon a f\u00e9rj\u00e9t. Senki sem tudta megmagyar\u00e1zni, mi l\u00e1that\u00f3 a monitoron. -\",\"isPartOf\":{\"@id\":\"https:\\\/\\\/vengria.info\\\/#website\"},\"primaryImageOfPage\":{\"@id\":\"https:\\\/\\\/vengria.info\\\/?p=18204#primaryimage\"},\"image\":{\"@id\":\"https:\\\/\\\/vengria.info\\\/?p=18204#primaryimage\"},\"thumbnailUrl\":\"https:\\\/\\\/vengria.info\\\/wp-content\\\/uploads\\\/2026\\\/09\\\/qwaszwasZ.jpg\",\"datePublished\":\"2026-09-02T11:16:33+00:00\",\"dateModified\":\"2026-09-02T11:16:34+00:00\",\"author\":{\"@id\":\"https:\\\/\\\/vengria.info\\\/#\\\/schema\\\/person\\\/b815b04a6b1fb36a2d064955a92f68d4\"},\"breadcrumb\":{\"@id\":\"https:\\\/\\\/vengria.info\\\/?p=18204#breadcrumb\"},\"inLanguage\":\"en-US\",\"potentialAction\":[{\"@type\":\"ReadAction\",\"target\":[\"https:\\\/\\\/vengria.info\\\/?p=18204\"]}]},{\"@type\":\"ImageObject\",\"inLanguage\":\"en-US\",\"@id\":\"https:\\\/\\\/vengria.info\\\/?p=18204#primaryimage\",\"url\":\"https:\\\/\\\/vengria.info\\\/wp-content\\\/uploads\\\/2026\\\/09\\\/qwaszwasZ.jpg\",\"contentUrl\":\"https:\\\/\\\/vengria.info\\\/wp-content\\\/uploads\\\/2026\\\/09\\\/qwaszwasZ.jpg\",\"width\":796,\"height\":1344},{\"@type\":\"BreadcrumbList\",\"@id\":\"https:\\\/\\\/vengria.info\\\/?p=18204#breadcrumb\",\"itemListElement\":[{\"@type\":\"ListItem\",\"position\":1,\"name\":\"Home\",\"item\":\"https:\\\/\\\/vengria.info\\\/\"},{\"@type\":\"ListItem\",\"position\":2,\"name\":\"Az orvos els\u00e1padt az ultrahang alatt, \u00e9s azt mondta a v\u00e1rand\u00f3s n\u0151nek, hogy hagyja otthon a f\u00e9rj\u00e9t. Senki sem tudta megmagyar\u00e1zni, mi l\u00e1that\u00f3 a monitoron.\"}]},{\"@type\":\"WebSite\",\"@id\":\"https:\\\/\\\/vengria.info\\\/#website\",\"url\":\"https:\\\/\\\/vengria.info\\\/\",\"name\":\"\",\"description\":\"\",\"potentialAction\":[{\"@type\":\"SearchAction\",\"target\":{\"@type\":\"EntryPoint\",\"urlTemplate\":\"https:\\\/\\\/vengria.info\\\/?s={search_term_string}\"},\"query-input\":{\"@type\":\"PropertyValueSpecification\",\"valueRequired\":true,\"valueName\":\"search_term_string\"}}],\"inLanguage\":\"en-US\"},{\"@type\":\"Person\",\"@id\":\"https:\\\/\\\/vengria.info\\\/#\\\/schema\\\/person\\\/b815b04a6b1fb36a2d064955a92f68d4\",\"name\":\"admin\",\"image\":{\"@type\":\"ImageObject\",\"inLanguage\":\"en-US\",\"@id\":\"https:\\\/\\\/secure.gravatar.com\\\/avatar\\\/a29bad30ab19883c48927f9ee55a40d0d1a0c3c343bcef70ad9a0a9cb421f0fa?s=96&d=mm&r=g\",\"url\":\"https:\\\/\\\/secure.gravatar.com\\\/avatar\\\/a29bad30ab19883c48927f9ee55a40d0d1a0c3c343bcef70ad9a0a9cb421f0fa?s=96&d=mm&r=g\",\"contentUrl\":\"https:\\\/\\\/secure.gravatar.com\\\/avatar\\\/a29bad30ab19883c48927f9ee55a40d0d1a0c3c343bcef70ad9a0a9cb421f0fa?s=96&d=mm&r=g\",\"caption\":\"admin\"},\"sameAs\":[\"http:\\\/\\\/vengria.info\"],\"url\":\"https:\\\/\\\/vengria.info\\\/?author=1\"}]}<\/script>\n<!-- \/ Yoast SEO plugin. -->","yoast_head_json":{"title":"Az orvos els\u00e1padt az ultrahang alatt, \u00e9s azt mondta a v\u00e1rand\u00f3s n\u0151nek, hogy hagyja otthon a f\u00e9rj\u00e9t. Senki sem tudta megmagyar\u00e1zni, mi l\u00e1that\u00f3 a monitoron. -","robots":{"index":"index","follow":"follow","max-snippet":"max-snippet:-1","max-image-preview":"max-image-preview:large","max-video-preview":"max-video-preview:-1"},"canonical":"https:\/\/vengria.info\/?p=18204","og_locale":"en_US","og_type":"article","og_title":"Az orvos els\u00e1padt az ultrahang alatt, \u00e9s azt mondta a v\u00e1rand\u00f3s n\u0151nek, hogy hagyja otthon a f\u00e9rj\u00e9t. Senki sem tudta megmagyar\u00e1zni, mi l\u00e1that\u00f3 a monitoron. -","og_description":"Laura furcs\u00e1n nyugodtnak \u00e9rezte mag\u00e1t aznap reggel. Nyolc h\u00f3napos terhes volt, \u00e9s m\u00e1r csak n\u00e9h\u00e1ny h\u00e9t v\u00e1lasztotta el a sz\u00fcl\u00e9st\u0151l. A hossz\u00fa v\u00e1rakoz\u00e1s","og_url":"https:\/\/vengria.info\/?p=18204","article_published_time":"2026-09-02T11:16:33+00:00","article_modified_time":"2026-09-02T11:16:34+00:00","og_image":[{"width":796,"height":1344,"url":"https:\/\/vengria.info\/wp-content\/uploads\/2026\/09\/qwaszwasZ.jpg","type":"image\/jpeg"}],"author":"admin","twitter_card":"summary_large_image","twitter_misc":{"Written by":"admin","Est. reading time":"4 minutes"},"schema":{"@context":"https:\/\/schema.org","@graph":[{"@type":"Article","@id":"https:\/\/vengria.info\/?p=18204#article","isPartOf":{"@id":"https:\/\/vengria.info\/?p=18204"},"author":{"name":"admin","@id":"https:\/\/vengria.info\/#\/schema\/person\/b815b04a6b1fb36a2d064955a92f68d4"},"headline":"Az orvos els\u00e1padt az ultrahang alatt, \u00e9s azt mondta a v\u00e1rand\u00f3s n\u0151nek, hogy hagyja otthon a f\u00e9rj\u00e9t. Senki sem tudta megmagyar\u00e1zni, mi l\u00e1that\u00f3 a monitoron.","datePublished":"2026-09-02T11:16:33+00:00","dateModified":"2026-09-02T11:16:34+00:00","mainEntityOfPage":{"@id":"https:\/\/vengria.info\/?p=18204"},"wordCount":1060,"commentCount":0,"image":{"@id":"https:\/\/vengria.info\/?p=18204#primaryimage"},"thumbnailUrl":"https:\/\/vengria.info\/wp-content\/uploads\/2026\/09\/qwaszwasZ.jpg","articleSection":["NEWS","VIDEO"],"inLanguage":"en-US","potentialAction":[{"@type":"CommentAction","name":"Comment","target":["https:\/\/vengria.info\/?p=18204#respond"]}]},{"@type":"WebPage","@id":"https:\/\/vengria.info\/?p=18204","url":"https:\/\/vengria.info\/?p=18204","name":"Az orvos els\u00e1padt az ultrahang alatt, \u00e9s azt mondta a v\u00e1rand\u00f3s n\u0151nek, hogy hagyja otthon a f\u00e9rj\u00e9t. Senki sem tudta megmagyar\u00e1zni, mi l\u00e1that\u00f3 a monitoron. -","isPartOf":{"@id":"https:\/\/vengria.info\/#website"},"primaryImageOfPage":{"@id":"https:\/\/vengria.info\/?p=18204#primaryimage"},"image":{"@id":"https:\/\/vengria.info\/?p=18204#primaryimage"},"thumbnailUrl":"https:\/\/vengria.info\/wp-content\/uploads\/2026\/09\/qwaszwasZ.jpg","datePublished":"2026-09-02T11:16:33+00:00","dateModified":"2026-09-02T11:16:34+00:00","author":{"@id":"https:\/\/vengria.info\/#\/schema\/person\/b815b04a6b1fb36a2d064955a92f68d4"},"breadcrumb":{"@id":"https:\/\/vengria.info\/?p=18204#breadcrumb"},"inLanguage":"en-US","potentialAction":[{"@type":"ReadAction","target":["https:\/\/vengria.info\/?p=18204"]}]},{"@type":"ImageObject","inLanguage":"en-US","@id":"https:\/\/vengria.info\/?p=18204#primaryimage","url":"https:\/\/vengria.info\/wp-content\/uploads\/2026\/09\/qwaszwasZ.jpg","contentUrl":"https:\/\/vengria.info\/wp-content\/uploads\/2026\/09\/qwaszwasZ.jpg","width":796,"height":1344},{"@type":"BreadcrumbList","@id":"https:\/\/vengria.info\/?p=18204#breadcrumb","itemListElement":[{"@type":"ListItem","position":1,"name":"Home","item":"https:\/\/vengria.info\/"},{"@type":"ListItem","position":2,"name":"Az orvos els\u00e1padt az ultrahang alatt, \u00e9s azt mondta a v\u00e1rand\u00f3s n\u0151nek, hogy hagyja otthon a f\u00e9rj\u00e9t. Senki sem tudta megmagyar\u00e1zni, mi l\u00e1that\u00f3 a monitoron."}]},{"@type":"WebSite","@id":"https:\/\/vengria.info\/#website","url":"https:\/\/vengria.info\/","name":"","description":"","potentialAction":[{"@type":"SearchAction","target":{"@type":"EntryPoint","urlTemplate":"https:\/\/vengria.info\/?s={search_term_string}"},"query-input":{"@type":"PropertyValueSpecification","valueRequired":true,"valueName":"search_term_string"}}],"inLanguage":"en-US"},{"@type":"Person","@id":"https:\/\/vengria.info\/#\/schema\/person\/b815b04a6b1fb36a2d064955a92f68d4","name":"admin","image":{"@type":"ImageObject","inLanguage":"en-US","@id":"https:\/\/secure.gravatar.com\/avatar\/a29bad30ab19883c48927f9ee55a40d0d1a0c3c343bcef70ad9a0a9cb421f0fa?s=96&d=mm&r=g","url":"https:\/\/secure.gravatar.com\/avatar\/a29bad30ab19883c48927f9ee55a40d0d1a0c3c343bcef70ad9a0a9cb421f0fa?s=96&d=mm&r=g","contentUrl":"https:\/\/secure.gravatar.com\/avatar\/a29bad30ab19883c48927f9ee55a40d0d1a0c3c343bcef70ad9a0a9cb421f0fa?s=96&d=mm&r=g","caption":"admin"},"sameAs":["http:\/\/vengria.info"],"url":"https:\/\/vengria.info\/?author=1"}]}},"_links":{"self":[{"href":"https:\/\/vengria.info\/index.php?rest_route=\/wp\/v2\/posts\/18204","targetHints":{"allow":["GET"]}}],"collection":[{"href":"https:\/\/vengria.info\/index.php?rest_route=\/wp\/v2\/posts"}],"about":[{"href":"https:\/\/vengria.info\/index.php?rest_route=\/wp\/v2\/types\/post"}],"author":[{"embeddable":true,"href":"https:\/\/vengria.info\/index.php?rest_route=\/wp\/v2\/users\/1"}],"replies":[{"embeddable":true,"href":"https:\/\/vengria.info\/index.php?rest_route=%2Fwp%2Fv2%2Fcomments&post=18204"}],"version-history":[{"count":1,"href":"https:\/\/vengria.info\/index.php?rest_route=\/wp\/v2\/posts\/18204\/revisions"}],"predecessor-version":[{"id":18208,"href":"https:\/\/vengria.info\/index.php?rest_route=\/wp\/v2\/posts\/18204\/revisions\/18208"}],"wp:featuredmedia":[{"embeddable":true,"href":"https:\/\/vengria.info\/index.php?rest_route=\/wp\/v2\/media\/18206"}],"wp:attachment":[{"href":"https:\/\/vengria.info\/index.php?rest_route=%2Fwp%2Fv2%2Fmedia&parent=18204"}],"wp:term":[{"taxonomy":"category","embeddable":true,"href":"https:\/\/vengria.info\/index.php?rest_route=%2Fwp%2Fv2%2Fcategories&post=18204"},{"taxonomy":"post_tag","embeddable":true,"href":"https:\/\/vengria.info\/index.php?rest_route=%2Fwp%2Fv2%2Ftags&post=18204"}],"curies":[{"name":"wp","href":"https:\/\/api.w.org\/{rel}","templated":true}]}}