{"id":18197,"date":"2026-09-02T11:08:38","date_gmt":"2026-09-02T11:08:38","guid":{"rendered":"https:\/\/vengria.info\/?p=18197"},"modified":"2026-09-02T11:08:40","modified_gmt":"2026-09-02T11:08:40","slug":"a-sogorom-tizenegy-eve-kert-kolcson-tolunk-amikor-a-ferjem-vegre-megkerte-hogy-fizesse-vissza-az-adossagat-michael-egy-fekete-mappat-tett-elenk-amelyen-egyetlen-felirat-allt","status":"publish","type":"post","link":"https:\/\/vengria.info\/?p=18197","title":{"rendered":"A s\u00f3gorom tizenegy \u00e9ve k\u00e9rt k\u00f6lcs\u00f6n t\u0151l\u00fcnk. Amikor a f\u00e9rjem v\u00e9gre megk\u00e9rte, hogy fizesse vissza az ad\u00f3ss\u00e1g\u00e1t, Michael egy fekete mapp\u00e1t tett el\u00e9nk, amelyen egyetlen felirat \u00e1llt:"},"content":{"rendered":"\n<p class=\"wp-block-paragraph\">\u201eADOTTS\u00c1G KIFIZETVE.\u201d<\/p>\n\n\n\n<p class=\"wp-block-paragraph\">David r\u00e1n\u00e9zett, majd a testv\u00e9r\u00e9re, \u00e9s v\u00e9g\u00fcl r\u00f6viden felnevetett.<\/p>\n\n\n\n<p class=\"wp-block-paragraph\">\u201eEz viccnek sz\u00e1nt\u00e1k?\u201d<\/p>\n\n\n\n<p class=\"wp-block-paragraph\">De Michaelnek egy szempill\u00e1ja sem rebbent.<\/p>\n\n\n\n<p class=\"wp-block-paragraph\">\u201eNem. \u00c9vekkel ezel\u0151tt visszafizettem neked mindent, amivel tartoztam.\u201d<\/p>\n\n\n\n<p class=\"wp-block-paragraph\">David \u00f6sszevonta a szem\u00f6ld\u00f6k\u00e9t.<\/p>\n\n\n\n<p class=\"wp-block-paragraph\">\u201eSoha nem fizetted vissza nek\u00fcnk.\u201d<\/p>\n\n\n\n<p class=\"wp-block-paragraph\">\u201eTudom.\u201d<\/p>\n\n\n\n<p class=\"wp-block-paragraph\">\u201eAkkor mir\u0151l besz\u00e9lsz?\u201d<\/p>\n\n\n\n<p class=\"wp-block-paragraph\">Michael les\u00fct\u00f6tte a szem\u00e9t.<\/p>\n\n\n\n<p class=\"wp-block-paragraph\">\u201eValami, amir\u0151l soha nem lett volna szabad megtudnod.\u201d<\/p>\n\n\n\n<p class=\"wp-block-paragraph\">Tizenegy \u00e9ve.<\/p>\n\n\n\n<p class=\"wp-block-paragraph\">Ennyi ideje azzal a tudattal \u00e9lt\u00fcnk, hogy Michael tartozik nek\u00fcnk p\u00e9nzzel.<\/p>\n\n\n\n<p class=\"wp-block-paragraph\">El\u0151sz\u00f6r egy v\u00e1llalkoz\u00e1shoz k\u00e9rt k\u00f6lcs\u00f6n. Azt mondta, csak r\u00f6vid t\u00e1v\u00fa seg\u00edts\u00e9gre van sz\u00fcks\u00e9ge, \u00e9s n\u00e9h\u00e1ny h\u00f3napon bel\u00fcl mindent visszafizet.<\/p>\n\n\n\n<p class=\"wp-block-paragraph\">David megb\u00edzott benne.<\/p>\n\n\n\n<p class=\"wp-block-paragraph\">Testv\u00e9rek voltak.<\/p>\n\n\n\n<p class=\"wp-block-paragraph\">Azt\u00e1n j\u00f6tt egy \u00fajabb k\u00e9r\u00e9s.<\/p>\n\n\n\n<p class=\"wp-block-paragraph\">\u00c9s egy \u00fajabb.<\/p>\n\n\n\n<p class=\"wp-block-paragraph\">N\u00e9ha egy kis \u00f6sszegr\u0151l volt sz\u00f3, n\u00e9ha olyan p\u00e9nzr\u0151l, amire m\u00e1s dolgokra volt sz\u00fcks\u00e9g\u00fcnk. Michael mindig ugyanazzal az arckifejez\u00e9ssel, ugyanazzal a bocs\u00e1natk\u00e9r\u00e9ssel \u00e9s ugyanazzal az \u00edg\u00e9rettel \u00e9rkezett.<\/p>\n\n\n\n<p class=\"wp-block-paragraph\">\u201eAdj nekem m\u00e9g egy kis id\u0151t.\u201d<\/p>\n\n\n\n<p class=\"wp-block-paragraph\">David minden alkalommal igyekezett t\u00fcrelmes lenni.<\/p>\n\n\n\n<p class=\"wp-block-paragraph\">Nem akartam, hogy a p\u00e9nz legyen az oka annak, hogy a k\u00e9t testv\u00e9r abbahagyta a tal\u00e1lkoz\u00e1st.<\/p>\n\n\n\n<p class=\"wp-block-paragraph\">\u00c9s nagyon szerett\u00fck Michael feles\u00e9g\u00e9t, Sarah-t.<\/p>\n\n\n\n<p class=\"wp-block-paragraph\">Teljesen m\u00e1s volt, mint \u0151.<\/p>\n\n\n\n<p class=\"wp-block-paragraph\">Kedves, szer\u00e9ny \u00e9s mindig k\u00e9sz volt seg\u00edteni.<\/p>\n\n\n\n<p class=\"wp-block-paragraph\">Soha nem besz\u00e9lt\u00fcnk az ad\u00f3ss\u00e1gainkr\u00f3l el\u0151tte.<\/p>\n\n\n\n<p class=\"wp-block-paragraph\">Tal\u00e1n hib\u00e1ztunk.<\/p>\n\n\n\n<p class=\"wp-block-paragraph\">\u00c9vek m\u00falva m\u00e1r nem sz\u00e1m\u00edtottunk arra, hogy megl\u00e1tjuk a p\u00e9nz\u00fcnket.<\/p>\n\n\n\n<p class=\"wp-block-paragraph\">David n\u00e9ha csak a fej\u00e9t r\u00e1zta, \u00e9s azt mondta:<\/p>\n\n\n\n<p class=\"wp-block-paragraph\">\u201eFogadd \u00fagy, mint egy \u00e1rat az\u00e9rt, hogy megtanultuk, kiben b\u00edzhatunk.\u201d<\/p>\n\n\n\n<p class=\"wp-block-paragraph\">De azt\u00e1n j\u00f6tt egy p\u00e9ntek este, ami mindent megv\u00e1ltoztatott.<\/p>\n\n\n\n<p class=\"wp-block-paragraph\">Michael felh\u00edvott minket.<\/p>\n\n\n\n<p class=\"wp-block-paragraph\">\u201eEl kell rendeznem veletek valamit.\u201d<\/p>\n\n\n\n<p class=\"wp-block-paragraph\">A hangja furcs\u00e1n csengett.<\/p>\n\n\n\n<p class=\"wp-block-paragraph\">Miut\u00e1n letette a telefont, David elmosolyodott.<\/p>\n\n\n\n<p class=\"wp-block-paragraph\">\u201eTal\u00e1n v\u00e9gre \u00e9szhez t\u00e9rt.\u201d<\/p>\n\n\n\n<p class=\"wp-block-paragraph\">\u201eGondolod, hogy vissza akarja fizetni nek\u00fcnk?\u201d<\/p>\n\n\n\n<p class=\"wp-block-paragraph\">\u201eNem tudom. De tizenegy \u00e9v ut\u00e1n nem lenn\u00e9k meglepve.\u201d<\/p>\n\n\n\n<p class=\"wp-block-paragraph\">N\u00e9h\u00e1ny \u00f3r\u00e1val k\u00e9s\u0151bb Michael asztal\u00e1n\u00e1l \u00fclt\u00fcnk.<\/p>\n\n\n\n<p class=\"wp-block-paragraph\">A vacsora szokatlanul csendes volt.<\/p>\n\n\n\n<p class=\"wp-block-paragraph\">Michael alig evett.<\/p>\n\n\n\n<p class=\"wp-block-paragraph\">Desszert ut\u00e1n David h\u00e1trad\u0151lt a sz\u00e9k\u00e9ben.<\/p>\n\n\n\n<p class=\"wp-block-paragraph\">\u201eSz\u00f3val mit akart\u00e1l vel\u00fcnk rendezni?\u201d<\/p>\n\n\n\n<p class=\"wp-block-paragraph\">Michael hosszan n\u00e9zte.<\/p>\n\n\n\n<p class=\"wp-block-paragraph\">\u201eDavid, a veled szembeni ad\u00f3ss\u00e1gomat m\u00e1r r\u00e9gen kifizettem.\u201d<\/p>\n\n\n\n<p class=\"wp-block-paragraph\">David nevetett.<\/p>\n\n\n\n<p class=\"wp-block-paragraph\">\u201eMichael, ne t\u00falozz. Soha egy centet sem fizett\u00e9l vissza nek\u00fcnk.\u201d<\/p>\n\n\n\n<p class=\"wp-block-paragraph\">\u201eEz\u00e9rt tudom, hogy nem fogsz hinni nekem.\u201d<\/p>\n\n\n\n<p class=\"wp-block-paragraph\">\u201eAkkor magyar\u00e1zd el.\u201d<\/p>\n\n\n\n<p class=\"wp-block-paragraph\">Michael vett egy m\u00e9ly l\u00e9legzetet.<\/p>\n\n\n\n<p class=\"wp-block-paragraph\">\u201eDe el\u0151bb sz\u00fcks\u00e9gem van egy utols\u00f3 sz\u00edvess\u00e9gre t\u0151led.\u201d<\/p>\n\n\n\n<p class=\"wp-block-paragraph\">David abbahagyta a viccel\u0151d\u00e9st.<\/p>\n\n\n\n<p class=\"wp-block-paragraph\">\u201eMicsoda?\u201d<\/p>\n\n\n\n<p class=\"wp-block-paragraph\">Michael az asztalra n\u00e9zett.<\/p>\n\n\n\n<p class=\"wp-block-paragraph\">\u201eSarah tegnap halt meg.\u201d<\/p>\n\n\n\n<p class=\"wp-block-paragraph\">A szavak csap\u00e1sk\u00e9nt \u00e9rtek minket.<\/p>\n\n\n\n<p class=\"wp-block-paragraph\">N\u00e9h\u00e1ny m\u00e1sodpercig senki sem sz\u00f3lt semmit.<\/p>\n\n\n\n<p class=\"wp-block-paragraph\">Sarah eg\u00e9szen a k\u00f6zelm\u00faltig eg\u00e9szs\u00e9ges volt. Senki sem sz\u00e1m\u00edtott arra, hogy az \u00e9lete ilyen hirtelen v\u00e9get \u00e9r.<\/p>\n\n\n\n<p class=\"wp-block-paragraph\">David el\u0151rehajolt.<\/p>\n\n\n\n<p class=\"wp-block-paragraph\">\u201eMi t\u00f6rt\u00e9nt?\u201d<\/p>\n\n\n\n<p class=\"wp-block-paragraph\">Michael megr\u00e1zta a fej\u00e9t.<\/p>\n\n\n\n<p class=\"wp-block-paragraph\">\u201eMost nem fogok r\u00f3la besz\u00e9lni. El kell temetnem.\u201d<\/p>\n\n\n\n<p class=\"wp-block-paragraph\">Azt\u00e1n elmondta az \u00f6sszeget.<\/p>\n\n\n\n<p class=\"wp-block-paragraph\">David els\u00e1padt.<\/p>\n\n\n\n<p class=\"wp-block-paragraph\">Sokkal t\u00f6bb volt, mint amire sz\u00e1m\u00edtottunk.<\/p>\n\n\n\n<p class=\"wp-block-paragraph\">Megvolt a p\u00e9nz, de nem volt k\u00f6nny\u0171 csak \u00fagy odaadni valakinek.<\/p>\n\n\n\n<p class=\"wp-block-paragraph\">De el\u0151tt\u00fcnk egy f\u00e9rfi \u00fclt, aki \u00e9ppen elvesztette a feles\u00e9g\u00e9t.<\/p>\n\n\n\n<p class=\"wp-block-paragraph\">\u00cdgy h\u00e1t megtett\u00fck, amit m\u00e1r oly sokszor tett\u00fcnk kor\u00e1bban.<\/p>\n\n\n\n<p class=\"wp-block-paragraph\">Seg\u00edtett\u00fcnk neki.<\/p>\n\n\n\n<p class=\"wp-block-paragraph\">\u00dajra k\u00f6lcs\u00f6nadtunk neki p\u00e9nzt.<\/p>\n\n\n\n<p class=\"wp-block-paragraph\">De most, \u00edg\u00e9rt\u00fck magunknak, ez lesz az utols\u00f3 alkalom.<\/p>\n\n\n\n<p class=\"wp-block-paragraph\">Egy h\u00e9ttel k\u00e9s\u0151bb Michael felh\u00edvott.<\/p>\n\n\n\n<p class=\"wp-block-paragraph\">\u201eSarah n\u00e9h\u00e1ny holmija David\u00e9.\u201d<\/p>\n\n\n\n<p class=\"wp-block-paragraph\">\u201eMilyen dolgokat?\u201d<\/p>\n\n\n\n<p class=\"wp-block-paragraph\">\u201eMajd elmagyar\u00e1zom, ha haza\u00e9r\u00fcnk.\u201d<\/p>\n\n\n\n<p class=\"wp-block-paragraph\">Amikor meg\u00e9rkezt\u00fcnk, Michael bevezetett minket a h\u00e1z egy olyan r\u00e9sz\u00e9be, ahol m\u00e9g soha nem j\u00e1rtunk.<\/p>\n\n\n\n<p class=\"wp-block-paragraph\">Kinyitott egy ajt\u00f3t, amit \u00e9vek \u00f3ta nem l\u00e1ttunk nyitva.<\/p>\n\n\n\n<p class=\"wp-block-paragraph\">M\u00f6g\u00f6tte egy szoba volt, amir\u0151l fogalmunk sem volt, hogy l\u00e9tezik.<\/p>\n\n\n\n<p class=\"wp-block-paragraph\">Meg\u00e1lltunk az ajt\u00f3ban.<\/p>\n\n\n\n<p class=\"wp-block-paragraph\">\u00dagy n\u00e9zett ki, mint egy olyan ember mag\u00e1nirod\u00e1ja, akinek sokszorta t\u00f6bb vagyona volt, mint amennyit Michael valaha is bevallott.<\/p>\n\n\n\n<p class=\"wp-block-paragraph\">Dr\u00e1ga festm\u00e9nyek l\u00f3gtak a falakon.<\/p>\n\n\n\n<p class=\"wp-block-paragraph\">Magas di\u00f3fa k\u00f6nyvespolcok szeg\u00e9lyezt\u00e9k a falakat.<\/p>\n\n\n\n<p class=\"wp-block-paragraph\">Egy hatalmas mahag\u00f3ni \u00edr\u00f3asztal uralta a szoba k\u00f6zep\u00e9t.<\/p>\n\n\n\n<p class=\"wp-block-paragraph\">A polcokon luxuscikkek, dokumentumok \u00e9s t\u00f6bb sz\u00e9f sorakozott.<\/p>\n\n\n\n<p class=\"wp-block-paragraph\">David lassan fel\u00e9m fordult.<\/p>\n\n\n\n<p class=\"wp-block-paragraph\">\u201eMost azt akarom tudni, hogy hov\u00e1 t\u0171nt val\u00f3j\u00e1ban az \u00f6sszes p\u00e9nz\u00fcnk.\u201d<\/p>\n\n\n\n<p class=\"wp-block-paragraph\">Elkezdt\u00fck \u00e1tkutatni a szob\u00e1t.<\/p>\n\n\n\n<p class=\"wp-block-paragraph\">El\u0151sz\u00f6r a szok\u00e1sos dokumentumokat tal\u00e1ltuk.<\/p>\n\n\n\n<p class=\"wp-block-paragraph\">Azt\u00e1n banksz\u00e1mlakivonatokat.<\/p>\n\n\n\n<p class=\"wp-block-paragraph\">Azt\u00e1n szerz\u0151d\u00e9seket.<\/p>\n\n\n\n<p class=\"wp-block-paragraph\">\u00c9s v\u00e9g\u00fcl \u00e9szrevettem egy vastag fekete mapp\u00e1t, amely az egyik fi\u00f3k legh\u00e1ts\u00f3 r\u00e9sz\u00e9ben rejt\u0151z\u00f6tt.<\/p>\n\n\n\n<p class=\"wp-block-paragraph\">Felvettem.<\/p>\n\n\n\n<figure class=\"wp-block-image size-large\"><img loading=\"lazy\" decoding=\"async\" width=\"1024\" height=\"559\" src=\"https:\/\/vengria.info\/wp-content\/uploads\/2026\/09\/azwerxctvbgyin-1024x559.jpg\" alt=\"\" class=\"wp-image-18199\" srcset=\"https:\/\/vengria.info\/wp-content\/uploads\/2026\/09\/azwerxctvbgyin-1024x559.jpg 1024w, https:\/\/vengria.info\/wp-content\/uploads\/2026\/09\/azwerxctvbgyin-300x164.jpg 300w, https:\/\/vengria.info\/wp-content\/uploads\/2026\/09\/azwerxctvbgyin-766x418.jpg 766w, https:\/\/vengria.info\/wp-content\/uploads\/2026\/09\/azwerxctvbgyin.jpg 1408w\" sizes=\"auto, (max-width: 1024px) 100vw, 1024px\" \/><\/figure>\n\n\n\n<p class=\"wp-block-paragraph\">Egyetlen sz\u00f3 volt az elej\u00e9n:<\/p>\n\n\n\n<p class=\"wp-block-paragraph\">DAVID.<\/p>\n\n\n\n<p class=\"wp-block-paragraph\">\u201eNyissuk ki ezt?\u201d \u2013 k\u00e9rdeztem.<\/p>\n\n\n\n<p class=\"wp-block-paragraph\">David nem sz\u00f3lt semmit.<\/p>\n\n\n\n<p class=\"wp-block-paragraph\">A mappa kics\u00faszott a kez\u00e9b\u0151l, \u00e9s az asztalra esett.<\/p>\n\n\n\n<p class=\"wp-block-paragraph\">N\u00e9h\u00e1ny m\u00e1sodpercig csak b\u00e1multa.<\/p>\n\n\n\n<p class=\"wp-block-paragraph\">Azt\u00e1n kinyitotta.<\/p>\n\n\n\n<p class=\"wp-block-paragraph\">Az els\u0151 oldalon egy d\u00e1tum volt.<\/p>\n\n\n\n<p class=\"wp-block-paragraph\">A d\u00e1tum pontosan tizenegy \u00e9ves volt.<\/p>\n\n\n\n<p class=\"wp-block-paragraph\">David els\u00e1padt.<\/p>\n\n\n\n<p class=\"wp-block-paragraph\">\u201eNem.\u201d<\/p>\n\n\n\n<p class=\"wp-block-paragraph\">\u201eMi van ott?\u201d<\/p>\n\n\n\n<p class=\"wp-block-paragraph\">Nem v\u00e1laszolt.<\/p>\n\n\n\n<p class=\"wp-block-paragraph\">Lapozott.<\/p>\n\n\n\n<p class=\"wp-block-paragraph\">Ez\u00fattal remegni kezdett a keze.<\/p>\n\n\n\n<p class=\"wp-block-paragraph\">A pap\u00edron egy banki \u00e1tutal\u00e1s m\u00e1solata volt.<\/p>\n\n\n\n<p class=\"wp-block-paragraph\">Az \u00f6sszeg majdnem pontosan megegyezett az els\u0151 nagyobb \u00f6sszeggel, amit tizenegy \u00e9vvel kor\u00e1bban k\u00f6lcs\u00f6nadtunk Michaelnek.<\/p>\n\n\n\n<p class=\"wp-block-paragraph\">A c\u00edmzett neve az \u00e1tutal\u00e1s alatt volt felt\u00fcntetve.<\/p>\n\n\n\n<p class=\"wp-block-paragraph\">David ismerte \u0151t.<\/p>\n\n\n\n<p class=\"wp-block-paragraph\">Nagyon j\u00f3l.<\/p>\n\n\n\n<p class=\"wp-block-paragraph\">\u201eEz lehetetlen\u201d \u2013 suttogta.<\/p>\n\n\n\n<p class=\"wp-block-paragraph\">Lapontott egy m\u00e1sik oldalt.<\/p>\n\n\n\n<p class=\"wp-block-paragraph\">\u00dajabb \u00e1tutal\u00e1s.<\/p>\n\n\n\n<p class=\"wp-block-paragraph\">\u00dajabb \u00f6sszeg.<\/p>\n\n\n\n<p class=\"wp-block-paragraph\">\u00dajabb d\u00e1tum.<\/p>\n\n\n\n<p class=\"wp-block-paragraph\">\u00c9s azt\u00e1n m\u00e9g egy.<\/p>\n\n\n\n<p class=\"wp-block-paragraph\">Hirtelen tizenegy \u00e9vnyi t\u00f6rt\u00e9nelem t\u00e1rult el\u00e9nk.<\/p>\n\n\n\n<p class=\"wp-block-paragraph\">Minden p\u00e9nz, amir\u0151l azt hitt\u00fck, hogy Michael az \u00fczlet\u00e9re k\u00f6lt\u00f6tt, valahol fel volt jegyezve.<\/p>\n\n\n\n<p class=\"wp-block-paragraph\">De nem az \u00fczlet\u00e9be fektette be.<\/p>\n\n\n\n<p class=\"wp-block-paragraph\">Nem a h\u00e1z\u00e1ba.<\/p>\n\n\n\n<p class=\"wp-block-paragraph\">Nem az ad\u00f3ss\u00e1gaiba.<\/p>\n\n\n\n<p class=\"wp-block-paragraph\">A p\u00e9nz olyan sz\u00e1ml\u00e1kra t\u0171nt el, amelyekr\u0151l soha nem hallottunk.<\/p>\n\n\n\n<p class=\"wp-block-paragraph\">David gyorsabban kezdett lapozni.<\/p>\n\n\n\n<p class=\"wp-block-paragraph\">\u201eN\u00e9zd ezt.\u201d<\/p>\n\n\n\n<p class=\"wp-block-paragraph\">Be<\/p>\n\n\n\n<p class=\"wp-block-paragraph\"><\/p>\n","protected":false},"excerpt":{"rendered":"\u201eADOTTS\u00c1G KIFIZETVE.\u201d David r\u00e1n\u00e9zett, majd a testv\u00e9r\u00e9re, \u00e9s v\u00e9g\u00fcl r\u00f6viden felnevetett. \u201eEz viccnek sz\u00e1nt\u00e1k?\u201d De Michaelnek egy szempill\u00e1ja sem rebbent. \u201eNem. \u00c9vekkel ezel\u0151tt \n<a class=\"moretag\" href=\"https:\/\/vengria.info\/?p=18197\"> [...]<\/a>","protected":false},"author":1,"featured_media":18199,"comment_status":"open","ping_status":"open","sticky":false,"template":"","format":"standard","meta":{"footnotes":""},"categories":[1,2],"tags":[],"class_list":["post-18197","post","type-post","status-publish","format-standard","has-post-thumbnail","hentry","category-news","category-video"],"yoast_head":"<!-- This site is optimized with the Yoast SEO plugin v28.3 - https:\/\/yoast.com\/product\/yoast-seo-wordpress\/ -->\n<title>A s\u00f3gorom tizenegy \u00e9ve k\u00e9rt k\u00f6lcs\u00f6n t\u0151l\u00fcnk. Amikor a f\u00e9rjem v\u00e9gre megk\u00e9rte, hogy fizesse vissza az ad\u00f3ss\u00e1g\u00e1t, Michael egy fekete mapp\u00e1t tett el\u00e9nk, amelyen egyetlen felirat \u00e1llt: -<\/title>\n<meta name=\"robots\" content=\"index, follow, max-snippet:-1, max-image-preview:large, max-video-preview:-1\" \/>\n<link rel=\"canonical\" href=\"https:\/\/vengria.info\/?p=18197\" \/>\n<meta property=\"og:locale\" content=\"en_US\" \/>\n<meta property=\"og:type\" content=\"article\" \/>\n<meta property=\"og:title\" content=\"A s\u00f3gorom tizenegy \u00e9ve k\u00e9rt k\u00f6lcs\u00f6n t\u0151l\u00fcnk. Amikor a f\u00e9rjem v\u00e9gre megk\u00e9rte, hogy fizesse vissza az ad\u00f3ss\u00e1g\u00e1t, Michael egy fekete mapp\u00e1t tett el\u00e9nk, amelyen egyetlen felirat \u00e1llt: -\" \/>\n<meta property=\"og:description\" content=\"\u201eADOTTS\u00c1G KIFIZETVE.\u201d David r\u00e1n\u00e9zett, majd a testv\u00e9r\u00e9re, \u00e9s v\u00e9g\u00fcl r\u00f6viden felnevetett. \u201eEz viccnek sz\u00e1nt\u00e1k?\u201d De Michaelnek egy szempill\u00e1ja sem rebbent. \u201eNem. \u00c9vekkel ezel\u0151tt\" \/>\n<meta property=\"og:url\" content=\"https:\/\/vengria.info\/?p=18197\" \/>\n<meta property=\"article:published_time\" content=\"2026-09-02T11:08:38+00:00\" \/>\n<meta property=\"article:modified_time\" content=\"2026-09-02T11:08:40+00:00\" \/>\n<meta property=\"og:image\" content=\"https:\/\/vengria.info\/wp-content\/uploads\/2026\/09\/azwerxctvbgyin.jpg\" \/>\n\t<meta property=\"og:image:width\" content=\"1408\" \/>\n\t<meta property=\"og:image:height\" content=\"768\" \/>\n\t<meta property=\"og:image:type\" content=\"image\/jpeg\" \/>\n<meta name=\"author\" content=\"admin\" \/>\n<meta name=\"twitter:card\" content=\"summary_large_image\" \/>\n<meta name=\"twitter:label1\" content=\"Written by\" \/>\n\t<meta name=\"twitter:data1\" content=\"admin\" \/>\n\t<meta name=\"twitter:label2\" content=\"Est. reading time\" \/>\n\t<meta name=\"twitter:data2\" content=\"4 minutes\" \/>\n<script type=\"application\/ld+json\" class=\"yoast-schema-graph\">{\"@context\":\"https:\\\/\\\/schema.org\",\"@graph\":[{\"@type\":\"Article\",\"@id\":\"https:\\\/\\\/vengria.info\\\/?p=18197#article\",\"isPartOf\":{\"@id\":\"https:\\\/\\\/vengria.info\\\/?p=18197\"},\"author\":{\"name\":\"admin\",\"@id\":\"https:\\\/\\\/vengria.info\\\/#\\\/schema\\\/person\\\/b815b04a6b1fb36a2d064955a92f68d4\"},\"headline\":\"A s\u00f3gorom tizenegy \u00e9ve k\u00e9rt k\u00f6lcs\u00f6n t\u0151l\u00fcnk. Amikor a f\u00e9rjem v\u00e9gre megk\u00e9rte, hogy fizesse vissza az ad\u00f3ss\u00e1g\u00e1t, Michael egy fekete mapp\u00e1t tett el\u00e9nk, amelyen egyetlen felirat \u00e1llt:\",\"datePublished\":\"2026-09-02T11:08:38+00:00\",\"dateModified\":\"2026-09-02T11:08:40+00:00\",\"mainEntityOfPage\":{\"@id\":\"https:\\\/\\\/vengria.info\\\/?p=18197\"},\"wordCount\":1087,\"commentCount\":0,\"image\":{\"@id\":\"https:\\\/\\\/vengria.info\\\/?p=18197#primaryimage\"},\"thumbnailUrl\":\"https:\\\/\\\/vengria.info\\\/wp-content\\\/uploads\\\/2026\\\/09\\\/azwerxctvbgyin.jpg\",\"articleSection\":[\"NEWS\",\"VIDEO\"],\"inLanguage\":\"en-US\",\"potentialAction\":[{\"@type\":\"CommentAction\",\"name\":\"Comment\",\"target\":[\"https:\\\/\\\/vengria.info\\\/?p=18197#respond\"]}]},{\"@type\":\"WebPage\",\"@id\":\"https:\\\/\\\/vengria.info\\\/?p=18197\",\"url\":\"https:\\\/\\\/vengria.info\\\/?p=18197\",\"name\":\"A s\u00f3gorom tizenegy \u00e9ve k\u00e9rt k\u00f6lcs\u00f6n t\u0151l\u00fcnk. Amikor a f\u00e9rjem v\u00e9gre megk\u00e9rte, hogy fizesse vissza az ad\u00f3ss\u00e1g\u00e1t, Michael egy fekete mapp\u00e1t tett el\u00e9nk, amelyen egyetlen felirat \u00e1llt: -\",\"isPartOf\":{\"@id\":\"https:\\\/\\\/vengria.info\\\/#website\"},\"primaryImageOfPage\":{\"@id\":\"https:\\\/\\\/vengria.info\\\/?p=18197#primaryimage\"},\"image\":{\"@id\":\"https:\\\/\\\/vengria.info\\\/?p=18197#primaryimage\"},\"thumbnailUrl\":\"https:\\\/\\\/vengria.info\\\/wp-content\\\/uploads\\\/2026\\\/09\\\/azwerxctvbgyin.jpg\",\"datePublished\":\"2026-09-02T11:08:38+00:00\",\"dateModified\":\"2026-09-02T11:08:40+00:00\",\"author\":{\"@id\":\"https:\\\/\\\/vengria.info\\\/#\\\/schema\\\/person\\\/b815b04a6b1fb36a2d064955a92f68d4\"},\"breadcrumb\":{\"@id\":\"https:\\\/\\\/vengria.info\\\/?p=18197#breadcrumb\"},\"inLanguage\":\"en-US\",\"potentialAction\":[{\"@type\":\"ReadAction\",\"target\":[\"https:\\\/\\\/vengria.info\\\/?p=18197\"]}]},{\"@type\":\"ImageObject\",\"inLanguage\":\"en-US\",\"@id\":\"https:\\\/\\\/vengria.info\\\/?p=18197#primaryimage\",\"url\":\"https:\\\/\\\/vengria.info\\\/wp-content\\\/uploads\\\/2026\\\/09\\\/azwerxctvbgyin.jpg\",\"contentUrl\":\"https:\\\/\\\/vengria.info\\\/wp-content\\\/uploads\\\/2026\\\/09\\\/azwerxctvbgyin.jpg\",\"width\":1408,\"height\":768},{\"@type\":\"BreadcrumbList\",\"@id\":\"https:\\\/\\\/vengria.info\\\/?p=18197#breadcrumb\",\"itemListElement\":[{\"@type\":\"ListItem\",\"position\":1,\"name\":\"Home\",\"item\":\"https:\\\/\\\/vengria.info\\\/\"},{\"@type\":\"ListItem\",\"position\":2,\"name\":\"A s\u00f3gorom tizenegy \u00e9ve k\u00e9rt k\u00f6lcs\u00f6n t\u0151l\u00fcnk. Amikor a f\u00e9rjem v\u00e9gre megk\u00e9rte, hogy fizesse vissza az ad\u00f3ss\u00e1g\u00e1t, Michael egy fekete mapp\u00e1t tett el\u00e9nk, amelyen egyetlen felirat \u00e1llt:\"}]},{\"@type\":\"WebSite\",\"@id\":\"https:\\\/\\\/vengria.info\\\/#website\",\"url\":\"https:\\\/\\\/vengria.info\\\/\",\"name\":\"\",\"description\":\"\",\"potentialAction\":[{\"@type\":\"SearchAction\",\"target\":{\"@type\":\"EntryPoint\",\"urlTemplate\":\"https:\\\/\\\/vengria.info\\\/?s={search_term_string}\"},\"query-input\":{\"@type\":\"PropertyValueSpecification\",\"valueRequired\":true,\"valueName\":\"search_term_string\"}}],\"inLanguage\":\"en-US\"},{\"@type\":\"Person\",\"@id\":\"https:\\\/\\\/vengria.info\\\/#\\\/schema\\\/person\\\/b815b04a6b1fb36a2d064955a92f68d4\",\"name\":\"admin\",\"image\":{\"@type\":\"ImageObject\",\"inLanguage\":\"en-US\",\"@id\":\"https:\\\/\\\/secure.gravatar.com\\\/avatar\\\/a29bad30ab19883c48927f9ee55a40d0d1a0c3c343bcef70ad9a0a9cb421f0fa?s=96&d=mm&r=g\",\"url\":\"https:\\\/\\\/secure.gravatar.com\\\/avatar\\\/a29bad30ab19883c48927f9ee55a40d0d1a0c3c343bcef70ad9a0a9cb421f0fa?s=96&d=mm&r=g\",\"contentUrl\":\"https:\\\/\\\/secure.gravatar.com\\\/avatar\\\/a29bad30ab19883c48927f9ee55a40d0d1a0c3c343bcef70ad9a0a9cb421f0fa?s=96&d=mm&r=g\",\"caption\":\"admin\"},\"sameAs\":[\"http:\\\/\\\/vengria.info\"],\"url\":\"https:\\\/\\\/vengria.info\\\/?author=1\"}]}<\/script>\n<!-- \/ Yoast SEO plugin. -->","yoast_head_json":{"title":"A s\u00f3gorom tizenegy \u00e9ve k\u00e9rt k\u00f6lcs\u00f6n t\u0151l\u00fcnk. Amikor a f\u00e9rjem v\u00e9gre megk\u00e9rte, hogy fizesse vissza az ad\u00f3ss\u00e1g\u00e1t, Michael egy fekete mapp\u00e1t tett el\u00e9nk, amelyen egyetlen felirat \u00e1llt: -","robots":{"index":"index","follow":"follow","max-snippet":"max-snippet:-1","max-image-preview":"max-image-preview:large","max-video-preview":"max-video-preview:-1"},"canonical":"https:\/\/vengria.info\/?p=18197","og_locale":"en_US","og_type":"article","og_title":"A s\u00f3gorom tizenegy \u00e9ve k\u00e9rt k\u00f6lcs\u00f6n t\u0151l\u00fcnk. Amikor a f\u00e9rjem v\u00e9gre megk\u00e9rte, hogy fizesse vissza az ad\u00f3ss\u00e1g\u00e1t, Michael egy fekete mapp\u00e1t tett el\u00e9nk, amelyen egyetlen felirat \u00e1llt: -","og_description":"\u201eADOTTS\u00c1G KIFIZETVE.\u201d David r\u00e1n\u00e9zett, majd a testv\u00e9r\u00e9re, \u00e9s v\u00e9g\u00fcl r\u00f6viden felnevetett. \u201eEz viccnek sz\u00e1nt\u00e1k?\u201d De Michaelnek egy szempill\u00e1ja sem rebbent. \u201eNem. \u00c9vekkel ezel\u0151tt","og_url":"https:\/\/vengria.info\/?p=18197","article_published_time":"2026-09-02T11:08:38+00:00","article_modified_time":"2026-09-02T11:08:40+00:00","og_image":[{"width":1408,"height":768,"url":"https:\/\/vengria.info\/wp-content\/uploads\/2026\/09\/azwerxctvbgyin.jpg","type":"image\/jpeg"}],"author":"admin","twitter_card":"summary_large_image","twitter_misc":{"Written by":"admin","Est. reading time":"4 minutes"},"schema":{"@context":"https:\/\/schema.org","@graph":[{"@type":"Article","@id":"https:\/\/vengria.info\/?p=18197#article","isPartOf":{"@id":"https:\/\/vengria.info\/?p=18197"},"author":{"name":"admin","@id":"https:\/\/vengria.info\/#\/schema\/person\/b815b04a6b1fb36a2d064955a92f68d4"},"headline":"A s\u00f3gorom tizenegy \u00e9ve k\u00e9rt k\u00f6lcs\u00f6n t\u0151l\u00fcnk. Amikor a f\u00e9rjem v\u00e9gre megk\u00e9rte, hogy fizesse vissza az ad\u00f3ss\u00e1g\u00e1t, Michael egy fekete mapp\u00e1t tett el\u00e9nk, amelyen egyetlen felirat \u00e1llt:","datePublished":"2026-09-02T11:08:38+00:00","dateModified":"2026-09-02T11:08:40+00:00","mainEntityOfPage":{"@id":"https:\/\/vengria.info\/?p=18197"},"wordCount":1087,"commentCount":0,"image":{"@id":"https:\/\/vengria.info\/?p=18197#primaryimage"},"thumbnailUrl":"https:\/\/vengria.info\/wp-content\/uploads\/2026\/09\/azwerxctvbgyin.jpg","articleSection":["NEWS","VIDEO"],"inLanguage":"en-US","potentialAction":[{"@type":"CommentAction","name":"Comment","target":["https:\/\/vengria.info\/?p=18197#respond"]}]},{"@type":"WebPage","@id":"https:\/\/vengria.info\/?p=18197","url":"https:\/\/vengria.info\/?p=18197","name":"A s\u00f3gorom tizenegy \u00e9ve k\u00e9rt k\u00f6lcs\u00f6n t\u0151l\u00fcnk. Amikor a f\u00e9rjem v\u00e9gre megk\u00e9rte, hogy fizesse vissza az ad\u00f3ss\u00e1g\u00e1t, Michael egy fekete mapp\u00e1t tett el\u00e9nk, amelyen egyetlen felirat \u00e1llt: -","isPartOf":{"@id":"https:\/\/vengria.info\/#website"},"primaryImageOfPage":{"@id":"https:\/\/vengria.info\/?p=18197#primaryimage"},"image":{"@id":"https:\/\/vengria.info\/?p=18197#primaryimage"},"thumbnailUrl":"https:\/\/vengria.info\/wp-content\/uploads\/2026\/09\/azwerxctvbgyin.jpg","datePublished":"2026-09-02T11:08:38+00:00","dateModified":"2026-09-02T11:08:40+00:00","author":{"@id":"https:\/\/vengria.info\/#\/schema\/person\/b815b04a6b1fb36a2d064955a92f68d4"},"breadcrumb":{"@id":"https:\/\/vengria.info\/?p=18197#breadcrumb"},"inLanguage":"en-US","potentialAction":[{"@type":"ReadAction","target":["https:\/\/vengria.info\/?p=18197"]}]},{"@type":"ImageObject","inLanguage":"en-US","@id":"https:\/\/vengria.info\/?p=18197#primaryimage","url":"https:\/\/vengria.info\/wp-content\/uploads\/2026\/09\/azwerxctvbgyin.jpg","contentUrl":"https:\/\/vengria.info\/wp-content\/uploads\/2026\/09\/azwerxctvbgyin.jpg","width":1408,"height":768},{"@type":"BreadcrumbList","@id":"https:\/\/vengria.info\/?p=18197#breadcrumb","itemListElement":[{"@type":"ListItem","position":1,"name":"Home","item":"https:\/\/vengria.info\/"},{"@type":"ListItem","position":2,"name":"A s\u00f3gorom tizenegy \u00e9ve k\u00e9rt k\u00f6lcs\u00f6n t\u0151l\u00fcnk. Amikor a f\u00e9rjem v\u00e9gre megk\u00e9rte, hogy fizesse vissza az ad\u00f3ss\u00e1g\u00e1t, Michael egy fekete mapp\u00e1t tett el\u00e9nk, amelyen egyetlen felirat \u00e1llt:"}]},{"@type":"WebSite","@id":"https:\/\/vengria.info\/#website","url":"https:\/\/vengria.info\/","name":"","description":"","potentialAction":[{"@type":"SearchAction","target":{"@type":"EntryPoint","urlTemplate":"https:\/\/vengria.info\/?s={search_term_string}"},"query-input":{"@type":"PropertyValueSpecification","valueRequired":true,"valueName":"search_term_string"}}],"inLanguage":"en-US"},{"@type":"Person","@id":"https:\/\/vengria.info\/#\/schema\/person\/b815b04a6b1fb36a2d064955a92f68d4","name":"admin","image":{"@type":"ImageObject","inLanguage":"en-US","@id":"https:\/\/secure.gravatar.com\/avatar\/a29bad30ab19883c48927f9ee55a40d0d1a0c3c343bcef70ad9a0a9cb421f0fa?s=96&d=mm&r=g","url":"https:\/\/secure.gravatar.com\/avatar\/a29bad30ab19883c48927f9ee55a40d0d1a0c3c343bcef70ad9a0a9cb421f0fa?s=96&d=mm&r=g","contentUrl":"https:\/\/secure.gravatar.com\/avatar\/a29bad30ab19883c48927f9ee55a40d0d1a0c3c343bcef70ad9a0a9cb421f0fa?s=96&d=mm&r=g","caption":"admin"},"sameAs":["http:\/\/vengria.info"],"url":"https:\/\/vengria.info\/?author=1"}]}},"_links":{"self":[{"href":"https:\/\/vengria.info\/index.php?rest_route=\/wp\/v2\/posts\/18197","targetHints":{"allow":["GET"]}}],"collection":[{"href":"https:\/\/vengria.info\/index.php?rest_route=\/wp\/v2\/posts"}],"about":[{"href":"https:\/\/vengria.info\/index.php?rest_route=\/wp\/v2\/types\/post"}],"author":[{"embeddable":true,"href":"https:\/\/vengria.info\/index.php?rest_route=\/wp\/v2\/users\/1"}],"replies":[{"embeddable":true,"href":"https:\/\/vengria.info\/index.php?rest_route=%2Fwp%2Fv2%2Fcomments&post=18197"}],"version-history":[{"count":1,"href":"https:\/\/vengria.info\/index.php?rest_route=\/wp\/v2\/posts\/18197\/revisions"}],"predecessor-version":[{"id":18201,"href":"https:\/\/vengria.info\/index.php?rest_route=\/wp\/v2\/posts\/18197\/revisions\/18201"}],"wp:featuredmedia":[{"embeddable":true,"href":"https:\/\/vengria.info\/index.php?rest_route=\/wp\/v2\/media\/18199"}],"wp:attachment":[{"href":"https:\/\/vengria.info\/index.php?rest_route=%2Fwp%2Fv2%2Fmedia&parent=18197"}],"wp:term":[{"taxonomy":"category","embeddable":true,"href":"https:\/\/vengria.info\/index.php?rest_route=%2Fwp%2Fv2%2Fcategories&post=18197"},{"taxonomy":"post_tag","embeddable":true,"href":"https:\/\/vengria.info\/index.php?rest_route=%2Fwp%2Fv2%2Ftags&post=18197"}],"curies":[{"name":"wp","href":"https:\/\/api.w.org\/{rel}","templated":true}]}}