{"id":18183,"date":"2026-09-02T10:54:24","date_gmt":"2026-09-02T10:54:24","guid":{"rendered":"https:\/\/vengria.info\/?p=18183"},"modified":"2026-09-02T10:54:27","modified_gmt":"2026-09-02T10:54:27","slug":"beleegyezett-hogy-felesegul-veszi-azt-a-not-akit-a-felso-tarsadalom-evek-ota-amerika-legcsunyabb-lanyanak-belyegzett","status":"publish","type":"post","link":"https:\/\/vengria.info\/?p=18183","title":{"rendered":"Beleegyezett, hogy feles\u00e9g\u00fcl veszi azt a n\u0151t, akit a fels\u0151 t\u00e1rsadalom \u00e9vek \u00f3ta \u201eAmerika legcs\u00fany\u00e1bb l\u00e1ny\u00e1nak\u201d b\u00e9lyegzett."},"content":{"rendered":"\n<p class=\"wp-block-paragraph\">Nem szerelemb\u0151l vagy h\u00e1zass\u00e1g ut\u00e1ni v\u00e1gyb\u00f3l tette. Az apja meg\u00edg\u00e9rt neki valamit, amire k\u00e9ts\u00e9gbeesetten sz\u00fcks\u00e9ge volt: megmenteni a csal\u00e1di v\u00e1llalkoz\u00e1st \u00e9s tiszt\u00e1ra mosni halott apja nev\u00e9t.<\/p>\n\n\n\n<p class=\"wp-block-paragraph\">Manuel Nelson tudta, hogy v\u00e9gleg belemegy a h\u00e1zass\u00e1gba.<\/p>\n\n\n\n<p class=\"wp-block-paragraph\">Azonban fogalma sem volt, hogy az els\u0151 \u00e9jszak\u00e1n v\u00e9rt tal\u00e1l majd \u00faj feles\u00e9ge esk\u00fcv\u0151i ruh\u00e1j\u00e1n.<\/p>\n\n\n\n<p class=\"wp-block-paragraph\">Azt sem sejtette, hogy a n\u00e9gy sz\u00f3, amit Rosalie suttogott neki, \u00f6r\u00f6kre megv\u00e1ltoztatja a csal\u00e1dj\u00e1r\u00f3l alkotott k\u00e9p\u00e9t.<\/p>\n\n\n\n<p class=\"wp-block-paragraph\">\u201eAz ap\u00e1m tette ezt velem.\u201d<\/p>\n\n\n\n<p class=\"wp-block-paragraph\">Azt\u00e1n \u00e1tny\u00fajtott neki egy kis kulcsot.<\/p>\n\n\n\n<p class=\"wp-block-paragraph\">A kulcsot, amely elrendezett h\u00e1zass\u00e1gukat \u00e9let\u00fck\u00e9rt folytatott k\u00fczdelemm\u00e9 v\u00e1ltoztatta.<\/p>\n\n\n\n<ol class=\"wp-block-list\">\n<li>R\u00c9SZ<\/li>\n<\/ol>\n\n\n\n<p class=\"wp-block-paragraph\">\u201eAz apj\u00e1nak egy vagyont kellett fizetnie neki, hogy feles\u00e9g\u00fcl vegye.\u201d<\/p>\n\n\n\n<p class=\"wp-block-paragraph\">\u201eMelyik norm\u00e1lis f\u00e9rfi akarna vele nyilv\u00e1nosan mutatkozni?\u201d<\/p>\n\n\n\n<p class=\"wp-block-paragraph\">\u201eCsak n\u00e9zd meg.\u201d<\/p>\n\n\n\n<p class=\"wp-block-paragraph\">Rosalie Durham eg\u00e9sz \u00e9let\u00e9ben hallott hasonl\u00f3 mondatokat. De ez\u00fattal k\u00f6zvetlen\u00fcl az olt\u00e1rn\u00e1l hallotta \u0151ket.<\/p>\n\n\n\n<p class=\"wp-block-paragraph\">Huszonkilenc \u00e9ves volt, \u00e9s m\u00e1r r\u00e9gen megtanulta \u00fagy tenni, mintha az idegenek szavai nem b\u00e1ntan\u00e1k.<\/p>\n\n\n\n<p class=\"wp-block-paragraph\">Egy nagy anyajegy bor\u00edtotta arc\u00e1nak bal oldal\u00e1t, \u00e9s a nyak\u00e1n is folytat\u00f3dott. Gyerekk\u00e9nt oszt\u00e1lyt\u00e1rsai emiatt k\u00fcl\u00f6ncnek nevezt\u00e9k. T\u00e1rsas\u00e1gi \u00f6sszej\u00f6veteleken az emberek elfordultak, amikor elhaladt mellett\u00fck. A n\u0151k egy\u00fctt\u00e9rz\u0151nek t\u0171ntek, m\u00edg a f\u00e9rfiak megpr\u00f3b\u00e1lt\u00e1k leplezni zavarukat.<\/p>\n\n\n\n<p class=\"wp-block-paragraph\">De nem az idegenek voltak a legrosszabbak.<\/p>\n\n\n\n<p class=\"wp-block-paragraph\">A saj\u00e1t apja volt az.<\/p>\n\n\n\n<p class=\"wp-block-paragraph\">Emmett Durham a v\u00e1ros egyik legbefoly\u00e1sosabb embere volt. Egyetlen telefonh\u00edv\u00e1ssal olyan ajt\u00f3kat tudott kinyitni, amelyek \u00f6r\u00f6kre z\u00e1rva voltak m\u00e1sok el\u0151tt. Megv\u00e1s\u00e1rolhatta a megfelel\u0151 emberek h\u0171s\u00e9g\u00e9t, hallgat\u00e1s\u00e1t \u00e9s kegy\u00e9t.<\/p>\n\n\n\n<p class=\"wp-block-paragraph\">De soha nem tudta megv\u00e9deni a l\u00e1ny\u00e1t.<\/p>\n\n\n\n<p class=\"wp-block-paragraph\">\u00c9pp ellenkez\u0151leg.<\/p>\n\n\n\n<p class=\"wp-block-paragraph\">Gyerekkora \u00f3ta vil\u00e1goss\u00e1 tette sz\u00e1m\u00e1ra, hogy teher a csal\u00e1d sz\u00e1m\u00e1ra.<\/p>\n\n\n\n<p class=\"wp-block-paragraph\">Amikor \u00e9desanyja tizenk\u00e9t \u00e9vvel ezel\u0151tt rejt\u00e9lyes m\u00f3don elt\u0171nt, \u00e9s k\u00e9s\u0151bb holtan tal\u00e1lt\u00e1k, Rosalie k\u00e9rdez\u0151sk\u00f6dni kezdett.<\/p>\n\n\n\n<p class=\"wp-block-paragraph\">Tudni akarta, mi t\u00f6rt\u00e9nt val\u00f3j\u00e1ban.<\/p>\n\n\n\n<p class=\"wp-block-paragraph\">De Emmett mindig tal\u00e1lt m\u00f3dot arra, hogy elhallgattassa.<\/p>\n\n\n\n<p class=\"wp-block-paragraph\">Az orvosok, akiket fizetett, azt \u00e1ll\u00edtott\u00e1k, hogy Rosalie ment\u00e1lisan instabil. Meggy\u0151zt\u00e9k arr\u00f3l, hogy az eml\u00e9kei torzak, \u00e9s hogy gy\u00f3gyszerre van sz\u00fcks\u00e9ge. Valah\u00e1nyszor az anyj\u00e1r\u00f3l kezdett besz\u00e9lni, \u00fajabb adag \u201ekezel\u00e9st\u201d kapott.<\/p>\n\n\n\n<p class=\"wp-block-paragraph\">\u00c9vek m\u00falva m\u00e1r majdnem maga is k\u00e9telkedni kezdett az eml\u00e9kezet\u00e9ben.<\/p>\n\n\n\n<p class=\"wp-block-paragraph\">Azt\u00e1n tal\u00e1lt valamit, ami mindent megv\u00e1ltoztatott.<\/p>\n\n\n\n<p class=\"wp-block-paragraph\">Az esk\u00fcv\u0151je el\u0151tti napon t\u00f6rt\u00e9nt.<\/p>\n\n\n\n<p class=\"wp-block-paragraph\">Mik\u00f6zben r\u00e9gi holmikat pakolt ki, r\u00e1bukkant egy kis fa varr\u00f3szekr\u00e9nyre, ami az anyj\u00e1\u00e9 volt. Rosalie m\u00e9g soha nem l\u00e1tta nyitva. Az egyik als\u00f3 fi\u00f3knak furcsa dupla alja volt.<\/p>\n\n\n\n<p class=\"wp-block-paragraph\">Amikor felemelte, egy kis f\u00e9mkulcsot tal\u00e1lt alatta.<\/p>\n\n\n\n<p class=\"wp-block-paragraph\">Nem tudta, mit nyit ki.<\/p>\n\n\n\n<p class=\"wp-block-paragraph\">De azonnal tudta, hogy az anyja nem v\u00e9letlen\u00fcl rejtette oda.<\/p>\n\n\n\n<p class=\"wp-block-paragraph\">Rosalie percekig a kez\u00e9ben tartotta a kulcsot. Azt\u00e1n l\u00e9pteket hallott a folyos\u00f3n.<\/p>\n\n\n\n<p class=\"wp-block-paragraph\">Gyorsan bevarrta a f\u0171z\u0151je b\u00e9l\u00e9s\u00e9be.<\/p>\n\n\n\n<p class=\"wp-block-paragraph\">N\u00e9h\u00e1ny \u00f3r\u00e1val k\u00e9s\u0151bb k\u00e9t f\u00e9rfi l\u00e9pett be a szob\u00e1j\u00e1ba.<\/p>\n\n\n\n<p class=\"wp-block-paragraph\">Azt mondt\u00e1k, parancsot kaptak, hogy ellen\u0151rizz\u00e9k a szem\u00e9lyes holmij\u00e1t.<\/p>\n\n\n\n<p class=\"wp-block-paragraph\">Rosalie tudta, hogy hazudnak.<\/p>\n\n\n\n<p class=\"wp-block-paragraph\">Fi\u00f3kokat, szekr\u00e9nyeket, b\u0151r\u00f6nd\u00f6ket \u00e9s k\u00f6nyveket kutattak \u00e1t. M\u00e9g a matrac\u00e1t is kinyitott\u00e1k, \u00e9s az \u00e9jjeliszekr\u00e9ny\u00e9t is felbor\u00edtott\u00e1k.<\/p>\n\n\n\n<p class=\"wp-block-paragraph\">Valami konkr\u00e9tat kerestek.<\/p>\n\n\n\n<p class=\"wp-block-paragraph\">De m\u00e9g csak hozz\u00e1 sem ny\u00faltak az esk\u00fcv\u0151i ruh\u00e1j\u00e1hoz.<\/p>\n\n\n\n<p class=\"wp-block-paragraph\">Rosalie csak k\u00e9s\u0151bb \u00e9rtette meg, mi\u00e9rt.<\/p>\n\n\n\n<p class=\"wp-block-paragraph\">Az apja meg volt gy\u0151z\u0151dve arr\u00f3l, hogy a kulcs m\u00e9g mindig valahol az anyja holmijai k\u00f6z\u00f6tt van elrejtve.<\/p>\n\n\n\n<p class=\"wp-block-paragraph\">Nem tudta, hogy a l\u00e1ny\u00e1n\u00e1l van k\u00f6zvetlen\u00fcl mellette.<\/p>\n\n\n\n<p class=\"wp-block-paragraph\">M\u00e1snap Rosalie f\u00e1tyol n\u00e9lk\u00fcl vonult v\u00e9gig a folyos\u00f3n.<\/p>\n\n\n\n<p class=\"wp-block-paragraph\">A vend\u00e9gek k\u00f6z\u00f6tt t\u00f6bb n\u0151 is \u00f6sszen\u00e9zett. N\u00e9h\u00e1ny f\u00e9rfi les\u00fct\u00f6tte a szem\u00e9t. M\u00e1sok ny\u00edltan az arc\u00e1ba b\u00e1multak.<\/p>\n\n\n\n<p class=\"wp-block-paragraph\">De Rosalie nem pr\u00f3b\u00e1lta leplezni.<\/p>\n\n\n\n<p class=\"wp-block-paragraph\">Ha Manuel Nelson vissza akarta utas\u00edtani, azt akarta, hogy ezt csak azut\u00e1n tegye, miut\u00e1n l\u00e1tta az eg\u00e9sz igazs\u00e1got.<\/p>\n\n\n\n<p class=\"wp-block-paragraph\">Manuel az olt\u00e1r m\u00e1sik oldal\u00e1n \u00e1llt.<\/p>\n\n\n\n<p class=\"wp-block-paragraph\">Egy olyan c\u00e9g \u00f6r\u00f6k\u00f6se volt, amely n\u00e9h\u00e1ny \u00e9vvel kor\u00e1bban m\u00e9g az orsz\u00e1g egyik legsikeresebb c\u00e9ge volt. Azt\u00e1n egy p\u00e9nz\u00fcgyi botr\u00e1ny t\u00f6nkretette a csal\u00e1d h\u00edrnev\u00e9t. P\u00e9nz t\u0171nt el, \u00fczlett\u00e1rsak t\u00e1voztak, Manuel apja pedig olyan k\u00f6r\u00fclm\u00e9nyek k\u00f6z\u00f6tt halt meg, amelyeket soha nem siker\u00fclt meggy\u0151z\u0151en megmagyar\u00e1zni.<\/p>\n\n\n\n<p class=\"wp-block-paragraph\">A c\u00e9g a cs\u0151d sz\u00e9l\u00e9n \u00e1llt.<\/p>\n\n\n\n<p class=\"wp-block-paragraph\">Ekkor \u00e9rkezett Emmett Durham egy aj\u00e1nlattal.<\/p>\n\n\n\n<p class=\"wp-block-paragraph\">Kifizeti a Nelson csal\u00e1d ad\u00f3ss\u00e1gait. Seg\u00edt \u00fajj\u00e1\u00e9p\u00edteni az \u00fczlet\u00fcket. R\u00e1ad\u00e1sul befoly\u00e1s\u00e1t felhaszn\u00e1lva \u00fajraind\u00edtja Manuel apja hal\u00e1l\u00e1nak kivizsg\u00e1l\u00e1s\u00e1t.<\/p>\n\n\n\n<p class=\"wp-block-paragraph\">A felt\u00e9tel egyszer\u0171 volt.<\/p>\n\n\n\n<p class=\"wp-block-paragraph\">Manuel feles\u00e9g\u00fcl veszi Rosalie-t.<\/p>\n\n\n\n<figure class=\"wp-block-image size-large\"><img loading=\"lazy\" decoding=\"async\" width=\"687\" height=\"1024\" src=\"https:\/\/vengria.info\/wp-content\/uploads\/2026\/09\/qdwasxzasdzx-687x1024.jpg\" alt=\"\" class=\"wp-image-18185\" srcset=\"https:\/\/vengria.info\/wp-content\/uploads\/2026\/09\/qdwasxzasdzx-687x1024.jpg 687w, https:\/\/vengria.info\/wp-content\/uploads\/2026\/09\/qdwasxzasdzx-201x300.jpg 201w, https:\/\/vengria.info\/wp-content\/uploads\/2026\/09\/qdwasxzasdzx-767x1144.jpg 767w, https:\/\/vengria.info\/wp-content\/uploads\/2026\/09\/qdwasxzasdzx.jpg 848w\" sizes=\"auto, (max-width: 687px) 100vw, 687px\" \/><\/figure>\n\n\n\n<p class=\"wp-block-paragraph\">H\u00e1rom h\u00e9ttel az esk\u00fcv\u0151 el\u0151tt tal\u00e1lkoztak el\u0151sz\u00f6r kettesben.<\/p>\n\n\n\n<p class=\"wp-block-paragraph\">Rosalie megb\u00e1n\u00e1sra sz\u00e1m\u00edtott.<\/p>\n\n\n\n<p class=\"wp-block-paragraph\">Vagy undorra.<\/p>\n\n\n\n<p class=\"wp-block-paragraph\">Tal\u00e1n m\u00e9g undorra is.<\/p>\n\n\n\n<p class=\"wp-block-paragraph\">Ehelyett Manuel halkan azt mondta:<\/p>\n\n\n\n<p class=\"wp-block-paragraph\">\u201eVal\u00f3sz\u00edn\u0171leg azt mondt\u00e1k neked, hogy egy k\u00e9ts\u00e9gbeesett ember voltam, aki p\u00e9nz\u00e9rt ment hozz\u00e1d feles\u00e9g\u00fcl.\u201d<\/p>\n\n\n\n<p class=\"wp-block-paragraph\">Rosalie keser\u0171en elmosolyodott.<\/p>\n\n\n\n<p class=\"wp-block-paragraph\">\u2013 \u00c9s eg\u00e9sz \u00e9letemben azt mondt\u00e1k, hogy egyetlen f\u00e9rfi sem venne feles\u00e9g\u00fcl.<\/p>\n\n\n\n<p class=\"wp-block-paragraph\">Manuel hosszan n\u00e9zte.<\/p>\n\n\n\n<p class=\"wp-block-paragraph\">\u2013 Az emberek sok mindent mondanak. Ink\u00e1bb magam d\u00f6nt\u00f6k.<\/p>\n\n\n\n<p class=\"wp-block-paragraph\">Nem volt k\u00f6zt\u00fck szerelem.<\/p>\n\n\n\n<p class=\"wp-block-paragraph\">Nem volt igazi bizalom sem.<\/p>\n\n\n\n<p class=\"wp-block-paragraph\">De Rosalie hossz\u00fa id\u0151 \u00f3ta el\u0151sz\u00f6r \u00fagy \u00e9rezte, hogy egy f\u00e9rfi el\u0151tt \u00e1ll, aki nem l\u00e1tja \u0151t megoldand\u00f3 probl\u00e9m\u00e1nak.<\/p>\n\n\n\n<p class=\"wp-block-paragraph\">Az esk\u00fcv\u0151t pazar fogad\u00e1s k\u00f6vette.<\/p>\n\n\n\n<p class=\"wp-block-paragraph\">De Rosalie nem tudta szabadulni az \u00e9rz\u00e9st\u0151l, hogy valaki figyeli.<\/p>\n\n\n\n<p class=\"wp-block-paragraph\">Amikor Emmett aznap este a v\u00e1ll\u00e1ra tette a kez\u00e9t, Rosalie eg\u00e9sz teste megmerevedett.<\/p>\n\n\n\n<p class=\"wp-block-paragraph\">Nem mindennapi f\u00e9lelem volt.<\/p>\n\n\n\n<p class=\"wp-block-paragraph\">Ez egy olyan ember tanult reakci\u00f3ja volt, aki minden mozdulatt\u00f3l f\u00e9l egy bizonyos szem\u00e9ly jelenl\u00e9t\u00e9ben.<\/p>\n\n\n\n<p class=\"wp-block-paragraph\">Manuel \u00e9szrevette.<\/p>\n\n\n\n<p class=\"wp-block-paragraph\">Nem sz\u00f3lt semmit.<\/p>\n\n\n\n<p class=\"wp-block-paragraph\">Csak eml\u00e9kezett r\u00e1.<\/p>\n\n\n\n<p class=\"wp-block-paragraph\"><\/p>\n","protected":false},"excerpt":{"rendered":"Nem szerelemb\u0151l vagy h\u00e1zass\u00e1g ut\u00e1ni v\u00e1gyb\u00f3l tette. Az apja meg\u00edg\u00e9rt neki valamit, amire k\u00e9ts\u00e9gbeesetten sz\u00fcks\u00e9ge volt: megmenteni a csal\u00e1di v\u00e1llalkoz\u00e1st \u00e9s tiszt\u00e1ra mosni \n<a class=\"moretag\" href=\"https:\/\/vengria.info\/?p=18183\"> [...]<\/a>","protected":false},"author":1,"featured_media":18185,"comment_status":"open","ping_status":"open","sticky":false,"template":"","format":"standard","meta":{"footnotes":""},"categories":[1,2],"tags":[],"class_list":["post-18183","post","type-post","status-publish","format-standard","has-post-thumbnail","hentry","category-news","category-video"],"yoast_head":"<!-- This site is optimized with the Yoast SEO plugin v28.3 - https:\/\/yoast.com\/product\/yoast-seo-wordpress\/ -->\n<title>Beleegyezett, hogy feles\u00e9g\u00fcl veszi azt a n\u0151t, akit a fels\u0151 t\u00e1rsadalom \u00e9vek \u00f3ta \u201eAmerika legcs\u00fany\u00e1bb l\u00e1ny\u00e1nak\u201d b\u00e9lyegzett. -<\/title>\n<meta name=\"robots\" content=\"index, follow, max-snippet:-1, max-image-preview:large, max-video-preview:-1\" \/>\n<link rel=\"canonical\" href=\"https:\/\/vengria.info\/?p=18183\" \/>\n<meta property=\"og:locale\" content=\"en_US\" \/>\n<meta property=\"og:type\" content=\"article\" \/>\n<meta property=\"og:title\" content=\"Beleegyezett, hogy feles\u00e9g\u00fcl veszi azt a n\u0151t, akit a fels\u0151 t\u00e1rsadalom \u00e9vek \u00f3ta \u201eAmerika legcs\u00fany\u00e1bb l\u00e1ny\u00e1nak\u201d b\u00e9lyegzett. -\" \/>\n<meta property=\"og:description\" content=\"Nem szerelemb\u0151l vagy h\u00e1zass\u00e1g ut\u00e1ni v\u00e1gyb\u00f3l tette. Az apja meg\u00edg\u00e9rt neki valamit, amire k\u00e9ts\u00e9gbeesetten sz\u00fcks\u00e9ge volt: megmenteni a csal\u00e1di v\u00e1llalkoz\u00e1st \u00e9s tiszt\u00e1ra mosni\" \/>\n<meta property=\"og:url\" content=\"https:\/\/vengria.info\/?p=18183\" \/>\n<meta property=\"article:published_time\" content=\"2026-09-02T10:54:24+00:00\" \/>\n<meta property=\"article:modified_time\" content=\"2026-09-02T10:54:27+00:00\" \/>\n<meta property=\"og:image\" content=\"https:\/\/vengria.info\/wp-content\/uploads\/2026\/09\/qdwasxzasdzx.jpg\" \/>\n\t<meta property=\"og:image:width\" content=\"848\" \/>\n\t<meta property=\"og:image:height\" content=\"1264\" \/>\n\t<meta property=\"og:image:type\" content=\"image\/jpeg\" \/>\n<meta name=\"author\" content=\"admin\" \/>\n<meta name=\"twitter:card\" content=\"summary_large_image\" \/>\n<meta name=\"twitter:label1\" content=\"Written by\" \/>\n\t<meta name=\"twitter:data1\" content=\"admin\" \/>\n\t<meta name=\"twitter:label2\" content=\"Est. reading time\" \/>\n\t<meta name=\"twitter:data2\" content=\"4 minutes\" \/>\n<script type=\"application\/ld+json\" class=\"yoast-schema-graph\">{\"@context\":\"https:\\\/\\\/schema.org\",\"@graph\":[{\"@type\":\"Article\",\"@id\":\"https:\\\/\\\/vengria.info\\\/?p=18183#article\",\"isPartOf\":{\"@id\":\"https:\\\/\\\/vengria.info\\\/?p=18183\"},\"author\":{\"name\":\"admin\",\"@id\":\"https:\\\/\\\/vengria.info\\\/#\\\/schema\\\/person\\\/b815b04a6b1fb36a2d064955a92f68d4\"},\"headline\":\"Beleegyezett, hogy feles\u00e9g\u00fcl veszi azt a n\u0151t, akit a fels\u0151 t\u00e1rsadalom \u00e9vek \u00f3ta \u201eAmerika legcs\u00fany\u00e1bb l\u00e1ny\u00e1nak\u201d b\u00e9lyegzett.\",\"datePublished\":\"2026-09-02T10:54:24+00:00\",\"dateModified\":\"2026-09-02T10:54:27+00:00\",\"mainEntityOfPage\":{\"@id\":\"https:\\\/\\\/vengria.info\\\/?p=18183\"},\"wordCount\":1146,\"commentCount\":0,\"image\":{\"@id\":\"https:\\\/\\\/vengria.info\\\/?p=18183#primaryimage\"},\"thumbnailUrl\":\"https:\\\/\\\/vengria.info\\\/wp-content\\\/uploads\\\/2026\\\/09\\\/qdwasxzasdzx.jpg\",\"articleSection\":[\"NEWS\",\"VIDEO\"],\"inLanguage\":\"en-US\",\"potentialAction\":[{\"@type\":\"CommentAction\",\"name\":\"Comment\",\"target\":[\"https:\\\/\\\/vengria.info\\\/?p=18183#respond\"]}]},{\"@type\":\"WebPage\",\"@id\":\"https:\\\/\\\/vengria.info\\\/?p=18183\",\"url\":\"https:\\\/\\\/vengria.info\\\/?p=18183\",\"name\":\"Beleegyezett, hogy feles\u00e9g\u00fcl veszi azt a n\u0151t, akit a fels\u0151 t\u00e1rsadalom \u00e9vek \u00f3ta \u201eAmerika legcs\u00fany\u00e1bb l\u00e1ny\u00e1nak\u201d b\u00e9lyegzett. -\",\"isPartOf\":{\"@id\":\"https:\\\/\\\/vengria.info\\\/#website\"},\"primaryImageOfPage\":{\"@id\":\"https:\\\/\\\/vengria.info\\\/?p=18183#primaryimage\"},\"image\":{\"@id\":\"https:\\\/\\\/vengria.info\\\/?p=18183#primaryimage\"},\"thumbnailUrl\":\"https:\\\/\\\/vengria.info\\\/wp-content\\\/uploads\\\/2026\\\/09\\\/qdwasxzasdzx.jpg\",\"datePublished\":\"2026-09-02T10:54:24+00:00\",\"dateModified\":\"2026-09-02T10:54:27+00:00\",\"author\":{\"@id\":\"https:\\\/\\\/vengria.info\\\/#\\\/schema\\\/person\\\/b815b04a6b1fb36a2d064955a92f68d4\"},\"breadcrumb\":{\"@id\":\"https:\\\/\\\/vengria.info\\\/?p=18183#breadcrumb\"},\"inLanguage\":\"en-US\",\"potentialAction\":[{\"@type\":\"ReadAction\",\"target\":[\"https:\\\/\\\/vengria.info\\\/?p=18183\"]}]},{\"@type\":\"ImageObject\",\"inLanguage\":\"en-US\",\"@id\":\"https:\\\/\\\/vengria.info\\\/?p=18183#primaryimage\",\"url\":\"https:\\\/\\\/vengria.info\\\/wp-content\\\/uploads\\\/2026\\\/09\\\/qdwasxzasdzx.jpg\",\"contentUrl\":\"https:\\\/\\\/vengria.info\\\/wp-content\\\/uploads\\\/2026\\\/09\\\/qdwasxzasdzx.jpg\",\"width\":848,\"height\":1264},{\"@type\":\"BreadcrumbList\",\"@id\":\"https:\\\/\\\/vengria.info\\\/?p=18183#breadcrumb\",\"itemListElement\":[{\"@type\":\"ListItem\",\"position\":1,\"name\":\"Home\",\"item\":\"https:\\\/\\\/vengria.info\\\/\"},{\"@type\":\"ListItem\",\"position\":2,\"name\":\"Beleegyezett, hogy feles\u00e9g\u00fcl veszi azt a n\u0151t, akit a fels\u0151 t\u00e1rsadalom \u00e9vek \u00f3ta \u201eAmerika legcs\u00fany\u00e1bb l\u00e1ny\u00e1nak\u201d b\u00e9lyegzett.\"}]},{\"@type\":\"WebSite\",\"@id\":\"https:\\\/\\\/vengria.info\\\/#website\",\"url\":\"https:\\\/\\\/vengria.info\\\/\",\"name\":\"\",\"description\":\"\",\"potentialAction\":[{\"@type\":\"SearchAction\",\"target\":{\"@type\":\"EntryPoint\",\"urlTemplate\":\"https:\\\/\\\/vengria.info\\\/?s={search_term_string}\"},\"query-input\":{\"@type\":\"PropertyValueSpecification\",\"valueRequired\":true,\"valueName\":\"search_term_string\"}}],\"inLanguage\":\"en-US\"},{\"@type\":\"Person\",\"@id\":\"https:\\\/\\\/vengria.info\\\/#\\\/schema\\\/person\\\/b815b04a6b1fb36a2d064955a92f68d4\",\"name\":\"admin\",\"image\":{\"@type\":\"ImageObject\",\"inLanguage\":\"en-US\",\"@id\":\"https:\\\/\\\/secure.gravatar.com\\\/avatar\\\/a29bad30ab19883c48927f9ee55a40d0d1a0c3c343bcef70ad9a0a9cb421f0fa?s=96&d=mm&r=g\",\"url\":\"https:\\\/\\\/secure.gravatar.com\\\/avatar\\\/a29bad30ab19883c48927f9ee55a40d0d1a0c3c343bcef70ad9a0a9cb421f0fa?s=96&d=mm&r=g\",\"contentUrl\":\"https:\\\/\\\/secure.gravatar.com\\\/avatar\\\/a29bad30ab19883c48927f9ee55a40d0d1a0c3c343bcef70ad9a0a9cb421f0fa?s=96&d=mm&r=g\",\"caption\":\"admin\"},\"sameAs\":[\"http:\\\/\\\/vengria.info\"],\"url\":\"https:\\\/\\\/vengria.info\\\/?author=1\"}]}<\/script>\n<!-- \/ Yoast SEO plugin. -->","yoast_head_json":{"title":"Beleegyezett, hogy feles\u00e9g\u00fcl veszi azt a n\u0151t, akit a fels\u0151 t\u00e1rsadalom \u00e9vek \u00f3ta \u201eAmerika legcs\u00fany\u00e1bb l\u00e1ny\u00e1nak\u201d b\u00e9lyegzett. -","robots":{"index":"index","follow":"follow","max-snippet":"max-snippet:-1","max-image-preview":"max-image-preview:large","max-video-preview":"max-video-preview:-1"},"canonical":"https:\/\/vengria.info\/?p=18183","og_locale":"en_US","og_type":"article","og_title":"Beleegyezett, hogy feles\u00e9g\u00fcl veszi azt a n\u0151t, akit a fels\u0151 t\u00e1rsadalom \u00e9vek \u00f3ta \u201eAmerika legcs\u00fany\u00e1bb l\u00e1ny\u00e1nak\u201d b\u00e9lyegzett. -","og_description":"Nem szerelemb\u0151l vagy h\u00e1zass\u00e1g ut\u00e1ni v\u00e1gyb\u00f3l tette. Az apja meg\u00edg\u00e9rt neki valamit, amire k\u00e9ts\u00e9gbeesetten sz\u00fcks\u00e9ge volt: megmenteni a csal\u00e1di v\u00e1llalkoz\u00e1st \u00e9s tiszt\u00e1ra mosni","og_url":"https:\/\/vengria.info\/?p=18183","article_published_time":"2026-09-02T10:54:24+00:00","article_modified_time":"2026-09-02T10:54:27+00:00","og_image":[{"width":848,"height":1264,"url":"https:\/\/vengria.info\/wp-content\/uploads\/2026\/09\/qdwasxzasdzx.jpg","type":"image\/jpeg"}],"author":"admin","twitter_card":"summary_large_image","twitter_misc":{"Written by":"admin","Est. reading time":"4 minutes"},"schema":{"@context":"https:\/\/schema.org","@graph":[{"@type":"Article","@id":"https:\/\/vengria.info\/?p=18183#article","isPartOf":{"@id":"https:\/\/vengria.info\/?p=18183"},"author":{"name":"admin","@id":"https:\/\/vengria.info\/#\/schema\/person\/b815b04a6b1fb36a2d064955a92f68d4"},"headline":"Beleegyezett, hogy feles\u00e9g\u00fcl veszi azt a n\u0151t, akit a fels\u0151 t\u00e1rsadalom \u00e9vek \u00f3ta \u201eAmerika legcs\u00fany\u00e1bb l\u00e1ny\u00e1nak\u201d b\u00e9lyegzett.","datePublished":"2026-09-02T10:54:24+00:00","dateModified":"2026-09-02T10:54:27+00:00","mainEntityOfPage":{"@id":"https:\/\/vengria.info\/?p=18183"},"wordCount":1146,"commentCount":0,"image":{"@id":"https:\/\/vengria.info\/?p=18183#primaryimage"},"thumbnailUrl":"https:\/\/vengria.info\/wp-content\/uploads\/2026\/09\/qdwasxzasdzx.jpg","articleSection":["NEWS","VIDEO"],"inLanguage":"en-US","potentialAction":[{"@type":"CommentAction","name":"Comment","target":["https:\/\/vengria.info\/?p=18183#respond"]}]},{"@type":"WebPage","@id":"https:\/\/vengria.info\/?p=18183","url":"https:\/\/vengria.info\/?p=18183","name":"Beleegyezett, hogy feles\u00e9g\u00fcl veszi azt a n\u0151t, akit a fels\u0151 t\u00e1rsadalom \u00e9vek \u00f3ta \u201eAmerika legcs\u00fany\u00e1bb l\u00e1ny\u00e1nak\u201d b\u00e9lyegzett. -","isPartOf":{"@id":"https:\/\/vengria.info\/#website"},"primaryImageOfPage":{"@id":"https:\/\/vengria.info\/?p=18183#primaryimage"},"image":{"@id":"https:\/\/vengria.info\/?p=18183#primaryimage"},"thumbnailUrl":"https:\/\/vengria.info\/wp-content\/uploads\/2026\/09\/qdwasxzasdzx.jpg","datePublished":"2026-09-02T10:54:24+00:00","dateModified":"2026-09-02T10:54:27+00:00","author":{"@id":"https:\/\/vengria.info\/#\/schema\/person\/b815b04a6b1fb36a2d064955a92f68d4"},"breadcrumb":{"@id":"https:\/\/vengria.info\/?p=18183#breadcrumb"},"inLanguage":"en-US","potentialAction":[{"@type":"ReadAction","target":["https:\/\/vengria.info\/?p=18183"]}]},{"@type":"ImageObject","inLanguage":"en-US","@id":"https:\/\/vengria.info\/?p=18183#primaryimage","url":"https:\/\/vengria.info\/wp-content\/uploads\/2026\/09\/qdwasxzasdzx.jpg","contentUrl":"https:\/\/vengria.info\/wp-content\/uploads\/2026\/09\/qdwasxzasdzx.jpg","width":848,"height":1264},{"@type":"BreadcrumbList","@id":"https:\/\/vengria.info\/?p=18183#breadcrumb","itemListElement":[{"@type":"ListItem","position":1,"name":"Home","item":"https:\/\/vengria.info\/"},{"@type":"ListItem","position":2,"name":"Beleegyezett, hogy feles\u00e9g\u00fcl veszi azt a n\u0151t, akit a fels\u0151 t\u00e1rsadalom \u00e9vek \u00f3ta \u201eAmerika legcs\u00fany\u00e1bb l\u00e1ny\u00e1nak\u201d b\u00e9lyegzett."}]},{"@type":"WebSite","@id":"https:\/\/vengria.info\/#website","url":"https:\/\/vengria.info\/","name":"","description":"","potentialAction":[{"@type":"SearchAction","target":{"@type":"EntryPoint","urlTemplate":"https:\/\/vengria.info\/?s={search_term_string}"},"query-input":{"@type":"PropertyValueSpecification","valueRequired":true,"valueName":"search_term_string"}}],"inLanguage":"en-US"},{"@type":"Person","@id":"https:\/\/vengria.info\/#\/schema\/person\/b815b04a6b1fb36a2d064955a92f68d4","name":"admin","image":{"@type":"ImageObject","inLanguage":"en-US","@id":"https:\/\/secure.gravatar.com\/avatar\/a29bad30ab19883c48927f9ee55a40d0d1a0c3c343bcef70ad9a0a9cb421f0fa?s=96&d=mm&r=g","url":"https:\/\/secure.gravatar.com\/avatar\/a29bad30ab19883c48927f9ee55a40d0d1a0c3c343bcef70ad9a0a9cb421f0fa?s=96&d=mm&r=g","contentUrl":"https:\/\/secure.gravatar.com\/avatar\/a29bad30ab19883c48927f9ee55a40d0d1a0c3c343bcef70ad9a0a9cb421f0fa?s=96&d=mm&r=g","caption":"admin"},"sameAs":["http:\/\/vengria.info"],"url":"https:\/\/vengria.info\/?author=1"}]}},"_links":{"self":[{"href":"https:\/\/vengria.info\/index.php?rest_route=\/wp\/v2\/posts\/18183","targetHints":{"allow":["GET"]}}],"collection":[{"href":"https:\/\/vengria.info\/index.php?rest_route=\/wp\/v2\/posts"}],"about":[{"href":"https:\/\/vengria.info\/index.php?rest_route=\/wp\/v2\/types\/post"}],"author":[{"embeddable":true,"href":"https:\/\/vengria.info\/index.php?rest_route=\/wp\/v2\/users\/1"}],"replies":[{"embeddable":true,"href":"https:\/\/vengria.info\/index.php?rest_route=%2Fwp%2Fv2%2Fcomments&post=18183"}],"version-history":[{"count":1,"href":"https:\/\/vengria.info\/index.php?rest_route=\/wp\/v2\/posts\/18183\/revisions"}],"predecessor-version":[{"id":18187,"href":"https:\/\/vengria.info\/index.php?rest_route=\/wp\/v2\/posts\/18183\/revisions\/18187"}],"wp:featuredmedia":[{"embeddable":true,"href":"https:\/\/vengria.info\/index.php?rest_route=\/wp\/v2\/media\/18185"}],"wp:attachment":[{"href":"https:\/\/vengria.info\/index.php?rest_route=%2Fwp%2Fv2%2Fmedia&parent=18183"}],"wp:term":[{"taxonomy":"category","embeddable":true,"href":"https:\/\/vengria.info\/index.php?rest_route=%2Fwp%2Fv2%2Fcategories&post=18183"},{"taxonomy":"post_tag","embeddable":true,"href":"https:\/\/vengria.info\/index.php?rest_route=%2Fwp%2Fv2%2Ftags&post=18183"}],"curies":[{"name":"wp","href":"https:\/\/api.w.org\/{rel}","templated":true}]}}