{"id":18176,"date":"2026-09-01T13:18:48","date_gmt":"2026-09-01T13:18:48","guid":{"rendered":"https:\/\/vengria.info\/?p=18176"},"modified":"2026-09-01T13:18:49","modified_gmt":"2026-09-01T13:18:49","slug":"apam-elhagyta-anyamat-egy-szeretoert-ket-evvel-kesobb-felesegul-vette","status":"publish","type":"post","link":"https:\/\/vengria.info\/?p=18176","title":{"rendered":"Ap\u00e1m elhagyta any\u00e1mat egy szeret\u0151\u00e9rt. K\u00e9t \u00e9vvel k\u00e9s\u0151bb feles\u00e9g\u00fcl vette."},"content":{"rendered":"\n<p class=\"wp-block-paragraph\">Azt hittem, a nap legrosszabb r\u00e9sze az lesz, hogy a templomban \u00fclve n\u00e9zem, ahogy a f\u00e9rfi, aki t\u00f6nkretette a csal\u00e1dunkat, mindenki el\u0151tt h\u0171s\u00e9get fogad egy m\u00e1sik n\u0151nek.<\/p>\n\n\n\n<p class=\"wp-block-paragraph\">De fogalmam sem volt, hogy abban a pillanatban, amikor ap\u00e1m elkezdi kimondani az esk\u00fcv\u0151i fogadalm\u00e1t, tizenk\u00e9t \u00e9ves b\u00e1ty\u00e1m, Lucas fel\u00e1ll, \u00e9s mond valamit, amit\u0151l az eg\u00e9sz terem teljes csendbe borul.<\/p>\n\n\n\n<p class=\"wp-block-paragraph\">\u00c9s mindenekel\u0151tt fogalmam sem volt arr\u00f3l, hogy ez a csendes fi\u00fa, aki az elm\u00falt k\u00e9t \u00e9vben alig besz\u00e9lt az \u00e9rz\u00e9seir\u0151l, mindent apr\u00f3l\u00e9kosan el\u0151k\u00e9sz\u00edtett.<\/p>\n\n\n\n<p class=\"wp-block-paragraph\">A csal\u00e1dunk valaha t\u00f6k\u00e9letesnek t\u0171nt.<\/p>\n\n\n\n<p class=\"wp-block-paragraph\">A sz\u00fcleim majdnem h\u00fasz \u00e9ve voltak egy\u00fctt.<\/p>\n\n\n\n<p class=\"wp-block-paragraph\">Apa nyitott, magabiztos volt, \u00e9s mindig tudta, mit kell mondania. B\u00e1rhov\u00e1 ment, az emberek azonnal k\u00f6r\u00e9 gy\u0171ltek.<\/p>\n\n\n\n<p class=\"wp-block-paragraph\">Anya teljesen m\u00e1s volt.<\/p>\n\n\n\n<p class=\"wp-block-paragraph\">Nyugodt, gyakorlatias volt, \u00e9s soha nem kellett a figyelem k\u00f6z\u00e9ppontj\u00e1ban lennie.<\/p>\n\n\n\n<p class=\"wp-block-paragraph\">\u0150 tartotta egyben az otthonunkat.<\/p>\n\n\n\n<p class=\"wp-block-paragraph\">Amikor ap\u00e1m elfelejtette a sz\u00fclet\u00e9snapj\u00e1t, eml\u00e9keztette r\u00e1.<\/p>\n\n\n\n<p class=\"wp-block-paragraph\">Amikor probl\u00e9m\u00e1ja akadt a munkahely\u00e9n, a n\u0151 hallgatott r\u00e1.<\/p>\n\n\n\n<p class=\"wp-block-paragraph\">Amikor Lucas \u00e9s \u00e9n megbetegedt\u00fcnk, eg\u00e9sz \u00e9jjel fennmaradt.<\/p>\n\n\n\n<p class=\"wp-block-paragraph\">Sz\u00e1munkra nem voltak h\u00edres p\u00e1r vagy t\u00f6k\u00e9letes p\u00e1r.<\/p>\n\n\n\n<p class=\"wp-block-paragraph\">Csak anya \u00e9s apa voltak.<\/p>\n\n\n\n<p class=\"wp-block-paragraph\">A mi otthonunk.<\/p>\n\n\n\n<p class=\"wp-block-paragraph\">Azt\u00e1n egy este minden v\u00e9get \u00e9rt.<\/p>\n\n\n\n<p class=\"wp-block-paragraph\">Anya megtudta, hogy ap\u00e1nak szeret\u0151je van.<\/p>\n\n\n\n<p class=\"wp-block-paragraph\">Nem egyszeri hiba volt.<\/p>\n\n\n\n<p class=\"wp-block-paragraph\">A f\u00e9rfi m\u00e1r h\u00f3napok \u00f3ta kapcsolatban volt vele.<\/p>\n\n\n\n<p class=\"wp-block-paragraph\">Clar\u00e1nak h\u00edvt\u00e1k.<\/p>\n\n\n\n<p class=\"wp-block-paragraph\">Fiatalabb, magabiztosabb volt, \u00e9s szerette a figyelmet. A k\u00f6z\u00f6ss\u00e9gi m\u00e9di\u00e1ban fot\u00f3k voltak r\u00f3la bulikb\u00f3l, eleg\u00e1ns \u00e9ttermekb\u0151l \u00e9s k\u00fcl\u00f6nf\u00e9le t\u00e1rsas\u00e1gi esem\u00e9nyekr\u0151l.<\/p>\n\n\n\n<p class=\"wp-block-paragraph\">Amikor anya megk\u00e9rdezte ap\u00e1t, hogy igaz-e, sok\u00e1ig hallgatott.<\/p>\n\n\n\n<p class=\"wp-block-paragraph\">Azt\u00e1n azt mondta:<\/p>\n\n\n\n<p class=\"wp-block-paragraph\">\u201eCsak megt\u00f6rt\u00e9nt.\u201d<\/p>\n\n\n\n<p class=\"wp-block-paragraph\">Soha nem fogom elfelejteni anya arckifejez\u00e9s\u00e9t.<\/p>\n\n\n\n<p class=\"wp-block-paragraph\">Nem sik\u00edtott.<\/p>\n\n\n\n<p class=\"wp-block-paragraph\">Nem dobott r\u00e1 semmit.<\/p>\n\n\n\n<p class=\"wp-block-paragraph\">Csak a konyhaasztaln\u00e1l \u00fclt, \u00e9s egyenesen maga el\u00e9 b\u00e1mult.<\/p>\n\n\n\n<p class=\"wp-block-paragraph\">\u2013 Mi lesz vel\u00fcnk? \u2013 k\u00e9rdezte.<\/p>\n\n\n\n<p class=\"wp-block-paragraph\">Apa nem v\u00e1laszolt.<\/p>\n\n\n\n<p class=\"wp-block-paragraph\">N\u00e9h\u00e1ny h\u00e9ttel k\u00e9s\u0151bb elk\u00f6lt\u00f6z\u00f6tt.<\/p>\n\n\n\n<p class=\"wp-block-paragraph\">Clar\u00e1hoz.<\/p>\n\n\n\n<p class=\"wp-block-paragraph\">A v\u00e1l\u00e1s gyorsan j\u00f6tt.<\/p>\n\n\n\n<p class=\"wp-block-paragraph\">T\u00fal gyorsan.<\/p>\n\n\n\n<p class=\"wp-block-paragraph\">A feln\u0151tteknek lehetnek jogi dokumentumok, meg\u00e1llapod\u00e1sok \u00e9s vagyonmegoszt\u00e1sok.<\/p>\n\n\n\n<p class=\"wp-block-paragraph\">De egy gyereknek csak egy \u00e9rz\u00e9se van.<\/p>\n\n\n\n<p class=\"wp-block-paragraph\">Valaki, akiben megb\u00edzt\u00e1l, elment.<\/p>\n\n\n\n<p class=\"wp-block-paragraph\">Lucas akkor t\u00edz\u00e9ves volt.<\/p>\n\n\n\n<p class=\"wp-block-paragraph\">Eleinte arra sz\u00e1m\u00edtott, hogy az apja visszaj\u00f6n.<\/p>\n\n\n\n<p class=\"wp-block-paragraph\">Minden este megk\u00e9rdezte:<\/p>\n\n\n\n<p class=\"wp-block-paragraph\">\u2013 Ma elj\u00f6n?<\/p>\n\n\n\n<p class=\"wp-block-paragraph\">N\u00e9h\u00e1ny h\u00f3nap m\u00falva abbahagyta a k\u00e9rdez\u0151sk\u00f6d\u00e9st.<\/p>\n\n\n\n<p class=\"wp-block-paragraph\">Abbantotta a h\u00edvogat\u00e1st.<\/p>\n\n\n\n<p class=\"wp-block-paragraph\">Abbantotta a h\u00e9tv\u00e9g\u00e9k v\u00e1rakoz\u00e1s\u00e1t.<\/p>\n\n\n\n<p class=\"wp-block-paragraph\">M\u00e9g a focimeccset is abbahagyta, amit annyira szeretett.<\/p>\n\n\n\n<p class=\"wp-block-paragraph\">Tizenhat \u00e9ves voltam.<\/p>\n\n\n\n<p class=\"wp-block-paragraph\">El\u00e9g id\u0151s voltam ahhoz, hogy meg\u00e9rtsem, mit tett ap\u00e1m.<\/p>\n\n\n\n<p class=\"wp-block-paragraph\">\u00c9s el\u00e9g fiatal ahhoz, hogy soha ne bocs\u00e1ssak meg neki.<\/p>\n\n\n\n<p class=\"wp-block-paragraph\">Apa minden m\u00e1sodik h\u00e9tv\u00e9g\u00e9n l\u00e1tott minket.<\/p>\n\n\n\n<p class=\"wp-block-paragraph\">Mindig pr\u00f3b\u00e1lt \u00fagy tenni, mintha minden rendben lenne.<\/p>\n\n\n\n<p class=\"wp-block-paragraph\">\u2013 Na \u00e9s, bajnokok?<\/p>\n\n\n\n<p class=\"wp-block-paragraph\">Mosolygott.<\/p>\n\n\n\n<p class=\"wp-block-paragraph\">K\u00e9rdezett az iskol\u00e1r\u00f3l.<\/p>\n\n\n\n<p class=\"wp-block-paragraph\">Vett nek\u00fcnk aj\u00e1nd\u00e9kokat.<\/p>\n\n\n\n<p class=\"wp-block-paragraph\">De Lucas alig n\u00e9zett r\u00e1.<\/p>\n\n\n\n<p class=\"wp-block-paragraph\">Egyszer megk\u00e9rdeztem t\u0151le:<\/p>\n\n\n\n<p class=\"wp-block-paragraph\">\u201eMi\u00e9rt nem besz\u00e9lsz vele?\u201d<\/p>\n\n\n\n<p class=\"wp-block-paragraph\">Megvonta a v\u00e1ll\u00e1t.<\/p>\n\n\n\n<p class=\"wp-block-paragraph\">\u201eNincs mit mondanom neki.\u201d<\/p>\n\n\n\n<p class=\"wp-block-paragraph\">\u00c9s akkor j\u00f6tt a telefonh\u00edv\u00e1s.<\/p>\n\n\n\n<p class=\"wp-block-paragraph\">Majdnem k\u00e9t \u00e9vvel a v\u00e1l\u00e1s ut\u00e1n t\u00f6rt\u00e9nt.<\/p>\n\n\n\n<p class=\"wp-block-paragraph\">Apa azt mondta, hogy megn\u0151s\u00fcl.<\/p>\n\n\n\n<p class=\"wp-block-paragraph\">Clar\u00e1hoz.<\/p>\n\n\n\n<p class=\"wp-block-paragraph\">\u201eAzt akarom, hogy ott legy\u00e9l\u201d \u2013 mondta.<\/p>\n\n\n\n<p class=\"wp-block-paragraph\">Sok\u00e1ig hallgattam.<\/p>\n\n\n\n<p class=\"wp-block-paragraph\">\u201eMi\u00e9rt?\u201d<\/p>\n\n\n\n<p class=\"wp-block-paragraph\">\u201eMert ti a gyerekeim vagytok.\u201d<\/p>\n\n\n\n<p class=\"wp-block-paragraph\">Ez feld\u00fch\u00edtett.<\/p>\n\n\n\n<p class=\"wp-block-paragraph\">\u201eMost jut eszedbe?\u201d<\/p>\n\n\n\n<p class=\"wp-block-paragraph\">Csend volt a vonal t\u00fals\u00f3 v\u00e9g\u00e9n.<\/p>\n\n\n\n<p class=\"wp-block-paragraph\">\u201eTudom, hogy ez nem k\u00f6nny\u0171 neked.\u201d<\/p>\n\n\n\n<p class=\"wp-block-paragraph\">\u201eNem. Nem az.\u201d<\/p>\n\n\n\n<p class=\"wp-block-paragraph\">\u201eDe fontos vagy nekem.\u201d<\/p>\n\n\n\n<p class=\"wp-block-paragraph\">Azt akartam mondani neki, hogy ha t\u00e9nyleg fontosak lett\u00fcnk volna neki, tal\u00e1n akkoriban nem hozott volna m\u00e9g egy n\u0151t az \u00e9let\u00fcnkbe.<\/p>\n\n\n\n<p class=\"wp-block-paragraph\">Nem mondtam ezt.<\/p>\n\n\n\n<p class=\"wp-block-paragraph\">Csak annyit mondtam:<\/p>\n\n\n\n<p class=\"wp-block-paragraph\">\u201eRendben. Megy\u00fcnk.\u201d<\/p>\n\n\n\n<p class=\"wp-block-paragraph\">Lucas mellettem \u00fclt a kanap\u00e9n.<\/p>\n\n\n\n<p class=\"wp-block-paragraph\">V\u00e9gig hallgatott.<\/p>\n\n\n\n<p class=\"wp-block-paragraph\">Amikor letettem a telefont, r\u00e1n\u00e9ztem.<\/p>\n\n\n\n<p class=\"wp-block-paragraph\">\u201eAkarsz menni?\u201d<\/p>\n\n\n\n<p class=\"wp-block-paragraph\">Egy pillanatra elhallgatott.<\/p>\n\n\n\n<p class=\"wp-block-paragraph\">Azt\u00e1n b\u00f3lintott.<\/p>\n\n\n\n<p class=\"wp-block-paragraph\">\u201eIgen.\u201d<\/p>\n\n\n\n<p class=\"wp-block-paragraph\">\u201eBiztos vagy benne?\u201d<\/p>\n\n\n\n<p class=\"wp-block-paragraph\">\u201eIgen.\u201d<\/p>\n\n\n\n<figure class=\"wp-block-image size-large\"><img loading=\"lazy\" decoding=\"async\" width=\"740\" height=\"1024\" src=\"https:\/\/vengria.info\/wp-content\/uploads\/2026\/09\/ewdsxzdscx-740x1024.jpg\" alt=\"\" class=\"wp-image-18178\" srcset=\"https:\/\/vengria.info\/wp-content\/uploads\/2026\/09\/ewdsxzdscx-740x1024.jpg 740w, https:\/\/vengria.info\/wp-content\/uploads\/2026\/09\/ewdsxzdscx-217x300.jpg 217w, https:\/\/vengria.info\/wp-content\/uploads\/2026\/09\/ewdsxzdscx-768x1062.jpg 768w, https:\/\/vengria.info\/wp-content\/uploads\/2026\/09\/ewdsxzdscx.jpg 879w\" sizes=\"auto, (max-width: 740px) 100vw, 740px\" \/><\/figure>\n\n\n\n<p class=\"wp-block-paragraph\">A hangja furcs\u00e1n nyugodt volt.<\/p>\n\n\n\n<p class=\"wp-block-paragraph\">Akkor m\u00e9g nem vettem \u00e9szre.<\/p>\n\n\n\n<p class=\"wp-block-paragraph\">N\u00e9h\u00e1ny nappal k\u00e9s\u0151bb r\u00e1j\u00f6ttem, hogy Lucas mostan\u00e1ban sokat rejteget dolgokat a zseb\u00e9ben.<\/p>\n\n\n\n<p class=\"wp-block-paragraph\">Amikor megk\u00e9rdeztem t\u0151le, hogy mi az, azt v\u00e1laszolta:<\/p>\n\n\n\n<p class=\"wp-block-paragraph\">\u201eSemmi.\u201d<\/p>\n\n\n\n<p class=\"wp-block-paragraph\">Nem k\u00e9rdeztem tov\u00e1bb.<\/p>\n\n\n\n<p class=\"wp-block-paragraph\">Az esk\u00fcv\u0151 egy eleg\u00e1ns vid\u00e9ki klubban volt a v\u00e1ros sz\u00e9l\u00e9n.<\/p>\n\n\n\n<p class=\"wp-block-paragraph\">Amikor meg\u00e9rkezt\u00fcnk, \u00fagy \u00e9reztem, mintha egy m\u00e1sik vil\u00e1gba cs\u00f6ppentem volna.<\/p>\n\n\n\n<p class=\"wp-block-paragraph\">T\u00f6bb tucat feh\u00e9r sz\u00e9k \u00e1llt a gyepen.<\/p>\n\n\n\n<p class=\"wp-block-paragraph\">K\u00f6zt\u00fck vir\u00e1gok voltak elrendezve.<\/p>\n\n\n\n<p class=\"wp-block-paragraph\">Egy fa esk\u00fcv\u0151i bolt\u00edv \u00e1llt a kert k\u00f6zep\u00e9n.<\/p>\n\n\n\n<p class=\"wp-block-paragraph\">\u00c9l\u0151zene sz\u00f3lt.<\/p>\n\n\n\n<p class=\"wp-block-paragraph\">A vend\u00e9gek nevettek, fot\u00f3sok rohang\u00e1ltak az asztalok k\u00f6z\u00f6tt, \u00e9s pinc\u00e9rek italokat hoztak.<\/p>\n\n\n\n<p class=\"wp-block-paragraph\">Minden t\u00f6k\u00e9letes volt.<\/p>\n\n\n\n<p class=\"wp-block-paragraph\">\u00c9s ez\u00e9rt d\u00fch\u00edtett fel annyira.<\/p>\n\n\n\n<p class=\"wp-block-paragraph\">Hogyan \u00e1llhatott az a f\u00e9rfi, aki sz\u00e9tszak\u00edtotta a csal\u00e1dunkat, ma egy gy\u00f6ny\u00f6r\u0171 kert k\u00f6zep\u00e9n, \u00e9s \u00fagy tesz, mintha \u00faj \u00e9letet kezdene?<\/p>\n\n\n\n<p class=\"wp-block-paragraph\">Akkor megl\u00e1ttam.<\/p>\n\n\n\n<p class=\"wp-block-paragraph\">Apa az bolt\u00edv mellett \u00e1llt.<\/p>\n\n\n\n<p class=\"wp-block-paragraph\">Mosolygott.<\/p>\n\n\n\n<p class=\"wp-block-paragraph\">Clara mellette volt.<\/p>\n\n\n\n<p class=\"wp-block-paragraph\">Gy\u00f6ny\u00f6r\u0171 ruh\u00e1t viselt, \u00e9s t\u00f6bb koszor\u00fasl\u00e1ny volt k\u00f6r\u00fcl\u00f6tte.<\/p>\n\n\n\n<p class=\"wp-block-paragraph\">Amikor Apa megl\u00e1tott minket, ragyogott.<\/p>\n\n\n\n<p class=\"wp-block-paragraph\">\u201eTess\u00e9k!\u201d<\/p>\n\n\n\n<p class=\"wp-block-paragraph\">Odaj\u00f6tt \u00e9s meg\u00f6lelt minket.<\/p>\n\n\n\n<p class=\"wp-block-paragraph\">Megdermedtem.<\/p>\n\n\n\n<p class=\"wp-block-paragraph\">Lucas hagyta mag\u00e1t meg\u00f6lelni.<\/p>\n\n\n\n<p class=\"wp-block-paragraph\">De a karjai az oldal\u00e1n maradtak.<\/p>\n\n\n\n<p class=\"wp-block-paragraph\">Amikor elh\u00faz\u00f3dott t\u0151le, Apa \u00e9szrevette.<\/p>\n\n\n\n<p class=\"wp-block-paragraph\">\u201eJ\u00f3l vagy?\u201d<\/p>\n\n\n\n<p class=\"wp-block-paragraph\">Lucas b\u00f3lintott.<\/p>\n\n\n\n<p class=\"wp-block-paragraph\">\u201eIgen.\u201d<\/p>\n\n\n\n<p class=\"wp-block-paragraph\">\u201e\u00d6r\u00fclsz, hogy itt vagy?\u201d<\/p>\n\n\n\n<p class=\"wp-block-paragraph\">A fi\u00fa egy pillanatra r\u00e1n\u00e9zett.<\/p>\n\n\n\n<p class=\"wp-block-paragraph\">\u201eAz vagyok.\u201d<\/p>\n\n\n\n<p class=\"wp-block-paragraph\">Apa elmosolyodott, \u00e9s elment.<\/p>\n\n\n\n<p class=\"wp-block-paragraph\">Lucas fel\u00e9 hajoltam.<\/p>\n\n\n\n<p class=\"wp-block-paragraph\">\u201eHa t\u00fal sok lesz, b\u00e1rmikor elmehet\u00fcnk.\u201d<\/p>\n\n\n\n<p class=\"wp-block-paragraph\">\u201eNem.\u201d<\/p>\n\n\n\n<p class=\"wp-block-paragraph\">\u201eMi\u00e9rt?\u201d<\/p>\n\n\n\n<p class=\"wp-block-paragraph\">R\u00e1m n\u00e9zett.<\/p>\n\n\n\n<p class=\"wp-block-paragraph\">\u201eA v\u00e9g\u00e9ig akarom l\u00e1tni.\u201d<\/p>\n\n\n\n<p class=\"wp-block-paragraph\">A szertart\u00e1s elkezd\u0151d\u00f6tt.<\/p>\n\n\n\n<p class=\"wp-block-paragraph\">A m\u00e1sodik sorban \u00fclt\u00fcnk.<\/p>\n\n\n\n<p class=\"wp-block-paragraph\">Clara v\u00e9gigs\u00e9t\u00e1lt a folyos\u00f3n.<\/p>\n\n\n\n<p class=\"wp-block-paragraph\">A vend\u00e9gek fel\u00e1lltak.<\/p>\n\n\n\n<p class=\"wp-block-paragraph\">Apa mosolyogva n\u00e9zett r\u00e1.<\/p>\n\n\n\n<p class=\"wp-block-paragraph\">K\u00f6r\u00fcl\u00f6tt\u00fcnk mindenki boldognak t\u0171nt.<\/p>\n\n\n\n<p class=\"wp-block-paragraph\">Csak Lucas \u00fclt mozdulatlanul.<\/p>\n\n\n\n<p class=\"wp-block-paragraph\">A pap a szerelemr\u0151l kezdett besz\u00e9lni.<\/p>\n\n\n\n<p class=\"wp-block-paragraph\">A bizalomr\u00f3l.<\/p>\n\n\n\n<p class=\"wp-block-paragraph\">A csal\u00e1dr\u00f3l.<\/p>\n\n\n\n<p class=\"wp-block-paragraph\">Les\u00fct\u00f6ttem a tekintetem a \u201eh\u0171s\u00e9g\u201d sz\u00f3n\u00e1l.<\/p>\n\n\n\n<p class=\"wp-block-paragraph\">Clara elmondta a fogadalm\u00e1t.<\/p>\n\n\n\n<p class=\"wp-block-paragraph\">Arr\u00f3l besz\u00e9lt, hogyan hozta \u0151t a sors\u2026<\/p>\n\n\n\n<p class=\"wp-block-paragraph\"><\/p>\n","protected":false},"excerpt":{"rendered":"Azt hittem, a nap legrosszabb r\u00e9sze az lesz, hogy a templomban \u00fclve n\u00e9zem, ahogy a f\u00e9rfi, aki t\u00f6nkretette a csal\u00e1dunkat, mindenki el\u0151tt h\u0171s\u00e9get \n<a class=\"moretag\" href=\"https:\/\/vengria.info\/?p=18176\"> [...]<\/a>","protected":false},"author":1,"featured_media":18178,"comment_status":"open","ping_status":"open","sticky":false,"template":"","format":"standard","meta":{"footnotes":""},"categories":[1,2],"tags":[],"class_list":["post-18176","post","type-post","status-publish","format-standard","has-post-thumbnail","hentry","category-news","category-video"],"yoast_head":"<!-- This site is optimized with the Yoast SEO plugin v28.3 - https:\/\/yoast.com\/product\/yoast-seo-wordpress\/ -->\n<title>Ap\u00e1m elhagyta any\u00e1mat egy szeret\u0151\u00e9rt. K\u00e9t \u00e9vvel k\u00e9s\u0151bb feles\u00e9g\u00fcl vette. -<\/title>\n<meta name=\"robots\" content=\"index, follow, max-snippet:-1, max-image-preview:large, max-video-preview:-1\" \/>\n<link rel=\"canonical\" href=\"https:\/\/vengria.info\/?p=18176\" \/>\n<meta property=\"og:locale\" content=\"en_US\" \/>\n<meta property=\"og:type\" content=\"article\" \/>\n<meta property=\"og:title\" content=\"Ap\u00e1m elhagyta any\u00e1mat egy szeret\u0151\u00e9rt. K\u00e9t \u00e9vvel k\u00e9s\u0151bb feles\u00e9g\u00fcl vette. -\" \/>\n<meta property=\"og:description\" content=\"Azt hittem, a nap legrosszabb r\u00e9sze az lesz, hogy a templomban \u00fclve n\u00e9zem, ahogy a f\u00e9rfi, aki t\u00f6nkretette a csal\u00e1dunkat, mindenki el\u0151tt h\u0171s\u00e9get\" \/>\n<meta property=\"og:url\" content=\"https:\/\/vengria.info\/?p=18176\" \/>\n<meta property=\"article:published_time\" content=\"2026-09-01T13:18:48+00:00\" \/>\n<meta property=\"article:modified_time\" content=\"2026-09-01T13:18:49+00:00\" \/>\n<meta property=\"og:image\" content=\"https:\/\/vengria.info\/wp-content\/uploads\/2026\/09\/ewdsxzdscx.jpg\" \/>\n\t<meta property=\"og:image:width\" content=\"879\" \/>\n\t<meta property=\"og:image:height\" content=\"1216\" \/>\n\t<meta property=\"og:image:type\" content=\"image\/jpeg\" \/>\n<meta name=\"author\" content=\"admin\" \/>\n<meta name=\"twitter:card\" content=\"summary_large_image\" \/>\n<meta name=\"twitter:label1\" content=\"Written by\" \/>\n\t<meta name=\"twitter:data1\" content=\"admin\" \/>\n\t<meta name=\"twitter:label2\" content=\"Est. reading time\" \/>\n\t<meta name=\"twitter:data2\" content=\"4 minutes\" \/>\n<script type=\"application\/ld+json\" class=\"yoast-schema-graph\">{\"@context\":\"https:\\\/\\\/schema.org\",\"@graph\":[{\"@type\":\"Article\",\"@id\":\"https:\\\/\\\/vengria.info\\\/?p=18176#article\",\"isPartOf\":{\"@id\":\"https:\\\/\\\/vengria.info\\\/?p=18176\"},\"author\":{\"name\":\"admin\",\"@id\":\"https:\\\/\\\/vengria.info\\\/#\\\/schema\\\/person\\\/b815b04a6b1fb36a2d064955a92f68d4\"},\"headline\":\"Ap\u00e1m elhagyta any\u00e1mat egy szeret\u0151\u00e9rt. K\u00e9t \u00e9vvel k\u00e9s\u0151bb feles\u00e9g\u00fcl vette.\",\"datePublished\":\"2026-09-01T13:18:48+00:00\",\"dateModified\":\"2026-09-01T13:18:49+00:00\",\"mainEntityOfPage\":{\"@id\":\"https:\\\/\\\/vengria.info\\\/?p=18176\"},\"wordCount\":1096,\"commentCount\":0,\"image\":{\"@id\":\"https:\\\/\\\/vengria.info\\\/?p=18176#primaryimage\"},\"thumbnailUrl\":\"https:\\\/\\\/vengria.info\\\/wp-content\\\/uploads\\\/2026\\\/09\\\/ewdsxzdscx.jpg\",\"articleSection\":[\"NEWS\",\"VIDEO\"],\"inLanguage\":\"en-US\",\"potentialAction\":[{\"@type\":\"CommentAction\",\"name\":\"Comment\",\"target\":[\"https:\\\/\\\/vengria.info\\\/?p=18176#respond\"]}]},{\"@type\":\"WebPage\",\"@id\":\"https:\\\/\\\/vengria.info\\\/?p=18176\",\"url\":\"https:\\\/\\\/vengria.info\\\/?p=18176\",\"name\":\"Ap\u00e1m elhagyta any\u00e1mat egy szeret\u0151\u00e9rt. K\u00e9t \u00e9vvel k\u00e9s\u0151bb feles\u00e9g\u00fcl vette. -\",\"isPartOf\":{\"@id\":\"https:\\\/\\\/vengria.info\\\/#website\"},\"primaryImageOfPage\":{\"@id\":\"https:\\\/\\\/vengria.info\\\/?p=18176#primaryimage\"},\"image\":{\"@id\":\"https:\\\/\\\/vengria.info\\\/?p=18176#primaryimage\"},\"thumbnailUrl\":\"https:\\\/\\\/vengria.info\\\/wp-content\\\/uploads\\\/2026\\\/09\\\/ewdsxzdscx.jpg\",\"datePublished\":\"2026-09-01T13:18:48+00:00\",\"dateModified\":\"2026-09-01T13:18:49+00:00\",\"author\":{\"@id\":\"https:\\\/\\\/vengria.info\\\/#\\\/schema\\\/person\\\/b815b04a6b1fb36a2d064955a92f68d4\"},\"breadcrumb\":{\"@id\":\"https:\\\/\\\/vengria.info\\\/?p=18176#breadcrumb\"},\"inLanguage\":\"en-US\",\"potentialAction\":[{\"@type\":\"ReadAction\",\"target\":[\"https:\\\/\\\/vengria.info\\\/?p=18176\"]}]},{\"@type\":\"ImageObject\",\"inLanguage\":\"en-US\",\"@id\":\"https:\\\/\\\/vengria.info\\\/?p=18176#primaryimage\",\"url\":\"https:\\\/\\\/vengria.info\\\/wp-content\\\/uploads\\\/2026\\\/09\\\/ewdsxzdscx.jpg\",\"contentUrl\":\"https:\\\/\\\/vengria.info\\\/wp-content\\\/uploads\\\/2026\\\/09\\\/ewdsxzdscx.jpg\",\"width\":879,\"height\":1216},{\"@type\":\"BreadcrumbList\",\"@id\":\"https:\\\/\\\/vengria.info\\\/?p=18176#breadcrumb\",\"itemListElement\":[{\"@type\":\"ListItem\",\"position\":1,\"name\":\"Home\",\"item\":\"https:\\\/\\\/vengria.info\\\/\"},{\"@type\":\"ListItem\",\"position\":2,\"name\":\"Ap\u00e1m elhagyta any\u00e1mat egy szeret\u0151\u00e9rt. K\u00e9t \u00e9vvel k\u00e9s\u0151bb feles\u00e9g\u00fcl vette.\"}]},{\"@type\":\"WebSite\",\"@id\":\"https:\\\/\\\/vengria.info\\\/#website\",\"url\":\"https:\\\/\\\/vengria.info\\\/\",\"name\":\"\",\"description\":\"\",\"potentialAction\":[{\"@type\":\"SearchAction\",\"target\":{\"@type\":\"EntryPoint\",\"urlTemplate\":\"https:\\\/\\\/vengria.info\\\/?s={search_term_string}\"},\"query-input\":{\"@type\":\"PropertyValueSpecification\",\"valueRequired\":true,\"valueName\":\"search_term_string\"}}],\"inLanguage\":\"en-US\"},{\"@type\":\"Person\",\"@id\":\"https:\\\/\\\/vengria.info\\\/#\\\/schema\\\/person\\\/b815b04a6b1fb36a2d064955a92f68d4\",\"name\":\"admin\",\"image\":{\"@type\":\"ImageObject\",\"inLanguage\":\"en-US\",\"@id\":\"https:\\\/\\\/secure.gravatar.com\\\/avatar\\\/a29bad30ab19883c48927f9ee55a40d0d1a0c3c343bcef70ad9a0a9cb421f0fa?s=96&d=mm&r=g\",\"url\":\"https:\\\/\\\/secure.gravatar.com\\\/avatar\\\/a29bad30ab19883c48927f9ee55a40d0d1a0c3c343bcef70ad9a0a9cb421f0fa?s=96&d=mm&r=g\",\"contentUrl\":\"https:\\\/\\\/secure.gravatar.com\\\/avatar\\\/a29bad30ab19883c48927f9ee55a40d0d1a0c3c343bcef70ad9a0a9cb421f0fa?s=96&d=mm&r=g\",\"caption\":\"admin\"},\"sameAs\":[\"http:\\\/\\\/vengria.info\"],\"url\":\"https:\\\/\\\/vengria.info\\\/?author=1\"}]}<\/script>\n<!-- \/ Yoast SEO plugin. -->","yoast_head_json":{"title":"Ap\u00e1m elhagyta any\u00e1mat egy szeret\u0151\u00e9rt. K\u00e9t \u00e9vvel k\u00e9s\u0151bb feles\u00e9g\u00fcl vette. -","robots":{"index":"index","follow":"follow","max-snippet":"max-snippet:-1","max-image-preview":"max-image-preview:large","max-video-preview":"max-video-preview:-1"},"canonical":"https:\/\/vengria.info\/?p=18176","og_locale":"en_US","og_type":"article","og_title":"Ap\u00e1m elhagyta any\u00e1mat egy szeret\u0151\u00e9rt. K\u00e9t \u00e9vvel k\u00e9s\u0151bb feles\u00e9g\u00fcl vette. -","og_description":"Azt hittem, a nap legrosszabb r\u00e9sze az lesz, hogy a templomban \u00fclve n\u00e9zem, ahogy a f\u00e9rfi, aki t\u00f6nkretette a csal\u00e1dunkat, mindenki el\u0151tt h\u0171s\u00e9get","og_url":"https:\/\/vengria.info\/?p=18176","article_published_time":"2026-09-01T13:18:48+00:00","article_modified_time":"2026-09-01T13:18:49+00:00","og_image":[{"width":879,"height":1216,"url":"https:\/\/vengria.info\/wp-content\/uploads\/2026\/09\/ewdsxzdscx.jpg","type":"image\/jpeg"}],"author":"admin","twitter_card":"summary_large_image","twitter_misc":{"Written by":"admin","Est. reading time":"4 minutes"},"schema":{"@context":"https:\/\/schema.org","@graph":[{"@type":"Article","@id":"https:\/\/vengria.info\/?p=18176#article","isPartOf":{"@id":"https:\/\/vengria.info\/?p=18176"},"author":{"name":"admin","@id":"https:\/\/vengria.info\/#\/schema\/person\/b815b04a6b1fb36a2d064955a92f68d4"},"headline":"Ap\u00e1m elhagyta any\u00e1mat egy szeret\u0151\u00e9rt. K\u00e9t \u00e9vvel k\u00e9s\u0151bb feles\u00e9g\u00fcl vette.","datePublished":"2026-09-01T13:18:48+00:00","dateModified":"2026-09-01T13:18:49+00:00","mainEntityOfPage":{"@id":"https:\/\/vengria.info\/?p=18176"},"wordCount":1096,"commentCount":0,"image":{"@id":"https:\/\/vengria.info\/?p=18176#primaryimage"},"thumbnailUrl":"https:\/\/vengria.info\/wp-content\/uploads\/2026\/09\/ewdsxzdscx.jpg","articleSection":["NEWS","VIDEO"],"inLanguage":"en-US","potentialAction":[{"@type":"CommentAction","name":"Comment","target":["https:\/\/vengria.info\/?p=18176#respond"]}]},{"@type":"WebPage","@id":"https:\/\/vengria.info\/?p=18176","url":"https:\/\/vengria.info\/?p=18176","name":"Ap\u00e1m elhagyta any\u00e1mat egy szeret\u0151\u00e9rt. K\u00e9t \u00e9vvel k\u00e9s\u0151bb feles\u00e9g\u00fcl vette. -","isPartOf":{"@id":"https:\/\/vengria.info\/#website"},"primaryImageOfPage":{"@id":"https:\/\/vengria.info\/?p=18176#primaryimage"},"image":{"@id":"https:\/\/vengria.info\/?p=18176#primaryimage"},"thumbnailUrl":"https:\/\/vengria.info\/wp-content\/uploads\/2026\/09\/ewdsxzdscx.jpg","datePublished":"2026-09-01T13:18:48+00:00","dateModified":"2026-09-01T13:18:49+00:00","author":{"@id":"https:\/\/vengria.info\/#\/schema\/person\/b815b04a6b1fb36a2d064955a92f68d4"},"breadcrumb":{"@id":"https:\/\/vengria.info\/?p=18176#breadcrumb"},"inLanguage":"en-US","potentialAction":[{"@type":"ReadAction","target":["https:\/\/vengria.info\/?p=18176"]}]},{"@type":"ImageObject","inLanguage":"en-US","@id":"https:\/\/vengria.info\/?p=18176#primaryimage","url":"https:\/\/vengria.info\/wp-content\/uploads\/2026\/09\/ewdsxzdscx.jpg","contentUrl":"https:\/\/vengria.info\/wp-content\/uploads\/2026\/09\/ewdsxzdscx.jpg","width":879,"height":1216},{"@type":"BreadcrumbList","@id":"https:\/\/vengria.info\/?p=18176#breadcrumb","itemListElement":[{"@type":"ListItem","position":1,"name":"Home","item":"https:\/\/vengria.info\/"},{"@type":"ListItem","position":2,"name":"Ap\u00e1m elhagyta any\u00e1mat egy szeret\u0151\u00e9rt. K\u00e9t \u00e9vvel k\u00e9s\u0151bb feles\u00e9g\u00fcl vette."}]},{"@type":"WebSite","@id":"https:\/\/vengria.info\/#website","url":"https:\/\/vengria.info\/","name":"","description":"","potentialAction":[{"@type":"SearchAction","target":{"@type":"EntryPoint","urlTemplate":"https:\/\/vengria.info\/?s={search_term_string}"},"query-input":{"@type":"PropertyValueSpecification","valueRequired":true,"valueName":"search_term_string"}}],"inLanguage":"en-US"},{"@type":"Person","@id":"https:\/\/vengria.info\/#\/schema\/person\/b815b04a6b1fb36a2d064955a92f68d4","name":"admin","image":{"@type":"ImageObject","inLanguage":"en-US","@id":"https:\/\/secure.gravatar.com\/avatar\/a29bad30ab19883c48927f9ee55a40d0d1a0c3c343bcef70ad9a0a9cb421f0fa?s=96&d=mm&r=g","url":"https:\/\/secure.gravatar.com\/avatar\/a29bad30ab19883c48927f9ee55a40d0d1a0c3c343bcef70ad9a0a9cb421f0fa?s=96&d=mm&r=g","contentUrl":"https:\/\/secure.gravatar.com\/avatar\/a29bad30ab19883c48927f9ee55a40d0d1a0c3c343bcef70ad9a0a9cb421f0fa?s=96&d=mm&r=g","caption":"admin"},"sameAs":["http:\/\/vengria.info"],"url":"https:\/\/vengria.info\/?author=1"}]}},"_links":{"self":[{"href":"https:\/\/vengria.info\/index.php?rest_route=\/wp\/v2\/posts\/18176","targetHints":{"allow":["GET"]}}],"collection":[{"href":"https:\/\/vengria.info\/index.php?rest_route=\/wp\/v2\/posts"}],"about":[{"href":"https:\/\/vengria.info\/index.php?rest_route=\/wp\/v2\/types\/post"}],"author":[{"embeddable":true,"href":"https:\/\/vengria.info\/index.php?rest_route=\/wp\/v2\/users\/1"}],"replies":[{"embeddable":true,"href":"https:\/\/vengria.info\/index.php?rest_route=%2Fwp%2Fv2%2Fcomments&post=18176"}],"version-history":[{"count":1,"href":"https:\/\/vengria.info\/index.php?rest_route=\/wp\/v2\/posts\/18176\/revisions"}],"predecessor-version":[{"id":18180,"href":"https:\/\/vengria.info\/index.php?rest_route=\/wp\/v2\/posts\/18176\/revisions\/18180"}],"wp:featuredmedia":[{"embeddable":true,"href":"https:\/\/vengria.info\/index.php?rest_route=\/wp\/v2\/media\/18178"}],"wp:attachment":[{"href":"https:\/\/vengria.info\/index.php?rest_route=%2Fwp%2Fv2%2Fmedia&parent=18176"}],"wp:term":[{"taxonomy":"category","embeddable":true,"href":"https:\/\/vengria.info\/index.php?rest_route=%2Fwp%2Fv2%2Fcategories&post=18176"},{"taxonomy":"post_tag","embeddable":true,"href":"https:\/\/vengria.info\/index.php?rest_route=%2Fwp%2Fv2%2Ftags&post=18176"}],"curies":[{"name":"wp","href":"https:\/\/api.w.org\/{rel}","templated":true}]}}