{"id":18175,"date":"2026-09-01T13:18:31","date_gmt":"2026-09-01T13:18:31","guid":{"rendered":"https:\/\/vengria.info\/?p=18175"},"modified":"2026-09-01T13:18:33","modified_gmt":"2026-09-01T13:18:33","slug":"muj-otec-opustil-mamu-kvuli-milence-o-dva-roky-pozdeji-si-ji-vzal","status":"publish","type":"post","link":"https:\/\/vengria.info\/?p=18175","title":{"rendered":"M\u016fj otec opustil m\u00e1mu kv\u016fli milence. O dva roky pozd\u011bji si ji vzal."},"content":{"rendered":"\n<p class=\"wp-block-paragraph\">Myslela jsem si, \u017ee nejhor\u0161\u00ed \u010d\u00e1st\u00ed toho dne bude sed\u011bt v kostele a sledovat mu\u017ee, kter\u00fd zni\u010dil na\u0161i rodinu, jak p\u0159ed v\u0161emi slibuje jin\u00e9 \u017een\u011b v\u011brnost.<\/p>\n\n\n\n<p class=\"wp-block-paragraph\">Netu\u0161ila jsem v\u0161ak, \u017ee ve chv\u00edli, kdy m\u016fj otec za\u010dne pron\u00e1\u0161et svatebn\u00ed slib, vstane m\u016fj dvan\u00e1ctilet\u00fd bratr Lucas a \u0159ekne n\u011bco, po \u010dem se cel\u00fd s\u00e1l pono\u0159\u00ed do naprost\u00e9ho ticha.<\/p>\n\n\n\n<p class=\"wp-block-paragraph\">A hlavn\u011b jsem netu\u0161ila, \u017ee ten tich\u00fd chlapec, kter\u00fd posledn\u00ed dva roky t\u00e9m\u011b\u0159 nemluvil o sv\u00fdch pocitech, si v\u0161echno pe\u010dliv\u011b p\u0159ipravoval.<\/p>\n\n\n\n<p class=\"wp-block-paragraph\">Na\u0161e rodina kdysi p\u016fsobila dokonale.<\/p>\n\n\n\n<p class=\"wp-block-paragraph\">Rodi\u010de byli spolu t\u00e9m\u011b\u0159 dvacet let.<\/p>\n\n\n\n<p class=\"wp-block-paragraph\">T\u00e1ta byl spole\u010densk\u00fd, sebev\u011bdom\u00fd a v\u017edycky v\u011bd\u011bl, co \u0159\u00edct. Kamkoli p\u0159i\u0161el, lid\u00e9 se kolem n\u011bj okam\u017eit\u011b shrom\u00e1\u017edili.<\/p>\n\n\n\n<p class=\"wp-block-paragraph\">M\u00e1ma byla \u00fapln\u011b jin\u00e1.<\/p>\n\n\n\n<p class=\"wp-block-paragraph\">Byla klidn\u00e1, praktick\u00e1 a nikdy nepot\u0159ebovala b\u00fdt st\u0159edem pozornosti.<\/p>\n\n\n\n<p class=\"wp-block-paragraph\">Dr\u017eela n\u00e1\u0161 domov pohromad\u011b.<\/p>\n\n\n\n<p class=\"wp-block-paragraph\">Kdy\u017e t\u00e1ta zapomn\u011bl na narozeniny, p\u0159ipomn\u011bla mu je.<\/p>\n\n\n\n<p class=\"wp-block-paragraph\">Kdy\u017e m\u011bl probl\u00e9m v pr\u00e1ci, poslouchala ho.<\/p>\n\n\n\n<p class=\"wp-block-paragraph\">Kdy\u017e jsme s Lucasem onemocn\u011bli, byla vzh\u016fru celou noc.<\/p>\n\n\n\n<p class=\"wp-block-paragraph\">Pro n\u00e1s nebyli slavn\u00fd p\u00e1r ani dokonal\u00ed man\u017eel\u00e9.<\/p>\n\n\n\n<p class=\"wp-block-paragraph\">Byli prost\u011b m\u00e1ma a t\u00e1ta.<\/p>\n\n\n\n<p class=\"wp-block-paragraph\">N\u00e1\u0161 domov.<\/p>\n\n\n\n<p class=\"wp-block-paragraph\">Pak jednoho ve\u010dera v\u0161echno skon\u010dilo.<\/p>\n\n\n\n<p class=\"wp-block-paragraph\">M\u00e1ma zjistila, \u017ee m\u00e1 t\u00e1ta milenku.<\/p>\n\n\n\n<p class=\"wp-block-paragraph\">Ne\u0161lo o jednor\u00e1zovou chybu.<\/p>\n\n\n\n<p class=\"wp-block-paragraph\">M\u011bl s n\u00ed vztah u\u017e n\u011bkolik m\u011bs\u00edc\u016f.<\/p>\n\n\n\n<p class=\"wp-block-paragraph\">Jmenovala se Clara.<\/p>\n\n\n\n<p class=\"wp-block-paragraph\">Byla mlad\u0161\u00ed, sebev\u011bdom\u00e1 a milovala pozornost. Na soci\u00e1ln\u00edch s\u00edt\u00edch m\u011bla fotografie z ve\u010d\u00edrk\u016f, luxusn\u00edch restaurac\u00ed a r\u016fzn\u00fdch spole\u010densk\u00fdch akc\u00ed.<\/p>\n\n\n\n<p class=\"wp-block-paragraph\">Kdy\u017e se m\u00e1ma zeptala t\u00e1ty, jestli je to pravda, dlouho ml\u010del.<\/p>\n\n\n\n<p class=\"wp-block-paragraph\">Pak \u0159ekl:<\/p>\n\n\n\n<p class=\"wp-block-paragraph\">\u201eProst\u011b se to stalo.\u201c<\/p>\n\n\n\n<p class=\"wp-block-paragraph\">Nikdy nezapomenu na m\u00e1min v\u00fdraz.<\/p>\n\n\n\n<p class=\"wp-block-paragraph\">Nek\u0159i\u010dela.<\/p>\n\n\n\n<p class=\"wp-block-paragraph\">Nehodila po n\u011bm nic.<\/p>\n\n\n\n<p class=\"wp-block-paragraph\">Jen se posadila ke kuchy\u0148sk\u00e9mu stolu a d\u00edvala se p\u0159ed sebe.<\/p>\n\n\n\n<p class=\"wp-block-paragraph\">\u201eA co my?\u201c zeptala se.<\/p>\n\n\n\n<p class=\"wp-block-paragraph\">T\u00e1ta neodpov\u011bd\u011bl.<\/p>\n\n\n\n<p class=\"wp-block-paragraph\">O n\u011bkolik t\u00fddn\u016f pozd\u011bji se odst\u011bhoval.<\/p>\n\n\n\n<p class=\"wp-block-paragraph\">Za Clarou.<\/p>\n\n\n\n<p class=\"wp-block-paragraph\">Rozvod p\u0159i\u0161el rychle.<\/p>\n\n\n\n<p class=\"wp-block-paragraph\">P\u0159\u00edli\u0161 rychle.<\/p>\n\n\n\n<p class=\"wp-block-paragraph\">Pro dosp\u011bl\u00e9 mo\u017en\u00e1 existuj\u00ed pr\u00e1vn\u00ed dokumenty, dohody a rozd\u011blen\u00ed majetku.<\/p>\n\n\n\n<p class=\"wp-block-paragraph\">Pro d\u00edt\u011b v\u0161ak existuje jen jeden pocit.<\/p>\n\n\n\n<p class=\"wp-block-paragraph\">N\u011bkdo, komu jste v\u011b\u0159ili, ode\u0161el.<\/p>\n\n\n\n<p class=\"wp-block-paragraph\">Lucasovi bylo tehdy deset.<\/p>\n\n\n\n<p class=\"wp-block-paragraph\">Nejd\u0159\u00edv \u010dekal, \u017ee se t\u00e1ta vr\u00e1t\u00ed.<\/p>\n\n\n\n<p class=\"wp-block-paragraph\">Ka\u017ed\u00fd ve\u010der se ptal:<\/p>\n\n\n\n<p class=\"wp-block-paragraph\">\u201eP\u0159ijde dnes?\u201c<\/p>\n\n\n\n<p class=\"wp-block-paragraph\">Po n\u011bkolika m\u011bs\u00edc\u00edch se p\u0159estal pt\u00e1t.<\/p>\n\n\n\n<p class=\"wp-block-paragraph\">P\u0159estal mu volat.<\/p>\n\n\n\n<p class=\"wp-block-paragraph\">P\u0159estal se t\u011b\u0161it na v\u00edkendy.<\/p>\n\n\n\n<p class=\"wp-block-paragraph\">Dokonce p\u0159estal hr\u00e1t fotbal, kter\u00fd p\u0159edt\u00edm miloval.<\/p>\n\n\n\n<p class=\"wp-block-paragraph\">Mn\u011b bylo \u0161estn\u00e1ct.<\/p>\n\n\n\n<p class=\"wp-block-paragraph\">Byla jsem dost star\u00e1 na to, abych ch\u00e1pala, co t\u00e1ta ud\u011blal.<\/p>\n\n\n\n<p class=\"wp-block-paragraph\">A dost mlad\u00e1 na to, abych mu to nikdy neodpustila.<\/p>\n\n\n\n<p class=\"wp-block-paragraph\">T\u00e1ta n\u00e1s v\u00eddal ka\u017ed\u00fd druh\u00fd v\u00edkend.<\/p>\n\n\n\n<p class=\"wp-block-paragraph\">V\u017edycky se sna\u017eil p\u016fsobit, \u017ee je v\u0161echno v po\u0159\u00e1dku.<\/p>\n\n\n\n<p class=\"wp-block-paragraph\">\u201eTak co, \u0161ampioni?\u201c<\/p>\n\n\n\n<p class=\"wp-block-paragraph\">Usm\u00edval se.<\/p>\n\n\n\n<p class=\"wp-block-paragraph\">Ptal se na \u0161kolu.<\/p>\n\n\n\n<p class=\"wp-block-paragraph\">Kupoval n\u00e1m d\u00e1rky.<\/p>\n\n\n\n<p class=\"wp-block-paragraph\">Ale Lucas se na n\u011bj t\u00e9m\u011b\u0159 ned\u00edval.<\/p>\n\n\n\n<p class=\"wp-block-paragraph\">Jednou jsem se ho zeptala:<\/p>\n\n\n\n<p class=\"wp-block-paragraph\">\u201ePro\u010d s n\u00edm nemluv\u00ed\u0161?\u201c<\/p>\n\n\n\n<p class=\"wp-block-paragraph\">Pokr\u010dil rameny.<\/p>\n\n\n\n<p class=\"wp-block-paragraph\">\u201eNem\u00e1m mu co \u0159\u00edct.\u201c<\/p>\n\n\n\n<p class=\"wp-block-paragraph\">A pak p\u0159i\u0161el telefon\u00e1t.<\/p>\n\n\n\n<p class=\"wp-block-paragraph\">Bylo to t\u00e9m\u011b\u0159 dva roky po rozvodu.<\/p>\n\n\n\n<p class=\"wp-block-paragraph\">T\u00e1ta n\u00e1m ozn\u00e1mil, \u017ee se bude \u017eenit.<\/p>\n\n\n\n<p class=\"wp-block-paragraph\">S Clarou.<\/p>\n\n\n\n<p class=\"wp-block-paragraph\">\u201eChci, abyste tam byli,\u201c \u0159ekl.<\/p>\n\n\n\n<p class=\"wp-block-paragraph\">Dlouho jsem ml\u010dela.<\/p>\n\n\n\n<p class=\"wp-block-paragraph\">\u201ePro\u010d?\u201c<\/p>\n\n\n\n<p class=\"wp-block-paragraph\">\u201eProto\u017ee jste moje d\u011bti.\u201c<\/p>\n\n\n\n<p class=\"wp-block-paragraph\">To m\u011b rozzlobilo.<\/p>\n\n\n\n<p class=\"wp-block-paragraph\">\u201eTo sis vzpomn\u011bl a\u017e te\u010f?\u201c<\/p>\n\n\n\n<p class=\"wp-block-paragraph\">Na druh\u00e9m konci zavl\u00e1dlo ticho.<\/p>\n\n\n\n<p class=\"wp-block-paragraph\">\u201eV\u00edm, \u017ee to pro v\u00e1s nen\u00ed jednoduch\u00e9.\u201c<\/p>\n\n\n\n<p class=\"wp-block-paragraph\">\u201eNe. Nen\u00ed.\u201c<\/p>\n\n\n\n<p class=\"wp-block-paragraph\">\u201eAle jste pro m\u011b d\u016fle\u017eit\u00ed.\u201c<\/p>\n\n\n\n<p class=\"wp-block-paragraph\">Cht\u011bla jsem mu \u0159\u00edct, \u017ee kdybychom pro n\u011bj byli opravdu d\u016fle\u017eit\u00ed, mo\u017en\u00e1 by tehdy nep\u0159ivedl jinou \u017eenu do na\u0161eho \u017eivota.<\/p>\n\n\n\n<p class=\"wp-block-paragraph\">Ne\u0159ekla jsem to.<\/p>\n\n\n\n<p class=\"wp-block-paragraph\">Jen jsem odpov\u011bd\u011bla:<\/p>\n\n\n\n<p class=\"wp-block-paragraph\">\u201eDob\u0159e. P\u0159ijdeme.\u201c<\/p>\n\n\n\n<p class=\"wp-block-paragraph\">Lucas sed\u011bl vedle m\u011b na pohovce.<\/p>\n\n\n\n<p class=\"wp-block-paragraph\">Celou dobu poslouchal.<\/p>\n\n\n\n<p class=\"wp-block-paragraph\">Kdy\u017e jsem zav\u011bsila, pod\u00edvala jsem se na n\u011bj.<\/p>\n\n\n\n<p class=\"wp-block-paragraph\">\u201eChce\u0161 tam j\u00edt?\u201c<\/p>\n\n\n\n<p class=\"wp-block-paragraph\">Chv\u00edli ml\u010del.<\/p>\n\n\n\n<p class=\"wp-block-paragraph\">Pak p\u0159ik\u00fdvl.<\/p>\n\n\n\n<p class=\"wp-block-paragraph\">\u201eAno.\u201c<\/p>\n\n\n\n<p class=\"wp-block-paragraph\">\u201eJsi si jist\u00fd?\u201c<\/p>\n\n\n\n<p class=\"wp-block-paragraph\">\u201eAno.\u201c<\/p>\n\n\n\n<p class=\"wp-block-paragraph\">Jeho hlas byl zvl\u00e1\u0161tn\u011b klidn\u00fd.<\/p>\n\n\n\n<p class=\"wp-block-paragraph\">Tehdy jsem si toho nev\u0161imla.<\/p>\n\n\n\n<figure class=\"wp-block-image size-large\"><img loading=\"lazy\" decoding=\"async\" width=\"740\" height=\"1024\" src=\"https:\/\/vengria.info\/wp-content\/uploads\/2026\/09\/ewdsxzdscx-740x1024.jpg\" alt=\"\" class=\"wp-image-18178\" srcset=\"https:\/\/vengria.info\/wp-content\/uploads\/2026\/09\/ewdsxzdscx-740x1024.jpg 740w, https:\/\/vengria.info\/wp-content\/uploads\/2026\/09\/ewdsxzdscx-217x300.jpg 217w, https:\/\/vengria.info\/wp-content\/uploads\/2026\/09\/ewdsxzdscx-768x1062.jpg 768w, https:\/\/vengria.info\/wp-content\/uploads\/2026\/09\/ewdsxzdscx.jpg 879w\" sizes=\"auto, (max-width: 740px) 100vw, 740px\" \/><\/figure>\n\n\n\n<p class=\"wp-block-paragraph\">O n\u011bkolik dn\u00ed pozd\u011bji jsem si uv\u011bdomila, \u017ee Lucas posledn\u00ed dobou \u010dasto n\u011bco schov\u00e1v\u00e1 do kapsy.<\/p>\n\n\n\n<p class=\"wp-block-paragraph\">Kdy\u017e jsem se ho zeptala, co to je, odpov\u011bd\u011bl:<\/p>\n\n\n\n<p class=\"wp-block-paragraph\">\u201eNic.\u201c<\/p>\n\n\n\n<p class=\"wp-block-paragraph\">Neptala jsem se d\u00e1l.<\/p>\n\n\n\n<p class=\"wp-block-paragraph\">Svatba se konala v luxusn\u00edm country klubu na okraji m\u011bsta.<\/p>\n\n\n\n<p class=\"wp-block-paragraph\">Kdy\u017e jsme dorazili, p\u0159ipadala jsem si, jako bych vstoupila do jin\u00e9ho sv\u011bta.<\/p>\n\n\n\n<p class=\"wp-block-paragraph\">Na tr\u00e1vn\u00edku st\u00e1ly des\u00edtky b\u00edl\u00fdch \u017eidl\u00ed.<\/p>\n\n\n\n<p class=\"wp-block-paragraph\">Mezi nimi byly rozestav\u011bn\u00e9 kv\u011btiny.<\/p>\n\n\n\n<p class=\"wp-block-paragraph\">Uprost\u0159ed zahrady st\u00e1l d\u0159ev\u011bn\u00fd svatebn\u00ed oblouk.<\/p>\n\n\n\n<p class=\"wp-block-paragraph\">Hr\u00e1la \u017eiv\u00e1 hudba.<\/p>\n\n\n\n<p class=\"wp-block-paragraph\">Host\u00e9 se sm\u00e1li, fotografov\u00e9 pob\u00edhali mezi stoly a \u010d\u00ed\u0161n\u00edci rozn\u00e1\u0161eli n\u00e1poje.<\/p>\n\n\n\n<p class=\"wp-block-paragraph\">V\u0161echno bylo dokonal\u00e9.<\/p>\n\n\n\n<p class=\"wp-block-paragraph\">A pr\u00e1v\u011b proto m\u011b to tak roz\u010dilovalo.<\/p>\n\n\n\n<p class=\"wp-block-paragraph\">Jak mohl \u010dlov\u011bk, kter\u00fd rozbil na\u0161i rodinu, dnes st\u00e1t uprost\u0159ed n\u00e1dhern\u00e9 zahrady a tv\u00e1\u0159it se, \u017ee za\u010d\u00edn\u00e1 nov\u00fd \u017eivot?<\/p>\n\n\n\n<p class=\"wp-block-paragraph\">Pak jsem ho uvid\u011bla.<\/p>\n\n\n\n<p class=\"wp-block-paragraph\">T\u00e1ta st\u00e1l u oblouku.<\/p>\n\n\n\n<p class=\"wp-block-paragraph\">Usm\u00edval se.<\/p>\n\n\n\n<p class=\"wp-block-paragraph\">Vedle n\u011bj byla Clara.<\/p>\n\n\n\n<p class=\"wp-block-paragraph\">M\u011bla na sob\u011b n\u00e1dhern\u00e9 \u0161aty a kolem sebe n\u011bkolik dru\u017ei\u010dek.<\/p>\n\n\n\n<p class=\"wp-block-paragraph\">Kdy\u017e n\u00e1s t\u00e1ta spat\u0159il, rozz\u00e1\u0159il se.<\/p>\n\n\n\n<p class=\"wp-block-paragraph\">\u201eTady jste!\u201c<\/p>\n\n\n\n<p class=\"wp-block-paragraph\">P\u0159i\u0161el k n\u00e1m a objal n\u00e1s.<\/p>\n\n\n\n<p class=\"wp-block-paragraph\">Ztuhla jsem.<\/p>\n\n\n\n<p class=\"wp-block-paragraph\">Lucas se nechal obejmout.<\/p>\n\n\n\n<p class=\"wp-block-paragraph\">Ale jeho ruce z\u016fstaly pod\u00e9l t\u011bla.<\/p>\n\n\n\n<p class=\"wp-block-paragraph\">Kdy\u017e se od n\u011bj odt\u00e1hl, t\u00e1ta si toho v\u0161iml.<\/p>\n\n\n\n<p class=\"wp-block-paragraph\">\u201eJsi v po\u0159\u00e1dku?\u201c<\/p>\n\n\n\n<p class=\"wp-block-paragraph\">Lucas p\u0159ik\u00fdvl.<\/p>\n\n\n\n<p class=\"wp-block-paragraph\">\u201eAno.\u201c<\/p>\n\n\n\n<p class=\"wp-block-paragraph\">\u201eJsi r\u00e1d, \u017ee jsi tady?\u201c<\/p>\n\n\n\n<p class=\"wp-block-paragraph\">Chlapec se na n\u011bj chv\u00edli d\u00edval.<\/p>\n\n\n\n<p class=\"wp-block-paragraph\">\u201eJsem.\u201c<\/p>\n\n\n\n<p class=\"wp-block-paragraph\">T\u00e1ta se usm\u00e1l a ode\u0161el.<\/p>\n\n\n\n<p class=\"wp-block-paragraph\">J\u00e1 jsem se naklonila k Lucasovi.<\/p>\n\n\n\n<p class=\"wp-block-paragraph\">\u201eJestli to bude moc, m\u016f\u017eeme kdykoli odej\u00edt.\u201c<\/p>\n\n\n\n<p class=\"wp-block-paragraph\">\u201eNe.\u201c<\/p>\n\n\n\n<p class=\"wp-block-paragraph\">\u201ePro\u010d?\u201c<\/p>\n\n\n\n<p class=\"wp-block-paragraph\">Pod\u00edval se na m\u011b.<\/p>\n\n\n\n<p class=\"wp-block-paragraph\">\u201eChci to vid\u011bt a\u017e do konce.\u201c<\/p>\n\n\n\n<p class=\"wp-block-paragraph\">Ob\u0159ad za\u010dal.<\/p>\n\n\n\n<p class=\"wp-block-paragraph\">Posadili jsme se do druh\u00e9 \u0159ady.<\/p>\n\n\n\n<p class=\"wp-block-paragraph\">Clara kr\u00e1\u010dela uli\u010dkou.<\/p>\n\n\n\n<p class=\"wp-block-paragraph\">Host\u00e9 vstali.<\/p>\n\n\n\n<p class=\"wp-block-paragraph\">T\u00e1ta se na ni d\u00edval s \u00fasm\u011bvem.<\/p>\n\n\n\n<p class=\"wp-block-paragraph\">V\u0161ichni kolem n\u00e1s vypadali \u0161\u0165astn\u011b.<\/p>\n\n\n\n<p class=\"wp-block-paragraph\">Jen Lucas sed\u011bl bez hnut\u00ed.<\/p>\n\n\n\n<p class=\"wp-block-paragraph\">Kn\u011bz za\u010dal mluvit o l\u00e1sce.<\/p>\n\n\n\n<p class=\"wp-block-paragraph\">O d\u016fv\u011b\u0159e.<\/p>\n\n\n\n<p class=\"wp-block-paragraph\">O rodin\u011b.<\/p>\n\n\n\n<p class=\"wp-block-paragraph\">P\u0159i slov\u011b \u201ev\u011brnost\u201c jsem sklopila o\u010di.<\/p>\n\n\n\n<p class=\"wp-block-paragraph\">Clara pronesla sv\u016fj slib.<\/p>\n\n\n\n<p class=\"wp-block-paragraph\">Mluvila o tom, jak j\u00ed osud p\u0159iv<\/p>\n\n\n\n<p class=\"wp-block-paragraph\"><\/p>\n","protected":false},"excerpt":{"rendered":"Myslela jsem si, \u017ee nejhor\u0161\u00ed \u010d\u00e1st\u00ed toho dne bude sed\u011bt v kostele a sledovat mu\u017ee, kter\u00fd zni\u010dil na\u0161i rodinu, jak p\u0159ed v\u0161emi slibuje \n<a class=\"moretag\" href=\"https:\/\/vengria.info\/?p=18175\"> [...]<\/a>","protected":false},"author":1,"featured_media":18178,"comment_status":"open","ping_status":"open","sticky":false,"template":"","format":"standard","meta":{"footnotes":""},"categories":[26],"tags":[],"class_list":["post-18175","post","type-post","status-publish","format-standard","has-post-thumbnail","hentry","category-26"],"yoast_head":"<!-- This site is optimized with the Yoast SEO plugin v28.3 - https:\/\/yoast.com\/product\/yoast-seo-wordpress\/ -->\n<title>M\u016fj otec opustil m\u00e1mu kv\u016fli milence. O dva roky pozd\u011bji si ji vzal. -<\/title>\n<meta name=\"robots\" content=\"index, follow, max-snippet:-1, max-image-preview:large, max-video-preview:-1\" \/>\n<link rel=\"canonical\" href=\"https:\/\/vengria.info\/?p=18175\" \/>\n<meta property=\"og:locale\" content=\"en_US\" \/>\n<meta property=\"og:type\" content=\"article\" \/>\n<meta property=\"og:title\" content=\"M\u016fj otec opustil m\u00e1mu kv\u016fli milence. O dva roky pozd\u011bji si ji vzal. -\" \/>\n<meta property=\"og:description\" content=\"Myslela jsem si, \u017ee nejhor\u0161\u00ed \u010d\u00e1st\u00ed toho dne bude sed\u011bt v kostele a sledovat mu\u017ee, kter\u00fd zni\u010dil na\u0161i rodinu, jak p\u0159ed v\u0161emi slibuje\" \/>\n<meta property=\"og:url\" content=\"https:\/\/vengria.info\/?p=18175\" \/>\n<meta property=\"article:published_time\" content=\"2026-09-01T13:18:31+00:00\" \/>\n<meta property=\"article:modified_time\" content=\"2026-09-01T13:18:33+00:00\" \/>\n<meta property=\"og:image\" content=\"https:\/\/vengria.info\/wp-content\/uploads\/2026\/09\/ewdsxzdscx.jpg\" \/>\n\t<meta property=\"og:image:width\" content=\"879\" \/>\n\t<meta property=\"og:image:height\" content=\"1216\" \/>\n\t<meta property=\"og:image:type\" content=\"image\/jpeg\" \/>\n<meta name=\"author\" content=\"admin\" \/>\n<meta name=\"twitter:card\" content=\"summary_large_image\" \/>\n<meta name=\"twitter:label1\" content=\"Written by\" \/>\n\t<meta name=\"twitter:data1\" content=\"admin\" \/>\n\t<meta name=\"twitter:label2\" content=\"Est. reading time\" \/>\n\t<meta name=\"twitter:data2\" content=\"4 minutes\" \/>\n<script type=\"application\/ld+json\" class=\"yoast-schema-graph\">{\"@context\":\"https:\\\/\\\/schema.org\",\"@graph\":[{\"@type\":\"Article\",\"@id\":\"https:\\\/\\\/vengria.info\\\/?p=18175#article\",\"isPartOf\":{\"@id\":\"https:\\\/\\\/vengria.info\\\/?p=18175\"},\"author\":{\"name\":\"admin\",\"@id\":\"https:\\\/\\\/vengria.info\\\/#\\\/schema\\\/person\\\/b815b04a6b1fb36a2d064955a92f68d4\"},\"headline\":\"M\u016fj otec opustil m\u00e1mu kv\u016fli milence. O dva roky pozd\u011bji si ji vzal.\",\"datePublished\":\"2026-09-01T13:18:31+00:00\",\"dateModified\":\"2026-09-01T13:18:33+00:00\",\"mainEntityOfPage\":{\"@id\":\"https:\\\/\\\/vengria.info\\\/?p=18175\"},\"wordCount\":1109,\"commentCount\":0,\"image\":{\"@id\":\"https:\\\/\\\/vengria.info\\\/?p=18175#primaryimage\"},\"thumbnailUrl\":\"https:\\\/\\\/vengria.info\\\/wp-content\\\/uploads\\\/2026\\\/09\\\/ewdsxzdscx.jpg\",\"articleSection\":[\"\u0427\u0435\u0445\u0438\u044f\"],\"inLanguage\":\"en-US\",\"potentialAction\":[{\"@type\":\"CommentAction\",\"name\":\"Comment\",\"target\":[\"https:\\\/\\\/vengria.info\\\/?p=18175#respond\"]}]},{\"@type\":\"WebPage\",\"@id\":\"https:\\\/\\\/vengria.info\\\/?p=18175\",\"url\":\"https:\\\/\\\/vengria.info\\\/?p=18175\",\"name\":\"M\u016fj otec opustil m\u00e1mu kv\u016fli milence. O dva roky pozd\u011bji si ji vzal. -\",\"isPartOf\":{\"@id\":\"https:\\\/\\\/vengria.info\\\/#website\"},\"primaryImageOfPage\":{\"@id\":\"https:\\\/\\\/vengria.info\\\/?p=18175#primaryimage\"},\"image\":{\"@id\":\"https:\\\/\\\/vengria.info\\\/?p=18175#primaryimage\"},\"thumbnailUrl\":\"https:\\\/\\\/vengria.info\\\/wp-content\\\/uploads\\\/2026\\\/09\\\/ewdsxzdscx.jpg\",\"datePublished\":\"2026-09-01T13:18:31+00:00\",\"dateModified\":\"2026-09-01T13:18:33+00:00\",\"author\":{\"@id\":\"https:\\\/\\\/vengria.info\\\/#\\\/schema\\\/person\\\/b815b04a6b1fb36a2d064955a92f68d4\"},\"breadcrumb\":{\"@id\":\"https:\\\/\\\/vengria.info\\\/?p=18175#breadcrumb\"},\"inLanguage\":\"en-US\",\"potentialAction\":[{\"@type\":\"ReadAction\",\"target\":[\"https:\\\/\\\/vengria.info\\\/?p=18175\"]}]},{\"@type\":\"ImageObject\",\"inLanguage\":\"en-US\",\"@id\":\"https:\\\/\\\/vengria.info\\\/?p=18175#primaryimage\",\"url\":\"https:\\\/\\\/vengria.info\\\/wp-content\\\/uploads\\\/2026\\\/09\\\/ewdsxzdscx.jpg\",\"contentUrl\":\"https:\\\/\\\/vengria.info\\\/wp-content\\\/uploads\\\/2026\\\/09\\\/ewdsxzdscx.jpg\",\"width\":879,\"height\":1216},{\"@type\":\"BreadcrumbList\",\"@id\":\"https:\\\/\\\/vengria.info\\\/?p=18175#breadcrumb\",\"itemListElement\":[{\"@type\":\"ListItem\",\"position\":1,\"name\":\"Home\",\"item\":\"https:\\\/\\\/vengria.info\\\/\"},{\"@type\":\"ListItem\",\"position\":2,\"name\":\"M\u016fj otec opustil m\u00e1mu kv\u016fli milence. O dva roky pozd\u011bji si ji vzal.\"}]},{\"@type\":\"WebSite\",\"@id\":\"https:\\\/\\\/vengria.info\\\/#website\",\"url\":\"https:\\\/\\\/vengria.info\\\/\",\"name\":\"\",\"description\":\"\",\"potentialAction\":[{\"@type\":\"SearchAction\",\"target\":{\"@type\":\"EntryPoint\",\"urlTemplate\":\"https:\\\/\\\/vengria.info\\\/?s={search_term_string}\"},\"query-input\":{\"@type\":\"PropertyValueSpecification\",\"valueRequired\":true,\"valueName\":\"search_term_string\"}}],\"inLanguage\":\"en-US\"},{\"@type\":\"Person\",\"@id\":\"https:\\\/\\\/vengria.info\\\/#\\\/schema\\\/person\\\/b815b04a6b1fb36a2d064955a92f68d4\",\"name\":\"admin\",\"image\":{\"@type\":\"ImageObject\",\"inLanguage\":\"en-US\",\"@id\":\"https:\\\/\\\/secure.gravatar.com\\\/avatar\\\/a29bad30ab19883c48927f9ee55a40d0d1a0c3c343bcef70ad9a0a9cb421f0fa?s=96&d=mm&r=g\",\"url\":\"https:\\\/\\\/secure.gravatar.com\\\/avatar\\\/a29bad30ab19883c48927f9ee55a40d0d1a0c3c343bcef70ad9a0a9cb421f0fa?s=96&d=mm&r=g\",\"contentUrl\":\"https:\\\/\\\/secure.gravatar.com\\\/avatar\\\/a29bad30ab19883c48927f9ee55a40d0d1a0c3c343bcef70ad9a0a9cb421f0fa?s=96&d=mm&r=g\",\"caption\":\"admin\"},\"sameAs\":[\"http:\\\/\\\/vengria.info\"],\"url\":\"https:\\\/\\\/vengria.info\\\/?author=1\"}]}<\/script>\n<!-- \/ Yoast SEO plugin. -->","yoast_head_json":{"title":"M\u016fj otec opustil m\u00e1mu kv\u016fli milence. O dva roky pozd\u011bji si ji vzal. -","robots":{"index":"index","follow":"follow","max-snippet":"max-snippet:-1","max-image-preview":"max-image-preview:large","max-video-preview":"max-video-preview:-1"},"canonical":"https:\/\/vengria.info\/?p=18175","og_locale":"en_US","og_type":"article","og_title":"M\u016fj otec opustil m\u00e1mu kv\u016fli milence. O dva roky pozd\u011bji si ji vzal. -","og_description":"Myslela jsem si, \u017ee nejhor\u0161\u00ed \u010d\u00e1st\u00ed toho dne bude sed\u011bt v kostele a sledovat mu\u017ee, kter\u00fd zni\u010dil na\u0161i rodinu, jak p\u0159ed v\u0161emi slibuje","og_url":"https:\/\/vengria.info\/?p=18175","article_published_time":"2026-09-01T13:18:31+00:00","article_modified_time":"2026-09-01T13:18:33+00:00","og_image":[{"width":879,"height":1216,"url":"https:\/\/vengria.info\/wp-content\/uploads\/2026\/09\/ewdsxzdscx.jpg","type":"image\/jpeg"}],"author":"admin","twitter_card":"summary_large_image","twitter_misc":{"Written by":"admin","Est. reading time":"4 minutes"},"schema":{"@context":"https:\/\/schema.org","@graph":[{"@type":"Article","@id":"https:\/\/vengria.info\/?p=18175#article","isPartOf":{"@id":"https:\/\/vengria.info\/?p=18175"},"author":{"name":"admin","@id":"https:\/\/vengria.info\/#\/schema\/person\/b815b04a6b1fb36a2d064955a92f68d4"},"headline":"M\u016fj otec opustil m\u00e1mu kv\u016fli milence. O dva roky pozd\u011bji si ji vzal.","datePublished":"2026-09-01T13:18:31+00:00","dateModified":"2026-09-01T13:18:33+00:00","mainEntityOfPage":{"@id":"https:\/\/vengria.info\/?p=18175"},"wordCount":1109,"commentCount":0,"image":{"@id":"https:\/\/vengria.info\/?p=18175#primaryimage"},"thumbnailUrl":"https:\/\/vengria.info\/wp-content\/uploads\/2026\/09\/ewdsxzdscx.jpg","articleSection":["\u0427\u0435\u0445\u0438\u044f"],"inLanguage":"en-US","potentialAction":[{"@type":"CommentAction","name":"Comment","target":["https:\/\/vengria.info\/?p=18175#respond"]}]},{"@type":"WebPage","@id":"https:\/\/vengria.info\/?p=18175","url":"https:\/\/vengria.info\/?p=18175","name":"M\u016fj otec opustil m\u00e1mu kv\u016fli milence. O dva roky pozd\u011bji si ji vzal. -","isPartOf":{"@id":"https:\/\/vengria.info\/#website"},"primaryImageOfPage":{"@id":"https:\/\/vengria.info\/?p=18175#primaryimage"},"image":{"@id":"https:\/\/vengria.info\/?p=18175#primaryimage"},"thumbnailUrl":"https:\/\/vengria.info\/wp-content\/uploads\/2026\/09\/ewdsxzdscx.jpg","datePublished":"2026-09-01T13:18:31+00:00","dateModified":"2026-09-01T13:18:33+00:00","author":{"@id":"https:\/\/vengria.info\/#\/schema\/person\/b815b04a6b1fb36a2d064955a92f68d4"},"breadcrumb":{"@id":"https:\/\/vengria.info\/?p=18175#breadcrumb"},"inLanguage":"en-US","potentialAction":[{"@type":"ReadAction","target":["https:\/\/vengria.info\/?p=18175"]}]},{"@type":"ImageObject","inLanguage":"en-US","@id":"https:\/\/vengria.info\/?p=18175#primaryimage","url":"https:\/\/vengria.info\/wp-content\/uploads\/2026\/09\/ewdsxzdscx.jpg","contentUrl":"https:\/\/vengria.info\/wp-content\/uploads\/2026\/09\/ewdsxzdscx.jpg","width":879,"height":1216},{"@type":"BreadcrumbList","@id":"https:\/\/vengria.info\/?p=18175#breadcrumb","itemListElement":[{"@type":"ListItem","position":1,"name":"Home","item":"https:\/\/vengria.info\/"},{"@type":"ListItem","position":2,"name":"M\u016fj otec opustil m\u00e1mu kv\u016fli milence. O dva roky pozd\u011bji si ji vzal."}]},{"@type":"WebSite","@id":"https:\/\/vengria.info\/#website","url":"https:\/\/vengria.info\/","name":"","description":"","potentialAction":[{"@type":"SearchAction","target":{"@type":"EntryPoint","urlTemplate":"https:\/\/vengria.info\/?s={search_term_string}"},"query-input":{"@type":"PropertyValueSpecification","valueRequired":true,"valueName":"search_term_string"}}],"inLanguage":"en-US"},{"@type":"Person","@id":"https:\/\/vengria.info\/#\/schema\/person\/b815b04a6b1fb36a2d064955a92f68d4","name":"admin","image":{"@type":"ImageObject","inLanguage":"en-US","@id":"https:\/\/secure.gravatar.com\/avatar\/a29bad30ab19883c48927f9ee55a40d0d1a0c3c343bcef70ad9a0a9cb421f0fa?s=96&d=mm&r=g","url":"https:\/\/secure.gravatar.com\/avatar\/a29bad30ab19883c48927f9ee55a40d0d1a0c3c343bcef70ad9a0a9cb421f0fa?s=96&d=mm&r=g","contentUrl":"https:\/\/secure.gravatar.com\/avatar\/a29bad30ab19883c48927f9ee55a40d0d1a0c3c343bcef70ad9a0a9cb421f0fa?s=96&d=mm&r=g","caption":"admin"},"sameAs":["http:\/\/vengria.info"],"url":"https:\/\/vengria.info\/?author=1"}]}},"_links":{"self":[{"href":"https:\/\/vengria.info\/index.php?rest_route=\/wp\/v2\/posts\/18175","targetHints":{"allow":["GET"]}}],"collection":[{"href":"https:\/\/vengria.info\/index.php?rest_route=\/wp\/v2\/posts"}],"about":[{"href":"https:\/\/vengria.info\/index.php?rest_route=\/wp\/v2\/types\/post"}],"author":[{"embeddable":true,"href":"https:\/\/vengria.info\/index.php?rest_route=\/wp\/v2\/users\/1"}],"replies":[{"embeddable":true,"href":"https:\/\/vengria.info\/index.php?rest_route=%2Fwp%2Fv2%2Fcomments&post=18175"}],"version-history":[{"count":1,"href":"https:\/\/vengria.info\/index.php?rest_route=\/wp\/v2\/posts\/18175\/revisions"}],"predecessor-version":[{"id":18179,"href":"https:\/\/vengria.info\/index.php?rest_route=\/wp\/v2\/posts\/18175\/revisions\/18179"}],"wp:featuredmedia":[{"embeddable":true,"href":"https:\/\/vengria.info\/index.php?rest_route=\/wp\/v2\/media\/18178"}],"wp:attachment":[{"href":"https:\/\/vengria.info\/index.php?rest_route=%2Fwp%2Fv2%2Fmedia&parent=18175"}],"wp:term":[{"taxonomy":"category","embeddable":true,"href":"https:\/\/vengria.info\/index.php?rest_route=%2Fwp%2Fv2%2Fcategories&post=18175"},{"taxonomy":"post_tag","embeddable":true,"href":"https:\/\/vengria.info\/index.php?rest_route=%2Fwp%2Fv2%2Ftags&post=18175"}],"curies":[{"name":"wp","href":"https:\/\/api.w.org\/{rel}","templated":true}]}}