{"id":18169,"date":"2026-09-01T13:13:52","date_gmt":"2026-09-01T13:13:52","guid":{"rendered":"https:\/\/vengria.info\/?p=18169"},"modified":"2026-09-01T13:13:53","modified_gmt":"2026-09-01T13:13:53","slug":"azon-a-napon-amikor-hazahoztam-a-nagyapamat-a-korhazbol-ram-nezett-es-azt-sugta","status":"publish","type":"post","link":"https:\/\/vengria.info\/?p=18169","title":{"rendered":"Azon a napon, amikor hazahoztam a nagyap\u00e1mat a k\u00f3rh\u00e1zb\u00f3l, r\u00e1m n\u00e9zett \u00e9s azt s\u00fagta:"},"content":{"rendered":"\n<p class=\"wp-block-paragraph\">\u201eTesztelni akarod a szerelm\u00fcket, \u00e9s megtudni, ki szeret engem igaz\u00e1n?\u201d<\/p>\n\n\n\n<p class=\"wp-block-paragraph\">Nem \u00e9rtettem, mire gondol.<\/p>\n\n\n\n<p class=\"wp-block-paragraph\">Csak b\u00f3lintottam.<\/p>\n\n\n\n<p class=\"wp-block-paragraph\">N\u00e9h\u00e1ny perccel k\u00e9s\u0151bb felh\u00edvtam a csal\u00e1domat.<\/p>\n\n\n\n<p class=\"wp-block-paragraph\">\u201eApa\u2026 a nagyap\u00e1m tegnap este meghalt.\u201d<\/p>\n\n\n\n<p class=\"wp-block-paragraph\">Csend volt a vonal t\u00fals\u00f3 v\u00e9g\u00e9n.<\/p>\n\n\n\n<p class=\"wp-block-paragraph\">Azt\u00e1n ap\u00e1m hidegen v\u00e1laszolt:<\/p>\n\n\n\n<p class=\"wp-block-paragraph\">\u201eSz\u00f3val az \u00f6regember v\u00e9gre meghalt.\u201d<\/p>\n\n\n\n<p class=\"wp-block-paragraph\">A b\u00e1ty\u00e1m nevetett.<\/p>\n\n\n\n<p class=\"wp-block-paragraph\">\u201eMindent r\u00e1m hagyott. Az \u00fczletet, a h\u00e1zakat, a f\u00f6ldet. Te semmit sem kapsz.\u201d<\/p>\n\n\n\n<p class=\"wp-block-paragraph\">Any\u00e1m is csatlakozott.<\/p>\n\n\n\n<p class=\"wp-block-paragraph\">\u00c9s akkor a nagyap\u00e1m a telefonhoz hajolt.<\/p>\n\n\n\n<p class=\"wp-block-paragraph\">A hangja hirtelen hat\u00e1rozott \u00e9s meglep\u0151en er\u0151s lett.<\/p>\n\n\n\n<p class=\"wp-block-paragraph\">\u201eKiv\u00e1l\u00f3. Most m\u00e1r pontosan tudom, melyik neveket kell kih\u00fazni a v\u00e9grendeletemb\u0151l\u2026 \u00e9s melyik titkokat kell felfedni.\u201d<\/p>\n\n\n\n<p class=\"wp-block-paragraph\">J\u00e9ghideg csend volt a vonal t\u00fals\u00f3 v\u00e9g\u00e9n.<\/p>\n\n\n\n<p class=\"wp-block-paragraph\">Senkinek sem volt fogalma arr\u00f3l, hogy \u00e9let\u00fck legnagyobb csal\u00e1di hazugs\u00e1ga most kezd\u0151d\u00f6tt.<\/p>\n\n\n\n<p class=\"wp-block-paragraph\">A nagyap\u00e1m neve Gaspard Delorme volt.<\/p>\n\n\n\n<p class=\"wp-block-paragraph\">Nyolcvank\u00e9t \u00e9ves volt, \u00e9s szinte eg\u00e9sz \u00e9let\u00e9t a Delorme Industries \u00e9p\u00edt\u00e9s\u00e9vel t\u00f6lt\u00f6tte.<\/p>\n\n\n\n<p class=\"wp-block-paragraph\">Egy kis m\u0171hellyel kezdte.<\/p>\n\n\n\n<p class=\"wp-block-paragraph\">Fokozatosan elnyerte els\u0151 szerz\u0151d\u00e9seit, megvette els\u0151 gy\u00e1rt\u00f3csarnok\u00e1t, \u00e9s n\u00e9h\u00e1ny \u00e9vtizeden bel\u00fcl fel\u00e9p\u00edtett egy v\u00e1llalatot, amely t\u00f6bb sz\u00e1z embert foglalkoztatott.<\/p>\n\n\n\n<p class=\"wp-block-paragraph\">A v\u00e1llalaton k\u00edv\u00fcl h\u00e1rom \u00e9p\u00fclettel, hatalmas f\u00f6ldter\u00fclettel \u00e9s sz\u00e1mos k\u00fclf\u00f6ldi ingatlannal rendelkezett.<\/p>\n\n\n\n<p class=\"wp-block-paragraph\">De ap\u00e1m sz\u00e1m\u00e1ra a nagyap\u00e1m nem egy szem\u00e9ly volt.<\/p>\n\n\n\n<p class=\"wp-block-paragraph\">\u0150 egy tulajdon volt.<\/p>\n\n\n\n<p class=\"wp-block-paragraph\">Egy s\u00e9t\u00e1l\u00f3 sz\u00e9f.<\/p>\n\n\n\n<p class=\"wp-block-paragraph\">\u00c9s amikor a nagyap\u00e1m k\u00f3rh\u00e1zba ker\u00fclt, az igazs\u00e1g kezdett felsz\u00ednre ker\u00fclni.<\/p>\n\n\n\n<p class=\"wp-block-paragraph\">Tizenk\u00e9t napja volt ott.<\/p>\n\n\n\n<p class=\"wp-block-paragraph\">Ez id\u0151 alatt ap\u00e1m egyszer sem l\u00e1togatta meg.<\/p>\n\n\n\n<p class=\"wp-block-paragraph\">Any\u00e1m sem.<\/p>\n\n\n\n<p class=\"wp-block-paragraph\">A b\u00e1ty\u00e1m, Soren pedig csak n\u00e9h\u00e1ny percre jelent meg, hogy egy dr\u00e1ga csokrot hagyjon a recepci\u00f3n.<\/p>\n\n\n\n<p class=\"wp-block-paragraph\">M\u00e9g a n\u00e9vjegyk\u00e1rty\u00e1t sem \u00edrta al\u00e1.<\/p>\n\n\n\n<p class=\"wp-block-paragraph\">Minden este a nagyap\u00e1mn\u00e1l aludtam.<\/p>\n\n\n\n<p class=\"wp-block-paragraph\">Egy k\u00e9nyelmetlen sz\u00e9ken aludtam az \u00e1gya mellett, napk\u00f6zben pedig \u00fajs\u00e1got olvastam neki, vizet vittem neki, \u00e9s seg\u00edtettem neki olyan dolgokban, amiket \u0151 maga nem tudott megcsin\u00e1lni.<\/p>\n\n\n\n<p class=\"wp-block-paragraph\">Egyik este r\u00e1m n\u00e9zett.<\/p>\n\n\n\n<p class=\"wp-block-paragraph\">\u201eTudod, mi\u00e9rt nem j\u00f6tt senki?\u201d<\/p>\n\n\n\n<p class=\"wp-block-paragraph\">\u201eEl vannak foglalva.\u201d<\/p>\n\n\n\n<p class=\"wp-block-paragraph\">A nagyap\u00e1m szomor\u00faan elmosolyodott.<\/p>\n\n\n\n<p class=\"wp-block-paragraph\">\u201eNem. V\u00e1rnak.\u201d<\/p>\n\n\n\n<p class=\"wp-block-paragraph\">\u201eMire?\u201d<\/p>\n\n\n\n<p class=\"wp-block-paragraph\">\u201eHogy meghaljak.\u201d<\/p>\n\n\n\n<p class=\"wp-block-paragraph\">Nem v\u00e1laszoltam.<\/p>\n\n\n\n<p class=\"wp-block-paragraph\">Mert tudtam, hogy igaza van.<\/p>\n\n\n\n<p class=\"wp-block-paragraph\">Ap\u00e1m csak egyszer h\u00edvott fel a tizenk\u00e9t nap alatt.<\/p>\n\n\n\n<p class=\"wp-block-paragraph\">Nem k\u00e9rdezte meg, hogy jobban van-e a nagyap\u00e1m.<\/p>\n\n\n\n<p class=\"wp-block-paragraph\">Nem k\u00e9rdezte meg, hogy sz\u00fcks\u00e9ge van-e valamire.<\/p>\n\n\n\n<p class=\"wp-block-paragraph\">Az els\u0151 k\u00e9rd\u00e9se \u00edgy hangzott:<\/p>\n\n\n\n<p class=\"wp-block-paragraph\">\u201eTudod, hol van a nagyap\u00e1m sz\u00e9fkulcsa?\u201d<\/p>\n\n\n\n<p class=\"wp-block-paragraph\">Letettem a telefont.<\/p>\n\n\n\n<p class=\"wp-block-paragraph\">N\u00e9h\u00e1ny \u00f3r\u00e1val k\u00e9s\u0151bb a b\u00e1ty\u00e1m \u00edrt nekem.<\/p>\n\n\n\n<p class=\"wp-block-paragraph\">\u201eK\u00e9rdezd meg t\u0151le, hol vannak a rakt\u00e1ri dokumentumok.\u201d<\/p>\n\n\n\n<p class=\"wp-block-paragraph\">M\u00e9g any\u00e1m is, aki \u00e9vek \u00f3ta hajtogatta, mennyire szereti az ap\u00f3s\u00e1t, nyaral\u00e1si fot\u00f3kat posztolt.<\/p>\n\n\n\n<p class=\"wp-block-paragraph\">K\u00f6zben az orvosok azt mondt\u00e1k, hogy nagyap\u00e1m \u00e1llapota s\u00falyos.<\/p>\n\n\n\n<p class=\"wp-block-paragraph\">Azt\u00e1n el\u00e9rkezett a nap, amikor hazaengedt\u00e9k.<\/p>\n\n\n\n<p class=\"wp-block-paragraph\">Az orvosok otthoni \u00e1pol\u00e1st javasoltak.<\/p>\n\n\n\n<p class=\"wp-block-paragraph\">Hazavittem.<\/p>\n\n\n\n<p class=\"wp-block-paragraph\">Kiseg\u00edtette az aut\u00f3b\u00f3l, \u00e9s lassan bevezette a nappaliba.<\/p>\n\n\n\n<p class=\"wp-block-paragraph\">Nagyap\u00e1m le\u00fclt a r\u00e9gi b\u0151rfotelj\u00e9be.<\/p>\n\n\n\n<p class=\"wp-block-paragraph\">Sok\u00e1ig hallgatott.<\/p>\n\n\n\n<p class=\"wp-block-paragraph\">Azt\u00e1n r\u00e1m n\u00e9zett.<\/p>\n\n\n\n<p class=\"wp-block-paragraph\">Volt valami a szem\u00e9ben, amit \u00e9vek \u00f3ta nem l\u00e1ttam.<\/p>\n\n\n\n<p class=\"wp-block-paragraph\">Nem volt gyenge.<\/p>\n\n\n\n<p class=\"wp-block-paragraph\">Elt\u00f6k\u00e9lt volt.<\/p>\n\n\n\n<p class=\"wp-block-paragraph\">\u201eH\u00edvd fel ap\u00e1dat.\u201d<\/p>\n\n\n\n<p class=\"wp-block-paragraph\">\u201eMi\u00e9rt?\u201d<\/p>\n\n\n\n<p class=\"wp-block-paragraph\">\u201eTedd, amit mondok.\u201d<\/p>\n\n\n\n<p class=\"wp-block-paragraph\">Engedelmeskedtem.<\/p>\n\n\n\n<p class=\"wp-block-paragraph\">A telefon t\u00f6bbsz\u00f6r is cs\u00f6rg\u00f6tt.<\/p>\n\n\n\n<p class=\"wp-block-paragraph\">V\u00e9g\u00fcl ap\u00e1m felvette.<\/p>\n\n\n\n<p class=\"wp-block-paragraph\">\u201eIgen?\u201d<\/p>\n\n\n\n<p class=\"wp-block-paragraph\">\u201eApa\u2026 a nagyap\u00e1m tegnap este meghalt.\u201d<\/p>\n\n\n\n<p class=\"wp-block-paragraph\">Pontosan azt mondtam, amit k\u00e9rt.<\/p>\n\n\n\n<p class=\"wp-block-paragraph\">N\u00e9h\u00e1ny m\u00e1sodpercnyi csend k\u00f6vetkezett.<\/p>\n\n\n\n<p class=\"wp-block-paragraph\">Azt\u00e1n ap\u00e1m kif\u00fajta a leveg\u0151t.<\/p>\n\n\n\n<p class=\"wp-block-paragraph\">Nem szomor\u00fas\u00e1g volt.<\/p>\n\n\n\n<p class=\"wp-block-paragraph\">Megk\u00f6nnyebb\u00fcl\u00e9s.<\/p>\n\n\n\n<p class=\"wp-block-paragraph\">\u201eSz\u00f3val az \u00f6reg v\u00e9gre meghalt.\u201d<\/p>\n\n\n\n<p class=\"wp-block-paragraph\">Megdermedtem.<\/p>\n\n\n\n<p class=\"wp-block-paragraph\">Any\u00e1m valahol mellette volt.<\/p>\n\n\n\n<p class=\"wp-block-paragraph\">\u201eAkkor k\u00e9rdezd meg a v\u00e9grendelet\u00e9r\u0151l\u201d \u2013 mondta.<\/p>\n\n\n\n<p class=\"wp-block-paragraph\">Soren csatlakozott a besz\u00e9lget\u00e9shez.<\/p>\n\n\n\n<p class=\"wp-block-paragraph\">\u201eTeh\u00e1t az eg\u00e9sz az eny\u00e9m.\u201d<\/p>\n\n\n\n<p class=\"wp-block-paragraph\">Pislogtam.<\/p>\n\n\n\n<p class=\"wp-block-paragraph\">\u201eMi?\u201d<\/p>\n\n\n\n<p class=\"wp-block-paragraph\">\u201eHallottad. A nagyap\u00e1m t\u00e1rsas\u00e1got \u00edg\u00e9rt nekem.\u201d<\/p>\n\n\n\n<p class=\"wp-block-paragraph\">\u201eMikor?\u201d<\/p>\n\n\n\n<p class=\"wp-block-paragraph\">Soren nevetett.<\/p>\n\n\n\n<figure class=\"wp-block-image size-large\"><img loading=\"lazy\" decoding=\"async\" width=\"859\" height=\"1024\" src=\"https:\/\/vengria.info\/wp-content\/uploads\/2026\/09\/aqwtfryhu-859x1024.jpg\" alt=\"\" class=\"wp-image-18171\" srcset=\"https:\/\/vengria.info\/wp-content\/uploads\/2026\/09\/aqwtfryhu-859x1024.jpg 859w, https:\/\/vengria.info\/wp-content\/uploads\/2026\/09\/aqwtfryhu-252x300.jpg 252w, https:\/\/vengria.info\/wp-content\/uploads\/2026\/09\/aqwtfryhu-768x915.jpg 768w, https:\/\/vengria.info\/wp-content\/uploads\/2026\/09\/aqwtfryhu.jpg 944w\" sizes=\"auto, (max-width: 859px) 100vw, 859px\" \/><\/figure>\n\n\n\n<p class=\"wp-block-paragraph\">\u201eNem sz\u00e1m\u00edt.\u201d<\/p>\n\n\n\n<p class=\"wp-block-paragraph\">Azt\u00e1n mondott valamit, ami jobban f\u00e1jt, mint b\u00e1rmi m\u00e1s azel\u0151tt.<\/p>\n\n\n\n<p class=\"wp-block-paragraph\">\u201e\u00c9vek \u00f3ta az id\u0151det vesztegeted azzal, hogy gondoskodj r\u00f3la. Azt hitted, hogy hagy r\u00e1d valamit?\u201d<\/p>\n\n\n\n<p class=\"wp-block-paragraph\">Any\u00e1m nevetett.<\/p>\n\n\n\n<p class=\"wp-block-paragraph\">\u201eVannak, akik t\u00e9nyleg azt hiszik, hogy a kedvess\u00e9g \u00e9rt\u00e9kes.\u201d<\/p>\n\n\n\n<p class=\"wp-block-paragraph\">R\u00e1n\u00e9ztem a nagyap\u00e1mra.<\/p>\n\n\n\n<p class=\"wp-block-paragraph\">Egy sz\u00e9ken \u00fclt.<\/p>\n\n\n\n<p class=\"wp-block-paragraph\">\u00c9s mosolygott.<\/p>\n\n\n\n<p class=\"wp-block-paragraph\">Felemelte a kez\u00e9t.<\/p>\n\n\n\n<p class=\"wp-block-paragraph\">Intett, hogy hozzam k\u00f6zelebb a telefont.<\/p>\n\n\n\n<p class=\"wp-block-paragraph\">A mikrofonhoz hajolt.<\/p>\n\n\n\n<p class=\"wp-block-paragraph\">\u201eKiv\u00e1l\u00f3.\u201d<\/p>\n\n\n\n<p class=\"wp-block-paragraph\">Ap\u00e1m elhallgatott.<\/p>\n\n\n\n<p class=\"wp-block-paragraph\">\u201eMit mondt\u00e1l?\u201d<\/p>\n\n\n\n<p class=\"wp-block-paragraph\">A nagyap\u00e1m folytatta.<\/p>\n\n\n\n<p class=\"wp-block-paragraph\">\u201eMost m\u00e1r pontosan tudom, mely neveket kell kih\u00faznom a v\u00e9grendeletemb\u0151l.\u201d<\/p>\n\n\n\n<p class=\"wp-block-paragraph\">Soren\u00e9 el\u00e1llt a l\u00e9gz\u00e9s.<\/p>\n\n\n\n<p class=\"wp-block-paragraph\">\u201eNagyapa?\u201d<\/p>\n\n\n\n<p class=\"wp-block-paragraph\">\u201e\u00c9s azt is tudom, mely titkokat kell v\u00e9gre felfednem.\u201d<\/p>\n\n\n\n<p class=\"wp-block-paragraph\">\u201eEz lehetetlen.\u201d<\/p>\n\n\n\n<p class=\"wp-block-paragraph\">A nagyap\u00e1m nevetett.<\/p>\n\n\n\n<p class=\"wp-block-paragraph\">\u201eTe is ezt gondolod.\u201d<\/p>\n\n\n\n<p class=\"wp-block-paragraph\">A vonal t\u00fals\u00f3 v\u00e9g\u00e9n olyan hang hallatszott, mintha egy poh\u00e1r zuhanna le.<\/p>\n\n\n\n<p class=\"wp-block-paragraph\">Ap\u00e1m sikoltozni kezdett.<\/p>\n\n\n\n<p class=\"wp-block-paragraph\">\u201eMit jelent ez?\u201d<\/p>\n\n\n\n<p class=\"wp-block-paragraph\">A nagyap\u00e1m nyugodtan v\u00e1laszolt:<\/p>\n\n\n\n<p class=\"wp-block-paragraph\">\u201eHamarosan megtudod.\u201d<\/p>\n\n\n\n<p class=\"wp-block-paragraph\">Azt\u00e1n r\u00e1m n\u00e9zett.<\/p>\n\n\n\n<p class=\"wp-block-paragraph\">\u201eTedd le.\u201d<\/p>\n\n\n\n<p class=\"wp-block-paragraph\">Letettem a h\u00edv\u00e1st.<\/p>\n\n\n\n<p class=\"wp-block-paragraph\">A telefonom azonnal rezegni kezdett.<\/p>\n\n\n\n<p class=\"wp-block-paragraph\">Apa.<\/p>\n\n\n\n<p class=\"wp-block-paragraph\">Anya.<\/p>\n\n\n\n<p class=\"wp-block-paragraph\">Soren\u00e9.<\/p>\n\n\n\n<p class=\"wp-block-paragraph\">Megint apa.<\/p>\n\n\n\n<p class=\"wp-block-paragraph\">De a nagyap\u00e1m minden h\u00edv\u00e1st elutas\u00edtott.<\/p>\n\n\n\n<p class=\"wp-block-paragraph\">Azt\u00e1n r\u00e1m n\u00e9zett.<\/p>\n\n\n\n<p class=\"wp-block-paragraph\">\u201eIgazad volt.\u201d<\/p>\n\n\n\n<p class=\"wp-block-paragraph\">\u201eMivel?\u201d<\/p>\n\n\n\n<p class=\"wp-block-paragraph\">\u201eSosem \u00e9rdekelte \u0151ket, ha meghalok. Csak az \u00e9rdekelte \u0151ket, ami megmaradt bel\u0151lem.\u201d<\/p>\n\n\n\n<p class=\"wp-block-paragraph\">Abban a pillanatban kinyitottam a laptopomat.<\/p>\n\n\n\n<p class=\"wp-block-paragraph\">\u201eAkkor mutasd meg nekik.\u201d<\/p>\n\n\n\n<p class=\"wp-block-paragraph\">A nagyap\u00e1m b\u00f3lintott.<\/p>\n\n\n\n<p class=\"wp-block-paragraph\">Az elm\u00falt hat h\u00f3napban valami olyasmivel foglalkoztam, amir\u0151l a csal\u00e1domnak fogalma sem volt.<\/p>\n\n\n\n<p class=\"wp-block-paragraph\">T\u00f6rv\u00e9nysz\u00e9ki k\u00f6nyvel\u0151 voltam.<\/p>\n\n\n\n<p class=\"wp-block-paragraph\">Amikor a nagyap\u00e1m n\u00e9h\u00e1ny h\u00f3nappal azel\u0151tt, hogy k\u00f3rh\u00e1zba ker\u00fclt, furcsa c\u00e9ges kifizet\u00e9seket fedezett fel, megk\u00e9rt, hogy n\u00e9zzek ut\u00e1na.<\/p>\n\n\n\n<p class=\"wp-block-paragraph\">Nem akart \u00fcgyv\u00e9deket bevonni.<\/p>\n\n\n\n<p class=\"wp-block-paragraph\">Nem akarta \u00e9rtes\u00edteni a vezet\u0151s\u00e9get.<\/p>\n\n\n\n<p class=\"wp-block-paragraph\">El\u0151sz\u00f6r is tudni akarta, kiben b\u00edzhat meg.<\/p>\n\n\n\n<p class=\"wp-block-paragraph\">Ez\u00e9rt elkezdtem ellen\u0151rizni a k\u00f6nyvel\u00e9si nyilv\u00e1ntart\u00e1sokat.<\/p>\n\n\n\n<p class=\"wp-block-paragraph\">El\u0151sz\u00f6r kis \u00f6sszegek voltak.<\/p>\n\n\n\n<p class=\"wp-block-paragraph\">Azt\u00e1n t\u00f6bbet tal\u00e1ltam.<\/p>\n\n\n\n<p class=\"wp-block-paragraph\">\u00c9s t\u00f6bbet.<\/p>\n\n\n\n<p class=\"wp-block-paragraph\">Kifizet\u00e9sek olyan szolg\u00e1ltat\u00e1sok\u00e9rt, amelyek soha&#8230;<\/p>\n\n\n\n<p class=\"wp-block-paragraph\"><\/p>\n","protected":false},"excerpt":{"rendered":"\u201eTesztelni akarod a szerelm\u00fcket, \u00e9s megtudni, ki szeret engem igaz\u00e1n?\u201d Nem \u00e9rtettem, mire gondol. Csak b\u00f3lintottam. N\u00e9h\u00e1ny perccel k\u00e9s\u0151bb felh\u00edvtam a csal\u00e1domat. \u201eApa\u2026 \n<a class=\"moretag\" href=\"https:\/\/vengria.info\/?p=18169\"> [...]<\/a>","protected":false},"author":1,"featured_media":18171,"comment_status":"open","ping_status":"open","sticky":false,"template":"","format":"standard","meta":{"footnotes":""},"categories":[26],"tags":[],"class_list":["post-18169","post","type-post","status-publish","format-standard","has-post-thumbnail","hentry","category-26"],"yoast_head":"<!-- This site is optimized with the Yoast SEO plugin v28.3 - https:\/\/yoast.com\/product\/yoast-seo-wordpress\/ -->\n<title>Azon a napon, amikor hazahoztam a nagyap\u00e1mat a k\u00f3rh\u00e1zb\u00f3l, r\u00e1m n\u00e9zett \u00e9s azt s\u00fagta: -<\/title>\n<meta name=\"robots\" content=\"index, follow, max-snippet:-1, max-image-preview:large, max-video-preview:-1\" \/>\n<link rel=\"canonical\" href=\"https:\/\/vengria.info\/?p=18169\" \/>\n<meta property=\"og:locale\" content=\"en_US\" \/>\n<meta property=\"og:type\" content=\"article\" \/>\n<meta property=\"og:title\" content=\"Azon a napon, amikor hazahoztam a nagyap\u00e1mat a k\u00f3rh\u00e1zb\u00f3l, r\u00e1m n\u00e9zett \u00e9s azt s\u00fagta: -\" \/>\n<meta property=\"og:description\" content=\"\u201eTesztelni akarod a szerelm\u00fcket, \u00e9s megtudni, ki szeret engem igaz\u00e1n?\u201d Nem \u00e9rtettem, mire gondol. Csak b\u00f3lintottam. N\u00e9h\u00e1ny perccel k\u00e9s\u0151bb felh\u00edvtam a csal\u00e1domat. \u201eApa\u2026\" \/>\n<meta property=\"og:url\" content=\"https:\/\/vengria.info\/?p=18169\" \/>\n<meta property=\"article:published_time\" content=\"2026-09-01T13:13:52+00:00\" \/>\n<meta property=\"article:modified_time\" content=\"2026-09-01T13:13:53+00:00\" \/>\n<meta property=\"og:image\" content=\"https:\/\/vengria.info\/wp-content\/uploads\/2026\/09\/aqwtfryhu.jpg\" \/>\n\t<meta property=\"og:image:width\" content=\"944\" \/>\n\t<meta property=\"og:image:height\" content=\"1125\" \/>\n\t<meta property=\"og:image:type\" content=\"image\/jpeg\" \/>\n<meta name=\"author\" content=\"admin\" \/>\n<meta name=\"twitter:card\" content=\"summary_large_image\" \/>\n<meta name=\"twitter:label1\" content=\"Written by\" \/>\n\t<meta name=\"twitter:data1\" content=\"admin\" \/>\n\t<meta name=\"twitter:label2\" content=\"Est. reading time\" \/>\n\t<meta name=\"twitter:data2\" content=\"4 minutes\" \/>\n<script type=\"application\/ld+json\" class=\"yoast-schema-graph\">{\"@context\":\"https:\\\/\\\/schema.org\",\"@graph\":[{\"@type\":\"Article\",\"@id\":\"https:\\\/\\\/vengria.info\\\/?p=18169#article\",\"isPartOf\":{\"@id\":\"https:\\\/\\\/vengria.info\\\/?p=18169\"},\"author\":{\"name\":\"admin\",\"@id\":\"https:\\\/\\\/vengria.info\\\/#\\\/schema\\\/person\\\/b815b04a6b1fb36a2d064955a92f68d4\"},\"headline\":\"Azon a napon, amikor hazahoztam a nagyap\u00e1mat a k\u00f3rh\u00e1zb\u00f3l, r\u00e1m n\u00e9zett \u00e9s azt s\u00fagta:\",\"datePublished\":\"2026-09-01T13:13:52+00:00\",\"dateModified\":\"2026-09-01T13:13:53+00:00\",\"mainEntityOfPage\":{\"@id\":\"https:\\\/\\\/vengria.info\\\/?p=18169\"},\"wordCount\":1064,\"commentCount\":0,\"image\":{\"@id\":\"https:\\\/\\\/vengria.info\\\/?p=18169#primaryimage\"},\"thumbnailUrl\":\"https:\\\/\\\/vengria.info\\\/wp-content\\\/uploads\\\/2026\\\/09\\\/aqwtfryhu.jpg\",\"articleSection\":[\"\u0427\u0435\u0445\u0438\u044f\"],\"inLanguage\":\"en-US\",\"potentialAction\":[{\"@type\":\"CommentAction\",\"name\":\"Comment\",\"target\":[\"https:\\\/\\\/vengria.info\\\/?p=18169#respond\"]}]},{\"@type\":\"WebPage\",\"@id\":\"https:\\\/\\\/vengria.info\\\/?p=18169\",\"url\":\"https:\\\/\\\/vengria.info\\\/?p=18169\",\"name\":\"Azon a napon, amikor hazahoztam a nagyap\u00e1mat a k\u00f3rh\u00e1zb\u00f3l, r\u00e1m n\u00e9zett \u00e9s azt s\u00fagta: -\",\"isPartOf\":{\"@id\":\"https:\\\/\\\/vengria.info\\\/#website\"},\"primaryImageOfPage\":{\"@id\":\"https:\\\/\\\/vengria.info\\\/?p=18169#primaryimage\"},\"image\":{\"@id\":\"https:\\\/\\\/vengria.info\\\/?p=18169#primaryimage\"},\"thumbnailUrl\":\"https:\\\/\\\/vengria.info\\\/wp-content\\\/uploads\\\/2026\\\/09\\\/aqwtfryhu.jpg\",\"datePublished\":\"2026-09-01T13:13:52+00:00\",\"dateModified\":\"2026-09-01T13:13:53+00:00\",\"author\":{\"@id\":\"https:\\\/\\\/vengria.info\\\/#\\\/schema\\\/person\\\/b815b04a6b1fb36a2d064955a92f68d4\"},\"breadcrumb\":{\"@id\":\"https:\\\/\\\/vengria.info\\\/?p=18169#breadcrumb\"},\"inLanguage\":\"en-US\",\"potentialAction\":[{\"@type\":\"ReadAction\",\"target\":[\"https:\\\/\\\/vengria.info\\\/?p=18169\"]}]},{\"@type\":\"ImageObject\",\"inLanguage\":\"en-US\",\"@id\":\"https:\\\/\\\/vengria.info\\\/?p=18169#primaryimage\",\"url\":\"https:\\\/\\\/vengria.info\\\/wp-content\\\/uploads\\\/2026\\\/09\\\/aqwtfryhu.jpg\",\"contentUrl\":\"https:\\\/\\\/vengria.info\\\/wp-content\\\/uploads\\\/2026\\\/09\\\/aqwtfryhu.jpg\",\"width\":944,\"height\":1125},{\"@type\":\"BreadcrumbList\",\"@id\":\"https:\\\/\\\/vengria.info\\\/?p=18169#breadcrumb\",\"itemListElement\":[{\"@type\":\"ListItem\",\"position\":1,\"name\":\"Home\",\"item\":\"https:\\\/\\\/vengria.info\\\/\"},{\"@type\":\"ListItem\",\"position\":2,\"name\":\"Azon a napon, amikor hazahoztam a nagyap\u00e1mat a k\u00f3rh\u00e1zb\u00f3l, r\u00e1m n\u00e9zett \u00e9s azt s\u00fagta:\"}]},{\"@type\":\"WebSite\",\"@id\":\"https:\\\/\\\/vengria.info\\\/#website\",\"url\":\"https:\\\/\\\/vengria.info\\\/\",\"name\":\"\",\"description\":\"\",\"potentialAction\":[{\"@type\":\"SearchAction\",\"target\":{\"@type\":\"EntryPoint\",\"urlTemplate\":\"https:\\\/\\\/vengria.info\\\/?s={search_term_string}\"},\"query-input\":{\"@type\":\"PropertyValueSpecification\",\"valueRequired\":true,\"valueName\":\"search_term_string\"}}],\"inLanguage\":\"en-US\"},{\"@type\":\"Person\",\"@id\":\"https:\\\/\\\/vengria.info\\\/#\\\/schema\\\/person\\\/b815b04a6b1fb36a2d064955a92f68d4\",\"name\":\"admin\",\"image\":{\"@type\":\"ImageObject\",\"inLanguage\":\"en-US\",\"@id\":\"https:\\\/\\\/secure.gravatar.com\\\/avatar\\\/a29bad30ab19883c48927f9ee55a40d0d1a0c3c343bcef70ad9a0a9cb421f0fa?s=96&d=mm&r=g\",\"url\":\"https:\\\/\\\/secure.gravatar.com\\\/avatar\\\/a29bad30ab19883c48927f9ee55a40d0d1a0c3c343bcef70ad9a0a9cb421f0fa?s=96&d=mm&r=g\",\"contentUrl\":\"https:\\\/\\\/secure.gravatar.com\\\/avatar\\\/a29bad30ab19883c48927f9ee55a40d0d1a0c3c343bcef70ad9a0a9cb421f0fa?s=96&d=mm&r=g\",\"caption\":\"admin\"},\"sameAs\":[\"http:\\\/\\\/vengria.info\"],\"url\":\"https:\\\/\\\/vengria.info\\\/?author=1\"}]}<\/script>\n<!-- \/ Yoast SEO plugin. -->","yoast_head_json":{"title":"Azon a napon, amikor hazahoztam a nagyap\u00e1mat a k\u00f3rh\u00e1zb\u00f3l, r\u00e1m n\u00e9zett \u00e9s azt s\u00fagta: -","robots":{"index":"index","follow":"follow","max-snippet":"max-snippet:-1","max-image-preview":"max-image-preview:large","max-video-preview":"max-video-preview:-1"},"canonical":"https:\/\/vengria.info\/?p=18169","og_locale":"en_US","og_type":"article","og_title":"Azon a napon, amikor hazahoztam a nagyap\u00e1mat a k\u00f3rh\u00e1zb\u00f3l, r\u00e1m n\u00e9zett \u00e9s azt s\u00fagta: -","og_description":"\u201eTesztelni akarod a szerelm\u00fcket, \u00e9s megtudni, ki szeret engem igaz\u00e1n?\u201d Nem \u00e9rtettem, mire gondol. Csak b\u00f3lintottam. N\u00e9h\u00e1ny perccel k\u00e9s\u0151bb felh\u00edvtam a csal\u00e1domat. \u201eApa\u2026","og_url":"https:\/\/vengria.info\/?p=18169","article_published_time":"2026-09-01T13:13:52+00:00","article_modified_time":"2026-09-01T13:13:53+00:00","og_image":[{"width":944,"height":1125,"url":"https:\/\/vengria.info\/wp-content\/uploads\/2026\/09\/aqwtfryhu.jpg","type":"image\/jpeg"}],"author":"admin","twitter_card":"summary_large_image","twitter_misc":{"Written by":"admin","Est. reading time":"4 minutes"},"schema":{"@context":"https:\/\/schema.org","@graph":[{"@type":"Article","@id":"https:\/\/vengria.info\/?p=18169#article","isPartOf":{"@id":"https:\/\/vengria.info\/?p=18169"},"author":{"name":"admin","@id":"https:\/\/vengria.info\/#\/schema\/person\/b815b04a6b1fb36a2d064955a92f68d4"},"headline":"Azon a napon, amikor hazahoztam a nagyap\u00e1mat a k\u00f3rh\u00e1zb\u00f3l, r\u00e1m n\u00e9zett \u00e9s azt s\u00fagta:","datePublished":"2026-09-01T13:13:52+00:00","dateModified":"2026-09-01T13:13:53+00:00","mainEntityOfPage":{"@id":"https:\/\/vengria.info\/?p=18169"},"wordCount":1064,"commentCount":0,"image":{"@id":"https:\/\/vengria.info\/?p=18169#primaryimage"},"thumbnailUrl":"https:\/\/vengria.info\/wp-content\/uploads\/2026\/09\/aqwtfryhu.jpg","articleSection":["\u0427\u0435\u0445\u0438\u044f"],"inLanguage":"en-US","potentialAction":[{"@type":"CommentAction","name":"Comment","target":["https:\/\/vengria.info\/?p=18169#respond"]}]},{"@type":"WebPage","@id":"https:\/\/vengria.info\/?p=18169","url":"https:\/\/vengria.info\/?p=18169","name":"Azon a napon, amikor hazahoztam a nagyap\u00e1mat a k\u00f3rh\u00e1zb\u00f3l, r\u00e1m n\u00e9zett \u00e9s azt s\u00fagta: -","isPartOf":{"@id":"https:\/\/vengria.info\/#website"},"primaryImageOfPage":{"@id":"https:\/\/vengria.info\/?p=18169#primaryimage"},"image":{"@id":"https:\/\/vengria.info\/?p=18169#primaryimage"},"thumbnailUrl":"https:\/\/vengria.info\/wp-content\/uploads\/2026\/09\/aqwtfryhu.jpg","datePublished":"2026-09-01T13:13:52+00:00","dateModified":"2026-09-01T13:13:53+00:00","author":{"@id":"https:\/\/vengria.info\/#\/schema\/person\/b815b04a6b1fb36a2d064955a92f68d4"},"breadcrumb":{"@id":"https:\/\/vengria.info\/?p=18169#breadcrumb"},"inLanguage":"en-US","potentialAction":[{"@type":"ReadAction","target":["https:\/\/vengria.info\/?p=18169"]}]},{"@type":"ImageObject","inLanguage":"en-US","@id":"https:\/\/vengria.info\/?p=18169#primaryimage","url":"https:\/\/vengria.info\/wp-content\/uploads\/2026\/09\/aqwtfryhu.jpg","contentUrl":"https:\/\/vengria.info\/wp-content\/uploads\/2026\/09\/aqwtfryhu.jpg","width":944,"height":1125},{"@type":"BreadcrumbList","@id":"https:\/\/vengria.info\/?p=18169#breadcrumb","itemListElement":[{"@type":"ListItem","position":1,"name":"Home","item":"https:\/\/vengria.info\/"},{"@type":"ListItem","position":2,"name":"Azon a napon, amikor hazahoztam a nagyap\u00e1mat a k\u00f3rh\u00e1zb\u00f3l, r\u00e1m n\u00e9zett \u00e9s azt s\u00fagta:"}]},{"@type":"WebSite","@id":"https:\/\/vengria.info\/#website","url":"https:\/\/vengria.info\/","name":"","description":"","potentialAction":[{"@type":"SearchAction","target":{"@type":"EntryPoint","urlTemplate":"https:\/\/vengria.info\/?s={search_term_string}"},"query-input":{"@type":"PropertyValueSpecification","valueRequired":true,"valueName":"search_term_string"}}],"inLanguage":"en-US"},{"@type":"Person","@id":"https:\/\/vengria.info\/#\/schema\/person\/b815b04a6b1fb36a2d064955a92f68d4","name":"admin","image":{"@type":"ImageObject","inLanguage":"en-US","@id":"https:\/\/secure.gravatar.com\/avatar\/a29bad30ab19883c48927f9ee55a40d0d1a0c3c343bcef70ad9a0a9cb421f0fa?s=96&d=mm&r=g","url":"https:\/\/secure.gravatar.com\/avatar\/a29bad30ab19883c48927f9ee55a40d0d1a0c3c343bcef70ad9a0a9cb421f0fa?s=96&d=mm&r=g","contentUrl":"https:\/\/secure.gravatar.com\/avatar\/a29bad30ab19883c48927f9ee55a40d0d1a0c3c343bcef70ad9a0a9cb421f0fa?s=96&d=mm&r=g","caption":"admin"},"sameAs":["http:\/\/vengria.info"],"url":"https:\/\/vengria.info\/?author=1"}]}},"_links":{"self":[{"href":"https:\/\/vengria.info\/index.php?rest_route=\/wp\/v2\/posts\/18169","targetHints":{"allow":["GET"]}}],"collection":[{"href":"https:\/\/vengria.info\/index.php?rest_route=\/wp\/v2\/posts"}],"about":[{"href":"https:\/\/vengria.info\/index.php?rest_route=\/wp\/v2\/types\/post"}],"author":[{"embeddable":true,"href":"https:\/\/vengria.info\/index.php?rest_route=\/wp\/v2\/users\/1"}],"replies":[{"embeddable":true,"href":"https:\/\/vengria.info\/index.php?rest_route=%2Fwp%2Fv2%2Fcomments&post=18169"}],"version-history":[{"count":1,"href":"https:\/\/vengria.info\/index.php?rest_route=\/wp\/v2\/posts\/18169\/revisions"}],"predecessor-version":[{"id":18172,"href":"https:\/\/vengria.info\/index.php?rest_route=\/wp\/v2\/posts\/18169\/revisions\/18172"}],"wp:featuredmedia":[{"embeddable":true,"href":"https:\/\/vengria.info\/index.php?rest_route=\/wp\/v2\/media\/18171"}],"wp:attachment":[{"href":"https:\/\/vengria.info\/index.php?rest_route=%2Fwp%2Fv2%2Fmedia&parent=18169"}],"wp:term":[{"taxonomy":"category","embeddable":true,"href":"https:\/\/vengria.info\/index.php?rest_route=%2Fwp%2Fv2%2Fcategories&post=18169"},{"taxonomy":"post_tag","embeddable":true,"href":"https:\/\/vengria.info\/index.php?rest_route=%2Fwp%2Fv2%2Ftags&post=18169"}],"curies":[{"name":"wp","href":"https:\/\/api.w.org\/{rel}","templated":true}]}}