{"id":18162,"date":"2026-09-01T13:05:10","date_gmt":"2026-09-01T13:05:10","guid":{"rendered":"https:\/\/vengria.info\/?p=18162"},"modified":"2026-09-01T13:05:12","modified_gmt":"2026-09-01T13:05:12","slug":"egyetlen-apolono-sem-birna-ki-nehany-napnal-tovabb-egy-maffiafonok-mellett","status":"publish","type":"post","link":"https:\/\/vengria.info\/?p=18162","title":{"rendered":"Egyetlen \u00e1pol\u00f3n\u0151 sem b\u00edrn\u00e1 ki n\u00e9h\u00e1ny napn\u00e1l tov\u00e1bb egy maffiaf\u0151n\u00f6k mellett."},"content":{"rendered":"\n<p class=\"wp-block-paragraph\">A kerekessz\u00e9khez k\u00f6t\u00f6tt f\u00e9rfi minden seg\u00edts\u00e9get megtagadt, megtiltotta nekik, hogy hozz\u00e1\u00e9rjenek, \u00e9s azonnal kir\u00fagott mindenkit a h\u00e1z\u00e1b\u00f3l, aki megpr\u00f3b\u00e1lta \u00e1tl\u00e9pni a hat\u00e1rait.<\/p>\n\n\n\n<p class=\"wp-block-paragraph\">Azt\u00e1n meg\u00e9rkezett Anna.<\/p>\n\n\n\n<p class=\"wp-block-paragraph\">Amikor el\u0151sz\u00f6r megl\u00e1tta, arra sz\u00e1m\u00edtott, hogy egy \u00fajabb r\u00e9m\u00fclt \u00e1pol\u00f3n\u0151 fog elszaladni n\u00e9h\u00e1ny \u00f3ra m\u00falva.<\/p>\n\n\n\n<p class=\"wp-block-paragraph\">Nem sejtette, hogy ez a n\u0151 lesz az els\u0151, aki meg\u00e9rti, mi\u00e9rt v\u00e9dekezik olyan k\u00e9ts\u00e9gbeesetten.<\/p>\n\n\n\n<p class=\"wp-block-paragraph\">\u201eAzt mondtam, ne \u00e9rjen hozz\u00e1m!\u201d<\/p>\n\n\n\n<p class=\"wp-block-paragraph\">Egy neh\u00e9z f\u00e9mt\u00e1lca zuhant a j\u00e1rd\u00e1ra, \u00e9s hangosan megsz\u00f3lalt.<\/p>\n\n\n\n<p class=\"wp-block-paragraph\">A kerekessz\u00e9k el\u0151tt \u00fcl\u0151 \u00e1pol\u00f3n\u0151 \u00f6sszerezzent, \u00e9s h\u00e1tral\u00e9pett.<\/p>\n\n\n\n<p class=\"wp-block-paragraph\">\u201eVitale \u00far, az orvos azt mondta, f\u00fcrdet\u00e9sre van sz\u00fcks\u00e9ge. N\u00e9h\u00e1ny h\u00e9t telt el a m\u0171t\u00e9t \u00f3ta, \u00e9s a b\u0151r\u00e9nek rendszeres \u00e1pol\u00e1sra van sz\u00fcks\u00e9ge.\u201d<\/p>\n\n\n\n<p class=\"wp-block-paragraph\">\u201eNem \u00e9rdekel, mit mondott az orvos.\u201d<\/p>\n\n\n\n<p class=\"wp-block-paragraph\">A f\u00e9rfi megragadta a kerekessz\u00e9k perem\u00e9t.<\/p>\n\n\n\n<p class=\"wp-block-paragraph\">\u201eSz\u00e1lljon ki.\u201d<\/p>\n\n\n\n<p class=\"wp-block-paragraph\">\u201eDe ha nem seg\u00edtek\u2026\u201d<\/p>\n\n\n\n<p class=\"wp-block-paragraph\">\u201eAzt mondtam, sz\u00e1lljon ki!\u201d<\/p>\n\n\n\n<p class=\"wp-block-paragraph\">A n\u0151v\u00e9r hallgatott.<\/p>\n\n\n\n<p class=\"wp-block-paragraph\">Felvette a t\u00e1sk\u00e1j\u00e1t \u00e9s elment.<\/p>\n\n\n\n<p class=\"wp-block-paragraph\">Az ajt\u00f3 becsap\u00f3dott m\u00f6g\u00f6tte.<\/p>\n\n\n\n<p class=\"wp-block-paragraph\">\u0150 volt a hatodik n\u0151v\u00e9r, aki mind\u00f6ssze k\u00e9t h\u00e9t alatt elhagyta az int\u00e9zm\u00e9nyt.<\/p>\n\n\n\n<p class=\"wp-block-paragraph\">A h\u00e1z tulajdonosa Marco Vitale volt.<\/p>\n\n\n\n<p class=\"wp-block-paragraph\">N\u00e9h\u00e1ny h\u00f3nappal ezel\u0151tt a neve tiszteletet \u00e9s f\u00e9lelmet keltett. Hatalmas ember volt, sz\u00e1mos v\u00e1llalkoz\u00e1s tulajdonosa, kapcsolatai voltak befoly\u00e1sos emberekkel, \u00e9s szinte soha nem t\u00e1vozott \u0151rs\u00e9g n\u00e9lk\u00fcl.<\/p>\n\n\n\n<p class=\"wp-block-paragraph\">Amikor Marco mondott valamit, az emberek hallgattak r\u00e1.<\/p>\n\n\n\n<p class=\"wp-block-paragraph\">Amikor parancsot adott valakinek, kevesen mertek engedetlenkedni.<\/p>\n\n\n\n<p class=\"wp-block-paragraph\">Azt\u00e1n el\u00e9rkezett az \u00e9jszaka, amely kett\u00e9v\u00e1gta az \u00e9let\u00e9t.<\/p>\n\n\n\n<p class=\"wp-block-paragraph\">Marco egy orsz\u00e1g\u00faton tartott megbesz\u00e9l\u00e9sr\u0151l t\u00e9rt vissza, amikor l\u00f6v\u00e9sek d\u00f6rd\u00fcltek a s\u00f6t\u00e9ts\u00e9gb\u0151l.<\/p>\n\n\n\n<p class=\"wp-block-paragraph\">Az aut\u00f3t t\u00f6bb goly\u00f3 tal\u00e1lta el.<\/p>\n\n\n\n<p class=\"wp-block-paragraph\">A sof\u0151r a helysz\u00ednen meghalt.<\/p>\n\n\n\n<p class=\"wp-block-paragraph\">Marco t\u00fal\u00e9lte, de az egyik goly\u00f3 s\u00falyos gerincs\u00e9r\u00fcl\u00e9st okozott.<\/p>\n\n\n\n<p class=\"wp-block-paragraph\">A k\u00f3rh\u00e1zban \u00e9bredt fel.<\/p>\n\n\n\n<p class=\"wp-block-paragraph\">Az els\u0151 k\u00e9rd\u00e9s, amit az orvosnak feltett, az volt:<\/p>\n\n\n\n<p class=\"wp-block-paragraph\">\u201eS\u00e9t\u00e1lhatok?\u201d<\/p>\n\n\n\n<p class=\"wp-block-paragraph\">Az orvos n\u00e9h\u00e1ny m\u00e1sodpercig hallgatott.<\/p>\n\n\n\n<p class=\"wp-block-paragraph\">\u201eEzt most nem mondhatjuk.\u201d<\/p>\n\n\n\n<p class=\"wp-block-paragraph\">Marco sz\u00e1m\u00e1ra ez rosszabb v\u00e1lasz volt, mint maga a f\u00e1jdalom.<\/p>\n\n\n\n<p class=\"wp-block-paragraph\">Eg\u00e9sz \u00e9let\u00e9ben m\u00e1sok helyett hozott d\u00f6nt\u00e9seket.<\/p>\n\n\n\n<p class=\"wp-block-paragraph\">Hirtelen nem tudott egyed\u00fcl kikelni az \u00e1gyb\u00f3l.<\/p>\n\n\n\n<p class=\"wp-block-paragraph\">N\u00e9h\u00e1ny l\u00e9p\u00e9st sem tudott megtenni.<\/p>\n\n\n\n<p class=\"wp-block-paragraph\">Nem tudott zuhanyozni.<\/p>\n\n\n\n<p class=\"wp-block-paragraph\">M\u00e9g a kerekessz\u00e9k\u00e9b\u0151l sem tudott seg\u00edts\u00e9g n\u00e9lk\u00fcl kisz\u00e1llni.<\/p>\n\n\n\n<p class=\"wp-block-paragraph\">Egy olyan ember sz\u00e1m\u00e1ra, aki hozz\u00e1szokott az ir\u00e1ny\u00edt\u00e1shoz, a h\u00e9tk\u00f6znapi mindennapi tev\u00e9kenys\u00e9gek a saj\u00e1t tehetetlens\u00e9g\u00e9nek megal\u00e1z\u00f3 eml\u00e9keztet\u0151j\u00e9v\u00e9 v\u00e1ltak.<\/p>\n\n\n\n<p class=\"wp-block-paragraph\">Elviselhetetlenn\u00e9 v\u00e1lt.<\/p>\n\n\n\n<p class=\"wp-block-paragraph\">Nem volt hajland\u00f3 rehabilit\u00e1ci\u00f3ra.<\/p>\n\n\n\n<p class=\"wp-block-paragraph\">Lemondta az orvosi vizsg\u00e1latokat.<\/p>\n\n\n\n<p class=\"wp-block-paragraph\">R\u00e1kiab\u00e1lt a szem\u00e9lyzetre.<\/p>\n\n\n\n<p class=\"wp-block-paragraph\">Egyszer m\u00e9g a gy\u00f3gyszereit is a f\u00f6ldre dobta, \u00e9s megparancsolta a biztons\u00e1gi \u0151rnek, hogy azonnal vigye ki a ment\u0151s\u00f6t a h\u00e1zb\u00f3l.<\/p>\n\n\n\n<p class=\"wp-block-paragraph\">De a legnagyobb probl\u00e9ma a f\u00fcrd\u0151szoba volt.<\/p>\n\n\n\n<p class=\"wp-block-paragraph\">Az orvosok elmagyar\u00e1zt\u00e1k, hogy a m\u0171t\u00e9t ut\u00e1n a b\u0151r\u00e9t rendszeresen meg kell tiszt\u00edtani \u00e9s ellen\u0151rizni. A higi\u00e9nia hossz\u00fa t\u00e1v\u00fa elhanyagol\u00e1sa olyan sz\u00f6v\u0151dm\u00e9nyekhez vezethet, amelyeket k\u00f6nnyen meg lehetett volna el\u0151zni.<\/p>\n\n\n\n<p class=\"wp-block-paragraph\">Marco azonban minden seg\u00edts\u00e9get visszautas\u00edtott.<\/p>\n\n\n\n<p class=\"wp-block-paragraph\">\u201eSenki sem fog hozz\u00e1m ny\u00falni.\u201d<\/p>\n\n\n\n<p class=\"wp-block-paragraph\">Ez volt az egyetlen v\u00e1lasza.<\/p>\n\n\n\n<p class=\"wp-block-paragraph\">Minden \u00faj \u00e1pol\u00f3n\u0151 ugyanazokat az utas\u00edt\u00e1sokat kapta.<\/p>\n\n\n\n<p class=\"wp-block-paragraph\">Mindeki ugyan\u00fagy t\u00e1vozott.<\/p>\n\n\n\n<p class=\"wp-block-paragraph\">N\u00e9h\u00e1nyan k\u00e9t napig b\u00edrt\u00e1k.<\/p>\n\n\n\n<p class=\"wp-block-paragraph\">M\u00e1sok csak n\u00e9h\u00e1ny \u00f3r\u00e1ig.<\/p>\n\n\n\n<p class=\"wp-block-paragraph\">Az egyik megpr\u00f3b\u00e1lta meggy\u0151zni az orvos tekint\u00e9ly\u00e9nek erej\u00e9vel.<\/p>\n\n\n\n<p class=\"wp-block-paragraph\">Marco kir\u00fagta.<\/p>\n\n\n\n<p class=\"wp-block-paragraph\">Egy m\u00e1sik felemelte a hangj\u00e1t ellene.<\/p>\n\n\n\n<p class=\"wp-block-paragraph\">Azonnal kir\u00fagta.<\/p>\n\n\n\n<p class=\"wp-block-paragraph\">V\u00e9g\u00fcl a mag\u00e1n\u00fcgyn\u00f6ks\u00e9g bejelentette, hogy nem biztos\u00edt sz\u00e1m\u00e1ra t\u00f6bb szem\u00e9lyzetet.<\/p>\n\n\n\n<p class=\"wp-block-paragraph\">Marco a biztons\u00e1gi \u0151r\u00f6kre \u00e9s n\u00e9h\u00e1ny alkalmazottra maradt f\u00fcgg\u0151ben, akik f\u00e9ltek t\u0151le.<\/p>\n\n\n\n<p class=\"wp-block-paragraph\">Azt\u00e1n az orvos \u00faj nevet tal\u00e1lt.<\/p>\n\n\n\n<p class=\"wp-block-paragraph\">Anna.<\/p>\n\n\n\n<p class=\"wp-block-paragraph\">Harminck\u00e9t \u00e9ves volt, \u00e9s t\u00f6bb \u00e9vig egy rehabilit\u00e1ci\u00f3s k\u00f6zpontban dolgozott. Ott olyan emberekkel tal\u00e1lkozott, akik s\u00falyos s\u00e9r\u00fcl\u00e9seket szenvedtek, \u00e9s elvesztett\u00e9k f\u00fcggetlens\u00e9g\u00fck egy r\u00e9sz\u00e9t.<\/p>\n\n\n\n<p class=\"wp-block-paragraph\">Tudta, hogyan v\u00e1ltozhat meg az ember, amikor hirtelen elvesz\u00edti az uralmat a saj\u00e1t teste felett.<\/p>\n\n\n\n<p class=\"wp-block-paragraph\">Amikor az orvos elmondta neki, hogy kinek kellene dolgoznia, sok\u00e1ig hallgatott.<\/p>\n\n\n\n<p class=\"wp-block-paragraph\">\u2013 Tudja, ki \u0151?<\/p>\n\n\n\n<p class=\"wp-block-paragraph\">\u2013 Igen.<\/p>\n\n\n\n<p class=\"wp-block-paragraph\">\u2013 Tudja, mit tett az el\u0151z\u0151 \u00e1pol\u00f3n\u0151kkel?<\/p>\n\n\n\n<p class=\"wp-block-paragraph\">\u2013 Igen.<\/p>\n\n\n\n<p class=\"wp-block-paragraph\">\u2013 \u00c9s akkor is elt\u0171ri?<\/p>\n\n\n\n<p class=\"wp-block-paragraph\">Anna b\u00f3lintott.<\/p>\n\n\n\n<p class=\"wp-block-paragraph\">De volt egy felt\u00e9tele.<\/p>\n\n\n\n<p class=\"wp-block-paragraph\">\u2013 Ha megs\u00e9rt, az \u0151r\u00f6k nem avatkoznak k\u00f6zbe.<\/p>\n\n\n\n<p class=\"wp-block-paragraph\">Az orvos meglepettnek t\u0171nt.<\/p>\n\n\n\n<p class=\"wp-block-paragraph\">\u2013 Mi\u00e9rt?<\/p>\n\n\n\n<p class=\"wp-block-paragraph\">\u2013 Mert ha minden alkalommal, amikor d\u00fch\u00f6s lesz, k\u00e9t fegyveres ember \u00e1ll m\u00f6g\u00f6ttem, soha nem fog megb\u00edzni bennem.<\/p>\n\n\n\n<p class=\"wp-block-paragraph\">M\u00e1snap reggel meg\u00e9rkezett a k\u00f6zpontba.<\/p>\n\n\n\n<figure class=\"wp-block-image size-large is-resized\"><img loading=\"lazy\" decoding=\"async\" width=\"591\" height=\"1024\" src=\"https:\/\/vengria.info\/wp-content\/uploads\/2026\/09\/zesxdrctfvgybhn-591x1024.jpg\" alt=\"\" class=\"wp-image-18164\" style=\"width:747px;height:auto\" srcset=\"https:\/\/vengria.info\/wp-content\/uploads\/2026\/09\/zesxdrctfvgybhn-591x1024.jpg 591w, https:\/\/vengria.info\/wp-content\/uploads\/2026\/09\/zesxdrctfvgybhn-173x300.jpg 173w, https:\/\/vengria.info\/wp-content\/uploads\/2026\/09\/zesxdrctfvgybhn-768x1331.jpg 768w, https:\/\/vengria.info\/wp-content\/uploads\/2026\/09\/zesxdrctfvgybhn.jpg 784w\" sizes=\"auto, (max-width: 591px) 100vw, 591px\" \/><\/figure>\n\n\n\n<p class=\"wp-block-paragraph\">Amikor bel\u00e9pett a f\u00fcrd\u0151szob\u00e1ba, Marco m\u00e1r a nagy feh\u00e9r f\u00fcrd\u0151k\u00e1d mellett \u00fclt.<\/p>\n\n\n\n<p class=\"wp-block-paragraph\">Egy t\u00f6r\u00f6lk\u00f6z\u0151 volt az \u00f6l\u00e9ben.<\/p>\n\n\n\n<p class=\"wp-block-paragraph\">Egy test\u0151r \u00e1llt az ajt\u00f3ban.<\/p>\n\n\n\n<p class=\"wp-block-paragraph\">Marco feln\u00e9zett.<\/p>\n\n\n\n<p class=\"wp-block-paragraph\">\u2013 M\u00e9g egy?<\/p>\n\n\n\n<p class=\"wp-block-paragraph\">\u2013 \u00dagy t\u0171nik.<\/p>\n\n\n\n<p class=\"wp-block-paragraph\">A f\u00e9rfi elvigyorodott.<\/p>\n\n\n\n<p class=\"wp-block-paragraph\">\u2013 Mondt\u00e1k, meddig tartottak az el\u0151z\u0151ek?<\/p>\n\n\n\n<p class=\"wp-block-paragraph\">\u201eMegtett\u00e9k.\u201d<\/p>\n\n\n\n<p class=\"wp-block-paragraph\">\u201eAkkor kiveheted az els\u0151 napodat, \u00e9s elmehetsz.\u201d<\/p>\n\n\n\n<p class=\"wp-block-paragraph\">Anna nyugodtan n\u00e9zett r\u00e1.<\/p>\n\n\n\n<p class=\"wp-block-paragraph\">\u201eAz k\u00f6nnyebb lenne.\u201d<\/p>\n\n\n\n<p class=\"wp-block-paragraph\">Marco felvonta a szem\u00f6ld\u00f6k\u00e9t.<\/p>\n\n\n\n<p class=\"wp-block-paragraph\">\u201eAkkor mi\u00e9rt vagy itt?\u201d<\/p>\n\n\n\n<p class=\"wp-block-paragraph\">\u201eMert beteg vagy.\u201d<\/p>\n\n\n\n<p class=\"wp-block-paragraph\">\u201eNem vagyok beteg.\u201d<\/p>\n\n\n\n<p class=\"wp-block-paragraph\">\u201eRendben.\u201d<\/p>\n\n\n\n<p class=\"wp-block-paragraph\">\u201eMegs\u00e9r\u00fcltem.\u201d<\/p>\n\n\n\n<p class=\"wp-block-paragraph\">\u201eNagyon megs\u00e9r\u00fcltem.\u201d<\/p>\n\n\n\n<p class=\"wp-block-paragraph\">Marco ellen\u00e1ll\u00e1sra sz\u00e1m\u00edtott.<\/p>\n\n\n\n<p class=\"wp-block-paragraph\">Nem \u00e9rtette.<\/p>\n\n\n\n<p class=\"wp-block-paragraph\">\u201eMeg akarok f\u00fcrdeni.\u201d<\/p>\n\n\n\n<p class=\"wp-block-paragraph\">\u201eRendben.\u201d<\/p>\n\n\n\n<p class=\"wp-block-paragraph\">\u201e\u00c9s elm\u00e9sz.\u201d<\/p>\n\n\n\n<p class=\"wp-block-paragraph\">Anna a l\u00e1b\u00e1ra n\u00e9zett.<\/p>\n\n\n\n<p class=\"wp-block-paragraph\">\u201eEzt nem tudod biztons\u00e1gosan egyed\u00fcl megcsin\u00e1lni.\u201d<\/p>\n\n\n\n<p class=\"wp-block-paragraph\">\u201eMeg tudom csin\u00e1lni.\u201d<\/p>\n\n\n\n<p class=\"wp-block-paragraph\">\u201eNem.\u201d<\/p>\n\n\n\n<p class=\"wp-block-paragraph\">A szoba elcsendesedett.<\/p>\n\n\n\n<p class=\"wp-block-paragraph\">A test\u0151r vigy\u00e1zzban \u00e1llt.<\/p>\n\n\n\n<p class=\"wp-block-paragraph\">Marco \u00f6sszevonta a szem\u00f6ld\u00f6k\u00e9t.<\/p>\n\n\n\n<p class=\"wp-block-paragraph\">\u201eMit mondt\u00e1l?\u201d<\/p>\n\n\n\n<p class=\"wp-block-paragraph\">\u201eAzt mondtam, hogy nem tudod megcsin\u00e1lni.\u201d<\/p>\n\n\n\n<p class=\"wp-block-paragraph\">\u201eTudod, ki vagyok?\u201d<\/p>\n\n\n\n<p class=\"wp-block-paragraph\">Anna b\u00f3lintott.<\/p>\n\n\n\n<p class=\"wp-block-paragraph\">\u201eIgen.\u201d<\/p>\n\n\n\n<p class=\"wp-block-paragraph\">\u201eAkkor l\u00e9gy \u00f3vatos.\u201d<\/p>\n\n\n\n<p class=\"wp-block-paragraph\">\u201eMi?\u201d<\/p>\n\n\n\n<p class=\"wp-block-paragraph\">Marco sz\u00fcnetet tartott.<\/p>\n\n\n\n<p class=\"wp-block-paragraph\">Anna folytatta:<\/p>\n\n\n\n<p class=\"wp-block-paragraph\">\u201eHogy ne dobj ki, miel\u0151tt r\u00e1j\u00f6ssz, hogy seg\u00edteni pr\u00f3b\u00e1lok neked.\u201d<\/p>\n\n\n\n<p class=\"wp-block-paragraph\">Marco most el\u0151sz\u00f6r nem tal\u00e1lta a v\u00e1laszt.<\/p>\n\n\n\n<p class=\"wp-block-paragraph\">Anna odament a k\u00e1dhoz.<\/p>\n\n\n\n<p class=\"wp-block-paragraph\">\u201eNem \u00e9rek hozz\u00e1d a beleegyez\u00e9sed n\u00e9lk\u00fcl. Minden l\u00e9p\u00e9st el\u0151re elmondok. \u00c9s ha nemet mondasz, nem foglak k\u00e9nyszer\u00edteni.\u201d<\/p>\n\n\n\n<p class=\"wp-block-paragraph\">Marco gyanakodva n\u00e9zett r\u00e1.<\/p>\n\n\n\n<p class=\"wp-block-paragraph\">\u201eAkkor mi\u00e9rt j\u00f6tt\u00e9l ide?\u201d<\/p>\n\n\n\n<p class=\"wp-block-paragraph\">\u201eMert a seg\u00edts\u00e9get gyenges\u00e9gnek hitted.\u201d<\/p>\n\n\n\n<p class=\"wp-block-paragraph\">A mondat meg\u00fct\u00f6tte.<\/p>\n\n\n\n<p class=\"wp-block-paragraph\"><\/p>\n","protected":false},"excerpt":{"rendered":"A kerekessz\u00e9khez k\u00f6t\u00f6tt f\u00e9rfi minden seg\u00edts\u00e9get megtagadt, megtiltotta nekik, hogy hozz\u00e1\u00e9rjenek, \u00e9s azonnal kir\u00fagott mindenkit a h\u00e1z\u00e1b\u00f3l, aki megpr\u00f3b\u00e1lta \u00e1tl\u00e9pni a hat\u00e1rait. Azt\u00e1n \n<a class=\"moretag\" href=\"https:\/\/vengria.info\/?p=18162\"> [...]<\/a>","protected":false},"author":1,"featured_media":18164,"comment_status":"open","ping_status":"open","sticky":false,"template":"","format":"standard","meta":{"footnotes":""},"categories":[1,2],"tags":[],"class_list":["post-18162","post","type-post","status-publish","format-standard","has-post-thumbnail","hentry","category-news","category-video"],"yoast_head":"<!-- This site is optimized with the Yoast SEO plugin v28.3 - https:\/\/yoast.com\/product\/yoast-seo-wordpress\/ -->\n<title>Egyetlen \u00e1pol\u00f3n\u0151 sem b\u00edrn\u00e1 ki n\u00e9h\u00e1ny napn\u00e1l tov\u00e1bb egy maffiaf\u0151n\u00f6k mellett. -<\/title>\n<meta name=\"robots\" content=\"index, follow, max-snippet:-1, max-image-preview:large, max-video-preview:-1\" \/>\n<link rel=\"canonical\" href=\"https:\/\/vengria.info\/?p=18162\" \/>\n<meta property=\"og:locale\" content=\"en_US\" \/>\n<meta property=\"og:type\" content=\"article\" \/>\n<meta property=\"og:title\" content=\"Egyetlen \u00e1pol\u00f3n\u0151 sem b\u00edrn\u00e1 ki n\u00e9h\u00e1ny napn\u00e1l tov\u00e1bb egy maffiaf\u0151n\u00f6k mellett. -\" \/>\n<meta property=\"og:description\" content=\"A kerekessz\u00e9khez k\u00f6t\u00f6tt f\u00e9rfi minden seg\u00edts\u00e9get megtagadt, megtiltotta nekik, hogy hozz\u00e1\u00e9rjenek, \u00e9s azonnal kir\u00fagott mindenkit a h\u00e1z\u00e1b\u00f3l, aki megpr\u00f3b\u00e1lta \u00e1tl\u00e9pni a hat\u00e1rait. Azt\u00e1n\" \/>\n<meta property=\"og:url\" content=\"https:\/\/vengria.info\/?p=18162\" \/>\n<meta property=\"article:published_time\" content=\"2026-09-01T13:05:10+00:00\" \/>\n<meta property=\"article:modified_time\" content=\"2026-09-01T13:05:12+00:00\" \/>\n<meta property=\"og:image\" content=\"https:\/\/vengria.info\/wp-content\/uploads\/2026\/09\/zesxdrctfvgybhn.jpg\" \/>\n\t<meta property=\"og:image:width\" content=\"784\" \/>\n\t<meta property=\"og:image:height\" content=\"1359\" \/>\n\t<meta property=\"og:image:type\" content=\"image\/jpeg\" \/>\n<meta name=\"author\" content=\"admin\" \/>\n<meta name=\"twitter:card\" content=\"summary_large_image\" \/>\n<meta name=\"twitter:label1\" content=\"Written by\" \/>\n\t<meta name=\"twitter:data1\" content=\"admin\" \/>\n\t<meta name=\"twitter:label2\" content=\"Est. reading time\" \/>\n\t<meta name=\"twitter:data2\" content=\"4 minutes\" \/>\n<script type=\"application\/ld+json\" class=\"yoast-schema-graph\">{\"@context\":\"https:\\\/\\\/schema.org\",\"@graph\":[{\"@type\":\"Article\",\"@id\":\"https:\\\/\\\/vengria.info\\\/?p=18162#article\",\"isPartOf\":{\"@id\":\"https:\\\/\\\/vengria.info\\\/?p=18162\"},\"author\":{\"name\":\"admin\",\"@id\":\"https:\\\/\\\/vengria.info\\\/#\\\/schema\\\/person\\\/b815b04a6b1fb36a2d064955a92f68d4\"},\"headline\":\"Egyetlen \u00e1pol\u00f3n\u0151 sem b\u00edrn\u00e1 ki n\u00e9h\u00e1ny napn\u00e1l tov\u00e1bb egy maffiaf\u0151n\u00f6k mellett.\",\"datePublished\":\"2026-09-01T13:05:10+00:00\",\"dateModified\":\"2026-09-01T13:05:12+00:00\",\"mainEntityOfPage\":{\"@id\":\"https:\\\/\\\/vengria.info\\\/?p=18162\"},\"wordCount\":1153,\"commentCount\":0,\"image\":{\"@id\":\"https:\\\/\\\/vengria.info\\\/?p=18162#primaryimage\"},\"thumbnailUrl\":\"https:\\\/\\\/vengria.info\\\/wp-content\\\/uploads\\\/2026\\\/09\\\/zesxdrctfvgybhn.jpg\",\"articleSection\":[\"NEWS\",\"VIDEO\"],\"inLanguage\":\"en-US\",\"potentialAction\":[{\"@type\":\"CommentAction\",\"name\":\"Comment\",\"target\":[\"https:\\\/\\\/vengria.info\\\/?p=18162#respond\"]}]},{\"@type\":\"WebPage\",\"@id\":\"https:\\\/\\\/vengria.info\\\/?p=18162\",\"url\":\"https:\\\/\\\/vengria.info\\\/?p=18162\",\"name\":\"Egyetlen \u00e1pol\u00f3n\u0151 sem b\u00edrn\u00e1 ki n\u00e9h\u00e1ny napn\u00e1l tov\u00e1bb egy maffiaf\u0151n\u00f6k mellett. -\",\"isPartOf\":{\"@id\":\"https:\\\/\\\/vengria.info\\\/#website\"},\"primaryImageOfPage\":{\"@id\":\"https:\\\/\\\/vengria.info\\\/?p=18162#primaryimage\"},\"image\":{\"@id\":\"https:\\\/\\\/vengria.info\\\/?p=18162#primaryimage\"},\"thumbnailUrl\":\"https:\\\/\\\/vengria.info\\\/wp-content\\\/uploads\\\/2026\\\/09\\\/zesxdrctfvgybhn.jpg\",\"datePublished\":\"2026-09-01T13:05:10+00:00\",\"dateModified\":\"2026-09-01T13:05:12+00:00\",\"author\":{\"@id\":\"https:\\\/\\\/vengria.info\\\/#\\\/schema\\\/person\\\/b815b04a6b1fb36a2d064955a92f68d4\"},\"breadcrumb\":{\"@id\":\"https:\\\/\\\/vengria.info\\\/?p=18162#breadcrumb\"},\"inLanguage\":\"en-US\",\"potentialAction\":[{\"@type\":\"ReadAction\",\"target\":[\"https:\\\/\\\/vengria.info\\\/?p=18162\"]}]},{\"@type\":\"ImageObject\",\"inLanguage\":\"en-US\",\"@id\":\"https:\\\/\\\/vengria.info\\\/?p=18162#primaryimage\",\"url\":\"https:\\\/\\\/vengria.info\\\/wp-content\\\/uploads\\\/2026\\\/09\\\/zesxdrctfvgybhn.jpg\",\"contentUrl\":\"https:\\\/\\\/vengria.info\\\/wp-content\\\/uploads\\\/2026\\\/09\\\/zesxdrctfvgybhn.jpg\",\"width\":784,\"height\":1359},{\"@type\":\"BreadcrumbList\",\"@id\":\"https:\\\/\\\/vengria.info\\\/?p=18162#breadcrumb\",\"itemListElement\":[{\"@type\":\"ListItem\",\"position\":1,\"name\":\"Home\",\"item\":\"https:\\\/\\\/vengria.info\\\/\"},{\"@type\":\"ListItem\",\"position\":2,\"name\":\"Egyetlen \u00e1pol\u00f3n\u0151 sem b\u00edrn\u00e1 ki n\u00e9h\u00e1ny napn\u00e1l tov\u00e1bb egy maffiaf\u0151n\u00f6k mellett.\"}]},{\"@type\":\"WebSite\",\"@id\":\"https:\\\/\\\/vengria.info\\\/#website\",\"url\":\"https:\\\/\\\/vengria.info\\\/\",\"name\":\"\",\"description\":\"\",\"potentialAction\":[{\"@type\":\"SearchAction\",\"target\":{\"@type\":\"EntryPoint\",\"urlTemplate\":\"https:\\\/\\\/vengria.info\\\/?s={search_term_string}\"},\"query-input\":{\"@type\":\"PropertyValueSpecification\",\"valueRequired\":true,\"valueName\":\"search_term_string\"}}],\"inLanguage\":\"en-US\"},{\"@type\":\"Person\",\"@id\":\"https:\\\/\\\/vengria.info\\\/#\\\/schema\\\/person\\\/b815b04a6b1fb36a2d064955a92f68d4\",\"name\":\"admin\",\"image\":{\"@type\":\"ImageObject\",\"inLanguage\":\"en-US\",\"@id\":\"https:\\\/\\\/secure.gravatar.com\\\/avatar\\\/a29bad30ab19883c48927f9ee55a40d0d1a0c3c343bcef70ad9a0a9cb421f0fa?s=96&d=mm&r=g\",\"url\":\"https:\\\/\\\/secure.gravatar.com\\\/avatar\\\/a29bad30ab19883c48927f9ee55a40d0d1a0c3c343bcef70ad9a0a9cb421f0fa?s=96&d=mm&r=g\",\"contentUrl\":\"https:\\\/\\\/secure.gravatar.com\\\/avatar\\\/a29bad30ab19883c48927f9ee55a40d0d1a0c3c343bcef70ad9a0a9cb421f0fa?s=96&d=mm&r=g\",\"caption\":\"admin\"},\"sameAs\":[\"http:\\\/\\\/vengria.info\"],\"url\":\"https:\\\/\\\/vengria.info\\\/?author=1\"}]}<\/script>\n<!-- \/ Yoast SEO plugin. -->","yoast_head_json":{"title":"Egyetlen \u00e1pol\u00f3n\u0151 sem b\u00edrn\u00e1 ki n\u00e9h\u00e1ny napn\u00e1l tov\u00e1bb egy maffiaf\u0151n\u00f6k mellett. -","robots":{"index":"index","follow":"follow","max-snippet":"max-snippet:-1","max-image-preview":"max-image-preview:large","max-video-preview":"max-video-preview:-1"},"canonical":"https:\/\/vengria.info\/?p=18162","og_locale":"en_US","og_type":"article","og_title":"Egyetlen \u00e1pol\u00f3n\u0151 sem b\u00edrn\u00e1 ki n\u00e9h\u00e1ny napn\u00e1l tov\u00e1bb egy maffiaf\u0151n\u00f6k mellett. -","og_description":"A kerekessz\u00e9khez k\u00f6t\u00f6tt f\u00e9rfi minden seg\u00edts\u00e9get megtagadt, megtiltotta nekik, hogy hozz\u00e1\u00e9rjenek, \u00e9s azonnal kir\u00fagott mindenkit a h\u00e1z\u00e1b\u00f3l, aki megpr\u00f3b\u00e1lta \u00e1tl\u00e9pni a hat\u00e1rait. Azt\u00e1n","og_url":"https:\/\/vengria.info\/?p=18162","article_published_time":"2026-09-01T13:05:10+00:00","article_modified_time":"2026-09-01T13:05:12+00:00","og_image":[{"width":784,"height":1359,"url":"https:\/\/vengria.info\/wp-content\/uploads\/2026\/09\/zesxdrctfvgybhn.jpg","type":"image\/jpeg"}],"author":"admin","twitter_card":"summary_large_image","twitter_misc":{"Written by":"admin","Est. reading time":"4 minutes"},"schema":{"@context":"https:\/\/schema.org","@graph":[{"@type":"Article","@id":"https:\/\/vengria.info\/?p=18162#article","isPartOf":{"@id":"https:\/\/vengria.info\/?p=18162"},"author":{"name":"admin","@id":"https:\/\/vengria.info\/#\/schema\/person\/b815b04a6b1fb36a2d064955a92f68d4"},"headline":"Egyetlen \u00e1pol\u00f3n\u0151 sem b\u00edrn\u00e1 ki n\u00e9h\u00e1ny napn\u00e1l tov\u00e1bb egy maffiaf\u0151n\u00f6k mellett.","datePublished":"2026-09-01T13:05:10+00:00","dateModified":"2026-09-01T13:05:12+00:00","mainEntityOfPage":{"@id":"https:\/\/vengria.info\/?p=18162"},"wordCount":1153,"commentCount":0,"image":{"@id":"https:\/\/vengria.info\/?p=18162#primaryimage"},"thumbnailUrl":"https:\/\/vengria.info\/wp-content\/uploads\/2026\/09\/zesxdrctfvgybhn.jpg","articleSection":["NEWS","VIDEO"],"inLanguage":"en-US","potentialAction":[{"@type":"CommentAction","name":"Comment","target":["https:\/\/vengria.info\/?p=18162#respond"]}]},{"@type":"WebPage","@id":"https:\/\/vengria.info\/?p=18162","url":"https:\/\/vengria.info\/?p=18162","name":"Egyetlen \u00e1pol\u00f3n\u0151 sem b\u00edrn\u00e1 ki n\u00e9h\u00e1ny napn\u00e1l tov\u00e1bb egy maffiaf\u0151n\u00f6k mellett. -","isPartOf":{"@id":"https:\/\/vengria.info\/#website"},"primaryImageOfPage":{"@id":"https:\/\/vengria.info\/?p=18162#primaryimage"},"image":{"@id":"https:\/\/vengria.info\/?p=18162#primaryimage"},"thumbnailUrl":"https:\/\/vengria.info\/wp-content\/uploads\/2026\/09\/zesxdrctfvgybhn.jpg","datePublished":"2026-09-01T13:05:10+00:00","dateModified":"2026-09-01T13:05:12+00:00","author":{"@id":"https:\/\/vengria.info\/#\/schema\/person\/b815b04a6b1fb36a2d064955a92f68d4"},"breadcrumb":{"@id":"https:\/\/vengria.info\/?p=18162#breadcrumb"},"inLanguage":"en-US","potentialAction":[{"@type":"ReadAction","target":["https:\/\/vengria.info\/?p=18162"]}]},{"@type":"ImageObject","inLanguage":"en-US","@id":"https:\/\/vengria.info\/?p=18162#primaryimage","url":"https:\/\/vengria.info\/wp-content\/uploads\/2026\/09\/zesxdrctfvgybhn.jpg","contentUrl":"https:\/\/vengria.info\/wp-content\/uploads\/2026\/09\/zesxdrctfvgybhn.jpg","width":784,"height":1359},{"@type":"BreadcrumbList","@id":"https:\/\/vengria.info\/?p=18162#breadcrumb","itemListElement":[{"@type":"ListItem","position":1,"name":"Home","item":"https:\/\/vengria.info\/"},{"@type":"ListItem","position":2,"name":"Egyetlen \u00e1pol\u00f3n\u0151 sem b\u00edrn\u00e1 ki n\u00e9h\u00e1ny napn\u00e1l tov\u00e1bb egy maffiaf\u0151n\u00f6k mellett."}]},{"@type":"WebSite","@id":"https:\/\/vengria.info\/#website","url":"https:\/\/vengria.info\/","name":"","description":"","potentialAction":[{"@type":"SearchAction","target":{"@type":"EntryPoint","urlTemplate":"https:\/\/vengria.info\/?s={search_term_string}"},"query-input":{"@type":"PropertyValueSpecification","valueRequired":true,"valueName":"search_term_string"}}],"inLanguage":"en-US"},{"@type":"Person","@id":"https:\/\/vengria.info\/#\/schema\/person\/b815b04a6b1fb36a2d064955a92f68d4","name":"admin","image":{"@type":"ImageObject","inLanguage":"en-US","@id":"https:\/\/secure.gravatar.com\/avatar\/a29bad30ab19883c48927f9ee55a40d0d1a0c3c343bcef70ad9a0a9cb421f0fa?s=96&d=mm&r=g","url":"https:\/\/secure.gravatar.com\/avatar\/a29bad30ab19883c48927f9ee55a40d0d1a0c3c343bcef70ad9a0a9cb421f0fa?s=96&d=mm&r=g","contentUrl":"https:\/\/secure.gravatar.com\/avatar\/a29bad30ab19883c48927f9ee55a40d0d1a0c3c343bcef70ad9a0a9cb421f0fa?s=96&d=mm&r=g","caption":"admin"},"sameAs":["http:\/\/vengria.info"],"url":"https:\/\/vengria.info\/?author=1"}]}},"_links":{"self":[{"href":"https:\/\/vengria.info\/index.php?rest_route=\/wp\/v2\/posts\/18162","targetHints":{"allow":["GET"]}}],"collection":[{"href":"https:\/\/vengria.info\/index.php?rest_route=\/wp\/v2\/posts"}],"about":[{"href":"https:\/\/vengria.info\/index.php?rest_route=\/wp\/v2\/types\/post"}],"author":[{"embeddable":true,"href":"https:\/\/vengria.info\/index.php?rest_route=\/wp\/v2\/users\/1"}],"replies":[{"embeddable":true,"href":"https:\/\/vengria.info\/index.php?rest_route=%2Fwp%2Fv2%2Fcomments&post=18162"}],"version-history":[{"count":1,"href":"https:\/\/vengria.info\/index.php?rest_route=\/wp\/v2\/posts\/18162\/revisions"}],"predecessor-version":[{"id":18166,"href":"https:\/\/vengria.info\/index.php?rest_route=\/wp\/v2\/posts\/18162\/revisions\/18166"}],"wp:featuredmedia":[{"embeddable":true,"href":"https:\/\/vengria.info\/index.php?rest_route=\/wp\/v2\/media\/18164"}],"wp:attachment":[{"href":"https:\/\/vengria.info\/index.php?rest_route=%2Fwp%2Fv2%2Fmedia&parent=18162"}],"wp:term":[{"taxonomy":"category","embeddable":true,"href":"https:\/\/vengria.info\/index.php?rest_route=%2Fwp%2Fv2%2Fcategories&post=18162"},{"taxonomy":"post_tag","embeddable":true,"href":"https:\/\/vengria.info\/index.php?rest_route=%2Fwp%2Fv2%2Ftags&post=18162"}],"curies":[{"name":"wp","href":"https:\/\/api.w.org\/{rel}","templated":true}]}}