{"id":18154,"date":"2026-09-01T12:53:59","date_gmt":"2026-09-01T12:53:59","guid":{"rendered":"https:\/\/vengria.info\/?p=18154"},"modified":"2026-09-01T12:54:01","modified_gmt":"2026-09-01T12:54:01","slug":"a-lany-majdnem-het-evig-tartott-otthon-egy-oriasi-pitont","status":"publish","type":"post","link":"https:\/\/vengria.info\/?p=18154","title":{"rendered":"A l\u00e1ny majdnem h\u00e9t \u00e9vig tartott otthon egy \u00f3ri\u00e1si pitont."},"content":{"rendered":"\n<p class=\"wp-block-paragraph\">Meg volt gy\u0151z\u0151dve arr\u00f3l, hogy a k\u00edgy\u00f3 felismeri \u0151t, megb\u00edzik benne, \u00e9s a vil\u00e1g\u00e1nak r\u00e9sz\u00e9nek tekinti. De azt\u00e1n minden este elkezdte elhagyni a terr\u00e1rium\u00e1t, bem\u00e1szni az \u00e1gy\u00e1ba, \u00e9s lassan a teste k\u00f6r\u00e9 tekeredni mag\u00e1t.<\/p>\n\n\n\n<p class=\"wp-block-paragraph\">Emma \u00fagy gondolta, hogy ez egy furcsa szeretetnyilv\u00e1n\u00edt\u00e1s.<\/p>\n\n\n\n<p class=\"wp-block-paragraph\">M\u00e9g egy vide\u00f3t is felvett, \u00e9s elk\u00fcldte a bar\u00e1tj\u00e1nak, Danielnek, aki \u00e1llatorvosk\u00e9nt dolgozott.<\/p>\n\n\n\n<p class=\"wp-block-paragraph\">A f\u00e9rfi reakci\u00f3ja azonban teljesen m\u00e1s volt, mint amire sz\u00e1m\u00edtott.<\/p>\n\n\n\n<p class=\"wp-block-paragraph\">Miut\u00e1n t\u00f6bbsz\u00f6r is megn\u00e9zte a vide\u00f3t, els\u00e1padt.<\/p>\n\n\n\n<p class=\"wp-block-paragraph\">\u201eEmma, \u200b\u200bhol van most a k\u00edgy\u00f3?\u201d<\/p>\n\n\n\n<p class=\"wp-block-paragraph\">\u201eA szob\u00e1ban. Mi\u00e9rt?\u201d<\/p>\n\n\n\n<p class=\"wp-block-paragraph\">Daniel egy pillanatra elhallgatott.<\/p>\n\n\n\n<p class=\"wp-block-paragraph\">\u201eCsukd be az ajt\u00f3t. \u00c9s ami a legfontosabb, ne engedd ki ma.\u201d<\/p>\n\n\n\n<p class=\"wp-block-paragraph\">Emma nem \u00e9rtette, mi\u00e9rt besz\u00e9l hirtelen ilyen komolyan.<\/p>\n\n\n\n<p class=\"wp-block-paragraph\">Fogalma sem volt, hogy Daniel \u00e9szrevett valamit a vide\u00f3ban, amit az elm\u00falt hetekben egy\u00e1ltal\u00e1n nem \u00e9rtett.<\/p>\n\n\n\n<p class=\"wp-block-paragraph\">Emma gyerekkora \u00f3ta szerette a k\u00edgy\u00f3kat.<\/p>\n\n\n\n<p class=\"wp-block-paragraph\">M\u00edg m\u00e1s gyerekek kiskuty\u00e1ra vagy kiscic\u00e1ra v\u00e1gytak, \u0151 \u00f3r\u00e1kat t\u00f6lt\u00f6tt h\u00fcll\u0151kr\u0151l sz\u00f3l\u00f3 dokumentumfilmek n\u00e9z\u00e9s\u00e9vel. Leny\u0171g\u00f6zte a fajuk, a viselked\u00e9s\u00fck \u00e9s az \u00e9letm\u00f3djuk.<\/p>\n\n\n\n<p class=\"wp-block-paragraph\">Tizenhat \u00e9ves kor\u00e1ban apja teljes\u00edtette egy szokatlan k\u00edv\u00e1ns\u00e1g\u00e1t.<\/p>\n\n\n\n<p class=\"wp-block-paragraph\">Egy nap hazavitt egy kis pitonk\u00e9b\u00e1t.<\/p>\n\n\n\n<p class=\"wp-block-paragraph\">Apr\u00f3 \u00e9s \u00e1rtalmatlan kin\u00e9zet\u0171 volt. Emma egy kez\u00e9ben tudta tartani, \u00e9s a k\u00edgy\u00f3 gyakran a csukl\u00f3ja k\u00f6r\u00e9 tekeredett, \u00e9s percekig ott is maradt.<\/p>\n\n\n\n<p class=\"wp-block-paragraph\">Napnak nevezte el.<\/p>\n\n\n\n<p class=\"wp-block-paragraph\">Eleinte a sz\u00fclei agg\u00f3dtak.<\/p>\n\n\n\n<p class=\"wp-block-paragraph\">De Emma fokozatosan meggy\u0151zte \u0151ket arr\u00f3l, hogy komolyan gondolja. Elkezdte tanulm\u00e1nyozni a k\u00edgy\u00f3gondoz\u00e1st, megvette a megfelel\u0151 felszerel\u00e9st, szab\u00e1lyozta a h\u0151m\u00e9rs\u00e9kletet \u00e9s a p\u00e1ratartalmat, \u00e9s gondosan figyelemmel k\u00eds\u00e9rte az eg\u00e9szs\u00e9gi \u00e1llapot\u00e1t.<\/p>\n\n\n\n<p class=\"wp-block-paragraph\">Napnak n\u0151tt.<\/p>\n\n\n\n<p class=\"wp-block-paragraph\">\u00c9s Emma is.<\/p>\n\n\n\n<p class=\"wp-block-paragraph\">Az \u00e9vek sor\u00e1n a kis k\u00edgy\u00f3 hatalmas h\u00fcll\u0151v\u00e9 n\u0151tt, amelyet m\u00e1r nem tudott seg\u00edts\u00e9g n\u00e9lk\u00fcl felemelni.<\/p>\n\n\n\n<p class=\"wp-block-paragraph\">K\u00fcl\u00f6n helyet alak\u00edtottak ki neki a h\u00e1zban. El\u00e9g helye, megfelel\u0151 h\u0151m\u00e9rs\u00e9klete, vize \u00e9s rendszeres gondoz\u00e1sa volt.<\/p>\n\n\n\n<p class=\"wp-block-paragraph\">Emma soha nem f\u00e9lt Napt\u00f3l.<\/p>\n\n\n\n<p class=\"wp-block-paragraph\">Hozz\u00e1 volt szokva a mozg\u00e1s\u00e1hoz, a viselked\u00e9s\u00e9hez \u00e9s ahhoz, ahogy lassan m\u00e1szott a szob\u00e1ban.<\/p>\n\n\n\n<p class=\"wp-block-paragraph\">N\u00e9ha fel\u00fcgyelet alatt kint hagyta a saj\u00e1t hely\u00e9n.<\/p>\n\n\n\n<p class=\"wp-block-paragraph\">Sunny \u00e1ltal\u00e1ban tal\u00e1lt egy helyet a kanap\u00e9 mellett, \u00e9s \u00f3r\u00e1kig mozdulatlanul fek\u00fcdt ott.<\/p>\n\n\n\n<p class=\"wp-block-paragraph\">Minden norm\u00e1lisnak t\u0171nt.<\/p>\n\n\n\n<p class=\"wp-block-paragraph\">Egy \u00e9vvel k\u00e9s\u0151bb azonban a viselked\u00e9se megv\u00e1ltozni kezdett.<\/p>\n\n\n\n<p class=\"wp-block-paragraph\">El\u0151sz\u00f6r abbahagyta a rendszeres ev\u00e9st.<\/p>\n\n\n\n<p class=\"wp-block-paragraph\">Emma \u00e9telt k\u00edn\u00e1lt neki, de Sunny visszautas\u00edtotta.<\/p>\n\n\n\n<p class=\"wp-block-paragraph\">N\u00e9h\u00e1ny nappal k\u00e9s\u0151bb ez megism\u00e9tl\u0151d\u00f6tt.<\/p>\n\n\n\n<p class=\"wp-block-paragraph\">Emma ideges lett.<\/p>\n\n\n\n<p class=\"wp-block-paragraph\">De tudta, hogy a k\u00edgy\u00f3k bizonyos k\u00f6r\u00fclm\u00e9nyek k\u00f6z\u00f6tt visszautas\u00edthatj\u00e1k az \u00e9telt, \u00e9s hossz\u00fa ideig ev\u00e9s n\u00e9lk\u00fcl b\u00edrj\u00e1k.<\/p>\n\n\n\n<p class=\"wp-block-paragraph\">Ez\u00e9rt \u00fagy d\u00f6nt\u00f6tt, hogy figyelemmel k\u00eds\u00e9ri a helyzetet.<\/p>\n\n\n\n<p class=\"wp-block-paragraph\">Azt\u00e1n el\u00e9rkezett az els\u0151 \u00e9jszaka.<\/p>\n\n\n\n<p class=\"wp-block-paragraph\">Emma r\u00f6viddel \u00e9jf\u00e9l ut\u00e1n fel\u00e9bredt.<\/p>\n\n\n\n<p class=\"wp-block-paragraph\">Valami neh\u00e9z fek\u00fcdt a l\u00e1b\u00e1n\u00e1l.<\/p>\n\n\n\n<p class=\"wp-block-paragraph\">El\u0151sz\u00f6r azt hitte, hogy egy takar\u00f3.<\/p>\n\n\n\n<p class=\"wp-block-paragraph\">Felkapcsolta a l\u00e1mp\u00e1t.<\/p>\n\n\n\n<p class=\"wp-block-paragraph\">\u00c9s megdermedt.<\/p>\n\n\n\n<p class=\"wp-block-paragraph\">Sunny mellette fek\u00fcdt.<\/p>\n\n\n\n<p class=\"wp-block-paragraph\">Az \u00f3ri\u00e1spiton valahogy megsz\u00f6k\u00f6tt onnan, ahov\u00e1 helyezt\u00e9k, \u00e1ts\u00e9t\u00e1lt a h\u00e1zon, \u00e9s egyenesen Emma h\u00e1l\u00f3szob\u00e1j\u00e1ba m\u00e1szott.<\/p>\n\n\n\n<p class=\"wp-block-paragraph\">Emma megijedt.<\/p>\n\n\n\n<p class=\"wp-block-paragraph\">De azt\u00e1n felnevetett.<\/p>\n\n\n\n<p class=\"wp-block-paragraph\">\u201eSunny, mit keresel itt?\u201d<\/p>\n\n\n\n<p class=\"wp-block-paragraph\">A k\u00edgy\u00f3 meg sem mozdult.<\/p>\n\n\n\n<p class=\"wp-block-paragraph\">V\u00e9gigfek\u00fcdt a test\u00e9n, szinte t\u00f6k\u00e9letesen lem\u00e1solva a testtart\u00e1s\u00e1t.<\/p>\n\n\n\n<p class=\"wp-block-paragraph\">Emma azt hitte, meleget keres.<\/p>\n\n\n\n<p class=\"wp-block-paragraph\">Visszavitte.<\/p>\n\n\n\n<p class=\"wp-block-paragraph\">A k\u00f6vetkez\u0151 \u00e9jszaka megism\u00e9tl\u0151d\u00f6tt.<\/p>\n\n\n\n<p class=\"wp-block-paragraph\">\u00c9s azt\u00e1n megint.<\/p>\n\n\n\n<p class=\"wp-block-paragraph\">Sunny szinte minden \u00e9jjel j\u00f6tt.<\/p>\n\n\n\n<p class=\"wp-block-paragraph\">Emma fokozatosan megszokta a l\u00e1togat\u00e1sait.<\/p>\n\n\n\n<p class=\"wp-block-paragraph\">Egy nap m\u00e9g a telefonj\u00e1t is az \u00e9jjeliszekr\u00e9nyen hagyta, \u00e9s egy r\u00f6vid vide\u00f3t is felvett.<\/p>\n\n\n\n<p class=\"wp-block-paragraph\">Az \u00e1gyban fek\u00fcdt rajta, az \u00f3ri\u00e1spiton pedig mellette fek\u00fcdt.<\/p>\n\n\n\n<p class=\"wp-block-paragraph\">\u201eN\u00e9zd, ki van itt megint!\u201d \u2013 nevetett a kamer\u00e1ba.<\/p>\n\n\n\n<p class=\"wp-block-paragraph\">De id\u0151vel Sunny m\u00e1sk\u00e9pp kezdett viselkedni.<\/p>\n\n\n\n<p class=\"wp-block-paragraph\">M\u00e1r nem csak mellette fek\u00fcdt.<\/p>\n\n\n\n<p class=\"wp-block-paragraph\">Elkezdte k\u00f6r\u00e9 tekerni mag\u00e1t.<\/p>\n\n\n\n<p class=\"wp-block-paragraph\">El\u0151sz\u00f6r a l\u00e1bai k\u00f6r\u00fcl.<\/p>\n\n\n\n<p class=\"wp-block-paragraph\">Azt\u00e1n a dereka k\u00f6r\u00fcl.<\/p>\n\n\n\n<p class=\"wp-block-paragraph\">Egyik reggel Emma arra \u00e9bredt, hogy a k\u00edgy\u00f3 a has\u00e1n fekszik.<\/p>\n\n\n\n<p class=\"wp-block-paragraph\">M\u00e1skor a test\u00e9t a mellkas\u00e1hoz k\u00f6zel \u00e9rezte.<\/p>\n\n\n\n<p class=\"wp-block-paragraph\">N\u00e9ha a feje is eg\u00e9szen k\u00f6zel volt a nyak\u00e1hoz.<\/p>\n\n\n\n<p class=\"wp-block-paragraph\">Emma m\u00e9gsem f\u00e9lt.<\/p>\n\n\n\n<p class=\"wp-block-paragraph\">Meg volt gy\u0151z\u0151dve arr\u00f3l, hogy Sunny megb\u00edzik benne.<\/p>\n\n\n\n<p class=\"wp-block-paragraph\">\u201eBiztos nagyon kedvel engem\u201d \u2013 mondta Danielnek.<\/p>\n\n\n\n<p class=\"wp-block-paragraph\">Daniel \u00e1llatorvos volt, \u00e9s ismerte a k\u00edgy\u00f3j\u00e1t.<\/p>\n\n\n\n<p class=\"wp-block-paragraph\">Tudta, mennyire ragaszkodik hozz\u00e1 Emma.<\/p>\n\n\n\n<p class=\"wp-block-paragraph\">\u00cdgy amikor egy este felh\u00edvta, arra sz\u00e1m\u00edtott, hogy nevetni fog.<\/p>\n\n\n\n<p class=\"wp-block-paragraph\">\u201eEzt l\u00e1tnod kell.\u201d<\/p>\n\n\n\n<p class=\"wp-block-paragraph\">Megnyitotta a videoh\u00edv\u00e1st.<\/p>\n\n\n\n<figure class=\"wp-block-image size-large\"><img loading=\"lazy\" decoding=\"async\" width=\"621\" height=\"1024\" src=\"https:\/\/vengria.info\/wp-content\/uploads\/2026\/09\/ewdsczx-adscx-621x1024.jpg\" alt=\"\" class=\"wp-image-18156\" srcset=\"https:\/\/vengria.info\/wp-content\/uploads\/2026\/09\/ewdsczx-adscx-621x1024.jpg 621w, https:\/\/vengria.info\/wp-content\/uploads\/2026\/09\/ewdsczx-adscx-768x1266.jpg 768w, https:\/\/vengria.info\/wp-content\/uploads\/2026\/09\/ewdsczx-adscx-182x300.jpg 182w, https:\/\/vengria.info\/wp-content\/uploads\/2026\/09\/ewdsczx-adscx.jpg 800w\" sizes=\"auto, (max-width: 621px) 100vw, 621px\" \/><\/figure>\n\n\n\n<p class=\"wp-block-paragraph\">\u201eSunny szinte minden este hozz\u00e1m j\u00f6n.\u201d<\/p>\n\n\n\n<p class=\"wp-block-paragraph\">Daniel elmosolyodott.<\/p>\n\n\n\n<p class=\"wp-block-paragraph\">\u201eEz \u00e9rdekes.\u201d<\/p>\n\n\n\n<p class=\"wp-block-paragraph\">\u201e\u00c9rdekes? Aranyos.\u201d<\/p>\n\n\n\n<p class=\"wp-block-paragraph\">Emma elk\u00fcldte neki a vide\u00f3t.<\/p>\n\n\n\n<p class=\"wp-block-paragraph\">Daniel lej\u00e1tszotta.<\/p>\n\n\n\n<p class=\"wp-block-paragraph\">Azonban az arckifejez\u00e9se m\u00e1sodperceken bel\u00fcl megv\u00e1ltozott.<\/p>\n\n\n\n<p class=\"wp-block-paragraph\">\u00dajra lej\u00e1tszotta a vide\u00f3t.<\/p>\n\n\n\n<p class=\"wp-block-paragraph\">Azt\u00e1n megint.<\/p>\n\n\n\n<p class=\"wp-block-paragraph\">Emma nevetett.<\/p>\n\n\n\n<p class=\"wp-block-paragraph\">\u201eMi az?\u201d<\/p>\n\n\n\n<p class=\"wp-block-paragraph\">Daniel nem v\u00e1laszolt.<\/p>\n\n\n\n<p class=\"wp-block-paragraph\">\u201eDaniel?\u201d<\/p>\n\n\n\n<p class=\"wp-block-paragraph\">\u201eHol van most?\u201d<\/p>\n\n\n\n<p class=\"wp-block-paragraph\">\u201eSunny?\u201d<\/p>\n\n\n\n<p class=\"wp-block-paragraph\">\u201eIgen.\u201d<\/p>\n\n\n\n<p class=\"wp-block-paragraph\">\u201eItt.\u201d<\/p>\n\n\n\n<p class=\"wp-block-paragraph\">Daniel elkomolyodott.<\/p>\n\n\n\n<p class=\"wp-block-paragraph\">\u201eA h\u00e1l\u00f3szob\u00e1ban van?\u201d<\/p>\n\n\n\n<p class=\"wp-block-paragraph\">\u201eIgen.\u201d<\/p>\n\n\n\n<p class=\"wp-block-paragraph\">\u201e\u00c9s veled van?\u201d<\/p>\n\n\n\n<p class=\"wp-block-paragraph\">\u201eIgen.\u201d<\/p>\n\n\n\n<p class=\"wp-block-paragraph\">N\u00e9h\u00e1ny m\u00e1sodpercnyi csend k\u00f6vetkezett.<\/p>\n\n\n\n<p class=\"wp-block-paragraph\">\u201eEmma, \u200b\u200bazonnal tedd vissza a hely\u00e9re.\u201d<\/p>\n\n\n\n<p class=\"wp-block-paragraph\">Emma nem \u00e9rtette.<\/p>\n\n\n\n<p class=\"wp-block-paragraph\">\u201eMi\u00e9rt?\u201d<\/p>\n\n\n\n<p class=\"wp-block-paragraph\">\u201eMert ezt a viselked\u00e9st nem hagyn\u00e1m figyelmen k\u00edv\u00fcl.\u201d<\/p>\n\n\n\n<p class=\"wp-block-paragraph\">\u201eDe m\u00e1r majdnem h\u00e9t \u00e9ve ismer.\u201d<\/p>\n\n\n\n<p class=\"wp-block-paragraph\">\u201eEz\u00e9rt mondom, hogy l\u00e9gy \u00f3vatos.\u201d<\/p>\n\n\n\n<p class=\"wp-block-paragraph\">Emma nevetett.<\/p>\n\n\n\n<p class=\"wp-block-paragraph\">\u201eAzt hiszed, meg akar enni?\u201d<\/p>\n\n\n\n<p class=\"wp-block-paragraph\">Daniel nem v\u00e1laszolt.<\/p>\n\n\n\n<p class=\"wp-block-paragraph\">M\u00e1r nem sz\u00f3rakozott a dologgal.<\/p>\n\n\n\n<p class=\"wp-block-paragraph\">\u201eDaniel, mondd el, mi t\u00f6rt\u00e9nik.\u201d<\/p>\n\n\n\n<p class=\"wp-block-paragraph\">Az \u00e1llatorvos m\u00e9ly l\u00e9legzetet vett.<\/p>\n\n\n\n<p class=\"wp-block-paragraph\">\u201eMennyit evett mostan\u00e1ban?\u201d<\/p>\n\n\n\n<p class=\"wp-block-paragraph\">\u201eSokkal kevesebbet.\u201d<\/p>\n\n\n\n<p class=\"wp-block-paragraph\">\u201eMi\u00f3ta?\u201d<\/p>\n\n\n\n<p class=\"wp-block-paragraph\">\u201eN\u00e9h\u00e1ny hete.\u201d<\/p>\n\n\n\n<p class=\"wp-block-paragraph\">\u201e\u00c9s milyen gyakran tekeri \u00e1t mag\u00e1t rajtad?\u201d<\/p>\n\n\n\n<p class=\"wp-block-paragraph\">Emma egy pillanatra elgondolkodott.<\/p>\n\n\n\n<p class=\"wp-block-paragraph\">\u201eSzinte minden este.\u201d<\/p>\n\n\n\n<p class=\"wp-block-paragraph\">Daniel lehunyta a szem\u00e9t.<\/p>\n\n\n\n<p class=\"wp-block-paragraph\">\u201e\u00c9s \u00e9szrevetted m\u00e1r, hogy amikor melletted fekszik, teljesen kiny\u00falik a teste?\u201d<\/p>\n\n\n\n<p class=\"wp-block-paragraph\">\u201eIgen.\u201d<\/p>\n\n\n\n<p class=\"wp-block-paragraph\">\u201e\u00c9s azt\u00e1n elkezd k\u00f6r\u00e9d tekeredni mag\u00e1t?\u201d<\/p>\n\n\n\n<p class=\"wp-block-paragraph\">\u201eIgen.\u201d<\/p>\n\n\n\n<p class=\"wp-block-paragraph\">\u201eEmma, \u200b\u200bez nem a szeretet jele.\u201d<\/p>\n\n\n\n<p class=\"wp-block-paragraph\">A l\u00e1ny elhallgatott.<\/p>\n\n\n\n<p class=\"wp-block-paragraph\"><\/p>\n","protected":false},"excerpt":{"rendered":"Meg volt gy\u0151z\u0151dve arr\u00f3l, hogy a k\u00edgy\u00f3 felismeri \u0151t, megb\u00edzik benne, \u00e9s a vil\u00e1g\u00e1nak r\u00e9sz\u00e9nek tekinti. De azt\u00e1n minden este elkezdte elhagyni a \n<a class=\"moretag\" href=\"https:\/\/vengria.info\/?p=18154\"> [...]<\/a>","protected":false},"author":1,"featured_media":18156,"comment_status":"open","ping_status":"open","sticky":false,"template":"","format":"standard","meta":{"footnotes":""},"categories":[1,2],"tags":[],"class_list":["post-18154","post","type-post","status-publish","format-standard","has-post-thumbnail","hentry","category-news","category-video"],"yoast_head":"<!-- This site is optimized with the Yoast SEO plugin v28.3 - https:\/\/yoast.com\/product\/yoast-seo-wordpress\/ -->\n<title>A l\u00e1ny majdnem h\u00e9t \u00e9vig tartott otthon egy \u00f3ri\u00e1si pitont. -<\/title>\n<meta name=\"robots\" content=\"index, follow, max-snippet:-1, max-image-preview:large, max-video-preview:-1\" \/>\n<link rel=\"canonical\" href=\"https:\/\/vengria.info\/?p=18154\" \/>\n<meta property=\"og:locale\" content=\"en_US\" \/>\n<meta property=\"og:type\" content=\"article\" \/>\n<meta property=\"og:title\" content=\"A l\u00e1ny majdnem h\u00e9t \u00e9vig tartott otthon egy \u00f3ri\u00e1si pitont. -\" \/>\n<meta property=\"og:description\" content=\"Meg volt gy\u0151z\u0151dve arr\u00f3l, hogy a k\u00edgy\u00f3 felismeri \u0151t, megb\u00edzik benne, \u00e9s a vil\u00e1g\u00e1nak r\u00e9sz\u00e9nek tekinti. De azt\u00e1n minden este elkezdte elhagyni a\" \/>\n<meta property=\"og:url\" content=\"https:\/\/vengria.info\/?p=18154\" \/>\n<meta property=\"article:published_time\" content=\"2026-09-01T12:53:59+00:00\" \/>\n<meta property=\"article:modified_time\" content=\"2026-09-01T12:54:01+00:00\" \/>\n<meta property=\"og:image\" content=\"https:\/\/vengria.info\/wp-content\/uploads\/2026\/09\/ewdsczx-adscx.jpg\" \/>\n\t<meta property=\"og:image:width\" content=\"800\" \/>\n\t<meta property=\"og:image:height\" content=\"1319\" \/>\n\t<meta property=\"og:image:type\" content=\"image\/jpeg\" \/>\n<meta name=\"author\" content=\"admin\" \/>\n<meta name=\"twitter:card\" content=\"summary_large_image\" \/>\n<meta name=\"twitter:label1\" content=\"Written by\" \/>\n\t<meta name=\"twitter:data1\" content=\"admin\" \/>\n\t<meta name=\"twitter:label2\" content=\"Est. reading time\" \/>\n\t<meta name=\"twitter:data2\" content=\"4 minutes\" \/>\n<script type=\"application\/ld+json\" class=\"yoast-schema-graph\">{\"@context\":\"https:\\\/\\\/schema.org\",\"@graph\":[{\"@type\":\"Article\",\"@id\":\"https:\\\/\\\/vengria.info\\\/?p=18154#article\",\"isPartOf\":{\"@id\":\"https:\\\/\\\/vengria.info\\\/?p=18154\"},\"author\":{\"name\":\"admin\",\"@id\":\"https:\\\/\\\/vengria.info\\\/#\\\/schema\\\/person\\\/b815b04a6b1fb36a2d064955a92f68d4\"},\"headline\":\"A l\u00e1ny majdnem h\u00e9t \u00e9vig tartott otthon egy \u00f3ri\u00e1si pitont.\",\"datePublished\":\"2026-09-01T12:53:59+00:00\",\"dateModified\":\"2026-09-01T12:54:01+00:00\",\"mainEntityOfPage\":{\"@id\":\"https:\\\/\\\/vengria.info\\\/?p=18154\"},\"wordCount\":1071,\"commentCount\":0,\"image\":{\"@id\":\"https:\\\/\\\/vengria.info\\\/?p=18154#primaryimage\"},\"thumbnailUrl\":\"https:\\\/\\\/vengria.info\\\/wp-content\\\/uploads\\\/2026\\\/09\\\/ewdsczx-adscx.jpg\",\"articleSection\":[\"NEWS\",\"VIDEO\"],\"inLanguage\":\"en-US\",\"potentialAction\":[{\"@type\":\"CommentAction\",\"name\":\"Comment\",\"target\":[\"https:\\\/\\\/vengria.info\\\/?p=18154#respond\"]}]},{\"@type\":\"WebPage\",\"@id\":\"https:\\\/\\\/vengria.info\\\/?p=18154\",\"url\":\"https:\\\/\\\/vengria.info\\\/?p=18154\",\"name\":\"A l\u00e1ny majdnem h\u00e9t \u00e9vig tartott otthon egy \u00f3ri\u00e1si pitont. -\",\"isPartOf\":{\"@id\":\"https:\\\/\\\/vengria.info\\\/#website\"},\"primaryImageOfPage\":{\"@id\":\"https:\\\/\\\/vengria.info\\\/?p=18154#primaryimage\"},\"image\":{\"@id\":\"https:\\\/\\\/vengria.info\\\/?p=18154#primaryimage\"},\"thumbnailUrl\":\"https:\\\/\\\/vengria.info\\\/wp-content\\\/uploads\\\/2026\\\/09\\\/ewdsczx-adscx.jpg\",\"datePublished\":\"2026-09-01T12:53:59+00:00\",\"dateModified\":\"2026-09-01T12:54:01+00:00\",\"author\":{\"@id\":\"https:\\\/\\\/vengria.info\\\/#\\\/schema\\\/person\\\/b815b04a6b1fb36a2d064955a92f68d4\"},\"breadcrumb\":{\"@id\":\"https:\\\/\\\/vengria.info\\\/?p=18154#breadcrumb\"},\"inLanguage\":\"en-US\",\"potentialAction\":[{\"@type\":\"ReadAction\",\"target\":[\"https:\\\/\\\/vengria.info\\\/?p=18154\"]}]},{\"@type\":\"ImageObject\",\"inLanguage\":\"en-US\",\"@id\":\"https:\\\/\\\/vengria.info\\\/?p=18154#primaryimage\",\"url\":\"https:\\\/\\\/vengria.info\\\/wp-content\\\/uploads\\\/2026\\\/09\\\/ewdsczx-adscx.jpg\",\"contentUrl\":\"https:\\\/\\\/vengria.info\\\/wp-content\\\/uploads\\\/2026\\\/09\\\/ewdsczx-adscx.jpg\",\"width\":800,\"height\":1319},{\"@type\":\"BreadcrumbList\",\"@id\":\"https:\\\/\\\/vengria.info\\\/?p=18154#breadcrumb\",\"itemListElement\":[{\"@type\":\"ListItem\",\"position\":1,\"name\":\"Home\",\"item\":\"https:\\\/\\\/vengria.info\\\/\"},{\"@type\":\"ListItem\",\"position\":2,\"name\":\"A l\u00e1ny majdnem h\u00e9t \u00e9vig tartott otthon egy \u00f3ri\u00e1si pitont.\"}]},{\"@type\":\"WebSite\",\"@id\":\"https:\\\/\\\/vengria.info\\\/#website\",\"url\":\"https:\\\/\\\/vengria.info\\\/\",\"name\":\"\",\"description\":\"\",\"potentialAction\":[{\"@type\":\"SearchAction\",\"target\":{\"@type\":\"EntryPoint\",\"urlTemplate\":\"https:\\\/\\\/vengria.info\\\/?s={search_term_string}\"},\"query-input\":{\"@type\":\"PropertyValueSpecification\",\"valueRequired\":true,\"valueName\":\"search_term_string\"}}],\"inLanguage\":\"en-US\"},{\"@type\":\"Person\",\"@id\":\"https:\\\/\\\/vengria.info\\\/#\\\/schema\\\/person\\\/b815b04a6b1fb36a2d064955a92f68d4\",\"name\":\"admin\",\"image\":{\"@type\":\"ImageObject\",\"inLanguage\":\"en-US\",\"@id\":\"https:\\\/\\\/secure.gravatar.com\\\/avatar\\\/a29bad30ab19883c48927f9ee55a40d0d1a0c3c343bcef70ad9a0a9cb421f0fa?s=96&d=mm&r=g\",\"url\":\"https:\\\/\\\/secure.gravatar.com\\\/avatar\\\/a29bad30ab19883c48927f9ee55a40d0d1a0c3c343bcef70ad9a0a9cb421f0fa?s=96&d=mm&r=g\",\"contentUrl\":\"https:\\\/\\\/secure.gravatar.com\\\/avatar\\\/a29bad30ab19883c48927f9ee55a40d0d1a0c3c343bcef70ad9a0a9cb421f0fa?s=96&d=mm&r=g\",\"caption\":\"admin\"},\"sameAs\":[\"http:\\\/\\\/vengria.info\"],\"url\":\"https:\\\/\\\/vengria.info\\\/?author=1\"}]}<\/script>\n<!-- \/ Yoast SEO plugin. -->","yoast_head_json":{"title":"A l\u00e1ny majdnem h\u00e9t \u00e9vig tartott otthon egy \u00f3ri\u00e1si pitont. -","robots":{"index":"index","follow":"follow","max-snippet":"max-snippet:-1","max-image-preview":"max-image-preview:large","max-video-preview":"max-video-preview:-1"},"canonical":"https:\/\/vengria.info\/?p=18154","og_locale":"en_US","og_type":"article","og_title":"A l\u00e1ny majdnem h\u00e9t \u00e9vig tartott otthon egy \u00f3ri\u00e1si pitont. -","og_description":"Meg volt gy\u0151z\u0151dve arr\u00f3l, hogy a k\u00edgy\u00f3 felismeri \u0151t, megb\u00edzik benne, \u00e9s a vil\u00e1g\u00e1nak r\u00e9sz\u00e9nek tekinti. De azt\u00e1n minden este elkezdte elhagyni a","og_url":"https:\/\/vengria.info\/?p=18154","article_published_time":"2026-09-01T12:53:59+00:00","article_modified_time":"2026-09-01T12:54:01+00:00","og_image":[{"width":800,"height":1319,"url":"https:\/\/vengria.info\/wp-content\/uploads\/2026\/09\/ewdsczx-adscx.jpg","type":"image\/jpeg"}],"author":"admin","twitter_card":"summary_large_image","twitter_misc":{"Written by":"admin","Est. reading time":"4 minutes"},"schema":{"@context":"https:\/\/schema.org","@graph":[{"@type":"Article","@id":"https:\/\/vengria.info\/?p=18154#article","isPartOf":{"@id":"https:\/\/vengria.info\/?p=18154"},"author":{"name":"admin","@id":"https:\/\/vengria.info\/#\/schema\/person\/b815b04a6b1fb36a2d064955a92f68d4"},"headline":"A l\u00e1ny majdnem h\u00e9t \u00e9vig tartott otthon egy \u00f3ri\u00e1si pitont.","datePublished":"2026-09-01T12:53:59+00:00","dateModified":"2026-09-01T12:54:01+00:00","mainEntityOfPage":{"@id":"https:\/\/vengria.info\/?p=18154"},"wordCount":1071,"commentCount":0,"image":{"@id":"https:\/\/vengria.info\/?p=18154#primaryimage"},"thumbnailUrl":"https:\/\/vengria.info\/wp-content\/uploads\/2026\/09\/ewdsczx-adscx.jpg","articleSection":["NEWS","VIDEO"],"inLanguage":"en-US","potentialAction":[{"@type":"CommentAction","name":"Comment","target":["https:\/\/vengria.info\/?p=18154#respond"]}]},{"@type":"WebPage","@id":"https:\/\/vengria.info\/?p=18154","url":"https:\/\/vengria.info\/?p=18154","name":"A l\u00e1ny majdnem h\u00e9t \u00e9vig tartott otthon egy \u00f3ri\u00e1si pitont. -","isPartOf":{"@id":"https:\/\/vengria.info\/#website"},"primaryImageOfPage":{"@id":"https:\/\/vengria.info\/?p=18154#primaryimage"},"image":{"@id":"https:\/\/vengria.info\/?p=18154#primaryimage"},"thumbnailUrl":"https:\/\/vengria.info\/wp-content\/uploads\/2026\/09\/ewdsczx-adscx.jpg","datePublished":"2026-09-01T12:53:59+00:00","dateModified":"2026-09-01T12:54:01+00:00","author":{"@id":"https:\/\/vengria.info\/#\/schema\/person\/b815b04a6b1fb36a2d064955a92f68d4"},"breadcrumb":{"@id":"https:\/\/vengria.info\/?p=18154#breadcrumb"},"inLanguage":"en-US","potentialAction":[{"@type":"ReadAction","target":["https:\/\/vengria.info\/?p=18154"]}]},{"@type":"ImageObject","inLanguage":"en-US","@id":"https:\/\/vengria.info\/?p=18154#primaryimage","url":"https:\/\/vengria.info\/wp-content\/uploads\/2026\/09\/ewdsczx-adscx.jpg","contentUrl":"https:\/\/vengria.info\/wp-content\/uploads\/2026\/09\/ewdsczx-adscx.jpg","width":800,"height":1319},{"@type":"BreadcrumbList","@id":"https:\/\/vengria.info\/?p=18154#breadcrumb","itemListElement":[{"@type":"ListItem","position":1,"name":"Home","item":"https:\/\/vengria.info\/"},{"@type":"ListItem","position":2,"name":"A l\u00e1ny majdnem h\u00e9t \u00e9vig tartott otthon egy \u00f3ri\u00e1si pitont."}]},{"@type":"WebSite","@id":"https:\/\/vengria.info\/#website","url":"https:\/\/vengria.info\/","name":"","description":"","potentialAction":[{"@type":"SearchAction","target":{"@type":"EntryPoint","urlTemplate":"https:\/\/vengria.info\/?s={search_term_string}"},"query-input":{"@type":"PropertyValueSpecification","valueRequired":true,"valueName":"search_term_string"}}],"inLanguage":"en-US"},{"@type":"Person","@id":"https:\/\/vengria.info\/#\/schema\/person\/b815b04a6b1fb36a2d064955a92f68d4","name":"admin","image":{"@type":"ImageObject","inLanguage":"en-US","@id":"https:\/\/secure.gravatar.com\/avatar\/a29bad30ab19883c48927f9ee55a40d0d1a0c3c343bcef70ad9a0a9cb421f0fa?s=96&d=mm&r=g","url":"https:\/\/secure.gravatar.com\/avatar\/a29bad30ab19883c48927f9ee55a40d0d1a0c3c343bcef70ad9a0a9cb421f0fa?s=96&d=mm&r=g","contentUrl":"https:\/\/secure.gravatar.com\/avatar\/a29bad30ab19883c48927f9ee55a40d0d1a0c3c343bcef70ad9a0a9cb421f0fa?s=96&d=mm&r=g","caption":"admin"},"sameAs":["http:\/\/vengria.info"],"url":"https:\/\/vengria.info\/?author=1"}]}},"_links":{"self":[{"href":"https:\/\/vengria.info\/index.php?rest_route=\/wp\/v2\/posts\/18154","targetHints":{"allow":["GET"]}}],"collection":[{"href":"https:\/\/vengria.info\/index.php?rest_route=\/wp\/v2\/posts"}],"about":[{"href":"https:\/\/vengria.info\/index.php?rest_route=\/wp\/v2\/types\/post"}],"author":[{"embeddable":true,"href":"https:\/\/vengria.info\/index.php?rest_route=\/wp\/v2\/users\/1"}],"replies":[{"embeddable":true,"href":"https:\/\/vengria.info\/index.php?rest_route=%2Fwp%2Fv2%2Fcomments&post=18154"}],"version-history":[{"count":1,"href":"https:\/\/vengria.info\/index.php?rest_route=\/wp\/v2\/posts\/18154\/revisions"}],"predecessor-version":[{"id":18158,"href":"https:\/\/vengria.info\/index.php?rest_route=\/wp\/v2\/posts\/18154\/revisions\/18158"}],"wp:featuredmedia":[{"embeddable":true,"href":"https:\/\/vengria.info\/index.php?rest_route=\/wp\/v2\/media\/18156"}],"wp:attachment":[{"href":"https:\/\/vengria.info\/index.php?rest_route=%2Fwp%2Fv2%2Fmedia&parent=18154"}],"wp:term":[{"taxonomy":"category","embeddable":true,"href":"https:\/\/vengria.info\/index.php?rest_route=%2Fwp%2Fv2%2Fcategories&post=18154"},{"taxonomy":"post_tag","embeddable":true,"href":"https:\/\/vengria.info\/index.php?rest_route=%2Fwp%2Fv2%2Ftags&post=18154"}],"curies":[{"name":"wp","href":"https:\/\/api.w.org\/{rel}","templated":true}]}}