{"id":18147,"date":"2026-09-01T10:32:59","date_gmt":"2026-09-01T10:32:59","guid":{"rendered":"https:\/\/vengria.info\/?p=18147"},"modified":"2026-09-01T10:33:01","modified_gmt":"2026-09-01T10:33:01","slug":"a-civil-ruhas-lanyt-kozvetlenul-a-katonai-bazis-elott-bilincseltek-meg-es-a-katonak-gunyolodtak-vele-senki-sem-ertette-miert-jott-oda-de-aztan-kinyiltak-a-parancsnoksag-ajtajai-es-egy-ezredes-roh","status":"publish","type":"post","link":"https:\/\/vengria.info\/?p=18147","title":{"rendered":"A civil ruh\u00e1s l\u00e1nyt k\u00f6zvetlen\u00fcl a katonai b\u00e1zis el\u0151tt bilincselt\u00e9k meg, \u00e9s a katon\u00e1k g\u00fanyol\u00f3dtak vele. Senki sem \u00e9rtette, mi\u00e9rt j\u00f6tt oda. De azt\u00e1n kiny\u00edltak a parancsnoks\u00e1g ajtajai, \u00e9s egy ezredes rohant ki, s\u00e1padtan, mint a leped\u0151."},"content":{"rendered":"\n<p class=\"wp-block-paragraph\">Kora reggel a szok\u00e1sos ny\u00fczsg\u00e9s uralkodott a katonai b\u00e1zis el\u0151tt. Katonai j\u00e1rm\u0171vek hajtottak ki a kapukon, a katon\u00e1k siettek, hogy elkezdj\u00e9k a reggeli m\u0171szakjukat, \u00e9s az \u00e9jszakai es\u0151 hideg k\u00f6dje m\u00e9g mindig lebegett a betonfel\u00fclet felett.<\/p>\n\n\n\n<p class=\"wp-block-paragraph\">Egy fegyveres \u0151r \u00e1llt az ellen\u0151rz\u0151ponton.<\/p>\n\n\n\n<p class=\"wp-block-paragraph\">Minden a szok\u00e1sos rendben ment.<\/p>\n\n\n\n<p class=\"wp-block-paragraph\">Am\u00edg egy fiatal n\u0151 meg nem jelent a kapun\u00e1l.<\/p>\n\n\n\n<p class=\"wp-block-paragraph\">K\u00f6r\u00fclbel\u00fcl huszon\u00f6t \u00e9ves volt. Egy egyszer\u0171 piros p\u00f3l\u00f3t, s\u00f6t\u00e9t nadr\u00e1got \u00e9s r\u00e9gi cip\u0151t viselt. F\u00e1radtnak t\u0171nt, mintha \u00f3r\u00e1kig utazott volna. Egy kis bor\u00edt\u00e9kot szorongatott a kez\u00e9ben.<\/p>\n\n\n\n<p class=\"wp-block-paragraph\">M\u00e9gis nyugodtnak t\u0171nt.<\/p>\n\n\n\n<p class=\"wp-block-paragraph\">Odament az ellen\u0151rz\u0151ponthoz, \u00e9s meg\u00e1llt.<\/p>\n\n\n\n<p class=\"wp-block-paragraph\">\u201eBesz\u00e9lnem kell a parancsnokkal\u201d \u2013 mondta.<\/p>\n\n\n\n<p class=\"wp-block-paragraph\">Az asztal m\u00f6g\u00f6tt \u00fcl\u0151 katona feln\u00e9zett r\u00e1.<\/p>\n\n\n\n<p class=\"wp-block-paragraph\">\u201eDokumentumok.\u201d<\/p>\n\n\n\n<p class=\"wp-block-paragraph\">A n\u0151 \u00e1tny\u00fajtotta az \u00fatlevel\u00e9t.<\/p>\n\n\n\n<p class=\"wp-block-paragraph\">A f\u00e9rfi r\u00e1n\u00e9zett, majd elvigyorodott.<\/p>\n\n\n\n<p class=\"wp-block-paragraph\">\u201eA parancsnokkal?\u201d<\/p>\n\n\n\n<p class=\"wp-block-paragraph\">\u201eIgen.\u201d<\/p>\n\n\n\n<p class=\"wp-block-paragraph\">\u201e\u00c9s mi\u00e9rt akarna a parancsnoks\u00e1g tal\u00e1lkozni \u00f6nnel?\u201d<\/p>\n\n\n\n<p class=\"wp-block-paragraph\">\u201eEzt nem mondhatom meg. Szem\u00e9lyesen kellene \u00e1tadnom a dokumentumokat.\u201d<\/p>\n\n\n\n<p class=\"wp-block-paragraph\">A katona nevetett.<\/p>\n\n\n\n<p class=\"wp-block-paragraph\">A mellette \u00fcl\u0151 koll\u00e9g\u00e1ja is csatlakozott.<\/p>\n\n\n\n<p class=\"wp-block-paragraph\">\u201eTal\u00e1n azonnal a t\u00e1bornokkal akar besz\u00e9lni.\u201d<\/p>\n\n\n\n<p class=\"wp-block-paragraph\">T\u00f6bb katona is megfordult.<\/p>\n\n\n\n<p class=\"wp-block-paragraph\">A n\u0151 megpr\u00f3b\u00e1lt nyugodt maradni.<\/p>\n\n\n\n<p class=\"wp-block-paragraph\">\u201eAzt mondt\u00e1k, hogy sz\u00e1m\u00edtanak r\u00e1m.\u201d<\/p>\n\n\n\n<p class=\"wp-block-paragraph\">\u201ePersze.\u201d<\/p>\n\n\n\n<p class=\"wp-block-paragraph\">A katona kikapta a bor\u00edt\u00e9kot a kez\u00e9b\u0151l.<\/p>\n\n\n\n<p class=\"wp-block-paragraph\">\u201eMi van benne?\u201d<\/p>\n\n\n\n<p class=\"wp-block-paragraph\">\u201eDokumentumok.\u201d<\/p>\n\n\n\n<p class=\"wp-block-paragraph\">\u201e\u00c9rtem.\u201d<\/p>\n\n\n\n<p class=\"wp-block-paragraph\">\u201eKifejezetten a parancsnoknak sz\u00e1nt\u00e1k.\u201d<\/p>\n\n\n\n<p class=\"wp-block-paragraph\">A f\u00e9rfi kinyitotta a bor\u00edt\u00e9kot.<\/p>\n\n\n\n<p class=\"wp-block-paragraph\">A n\u0151 azonnal el\u0151rel\u00e9pett.<\/p>\n\n\n\n<p class=\"wp-block-paragraph\">\u201eK\u00e9rlek, ne n\u00e9zd meg \u0151ket.\u201d<\/p>\n\n\n\n<p class=\"wp-block-paragraph\">A katona \u00e9lesen eltolta a kez\u00e9t.<\/p>\n\n\n\n<p class=\"wp-block-paragraph\">\u2013 Ne agg\u00f3djon.<\/p>\n\n\n\n<p class=\"wp-block-paragraph\">T\u00f6bben nevettek.<\/p>\n\n\n\n<p class=\"wp-block-paragraph\">A n\u0151 h\u00e1tral\u00e9pett.<\/p>\n\n\n\n<p class=\"wp-block-paragraph\">\u2013 Nem tudom, mi\u00e9rt b\u00e1nik \u00edgy velem.<\/p>\n\n\n\n<p class=\"wp-block-paragraph\">\u2013 Mert egy katonai b\u00e1zis el\u0151tt \u00e1ll, \u00e9s azt \u00e1ll\u00edtja, hogy megbesz\u00e9l\u00e9se van a parancsnoks\u00e1ggal, de nincs enged\u00e9lye.<\/p>\n\n\n\n<p class=\"wp-block-paragraph\">\u2013 Vannak n\u00e1lam dokumentumok.<\/p>\n\n\n\n<p class=\"wp-block-paragraph\">\u2013 Ez nem el\u00e9g.<\/p>\n\n\n\n<p class=\"wp-block-paragraph\">A helyzet kezdett eszkal\u00e1l\u00f3dni.<\/p>\n\n\n\n<p class=\"wp-block-paragraph\">Az egyik fiatalabb katona \u00e9szrevette a telefont a kez\u00e9ben.<\/p>\n\n\n\n<p class=\"wp-block-paragraph\">\u2013 N\u00e9zze meg a telefonj\u00e1t.<\/p>\n\n\n\n<p class=\"wp-block-paragraph\">A n\u0151 megr\u00e1zta a fej\u00e9t.<\/p>\n\n\n\n<p class=\"wp-block-paragraph\">\u2013 Mi\u00e9rt?<\/p>\n\n\n\n<p class=\"wp-block-paragraph\">\u2013 Add ide.<\/p>\n\n\n\n<p class=\"wp-block-paragraph\">\u2013 Nincs joga\u2026<\/p>\n\n\n\n<p class=\"wp-block-paragraph\">Nem fejezte be a mondat\u00e1t.<\/p>\n\n\n\n<p class=\"wp-block-paragraph\">A katona kikapta a kez\u00e9b\u0151l a telefont.<\/p>\n\n\n\n<p class=\"wp-block-paragraph\">Egy m\u00e1sik f\u00e9rfi megragadta a kez\u00e9t, \u00e9s a h\u00e1ta m\u00f6g\u00e9 csavarta.<\/p>\n\n\n\n<p class=\"wp-block-paragraph\">\u2013 V\u00e1rjon.<\/p>\n\n\n\n<p class=\"wp-block-paragraph\">A n\u0151 megpr\u00f3b\u00e1lt kiszabadulni.<\/p>\n\n\n\n<p class=\"wp-block-paragraph\">\u2013 Nem tettem semmit.<\/p>\n\n\n\n<p class=\"wp-block-paragraph\">\u2013 Ne ellen\u00e1ll\u00e1st!<\/p>\n\n\n\n<p class=\"wp-block-paragraph\">A f\u00e9mbilincsek kattantak.<\/p>\n\n\n\n<p class=\"wp-block-paragraph\">A hang visszhangzott az eg\u00e9sz ter\u00fcleten.<\/p>\n\n\n\n<p class=\"wp-block-paragraph\">A n\u0151 megdermedt.<\/p>\n\n\n\n<p class=\"wp-block-paragraph\">T\u00f6bb katona nevetett.<\/p>\n\n\n\n<p class=\"wp-block-paragraph\">Az egyik fiatal \u00fajonc el\u0151vett egy telefont, \u00e9s elkezdte filmezni a jelenetet.<\/p>\n\n\n\n<p class=\"wp-block-paragraph\">\u201eMi a baj, k\u00e9m?\u201d \u2013 ki\u00e1ltotta valaki.<\/p>\n\n\n\n<p class=\"wp-block-paragraph\">A n\u0151 les\u00fct\u00f6tte a szem\u00e9t.<\/p>\n\n\n\n<p class=\"wp-block-paragraph\">\u201eT\u00e9vedsz.\u201d<\/p>\n\n\n\n<p class=\"wp-block-paragraph\">A mellette \u00e1ll\u00f3 katona nevetett.<\/p>\n\n\n\n<p class=\"wp-block-paragraph\">\u201eMindenki ezt mondja.\u201d<\/p>\n\n\n\n<p class=\"wp-block-paragraph\">\u201eNem\u201d \u2013 v\u00e1laszolta halkan. \u201eT\u00e9nyleg hib\u00e1zol.\u201d<\/p>\n\n\n\n<p class=\"wp-block-paragraph\">Senki sem hallgatott r\u00e1.<\/p>\n\n\n\n<p class=\"wp-block-paragraph\">A katona k\u00f6zelebb tolta az ellen\u0151rz\u0151ponthoz.<\/p>\n\n\n\n<p class=\"wp-block-paragraph\">\u201eItt maradsz, am\u00edg ki nem der\u00edtj\u00fck, ki vagy.\u201d<\/p>\n\n\n\n<p class=\"wp-block-paragraph\">A n\u0151 hallgatott.<\/p>\n\n\n\n<p class=\"wp-block-paragraph\">Azt\u00e1n a parancsnoks\u00e1g fel\u00e9 n\u00e9zett.<\/p>\n\n\n\n<p class=\"wp-block-paragraph\">\u00c9s most el\u0151sz\u00f6r l\u00e1tszott igaz\u00e1n r\u00e9m\u00fcltnek.<\/p>\n\n\n\n<p class=\"wp-block-paragraph\">Nem a bilincsek miatt.<\/p>\n\n\n\n<p class=\"wp-block-paragraph\">Nem a katon\u00e1k miatt.<\/p>\n\n\n\n<p class=\"wp-block-paragraph\">Az ajt\u00f3t n\u00e9zte.<\/p>\n\n\n\n<p class=\"wp-block-paragraph\">Mintha valakire v\u00e1rna.<\/p>\n\n\n\n<p class=\"wp-block-paragraph\">\u2013 M\u00e1r tudnia kellene, hogy itt vagyok \u2013 suttogta.<\/p>\n\n\n\n<p class=\"wp-block-paragraph\">\u2013 Ki?<\/p>\n\n\n\n<p class=\"wp-block-paragraph\">A n\u0151 nem v\u00e1laszolt.<\/p>\n\n\n\n<p class=\"wp-block-paragraph\">\u00c9s ekkor gyors l\u00e9ptek hallatszottak az \u00e9p\u00fcletb\u0151l.<\/p>\n\n\n\n<p class=\"wp-block-paragraph\">A parancsnoks\u00e1g ajtaja kiv\u00e1g\u00f3dott.<\/p>\n\n\n\n<p class=\"wp-block-paragraph\">Az ezredes kij\u00f6tt.<\/p>\n\n\n\n<p class=\"wp-block-paragraph\">De nem volt nyugodt.<\/p>\n\n\n\n<p class=\"wp-block-paragraph\">S\u00e1padt volt.<\/p>\n\n\n\n<p class=\"wp-block-paragraph\">T\u00f6bb pap\u00edrlapot tartott a kez\u00e9ben.<\/p>\n\n\n\n<p class=\"wp-block-paragraph\">K\u00f6r\u00fcln\u00e9zett a helyis\u00e9gben.<\/p>\n\n\n\n<p class=\"wp-block-paragraph\">Azt\u00e1n megl\u00e1tta a megbilincselt n\u0151t.<\/p>\n\n\n\n<p class=\"wp-block-paragraph\">Meg\u00e1llt.<\/p>\n\n\n\n<p class=\"wp-block-paragraph\">N\u00e9h\u00e1ny m\u00e1sodpercig \u00fagy n\u00e9zett ki, mintha elfelejtett volna l\u00e9legezni.<\/p>\n\n\n\n<p class=\"wp-block-paragraph\">\u2013 Mit tett?<\/p>\n\n\n\n<p class=\"wp-block-paragraph\">A katon\u00e1k azonnal elhallgattak.<\/p>\n\n\n\n<p class=\"wp-block-paragraph\">Az \u0151rj\u00e1rat vezet\u0151je el\u0151rel\u00e9pett.<\/p>\n\n\n\n<p class=\"wp-block-paragraph\">\u2013 Ezredes, \u0151rizetbe vett\u00fcnk egy gyan\u00fas n\u0151t. Azt \u00e1ll\u00edtotta, hogy dokumentumokat sz\u00e1ll\u00edt a parancsnoks\u00e1gnak.<\/p>\n\n\n\n<p class=\"wp-block-paragraph\">Az ezredes r\u00e1n\u00e9zett.<\/p>\n\n\n\n<p class=\"wp-block-paragraph\">\u2013 \u0150rizetbe vett\u00e9k?<\/p>\n\n\n\n<p class=\"wp-block-paragraph\">\u2013 Igen, uram.<\/p>\n\n\n\n<p class=\"wp-block-paragraph\">\u2013 \u00c9s ki adta a parancsot?<\/p>\n\n\n\n<p class=\"wp-block-paragraph\">A f\u00e9rfi habozott.<\/p>\n\n\n\n<p class=\"wp-block-paragraph\">\u2013 Senki, uram. A helyzetnek megfelel\u0151en cselekedt\u00fcnk.<\/p>\n\n\n\n<p class=\"wp-block-paragraph\">Az ezredes arca megkem\u00e9nyedett.<\/p>\n\n\n\n<p class=\"wp-block-paragraph\">\u2013 Azonnal vegye le a bilincset.<\/p>\n\n\n\n<p class=\"wp-block-paragraph\">A katon\u00e1k egym\u00e1sra n\u00e9ztek.<\/p>\n\n\n\n<p class=\"wp-block-paragraph\">\u2013 Uram?<\/p>\n\n\n\n<p class=\"wp-block-paragraph\">\u2013 Azt mondtam, azonnal.<\/p>\n\n\n\n<p class=\"wp-block-paragraph\">A bilincset m\u00e1sodpercek alatt levett\u00e9k.<\/p>\n\n\n\n<p class=\"wp-block-paragraph\">A n\u0151 megd\u00f6rzs\u00f6lte a csukl\u00f3j\u00e1t.<\/p>\n\n\n\n<figure class=\"wp-block-image size-large is-resized\"><img loading=\"lazy\" decoding=\"async\" width=\"606\" height=\"1024\" src=\"https:\/\/vengria.info\/wp-content\/uploads\/2026\/09\/qwdaszxwedszx-606x1024.jpg\" alt=\"\" class=\"wp-image-18149\" style=\"width:747px;height:auto\" srcset=\"https:\/\/vengria.info\/wp-content\/uploads\/2026\/09\/qwdaszxwedszx-606x1024.jpg 606w, https:\/\/vengria.info\/wp-content\/uploads\/2026\/09\/qwdaszxwedszx-768x1296.jpg 768w, https:\/\/vengria.info\/wp-content\/uploads\/2026\/09\/qwdaszxwedszx-178x300.jpg 178w, https:\/\/vengria.info\/wp-content\/uploads\/2026\/09\/qwdaszxwedszx.jpg 796w\" sizes=\"auto, (max-width: 606px) 100vw, 606px\" \/><\/figure>\n\n\n\n<p class=\"wp-block-paragraph\">Az ezredes odal\u00e9pett hozz\u00e1.<\/p>\n\n\n\n<p class=\"wp-block-paragraph\">\u2013 J\u00f3l van?<\/p>\n\n\n\n<p class=\"wp-block-paragraph\">A n\u0151 b\u00f3lintott.<\/p>\n\n\n\n<p class=\"wp-block-paragraph\">\u2013 Igen.<\/p>\n\n\n\n<p class=\"wp-block-paragraph\">\u2013 Mutassa a bor\u00edt\u00e9kot.<\/p>\n\n\n\n<p class=\"wp-block-paragraph\">Az egyik katona \u00e1tny\u00fajtotta neki.<\/p>\n\n\n\n<p class=\"wp-block-paragraph\">Az ezredes r\u00e1n\u00e9zett, \u00e9s azonnal felismerte a pecs\u00e9tet.<\/p>\n\n\n\n<p class=\"wp-block-paragraph\">Az arca m\u00e9g jobban els\u00e1padt.<\/p>\n\n\n\n<p class=\"wp-block-paragraph\">\u2013 Honnan szerezte ezt?<\/p>\n\n\n\n<p class=\"wp-block-paragraph\">\u2013 H\u00e1rom nappal ezel\u0151tt kapott t\u0151lem \u00fczenetet.<\/p>\n\n\n\n<p class=\"wp-block-paragraph\">Az ezredes les\u00fct\u00f6tte a szem\u00e9t.<\/p>\n\n\n\n<p class=\"wp-block-paragraph\">\u2013 Igen.<\/p>\n\n\n\n<p class=\"wp-block-paragraph\">A k\u00f6r\u00fcl\u00f6tte l\u00e9v\u0151 katon\u00e1k nem \u00e9rtett\u00e9k.<\/p>\n\n\n\n<p class=\"wp-block-paragraph\">Az ezredes kinyitotta a dokumentumokat.<\/p>\n\n\n\n<p class=\"wp-block-paragraph\">Az els\u0151 oldalon t\u00f6bb al\u00e1\u00edr\u00e1s volt.<\/p>\n\n\n\n<p class=\"wp-block-paragraph\">A m\u00e1sodikon egy f\u00e9nyk\u00e9p.<\/p>\n\n\n\n<p class=\"wp-block-paragraph\">\u00c9s a harmadikon egy n\u00e9v.<\/p>\n\n\n\n<p class=\"wp-block-paragraph\">Az ezredes kez\u00e9be szor\u00edtotta a pap\u00edrokat.<\/p>\n\n\n\n<p class=\"wp-block-paragraph\">\u201eMi\u00e9rt j\u00f6tt szem\u00e9lyesen?\u201d<\/p>\n\n\n\n<p class=\"wp-block-paragraph\">A n\u0151 r\u00e1n\u00e9zett.<\/p>\n\n\n\n<p class=\"wp-block-paragraph\">\u201eMert nem kock\u00e1ztathatom, hogy az inform\u00e1ci\u00f3 rossz kezekbe ker\u00fclj\u00f6n.\u201d<\/p>\n\n\n\n<p class=\"wp-block-paragraph\">\u201eA titkos bej\u00e1raton kellett volna kereszt\u00fcl j\u00f6nnie.\u201d<\/p>\n\n\n\n<p class=\"wp-block-paragraph\">\u201eNem volt enged\u00e9lyem haszn\u00e1lni.\u201d<\/p>\n\n\n\n<p class=\"wp-block-paragraph\">Az ezredes sz\u00fcnetet tartott.<\/p>\n\n\n\n<p class=\"wp-block-paragraph\">Azt\u00e1n a katon\u00e1khoz fordult.<\/p>\n\n\n\n<p class=\"wp-block-paragraph\">\u201e\u00c9s ez\u00e9rt megbilincselt\u00e9tek?\u201d<\/p>\n\n\n\n<p class=\"wp-block-paragraph\">Senki sem v\u00e1laszolt.<\/p>\n\n\n\n<p class=\"wp-block-paragraph\">\u201eG\u00fanyol\u00f3dtatok vele?\u201d<\/p>\n\n\n\n<p class=\"wp-block-paragraph\">Csend.<\/p>\n\n\n\n<p class=\"wp-block-paragraph\">\u201e\u00c9s egy\u00e1ltal\u00e1n lefilmezte valaki?\u201d<\/p>\n\n\n\n<p class=\"wp-block-paragraph\">A fiatal \u00fajonc azonnal elrejtette a telefont.<\/p>\n\n\n\n<p class=\"wp-block-paragraph\">Az ezredes \u00e9szrevette.<\/p>\n\n\n\n<p class=\"wp-block-paragraph\">\u201eTelefon.\u201d<\/p>\n\n\n\n<p class=\"wp-block-paragraph\">Az \u00fajonc \u00e1tadta.<\/p>\n\n\n\n<p class=\"wp-block-paragraph\">Az ezredes elvette a k\u00e9sz\u00fcl\u00e9ket.<\/p>\n\n\n\n<p class=\"wp-block-paragraph\">\u201eAzonnal t\u00f6r\u00f6lje azt a vide\u00f3t. \u00c9s azt\u00e1n j\u00f6jj\u00f6n velem.\u201d<\/p>\n\n\n\n<p class=\"wp-block-paragraph\">A katona els\u00e1padt.<\/p>\n\n\n\n<p class=\"wp-block-paragraph\">\u2013 Uram, \u00e9n csak\u2026<\/p>\n\n\n\n<p class=\"wp-block-paragraph\">\u2013 Fogd be most!<\/p>\n\n\n\n<p class=\"wp-block-paragraph\">Azt\u00e1n az ezredes a n\u0151h\u00f6z fordult.<\/p>\n\n\n\n<p class=\"wp-block-paragraph\">\u2013 Gyere velem!<\/p>\n\n\n\n<p class=\"wp-block-paragraph\">Egy\u00fctt l\u00e9ptek be az \u00e9p\u00fcletbe.<\/p>\n\n\n\n<p class=\"wp-block-paragraph\">A katon\u00e1k teljes csendben maradtak kint.<\/p>\n\n\n\n<p class=\"wp-block-paragraph\">Senki sem nevetett m\u00e1r.<\/p>\n\n\n\n<p class=\"wp-block-paragraph\">N\u00e9h\u00e1ny perccel k\u00e9s\u0151bb egy csoport tiszt l\u00e9pett ki a parancsnoks\u00e1gr\u00f3l.<\/p>\n\n\n\n<p class=\"wp-block-paragraph\">Egyik\u00fck meg\u00e1llt a j\u00e1r\u0151r el\u0151tt.<\/p>\n\n\n\n<p class=\"wp-block-paragraph\">\u2013 Tudj\u00e1k egy\u00e1ltal\u00e1n, kit vettek ma \u0151rizetbe?<\/p>\n\n\n\n<p class=\"wp-block-paragraph\">A katon\u00e1k csendben maradtak.<\/p>\n\n\n\n<p class=\"wp-block-paragraph\">\u201eJ\u201d<\/p>\n\n\n\n<p class=\"wp-block-paragraph\"><\/p>\n","protected":false},"excerpt":{"rendered":"Kora reggel a szok\u00e1sos ny\u00fczsg\u00e9s uralkodott a katonai b\u00e1zis el\u0151tt. Katonai j\u00e1rm\u0171vek hajtottak ki a kapukon, a katon\u00e1k siettek, hogy elkezdj\u00e9k a reggeli \n<a class=\"moretag\" href=\"https:\/\/vengria.info\/?p=18147\"> [...]<\/a>","protected":false},"author":1,"featured_media":18149,"comment_status":"open","ping_status":"open","sticky":false,"template":"","format":"standard","meta":{"footnotes":""},"categories":[1,2],"tags":[],"class_list":["post-18147","post","type-post","status-publish","format-standard","has-post-thumbnail","hentry","category-news","category-video"],"yoast_head":"<!-- This site is optimized with the Yoast SEO plugin v28.3 - https:\/\/yoast.com\/product\/yoast-seo-wordpress\/ -->\n<title>A civil ruh\u00e1s l\u00e1nyt k\u00f6zvetlen\u00fcl a katonai b\u00e1zis el\u0151tt bilincselt\u00e9k meg, \u00e9s a katon\u00e1k g\u00fanyol\u00f3dtak vele. Senki sem \u00e9rtette, mi\u00e9rt j\u00f6tt oda. De azt\u00e1n kiny\u00edltak a parancsnoks\u00e1g ajtajai, \u00e9s egy ezredes rohant ki, s\u00e1padtan, mint a leped\u0151. -<\/title>\n<meta name=\"robots\" content=\"index, follow, max-snippet:-1, max-image-preview:large, max-video-preview:-1\" \/>\n<link rel=\"canonical\" href=\"https:\/\/vengria.info\/?p=18147\" \/>\n<meta property=\"og:locale\" content=\"en_US\" \/>\n<meta property=\"og:type\" content=\"article\" \/>\n<meta property=\"og:title\" content=\"A civil ruh\u00e1s l\u00e1nyt k\u00f6zvetlen\u00fcl a katonai b\u00e1zis el\u0151tt bilincselt\u00e9k meg, \u00e9s a katon\u00e1k g\u00fanyol\u00f3dtak vele. Senki sem \u00e9rtette, mi\u00e9rt j\u00f6tt oda. De azt\u00e1n kiny\u00edltak a parancsnoks\u00e1g ajtajai, \u00e9s egy ezredes rohant ki, s\u00e1padtan, mint a leped\u0151. -\" \/>\n<meta property=\"og:description\" content=\"Kora reggel a szok\u00e1sos ny\u00fczsg\u00e9s uralkodott a katonai b\u00e1zis el\u0151tt. Katonai j\u00e1rm\u0171vek hajtottak ki a kapukon, a katon\u00e1k siettek, hogy elkezdj\u00e9k a reggeli\" \/>\n<meta property=\"og:url\" content=\"https:\/\/vengria.info\/?p=18147\" \/>\n<meta property=\"article:published_time\" content=\"2026-09-01T10:32:59+00:00\" \/>\n<meta property=\"article:modified_time\" content=\"2026-09-01T10:33:01+00:00\" \/>\n<meta property=\"og:image\" content=\"https:\/\/vengria.info\/wp-content\/uploads\/2026\/09\/qwdaszxwedszx.jpg\" \/>\n\t<meta property=\"og:image:width\" content=\"796\" \/>\n\t<meta property=\"og:image:height\" content=\"1344\" \/>\n\t<meta property=\"og:image:type\" content=\"image\/jpeg\" \/>\n<meta name=\"author\" content=\"admin\" \/>\n<meta name=\"twitter:card\" content=\"summary_large_image\" \/>\n<meta name=\"twitter:label1\" content=\"Written by\" \/>\n\t<meta name=\"twitter:data1\" content=\"admin\" \/>\n\t<meta name=\"twitter:label2\" content=\"Est. reading time\" \/>\n\t<meta name=\"twitter:data2\" content=\"4 minutes\" \/>\n<script type=\"application\/ld+json\" class=\"yoast-schema-graph\">{\"@context\":\"https:\\\/\\\/schema.org\",\"@graph\":[{\"@type\":\"Article\",\"@id\":\"https:\\\/\\\/vengria.info\\\/?p=18147#article\",\"isPartOf\":{\"@id\":\"https:\\\/\\\/vengria.info\\\/?p=18147\"},\"author\":{\"name\":\"admin\",\"@id\":\"https:\\\/\\\/vengria.info\\\/#\\\/schema\\\/person\\\/b815b04a6b1fb36a2d064955a92f68d4\"},\"headline\":\"A civil ruh\u00e1s l\u00e1nyt k\u00f6zvetlen\u00fcl a katonai b\u00e1zis el\u0151tt bilincselt\u00e9k meg, \u00e9s a katon\u00e1k g\u00fanyol\u00f3dtak vele. Senki sem \u00e9rtette, mi\u00e9rt j\u00f6tt oda. De azt\u00e1n kiny\u00edltak a parancsnoks\u00e1g ajtajai, \u00e9s egy ezredes rohant ki, s\u00e1padtan, mint a leped\u0151.\",\"datePublished\":\"2026-09-01T10:32:59+00:00\",\"dateModified\":\"2026-09-01T10:33:01+00:00\",\"mainEntityOfPage\":{\"@id\":\"https:\\\/\\\/vengria.info\\\/?p=18147\"},\"wordCount\":1075,\"commentCount\":0,\"image\":{\"@id\":\"https:\\\/\\\/vengria.info\\\/?p=18147#primaryimage\"},\"thumbnailUrl\":\"https:\\\/\\\/vengria.info\\\/wp-content\\\/uploads\\\/2026\\\/09\\\/qwdaszxwedszx.jpg\",\"articleSection\":[\"NEWS\",\"VIDEO\"],\"inLanguage\":\"en-US\",\"potentialAction\":[{\"@type\":\"CommentAction\",\"name\":\"Comment\",\"target\":[\"https:\\\/\\\/vengria.info\\\/?p=18147#respond\"]}]},{\"@type\":\"WebPage\",\"@id\":\"https:\\\/\\\/vengria.info\\\/?p=18147\",\"url\":\"https:\\\/\\\/vengria.info\\\/?p=18147\",\"name\":\"A civil ruh\u00e1s l\u00e1nyt k\u00f6zvetlen\u00fcl a katonai b\u00e1zis el\u0151tt bilincselt\u00e9k meg, \u00e9s a katon\u00e1k g\u00fanyol\u00f3dtak vele. Senki sem \u00e9rtette, mi\u00e9rt j\u00f6tt oda. De azt\u00e1n kiny\u00edltak a parancsnoks\u00e1g ajtajai, \u00e9s egy ezredes rohant ki, s\u00e1padtan, mint a leped\u0151. -\",\"isPartOf\":{\"@id\":\"https:\\\/\\\/vengria.info\\\/#website\"},\"primaryImageOfPage\":{\"@id\":\"https:\\\/\\\/vengria.info\\\/?p=18147#primaryimage\"},\"image\":{\"@id\":\"https:\\\/\\\/vengria.info\\\/?p=18147#primaryimage\"},\"thumbnailUrl\":\"https:\\\/\\\/vengria.info\\\/wp-content\\\/uploads\\\/2026\\\/09\\\/qwdaszxwedszx.jpg\",\"datePublished\":\"2026-09-01T10:32:59+00:00\",\"dateModified\":\"2026-09-01T10:33:01+00:00\",\"author\":{\"@id\":\"https:\\\/\\\/vengria.info\\\/#\\\/schema\\\/person\\\/b815b04a6b1fb36a2d064955a92f68d4\"},\"breadcrumb\":{\"@id\":\"https:\\\/\\\/vengria.info\\\/?p=18147#breadcrumb\"},\"inLanguage\":\"en-US\",\"potentialAction\":[{\"@type\":\"ReadAction\",\"target\":[\"https:\\\/\\\/vengria.info\\\/?p=18147\"]}]},{\"@type\":\"ImageObject\",\"inLanguage\":\"en-US\",\"@id\":\"https:\\\/\\\/vengria.info\\\/?p=18147#primaryimage\",\"url\":\"https:\\\/\\\/vengria.info\\\/wp-content\\\/uploads\\\/2026\\\/09\\\/qwdaszxwedszx.jpg\",\"contentUrl\":\"https:\\\/\\\/vengria.info\\\/wp-content\\\/uploads\\\/2026\\\/09\\\/qwdaszxwedszx.jpg\",\"width\":796,\"height\":1344},{\"@type\":\"BreadcrumbList\",\"@id\":\"https:\\\/\\\/vengria.info\\\/?p=18147#breadcrumb\",\"itemListElement\":[{\"@type\":\"ListItem\",\"position\":1,\"name\":\"Home\",\"item\":\"https:\\\/\\\/vengria.info\\\/\"},{\"@type\":\"ListItem\",\"position\":2,\"name\":\"A civil ruh\u00e1s l\u00e1nyt k\u00f6zvetlen\u00fcl a katonai b\u00e1zis el\u0151tt bilincselt\u00e9k meg, \u00e9s a katon\u00e1k g\u00fanyol\u00f3dtak vele. Senki sem \u00e9rtette, mi\u00e9rt j\u00f6tt oda. De azt\u00e1n kiny\u00edltak a parancsnoks\u00e1g ajtajai, \u00e9s egy ezredes rohant ki, s\u00e1padtan, mint a leped\u0151.\"}]},{\"@type\":\"WebSite\",\"@id\":\"https:\\\/\\\/vengria.info\\\/#website\",\"url\":\"https:\\\/\\\/vengria.info\\\/\",\"name\":\"\",\"description\":\"\",\"potentialAction\":[{\"@type\":\"SearchAction\",\"target\":{\"@type\":\"EntryPoint\",\"urlTemplate\":\"https:\\\/\\\/vengria.info\\\/?s={search_term_string}\"},\"query-input\":{\"@type\":\"PropertyValueSpecification\",\"valueRequired\":true,\"valueName\":\"search_term_string\"}}],\"inLanguage\":\"en-US\"},{\"@type\":\"Person\",\"@id\":\"https:\\\/\\\/vengria.info\\\/#\\\/schema\\\/person\\\/b815b04a6b1fb36a2d064955a92f68d4\",\"name\":\"admin\",\"image\":{\"@type\":\"ImageObject\",\"inLanguage\":\"en-US\",\"@id\":\"https:\\\/\\\/secure.gravatar.com\\\/avatar\\\/a29bad30ab19883c48927f9ee55a40d0d1a0c3c343bcef70ad9a0a9cb421f0fa?s=96&d=mm&r=g\",\"url\":\"https:\\\/\\\/secure.gravatar.com\\\/avatar\\\/a29bad30ab19883c48927f9ee55a40d0d1a0c3c343bcef70ad9a0a9cb421f0fa?s=96&d=mm&r=g\",\"contentUrl\":\"https:\\\/\\\/secure.gravatar.com\\\/avatar\\\/a29bad30ab19883c48927f9ee55a40d0d1a0c3c343bcef70ad9a0a9cb421f0fa?s=96&d=mm&r=g\",\"caption\":\"admin\"},\"sameAs\":[\"http:\\\/\\\/vengria.info\"],\"url\":\"https:\\\/\\\/vengria.info\\\/?author=1\"}]}<\/script>\n<!-- \/ Yoast SEO plugin. -->","yoast_head_json":{"title":"A civil ruh\u00e1s l\u00e1nyt k\u00f6zvetlen\u00fcl a katonai b\u00e1zis el\u0151tt bilincselt\u00e9k meg, \u00e9s a katon\u00e1k g\u00fanyol\u00f3dtak vele. Senki sem \u00e9rtette, mi\u00e9rt j\u00f6tt oda. De azt\u00e1n kiny\u00edltak a parancsnoks\u00e1g ajtajai, \u00e9s egy ezredes rohant ki, s\u00e1padtan, mint a leped\u0151. -","robots":{"index":"index","follow":"follow","max-snippet":"max-snippet:-1","max-image-preview":"max-image-preview:large","max-video-preview":"max-video-preview:-1"},"canonical":"https:\/\/vengria.info\/?p=18147","og_locale":"en_US","og_type":"article","og_title":"A civil ruh\u00e1s l\u00e1nyt k\u00f6zvetlen\u00fcl a katonai b\u00e1zis el\u0151tt bilincselt\u00e9k meg, \u00e9s a katon\u00e1k g\u00fanyol\u00f3dtak vele. Senki sem \u00e9rtette, mi\u00e9rt j\u00f6tt oda. De azt\u00e1n kiny\u00edltak a parancsnoks\u00e1g ajtajai, \u00e9s egy ezredes rohant ki, s\u00e1padtan, mint a leped\u0151. -","og_description":"Kora reggel a szok\u00e1sos ny\u00fczsg\u00e9s uralkodott a katonai b\u00e1zis el\u0151tt. Katonai j\u00e1rm\u0171vek hajtottak ki a kapukon, a katon\u00e1k siettek, hogy elkezdj\u00e9k a reggeli","og_url":"https:\/\/vengria.info\/?p=18147","article_published_time":"2026-09-01T10:32:59+00:00","article_modified_time":"2026-09-01T10:33:01+00:00","og_image":[{"width":796,"height":1344,"url":"https:\/\/vengria.info\/wp-content\/uploads\/2026\/09\/qwdaszxwedszx.jpg","type":"image\/jpeg"}],"author":"admin","twitter_card":"summary_large_image","twitter_misc":{"Written by":"admin","Est. reading time":"4 minutes"},"schema":{"@context":"https:\/\/schema.org","@graph":[{"@type":"Article","@id":"https:\/\/vengria.info\/?p=18147#article","isPartOf":{"@id":"https:\/\/vengria.info\/?p=18147"},"author":{"name":"admin","@id":"https:\/\/vengria.info\/#\/schema\/person\/b815b04a6b1fb36a2d064955a92f68d4"},"headline":"A civil ruh\u00e1s l\u00e1nyt k\u00f6zvetlen\u00fcl a katonai b\u00e1zis el\u0151tt bilincselt\u00e9k meg, \u00e9s a katon\u00e1k g\u00fanyol\u00f3dtak vele. Senki sem \u00e9rtette, mi\u00e9rt j\u00f6tt oda. De azt\u00e1n kiny\u00edltak a parancsnoks\u00e1g ajtajai, \u00e9s egy ezredes rohant ki, s\u00e1padtan, mint a leped\u0151.","datePublished":"2026-09-01T10:32:59+00:00","dateModified":"2026-09-01T10:33:01+00:00","mainEntityOfPage":{"@id":"https:\/\/vengria.info\/?p=18147"},"wordCount":1075,"commentCount":0,"image":{"@id":"https:\/\/vengria.info\/?p=18147#primaryimage"},"thumbnailUrl":"https:\/\/vengria.info\/wp-content\/uploads\/2026\/09\/qwdaszxwedszx.jpg","articleSection":["NEWS","VIDEO"],"inLanguage":"en-US","potentialAction":[{"@type":"CommentAction","name":"Comment","target":["https:\/\/vengria.info\/?p=18147#respond"]}]},{"@type":"WebPage","@id":"https:\/\/vengria.info\/?p=18147","url":"https:\/\/vengria.info\/?p=18147","name":"A civil ruh\u00e1s l\u00e1nyt k\u00f6zvetlen\u00fcl a katonai b\u00e1zis el\u0151tt bilincselt\u00e9k meg, \u00e9s a katon\u00e1k g\u00fanyol\u00f3dtak vele. Senki sem \u00e9rtette, mi\u00e9rt j\u00f6tt oda. De azt\u00e1n kiny\u00edltak a parancsnoks\u00e1g ajtajai, \u00e9s egy ezredes rohant ki, s\u00e1padtan, mint a leped\u0151. -","isPartOf":{"@id":"https:\/\/vengria.info\/#website"},"primaryImageOfPage":{"@id":"https:\/\/vengria.info\/?p=18147#primaryimage"},"image":{"@id":"https:\/\/vengria.info\/?p=18147#primaryimage"},"thumbnailUrl":"https:\/\/vengria.info\/wp-content\/uploads\/2026\/09\/qwdaszxwedszx.jpg","datePublished":"2026-09-01T10:32:59+00:00","dateModified":"2026-09-01T10:33:01+00:00","author":{"@id":"https:\/\/vengria.info\/#\/schema\/person\/b815b04a6b1fb36a2d064955a92f68d4"},"breadcrumb":{"@id":"https:\/\/vengria.info\/?p=18147#breadcrumb"},"inLanguage":"en-US","potentialAction":[{"@type":"ReadAction","target":["https:\/\/vengria.info\/?p=18147"]}]},{"@type":"ImageObject","inLanguage":"en-US","@id":"https:\/\/vengria.info\/?p=18147#primaryimage","url":"https:\/\/vengria.info\/wp-content\/uploads\/2026\/09\/qwdaszxwedszx.jpg","contentUrl":"https:\/\/vengria.info\/wp-content\/uploads\/2026\/09\/qwdaszxwedszx.jpg","width":796,"height":1344},{"@type":"BreadcrumbList","@id":"https:\/\/vengria.info\/?p=18147#breadcrumb","itemListElement":[{"@type":"ListItem","position":1,"name":"Home","item":"https:\/\/vengria.info\/"},{"@type":"ListItem","position":2,"name":"A civil ruh\u00e1s l\u00e1nyt k\u00f6zvetlen\u00fcl a katonai b\u00e1zis el\u0151tt bilincselt\u00e9k meg, \u00e9s a katon\u00e1k g\u00fanyol\u00f3dtak vele. Senki sem \u00e9rtette, mi\u00e9rt j\u00f6tt oda. De azt\u00e1n kiny\u00edltak a parancsnoks\u00e1g ajtajai, \u00e9s egy ezredes rohant ki, s\u00e1padtan, mint a leped\u0151."}]},{"@type":"WebSite","@id":"https:\/\/vengria.info\/#website","url":"https:\/\/vengria.info\/","name":"","description":"","potentialAction":[{"@type":"SearchAction","target":{"@type":"EntryPoint","urlTemplate":"https:\/\/vengria.info\/?s={search_term_string}"},"query-input":{"@type":"PropertyValueSpecification","valueRequired":true,"valueName":"search_term_string"}}],"inLanguage":"en-US"},{"@type":"Person","@id":"https:\/\/vengria.info\/#\/schema\/person\/b815b04a6b1fb36a2d064955a92f68d4","name":"admin","image":{"@type":"ImageObject","inLanguage":"en-US","@id":"https:\/\/secure.gravatar.com\/avatar\/a29bad30ab19883c48927f9ee55a40d0d1a0c3c343bcef70ad9a0a9cb421f0fa?s=96&d=mm&r=g","url":"https:\/\/secure.gravatar.com\/avatar\/a29bad30ab19883c48927f9ee55a40d0d1a0c3c343bcef70ad9a0a9cb421f0fa?s=96&d=mm&r=g","contentUrl":"https:\/\/secure.gravatar.com\/avatar\/a29bad30ab19883c48927f9ee55a40d0d1a0c3c343bcef70ad9a0a9cb421f0fa?s=96&d=mm&r=g","caption":"admin"},"sameAs":["http:\/\/vengria.info"],"url":"https:\/\/vengria.info\/?author=1"}]}},"_links":{"self":[{"href":"https:\/\/vengria.info\/index.php?rest_route=\/wp\/v2\/posts\/18147","targetHints":{"allow":["GET"]}}],"collection":[{"href":"https:\/\/vengria.info\/index.php?rest_route=\/wp\/v2\/posts"}],"about":[{"href":"https:\/\/vengria.info\/index.php?rest_route=\/wp\/v2\/types\/post"}],"author":[{"embeddable":true,"href":"https:\/\/vengria.info\/index.php?rest_route=\/wp\/v2\/users\/1"}],"replies":[{"embeddable":true,"href":"https:\/\/vengria.info\/index.php?rest_route=%2Fwp%2Fv2%2Fcomments&post=18147"}],"version-history":[{"count":1,"href":"https:\/\/vengria.info\/index.php?rest_route=\/wp\/v2\/posts\/18147\/revisions"}],"predecessor-version":[{"id":18151,"href":"https:\/\/vengria.info\/index.php?rest_route=\/wp\/v2\/posts\/18147\/revisions\/18151"}],"wp:featuredmedia":[{"embeddable":true,"href":"https:\/\/vengria.info\/index.php?rest_route=\/wp\/v2\/media\/18149"}],"wp:attachment":[{"href":"https:\/\/vengria.info\/index.php?rest_route=%2Fwp%2Fv2%2Fmedia&parent=18147"}],"wp:term":[{"taxonomy":"category","embeddable":true,"href":"https:\/\/vengria.info\/index.php?rest_route=%2Fwp%2Fv2%2Fcategories&post=18147"},{"taxonomy":"post_tag","embeddable":true,"href":"https:\/\/vengria.info\/index.php?rest_route=%2Fwp%2Fv2%2Ftags&post=18147"}],"curies":[{"name":"wp","href":"https:\/\/api.w.org\/{rel}","templated":true}]}}