{"id":18140,"date":"2026-09-01T10:26:44","date_gmt":"2026-09-01T10:26:44","guid":{"rendered":"https:\/\/vengria.info\/?p=18140"},"modified":"2026-09-01T10:26:45","modified_gmt":"2026-09-01T10:26:45","slug":"a-kutya-megharapta-vemhes-gazdaja-ruhajat-es-nem-engedte-be-a-hazba","status":"publish","type":"post","link":"https:\/\/vengria.info\/?p=18140","title":{"rendered":"A kutya megharapta vemhes gazd\u00e1ja ruh\u00e1j\u00e1t, \u00e9s nem engedte be a h\u00e1zba."},"content":{"rendered":"\n<p class=\"wp-block-paragraph\">D\u00fch\u00f6sen ugatott, \u00fatj\u00e1ban \u00e1llt, \u00e9s minden alkalommal visszar\u00e1ntotta, amikor megpr\u00f3b\u00e1lt az ajt\u00f3hoz k\u00f6zeledni. Emma el\u0151sz\u00f6r azt hitte, hogy Rex csak j\u00e1tszik vele. De azt\u00e1n r\u00e1j\u00f6tt, hogy a kutya nem a j\u00e1t\u00e9k kedv\u00e9\u00e9rt pr\u00f3b\u00e1lta meg\u00e1ll\u00edtani. Megpr\u00f3b\u00e1lta megv\u00e9deni.<\/p>\n\n\n\n<p class=\"wp-block-paragraph\">Emma a f\u00e9rj\u00e9vel, Daniellel \u00e9lt egy kis h\u00e1zban a v\u00e1ros sz\u00e9l\u00e9n. Nem volt nagy vagy flancos, de mindketten szerett\u00e9k. Volt egy kis kertj\u00fck, egy fa verand\u00e1juk \u00e9s egy \u00f6reg n\u00e9met juh\u00e1szkuty\u00e1juk, Rex.<\/p>\n\n\n\n<p class=\"wp-block-paragraph\">Rex \u00f6t \u00e9ve volt a csal\u00e1djuk tagja.<\/p>\n\n\n\n<p class=\"wp-block-paragraph\">K\u00f6ly\u00f6kkor\u00e1ban hozt\u00e1k haza egy menhelyr\u0151l. Eleinte bizalmatlan volt \u00e9s mag\u00e1ba z\u00e1rk\u00f3zott. De fokozatosan megszokta Emm\u00e1t \u00e9s Danielt, \u00e9s hihetetlen\u00fcl engedelmes kuty\u00e1v\u00e1 v\u00e1lt.<\/p>\n\n\n\n<p class=\"wp-block-paragraph\">Soha nem ugatott ok n\u00e9lk\u00fcl.<\/p>\n\n\n\n<p class=\"wp-block-paragraph\">Soha nem t\u00e1madt meg senkit.<\/p>\n\n\n\n<p class=\"wp-block-paragraph\">\u00c9s soha nem volt agressz\u00edv a gazd\u00e1ival szemben.<\/p>\n\n\n\n<p class=\"wp-block-paragraph\">Minden megv\u00e1ltozott, amikor Emma teherbe esett.<\/p>\n\n\n\n<p class=\"wp-block-paragraph\">Amint megtudt\u00e1k, hogy bab\u00e1t v\u00e1rnak, Rex szinte mindenhov\u00e1 k\u00f6vetni kezdte Emm\u00e1t. Az \u00e1gya mellett fek\u00fcdt, k\u00f6rbevezette a kertben, \u00e9s gyakran a has\u00e1ra hajtotta a fej\u00e9t, mintha hallana valamit a hangj\u00e1ban.<\/p>\n\n\n\n<p class=\"wp-block-paragraph\">Eleinte Daniel csak viccelt.<\/p>\n\n\n\n<p class=\"wp-block-paragraph\">\u201eAzt hiszem, m\u00e1r tudja, hogy b\u00e1ty lesz.\u201d<\/p>\n\n\n\n<p class=\"wp-block-paragraph\">Emma nevetett.<\/p>\n\n\n\n<p class=\"wp-block-paragraph\">\u201eVal\u00f3sz\u00edn\u0171leg azt hiszi, hogy a baba helyet fog foglalni.\u201d<\/p>\n\n\n\n<p class=\"wp-block-paragraph\">De id\u0151vel \u00e9szrevette, hogy Rex val\u00f3j\u00e1ban sokkal figyelmesebb, mint kor\u00e1bban.<\/p>\n\n\n\n<p class=\"wp-block-paragraph\">Amikor Emma felkelt, Rex is felkelt.<\/p>\n\n\n\n<p class=\"wp-block-paragraph\">Amikor Emma bement egy m\u00e1sik szob\u00e1ba, Rex k\u00f6vette.<\/p>\n\n\n\n<p class=\"wp-block-paragraph\">\u00c9s ha valaki t\u00fal gyorsan k\u00f6zeledett hozz\u00e1, a kutya azonnal \u00e9szrevette.<\/p>\n\n\n\n<p class=\"wp-block-paragraph\">De senki sem tudta, hogy a furcsa viselked\u00e9se egy napon megmenti Emma \u00e9let\u00e9t.<\/p>\n\n\n\n<p class=\"wp-block-paragraph\">Aznap reggel Daniel kor\u00e1n elindult dolgozni.<\/p>\n\n\n\n<p class=\"wp-block-paragraph\">Emma egyed\u00fcl maradt otthon.<\/p>\n\n\n\n<p class=\"wp-block-paragraph\">Eb\u00e9d ut\u00e1n \u00fagy d\u00f6nt\u00f6tt, hogy kitakar\u00edtja a kertet. Meg\u00f6nt\u00f6zte a vir\u00e1gokat, \u00f6sszeszedett n\u00e9h\u00e1ny lehullott \u00e1gat, \u00e9s \u00f6sszepakolta a bar\u00e1tai h\u00e9tv\u00e9gi l\u00e1togat\u00e1s\u00e1b\u00f3l h\u00e1trahagyott dolgokat.<\/p>\n\n\n\n<p class=\"wp-block-paragraph\">Rex v\u00e9gig figyelte.<\/p>\n\n\n\n<p class=\"wp-block-paragraph\">Amikor v\u00e9gzett, elment a szomsz\u00e9dj\u00e1hoz. K\u00f6r\u00fclbel\u00fcl egy \u00f3r\u00e1t t\u00f6lt\u00f6tt ott, majd hazaindult.<\/p>\n\n\n\n<p class=\"wp-block-paragraph\">Amint kinyitotta a kaput, Rex m\u00e1r v\u00e1rta.<\/p>\n\n\n\n<p class=\"wp-block-paragraph\">Odaszaladt hozz\u00e1, n\u00e9h\u00e1nyszor megker\u00fclte, \u00e9s boldogan cs\u00f3v\u00e1lta a fark\u00e1t.<\/p>\n\n\n\n<p class=\"wp-block-paragraph\">Emma elmosolyodott.<\/p>\n\n\n\n<p class=\"wp-block-paragraph\">\u201e\u00c9s mi van? Hi\u00e1nyoztam?\u201d<\/p>\n\n\n\n<p class=\"wp-block-paragraph\">A kutya k\u00f6vette a verand\u00e1ra.<\/p>\n\n\n\n<p class=\"wp-block-paragraph\">Emma a korl\u00e1tra tette a kez\u00e9t, \u00e9s fell\u00e9pett az els\u0151 l\u00e9pcs\u0151fokra.<\/p>\n\n\n\n<p class=\"wp-block-paragraph\">Ekkor Rex morgott.<\/p>\n\n\n\n<p class=\"wp-block-paragraph\">Emma megfordult.<\/p>\n\n\n\n<p class=\"wp-block-paragraph\">\u201eMi az?\u201d<\/p>\n\n\n\n<p class=\"wp-block-paragraph\">A kutya n\u00e9h\u00e1ny m\u00e9terre \u00e1llt t\u0151le.<\/p>\n\n\n\n<p class=\"wp-block-paragraph\">F\u00fcleit hegyezte.<\/p>\n\n\n\n<p class=\"wp-block-paragraph\">Test\u00e9nk\u00e9nt megfesz\u00fclt.<\/p>\n\n\n\n<p class=\"wp-block-paragraph\">\u00c9s a h\u00e1z fel\u00e9 b\u00e1mult.<\/p>\n\n\n\n<p class=\"wp-block-paragraph\">Emma \u00f6sszevonta a szem\u00f6ld\u00f6k\u00e9t.<\/p>\n\n\n\n<p class=\"wp-block-paragraph\">\u201eRex?\u201d<\/p>\n\n\n\n<p class=\"wp-block-paragraph\">Tett m\u00e9g egy l\u00e9p\u00e9st.<\/p>\n\n\n\n<p class=\"wp-block-paragraph\">A kutya azonnal felugrott.<\/p>\n\n\n\n<p class=\"wp-block-paragraph\">A hossz\u00fa ruh\u00e1ja szeg\u00e9ly\u00e9be harapott, \u00e9s er\u0151sen megr\u00e1ntotta.<\/p>\n\n\n\n<p class=\"wp-block-paragraph\">Emma elvesztette az egyens\u00faly\u00e1t.<\/p>\n\n\n\n<p class=\"wp-block-paragraph\">Szerencs\u00e9re a korl\u00e1tba kapaszkodott.<\/p>\n\n\n\n<p class=\"wp-block-paragraph\">\u201eRex! Engedj el!\u201d<\/p>\n\n\n\n<p class=\"wp-block-paragraph\">De a kutya nem hallgatott r\u00e1.<\/p>\n\n\n\n<p class=\"wp-block-paragraph\">Ehelyett h\u00e1tr\u00e1lni kezdett, \u00e9s megpr\u00f3b\u00e1lta leh\u00fazni a l\u00e9pcs\u0151n.<\/p>\n\n\n\n<p class=\"wp-block-paragraph\">Emma el\u0151sz\u00f6r nevetett.<\/p>\n\n\n\n<p class=\"wp-block-paragraph\">\u201eMi bajod van ma? Akarsz j\u00e1tszani?\u201d<\/p>\n\n\n\n<p class=\"wp-block-paragraph\">Megpaskolta a fej\u00e9t.<\/p>\n\n\n\n<p class=\"wp-block-paragraph\">De Rex nem mutatott \u00f6r\u00f6m\u00f6t.<\/p>\n\n\n\n<p class=\"wp-block-paragraph\">Tov\u00e1bb morgott.<\/p>\n\n\n\n<p class=\"wp-block-paragraph\">Azt\u00e1n meg\u00e1llt Emma \u00e9s a h\u00e1z ajtaja k\u00f6z\u00f6tt.<\/p>\n\n\n\n<p class=\"wp-block-paragraph\">\u00c9s ugatni kezdett.<\/p>\n\n\n\n<p class=\"wp-block-paragraph\">Nem \u00fagy, mint amikor j\u00e1tszott.<\/p>\n\n\n\n<p class=\"wp-block-paragraph\">Egy \u00e9les, s\u00fcrget\u0151 ugat\u00e1s volt, amilyet Emma m\u00e9g soha nem hallott t\u0151le.<\/p>\n\n\n\n<p class=\"wp-block-paragraph\">\u201eRex, nyugodj meg.\u201d<\/p>\n\n\n\n<p class=\"wp-block-paragraph\">Megpr\u00f3b\u00e1lta kiker\u00fclni.<\/p>\n\n\n\n<p class=\"wp-block-paragraph\">A kutya ism\u00e9t megragadta a ruh\u00e1j\u00e1t.<\/p>\n\n\n\n<p class=\"wp-block-paragraph\">Ez\u00fattal sokkal er\u0151sebben.<\/p>\n\n\n\n<p class=\"wp-block-paragraph\">Emm\u00e1nak ism\u00e9t a korl\u00e1tba kellett kapaszkodnia.<\/p>\n\n\n\n<p class=\"wp-block-paragraph\">A mosoly elt\u0171nt az arc\u00e1r\u00f3l.<\/p>\n\n\n\n<p class=\"wp-block-paragraph\">\u201eMi a baj?\u201d<\/p>\n\n\n\n<p class=\"wp-block-paragraph\">Rex r\u00e1n\u00e9zett.<\/p>\n\n\n\n<p class=\"wp-block-paragraph\">Azt\u00e1n az ajt\u00f3 fel\u00e9 fordult.<\/p>\n\n\n\n<p class=\"wp-block-paragraph\">\u00c9s ism\u00e9t hangosan ugatott.<\/p>\n\n\n\n<p class=\"wp-block-paragraph\">Emm\u00e1t hirtelen nyugtalan \u00e9rz\u00e9s fogta el.<\/p>\n\n\n\n<p class=\"wp-block-paragraph\">Valami baj van.<\/p>\n\n\n\n<p class=\"wp-block-paragraph\">A has\u00e1ra tette a kez\u00e9t, \u00e9s egy pillanatig csak \u00e1llt ott.<\/p>\n\n\n\n<p class=\"wp-block-paragraph\">\u201eRendben. Sehova sem megyek.\u201d<\/p>\n\n\n\n<p class=\"wp-block-paragraph\">A kutya azonnal laz\u00edtott a ruh\u00e1j\u00e1n.<\/p>\n\n\n\n<p class=\"wp-block-paragraph\">Emma n\u00e9h\u00e1ny l\u00e9p\u00e9st h\u00e1tr\u00e1lt.<\/p>\n\n\n\n<p class=\"wp-block-paragraph\">De Rex m\u00e9g mindig a h\u00e1zat n\u00e9zte.<\/p>\n\n\n\n<p class=\"wp-block-paragraph\">A n\u0151 felvette a telefont, \u00e9s felh\u00edvta Danielt.<\/p>\n\n\n\n<p class=\"wp-block-paragraph\">\u201eRex furcs\u00e1n viselkedik.\u201d<\/p>\n\n\n\n<p class=\"wp-block-paragraph\">\u201eMennyire furcs\u00e1n?\u201d<\/p>\n\n\n\n<figure class=\"wp-block-image size-large is-resized\"><img loading=\"lazy\" decoding=\"async\" width=\"631\" height=\"1024\" src=\"https:\/\/vengria.info\/wp-content\/uploads\/2026\/09\/wedsacxzqwdas-631x1024.jpg\" alt=\"\" class=\"wp-image-18142\" style=\"width:747px;height:auto\" srcset=\"https:\/\/vengria.info\/wp-content\/uploads\/2026\/09\/wedsacxzqwdas-631x1024.jpg 631w, https:\/\/vengria.info\/wp-content\/uploads\/2026\/09\/wedsacxzqwdas-768x1247.jpg 768w, https:\/\/vengria.info\/wp-content\/uploads\/2026\/09\/wedsacxzqwdas-185x300.jpg 185w, https:\/\/vengria.info\/wp-content\/uploads\/2026\/09\/wedsacxzqwdas.jpg 808w\" sizes=\"auto, (max-width: 631px) 100vw, 631px\" \/><\/figure>\n\n\n\n<p class=\"wp-block-paragraph\">\u201eNem enged be a h\u00e1zba.\u201d<\/p>\n\n\n\n<p class=\"wp-block-paragraph\">Daniel nevetett.<\/p>\n\n\n\n<p class=\"wp-block-paragraph\">\u201eTal\u00e1n csak nem akarja, hogy lefek\u00fcdj.\u201d<\/p>\n\n\n\n<p class=\"wp-block-paragraph\">\u201eNem. Komolyan mondom. F\u00e9l.\u201d<\/p>\n\n\n\n<p class=\"wp-block-paragraph\">Daniel egy pillanatig hallgatott.<\/p>\n\n\n\n<p class=\"wp-block-paragraph\">\u201eMaradj kint. P\u00e1r perc m\u00falva h\u00edvlak.\u201d<\/p>\n\n\n\n<p class=\"wp-block-paragraph\">Emma letette a telefont.<\/p>\n\n\n\n<p class=\"wp-block-paragraph\">Azt\u00e1n \u00e9szrevett m\u00e9g valamit.<\/p>\n\n\n\n<p class=\"wp-block-paragraph\">Halk serceg\u00e9s hallatszott a h\u00e1z m\u00f6g\u00fcl.<\/p>\n\n\n\n<p class=\"wp-block-paragraph\">Emma megdermedt.<\/p>\n\n\n\n<p class=\"wp-block-paragraph\">\u201eMi ez?\u201d<\/p>\n\n\n\n<p class=\"wp-block-paragraph\">Rex azonnal vigy\u00e1zzba v\u00e1gta mag\u00e1t.<\/p>\n\n\n\n<p class=\"wp-block-paragraph\">A kutya a h\u00e1z oldal\u00e1hoz szaladt, Emma pedig k\u00f6vette, ez\u00fattal \u00f3vatosan.<\/p>\n\n\n\n<p class=\"wp-block-paragraph\">Ahogy befordult a sarkon, l\u00e1tta, hogy a pince ablaka nyitva van.<\/p>\n\n\n\n<p class=\"wp-block-paragraph\">Emma biztos volt benne, hogy aznap reggel becsukta.<\/p>\n\n\n\n<p class=\"wp-block-paragraph\">K\u00f6zelebb l\u00e9pett.<\/p>\n\n\n\n<p class=\"wp-block-paragraph\">Furcsa szag \u00e1radt a ny\u00edl\u00e1sb\u00f3l.<\/p>\n\n\n\n<p class=\"wp-block-paragraph\">Valami \u00e9g\u0151 m\u0171anyag \u00e9s g\u00e1z szaga.<\/p>\n\n\n\n<p class=\"wp-block-paragraph\">Emma azonnal h\u00e1tr\u00e1lt.<\/p>\n\n\n\n<p class=\"wp-block-paragraph\">Rex \u00fajra ugatni kezdett.<\/p>\n\n\n\n<p class=\"wp-block-paragraph\">Ebben a pillanatban meg\u00e9rtette.<\/p>\n\n\n\n<p class=\"wp-block-paragraph\">A kutya v\u00e9gig nem \u00e1ll\u00edtotta meg a h\u00e1z el\u0151tt.<\/p>\n\n\n\n<p class=\"wp-block-paragraph\">Meg\u00e1ll\u00edtotta a vesz\u00e9lyt\u0151l.<\/p>\n\n\n\n<p class=\"wp-block-paragraph\">Emma azonnal h\u00edvta a t\u0171zolt\u00f3kat.<\/p>\n\n\n\n<p class=\"wp-block-paragraph\">Amikor meg\u00e9rkeztek, felfedezt\u00e9k, hogy a h\u00e1zban komoly g\u00e1zsziv\u00e1rg\u00e1s van. A g\u00e1z sziv\u00e1rgott a pinc\u00e9be, \u00e9s fokozatosan bejutott a nappaliba.<\/p>\n\n\n\n<p class=\"wp-block-paragraph\">Emm\u00e1nak csak annyit kellett tennie, hogy kinyitotta az ajt\u00f3t \u00e9s felkapcsolta a villanyt.<\/p>\n\n\n\n<p class=\"wp-block-paragraph\">Egyetlen szikra is robban\u00e1st okozhatott volna.<\/p>\n\n\n\n<p class=\"wp-block-paragraph\">Ha Rex nem kezd el ugatni, \u00e9s nem \u00e1ll\u00edtja meg a verand\u00e1n, Emma val\u00f3sz\u00edn\u0171leg bes\u00e9t\u00e1l.<\/p>\n\n\n\n<p class=\"wp-block-paragraph\">\u00c9s mivel terhes volt, a k\u00f6vetkezm\u00e9nyek nemcsak r\u00e1 n\u00e9zve tragikusak lehettek volna.<\/p>\n\n\n\n<p class=\"wp-block-paragraph\">Amikor Daniel meg\u00e9rkezett, a feles\u00e9g\u00e9t a kertben tal\u00e1lta, amint a has\u00e1ra tette a kez\u00e9t.<\/p>\n\n\n\n<p class=\"wp-block-paragraph\">Rex mellette fek\u00fcdt.<\/p>\n\n\n\n<p class=\"wp-block-paragraph\">Daniel odafutott hozz\u00e1juk.<\/p>\n\n\n\n<p class=\"wp-block-paragraph\">\u201eJ\u00f3l vagy?\u201d<\/p>\n\n\n\n<p class=\"wp-block-paragraph\">Emma b\u00f3lintott.<\/p>\n\n\n\n<p class=\"wp-block-paragraph\">\u201eIgen.\u201d<\/p>\n\n\n\n<p class=\"wp-block-paragraph\">Azt\u00e1n a kuty\u00e1ra mutatott.<\/p>\n\n\n\n<p class=\"wp-block-paragraph\">\u201eMegmentett.\u201d<\/p>\n\n\n\n<p class=\"wp-block-paragraph\">Daniel let\u00e9rdelt Rex mell\u00e9, \u00e9s \u00e1tkarolta a nyak\u00e1t.<\/p>\n\n\n\n<p class=\"wp-block-paragraph\">A kutya csak nyugodtan hajtotta a fej\u00e9t a v\u00e1ll\u00e1ra.<\/p>\n\n\n\n<p class=\"wp-block-paragraph\"><\/p>\n","protected":false},"excerpt":{"rendered":"D\u00fch\u00f6sen ugatott, \u00fatj\u00e1ban \u00e1llt, \u00e9s minden alkalommal visszar\u00e1ntotta, amikor megpr\u00f3b\u00e1lt az ajt\u00f3hoz k\u00f6zeledni. Emma el\u0151sz\u00f6r azt hitte, hogy Rex csak j\u00e1tszik vele. De \n<a class=\"moretag\" href=\"https:\/\/vengria.info\/?p=18140\"> [...]<\/a>","protected":false},"author":1,"featured_media":18142,"comment_status":"open","ping_status":"open","sticky":false,"template":"","format":"standard","meta":{"footnotes":""},"categories":[1,2],"tags":[],"class_list":["post-18140","post","type-post","status-publish","format-standard","has-post-thumbnail","hentry","category-news","category-video"],"yoast_head":"<!-- This site is optimized with the Yoast SEO plugin v28.3 - https:\/\/yoast.com\/product\/yoast-seo-wordpress\/ -->\n<title>A kutya megharapta vemhes gazd\u00e1ja ruh\u00e1j\u00e1t, \u00e9s nem engedte be a h\u00e1zba. -<\/title>\n<meta name=\"robots\" content=\"index, follow, max-snippet:-1, max-image-preview:large, max-video-preview:-1\" \/>\n<link rel=\"canonical\" href=\"https:\/\/vengria.info\/?p=18140\" \/>\n<meta property=\"og:locale\" content=\"en_US\" \/>\n<meta property=\"og:type\" content=\"article\" \/>\n<meta property=\"og:title\" content=\"A kutya megharapta vemhes gazd\u00e1ja ruh\u00e1j\u00e1t, \u00e9s nem engedte be a h\u00e1zba. -\" \/>\n<meta property=\"og:description\" content=\"D\u00fch\u00f6sen ugatott, \u00fatj\u00e1ban \u00e1llt, \u00e9s minden alkalommal visszar\u00e1ntotta, amikor megpr\u00f3b\u00e1lt az ajt\u00f3hoz k\u00f6zeledni. Emma el\u0151sz\u00f6r azt hitte, hogy Rex csak j\u00e1tszik vele. De\" \/>\n<meta property=\"og:url\" content=\"https:\/\/vengria.info\/?p=18140\" \/>\n<meta property=\"article:published_time\" content=\"2026-09-01T10:26:44+00:00\" \/>\n<meta property=\"article:modified_time\" content=\"2026-09-01T10:26:45+00:00\" \/>\n<meta property=\"og:image\" content=\"https:\/\/vengria.info\/wp-content\/uploads\/2026\/09\/wedsacxzqwdas.jpg\" \/>\n\t<meta property=\"og:image:width\" content=\"808\" \/>\n\t<meta property=\"og:image:height\" content=\"1312\" \/>\n\t<meta property=\"og:image:type\" content=\"image\/jpeg\" \/>\n<meta name=\"author\" content=\"admin\" \/>\n<meta name=\"twitter:card\" content=\"summary_large_image\" \/>\n<meta name=\"twitter:label1\" content=\"Written by\" \/>\n\t<meta name=\"twitter:data1\" content=\"admin\" \/>\n\t<meta name=\"twitter:label2\" content=\"Est. reading time\" \/>\n\t<meta name=\"twitter:data2\" content=\"4 minutes\" \/>\n<script type=\"application\/ld+json\" class=\"yoast-schema-graph\">{\"@context\":\"https:\\\/\\\/schema.org\",\"@graph\":[{\"@type\":\"Article\",\"@id\":\"https:\\\/\\\/vengria.info\\\/?p=18140#article\",\"isPartOf\":{\"@id\":\"https:\\\/\\\/vengria.info\\\/?p=18140\"},\"author\":{\"name\":\"admin\",\"@id\":\"https:\\\/\\\/vengria.info\\\/#\\\/schema\\\/person\\\/b815b04a6b1fb36a2d064955a92f68d4\"},\"headline\":\"A kutya megharapta vemhes gazd\u00e1ja ruh\u00e1j\u00e1t, \u00e9s nem engedte be a h\u00e1zba.\",\"datePublished\":\"2026-09-01T10:26:44+00:00\",\"dateModified\":\"2026-09-01T10:26:45+00:00\",\"mainEntityOfPage\":{\"@id\":\"https:\\\/\\\/vengria.info\\\/?p=18140\"},\"wordCount\":1058,\"commentCount\":0,\"image\":{\"@id\":\"https:\\\/\\\/vengria.info\\\/?p=18140#primaryimage\"},\"thumbnailUrl\":\"https:\\\/\\\/vengria.info\\\/wp-content\\\/uploads\\\/2026\\\/09\\\/wedsacxzqwdas.jpg\",\"articleSection\":[\"NEWS\",\"VIDEO\"],\"inLanguage\":\"en-US\",\"potentialAction\":[{\"@type\":\"CommentAction\",\"name\":\"Comment\",\"target\":[\"https:\\\/\\\/vengria.info\\\/?p=18140#respond\"]}]},{\"@type\":\"WebPage\",\"@id\":\"https:\\\/\\\/vengria.info\\\/?p=18140\",\"url\":\"https:\\\/\\\/vengria.info\\\/?p=18140\",\"name\":\"A kutya megharapta vemhes gazd\u00e1ja ruh\u00e1j\u00e1t, \u00e9s nem engedte be a h\u00e1zba. -\",\"isPartOf\":{\"@id\":\"https:\\\/\\\/vengria.info\\\/#website\"},\"primaryImageOfPage\":{\"@id\":\"https:\\\/\\\/vengria.info\\\/?p=18140#primaryimage\"},\"image\":{\"@id\":\"https:\\\/\\\/vengria.info\\\/?p=18140#primaryimage\"},\"thumbnailUrl\":\"https:\\\/\\\/vengria.info\\\/wp-content\\\/uploads\\\/2026\\\/09\\\/wedsacxzqwdas.jpg\",\"datePublished\":\"2026-09-01T10:26:44+00:00\",\"dateModified\":\"2026-09-01T10:26:45+00:00\",\"author\":{\"@id\":\"https:\\\/\\\/vengria.info\\\/#\\\/schema\\\/person\\\/b815b04a6b1fb36a2d064955a92f68d4\"},\"breadcrumb\":{\"@id\":\"https:\\\/\\\/vengria.info\\\/?p=18140#breadcrumb\"},\"inLanguage\":\"en-US\",\"potentialAction\":[{\"@type\":\"ReadAction\",\"target\":[\"https:\\\/\\\/vengria.info\\\/?p=18140\"]}]},{\"@type\":\"ImageObject\",\"inLanguage\":\"en-US\",\"@id\":\"https:\\\/\\\/vengria.info\\\/?p=18140#primaryimage\",\"url\":\"https:\\\/\\\/vengria.info\\\/wp-content\\\/uploads\\\/2026\\\/09\\\/wedsacxzqwdas.jpg\",\"contentUrl\":\"https:\\\/\\\/vengria.info\\\/wp-content\\\/uploads\\\/2026\\\/09\\\/wedsacxzqwdas.jpg\",\"width\":808,\"height\":1312},{\"@type\":\"BreadcrumbList\",\"@id\":\"https:\\\/\\\/vengria.info\\\/?p=18140#breadcrumb\",\"itemListElement\":[{\"@type\":\"ListItem\",\"position\":1,\"name\":\"Home\",\"item\":\"https:\\\/\\\/vengria.info\\\/\"},{\"@type\":\"ListItem\",\"position\":2,\"name\":\"A kutya megharapta vemhes gazd\u00e1ja ruh\u00e1j\u00e1t, \u00e9s nem engedte be a h\u00e1zba.\"}]},{\"@type\":\"WebSite\",\"@id\":\"https:\\\/\\\/vengria.info\\\/#website\",\"url\":\"https:\\\/\\\/vengria.info\\\/\",\"name\":\"\",\"description\":\"\",\"potentialAction\":[{\"@type\":\"SearchAction\",\"target\":{\"@type\":\"EntryPoint\",\"urlTemplate\":\"https:\\\/\\\/vengria.info\\\/?s={search_term_string}\"},\"query-input\":{\"@type\":\"PropertyValueSpecification\",\"valueRequired\":true,\"valueName\":\"search_term_string\"}}],\"inLanguage\":\"en-US\"},{\"@type\":\"Person\",\"@id\":\"https:\\\/\\\/vengria.info\\\/#\\\/schema\\\/person\\\/b815b04a6b1fb36a2d064955a92f68d4\",\"name\":\"admin\",\"image\":{\"@type\":\"ImageObject\",\"inLanguage\":\"en-US\",\"@id\":\"https:\\\/\\\/secure.gravatar.com\\\/avatar\\\/a29bad30ab19883c48927f9ee55a40d0d1a0c3c343bcef70ad9a0a9cb421f0fa?s=96&d=mm&r=g\",\"url\":\"https:\\\/\\\/secure.gravatar.com\\\/avatar\\\/a29bad30ab19883c48927f9ee55a40d0d1a0c3c343bcef70ad9a0a9cb421f0fa?s=96&d=mm&r=g\",\"contentUrl\":\"https:\\\/\\\/secure.gravatar.com\\\/avatar\\\/a29bad30ab19883c48927f9ee55a40d0d1a0c3c343bcef70ad9a0a9cb421f0fa?s=96&d=mm&r=g\",\"caption\":\"admin\"},\"sameAs\":[\"http:\\\/\\\/vengria.info\"],\"url\":\"https:\\\/\\\/vengria.info\\\/?author=1\"}]}<\/script>\n<!-- \/ Yoast SEO plugin. -->","yoast_head_json":{"title":"A kutya megharapta vemhes gazd\u00e1ja ruh\u00e1j\u00e1t, \u00e9s nem engedte be a h\u00e1zba. -","robots":{"index":"index","follow":"follow","max-snippet":"max-snippet:-1","max-image-preview":"max-image-preview:large","max-video-preview":"max-video-preview:-1"},"canonical":"https:\/\/vengria.info\/?p=18140","og_locale":"en_US","og_type":"article","og_title":"A kutya megharapta vemhes gazd\u00e1ja ruh\u00e1j\u00e1t, \u00e9s nem engedte be a h\u00e1zba. -","og_description":"D\u00fch\u00f6sen ugatott, \u00fatj\u00e1ban \u00e1llt, \u00e9s minden alkalommal visszar\u00e1ntotta, amikor megpr\u00f3b\u00e1lt az ajt\u00f3hoz k\u00f6zeledni. Emma el\u0151sz\u00f6r azt hitte, hogy Rex csak j\u00e1tszik vele. De","og_url":"https:\/\/vengria.info\/?p=18140","article_published_time":"2026-09-01T10:26:44+00:00","article_modified_time":"2026-09-01T10:26:45+00:00","og_image":[{"width":808,"height":1312,"url":"https:\/\/vengria.info\/wp-content\/uploads\/2026\/09\/wedsacxzqwdas.jpg","type":"image\/jpeg"}],"author":"admin","twitter_card":"summary_large_image","twitter_misc":{"Written by":"admin","Est. reading time":"4 minutes"},"schema":{"@context":"https:\/\/schema.org","@graph":[{"@type":"Article","@id":"https:\/\/vengria.info\/?p=18140#article","isPartOf":{"@id":"https:\/\/vengria.info\/?p=18140"},"author":{"name":"admin","@id":"https:\/\/vengria.info\/#\/schema\/person\/b815b04a6b1fb36a2d064955a92f68d4"},"headline":"A kutya megharapta vemhes gazd\u00e1ja ruh\u00e1j\u00e1t, \u00e9s nem engedte be a h\u00e1zba.","datePublished":"2026-09-01T10:26:44+00:00","dateModified":"2026-09-01T10:26:45+00:00","mainEntityOfPage":{"@id":"https:\/\/vengria.info\/?p=18140"},"wordCount":1058,"commentCount":0,"image":{"@id":"https:\/\/vengria.info\/?p=18140#primaryimage"},"thumbnailUrl":"https:\/\/vengria.info\/wp-content\/uploads\/2026\/09\/wedsacxzqwdas.jpg","articleSection":["NEWS","VIDEO"],"inLanguage":"en-US","potentialAction":[{"@type":"CommentAction","name":"Comment","target":["https:\/\/vengria.info\/?p=18140#respond"]}]},{"@type":"WebPage","@id":"https:\/\/vengria.info\/?p=18140","url":"https:\/\/vengria.info\/?p=18140","name":"A kutya megharapta vemhes gazd\u00e1ja ruh\u00e1j\u00e1t, \u00e9s nem engedte be a h\u00e1zba. -","isPartOf":{"@id":"https:\/\/vengria.info\/#website"},"primaryImageOfPage":{"@id":"https:\/\/vengria.info\/?p=18140#primaryimage"},"image":{"@id":"https:\/\/vengria.info\/?p=18140#primaryimage"},"thumbnailUrl":"https:\/\/vengria.info\/wp-content\/uploads\/2026\/09\/wedsacxzqwdas.jpg","datePublished":"2026-09-01T10:26:44+00:00","dateModified":"2026-09-01T10:26:45+00:00","author":{"@id":"https:\/\/vengria.info\/#\/schema\/person\/b815b04a6b1fb36a2d064955a92f68d4"},"breadcrumb":{"@id":"https:\/\/vengria.info\/?p=18140#breadcrumb"},"inLanguage":"en-US","potentialAction":[{"@type":"ReadAction","target":["https:\/\/vengria.info\/?p=18140"]}]},{"@type":"ImageObject","inLanguage":"en-US","@id":"https:\/\/vengria.info\/?p=18140#primaryimage","url":"https:\/\/vengria.info\/wp-content\/uploads\/2026\/09\/wedsacxzqwdas.jpg","contentUrl":"https:\/\/vengria.info\/wp-content\/uploads\/2026\/09\/wedsacxzqwdas.jpg","width":808,"height":1312},{"@type":"BreadcrumbList","@id":"https:\/\/vengria.info\/?p=18140#breadcrumb","itemListElement":[{"@type":"ListItem","position":1,"name":"Home","item":"https:\/\/vengria.info\/"},{"@type":"ListItem","position":2,"name":"A kutya megharapta vemhes gazd\u00e1ja ruh\u00e1j\u00e1t, \u00e9s nem engedte be a h\u00e1zba."}]},{"@type":"WebSite","@id":"https:\/\/vengria.info\/#website","url":"https:\/\/vengria.info\/","name":"","description":"","potentialAction":[{"@type":"SearchAction","target":{"@type":"EntryPoint","urlTemplate":"https:\/\/vengria.info\/?s={search_term_string}"},"query-input":{"@type":"PropertyValueSpecification","valueRequired":true,"valueName":"search_term_string"}}],"inLanguage":"en-US"},{"@type":"Person","@id":"https:\/\/vengria.info\/#\/schema\/person\/b815b04a6b1fb36a2d064955a92f68d4","name":"admin","image":{"@type":"ImageObject","inLanguage":"en-US","@id":"https:\/\/secure.gravatar.com\/avatar\/a29bad30ab19883c48927f9ee55a40d0d1a0c3c343bcef70ad9a0a9cb421f0fa?s=96&d=mm&r=g","url":"https:\/\/secure.gravatar.com\/avatar\/a29bad30ab19883c48927f9ee55a40d0d1a0c3c343bcef70ad9a0a9cb421f0fa?s=96&d=mm&r=g","contentUrl":"https:\/\/secure.gravatar.com\/avatar\/a29bad30ab19883c48927f9ee55a40d0d1a0c3c343bcef70ad9a0a9cb421f0fa?s=96&d=mm&r=g","caption":"admin"},"sameAs":["http:\/\/vengria.info"],"url":"https:\/\/vengria.info\/?author=1"}]}},"_links":{"self":[{"href":"https:\/\/vengria.info\/index.php?rest_route=\/wp\/v2\/posts\/18140","targetHints":{"allow":["GET"]}}],"collection":[{"href":"https:\/\/vengria.info\/index.php?rest_route=\/wp\/v2\/posts"}],"about":[{"href":"https:\/\/vengria.info\/index.php?rest_route=\/wp\/v2\/types\/post"}],"author":[{"embeddable":true,"href":"https:\/\/vengria.info\/index.php?rest_route=\/wp\/v2\/users\/1"}],"replies":[{"embeddable":true,"href":"https:\/\/vengria.info\/index.php?rest_route=%2Fwp%2Fv2%2Fcomments&post=18140"}],"version-history":[{"count":1,"href":"https:\/\/vengria.info\/index.php?rest_route=\/wp\/v2\/posts\/18140\/revisions"}],"predecessor-version":[{"id":18144,"href":"https:\/\/vengria.info\/index.php?rest_route=\/wp\/v2\/posts\/18140\/revisions\/18144"}],"wp:featuredmedia":[{"embeddable":true,"href":"https:\/\/vengria.info\/index.php?rest_route=\/wp\/v2\/media\/18142"}],"wp:attachment":[{"href":"https:\/\/vengria.info\/index.php?rest_route=%2Fwp%2Fv2%2Fmedia&parent=18140"}],"wp:term":[{"taxonomy":"category","embeddable":true,"href":"https:\/\/vengria.info\/index.php?rest_route=%2Fwp%2Fv2%2Fcategories&post=18140"},{"taxonomy":"post_tag","embeddable":true,"href":"https:\/\/vengria.info\/index.php?rest_route=%2Fwp%2Fv2%2Ftags&post=18140"}],"curies":[{"name":"wp","href":"https:\/\/api.w.org\/{rel}","templated":true}]}}