{"id":18133,"date":"2026-09-01T09:50:07","date_gmt":"2026-09-01T09:50:07","guid":{"rendered":"https:\/\/vengria.info\/?p=18133"},"modified":"2026-09-01T09:50:09","modified_gmt":"2026-09-01T09:50:09","slug":"a-milliomos-kizarolag-a-kezei-alapjan-valasztotta-ki-leendo-feleseget-nem-latta-az-arcat-nem-ismerte-a-nevet-vagy-a-csaladjat-es-fogalma-sem-volt-milyen-eletet-elt-husz-no-kozul-csak-egyet-valasz","status":"publish","type":"post","link":"https:\/\/vengria.info\/?p=18133","title":{"rendered":"A milliomos kiz\u00e1r\u00f3lag a kezei alapj\u00e1n v\u00e1lasztotta ki leend\u0151 feles\u00e9g\u00e9t. Nem l\u00e1tta az arc\u00e1t, nem ismerte a nev\u00e9t vagy a csal\u00e1dj\u00e1t, \u00e9s fogalma sem volt, milyen \u00e9letet \u00e9lt. H\u00fasz n\u0151 k\u00f6z\u00fcl csak egyet v\u00e1lasztott."},"content":{"rendered":"\n<p class=\"wp-block-paragraph\">Amikor azonban v\u00e9gre levett\u00e9k a feh\u00e9r leped\u0151t a fej\u00e9r\u0151l, a f\u00e9rfi els\u00e1padt, \u00e9s n\u00e9h\u00e1ny m\u00e1sodpercig k\u00e9ptelen volt megsz\u00f3lalni.<\/p>\n\n\n\n<p class=\"wp-block-paragraph\">Mert az el\u0151tte megjelen\u0151 arc egy m\u00faltb\u00e9li szem\u00e9ly\u00e9 volt.<\/p>\n\n\n\n<p class=\"wp-block-paragraph\">Alexander harmincnyolc \u00e9ves volt, \u00e9s a v\u00e1ros\u00e1ban szinte mindenki ismerte a nev\u00e9t. T\u00f6bb sikeres c\u00e9g tulajdonosa volt, egy luxush\u00e1zzal rendelkezett a v\u00e1ros sz\u00e9l\u00e9n, \u00e9s az \u00e9lete \u00e1lomszer\u0171nek t\u0171nt.<\/p>\n\n\n\n<p class=\"wp-block-paragraph\">P\u00e9nzzel, hatalommal \u00e9s t\u00e1rsadalmi st\u00e1tusszal rendelkezett.<\/p>\n\n\n\n<p class=\"wp-block-paragraph\">Azonban hi\u00e1nyzott valami, amit p\u00e9nzzel nem lehetett megvenni.<\/p>\n\n\n\n<p class=\"wp-block-paragraph\">Bizalom.<\/p>\n\n\n\n<p class=\"wp-block-paragraph\">Az elm\u00falt \u00e9vekben tucatnyi n\u0151 v\u00e1ltotta egym\u00e1st k\u00f6r\u00fcl\u00f6tte. Modellek, sz\u00edn\u00e9szn\u0151k, influenszerek \u00e9s gazdag \u00fczletemberek l\u00e1nyai. N\u00e9h\u00e1nyan ny\u00edltan \u00e9rdekl\u0151dtek ir\u00e1nta, m\u00edg m\u00e1sok megpr\u00f3b\u00e1lt\u00e1k \u00fagy tenni, mintha a vagyona semmit sem jelentene nekik.<\/p>\n\n\n\n<p class=\"wp-block-paragraph\">De Alexander m\u00e1r nem hitt nekik.<\/p>\n\n\n\n<p class=\"wp-block-paragraph\">Egy nap \u00fagy d\u00f6nt\u00f6tt, hogy sz\u00e1nd\u00e9kosan elrejti a vagyon\u00e1t a feles\u00e9ge el\u0151l. Azt mondta neki, hogy a c\u00e9ge bajban van, \u00e9s hogy lehet, hogy el kell adnia a h\u00e1zat, hogy megmentse az \u00fczletet.<\/p>\n\n\n\n<p class=\"wp-block-paragraph\">M\u00e9g vacsora el\u0151tt is csod\u00e1lattal n\u00e9zett r\u00e1 a feles\u00e9ge.<\/p>\n\n\n\n<p class=\"wp-block-paragraph\">N\u00e9h\u00e1ny \u00f3r\u00e1val k\u00e9s\u0151bb megv\u00e1ltozott a viselked\u00e9se.<\/p>\n\n\n\n<p class=\"wp-block-paragraph\">Hidegg\u00e9 v\u00e1lt, egyszavas mondatokban v\u00e1laszolt, \u00e9s v\u00e9g\u00fcl kijelentette, hogy el sem tudja k\u00e9pzelni az \u00e9letet egy olyan f\u00e9rfival, aki anyagilag nincs biztons\u00e1gban.<\/p>\n\n\n\n<p class=\"wp-block-paragraph\">Alexander ekkor meg\u00e9rtette, hogy a probl\u00e9ma nem az volt, hogy nem tal\u00e1lt mag\u00e1nak n\u0151t.<\/p>\n\n\n\n<p class=\"wp-block-paragraph\">A probl\u00e9ma az volt, hogy nem tudta eld\u00f6nteni, melyik n\u0151 kedveli \u0151t \u00e9s melyik a p\u00e9nz\u00e9t.<\/p>\n\n\n\n<p class=\"wp-block-paragraph\">Egy este, egy \u00fajabb sikertelen tal\u00e1lkoz\u00f3 ut\u00e1n hazat\u00e9rt. Ledobta a kulcsait az asztalra, le\u00fclt egy sz\u00e9kre, \u00e9s sok\u00e1ig hallgatott.<\/p>\n\n\n\n<p class=\"wp-block-paragraph\">Szem\u00e9lyi asszisztense, Michael a k\u00f6zelben \u00e1llt.<\/p>\n\n\n\n<p class=\"wp-block-paragraph\">\u201eUram, minden rendben van?\u201d<\/p>\n\n\n\n<p class=\"wp-block-paragraph\">Alexander r\u00e1n\u00e9zett.<\/p>\n\n\n\n<p class=\"wp-block-paragraph\">\u201eMeg akarok n\u0151s\u00fclni.\u201d<\/p>\n\n\n\n<p class=\"wp-block-paragraph\">Michael meglepetten pislogott.<\/p>\n\n\n\n<p class=\"wp-block-paragraph\">\u201eEz j\u00f3 h\u00edr. \u00c9s ki a szerencs\u00e9s n\u0151?\u201d<\/p>\n\n\n\n<p class=\"wp-block-paragraph\">Alexander elmosolyodott.<\/p>\n\n\n\n<p class=\"wp-block-paragraph\">\u201eNem tudom.\u201d<\/p>\n\n\n\n<p class=\"wp-block-paragraph\">\u201eHogy \u00e9rted ezt?\u201d<\/p>\n\n\n\n<p class=\"wp-block-paragraph\">\u201eEz\u00e9rt akarok megh\u00e1zasodni.\u201d<\/p>\n\n\n\n<p class=\"wp-block-paragraph\">Michael egy\u00e1ltal\u00e1n nem \u00e9rtette.<\/p>\n\n\n\n<p class=\"wp-block-paragraph\">Alexander ezut\u00e1n elmagyar\u00e1zta neki a terv\u00e9t.<\/p>\n\n\n\n<p class=\"wp-block-paragraph\">H\u00fasz n\u0151t akart.<\/p>\n\n\n\n<p class=\"wp-block-paragraph\">Nem kellett gazdagoknak vagy szeg\u00e9nyeknek lenni\u00fck. Nem sz\u00e9ps\u00e9g, csal\u00e1d, iskol\u00e1zotts\u00e1g vagy t\u00e1rsadalmi st\u00e1tusz alapj\u00e1n kellett \u0151ket kiv\u00e1lasztani. Senki sem mondhatta meg nekik, hogy kicsoda Alexander.<\/p>\n\n\n\n<p class=\"wp-block-paragraph\">Mindannyian ugyanazon a napon kellett \u00e9rkezni\u00fck a kast\u00e9ly\u00e1ba.<\/p>\n\n\n\n<p class=\"wp-block-paragraph\">\u00c9s mindannyian be voltak \u00f6lt\u00f6zve.<\/p>\n\n\n\n<p class=\"wp-block-paragraph\">\u201eNem akarom l\u00e1tni az arcukat\u201d \u2013 mondta Alexander. \u201eNem akarom tudni, hogy kik \u0151k. Nem akarom tudni a csal\u00e1djukat vagy a munk\u00e1jukat.\u201d<\/p>\n\n\n\n<p class=\"wp-block-paragraph\">Michael hitetlenkedve n\u00e9zett r\u00e1.<\/p>\n\n\n\n<p class=\"wp-block-paragraph\">\u201eSz\u00f3val hogyan akarsz feles\u00e9get v\u00e1lasztani?\u201d<\/p>\n\n\n\n<p class=\"wp-block-paragraph\">Alexander egyetlen mondatban v\u00e1laszolt:<\/p>\n\n\n\n<p class=\"wp-block-paragraph\">\u201eK\u00e9zzel.\u201d<\/p>\n\n\n\n<p class=\"wp-block-paragraph\">Michael azt hitte, viccel.<\/p>\n\n\n\n<p class=\"wp-block-paragraph\">De miel\u0151tt v\u00e1laszolhatott volna, Alexander folytatta.<\/p>\n\n\n\n<p class=\"wp-block-paragraph\">\u201eAz ember kezei t\u00f6bbet \u00e1rulnak el, mint az arca. Megmutatj\u00e1k, hogy dolgozik-e valaki. Hogy gondoskodik-e mag\u00e1r\u00f3l. Hogy hozz\u00e1szokott-e ahhoz, hogy a saj\u00e1t kez\u00e9vel alkosson valamit. Hogy luxusban vagy a h\u00e9tk\u00f6znapokban \u00e9l.\u201d<\/p>\n\n\n\n<p class=\"wp-block-paragraph\">Michael megpr\u00f3b\u00e1lta meggy\u0151zni munkaad\u00f3j\u00e1t, hogy mondja le az eg\u00e9sz tervet.<\/p>\n\n\n\n<p class=\"wp-block-paragraph\">Alexander azonban nem v\u00e1ltoztatta meg a v\u00e9lem\u00e9ny\u00e9t.<\/p>\n\n\n\n<p class=\"wp-block-paragraph\">N\u00e9h\u00e1ny nappal k\u00e9s\u0151bb minden k\u00e9szen \u00e1llt.<\/p>\n\n\n\n<p class=\"wp-block-paragraph\">A kast\u00e9ly f\u0151term\u00e9ben egy hossz\u00fa asztal \u00e1llt. H\u00fasz n\u0151 \u00fclt mellette. Mindegyik\u00fck ugyanazzal a feh\u00e9r ter\u00edt\u0151vel volt letakarva, amely eltakarta a test\u00e9t \u00e9s az arc\u00e1t.<\/p>\n\n\n\n<p class=\"wp-block-paragraph\">Csak a kez\u00fck l\u00e1tszott ki a ter\u00edt\u0151 al\u00f3l.<\/p>\n\n\n\n<p class=\"wp-block-paragraph\">Alexander bel\u00e9pett a szob\u00e1ba.<\/p>\n\n\n\n<p class=\"wp-block-paragraph\">A n\u0151k csendben voltak.<\/p>\n\n\n\n<p class=\"wp-block-paragraph\">Senki sem mozdult.<\/p>\n\n\n\n<p class=\"wp-block-paragraph\">A milliomos lassan v\u00e9gigs\u00e9t\u00e1lt az asztal ment\u00e9n.<\/p>\n\n\n\n<p class=\"wp-block-paragraph\">\u00c9szrevette az els\u0151 n\u0151 t\u00f6k\u00e9letesen manik\u0171r\u00f6z\u00f6tt k\u00f6rmeit \u00e9s sz\u00e1mos gy\u0171r\u0171j\u00e9t.<\/p>\n\n\n\n<p class=\"wp-block-paragraph\">A m\u00e1sodik n\u0151 keze finom volt, \u00e9s szinte semmilyen jel\u00e9t nem l\u00e1tta a munk\u00e1nak.<\/p>\n\n\n\n<p class=\"wp-block-paragraph\">A harmadiknak dr\u00e1ga \u00f3r\u00e1ja volt.<\/p>\n\n\n\n<p class=\"wp-block-paragraph\">A negyediknek hossz\u00fa m\u0171k\u00f6rmei voltak.<\/p>\n\n\n\n<p class=\"wp-block-paragraph\">Az \u00f6t\u00f6dik kiss\u00e9 remegett.<\/p>\n\n\n\n<p class=\"wp-block-paragraph\">Alexander folytatta.<\/p>\n\n\n\n<p class=\"wp-block-paragraph\">N\u00e9h\u00e1ny m\u00e1sodpercig vizsg\u00e1lgatta mindk\u00e9t kez\u00e9t. N\u00e9h\u00e1nyat meg\u00e9rintett. M\u00e1sokn\u00e1l csak meg\u00e1llt.<\/p>\n\n\n\n<p class=\"wp-block-paragraph\">Min\u00e9l k\u00f6zelebb \u00e9rt az asztal v\u00e9g\u00e9hez, ann\u00e1l kev\u00e9sb\u00e9 volt meggy\u0151z\u0151dve.<\/p>\n\n\n\n<p class=\"wp-block-paragraph\">Amikor el\u00e9rte a tizenkilencedik n\u0151t.<\/p>\n\n\n\n<p class=\"wp-block-paragraph\">Semmi.<\/p>\n\n\n\n<p class=\"wp-block-paragraph\">Azt\u00e1n az utols\u00f3hoz \u00e9rt.<\/p>\n\n\n\n<p class=\"wp-block-paragraph\">\u00c9s meg\u00e1llt.<\/p>\n\n\n\n<p class=\"wp-block-paragraph\">A kezei teljesen m\u00e1sok voltak.<\/p>\n\n\n\n<p class=\"wp-block-paragraph\">Nem voltak gy\u0171r\u0171i.<\/p>\n\n\n\n<p class=\"wp-block-paragraph\">Nem volt \u00f3r\u00e1ja.<\/p>\n\n\n\n<p class=\"wp-block-paragraph\">Nem volt kark\u00f6t\u0151je.<\/p>\n\n\n\n<p class=\"wp-block-paragraph\">A k\u00f6rmei r\u00f6videk \u00e9s \u00e1polatlanok voltak.<\/p>\n\n\n\n<p class=\"wp-block-paragraph\">A tenyer\u00e9n a b\u0151r sz\u00e1raz \u00e9s kem\u00e9nyebb volt. T\u00f6bb helyen apr\u00f3 horzsol\u00e1sok voltak. Egy kis r\u00e9gi sebhely volt a h\u00fcvelykujj\u00e1n.<\/p>\n\n\n\n<p class=\"wp-block-paragraph\">Alexander megfogta a kez\u00e9t.<\/p>\n\n\n\n<p class=\"wp-block-paragraph\">A n\u0151 kiss\u00e9 megr\u00e1ndult.<\/p>\n\n\n\n<p class=\"wp-block-paragraph\">\u201eEzt\u201d \u2013 mondta.<\/p>\n\n\n\n<p class=\"wp-block-paragraph\">A szoba elcsendesedett.<\/p>\n\n\n\n<figure class=\"wp-block-image size-large\"><img loading=\"lazy\" decoding=\"async\" width=\"614\" height=\"1024\" src=\"https:\/\/vengria.info\/wp-content\/uploads\/2026\/09\/wazesxtfvgyu-614x1024.jpg\" alt=\"\" class=\"wp-image-18135\" srcset=\"https:\/\/vengria.info\/wp-content\/uploads\/2026\/09\/wazesxtfvgyu-614x1024.jpg 614w, https:\/\/vengria.info\/wp-content\/uploads\/2026\/09\/wazesxtfvgyu-180x300.jpg 180w, https:\/\/vengria.info\/wp-content\/uploads\/2026\/09\/wazesxtfvgyu-768x1280.jpg 768w, https:\/\/vengria.info\/wp-content\/uploads\/2026\/09\/wazesxtfvgyu.jpg 800w\" sizes=\"auto, (max-width: 614px) 100vw, 614px\" \/><\/figure>\n\n\n\n<p class=\"wp-block-paragraph\">Michael azonnal els\u00e1padt.<\/p>\n\n\n\n<p class=\"wp-block-paragraph\">\u201eUram\u2026\u201d<\/p>\n\n\n\n<p class=\"wp-block-paragraph\">Alexander r\u00e1n\u00e9zett.<\/p>\n\n\n\n<p class=\"wp-block-paragraph\">\u201eMit?\u201d<\/p>\n\n\n\n<p class=\"wp-block-paragraph\">\u201eAzt hiszem, el\u0151bb tudnia kellene valamit.\u201d<\/p>\n\n\n\n<p class=\"wp-block-paragraph\">\u201eNem.\u201d<\/p>\n\n\n\n<p class=\"wp-block-paragraph\">\u2013 De\u2026<\/p>\n\n\n\n<p class=\"wp-block-paragraph\">\u2013 Azt mondtam, hogy semmit sem akarok tudni, am\u00edg nem v\u00e1lasztok.<\/p>\n\n\n\n<p class=\"wp-block-paragraph\">Michael les\u00fct\u00f6tte a szem\u00e9t.<\/p>\n\n\n\n<p class=\"wp-block-paragraph\">Alexander a lef\u00e1tyolos n\u0151h\u00f6z fordult.<\/p>\n\n\n\n<p class=\"wp-block-paragraph\">\u2013 \u00c9n t\u00e9ged v\u00e1lasztottam.<\/p>\n\n\n\n<p class=\"wp-block-paragraph\">Azt\u00e1n az \u0151r\u00f6kre n\u00e9zett.<\/p>\n\n\n\n<p class=\"wp-block-paragraph\">\u2013 Vedd le a ruh\u00e1j\u00e1t!<\/p>\n\n\n\n<p class=\"wp-block-paragraph\">Senki sem mozdult.<\/p>\n\n\n\n<p class=\"wp-block-paragraph\">\u2013 Hallott\u00e1l.<\/p>\n\n\n\n<p class=\"wp-block-paragraph\">Az egyik \u0151r lassan odal\u00e9pett a n\u0151h\u00f6z.<\/p>\n\n\n\n<p class=\"wp-block-paragraph\">Megragadta a feh\u00e9r ruha sz\u00e9l\u00e9t, \u00e9s elkezdte felemelni.<\/p>\n\n\n\n<p class=\"wp-block-paragraph\">El\u0151sz\u00f6r s\u00f6t\u00e9t haj jelent meg.<\/p>\n\n\n\n<p class=\"wp-block-paragraph\">Azt\u00e1n a homlok.<\/p>\n\n\n\n<p class=\"wp-block-paragraph\">A szemek.<\/p>\n\n\n\n<p class=\"wp-block-paragraph\">Az orr.<\/p>\n\n\n\n<p class=\"wp-block-paragraph\">\u00c9s v\u00e9g\u00fcl az eg\u00e9sz arc.<\/p>\n\n\n\n<p class=\"wp-block-paragraph\">Alexander megdermedt.<\/p>\n\n\n\n<p class=\"wp-block-paragraph\">Az arckifejez\u00e9se egy pillanat alatt megv\u00e1ltozott.<\/p>\n\n\n\n<p class=\"wp-block-paragraph\">A meglepet\u00e9s d\u00f6bbenetbe csapott \u00e1t.<\/p>\n\n\n\n<p class=\"wp-block-paragraph\">H\u00e1tral\u00e9pett egyet.<\/p>\n\n\n\n<p class=\"wp-block-paragraph\">\u2013 Ez lehetetlen.<\/p>\n\n\n\n<p class=\"wp-block-paragraph\">A n\u0151 r\u00e1n\u00e9zett.<\/p>\n\n\n\n<p class=\"wp-block-paragraph\">K\u00f6nnyek voltak a szem\u00e9ben, de nem mosolygott.<\/p>\n\n\n\n<p class=\"wp-block-paragraph\">Alexander ismerte \u0151t.<\/p>\n\n\n\n<p class=\"wp-block-paragraph\">T\u00fal is j\u00f3l.<\/p>\n\n\n\n<p class=\"wp-block-paragraph\">Anna volt az.<\/p>\n\n\n\n<p class=\"wp-block-paragraph\">A n\u0151, akit t\u00edz \u00e9vvel ezel\u0151tt szeretett.<\/p>\n\n\n\n<p class=\"wp-block-paragraph\">A n\u0151, aki egy nap sz\u00f3 n\u00e9lk\u00fcl elt\u0171nt az \u00e9let\u00e9b\u0151l.<\/p>\n\n\n\n<p class=\"wp-block-paragraph\">Alexander akkoriban azt hitte, hogy elhagyta \u0151t egy m\u00e1sik f\u00e9rfi\u00e9rt.<\/p>\n\n\n\n<p class=\"wp-block-paragraph\">Soha nem magyar\u00e1zta meg, mi\u00e9rt.<\/p>\n\n\n\n<p class=\"wp-block-paragraph\">Soha nem t\u00e9rt vissza.<\/p>\n\n\n\n<p class=\"wp-block-paragraph\">\u00c9s most ott \u00e1llt k\u00f6zvetlen\u00fcl el\u0151tte.<\/p>\n\n\n\n<p class=\"wp-block-paragraph\">\u201eAnna\u2026\u201d<\/p>\n\n\n\n<p class=\"wp-block-paragraph\">A n\u0151 les\u00fct\u00f6tte a szem\u00e9t.<\/p>\n\n\n\n<p class=\"wp-block-paragraph\">Michael Alexander m\u00f6g\u00f6tt \u00e1llt, n\u00e9m\u00e1n.<\/p>\n\n\n\n<p class=\"wp-block-paragraph\"><\/p>\n","protected":false},"excerpt":{"rendered":"Amikor azonban v\u00e9gre levett\u00e9k a feh\u00e9r leped\u0151t a fej\u00e9r\u0151l, a f\u00e9rfi els\u00e1padt, \u00e9s n\u00e9h\u00e1ny m\u00e1sodpercig k\u00e9ptelen volt megsz\u00f3lalni. Mert az el\u0151tte megjelen\u0151 arc \n<a class=\"moretag\" href=\"https:\/\/vengria.info\/?p=18133\"> [...]<\/a>","protected":false},"author":1,"featured_media":18135,"comment_status":"open","ping_status":"open","sticky":false,"template":"","format":"standard","meta":{"footnotes":""},"categories":[1,2],"tags":[],"class_list":["post-18133","post","type-post","status-publish","format-standard","has-post-thumbnail","hentry","category-news","category-video"],"yoast_head":"<!-- This site is optimized with the Yoast SEO plugin v28.3 - https:\/\/yoast.com\/product\/yoast-seo-wordpress\/ -->\n<title>A milliomos kiz\u00e1r\u00f3lag a kezei alapj\u00e1n v\u00e1lasztotta ki leend\u0151 feles\u00e9g\u00e9t. Nem l\u00e1tta az arc\u00e1t, nem ismerte a nev\u00e9t vagy a csal\u00e1dj\u00e1t, \u00e9s fogalma sem volt, milyen \u00e9letet \u00e9lt. H\u00fasz n\u0151 k\u00f6z\u00fcl csak egyet v\u00e1lasztott. -<\/title>\n<meta name=\"robots\" content=\"index, follow, max-snippet:-1, max-image-preview:large, max-video-preview:-1\" \/>\n<link rel=\"canonical\" href=\"https:\/\/vengria.info\/?p=18133\" \/>\n<meta property=\"og:locale\" content=\"en_US\" \/>\n<meta property=\"og:type\" content=\"article\" \/>\n<meta property=\"og:title\" content=\"A milliomos kiz\u00e1r\u00f3lag a kezei alapj\u00e1n v\u00e1lasztotta ki leend\u0151 feles\u00e9g\u00e9t. Nem l\u00e1tta az arc\u00e1t, nem ismerte a nev\u00e9t vagy a csal\u00e1dj\u00e1t, \u00e9s fogalma sem volt, milyen \u00e9letet \u00e9lt. H\u00fasz n\u0151 k\u00f6z\u00fcl csak egyet v\u00e1lasztott. -\" \/>\n<meta property=\"og:description\" content=\"Amikor azonban v\u00e9gre levett\u00e9k a feh\u00e9r leped\u0151t a fej\u00e9r\u0151l, a f\u00e9rfi els\u00e1padt, \u00e9s n\u00e9h\u00e1ny m\u00e1sodpercig k\u00e9ptelen volt megsz\u00f3lalni. Mert az el\u0151tte megjelen\u0151 arc\" \/>\n<meta property=\"og:url\" content=\"https:\/\/vengria.info\/?p=18133\" \/>\n<meta property=\"article:published_time\" content=\"2026-09-01T09:50:07+00:00\" \/>\n<meta property=\"article:modified_time\" content=\"2026-09-01T09:50:09+00:00\" \/>\n<meta property=\"og:image\" content=\"https:\/\/vengria.info\/wp-content\/uploads\/2026\/09\/wazesxtfvgyu.jpg\" \/>\n\t<meta property=\"og:image:width\" content=\"800\" \/>\n\t<meta property=\"og:image:height\" content=\"1334\" \/>\n\t<meta property=\"og:image:type\" content=\"image\/jpeg\" \/>\n<meta name=\"author\" content=\"admin\" \/>\n<meta name=\"twitter:card\" content=\"summary_large_image\" \/>\n<meta name=\"twitter:label1\" content=\"Written by\" \/>\n\t<meta name=\"twitter:data1\" content=\"admin\" \/>\n\t<meta name=\"twitter:label2\" content=\"Est. reading time\" \/>\n\t<meta name=\"twitter:data2\" content=\"4 minutes\" \/>\n<script type=\"application\/ld+json\" class=\"yoast-schema-graph\">{\"@context\":\"https:\\\/\\\/schema.org\",\"@graph\":[{\"@type\":\"Article\",\"@id\":\"https:\\\/\\\/vengria.info\\\/?p=18133#article\",\"isPartOf\":{\"@id\":\"https:\\\/\\\/vengria.info\\\/?p=18133\"},\"author\":{\"name\":\"admin\",\"@id\":\"https:\\\/\\\/vengria.info\\\/#\\\/schema\\\/person\\\/b815b04a6b1fb36a2d064955a92f68d4\"},\"headline\":\"A milliomos kiz\u00e1r\u00f3lag a kezei alapj\u00e1n v\u00e1lasztotta ki leend\u0151 feles\u00e9g\u00e9t. Nem l\u00e1tta az arc\u00e1t, nem ismerte a nev\u00e9t vagy a csal\u00e1dj\u00e1t, \u00e9s fogalma sem volt, milyen \u00e9letet \u00e9lt. H\u00fasz n\u0151 k\u00f6z\u00fcl csak egyet v\u00e1lasztott.\",\"datePublished\":\"2026-09-01T09:50:07+00:00\",\"dateModified\":\"2026-09-01T09:50:09+00:00\",\"mainEntityOfPage\":{\"@id\":\"https:\\\/\\\/vengria.info\\\/?p=18133\"},\"wordCount\":1124,\"commentCount\":0,\"image\":{\"@id\":\"https:\\\/\\\/vengria.info\\\/?p=18133#primaryimage\"},\"thumbnailUrl\":\"https:\\\/\\\/vengria.info\\\/wp-content\\\/uploads\\\/2026\\\/09\\\/wazesxtfvgyu.jpg\",\"articleSection\":[\"NEWS\",\"VIDEO\"],\"inLanguage\":\"en-US\",\"potentialAction\":[{\"@type\":\"CommentAction\",\"name\":\"Comment\",\"target\":[\"https:\\\/\\\/vengria.info\\\/?p=18133#respond\"]}]},{\"@type\":\"WebPage\",\"@id\":\"https:\\\/\\\/vengria.info\\\/?p=18133\",\"url\":\"https:\\\/\\\/vengria.info\\\/?p=18133\",\"name\":\"A milliomos kiz\u00e1r\u00f3lag a kezei alapj\u00e1n v\u00e1lasztotta ki leend\u0151 feles\u00e9g\u00e9t. Nem l\u00e1tta az arc\u00e1t, nem ismerte a nev\u00e9t vagy a csal\u00e1dj\u00e1t, \u00e9s fogalma sem volt, milyen \u00e9letet \u00e9lt. H\u00fasz n\u0151 k\u00f6z\u00fcl csak egyet v\u00e1lasztott. -\",\"isPartOf\":{\"@id\":\"https:\\\/\\\/vengria.info\\\/#website\"},\"primaryImageOfPage\":{\"@id\":\"https:\\\/\\\/vengria.info\\\/?p=18133#primaryimage\"},\"image\":{\"@id\":\"https:\\\/\\\/vengria.info\\\/?p=18133#primaryimage\"},\"thumbnailUrl\":\"https:\\\/\\\/vengria.info\\\/wp-content\\\/uploads\\\/2026\\\/09\\\/wazesxtfvgyu.jpg\",\"datePublished\":\"2026-09-01T09:50:07+00:00\",\"dateModified\":\"2026-09-01T09:50:09+00:00\",\"author\":{\"@id\":\"https:\\\/\\\/vengria.info\\\/#\\\/schema\\\/person\\\/b815b04a6b1fb36a2d064955a92f68d4\"},\"breadcrumb\":{\"@id\":\"https:\\\/\\\/vengria.info\\\/?p=18133#breadcrumb\"},\"inLanguage\":\"en-US\",\"potentialAction\":[{\"@type\":\"ReadAction\",\"target\":[\"https:\\\/\\\/vengria.info\\\/?p=18133\"]}]},{\"@type\":\"ImageObject\",\"inLanguage\":\"en-US\",\"@id\":\"https:\\\/\\\/vengria.info\\\/?p=18133#primaryimage\",\"url\":\"https:\\\/\\\/vengria.info\\\/wp-content\\\/uploads\\\/2026\\\/09\\\/wazesxtfvgyu.jpg\",\"contentUrl\":\"https:\\\/\\\/vengria.info\\\/wp-content\\\/uploads\\\/2026\\\/09\\\/wazesxtfvgyu.jpg\",\"width\":800,\"height\":1334},{\"@type\":\"BreadcrumbList\",\"@id\":\"https:\\\/\\\/vengria.info\\\/?p=18133#breadcrumb\",\"itemListElement\":[{\"@type\":\"ListItem\",\"position\":1,\"name\":\"Home\",\"item\":\"https:\\\/\\\/vengria.info\\\/\"},{\"@type\":\"ListItem\",\"position\":2,\"name\":\"A milliomos kiz\u00e1r\u00f3lag a kezei alapj\u00e1n v\u00e1lasztotta ki leend\u0151 feles\u00e9g\u00e9t. Nem l\u00e1tta az arc\u00e1t, nem ismerte a nev\u00e9t vagy a csal\u00e1dj\u00e1t, \u00e9s fogalma sem volt, milyen \u00e9letet \u00e9lt. H\u00fasz n\u0151 k\u00f6z\u00fcl csak egyet v\u00e1lasztott.\"}]},{\"@type\":\"WebSite\",\"@id\":\"https:\\\/\\\/vengria.info\\\/#website\",\"url\":\"https:\\\/\\\/vengria.info\\\/\",\"name\":\"\",\"description\":\"\",\"potentialAction\":[{\"@type\":\"SearchAction\",\"target\":{\"@type\":\"EntryPoint\",\"urlTemplate\":\"https:\\\/\\\/vengria.info\\\/?s={search_term_string}\"},\"query-input\":{\"@type\":\"PropertyValueSpecification\",\"valueRequired\":true,\"valueName\":\"search_term_string\"}}],\"inLanguage\":\"en-US\"},{\"@type\":\"Person\",\"@id\":\"https:\\\/\\\/vengria.info\\\/#\\\/schema\\\/person\\\/b815b04a6b1fb36a2d064955a92f68d4\",\"name\":\"admin\",\"image\":{\"@type\":\"ImageObject\",\"inLanguage\":\"en-US\",\"@id\":\"https:\\\/\\\/secure.gravatar.com\\\/avatar\\\/a29bad30ab19883c48927f9ee55a40d0d1a0c3c343bcef70ad9a0a9cb421f0fa?s=96&d=mm&r=g\",\"url\":\"https:\\\/\\\/secure.gravatar.com\\\/avatar\\\/a29bad30ab19883c48927f9ee55a40d0d1a0c3c343bcef70ad9a0a9cb421f0fa?s=96&d=mm&r=g\",\"contentUrl\":\"https:\\\/\\\/secure.gravatar.com\\\/avatar\\\/a29bad30ab19883c48927f9ee55a40d0d1a0c3c343bcef70ad9a0a9cb421f0fa?s=96&d=mm&r=g\",\"caption\":\"admin\"},\"sameAs\":[\"http:\\\/\\\/vengria.info\"],\"url\":\"https:\\\/\\\/vengria.info\\\/?author=1\"}]}<\/script>\n<!-- \/ Yoast SEO plugin. -->","yoast_head_json":{"title":"A milliomos kiz\u00e1r\u00f3lag a kezei alapj\u00e1n v\u00e1lasztotta ki leend\u0151 feles\u00e9g\u00e9t. Nem l\u00e1tta az arc\u00e1t, nem ismerte a nev\u00e9t vagy a csal\u00e1dj\u00e1t, \u00e9s fogalma sem volt, milyen \u00e9letet \u00e9lt. H\u00fasz n\u0151 k\u00f6z\u00fcl csak egyet v\u00e1lasztott. -","robots":{"index":"index","follow":"follow","max-snippet":"max-snippet:-1","max-image-preview":"max-image-preview:large","max-video-preview":"max-video-preview:-1"},"canonical":"https:\/\/vengria.info\/?p=18133","og_locale":"en_US","og_type":"article","og_title":"A milliomos kiz\u00e1r\u00f3lag a kezei alapj\u00e1n v\u00e1lasztotta ki leend\u0151 feles\u00e9g\u00e9t. Nem l\u00e1tta az arc\u00e1t, nem ismerte a nev\u00e9t vagy a csal\u00e1dj\u00e1t, \u00e9s fogalma sem volt, milyen \u00e9letet \u00e9lt. H\u00fasz n\u0151 k\u00f6z\u00fcl csak egyet v\u00e1lasztott. -","og_description":"Amikor azonban v\u00e9gre levett\u00e9k a feh\u00e9r leped\u0151t a fej\u00e9r\u0151l, a f\u00e9rfi els\u00e1padt, \u00e9s n\u00e9h\u00e1ny m\u00e1sodpercig k\u00e9ptelen volt megsz\u00f3lalni. Mert az el\u0151tte megjelen\u0151 arc","og_url":"https:\/\/vengria.info\/?p=18133","article_published_time":"2026-09-01T09:50:07+00:00","article_modified_time":"2026-09-01T09:50:09+00:00","og_image":[{"width":800,"height":1334,"url":"https:\/\/vengria.info\/wp-content\/uploads\/2026\/09\/wazesxtfvgyu.jpg","type":"image\/jpeg"}],"author":"admin","twitter_card":"summary_large_image","twitter_misc":{"Written by":"admin","Est. reading time":"4 minutes"},"schema":{"@context":"https:\/\/schema.org","@graph":[{"@type":"Article","@id":"https:\/\/vengria.info\/?p=18133#article","isPartOf":{"@id":"https:\/\/vengria.info\/?p=18133"},"author":{"name":"admin","@id":"https:\/\/vengria.info\/#\/schema\/person\/b815b04a6b1fb36a2d064955a92f68d4"},"headline":"A milliomos kiz\u00e1r\u00f3lag a kezei alapj\u00e1n v\u00e1lasztotta ki leend\u0151 feles\u00e9g\u00e9t. Nem l\u00e1tta az arc\u00e1t, nem ismerte a nev\u00e9t vagy a csal\u00e1dj\u00e1t, \u00e9s fogalma sem volt, milyen \u00e9letet \u00e9lt. H\u00fasz n\u0151 k\u00f6z\u00fcl csak egyet v\u00e1lasztott.","datePublished":"2026-09-01T09:50:07+00:00","dateModified":"2026-09-01T09:50:09+00:00","mainEntityOfPage":{"@id":"https:\/\/vengria.info\/?p=18133"},"wordCount":1124,"commentCount":0,"image":{"@id":"https:\/\/vengria.info\/?p=18133#primaryimage"},"thumbnailUrl":"https:\/\/vengria.info\/wp-content\/uploads\/2026\/09\/wazesxtfvgyu.jpg","articleSection":["NEWS","VIDEO"],"inLanguage":"en-US","potentialAction":[{"@type":"CommentAction","name":"Comment","target":["https:\/\/vengria.info\/?p=18133#respond"]}]},{"@type":"WebPage","@id":"https:\/\/vengria.info\/?p=18133","url":"https:\/\/vengria.info\/?p=18133","name":"A milliomos kiz\u00e1r\u00f3lag a kezei alapj\u00e1n v\u00e1lasztotta ki leend\u0151 feles\u00e9g\u00e9t. Nem l\u00e1tta az arc\u00e1t, nem ismerte a nev\u00e9t vagy a csal\u00e1dj\u00e1t, \u00e9s fogalma sem volt, milyen \u00e9letet \u00e9lt. H\u00fasz n\u0151 k\u00f6z\u00fcl csak egyet v\u00e1lasztott. -","isPartOf":{"@id":"https:\/\/vengria.info\/#website"},"primaryImageOfPage":{"@id":"https:\/\/vengria.info\/?p=18133#primaryimage"},"image":{"@id":"https:\/\/vengria.info\/?p=18133#primaryimage"},"thumbnailUrl":"https:\/\/vengria.info\/wp-content\/uploads\/2026\/09\/wazesxtfvgyu.jpg","datePublished":"2026-09-01T09:50:07+00:00","dateModified":"2026-09-01T09:50:09+00:00","author":{"@id":"https:\/\/vengria.info\/#\/schema\/person\/b815b04a6b1fb36a2d064955a92f68d4"},"breadcrumb":{"@id":"https:\/\/vengria.info\/?p=18133#breadcrumb"},"inLanguage":"en-US","potentialAction":[{"@type":"ReadAction","target":["https:\/\/vengria.info\/?p=18133"]}]},{"@type":"ImageObject","inLanguage":"en-US","@id":"https:\/\/vengria.info\/?p=18133#primaryimage","url":"https:\/\/vengria.info\/wp-content\/uploads\/2026\/09\/wazesxtfvgyu.jpg","contentUrl":"https:\/\/vengria.info\/wp-content\/uploads\/2026\/09\/wazesxtfvgyu.jpg","width":800,"height":1334},{"@type":"BreadcrumbList","@id":"https:\/\/vengria.info\/?p=18133#breadcrumb","itemListElement":[{"@type":"ListItem","position":1,"name":"Home","item":"https:\/\/vengria.info\/"},{"@type":"ListItem","position":2,"name":"A milliomos kiz\u00e1r\u00f3lag a kezei alapj\u00e1n v\u00e1lasztotta ki leend\u0151 feles\u00e9g\u00e9t. Nem l\u00e1tta az arc\u00e1t, nem ismerte a nev\u00e9t vagy a csal\u00e1dj\u00e1t, \u00e9s fogalma sem volt, milyen \u00e9letet \u00e9lt. H\u00fasz n\u0151 k\u00f6z\u00fcl csak egyet v\u00e1lasztott."}]},{"@type":"WebSite","@id":"https:\/\/vengria.info\/#website","url":"https:\/\/vengria.info\/","name":"","description":"","potentialAction":[{"@type":"SearchAction","target":{"@type":"EntryPoint","urlTemplate":"https:\/\/vengria.info\/?s={search_term_string}"},"query-input":{"@type":"PropertyValueSpecification","valueRequired":true,"valueName":"search_term_string"}}],"inLanguage":"en-US"},{"@type":"Person","@id":"https:\/\/vengria.info\/#\/schema\/person\/b815b04a6b1fb36a2d064955a92f68d4","name":"admin","image":{"@type":"ImageObject","inLanguage":"en-US","@id":"https:\/\/secure.gravatar.com\/avatar\/a29bad30ab19883c48927f9ee55a40d0d1a0c3c343bcef70ad9a0a9cb421f0fa?s=96&d=mm&r=g","url":"https:\/\/secure.gravatar.com\/avatar\/a29bad30ab19883c48927f9ee55a40d0d1a0c3c343bcef70ad9a0a9cb421f0fa?s=96&d=mm&r=g","contentUrl":"https:\/\/secure.gravatar.com\/avatar\/a29bad30ab19883c48927f9ee55a40d0d1a0c3c343bcef70ad9a0a9cb421f0fa?s=96&d=mm&r=g","caption":"admin"},"sameAs":["http:\/\/vengria.info"],"url":"https:\/\/vengria.info\/?author=1"}]}},"_links":{"self":[{"href":"https:\/\/vengria.info\/index.php?rest_route=\/wp\/v2\/posts\/18133","targetHints":{"allow":["GET"]}}],"collection":[{"href":"https:\/\/vengria.info\/index.php?rest_route=\/wp\/v2\/posts"}],"about":[{"href":"https:\/\/vengria.info\/index.php?rest_route=\/wp\/v2\/types\/post"}],"author":[{"embeddable":true,"href":"https:\/\/vengria.info\/index.php?rest_route=\/wp\/v2\/users\/1"}],"replies":[{"embeddable":true,"href":"https:\/\/vengria.info\/index.php?rest_route=%2Fwp%2Fv2%2Fcomments&post=18133"}],"version-history":[{"count":1,"href":"https:\/\/vengria.info\/index.php?rest_route=\/wp\/v2\/posts\/18133\/revisions"}],"predecessor-version":[{"id":18137,"href":"https:\/\/vengria.info\/index.php?rest_route=\/wp\/v2\/posts\/18133\/revisions\/18137"}],"wp:featuredmedia":[{"embeddable":true,"href":"https:\/\/vengria.info\/index.php?rest_route=\/wp\/v2\/media\/18135"}],"wp:attachment":[{"href":"https:\/\/vengria.info\/index.php?rest_route=%2Fwp%2Fv2%2Fmedia&parent=18133"}],"wp:term":[{"taxonomy":"category","embeddable":true,"href":"https:\/\/vengria.info\/index.php?rest_route=%2Fwp%2Fv2%2Fcategories&post=18133"},{"taxonomy":"post_tag","embeddable":true,"href":"https:\/\/vengria.info\/index.php?rest_route=%2Fwp%2Fv2%2Ftags&post=18133"}],"curies":[{"name":"wp","href":"https:\/\/api.w.org\/{rel}","templated":true}]}}