{"id":18125,"date":"2026-09-01T09:43:45","date_gmt":"2026-09-01T09:43:45","guid":{"rendered":"https:\/\/vengria.info\/?p=18125"},"modified":"2026-09-01T09:43:47","modified_gmt":"2026-09-01T09:43:47","slug":"a-kiraly-egy-nehez-vassisakot-huzatott-hateves-lanya-fejere-es-egy-regi-kulccsal-bezarta-attol-a-naptol-kezdve-az-egesz-kiralysagban-senki-sem-lathatta-az-arcat-a-kiraly-azt-allitotta-hogy-a-sisak","status":"publish","type":"post","link":"https:\/\/vengria.info\/?p=18125","title":{"rendered":"A kir\u00e1ly egy neh\u00e9z vassisakot h\u00fazatott hat\u00e9ves l\u00e1nya fej\u00e9re, \u00e9s egy r\u00e9gi kulccsal bez\u00e1rta. Att\u00f3l a napt\u00f3l kezdve az eg\u00e9sz kir\u00e1lys\u00e1gban senki sem l\u00e1thatta az arc\u00e1t. A kir\u00e1ly azt \u00e1ll\u00edtotta, hogy a sisakot csak az esk\u00fcv\u0151je napj\u00e1n veszik le."},"content":{"rendered":"\n<p class=\"wp-block-paragraph\">Azonban senkinek sem volt fogalma, mi\u00e9rt kell a kis hercegn\u0151nek \u00edgy \u00e9lnie.<\/p>\n\n\n\n<p class=\"wp-block-paragraph\">Amikor Elina hat\u00e9ves volt, valami t\u00f6rt\u00e9nt a kir\u00e1lyi palot\u00e1ban, amir\u0151l \u00e9vtizedekig suttogtak. Egy hideg reggelen a kir\u00e1ly \u00f6sszeh\u00edvta az eg\u00e9sz kir\u00e1lys\u00e1g legjobb kov\u00e1csait \u00e9s \u00e1csait. Egyik\u00fck sem tudta, mit kell k\u00e9sz\u00edtenie. Csak szigor\u00fa utas\u00edt\u00e1sokat kaptak, \u00e9s megtiltott\u00e1k nekik, hogy k\u00e9rd\u00e9seket tegyenek fel.<\/p>\n\n\n\n<p class=\"wp-block-paragraph\">N\u00e9h\u00e1ny napig z\u00e1rt ajt\u00f3k m\u00f6g\u00f6tt dolgoztak.<\/p>\n\n\n\n<p class=\"wp-block-paragraph\">V\u00e9g\u00fcl egy furcsa szerkezetet hoztak l\u00e9tre. F\u00e9lig f\u00e1b\u00f3l, f\u00e9lig vasb\u00f3l k\u00e9sz\u00fclt. Egy sisakra hasonl\u00edtott, de sokkal nagyobb \u00e9s nehezebb volt. Az eg\u00e9sz fejet befedte, \u00e9s oldalain sz\u00e1mos f\u00e9mer\u0151s\u00edt\u00e9s volt. Csak k\u00e9t keskeny r\u00e9s maradt a szemeknek \u00e9s egy kis ny\u00edl\u00e1s a sz\u00e1jnak, hogy a hercegn\u0151 ehessen \u00e9s ihasson.<\/p>\n\n\n\n<p class=\"wp-block-paragraph\">H\u00e1tul egy hatalmas z\u00e1r volt.<\/p>\n\n\n\n<p class=\"wp-block-paragraph\">Aznap este maga a kir\u00e1ly l\u00e9pett be l\u00e1nya szob\u00e1j\u00e1ba. Elina el\u0151sz\u00f6r r\u00e1mosolygott, azt gondolva, hogy valami \u00faj j\u00e1t\u00e9kot hoz neki. De hamarosan r\u00e1j\u00f6tt, hogy ez\u00fattal minden m\u00e1s.<\/p>\n\n\n\n<p class=\"wp-block-paragraph\">A kir\u00e1ly a fej\u00e9re tette a sisakot.<\/p>\n\n\n\n<p class=\"wp-block-paragraph\">Azt\u00e1n bez\u00e1rta.<\/p>\n\n\n\n<p class=\"wp-block-paragraph\">A kulcsot egy l\u00e1ncon a nyak\u00e1ba akasztotta.<\/p>\n\n\n\n<p class=\"wp-block-paragraph\">\u201eAty\u00e1m, mi\u00e9rt?\u201d \u2013 k\u00e9rdezte a megijedt l\u00e1ny.<\/p>\n\n\n\n<p class=\"wp-block-paragraph\">A kir\u00e1ly nem v\u00e1laszolt neki.<\/p>\n\n\n\n<p class=\"wp-block-paragraph\">Az igazs\u00e1got csak a kir\u00e1lyn\u00e9 tudta. N\u00e9h\u00e1ny h\u00f3nappal k\u00e9s\u0151bb azonban s\u00falyosan megbetegedett. Miel\u0151tt elmagyar\u00e1zhatta volna l\u00e1ny\u00e1nak vagy b\u00e1rki m\u00e1snak, mi\u00e9rt hozott ilyen sz\u00f6rny\u0171 d\u00f6nt\u00e9st a kir\u00e1ly, meghalt.<\/p>\n\n\n\n<p class=\"wp-block-paragraph\">\u00c9s vele egy\u00fctt meghalt a titok is.<\/p>\n\n\n\n<p class=\"wp-block-paragraph\">Att\u00f3l a pillanatt\u00f3l kezdve Elin\u00e1nak soha nem volt szabad levennie a sisakj\u00e1t.<\/p>\n\n\n\n<p class=\"wp-block-paragraph\">\u00c9vek teltek el, \u00e9s a kisl\u00e1nyb\u00f3l fiatal n\u0151 lett. De a palot\u00e1ban senki sem tudta, hogy val\u00f3j\u00e1ban hogyan n\u00e9z ki.<\/p>\n\n\n\n<p class=\"wp-block-paragraph\">Z\u00e1rt ajt\u00f3k m\u00f6g\u00f6tt pletyk\u00e1k kezdtek terjedni.<\/p>\n\n\n\n<p class=\"wp-block-paragraph\">Voltak, akik azt \u00e1ll\u00edtott\u00e1k, hogy a hercegn\u0151 s\u00falyos torzs\u00e1ggal sz\u00fcletett, \u00e9s hogy a kir\u00e1ly sz\u00e9gyelli \u0151t. M\u00e1sok \u00fagy hitt\u00e9k, hogy egy \u0151si \u00e1tok nyugszik az arc\u00e1n. Egyesek azt is \u00e1ll\u00edtott\u00e1k, hogy a kir\u00e1ly egy napon valami olyan r\u00e9miszt\u0151t l\u00e1tott az arc\u00e1n, hogy \u00f6r\u00f6kre elrejtette az alakj\u00e1t.<\/p>\n\n\n\n<p class=\"wp-block-paragraph\">De egyik\u00fck sem tudta az igazs\u00e1got.<\/p>\n\n\n\n<p class=\"wp-block-paragraph\">A szolg\u00e1k ker\u00fclt\u00e9k Elin\u00e1t. Amikor v\u00e9gigs\u00e9t\u00e1lt a folyos\u00f3n, a besz\u00e9lget\u00e9sek azonnal elcsendesedtek. Senki sem n\u00e9zett k\u00f6zvetlen\u00fcl a szem\u00e9be, mert mindenki att\u00f3l f\u00e9lt, hogy egyetlen pillant\u00e1s az \u00e1ll\u00e1s\u00e1ba, vagy ak\u00e1r az \u00e9let\u00e9be is ker\u00fclhet.<\/p>\n\n\n\n<p class=\"wp-block-paragraph\">Elina fokozatosan visszah\u00faz\u00f3dott mag\u00e1ba.<\/p>\n\n\n\n<p class=\"wp-block-paragraph\">Ritk\u00e1n hagyta el a szob\u00e1it. Nem voltak bar\u00e1tai, \u00e9s ritk\u00e1n besz\u00e9lt. Az egyetlen hely, ahol szabadnak \u00e9rezte mag\u00e1t, a r\u00e9gi terem volt a zongor\u00e1val.<\/p>\n\n\n\n<p class=\"wp-block-paragraph\">Gyakran j\u00e1rt oda k\u00e9s\u0151 este.<\/p>\n\n\n\n<p class=\"wp-block-paragraph\">Le\u00fclt a billenty\u0171zethez, \u00e9s j\u00e1tszott.<\/p>\n\n\n\n<p class=\"wp-block-paragraph\">Zen\u00e9je visszhangzott az \u00fcres palot\u00e1ban, \u00e9s akik a folyos\u00f3kr\u00f3l hallott\u00e1k, azt mondt\u00e1k, hogy dallamai hihetetlen\u00fcl szomor\u00faak. Mintha a l\u00e1ny a zen\u00e9n kereszt\u00fcl mondan\u00e1 el mindazt, amit szavakkal nem tudott elmondani.<\/p>\n\n\n\n<p class=\"wp-block-paragraph\">K\u00f6zben a kir\u00e1ly egyre id\u0151sebb lett.<\/p>\n\n\n\n<p class=\"wp-block-paragraph\">T\u00f6bbsz\u00f6r is megpr\u00f3b\u00e1lta valaki kider\u00edteni, mi rejt\u0151zik a sisak alatt. Egy kov\u00e1cs titokban megpr\u00f3b\u00e1lta lem\u00e1solni a kulcsot. A kir\u00e1ly r\u00e1j\u00f6tt, \u00e9s a f\u00e9rfit azonnal sz\u00e1m\u0171zt\u00e9k az orsz\u00e1gb\u00f3l.<\/p>\n\n\n\n<p class=\"wp-block-paragraph\">Egy m\u00e1sik szolga egyszer megpr\u00f3b\u00e1lta felemelni a sisakot \u00e9jszaka, amikor a hercegn\u0151 elaludt egy sz\u00e9ken a kandall\u00f3 mellett. M\u00e1snap m\u00e1r nem volt a palot\u00e1ban.<\/p>\n\n\n\n<p class=\"wp-block-paragraph\">Ezek ut\u00e1n mindenki abbahagyta a k\u00e9rdez\u0151sk\u00f6d\u00e9st.<\/p>\n\n\n\n<p class=\"wp-block-paragraph\">A kir\u00e1ly csak ugyanazt a mondatot ism\u00e9telgette:<\/p>\n\n\n\n<p class=\"wp-block-paragraph\">\u201eLeveszem r\u00f3la a sisakot az esk\u00fcv\u0151je napj\u00e1n.\u201d<\/p>\n\n\n\n<p class=\"wp-block-paragraph\">De v\u0151leg\u00e9ny nem j\u00f6tt.<\/p>\n\n\n\n<p class=\"wp-block-paragraph\">A k\u00f6rnyez\u0151 kir\u00e1lys\u00e1gok hercegei hallottak Elin\u00e1r\u00f3l. N\u00e9h\u00e1nyan elj\u00f6ttek a palot\u00e1ba, de amint r\u00e1j\u00f6ttek, hogy soha nem l\u00e1tj\u00e1k a menyasszony arc\u00e1t az esk\u00fcv\u0151 el\u0151tt, azonnal elmentek.<\/p>\n\n\n\n<p class=\"wp-block-paragraph\">M\u00e1sok ny\u00edltan g\u00fanyol\u00f3dtak azon a gondolaton, hogy egy olyan n\u0151vel h\u00e1zasodjanak \u00f6ssze, akinek a k\u00fclsej\u00e9r\u0151l semmit sem tudtak.<\/p>\n\n\n\n<p class=\"wp-block-paragraph\">Ek\u00f6zben a kir\u00e1ly egyre jobban agg\u00f3dott a j\u00f6v\u0151 miatt. Elina volt az egyetlen gyermeke \u00e9s a tr\u00f3n egyetlen \u00f6r\u00f6k\u00f6se.<\/p>\n\n\n\n<p class=\"wp-block-paragraph\">Azt\u00e1n egy napon egy Richard nev\u0171 fiatal herceg jelent meg a kir\u00e1lys\u00e1g kapuj\u00e1ban.<\/p>\n\n\n\n<p class=\"wp-block-paragraph\">Nem volt gazdag. Apja egy kicsi \u00e9s szeg\u00e9ny ter\u00fcletet uralkodott, amelyen csak n\u00e9h\u00e1ny v\u00e1ros volt. Rich\u00e1rdnak nem volt nagy serege vagy hatalmas kincsei.<\/p>\n\n\n\n<figure class=\"wp-block-image size-large\"><img loading=\"lazy\" decoding=\"async\" width=\"662\" height=\"1024\" src=\"https:\/\/vengria.info\/wp-content\/uploads\/2026\/09\/adszxwdaszxwaszx-662x1024.jpg\" alt=\"\" class=\"wp-image-18127\" srcset=\"https:\/\/vengria.info\/wp-content\/uploads\/2026\/09\/adszxwdaszxwaszx-662x1024.jpg 662w, https:\/\/vengria.info\/wp-content\/uploads\/2026\/09\/adszxwdaszxwaszx-194x300.jpg 194w, https:\/\/vengria.info\/wp-content\/uploads\/2026\/09\/adszxwdaszxwaszx-768x1188.jpg 768w, https:\/\/vengria.info\/wp-content\/uploads\/2026\/09\/adszxwdaszxwaszx.jpg 832w\" sizes=\"auto, (max-width: 662px) 100vw, 662px\" \/><\/figure>\n\n\n\n<p class=\"wp-block-paragraph\">Amikor hallott a vassisakos hercegn\u0151r\u0151l, nem ment el.<\/p>\n\n\n\n<p class=\"wp-block-paragraph\">\u00c9pp ellenkez\u0151leg, l\u00e1tni akarta a kir\u00e1lyt.<\/p>\n\n\n\n<p class=\"wp-block-paragraph\">\u201eFeles\u00e9g\u00fcl akarom venni a l\u00e1nyodat\u201d \u2013 mondta.<\/p>\n\n\n\n<p class=\"wp-block-paragraph\">A kir\u00e1ly sok\u00e1ig n\u00e9zte.<\/p>\n\n\n\n<p class=\"wp-block-paragraph\">\u201eM\u00e9g azt sem tudod, hogy n\u00e9z ki.\u201d<\/p>\n\n\n\n<p class=\"wp-block-paragraph\">Rich\u00e1rd elmosolyodott.<\/p>\n\n\n\n<p class=\"wp-block-paragraph\">\u201eEz igaz.\u201d<\/p>\n\n\n\n<p class=\"wp-block-paragraph\">\u201e\u00c9s m\u00e9gis \u0151t akarod?\u201d<\/p>\n\n\n\n<p class=\"wp-block-paragraph\">\u201eNem az arc\u00e1t akarom feles\u00e9g\u00fcl venni. Tal\u00e1lkozni akarok azzal a f\u00e9rfival, aki eg\u00e9sz \u00e9let\u00e9t a sisak m\u00f6g\u00f6tt \u00e9lte le.\u201d<\/p>\n\n\n\n<p class=\"wp-block-paragraph\">A h\u00edr \u00f3r\u00e1kon bel\u00fcl elterjedt a kir\u00e1lys\u00e1gban.<\/p>\n\n\n\n<p class=\"wp-block-paragraph\">Az emberek nem hitt\u00e9k el.<\/p>\n\n\n\n<p class=\"wp-block-paragraph\">Voltak, akik azt \u00e1ll\u00edtott\u00e1k, hogy Rich\u00e1rd a tr\u00f3nt akarja. M\u00e1sok meg voltak gy\u0151z\u0151dve arr\u00f3l, hogy \u0151r\u00fclt. Megint m\u00e1sok arra sz\u00e1m\u00edtottak, hogy elsz\u00f6kik a szertart\u00e1s alatt, amikor v\u00e9gre megl\u00e1tja a hercegn\u0151 arc\u00e1t.<\/p>\n\n\n\n<p class=\"wp-block-paragraph\">Az esk\u00fcv\u0151t a tavasz els\u0151 napj\u00e1ra t\u0171zt\u00e9k ki.<\/p>\n\n\n\n<p class=\"wp-block-paragraph\">A sz\u00e9kesegyh\u00e1z zs\u00fafol\u00e1sig megtelt. Nemesek, katon\u00e1k, keresked\u0151k \u00e9s k\u00f6zemberek \u00e9rkeztek. De senki sem csak az esk\u00fcv\u0151 miatt j\u00f6tt.<\/p>\n\n\n\n<p class=\"wp-block-paragraph\">Mindenki egyetlen pillanatra v\u00e1rt.<\/p>\n\n\n\n<p class=\"wp-block-paragraph\">Hogy kiny\u00edljon a sisak.<\/p>\n\n\n\n<p class=\"wp-block-paragraph\">Ahogy a katedr\u00e1lis hatalmas kapui kiny\u00edltak, csend borult a teremre.<\/p>\n\n\n\n<p class=\"wp-block-paragraph\">Elina l\u00e9pett be apja oldal\u00e1n.<\/p>\n\n\n\n<p class=\"wp-block-paragraph\">Gy\u00f6ny\u00f6r\u0171 feh\u00e9r ruh\u00e1t viselt, amelynek ez\u00fcst h\u00edmz\u00e9se t\u00f6bb sz\u00e1z gyertya f\u00e9ny\u00e9ben csillogott. Minden rajta igazi hercegn\u0151nek t\u0171nt.<\/p>\n\n\n\n<p class=\"wp-block-paragraph\">Csak a feje rejt\u0151z\u00f6tt m\u00e9g mindig ugyanaz a neh\u00e9z vassisak alatt.<\/p>\n\n\n\n<p class=\"wp-block-paragraph\">Richard r\u00e1n\u00e9zett.<\/p>\n\n\n\n<p class=\"wp-block-paragraph\">\u00c9s b\u00e1r ideges volt, egy l\u00e9p\u00e9st sem h\u00e1tr\u00e1lt.<\/p>\n\n\n\n<p class=\"wp-block-paragraph\">A szertart\u00e1s elkezd\u0151d\u00f6tt.<\/p>\n\n\n\n<p class=\"wp-block-paragraph\">A pap kimondta az els\u0151 szavakat. Azt\u00e1n m\u00e9g t\u00f6bbet.<\/p>\n\n\n\n<p class=\"wp-block-paragraph\">V\u00e9g\u00fcl a kir\u00e1lyhoz fordult.<\/p>\n\n\n\n<p class=\"wp-block-paragraph\">\u201eElj\u00f6tt az id\u0151.\u201d<\/p>\n\n\n\n<p class=\"wp-block-paragraph\">Az \u00f6regember<\/p>\n\n\n\n<p class=\"wp-block-paragraph\"><\/p>\n","protected":false},"excerpt":{"rendered":"Azonban senkinek sem volt fogalma, mi\u00e9rt kell a kis hercegn\u0151nek \u00edgy \u00e9lnie. Amikor Elina hat\u00e9ves volt, valami t\u00f6rt\u00e9nt a kir\u00e1lyi palot\u00e1ban, amir\u0151l \u00e9vtizedekig \n<a class=\"moretag\" href=\"https:\/\/vengria.info\/?p=18125\"> [...]<\/a>","protected":false},"author":1,"featured_media":18127,"comment_status":"open","ping_status":"open","sticky":false,"template":"","format":"standard","meta":{"footnotes":""},"categories":[1,2],"tags":[],"class_list":["post-18125","post","type-post","status-publish","format-standard","has-post-thumbnail","hentry","category-news","category-video"],"yoast_head":"<!-- This site is optimized with the Yoast SEO plugin v28.3 - https:\/\/yoast.com\/product\/yoast-seo-wordpress\/ -->\n<title>A kir\u00e1ly egy neh\u00e9z vassisakot h\u00fazatott hat\u00e9ves l\u00e1nya fej\u00e9re, \u00e9s egy r\u00e9gi kulccsal bez\u00e1rta. Att\u00f3l a napt\u00f3l kezdve az eg\u00e9sz kir\u00e1lys\u00e1gban senki sem l\u00e1thatta az arc\u00e1t. A kir\u00e1ly azt \u00e1ll\u00edtotta, hogy a sisakot csak az esk\u00fcv\u0151je napj\u00e1n veszik le. -<\/title>\n<meta name=\"robots\" content=\"index, follow, max-snippet:-1, max-image-preview:large, max-video-preview:-1\" \/>\n<link rel=\"canonical\" href=\"https:\/\/vengria.info\/?p=18125\" \/>\n<meta property=\"og:locale\" content=\"en_US\" \/>\n<meta property=\"og:type\" content=\"article\" \/>\n<meta property=\"og:title\" content=\"A kir\u00e1ly egy neh\u00e9z vassisakot h\u00fazatott hat\u00e9ves l\u00e1nya fej\u00e9re, \u00e9s egy r\u00e9gi kulccsal bez\u00e1rta. Att\u00f3l a napt\u00f3l kezdve az eg\u00e9sz kir\u00e1lys\u00e1gban senki sem l\u00e1thatta az arc\u00e1t. A kir\u00e1ly azt \u00e1ll\u00edtotta, hogy a sisakot csak az esk\u00fcv\u0151je napj\u00e1n veszik le. -\" \/>\n<meta property=\"og:description\" content=\"Azonban senkinek sem volt fogalma, mi\u00e9rt kell a kis hercegn\u0151nek \u00edgy \u00e9lnie. Amikor Elina hat\u00e9ves volt, valami t\u00f6rt\u00e9nt a kir\u00e1lyi palot\u00e1ban, amir\u0151l \u00e9vtizedekig\" \/>\n<meta property=\"og:url\" content=\"https:\/\/vengria.info\/?p=18125\" \/>\n<meta property=\"article:published_time\" content=\"2026-09-01T09:43:45+00:00\" \/>\n<meta property=\"article:modified_time\" content=\"2026-09-01T09:43:47+00:00\" \/>\n<meta property=\"og:image\" content=\"https:\/\/vengria.info\/wp-content\/uploads\/2026\/09\/adszxwdaszxwaszx.jpg\" \/>\n\t<meta property=\"og:image:width\" content=\"832\" \/>\n\t<meta property=\"og:image:height\" content=\"1287\" \/>\n\t<meta property=\"og:image:type\" content=\"image\/jpeg\" \/>\n<meta name=\"author\" content=\"admin\" \/>\n<meta name=\"twitter:card\" content=\"summary_large_image\" \/>\n<meta name=\"twitter:label1\" content=\"Written by\" \/>\n\t<meta name=\"twitter:data1\" content=\"admin\" \/>\n\t<meta name=\"twitter:label2\" content=\"Est. reading time\" \/>\n\t<meta name=\"twitter:data2\" content=\"4 minutes\" \/>\n<script type=\"application\/ld+json\" class=\"yoast-schema-graph\">{\"@context\":\"https:\\\/\\\/schema.org\",\"@graph\":[{\"@type\":\"Article\",\"@id\":\"https:\\\/\\\/vengria.info\\\/?p=18125#article\",\"isPartOf\":{\"@id\":\"https:\\\/\\\/vengria.info\\\/?p=18125\"},\"author\":{\"name\":\"admin\",\"@id\":\"https:\\\/\\\/vengria.info\\\/#\\\/schema\\\/person\\\/b815b04a6b1fb36a2d064955a92f68d4\"},\"headline\":\"A kir\u00e1ly egy neh\u00e9z vassisakot h\u00fazatott hat\u00e9ves l\u00e1nya fej\u00e9re, \u00e9s egy r\u00e9gi kulccsal bez\u00e1rta. Att\u00f3l a napt\u00f3l kezdve az eg\u00e9sz kir\u00e1lys\u00e1gban senki sem l\u00e1thatta az arc\u00e1t. A kir\u00e1ly azt \u00e1ll\u00edtotta, hogy a sisakot csak az esk\u00fcv\u0151je napj\u00e1n veszik le.\",\"datePublished\":\"2026-09-01T09:43:45+00:00\",\"dateModified\":\"2026-09-01T09:43:47+00:00\",\"mainEntityOfPage\":{\"@id\":\"https:\\\/\\\/vengria.info\\\/?p=18125\"},\"wordCount\":1208,\"commentCount\":0,\"image\":{\"@id\":\"https:\\\/\\\/vengria.info\\\/?p=18125#primaryimage\"},\"thumbnailUrl\":\"https:\\\/\\\/vengria.info\\\/wp-content\\\/uploads\\\/2026\\\/09\\\/adszxwdaszxwaszx.jpg\",\"articleSection\":[\"NEWS\",\"VIDEO\"],\"inLanguage\":\"en-US\",\"potentialAction\":[{\"@type\":\"CommentAction\",\"name\":\"Comment\",\"target\":[\"https:\\\/\\\/vengria.info\\\/?p=18125#respond\"]}]},{\"@type\":\"WebPage\",\"@id\":\"https:\\\/\\\/vengria.info\\\/?p=18125\",\"url\":\"https:\\\/\\\/vengria.info\\\/?p=18125\",\"name\":\"A kir\u00e1ly egy neh\u00e9z vassisakot h\u00fazatott hat\u00e9ves l\u00e1nya fej\u00e9re, \u00e9s egy r\u00e9gi kulccsal bez\u00e1rta. Att\u00f3l a napt\u00f3l kezdve az eg\u00e9sz kir\u00e1lys\u00e1gban senki sem l\u00e1thatta az arc\u00e1t. A kir\u00e1ly azt \u00e1ll\u00edtotta, hogy a sisakot csak az esk\u00fcv\u0151je napj\u00e1n veszik le. -\",\"isPartOf\":{\"@id\":\"https:\\\/\\\/vengria.info\\\/#website\"},\"primaryImageOfPage\":{\"@id\":\"https:\\\/\\\/vengria.info\\\/?p=18125#primaryimage\"},\"image\":{\"@id\":\"https:\\\/\\\/vengria.info\\\/?p=18125#primaryimage\"},\"thumbnailUrl\":\"https:\\\/\\\/vengria.info\\\/wp-content\\\/uploads\\\/2026\\\/09\\\/adszxwdaszxwaszx.jpg\",\"datePublished\":\"2026-09-01T09:43:45+00:00\",\"dateModified\":\"2026-09-01T09:43:47+00:00\",\"author\":{\"@id\":\"https:\\\/\\\/vengria.info\\\/#\\\/schema\\\/person\\\/b815b04a6b1fb36a2d064955a92f68d4\"},\"breadcrumb\":{\"@id\":\"https:\\\/\\\/vengria.info\\\/?p=18125#breadcrumb\"},\"inLanguage\":\"en-US\",\"potentialAction\":[{\"@type\":\"ReadAction\",\"target\":[\"https:\\\/\\\/vengria.info\\\/?p=18125\"]}]},{\"@type\":\"ImageObject\",\"inLanguage\":\"en-US\",\"@id\":\"https:\\\/\\\/vengria.info\\\/?p=18125#primaryimage\",\"url\":\"https:\\\/\\\/vengria.info\\\/wp-content\\\/uploads\\\/2026\\\/09\\\/adszxwdaszxwaszx.jpg\",\"contentUrl\":\"https:\\\/\\\/vengria.info\\\/wp-content\\\/uploads\\\/2026\\\/09\\\/adszxwdaszxwaszx.jpg\",\"width\":832,\"height\":1287},{\"@type\":\"BreadcrumbList\",\"@id\":\"https:\\\/\\\/vengria.info\\\/?p=18125#breadcrumb\",\"itemListElement\":[{\"@type\":\"ListItem\",\"position\":1,\"name\":\"Home\",\"item\":\"https:\\\/\\\/vengria.info\\\/\"},{\"@type\":\"ListItem\",\"position\":2,\"name\":\"A kir\u00e1ly egy neh\u00e9z vassisakot h\u00fazatott hat\u00e9ves l\u00e1nya fej\u00e9re, \u00e9s egy r\u00e9gi kulccsal bez\u00e1rta. Att\u00f3l a napt\u00f3l kezdve az eg\u00e9sz kir\u00e1lys\u00e1gban senki sem l\u00e1thatta az arc\u00e1t. A kir\u00e1ly azt \u00e1ll\u00edtotta, hogy a sisakot csak az esk\u00fcv\u0151je napj\u00e1n veszik le.\"}]},{\"@type\":\"WebSite\",\"@id\":\"https:\\\/\\\/vengria.info\\\/#website\",\"url\":\"https:\\\/\\\/vengria.info\\\/\",\"name\":\"\",\"description\":\"\",\"potentialAction\":[{\"@type\":\"SearchAction\",\"target\":{\"@type\":\"EntryPoint\",\"urlTemplate\":\"https:\\\/\\\/vengria.info\\\/?s={search_term_string}\"},\"query-input\":{\"@type\":\"PropertyValueSpecification\",\"valueRequired\":true,\"valueName\":\"search_term_string\"}}],\"inLanguage\":\"en-US\"},{\"@type\":\"Person\",\"@id\":\"https:\\\/\\\/vengria.info\\\/#\\\/schema\\\/person\\\/b815b04a6b1fb36a2d064955a92f68d4\",\"name\":\"admin\",\"image\":{\"@type\":\"ImageObject\",\"inLanguage\":\"en-US\",\"@id\":\"https:\\\/\\\/secure.gravatar.com\\\/avatar\\\/a29bad30ab19883c48927f9ee55a40d0d1a0c3c343bcef70ad9a0a9cb421f0fa?s=96&d=mm&r=g\",\"url\":\"https:\\\/\\\/secure.gravatar.com\\\/avatar\\\/a29bad30ab19883c48927f9ee55a40d0d1a0c3c343bcef70ad9a0a9cb421f0fa?s=96&d=mm&r=g\",\"contentUrl\":\"https:\\\/\\\/secure.gravatar.com\\\/avatar\\\/a29bad30ab19883c48927f9ee55a40d0d1a0c3c343bcef70ad9a0a9cb421f0fa?s=96&d=mm&r=g\",\"caption\":\"admin\"},\"sameAs\":[\"http:\\\/\\\/vengria.info\"],\"url\":\"https:\\\/\\\/vengria.info\\\/?author=1\"}]}<\/script>\n<!-- \/ Yoast SEO plugin. -->","yoast_head_json":{"title":"A kir\u00e1ly egy neh\u00e9z vassisakot h\u00fazatott hat\u00e9ves l\u00e1nya fej\u00e9re, \u00e9s egy r\u00e9gi kulccsal bez\u00e1rta. Att\u00f3l a napt\u00f3l kezdve az eg\u00e9sz kir\u00e1lys\u00e1gban senki sem l\u00e1thatta az arc\u00e1t. A kir\u00e1ly azt \u00e1ll\u00edtotta, hogy a sisakot csak az esk\u00fcv\u0151je napj\u00e1n veszik le. -","robots":{"index":"index","follow":"follow","max-snippet":"max-snippet:-1","max-image-preview":"max-image-preview:large","max-video-preview":"max-video-preview:-1"},"canonical":"https:\/\/vengria.info\/?p=18125","og_locale":"en_US","og_type":"article","og_title":"A kir\u00e1ly egy neh\u00e9z vassisakot h\u00fazatott hat\u00e9ves l\u00e1nya fej\u00e9re, \u00e9s egy r\u00e9gi kulccsal bez\u00e1rta. Att\u00f3l a napt\u00f3l kezdve az eg\u00e9sz kir\u00e1lys\u00e1gban senki sem l\u00e1thatta az arc\u00e1t. A kir\u00e1ly azt \u00e1ll\u00edtotta, hogy a sisakot csak az esk\u00fcv\u0151je napj\u00e1n veszik le. -","og_description":"Azonban senkinek sem volt fogalma, mi\u00e9rt kell a kis hercegn\u0151nek \u00edgy \u00e9lnie. Amikor Elina hat\u00e9ves volt, valami t\u00f6rt\u00e9nt a kir\u00e1lyi palot\u00e1ban, amir\u0151l \u00e9vtizedekig","og_url":"https:\/\/vengria.info\/?p=18125","article_published_time":"2026-09-01T09:43:45+00:00","article_modified_time":"2026-09-01T09:43:47+00:00","og_image":[{"width":832,"height":1287,"url":"https:\/\/vengria.info\/wp-content\/uploads\/2026\/09\/adszxwdaszxwaszx.jpg","type":"image\/jpeg"}],"author":"admin","twitter_card":"summary_large_image","twitter_misc":{"Written by":"admin","Est. reading time":"4 minutes"},"schema":{"@context":"https:\/\/schema.org","@graph":[{"@type":"Article","@id":"https:\/\/vengria.info\/?p=18125#article","isPartOf":{"@id":"https:\/\/vengria.info\/?p=18125"},"author":{"name":"admin","@id":"https:\/\/vengria.info\/#\/schema\/person\/b815b04a6b1fb36a2d064955a92f68d4"},"headline":"A kir\u00e1ly egy neh\u00e9z vassisakot h\u00fazatott hat\u00e9ves l\u00e1nya fej\u00e9re, \u00e9s egy r\u00e9gi kulccsal bez\u00e1rta. Att\u00f3l a napt\u00f3l kezdve az eg\u00e9sz kir\u00e1lys\u00e1gban senki sem l\u00e1thatta az arc\u00e1t. A kir\u00e1ly azt \u00e1ll\u00edtotta, hogy a sisakot csak az esk\u00fcv\u0151je napj\u00e1n veszik le.","datePublished":"2026-09-01T09:43:45+00:00","dateModified":"2026-09-01T09:43:47+00:00","mainEntityOfPage":{"@id":"https:\/\/vengria.info\/?p=18125"},"wordCount":1208,"commentCount":0,"image":{"@id":"https:\/\/vengria.info\/?p=18125#primaryimage"},"thumbnailUrl":"https:\/\/vengria.info\/wp-content\/uploads\/2026\/09\/adszxwdaszxwaszx.jpg","articleSection":["NEWS","VIDEO"],"inLanguage":"en-US","potentialAction":[{"@type":"CommentAction","name":"Comment","target":["https:\/\/vengria.info\/?p=18125#respond"]}]},{"@type":"WebPage","@id":"https:\/\/vengria.info\/?p=18125","url":"https:\/\/vengria.info\/?p=18125","name":"A kir\u00e1ly egy neh\u00e9z vassisakot h\u00fazatott hat\u00e9ves l\u00e1nya fej\u00e9re, \u00e9s egy r\u00e9gi kulccsal bez\u00e1rta. Att\u00f3l a napt\u00f3l kezdve az eg\u00e9sz kir\u00e1lys\u00e1gban senki sem l\u00e1thatta az arc\u00e1t. A kir\u00e1ly azt \u00e1ll\u00edtotta, hogy a sisakot csak az esk\u00fcv\u0151je napj\u00e1n veszik le. -","isPartOf":{"@id":"https:\/\/vengria.info\/#website"},"primaryImageOfPage":{"@id":"https:\/\/vengria.info\/?p=18125#primaryimage"},"image":{"@id":"https:\/\/vengria.info\/?p=18125#primaryimage"},"thumbnailUrl":"https:\/\/vengria.info\/wp-content\/uploads\/2026\/09\/adszxwdaszxwaszx.jpg","datePublished":"2026-09-01T09:43:45+00:00","dateModified":"2026-09-01T09:43:47+00:00","author":{"@id":"https:\/\/vengria.info\/#\/schema\/person\/b815b04a6b1fb36a2d064955a92f68d4"},"breadcrumb":{"@id":"https:\/\/vengria.info\/?p=18125#breadcrumb"},"inLanguage":"en-US","potentialAction":[{"@type":"ReadAction","target":["https:\/\/vengria.info\/?p=18125"]}]},{"@type":"ImageObject","inLanguage":"en-US","@id":"https:\/\/vengria.info\/?p=18125#primaryimage","url":"https:\/\/vengria.info\/wp-content\/uploads\/2026\/09\/adszxwdaszxwaszx.jpg","contentUrl":"https:\/\/vengria.info\/wp-content\/uploads\/2026\/09\/adszxwdaszxwaszx.jpg","width":832,"height":1287},{"@type":"BreadcrumbList","@id":"https:\/\/vengria.info\/?p=18125#breadcrumb","itemListElement":[{"@type":"ListItem","position":1,"name":"Home","item":"https:\/\/vengria.info\/"},{"@type":"ListItem","position":2,"name":"A kir\u00e1ly egy neh\u00e9z vassisakot h\u00fazatott hat\u00e9ves l\u00e1nya fej\u00e9re, \u00e9s egy r\u00e9gi kulccsal bez\u00e1rta. Att\u00f3l a napt\u00f3l kezdve az eg\u00e9sz kir\u00e1lys\u00e1gban senki sem l\u00e1thatta az arc\u00e1t. A kir\u00e1ly azt \u00e1ll\u00edtotta, hogy a sisakot csak az esk\u00fcv\u0151je napj\u00e1n veszik le."}]},{"@type":"WebSite","@id":"https:\/\/vengria.info\/#website","url":"https:\/\/vengria.info\/","name":"","description":"","potentialAction":[{"@type":"SearchAction","target":{"@type":"EntryPoint","urlTemplate":"https:\/\/vengria.info\/?s={search_term_string}"},"query-input":{"@type":"PropertyValueSpecification","valueRequired":true,"valueName":"search_term_string"}}],"inLanguage":"en-US"},{"@type":"Person","@id":"https:\/\/vengria.info\/#\/schema\/person\/b815b04a6b1fb36a2d064955a92f68d4","name":"admin","image":{"@type":"ImageObject","inLanguage":"en-US","@id":"https:\/\/secure.gravatar.com\/avatar\/a29bad30ab19883c48927f9ee55a40d0d1a0c3c343bcef70ad9a0a9cb421f0fa?s=96&d=mm&r=g","url":"https:\/\/secure.gravatar.com\/avatar\/a29bad30ab19883c48927f9ee55a40d0d1a0c3c343bcef70ad9a0a9cb421f0fa?s=96&d=mm&r=g","contentUrl":"https:\/\/secure.gravatar.com\/avatar\/a29bad30ab19883c48927f9ee55a40d0d1a0c3c343bcef70ad9a0a9cb421f0fa?s=96&d=mm&r=g","caption":"admin"},"sameAs":["http:\/\/vengria.info"],"url":"https:\/\/vengria.info\/?author=1"}]}},"_links":{"self":[{"href":"https:\/\/vengria.info\/index.php?rest_route=\/wp\/v2\/posts\/18125","targetHints":{"allow":["GET"]}}],"collection":[{"href":"https:\/\/vengria.info\/index.php?rest_route=\/wp\/v2\/posts"}],"about":[{"href":"https:\/\/vengria.info\/index.php?rest_route=\/wp\/v2\/types\/post"}],"author":[{"embeddable":true,"href":"https:\/\/vengria.info\/index.php?rest_route=\/wp\/v2\/users\/1"}],"replies":[{"embeddable":true,"href":"https:\/\/vengria.info\/index.php?rest_route=%2Fwp%2Fv2%2Fcomments&post=18125"}],"version-history":[{"count":1,"href":"https:\/\/vengria.info\/index.php?rest_route=\/wp\/v2\/posts\/18125\/revisions"}],"predecessor-version":[{"id":18129,"href":"https:\/\/vengria.info\/index.php?rest_route=\/wp\/v2\/posts\/18125\/revisions\/18129"}],"wp:featuredmedia":[{"embeddable":true,"href":"https:\/\/vengria.info\/index.php?rest_route=\/wp\/v2\/media\/18127"}],"wp:attachment":[{"href":"https:\/\/vengria.info\/index.php?rest_route=%2Fwp%2Fv2%2Fmedia&parent=18125"}],"wp:term":[{"taxonomy":"category","embeddable":true,"href":"https:\/\/vengria.info\/index.php?rest_route=%2Fwp%2Fv2%2Fcategories&post=18125"},{"taxonomy":"post_tag","embeddable":true,"href":"https:\/\/vengria.info\/index.php?rest_route=%2Fwp%2Fv2%2Ftags&post=18125"}],"curies":[{"name":"wp","href":"https:\/\/api.w.org\/{rel}","templated":true}]}}