{"id":18124,"date":"2026-09-01T09:43:24","date_gmt":"2026-09-01T09:43:24","guid":{"rendered":"https:\/\/vengria.info\/?p=18124"},"modified":"2026-09-01T09:43:25","modified_gmt":"2026-09-01T09:43:25","slug":"kral-nechal-sve-sestilete-dceri-nasadit-na-hlavu-tezkou-zeleznou-helmu-a-zamknul-ji-starym-klicem-od-toho-dne-nesmel-nikdo-v-celem-kralovstvi-spatrit-jeji-tvar-kral-tvrdil-ze-helma-bude-odstranena","status":"publish","type":"post","link":"https:\/\/vengria.info\/?p=18124","title":{"rendered":"Kr\u00e1l nechal sv\u00e9 \u0161estilet\u00e9 dce\u0159i nasadit na hlavu t\u011b\u017ekou \u017eeleznou helmu a zamknul ji star\u00fdm kl\u00ed\u010dem. Od toho dne nesm\u011bl nikdo v cel\u00e9m kr\u00e1lovstv\u00ed spat\u0159it jej\u00ed tv\u00e1\u0159. Kr\u00e1l tvrdil, \u017ee helma bude odstran\u011bna a\u017e v den jej\u00ed svatby."},"content":{"rendered":"\n<p class=\"wp-block-paragraph\">Nikdo v\u0161ak netu\u0161il, pro\u010d musela mal\u00e1 princezna \u017e\u00edt takov\u00fdm zp\u016fsobem.<\/p>\n\n\n\n<p class=\"wp-block-paragraph\">Kdy\u017e bylo Elin\u011b \u0161est let, stalo se v kr\u00e1lovsk\u00e9m pal\u00e1ci n\u011bco, o \u010dem se mezi lidmi \u0161eptalo je\u0161t\u011b dlouh\u00e1 desetilet\u00ed. Jednoho chladn\u00e9ho r\u00e1na kr\u00e1l povolal nejlep\u0161\u00ed kov\u00e1\u0159e a tesa\u0159e z cel\u00e9ho kr\u00e1lovstv\u00ed. Nikdo z nich nev\u011bd\u011bl, co maj\u00ed vyrobit. Dostali pouze stroh\u00e9 p\u0159\u00edkazy a z\u00e1kaz kl\u00e1st ot\u00e1zky.<\/p>\n\n\n\n<p class=\"wp-block-paragraph\">Pracovali n\u011bkolik dn\u00ed za zav\u0159en\u00fdmi dve\u0159mi.<\/p>\n\n\n\n<p class=\"wp-block-paragraph\">Nakonec vznikla podivn\u00e1 konstrukce. Byla nap\u016fl ze d\u0159eva a nap\u016fl ze \u017eeleza. P\u0159ipom\u00ednala helmu, ale byla mnohem v\u011bt\u0161\u00ed a t\u011b\u017e\u0161\u00ed. Zakr\u00fdvala celou hlavu a po stran\u00e1ch m\u011bla n\u011bkolik kovov\u00fdch v\u00fdztuh. Z\u016fst\u00e1valy pouze dv\u011b \u00fazk\u00e9 \u0161t\u011brbiny pro o\u010di a mal\u00fd otvor u \u00fast, aby princezna mohla j\u00edst a p\u00edt.<\/p>\n\n\n\n<p class=\"wp-block-paragraph\">Na zadn\u00ed stran\u011b byl masivn\u00ed z\u00e1mek.<\/p>\n\n\n\n<p class=\"wp-block-paragraph\">Ve\u010der toho dne kr\u00e1l osobn\u011b vstoupil do dce\u0159ina pokoje. Elina se ho nejprve usm\u00edvala, proto\u017ee si myslela, \u017ee j\u00ed p\u0159in\u00e1\u0161\u00ed n\u011bjakou novou hra\u010dku. Brzy v\u0161ak pochopila, \u017ee tentokr\u00e1t je v\u0161echno jinak.<\/p>\n\n\n\n<p class=\"wp-block-paragraph\">Kr\u00e1l j\u00ed helmu nasadil na hlavu.<\/p>\n\n\n\n<p class=\"wp-block-paragraph\">Pak ji zamkl.<\/p>\n\n\n\n<p class=\"wp-block-paragraph\">Kl\u00ed\u010d si zav\u011bsil na \u0159et\u011bz kolem krku.<\/p>\n\n\n\n<p class=\"wp-block-paragraph\">\u201eOt\u010de, pro\u010d?\u201c zeptala se vyd\u011b\u0161en\u00e1 d\u00edvka.<\/p>\n\n\n\n<p class=\"wp-block-paragraph\">Kr\u00e1l j\u00ed neodpov\u011bd\u011bl.<\/p>\n\n\n\n<p class=\"wp-block-paragraph\">Jedin\u00fdm \u010dlov\u011bkem, kter\u00fd znal pravdu, byla kr\u00e1lovna. Ta v\u0161ak n\u011bkolik m\u011bs\u00edc\u016f nato v\u00e1\u017en\u011b onemocn\u011bla. Ne\u017e sta\u010dila sv\u00e9 dce\u0159i nebo komukoli jin\u00e9mu vysv\u011btlit, pro\u010d kr\u00e1l tak stra\u0161liv\u011b rozhodl, zem\u0159ela.<\/p>\n\n\n\n<p class=\"wp-block-paragraph\">A s n\u00ed zem\u0159elo i tajemstv\u00ed.<\/p>\n\n\n\n<p class=\"wp-block-paragraph\">Od t\u00e9 chv\u00edle Elina nikdy nesm\u011bla helmu sundat.<\/p>\n\n\n\n<p class=\"wp-block-paragraph\">Roky ub\u00edhaly a z mal\u00e9 d\u00edvky se st\u00e1vala mlad\u00e1 \u017eena. Nikdo v pal\u00e1ci v\u0161ak nev\u011bd\u011bl, jak skute\u010dn\u011b vypad\u00e1.<\/p>\n\n\n\n<p class=\"wp-block-paragraph\">Za zav\u0159en\u00fdmi dve\u0159mi se za\u010daly rodit nejr\u016fzn\u011bj\u0161\u00ed zv\u011bsti.<\/p>\n\n\n\n<p class=\"wp-block-paragraph\">Jedni tvrdili, \u017ee se princezna narodila s t\u011b\u017ekou deformac\u00ed a kr\u00e1l se za ni styd\u00ed. Jin\u00ed v\u011b\u0159ili, \u017ee na jej\u00ed tv\u00e1\u0159i spo\u010d\u00edv\u00e1 starobyl\u00e1 kletba. N\u011bkte\u0159\u00ed dokonce tvrdili, \u017ee kr\u00e1l jednoho dne spat\u0159il v jej\u00ed tv\u00e1\u0159i n\u011bco tak d\u011bsiv\u00e9ho, \u017ee nechal jej\u00ed podobu nav\u017edy ukr\u00fdt.<\/p>\n\n\n\n<p class=\"wp-block-paragraph\">Nikdo z nich ale neznal pravdu.<\/p>\n\n\n\n<p class=\"wp-block-paragraph\">Slu\u017eebnictvo se Elin\u011b vyh\u00fdbalo. Kdy\u017e proch\u00e1zela chodbou, rozhovory okam\u017eit\u011b utichaly. Nikdo se j\u00ed ned\u00edval p\u0159\u00edmo do o\u010d\u00ed, proto\u017ee se v\u0161ichni b\u00e1li, \u017ee by za jedin\u00fd pohled mohli p\u0159ij\u00edt o pr\u00e1ci nebo dokonce o \u017eivot.<\/p>\n\n\n\n<p class=\"wp-block-paragraph\">Elina se postupn\u011b st\u00e1hla do sebe.<\/p>\n\n\n\n<p class=\"wp-block-paragraph\">M\u00e1lokdy opou\u0161t\u011bla sv\u00e9 pokoje. Nem\u011bla \u017e\u00e1dn\u00e9 p\u0159\u00e1tele a jen z\u0159\u00eddka mluvila. Jedin\u00e9 m\u00edsto, kde se c\u00edtila svobodn\u00e1, byl star\u00fd s\u00e1l s klav\u00edrem.<\/p>\n\n\n\n<p class=\"wp-block-paragraph\">\u010casto tam chodila pozd\u011b v noci.<\/p>\n\n\n\n<p class=\"wp-block-paragraph\">Sedla si ke kl\u00e1ves\u00e1m a hr\u00e1la.<\/p>\n\n\n\n<p class=\"wp-block-paragraph\">Jej\u00ed hudba se rozl\u00e9hala pr\u00e1zdn\u00fdm pal\u00e1cem a lid\u00e9, kte\u0159\u00ed ji sly\u0161eli z chodeb, tvrdili, \u017ee jej\u00ed melodie byly neuv\u011b\u0159iteln\u011b smutn\u00e9. Jako by d\u00edvka prost\u0159ednictv\u00edm hudby \u0159\u00edkala v\u0161echno, co nemohla \u0159\u00edct slovy.<\/p>\n\n\n\n<p class=\"wp-block-paragraph\">Mezit\u00edm kr\u00e1l st\u00e1rnul.<\/p>\n\n\n\n<p class=\"wp-block-paragraph\">N\u011bkolikr\u00e1t se n\u011bkdo pokusil zjistit, co se pod helmou ukr\u00fdv\u00e1. Jeden kov\u00e1\u0159 se pokusil tajn\u011b vyrobit kopii kl\u00ed\u010de. Kr\u00e1l to zjistil a mu\u017e byl okam\u017eit\u011b vyhn\u00e1n ze zem\u011b.<\/p>\n\n\n\n<p class=\"wp-block-paragraph\">Jin\u00fd sluha se jednou pokusil b\u011bhem noci nadzvednout helmu, kdy\u017e princezna usnula v k\u0159esle u krbu. Druh\u00e9ho dne u\u017e v pal\u00e1ci nebyl.<\/p>\n\n\n\n<p class=\"wp-block-paragraph\">Po t\u011bchto ud\u00e1lostech se v\u0161ichni p\u0159estali pt\u00e1t.<\/p>\n\n\n\n<p class=\"wp-block-paragraph\">Kr\u00e1l pouze opakoval st\u00e1le stejnou v\u011btu:<\/p>\n\n\n\n<p class=\"wp-block-paragraph\">\u201eHelmu j\u00ed sund\u00e1m a\u017e v den jej\u00ed svatby.\u201c<\/p>\n\n\n\n<p class=\"wp-block-paragraph\">Jen\u017ee \u017e\u00e1dn\u00fd \u017eenich nep\u0159ich\u00e1zel.<\/p>\n\n\n\n<p class=\"wp-block-paragraph\">Princov\u00e9 z okoln\u00edch kr\u00e1lovstv\u00ed o Elin\u011b sly\u0161eli. N\u011bkte\u0159\u00ed p\u0159ijeli do pal\u00e1ce, ale jakmile zjistili, \u017ee nev\u011bst\u011b nikdy p\u0159ed svatbou nespat\u0159\u00ed tv\u00e1\u0159, okam\u017eit\u011b odjeli.<\/p>\n\n\n\n<p class=\"wp-block-paragraph\">Jin\u00ed se otev\u0159en\u011b vysm\u00edvali p\u0159edstav\u011b, \u017ee by si m\u011bli vz\u00edt \u017eenu, o jej\u00edm\u017e vzhledu nic nev\u011bd\u00ed.<\/p>\n\n\n\n<p class=\"wp-block-paragraph\">Kr\u00e1l se p\u0159itom st\u00e1le v\u00edce ob\u00e1val budoucnosti. Elina byla jeho jedin\u00fdm d\u00edt\u011btem a jedinou d\u011bdi\u010dkou tr\u016fnu.<\/p>\n\n\n\n<p class=\"wp-block-paragraph\">Pak se v\u0161ak jednoho dne u bran kr\u00e1lovstv\u00ed objevil mlad\u00fd princ Richard.<\/p>\n\n\n\n<p class=\"wp-block-paragraph\">Nebyl bohat\u00fd. Jeho otec vl\u00e1dl mal\u00e9mu a chud\u00e9mu \u00fazem\u00ed, kter\u00e9 m\u011blo jen n\u011bkolik m\u011bst. Richard nem\u011bl velkou arm\u00e1du ani obrovsk\u00e9 poklady.<\/p>\n\n\n\n<p class=\"wp-block-paragraph\">Kdy\u017e se dozv\u011bd\u011bl o princezn\u011b v \u017eelezn\u00e9 helm\u011b, neodjel.<\/p>\n\n\n\n<p class=\"wp-block-paragraph\">Naopak po\u017e\u00e1dal o setk\u00e1n\u00ed s kr\u00e1lem.<\/p>\n\n\n\n<p class=\"wp-block-paragraph\">\u201eChci si va\u0161i dceru vz\u00edt,\u201c \u0159ekl.<\/p>\n\n\n\n<p class=\"wp-block-paragraph\">Kr\u00e1l na n\u011bj dlouho hled\u011bl.<\/p>\n\n\n\n<figure class=\"wp-block-image size-large\"><img loading=\"lazy\" decoding=\"async\" width=\"662\" height=\"1024\" src=\"https:\/\/vengria.info\/wp-content\/uploads\/2026\/09\/adszxwdaszxwaszx-662x1024.jpg\" alt=\"\" class=\"wp-image-18127\" srcset=\"https:\/\/vengria.info\/wp-content\/uploads\/2026\/09\/adszxwdaszxwaszx-662x1024.jpg 662w, https:\/\/vengria.info\/wp-content\/uploads\/2026\/09\/adszxwdaszxwaszx-194x300.jpg 194w, https:\/\/vengria.info\/wp-content\/uploads\/2026\/09\/adszxwdaszxwaszx-768x1188.jpg 768w, https:\/\/vengria.info\/wp-content\/uploads\/2026\/09\/adszxwdaszxwaszx.jpg 832w\" sizes=\"auto, (max-width: 662px) 100vw, 662px\" \/><\/figure>\n\n\n\n<p class=\"wp-block-paragraph\">\u201eAni nev\u00ed\u0161, jak vypad\u00e1.\u201c<\/p>\n\n\n\n<p class=\"wp-block-paragraph\">Richard se pousm\u00e1l.<\/p>\n\n\n\n<p class=\"wp-block-paragraph\">\u201eTo je pravda.\u201c<\/p>\n\n\n\n<p class=\"wp-block-paragraph\">\u201eA p\u0159esto ji chce\u0161?\u201c<\/p>\n\n\n\n<p class=\"wp-block-paragraph\">\u201eNechci se \u017eenit s jej\u00ed tv\u00e1\u0159\u00ed. Chci poznat \u010dlov\u011bka, kter\u00fd za tou helmou \u017eil cel\u00fd \u017eivot.\u201c<\/p>\n\n\n\n<p class=\"wp-block-paragraph\">Zpr\u00e1va se b\u011bhem n\u011bkolika hodin roz\u0161\u00ed\u0159ila po cel\u00e9m kr\u00e1lovstv\u00ed.<\/p>\n\n\n\n<p class=\"wp-block-paragraph\">Lid\u00e9 tomu nev\u011b\u0159ili.<\/p>\n\n\n\n<p class=\"wp-block-paragraph\">Jedni tvrdili, \u017ee Richard tou\u017e\u00ed po tr\u016fnu. Jin\u00ed byli p\u0159esv\u011bd\u010deni, \u017ee je bl\u00e1zen. Dal\u0161\u00ed \u010dekali, \u017ee b\u011bhem ob\u0159adu ute\u010de, a\u017e princez\u010dinu tv\u00e1\u0159 kone\u010dn\u011b spat\u0159\u00ed.<\/p>\n\n\n\n<p class=\"wp-block-paragraph\">Svatba byla stanovena na prvn\u00ed den jara.<\/p>\n\n\n\n<p class=\"wp-block-paragraph\">Katedr\u00e1la byla p\u0159epln\u011bn\u00e1. Dorazili \u0161lechtici, voj\u00e1ci, obchodn\u00edci i oby\u010dejn\u00ed lid\u00e9. Nikdo v\u0161ak nep\u0159i\u0161el pouze kv\u016fli svatb\u011b.<\/p>\n\n\n\n<p class=\"wp-block-paragraph\">V\u0161ichni \u010dekali na jedin\u00fd okam\u017eik.<\/p>\n\n\n\n<p class=\"wp-block-paragraph\">Na odem\u010den\u00ed helmy.<\/p>\n\n\n\n<p class=\"wp-block-paragraph\">Kdy\u017e se otev\u0159ely obrovsk\u00e9 dve\u0159e katedr\u00e1ly, v s\u00e1le zavl\u00e1dlo ticho.<\/p>\n\n\n\n<p class=\"wp-block-paragraph\">Elina vstoupila po boku sv\u00e9ho otce.<\/p>\n\n\n\n<p class=\"wp-block-paragraph\">M\u011bla na sob\u011b n\u00e1dhern\u00e9 b\u00edl\u00e9 \u0161aty, jejich\u017e st\u0159\u00edbrn\u00e1 v\u00fd\u0161ivka se t\u0159pytila ve sv\u011btle stovek sv\u00edc\u00ed. V\u0161echno na n\u00ed p\u016fsobilo jako u skute\u010dn\u00e9 princezny.<\/p>\n\n\n\n<p class=\"wp-block-paragraph\">Jen jej\u00ed hlava byla st\u00e1le ukryt\u00e1 pod tou samou t\u011b\u017ekou \u017eeleznou helmou.<\/p>\n\n\n\n<p class=\"wp-block-paragraph\">Richard se na ni d\u00edval.<\/p>\n\n\n\n<p class=\"wp-block-paragraph\">A p\u0159esto\u017ee byl nerv\u00f3zn\u00ed, neud\u011blal ani krok zp\u011bt.<\/p>\n\n\n\n<p class=\"wp-block-paragraph\">Ob\u0159ad za\u010dal.<\/p>\n\n\n\n<p class=\"wp-block-paragraph\">Kn\u011bz pronesl prvn\u00ed slova. Potom dal\u0161\u00ed.<\/p>\n\n\n\n<p class=\"wp-block-paragraph\">Nakonec se obr\u00e1til ke kr\u00e1li.<\/p>\n\n\n\n<p class=\"wp-block-paragraph\">\u201eNastal \u010das.\u201c<\/p>\n\n\n\n<p class=\"wp-block-paragraph\">Star\u00fd pa<\/p>\n\n\n\n<p class=\"wp-block-paragraph\"><\/p>\n","protected":false},"excerpt":{"rendered":"Nikdo v\u0161ak netu\u0161il, pro\u010d musela mal\u00e1 princezna \u017e\u00edt takov\u00fdm zp\u016fsobem. Kdy\u017e bylo Elin\u011b \u0161est let, stalo se v kr\u00e1lovsk\u00e9m pal\u00e1ci n\u011bco, o \u010dem \n<a class=\"moretag\" href=\"https:\/\/vengria.info\/?p=18124\"> [...]<\/a>","protected":false},"author":1,"featured_media":18127,"comment_status":"open","ping_status":"open","sticky":false,"template":"","format":"standard","meta":{"footnotes":""},"categories":[26],"tags":[],"class_list":["post-18124","post","type-post","status-publish","format-standard","has-post-thumbnail","hentry","category-26"],"yoast_head":"<!-- This site is optimized with the Yoast SEO plugin v28.3 - https:\/\/yoast.com\/product\/yoast-seo-wordpress\/ -->\n<title>Kr\u00e1l nechal sv\u00e9 \u0161estilet\u00e9 dce\u0159i nasadit na hlavu t\u011b\u017ekou \u017eeleznou helmu a zamknul ji star\u00fdm kl\u00ed\u010dem. Od toho dne nesm\u011bl nikdo v cel\u00e9m kr\u00e1lovstv\u00ed spat\u0159it jej\u00ed tv\u00e1\u0159. Kr\u00e1l tvrdil, \u017ee helma bude odstran\u011bna a\u017e v den jej\u00ed svatby. -<\/title>\n<meta name=\"robots\" content=\"index, follow, max-snippet:-1, max-image-preview:large, max-video-preview:-1\" \/>\n<link rel=\"canonical\" href=\"https:\/\/vengria.info\/?p=18124\" \/>\n<meta property=\"og:locale\" content=\"en_US\" \/>\n<meta property=\"og:type\" content=\"article\" \/>\n<meta property=\"og:title\" content=\"Kr\u00e1l nechal sv\u00e9 \u0161estilet\u00e9 dce\u0159i nasadit na hlavu t\u011b\u017ekou \u017eeleznou helmu a zamknul ji star\u00fdm kl\u00ed\u010dem. Od toho dne nesm\u011bl nikdo v cel\u00e9m kr\u00e1lovstv\u00ed spat\u0159it jej\u00ed tv\u00e1\u0159. Kr\u00e1l tvrdil, \u017ee helma bude odstran\u011bna a\u017e v den jej\u00ed svatby. -\" \/>\n<meta property=\"og:description\" content=\"Nikdo v\u0161ak netu\u0161il, pro\u010d musela mal\u00e1 princezna \u017e\u00edt takov\u00fdm zp\u016fsobem. Kdy\u017e bylo Elin\u011b \u0161est let, stalo se v kr\u00e1lovsk\u00e9m pal\u00e1ci n\u011bco, o \u010dem\" \/>\n<meta property=\"og:url\" content=\"https:\/\/vengria.info\/?p=18124\" \/>\n<meta property=\"article:published_time\" content=\"2026-09-01T09:43:24+00:00\" \/>\n<meta property=\"article:modified_time\" content=\"2026-09-01T09:43:25+00:00\" \/>\n<meta property=\"og:image\" content=\"https:\/\/vengria.info\/wp-content\/uploads\/2026\/09\/adszxwdaszxwaszx.jpg\" \/>\n\t<meta property=\"og:image:width\" content=\"832\" \/>\n\t<meta property=\"og:image:height\" content=\"1287\" \/>\n\t<meta property=\"og:image:type\" content=\"image\/jpeg\" \/>\n<meta name=\"author\" content=\"admin\" \/>\n<meta name=\"twitter:card\" content=\"summary_large_image\" \/>\n<meta name=\"twitter:label1\" content=\"Written by\" \/>\n\t<meta name=\"twitter:data1\" content=\"admin\" \/>\n\t<meta name=\"twitter:label2\" content=\"Est. reading time\" \/>\n\t<meta name=\"twitter:data2\" content=\"4 minutes\" \/>\n<script type=\"application\/ld+json\" class=\"yoast-schema-graph\">{\"@context\":\"https:\\\/\\\/schema.org\",\"@graph\":[{\"@type\":\"Article\",\"@id\":\"https:\\\/\\\/vengria.info\\\/?p=18124#article\",\"isPartOf\":{\"@id\":\"https:\\\/\\\/vengria.info\\\/?p=18124\"},\"author\":{\"name\":\"admin\",\"@id\":\"https:\\\/\\\/vengria.info\\\/#\\\/schema\\\/person\\\/b815b04a6b1fb36a2d064955a92f68d4\"},\"headline\":\"Kr\u00e1l nechal sv\u00e9 \u0161estilet\u00e9 dce\u0159i nasadit na hlavu t\u011b\u017ekou \u017eeleznou helmu a zamknul ji star\u00fdm kl\u00ed\u010dem. Od toho dne nesm\u011bl nikdo v cel\u00e9m kr\u00e1lovstv\u00ed spat\u0159it jej\u00ed tv\u00e1\u0159. Kr\u00e1l tvrdil, \u017ee helma bude odstran\u011bna a\u017e v den jej\u00ed svatby.\",\"datePublished\":\"2026-09-01T09:43:24+00:00\",\"dateModified\":\"2026-09-01T09:43:25+00:00\",\"mainEntityOfPage\":{\"@id\":\"https:\\\/\\\/vengria.info\\\/?p=18124\"},\"wordCount\":1101,\"commentCount\":0,\"image\":{\"@id\":\"https:\\\/\\\/vengria.info\\\/?p=18124#primaryimage\"},\"thumbnailUrl\":\"https:\\\/\\\/vengria.info\\\/wp-content\\\/uploads\\\/2026\\\/09\\\/adszxwdaszxwaszx.jpg\",\"articleSection\":[\"\u0427\u0435\u0445\u0438\u044f\"],\"inLanguage\":\"en-US\",\"potentialAction\":[{\"@type\":\"CommentAction\",\"name\":\"Comment\",\"target\":[\"https:\\\/\\\/vengria.info\\\/?p=18124#respond\"]}]},{\"@type\":\"WebPage\",\"@id\":\"https:\\\/\\\/vengria.info\\\/?p=18124\",\"url\":\"https:\\\/\\\/vengria.info\\\/?p=18124\",\"name\":\"Kr\u00e1l nechal sv\u00e9 \u0161estilet\u00e9 dce\u0159i nasadit na hlavu t\u011b\u017ekou \u017eeleznou helmu a zamknul ji star\u00fdm kl\u00ed\u010dem. Od toho dne nesm\u011bl nikdo v cel\u00e9m kr\u00e1lovstv\u00ed spat\u0159it jej\u00ed tv\u00e1\u0159. Kr\u00e1l tvrdil, \u017ee helma bude odstran\u011bna a\u017e v den jej\u00ed svatby. -\",\"isPartOf\":{\"@id\":\"https:\\\/\\\/vengria.info\\\/#website\"},\"primaryImageOfPage\":{\"@id\":\"https:\\\/\\\/vengria.info\\\/?p=18124#primaryimage\"},\"image\":{\"@id\":\"https:\\\/\\\/vengria.info\\\/?p=18124#primaryimage\"},\"thumbnailUrl\":\"https:\\\/\\\/vengria.info\\\/wp-content\\\/uploads\\\/2026\\\/09\\\/adszxwdaszxwaszx.jpg\",\"datePublished\":\"2026-09-01T09:43:24+00:00\",\"dateModified\":\"2026-09-01T09:43:25+00:00\",\"author\":{\"@id\":\"https:\\\/\\\/vengria.info\\\/#\\\/schema\\\/person\\\/b815b04a6b1fb36a2d064955a92f68d4\"},\"breadcrumb\":{\"@id\":\"https:\\\/\\\/vengria.info\\\/?p=18124#breadcrumb\"},\"inLanguage\":\"en-US\",\"potentialAction\":[{\"@type\":\"ReadAction\",\"target\":[\"https:\\\/\\\/vengria.info\\\/?p=18124\"]}]},{\"@type\":\"ImageObject\",\"inLanguage\":\"en-US\",\"@id\":\"https:\\\/\\\/vengria.info\\\/?p=18124#primaryimage\",\"url\":\"https:\\\/\\\/vengria.info\\\/wp-content\\\/uploads\\\/2026\\\/09\\\/adszxwdaszxwaszx.jpg\",\"contentUrl\":\"https:\\\/\\\/vengria.info\\\/wp-content\\\/uploads\\\/2026\\\/09\\\/adszxwdaszxwaszx.jpg\",\"width\":832,\"height\":1287},{\"@type\":\"BreadcrumbList\",\"@id\":\"https:\\\/\\\/vengria.info\\\/?p=18124#breadcrumb\",\"itemListElement\":[{\"@type\":\"ListItem\",\"position\":1,\"name\":\"Home\",\"item\":\"https:\\\/\\\/vengria.info\\\/\"},{\"@type\":\"ListItem\",\"position\":2,\"name\":\"Kr\u00e1l nechal sv\u00e9 \u0161estilet\u00e9 dce\u0159i nasadit na hlavu t\u011b\u017ekou \u017eeleznou helmu a zamknul ji star\u00fdm kl\u00ed\u010dem. Od toho dne nesm\u011bl nikdo v cel\u00e9m kr\u00e1lovstv\u00ed spat\u0159it jej\u00ed tv\u00e1\u0159. Kr\u00e1l tvrdil, \u017ee helma bude odstran\u011bna a\u017e v den jej\u00ed svatby.\"}]},{\"@type\":\"WebSite\",\"@id\":\"https:\\\/\\\/vengria.info\\\/#website\",\"url\":\"https:\\\/\\\/vengria.info\\\/\",\"name\":\"\",\"description\":\"\",\"potentialAction\":[{\"@type\":\"SearchAction\",\"target\":{\"@type\":\"EntryPoint\",\"urlTemplate\":\"https:\\\/\\\/vengria.info\\\/?s={search_term_string}\"},\"query-input\":{\"@type\":\"PropertyValueSpecification\",\"valueRequired\":true,\"valueName\":\"search_term_string\"}}],\"inLanguage\":\"en-US\"},{\"@type\":\"Person\",\"@id\":\"https:\\\/\\\/vengria.info\\\/#\\\/schema\\\/person\\\/b815b04a6b1fb36a2d064955a92f68d4\",\"name\":\"admin\",\"image\":{\"@type\":\"ImageObject\",\"inLanguage\":\"en-US\",\"@id\":\"https:\\\/\\\/secure.gravatar.com\\\/avatar\\\/a29bad30ab19883c48927f9ee55a40d0d1a0c3c343bcef70ad9a0a9cb421f0fa?s=96&d=mm&r=g\",\"url\":\"https:\\\/\\\/secure.gravatar.com\\\/avatar\\\/a29bad30ab19883c48927f9ee55a40d0d1a0c3c343bcef70ad9a0a9cb421f0fa?s=96&d=mm&r=g\",\"contentUrl\":\"https:\\\/\\\/secure.gravatar.com\\\/avatar\\\/a29bad30ab19883c48927f9ee55a40d0d1a0c3c343bcef70ad9a0a9cb421f0fa?s=96&d=mm&r=g\",\"caption\":\"admin\"},\"sameAs\":[\"http:\\\/\\\/vengria.info\"],\"url\":\"https:\\\/\\\/vengria.info\\\/?author=1\"}]}<\/script>\n<!-- \/ Yoast SEO plugin. -->","yoast_head_json":{"title":"Kr\u00e1l nechal sv\u00e9 \u0161estilet\u00e9 dce\u0159i nasadit na hlavu t\u011b\u017ekou \u017eeleznou helmu a zamknul ji star\u00fdm kl\u00ed\u010dem. Od toho dne nesm\u011bl nikdo v cel\u00e9m kr\u00e1lovstv\u00ed spat\u0159it jej\u00ed tv\u00e1\u0159. Kr\u00e1l tvrdil, \u017ee helma bude odstran\u011bna a\u017e v den jej\u00ed svatby. -","robots":{"index":"index","follow":"follow","max-snippet":"max-snippet:-1","max-image-preview":"max-image-preview:large","max-video-preview":"max-video-preview:-1"},"canonical":"https:\/\/vengria.info\/?p=18124","og_locale":"en_US","og_type":"article","og_title":"Kr\u00e1l nechal sv\u00e9 \u0161estilet\u00e9 dce\u0159i nasadit na hlavu t\u011b\u017ekou \u017eeleznou helmu a zamknul ji star\u00fdm kl\u00ed\u010dem. Od toho dne nesm\u011bl nikdo v cel\u00e9m kr\u00e1lovstv\u00ed spat\u0159it jej\u00ed tv\u00e1\u0159. Kr\u00e1l tvrdil, \u017ee helma bude odstran\u011bna a\u017e v den jej\u00ed svatby. -","og_description":"Nikdo v\u0161ak netu\u0161il, pro\u010d musela mal\u00e1 princezna \u017e\u00edt takov\u00fdm zp\u016fsobem. Kdy\u017e bylo Elin\u011b \u0161est let, stalo se v kr\u00e1lovsk\u00e9m pal\u00e1ci n\u011bco, o \u010dem","og_url":"https:\/\/vengria.info\/?p=18124","article_published_time":"2026-09-01T09:43:24+00:00","article_modified_time":"2026-09-01T09:43:25+00:00","og_image":[{"width":832,"height":1287,"url":"https:\/\/vengria.info\/wp-content\/uploads\/2026\/09\/adszxwdaszxwaszx.jpg","type":"image\/jpeg"}],"author":"admin","twitter_card":"summary_large_image","twitter_misc":{"Written by":"admin","Est. reading time":"4 minutes"},"schema":{"@context":"https:\/\/schema.org","@graph":[{"@type":"Article","@id":"https:\/\/vengria.info\/?p=18124#article","isPartOf":{"@id":"https:\/\/vengria.info\/?p=18124"},"author":{"name":"admin","@id":"https:\/\/vengria.info\/#\/schema\/person\/b815b04a6b1fb36a2d064955a92f68d4"},"headline":"Kr\u00e1l nechal sv\u00e9 \u0161estilet\u00e9 dce\u0159i nasadit na hlavu t\u011b\u017ekou \u017eeleznou helmu a zamknul ji star\u00fdm kl\u00ed\u010dem. Od toho dne nesm\u011bl nikdo v cel\u00e9m kr\u00e1lovstv\u00ed spat\u0159it jej\u00ed tv\u00e1\u0159. Kr\u00e1l tvrdil, \u017ee helma bude odstran\u011bna a\u017e v den jej\u00ed svatby.","datePublished":"2026-09-01T09:43:24+00:00","dateModified":"2026-09-01T09:43:25+00:00","mainEntityOfPage":{"@id":"https:\/\/vengria.info\/?p=18124"},"wordCount":1101,"commentCount":0,"image":{"@id":"https:\/\/vengria.info\/?p=18124#primaryimage"},"thumbnailUrl":"https:\/\/vengria.info\/wp-content\/uploads\/2026\/09\/adszxwdaszxwaszx.jpg","articleSection":["\u0427\u0435\u0445\u0438\u044f"],"inLanguage":"en-US","potentialAction":[{"@type":"CommentAction","name":"Comment","target":["https:\/\/vengria.info\/?p=18124#respond"]}]},{"@type":"WebPage","@id":"https:\/\/vengria.info\/?p=18124","url":"https:\/\/vengria.info\/?p=18124","name":"Kr\u00e1l nechal sv\u00e9 \u0161estilet\u00e9 dce\u0159i nasadit na hlavu t\u011b\u017ekou \u017eeleznou helmu a zamknul ji star\u00fdm kl\u00ed\u010dem. Od toho dne nesm\u011bl nikdo v cel\u00e9m kr\u00e1lovstv\u00ed spat\u0159it jej\u00ed tv\u00e1\u0159. Kr\u00e1l tvrdil, \u017ee helma bude odstran\u011bna a\u017e v den jej\u00ed svatby. -","isPartOf":{"@id":"https:\/\/vengria.info\/#website"},"primaryImageOfPage":{"@id":"https:\/\/vengria.info\/?p=18124#primaryimage"},"image":{"@id":"https:\/\/vengria.info\/?p=18124#primaryimage"},"thumbnailUrl":"https:\/\/vengria.info\/wp-content\/uploads\/2026\/09\/adszxwdaszxwaszx.jpg","datePublished":"2026-09-01T09:43:24+00:00","dateModified":"2026-09-01T09:43:25+00:00","author":{"@id":"https:\/\/vengria.info\/#\/schema\/person\/b815b04a6b1fb36a2d064955a92f68d4"},"breadcrumb":{"@id":"https:\/\/vengria.info\/?p=18124#breadcrumb"},"inLanguage":"en-US","potentialAction":[{"@type":"ReadAction","target":["https:\/\/vengria.info\/?p=18124"]}]},{"@type":"ImageObject","inLanguage":"en-US","@id":"https:\/\/vengria.info\/?p=18124#primaryimage","url":"https:\/\/vengria.info\/wp-content\/uploads\/2026\/09\/adszxwdaszxwaszx.jpg","contentUrl":"https:\/\/vengria.info\/wp-content\/uploads\/2026\/09\/adszxwdaszxwaszx.jpg","width":832,"height":1287},{"@type":"BreadcrumbList","@id":"https:\/\/vengria.info\/?p=18124#breadcrumb","itemListElement":[{"@type":"ListItem","position":1,"name":"Home","item":"https:\/\/vengria.info\/"},{"@type":"ListItem","position":2,"name":"Kr\u00e1l nechal sv\u00e9 \u0161estilet\u00e9 dce\u0159i nasadit na hlavu t\u011b\u017ekou \u017eeleznou helmu a zamknul ji star\u00fdm kl\u00ed\u010dem. Od toho dne nesm\u011bl nikdo v cel\u00e9m kr\u00e1lovstv\u00ed spat\u0159it jej\u00ed tv\u00e1\u0159. Kr\u00e1l tvrdil, \u017ee helma bude odstran\u011bna a\u017e v den jej\u00ed svatby."}]},{"@type":"WebSite","@id":"https:\/\/vengria.info\/#website","url":"https:\/\/vengria.info\/","name":"","description":"","potentialAction":[{"@type":"SearchAction","target":{"@type":"EntryPoint","urlTemplate":"https:\/\/vengria.info\/?s={search_term_string}"},"query-input":{"@type":"PropertyValueSpecification","valueRequired":true,"valueName":"search_term_string"}}],"inLanguage":"en-US"},{"@type":"Person","@id":"https:\/\/vengria.info\/#\/schema\/person\/b815b04a6b1fb36a2d064955a92f68d4","name":"admin","image":{"@type":"ImageObject","inLanguage":"en-US","@id":"https:\/\/secure.gravatar.com\/avatar\/a29bad30ab19883c48927f9ee55a40d0d1a0c3c343bcef70ad9a0a9cb421f0fa?s=96&d=mm&r=g","url":"https:\/\/secure.gravatar.com\/avatar\/a29bad30ab19883c48927f9ee55a40d0d1a0c3c343bcef70ad9a0a9cb421f0fa?s=96&d=mm&r=g","contentUrl":"https:\/\/secure.gravatar.com\/avatar\/a29bad30ab19883c48927f9ee55a40d0d1a0c3c343bcef70ad9a0a9cb421f0fa?s=96&d=mm&r=g","caption":"admin"},"sameAs":["http:\/\/vengria.info"],"url":"https:\/\/vengria.info\/?author=1"}]}},"_links":{"self":[{"href":"https:\/\/vengria.info\/index.php?rest_route=\/wp\/v2\/posts\/18124","targetHints":{"allow":["GET"]}}],"collection":[{"href":"https:\/\/vengria.info\/index.php?rest_route=\/wp\/v2\/posts"}],"about":[{"href":"https:\/\/vengria.info\/index.php?rest_route=\/wp\/v2\/types\/post"}],"author":[{"embeddable":true,"href":"https:\/\/vengria.info\/index.php?rest_route=\/wp\/v2\/users\/1"}],"replies":[{"embeddable":true,"href":"https:\/\/vengria.info\/index.php?rest_route=%2Fwp%2Fv2%2Fcomments&post=18124"}],"version-history":[{"count":1,"href":"https:\/\/vengria.info\/index.php?rest_route=\/wp\/v2\/posts\/18124\/revisions"}],"predecessor-version":[{"id":18128,"href":"https:\/\/vengria.info\/index.php?rest_route=\/wp\/v2\/posts\/18124\/revisions\/18128"}],"wp:featuredmedia":[{"embeddable":true,"href":"https:\/\/vengria.info\/index.php?rest_route=\/wp\/v2\/media\/18127"}],"wp:attachment":[{"href":"https:\/\/vengria.info\/index.php?rest_route=%2Fwp%2Fv2%2Fmedia&parent=18124"}],"wp:term":[{"taxonomy":"category","embeddable":true,"href":"https:\/\/vengria.info\/index.php?rest_route=%2Fwp%2Fv2%2Fcategories&post=18124"},{"taxonomy":"post_tag","embeddable":true,"href":"https:\/\/vengria.info\/index.php?rest_route=%2Fwp%2Fv2%2Ftags&post=18124"}],"curies":[{"name":"wp","href":"https:\/\/api.w.org\/{rel}","templated":true}]}}