{"id":18104,"date":"2026-08-31T11:32:41","date_gmt":"2026-08-31T11:32:41","guid":{"rendered":"https:\/\/vengria.info\/?p=18104"},"modified":"2026-08-31T11:32:41","modified_gmt":"2026-08-31T11:32:41","slug":"egy-feleseg-rajtakapta-a-ferjet-amint-a-sajat-batyja-felesegevel-agyban-van","status":"publish","type":"post","link":"https:\/\/vengria.info\/?p=18104","title":{"rendered":"Egy feles\u00e9g rajtakapta a f\u00e9rj\u00e9t, amint a saj\u00e1t b\u00e1tyja feles\u00e9g\u00e9vel \u00e1gyban van."},"content":{"rendered":"\n<p class=\"wp-block-paragraph\">Nem csin\u00e1lt jelenetet, nem s\u00edrt, \u00e9s nem mondta el senkinek. Ehelyett napokig csendben maradt, terveket sz\u0151tt. Amikor megh\u00edvta a k\u00e9t szerelmest egy csal\u00e1di vacsor\u00e1ra, fogalmuk sem volt arr\u00f3l, hogy le\u00fclnek az asztalhoz, ahol perceken bel\u00fcl teljesen megv\u00e1ltozik az \u00e9let\u00fck.<\/p>\n\n\n\n<p class=\"wp-block-paragraph\">Emma sok\u00e1ig nem \u00e9rtette, amit l\u00e1tott.<\/p>\n\n\n\n<p class=\"wp-block-paragraph\">Csak k\u00e9s\u0151 d\u00e9lut\u00e1n kellett volna haza\u00e9rnie. Az \u00fczleti tal\u00e1lkoz\u00f3 azonban, amire a szomsz\u00e9dos v\u00e1rosba ment, sokkal kor\u00e1bban v\u00e9get \u00e9rt. \u00datk\u00f6zben \u00fagy d\u00f6nt\u00f6tt, meglepi Danielt.<\/p>\n\n\n\n<p class=\"wp-block-paragraph\">Beugrott a kedvenc cukr\u00e1szd\u00e1j\u00e1ba, \u00e9s megvette a desszertet, amit \u00e1ltal\u00e1ban egy\u00fctt ettek vacsora ut\u00e1n. M\u00e9g egy r\u00f6vid \u00fczenetet is \u00edrt neki, de v\u00e9g\u00fcl t\u00f6r\u00f6lte.<\/p>\n\n\n\n<p class=\"wp-block-paragraph\">L\u00e1tni akarta a reakci\u00f3j\u00e1t, amikor v\u00e1ratlanul megl\u00e1tja az ajt\u00f3ban.<\/p>\n\n\n\n<p class=\"wp-block-paragraph\">Amikor kinyitotta az ajt\u00f3t, minden csendes volt.<\/p>\n\n\n\n<p class=\"wp-block-paragraph\">Letette a t\u00e1sk\u00e1j\u00e1t az asztalra, \u00e9s \u00e9szrevette, hogy Daniel aut\u00f3ja a h\u00e1z el\u0151tt parkol.<\/p>\n\n\n\n<p class=\"wp-block-paragraph\">Semmi szokatlan.<\/p>\n\n\n\n<p class=\"wp-block-paragraph\">Azt\u00e1n nevet\u00e9st hallott.<\/p>\n\n\n\n<p class=\"wp-block-paragraph\">Egy n\u0151i hangot.<\/p>\n\n\n\n<p class=\"wp-block-paragraph\">Emma mozdulatlanul \u00e1llt.<\/p>\n\n\n\n<p class=\"wp-block-paragraph\">A hang fentr\u0151l j\u00f6tt.<\/p>\n\n\n\n<p class=\"wp-block-paragraph\">\u201eDaniel, biztos vagy benne, hogy est\u00e9re visszaj\u00f6n?\u201d \u2013 k\u00e9rdezte a n\u0151i hang.<\/p>\n\n\n\n<p class=\"wp-block-paragraph\">Emma a desszertes dobozt szorongatta.<\/p>\n\n\n\n<p class=\"wp-block-paragraph\">Felismerte a hangot.<\/p>\n\n\n\n<p class=\"wp-block-paragraph\">Sophia volt.<\/p>\n\n\n\n<p class=\"wp-block-paragraph\">A saj\u00e1t b\u00e1tyja feles\u00e9ge.<\/p>\n\n\n\n<p class=\"wp-block-paragraph\">\u201eNe agg\u00f3dj. Tal\u00e1lkoz\u00f3ja van k\u00fclf\u00f6ld\u00f6n\u201d \u2013 v\u00e1laszolta Daniel.<\/p>\n\n\n\n<p class=\"wp-block-paragraph\">Emma lassan felment a l\u00e9pcs\u0151n.<\/p>\n\n\n\n<p class=\"wp-block-paragraph\">Mindegyik l\u00e9p\u00e9s nehezebb volt, mint az el\u0151z\u0151.<\/p>\n\n\n\n<p class=\"wp-block-paragraph\">A h\u00e1l\u00f3szoba ajtaja r\u00e9snyire nyitva volt.<\/p>\n\n\n\n<p class=\"wp-block-paragraph\">Bekukucsk\u00e1lt.<\/p>\n\n\n\n<p class=\"wp-block-paragraph\">Daniel az \u00e1gy mellett \u00e1llt.<\/p>\n\n\n\n<p class=\"wp-block-paragraph\">\u00c9s Sophia vele volt.<\/p>\n\n\n\n<p class=\"wp-block-paragraph\">Emma egy pillanat alatt mindent meg\u00e9rtett.<\/p>\n\n\n\n<p class=\"wp-block-paragraph\">Nem f\u00e9lre\u00e9rt\u00e9s volt.<\/p>\n\n\n\n<p class=\"wp-block-paragraph\">Nem egyszeri hiba volt.<\/p>\n\n\n\n<p class=\"wp-block-paragraph\">Mindketten el\u00e1rult\u00e1k.<\/p>\n\n\n\n<p class=\"wp-block-paragraph\">Daniel, a f\u00e9rfi, akiben megb\u00edzott.<\/p>\n\n\n\n<p class=\"wp-block-paragraph\">\u00c9s Sophia, a n\u0151, akit \u00e9vekig szinte a n\u0151v\u00e9r\u00e9nek tekintett.<\/p>\n\n\n\n<p class=\"wp-block-paragraph\">Emma egy sz\u00f3t sem sz\u00f3lt.<\/p>\n\n\n\n<p class=\"wp-block-paragraph\">Csak lassan becsukta az ajt\u00f3t.<\/p>\n\n\n\n<p class=\"wp-block-paragraph\">Lement a f\u00f6ldszintre.<\/p>\n\n\n\n<p class=\"wp-block-paragraph\">Felvette a t\u00e1sk\u00e1j\u00e1t.<\/p>\n\n\n\n<p class=\"wp-block-paragraph\">A desszertes dobozt a kuk\u00e1ba dobta.<\/p>\n\n\n\n<p class=\"wp-block-paragraph\">\u00c9s elment.<\/p>\n\n\n\n<p class=\"wp-block-paragraph\">Daniel \u00e9szre sem vette, hogy otthon van.<\/p>\n\n\n\n<p class=\"wp-block-paragraph\">Ez fontos volt Emm\u00e1nak.<\/p>\n\n\n\n<p class=\"wp-block-paragraph\">Id\u0151re volt sz\u00fcks\u00e9ge.<\/p>\n\n\n\n<p class=\"wp-block-paragraph\">Nem akart sik\u00edtani.<\/p>\n\n\n\n<p class=\"wp-block-paragraph\">Nem akart es\u00e9lyt adni neki, hogy kifog\u00e1st keressen.<\/p>\n\n\n\n<p class=\"wp-block-paragraph\">Nem akarta hallani, hogy \u201enem sz\u00e1m\u00edt\u201d, vagy hogy \u201ehiba volt\u201d.<\/p>\n\n\n\n<p class=\"wp-block-paragraph\">\u00dagy d\u00f6nt\u00f6tt, el\u0151sz\u00f6r kider\u00edti az igazs\u00e1got.<\/p>\n\n\n\n<p class=\"wp-block-paragraph\">\u00c9s az igazs\u00e1g sokkal rosszabb volt, mint k\u00e9pzelte volna.<\/p>\n\n\n\n<p class=\"wp-block-paragraph\">M\u00e1snap reggel Daniel teljesen norm\u00e1lisan viselkedett.<\/p>\n\n\n\n<p class=\"wp-block-paragraph\">\u201eHogy ment a megbesz\u00e9l\u00e9s?\u201d \u2013 k\u00e9rdezte reggeli k\u00f6zben.<\/p>\n\n\n\n<p class=\"wp-block-paragraph\">Emma r\u00e1n\u00e9zett.<\/p>\n\n\n\n<p class=\"wp-block-paragraph\">\u201eRendben.\u201d<\/p>\n\n\n\n<p class=\"wp-block-paragraph\">\u201eEgy kicsit f\u00e1radt vagy.\u201d<\/p>\n\n\n\n<p class=\"wp-block-paragraph\">\u201eHossz\u00fa nap.\u201d<\/p>\n\n\n\n<p class=\"wp-block-paragraph\">Daniel elmosolyodott.<\/p>\n\n\n\n<p class=\"wp-block-paragraph\">Fogalma sem volt, hogy a vele szemben \u00fcl\u0151 n\u0151 m\u00e1r tudja.<\/p>\n\n\n\n<p class=\"wp-block-paragraph\">Att\u00f3l a napt\u00f3l kezdve Emma inform\u00e1ci\u00f3kat kezdett gy\u0171jteni.<\/p>\n\n\n\n<p class=\"wp-block-paragraph\">Nem az\u00e9rt, hogy bossz\u00fab\u00f3l k\u00e9mkedjen ut\u00e1na.<\/p>\n\n\n\n<p class=\"wp-block-paragraph\">Tudni akarta, hogy mi\u00f3ta hazudik neki.<\/p>\n\n\n\n<p class=\"wp-block-paragraph\">Felfedezte, hogy Daniel t\u00f6bb k\u00e9szp\u00e9nzfelv\u00e9telt is v\u00e9grehajtott, annak ellen\u00e9re, hogy azt \u00e1ll\u00edtotta, hogy a c\u00e9ges k\u00e1rty\u00e1j\u00e1t haszn\u00e1lja \u00fczleti utakra.<\/p>\n\n\n\n<p class=\"wp-block-paragraph\">Sz\u00e1llodafoglal\u00e1sokat tal\u00e1lt.<\/p>\n\n\n\n<p class=\"wp-block-paragraph\">N\u00e9h\u00e1ny az \u0151 nev\u00e9re sz\u00f3lt.<\/p>\n\n\n\n<p class=\"wp-block-paragraph\">M\u00e1sok a c\u00e9g nev\u00e9re sz\u00f3ltak.<\/p>\n\n\n\n<p class=\"wp-block-paragraph\">Azt\u00e1n r\u00e1bukkant a k\u00f6z\u00f6s utaz\u00e1saikra.<\/p>\n\n\n\n<p class=\"wp-block-paragraph\">Daniel azt mondta neki, hogy egy munkahelyi konferenci\u00e1ra megy.<\/p>\n\n\n\n<p class=\"wp-block-paragraph\">Sophia azt mondta a f\u00e9rj\u00e9nek, hogy egy bar\u00e1tj\u00e1t l\u00e1togatja meg.<\/p>\n\n\n\n<p class=\"wp-block-paragraph\">De a d\u00e1tumok pontosan egyeztek.<\/p>\n\n\n\n<p class=\"wp-block-paragraph\">Emma elkezdte le\u00edrni a d\u00e1tumokat.<\/p>\n\n\n\n<p class=\"wp-block-paragraph\">A helyeket.<\/p>\n\n\n\n<p class=\"wp-block-paragraph\">Az \u00f6sszegeket.<\/p>\n\n\n\n<p class=\"wp-block-paragraph\">A kifog\u00e1sokat.<\/p>\n\n\n\n<p class=\"wp-block-paragraph\">\u00c9s min\u00e9l t\u00f6bb inform\u00e1ci\u00f3t tal\u00e1lt, ann\u00e1l kev\u00e9sb\u00e9 hitte, hogy ez egy k\u00f6tetlen viszony.<\/p>\n\n\n\n<p class=\"wp-block-paragraph\">Legal\u00e1bb nyolc h\u00f3napba telt.<\/p>\n\n\n\n<p class=\"wp-block-paragraph\">Tal\u00e1n tov\u00e1bb is.<\/p>\n\n\n\n<p class=\"wp-block-paragraph\">Egyik este Daniel mosolyogva \u00e9rt haza.<\/p>\n\n\n\n<p class=\"wp-block-paragraph\">\u201eP\u00e9ntek este szabad leszek\u201d \u2013 jelentette be.<\/p>\n\n\n\n<p class=\"wp-block-paragraph\">Emma elmosolyodott.<\/p>\n\n\n\n<p class=\"wp-block-paragraph\">\u201eJ\u00f3.\u201d<\/p>\n\n\n\n<p class=\"wp-block-paragraph\">\u201eElmehetn\u00e9nk valahova.\u201d<\/p>\n\n\n\n<p class=\"wp-block-paragraph\">\u201eElmehetn\u00e9nk.\u201d<\/p>\n\n\n\n<p class=\"wp-block-paragraph\">Danielnek fogalma sem volt r\u00f3la, hogy Emm\u00e1nak m\u00e1r volt egy saj\u00e1t terve.<\/p>\n\n\n\n<p class=\"wp-block-paragraph\">Cs\u00fct\u00f6rt\u00f6k este azt mondta:<\/p>\n\n\n\n<p class=\"wp-block-paragraph\">\u201eP\u00e9nteken any\u00e1n\u00e1l alszom. Seg\u00edts\u00e9gre van sz\u00fcks\u00e9ge n\u00e9h\u00e1ny dologban. Csak szombaton j\u00f6v\u00f6k vissza.\u201d<\/p>\n\n\n\n<p class=\"wp-block-paragraph\">Daniel szem\u00f6ld\u00f6ke egy pillanatra felvonta a fej\u00e9t.<\/p>\n\n\n\n<p class=\"wp-block-paragraph\">\u201eRendben.\u201d<\/p>\n\n\n\n<p class=\"wp-block-paragraph\">T\u00fal gyors volt.<\/p>\n\n\n\n<p class=\"wp-block-paragraph\">T\u00fal k\u00f6nny\u0171.<\/p>\n\n\n\n<p class=\"wp-block-paragraph\">Emma \u00e9szrevette.<\/p>\n\n\n\n<p class=\"wp-block-paragraph\">P\u00e9ntek este val\u00f3ban elment.<\/p>\n\n\n\n<figure class=\"wp-block-image size-large\"><img loading=\"lazy\" decoding=\"async\" width=\"847\" height=\"1024\" src=\"https:\/\/vengria.info\/wp-content\/uploads\/2026\/08\/aszdXwadszxwdasz-847x1024.jpg\" alt=\"\" class=\"wp-image-18106\" srcset=\"https:\/\/vengria.info\/wp-content\/uploads\/2026\/08\/aszdXwadszxwdasz-847x1024.jpg 847w, https:\/\/vengria.info\/wp-content\/uploads\/2026\/08\/aszdXwadszxwdasz-248x300.jpg 248w, https:\/\/vengria.info\/wp-content\/uploads\/2026\/08\/aszdXwadszxwdasz-768x928.jpg 768w, https:\/\/vengria.info\/wp-content\/uploads\/2026\/08\/aszdXwadszxwdasz.jpg 940w\" sizes=\"auto, (max-width: 847px) 100vw, 847px\" \/><\/figure>\n\n\n\n<p class=\"wp-block-paragraph\">De n\u00e9h\u00e1ny \u00f3r\u00e1val k\u00e9s\u0151bb visszat\u00e9rt.<\/p>\n\n\n\n<p class=\"wp-block-paragraph\">Nem ment haza.<\/p>\n\n\n\n<p class=\"wp-block-paragraph\">Leparkolt az utc\u00e1n.<\/p>\n\n\n\n<p class=\"wp-block-paragraph\">\u00c9s v\u00e1rt.<\/p>\n\n\n\n<p class=\"wp-block-paragraph\">Egy aut\u00f3 \u00e1llt meg r\u00f6viddel kilenc ut\u00e1n.<\/p>\n\n\n\n<p class=\"wp-block-paragraph\">Sophia kisz\u00e1llt.<\/p>\n\n\n\n<p class=\"wp-block-paragraph\">N\u00e9h\u00e1ny perccel k\u00e9s\u0151bb bel\u00e9pett a h\u00e1zba.<\/p>\n\n\n\n<p class=\"wp-block-paragraph\">Emma becsukta a szem\u00e9t.<\/p>\n\n\n\n<p class=\"wp-block-paragraph\">Nem kellett t\u00f6bb bizony\u00edt\u00e9k.<\/p>\n\n\n\n<p class=\"wp-block-paragraph\">De kellett valami m\u00e1s.<\/p>\n\n\n\n<p class=\"wp-block-paragraph\">Dokumentumok.<\/p>\n\n\n\n<p class=\"wp-block-paragraph\">A p\u00e9nz igazol\u00e1sa.<\/p>\n\n\n\n<p class=\"wp-block-paragraph\">Bizony\u00edt\u00e9k a hazugs\u00e1gaikra.<\/p>\n\n\n\n<p class=\"wp-block-paragraph\">\u00c9s ami a legfontosabb, az ok, ami\u00e9rt \u00fagy d\u00f6nt\u00f6ttek, hogy k\u00e9t h\u00e1zass\u00e1got kock\u00e1ztatnak.<\/p>\n\n\n\n<p class=\"wp-block-paragraph\">N\u00e9h\u00e1ny nappal k\u00e9s\u0151bb Emma felkeresett egy \u00fcgyv\u00e9det.<\/p>\n\n\n\n<p class=\"wp-block-paragraph\">Letette a dosszi\u00e9t az \u00fcgyv\u00e9d el\u00e9.<\/p>\n\n\n\n<p class=\"wp-block-paragraph\">\u201e\u00c9n nem csak v\u00e1lni akarok.\u201d<\/p>\n\n\n\n<p class=\"wp-block-paragraph\">Az \u00fcgyv\u00e9d \u00e1tn\u00e9zte.<\/p>\n\n\n\n<p class=\"wp-block-paragraph\">\u201eSz\u00f3val mit akar?\u201d<\/p>\n\n\n\n<p class=\"wp-block-paragraph\">Emma nyugodtan v\u00e1laszolt:<\/p>\n\n\n\n<p class=\"wp-block-paragraph\">\u201eAzt akarom, hogy ne mondhatj\u00e1k t\u00f6bb\u00e9 azt, hogy semmi sem t\u00f6rt\u00e9nt.\u201d<\/p>\n\n\n\n<p class=\"wp-block-paragraph\">Cselekedni kezdett.<\/p>\n\n\n\n<p class=\"wp-block-paragraph\">R\u00e1j\u00f6tt, hogy Daniel nem csak megcsalja \u0151ket.<\/p>\n\n\n\n<p class=\"wp-block-paragraph\">Rendszeresen utalt p\u00e9nzt a k\u00f6z\u00f6s sz\u00e1ml\u00e1jukr\u00f3l egy olyan sz\u00e1ml\u00e1ra, amelyr\u0151l Emma soha nem tudott.<\/p>\n\n\n\n<p class=\"wp-block-paragraph\">A p\u00e9nz egy r\u00e9sze k\u00e9szp\u00e9nzben t\u0171nt el.<\/p>\n\n\n\n<p class=\"wp-block-paragraph\">A p\u00e9nz egy r\u00e9sze hotelszob\u00e1kra ment el.<\/p>\n\n\n\n<p class=\"wp-block-paragraph\">\u00c9s a kifizet\u00e9sek egy r\u00e9sze m\u00e9g a lak\u00e1sv\u00e1s\u00e1rl\u00e1shoz is kapcsol\u00f3dott.<\/p>\n\n\n\n<p class=\"wp-block-paragraph\">Emma meg\u00e9rtett valami r\u00e9miszt\u0151t.<\/p>\n\n\n\n<p class=\"wp-block-paragraph\">Daniel val\u00f3sz\u00edn\u0171leg nem csak viszonyt tervezett.<\/p>\n\n\n\n<p class=\"wp-block-paragraph\">\u00daj \u00e9letet k\u00e9sz\u00edtett mag\u00e1nak.<\/p>\n\n\n\n<p class=\"wp-block-paragraph\">Sophi\u00e1val.<\/p>\n\n\n\n<p class=\"wp-block-paragraph\">\u00c9s tal\u00e1n arra sz\u00e1m\u00edtott, hogy Emma nem fogja megtudni.<\/p>\n\n\n\n<p class=\"wp-block-paragraph\">De azt\u00e1n j\u00f6tt az utols\u00f3 r\u00e9szlet.<\/p>\n\n\n\n<p class=\"wp-block-paragraph\">Egy r\u00e9gi e-mailben Emma tal\u00e1lt egy \u00fczenetet Danielt\u0151l Sophi\u00e1nak.<\/p>\n\n\n\n<p class=\"wp-block-paragraph\">\u201eAmikor elj\u00f6n az ideje, mindketten v\u00e9get vet\u00fcnk ennek, \u00e9s \u00fajrakezdj\u00fck.\u201d<\/p>\n\n\n\n<p class=\"wp-block-paragraph\">Emma t\u00f6bbsz\u00f6r is elolvasta az \u00fczenetet.<\/p>\n\n\n\n<p class=\"wp-block-paragraph\">Azt\u00e1n elmosolyodott.<\/p>\n\n\n\n<p class=\"wp-block-paragraph\">Eld\u0151lt.<\/p>\n\n\n\n<p class=\"wp-block-paragraph\">A k\u00f6vetkez\u0151 h\u00e9ten mindk\u00e9t csal\u00e1dnak megh\u00edv\u00f3kat k\u00fcld\u00f6tt.<\/p>\n\n\n\n<p class=\"wp-block-paragraph\">Egy csal\u00e1di vacsora.<\/p>\n\n\n\n<p class=\"wp-block-paragraph\">Daniel meglep\u0151d\u00f6tt.<\/p>\n\n\n\n<p class=\"wp-block-paragraph\">\u201eMi\u00e9rt hirtelen ilyen vacsora?\u201d<\/p>\n\n\n\n<p class=\"wp-block-paragraph\">Emma v\u00e1llat vont.<\/p>\n\n\n\n<p class=\"wp-block-paragraph\">\u201eAzt akarom, hogy mindannyian egy\u00fctt legy\u00fcnk.\u201d<\/p>\n\n\n\n<p class=\"wp-block-paragraph\">Sophia is elj\u00f6tt.<\/p>\n\n\n\n<p class=\"wp-block-paragraph\">A f\u00e9rje mellett.<\/p>\n\n\n\n<p class=\"wp-block-paragraph\">Teljesen nyugodtnak t\u0171nt.<\/p>\n\n\n\n<p class=\"wp-block-paragraph\"><\/p>\n","protected":false},"excerpt":{"rendered":"Nem csin\u00e1lt jelenetet, nem s\u00edrt, \u00e9s nem mondta el senkinek. Ehelyett napokig csendben maradt, terveket sz\u0151tt. Amikor megh\u00edvta a k\u00e9t szerelmest egy csal\u00e1di \n<a class=\"moretag\" href=\"https:\/\/vengria.info\/?p=18104\"> [...]<\/a>","protected":false},"author":1,"featured_media":18106,"comment_status":"open","ping_status":"open","sticky":false,"template":"","format":"standard","meta":{"footnotes":""},"categories":[1,2],"tags":[],"class_list":["post-18104","post","type-post","status-publish","format-standard","has-post-thumbnail","hentry","category-news","category-video"],"yoast_head":"<!-- This site is optimized with the Yoast SEO plugin v28.3 - https:\/\/yoast.com\/product\/yoast-seo-wordpress\/ -->\n<title>Egy feles\u00e9g rajtakapta a f\u00e9rj\u00e9t, amint a saj\u00e1t b\u00e1tyja feles\u00e9g\u00e9vel \u00e1gyban van. -<\/title>\n<meta name=\"robots\" content=\"index, follow, max-snippet:-1, max-image-preview:large, max-video-preview:-1\" \/>\n<link rel=\"canonical\" href=\"https:\/\/vengria.info\/?p=18104\" \/>\n<meta property=\"og:locale\" content=\"en_US\" \/>\n<meta property=\"og:type\" content=\"article\" \/>\n<meta property=\"og:title\" content=\"Egy feles\u00e9g rajtakapta a f\u00e9rj\u00e9t, amint a saj\u00e1t b\u00e1tyja feles\u00e9g\u00e9vel \u00e1gyban van. -\" \/>\n<meta property=\"og:description\" content=\"Nem csin\u00e1lt jelenetet, nem s\u00edrt, \u00e9s nem mondta el senkinek. Ehelyett napokig csendben maradt, terveket sz\u0151tt. Amikor megh\u00edvta a k\u00e9t szerelmest egy csal\u00e1di\" \/>\n<meta property=\"og:url\" content=\"https:\/\/vengria.info\/?p=18104\" \/>\n<meta property=\"article:published_time\" content=\"2026-08-31T11:32:41+00:00\" \/>\n<meta property=\"og:image\" content=\"https:\/\/vengria.info\/wp-content\/uploads\/2026\/08\/aszdXwadszxwdasz.jpg\" \/>\n\t<meta property=\"og:image:width\" content=\"940\" \/>\n\t<meta property=\"og:image:height\" content=\"1136\" \/>\n\t<meta property=\"og:image:type\" content=\"image\/jpeg\" \/>\n<meta name=\"author\" content=\"admin\" \/>\n<meta name=\"twitter:card\" content=\"summary_large_image\" \/>\n<meta name=\"twitter:label1\" content=\"Written by\" \/>\n\t<meta name=\"twitter:data1\" content=\"admin\" \/>\n\t<meta name=\"twitter:label2\" content=\"Est. reading time\" \/>\n\t<meta name=\"twitter:data2\" content=\"4 minutes\" \/>\n<script type=\"application\/ld+json\" class=\"yoast-schema-graph\">{\"@context\":\"https:\\\/\\\/schema.org\",\"@graph\":[{\"@type\":\"Article\",\"@id\":\"https:\\\/\\\/vengria.info\\\/?p=18104#article\",\"isPartOf\":{\"@id\":\"https:\\\/\\\/vengria.info\\\/?p=18104\"},\"author\":{\"name\":\"admin\",\"@id\":\"https:\\\/\\\/vengria.info\\\/#\\\/schema\\\/person\\\/b815b04a6b1fb36a2d064955a92f68d4\"},\"headline\":\"Egy feles\u00e9g rajtakapta a f\u00e9rj\u00e9t, amint a saj\u00e1t b\u00e1tyja feles\u00e9g\u00e9vel \u00e1gyban van.\",\"datePublished\":\"2026-08-31T11:32:41+00:00\",\"mainEntityOfPage\":{\"@id\":\"https:\\\/\\\/vengria.info\\\/?p=18104\"},\"wordCount\":1106,\"commentCount\":0,\"image\":{\"@id\":\"https:\\\/\\\/vengria.info\\\/?p=18104#primaryimage\"},\"thumbnailUrl\":\"https:\\\/\\\/vengria.info\\\/wp-content\\\/uploads\\\/2026\\\/08\\\/aszdXwadszxwdasz.jpg\",\"articleSection\":[\"NEWS\",\"VIDEO\"],\"inLanguage\":\"en-US\",\"potentialAction\":[{\"@type\":\"CommentAction\",\"name\":\"Comment\",\"target\":[\"https:\\\/\\\/vengria.info\\\/?p=18104#respond\"]}]},{\"@type\":\"WebPage\",\"@id\":\"https:\\\/\\\/vengria.info\\\/?p=18104\",\"url\":\"https:\\\/\\\/vengria.info\\\/?p=18104\",\"name\":\"Egy feles\u00e9g rajtakapta a f\u00e9rj\u00e9t, amint a saj\u00e1t b\u00e1tyja feles\u00e9g\u00e9vel \u00e1gyban van. -\",\"isPartOf\":{\"@id\":\"https:\\\/\\\/vengria.info\\\/#website\"},\"primaryImageOfPage\":{\"@id\":\"https:\\\/\\\/vengria.info\\\/?p=18104#primaryimage\"},\"image\":{\"@id\":\"https:\\\/\\\/vengria.info\\\/?p=18104#primaryimage\"},\"thumbnailUrl\":\"https:\\\/\\\/vengria.info\\\/wp-content\\\/uploads\\\/2026\\\/08\\\/aszdXwadszxwdasz.jpg\",\"datePublished\":\"2026-08-31T11:32:41+00:00\",\"author\":{\"@id\":\"https:\\\/\\\/vengria.info\\\/#\\\/schema\\\/person\\\/b815b04a6b1fb36a2d064955a92f68d4\"},\"breadcrumb\":{\"@id\":\"https:\\\/\\\/vengria.info\\\/?p=18104#breadcrumb\"},\"inLanguage\":\"en-US\",\"potentialAction\":[{\"@type\":\"ReadAction\",\"target\":[\"https:\\\/\\\/vengria.info\\\/?p=18104\"]}]},{\"@type\":\"ImageObject\",\"inLanguage\":\"en-US\",\"@id\":\"https:\\\/\\\/vengria.info\\\/?p=18104#primaryimage\",\"url\":\"https:\\\/\\\/vengria.info\\\/wp-content\\\/uploads\\\/2026\\\/08\\\/aszdXwadszxwdasz.jpg\",\"contentUrl\":\"https:\\\/\\\/vengria.info\\\/wp-content\\\/uploads\\\/2026\\\/08\\\/aszdXwadszxwdasz.jpg\",\"width\":940,\"height\":1136},{\"@type\":\"BreadcrumbList\",\"@id\":\"https:\\\/\\\/vengria.info\\\/?p=18104#breadcrumb\",\"itemListElement\":[{\"@type\":\"ListItem\",\"position\":1,\"name\":\"Home\",\"item\":\"https:\\\/\\\/vengria.info\\\/\"},{\"@type\":\"ListItem\",\"position\":2,\"name\":\"Egy feles\u00e9g rajtakapta a f\u00e9rj\u00e9t, amint a saj\u00e1t b\u00e1tyja feles\u00e9g\u00e9vel \u00e1gyban van.\"}]},{\"@type\":\"WebSite\",\"@id\":\"https:\\\/\\\/vengria.info\\\/#website\",\"url\":\"https:\\\/\\\/vengria.info\\\/\",\"name\":\"\",\"description\":\"\",\"potentialAction\":[{\"@type\":\"SearchAction\",\"target\":{\"@type\":\"EntryPoint\",\"urlTemplate\":\"https:\\\/\\\/vengria.info\\\/?s={search_term_string}\"},\"query-input\":{\"@type\":\"PropertyValueSpecification\",\"valueRequired\":true,\"valueName\":\"search_term_string\"}}],\"inLanguage\":\"en-US\"},{\"@type\":\"Person\",\"@id\":\"https:\\\/\\\/vengria.info\\\/#\\\/schema\\\/person\\\/b815b04a6b1fb36a2d064955a92f68d4\",\"name\":\"admin\",\"image\":{\"@type\":\"ImageObject\",\"inLanguage\":\"en-US\",\"@id\":\"https:\\\/\\\/secure.gravatar.com\\\/avatar\\\/a29bad30ab19883c48927f9ee55a40d0d1a0c3c343bcef70ad9a0a9cb421f0fa?s=96&d=mm&r=g\",\"url\":\"https:\\\/\\\/secure.gravatar.com\\\/avatar\\\/a29bad30ab19883c48927f9ee55a40d0d1a0c3c343bcef70ad9a0a9cb421f0fa?s=96&d=mm&r=g\",\"contentUrl\":\"https:\\\/\\\/secure.gravatar.com\\\/avatar\\\/a29bad30ab19883c48927f9ee55a40d0d1a0c3c343bcef70ad9a0a9cb421f0fa?s=96&d=mm&r=g\",\"caption\":\"admin\"},\"sameAs\":[\"http:\\\/\\\/vengria.info\"],\"url\":\"https:\\\/\\\/vengria.info\\\/?author=1\"}]}<\/script>\n<!-- \/ Yoast SEO plugin. -->","yoast_head_json":{"title":"Egy feles\u00e9g rajtakapta a f\u00e9rj\u00e9t, amint a saj\u00e1t b\u00e1tyja feles\u00e9g\u00e9vel \u00e1gyban van. -","robots":{"index":"index","follow":"follow","max-snippet":"max-snippet:-1","max-image-preview":"max-image-preview:large","max-video-preview":"max-video-preview:-1"},"canonical":"https:\/\/vengria.info\/?p=18104","og_locale":"en_US","og_type":"article","og_title":"Egy feles\u00e9g rajtakapta a f\u00e9rj\u00e9t, amint a saj\u00e1t b\u00e1tyja feles\u00e9g\u00e9vel \u00e1gyban van. -","og_description":"Nem csin\u00e1lt jelenetet, nem s\u00edrt, \u00e9s nem mondta el senkinek. Ehelyett napokig csendben maradt, terveket sz\u0151tt. Amikor megh\u00edvta a k\u00e9t szerelmest egy csal\u00e1di","og_url":"https:\/\/vengria.info\/?p=18104","article_published_time":"2026-08-31T11:32:41+00:00","og_image":[{"width":940,"height":1136,"url":"https:\/\/vengria.info\/wp-content\/uploads\/2026\/08\/aszdXwadszxwdasz.jpg","type":"image\/jpeg"}],"author":"admin","twitter_card":"summary_large_image","twitter_misc":{"Written by":"admin","Est. reading time":"4 minutes"},"schema":{"@context":"https:\/\/schema.org","@graph":[{"@type":"Article","@id":"https:\/\/vengria.info\/?p=18104#article","isPartOf":{"@id":"https:\/\/vengria.info\/?p=18104"},"author":{"name":"admin","@id":"https:\/\/vengria.info\/#\/schema\/person\/b815b04a6b1fb36a2d064955a92f68d4"},"headline":"Egy feles\u00e9g rajtakapta a f\u00e9rj\u00e9t, amint a saj\u00e1t b\u00e1tyja feles\u00e9g\u00e9vel \u00e1gyban van.","datePublished":"2026-08-31T11:32:41+00:00","mainEntityOfPage":{"@id":"https:\/\/vengria.info\/?p=18104"},"wordCount":1106,"commentCount":0,"image":{"@id":"https:\/\/vengria.info\/?p=18104#primaryimage"},"thumbnailUrl":"https:\/\/vengria.info\/wp-content\/uploads\/2026\/08\/aszdXwadszxwdasz.jpg","articleSection":["NEWS","VIDEO"],"inLanguage":"en-US","potentialAction":[{"@type":"CommentAction","name":"Comment","target":["https:\/\/vengria.info\/?p=18104#respond"]}]},{"@type":"WebPage","@id":"https:\/\/vengria.info\/?p=18104","url":"https:\/\/vengria.info\/?p=18104","name":"Egy feles\u00e9g rajtakapta a f\u00e9rj\u00e9t, amint a saj\u00e1t b\u00e1tyja feles\u00e9g\u00e9vel \u00e1gyban van. -","isPartOf":{"@id":"https:\/\/vengria.info\/#website"},"primaryImageOfPage":{"@id":"https:\/\/vengria.info\/?p=18104#primaryimage"},"image":{"@id":"https:\/\/vengria.info\/?p=18104#primaryimage"},"thumbnailUrl":"https:\/\/vengria.info\/wp-content\/uploads\/2026\/08\/aszdXwadszxwdasz.jpg","datePublished":"2026-08-31T11:32:41+00:00","author":{"@id":"https:\/\/vengria.info\/#\/schema\/person\/b815b04a6b1fb36a2d064955a92f68d4"},"breadcrumb":{"@id":"https:\/\/vengria.info\/?p=18104#breadcrumb"},"inLanguage":"en-US","potentialAction":[{"@type":"ReadAction","target":["https:\/\/vengria.info\/?p=18104"]}]},{"@type":"ImageObject","inLanguage":"en-US","@id":"https:\/\/vengria.info\/?p=18104#primaryimage","url":"https:\/\/vengria.info\/wp-content\/uploads\/2026\/08\/aszdXwadszxwdasz.jpg","contentUrl":"https:\/\/vengria.info\/wp-content\/uploads\/2026\/08\/aszdXwadszxwdasz.jpg","width":940,"height":1136},{"@type":"BreadcrumbList","@id":"https:\/\/vengria.info\/?p=18104#breadcrumb","itemListElement":[{"@type":"ListItem","position":1,"name":"Home","item":"https:\/\/vengria.info\/"},{"@type":"ListItem","position":2,"name":"Egy feles\u00e9g rajtakapta a f\u00e9rj\u00e9t, amint a saj\u00e1t b\u00e1tyja feles\u00e9g\u00e9vel \u00e1gyban van."}]},{"@type":"WebSite","@id":"https:\/\/vengria.info\/#website","url":"https:\/\/vengria.info\/","name":"","description":"","potentialAction":[{"@type":"SearchAction","target":{"@type":"EntryPoint","urlTemplate":"https:\/\/vengria.info\/?s={search_term_string}"},"query-input":{"@type":"PropertyValueSpecification","valueRequired":true,"valueName":"search_term_string"}}],"inLanguage":"en-US"},{"@type":"Person","@id":"https:\/\/vengria.info\/#\/schema\/person\/b815b04a6b1fb36a2d064955a92f68d4","name":"admin","image":{"@type":"ImageObject","inLanguage":"en-US","@id":"https:\/\/secure.gravatar.com\/avatar\/a29bad30ab19883c48927f9ee55a40d0d1a0c3c343bcef70ad9a0a9cb421f0fa?s=96&d=mm&r=g","url":"https:\/\/secure.gravatar.com\/avatar\/a29bad30ab19883c48927f9ee55a40d0d1a0c3c343bcef70ad9a0a9cb421f0fa?s=96&d=mm&r=g","contentUrl":"https:\/\/secure.gravatar.com\/avatar\/a29bad30ab19883c48927f9ee55a40d0d1a0c3c343bcef70ad9a0a9cb421f0fa?s=96&d=mm&r=g","caption":"admin"},"sameAs":["http:\/\/vengria.info"],"url":"https:\/\/vengria.info\/?author=1"}]}},"_links":{"self":[{"href":"https:\/\/vengria.info\/index.php?rest_route=\/wp\/v2\/posts\/18104","targetHints":{"allow":["GET"]}}],"collection":[{"href":"https:\/\/vengria.info\/index.php?rest_route=\/wp\/v2\/posts"}],"about":[{"href":"https:\/\/vengria.info\/index.php?rest_route=\/wp\/v2\/types\/post"}],"author":[{"embeddable":true,"href":"https:\/\/vengria.info\/index.php?rest_route=\/wp\/v2\/users\/1"}],"replies":[{"embeddable":true,"href":"https:\/\/vengria.info\/index.php?rest_route=%2Fwp%2Fv2%2Fcomments&post=18104"}],"version-history":[{"count":1,"href":"https:\/\/vengria.info\/index.php?rest_route=\/wp\/v2\/posts\/18104\/revisions"}],"predecessor-version":[{"id":18108,"href":"https:\/\/vengria.info\/index.php?rest_route=\/wp\/v2\/posts\/18104\/revisions\/18108"}],"wp:featuredmedia":[{"embeddable":true,"href":"https:\/\/vengria.info\/index.php?rest_route=\/wp\/v2\/media\/18106"}],"wp:attachment":[{"href":"https:\/\/vengria.info\/index.php?rest_route=%2Fwp%2Fv2%2Fmedia&parent=18104"}],"wp:term":[{"taxonomy":"category","embeddable":true,"href":"https:\/\/vengria.info\/index.php?rest_route=%2Fwp%2Fv2%2Fcategories&post=18104"},{"taxonomy":"post_tag","embeddable":true,"href":"https:\/\/vengria.info\/index.php?rest_route=%2Fwp%2Fv2%2Ftags&post=18104"}],"curies":[{"name":"wp","href":"https:\/\/api.w.org\/{rel}","templated":true}]}}