{"id":18097,"date":"2026-08-31T11:12:07","date_gmt":"2026-08-31T11:12:07","guid":{"rendered":"https:\/\/vengria.info\/?p=18097"},"modified":"2026-08-31T11:12:07","modified_gmt":"2026-08-31T11:12:07","slug":"senki-sem-mert-a-sebesult-kutyahoz-kozeledni","status":"publish","type":"post","link":"https:\/\/vengria.info\/?p=18097","title":{"rendered":"Senki sem mert a sebes\u00fclt kuty\u00e1hoz k\u00f6zeledni."},"content":{"rendered":"\n<p class=\"wp-block-paragraph\">Mindenki tudta, hogy Bruno egyetlen t\u00e1mad\u00e1ssal s\u00falyosan megsebes\u00edthet egy embert. De amikor egy h\u00e1rom\u00e9ves kisl\u00e1ny \u00e9szrevette a seb\u00e9t, \u00e9s haboz\u00e1s n\u00e9lk\u00fcl le\u00fclt mell\u00e9, valami olyasmi t\u00f6rt\u00e9nt, amit m\u00e9g a gazd\u00e1ja sem hitt el.<\/p>\n\n\n\n<p class=\"wp-block-paragraph\">\u00c9s akkor Bruno megmutatta, mit\u0151l f\u00e9lt val\u00f3j\u00e1ban.<\/p>\n\n\n\n<p class=\"wp-block-paragraph\">Marcus Vale birtok\u00e1n sz\u00e1mos szab\u00e1ly volt \u00e9rv\u00e9nyben, amelyeket suttogva adtak tov\u00e1bb az alkalmazottak.<\/p>\n\n\n\n<p class=\"wp-block-paragraph\">Az egyik egyszer\u0171 volt:<\/p>\n\n\n\n<p class=\"wp-block-paragraph\">Ne gyere Bruno k\u00f6zel\u00e9be!<\/p>\n\n\n\n<p class=\"wp-block-paragraph\">A hatalmas fekete kutya \u00e9vek \u00f3ta \u0151rizte a birtok h\u00e1ts\u00f3 r\u00e9sz\u00e9t. Hatalmas feje, sz\u00e9les mellkasa \u00e9s egy hossz\u00fa sebhelye volt a jobb szeme felett. A kifut\u00f3j\u00e1t magas f\u00e9mker\u00edt\u00e9s v\u00e1lasztotta el, \u00e9s dupla ajt\u00f3kkal volt felszerelve.<\/p>\n\n\n\n<p class=\"wp-block-paragraph\">Marcus egyszer fiatal kutyak\u00e9nt hozta be.<\/p>\n\n\n\n<p class=\"wp-block-paragraph\">Az\u00f3ta Bruno csak r\u00e1 hallgatott.<\/p>\n\n\n\n<p class=\"wp-block-paragraph\">Az \u0151r\u00f6k azt \u00e1ll\u00edtott\u00e1k, hogy Bruno t\u00f6bbsz\u00f6r is el\u0171zte a betolakod\u00f3kat, miel\u0151tt azok egy\u00e1ltal\u00e1n a k\u00f6zel\u00fckbe ker\u00fclhettek volna. N\u00e9h\u00e1ny munk\u00e1s m\u00e9g azt is megtagadta, hogy a birtok h\u00e1ts\u00f3 r\u00e9sz\u00e9ben dolgozzon.<\/p>\n\n\n\n<p class=\"wp-block-paragraph\">Senki sem tudta pontosan, mi\u00e9rt volt a kutya olyan agressz\u00edv.<\/p>\n\n\n\n<p class=\"wp-block-paragraph\">Marcus sosem magyar\u00e1zkodott.<\/p>\n\n\n\n<p class=\"wp-block-paragraph\">De azon a reggelen minden megv\u00e1ltozott.<\/p>\n\n\n\n<p class=\"wp-block-paragraph\">Az udvar szokatlanul csendes volt. Marcus \u00e9ppen elhagyta a f\u0151\u00e9p\u00fcletet, amikor egy sikolyt hallott.<\/p>\n\n\n\n<p class=\"wp-block-paragraph\">\u201eBruno fut!\u201d<\/p>\n\n\n\n<p class=\"wp-block-paragraph\">A f\u00e9rfiak k\u00f6z\u00fcl t\u00f6bben azonnal h\u00e1tr\u00e1ltak.<\/p>\n\n\n\n<p class=\"wp-block-paragraph\">A kutya egy r\u00e9gi k\u0151sz\u00f6k\u0151k\u00fat mellett \u00e1llt.<\/p>\n\n\n\n<p class=\"wp-block-paragraph\">Nehezen l\u00e9legzett.<\/p>\n\n\n\n<p class=\"wp-block-paragraph\">Az egyik h\u00e1ts\u00f3 mancsa a f\u00f6ld felett volt, \u00e9s egy s\u00f6t\u00e9t folt volt az oldal\u00e1n.<\/p>\n\n\n\n<p class=\"wp-block-paragraph\">V\u00e9r.<\/p>\n\n\n\n<p class=\"wp-block-paragraph\">Az egyik \u0151r megpr\u00f3b\u00e1lt k\u00f6zelebb l\u00e9pni.<\/p>\n\n\n\n<p class=\"wp-block-paragraph\">Bruno morgott.<\/p>\n\n\n\n<p class=\"wp-block-paragraph\">A f\u00e9rfi azonnal h\u00e1tr\u00e1lt.<\/p>\n\n\n\n<p class=\"wp-block-paragraph\">\u201eMegs\u00e9r\u00fclt\u201d \u2013 mondta.<\/p>\n\n\n\n<p class=\"wp-block-paragraph\">\u201eAkkor h\u00edvja az \u00e1llatorvost\u201d \u2013 v\u00e1laszolta Marcus.<\/p>\n\n\n\n<p class=\"wp-block-paragraph\">\u201eAz \u00e1llatorvos nem fog hozz\u00e1 f\u00e9rni.\u201d<\/p>\n\n\n\n<p class=\"wp-block-paragraph\">Marcus \u00f6sszevonta a szem\u00f6ld\u00f6k\u00e9t.<\/p>\n\n\n\n<p class=\"wp-block-paragraph\">Bruno megs\u00e9r\u00fclt, megijedt, \u00e9s l\u00e1that\u00f3an zavart volt.<\/p>\n\n\n\n<p class=\"wp-block-paragraph\">M\u00e9gis, senkit sem engedett a k\u00f6zel\u00e9be.<\/p>\n\n\n\n<p class=\"wp-block-paragraph\">Akkor kiny\u00edlt a h\u00e1z ajtaja.<\/p>\n\n\n\n<p class=\"wp-block-paragraph\">A kis Emma kirohant.<\/p>\n\n\n\n<p class=\"wp-block-paragraph\">Csak h\u00e1rom\u00e9ves volt.<\/p>\n\n\n\n<p class=\"wp-block-paragraph\">Az anyja n\u00e9h\u00e1ny hete dolgozott a birtokon, \u00e9s aznap reggel a konyh\u00e1ban seg\u00edtett.<\/p>\n\n\n\n<p class=\"wp-block-paragraph\">\u2013 Emma!<\/p>\n\n\n\n<p class=\"wp-block-paragraph\">A n\u0151 megdermedt, amikor megl\u00e1tta a l\u00e1ny\u00e1t, aki egyenesen a hatalmas kutya fel\u00e9 tartott.<\/p>\n\n\n\n<p class=\"wp-block-paragraph\">\u2013 Gyere vissza azonnal!<\/p>\n\n\n\n<p class=\"wp-block-paragraph\">Emma azonban csak egy pillanatra \u00e1llt meg.<\/p>\n\n\n\n<p class=\"wp-block-paragraph\">Brun\u00f3ra n\u00e9zett.<\/p>\n\n\n\n<p class=\"wp-block-paragraph\">Azt\u00e1n a s\u00e9r\u00fclt mancs\u00e1ra.<\/p>\n\n\n\n<p class=\"wp-block-paragraph\">M\u00e9g mindig a kez\u00e9ben tartotta a kis s\u00e1rga v\u00f6dr\u00f6t.<\/p>\n\n\n\n<p class=\"wp-block-paragraph\">\u2013 Van egy bab\u00e1ja \u2013 mondta halkan.<\/p>\n\n\n\n<p class=\"wp-block-paragraph\">\u2013 Emma, \u200b\u200bne menj oda!<\/p>\n\n\n\n<p class=\"wp-block-paragraph\">A gyerek nem hallgatott r\u00e1.<\/p>\n\n\n\n<p class=\"wp-block-paragraph\">Lassan k\u00f6zeledett a sz\u00f6k\u0151k\u00fathoz.<\/p>\n\n\n\n<p class=\"wp-block-paragraph\">Az \u0151r\u00f6k a fegyvereik ut\u00e1n ny\u00faltak.<\/p>\n\n\n\n<p class=\"wp-block-paragraph\">Marcus felemelte a kez\u00e9t.<\/p>\n\n\n\n<p class=\"wp-block-paragraph\">\u2013 Senki sem mozdul.<\/p>\n\n\n\n<p class=\"wp-block-paragraph\">Bruno felemelte a fej\u00e9t.<\/p>\n\n\n\n<p class=\"wp-block-paragraph\">Tekintete tal\u00e1lkozott Emm\u00e1\u00e9val.<\/p>\n\n\n\n<p class=\"wp-block-paragraph\">Az udvar teljes csendben volt.<\/p>\n\n\n\n<p class=\"wp-block-paragraph\">A kutya halkan morgott.<\/p>\n\n\n\n<p class=\"wp-block-paragraph\">Emma nem \u00e1llt meg.<\/p>\n\n\n\n<p class=\"wp-block-paragraph\">N\u00e9h\u00e1ny l\u00e9p\u00e9snyire leguggolt t\u0151le.<\/p>\n\n\n\n<p class=\"wp-block-paragraph\">\u2013 F\u00e1j?<\/p>\n\n\n\n<p class=\"wp-block-paragraph\">Bruno lehajtotta a fej\u00e9t.<\/p>\n\n\n\n<p class=\"wp-block-paragraph\">Emma \u00e9szrevette a v\u00e9rt.<\/p>\n\n\n\n<p class=\"wp-block-paragraph\">\u00d6ssze\u00f6nt\u00f6tt egy kis vizet a sz\u00f6k\u0151k\u00fatb\u00f3l a tenyer\u00e9be, \u00e9s \u00f3vatosan a f\u00e9rfi mancs\u00e1ra helyezte.<\/p>\n\n\n\n<p class=\"wp-block-paragraph\">\u201eNe agg\u00f3dj. Seg\u00edtek.\u201d<\/p>\n\n\n\n<p class=\"wp-block-paragraph\">Bruno megfesz\u00fclt.<\/p>\n\n\n\n<p class=\"wp-block-paragraph\">Az \u0151r\u00f6k arra sz\u00e1m\u00edtottak, hogy t\u00e1madni fog.<\/p>\n\n\n\n<p class=\"wp-block-paragraph\">Marcus is.<\/p>\n\n\n\n<p class=\"wp-block-paragraph\">De a kutya nem tett semmit.<\/p>\n\n\n\n<p class=\"wp-block-paragraph\">Csak becsukta a szem\u00e9t.<\/p>\n\n\n\n<p class=\"wp-block-paragraph\">Emma folytatta.<\/p>\n\n\n\n<p class=\"wp-block-paragraph\">Lemosta a v\u00e9rt a f\u00e9rfi mancs\u00e1r\u00f3l, majd \u00f3vatosan meg\u00e9rintette az oldal\u00e1t.<\/p>\n\n\n\n<p class=\"wp-block-paragraph\">Bruno \u00f6sszerezzent.<\/p>\n\n\n\n<p class=\"wp-block-paragraph\">A l\u00e1ny megdermedt.<\/p>\n\n\n\n<p class=\"wp-block-paragraph\">\u201eEz f\u00e1j.\u201d<\/p>\n\n\n\n<p class=\"wp-block-paragraph\">A kutya halkan felny\u00f6g\u00f6tt.<\/p>\n\n\n\n<p class=\"wp-block-paragraph\">\u00c9s akkor valami m\u00e9g furcs\u00e1bb dolog t\u00f6rt\u00e9nt.<\/p>\n\n\n\n<p class=\"wp-block-paragraph\">Bruno lefek\u00fcdt.<\/p>\n\n\n\n<p class=\"wp-block-paragraph\">Hatalmas fej\u00e9t Emma \u00f6l\u00e9be hajtotta, \u00e9s mozdulatlanul fek\u00fcdt.<\/p>\n\n\n\n<p class=\"wp-block-paragraph\">Emma anyja befogta a sz\u00e1j\u00e1t.<\/p>\n\n\n\n<p class=\"wp-block-paragraph\">Az egyik \u0151r hitetlenkedve suttogta:<\/p>\n\n\n\n<p class=\"wp-block-paragraph\">\u201eEz lehetetlen.\u201d<\/p>\n\n\n\n<p class=\"wp-block-paragraph\">Marcus nem mozdult.<\/p>\n\n\n\n<p class=\"wp-block-paragraph\">Am\u00edg Brun\u00f3t ismerte, soha nem hagyta, hogy egy idegen ellen\u00e1ll\u00e1s n\u00e9lk\u00fcl meg\u00e9rintse.<\/p>\n\n\n\n<p class=\"wp-block-paragraph\">M\u00e9g az \u00e1llatorvosnak is v\u00e9d\u0151felszerel\u00e9st kellett viselnie.<\/p>\n\n\n\n<p class=\"wp-block-paragraph\">\u2013 Bruno \u2013 ki\u00e1ltotta Marcus.<\/p>\n\n\n\n<p class=\"wp-block-paragraph\">A kutya fel sem n\u00e9zett.<\/p>\n\n\n\n<p class=\"wp-block-paragraph\">\u2013 Bruno, gyere ide!<\/p>\n\n\n\n<p class=\"wp-block-paragraph\">Semmi.<\/p>\n\n\n\n<p class=\"wp-block-paragraph\">Emma megsimogatta a kutya fej\u00e9t.<\/p>\n\n\n\n<p class=\"wp-block-paragraph\">\u2013 Nem fog menni.<\/p>\n\n\n\n<p class=\"wp-block-paragraph\">Marcus lassan k\u00f6zeledett fel\u00e9j\u00fck.<\/p>\n\n\n\n<p class=\"wp-block-paragraph\">Bruno azonnal kinyitotta a szem\u00e9t.<\/p>\n\n\n\n<p class=\"wp-block-paragraph\">De ez\u00fattal nem morgott.<\/p>\n\n\n\n<p class=\"wp-block-paragraph\">Marcus m\u00f6g\u00e9 n\u00e9zett.<\/p>\n\n\n\n<p class=\"wp-block-paragraph\">A h\u00e1z h\u00e1ts\u00f3 r\u00e9sze fel\u00e9.<\/p>\n\n\n\n<p class=\"wp-block-paragraph\">Azt\u00e1n megpr\u00f3b\u00e1lt felkelni.<\/p>\n\n\n\n<figure class=\"wp-block-image size-large is-resized\"><img loading=\"lazy\" decoding=\"async\" width=\"572\" height=\"1024\" src=\"https:\/\/vengria.info\/wp-content\/uploads\/2026\/08\/aszxewadszxeaszx-572x1024.jpg\" alt=\"\" class=\"wp-image-18099\" style=\"width:747px;height:auto\" srcset=\"https:\/\/vengria.info\/wp-content\/uploads\/2026\/08\/aszxewadszxeaszx-572x1024.jpg 572w, https:\/\/vengria.info\/wp-content\/uploads\/2026\/08\/aszxewadszxeaszx-167x300.jpg 167w, https:\/\/vengria.info\/wp-content\/uploads\/2026\/08\/aszxewadszxeaszx.jpg 768w\" sizes=\"auto, (max-width: 572px) 100vw, 572px\" \/><\/figure>\n\n\n\n<p class=\"wp-block-paragraph\">De f\u00e1jdalm\u00e1ban visszaesett.<\/p>\n\n\n\n<p class=\"wp-block-paragraph\">Emma megragadta a nyak\u00e1t.<\/p>\n\n\n\n<p class=\"wp-block-paragraph\">\u2013 Ne menj!<\/p>\n\n\n\n<p class=\"wp-block-paragraph\">Marcus valami furcs\u00e1t vett \u00e9szre.<\/p>\n\n\n\n<p class=\"wp-block-paragraph\">Bruno nem f\u00e9lt t\u0151le.<\/p>\n\n\n\n<p class=\"wp-block-paragraph\">Valamit\u0151l f\u00e9lt maga m\u00f6g\u00f6tt.<\/p>\n\n\n\n<p class=\"wp-block-paragraph\">\u2013 Mit l\u00e1tt\u00e1l ott? \u2013 k\u00e9rdezte halkan.<\/p>\n\n\n\n<p class=\"wp-block-paragraph\">A kutya elford\u00edtotta a fej\u00e9t.<\/p>\n\n\n\n<p class=\"wp-block-paragraph\">V\u00e9kony v\u00e9rcs\u00edk volt a f\u00f6ld\u00f6n.<\/p>\n\n\n\n<p class=\"wp-block-paragraph\">Marcus a mancs\u00e1ra n\u00e9zett.<\/p>\n\n\n\n<p class=\"wp-block-paragraph\">Szab\u00e1lyosan cs\u00f6p\u00f6g\u00f6tt r\u00f3la a v\u00e9r.<\/p>\n\n\n\n<p class=\"wp-block-paragraph\">De a nyom az ellenkez\u0151 ir\u00e1nyba vezetett.<\/p>\n\n\n\n<p class=\"wp-block-paragraph\">A h\u00e1ts\u00f3 \u00e9p\u00fclett\u0151l a sz\u00f6k\u0151k\u00fatig.<\/p>\n\n\n\n<p class=\"wp-block-paragraph\">Marcus \u00f6sszevonta a szem\u00f6ld\u00f6k\u00e9t.<\/p>\n\n\n\n<p class=\"wp-block-paragraph\">\u201eBruno nem a kar\u00e1mb\u00f3l j\u00f6tt.\u201d<\/p>\n\n\n\n<p class=\"wp-block-paragraph\">Az egyik \u0151r a f\u00f6ldre n\u00e9zett.<\/p>\n\n\n\n<p class=\"wp-block-paragraph\">\u201eAkkor hov\u00e1?\u201d<\/p>\n\n\n\n<p class=\"wp-block-paragraph\">Marcus k\u00f6vette a nyomot.<\/p>\n\n\n\n<p class=\"wp-block-paragraph\">Elment a gar\u00e1zsok mellett, el a rakt\u00e1r mellett, majd a h\u00e1ts\u00f3 bej\u00e1rathoz.<\/p>\n\n\n\n<p class=\"wp-block-paragraph\">N\u00e9h\u00e1ny m\u00e9ter ut\u00e1n meg\u00e1llt.<\/p>\n\n\n\n<p class=\"wp-block-paragraph\">Egy szakadt ruhadarab hevert a f\u00f6ld\u00f6n.<\/p>\n\n\n\n<p class=\"wp-block-paragraph\">Nem egy kutyanyak\u00f6rvr\u0151l sz\u00e1rmaz\u00f3 anyag volt.<\/p>\n\n\n\n<p class=\"wp-block-paragraph\">Egy emberi ruhadarab volt.<\/p>\n\n\n\n<p class=\"wp-block-paragraph\">Marcus felvette.<\/p>\n\n\n\n<p class=\"wp-block-paragraph\">Felismerte.<\/p>\n\n\n\n<p class=\"wp-block-paragraph\">Az egyik \u00faj alkalmazott\u00e9 volt.<\/p>\n\n\n\n<p class=\"wp-block-paragraph\">Egy Daniel nev\u0171 f\u00e9rfi csak n\u00e9h\u00e1ny napja dolgozott a birtokon.<\/p>\n\n\n\n<p class=\"wp-block-paragraph\">Marcus folytatta.<\/p>\n\n\n\n<p class=\"wp-block-paragraph\">A v\u00e9rnyom egy r\u00e9gi rakt\u00e1rhoz vezetett, amelyet h\u00f3napok \u00f3ta nem haszn\u00e1ltak.<\/p>\n\n\n\n<p class=\"wp-block-paragraph\">Az ajt\u00f3 z\u00e1rva volt.<\/p>\n\n\n\n<p class=\"wp-block-paragraph\">Marcus a kilincs fel\u00e9 ny\u00falt.<\/p>\n\n\n\n<p class=\"wp-block-paragraph\">Halv\u00e1ny kopog\u00e1s hallatszott bel\u00fclr\u0151l.<\/p>\n\n\n\n<p class=\"wp-block-paragraph\">Mindenki elhallgatott.<\/p>\n\n\n\n<p class=\"wp-block-paragraph\">\u201eVan ott valaki?\u201d<\/p>\n\n\n\n<p class=\"wp-block-paragraph\">Semmi v\u00e1lasz.<\/p>\n\n\n\n<p class=\"wp-block-paragraph\">Marcus kinyitotta az ajt\u00f3t.<\/p>\n\n\n\n<p class=\"wp-block-paragraph\">Mindenki megdermedt, amikor kinyitotta.<\/p>\n\n\n\n<p class=\"wp-block-paragraph\">Daniel a szoba sark\u00e1ban fek\u00fcdt.<\/p>\n\n\n\n<p class=\"wp-block-paragraph\">S\u00e9r\u00fclt volt, \u00e9s alig volt eszm\u00e9let\u00e9n\u00e9l.<\/p>\n\n\n\n<p class=\"wp-block-paragraph\">Mellette egy felborult f\u00e9mszekr\u00e9ny \u00e9s t\u00f6bb sz\u00e9tsz\u00f3rt dokumentum hevert.<\/p>\n\n\n\n<p class=\"wp-block-paragraph\">Marcus azonnal seg\u00edts\u00e9get h\u00edvott.<\/p>\n\n\n\n<p class=\"wp-block-paragraph\">\u201eMi t\u00f6rt\u00e9nt?\u201d \u2013 k\u00e9rdezte.<\/p>\n\n\n\n<p class=\"wp-block-paragraph\">Daniel kinyitotta a szem\u00e9t.<\/p>\n\n\n\n<p class=\"wp-block-paragraph\">\u201eA kutya\u2026\u201d<\/p>\n\n\n\n<p class=\"wp-block-paragraph\">\u201eBruno?\u201d<\/p>\n\n\n\n<p class=\"wp-block-paragraph\">A f\u00e9rfi gyeng\u00e9n b\u00f3lintott.<\/p>\n\n\n\n<p class=\"wp-block-paragraph\">\u201eMegmentett.\u201d<\/p>\n\n\n\n<p class=\"wp-block-paragraph\">Marcus megdermedt.<\/p>\n\n\n\n<p class=\"wp-block-paragraph\">Daniel elmagyar\u00e1zta, hogy el\u0151z\u0151 este v\u00e9letlen\u00fcl felfedezett valamit a rakt\u00e1rban, amit nem lett volna szabad l\u00e1tnia.<\/p>\n\n\n\n<p class=\"wp-block-paragraph\"><\/p>\n","protected":false},"excerpt":{"rendered":"Mindenki tudta, hogy Bruno egyetlen t\u00e1mad\u00e1ssal s\u00falyosan megsebes\u00edthet egy embert. De amikor egy h\u00e1rom\u00e9ves kisl\u00e1ny \u00e9szrevette a seb\u00e9t, \u00e9s haboz\u00e1s n\u00e9lk\u00fcl le\u00fclt mell\u00e9, \n<a class=\"moretag\" href=\"https:\/\/vengria.info\/?p=18097\"> [...]<\/a>","protected":false},"author":1,"featured_media":18099,"comment_status":"open","ping_status":"open","sticky":false,"template":"","format":"standard","meta":{"footnotes":""},"categories":[1,2],"tags":[],"class_list":["post-18097","post","type-post","status-publish","format-standard","has-post-thumbnail","hentry","category-news","category-video"],"yoast_head":"<!-- This site is optimized with the Yoast SEO plugin v28.3 - https:\/\/yoast.com\/product\/yoast-seo-wordpress\/ -->\n<title>Senki sem mert a sebes\u00fclt kuty\u00e1hoz k\u00f6zeledni. -<\/title>\n<meta name=\"robots\" content=\"index, follow, max-snippet:-1, max-image-preview:large, max-video-preview:-1\" \/>\n<link rel=\"canonical\" href=\"https:\/\/vengria.info\/?p=18097\" \/>\n<meta property=\"og:locale\" content=\"en_US\" \/>\n<meta property=\"og:type\" content=\"article\" \/>\n<meta property=\"og:title\" content=\"Senki sem mert a sebes\u00fclt kuty\u00e1hoz k\u00f6zeledni. -\" \/>\n<meta property=\"og:description\" content=\"Mindenki tudta, hogy Bruno egyetlen t\u00e1mad\u00e1ssal s\u00falyosan megsebes\u00edthet egy embert. De amikor egy h\u00e1rom\u00e9ves kisl\u00e1ny \u00e9szrevette a seb\u00e9t, \u00e9s haboz\u00e1s n\u00e9lk\u00fcl le\u00fclt mell\u00e9,\" \/>\n<meta property=\"og:url\" content=\"https:\/\/vengria.info\/?p=18097\" \/>\n<meta property=\"article:published_time\" content=\"2026-08-31T11:12:07+00:00\" \/>\n<meta property=\"og:image\" content=\"https:\/\/vengria.info\/wp-content\/uploads\/2026\/08\/aszxewadszxeaszx.jpg\" \/>\n\t<meta property=\"og:image:width\" content=\"768\" \/>\n\t<meta property=\"og:image:height\" content=\"1376\" \/>\n\t<meta property=\"og:image:type\" content=\"image\/jpeg\" \/>\n<meta name=\"author\" content=\"admin\" \/>\n<meta name=\"twitter:card\" content=\"summary_large_image\" \/>\n<meta name=\"twitter:label1\" content=\"Written by\" \/>\n\t<meta name=\"twitter:data1\" content=\"admin\" \/>\n\t<meta name=\"twitter:label2\" content=\"Est. reading time\" \/>\n\t<meta name=\"twitter:data2\" content=\"4 minutes\" \/>\n<script type=\"application\/ld+json\" class=\"yoast-schema-graph\">{\"@context\":\"https:\\\/\\\/schema.org\",\"@graph\":[{\"@type\":\"Article\",\"@id\":\"https:\\\/\\\/vengria.info\\\/?p=18097#article\",\"isPartOf\":{\"@id\":\"https:\\\/\\\/vengria.info\\\/?p=18097\"},\"author\":{\"name\":\"admin\",\"@id\":\"https:\\\/\\\/vengria.info\\\/#\\\/schema\\\/person\\\/b815b04a6b1fb36a2d064955a92f68d4\"},\"headline\":\"Senki sem mert a sebes\u00fclt kuty\u00e1hoz k\u00f6zeledni.\",\"datePublished\":\"2026-08-31T11:12:07+00:00\",\"mainEntityOfPage\":{\"@id\":\"https:\\\/\\\/vengria.info\\\/?p=18097\"},\"wordCount\":1083,\"commentCount\":0,\"image\":{\"@id\":\"https:\\\/\\\/vengria.info\\\/?p=18097#primaryimage\"},\"thumbnailUrl\":\"https:\\\/\\\/vengria.info\\\/wp-content\\\/uploads\\\/2026\\\/08\\\/aszxewadszxeaszx.jpg\",\"articleSection\":[\"NEWS\",\"VIDEO\"],\"inLanguage\":\"en-US\",\"potentialAction\":[{\"@type\":\"CommentAction\",\"name\":\"Comment\",\"target\":[\"https:\\\/\\\/vengria.info\\\/?p=18097#respond\"]}]},{\"@type\":\"WebPage\",\"@id\":\"https:\\\/\\\/vengria.info\\\/?p=18097\",\"url\":\"https:\\\/\\\/vengria.info\\\/?p=18097\",\"name\":\"Senki sem mert a sebes\u00fclt kuty\u00e1hoz k\u00f6zeledni. -\",\"isPartOf\":{\"@id\":\"https:\\\/\\\/vengria.info\\\/#website\"},\"primaryImageOfPage\":{\"@id\":\"https:\\\/\\\/vengria.info\\\/?p=18097#primaryimage\"},\"image\":{\"@id\":\"https:\\\/\\\/vengria.info\\\/?p=18097#primaryimage\"},\"thumbnailUrl\":\"https:\\\/\\\/vengria.info\\\/wp-content\\\/uploads\\\/2026\\\/08\\\/aszxewadszxeaszx.jpg\",\"datePublished\":\"2026-08-31T11:12:07+00:00\",\"author\":{\"@id\":\"https:\\\/\\\/vengria.info\\\/#\\\/schema\\\/person\\\/b815b04a6b1fb36a2d064955a92f68d4\"},\"breadcrumb\":{\"@id\":\"https:\\\/\\\/vengria.info\\\/?p=18097#breadcrumb\"},\"inLanguage\":\"en-US\",\"potentialAction\":[{\"@type\":\"ReadAction\",\"target\":[\"https:\\\/\\\/vengria.info\\\/?p=18097\"]}]},{\"@type\":\"ImageObject\",\"inLanguage\":\"en-US\",\"@id\":\"https:\\\/\\\/vengria.info\\\/?p=18097#primaryimage\",\"url\":\"https:\\\/\\\/vengria.info\\\/wp-content\\\/uploads\\\/2026\\\/08\\\/aszxewadszxeaszx.jpg\",\"contentUrl\":\"https:\\\/\\\/vengria.info\\\/wp-content\\\/uploads\\\/2026\\\/08\\\/aszxewadszxeaszx.jpg\",\"width\":768,\"height\":1376},{\"@type\":\"BreadcrumbList\",\"@id\":\"https:\\\/\\\/vengria.info\\\/?p=18097#breadcrumb\",\"itemListElement\":[{\"@type\":\"ListItem\",\"position\":1,\"name\":\"Home\",\"item\":\"https:\\\/\\\/vengria.info\\\/\"},{\"@type\":\"ListItem\",\"position\":2,\"name\":\"Senki sem mert a sebes\u00fclt kuty\u00e1hoz k\u00f6zeledni.\"}]},{\"@type\":\"WebSite\",\"@id\":\"https:\\\/\\\/vengria.info\\\/#website\",\"url\":\"https:\\\/\\\/vengria.info\\\/\",\"name\":\"\",\"description\":\"\",\"potentialAction\":[{\"@type\":\"SearchAction\",\"target\":{\"@type\":\"EntryPoint\",\"urlTemplate\":\"https:\\\/\\\/vengria.info\\\/?s={search_term_string}\"},\"query-input\":{\"@type\":\"PropertyValueSpecification\",\"valueRequired\":true,\"valueName\":\"search_term_string\"}}],\"inLanguage\":\"en-US\"},{\"@type\":\"Person\",\"@id\":\"https:\\\/\\\/vengria.info\\\/#\\\/schema\\\/person\\\/b815b04a6b1fb36a2d064955a92f68d4\",\"name\":\"admin\",\"image\":{\"@type\":\"ImageObject\",\"inLanguage\":\"en-US\",\"@id\":\"https:\\\/\\\/secure.gravatar.com\\\/avatar\\\/a29bad30ab19883c48927f9ee55a40d0d1a0c3c343bcef70ad9a0a9cb421f0fa?s=96&d=mm&r=g\",\"url\":\"https:\\\/\\\/secure.gravatar.com\\\/avatar\\\/a29bad30ab19883c48927f9ee55a40d0d1a0c3c343bcef70ad9a0a9cb421f0fa?s=96&d=mm&r=g\",\"contentUrl\":\"https:\\\/\\\/secure.gravatar.com\\\/avatar\\\/a29bad30ab19883c48927f9ee55a40d0d1a0c3c343bcef70ad9a0a9cb421f0fa?s=96&d=mm&r=g\",\"caption\":\"admin\"},\"sameAs\":[\"http:\\\/\\\/vengria.info\"],\"url\":\"https:\\\/\\\/vengria.info\\\/?author=1\"}]}<\/script>\n<!-- \/ Yoast SEO plugin. -->","yoast_head_json":{"title":"Senki sem mert a sebes\u00fclt kuty\u00e1hoz k\u00f6zeledni. -","robots":{"index":"index","follow":"follow","max-snippet":"max-snippet:-1","max-image-preview":"max-image-preview:large","max-video-preview":"max-video-preview:-1"},"canonical":"https:\/\/vengria.info\/?p=18097","og_locale":"en_US","og_type":"article","og_title":"Senki sem mert a sebes\u00fclt kuty\u00e1hoz k\u00f6zeledni. -","og_description":"Mindenki tudta, hogy Bruno egyetlen t\u00e1mad\u00e1ssal s\u00falyosan megsebes\u00edthet egy embert. De amikor egy h\u00e1rom\u00e9ves kisl\u00e1ny \u00e9szrevette a seb\u00e9t, \u00e9s haboz\u00e1s n\u00e9lk\u00fcl le\u00fclt mell\u00e9,","og_url":"https:\/\/vengria.info\/?p=18097","article_published_time":"2026-08-31T11:12:07+00:00","og_image":[{"width":768,"height":1376,"url":"https:\/\/vengria.info\/wp-content\/uploads\/2026\/08\/aszxewadszxeaszx.jpg","type":"image\/jpeg"}],"author":"admin","twitter_card":"summary_large_image","twitter_misc":{"Written by":"admin","Est. reading time":"4 minutes"},"schema":{"@context":"https:\/\/schema.org","@graph":[{"@type":"Article","@id":"https:\/\/vengria.info\/?p=18097#article","isPartOf":{"@id":"https:\/\/vengria.info\/?p=18097"},"author":{"name":"admin","@id":"https:\/\/vengria.info\/#\/schema\/person\/b815b04a6b1fb36a2d064955a92f68d4"},"headline":"Senki sem mert a sebes\u00fclt kuty\u00e1hoz k\u00f6zeledni.","datePublished":"2026-08-31T11:12:07+00:00","mainEntityOfPage":{"@id":"https:\/\/vengria.info\/?p=18097"},"wordCount":1083,"commentCount":0,"image":{"@id":"https:\/\/vengria.info\/?p=18097#primaryimage"},"thumbnailUrl":"https:\/\/vengria.info\/wp-content\/uploads\/2026\/08\/aszxewadszxeaszx.jpg","articleSection":["NEWS","VIDEO"],"inLanguage":"en-US","potentialAction":[{"@type":"CommentAction","name":"Comment","target":["https:\/\/vengria.info\/?p=18097#respond"]}]},{"@type":"WebPage","@id":"https:\/\/vengria.info\/?p=18097","url":"https:\/\/vengria.info\/?p=18097","name":"Senki sem mert a sebes\u00fclt kuty\u00e1hoz k\u00f6zeledni. -","isPartOf":{"@id":"https:\/\/vengria.info\/#website"},"primaryImageOfPage":{"@id":"https:\/\/vengria.info\/?p=18097#primaryimage"},"image":{"@id":"https:\/\/vengria.info\/?p=18097#primaryimage"},"thumbnailUrl":"https:\/\/vengria.info\/wp-content\/uploads\/2026\/08\/aszxewadszxeaszx.jpg","datePublished":"2026-08-31T11:12:07+00:00","author":{"@id":"https:\/\/vengria.info\/#\/schema\/person\/b815b04a6b1fb36a2d064955a92f68d4"},"breadcrumb":{"@id":"https:\/\/vengria.info\/?p=18097#breadcrumb"},"inLanguage":"en-US","potentialAction":[{"@type":"ReadAction","target":["https:\/\/vengria.info\/?p=18097"]}]},{"@type":"ImageObject","inLanguage":"en-US","@id":"https:\/\/vengria.info\/?p=18097#primaryimage","url":"https:\/\/vengria.info\/wp-content\/uploads\/2026\/08\/aszxewadszxeaszx.jpg","contentUrl":"https:\/\/vengria.info\/wp-content\/uploads\/2026\/08\/aszxewadszxeaszx.jpg","width":768,"height":1376},{"@type":"BreadcrumbList","@id":"https:\/\/vengria.info\/?p=18097#breadcrumb","itemListElement":[{"@type":"ListItem","position":1,"name":"Home","item":"https:\/\/vengria.info\/"},{"@type":"ListItem","position":2,"name":"Senki sem mert a sebes\u00fclt kuty\u00e1hoz k\u00f6zeledni."}]},{"@type":"WebSite","@id":"https:\/\/vengria.info\/#website","url":"https:\/\/vengria.info\/","name":"","description":"","potentialAction":[{"@type":"SearchAction","target":{"@type":"EntryPoint","urlTemplate":"https:\/\/vengria.info\/?s={search_term_string}"},"query-input":{"@type":"PropertyValueSpecification","valueRequired":true,"valueName":"search_term_string"}}],"inLanguage":"en-US"},{"@type":"Person","@id":"https:\/\/vengria.info\/#\/schema\/person\/b815b04a6b1fb36a2d064955a92f68d4","name":"admin","image":{"@type":"ImageObject","inLanguage":"en-US","@id":"https:\/\/secure.gravatar.com\/avatar\/a29bad30ab19883c48927f9ee55a40d0d1a0c3c343bcef70ad9a0a9cb421f0fa?s=96&d=mm&r=g","url":"https:\/\/secure.gravatar.com\/avatar\/a29bad30ab19883c48927f9ee55a40d0d1a0c3c343bcef70ad9a0a9cb421f0fa?s=96&d=mm&r=g","contentUrl":"https:\/\/secure.gravatar.com\/avatar\/a29bad30ab19883c48927f9ee55a40d0d1a0c3c343bcef70ad9a0a9cb421f0fa?s=96&d=mm&r=g","caption":"admin"},"sameAs":["http:\/\/vengria.info"],"url":"https:\/\/vengria.info\/?author=1"}]}},"_links":{"self":[{"href":"https:\/\/vengria.info\/index.php?rest_route=\/wp\/v2\/posts\/18097","targetHints":{"allow":["GET"]}}],"collection":[{"href":"https:\/\/vengria.info\/index.php?rest_route=\/wp\/v2\/posts"}],"about":[{"href":"https:\/\/vengria.info\/index.php?rest_route=\/wp\/v2\/types\/post"}],"author":[{"embeddable":true,"href":"https:\/\/vengria.info\/index.php?rest_route=\/wp\/v2\/users\/1"}],"replies":[{"embeddable":true,"href":"https:\/\/vengria.info\/index.php?rest_route=%2Fwp%2Fv2%2Fcomments&post=18097"}],"version-history":[{"count":1,"href":"https:\/\/vengria.info\/index.php?rest_route=\/wp\/v2\/posts\/18097\/revisions"}],"predecessor-version":[{"id":18101,"href":"https:\/\/vengria.info\/index.php?rest_route=\/wp\/v2\/posts\/18097\/revisions\/18101"}],"wp:featuredmedia":[{"embeddable":true,"href":"https:\/\/vengria.info\/index.php?rest_route=\/wp\/v2\/media\/18099"}],"wp:attachment":[{"href":"https:\/\/vengria.info\/index.php?rest_route=%2Fwp%2Fv2%2Fmedia&parent=18097"}],"wp:term":[{"taxonomy":"category","embeddable":true,"href":"https:\/\/vengria.info\/index.php?rest_route=%2Fwp%2Fv2%2Fcategories&post=18097"},{"taxonomy":"post_tag","embeddable":true,"href":"https:\/\/vengria.info\/index.php?rest_route=%2Fwp%2Fv2%2Ftags&post=18097"}],"curies":[{"name":"wp","href":"https:\/\/api.w.org\/{rel}","templated":true}]}}