{"id":18090,"date":"2026-08-31T11:04:13","date_gmt":"2026-08-31T11:04:13","guid":{"rendered":"https:\/\/vengria.info\/?p=18090"},"modified":"2026-08-31T11:04:15","modified_gmt":"2026-08-31T11:04:15","slug":"a-ferjem-azt-akarta-hogy-meghaljunk-a-viz-alatt-bezart-engem-es-a-testveremet-egy-autoba-majd-bedobta-a-mely-vizbe","status":"publish","type":"post","link":"https:\/\/vengria.info\/?p=18090","title":{"rendered":"A f\u00e9rjem azt akarta, hogy meghaljunk a v\u00edz alatt. Bez\u00e1rt engem \u00e9s a testv\u00e9remet egy aut\u00f3ba, majd bedobta a m\u00e9ly v\u00edzbe."},"content":{"rendered":"\n<p class=\"wp-block-paragraph\">Meg volt gy\u0151z\u0151dve arr\u00f3l, hogy ez egyszerre k\u00e9t probl\u00e9m\u00e1t old meg, \u00e9s tragikus balesetnek \u00e1ll\u00edtja be az eg\u00e9szet.<\/p>\n\n\n\n<p class=\"wp-block-paragraph\">De egy dolgot nem tudott.<\/p>\n\n\n\n<p class=\"wp-block-paragraph\">A b\u00e1ty\u00e1m, Mason tizen\u00f6t \u00e9ve nem volt leb\u00e9nulva.<\/p>\n\n\n\n<p class=\"wp-block-paragraph\">Eg\u00e9sz id\u0151 alatt csak sz\u00ednlelte, hogy nem tud j\u00e1rni.<\/p>\n\n\n\n<p class=\"wp-block-paragraph\">\u00c9s abban a pillanatban, amikor v\u00edz alatt tal\u00e1ltuk magunkat, el\u0151sz\u00f6r \u00e9rtettem meg, mi\u00e9rt.<\/p>\n\n\n\n<p class=\"wp-block-paragraph\">Valerie a nevem, \u00e9s n\u00e9h\u00e1ny \u00f3r\u00e1val ezel\u0151tt m\u00e9g azt hittem, hogy norm\u00e1lis \u00e9letet \u00e9lek. Volt f\u00e9rjem, csal\u00e1di v\u00e1llalkoz\u00e1som \u00e9s valaki, akit a legk\u00f6zelebbi sz\u00f6vets\u00e9gesemnek tekintettem.<\/p>\n\n\n\n<p class=\"wp-block-paragraph\">Ma m\u00e1r tudom, hogy olyan emberek vettek k\u00f6r\u00fcl, akik el\u0151ttem j\u00e1tszott\u00e1k a szerepeiket.<\/p>\n\n\n\n<p class=\"wp-block-paragraph\">A legnagyobb sz\u00edn\u00e9sz mind k\u00f6z\u00fcl a saj\u00e1t f\u00e9rjem, Julian volt.<\/p>\n\n\n\n<p class=\"wp-block-paragraph\">H\u00e1rom \u00e9vig voltunk h\u00e1zasok. Soha nem kiab\u00e1lt velem, soha nem viselkedett agressz\u00edvan el\u0151ttem. \u00c9pp ellenkez\u0151leg. Gondoskod\u00f3nak \u00e9s figyelmesnek t\u0171nt. Minden este meleg tejet k\u00e9sz\u00edtett nekem, mert azt mondta, hogy kimer\u00fclt vagyok munka ut\u00e1n. Meggy\u0151z\u00f6tt, hogy kevesebbet kellene dolgoznom \u00e9s t\u00f6bbet pihennem.<\/p>\n\n\n\n<p class=\"wp-block-paragraph\">A csal\u00e1dom haj\u00f3gy\u00e1r\u00e1t vezettem Virgini\u00e1ban, \u00e9s a napjaim nagy r\u00e9sz\u00e9t megrendel\u00e9sek, alkalmazottak \u00e9s \u00fcgyfelek k\u00f6z\u00f6tt t\u00f6lt\u00f6ttem.<\/p>\n\n\n\n<p class=\"wp-block-paragraph\">Julian gyakran mondta nekem:<\/p>\n\n\n\n<p class=\"wp-block-paragraph\">\u201eNem kell mindent egyed\u00fcl csin\u00e1lnod. Ott vagyok \u00e9n.\u201d<\/p>\n\n\n\n<p class=\"wp-block-paragraph\">Aligha sejtettem, hogy egy napon \u00fagy d\u00f6nt, hogy m\u00e1r nincs r\u00e1m sz\u00fcks\u00e9ge.<\/p>\n\n\n\n<p class=\"wp-block-paragraph\">M\u00e9g fontosabb volt sz\u00e1momra a b\u00e1ty\u00e1m, Mason.<\/p>\n\n\n\n<p class=\"wp-block-paragraph\">Tizen\u00f6t \u00e9vvel ezel\u0151tt elvesztett\u00fck a sz\u00fcleinket egy tragikus balesetben. Mason t\u00fal\u00e9lte a balesetet, de s\u00falyos s\u00e9r\u00fcl\u00e9seket szenvedett. Az\u00f3ta kerekessz\u00e9kben van.<\/p>\n\n\n\n<p class=\"wp-block-paragraph\">Olyan volt sz\u00e1momra, mint egy kistestv\u00e9r, akit v\u00e9dtem, ami\u00f3ta egyed\u00fcl voltunk.<\/p>\n\n\n\n<p class=\"wp-block-paragraph\">\u00c9s ez\u00e9rt soha nem k\u00e9rd\u0151jeleztem meg az eg\u00e9szs\u00e9g\u00e9t.<\/p>\n\n\n\n<p class=\"wp-block-paragraph\">Addig a napig.<\/p>\n\n\n\n<p class=\"wp-block-paragraph\">Julian megk\u00e9rt minket, hogy menj\u00fcnk vele a tengerparti \u00faton. Azt mondta, el kell int\u00e9znie n\u00e9h\u00e1ny \u00fcgyet a kik\u00f6t\u0151 k\u00f6zel\u00e9ben.<\/p>\n\n\n\n<p class=\"wp-block-paragraph\">Bor\u00fas volt az id\u0151, \u00e9s az \u00fat szinte \u00fcres volt.<\/p>\n\n\n\n<p class=\"wp-block-paragraph\">Azt\u00e1n Julian hirtelen \u00e9lesen elford\u00edtotta a korm\u00e1nykereket.<\/p>\n\n\n\n<p class=\"wp-block-paragraph\">A terepj\u00e1r\u00f3 a korl\u00e1tnak \u00fctk\u00f6z\u00f6tt.<\/p>\n\n\n\n<p class=\"wp-block-paragraph\">Csattan\u00e1s hallatszott.<\/p>\n\n\n\n<p class=\"wp-block-paragraph\">Az aut\u00f3 \u00e1tt\u00f6rte a f\u00e9mszerkezetet, \u00e9s zuhanni kezdett a v\u00edzbe.<\/p>\n\n\n\n<p class=\"wp-block-paragraph\">Mindez m\u00e1sodpercek alatt t\u00f6rt\u00e9nt.<\/p>\n\n\n\n<p class=\"wp-block-paragraph\">Amikor kinyitottam a szemem, jeges v\u00edz volt k\u00f6r\u00fcl\u00f6ttem. A motor m\u00e9g j\u00e1rt, \u00e9s a v\u00edz gyorsan besziv\u00e1rgott az utast\u00e9rbe.<\/p>\n\n\n\n<p class=\"wp-block-paragraph\">\u201eJulian! Az ajt\u00f3k nem ny\u00edlnak!\u201d<\/p>\n\n\n\n<p class=\"wp-block-paragraph\">Elford\u00edtottam a fejem.<\/p>\n\n\n\n<p class=\"wp-block-paragraph\">Julian el\u00f6l \u00fclt.<\/p>\n\n\n\n<p class=\"wp-block-paragraph\">\u00c9s nem f\u00e9lt.<\/p>\n\n\n\n<p class=\"wp-block-paragraph\">Ez volt az els\u0151 dolog, ami furcs\u00e1nak t\u0171nt.<\/p>\n\n\n\n<p class=\"wp-block-paragraph\">Ahelyett, hogy megpr\u00f3b\u00e1lt volna mindannyiunkat megmenteni, nyugodtan kikapcsolta a biztons\u00e1gi \u00f6v\u00e9t. Azt\u00e1n kinyitotta az ablakot.<\/p>\n\n\n\n<p class=\"wp-block-paragraph\">\u201eMit csin\u00e1lsz?\u201d \u2013 ki\u00e1ltottam.<\/p>\n\n\n\n<p class=\"wp-block-paragraph\">R\u00e1m n\u00e9zett.<\/p>\n\n\n\n<p class=\"wp-block-paragraph\">Az arca teljesen nyugodt volt.<\/p>\n\n\n\n<p class=\"wp-block-paragraph\">\u201eNe f\u00e1radj az ajt\u00f3 kinyit\u00e1s\u00e1val, Valerie. T\u00fal k\u00e9s\u0151 van neked.\u201d<\/p>\n\n\n\n<p class=\"wp-block-paragraph\">Azt\u00e1n elt\u0171nt az ablakon kereszt\u00fcl.<\/p>\n\n\n\n<p class=\"wp-block-paragraph\">Egy pillanatig b\u00e1multam oda, ahol a f\u00e9rjem volt m\u00e1sodpercekkel kor\u00e1bban.<\/p>\n\n\n\n<p class=\"wp-block-paragraph\">Akkor meg\u00e9rtettem.<\/p>\n\n\n\n<p class=\"wp-block-paragraph\">Nem vesz\u00edtette el az uralm\u00e1t az aut\u00f3 felett.<\/p>\n\n\n\n<p class=\"wp-block-paragraph\">Sz\u00e1nd\u00e9kosan tette.<\/p>\n\n\n\n<p class=\"wp-block-paragraph\">Ny\u00faltam a biztons\u00e1gi \u00f6vemhez, de nem lehetett kicsatolni. A mechanizmus beragadt.<\/p>\n\n\n\n<p class=\"wp-block-paragraph\">\u201eMason!\u201d<\/p>\n\n\n\n<p class=\"wp-block-paragraph\">A b\u00e1ty\u00e1m h\u00e1tul \u00fclt.<\/p>\n\n\n\n<p class=\"wp-block-paragraph\">A v\u00edz majdnem mellkasig \u00e9rt.<\/p>\n\n\n\n<p class=\"wp-block-paragraph\">\u201eMason, ki kell jutnunk!\u201d<\/p>\n\n\n\n<p class=\"wp-block-paragraph\">Nem v\u00e1laszolt.<\/p>\n\n\n\n<p class=\"wp-block-paragraph\">A part fel\u00e9 n\u00e9ztem.<\/p>\n\n\n\n<p class=\"wp-block-paragraph\">Julian m\u00e1r kint \u00e1llt.<\/p>\n\n\n\n<p class=\"wp-block-paragraph\">\u00c9s nem volt egyed\u00fcl.<\/p>\n\n\n\n<p class=\"wp-block-paragraph\">Egy n\u0151 v\u00e1rt egy nagy fekete eserny\u0151 alatt.<\/p>\n\n\n\n<p class=\"wp-block-paragraph\">Chloe.<\/p>\n\n\n\n<p class=\"wp-block-paragraph\">A mostohatestv\u00e9rem.<\/p>\n\n\n\n<p class=\"wp-block-paragraph\">Egy pillanatra nem \u00e9rtettem, mit l\u00e1tok.<\/p>\n\n\n\n<p class=\"wp-block-paragraph\">Azt\u00e1n \u00e9szrevettem a terhes pocakot.<\/p>\n\n\n\n<p class=\"wp-block-paragraph\">Julian odal\u00e9pett hozz\u00e1.<\/p>\n\n\n\n<p class=\"wp-block-paragraph\">Meg\u00f6lelt\u00e9k.<\/p>\n\n\n\n<p class=\"wp-block-paragraph\">Abban a pillanatban az eg\u00e9sz vil\u00e1gom \u00f6sszeomlott.<\/p>\n\n\n\n<p class=\"wp-block-paragraph\">Nem baleset volt.<\/p>\n\n\n\n<p class=\"wp-block-paragraph\">Gyilkoss\u00e1g volt.<\/p>\n\n\n\n<p class=\"wp-block-paragraph\">\u00c9s az utols\u00f3 pillanatainkra v\u00e1rtak egy\u00fctt.<\/p>\n\n\n\n<p class=\"wp-block-paragraph\">\u201eVal.\u201d<\/p>\n\n\n\n<p class=\"wp-block-paragraph\">Mason hangja z\u00f6kkentett ki a gondolataimb\u00f3l.<\/p>\n\n\n\n<p class=\"wp-block-paragraph\">Fel\u00e9 fordultam.<\/p>\n\n\n\n<p class=\"wp-block-paragraph\">\u201eNyugodtnak kell maradnunk.\u201d<\/p>\n\n\n\n<p class=\"wp-block-paragraph\">\u201eHogy maradhatn\u00e1nk nyugodtak? Meg fogunk halni!\u201d<\/p>\n\n\n\n<p class=\"wp-block-paragraph\">Mason furcs\u00e1n n\u00e9zett r\u00e1m.<\/p>\n\n\n\n<p class=\"wp-block-paragraph\">Azt\u00e1n t\u00f6rt\u00e9nt valami, ami m\u00e9g mindig \u00e1lomnak t\u0171nik sz\u00e1momra.<\/p>\n\n\n\n<p class=\"wp-block-paragraph\">A kez\u00e9t az \u00fcl\u00e9sre tette, \u00e9s lassan fel\u00e1llt.<\/p>\n\n\n\n<p class=\"wp-block-paragraph\">El\u0151sz\u00f6r azt hittem, \u00e1lmodom.<\/p>\n\n\n\n<p class=\"wp-block-paragraph\">Azt\u00e1n fel\u00e1llt.<\/p>\n\n\n\n<p class=\"wp-block-paragraph\">A b\u00e1ty\u00e1m \u00e1llt.<\/p>\n\n\n\n<p class=\"wp-block-paragraph\">Tizen\u00f6t \u00e9v ut\u00e1n.<\/p>\n\n\n\n<p class=\"wp-block-paragraph\">Keres\u0151sz\u00e9k n\u00e9lk\u00fcl.<\/p>\n\n\n\n<p class=\"wp-block-paragraph\">T\u00e1maszt\u00e1s n\u00e9lk\u00fcl.<\/p>\n\n\n\n<p class=\"wp-block-paragraph\">Egyetlen haboz\u00e1s n\u00e9lk\u00fcl.<\/p>\n\n\n\n<p class=\"wp-block-paragraph\">R\u00e1m meredtem.<\/p>\n\n\n\n<p class=\"wp-block-paragraph\">\u201eA l\u00e1baid\u2026\u201d<\/p>\n\n\n\n<figure class=\"wp-block-image size-large is-resized\"><img loading=\"lazy\" decoding=\"async\" width=\"572\" height=\"1024\" src=\"https:\/\/vengria.info\/wp-content\/uploads\/2026\/08\/adsasdcxzasdzx-572x1024.jpg\" alt=\"\" class=\"wp-image-18092\" style=\"width:747px;height:auto\" srcset=\"https:\/\/vengria.info\/wp-content\/uploads\/2026\/08\/adsasdcxzasdzx-572x1024.jpg 572w, https:\/\/vengria.info\/wp-content\/uploads\/2026\/08\/adsasdcxzasdzx-167x300.jpg 167w, https:\/\/vengria.info\/wp-content\/uploads\/2026\/08\/adsasdcxzasdzx.jpg 768w\" sizes=\"auto, (max-width: 572px) 100vw, 572px\" \/><\/figure>\n\n\n\n<p class=\"wp-block-paragraph\">\u201eM\u0171k\u00f6dnek.\u201d<\/p>\n\n\n\n<p class=\"wp-block-paragraph\">El\u0151h\u00fazott egy kis v\u00edz\u00e1ll\u00f3 tokot a kab\u00e1tja al\u00f3l.<\/p>\n\n\n\n<p class=\"wp-block-paragraph\">Bent fog\u00f3 volt.<\/p>\n\n\n\n<p class=\"wp-block-paragraph\">\u201eMason, mi t\u00f6rt\u00e9nik?\u201d<\/p>\n\n\n\n<p class=\"wp-block-paragraph\">\u201eMost nincs id\u0151 magyar\u00e1zkodni.\u201d<\/p>\n\n\n\n<p class=\"wp-block-paragraph\">Odaj\u00f6tt hozz\u00e1m, \u00e9s elv\u00e1gta a dr\u00f3tot, amivel valaki bek\u00f6t\u00f6tte a biztons\u00e1gi \u00f6vemet.<\/p>\n\n\n\n<p class=\"wp-block-paragraph\">\u201eTizen\u00f6t \u00e9vig te\u2026\u201d<\/p>\n\n\n\n<p class=\"wp-block-paragraph\">\u201eCsak sz\u00ednlelt\u00e9l.\u201d<\/p>\n\n\n\n<p class=\"wp-block-paragraph\">Ez a k\u00e9t sz\u00f3 \u00fagy csap\u00f3dott bel\u00e9m, mint egy aut\u00f3, ami a v\u00edzbe csap\u00f3dott.<\/p>\n\n\n\n<p class=\"wp-block-paragraph\">Mason bet\u00f6rte a h\u00e1ts\u00f3 ajt\u00f3t, \u00e9s a v\u00edz ki\u00f6ml\u00f6tt a kabinb\u00f3l. Megragadta a kezem, \u00e9s kih\u00fazott.<\/p>\n\n\n\n<p class=\"wp-block-paragraph\">Azt hittem, a felsz\u00ednre \u00faszunk.<\/p>\n\n\n\n<p class=\"wp-block-paragraph\">De Mason hirtelen leh\u00fazott.<\/p>\n\n\n\n<p class=\"wp-block-paragraph\">\u201eMit csin\u00e1lsz?\u201d<\/p>\n\n\n\n<p class=\"wp-block-paragraph\">Az ujj\u00e1t az ajk\u00e1ra nyomta.<\/p>\n\n\n\n<p class=\"wp-block-paragraph\">\u201eCsitt.\u201d<\/p>\n\n\n\n<p class=\"wp-block-paragraph\">A part fel\u00e9 mutatott.<\/p>\n\n\n\n<p class=\"wp-block-paragraph\">Visszatartottam a l\u00e9legzetemet.<\/p>\n\n\n\n<p class=\"wp-block-paragraph\">Julian \u00e9s Chloe m\u00e9g mindig a v\u00edz mellett \u00e1lltak.<\/p>\n\n\n\n<p class=\"wp-block-paragraph\">V\u00e1rtak.<\/p>\n\n\n\n<p class=\"wp-block-paragraph\">Megv\u00e1rt\u00e1k, am\u00edg a v\u00edz lecsillapodik.<\/p>\n\n\n\n<p class=\"wp-block-paragraph\">Megv\u00e1rt\u00e1k, am\u00edg meghalunk.<\/p>\n\n\n\n<p class=\"wp-block-paragraph\">Mason a szikl\u00e1s parton vezetett a v\u00edz alatt, am\u00edg el\u00e9g messze nem voltunk.<\/p>\n\n\n\n<p class=\"wp-block-paragraph\">Csak akkor j\u00f6tt\u00fcnk fel a felsz\u00ednre.<\/p>\n\n\n\n<p class=\"wp-block-paragraph\">A nedves szikl\u00e1n fek\u00fcdtem, \u00e9s pr\u00f3b\u00e1ltam leveg\u0151t venni.<\/p>\n\n\n\n<p class=\"wp-block-paragraph\">\u2013 Mi\u00e9rt nem mondtad soha, hogy tudsz j\u00e1rni?<\/p>\n\n\n\n<p class=\"wp-block-paragraph\">Mason egy pillanatra elhallgatott.<\/p>\n\n\n\n<p class=\"wp-block-paragraph\">\u2013 Mert a sz\u00fcleink nem balesetben haltak meg.<\/p>\n\n\n\n<p class=\"wp-block-paragraph\">Megdermedtem.<\/p>\n\n\n\n<p class=\"wp-block-paragraph\">\u2013 Micsoda?<\/p>\n\n\n\n<p class=\"wp-block-paragraph\">\u2013 Az a tizen\u00f6t \u00e9vvel ezel\u0151tti baleset nem baleset volt.<\/p>\n\n\n\n<p class=\"wp-block-paragraph\">A part fel\u00e9 n\u00e9zett.<\/p>\n\n\n\n<p class=\"wp-block-paragraph\">\u2013 Akkor valaki szabot\u00e1lta az aut\u00f3jukat. T\u00fal\u00e9ltem. De tudtam, hogy az, aki m\u00f6g\u00f6tte \u00e1llt, szint\u00e9n meg akar majd szabadulni t\u0151lem.<\/p>\n\n\n\n<p class=\"wp-block-paragraph\">\u2013 Ez\u00e9rt sz\u00ednlelted a b\u00e9nul\u00e1st?<\/p>\n\n\n\n<p class=\"wp-block-paragraph\">B\u00f3lintott.<\/p>\n\n\n\n<p class=\"wp-block-paragraph\"><\/p>\n","protected":false},"excerpt":{"rendered":"Meg volt gy\u0151z\u0151dve arr\u00f3l, hogy ez egyszerre k\u00e9t probl\u00e9m\u00e1t old meg, \u00e9s tragikus balesetnek \u00e1ll\u00edtja be az eg\u00e9szet. De egy dolgot nem tudott. \n<a class=\"moretag\" href=\"https:\/\/vengria.info\/?p=18090\"> [...]<\/a>","protected":false},"author":1,"featured_media":18092,"comment_status":"open","ping_status":"open","sticky":false,"template":"","format":"standard","meta":{"footnotes":""},"categories":[1,2],"tags":[],"class_list":["post-18090","post","type-post","status-publish","format-standard","has-post-thumbnail","hentry","category-news","category-video"],"yoast_head":"<!-- This site is optimized with the Yoast SEO plugin v28.3 - https:\/\/yoast.com\/product\/yoast-seo-wordpress\/ -->\n<title>A f\u00e9rjem azt akarta, hogy meghaljunk a v\u00edz alatt. Bez\u00e1rt engem \u00e9s a testv\u00e9remet egy aut\u00f3ba, majd bedobta a m\u00e9ly v\u00edzbe. -<\/title>\n<meta name=\"robots\" content=\"index, follow, max-snippet:-1, max-image-preview:large, max-video-preview:-1\" \/>\n<link rel=\"canonical\" href=\"https:\/\/vengria.info\/?p=18090\" \/>\n<meta property=\"og:locale\" content=\"en_US\" \/>\n<meta property=\"og:type\" content=\"article\" \/>\n<meta property=\"og:title\" content=\"A f\u00e9rjem azt akarta, hogy meghaljunk a v\u00edz alatt. Bez\u00e1rt engem \u00e9s a testv\u00e9remet egy aut\u00f3ba, majd bedobta a m\u00e9ly v\u00edzbe. -\" \/>\n<meta property=\"og:description\" content=\"Meg volt gy\u0151z\u0151dve arr\u00f3l, hogy ez egyszerre k\u00e9t probl\u00e9m\u00e1t old meg, \u00e9s tragikus balesetnek \u00e1ll\u00edtja be az eg\u00e9szet. De egy dolgot nem tudott.\" \/>\n<meta property=\"og:url\" content=\"https:\/\/vengria.info\/?p=18090\" \/>\n<meta property=\"article:published_time\" content=\"2026-08-31T11:04:13+00:00\" \/>\n<meta property=\"article:modified_time\" content=\"2026-08-31T11:04:15+00:00\" \/>\n<meta property=\"og:image\" content=\"https:\/\/vengria.info\/wp-content\/uploads\/2026\/08\/adsasdcxzasdzx.jpg\" \/>\n\t<meta property=\"og:image:width\" content=\"768\" \/>\n\t<meta property=\"og:image:height\" content=\"1376\" \/>\n\t<meta property=\"og:image:type\" content=\"image\/jpeg\" \/>\n<meta name=\"author\" content=\"admin\" \/>\n<meta name=\"twitter:card\" content=\"summary_large_image\" \/>\n<meta name=\"twitter:label1\" content=\"Written by\" \/>\n\t<meta name=\"twitter:data1\" content=\"admin\" \/>\n\t<meta name=\"twitter:label2\" content=\"Est. reading time\" \/>\n\t<meta name=\"twitter:data2\" content=\"4 minutes\" \/>\n<script type=\"application\/ld+json\" class=\"yoast-schema-graph\">{\"@context\":\"https:\\\/\\\/schema.org\",\"@graph\":[{\"@type\":\"Article\",\"@id\":\"https:\\\/\\\/vengria.info\\\/?p=18090#article\",\"isPartOf\":{\"@id\":\"https:\\\/\\\/vengria.info\\\/?p=18090\"},\"author\":{\"name\":\"admin\",\"@id\":\"https:\\\/\\\/vengria.info\\\/#\\\/schema\\\/person\\\/b815b04a6b1fb36a2d064955a92f68d4\"},\"headline\":\"A f\u00e9rjem azt akarta, hogy meghaljunk a v\u00edz alatt. Bez\u00e1rt engem \u00e9s a testv\u00e9remet egy aut\u00f3ba, majd bedobta a m\u00e9ly v\u00edzbe.\",\"datePublished\":\"2026-08-31T11:04:13+00:00\",\"dateModified\":\"2026-08-31T11:04:15+00:00\",\"mainEntityOfPage\":{\"@id\":\"https:\\\/\\\/vengria.info\\\/?p=18090\"},\"wordCount\":1066,\"commentCount\":0,\"image\":{\"@id\":\"https:\\\/\\\/vengria.info\\\/?p=18090#primaryimage\"},\"thumbnailUrl\":\"https:\\\/\\\/vengria.info\\\/wp-content\\\/uploads\\\/2026\\\/08\\\/adsasdcxzasdzx.jpg\",\"articleSection\":[\"NEWS\",\"VIDEO\"],\"inLanguage\":\"en-US\",\"potentialAction\":[{\"@type\":\"CommentAction\",\"name\":\"Comment\",\"target\":[\"https:\\\/\\\/vengria.info\\\/?p=18090#respond\"]}]},{\"@type\":\"WebPage\",\"@id\":\"https:\\\/\\\/vengria.info\\\/?p=18090\",\"url\":\"https:\\\/\\\/vengria.info\\\/?p=18090\",\"name\":\"A f\u00e9rjem azt akarta, hogy meghaljunk a v\u00edz alatt. Bez\u00e1rt engem \u00e9s a testv\u00e9remet egy aut\u00f3ba, majd bedobta a m\u00e9ly v\u00edzbe. -\",\"isPartOf\":{\"@id\":\"https:\\\/\\\/vengria.info\\\/#website\"},\"primaryImageOfPage\":{\"@id\":\"https:\\\/\\\/vengria.info\\\/?p=18090#primaryimage\"},\"image\":{\"@id\":\"https:\\\/\\\/vengria.info\\\/?p=18090#primaryimage\"},\"thumbnailUrl\":\"https:\\\/\\\/vengria.info\\\/wp-content\\\/uploads\\\/2026\\\/08\\\/adsasdcxzasdzx.jpg\",\"datePublished\":\"2026-08-31T11:04:13+00:00\",\"dateModified\":\"2026-08-31T11:04:15+00:00\",\"author\":{\"@id\":\"https:\\\/\\\/vengria.info\\\/#\\\/schema\\\/person\\\/b815b04a6b1fb36a2d064955a92f68d4\"},\"breadcrumb\":{\"@id\":\"https:\\\/\\\/vengria.info\\\/?p=18090#breadcrumb\"},\"inLanguage\":\"en-US\",\"potentialAction\":[{\"@type\":\"ReadAction\",\"target\":[\"https:\\\/\\\/vengria.info\\\/?p=18090\"]}]},{\"@type\":\"ImageObject\",\"inLanguage\":\"en-US\",\"@id\":\"https:\\\/\\\/vengria.info\\\/?p=18090#primaryimage\",\"url\":\"https:\\\/\\\/vengria.info\\\/wp-content\\\/uploads\\\/2026\\\/08\\\/adsasdcxzasdzx.jpg\",\"contentUrl\":\"https:\\\/\\\/vengria.info\\\/wp-content\\\/uploads\\\/2026\\\/08\\\/adsasdcxzasdzx.jpg\",\"width\":768,\"height\":1376},{\"@type\":\"BreadcrumbList\",\"@id\":\"https:\\\/\\\/vengria.info\\\/?p=18090#breadcrumb\",\"itemListElement\":[{\"@type\":\"ListItem\",\"position\":1,\"name\":\"Home\",\"item\":\"https:\\\/\\\/vengria.info\\\/\"},{\"@type\":\"ListItem\",\"position\":2,\"name\":\"A f\u00e9rjem azt akarta, hogy meghaljunk a v\u00edz alatt. Bez\u00e1rt engem \u00e9s a testv\u00e9remet egy aut\u00f3ba, majd bedobta a m\u00e9ly v\u00edzbe.\"}]},{\"@type\":\"WebSite\",\"@id\":\"https:\\\/\\\/vengria.info\\\/#website\",\"url\":\"https:\\\/\\\/vengria.info\\\/\",\"name\":\"\",\"description\":\"\",\"potentialAction\":[{\"@type\":\"SearchAction\",\"target\":{\"@type\":\"EntryPoint\",\"urlTemplate\":\"https:\\\/\\\/vengria.info\\\/?s={search_term_string}\"},\"query-input\":{\"@type\":\"PropertyValueSpecification\",\"valueRequired\":true,\"valueName\":\"search_term_string\"}}],\"inLanguage\":\"en-US\"},{\"@type\":\"Person\",\"@id\":\"https:\\\/\\\/vengria.info\\\/#\\\/schema\\\/person\\\/b815b04a6b1fb36a2d064955a92f68d4\",\"name\":\"admin\",\"image\":{\"@type\":\"ImageObject\",\"inLanguage\":\"en-US\",\"@id\":\"https:\\\/\\\/secure.gravatar.com\\\/avatar\\\/a29bad30ab19883c48927f9ee55a40d0d1a0c3c343bcef70ad9a0a9cb421f0fa?s=96&d=mm&r=g\",\"url\":\"https:\\\/\\\/secure.gravatar.com\\\/avatar\\\/a29bad30ab19883c48927f9ee55a40d0d1a0c3c343bcef70ad9a0a9cb421f0fa?s=96&d=mm&r=g\",\"contentUrl\":\"https:\\\/\\\/secure.gravatar.com\\\/avatar\\\/a29bad30ab19883c48927f9ee55a40d0d1a0c3c343bcef70ad9a0a9cb421f0fa?s=96&d=mm&r=g\",\"caption\":\"admin\"},\"sameAs\":[\"http:\\\/\\\/vengria.info\"],\"url\":\"https:\\\/\\\/vengria.info\\\/?author=1\"}]}<\/script>\n<!-- \/ Yoast SEO plugin. -->","yoast_head_json":{"title":"A f\u00e9rjem azt akarta, hogy meghaljunk a v\u00edz alatt. Bez\u00e1rt engem \u00e9s a testv\u00e9remet egy aut\u00f3ba, majd bedobta a m\u00e9ly v\u00edzbe. -","robots":{"index":"index","follow":"follow","max-snippet":"max-snippet:-1","max-image-preview":"max-image-preview:large","max-video-preview":"max-video-preview:-1"},"canonical":"https:\/\/vengria.info\/?p=18090","og_locale":"en_US","og_type":"article","og_title":"A f\u00e9rjem azt akarta, hogy meghaljunk a v\u00edz alatt. Bez\u00e1rt engem \u00e9s a testv\u00e9remet egy aut\u00f3ba, majd bedobta a m\u00e9ly v\u00edzbe. -","og_description":"Meg volt gy\u0151z\u0151dve arr\u00f3l, hogy ez egyszerre k\u00e9t probl\u00e9m\u00e1t old meg, \u00e9s tragikus balesetnek \u00e1ll\u00edtja be az eg\u00e9szet. De egy dolgot nem tudott.","og_url":"https:\/\/vengria.info\/?p=18090","article_published_time":"2026-08-31T11:04:13+00:00","article_modified_time":"2026-08-31T11:04:15+00:00","og_image":[{"width":768,"height":1376,"url":"https:\/\/vengria.info\/wp-content\/uploads\/2026\/08\/adsasdcxzasdzx.jpg","type":"image\/jpeg"}],"author":"admin","twitter_card":"summary_large_image","twitter_misc":{"Written by":"admin","Est. reading time":"4 minutes"},"schema":{"@context":"https:\/\/schema.org","@graph":[{"@type":"Article","@id":"https:\/\/vengria.info\/?p=18090#article","isPartOf":{"@id":"https:\/\/vengria.info\/?p=18090"},"author":{"name":"admin","@id":"https:\/\/vengria.info\/#\/schema\/person\/b815b04a6b1fb36a2d064955a92f68d4"},"headline":"A f\u00e9rjem azt akarta, hogy meghaljunk a v\u00edz alatt. Bez\u00e1rt engem \u00e9s a testv\u00e9remet egy aut\u00f3ba, majd bedobta a m\u00e9ly v\u00edzbe.","datePublished":"2026-08-31T11:04:13+00:00","dateModified":"2026-08-31T11:04:15+00:00","mainEntityOfPage":{"@id":"https:\/\/vengria.info\/?p=18090"},"wordCount":1066,"commentCount":0,"image":{"@id":"https:\/\/vengria.info\/?p=18090#primaryimage"},"thumbnailUrl":"https:\/\/vengria.info\/wp-content\/uploads\/2026\/08\/adsasdcxzasdzx.jpg","articleSection":["NEWS","VIDEO"],"inLanguage":"en-US","potentialAction":[{"@type":"CommentAction","name":"Comment","target":["https:\/\/vengria.info\/?p=18090#respond"]}]},{"@type":"WebPage","@id":"https:\/\/vengria.info\/?p=18090","url":"https:\/\/vengria.info\/?p=18090","name":"A f\u00e9rjem azt akarta, hogy meghaljunk a v\u00edz alatt. Bez\u00e1rt engem \u00e9s a testv\u00e9remet egy aut\u00f3ba, majd bedobta a m\u00e9ly v\u00edzbe. -","isPartOf":{"@id":"https:\/\/vengria.info\/#website"},"primaryImageOfPage":{"@id":"https:\/\/vengria.info\/?p=18090#primaryimage"},"image":{"@id":"https:\/\/vengria.info\/?p=18090#primaryimage"},"thumbnailUrl":"https:\/\/vengria.info\/wp-content\/uploads\/2026\/08\/adsasdcxzasdzx.jpg","datePublished":"2026-08-31T11:04:13+00:00","dateModified":"2026-08-31T11:04:15+00:00","author":{"@id":"https:\/\/vengria.info\/#\/schema\/person\/b815b04a6b1fb36a2d064955a92f68d4"},"breadcrumb":{"@id":"https:\/\/vengria.info\/?p=18090#breadcrumb"},"inLanguage":"en-US","potentialAction":[{"@type":"ReadAction","target":["https:\/\/vengria.info\/?p=18090"]}]},{"@type":"ImageObject","inLanguage":"en-US","@id":"https:\/\/vengria.info\/?p=18090#primaryimage","url":"https:\/\/vengria.info\/wp-content\/uploads\/2026\/08\/adsasdcxzasdzx.jpg","contentUrl":"https:\/\/vengria.info\/wp-content\/uploads\/2026\/08\/adsasdcxzasdzx.jpg","width":768,"height":1376},{"@type":"BreadcrumbList","@id":"https:\/\/vengria.info\/?p=18090#breadcrumb","itemListElement":[{"@type":"ListItem","position":1,"name":"Home","item":"https:\/\/vengria.info\/"},{"@type":"ListItem","position":2,"name":"A f\u00e9rjem azt akarta, hogy meghaljunk a v\u00edz alatt. Bez\u00e1rt engem \u00e9s a testv\u00e9remet egy aut\u00f3ba, majd bedobta a m\u00e9ly v\u00edzbe."}]},{"@type":"WebSite","@id":"https:\/\/vengria.info\/#website","url":"https:\/\/vengria.info\/","name":"","description":"","potentialAction":[{"@type":"SearchAction","target":{"@type":"EntryPoint","urlTemplate":"https:\/\/vengria.info\/?s={search_term_string}"},"query-input":{"@type":"PropertyValueSpecification","valueRequired":true,"valueName":"search_term_string"}}],"inLanguage":"en-US"},{"@type":"Person","@id":"https:\/\/vengria.info\/#\/schema\/person\/b815b04a6b1fb36a2d064955a92f68d4","name":"admin","image":{"@type":"ImageObject","inLanguage":"en-US","@id":"https:\/\/secure.gravatar.com\/avatar\/a29bad30ab19883c48927f9ee55a40d0d1a0c3c343bcef70ad9a0a9cb421f0fa?s=96&d=mm&r=g","url":"https:\/\/secure.gravatar.com\/avatar\/a29bad30ab19883c48927f9ee55a40d0d1a0c3c343bcef70ad9a0a9cb421f0fa?s=96&d=mm&r=g","contentUrl":"https:\/\/secure.gravatar.com\/avatar\/a29bad30ab19883c48927f9ee55a40d0d1a0c3c343bcef70ad9a0a9cb421f0fa?s=96&d=mm&r=g","caption":"admin"},"sameAs":["http:\/\/vengria.info"],"url":"https:\/\/vengria.info\/?author=1"}]}},"_links":{"self":[{"href":"https:\/\/vengria.info\/index.php?rest_route=\/wp\/v2\/posts\/18090","targetHints":{"allow":["GET"]}}],"collection":[{"href":"https:\/\/vengria.info\/index.php?rest_route=\/wp\/v2\/posts"}],"about":[{"href":"https:\/\/vengria.info\/index.php?rest_route=\/wp\/v2\/types\/post"}],"author":[{"embeddable":true,"href":"https:\/\/vengria.info\/index.php?rest_route=\/wp\/v2\/users\/1"}],"replies":[{"embeddable":true,"href":"https:\/\/vengria.info\/index.php?rest_route=%2Fwp%2Fv2%2Fcomments&post=18090"}],"version-history":[{"count":1,"href":"https:\/\/vengria.info\/index.php?rest_route=\/wp\/v2\/posts\/18090\/revisions"}],"predecessor-version":[{"id":18094,"href":"https:\/\/vengria.info\/index.php?rest_route=\/wp\/v2\/posts\/18090\/revisions\/18094"}],"wp:featuredmedia":[{"embeddable":true,"href":"https:\/\/vengria.info\/index.php?rest_route=\/wp\/v2\/media\/18092"}],"wp:attachment":[{"href":"https:\/\/vengria.info\/index.php?rest_route=%2Fwp%2Fv2%2Fmedia&parent=18090"}],"wp:term":[{"taxonomy":"category","embeddable":true,"href":"https:\/\/vengria.info\/index.php?rest_route=%2Fwp%2Fv2%2Fcategories&post=18090"},{"taxonomy":"post_tag","embeddable":true,"href":"https:\/\/vengria.info\/index.php?rest_route=%2Fwp%2Fv2%2Ftags&post=18090"}],"curies":[{"name":"wp","href":"https:\/\/api.w.org\/{rel}","templated":true}]}}