{"id":18083,"date":"2026-08-31T10:58:00","date_gmt":"2026-08-31T10:58:00","guid":{"rendered":"https:\/\/vengria.info\/?p=18083"},"modified":"2026-08-31T10:58:02","modified_gmt":"2026-08-31T10:58:02","slug":"hat-ev-gyermektelenseg-utan-a-ferjem-elhagyott-es-egyetlen-filler-nelkul-hagyott-akkor-meg-nem-sejtettem-hogy-a-hallgatag-szomszedom-mar-regota-tudja-az-igazsagot","status":"publish","type":"post","link":"https:\/\/vengria.info\/?p=18083","title":{"rendered":"Hat \u00e9v gyermektelens\u00e9g ut\u00e1n a f\u00e9rjem elhagyott, \u00e9s egyetlen fill\u00e9r n\u00e9lk\u00fcl hagyott. Akkor m\u00e9g nem sejtettem, hogy a hallgatag szomsz\u00e9dom m\u00e1r r\u00e9g\u00f3ta tudja az igazs\u00e1got."},"content":{"rendered":"\n<p class=\"wp-block-paragraph\">Hat \u00e9vig azzal az \u00e9rz\u00e9ssel \u00e9ltem, hogy a testem nemcsak engem, hanem az eg\u00e9sz h\u00e1zass\u00e1gomat is el\u00e1rulta.<\/p>\n\n\n\n<p class=\"wp-block-paragraph\">Minden reggel egyetlen k\u00e9rd\u00e9ssel \u00e9bredtem: Mi bajom van?<\/p>\n\n\n\n<p class=\"wp-block-paragraph\">Vizsg\u00e1latokon, hormonter\u00e1pi\u00e1n, sz\u00e1mos m\u0171t\u00e9ten \u00e9s sz\u00e1mtalan m\u00e1s beavatkoz\u00e1son estem \u00e1t. T\u00f6bbsz\u00f6r is pozit\u00edv terhess\u00e9gi tesztet l\u00e1ttam, \u00e9s t\u00f6bbsz\u00f6r is el kellett fogadnom a h\u00edrt, hogy a bab\u00e1nk nem \u00e9lte t\u00fal.<\/p>\n\n\n\n<p class=\"wp-block-paragraph\">Minden alkalommal azt mondtam magamnak, hogy legk\u00f6zelebb minden rendben lesz.<\/p>\n\n\n\n<p class=\"wp-block-paragraph\">Eleinte Ethan meg\u00f6lelt.<\/p>\n\n\n\n<p class=\"wp-block-paragraph\">\u201eMeg fogjuk oldani\u201d \u2013 mondta.<\/p>\n\n\n\n<p class=\"wp-block-paragraph\">De szavai fokozatosan elvesztett\u00e9k \u00e9rtelm\u00fcket.<\/p>\n\n\n\n<p class=\"wp-block-paragraph\">Az anyja soha nem titkolta a v\u00e9lem\u00e9ny\u00e9t.<\/p>\n\n\n\n<p class=\"wp-block-paragraph\">\u201eEgy n\u0151nek el\u0151sz\u00f6r csal\u00e1dot kell alap\u00edtania\u201d \u2013 mondta a vas\u00e1rnapi l\u00e1togat\u00e1sok sor\u00e1n.<\/p>\n\n\n\n<p class=\"wp-block-paragraph\">N\u00e9ha egyenesen kimondta.<\/p>\n\n\n\n<p class=\"wp-block-paragraph\">M\u00e1skor csak hallgatott, \u00e9s sokatmond\u00f3an n\u00e9zett a t\u00f6bbi gyerekes n\u0151re.<\/p>\n\n\n\n<p class=\"wp-block-paragraph\">\u00c9n mindig les\u00fct\u00f6ttem a tekintetemet.<\/p>\n\n\n\n<p class=\"wp-block-paragraph\">Ethan nem sz\u00f3lt semmit.<\/p>\n\n\n\n<p class=\"wp-block-paragraph\">Azt hittem, az\u00e9rt hallgat, mert nem akarta feleslegesen felzaklatni az anyj\u00e1t.<\/p>\n\n\n\n<p class=\"wp-block-paragraph\">Csak k\u00e9s\u0151bb \u00e9rtettem meg, hogy a hallgat\u00e1s\u00e1nak teljesen m\u00e1s jelent\u00e9se van.<\/p>\n\n\n\n<hr class=\"wp-block-separator has-alpha-channel-opacity\"\/>\n\n\n\n<p class=\"wp-block-paragraph\">Mindez egy cs\u00fct\u00f6rt\u00f6k este \u00e9rt v\u00e9get.<\/p>\n\n\n\n<p class=\"wp-block-paragraph\">Ethan k\u00e9s\u0151n \u00e9rt haza.<\/p>\n\n\n\n<p class=\"wp-block-paragraph\">M\u00e9g csak meg sem k\u00f6sz\u00f6nt.<\/p>\n\n\n\n<p class=\"wp-block-paragraph\">Letett egy mapp\u00e1t az orvosi eredm\u00e9nyeimmel az \u00e9tkez\u0151asztalra.<\/p>\n\n\n\n<p class=\"wp-block-paragraph\">\u201eBesz\u00e9ln\u00fcnk kell.\u201d<\/p>\n\n\n\n<p class=\"wp-block-paragraph\">Le\u00fcltem vele szemben.<\/p>\n\n\n\n<p class=\"wp-block-paragraph\">\u201eMi t\u00f6rt\u00e9nt?\u201d<\/p>\n\n\n\n<p class=\"wp-block-paragraph\">\u00dagy n\u00e9zett r\u00e1m, ahogy m\u00e9g soha nem l\u00e1ttam.<\/p>\n\n\n\n<p class=\"wp-block-paragraph\">\u201eSophie terhes.\u201d<\/p>\n\n\n\n<p class=\"wp-block-paragraph\">Nem tudtam, ki az a Sophie.<\/p>\n\n\n\n<p class=\"wp-block-paragraph\">Azt\u00e1n r\u00e1j\u00f6ttem, hogy az asszisztens\u00e9r\u0151l besz\u00e9l.<\/p>\n\n\n\n<p class=\"wp-block-paragraph\">\u201eMi?\u201d<\/p>\n\n\n\n<p class=\"wp-block-paragraph\">Ethan h\u00e1trad\u0151lt a sz\u00e9k\u00e9ben.<\/p>\n\n\n\n<p class=\"wp-block-paragraph\">\u201e\u00d6t hetes terhes.\u201d<\/p>\n\n\n\n<p class=\"wp-block-paragraph\">\u00dagy \u00e9reztem, mintha az eg\u00e9sz szoba d\u0151lne.<\/p>\n\n\n\n<p class=\"wp-block-paragraph\">\u201eMi k\u00f6ze ehhez nekem?\u201d<\/p>\n\n\n\n<p class=\"wp-block-paragraph\">Egy pillanatra elhallgatott.<\/p>\n\n\n\n<p class=\"wp-block-paragraph\">Azt\u00e1n a betegleleteimre mutatott.<\/p>\n\n\n\n<p class=\"wp-block-paragraph\">\u201eMost m\u00e1r azt hiszem, vil\u00e1gos, hol volt a probl\u00e9ma.\u201d<\/p>\n\n\n\n<p class=\"wp-block-paragraph\">R\u00e1m meredtem.<\/p>\n\n\n\n<p class=\"wp-block-paragraph\">Hat \u00e9v.<\/p>\n\n\n\n<p class=\"wp-block-paragraph\">Hat \u00e9v \u00f6nmagam hib\u00e1ztat\u00e1sa.<\/p>\n\n\n\n<p class=\"wp-block-paragraph\">Hat \u00e9v olt\u00e1sok, vizsg\u00e1latok, beavatkoz\u00e1sok, \u00e9s az anyja tekintet\u00e9nek elvisel\u00e9se.<\/p>\n\n\n\n<p class=\"wp-block-paragraph\">\u00c9s \u00e9pp most mondta meg, hogy \u00e9n vagyok a probl\u00e9ma.<\/p>\n\n\n\n<p class=\"wp-block-paragraph\">De a k\u00f6vetkez\u0151 mondata m\u00e9g rosszabb volt.<\/p>\n\n\n\n<p class=\"wp-block-paragraph\">\u201eV\u00e1lni akarok.\u201d<\/p>\n\n\n\n<hr class=\"wp-block-separator has-alpha-channel-opacity\"\/>\n\n\n\n<p class=\"wp-block-paragraph\">Reggelre a k\u00f6z\u00f6s sz\u00e1ml\u00e1nkon l\u00e9v\u0151 \u00f6sszes p\u00e9nz elt\u0171nt.<\/p>\n\n\n\n<p class=\"wp-block-paragraph\">A hitelk\u00e1rty\u00e1m nem m\u0171k\u00f6d\u00f6tt.<\/p>\n\n\n\n<p class=\"wp-block-paragraph\">Az eg\u00e9szs\u00e9gbiztos\u00edt\u00e1somat felmondt\u00e1k.<\/p>\n\n\n\n<p class=\"wp-block-paragraph\">Amikor megpr\u00f3b\u00e1ltam kinyitni a h\u00e1zunk ajtaj\u00e1t, a kulcs nem m\u0171k\u00f6d\u00f6tt.<\/p>\n\n\n\n<p class=\"wp-block-paragraph\">Ethan kicser\u00e9ltette a z\u00e1rakat.<\/p>\n\n\n\n<p class=\"wp-block-paragraph\">A j\u00e1rd\u00e1n \u00e1lltam egyetlen b\u0151r\u00f6nddel a kezemben, \u00e9s azon t\u0171n\u0151dtem, hogyan t\u00f6r\u00f6lhet el mindent, amit egy\u00fctt fel\u00e9p\u00edtettetek, az a szem\u00e9ly, akivel hat \u00e9vet t\u00f6lt\u00f6tt\u00e9l az \u00e9letedb\u0151l, egyetlen \u00e9jszaka alatt.<\/p>\n\n\n\n<p class=\"wp-block-paragraph\">Ethan kij\u00f6tt.<\/p>\n\n\n\n<p class=\"wp-block-paragraph\">\u2013 Nem kell jelenetet csin\u00e1lnod.<\/p>\n\n\n\n<p class=\"wp-block-paragraph\">\u2013 Hov\u00e1 menjek?<\/p>\n\n\n\n<p class=\"wp-block-paragraph\">Megvonta a v\u00e1ll\u00e1t.<\/p>\n\n\n\n<p class=\"wp-block-paragraph\">\u2013 Valahova.<\/p>\n\n\n\n<p class=\"wp-block-paragraph\">\u2013 Nincs p\u00e9nzem.<\/p>\n\n\n\n<p class=\"wp-block-paragraph\">\u2013 Meg tudod csin\u00e1lni.<\/p>\n\n\n\n<p class=\"wp-block-paragraph\">R\u00e1m n\u00e9zett.<\/p>\n\n\n\n<p class=\"wp-block-paragraph\">\u2013 Mindig azt mondtad, hogy er\u0151s vagy.<\/p>\n\n\n\n<p class=\"wp-block-paragraph\">Azt\u00e1n besz\u00e1llt a kocsij\u00e1ba \u00e9s elhajtott.<\/p>\n\n\n\n<p class=\"wp-block-paragraph\">M\u00e9g csak h\u00e1tra sem n\u00e9zett.<\/p>\n\n\n\n<hr class=\"wp-block-separator has-alpha-channel-opacity\"\/>\n\n\n\n<p class=\"wp-block-paragraph\">Az utca t\u00faloldal\u00e1n egy f\u00e9rfi \u00e1llt, akit alig ismertem.<\/p>\n\n\n\n<p class=\"wp-block-paragraph\">Caleb Whitmore.<\/p>\n\n\n\n<p class=\"wp-block-paragraph\">Cedar Hollow-ban furcs\u00e1nak nevezt\u00e9k.<\/p>\n\n\n\n<p class=\"wp-block-paragraph\">R\u00e9gen seriff volt.<\/p>\n\n\n\n<p class=\"wp-block-paragraph\">Miut\u00e1n nyugd\u00edjba vonult a rend\u0151rs\u00e9gt\u0151l, egy r\u00e9gi h\u00e1zba k\u00f6lt\u00f6z\u00f6tt a v\u00e1ros sz\u00e9l\u00e9n. Egyed\u00fcl \u00e9lt, n\u00e9h\u00e1ny \u00e1llatr\u00f3l gondoskodott, \u00e9s szinte soha nem vett r\u00e9szt a t\u00e1rsas\u00e1gi \u00e9letben.<\/p>\n\n\n\n<p class=\"wp-block-paragraph\">Azt mondt\u00e1k, neh\u00e9z m\u00faltja volt.<\/p>\n\n\n\n<p class=\"wp-block-paragraph\">De senki sem tudta, mi az.<\/p>\n\n\n\n<p class=\"wp-block-paragraph\">Caleb \u00e1tment az utca t\u00faloldal\u00e1ra.<\/p>\n\n\n\n<p class=\"wp-block-paragraph\">\u2013 Van hov\u00e1 menned?<\/p>\n\n\n\n<p class=\"wp-block-paragraph\">\u2013 Tal\u00e1lok egy motelt.<\/p>\n\n\n\n<p class=\"wp-block-paragraph\">\u2013 Nem kell.<\/p>\n\n\n\n<p class=\"wp-block-paragraph\">\u2013 Nem akarom, hogy b\u00e1rki sajn\u00e1ljon.<\/p>\n\n\n\n<p class=\"wp-block-paragraph\">\u2013 Nem sajn\u00e1llak t\u00e9ged.<\/p>\n\n\n\n<p class=\"wp-block-paragraph\">\u00d6sszevontam a szem\u00f6ld\u00f6k\u00f6m.<\/p>\n\n\n\n<p class=\"wp-block-paragraph\">\u2013 Akkor mi\u00e9rt seg\u00edtesz nekem?<\/p>\n\n\n\n<p class=\"wp-block-paragraph\">A h\u00e1zra n\u00e9zett, amib\u0151l \u00e9pp most r\u00fagtak ki.<\/p>\n\n\n\n<p class=\"wp-block-paragraph\">\u2013 Mert tudom, hogy n\u00e9ha nincs sz\u00fcks\u00e9ged sajn\u00e1latra. Csak egy \u00e9jszak\u00e1ra van sz\u00fcks\u00e9ged, hogy ne gondolj arra, mit fogsz holnap csin\u00e1lni.<\/p>\n\n\n\n<p class=\"wp-block-paragraph\">Nem tudtam, mit mondjak.<\/p>\n\n\n\n<p class=\"wp-block-paragraph\">V\u00e9g\u00fcl beleegyeztem.<\/p>\n\n\n\n<hr class=\"wp-block-separator has-alpha-channel-opacity\"\/>\n\n\n\n<p class=\"wp-block-paragraph\">Caleb h\u00e1za pontosan olyan volt, amilyennek elk\u00e9pzeltem.<\/p>\n\n\n\n<p class=\"wp-block-paragraph\">R\u00e9gi.<\/p>\n\n\n\n<p class=\"wp-block-paragraph\">Csendes.<\/p>\n\n\n\n<p class=\"wp-block-paragraph\">Egyszer\u0171.<\/p>\n\n\n\n<p class=\"wp-block-paragraph\">A falakat a seriffkor\u00e1b\u00f3l sz\u00e1rmaz\u00f3 fot\u00f3k szeg\u00e9lyezt\u00e9k.<\/p>\n\n\n\n<p class=\"wp-block-paragraph\">De amikor bel\u00e9pt\u00fcnk az irod\u00e1ba, valami furcs\u00e1t vettem \u00e9szre.<\/p>\n\n\n\n<p class=\"wp-block-paragraph\">H\u00e1rom dolog volt az asztalon.<\/p>\n\n\n\n<p class=\"wp-block-paragraph\">Egy kulcs.<\/p>\n\n\n\n<figure class=\"wp-block-image size-large is-resized\"><img loading=\"lazy\" decoding=\"async\" width=\"572\" height=\"1024\" src=\"https:\/\/vengria.info\/wp-content\/uploads\/2026\/08\/easzcxsadzcxasxz-572x1024.jpg\" alt=\"\" class=\"wp-image-18085\" style=\"width:747px;height:auto\" srcset=\"https:\/\/vengria.info\/wp-content\/uploads\/2026\/08\/easzcxsadzcxasxz-572x1024.jpg 572w, https:\/\/vengria.info\/wp-content\/uploads\/2026\/08\/easzcxsadzcxasxz-167x300.jpg 167w, https:\/\/vengria.info\/wp-content\/uploads\/2026\/08\/easzcxsadzcxasxz.jpg 768w\" sizes=\"auto, (max-width: 572px) 100vw, 572px\" \/><\/figure>\n\n\n\n<p class=\"wp-block-paragraph\">Egy v\u00e1l\u00f3peres \u00fcgyv\u00e9d n\u00e9vjegyk\u00e1rty\u00e1ja.<\/p>\n\n\n\n<p class=\"wp-block-paragraph\">\u00c9s egy bor\u00edt\u00e9k.<\/p>\n\n\n\n<p class=\"wp-block-paragraph\">\u2013 Mi ez?<\/p>\n\n\n\n<p class=\"wp-block-paragraph\">\u201eNyisd ki.\u201d<\/p>\n\n\n\n<p class=\"wp-block-paragraph\">Bent egy visszaigazol\u00e1s volt egy bostoni klinik\u00e1n lefoglalt id\u0151pontr\u00f3l.<\/p>\n\n\n\n<p class=\"wp-block-paragraph\">A nevemre sz\u00f3lt.<\/p>\n\n\n\n<p class=\"wp-block-paragraph\">\u201e\u00c9n nem rendeltem semmi ilyesmit.\u201d<\/p>\n\n\n\n<p class=\"wp-block-paragraph\">\u201eTudom.\u201d<\/p>\n\n\n\n<p class=\"wp-block-paragraph\">\u201eAkkor mi\u00e9rt van itt?\u201d<\/p>\n\n\n\n<p class=\"wp-block-paragraph\">Caleb egy m\u00e1sik dokumentumot tett az asztalra.<\/p>\n\n\n\n<p class=\"wp-block-paragraph\">\u201eMert valaki m\u00e1s fizette a tal\u00e1lkoz\u00f3dat.\u201d<\/p>\n\n\n\n<p class=\"wp-block-paragraph\">Megn\u00e9ztem a klinika nev\u00e9t.<\/p>\n\n\n\n<p class=\"wp-block-paragraph\">Ez volt az orsz\u00e1g egyik legjobb medd\u0151s\u00e9gi klinik\u00e1ja.<\/p>\n\n\n\n<p class=\"wp-block-paragraph\">\u201eMi\u00e9rt?\u201d<\/p>\n\n\n\n<p class=\"wp-block-paragraph\">Caleb nem sz\u00f3lt semmit.<\/p>\n\n\n\n<p class=\"wp-block-paragraph\">Ehelyett el\u0151h\u00fazott egy m\u00e1sik mapp\u00e1t.<\/p>\n\n\n\n<p class=\"wp-block-paragraph\">\u00c9s akkor megl\u00e1ttam a f\u00e9rjem nev\u00e9t.<\/p>\n\n\n\n<p class=\"wp-block-paragraph\">Kinyitottam.<\/p>\n\n\n\n<p class=\"wp-block-paragraph\">Az els\u0151 oldalon egy orvosi jelent\u00e9s volt.<\/p>\n\n\n\n<p class=\"wp-block-paragraph\">Elolvastam egyszer.<\/p>\n\n\n\n<p class=\"wp-block-paragraph\">Azt\u00e1n m\u00e1sodszor.<\/p>\n\n\n\n<p class=\"wp-block-paragraph\">\u00c9s v\u00e9g\u00fcl harmadszor is.<\/p>\n\n\n\n<p class=\"wp-block-paragraph\">Nem tudtam elhinni, amit l\u00e1ttam.<\/p>\n\n\n\n<p class=\"wp-block-paragraph\">S\u00falyos f\u00e9rfi medd\u0151s\u00e9g.<\/p>\n\n\n\n<p class=\"wp-block-paragraph\">Jelent\u0151sen cs\u00f6kkent term\u00e9szetes fogamz\u00e1sg\u00e1tl\u00f3 k\u00e9pess\u00e9g.<\/p>\n\n\n\n<p class=\"wp-block-paragraph\">R\u00e9g\u00f3ta fenn\u00e1ll\u00f3, meger\u0151s\u00edtett probl\u00e9ma.<\/p>\n\n\n\n<p class=\"wp-block-paragraph\">Remegni kezdett a kezem.<\/p>\n\n\n\n<p class=\"wp-block-paragraph\">\u201eEz lehetetlen.\u201d<\/p>\n\n\n\n<p class=\"wp-block-paragraph\">Caleb hallgatott.<\/p>\n\n\n\n<p class=\"wp-block-paragraph\">\u201eEthanon elv\u00e9gezt\u00e9k ezt a vizsg\u00e1latot?\u201d<\/p>\n\n\n\n<p class=\"wp-block-paragraph\">\u201eIgen.\u201d<\/p>\n\n\n\n<p class=\"wp-block-paragraph\">\u201eMikor?\u201d<\/p>\n\n\n\n<p class=\"wp-block-paragraph\">\u201eH\u00e9t \u00e9vvel ezel\u0151tt.\u201d<\/p>\n\n\n\n<p class=\"wp-block-paragraph\">Feln\u00e9ztem.<\/p>\n\n\n\n<p class=\"wp-block-paragraph\">\u201eH\u00e9t \u00e9vvel ezel\u0151tt?\u201d<\/p>\n\n\n\n<p class=\"wp-block-paragraph\">Caleb b\u00f3lintott.<\/p>\n\n\n\n<p class=\"wp-block-paragraph\">Eml\u00e9kek cik\u00e1ztak a fejemben.<\/p>\n\n\n\n<p class=\"wp-block-paragraph\">Az els\u0151 klinikal\u00e1togat\u00e1s.<\/p>\n\n\n\n<p class=\"wp-block-paragraph\">Az els\u0151 sikertelen kezel\u00e9s.<\/p>\n\n\n\n<p class=\"wp-block-paragraph\">Az els\u0151 vet\u00e9l\u00e9s.<\/p>\n\n\n\n<p class=\"wp-block-paragraph\">Az anyja szavai.<\/p>\n\n\n\n<p class=\"wp-block-paragraph\">A saj\u00e1t hib\u00e1ztat\u00e1som.<\/p>\n\n\n\n<p class=\"wp-block-paragraph\">\u00c9s Ethan, aki mindig azt mondta:<\/p>\n\n\n\n<p class=\"wp-block-paragraph\">\u201eAz orvosok majd kider\u00edtenek valamit.\u201d<\/p>\n\n\n\n<p class=\"wp-block-paragraph\">H\u00e9t \u00e9ve.<\/p>\n\n\n\n<p class=\"wp-block-paragraph\">H\u00e9t \u00e9ve tudta.<\/p>\n\n\n\n<p class=\"wp-block-paragraph\">\u201eMi\u00e9rt nem mondta el nekem soha?\u201d<\/p>\n\n\n\n<p class=\"wp-block-paragraph\">Caleb r\u00e1m n\u00e9zett.<\/p>\n\n\n\n<p class=\"wp-block-paragraph\">\u201eMert k\u00e9nyelmesebb volt neki, ha elhiteti veled, hogy te vagy a probl\u00e9ma.\u201d<\/p>\n\n\n\n<hr class=\"wp-block-separator has-alpha-channel-opacity\"\/>\n\n\n\n<p class=\"wp-block-paragraph\">\u201eHonnan vetted ezt a h\u00edrt?\u201d<\/p>\n\n\n\n<p class=\"wp-block-paragraph\">Cal<\/p>\n\n\n\n<p class=\"wp-block-paragraph\"><\/p>\n","protected":false},"excerpt":{"rendered":"Hat \u00e9vig azzal az \u00e9rz\u00e9ssel \u00e9ltem, hogy a testem nemcsak engem, hanem az eg\u00e9sz h\u00e1zass\u00e1gomat is el\u00e1rulta. Minden reggel egyetlen k\u00e9rd\u00e9ssel \u00e9bredtem: Mi \n<a class=\"moretag\" href=\"https:\/\/vengria.info\/?p=18083\"> [...]<\/a>","protected":false},"author":1,"featured_media":18085,"comment_status":"open","ping_status":"open","sticky":false,"template":"","format":"standard","meta":{"footnotes":""},"categories":[1,2],"tags":[],"class_list":["post-18083","post","type-post","status-publish","format-standard","has-post-thumbnail","hentry","category-news","category-video"],"yoast_head":"<!-- This site is optimized with the Yoast SEO plugin v28.3 - https:\/\/yoast.com\/product\/yoast-seo-wordpress\/ -->\n<title>Hat \u00e9v gyermektelens\u00e9g ut\u00e1n a f\u00e9rjem elhagyott, \u00e9s egyetlen fill\u00e9r n\u00e9lk\u00fcl hagyott. Akkor m\u00e9g nem sejtettem, hogy a hallgatag szomsz\u00e9dom m\u00e1r r\u00e9g\u00f3ta tudja az igazs\u00e1got. -<\/title>\n<meta name=\"robots\" content=\"index, follow, max-snippet:-1, max-image-preview:large, max-video-preview:-1\" \/>\n<link rel=\"canonical\" href=\"https:\/\/vengria.info\/?p=18083\" \/>\n<meta property=\"og:locale\" content=\"en_US\" \/>\n<meta property=\"og:type\" content=\"article\" \/>\n<meta property=\"og:title\" content=\"Hat \u00e9v gyermektelens\u00e9g ut\u00e1n a f\u00e9rjem elhagyott, \u00e9s egyetlen fill\u00e9r n\u00e9lk\u00fcl hagyott. Akkor m\u00e9g nem sejtettem, hogy a hallgatag szomsz\u00e9dom m\u00e1r r\u00e9g\u00f3ta tudja az igazs\u00e1got. -\" \/>\n<meta property=\"og:description\" content=\"Hat \u00e9vig azzal az \u00e9rz\u00e9ssel \u00e9ltem, hogy a testem nemcsak engem, hanem az eg\u00e9sz h\u00e1zass\u00e1gomat is el\u00e1rulta. Minden reggel egyetlen k\u00e9rd\u00e9ssel \u00e9bredtem: Mi\" \/>\n<meta property=\"og:url\" content=\"https:\/\/vengria.info\/?p=18083\" \/>\n<meta property=\"article:published_time\" content=\"2026-08-31T10:58:00+00:00\" \/>\n<meta property=\"article:modified_time\" content=\"2026-08-31T10:58:02+00:00\" \/>\n<meta property=\"og:image\" content=\"https:\/\/vengria.info\/wp-content\/uploads\/2026\/08\/easzcxsadzcxasxz.jpg\" \/>\n\t<meta property=\"og:image:width\" content=\"768\" \/>\n\t<meta property=\"og:image:height\" content=\"1376\" \/>\n\t<meta property=\"og:image:type\" content=\"image\/jpeg\" \/>\n<meta name=\"author\" content=\"admin\" \/>\n<meta name=\"twitter:card\" content=\"summary_large_image\" \/>\n<meta name=\"twitter:label1\" content=\"Written by\" \/>\n\t<meta name=\"twitter:data1\" content=\"admin\" \/>\n\t<meta name=\"twitter:label2\" content=\"Est. reading time\" \/>\n\t<meta name=\"twitter:data2\" content=\"4 minutes\" \/>\n<script type=\"application\/ld+json\" class=\"yoast-schema-graph\">{\"@context\":\"https:\\\/\\\/schema.org\",\"@graph\":[{\"@type\":\"Article\",\"@id\":\"https:\\\/\\\/vengria.info\\\/?p=18083#article\",\"isPartOf\":{\"@id\":\"https:\\\/\\\/vengria.info\\\/?p=18083\"},\"author\":{\"name\":\"admin\",\"@id\":\"https:\\\/\\\/vengria.info\\\/#\\\/schema\\\/person\\\/b815b04a6b1fb36a2d064955a92f68d4\"},\"headline\":\"Hat \u00e9v gyermektelens\u00e9g ut\u00e1n a f\u00e9rjem elhagyott, \u00e9s egyetlen fill\u00e9r n\u00e9lk\u00fcl hagyott. Akkor m\u00e9g nem sejtettem, hogy a hallgatag szomsz\u00e9dom m\u00e1r r\u00e9g\u00f3ta tudja az igazs\u00e1got.\",\"datePublished\":\"2026-08-31T10:58:00+00:00\",\"dateModified\":\"2026-08-31T10:58:02+00:00\",\"mainEntityOfPage\":{\"@id\":\"https:\\\/\\\/vengria.info\\\/?p=18083\"},\"wordCount\":1057,\"commentCount\":0,\"image\":{\"@id\":\"https:\\\/\\\/vengria.info\\\/?p=18083#primaryimage\"},\"thumbnailUrl\":\"https:\\\/\\\/vengria.info\\\/wp-content\\\/uploads\\\/2026\\\/08\\\/easzcxsadzcxasxz.jpg\",\"articleSection\":[\"NEWS\",\"VIDEO\"],\"inLanguage\":\"en-US\",\"potentialAction\":[{\"@type\":\"CommentAction\",\"name\":\"Comment\",\"target\":[\"https:\\\/\\\/vengria.info\\\/?p=18083#respond\"]}]},{\"@type\":\"WebPage\",\"@id\":\"https:\\\/\\\/vengria.info\\\/?p=18083\",\"url\":\"https:\\\/\\\/vengria.info\\\/?p=18083\",\"name\":\"Hat \u00e9v gyermektelens\u00e9g ut\u00e1n a f\u00e9rjem elhagyott, \u00e9s egyetlen fill\u00e9r n\u00e9lk\u00fcl hagyott. Akkor m\u00e9g nem sejtettem, hogy a hallgatag szomsz\u00e9dom m\u00e1r r\u00e9g\u00f3ta tudja az igazs\u00e1got. -\",\"isPartOf\":{\"@id\":\"https:\\\/\\\/vengria.info\\\/#website\"},\"primaryImageOfPage\":{\"@id\":\"https:\\\/\\\/vengria.info\\\/?p=18083#primaryimage\"},\"image\":{\"@id\":\"https:\\\/\\\/vengria.info\\\/?p=18083#primaryimage\"},\"thumbnailUrl\":\"https:\\\/\\\/vengria.info\\\/wp-content\\\/uploads\\\/2026\\\/08\\\/easzcxsadzcxasxz.jpg\",\"datePublished\":\"2026-08-31T10:58:00+00:00\",\"dateModified\":\"2026-08-31T10:58:02+00:00\",\"author\":{\"@id\":\"https:\\\/\\\/vengria.info\\\/#\\\/schema\\\/person\\\/b815b04a6b1fb36a2d064955a92f68d4\"},\"breadcrumb\":{\"@id\":\"https:\\\/\\\/vengria.info\\\/?p=18083#breadcrumb\"},\"inLanguage\":\"en-US\",\"potentialAction\":[{\"@type\":\"ReadAction\",\"target\":[\"https:\\\/\\\/vengria.info\\\/?p=18083\"]}]},{\"@type\":\"ImageObject\",\"inLanguage\":\"en-US\",\"@id\":\"https:\\\/\\\/vengria.info\\\/?p=18083#primaryimage\",\"url\":\"https:\\\/\\\/vengria.info\\\/wp-content\\\/uploads\\\/2026\\\/08\\\/easzcxsadzcxasxz.jpg\",\"contentUrl\":\"https:\\\/\\\/vengria.info\\\/wp-content\\\/uploads\\\/2026\\\/08\\\/easzcxsadzcxasxz.jpg\",\"width\":768,\"height\":1376},{\"@type\":\"BreadcrumbList\",\"@id\":\"https:\\\/\\\/vengria.info\\\/?p=18083#breadcrumb\",\"itemListElement\":[{\"@type\":\"ListItem\",\"position\":1,\"name\":\"Home\",\"item\":\"https:\\\/\\\/vengria.info\\\/\"},{\"@type\":\"ListItem\",\"position\":2,\"name\":\"Hat \u00e9v gyermektelens\u00e9g ut\u00e1n a f\u00e9rjem elhagyott, \u00e9s egyetlen fill\u00e9r n\u00e9lk\u00fcl hagyott. Akkor m\u00e9g nem sejtettem, hogy a hallgatag szomsz\u00e9dom m\u00e1r r\u00e9g\u00f3ta tudja az igazs\u00e1got.\"}]},{\"@type\":\"WebSite\",\"@id\":\"https:\\\/\\\/vengria.info\\\/#website\",\"url\":\"https:\\\/\\\/vengria.info\\\/\",\"name\":\"\",\"description\":\"\",\"potentialAction\":[{\"@type\":\"SearchAction\",\"target\":{\"@type\":\"EntryPoint\",\"urlTemplate\":\"https:\\\/\\\/vengria.info\\\/?s={search_term_string}\"},\"query-input\":{\"@type\":\"PropertyValueSpecification\",\"valueRequired\":true,\"valueName\":\"search_term_string\"}}],\"inLanguage\":\"en-US\"},{\"@type\":\"Person\",\"@id\":\"https:\\\/\\\/vengria.info\\\/#\\\/schema\\\/person\\\/b815b04a6b1fb36a2d064955a92f68d4\",\"name\":\"admin\",\"image\":{\"@type\":\"ImageObject\",\"inLanguage\":\"en-US\",\"@id\":\"https:\\\/\\\/secure.gravatar.com\\\/avatar\\\/a29bad30ab19883c48927f9ee55a40d0d1a0c3c343bcef70ad9a0a9cb421f0fa?s=96&d=mm&r=g\",\"url\":\"https:\\\/\\\/secure.gravatar.com\\\/avatar\\\/a29bad30ab19883c48927f9ee55a40d0d1a0c3c343bcef70ad9a0a9cb421f0fa?s=96&d=mm&r=g\",\"contentUrl\":\"https:\\\/\\\/secure.gravatar.com\\\/avatar\\\/a29bad30ab19883c48927f9ee55a40d0d1a0c3c343bcef70ad9a0a9cb421f0fa?s=96&d=mm&r=g\",\"caption\":\"admin\"},\"sameAs\":[\"http:\\\/\\\/vengria.info\"],\"url\":\"https:\\\/\\\/vengria.info\\\/?author=1\"}]}<\/script>\n<!-- \/ Yoast SEO plugin. -->","yoast_head_json":{"title":"Hat \u00e9v gyermektelens\u00e9g ut\u00e1n a f\u00e9rjem elhagyott, \u00e9s egyetlen fill\u00e9r n\u00e9lk\u00fcl hagyott. Akkor m\u00e9g nem sejtettem, hogy a hallgatag szomsz\u00e9dom m\u00e1r r\u00e9g\u00f3ta tudja az igazs\u00e1got. -","robots":{"index":"index","follow":"follow","max-snippet":"max-snippet:-1","max-image-preview":"max-image-preview:large","max-video-preview":"max-video-preview:-1"},"canonical":"https:\/\/vengria.info\/?p=18083","og_locale":"en_US","og_type":"article","og_title":"Hat \u00e9v gyermektelens\u00e9g ut\u00e1n a f\u00e9rjem elhagyott, \u00e9s egyetlen fill\u00e9r n\u00e9lk\u00fcl hagyott. Akkor m\u00e9g nem sejtettem, hogy a hallgatag szomsz\u00e9dom m\u00e1r r\u00e9g\u00f3ta tudja az igazs\u00e1got. -","og_description":"Hat \u00e9vig azzal az \u00e9rz\u00e9ssel \u00e9ltem, hogy a testem nemcsak engem, hanem az eg\u00e9sz h\u00e1zass\u00e1gomat is el\u00e1rulta. Minden reggel egyetlen k\u00e9rd\u00e9ssel \u00e9bredtem: Mi","og_url":"https:\/\/vengria.info\/?p=18083","article_published_time":"2026-08-31T10:58:00+00:00","article_modified_time":"2026-08-31T10:58:02+00:00","og_image":[{"width":768,"height":1376,"url":"https:\/\/vengria.info\/wp-content\/uploads\/2026\/08\/easzcxsadzcxasxz.jpg","type":"image\/jpeg"}],"author":"admin","twitter_card":"summary_large_image","twitter_misc":{"Written by":"admin","Est. reading time":"4 minutes"},"schema":{"@context":"https:\/\/schema.org","@graph":[{"@type":"Article","@id":"https:\/\/vengria.info\/?p=18083#article","isPartOf":{"@id":"https:\/\/vengria.info\/?p=18083"},"author":{"name":"admin","@id":"https:\/\/vengria.info\/#\/schema\/person\/b815b04a6b1fb36a2d064955a92f68d4"},"headline":"Hat \u00e9v gyermektelens\u00e9g ut\u00e1n a f\u00e9rjem elhagyott, \u00e9s egyetlen fill\u00e9r n\u00e9lk\u00fcl hagyott. Akkor m\u00e9g nem sejtettem, hogy a hallgatag szomsz\u00e9dom m\u00e1r r\u00e9g\u00f3ta tudja az igazs\u00e1got.","datePublished":"2026-08-31T10:58:00+00:00","dateModified":"2026-08-31T10:58:02+00:00","mainEntityOfPage":{"@id":"https:\/\/vengria.info\/?p=18083"},"wordCount":1057,"commentCount":0,"image":{"@id":"https:\/\/vengria.info\/?p=18083#primaryimage"},"thumbnailUrl":"https:\/\/vengria.info\/wp-content\/uploads\/2026\/08\/easzcxsadzcxasxz.jpg","articleSection":["NEWS","VIDEO"],"inLanguage":"en-US","potentialAction":[{"@type":"CommentAction","name":"Comment","target":["https:\/\/vengria.info\/?p=18083#respond"]}]},{"@type":"WebPage","@id":"https:\/\/vengria.info\/?p=18083","url":"https:\/\/vengria.info\/?p=18083","name":"Hat \u00e9v gyermektelens\u00e9g ut\u00e1n a f\u00e9rjem elhagyott, \u00e9s egyetlen fill\u00e9r n\u00e9lk\u00fcl hagyott. Akkor m\u00e9g nem sejtettem, hogy a hallgatag szomsz\u00e9dom m\u00e1r r\u00e9g\u00f3ta tudja az igazs\u00e1got. -","isPartOf":{"@id":"https:\/\/vengria.info\/#website"},"primaryImageOfPage":{"@id":"https:\/\/vengria.info\/?p=18083#primaryimage"},"image":{"@id":"https:\/\/vengria.info\/?p=18083#primaryimage"},"thumbnailUrl":"https:\/\/vengria.info\/wp-content\/uploads\/2026\/08\/easzcxsadzcxasxz.jpg","datePublished":"2026-08-31T10:58:00+00:00","dateModified":"2026-08-31T10:58:02+00:00","author":{"@id":"https:\/\/vengria.info\/#\/schema\/person\/b815b04a6b1fb36a2d064955a92f68d4"},"breadcrumb":{"@id":"https:\/\/vengria.info\/?p=18083#breadcrumb"},"inLanguage":"en-US","potentialAction":[{"@type":"ReadAction","target":["https:\/\/vengria.info\/?p=18083"]}]},{"@type":"ImageObject","inLanguage":"en-US","@id":"https:\/\/vengria.info\/?p=18083#primaryimage","url":"https:\/\/vengria.info\/wp-content\/uploads\/2026\/08\/easzcxsadzcxasxz.jpg","contentUrl":"https:\/\/vengria.info\/wp-content\/uploads\/2026\/08\/easzcxsadzcxasxz.jpg","width":768,"height":1376},{"@type":"BreadcrumbList","@id":"https:\/\/vengria.info\/?p=18083#breadcrumb","itemListElement":[{"@type":"ListItem","position":1,"name":"Home","item":"https:\/\/vengria.info\/"},{"@type":"ListItem","position":2,"name":"Hat \u00e9v gyermektelens\u00e9g ut\u00e1n a f\u00e9rjem elhagyott, \u00e9s egyetlen fill\u00e9r n\u00e9lk\u00fcl hagyott. Akkor m\u00e9g nem sejtettem, hogy a hallgatag szomsz\u00e9dom m\u00e1r r\u00e9g\u00f3ta tudja az igazs\u00e1got."}]},{"@type":"WebSite","@id":"https:\/\/vengria.info\/#website","url":"https:\/\/vengria.info\/","name":"","description":"","potentialAction":[{"@type":"SearchAction","target":{"@type":"EntryPoint","urlTemplate":"https:\/\/vengria.info\/?s={search_term_string}"},"query-input":{"@type":"PropertyValueSpecification","valueRequired":true,"valueName":"search_term_string"}}],"inLanguage":"en-US"},{"@type":"Person","@id":"https:\/\/vengria.info\/#\/schema\/person\/b815b04a6b1fb36a2d064955a92f68d4","name":"admin","image":{"@type":"ImageObject","inLanguage":"en-US","@id":"https:\/\/secure.gravatar.com\/avatar\/a29bad30ab19883c48927f9ee55a40d0d1a0c3c343bcef70ad9a0a9cb421f0fa?s=96&d=mm&r=g","url":"https:\/\/secure.gravatar.com\/avatar\/a29bad30ab19883c48927f9ee55a40d0d1a0c3c343bcef70ad9a0a9cb421f0fa?s=96&d=mm&r=g","contentUrl":"https:\/\/secure.gravatar.com\/avatar\/a29bad30ab19883c48927f9ee55a40d0d1a0c3c343bcef70ad9a0a9cb421f0fa?s=96&d=mm&r=g","caption":"admin"},"sameAs":["http:\/\/vengria.info"],"url":"https:\/\/vengria.info\/?author=1"}]}},"_links":{"self":[{"href":"https:\/\/vengria.info\/index.php?rest_route=\/wp\/v2\/posts\/18083","targetHints":{"allow":["GET"]}}],"collection":[{"href":"https:\/\/vengria.info\/index.php?rest_route=\/wp\/v2\/posts"}],"about":[{"href":"https:\/\/vengria.info\/index.php?rest_route=\/wp\/v2\/types\/post"}],"author":[{"embeddable":true,"href":"https:\/\/vengria.info\/index.php?rest_route=\/wp\/v2\/users\/1"}],"replies":[{"embeddable":true,"href":"https:\/\/vengria.info\/index.php?rest_route=%2Fwp%2Fv2%2Fcomments&post=18083"}],"version-history":[{"count":1,"href":"https:\/\/vengria.info\/index.php?rest_route=\/wp\/v2\/posts\/18083\/revisions"}],"predecessor-version":[{"id":18087,"href":"https:\/\/vengria.info\/index.php?rest_route=\/wp\/v2\/posts\/18083\/revisions\/18087"}],"wp:featuredmedia":[{"embeddable":true,"href":"https:\/\/vengria.info\/index.php?rest_route=\/wp\/v2\/media\/18085"}],"wp:attachment":[{"href":"https:\/\/vengria.info\/index.php?rest_route=%2Fwp%2Fv2%2Fmedia&parent=18083"}],"wp:term":[{"taxonomy":"category","embeddable":true,"href":"https:\/\/vengria.info\/index.php?rest_route=%2Fwp%2Fv2%2Fcategories&post=18083"},{"taxonomy":"post_tag","embeddable":true,"href":"https:\/\/vengria.info\/index.php?rest_route=%2Fwp%2Fv2%2Ftags&post=18083"}],"curies":[{"name":"wp","href":"https:\/\/api.w.org\/{rel}","templated":true}]}}