{"id":18076,"date":"2026-08-31T10:43:12","date_gmt":"2026-08-31T10:43:12","guid":{"rendered":"https:\/\/vengria.info\/?p=18076"},"modified":"2026-08-31T10:43:13","modified_gmt":"2026-08-31T10:43:13","slug":"egy-fiatal-bokszolo-megalazott-egy-idos-takaritonot-az-egesz-edzoterem-elott-de-fogalma-sem-volt-mi-fog-tortenni-ha-felveszi-a-kesztyujet","status":"publish","type":"post","link":"https:\/\/vengria.info\/?p=18076","title":{"rendered":"Egy fiatal bokszol\u00f3 megal\u00e1zott egy id\u0151s takar\u00edt\u00f3n\u0151t az eg\u00e9sz edz\u0151terem el\u0151tt. De fogalma sem volt, mi fog t\u00f6rt\u00e9nni, ha felveszi a keszty\u0171j\u00e9t."},"content":{"rendered":"\n<p class=\"wp-block-paragraph\">A bokszterem szokatlanul zajos volt aznap este.<\/p>\n\n\n\n<p class=\"wp-block-paragraph\">Az \u00fct\u00e9sek a zs\u00e1kokra visszhangoztak a teremben, a ringben l\u00e9v\u0151 k\u00f6telek minden mozdulatn\u00e1l remegtek, \u00e9s az edz\u0151 folyamatosan korrig\u00e1lta a gyakorlottjait. A leveg\u0151 neh\u00e9z volt az izzads\u00e1gt\u00f3l, a gumit\u00f3l \u00e9s att\u00f3l a k\u00fcl\u00f6nleges fesz\u00fclts\u00e9gt\u0151l, ami mindig egy fontos m\u00e9rk\u0151z\u00e9s el\u0151tt van.<\/p>\n\n\n\n<p class=\"wp-block-paragraph\">Mindezek k\u00f6zep\u00e9n ott volt Michael.<\/p>\n\n\n\n<p class=\"wp-block-paragraph\">A huszonh\u00e9t \u00e9ves bokszol\u00f3 a helyi klub szt\u00e1rja volt. T\u00f6bb gy\u0151zelmet is aratott, sportplak\u00e1tokon szerepelt, \u00e9s meg volt gy\u0151z\u0151dve arr\u00f3l, hogy karrierje \u00e9ppen most kezd j\u00f3 ir\u00e1nyba haladni.<\/p>\n\n\n\n<p class=\"wp-block-paragraph\">Edz\u0151je azonban tudta, hogy Michaelnek van egy probl\u00e9m\u00e1ja.<\/p>\n\n\n\n<p class=\"wp-block-paragraph\">T\u00fal magabiztos volt.<\/p>\n\n\n\n<p class=\"wp-block-paragraph\">\u201eMegint!\u201d \u2013 ki\u00e1ltotta az edz\u0151.<\/p>\n\n\n\n<p class=\"wp-block-paragraph\">Michael \u00e1ll\u00e1st vett fel.<\/p>\n\n\n\n<p class=\"wp-block-paragraph\">T\u00e1rsa jobbhoroggal t\u00e1madta meg. Michael h\u00e1tral\u00e9pett, lehajtotta a fej\u00e9t, l\u00e1bujjhegyre \u00e1llt, \u00e9s azonnal viszonozta a r\u00f6vid kombin\u00e1ci\u00f3t.<\/p>\n\n\n\n<p class=\"wp-block-paragraph\">\u201eM\u00e9g egyszer!\u201d<\/p>\n\n\n\n<p class=\"wp-block-paragraph\">Ugyanezt a mozdulatot k\u00f6r\u00fclbel\u00fcl h\u00fasszor megism\u00e9telt\u00e9k.<\/p>\n\n\n\n<p class=\"wp-block-paragraph\">Amikor az edz\u00e9s v\u00e9gre v\u00e9get \u00e9rt, a legt\u00f6bb bokszol\u00f3 elkezdte levenni a keszty\u0171j\u00e9t. N\u00e9h\u00e1nyan az \u00f6lt\u00f6z\u0151kbe mentek, m\u00e1sok a padokon \u00fcltek, \u00e9s az edz\u00e9s utols\u00f3 perceit n\u00e9zt\u00e9k.<\/p>\n\n\n\n<p class=\"wp-block-paragraph\">K\u00f6zben Margaret bel\u00e9pett a terembe.<\/p>\n\n\n\n<p class=\"wp-block-paragraph\">Hatvan felett volt, \u00e9s sok \u00e9ve dolgozott a teremben.<\/p>\n\n\n\n<p class=\"wp-block-paragraph\">Nem volt tagja a klubnak.<\/p>\n\n\n\n<p class=\"wp-block-paragraph\">Nem volt edz\u0151.<\/p>\n\n\n\n<p class=\"wp-block-paragraph\">Nem volt ismert sportol\u00f3.<\/p>\n\n\n\n<p class=\"wp-block-paragraph\">Takar\u00edt\u00f3n\u0151 volt.<\/p>\n\n\n\n<p class=\"wp-block-paragraph\">Minden este a f\u0151 edz\u00e9s ut\u00e1n bej\u00f6tt, fogott egy felmos\u00f3t, felmosta a padl\u00f3t, kitakar\u00edtotta az \u00f6lt\u00f6z\u0151ket, \u00e9s el\u0151k\u00e9sz\u00edtette a teremet a k\u00f6vetkez\u0151 reggelre.<\/p>\n\n\n\n<p class=\"wp-block-paragraph\">A legt\u00f6bb bokszol\u00f3 alig vette \u00e9szre.<\/p>\n\n\n\n<p class=\"wp-block-paragraph\">Margaret hozz\u00e1szokott.<\/p>\n\n\n\n<p class=\"wp-block-paragraph\">Aznap este elkezdte takar\u00edtani a ring k\u00f6r\u00fcl.<\/p>\n\n\n\n<p class=\"wp-block-paragraph\">Michael \u00e9szrevette.<\/p>\n\n\n\n<p class=\"wp-block-paragraph\">\u201eH\u00e9!\u201d<\/p>\n\n\n\n<p class=\"wp-block-paragraph\">Margaret feln\u00e9zett.<\/p>\n\n\n\n<p class=\"wp-block-paragraph\">\u201eIgen?\u201d<\/p>\n\n\n\n<p class=\"wp-block-paragraph\">\u201eMost nem tudsz felmosni.\u201d<\/p>\n\n\n\n<p class=\"wp-block-paragraph\">A nedves padl\u00f3ra mutatott.<\/p>\n\n\n\n<p class=\"wp-block-paragraph\">\u2013 Mi van, ha valaki megcs\u00faszik?<\/p>\n\n\n\n<p class=\"wp-block-paragraph\">Margaret az \u00f3r\u00e1j\u00e1ra n\u00e9zett.<\/p>\n\n\n\n<p class=\"wp-block-paragraph\">\u2013 V\u00e9ge az edz\u00e9snek.<\/p>\n\n\n\n<p class=\"wp-block-paragraph\">\u2013 M\u00e9g mindig itt vagyunk.<\/p>\n\n\n\n<p class=\"wp-block-paragraph\">\u2013 Ez\u00e9rt v\u00e1rom meg, hogy befejezd.<\/p>\n\n\n\n<p class=\"wp-block-paragraph\">Michael elmosolyodott.<\/p>\n\n\n\n<p class=\"wp-block-paragraph\">\u2013 Nem \u00e9rted.<\/p>\n\n\n\n<p class=\"wp-block-paragraph\">Margaret hallgatott.<\/p>\n\n\n\n<p class=\"wp-block-paragraph\">\u2013 A boksz nem arr\u00f3l sz\u00f3l, hogy felmossuk a padl\u00f3t \u2013 folytatta. \u2013 Egyetlen rossz mozdulat, \u00e9s valaki a f\u00f6ld\u00f6n k\u00f6thet ki.<\/p>\n\n\n\n<p class=\"wp-block-paragraph\">A n\u0151 folytatta a munk\u00e1t.<\/p>\n\n\n\n<p class=\"wp-block-paragraph\">\u2013 R\u00e9gebb \u00f3ta vagyok itt, mint te ebben a klubban.<\/p>\n\n\n\n<p class=\"wp-block-paragraph\">T\u00f6bb bokszol\u00f3 is felnevetett.<\/p>\n\n\n\n<p class=\"wp-block-paragraph\">Michael azonnal megs\u00e9rt\u0151d\u00f6tt.<\/p>\n\n\n\n<p class=\"wp-block-paragraph\">\u2013 Sz\u00f3val azt mondod, hogy \u00e9rted a bokszot?<\/p>\n\n\n\n<p class=\"wp-block-paragraph\">Margaret felemelte a tekintet\u00e9t.<\/p>\n\n\n\n<p class=\"wp-block-paragraph\">\u2013 Azt mondom, tudom, mit csin\u00e1lok.<\/p>\n\n\n\n<p class=\"wp-block-paragraph\">Michael elmosolyodott.<\/p>\n\n\n\n<p class=\"wp-block-paragraph\">\u2013 Rendben.<\/p>\n\n\n\n<p class=\"wp-block-paragraph\">Bem\u00e1szott a ringbe.<\/p>\n\n\n\n<p class=\"wp-block-paragraph\">\u2013 Akkor mutasd meg.<\/p>\n\n\n\n<p class=\"wp-block-paragraph\">Az egyik bokszol\u00f3 nevetett.<\/p>\n\n\n\n<p class=\"wp-block-paragraph\">Margaret fels\u00f3hajtott.<\/p>\n\n\n\n<p class=\"wp-block-paragraph\">\u2013 Nem \u00e9rdekel.<\/p>\n\n\n\n<p class=\"wp-block-paragraph\">\u2013 F\u00e9lsz?<\/p>\n\n\n\n<p class=\"wp-block-paragraph\">\u2013 Nem.<\/p>\n\n\n\n<p class=\"wp-block-paragraph\">\u2013 Akkor mi\u00e9rt nem j\u00f6ssz be?<\/p>\n\n\n\n<p class=\"wp-block-paragraph\">Margaret a falhoz t\u00e1masztotta a felmos\u00f3t.<\/p>\n\n\n\n<p class=\"wp-block-paragraph\">\u2013 Mert dolgozni j\u00f6ttem ide.<\/p>\n\n\n\n<p class=\"wp-block-paragraph\">Michael megr\u00e1zta a fej\u00e9t.<\/p>\n\n\n\n<p class=\"wp-block-paragraph\">\u2013 Margaret egyszer\u0171en fogalmazzon.<\/p>\n\n\n\n<p class=\"wp-block-paragraph\">Az ajt\u00f3ra mutatott.<\/p>\n\n\n\n<p class=\"wp-block-paragraph\">\u2013 Vagy megism\u00e9tled a mozdulatomat, vagy holnap nem kell j\u00f6nn\u00f6d. Megmondom a tulajdonosnak, hogy nem vagy hajland\u00f3 egy\u00fcttm\u0171k\u00f6dni.<\/p>\n\n\n\n<p class=\"wp-block-paragraph\">A terem elcsendesedett.<\/p>\n\n\n\n<p class=\"wp-block-paragraph\">Az edz\u0151, aki \u00e9ppen a keszty\u0171it tette el, megfordult.<\/p>\n\n\n\n<p class=\"wp-block-paragraph\">\u2013 Michael, hagyd abba.<\/p>\n\n\n\n<p class=\"wp-block-paragraph\">\u2013 Csak viccelek.<\/p>\n\n\n\n<p class=\"wp-block-paragraph\">Margaret egy pillanatig a fiatal bokszol\u00f3ra meredt.<\/p>\n\n\n\n<p class=\"wp-block-paragraph\">Azt\u00e1n lassan bel\u00e9pett a ringbe.<\/p>\n\n\n\n<p class=\"wp-block-paragraph\">T\u00f6bb f\u00e9rfi is nevetni kezdett.<\/p>\n\n\n\n<p class=\"wp-block-paragraph\">Michael felvette a keszty\u0171it.<\/p>\n\n\n\n<p class=\"wp-block-paragraph\">\u2013 Ne agg\u00f3dj, adunk neki valami k\u00f6nny\u0171t.<\/p>\n\n\n\n<p class=\"wp-block-paragraph\">Bemutatott egy kombin\u00e1ci\u00f3t.<\/p>\n\n\n\n<p class=\"wp-block-paragraph\">L\u00e9pj el\u0151re.<\/p>\n\n\n\n<p class=\"wp-block-paragraph\">Kit\u00e9r\u00e9s.<\/p>\n\n\n\n<p class=\"wp-block-paragraph\">P\u00f6rg\u00e9s.<\/p>\n\n\n\n<p class=\"wp-block-paragraph\">Kis jobbra.<\/p>\n\n\n\n<p class=\"wp-block-paragraph\">Balra.<\/p>\n\n\n\n<p class=\"wp-block-paragraph\">L\u00e9p\u00e9s.<\/p>\n\n\n\n<p class=\"wp-block-paragraph\">\u00c9s v\u00e9g\u00fcl egy gyors \u00e1ll\u00e1sv\u00e1lt\u00e1s.<\/p>\n\n\n\n<p class=\"wp-block-paragraph\">\u201eItt.\u201d<\/p>\n\n\n\n<p class=\"wp-block-paragraph\">Margaretre n\u00e9zett.<\/p>\n\n\n\n<p class=\"wp-block-paragraph\">\u201eCsin\u00e1ld \u00fajra.\u201d<\/p>\n\n\n\n<p class=\"wp-block-paragraph\">A n\u0151 levette a k\u00f6t\u00e9ny\u00e9t.<\/p>\n\n\n\n<p class=\"wp-block-paragraph\">\u201eNincs keszty\u0171m.\u201d<\/p>\n\n\n\n<p class=\"wp-block-paragraph\">Az egyik bokszol\u00f3 adott neki egy r\u00e9gi p\u00e1r keszty\u0171t.<\/p>\n\n\n\n<p class=\"wp-block-paragraph\">Margaret lassan felvette \u0151ket.<\/p>\n\n\n\n<p class=\"wp-block-paragraph\">Michael elmosolyodott.<\/p>\n\n\n\n<p class=\"wp-block-paragraph\">\u201eK\u00e9sz vagy?\u201d<\/p>\n\n\n\n<p class=\"wp-block-paragraph\">Margaret b\u00f3lintott.<\/p>\n\n\n\n<p class=\"wp-block-paragraph\">\u00c9s akkor megtette az els\u0151 l\u00e9p\u00e9st.<\/p>\n\n\n\n<p class=\"wp-block-paragraph\">A nevet\u00e9s azonnal elhalt.<\/p>\n\n\n\n<p class=\"wp-block-paragraph\">Pontosan ugyanazt a mozdulatot tette.<\/p>\n\n\n\n<p class=\"wp-block-paragraph\">Egy pillanatnyi haboz\u00e1s n\u00e9lk\u00fcl.<\/p>\n\n\n\n<p class=\"wp-block-paragraph\">L\u00e9p\u00e9s.<\/p>\n\n\n\n<p class=\"wp-block-paragraph\">Egy kit\u00e9r\u00e9s.<\/p>\n\n\n\n<p class=\"wp-block-paragraph\">Egy p\u00f6rg\u00e9s.<\/p>\n\n\n\n<p class=\"wp-block-paragraph\">Egy jobbra.<\/p>\n\n\n\n<p class=\"wp-block-paragraph\">Egy balra.<\/p>\n\n\n\n<p class=\"wp-block-paragraph\">Egy l\u00e9p\u00e9s.<\/p>\n\n\n\n<p class=\"wp-block-paragraph\">M\u00e9g az \u00e1ll\u00e1sv\u00e1lt\u00e1s is t\u00f6k\u00e9letesen id\u0151z\u00edtett volt.<\/p>\n\n\n\n<p class=\"wp-block-paragraph\">Michael abbahagyta a mosolyg\u00e1st.<\/p>\n\n\n\n<p class=\"wp-block-paragraph\">\u201eV\u00e9letlen egybees\u00e9s\u201d \u2013 mondta.<\/p>\n\n\n\n<p class=\"wp-block-paragraph\">Margaret hallgatott.<\/p>\n\n\n\n<p class=\"wp-block-paragraph\">\u201eM\u00e9g egyszer.\u201d<\/p>\n\n\n\n<p class=\"wp-block-paragraph\">Michael megism\u00e9telte a kombin\u00e1ci\u00f3t.<\/p>\n\n\n\n<p class=\"wp-block-paragraph\">Ez\u00fattal felgyors\u00edtotta.<\/p>\n\n\n\n<p class=\"wp-block-paragraph\">Margaret ut\u00e1nozta.<\/p>\n\n\n\n<figure class=\"wp-block-image size-large is-resized\"><img loading=\"lazy\" decoding=\"async\" width=\"572\" height=\"1024\" src=\"https:\/\/vengria.info\/wp-content\/uploads\/2026\/08\/esdzcxsdzcxsdzcxsdzcx-572x1024.jpg\" alt=\"\" class=\"wp-image-18078\" style=\"width:747px;height:auto\" srcset=\"https:\/\/vengria.info\/wp-content\/uploads\/2026\/08\/esdzcxsdzcxsdzcxsdzcx-572x1024.jpg 572w, https:\/\/vengria.info\/wp-content\/uploads\/2026\/08\/esdzcxsdzcxsdzcxsdzcx-167x300.jpg 167w, https:\/\/vengria.info\/wp-content\/uploads\/2026\/08\/esdzcxsdzcxsdzcxsdzcx.jpg 768w\" sizes=\"auto, (max-width: 572px) 100vw, 572px\" \/><\/figure>\n\n\n\n<p class=\"wp-block-paragraph\">M\u00e9g gyorsabban.<\/p>\n\n\n\n<p class=\"wp-block-paragraph\">\u00c9s \u00fajra.<\/p>\n\n\n\n<p class=\"wp-block-paragraph\">T\u00f6k\u00e9letes.<\/p>\n\n\n\n<p class=\"wp-block-paragraph\">Az egyik fiatal bokszol\u00f3 abbahagyta a nevet\u00e9st.<\/p>\n\n\n\n<p class=\"wp-block-paragraph\">\u201eHogy csin\u00e1lta?\u201d<\/p>\n\n\n\n<p class=\"wp-block-paragraph\">Michael elpirult.<\/p>\n\n\n\n<p class=\"wp-block-paragraph\">\u201eRendben. Pr\u00f3b\u00e1ljuk meg m\u00e1sk\u00e9pp.\u201d<\/p>\n\n\n\n<p class=\"wp-block-paragraph\">Szemben\u00e9zett vele.<\/p>\n\n\n\n<p class=\"wp-block-paragraph\">\u201eMost t\u00e1madok.\u201d<\/p>\n\n\n\n<p class=\"wp-block-paragraph\">Az edz\u0151 azonnal kil\u00e9pett a ring m\u00f6g\u00fcl.<\/p>\n\n\n\n<p class=\"wp-block-paragraph\">\u201eMichael.\u201d<\/p>\n\n\n\n<p class=\"wp-block-paragraph\">\u201eNem fogom b\u00e1ntani.\u201d<\/p>\n\n\n\n<p class=\"wp-block-paragraph\">Margaret az edz\u0151re n\u00e9zett.<\/p>\n\n\n\n<p class=\"wp-block-paragraph\">\u201eHagyd ott.\u201d<\/p>\n\n\n\n<p class=\"wp-block-paragraph\">Michael \u00e1ll\u00e1st vett fel.<\/p>\n\n\n\n<p class=\"wp-block-paragraph\">\u201eK\u00e9szen \u00e1llsz?\u201d<\/p>\n\n\n\n<p class=\"wp-block-paragraph\">Margaret b\u00f3lintott.<\/p>\n\n\n\n<p class=\"wp-block-paragraph\">Az els\u0151 \u00fct\u00e9s gyorsan j\u00f6tt.<\/p>\n\n\n\n<p class=\"wp-block-paragraph\">Margaret kit\u00e9rt.<\/p>\n\n\n\n<p class=\"wp-block-paragraph\">A m\u00e1sodik.<\/p>\n\n\n\n<p class=\"wp-block-paragraph\">\u00dajra kit\u00e9rt.<\/p>\n\n\n\n<p class=\"wp-block-paragraph\">A harmadik.<\/p>\n\n\n\n<p class=\"wp-block-paragraph\">H\u00e1tr\u00e1lt egy f\u00e9l l\u00e9p\u00e9st.<\/p>\n\n\n\n<p class=\"wp-block-paragraph\">Michael kezdett ideges lenni.<\/p>\n\n\n\n<p class=\"wp-block-paragraph\">Felgyors\u00edtotta a temp\u00f3t.<\/p>\n\n\n\n<p class=\"wp-block-paragraph\">Margaret folyamatosan h\u00e1tr\u00e1lt, \u00fcgyelve arra, hogy egyszer se \u00e9rjen hozz\u00e1.<\/p>\n\n\n\n<p class=\"wp-block-paragraph\">Azt\u00e1n el\u00e9rkezett a pillanat, amire senki sem sz\u00e1m\u00edtott a tornateremben.<\/p>\n\n\n\n<p class=\"wp-block-paragraph\">Michael jobb k\u00e9zzel t\u00e1madott.<\/p>\n\n\n\n<p class=\"wp-block-paragraph\">Margaret megp\u00f6rd\u00fclt.<\/p>\n\n\n\n<p class=\"wp-block-paragraph\">Egyik kez\u00e9vel elkapta a csukl\u00f3j\u00e1t.<\/p>\n\n\n\n<p class=\"wp-block-paragraph\">A m\u00e1sikkal finoman megfogta a v\u00e1ll\u00e1t.<\/p>\n\n\n\n<p class=\"wp-block-paragraph\">\u00c9s egy pillanat alatt Michael a f\u00f6ld\u00f6n volt.<\/p>\n\n\n\n<p class=\"wp-block-paragraph\">Az \u00fct\u00e9s nem volt er\u0151s.<\/p>\n\n\n\n<p class=\"wp-block-paragraph\">Vesz\u00e9lyes sem volt.<\/p>\n\n\n\n<p class=\"wp-block-paragraph\">De t\u00f6k\u00e9letesen pontos volt.<\/p>\n\n\n\n<p class=\"wp-block-paragraph\">A terem elcsendesedett.<\/p>\n\n\n\n<p class=\"wp-block-paragraph\">Michael a h\u00e1t\u00e1n fek\u00fcdt, \u00e9s a mennyezetet b\u00e1multa.<\/p>\n\n\n\n<p class=\"wp-block-paragraph\">Margaret kiny\u00fajtotta a kez\u00e9t.<\/p>\n\n\n\n<p class=\"wp-block-paragraph\">\u201eJ\u00f3l vagy?\u201d<\/p>\n\n\n\n<p class=\"wp-block-paragraph\">Michael m\u00e9g csak hozz\u00e1 sem \u00e9rt a kez\u00e9hez.<\/p>\n\n\n\n<p class=\"wp-block-paragraph\">\u201eKi vagy te?\u201d<\/p>\n\n\n\n<p class=\"wp-block-paragraph\">Margaret levette a keszty\u0171j\u00e9t.<\/p>\n\n\n\n<p class=\"wp-block-paragraph\">\u201eSenki.\u201d<\/p>\n\n\n\n<p class=\"wp-block-paragraph\">\u201eSenki sem tudja ezt megtenni.\u201d<\/p>\n\n\n\n<p class=\"wp-block-paragraph\">Az edz\u0151 lassan k\u00f6zeledett.<\/p>\n\n\n\n<p class=\"wp-block-paragraph\">Nem volt meglepet\u00e9s az arc\u00e1n.<\/p>\n\n\n\n<p class=\"wp-block-paragraph\">Ink\u00e1bb tisztelet.<\/p>\n\n\n\n<p class=\"wp-block-paragraph\">\u201eTudtam, hogy ez egyszer elj\u00f6n.\u201d<\/p>\n\n\n\n<p class=\"wp-block-paragraph\">Michael r\u00e1n\u00e9zett.<\/p>\n\n\n\n<p class=\"wp-block-paragraph\">\u201eMicsoda?\u201d<\/p>\n\n\n\n<p class=\"wp-block-paragraph\">Az edz\u0151 Margaretre mutatott.<\/p>\n\n\n\n<p class=\"wp-block-paragraph\">\u201eAzt mondta, nem akarja, hogy b\u00e1rkinek is elmondjam.\u201d<\/p>\n\n\n\n<p class=\"wp-block-paragraph\">Margaret a homlok\u00e1t r\u00e1ncolta.<\/p>\n\n\n\n<p class=\"wp-block-paragraph\">\u201eSenki\u2026\u201d<\/p>\n\n\n\n<p class=\"wp-block-paragraph\"><\/p>\n","protected":false},"excerpt":{"rendered":"A bokszterem szokatlanul zajos volt aznap este. Az \u00fct\u00e9sek a zs\u00e1kokra visszhangoztak a teremben, a ringben l\u00e9v\u0151 k\u00f6telek minden mozdulatn\u00e1l remegtek, \u00e9s az \n<a class=\"moretag\" href=\"https:\/\/vengria.info\/?p=18076\"> [...]<\/a>","protected":false},"author":1,"featured_media":18078,"comment_status":"open","ping_status":"open","sticky":false,"template":"","format":"standard","meta":{"footnotes":""},"categories":[1,2],"tags":[],"class_list":["post-18076","post","type-post","status-publish","format-standard","has-post-thumbnail","hentry","category-news","category-video"],"yoast_head":"<!-- This site is optimized with the Yoast SEO plugin v28.3 - https:\/\/yoast.com\/product\/yoast-seo-wordpress\/ -->\n<title>Egy fiatal bokszol\u00f3 megal\u00e1zott egy id\u0151s takar\u00edt\u00f3n\u0151t az eg\u00e9sz edz\u0151terem el\u0151tt. De fogalma sem volt, mi fog t\u00f6rt\u00e9nni, ha felveszi a keszty\u0171j\u00e9t. -<\/title>\n<meta name=\"robots\" content=\"index, follow, max-snippet:-1, max-image-preview:large, max-video-preview:-1\" \/>\n<link rel=\"canonical\" href=\"https:\/\/vengria.info\/?p=18076\" \/>\n<meta property=\"og:locale\" content=\"en_US\" \/>\n<meta property=\"og:type\" content=\"article\" \/>\n<meta property=\"og:title\" content=\"Egy fiatal bokszol\u00f3 megal\u00e1zott egy id\u0151s takar\u00edt\u00f3n\u0151t az eg\u00e9sz edz\u0151terem el\u0151tt. De fogalma sem volt, mi fog t\u00f6rt\u00e9nni, ha felveszi a keszty\u0171j\u00e9t. -\" \/>\n<meta property=\"og:description\" content=\"A bokszterem szokatlanul zajos volt aznap este. Az \u00fct\u00e9sek a zs\u00e1kokra visszhangoztak a teremben, a ringben l\u00e9v\u0151 k\u00f6telek minden mozdulatn\u00e1l remegtek, \u00e9s az\" \/>\n<meta property=\"og:url\" content=\"https:\/\/vengria.info\/?p=18076\" \/>\n<meta property=\"article:published_time\" content=\"2026-08-31T10:43:12+00:00\" \/>\n<meta property=\"article:modified_time\" content=\"2026-08-31T10:43:13+00:00\" \/>\n<meta property=\"og:image\" content=\"https:\/\/vengria.info\/wp-content\/uploads\/2026\/08\/esdzcxsdzcxsdzcxsdzcx.jpg\" \/>\n\t<meta property=\"og:image:width\" content=\"768\" \/>\n\t<meta property=\"og:image:height\" content=\"1376\" \/>\n\t<meta property=\"og:image:type\" content=\"image\/jpeg\" \/>\n<meta name=\"author\" content=\"admin\" \/>\n<meta name=\"twitter:card\" content=\"summary_large_image\" \/>\n<meta name=\"twitter:label1\" content=\"Written by\" \/>\n\t<meta name=\"twitter:data1\" content=\"admin\" \/>\n\t<meta name=\"twitter:label2\" content=\"Est. reading time\" \/>\n\t<meta name=\"twitter:data2\" content=\"4 minutes\" \/>\n<script type=\"application\/ld+json\" class=\"yoast-schema-graph\">{\"@context\":\"https:\\\/\\\/schema.org\",\"@graph\":[{\"@type\":\"Article\",\"@id\":\"https:\\\/\\\/vengria.info\\\/?p=18076#article\",\"isPartOf\":{\"@id\":\"https:\\\/\\\/vengria.info\\\/?p=18076\"},\"author\":{\"name\":\"admin\",\"@id\":\"https:\\\/\\\/vengria.info\\\/#\\\/schema\\\/person\\\/b815b04a6b1fb36a2d064955a92f68d4\"},\"headline\":\"Egy fiatal bokszol\u00f3 megal\u00e1zott egy id\u0151s takar\u00edt\u00f3n\u0151t az eg\u00e9sz edz\u0151terem el\u0151tt. De fogalma sem volt, mi fog t\u00f6rt\u00e9nni, ha felveszi a keszty\u0171j\u00e9t.\",\"datePublished\":\"2026-08-31T10:43:12+00:00\",\"dateModified\":\"2026-08-31T10:43:13+00:00\",\"mainEntityOfPage\":{\"@id\":\"https:\\\/\\\/vengria.info\\\/?p=18076\"},\"wordCount\":1037,\"commentCount\":0,\"image\":{\"@id\":\"https:\\\/\\\/vengria.info\\\/?p=18076#primaryimage\"},\"thumbnailUrl\":\"https:\\\/\\\/vengria.info\\\/wp-content\\\/uploads\\\/2026\\\/08\\\/esdzcxsdzcxsdzcxsdzcx.jpg\",\"articleSection\":[\"NEWS\",\"VIDEO\"],\"inLanguage\":\"en-US\",\"potentialAction\":[{\"@type\":\"CommentAction\",\"name\":\"Comment\",\"target\":[\"https:\\\/\\\/vengria.info\\\/?p=18076#respond\"]}]},{\"@type\":\"WebPage\",\"@id\":\"https:\\\/\\\/vengria.info\\\/?p=18076\",\"url\":\"https:\\\/\\\/vengria.info\\\/?p=18076\",\"name\":\"Egy fiatal bokszol\u00f3 megal\u00e1zott egy id\u0151s takar\u00edt\u00f3n\u0151t az eg\u00e9sz edz\u0151terem el\u0151tt. De fogalma sem volt, mi fog t\u00f6rt\u00e9nni, ha felveszi a keszty\u0171j\u00e9t. -\",\"isPartOf\":{\"@id\":\"https:\\\/\\\/vengria.info\\\/#website\"},\"primaryImageOfPage\":{\"@id\":\"https:\\\/\\\/vengria.info\\\/?p=18076#primaryimage\"},\"image\":{\"@id\":\"https:\\\/\\\/vengria.info\\\/?p=18076#primaryimage\"},\"thumbnailUrl\":\"https:\\\/\\\/vengria.info\\\/wp-content\\\/uploads\\\/2026\\\/08\\\/esdzcxsdzcxsdzcxsdzcx.jpg\",\"datePublished\":\"2026-08-31T10:43:12+00:00\",\"dateModified\":\"2026-08-31T10:43:13+00:00\",\"author\":{\"@id\":\"https:\\\/\\\/vengria.info\\\/#\\\/schema\\\/person\\\/b815b04a6b1fb36a2d064955a92f68d4\"},\"breadcrumb\":{\"@id\":\"https:\\\/\\\/vengria.info\\\/?p=18076#breadcrumb\"},\"inLanguage\":\"en-US\",\"potentialAction\":[{\"@type\":\"ReadAction\",\"target\":[\"https:\\\/\\\/vengria.info\\\/?p=18076\"]}]},{\"@type\":\"ImageObject\",\"inLanguage\":\"en-US\",\"@id\":\"https:\\\/\\\/vengria.info\\\/?p=18076#primaryimage\",\"url\":\"https:\\\/\\\/vengria.info\\\/wp-content\\\/uploads\\\/2026\\\/08\\\/esdzcxsdzcxsdzcxsdzcx.jpg\",\"contentUrl\":\"https:\\\/\\\/vengria.info\\\/wp-content\\\/uploads\\\/2026\\\/08\\\/esdzcxsdzcxsdzcxsdzcx.jpg\",\"width\":768,\"height\":1376},{\"@type\":\"BreadcrumbList\",\"@id\":\"https:\\\/\\\/vengria.info\\\/?p=18076#breadcrumb\",\"itemListElement\":[{\"@type\":\"ListItem\",\"position\":1,\"name\":\"Home\",\"item\":\"https:\\\/\\\/vengria.info\\\/\"},{\"@type\":\"ListItem\",\"position\":2,\"name\":\"Egy fiatal bokszol\u00f3 megal\u00e1zott egy id\u0151s takar\u00edt\u00f3n\u0151t az eg\u00e9sz edz\u0151terem el\u0151tt. De fogalma sem volt, mi fog t\u00f6rt\u00e9nni, ha felveszi a keszty\u0171j\u00e9t.\"}]},{\"@type\":\"WebSite\",\"@id\":\"https:\\\/\\\/vengria.info\\\/#website\",\"url\":\"https:\\\/\\\/vengria.info\\\/\",\"name\":\"\",\"description\":\"\",\"potentialAction\":[{\"@type\":\"SearchAction\",\"target\":{\"@type\":\"EntryPoint\",\"urlTemplate\":\"https:\\\/\\\/vengria.info\\\/?s={search_term_string}\"},\"query-input\":{\"@type\":\"PropertyValueSpecification\",\"valueRequired\":true,\"valueName\":\"search_term_string\"}}],\"inLanguage\":\"en-US\"},{\"@type\":\"Person\",\"@id\":\"https:\\\/\\\/vengria.info\\\/#\\\/schema\\\/person\\\/b815b04a6b1fb36a2d064955a92f68d4\",\"name\":\"admin\",\"image\":{\"@type\":\"ImageObject\",\"inLanguage\":\"en-US\",\"@id\":\"https:\\\/\\\/secure.gravatar.com\\\/avatar\\\/a29bad30ab19883c48927f9ee55a40d0d1a0c3c343bcef70ad9a0a9cb421f0fa?s=96&d=mm&r=g\",\"url\":\"https:\\\/\\\/secure.gravatar.com\\\/avatar\\\/a29bad30ab19883c48927f9ee55a40d0d1a0c3c343bcef70ad9a0a9cb421f0fa?s=96&d=mm&r=g\",\"contentUrl\":\"https:\\\/\\\/secure.gravatar.com\\\/avatar\\\/a29bad30ab19883c48927f9ee55a40d0d1a0c3c343bcef70ad9a0a9cb421f0fa?s=96&d=mm&r=g\",\"caption\":\"admin\"},\"sameAs\":[\"http:\\\/\\\/vengria.info\"],\"url\":\"https:\\\/\\\/vengria.info\\\/?author=1\"}]}<\/script>\n<!-- \/ Yoast SEO plugin. -->","yoast_head_json":{"title":"Egy fiatal bokszol\u00f3 megal\u00e1zott egy id\u0151s takar\u00edt\u00f3n\u0151t az eg\u00e9sz edz\u0151terem el\u0151tt. De fogalma sem volt, mi fog t\u00f6rt\u00e9nni, ha felveszi a keszty\u0171j\u00e9t. -","robots":{"index":"index","follow":"follow","max-snippet":"max-snippet:-1","max-image-preview":"max-image-preview:large","max-video-preview":"max-video-preview:-1"},"canonical":"https:\/\/vengria.info\/?p=18076","og_locale":"en_US","og_type":"article","og_title":"Egy fiatal bokszol\u00f3 megal\u00e1zott egy id\u0151s takar\u00edt\u00f3n\u0151t az eg\u00e9sz edz\u0151terem el\u0151tt. De fogalma sem volt, mi fog t\u00f6rt\u00e9nni, ha felveszi a keszty\u0171j\u00e9t. -","og_description":"A bokszterem szokatlanul zajos volt aznap este. Az \u00fct\u00e9sek a zs\u00e1kokra visszhangoztak a teremben, a ringben l\u00e9v\u0151 k\u00f6telek minden mozdulatn\u00e1l remegtek, \u00e9s az","og_url":"https:\/\/vengria.info\/?p=18076","article_published_time":"2026-08-31T10:43:12+00:00","article_modified_time":"2026-08-31T10:43:13+00:00","og_image":[{"width":768,"height":1376,"url":"https:\/\/vengria.info\/wp-content\/uploads\/2026\/08\/esdzcxsdzcxsdzcxsdzcx.jpg","type":"image\/jpeg"}],"author":"admin","twitter_card":"summary_large_image","twitter_misc":{"Written by":"admin","Est. reading time":"4 minutes"},"schema":{"@context":"https:\/\/schema.org","@graph":[{"@type":"Article","@id":"https:\/\/vengria.info\/?p=18076#article","isPartOf":{"@id":"https:\/\/vengria.info\/?p=18076"},"author":{"name":"admin","@id":"https:\/\/vengria.info\/#\/schema\/person\/b815b04a6b1fb36a2d064955a92f68d4"},"headline":"Egy fiatal bokszol\u00f3 megal\u00e1zott egy id\u0151s takar\u00edt\u00f3n\u0151t az eg\u00e9sz edz\u0151terem el\u0151tt. De fogalma sem volt, mi fog t\u00f6rt\u00e9nni, ha felveszi a keszty\u0171j\u00e9t.","datePublished":"2026-08-31T10:43:12+00:00","dateModified":"2026-08-31T10:43:13+00:00","mainEntityOfPage":{"@id":"https:\/\/vengria.info\/?p=18076"},"wordCount":1037,"commentCount":0,"image":{"@id":"https:\/\/vengria.info\/?p=18076#primaryimage"},"thumbnailUrl":"https:\/\/vengria.info\/wp-content\/uploads\/2026\/08\/esdzcxsdzcxsdzcxsdzcx.jpg","articleSection":["NEWS","VIDEO"],"inLanguage":"en-US","potentialAction":[{"@type":"CommentAction","name":"Comment","target":["https:\/\/vengria.info\/?p=18076#respond"]}]},{"@type":"WebPage","@id":"https:\/\/vengria.info\/?p=18076","url":"https:\/\/vengria.info\/?p=18076","name":"Egy fiatal bokszol\u00f3 megal\u00e1zott egy id\u0151s takar\u00edt\u00f3n\u0151t az eg\u00e9sz edz\u0151terem el\u0151tt. De fogalma sem volt, mi fog t\u00f6rt\u00e9nni, ha felveszi a keszty\u0171j\u00e9t. -","isPartOf":{"@id":"https:\/\/vengria.info\/#website"},"primaryImageOfPage":{"@id":"https:\/\/vengria.info\/?p=18076#primaryimage"},"image":{"@id":"https:\/\/vengria.info\/?p=18076#primaryimage"},"thumbnailUrl":"https:\/\/vengria.info\/wp-content\/uploads\/2026\/08\/esdzcxsdzcxsdzcxsdzcx.jpg","datePublished":"2026-08-31T10:43:12+00:00","dateModified":"2026-08-31T10:43:13+00:00","author":{"@id":"https:\/\/vengria.info\/#\/schema\/person\/b815b04a6b1fb36a2d064955a92f68d4"},"breadcrumb":{"@id":"https:\/\/vengria.info\/?p=18076#breadcrumb"},"inLanguage":"en-US","potentialAction":[{"@type":"ReadAction","target":["https:\/\/vengria.info\/?p=18076"]}]},{"@type":"ImageObject","inLanguage":"en-US","@id":"https:\/\/vengria.info\/?p=18076#primaryimage","url":"https:\/\/vengria.info\/wp-content\/uploads\/2026\/08\/esdzcxsdzcxsdzcxsdzcx.jpg","contentUrl":"https:\/\/vengria.info\/wp-content\/uploads\/2026\/08\/esdzcxsdzcxsdzcxsdzcx.jpg","width":768,"height":1376},{"@type":"BreadcrumbList","@id":"https:\/\/vengria.info\/?p=18076#breadcrumb","itemListElement":[{"@type":"ListItem","position":1,"name":"Home","item":"https:\/\/vengria.info\/"},{"@type":"ListItem","position":2,"name":"Egy fiatal bokszol\u00f3 megal\u00e1zott egy id\u0151s takar\u00edt\u00f3n\u0151t az eg\u00e9sz edz\u0151terem el\u0151tt. De fogalma sem volt, mi fog t\u00f6rt\u00e9nni, ha felveszi a keszty\u0171j\u00e9t."}]},{"@type":"WebSite","@id":"https:\/\/vengria.info\/#website","url":"https:\/\/vengria.info\/","name":"","description":"","potentialAction":[{"@type":"SearchAction","target":{"@type":"EntryPoint","urlTemplate":"https:\/\/vengria.info\/?s={search_term_string}"},"query-input":{"@type":"PropertyValueSpecification","valueRequired":true,"valueName":"search_term_string"}}],"inLanguage":"en-US"},{"@type":"Person","@id":"https:\/\/vengria.info\/#\/schema\/person\/b815b04a6b1fb36a2d064955a92f68d4","name":"admin","image":{"@type":"ImageObject","inLanguage":"en-US","@id":"https:\/\/secure.gravatar.com\/avatar\/a29bad30ab19883c48927f9ee55a40d0d1a0c3c343bcef70ad9a0a9cb421f0fa?s=96&d=mm&r=g","url":"https:\/\/secure.gravatar.com\/avatar\/a29bad30ab19883c48927f9ee55a40d0d1a0c3c343bcef70ad9a0a9cb421f0fa?s=96&d=mm&r=g","contentUrl":"https:\/\/secure.gravatar.com\/avatar\/a29bad30ab19883c48927f9ee55a40d0d1a0c3c343bcef70ad9a0a9cb421f0fa?s=96&d=mm&r=g","caption":"admin"},"sameAs":["http:\/\/vengria.info"],"url":"https:\/\/vengria.info\/?author=1"}]}},"_links":{"self":[{"href":"https:\/\/vengria.info\/index.php?rest_route=\/wp\/v2\/posts\/18076","targetHints":{"allow":["GET"]}}],"collection":[{"href":"https:\/\/vengria.info\/index.php?rest_route=\/wp\/v2\/posts"}],"about":[{"href":"https:\/\/vengria.info\/index.php?rest_route=\/wp\/v2\/types\/post"}],"author":[{"embeddable":true,"href":"https:\/\/vengria.info\/index.php?rest_route=\/wp\/v2\/users\/1"}],"replies":[{"embeddable":true,"href":"https:\/\/vengria.info\/index.php?rest_route=%2Fwp%2Fv2%2Fcomments&post=18076"}],"version-history":[{"count":1,"href":"https:\/\/vengria.info\/index.php?rest_route=\/wp\/v2\/posts\/18076\/revisions"}],"predecessor-version":[{"id":18080,"href":"https:\/\/vengria.info\/index.php?rest_route=\/wp\/v2\/posts\/18076\/revisions\/18080"}],"wp:featuredmedia":[{"embeddable":true,"href":"https:\/\/vengria.info\/index.php?rest_route=\/wp\/v2\/media\/18078"}],"wp:attachment":[{"href":"https:\/\/vengria.info\/index.php?rest_route=%2Fwp%2Fv2%2Fmedia&parent=18076"}],"wp:term":[{"taxonomy":"category","embeddable":true,"href":"https:\/\/vengria.info\/index.php?rest_route=%2Fwp%2Fv2%2Fcategories&post=18076"},{"taxonomy":"post_tag","embeddable":true,"href":"https:\/\/vengria.info\/index.php?rest_route=%2Fwp%2Fv2%2Ftags&post=18076"}],"curies":[{"name":"wp","href":"https:\/\/api.w.org\/{rel}","templated":true}]}}