{"id":18069,"date":"2026-08-31T10:36:32","date_gmt":"2026-08-31T10:36:32","guid":{"rendered":"https:\/\/vengria.info\/?p=18069"},"modified":"2026-08-31T10:36:33","modified_gmt":"2026-08-31T10:36:33","slug":"egy-no-felesegul-ment-egy-elitelt-idegenhez-hogy-megmentse-ot-az-akasztofatol-masnap-reggel-azonban-az-egesz-varos-megtudta-miert-tette","status":"publish","type":"post","link":"https:\/\/vengria.info\/?p=18069","title":{"rendered":"Egy n\u0151 feles\u00e9g\u00fcl ment egy el\u00edt\u00e9lt idegenhez, hogy megmentse \u0151t az akaszt\u00f3f\u00e1t\u00f3l. M\u00e1snap reggel azonban az eg\u00e9sz v\u00e1ros megtudta, mi\u00e9rt tette."},"content":{"rendered":"\n<p class=\"wp-block-paragraph\">Amikor egy vasketrecet sz\u00e1ll\u00edt\u00f3 szek\u00e9r meg\u00e9rkezett a v\u00e1rosba, az emberek azonnal abbahagyt\u00e1k a munk\u00e1jukat.<\/p>\n\n\n\n<p class=\"wp-block-paragraph\">A keresked\u0151k kij\u00f6ttek a boltjaikba.<\/p>\n\n\n\n<p class=\"wp-block-paragraph\">A kov\u00e1cs befejezetlen\u00fcl hagyta a munk\u00e1j\u00e1t.<\/p>\n\n\n\n<p class=\"wp-block-paragraph\">M\u00e9g a poros utc\u00e1n j\u00e1tsz\u00f3 gyerekek is odamentek a t\u00f6meghez.<\/p>\n\n\n\n<p class=\"wp-block-paragraph\">Mindenki l\u00e1tni akarta azt a f\u00e9rfit, akit a seriff a megye legvesz\u00e9lyesebb b\u0171n\u00f6z\u0151j\u00e9nek nevezett.<\/p>\n\n\n\n<p class=\"wp-block-paragraph\">A ketrecben egy hatalmas f\u00e9rfi \u00fclt.<\/p>\n\n\n\n<p class=\"wp-block-paragraph\">Cole-nak h\u00edvt\u00e1k.<\/p>\n\n\n\n<p class=\"wp-block-paragraph\">Magas \u00e9s sz\u00e9les v\u00e1ll\u00fa volt, ami miatt a k\u00f6r\u00fcl\u00f6tte l\u00e9v\u0151 f\u00e9mrudak szinte t\u00fal kicsinek t\u0171ntek. Hossz\u00fa haja porral volt tele, arc\u00e1n sz\u00e1mos r\u00e9gi sebhely volt, csukl\u00f3j\u00e1n pedig vasl\u00e1ncok nehezedtek.<\/p>\n\n\n\n<p class=\"wp-block-paragraph\">\u00dagy n\u00e9zett ki, mint akivel nem akar az ember tal\u00e1lkozni egy s\u00f6t\u00e9t sik\u00e1torban.<\/p>\n\n\n\n<p class=\"wp-block-paragraph\">De a t\u00f6megben senki sem tudta, hogy a k\u00fclseje lehet az egyetlen ok, ami\u00e9rt senki sem hitt neki.<\/p>\n\n\n\n<p class=\"wp-block-paragraph\">A szek\u00e9r meg\u00e1llt a f\u0151utca k\u00f6zep\u00e9n.<\/p>\n\n\n\n<p class=\"wp-block-paragraph\">Harper seriff lesz\u00e1llt a lov\u00e1r\u00f3l, \u00e9s a ketrec el\u00e9 \u00e1llt.<\/p>\n\n\n\n<p class=\"wp-block-paragraph\">\u2013 Cole Turner vagyok \u2013 jelentette be hangosan. \u2013 A f\u00e9rfi, akit azzal v\u00e1dolnak, hogy kirabolt egy postakocsit.<\/p>\n\n\n\n<p class=\"wp-block-paragraph\">A t\u00f6meg \u00fcv\u00f6lteni kezdett.<\/p>\n\n\n\n<p class=\"wp-block-paragraph\">Harper folytatta:<\/p>\n\n\n\n<p class=\"wp-block-paragraph\">\u2013 H\u00e1rom f\u00e9rfi meghalt a t\u00e1mad\u00e1sban. Egy m\u00e1sik s\u00falyosan megs\u00e9r\u00fclt. A szomsz\u00e9dos v\u00e1rosban l\u00e9v\u0151 banknak sz\u00e1nt p\u00e9nz elt\u0171nt a kocsir\u00f3l.<\/p>\n\n\n\n<p class=\"wp-block-paragraph\">T\u00f6bben kiab\u00e1lni kezdtek.<\/p>\n\n\n\n<p class=\"wp-block-paragraph\">\u2013 Akassz\u00e1k fel!<\/p>\n\n\n\n<p class=\"wp-block-paragraph\">\u2013 Fizettessenek vele!<\/p>\n\n\n\n<p class=\"wp-block-paragraph\">\u2013 Nincs sz\u00fcks\u00e9ge t\u00e1rgyal\u00e1sra!<\/p>\n\n\n\n<p class=\"wp-block-paragraph\">Cole mozdulatlanul \u00fclt.<\/p>\n\n\n\n<p class=\"wp-block-paragraph\">Harper r\u00e1mutatott.<\/p>\n\n\n\n<p class=\"wp-block-paragraph\">\u2013 N\u00e9h\u00e1ny m\u00e9rf\u00f6ldre a rabl\u00e1s helysz\u00edn\u00e9t\u0151l elkaptuk. Volt n\u00e1la a p\u00e9nz egy r\u00e9sze.<\/p>\n\n\n\n<p class=\"wp-block-paragraph\">A t\u00f6meg \u00fcv\u00f6lt\u00f6tt.<\/p>\n\n\n\n<p class=\"wp-block-paragraph\">Ez volt a bizony\u00edt\u00e9k, amire mindannyian sz\u00fcks\u00e9g\u00fck volt.<\/p>\n\n\n\n<p class=\"wp-block-paragraph\">\u2013 Holnap hajnalban kiv\u00e9gzik.<\/p>\n\n\n\n<p class=\"wp-block-paragraph\">Cole lassan felemelte a fej\u00e9t.<\/p>\n\n\n\n<p class=\"wp-block-paragraph\">\u2013 \u00c9n nem \u00f6ltem meg senkit.<\/p>\n\n\n\n<p class=\"wp-block-paragraph\">Harper \u00f6k\u00f6llel a r\u00e1csra csapott.<\/p>\n\n\n\n<p class=\"wp-block-paragraph\">\u2013 Fogd be!<\/p>\n\n\n\n<p class=\"wp-block-paragraph\">Cole r\u00e1n\u00e9zett.<\/p>\n\n\n\n<p class=\"wp-block-paragraph\">\u2013 Az igazat mondom.<\/p>\n\n\n\n<p class=\"wp-block-paragraph\">\u2013 Senkit sem \u00e9rdekel a te igazs\u00e1god.<\/p>\n\n\n\n<p class=\"wp-block-paragraph\">A t\u00f6meg \u00fajra kiab\u00e1lni kezdett.<\/p>\n\n\n\n<p class=\"wp-block-paragraph\">N\u00e9h\u00e1nyan odal\u00e9ptek a ketrechez.<\/p>\n\n\n\n<p class=\"wp-block-paragraph\">Egy f\u00e9rfi Cole-ra k\u00f6p\u00f6tt.<\/p>\n\n\n\n<p class=\"wp-block-paragraph\">Cole meg sem rezzent.<\/p>\n\n\n\n<p class=\"wp-block-paragraph\">Ekkor valami v\u00e1ratlan dolog t\u00f6rt\u00e9nt.<\/p>\n\n\n\n<p class=\"wp-block-paragraph\">Egy n\u0151 l\u00e9pett ki a t\u00f6megb\u0151l.<\/p>\n\n\n\n<p class=\"wp-block-paragraph\">&#8212;<\/p>\n\n\n\n<p class=\"wp-block-paragraph\">Mabel Carternek h\u00edvt\u00e1k.<\/p>\n\n\n\n<p class=\"wp-block-paragraph\">Egyed\u00fcl \u00e9lt egy farmon, n\u00e9h\u00e1ny m\u00e9rf\u00f6ldre a v\u00e1rost\u00f3l.<\/p>\n\n\n\n<p class=\"wp-block-paragraph\">Sz\u00fclei hal\u00e1la ut\u00e1n \u00f6r\u00f6k\u00f6lt f\u00f6ldet, n\u00e9h\u00e1ny lovat \u00e9s egy r\u00e9gi h\u00e1zat, amely szinte minden \u00e9vben jav\u00edt\u00e1sra szorult.<\/p>\n\n\n\n<p class=\"wp-block-paragraph\">Mabel nem sokat mutatott a v\u00e1rosban.<\/p>\n\n\n\n<p class=\"wp-block-paragraph\">Hozz\u00e1 volt szokva, hogy egyed\u00fcl dolgozik.<\/p>\n\n\n\n<p class=\"wp-block-paragraph\">Tudott lovagolni, ker\u00edt\u00e9seket jav\u00edtani, szarvasmarh\u00e1kat gondozni, \u00e9s ha kellett, pusk\u00e1t is fogni.<\/p>\n\n\n\n<p class=\"wp-block-paragraph\">Az emberek furcs\u00e1nak nevezt\u00e9k.<\/p>\n\n\n\n<p class=\"wp-block-paragraph\">M\u00e1sok azt mondt\u00e1k, hogy t\u00fal makacs.<\/p>\n\n\n\n<p class=\"wp-block-paragraph\">De senki sem sz\u00e1m\u00edtott arra, hogy \u0151 lesz az, aki a t\u00f6meg \u00e9s egy hal\u00e1lra \u00edt\u00e9lt f\u00e9rfi k\u00f6z\u00e9 \u00e1ll.<\/p>\n\n\n\n<p class=\"wp-block-paragraph\">Mabel lassan k\u00f6zeledett a ketrechez.<\/p>\n\n\n\n<p class=\"wp-block-paragraph\">Cole feln\u00e9zett.<\/p>\n\n\n\n<p class=\"wp-block-paragraph\">N\u00e9h\u00e1ny m\u00e1sodpercig b\u00e1mult\u00e1k egym\u00e1st.<\/p>\n\n\n\n<p class=\"wp-block-paragraph\">Azt\u00e1n a n\u0151 a seriffhez fordult.<\/p>\n\n\n\n<p class=\"wp-block-paragraph\">\u201eHozz\u00e1 fogok menni feles\u00e9g\u00fcl.\u201d<\/p>\n\n\n\n<p class=\"wp-block-paragraph\">Az utca elcsendesedett.<\/p>\n\n\n\n<p class=\"wp-block-paragraph\">Harper pislogott.<\/p>\n\n\n\n<p class=\"wp-block-paragraph\">\u201eMi?\u201d<\/p>\n\n\n\n<p class=\"wp-block-paragraph\">\u201eAzt mondtam, hogy hozz\u00e1 fogok menni feles\u00e9g\u00fcl.\u201d<\/p>\n\n\n\n<p class=\"wp-block-paragraph\">Valaki a t\u00f6megben nevetett.<\/p>\n\n\n\n<p class=\"wp-block-paragraph\">\u201e\u0150r\u00fclt.\u201d<\/p>\n\n\n\n<p class=\"wp-block-paragraph\">Mabel folytatta:<\/p>\n\n\n\n<p class=\"wp-block-paragraph\">\u201eHa jogilag lehets\u00e9ges egy el\u00edt\u00e9lt f\u00e9rfit megmenteni azzal, hogy hozz\u00e1megyek, akkor megteszem.\u201d<\/p>\n\n\n\n<p class=\"wp-block-paragraph\">Harper elmosolyodott.<\/p>\n\n\n\n<p class=\"wp-block-paragraph\">\u201eAzt hiszed, hogy hozz\u00e1m\u00e9sz egy gyilkoshoz, \u00e9s minden rendben lesz?\u201d<\/p>\n\n\n\n<p class=\"wp-block-paragraph\">\u201eNem.\u201d<\/p>\n\n\n\n<p class=\"wp-block-paragraph\">Mabel Cole-ra n\u00e9zett.<\/p>\n\n\n\n<p class=\"wp-block-paragraph\">\u201eAzt hiszem, egy olyan f\u00e9rfihoz fogok menni feles\u00e9g\u00fcl, akit m\u00e9g nem igaz\u00e1n ismert\u00e9l.\u201d<\/p>\n\n\n\n<p class=\"wp-block-paragraph\">Harper elvesztette a mosoly\u00e1t.<\/p>\n\n\n\n<p class=\"wp-block-paragraph\">\u201eA f\u00e9rfi holnap meg fog halni.\u201d<\/p>\n\n\n\n<p class=\"wp-block-paragraph\">\u201eNem, ha elengeded.\u201d<\/p>\n\n\n\n<p class=\"wp-block-paragraph\">\u201eNem tudom.\u201d<\/p>\n\n\n\n<p class=\"wp-block-paragraph\">\u201eMegteheted.\u201d<\/p>\n\n\n\n<p class=\"wp-block-paragraph\">Harper a t\u00f6meghez fordult.<\/p>\n\n\n\n<p class=\"wp-block-paragraph\">\u201eM\u00e1r senki sem haszn\u00e1lja azt a r\u00e9gi t\u00f6rv\u00e9nyt.\u201d<\/p>\n\n\n\n<p class=\"wp-block-paragraph\">Azt\u00e1n Miller b\u00edr\u00f3 hangja hallatszott.<\/p>\n\n\n\n<p class=\"wp-block-paragraph\">\u201eDe soha nem hat\u00e1lyon k\u00edv\u00fcl helyezt\u00e9k.\u201d<\/p>\n\n\n\n<p class=\"wp-block-paragraph\">Mindenki megfordult.<\/p>\n\n\n\n<p class=\"wp-block-paragraph\">Az \u00f6regember a botj\u00e1ra t\u00e1maszkodott, \u00e9s lassan k\u00f6zeledett.<\/p>\n\n\n\n<p class=\"wp-block-paragraph\">\u201eHa egy hajadon n\u0151 tan\u00fak el\u0151tt elfogadja a f\u00e9rj\u00e9nek az el\u00edt\u00e9ltet, \u00e9s jogi felel\u0151ss\u00e9get v\u00e1llal \u00e9rte, a kiv\u00e9gz\u00e9st elhalasztj\u00e1k.\u201d<\/p>\n\n\n\n<p class=\"wp-block-paragraph\">Harper megr\u00e1zta a fej\u00e9t.<\/p>\n\n\n\n<p class=\"wp-block-paragraph\">\u201eEz r\u00e9gi ostobas\u00e1g.\u201d<\/p>\n\n\n\n<p class=\"wp-block-paragraph\">\u201eLehet.\u201d<\/p>\n\n\n\n<p class=\"wp-block-paragraph\">A b\u00edr\u00f3 sz\u00fcnetet tartott.<\/p>\n\n\n\n<p class=\"wp-block-paragraph\">\u201eDe m\u00e9g mindig ez a t\u00f6rv\u00e9ny.\u201d<\/p>\n\n\n\n<p class=\"wp-block-paragraph\">Harper elhallgatott.<\/p>\n\n\n\n<p class=\"wp-block-paragraph\">Tudta, hogy nem hagyhatja egyszer\u0171en figyelmen k\u00edv\u00fcl a t\u00f6rv\u00e9nyt az eg\u00e9sz v\u00e1ros el\u0151tt.<\/p>\n\n\n\n<p class=\"wp-block-paragraph\">V\u00e9g\u00fcl el\u0151h\u00fazta a kulcsot.<\/p>\n\n\n\n<p class=\"wp-block-paragraph\">Kinyitotta a ketrecet.<\/p>\n\n\n\n<figure class=\"wp-block-image size-large is-resized\"><img loading=\"lazy\" decoding=\"async\" width=\"572\" height=\"1024\" src=\"https:\/\/vengria.info\/wp-content\/uploads\/2026\/08\/dszcxsdc-572x1024.jpg\" alt=\"\" class=\"wp-image-18071\" style=\"width:747px;height:auto\" srcset=\"https:\/\/vengria.info\/wp-content\/uploads\/2026\/08\/dszcxsdc-572x1024.jpg 572w, https:\/\/vengria.info\/wp-content\/uploads\/2026\/08\/dszcxsdc-167x300.jpg 167w, https:\/\/vengria.info\/wp-content\/uploads\/2026\/08\/dszcxsdc.jpg 768w\" sizes=\"auto, (max-width: 572px) 100vw, 572px\" \/><\/figure>\n\n\n\n<p class=\"wp-block-paragraph\">Cole lassan kil\u00e9pett.<\/p>\n\n\n\n<p class=\"wp-block-paragraph\">A t\u00f6meg h\u00e1tr\u00e1lt el\u0151le.<\/p>\n\n\n\n<p class=\"wp-block-paragraph\">Mabel nem mozdult.<\/p>\n\n\n\n<p class=\"wp-block-paragraph\">\u201eGyer\u00fcnk.\u201d<\/p>\n\n\n\n<p class=\"wp-block-paragraph\">Cole r\u00e1n\u00e9zett.<\/p>\n\n\n\n<p class=\"wp-block-paragraph\">\u201eMi\u00e9rt csin\u00e1lod ezt?\u201d<\/p>\n\n\n\n<p class=\"wp-block-paragraph\">\u201eMost nem.\u201d<\/p>\n\n\n\n<p class=\"wp-block-paragraph\">\u2013 Nem tudod, ki vagyok.<\/p>\n\n\n\n<p class=\"wp-block-paragraph\">Mabel r\u00e1n\u00e9zett.<\/p>\n\n\n\n<p class=\"wp-block-paragraph\">\u2013 Ez\u00e9rt.<\/p>\n\n\n\n<p class=\"wp-block-paragraph\">\u00c9s elment.<\/p>\n\n\n\n<p class=\"wp-block-paragraph\">Cole k\u00f6vette.<\/p>\n\n\n\n<hr class=\"wp-block-separator has-alpha-channel-opacity\"\/>\n\n\n\n<p class=\"wp-block-paragraph\">\u00c9pp s\u00f6t\u00e9ted\u00e9s el\u0151tt \u00e9rkeztek meg a h\u00e1z\u00e1hoz.<\/p>\n\n\n\n<p class=\"wp-block-paragraph\">Cole az ajt\u00f3ban \u00e1llt.<\/p>\n\n\n\n<p class=\"wp-block-paragraph\">\u2013 Nem kell f\u00e9lned t\u0151lem \u2013 mondta.<\/p>\n\n\n\n<p class=\"wp-block-paragraph\">Mabel letette a l\u00e1mp\u00e1t az asztalra.<\/p>\n\n\n\n<p class=\"wp-block-paragraph\">\u2013 Ha f\u00e9ln\u00e9k t\u0151led, nem vettelek volna ki a ketrecb\u0151l.<\/p>\n\n\n\n<p class=\"wp-block-paragraph\">\u2013 Mindent elvesz\u00edthett\u00e9l volna.<\/p>\n\n\n\n<p class=\"wp-block-paragraph\">\u2013 Tal\u00e1n.<\/p>\n\n\n\n<p class=\"wp-block-paragraph\">\u2013 T\u00e9nyleg lehetek az a gyilkos, akinek gondolnak.<\/p>\n\n\n\n<p class=\"wp-block-paragraph\">Mabel megfordult.<\/p>\n\n\n\n<p class=\"wp-block-paragraph\">\u2013 Nem vagy az.<\/p>\n\n\n\n<p class=\"wp-block-paragraph\">Cole felpattant.<\/p>\n\n\n\n<p class=\"wp-block-paragraph\">\u2013 Honnan tudod?<\/p>\n\n\n\n<p class=\"wp-block-paragraph\">Mabel egy pillanatra elhallgatott.<\/p>\n\n\n\n<p class=\"wp-block-paragraph\">Azt\u00e1n azt mondta:<\/p>\n\n\n\n<p class=\"wp-block-paragraph\">\u2013 Mert egy f\u00e9rfi, aki h\u00e1rom embert \u00f6lt meg, ma nem viselkedne \u00fagy az utc\u00e1n, mint te.<\/p>\n\n\n\n<p class=\"wp-block-paragraph\">Cole \u00f6sszevonta a szem\u00f6ld\u00f6k\u00e9t.<\/p>\n\n\n\n<p class=\"wp-block-paragraph\">\u2013 Hogy \u00e9rted ezt?<\/p>\n\n\n\n<p class=\"wp-block-paragraph\">\u2013 Ha gyilkos lenn\u00e9l, a t\u00f6meget k\u00f6vetted volna.<\/p>\n\n\n\n<p class=\"wp-block-paragraph\">\u2013 \u00c9s te?<\/p>\n\n\n\n<p class=\"wp-block-paragraph\">\u2013 Te a seriffet k\u00f6vetted.<\/p>\n\n\n\n<p class=\"wp-block-paragraph\">Cole elhallgatott.<\/p>\n\n\n\n<p class=\"wp-block-paragraph\">Mabel folytatta:<\/p>\n\n\n\n<p class=\"wp-block-paragraph\">\u2013 \u00c9s amikor a p\u00e9nzr\u0151l besz\u00e9lt, egy\u00e1ltal\u00e1n nem t\u00f6r\u0151dt\u00e9l a p\u00e9nzzel.<\/p>\n\n\n\n<p class=\"wp-block-paragraph\">Cole lassan fel\u00fclt.<\/p>\n\n\n\n<p class=\"wp-block-paragraph\">\u2013 Sokat l\u00e1tt\u00e1l.<\/p>\n\n\n\n<p class=\"wp-block-paragraph\">\u2013 Biztosan \u00e9n is.<\/p>\n\n\n\n<p class=\"wp-block-paragraph\">\u2013 Mi\u00e9rt?<\/p>\n\n\n\n<p class=\"wp-block-paragraph\">Mabel nem v\u00e1laszolt.<\/p>\n\n\n\n<p class=\"wp-block-paragraph\">Ehelyett egy t\u00e1ny\u00e9r \u00e9telt tett el\u00e9.<\/p>\n\n\n\n<p class=\"wp-block-paragraph\">\u2013 Egy\u00e9l.<\/p>\n\n\n\n<hr class=\"wp-block-separator has-alpha-channel-opacity\"\/>\n\n\n\n<p class=\"wp-block-paragraph\">Cole alig aludt aznap \u00e9jjel.<\/p>\n\n\n\n<p class=\"wp-block-paragraph\">\u00c9jf\u00e9l k\u00f6r\u00fcl l\u00e9pteket hallott.<\/p>\n\n\n\n<p class=\"wp-block-paragraph\">Felkelt.<\/p>\n\n\n\n<p class=\"wp-block-paragraph\">Mabel m\u00e1r a kez\u00e9ben tartotta a pusk\u00e1t.<\/p>\n\n\n\n<p class=\"wp-block-paragraph\">\u2013 Kapcsold le a l\u00e1mp\u00e1t! \u2013 mondta.<\/p>\n\n\n\n<p class=\"wp-block-paragraph\">Cole engedelmeskedett.<\/p>\n\n\n\n<p class=\"wp-block-paragraph\">H\u00e1rom sziluett jelent meg az ablakon k\u00edv\u00fcl.<\/p>\n\n\n\n<p class=\"wp-block-paragraph\">\u2013 \u00c9rtem j\u00f6ttek \u2013 suttogta.<\/p>\n\n\n\n<p class=\"wp-block-paragraph\">Mabel megr\u00e1zta a fej\u00e9t.<\/p>\n\n\n\n<p class=\"wp-block-paragraph\">\u2013 Nem.<\/p>\n\n\n\n<p class=\"wp-block-paragraph\">\u2013 Akkor mi\u00e9rt vannak itt?<\/p>\n\n\n\n<p class=\"wp-block-paragraph\">\u2013 Mert f\u00e9lnek, hogy elkezdesz besz\u00e9lni.<\/p>\n\n\n\n<p class=\"wp-block-paragraph\">Cole r\u00e1n\u00e9zett.<\/p>\n\n\n\n<p class=\"wp-block-paragraph\">\u2013 Tudod, ki \u00e1ll m\u00f6g\u00f6tte.<\/p>\n\n\n\n<p class=\"wp-block-paragraph\">\u2013 Igen.<\/p>\n\n\n\n<p class=\"wp-block-paragraph\">\u2013 Ki?<\/p>\n\n\n\n<p class=\"wp-block-paragraph\">Mabel az ablak fel\u00e9 n\u00e9zett.<\/p>\n\n\n\n<p class=\"wp-block-paragraph\">\u2013 Seriff.<\/p>\n\n\n\n<p class=\"wp-block-paragraph\">Cole megdermedt.<\/p>\n\n\n\n<hr class=\"wp-block-separator has-alpha-channel-opacity\"\/>\n\n\n\n<p class=\"wp-block-paragraph\">Az ajt\u00f3 kiny\u00edlt<\/p>\n\n\n\n<p class=\"wp-block-paragraph\"><\/p>\n","protected":false},"excerpt":{"rendered":"Amikor egy vasketrecet sz\u00e1ll\u00edt\u00f3 szek\u00e9r meg\u00e9rkezett a v\u00e1rosba, az emberek azonnal abbahagyt\u00e1k a munk\u00e1jukat. A keresked\u0151k kij\u00f6ttek a boltjaikba. A kov\u00e1cs befejezetlen\u00fcl hagyta \n<a class=\"moretag\" href=\"https:\/\/vengria.info\/?p=18069\"> [...]<\/a>","protected":false},"author":1,"featured_media":18071,"comment_status":"open","ping_status":"open","sticky":false,"template":"","format":"standard","meta":{"footnotes":""},"categories":[1,2],"tags":[],"class_list":["post-18069","post","type-post","status-publish","format-standard","has-post-thumbnail","hentry","category-news","category-video"],"yoast_head":"<!-- This site is optimized with the Yoast SEO plugin v28.3 - https:\/\/yoast.com\/product\/yoast-seo-wordpress\/ -->\n<title>Egy n\u0151 feles\u00e9g\u00fcl ment egy el\u00edt\u00e9lt idegenhez, hogy megmentse \u0151t az akaszt\u00f3f\u00e1t\u00f3l. M\u00e1snap reggel azonban az eg\u00e9sz v\u00e1ros megtudta, mi\u00e9rt tette. -<\/title>\n<meta name=\"robots\" content=\"index, follow, max-snippet:-1, max-image-preview:large, max-video-preview:-1\" \/>\n<link rel=\"canonical\" href=\"https:\/\/vengria.info\/?p=18069\" \/>\n<meta property=\"og:locale\" content=\"en_US\" \/>\n<meta property=\"og:type\" content=\"article\" \/>\n<meta property=\"og:title\" content=\"Egy n\u0151 feles\u00e9g\u00fcl ment egy el\u00edt\u00e9lt idegenhez, hogy megmentse \u0151t az akaszt\u00f3f\u00e1t\u00f3l. M\u00e1snap reggel azonban az eg\u00e9sz v\u00e1ros megtudta, mi\u00e9rt tette. -\" \/>\n<meta property=\"og:description\" content=\"Amikor egy vasketrecet sz\u00e1ll\u00edt\u00f3 szek\u00e9r meg\u00e9rkezett a v\u00e1rosba, az emberek azonnal abbahagyt\u00e1k a munk\u00e1jukat. A keresked\u0151k kij\u00f6ttek a boltjaikba. A kov\u00e1cs befejezetlen\u00fcl hagyta\" \/>\n<meta property=\"og:url\" content=\"https:\/\/vengria.info\/?p=18069\" \/>\n<meta property=\"article:published_time\" content=\"2026-08-31T10:36:32+00:00\" \/>\n<meta property=\"article:modified_time\" content=\"2026-08-31T10:36:33+00:00\" \/>\n<meta property=\"og:image\" content=\"https:\/\/vengria.info\/wp-content\/uploads\/2026\/08\/dszcxsdc.jpg\" \/>\n\t<meta property=\"og:image:width\" content=\"768\" \/>\n\t<meta property=\"og:image:height\" content=\"1376\" \/>\n\t<meta property=\"og:image:type\" content=\"image\/jpeg\" \/>\n<meta name=\"author\" content=\"admin\" \/>\n<meta name=\"twitter:card\" content=\"summary_large_image\" \/>\n<meta name=\"twitter:label1\" content=\"Written by\" \/>\n\t<meta name=\"twitter:data1\" content=\"admin\" \/>\n\t<meta name=\"twitter:label2\" content=\"Est. reading time\" \/>\n\t<meta name=\"twitter:data2\" content=\"4 minutes\" \/>\n<script type=\"application\/ld+json\" class=\"yoast-schema-graph\">{\"@context\":\"https:\\\/\\\/schema.org\",\"@graph\":[{\"@type\":\"Article\",\"@id\":\"https:\\\/\\\/vengria.info\\\/?p=18069#article\",\"isPartOf\":{\"@id\":\"https:\\\/\\\/vengria.info\\\/?p=18069\"},\"author\":{\"name\":\"admin\",\"@id\":\"https:\\\/\\\/vengria.info\\\/#\\\/schema\\\/person\\\/b815b04a6b1fb36a2d064955a92f68d4\"},\"headline\":\"Egy n\u0151 feles\u00e9g\u00fcl ment egy el\u00edt\u00e9lt idegenhez, hogy megmentse \u0151t az akaszt\u00f3f\u00e1t\u00f3l. M\u00e1snap reggel azonban az eg\u00e9sz v\u00e1ros megtudta, mi\u00e9rt tette.\",\"datePublished\":\"2026-08-31T10:36:32+00:00\",\"dateModified\":\"2026-08-31T10:36:33+00:00\",\"mainEntityOfPage\":{\"@id\":\"https:\\\/\\\/vengria.info\\\/?p=18069\"},\"wordCount\":1125,\"commentCount\":0,\"image\":{\"@id\":\"https:\\\/\\\/vengria.info\\\/?p=18069#primaryimage\"},\"thumbnailUrl\":\"https:\\\/\\\/vengria.info\\\/wp-content\\\/uploads\\\/2026\\\/08\\\/dszcxsdc.jpg\",\"articleSection\":[\"NEWS\",\"VIDEO\"],\"inLanguage\":\"en-US\",\"potentialAction\":[{\"@type\":\"CommentAction\",\"name\":\"Comment\",\"target\":[\"https:\\\/\\\/vengria.info\\\/?p=18069#respond\"]}]},{\"@type\":\"WebPage\",\"@id\":\"https:\\\/\\\/vengria.info\\\/?p=18069\",\"url\":\"https:\\\/\\\/vengria.info\\\/?p=18069\",\"name\":\"Egy n\u0151 feles\u00e9g\u00fcl ment egy el\u00edt\u00e9lt idegenhez, hogy megmentse \u0151t az akaszt\u00f3f\u00e1t\u00f3l. M\u00e1snap reggel azonban az eg\u00e9sz v\u00e1ros megtudta, mi\u00e9rt tette. -\",\"isPartOf\":{\"@id\":\"https:\\\/\\\/vengria.info\\\/#website\"},\"primaryImageOfPage\":{\"@id\":\"https:\\\/\\\/vengria.info\\\/?p=18069#primaryimage\"},\"image\":{\"@id\":\"https:\\\/\\\/vengria.info\\\/?p=18069#primaryimage\"},\"thumbnailUrl\":\"https:\\\/\\\/vengria.info\\\/wp-content\\\/uploads\\\/2026\\\/08\\\/dszcxsdc.jpg\",\"datePublished\":\"2026-08-31T10:36:32+00:00\",\"dateModified\":\"2026-08-31T10:36:33+00:00\",\"author\":{\"@id\":\"https:\\\/\\\/vengria.info\\\/#\\\/schema\\\/person\\\/b815b04a6b1fb36a2d064955a92f68d4\"},\"breadcrumb\":{\"@id\":\"https:\\\/\\\/vengria.info\\\/?p=18069#breadcrumb\"},\"inLanguage\":\"en-US\",\"potentialAction\":[{\"@type\":\"ReadAction\",\"target\":[\"https:\\\/\\\/vengria.info\\\/?p=18069\"]}]},{\"@type\":\"ImageObject\",\"inLanguage\":\"en-US\",\"@id\":\"https:\\\/\\\/vengria.info\\\/?p=18069#primaryimage\",\"url\":\"https:\\\/\\\/vengria.info\\\/wp-content\\\/uploads\\\/2026\\\/08\\\/dszcxsdc.jpg\",\"contentUrl\":\"https:\\\/\\\/vengria.info\\\/wp-content\\\/uploads\\\/2026\\\/08\\\/dszcxsdc.jpg\",\"width\":768,\"height\":1376},{\"@type\":\"BreadcrumbList\",\"@id\":\"https:\\\/\\\/vengria.info\\\/?p=18069#breadcrumb\",\"itemListElement\":[{\"@type\":\"ListItem\",\"position\":1,\"name\":\"Home\",\"item\":\"https:\\\/\\\/vengria.info\\\/\"},{\"@type\":\"ListItem\",\"position\":2,\"name\":\"Egy n\u0151 feles\u00e9g\u00fcl ment egy el\u00edt\u00e9lt idegenhez, hogy megmentse \u0151t az akaszt\u00f3f\u00e1t\u00f3l. M\u00e1snap reggel azonban az eg\u00e9sz v\u00e1ros megtudta, mi\u00e9rt tette.\"}]},{\"@type\":\"WebSite\",\"@id\":\"https:\\\/\\\/vengria.info\\\/#website\",\"url\":\"https:\\\/\\\/vengria.info\\\/\",\"name\":\"\",\"description\":\"\",\"potentialAction\":[{\"@type\":\"SearchAction\",\"target\":{\"@type\":\"EntryPoint\",\"urlTemplate\":\"https:\\\/\\\/vengria.info\\\/?s={search_term_string}\"},\"query-input\":{\"@type\":\"PropertyValueSpecification\",\"valueRequired\":true,\"valueName\":\"search_term_string\"}}],\"inLanguage\":\"en-US\"},{\"@type\":\"Person\",\"@id\":\"https:\\\/\\\/vengria.info\\\/#\\\/schema\\\/person\\\/b815b04a6b1fb36a2d064955a92f68d4\",\"name\":\"admin\",\"image\":{\"@type\":\"ImageObject\",\"inLanguage\":\"en-US\",\"@id\":\"https:\\\/\\\/secure.gravatar.com\\\/avatar\\\/a29bad30ab19883c48927f9ee55a40d0d1a0c3c343bcef70ad9a0a9cb421f0fa?s=96&d=mm&r=g\",\"url\":\"https:\\\/\\\/secure.gravatar.com\\\/avatar\\\/a29bad30ab19883c48927f9ee55a40d0d1a0c3c343bcef70ad9a0a9cb421f0fa?s=96&d=mm&r=g\",\"contentUrl\":\"https:\\\/\\\/secure.gravatar.com\\\/avatar\\\/a29bad30ab19883c48927f9ee55a40d0d1a0c3c343bcef70ad9a0a9cb421f0fa?s=96&d=mm&r=g\",\"caption\":\"admin\"},\"sameAs\":[\"http:\\\/\\\/vengria.info\"],\"url\":\"https:\\\/\\\/vengria.info\\\/?author=1\"}]}<\/script>\n<!-- \/ Yoast SEO plugin. -->","yoast_head_json":{"title":"Egy n\u0151 feles\u00e9g\u00fcl ment egy el\u00edt\u00e9lt idegenhez, hogy megmentse \u0151t az akaszt\u00f3f\u00e1t\u00f3l. M\u00e1snap reggel azonban az eg\u00e9sz v\u00e1ros megtudta, mi\u00e9rt tette. -","robots":{"index":"index","follow":"follow","max-snippet":"max-snippet:-1","max-image-preview":"max-image-preview:large","max-video-preview":"max-video-preview:-1"},"canonical":"https:\/\/vengria.info\/?p=18069","og_locale":"en_US","og_type":"article","og_title":"Egy n\u0151 feles\u00e9g\u00fcl ment egy el\u00edt\u00e9lt idegenhez, hogy megmentse \u0151t az akaszt\u00f3f\u00e1t\u00f3l. M\u00e1snap reggel azonban az eg\u00e9sz v\u00e1ros megtudta, mi\u00e9rt tette. -","og_description":"Amikor egy vasketrecet sz\u00e1ll\u00edt\u00f3 szek\u00e9r meg\u00e9rkezett a v\u00e1rosba, az emberek azonnal abbahagyt\u00e1k a munk\u00e1jukat. A keresked\u0151k kij\u00f6ttek a boltjaikba. A kov\u00e1cs befejezetlen\u00fcl hagyta","og_url":"https:\/\/vengria.info\/?p=18069","article_published_time":"2026-08-31T10:36:32+00:00","article_modified_time":"2026-08-31T10:36:33+00:00","og_image":[{"width":768,"height":1376,"url":"https:\/\/vengria.info\/wp-content\/uploads\/2026\/08\/dszcxsdc.jpg","type":"image\/jpeg"}],"author":"admin","twitter_card":"summary_large_image","twitter_misc":{"Written by":"admin","Est. reading time":"4 minutes"},"schema":{"@context":"https:\/\/schema.org","@graph":[{"@type":"Article","@id":"https:\/\/vengria.info\/?p=18069#article","isPartOf":{"@id":"https:\/\/vengria.info\/?p=18069"},"author":{"name":"admin","@id":"https:\/\/vengria.info\/#\/schema\/person\/b815b04a6b1fb36a2d064955a92f68d4"},"headline":"Egy n\u0151 feles\u00e9g\u00fcl ment egy el\u00edt\u00e9lt idegenhez, hogy megmentse \u0151t az akaszt\u00f3f\u00e1t\u00f3l. M\u00e1snap reggel azonban az eg\u00e9sz v\u00e1ros megtudta, mi\u00e9rt tette.","datePublished":"2026-08-31T10:36:32+00:00","dateModified":"2026-08-31T10:36:33+00:00","mainEntityOfPage":{"@id":"https:\/\/vengria.info\/?p=18069"},"wordCount":1125,"commentCount":0,"image":{"@id":"https:\/\/vengria.info\/?p=18069#primaryimage"},"thumbnailUrl":"https:\/\/vengria.info\/wp-content\/uploads\/2026\/08\/dszcxsdc.jpg","articleSection":["NEWS","VIDEO"],"inLanguage":"en-US","potentialAction":[{"@type":"CommentAction","name":"Comment","target":["https:\/\/vengria.info\/?p=18069#respond"]}]},{"@type":"WebPage","@id":"https:\/\/vengria.info\/?p=18069","url":"https:\/\/vengria.info\/?p=18069","name":"Egy n\u0151 feles\u00e9g\u00fcl ment egy el\u00edt\u00e9lt idegenhez, hogy megmentse \u0151t az akaszt\u00f3f\u00e1t\u00f3l. M\u00e1snap reggel azonban az eg\u00e9sz v\u00e1ros megtudta, mi\u00e9rt tette. -","isPartOf":{"@id":"https:\/\/vengria.info\/#website"},"primaryImageOfPage":{"@id":"https:\/\/vengria.info\/?p=18069#primaryimage"},"image":{"@id":"https:\/\/vengria.info\/?p=18069#primaryimage"},"thumbnailUrl":"https:\/\/vengria.info\/wp-content\/uploads\/2026\/08\/dszcxsdc.jpg","datePublished":"2026-08-31T10:36:32+00:00","dateModified":"2026-08-31T10:36:33+00:00","author":{"@id":"https:\/\/vengria.info\/#\/schema\/person\/b815b04a6b1fb36a2d064955a92f68d4"},"breadcrumb":{"@id":"https:\/\/vengria.info\/?p=18069#breadcrumb"},"inLanguage":"en-US","potentialAction":[{"@type":"ReadAction","target":["https:\/\/vengria.info\/?p=18069"]}]},{"@type":"ImageObject","inLanguage":"en-US","@id":"https:\/\/vengria.info\/?p=18069#primaryimage","url":"https:\/\/vengria.info\/wp-content\/uploads\/2026\/08\/dszcxsdc.jpg","contentUrl":"https:\/\/vengria.info\/wp-content\/uploads\/2026\/08\/dszcxsdc.jpg","width":768,"height":1376},{"@type":"BreadcrumbList","@id":"https:\/\/vengria.info\/?p=18069#breadcrumb","itemListElement":[{"@type":"ListItem","position":1,"name":"Home","item":"https:\/\/vengria.info\/"},{"@type":"ListItem","position":2,"name":"Egy n\u0151 feles\u00e9g\u00fcl ment egy el\u00edt\u00e9lt idegenhez, hogy megmentse \u0151t az akaszt\u00f3f\u00e1t\u00f3l. M\u00e1snap reggel azonban az eg\u00e9sz v\u00e1ros megtudta, mi\u00e9rt tette."}]},{"@type":"WebSite","@id":"https:\/\/vengria.info\/#website","url":"https:\/\/vengria.info\/","name":"","description":"","potentialAction":[{"@type":"SearchAction","target":{"@type":"EntryPoint","urlTemplate":"https:\/\/vengria.info\/?s={search_term_string}"},"query-input":{"@type":"PropertyValueSpecification","valueRequired":true,"valueName":"search_term_string"}}],"inLanguage":"en-US"},{"@type":"Person","@id":"https:\/\/vengria.info\/#\/schema\/person\/b815b04a6b1fb36a2d064955a92f68d4","name":"admin","image":{"@type":"ImageObject","inLanguage":"en-US","@id":"https:\/\/secure.gravatar.com\/avatar\/a29bad30ab19883c48927f9ee55a40d0d1a0c3c343bcef70ad9a0a9cb421f0fa?s=96&d=mm&r=g","url":"https:\/\/secure.gravatar.com\/avatar\/a29bad30ab19883c48927f9ee55a40d0d1a0c3c343bcef70ad9a0a9cb421f0fa?s=96&d=mm&r=g","contentUrl":"https:\/\/secure.gravatar.com\/avatar\/a29bad30ab19883c48927f9ee55a40d0d1a0c3c343bcef70ad9a0a9cb421f0fa?s=96&d=mm&r=g","caption":"admin"},"sameAs":["http:\/\/vengria.info"],"url":"https:\/\/vengria.info\/?author=1"}]}},"_links":{"self":[{"href":"https:\/\/vengria.info\/index.php?rest_route=\/wp\/v2\/posts\/18069","targetHints":{"allow":["GET"]}}],"collection":[{"href":"https:\/\/vengria.info\/index.php?rest_route=\/wp\/v2\/posts"}],"about":[{"href":"https:\/\/vengria.info\/index.php?rest_route=\/wp\/v2\/types\/post"}],"author":[{"embeddable":true,"href":"https:\/\/vengria.info\/index.php?rest_route=\/wp\/v2\/users\/1"}],"replies":[{"embeddable":true,"href":"https:\/\/vengria.info\/index.php?rest_route=%2Fwp%2Fv2%2Fcomments&post=18069"}],"version-history":[{"count":1,"href":"https:\/\/vengria.info\/index.php?rest_route=\/wp\/v2\/posts\/18069\/revisions"}],"predecessor-version":[{"id":18073,"href":"https:\/\/vengria.info\/index.php?rest_route=\/wp\/v2\/posts\/18069\/revisions\/18073"}],"wp:featuredmedia":[{"embeddable":true,"href":"https:\/\/vengria.info\/index.php?rest_route=\/wp\/v2\/media\/18071"}],"wp:attachment":[{"href":"https:\/\/vengria.info\/index.php?rest_route=%2Fwp%2Fv2%2Fmedia&parent=18069"}],"wp:term":[{"taxonomy":"category","embeddable":true,"href":"https:\/\/vengria.info\/index.php?rest_route=%2Fwp%2Fv2%2Fcategories&post=18069"},{"taxonomy":"post_tag","embeddable":true,"href":"https:\/\/vengria.info\/index.php?rest_route=%2Fwp%2Fv2%2Ftags&post=18069"}],"curies":[{"name":"wp","href":"https:\/\/api.w.org\/{rel}","templated":true}]}}