{"id":11397,"date":"2026-05-01T18:01:02","date_gmt":"2026-05-01T18:01:02","guid":{"rendered":"https:\/\/vengria.info\/?p=11397"},"modified":"2026-05-01T18:01:04","modified_gmt":"2026-05-01T18:01:04","slug":"lucas-nem-emelte-fel-a-hangjat","status":"publish","type":"post","link":"https:\/\/vengria.info\/?p=11397","title":{"rendered":"Lucas nem emelte fel a hangj\u00e1t."},"content":{"rendered":"\n<p>Nyugalma ann\u00e1l is figyelemrem\u00e9lt\u00f3bb volt, mert szil\u00e1rd elhat\u00e1roz\u00e1st \u00e9rzett benne. Felseg\u00edtette Mari\u00e1t, \u00e1tny\u00fajtotta neki a t\u00e1sk\u00e1j\u00e1t, \u00e9s egy pillanatig r\u00e1n\u00e9zett, mintha meg akarna gy\u0151z\u0151dni arr\u00f3l, hogy j\u00f3l van, nemcsak fizikailag, hanem ment\u00e1lisan is.<\/p>\n\n\n\n<p>\u2013 Menj\u00fcnk vissza \u2013 mondta v\u00e9g\u00fcl.<\/p>\n\n\n\n<p>Marie habozott. A bolt ajtaj\u00e1nak l\u00e1tv\u00e1nya visszahozta a sz\u00e9gyen\u00e9rzetet. \u2013 Nem akarok bajt okozni\u2026 Tal\u00e1n egyszer\u0171en \u00edgy van.<\/p>\n\n\n\n<p>Lucas megr\u00e1zta a fej\u00e9t. \u2013 Nem. Nem \u00edgy k\u00e9ne lennie. Nem csak a ruh\u00e1kr\u00f3l van sz\u00f3. Arr\u00f3l van sz\u00f3, hogyan b\u00e1nunk az emberekkel.<\/p>\n\n\n\n<p>Bementek.<\/p>\n\n\n\n<p>Az ajt\u00f3 feletti cseng\u0151 megsz\u00f3lalt, pont \u00fagy, mint kor\u00e1bban, de a hangulat megv\u00e1ltozott. Claire megfordult, \u00e9s az arca azonnal megmerevedett, amikor \u00fajra megl\u00e1tta Mari\u00e1t. Azt\u00e1n \u00e9szrevette Lucast az egyenruh\u00e1j\u00e1ban. A viselked\u00e9se kiss\u00e9 megv\u00e1ltozott, de a hangneme tov\u00e1bbra is hivatalos maradt.<\/p>\n\n\n\n<p>\u2013 Seg\u00edthetek miben? \u2013 k\u00e9rdezte, ez\u00fattal \u00f3vatosabban.<\/p>\n\n\n\n<p>Lucas b\u00f3lintott. \u2013 Igen. Ez a h\u00f6lgy nemr\u00e9g j\u00f6tt be, \u00e9s ruh\u00e1t keresett az unok\u00e1j\u00e1nak. Megal\u00e1zva t\u00e1vozott. Szeretn\u00e9m meg\u00e9rteni, mi\u00e9rt.<\/p>\n\n\n\n<p>Claire m\u00e9ly l\u00e9legzetet vett. \u2013 Uram\u2026 van egy bizonyos vend\u00e9gk\u00f6r\u00fcnk. Csak megpr\u00f3b\u00e1lom fenntartani az \u00fczlet sz\u00ednvonal\u00e1t.<\/p>\n\n\n\n<p>\u2013 Szabv\u00e1nyos? \u2013 ism\u00e9telte Lucas halkan. \u2013 \u00c1rra vagy m\u00e9lt\u00f3s\u00e1gra gondol?<\/p>\n\n\n\n<p>Claire egy pillanatra elvesztette a hidegv\u00e9r\u00e9t. \u2013 Csak a f\u00e9lre\u00e9rt\u00e9seket akartam elker\u00fclni.<\/p>\n\n\n\n<p>\u2013 Azt mondta neki, hogy nem ide tartozik \u2013 folytatta Lucas. \u2013 Azt sugallta, hogy esetleg ellop valamit. Ez nem megel\u0151z\u00e9s. Ez el\u0151\u00edt\u00e9let.<\/p>\n\n\n\n<p>Az \u00fczlet elcsendesedett. T\u00f6bb v\u00e1s\u00e1rl\u00f3, aki a ruh\u00e1kat n\u00e9zegette, finoman megfordult.<\/p>\n\n\n\n<p>Marie a k\u00f6zelben \u00e1llt, kezei a k\u00e9zit\u00e1sk\u00e1j\u00e1t szorongatt\u00e1k. Vil\u00e1gos volt, hogy ink\u00e1bb elt\u0171nne. Lucas \u00e9szrevette ezt, \u00e9s kiss\u00e9 fel\u00e9 ford\u00edtotta a fej\u00e9t.<\/p>\n\n\n\n<p>\u2013 Maradunk \u2013 mondta nyugodtan, ink\u00e1bb \u00e9rte, mint Claire-\u00e9rt.<\/p>\n\n\n\n<p>Ebben a pillanatban egy k\u00f6z\u00e9pkor\u00fa f\u00e9rfi l\u00e9pett ki az \u00fczlet h\u00e1tulj\u00e1b\u00f3l. \u0150 volt az \u00fczletvezet\u0151. V\u00e9gigm\u00e9rte a helyzetet, majd Lucason meg\u00e1llt.<\/p>\n\n\n\n<p>\u201eHell\u00f3, van itt valami probl\u00e9ma?\u201d<\/p>\n\n\n\n<p>Lucas r\u00f6viden elmagyar\u00e1zta, mi t\u00f6rt\u00e9nt. Nem dr\u00e1maian, \u00e9rzelemmentesen, de pontosan. Minden sz\u00f3nak s\u00falya volt.<\/p>\n\n\n\n<p>A vezet\u0151 \u00f6sszevonta a szem\u00f6ld\u00f6k\u00e9t, \u00e9s Claire-hez fordult. \u201eIgaz ez?\u201d<\/p>\n\n\n\n<p>Claire les\u00fct\u00f6tte a szem\u00e9t. \u201e\u00c9n\u2026 \u00e9n csak pr\u00f3b\u00e1ltam\u2026\u201d<\/p>\n\n\n\n<p>\u201eEl\u00e9g\u201d \u2013 szak\u00edtotta f\u00e9lbe. Azt\u00e1n Mari\u00e1hoz fordult. \u201eAsszonyom, nagyon sajn\u00e1lom. Amit \u00e1t\u00e9lt, elfogadhatatlan. Senkinek sem szabadna kisebbrend\u0171nek \u00e9reznie mag\u00e1t az \u00fczlet\u00fcnkben.\u201d<\/p>\n\n\n\n<p>Maria nem tudta, mit mondjon. A bocs\u00e1natk\u00e9r\u00e9s meg\u00e9rkezett, de a f\u00e1jdalom m\u00e9g friss volt.<\/p>\n\n\n\n<p>Lucas h\u00e1tr\u00e1lt egy l\u00e9p\u00e9st. \u201eEz nem a b\u00fcntet\u00e9sr\u0151l sz\u00f3l\u201d \u2013 mondta. \u201eA meg\u00e9rt\u00e9sr\u0151l. Mindenkinek, aki ide bel\u00e9p, van egy t\u00f6rt\u00e9nete, amit elmes\u00e9l. \u00c9s soha nem tudhatod, mennyit jelent neki ez a pillanat.\u201d<\/p>\n\n\n\n<p>A vezet\u0151 b\u00f3lintott. \u201eIgazad van.\u201d<\/p>\n\n\n\n<p>Azt\u00e1n visszafordult Marie-hoz. \u201eHadd rendezz\u00fck a dolgokat. Seg\u00edt\u00fcnk neked ruh\u00e1t tal\u00e1lni az unok\u00e1dnak. \u00c9s ma nem fogunk az \u00e1rr\u00f3l, mint akad\u00e1lyr\u00f3l besz\u00e9lni.\u201d<\/p>\n\n\n\n<p>Claire csendben f\u00e9lre\u00e1llt. Arckifejez\u00e9se m\u00e1r nem volt hideg. Ink\u00e1bb zavarban volt, tal\u00e1n m\u00e9g sz\u00e9gyenl\u0151s is.<\/p>\n\n\n\n<p>Marie vett egy m\u00e9ly l\u00e9legzetet. \u201eNem akarok semmit ingyen\u201d \u2013 mondta halkan. \u201eCsak azt akartam, hogy az unok\u00e1m k\u00fcl\u00f6nlegesnek \u00e9rezze mag\u00e1t.\u201d<\/p>\n\n\n\n<p>A vezet\u0151 elmosolyodott. \u201e\u00c9s pontosan ebben fogunk seg\u00edteni neki.\u201d<\/p>\n\n\n\n<p>Ez\u00fattal, mik\u00f6zben Marie v\u00e9gigj\u00e1rta a ruh\u00e1kat, senki sem ford\u00edtotta el. \u00c9pp ellenkez\u0151leg. Az egyik elad\u00f3n\u0151 elkezdte mutogatni neki a k\u00fcl\u00f6nb\u00f6z\u0151 modelleket, k\u00e9rdez\u0151sk\u00f6dve a sz\u00ednr\u0151l, a st\u00edlusr\u00f3l, az unok\u00e1ja alakj\u00e1r\u00f3l. A hangulat megv\u00e1ltozott.<\/p>\n\n\n\n<p>Lucas a bej\u00e1rat k\u00f6zel\u00e9ben \u00e1llt. Nem pr\u00f3b\u00e1lt tov\u00e1bb beleavatkozni. Azt tette, amit helyesnek gondolt, teret engedve a dolgok kibontakoz\u00e1s\u00e1nak.<\/p>\n\n\n\n<p>Amikor Marie v\u00e9g\u00fcl kiv\u00e1lasztotta a ruh\u00e1t \u2013 egyszer\u0171, de eleg\u00e1ns \u2013, \u00f3vatosan tartotta a kez\u00e9ben, mintha nem csak anyag lenne, hanem rem\u00e9ny is.<\/p>\n\n\n\n<p>Fizet\u00e9s k\u00f6zben ism\u00e9t Lucashoz fordult. \u2013 K\u00f6sz\u00f6n\u00f6m \u2013 mondta halkan.<\/p>\n\n\n\n<p>A f\u00e9rfi csak a fej\u00e9t r\u00e1zta. \u2013 \u00c9n nem. El\u00e9g volt, hogy nem adtad fel.<\/p>\n\n\n\n<p>N\u00e9h\u00e1ny h\u00e9ttel k\u00e9s\u0151bb L\u00e9a a t\u00fck\u00f6r el\u0151tt \u00e1llt ugyanabban a ruh\u00e1ban. Pontosan olyan volt, amilyet soha nem engedett volna meg mag\u00e1nak. Amikor Marie fel\u00e9 fordult, volt valami a szem\u00e9ben, ami m\u00e1r r\u00e9g\u00f3ta nem volt ott \u2013 magabiztoss\u00e1g.<\/p>\n\n\n\n<p>\u2013 Nagymama\u2026 gy\u00f6ny\u00f6r\u0171ek.<\/p>\n\n\n\n<p>Marie elmosolyodott. \u2013 Gy\u00f6ny\u00f6r\u0171 vagy. A ruha csak eml\u00e9keztet r\u00e1.<\/p>\n\n\n\n<p>Aznap este L\u00e9a elment a b\u00e1lba.<\/p>\n\n\n\n<figure class=\"wp-block-image size-full is-resized\"><img loading=\"lazy\" decoding=\"async\" width=\"511\" height=\"763\" src=\"https:\/\/vengria.info\/wp-content\/uploads\/2026\/05\/nkar-nkar-2.png\" alt=\"\" class=\"wp-image-11395\" style=\"width:747px;height:auto\" srcset=\"https:\/\/vengria.info\/wp-content\/uploads\/2026\/05\/nkar-nkar-2.png 511w, https:\/\/vengria.info\/wp-content\/uploads\/2026\/05\/nkar-nkar-2-201x300.png 201w\" sizes=\"auto, (max-width: 511px) 100vw, 511px\" \/><\/figure>\n\n\n\n<p>\u00c9s valahol a zene, a f\u00e9nyek \u00e9s a t\u00e1nc k\u00f6z\u00f6tt kezdte meg\u00e9rteni, hogy n\u00e9ha a legnagyobb aj\u00e1nd\u00e9k nem az, amit kapunk, hanem az, hogy valaki elhiszi, hogy meg\u00e9rdemelj\u00fck.<\/p>\n\n\n\n<p>Ek\u00f6zben egy kicsi, nem felt\u0171n\u0151 t\u00e1bla l\u00f3gott a luxus\u00fczlet bej\u00e1rat\u00e1n\u00e1l. Nem volt hivalkod\u00f3, de egy\u00e9rtelm\u0171 \u00fczenetet hordozott:<\/p>\n\n\n\n<p>Minden v\u00e1s\u00e1rl\u00f3t sz\u00edvesen l\u00e1tunk.<\/p>\n\n\n\n<p>N\u00e9h\u00e1nyak sz\u00e1m\u00e1ra ez mag\u00e1t\u00f3l \u00e9rtet\u0151d\u0151 volt. M\u00e1sok sz\u00e1m\u00e1ra ez egy eml\u00e9keztet\u0151 volt. \u00c9s annak a n\u00e9h\u00e1ny embernek, akik eml\u00e9keztek aznap t\u00f6rt\u00e9ntekre, egy csendes lecke volt, hogy a tisztelet nem \u00e1r, hanem jellem k\u00e9rd\u00e9se.<\/p>\n","protected":false},"excerpt":{"rendered":"Nyugalma ann\u00e1l is figyelemrem\u00e9lt\u00f3bb volt, mert szil\u00e1rd elhat\u00e1roz\u00e1st \u00e9rzett benne. Felseg\u00edtette Mari\u00e1t, \u00e1tny\u00fajtotta neki a t\u00e1sk\u00e1j\u00e1t, \u00e9s egy pillanatig r\u00e1n\u00e9zett, mintha meg akarna \n<a class=\"moretag\" href=\"https:\/\/vengria.info\/?p=11397\"> [...]<\/a>","protected":false},"author":1,"featured_media":11395,"comment_status":"open","ping_status":"open","sticky":false,"template":"","format":"standard","meta":{"footnotes":""},"categories":[1,2],"tags":[],"class_list":["post-11397","post","type-post","status-publish","format-standard","has-post-thumbnail","hentry","category-news","category-video"],"yoast_head":"<!-- This site is optimized with the Yoast SEO plugin v27.3 - https:\/\/yoast.com\/product\/yoast-seo-wordpress\/ -->\n<title>Lucas nem emelte fel a hangj\u00e1t. -<\/title>\n<meta name=\"robots\" content=\"index, follow, max-snippet:-1, max-image-preview:large, max-video-preview:-1\" \/>\n<link rel=\"canonical\" href=\"https:\/\/vengria.info\/?p=11397\" \/>\n<meta property=\"og:locale\" content=\"en_US\" \/>\n<meta property=\"og:type\" content=\"article\" \/>\n<meta property=\"og:title\" content=\"Lucas nem emelte fel a hangj\u00e1t. -\" \/>\n<meta property=\"og:description\" content=\"Nyugalma ann\u00e1l is figyelemrem\u00e9lt\u00f3bb volt, mert szil\u00e1rd elhat\u00e1roz\u00e1st \u00e9rzett benne. Felseg\u00edtette Mari\u00e1t, \u00e1tny\u00fajtotta neki a t\u00e1sk\u00e1j\u00e1t, \u00e9s egy pillanatig r\u00e1n\u00e9zett, mintha meg akarna\" \/>\n<meta property=\"og:url\" content=\"https:\/\/vengria.info\/?p=11397\" \/>\n<meta property=\"article:published_time\" content=\"2026-05-01T18:01:02+00:00\" \/>\n<meta property=\"article:modified_time\" content=\"2026-05-01T18:01:04+00:00\" \/>\n<meta property=\"og:image\" content=\"https:\/\/vengria.info\/wp-content\/uploads\/2026\/05\/nkar-nkar-2.png\" \/>\n\t<meta property=\"og:image:width\" content=\"511\" \/>\n\t<meta property=\"og:image:height\" content=\"763\" \/>\n\t<meta property=\"og:image:type\" content=\"image\/png\" \/>\n<meta name=\"author\" content=\"admin\" \/>\n<meta name=\"twitter:card\" content=\"summary_large_image\" \/>\n<meta name=\"twitter:label1\" content=\"Written by\" \/>\n\t<meta name=\"twitter:data1\" content=\"admin\" \/>\n\t<meta name=\"twitter:label2\" content=\"Est. reading time\" \/>\n\t<meta name=\"twitter:data2\" content=\"4 minutes\" \/>\n<script type=\"application\/ld+json\" class=\"yoast-schema-graph\">{\"@context\":\"https:\\\/\\\/schema.org\",\"@graph\":[{\"@type\":\"Article\",\"@id\":\"https:\\\/\\\/vengria.info\\\/?p=11397#article\",\"isPartOf\":{\"@id\":\"https:\\\/\\\/vengria.info\\\/?p=11397\"},\"author\":{\"name\":\"admin\",\"@id\":\"https:\\\/\\\/vengria.info\\\/#\\\/schema\\\/person\\\/b815b04a6b1fb36a2d064955a92f68d4\"},\"headline\":\"Lucas nem emelte fel a hangj\u00e1t.\",\"datePublished\":\"2026-05-01T18:01:02+00:00\",\"dateModified\":\"2026-05-01T18:01:04+00:00\",\"mainEntityOfPage\":{\"@id\":\"https:\\\/\\\/vengria.info\\\/?p=11397\"},\"wordCount\":966,\"commentCount\":0,\"image\":{\"@id\":\"https:\\\/\\\/vengria.info\\\/?p=11397#primaryimage\"},\"thumbnailUrl\":\"https:\\\/\\\/vengria.info\\\/wp-content\\\/uploads\\\/2026\\\/05\\\/nkar-nkar-2.png\",\"articleSection\":[\"NEWS\",\"VIDEO\"],\"inLanguage\":\"en-US\",\"potentialAction\":[{\"@type\":\"CommentAction\",\"name\":\"Comment\",\"target\":[\"https:\\\/\\\/vengria.info\\\/?p=11397#respond\"]}]},{\"@type\":\"WebPage\",\"@id\":\"https:\\\/\\\/vengria.info\\\/?p=11397\",\"url\":\"https:\\\/\\\/vengria.info\\\/?p=11397\",\"name\":\"Lucas nem emelte fel a hangj\u00e1t. -\",\"isPartOf\":{\"@id\":\"https:\\\/\\\/vengria.info\\\/#website\"},\"primaryImageOfPage\":{\"@id\":\"https:\\\/\\\/vengria.info\\\/?p=11397#primaryimage\"},\"image\":{\"@id\":\"https:\\\/\\\/vengria.info\\\/?p=11397#primaryimage\"},\"thumbnailUrl\":\"https:\\\/\\\/vengria.info\\\/wp-content\\\/uploads\\\/2026\\\/05\\\/nkar-nkar-2.png\",\"datePublished\":\"2026-05-01T18:01:02+00:00\",\"dateModified\":\"2026-05-01T18:01:04+00:00\",\"author\":{\"@id\":\"https:\\\/\\\/vengria.info\\\/#\\\/schema\\\/person\\\/b815b04a6b1fb36a2d064955a92f68d4\"},\"breadcrumb\":{\"@id\":\"https:\\\/\\\/vengria.info\\\/?p=11397#breadcrumb\"},\"inLanguage\":\"en-US\",\"potentialAction\":[{\"@type\":\"ReadAction\",\"target\":[\"https:\\\/\\\/vengria.info\\\/?p=11397\"]}]},{\"@type\":\"ImageObject\",\"inLanguage\":\"en-US\",\"@id\":\"https:\\\/\\\/vengria.info\\\/?p=11397#primaryimage\",\"url\":\"https:\\\/\\\/vengria.info\\\/wp-content\\\/uploads\\\/2026\\\/05\\\/nkar-nkar-2.png\",\"contentUrl\":\"https:\\\/\\\/vengria.info\\\/wp-content\\\/uploads\\\/2026\\\/05\\\/nkar-nkar-2.png\",\"width\":511,\"height\":763},{\"@type\":\"BreadcrumbList\",\"@id\":\"https:\\\/\\\/vengria.info\\\/?p=11397#breadcrumb\",\"itemListElement\":[{\"@type\":\"ListItem\",\"position\":1,\"name\":\"Home\",\"item\":\"https:\\\/\\\/vengria.info\\\/\"},{\"@type\":\"ListItem\",\"position\":2,\"name\":\"Lucas nem emelte fel a hangj\u00e1t.\"}]},{\"@type\":\"WebSite\",\"@id\":\"https:\\\/\\\/vengria.info\\\/#website\",\"url\":\"https:\\\/\\\/vengria.info\\\/\",\"name\":\"\",\"description\":\"\",\"potentialAction\":[{\"@type\":\"SearchAction\",\"target\":{\"@type\":\"EntryPoint\",\"urlTemplate\":\"https:\\\/\\\/vengria.info\\\/?s={search_term_string}\"},\"query-input\":{\"@type\":\"PropertyValueSpecification\",\"valueRequired\":true,\"valueName\":\"search_term_string\"}}],\"inLanguage\":\"en-US\"},{\"@type\":\"Person\",\"@id\":\"https:\\\/\\\/vengria.info\\\/#\\\/schema\\\/person\\\/b815b04a6b1fb36a2d064955a92f68d4\",\"name\":\"admin\",\"image\":{\"@type\":\"ImageObject\",\"inLanguage\":\"en-US\",\"@id\":\"https:\\\/\\\/secure.gravatar.com\\\/avatar\\\/a29bad30ab19883c48927f9ee55a40d0d1a0c3c343bcef70ad9a0a9cb421f0fa?s=96&d=mm&r=g\",\"url\":\"https:\\\/\\\/secure.gravatar.com\\\/avatar\\\/a29bad30ab19883c48927f9ee55a40d0d1a0c3c343bcef70ad9a0a9cb421f0fa?s=96&d=mm&r=g\",\"contentUrl\":\"https:\\\/\\\/secure.gravatar.com\\\/avatar\\\/a29bad30ab19883c48927f9ee55a40d0d1a0c3c343bcef70ad9a0a9cb421f0fa?s=96&d=mm&r=g\",\"caption\":\"admin\"},\"sameAs\":[\"http:\\\/\\\/vengria.info\"],\"url\":\"https:\\\/\\\/vengria.info\\\/?author=1\"}]}<\/script>\n<!-- \/ Yoast SEO plugin. -->","yoast_head_json":{"title":"Lucas nem emelte fel a hangj\u00e1t. -","robots":{"index":"index","follow":"follow","max-snippet":"max-snippet:-1","max-image-preview":"max-image-preview:large","max-video-preview":"max-video-preview:-1"},"canonical":"https:\/\/vengria.info\/?p=11397","og_locale":"en_US","og_type":"article","og_title":"Lucas nem emelte fel a hangj\u00e1t. -","og_description":"Nyugalma ann\u00e1l is figyelemrem\u00e9lt\u00f3bb volt, mert szil\u00e1rd elhat\u00e1roz\u00e1st \u00e9rzett benne. Felseg\u00edtette Mari\u00e1t, \u00e1tny\u00fajtotta neki a t\u00e1sk\u00e1j\u00e1t, \u00e9s egy pillanatig r\u00e1n\u00e9zett, mintha meg akarna","og_url":"https:\/\/vengria.info\/?p=11397","article_published_time":"2026-05-01T18:01:02+00:00","article_modified_time":"2026-05-01T18:01:04+00:00","og_image":[{"width":511,"height":763,"url":"https:\/\/vengria.info\/wp-content\/uploads\/2026\/05\/nkar-nkar-2.png","type":"image\/png"}],"author":"admin","twitter_card":"summary_large_image","twitter_misc":{"Written by":"admin","Est. reading time":"4 minutes"},"schema":{"@context":"https:\/\/schema.org","@graph":[{"@type":"Article","@id":"https:\/\/vengria.info\/?p=11397#article","isPartOf":{"@id":"https:\/\/vengria.info\/?p=11397"},"author":{"name":"admin","@id":"https:\/\/vengria.info\/#\/schema\/person\/b815b04a6b1fb36a2d064955a92f68d4"},"headline":"Lucas nem emelte fel a hangj\u00e1t.","datePublished":"2026-05-01T18:01:02+00:00","dateModified":"2026-05-01T18:01:04+00:00","mainEntityOfPage":{"@id":"https:\/\/vengria.info\/?p=11397"},"wordCount":966,"commentCount":0,"image":{"@id":"https:\/\/vengria.info\/?p=11397#primaryimage"},"thumbnailUrl":"https:\/\/vengria.info\/wp-content\/uploads\/2026\/05\/nkar-nkar-2.png","articleSection":["NEWS","VIDEO"],"inLanguage":"en-US","potentialAction":[{"@type":"CommentAction","name":"Comment","target":["https:\/\/vengria.info\/?p=11397#respond"]}]},{"@type":"WebPage","@id":"https:\/\/vengria.info\/?p=11397","url":"https:\/\/vengria.info\/?p=11397","name":"Lucas nem emelte fel a hangj\u00e1t. -","isPartOf":{"@id":"https:\/\/vengria.info\/#website"},"primaryImageOfPage":{"@id":"https:\/\/vengria.info\/?p=11397#primaryimage"},"image":{"@id":"https:\/\/vengria.info\/?p=11397#primaryimage"},"thumbnailUrl":"https:\/\/vengria.info\/wp-content\/uploads\/2026\/05\/nkar-nkar-2.png","datePublished":"2026-05-01T18:01:02+00:00","dateModified":"2026-05-01T18:01:04+00:00","author":{"@id":"https:\/\/vengria.info\/#\/schema\/person\/b815b04a6b1fb36a2d064955a92f68d4"},"breadcrumb":{"@id":"https:\/\/vengria.info\/?p=11397#breadcrumb"},"inLanguage":"en-US","potentialAction":[{"@type":"ReadAction","target":["https:\/\/vengria.info\/?p=11397"]}]},{"@type":"ImageObject","inLanguage":"en-US","@id":"https:\/\/vengria.info\/?p=11397#primaryimage","url":"https:\/\/vengria.info\/wp-content\/uploads\/2026\/05\/nkar-nkar-2.png","contentUrl":"https:\/\/vengria.info\/wp-content\/uploads\/2026\/05\/nkar-nkar-2.png","width":511,"height":763},{"@type":"BreadcrumbList","@id":"https:\/\/vengria.info\/?p=11397#breadcrumb","itemListElement":[{"@type":"ListItem","position":1,"name":"Home","item":"https:\/\/vengria.info\/"},{"@type":"ListItem","position":2,"name":"Lucas nem emelte fel a hangj\u00e1t."}]},{"@type":"WebSite","@id":"https:\/\/vengria.info\/#website","url":"https:\/\/vengria.info\/","name":"","description":"","potentialAction":[{"@type":"SearchAction","target":{"@type":"EntryPoint","urlTemplate":"https:\/\/vengria.info\/?s={search_term_string}"},"query-input":{"@type":"PropertyValueSpecification","valueRequired":true,"valueName":"search_term_string"}}],"inLanguage":"en-US"},{"@type":"Person","@id":"https:\/\/vengria.info\/#\/schema\/person\/b815b04a6b1fb36a2d064955a92f68d4","name":"admin","image":{"@type":"ImageObject","inLanguage":"en-US","@id":"https:\/\/secure.gravatar.com\/avatar\/a29bad30ab19883c48927f9ee55a40d0d1a0c3c343bcef70ad9a0a9cb421f0fa?s=96&d=mm&r=g","url":"https:\/\/secure.gravatar.com\/avatar\/a29bad30ab19883c48927f9ee55a40d0d1a0c3c343bcef70ad9a0a9cb421f0fa?s=96&d=mm&r=g","contentUrl":"https:\/\/secure.gravatar.com\/avatar\/a29bad30ab19883c48927f9ee55a40d0d1a0c3c343bcef70ad9a0a9cb421f0fa?s=96&d=mm&r=g","caption":"admin"},"sameAs":["http:\/\/vengria.info"],"url":"https:\/\/vengria.info\/?author=1"}]}},"_links":{"self":[{"href":"https:\/\/vengria.info\/index.php?rest_route=\/wp\/v2\/posts\/11397","targetHints":{"allow":["GET"]}}],"collection":[{"href":"https:\/\/vengria.info\/index.php?rest_route=\/wp\/v2\/posts"}],"about":[{"href":"https:\/\/vengria.info\/index.php?rest_route=\/wp\/v2\/types\/post"}],"author":[{"embeddable":true,"href":"https:\/\/vengria.info\/index.php?rest_route=\/wp\/v2\/users\/1"}],"replies":[{"embeddable":true,"href":"https:\/\/vengria.info\/index.php?rest_route=%2Fwp%2Fv2%2Fcomments&post=11397"}],"version-history":[{"count":1,"href":"https:\/\/vengria.info\/index.php?rest_route=\/wp\/v2\/posts\/11397\/revisions"}],"predecessor-version":[{"id":11398,"href":"https:\/\/vengria.info\/index.php?rest_route=\/wp\/v2\/posts\/11397\/revisions\/11398"}],"wp:featuredmedia":[{"embeddable":true,"href":"https:\/\/vengria.info\/index.php?rest_route=\/wp\/v2\/media\/11395"}],"wp:attachment":[{"href":"https:\/\/vengria.info\/index.php?rest_route=%2Fwp%2Fv2%2Fmedia&parent=11397"}],"wp:term":[{"taxonomy":"category","embeddable":true,"href":"https:\/\/vengria.info\/index.php?rest_route=%2Fwp%2Fv2%2Fcategories&post=11397"},{"taxonomy":"post_tag","embeddable":true,"href":"https:\/\/vengria.info\/index.php?rest_route=%2Fwp%2Fv2%2Ftags&post=11397"}],"curies":[{"name":"wp","href":"https:\/\/api.w.org\/{rel}","templated":true}]}}