{"id":11381,"date":"2026-05-01T17:50:56","date_gmt":"2026-05-01T17:50:56","guid":{"rendered":"https:\/\/vengria.info\/?p=11381"},"modified":"2026-05-01T17:50:58","modified_gmt":"2026-05-01T17:50:58","slug":"deni-a-nevem-ma-van-a-szuletesnapom","status":"publish","type":"post","link":"https:\/\/vengria.info\/?p=11381","title":{"rendered":"Deni a nevem. Ma van a sz\u00fclet\u00e9snapom."},"content":{"rendered":"\n<p>Minden \u00e9vben ugyanazzal az \u00f6r\u00f6mmel mondom, de id\u00e9n m\u00e1sk\u00e9pp hangzott. Id\u00e9n halkabban mondtam, mert nem voltam biztos benne, hogy b\u00e1rki is \u00e9szrevenn\u00e9.<\/p>\n\n\n\n<p>Down-szindr\u00f3m\u00e1s vagyok. Ez\u00e9rt ismernek fel egyesek, miel\u0151tt t\u00e9nylegesen megl\u00e1tn\u00e1nak. A diagn\u00f3zist l\u00e1tj\u00e1k, nem a szem\u00e9lyt. A k\u00fcl\u00f6nbs\u00e9get l\u00e1tj\u00e1k, nem a mosolyt. Valamit l\u00e1tnak, amit f\u00e9lnek meg\u00e9rteni.<\/p>\n\n\n\n<p>De egy dolgot m\u00e1r r\u00e9gen megtanultam. Minden emberben van valami, ami m\u00e1ss\u00e1 teszi. Csak nem mindenki viseli az arc\u00e1n.<\/p>\n\n\n\n<p>Ma reggel kor\u00e1bban keltem, mint \u00e1ltal\u00e1ban. Izgatott voltam. Sz\u00e1momra a sz\u00fclet\u00e9snapok mindig is zen\u00e9t, tort\u00e1t, lufikat \u00e9s velem egy\u00fctt nevet\u0151 embereket jelentettek. De id\u00e9n csend volt otthon.<\/p>\n\n\n\n<p>Any\u00e1nak dolgozni kellett mennie. Apa m\u00e1r k\u00e9t napja elment \u00fczleti \u00fatra. A n\u0151v\u00e9rem egy m\u00e1sik v\u00e1rosban tanul, \u00e9s meg\u00edg\u00e9rte, hogy este felh\u00edv. Senki sem volt otthon.<\/p>\n\n\n\n<p>Egy kis cetli volt az asztalon.<\/p>\n\n\n\n<p>\u201eDani, boldog sz\u00fclet\u00e9snapot! Ma este \u00fcnnepel\u00fcnk. Szeret\u00fcnk.\u201d<\/p>\n\n\n\n<p>Mosolyogtam, de f\u00e1jt a torkom. M\u00e9g messze volt az este.<\/p>\n\n\n\n<p>Felvettem a kedvenc s\u00e1rga ruh\u00e1mat, megf\u00e9s\u00fclk\u00f6dtem, \u00e9s felkaptam a t\u00e1sk\u00e1mat. \u00dagy d\u00f6nt\u00f6ttem, nem v\u00e1rok otthon. Ma az \u00e9n napom volt. Elmentem sz\u00f3rakozni.<\/p>\n\n\n\n<p>A v\u00e1ros gy\u00f6ny\u00f6r\u0171 volt. S\u00fct\u00f6tt a nap, \u00e9s az emberek s\u00fcrg\u00f6l\u0151dtek a t\u00e1sk\u00e1ikkal, telefonjaikkal \u00e9s aggodalmaikkal. N\u00e9h\u00e1nyszor r\u00e1mosolyogtam a j\u00e1r\u00f3kel\u0151kre, \u00e9s azt mondtam: \u201eMa van a sz\u00fclet\u00e9snapom.\u201d<\/p>\n\n\n\n<p>N\u00e9h\u00e1nyan visszamosolyogtak. N\u00e9h\u00e1nyan \u00fagy tettek, mintha nem hallan\u00e1k.<\/p>\n\n\n\n<p>Azt\u00e1n meg\u00e1lltam egy kis k\u00e1v\u00e9z\u00f3 el\u0151tt a k\u00f6zpontban. Tort\u00e1k, cupcake-ek \u00e9s sz\u00ednes macaronok voltak az ablakban. Az orromat az \u00fcveghez nyomtam, mint egy gyerek.<\/p>\n\n\n\n<p>Bementem.<\/p>\n\n\n\n<p>Egy k\u00f6t\u00e9nyes fiatalember \u00e1llt a pult m\u00f6g\u00f6tt. R\u00e1m n\u00e9zett, \u00e9s azt mondta:<\/p>\n\n\n\n<p>\u201eSzia. Mit k\u00e9rsz?\u201d<\/p>\n\n\n\n<p>Felegyenesedtem, \u00e9s \u00fcnnep\u00e9lyesen v\u00e1laszoltam:<\/p>\n\n\n\n<p>\u201eDeni vagyok. Down-szindr\u00f3m\u00e1s vagyok. \u00c9s ma van a sz\u00fclet\u00e9snapom.\u201d<\/p>\n\n\n\n<p>Egy pillanatnyi csend k\u00f6vetkezett.<\/p>\n\n\n\n<p>Azt\u00e1n olyan \u0151szint\u00e9n elmosolyodott, hogy a sz\u00edvemben \u00e9reztem.<\/p>\n\n\n\n<p>\u201eEz nagy dolog\u201d \u2013 mondta. \u201eBoldog sz\u00fclet\u00e9snapot, Deni!\u201d<\/p>\n\n\n\n<p>\u201eSzerettem volna venni egy kis tort\u00e1t\u201d \u2013 mondtam. \u201eDe nincs sok p\u00e9nzem.\u201d<\/p>\n\n\n\n<figure class=\"wp-block-image size-large\"><img loading=\"lazy\" decoding=\"async\" width=\"1024\" height=\"840\" src=\"https:\/\/vengria.info\/wp-content\/uploads\/2026\/05\/5asd165asd1asd3as21d3asd21as-1024x840.jpg\" alt=\"\" class=\"wp-image-11383\" srcset=\"https:\/\/vengria.info\/wp-content\/uploads\/2026\/05\/5asd165asd1asd3as21d3asd21as-1024x840.jpg 1024w, https:\/\/vengria.info\/wp-content\/uploads\/2026\/05\/5asd165asd1asd3as21d3asd21as-300x246.jpg 300w, https:\/\/vengria.info\/wp-content\/uploads\/2026\/05\/5asd165asd1asd3as21d3asd21as-768x630.jpg 768w, https:\/\/vengria.info\/wp-content\/uploads\/2026\/05\/5asd165asd1asd3as21d3asd21as.jpg 1216w\" sizes=\"auto, (max-width: 1024px) 100vw, 1024px\" \/><\/figure>\n\n\n\n<p>A f\u00e9rfi elt\u0171nt a h\u00e1ts\u00f3 szob\u00e1ban. Azt hittem, elkapja a vezet\u0151t, vagy udvariasan visszautas\u00edt.<\/p>\n\n\n\n<p>Ehelyett visszaj\u00f6tt az eg\u00e9sz tort\u00e1val.<\/p>\n\n\n\n<p>Egy feh\u00e9r torta eperrel \u00e9s egy csokol\u00e1d\u00e9 felirattal:<\/p>\n\n\n\n<p>Deninek.<\/p>\n\n\n\n<p>Sz\u00f3val sz\u00f3hoz sem jutottam.<\/p>\n\n\n\n<p>\u201eEz hiba\u201d \u2013 suttogtam.<\/p>\n\n\n\n<p>\u201eNem\u201d \u2013 mondta. \u201eEz egy aj\u00e1nd\u00e9k.\u201d<\/p>\n\n\n\n<p>Ek\u00f6zben t\u00f6bben j\u00f6ttek be a k\u00e1v\u00e9z\u00f3ba. Egy id\u0151s h\u00f6lgy bev\u00e1s\u00e1rl\u00f3szatyrral, egy di\u00e1k laptoppal, egy \u00f6lt\u00f6ny\u00f6s f\u00e9rfi, egy anya egy gyerekkel.<\/p>\n\n\n\n<p>A fiatalember \u00f6sszecsapta a kez\u00e9t, \u00e9s \u00edgy sz\u00f3lt:<\/p>\n\n\n\n<p>\u201eFigyelem mindenkinek. Ma van Deni sz\u00fclet\u00e9snapja.\u201d<\/p>\n\n\n\n<p>Miel\u0151tt leveg\u0151t vehettem volna, az eg\u00e9sz k\u00e1v\u00e9z\u00f3 \u00e9nekelni kezdett.<\/p>\n\n\n\n<p>Boldog sz\u00fclet\u00e9snapot\u2026<\/p>\n\n\n\n<p>Senki sem ismert engem.<\/p>\n\n\n\n<p>\u00c9s m\u00e9gis \u00e9nekeltek nekem.<\/p>\n\n\n\n<p>Egyszerre s\u00edrtam \u00e9s nevettem. Any\u00e1m mindig azt mondja, hogy ezt egyszerre tudom megtenni.<\/p>\n\n\n\n<p>Le\u00fcltettek a legszebb asztalhoz az ablak mellett. Hoztak forr\u00f3 csokol\u00e1d\u00e9t, darabokra v\u00e1gt\u00e1k a tort\u00e1t, \u00e9s mindenki evett velem egyet.<\/p>\n\n\n\n<p>Az id\u0151s h\u00f6lgy adott nekem egy k\u00e9zzel horgolt vir\u00e1got, ami a t\u00e1sk\u00e1j\u00e1ban volt.<\/p>\n\n\n\n<p>A di\u00e1k ezt \u00edrta a szalv\u00e9t\u00e1mra: \u201eTe vagy a f\u00e9ny.\u201d<\/p>\n\n\n\n<p>Egy kisgyerek adott nekem egy felf\u00fajt lufit, amit a v\u00e1rosban cipelt.<\/p>\n\n\n\n<p>Az \u00f6lt\u00f6ny\u00f6s f\u00e9rfi azt mondta nekem:<\/p>\n\n\n\n<p>\u201eK\u00f6sz\u00f6n\u00f6m, hogy eml\u00e9keztett\u00e9l arra, mi a fontos ma.\u201d<\/p>\n\n\n\n<p>\u00c9s a pult m\u00f6g\u00f6tt \u00e1ll\u00f3 fiatalember?<\/p>\n\n\n\n<p>Le\u00fclt velem szemben, \u00e9s megk\u00e9rdezte:<\/p>\n\n\n\n<p>\u201eK\u00e9rdezhetek valamit, Deni?\u201d<\/p>\n\n\n\n<p>\u201eIgen.\u201d<\/p>\n\n\n\n<p>\u201eMi\u00e9rt j\u00f6tt\u00e9l egyed\u00fcl, \u00e9s m\u00e9gis mosolyogsz?\u201d<\/p>\n\n\n\n<p>Gondolkodtam rajta.<\/p>\n\n\n\n<p>\u201eMert ha arra v\u00e1rsz, hogy valaki boldogg\u00e1 tegyen, sok\u00e1ig v\u00e1rhatsz. De ha mosolyogva m\u00e9sz ki, a boldogs\u00e1g tal\u00e1lkozhat veled \u00fatk\u00f6zben.\u201d<\/p>\n\n\n\n<p>N\u00e9h\u00e1nyan tapsolni kezdtek.<\/p>\n\n\n\n<p>Aznap este any\u00e1m j\u00f6tt \u00e9rtem. Amikor bel\u00e9pett a k\u00e1v\u00e9z\u00f3ba, \u00e9s megl\u00e1tta az emberekkel teli asztalt, a gyerty\u00e1kat, a lufit, \u00e9s engem minden k\u00f6zep\u00e9n, s\u00edrva fakadt.<\/p>\n\n\n\n<p>\u201eMi t\u00f6rt\u00e9nt?\u201d \u2013 k\u00e9rdezte.<\/p>\n\n\n\n<p>Meg\u00f6leltem, \u00e9s azt mondtam:<\/p>\n\n\n\n<p>\u201eAz emberek \u00e9szrevettek.\u201d<\/p>\n\n\n\n<p>Aznap r\u00e1j\u00f6ttem valami fontosra.<\/p>\n\n\n\n<p>Nem mindenki, aki r\u00e1d n\u00e9z, l\u00e1t igaz\u00e1n t\u00e9ged.<\/p>\n\n\n\n<p>De n\u00e9ha el\u00e9g egy ember ahhoz, hogy igaz\u00e1n l\u00e1sson.<\/p>\n\n\n\n<p>\u00c9s akkor a t\u00f6bbiek is csatlakoznak.<\/p>\n\n\n\n<p>Deni vagyok.<\/p>\n\n\n\n<p>Down-szindr\u00f3m\u00e1s.<\/p>\n\n\n\n<p>\u00c9s id\u00e9n nem otthon \u00fcnnepeltem a sz\u00fclet\u00e9snapomat.<\/p>\n\n\n\n<p>Egy olyan helyen \u00fcnnepeltem, ahol idegenek eml\u00e9keztettek arra, hogy \u00e9n is a vil\u00e1ghoz tartozom, mint b\u00e1rki m\u00e1s.<\/p>\n","protected":false},"excerpt":{"rendered":"Minden \u00e9vben ugyanazzal az \u00f6r\u00f6mmel mondom, de id\u00e9n m\u00e1sk\u00e9pp hangzott. Id\u00e9n halkabban mondtam, mert nem voltam biztos benne, hogy b\u00e1rki is \u00e9szrevenn\u00e9. Down-szindr\u00f3m\u00e1s \n<a class=\"moretag\" href=\"https:\/\/vengria.info\/?p=11381\"> [...]<\/a>","protected":false},"author":1,"featured_media":11383,"comment_status":"open","ping_status":"open","sticky":false,"template":"","format":"standard","meta":{"footnotes":""},"categories":[1,2],"tags":[],"class_list":["post-11381","post","type-post","status-publish","format-standard","has-post-thumbnail","hentry","category-news","category-video"],"yoast_head":"<!-- This site is optimized with the Yoast SEO plugin v27.3 - https:\/\/yoast.com\/product\/yoast-seo-wordpress\/ -->\n<title>Deni a nevem. Ma van a sz\u00fclet\u00e9snapom. -<\/title>\n<meta name=\"robots\" content=\"index, follow, max-snippet:-1, max-image-preview:large, max-video-preview:-1\" \/>\n<link rel=\"canonical\" href=\"https:\/\/vengria.info\/?p=11381\" \/>\n<meta property=\"og:locale\" content=\"en_US\" \/>\n<meta property=\"og:type\" content=\"article\" \/>\n<meta property=\"og:title\" content=\"Deni a nevem. Ma van a sz\u00fclet\u00e9snapom. -\" \/>\n<meta property=\"og:description\" content=\"Minden \u00e9vben ugyanazzal az \u00f6r\u00f6mmel mondom, de id\u00e9n m\u00e1sk\u00e9pp hangzott. Id\u00e9n halkabban mondtam, mert nem voltam biztos benne, hogy b\u00e1rki is \u00e9szrevenn\u00e9. Down-szindr\u00f3m\u00e1s\" \/>\n<meta property=\"og:url\" content=\"https:\/\/vengria.info\/?p=11381\" \/>\n<meta property=\"article:published_time\" content=\"2026-05-01T17:50:56+00:00\" \/>\n<meta property=\"article:modified_time\" content=\"2026-05-01T17:50:58+00:00\" \/>\n<meta property=\"og:image\" content=\"https:\/\/vengria.info\/wp-content\/uploads\/2026\/05\/5asd165asd1asd3as21d3asd21as.jpg\" \/>\n\t<meta property=\"og:image:width\" content=\"1216\" \/>\n\t<meta property=\"og:image:height\" content=\"998\" \/>\n\t<meta property=\"og:image:type\" content=\"image\/jpeg\" \/>\n<meta name=\"author\" content=\"admin\" \/>\n<meta name=\"twitter:card\" content=\"summary_large_image\" \/>\n<meta name=\"twitter:label1\" content=\"Written by\" \/>\n\t<meta name=\"twitter:data1\" content=\"admin\" \/>\n\t<meta name=\"twitter:label2\" content=\"Est. reading time\" \/>\n\t<meta name=\"twitter:data2\" content=\"3 minutes\" \/>\n<script type=\"application\/ld+json\" class=\"yoast-schema-graph\">{\"@context\":\"https:\\\/\\\/schema.org\",\"@graph\":[{\"@type\":\"Article\",\"@id\":\"https:\\\/\\\/vengria.info\\\/?p=11381#article\",\"isPartOf\":{\"@id\":\"https:\\\/\\\/vengria.info\\\/?p=11381\"},\"author\":{\"name\":\"admin\",\"@id\":\"https:\\\/\\\/vengria.info\\\/#\\\/schema\\\/person\\\/b815b04a6b1fb36a2d064955a92f68d4\"},\"headline\":\"Deni a nevem. Ma van a sz\u00fclet\u00e9snapom.\",\"datePublished\":\"2026-05-01T17:50:56+00:00\",\"dateModified\":\"2026-05-01T17:50:58+00:00\",\"mainEntityOfPage\":{\"@id\":\"https:\\\/\\\/vengria.info\\\/?p=11381\"},\"wordCount\":843,\"commentCount\":0,\"image\":{\"@id\":\"https:\\\/\\\/vengria.info\\\/?p=11381#primaryimage\"},\"thumbnailUrl\":\"https:\\\/\\\/vengria.info\\\/wp-content\\\/uploads\\\/2026\\\/05\\\/5asd165asd1asd3as21d3asd21as.jpg\",\"articleSection\":[\"NEWS\",\"VIDEO\"],\"inLanguage\":\"en-US\",\"potentialAction\":[{\"@type\":\"CommentAction\",\"name\":\"Comment\",\"target\":[\"https:\\\/\\\/vengria.info\\\/?p=11381#respond\"]}]},{\"@type\":\"WebPage\",\"@id\":\"https:\\\/\\\/vengria.info\\\/?p=11381\",\"url\":\"https:\\\/\\\/vengria.info\\\/?p=11381\",\"name\":\"Deni a nevem. Ma van a sz\u00fclet\u00e9snapom. -\",\"isPartOf\":{\"@id\":\"https:\\\/\\\/vengria.info\\\/#website\"},\"primaryImageOfPage\":{\"@id\":\"https:\\\/\\\/vengria.info\\\/?p=11381#primaryimage\"},\"image\":{\"@id\":\"https:\\\/\\\/vengria.info\\\/?p=11381#primaryimage\"},\"thumbnailUrl\":\"https:\\\/\\\/vengria.info\\\/wp-content\\\/uploads\\\/2026\\\/05\\\/5asd165asd1asd3as21d3asd21as.jpg\",\"datePublished\":\"2026-05-01T17:50:56+00:00\",\"dateModified\":\"2026-05-01T17:50:58+00:00\",\"author\":{\"@id\":\"https:\\\/\\\/vengria.info\\\/#\\\/schema\\\/person\\\/b815b04a6b1fb36a2d064955a92f68d4\"},\"breadcrumb\":{\"@id\":\"https:\\\/\\\/vengria.info\\\/?p=11381#breadcrumb\"},\"inLanguage\":\"en-US\",\"potentialAction\":[{\"@type\":\"ReadAction\",\"target\":[\"https:\\\/\\\/vengria.info\\\/?p=11381\"]}]},{\"@type\":\"ImageObject\",\"inLanguage\":\"en-US\",\"@id\":\"https:\\\/\\\/vengria.info\\\/?p=11381#primaryimage\",\"url\":\"https:\\\/\\\/vengria.info\\\/wp-content\\\/uploads\\\/2026\\\/05\\\/5asd165asd1asd3as21d3asd21as.jpg\",\"contentUrl\":\"https:\\\/\\\/vengria.info\\\/wp-content\\\/uploads\\\/2026\\\/05\\\/5asd165asd1asd3as21d3asd21as.jpg\",\"width\":1216,\"height\":998},{\"@type\":\"BreadcrumbList\",\"@id\":\"https:\\\/\\\/vengria.info\\\/?p=11381#breadcrumb\",\"itemListElement\":[{\"@type\":\"ListItem\",\"position\":1,\"name\":\"Home\",\"item\":\"https:\\\/\\\/vengria.info\\\/\"},{\"@type\":\"ListItem\",\"position\":2,\"name\":\"Deni a nevem. Ma van a sz\u00fclet\u00e9snapom.\"}]},{\"@type\":\"WebSite\",\"@id\":\"https:\\\/\\\/vengria.info\\\/#website\",\"url\":\"https:\\\/\\\/vengria.info\\\/\",\"name\":\"\",\"description\":\"\",\"potentialAction\":[{\"@type\":\"SearchAction\",\"target\":{\"@type\":\"EntryPoint\",\"urlTemplate\":\"https:\\\/\\\/vengria.info\\\/?s={search_term_string}\"},\"query-input\":{\"@type\":\"PropertyValueSpecification\",\"valueRequired\":true,\"valueName\":\"search_term_string\"}}],\"inLanguage\":\"en-US\"},{\"@type\":\"Person\",\"@id\":\"https:\\\/\\\/vengria.info\\\/#\\\/schema\\\/person\\\/b815b04a6b1fb36a2d064955a92f68d4\",\"name\":\"admin\",\"image\":{\"@type\":\"ImageObject\",\"inLanguage\":\"en-US\",\"@id\":\"https:\\\/\\\/secure.gravatar.com\\\/avatar\\\/a29bad30ab19883c48927f9ee55a40d0d1a0c3c343bcef70ad9a0a9cb421f0fa?s=96&d=mm&r=g\",\"url\":\"https:\\\/\\\/secure.gravatar.com\\\/avatar\\\/a29bad30ab19883c48927f9ee55a40d0d1a0c3c343bcef70ad9a0a9cb421f0fa?s=96&d=mm&r=g\",\"contentUrl\":\"https:\\\/\\\/secure.gravatar.com\\\/avatar\\\/a29bad30ab19883c48927f9ee55a40d0d1a0c3c343bcef70ad9a0a9cb421f0fa?s=96&d=mm&r=g\",\"caption\":\"admin\"},\"sameAs\":[\"http:\\\/\\\/vengria.info\"],\"url\":\"https:\\\/\\\/vengria.info\\\/?author=1\"}]}<\/script>\n<!-- \/ Yoast SEO plugin. -->","yoast_head_json":{"title":"Deni a nevem. Ma van a sz\u00fclet\u00e9snapom. -","robots":{"index":"index","follow":"follow","max-snippet":"max-snippet:-1","max-image-preview":"max-image-preview:large","max-video-preview":"max-video-preview:-1"},"canonical":"https:\/\/vengria.info\/?p=11381","og_locale":"en_US","og_type":"article","og_title":"Deni a nevem. Ma van a sz\u00fclet\u00e9snapom. -","og_description":"Minden \u00e9vben ugyanazzal az \u00f6r\u00f6mmel mondom, de id\u00e9n m\u00e1sk\u00e9pp hangzott. Id\u00e9n halkabban mondtam, mert nem voltam biztos benne, hogy b\u00e1rki is \u00e9szrevenn\u00e9. Down-szindr\u00f3m\u00e1s","og_url":"https:\/\/vengria.info\/?p=11381","article_published_time":"2026-05-01T17:50:56+00:00","article_modified_time":"2026-05-01T17:50:58+00:00","og_image":[{"width":1216,"height":998,"url":"https:\/\/vengria.info\/wp-content\/uploads\/2026\/05\/5asd165asd1asd3as21d3asd21as.jpg","type":"image\/jpeg"}],"author":"admin","twitter_card":"summary_large_image","twitter_misc":{"Written by":"admin","Est. reading time":"3 minutes"},"schema":{"@context":"https:\/\/schema.org","@graph":[{"@type":"Article","@id":"https:\/\/vengria.info\/?p=11381#article","isPartOf":{"@id":"https:\/\/vengria.info\/?p=11381"},"author":{"name":"admin","@id":"https:\/\/vengria.info\/#\/schema\/person\/b815b04a6b1fb36a2d064955a92f68d4"},"headline":"Deni a nevem. Ma van a sz\u00fclet\u00e9snapom.","datePublished":"2026-05-01T17:50:56+00:00","dateModified":"2026-05-01T17:50:58+00:00","mainEntityOfPage":{"@id":"https:\/\/vengria.info\/?p=11381"},"wordCount":843,"commentCount":0,"image":{"@id":"https:\/\/vengria.info\/?p=11381#primaryimage"},"thumbnailUrl":"https:\/\/vengria.info\/wp-content\/uploads\/2026\/05\/5asd165asd1asd3as21d3asd21as.jpg","articleSection":["NEWS","VIDEO"],"inLanguage":"en-US","potentialAction":[{"@type":"CommentAction","name":"Comment","target":["https:\/\/vengria.info\/?p=11381#respond"]}]},{"@type":"WebPage","@id":"https:\/\/vengria.info\/?p=11381","url":"https:\/\/vengria.info\/?p=11381","name":"Deni a nevem. Ma van a sz\u00fclet\u00e9snapom. -","isPartOf":{"@id":"https:\/\/vengria.info\/#website"},"primaryImageOfPage":{"@id":"https:\/\/vengria.info\/?p=11381#primaryimage"},"image":{"@id":"https:\/\/vengria.info\/?p=11381#primaryimage"},"thumbnailUrl":"https:\/\/vengria.info\/wp-content\/uploads\/2026\/05\/5asd165asd1asd3as21d3asd21as.jpg","datePublished":"2026-05-01T17:50:56+00:00","dateModified":"2026-05-01T17:50:58+00:00","author":{"@id":"https:\/\/vengria.info\/#\/schema\/person\/b815b04a6b1fb36a2d064955a92f68d4"},"breadcrumb":{"@id":"https:\/\/vengria.info\/?p=11381#breadcrumb"},"inLanguage":"en-US","potentialAction":[{"@type":"ReadAction","target":["https:\/\/vengria.info\/?p=11381"]}]},{"@type":"ImageObject","inLanguage":"en-US","@id":"https:\/\/vengria.info\/?p=11381#primaryimage","url":"https:\/\/vengria.info\/wp-content\/uploads\/2026\/05\/5asd165asd1asd3as21d3asd21as.jpg","contentUrl":"https:\/\/vengria.info\/wp-content\/uploads\/2026\/05\/5asd165asd1asd3as21d3asd21as.jpg","width":1216,"height":998},{"@type":"BreadcrumbList","@id":"https:\/\/vengria.info\/?p=11381#breadcrumb","itemListElement":[{"@type":"ListItem","position":1,"name":"Home","item":"https:\/\/vengria.info\/"},{"@type":"ListItem","position":2,"name":"Deni a nevem. Ma van a sz\u00fclet\u00e9snapom."}]},{"@type":"WebSite","@id":"https:\/\/vengria.info\/#website","url":"https:\/\/vengria.info\/","name":"","description":"","potentialAction":[{"@type":"SearchAction","target":{"@type":"EntryPoint","urlTemplate":"https:\/\/vengria.info\/?s={search_term_string}"},"query-input":{"@type":"PropertyValueSpecification","valueRequired":true,"valueName":"search_term_string"}}],"inLanguage":"en-US"},{"@type":"Person","@id":"https:\/\/vengria.info\/#\/schema\/person\/b815b04a6b1fb36a2d064955a92f68d4","name":"admin","image":{"@type":"ImageObject","inLanguage":"en-US","@id":"https:\/\/secure.gravatar.com\/avatar\/a29bad30ab19883c48927f9ee55a40d0d1a0c3c343bcef70ad9a0a9cb421f0fa?s=96&d=mm&r=g","url":"https:\/\/secure.gravatar.com\/avatar\/a29bad30ab19883c48927f9ee55a40d0d1a0c3c343bcef70ad9a0a9cb421f0fa?s=96&d=mm&r=g","contentUrl":"https:\/\/secure.gravatar.com\/avatar\/a29bad30ab19883c48927f9ee55a40d0d1a0c3c343bcef70ad9a0a9cb421f0fa?s=96&d=mm&r=g","caption":"admin"},"sameAs":["http:\/\/vengria.info"],"url":"https:\/\/vengria.info\/?author=1"}]}},"_links":{"self":[{"href":"https:\/\/vengria.info\/index.php?rest_route=\/wp\/v2\/posts\/11381","targetHints":{"allow":["GET"]}}],"collection":[{"href":"https:\/\/vengria.info\/index.php?rest_route=\/wp\/v2\/posts"}],"about":[{"href":"https:\/\/vengria.info\/index.php?rest_route=\/wp\/v2\/types\/post"}],"author":[{"embeddable":true,"href":"https:\/\/vengria.info\/index.php?rest_route=\/wp\/v2\/users\/1"}],"replies":[{"embeddable":true,"href":"https:\/\/vengria.info\/index.php?rest_route=%2Fwp%2Fv2%2Fcomments&post=11381"}],"version-history":[{"count":1,"href":"https:\/\/vengria.info\/index.php?rest_route=\/wp\/v2\/posts\/11381\/revisions"}],"predecessor-version":[{"id":11385,"href":"https:\/\/vengria.info\/index.php?rest_route=\/wp\/v2\/posts\/11381\/revisions\/11385"}],"wp:featuredmedia":[{"embeddable":true,"href":"https:\/\/vengria.info\/index.php?rest_route=\/wp\/v2\/media\/11383"}],"wp:attachment":[{"href":"https:\/\/vengria.info\/index.php?rest_route=%2Fwp%2Fv2%2Fmedia&parent=11381"}],"wp:term":[{"taxonomy":"category","embeddable":true,"href":"https:\/\/vengria.info\/index.php?rest_route=%2Fwp%2Fv2%2Fcategories&post=11381"},{"taxonomy":"post_tag","embeddable":true,"href":"https:\/\/vengria.info\/index.php?rest_route=%2Fwp%2Fv2%2Ftags&post=11381"}],"curies":[{"name":"wp","href":"https:\/\/api.w.org\/{rel}","templated":true}]}}