{"id":11378,"date":"2026-05-01T17:47:45","date_gmt":"2026-05-01T17:47:45","guid":{"rendered":"https:\/\/vengria.info\/?p=11378"},"modified":"2026-05-01T17:47:47","modified_gmt":"2026-05-01T17:47:47","slug":"a-kutya-akit-a-menhely-arnyeknak-kezdett-el-nevezni-nem-mindig-volt-ilyen","status":"publish","type":"post","link":"https:\/\/vengria.info\/?p=11378","title":{"rendered":"A kutya, akit a menhely \u201e\u00c1rny\u00e9knak\u201d kezdett el nevezni, nem mindig volt ilyen."},"content":{"rendered":"\n<p>Senki sem tudta pontosan, honnan j\u00f6tt, vagy min ment kereszt\u00fcl, de a viselked\u00e9se a f\u00e9lelemr\u0151l, a f\u00e1jdalomr\u00f3l \u00e9s a bizalmatlans\u00e1gr\u00f3l \u00e1rulkodott. Amikor el\u0151sz\u00f6r behozt\u00e1k, kimer\u00fclt, sov\u00e1ny volt, \u00e9s a szemei \u200b\u200bker\u00fclt\u00e9k az emberi tekintetet. A menhely szem\u00e9lyzete igyekezett mindent j\u00f3l csin\u00e1lni \u2013 id\u0151t, teret, \u00e9telt \u00e9s alapvet\u0151 ell\u00e1t\u00e1st biztos\u00edtottak neki. M\u00e9gis, semmi sem t\u00f6rt el. \u00c9pp ellenkez\u0151leg. Amint valaki k\u00f6zeledett hozz\u00e1, a teste megmerevedett, \u00e9s egy m\u00e1sodpercen bel\u00fcl v\u00e9dekez\u0151 mechanizmuss\u00e1 alakult. A morg\u00e1s, az ugat\u00e1s \u00e9s v\u00e9g\u00fcl a harap\u00e1s lett az egyetlen nyelve.<\/p>\n\n\n\n<p>A h\u00f3napok sor\u00e1n sz\u00e1mos tapasztalt dolgoz\u00f3 \u00e9s kik\u00e9pz\u0151 pr\u00f3b\u00e1lta elkapni. Mindegyik\u00fck m\u00e1s megk\u00f6zel\u00edt\u00e9ssel \u00e1llt el\u0151 \u2013 voltak, akik t\u00fcrelmesek voltak, voltak, akik szigor\u00faak, voltak, akik pozit\u00edv motiv\u00e1ci\u00f3val pr\u00f3b\u00e1lkoztak, m\u00e1sok elt\u00e1volodtak. Semmi sem seg\u00edtett. A kutya mintha bez\u00e1rk\u00f3zott volna a saj\u00e1t vil\u00e1g\u00e1ba, ahov\u00e1 senki sem l\u00e9phetett be. T\u00f6bben is megpr\u00f3b\u00e1lt\u00e1k elvinni a menhelyr\u0151l, de minden k\u00eds\u00e9rlet ugyan\u00fagy v\u00e9gz\u0151d\u00f6tt. F\u00e9lelem, k\u00e1osz \u00e9s s\u00e9r\u00fcl\u00e9sek.<\/p>\n\n\n\n<p>Majdnem egy \u00e9v ut\u00e1n vil\u00e1goss\u00e1 v\u00e1lt, hogy az \u00f6r\u00f6kbefogad\u00e1s es\u00e9lyei minim\u00e1lisak. A menhely kapacit\u00e1sa korl\u00e1tozott volt, minden h\u00e9ten \u00faj esetek \u00e9rkeztek, \u00e9s elker\u00fclhetetlenn\u00e9 v\u00e1ltak azok a d\u00f6nt\u00e9sek, amelyeket senki sem akart meghozni. Egy napon lehullott az, ami m\u00e1r r\u00e9g\u00f3ta a leveg\u0151ben l\u00f3gott. Az \u00e1rny\u00e9kot le kellett vetni.<\/p>\n\n\n\n<p>A menhelyen a l\u00e9gk\u00f6r neh\u00e9zz\u00e9 v\u00e1lt. M\u00e9g azok is, akik f\u00e9ltek t\u0151le, \u00fagy \u00e9rezt\u00e9k, hogy nem csak egy \u201evesz\u00e9lyes kutya\u201d. Egy olyan l\u00e9ny volt, aki valahol \u00fatk\u00f6zben elvesztette a bizalm\u00e1t a vil\u00e1gban. M\u00e9gis, senki sem tudta, hogyan szerezze vissza.<\/p>\n\n\n\n<p>Aznap egy n\u0151 \u00e9rkezett a menhelyre a kisl\u00e1ny\u00e1val. A l\u00e1ny vak volt, de a mozg\u00e1sa biztosnak t\u0171nt. Nem n\u00e9zett oda, de figyelt. Minden hangnak jelent\u00e9se volt sz\u00e1m\u00e1ra. Ahogy elhaladtak a kar\u00e1mok mellett, meg\u00e1llt.<\/p>\n\n\n\n<p>\u201eAz a kutya\u201d \u2013 mondta halkan. \u201eMi\u00e9rt ugat m\u00e1sk\u00e9pp, mint a t\u00f6bbi?\u201d<\/p>\n\n\n\n<p>A szem\u00e9lyzet \u00f6sszen\u00e9zett. Az anya megpr\u00f3b\u00e1lta elvezetni a l\u00e1ny\u00e1t, de a l\u00e1ny ragaszkodott hozz\u00e1.<\/p>\n\n\n\n<p>\u201eTal\u00e1lkozni akarok vele\u201d \u2013 mondta. A v\u00e1lasz azonnali \u00e9s hat\u00e1rozott volt. \u201eEz nem lehets\u00e9ges. Az a kutya vesz\u00e9lyes.\u201d<\/p>\n\n\n\n<p>A l\u00e1ny lehajtotta a fej\u00e9t. Egy pillanatra csend lett. Azt\u00e1n halkan hozz\u00e1tette: \u201eLegal\u00e1bb el akarok b\u00facs\u00fazni t\u0151le.\u201d<\/p>\n\n\n\n<p>Ez a mondat m\u00e9lyen meg\u00e9rintette azokat, akik hallott\u00e1k. Nem volt benne k\u00edv\u00e1ncsis\u00e1g vagy makacss\u00e1g. Egyszer\u0171 embers\u00e9g volt benne. Egy pillanatnyi haboz\u00e1s ut\u00e1n \u00fagy d\u00f6nt\u00f6ttek, hogy beengedik \u2013 szigor\u00fa felt\u00e9telek mellett, fel\u00fcgyelet mellett, \u00e9s k\u00e9szenl\u00e9tben a beavatkoz\u00e1sra.<\/p>\n\n\n\n<p>A l\u00e1ny lassan k\u00f6zeledett a kennelhez. Az \u00e1rny\u00e9k, amely egy pillanattal ezel\u0151tt m\u00e9g ugatott \u00e9s d\u00f6r\u00f6mb\u00f6lt a r\u00e1csokon, hirtelen elhallgatott. L\u00e9pteinek hangja m\u00e1s volt. Nyugodt, fesz\u00fclts\u00e9g n\u00e9lk\u00fcl. Nem j\u00f6tt v\u00e1rakoz\u00e1ssal vagy f\u00e9lelemmel. Egyszer\u0171en csak ott volt.<\/p>\n\n\n\n<p>\u201eSzia\u201d \u2013 mondta halkan.<\/p>\n\n\n\n<p>A kutya k\u00f6zeledett. Nem gyorsan, nem agressz\u00edven. \u00d3vatosan. Mintha nem lenne biztos benne, mi t\u00f6rt\u00e9nik. A l\u00e1ny kiny\u00fajtotta a kez\u00e9t. Nem k\u00f6zvetlen\u00fcl a fej\u00e9hez, hanem kiss\u00e9 maga el\u00e9, mintha teret k\u00edn\u00e1lna, de nem \u00e9rinten\u00e9 meg.<\/p>\n\n\n\n<p>\u00c9s akkor t\u00f6rt\u00e9nt valami, amire senki sem sz\u00e1m\u00edtott.<\/p>\n\n\n\n<p>Az \u00e1rny\u00e9k m\u00e9g k\u00f6zelebb l\u00e9pett, \u00e9s \u00e9rkez\u00e9se \u00f3ta el\u0151sz\u00f6r nem a szem\u00e9lyen kereszt\u00fcl, hanem \u0151t mag\u00e1t n\u00e9zte. Lassan a l\u00e1ny kez\u00e9hez emelte a sz\u00e1j\u00e1t. Semmi morg\u00e1s. Semmi fesz\u00fclts\u00e9g. Csak csend.<\/p>\n\n\n\n<p>A l\u00e1ny elmosolyodott. \u201eF\u00e9lsz\u201d \u2013 suttogta.<\/p>\n\n\n\n<p>Szavai nem k\u00e9rd\u00e9s voltak. Kijelent\u00e9sek.<\/p>\n\n\n\n<p>A szem\u00e9lyzet teljes csendben \u00e1llt ott. L\u00e1ttak egy kuty\u00e1t, akit h\u00f3napok \u00f3ta ismertek, de nem ismertek fel. A teste ellazult. Le\u00fclt. Azt\u00e1n m\u00e9g le is fek\u00fcdt. Senki sem eml\u00e9kezett r\u00e1, hogy mikor tette ezt utolj\u00e1ra ember jelenl\u00e9t\u00e9ben.<\/p>\n\n\n\n<p>A l\u00e1ny let\u00e9rdelt a r\u00e1csok mell\u00e9. Nem simogatta meg azonnal. Csak ott volt. Megosztotta vele a teret, az id\u0151t \u00e9s a b\u00e9k\u00e9t. Egy pillanat m\u00falva a keze finoman meg\u00e9rintette a fej\u00e9t. A kutya nem mozdult. Nem riadt vissza. \u00c9pp ellenkez\u0151leg. Lehunyta a szem\u00e9t.<\/p>\n\n\n\n<p>Ez a pillanat mindent megv\u00e1ltoztatott.<\/p>\n\n\n\n<p>A d\u00f6nt\u00e9s, ami egy \u00f3r\u00e1val kor\u00e1bban v\u00e9gleges volt, kezdett felbomlani. A szem\u00e9lyzet r\u00e1j\u00f6tt, hogy tal\u00e1n sosem az volt a probl\u00e9ma, hogy a kutya \u201erossz\u201d. Tal\u00e1n csak soha nem tal\u00e1lkozott olyannal, aki ne f\u00e9lelemmel, elv\u00e1r\u00e1ssal vagy azzal a k\u00eds\u00e9rlettel k\u00f6zeledett volna hozz\u00e1, hogy megv\u00e1ltoztassa.<\/p>\n\n\n\n<p>Egy pillanat m\u00falva a l\u00e1ny fel\u00e1llt. \u201eNem akar f\u00e1jdalmat\u201d \u2013 mondta. \u201eCsak nem tudja, hogyan lehetne m\u00e1s.\u201d<\/p>\n\n\n\n<p>Az anyja hallgatott. K\u00f6nnyek voltak a szem\u00e9ben.<\/p>\n\n\n\n<p>Aznap Shadow nem halt meg. \u00c9pp ellenkez\u0151leg. Egy \u00faj fejezet kezd\u0151d\u00f6tt. Nem volt k\u00f6nny\u0171 vagy gyors. De lehets\u00e9ges volt.<\/p>\n\n\n\n<p>A kutya a menhelyen maradt, de a hozz\u00e1\u00e1ll\u00e1s megv\u00e1ltozott. Ahelyett, hogy megpr\u00f3b\u00e1lt\u00e1k volna \u201emegjav\u00edtani\u201d, teret kapott, hogy l\u00e9tezzen. Az emberek nyugodtabban, lassabban kezdtek j\u00f6nni. Nyom\u00e1s n\u00e9lk\u00fcl. An\u00e9lk\u00fcl, hogy azonnali eredm\u00e9nyt v\u00e1rtak volna. \u00c9s apr\u00e1nk\u00e9nt valami igaz\u00e1n elkezdett megv\u00e1ltozni.<\/p>\n\n\n\n<figure class=\"wp-block-image size-full is-resized\"><img loading=\"lazy\" decoding=\"async\" width=\"627\" height=\"787\" src=\"https:\/\/vengria.info\/wp-content\/uploads\/2026\/05\/nkar-nkar-1.png\" alt=\"\" class=\"wp-image-11370\" style=\"width:738px;height:auto\" srcset=\"https:\/\/vengria.info\/wp-content\/uploads\/2026\/05\/nkar-nkar-1.png 627w, https:\/\/vengria.info\/wp-content\/uploads\/2026\/05\/nkar-nkar-1-239x300.png 239w\" sizes=\"auto, (max-width: 627px) 100vw, 627px\" \/><\/figure>\n\n\n\n<p>N\u00e9h\u00e1ny h\u00f3nappal k\u00e9s\u0151bb Shadow m\u00e1s kutya volt. Nem t\u00f6k\u00e9letes, nem f\u00e9lelem n\u00e9lk\u00fcli. De nyitottabb. Megk\u00f6zel\u00edthet\u0151bb. \u00c9s egy nap j\u00f6tt egy csal\u00e1d, akik nem a t\u00f6k\u00e9letes kuty\u00e1t kerest\u00e9k, hanem k\u00e9szen \u00e1lltak meg\u00e9rteni az \u0151 t\u00f6rt\u00e9net\u00e9t.<\/p>\n\n\n\n<p>Amikor elhagyta a menhelyet, senki sem fogja elfelejteni azt a pillanatot, amikor a vak kisl\u00e1ny el\u0151sz\u00f6r kiny\u00fajtotta a kez\u00e9t a vil\u00e1ga fel\u00e9. Nem a hagyom\u00e1nyos \u00e9rtelemben vett csoda volt. Bizony\u00edt\u00e9k volt arra, hogy n\u00e9ha el\u00e9g csak megv\u00e1ltoztatni a tekintet\u00fcnket \u2013 vagy az \u0151 eset\u00e9ben a tekintet elmulaszt\u00e1s\u00e1t \u2013, hogy v\u00e9gre megl\u00e1ssuk az igazs\u00e1got.<\/p>\n\n\n\n<p>\u00c9s ez egyszer\u0171 volt. Nem mindenki, aki harap, \u00e1rt. Vannak, akik egyszer\u0171en soha nem tapasztalt\u00e1k meg, hogy az \u00e9rint\u00e9s biztons\u00e1gos lehet.<\/p>\n","protected":false},"excerpt":{"rendered":"Senki sem tudta pontosan, honnan j\u00f6tt, vagy min ment kereszt\u00fcl, de a viselked\u00e9se a f\u00e9lelemr\u0151l, a f\u00e1jdalomr\u00f3l \u00e9s a bizalmatlans\u00e1gr\u00f3l \u00e1rulkodott. Amikor el\u0151sz\u00f6r \n<a class=\"moretag\" href=\"https:\/\/vengria.info\/?p=11378\"> [...]<\/a>","protected":false},"author":1,"featured_media":11370,"comment_status":"open","ping_status":"open","sticky":false,"template":"","format":"standard","meta":{"footnotes":""},"categories":[1,2],"tags":[],"class_list":["post-11378","post","type-post","status-publish","format-standard","has-post-thumbnail","hentry","category-news","category-video"],"yoast_head":"<!-- This site is optimized with the Yoast SEO plugin v27.3 - https:\/\/yoast.com\/product\/yoast-seo-wordpress\/ -->\n<title>A kutya, akit a menhely \u201e\u00c1rny\u00e9knak\u201d kezdett el nevezni, nem mindig volt ilyen. -<\/title>\n<meta name=\"robots\" content=\"index, follow, max-snippet:-1, max-image-preview:large, max-video-preview:-1\" \/>\n<link rel=\"canonical\" href=\"https:\/\/vengria.info\/?p=11378\" \/>\n<meta property=\"og:locale\" content=\"en_US\" \/>\n<meta property=\"og:type\" content=\"article\" \/>\n<meta property=\"og:title\" content=\"A kutya, akit a menhely \u201e\u00c1rny\u00e9knak\u201d kezdett el nevezni, nem mindig volt ilyen. -\" \/>\n<meta property=\"og:description\" content=\"Senki sem tudta pontosan, honnan j\u00f6tt, vagy min ment kereszt\u00fcl, de a viselked\u00e9se a f\u00e9lelemr\u0151l, a f\u00e1jdalomr\u00f3l \u00e9s a bizalmatlans\u00e1gr\u00f3l \u00e1rulkodott. Amikor el\u0151sz\u00f6r\" \/>\n<meta property=\"og:url\" content=\"https:\/\/vengria.info\/?p=11378\" \/>\n<meta property=\"article:published_time\" content=\"2026-05-01T17:47:45+00:00\" \/>\n<meta property=\"article:modified_time\" content=\"2026-05-01T17:47:47+00:00\" \/>\n<meta property=\"og:image\" content=\"https:\/\/vengria.info\/wp-content\/uploads\/2026\/05\/nkar-nkar-1.png\" \/>\n\t<meta property=\"og:image:width\" content=\"627\" \/>\n\t<meta property=\"og:image:height\" content=\"787\" \/>\n\t<meta property=\"og:image:type\" content=\"image\/png\" \/>\n<meta name=\"author\" content=\"admin\" \/>\n<meta name=\"twitter:card\" content=\"summary_large_image\" \/>\n<meta name=\"twitter:label1\" content=\"Written by\" \/>\n\t<meta name=\"twitter:data1\" content=\"admin\" \/>\n\t<meta name=\"twitter:label2\" content=\"Est. reading time\" \/>\n\t<meta name=\"twitter:data2\" content=\"4 minutes\" \/>\n<script type=\"application\/ld+json\" class=\"yoast-schema-graph\">{\"@context\":\"https:\\\/\\\/schema.org\",\"@graph\":[{\"@type\":\"Article\",\"@id\":\"https:\\\/\\\/vengria.info\\\/?p=11378#article\",\"isPartOf\":{\"@id\":\"https:\\\/\\\/vengria.info\\\/?p=11378\"},\"author\":{\"name\":\"admin\",\"@id\":\"https:\\\/\\\/vengria.info\\\/#\\\/schema\\\/person\\\/b815b04a6b1fb36a2d064955a92f68d4\"},\"headline\":\"A kutya, akit a menhely \u201e\u00c1rny\u00e9knak\u201d kezdett el nevezni, nem mindig volt ilyen.\",\"datePublished\":\"2026-05-01T17:47:45+00:00\",\"dateModified\":\"2026-05-01T17:47:47+00:00\",\"mainEntityOfPage\":{\"@id\":\"https:\\\/\\\/vengria.info\\\/?p=11378\"},\"wordCount\":1149,\"commentCount\":0,\"image\":{\"@id\":\"https:\\\/\\\/vengria.info\\\/?p=11378#primaryimage\"},\"thumbnailUrl\":\"https:\\\/\\\/vengria.info\\\/wp-content\\\/uploads\\\/2026\\\/05\\\/nkar-nkar-1.png\",\"articleSection\":[\"NEWS\",\"VIDEO\"],\"inLanguage\":\"en-US\",\"potentialAction\":[{\"@type\":\"CommentAction\",\"name\":\"Comment\",\"target\":[\"https:\\\/\\\/vengria.info\\\/?p=11378#respond\"]}]},{\"@type\":\"WebPage\",\"@id\":\"https:\\\/\\\/vengria.info\\\/?p=11378\",\"url\":\"https:\\\/\\\/vengria.info\\\/?p=11378\",\"name\":\"A kutya, akit a menhely \u201e\u00c1rny\u00e9knak\u201d kezdett el nevezni, nem mindig volt ilyen. -\",\"isPartOf\":{\"@id\":\"https:\\\/\\\/vengria.info\\\/#website\"},\"primaryImageOfPage\":{\"@id\":\"https:\\\/\\\/vengria.info\\\/?p=11378#primaryimage\"},\"image\":{\"@id\":\"https:\\\/\\\/vengria.info\\\/?p=11378#primaryimage\"},\"thumbnailUrl\":\"https:\\\/\\\/vengria.info\\\/wp-content\\\/uploads\\\/2026\\\/05\\\/nkar-nkar-1.png\",\"datePublished\":\"2026-05-01T17:47:45+00:00\",\"dateModified\":\"2026-05-01T17:47:47+00:00\",\"author\":{\"@id\":\"https:\\\/\\\/vengria.info\\\/#\\\/schema\\\/person\\\/b815b04a6b1fb36a2d064955a92f68d4\"},\"breadcrumb\":{\"@id\":\"https:\\\/\\\/vengria.info\\\/?p=11378#breadcrumb\"},\"inLanguage\":\"en-US\",\"potentialAction\":[{\"@type\":\"ReadAction\",\"target\":[\"https:\\\/\\\/vengria.info\\\/?p=11378\"]}]},{\"@type\":\"ImageObject\",\"inLanguage\":\"en-US\",\"@id\":\"https:\\\/\\\/vengria.info\\\/?p=11378#primaryimage\",\"url\":\"https:\\\/\\\/vengria.info\\\/wp-content\\\/uploads\\\/2026\\\/05\\\/nkar-nkar-1.png\",\"contentUrl\":\"https:\\\/\\\/vengria.info\\\/wp-content\\\/uploads\\\/2026\\\/05\\\/nkar-nkar-1.png\",\"width\":627,\"height\":787},{\"@type\":\"BreadcrumbList\",\"@id\":\"https:\\\/\\\/vengria.info\\\/?p=11378#breadcrumb\",\"itemListElement\":[{\"@type\":\"ListItem\",\"position\":1,\"name\":\"Home\",\"item\":\"https:\\\/\\\/vengria.info\\\/\"},{\"@type\":\"ListItem\",\"position\":2,\"name\":\"A kutya, akit a menhely \u201e\u00c1rny\u00e9knak\u201d kezdett el nevezni, nem mindig volt ilyen.\"}]},{\"@type\":\"WebSite\",\"@id\":\"https:\\\/\\\/vengria.info\\\/#website\",\"url\":\"https:\\\/\\\/vengria.info\\\/\",\"name\":\"\",\"description\":\"\",\"potentialAction\":[{\"@type\":\"SearchAction\",\"target\":{\"@type\":\"EntryPoint\",\"urlTemplate\":\"https:\\\/\\\/vengria.info\\\/?s={search_term_string}\"},\"query-input\":{\"@type\":\"PropertyValueSpecification\",\"valueRequired\":true,\"valueName\":\"search_term_string\"}}],\"inLanguage\":\"en-US\"},{\"@type\":\"Person\",\"@id\":\"https:\\\/\\\/vengria.info\\\/#\\\/schema\\\/person\\\/b815b04a6b1fb36a2d064955a92f68d4\",\"name\":\"admin\",\"image\":{\"@type\":\"ImageObject\",\"inLanguage\":\"en-US\",\"@id\":\"https:\\\/\\\/secure.gravatar.com\\\/avatar\\\/a29bad30ab19883c48927f9ee55a40d0d1a0c3c343bcef70ad9a0a9cb421f0fa?s=96&d=mm&r=g\",\"url\":\"https:\\\/\\\/secure.gravatar.com\\\/avatar\\\/a29bad30ab19883c48927f9ee55a40d0d1a0c3c343bcef70ad9a0a9cb421f0fa?s=96&d=mm&r=g\",\"contentUrl\":\"https:\\\/\\\/secure.gravatar.com\\\/avatar\\\/a29bad30ab19883c48927f9ee55a40d0d1a0c3c343bcef70ad9a0a9cb421f0fa?s=96&d=mm&r=g\",\"caption\":\"admin\"},\"sameAs\":[\"http:\\\/\\\/vengria.info\"],\"url\":\"https:\\\/\\\/vengria.info\\\/?author=1\"}]}<\/script>\n<!-- \/ Yoast SEO plugin. -->","yoast_head_json":{"title":"A kutya, akit a menhely \u201e\u00c1rny\u00e9knak\u201d kezdett el nevezni, nem mindig volt ilyen. -","robots":{"index":"index","follow":"follow","max-snippet":"max-snippet:-1","max-image-preview":"max-image-preview:large","max-video-preview":"max-video-preview:-1"},"canonical":"https:\/\/vengria.info\/?p=11378","og_locale":"en_US","og_type":"article","og_title":"A kutya, akit a menhely \u201e\u00c1rny\u00e9knak\u201d kezdett el nevezni, nem mindig volt ilyen. -","og_description":"Senki sem tudta pontosan, honnan j\u00f6tt, vagy min ment kereszt\u00fcl, de a viselked\u00e9se a f\u00e9lelemr\u0151l, a f\u00e1jdalomr\u00f3l \u00e9s a bizalmatlans\u00e1gr\u00f3l \u00e1rulkodott. Amikor el\u0151sz\u00f6r","og_url":"https:\/\/vengria.info\/?p=11378","article_published_time":"2026-05-01T17:47:45+00:00","article_modified_time":"2026-05-01T17:47:47+00:00","og_image":[{"width":627,"height":787,"url":"https:\/\/vengria.info\/wp-content\/uploads\/2026\/05\/nkar-nkar-1.png","type":"image\/png"}],"author":"admin","twitter_card":"summary_large_image","twitter_misc":{"Written by":"admin","Est. reading time":"4 minutes"},"schema":{"@context":"https:\/\/schema.org","@graph":[{"@type":"Article","@id":"https:\/\/vengria.info\/?p=11378#article","isPartOf":{"@id":"https:\/\/vengria.info\/?p=11378"},"author":{"name":"admin","@id":"https:\/\/vengria.info\/#\/schema\/person\/b815b04a6b1fb36a2d064955a92f68d4"},"headline":"A kutya, akit a menhely \u201e\u00c1rny\u00e9knak\u201d kezdett el nevezni, nem mindig volt ilyen.","datePublished":"2026-05-01T17:47:45+00:00","dateModified":"2026-05-01T17:47:47+00:00","mainEntityOfPage":{"@id":"https:\/\/vengria.info\/?p=11378"},"wordCount":1149,"commentCount":0,"image":{"@id":"https:\/\/vengria.info\/?p=11378#primaryimage"},"thumbnailUrl":"https:\/\/vengria.info\/wp-content\/uploads\/2026\/05\/nkar-nkar-1.png","articleSection":["NEWS","VIDEO"],"inLanguage":"en-US","potentialAction":[{"@type":"CommentAction","name":"Comment","target":["https:\/\/vengria.info\/?p=11378#respond"]}]},{"@type":"WebPage","@id":"https:\/\/vengria.info\/?p=11378","url":"https:\/\/vengria.info\/?p=11378","name":"A kutya, akit a menhely \u201e\u00c1rny\u00e9knak\u201d kezdett el nevezni, nem mindig volt ilyen. -","isPartOf":{"@id":"https:\/\/vengria.info\/#website"},"primaryImageOfPage":{"@id":"https:\/\/vengria.info\/?p=11378#primaryimage"},"image":{"@id":"https:\/\/vengria.info\/?p=11378#primaryimage"},"thumbnailUrl":"https:\/\/vengria.info\/wp-content\/uploads\/2026\/05\/nkar-nkar-1.png","datePublished":"2026-05-01T17:47:45+00:00","dateModified":"2026-05-01T17:47:47+00:00","author":{"@id":"https:\/\/vengria.info\/#\/schema\/person\/b815b04a6b1fb36a2d064955a92f68d4"},"breadcrumb":{"@id":"https:\/\/vengria.info\/?p=11378#breadcrumb"},"inLanguage":"en-US","potentialAction":[{"@type":"ReadAction","target":["https:\/\/vengria.info\/?p=11378"]}]},{"@type":"ImageObject","inLanguage":"en-US","@id":"https:\/\/vengria.info\/?p=11378#primaryimage","url":"https:\/\/vengria.info\/wp-content\/uploads\/2026\/05\/nkar-nkar-1.png","contentUrl":"https:\/\/vengria.info\/wp-content\/uploads\/2026\/05\/nkar-nkar-1.png","width":627,"height":787},{"@type":"BreadcrumbList","@id":"https:\/\/vengria.info\/?p=11378#breadcrumb","itemListElement":[{"@type":"ListItem","position":1,"name":"Home","item":"https:\/\/vengria.info\/"},{"@type":"ListItem","position":2,"name":"A kutya, akit a menhely \u201e\u00c1rny\u00e9knak\u201d kezdett el nevezni, nem mindig volt ilyen."}]},{"@type":"WebSite","@id":"https:\/\/vengria.info\/#website","url":"https:\/\/vengria.info\/","name":"","description":"","potentialAction":[{"@type":"SearchAction","target":{"@type":"EntryPoint","urlTemplate":"https:\/\/vengria.info\/?s={search_term_string}"},"query-input":{"@type":"PropertyValueSpecification","valueRequired":true,"valueName":"search_term_string"}}],"inLanguage":"en-US"},{"@type":"Person","@id":"https:\/\/vengria.info\/#\/schema\/person\/b815b04a6b1fb36a2d064955a92f68d4","name":"admin","image":{"@type":"ImageObject","inLanguage":"en-US","@id":"https:\/\/secure.gravatar.com\/avatar\/a29bad30ab19883c48927f9ee55a40d0d1a0c3c343bcef70ad9a0a9cb421f0fa?s=96&d=mm&r=g","url":"https:\/\/secure.gravatar.com\/avatar\/a29bad30ab19883c48927f9ee55a40d0d1a0c3c343bcef70ad9a0a9cb421f0fa?s=96&d=mm&r=g","contentUrl":"https:\/\/secure.gravatar.com\/avatar\/a29bad30ab19883c48927f9ee55a40d0d1a0c3c343bcef70ad9a0a9cb421f0fa?s=96&d=mm&r=g","caption":"admin"},"sameAs":["http:\/\/vengria.info"],"url":"https:\/\/vengria.info\/?author=1"}]}},"_links":{"self":[{"href":"https:\/\/vengria.info\/index.php?rest_route=\/wp\/v2\/posts\/11378","targetHints":{"allow":["GET"]}}],"collection":[{"href":"https:\/\/vengria.info\/index.php?rest_route=\/wp\/v2\/posts"}],"about":[{"href":"https:\/\/vengria.info\/index.php?rest_route=\/wp\/v2\/types\/post"}],"author":[{"embeddable":true,"href":"https:\/\/vengria.info\/index.php?rest_route=\/wp\/v2\/users\/1"}],"replies":[{"embeddable":true,"href":"https:\/\/vengria.info\/index.php?rest_route=%2Fwp%2Fv2%2Fcomments&post=11378"}],"version-history":[{"count":1,"href":"https:\/\/vengria.info\/index.php?rest_route=\/wp\/v2\/posts\/11378\/revisions"}],"predecessor-version":[{"id":11379,"href":"https:\/\/vengria.info\/index.php?rest_route=\/wp\/v2\/posts\/11378\/revisions\/11379"}],"wp:featuredmedia":[{"embeddable":true,"href":"https:\/\/vengria.info\/index.php?rest_route=\/wp\/v2\/media\/11370"}],"wp:attachment":[{"href":"https:\/\/vengria.info\/index.php?rest_route=%2Fwp%2Fv2%2Fmedia&parent=11378"}],"wp:term":[{"taxonomy":"category","embeddable":true,"href":"https:\/\/vengria.info\/index.php?rest_route=%2Fwp%2Fv2%2Fcategories&post=11378"},{"taxonomy":"post_tag","embeddable":true,"href":"https:\/\/vengria.info\/index.php?rest_route=%2Fwp%2Fv2%2Ftags&post=11378"}],"curies":[{"name":"wp","href":"https:\/\/api.w.org\/{rel}","templated":true}]}}