{"id":11368,"date":"2026-05-01T17:45:02","date_gmt":"2026-05-01T17:45:02","guid":{"rendered":"https:\/\/vengria.info\/?p=11368"},"modified":"2026-05-01T17:45:04","modified_gmt":"2026-05-01T17:45:04","slug":"minden-reggel-fel-5-kor-katonai-pontossaggal-megszolalt-az-ebreszto-a-lakas-csendjeben","status":"publish","type":"post","link":"https:\/\/vengria.info\/?p=11368","title":{"rendered":"Minden reggel f\u00e9l 5-kor katonai pontoss\u00e1ggal megsz\u00f3lalt az \u00e9breszt\u0151 a lak\u00e1s csendj\u00e9ben."},"content":{"rendered":"\n<p>Madeline Carter mindig a m\u00e1sodik hangjelz\u00e9s el\u0151tt fel\u00e9bredt. A szok\u00e1s m\u00e1r r\u00e9gen felv\u00e1ltotta a pihen\u00e9st. \u00c1tny\u00falt a padl\u00f3n, eln\u00e9m\u00edtotta az \u00f3r\u00e1t, \u00e9s egy pillanatig mozdulatlanul maradt, hallgatva a mellette l\u00e9v\u0151 l\u00e9legzetv\u00e9telt.<\/p>\n\n\n\n<p>A l\u00e1nya aludt.<\/p>\n\n\n\n<p>A k\u00e9t\u00e9ves Nora r\u00e9tegnyi takar\u00f3kba burkol\u00f3zva fek\u00fcdt egy v\u00e9kony matracon, a falhoz szor\u00edtva. G\u00f6nd\u00f6r f\u00fcrtjei izzads\u00e1gt\u00f3l nedvesek voltak. Egyik apr\u00f3 keze m\u00e9g \u00e1lm\u00e1ban is az anyja fel\u00e9 ny\u00falt, mintha a f\u00e9lelemt\u0151l val\u00f3 t\u00e1vols\u00e1g egyik napr\u00f3l a m\u00e1sikra n\u00f6vekedhetne.<\/p>\n\n\n\n<p>A lak\u00e1sban fagyos volt. A f\u0171t\u00e9s hetekkel kor\u00e1bban meghib\u00e1sodott. A f\u0151b\u00e9rl\u0151 figyelmen k\u00edv\u00fcl hagyta az \u00fczeneteket, majd teljesen abbahagyta a v\u00e1laszad\u00e1st. Hideg sziv\u00e1rgott be az ablakokon, a padl\u00f3deszk\u00e1kon, magukon a falakon kereszt\u00fcl.<\/p>\n\n\n\n<p>Madeline gyorsan fel\u00f6lt\u00f6z\u00f6tt a szobal\u00e1ny egyenruh\u00e1j\u00e1ba, merev ujjakkal begombolta a kifakult bl\u00fazt. H\u00e1trak\u00f6t\u00f6tte a haj\u00e1t, vizet fr\u00f6csk\u00f6lt az arc\u00e1ba, \u00e9s felk\u00e9sz\u00fclt egy \u00fajabb tizenk\u00e9t \u00f3r\u00e1s m\u0171szakra, amelyben egy olyan vil\u00e1got takar\u00edt, amelyhez soha nem fog tartozni.<\/p>\n\n\n\n<p>Azt\u00e1n rezegni kezdett a telefonja.<\/p>\n\n\n\n<p>A b\u00f6lcs\u0151de.<\/p>\n\n\n\n<p>\u00d6sszeszorult a mellkasa, miel\u0151tt v\u00e1laszolt volna.<\/p>\n\n\n\n<p>\u2013 Mrs. Carter \u2013 mondta a gondnok, pr\u00f3b\u00e1lva nyugodtnak t\u0171nni. \u2013 Nor\u00e1nak magas l\u00e1za van. \u00c9jf\u00e9l \u00f3ta k\u00f6h\u00f6g. Most kell j\u00f6nnie.<\/p>\n\n\n\n<p>Madeline becsukta a szem\u00e9t.<\/p>\n\n\n\n<p>\u2013 Most kezdtem a m\u0171szakomat \u2013 suttogta. \u2013 Meg tudn\u00e1 tartani egy kicsit?<\/p>\n\n\n\n<p>Sz\u00fcnet.<\/p>\n\n\n\n<p>Azt\u00e1n megszakadt a vonal.<\/p>\n\n\n\n<p>H\u00fasz perccel k\u00e9s\u0151bb m\u00e1r rohant be a b\u00f6lcs\u0151de ajtaj\u00e1n.<\/p>\n\n\n\n<p>Nora arca v\u00f6r\u00f6s volt. A teste \u00e1t\u00e9gette a ruh\u00e1it. Gyeng\u00e9n ny\u00fcsz\u00edtett, mik\u00f6zben Madeline felemelte.<\/p>\n\n\n\n<p>Vissza a lak\u00e1sban Madeline gy\u00f3gyszert keresett a fi\u00f3kokban.<\/p>\n\n\n\n<p>Semmi.<\/p>\n\n\n\n<figure class=\"wp-block-image size-full is-resized\"><img loading=\"lazy\" decoding=\"async\" width=\"462\" height=\"620\" src=\"https:\/\/vengria.info\/wp-content\/uploads\/2026\/05\/a3dsafishkbxnm-z.png\" alt=\"\" class=\"wp-image-11371\" style=\"width:747px;height:auto\" srcset=\"https:\/\/vengria.info\/wp-content\/uploads\/2026\/05\/a3dsafishkbxnm-z.png 462w, https:\/\/vengria.info\/wp-content\/uploads\/2026\/05\/a3dsafishkbxnm-z-224x300.png 224w\" sizes=\"auto, (max-width: 462px) 100vw, 462px\" \/><\/figure>\n\n\n\n<p>Az utols\u00f3 \u00fcveget napokkal ezel\u0151tt ki\u00fcr\u00edtett\u00e9k.<\/p>\n\n\n\n<p>Szorosabban f\u0171zte Nor\u00e1t mag\u00e1hoz, mag\u00e1hoz \u00f6lelte, \u00e9s pr\u00f3b\u00e1lt nem p\u00e1nikba esni.<\/p>\n\n\n\n<p>Azt\u00e1n \u00fajra megsz\u00f3lalt a telefonja.<\/p>\n\n\n\n<p>A f\u0151n\u00f6ke.<\/p>\n\n\n\n<p>\u2013 Hol van? \u2013 vakkantotta. \u201eFontos vend\u00e9g \u00e9rkezik a clevelandi mag\u00e1nbirtokba. Ha egy \u00f3r\u00e1n bel\u00fcl nem vagy itt, ne is f\u00e1radts azzal, hogy visszaj\u00f6ssz.\u201d<\/p>\n\n\n\n<p>Madeline a gyermek\u00e9re meredt.<\/p>\n\n\n\n<p>Munka n\u00e9lk\u00fcl nem lenne lakb\u00e9r. Nem lenne \u00e9tel. Nem lenne gy\u00f3gyszer. Semmi es\u00e9ly.<\/p>\n\n\n\n<p>A munk\u00e1val azt kellene tennie, amit egyetlen anya sem akar.<\/p>\n\n\n\n<p>K\u00f6lcs\u00f6nk\u00e9rt gyerekeknek val\u00f3 l\u00e1zcsillap\u00edt\u00f3t a szomsz\u00e9dj\u00e1t\u00f3l, pelenk\u00e1kat \u00e9s t\u00f6rl\u0151kend\u0151ket csomagolt egy szakadt t\u00e1sk\u00e1ba, Nor\u00e1t egy r\u00e9gi babakocsiba \u00fcltette, \u00e9s kil\u00e9pett a keser\u0171 reggelbe.<\/p>\n\n\n\n<p>\u201eMaradj velem, kicsim\u201d \u2013 suttogta. \u201eCsak maradj velem.\u201d<\/p>\n\n\n\n<p>A c\u00edm egy kapuval ell\u00e1tott ingatlanra vezetett, amihez foghat\u00f3t m\u00e9g soha nem l\u00e1tott \u00fajs\u00e1gokon k\u00edv\u00fcl.<\/p>\n\n\n\n<p>Magas vaskapuk hangtalanul ny\u00edltak ki.<\/p>\n\n\n\n<p>M\u00f6g\u00f6tt\u00fck egy hatalmas k\u0151kast\u00e9ly \u00e1llt, amelyet gondozott kertek, sz\u00f6k\u0151kutak \u00e9s csupasz t\u00e9li f\u00e1k szeg\u00e9lyeztek. A kocsifelhajt\u00f3 \u00fagy kanyarodott, mint egy mag\u00e1n\u00fat. Minden a helyen egy olyan r\u00e9gi p\u00e9nzre utalt, amelynek m\u00e1r nem kellett volna hirdetnie mag\u00e1t.<\/p>\n\n\n\n<p>Odabent a csend megd\u00f6bbent\u0151 volt.<\/p>\n\n\n\n<p>M\u00e1rv\u00e1nypadl\u00f3. Boltozatos mennyezet. Csill\u00e1rok l\u00f3gtak, mint a befagyott v\u00edzes\u00e9sek. Festm\u00e9nyek, amelyek nagyobbak voltak, mint a lak\u00e1s falai. Se j\u00e1t\u00e9k, se f\u00e9nyk\u00e9p, se h\u00e9tk\u00f6znapi \u00e9let jele.<\/p>\n\n\n\n<p>Csak gazdags\u00e1g.<\/p>\n\n\n\n<p>\u00c9s \u00fcress\u00e9g.<\/p>\n\n\n\n<p>Nora gyeng\u00e9n k\u00f6hintett a babakocsiban.<\/p>\n\n\n\n<p>Madeline gyorsan \u00e1tment a folyos\u00f3kon, m\u00edgnem tal\u00e1lt egy mag\u00e1nirod\u00e1t az emeleten. Egy kis radi\u00e1tor z\u00fcmm\u00f6g\u00f6tt egy b\u0151rkanap\u00e9 mellett.<\/p>\n\n\n\n<p>Melegs\u00e9g.<\/p>\n\n\n\n<p>Gyeng\u00e9den lefektette Nor\u00e1t a kanap\u00e9ra, takar\u00f3kat ter\u00edtett k\u00f6r\u00e9, gy\u00f3gyszert adott neki, \u00e9s megcs\u00f3kolta a homlok\u00e1t.<\/p>\n\n\n\n<p>\u201eMindj\u00e1rt kint leszek\u201d \u2013 suttogta.<\/p>\n\n\n\n<p>A gyerek szeme riadtan lecsuk\u00f3dott.<\/p>\n\n\n\n<p>Madeline majdnem becsukta az ajt\u00f3t, \u00e9s takar\u00edtani kezdett.<\/p>\n\n\n\n<p>Les\u00f6p\u00f6rte a konyhapultokat, amelyeken soha nem volt \u00e9tel. Leporolta a l\u00e9pcs\u0151korl\u00e1tokat, amelyeken egyetlen gyerek sem cs\u00faszott le. Kiporsz\u00edv\u00f3zta a sz\u0151nyegeket, amelyek t\u00f6bbet \u00e9rtek, mint az \u00e9ves fizet\u00e9se. Minden szoba ugyanazt az \u00e9rz\u00e9st er\u0151s\u00edtette: senki sem lakik itt igaz\u00e1n.<\/p>\n\n\n\n<p>\u00d3r\u00e1k teltek el.<\/p>\n\n\n\n<p>V\u00e9g\u00fcl visszament az emeletre, hogy befejezze az irod\u00e1t.<\/p>\n\n\n\n<p>Kinyitotta az ajt\u00f3t.<\/p>\n\n\n\n<p>\u00c9s megdermedt.<\/p>\n\n\n\n<p>A birtok milli\u00e1rdos tulajdonosa egy sz\u00e9ken \u00fclt a kanap\u00e9 mellett.<\/p>\n\n\n\n<p>Hangtalanul \u00e9rkezett.<\/p>\n\n\n\n<p>Magas, \u0151sz haj\u00fa, kifog\u00e1stalanul \u00f6lt\u00f6z\u00f6tt, tal\u00e1n a hatvanas \u00e9vei elej\u00e9n j\u00e1rt. Az a fajta f\u00e9rfi, akit az \u00fajs\u00e1gok vizion\u00e1riusnak, k\u00f6ny\u00f6rtelennek, \u00e9rinthetetlennek \u00edrtak le.<\/p>\n\n\n\n<p>De mindez nem illett az el\u0151tte l\u00e9v\u0151 jelenethez.<\/p>\n\n\n\n<p>Dr\u00e1ga zak\u00f3j\u00e1t levett\u00e9k, \u00e9s Nor\u00e1ra hajtogatt\u00e1k, mint egy plusz takar\u00f3t.<\/p>\n\n\n\n<p>Egyik nagy keze k\u00f6nnyed\u00e9n a gyermek h\u00e1t\u00e1n pihent, ritmust tartva a l\u00e9gz\u00e9s\u00e9vel.<\/p>\n\n\n\n<p>A m\u00e1sikban egy apr\u00f3 m\u0171anyag j\u00e1t\u00e9kkacs\u00e1t tartott, amit Madeline a babakocsiba csomagolt.<\/p>\n\n\n\n<p>Lassan feln\u00e9zett.<\/p>\n\n\n\n<p>Madeline tork\u00e1t \u00f6sszeszor\u00edtotta.<\/p>\n\n\n\n<p>\u201eNagyon sajn\u00e1lom\u201d \u2013 fakadt ki. \u201eK\u00e9rlek, ne r\u00fagj ki. Nem volt senkim. Beteg volt. Nem tudtam, mit tehetn\u00e9k.\u201d<\/p>\n\n\n\n<p>Hossz\u00fa m\u00e1sodpercekig tanulm\u00e1nyozta.<\/p>\n\n\n\n<p>Azt\u00e1n halkan megsz\u00f3lalt:<\/p>\n\n\n\n<p>\u201eT\u00fcd\u0151gyullad\u00e1si t\u00fcnetei vannak.\u201d<\/p>\n\n\n\n<p>Madeline pislogott.<\/p>\n\n\n\n<p>\u201eFelh\u00edvtam az orvosomat. Lent van.\u201d<\/p>\n\n\n\n<p>Nem tudott besz\u00e9lni.<\/p>\n\n\n\n<p>A f\u00e9rfi \u00f3vatosan \u00e1llt, nehogy fel\u00e9bressze a gyereket.<\/p>\n\n\n\n<p>\u201eAmikor hat\u00e9ves voltam\u201d \u2013 mondta, tov\u00e1bbra is Nor\u00e1ra n\u00e9zve \u2013, \u201eany\u00e1m takar\u00edtott. Egyszer elvitt dolgozni, mert beteg voltam. A tulajdonos arra k\u00e9nyszer\u00edtette, hogy kint hagyjon a h\u00f3ban.\u201d<\/p>\n\n\n\n<p>Fesz\u00fclt az \u00e1lla.<\/p>\n\n\n\n<p>\u201e\u00dagyis elvesztette az \u00e1ll\u00e1s\u00e1t.\u201d<\/p>\n\n\n\n<p>Madeline b\u00e1mult.<\/p>\n\n\n\n<p>Err\u0151l soha egyetlen cikk sem besz\u00e9lt. Egy interj\u00fa sem. Egy \u00e9letrajz sem.<\/p>\n\n\n\n<p>Teljesen fel\u00e9 fordult.<\/p>\n\n\n\n<p>\u201eA nevem lehet\u2026\u201d<\/p>\n","protected":false},"excerpt":{"rendered":"Madeline Carter mindig a m\u00e1sodik hangjelz\u00e9s el\u0151tt fel\u00e9bredt. A szok\u00e1s m\u00e1r r\u00e9gen felv\u00e1ltotta a pihen\u00e9st. \u00c1tny\u00falt a padl\u00f3n, eln\u00e9m\u00edtotta az \u00f3r\u00e1t, \u00e9s egy \n<a class=\"moretag\" href=\"https:\/\/vengria.info\/?p=11368\"> [...]<\/a>","protected":false},"author":1,"featured_media":11371,"comment_status":"open","ping_status":"open","sticky":false,"template":"","format":"standard","meta":{"footnotes":""},"categories":[1,2],"tags":[],"class_list":["post-11368","post","type-post","status-publish","format-standard","has-post-thumbnail","hentry","category-news","category-video"],"yoast_head":"<!-- This site is optimized with the Yoast SEO plugin v27.3 - https:\/\/yoast.com\/product\/yoast-seo-wordpress\/ -->\n<title>Minden reggel f\u00e9l 5-kor katonai pontoss\u00e1ggal megsz\u00f3lalt az \u00e9breszt\u0151 a lak\u00e1s csendj\u00e9ben. -<\/title>\n<meta name=\"robots\" content=\"index, follow, max-snippet:-1, max-image-preview:large, max-video-preview:-1\" \/>\n<link rel=\"canonical\" href=\"https:\/\/vengria.info\/?p=11368\" \/>\n<meta property=\"og:locale\" content=\"en_US\" \/>\n<meta property=\"og:type\" content=\"article\" \/>\n<meta property=\"og:title\" content=\"Minden reggel f\u00e9l 5-kor katonai pontoss\u00e1ggal megsz\u00f3lalt az \u00e9breszt\u0151 a lak\u00e1s csendj\u00e9ben. -\" \/>\n<meta property=\"og:description\" content=\"Madeline Carter mindig a m\u00e1sodik hangjelz\u00e9s el\u0151tt fel\u00e9bredt. A szok\u00e1s m\u00e1r r\u00e9gen felv\u00e1ltotta a pihen\u00e9st. \u00c1tny\u00falt a padl\u00f3n, eln\u00e9m\u00edtotta az \u00f3r\u00e1t, \u00e9s egy\" \/>\n<meta property=\"og:url\" content=\"https:\/\/vengria.info\/?p=11368\" \/>\n<meta property=\"article:published_time\" content=\"2026-05-01T17:45:02+00:00\" \/>\n<meta property=\"article:modified_time\" content=\"2026-05-01T17:45:04+00:00\" \/>\n<meta property=\"og:image\" content=\"https:\/\/vengria.info\/wp-content\/uploads\/2026\/05\/a3dsafishkbxnm-z.png\" \/>\n\t<meta property=\"og:image:width\" content=\"462\" \/>\n\t<meta property=\"og:image:height\" content=\"620\" \/>\n\t<meta property=\"og:image:type\" content=\"image\/png\" \/>\n<meta name=\"author\" content=\"admin\" \/>\n<meta name=\"twitter:card\" content=\"summary_large_image\" \/>\n<meta name=\"twitter:label1\" content=\"Written by\" \/>\n\t<meta name=\"twitter:data1\" content=\"admin\" \/>\n\t<meta name=\"twitter:label2\" content=\"Est. reading time\" \/>\n\t<meta name=\"twitter:data2\" content=\"4 minutes\" \/>\n<script type=\"application\/ld+json\" class=\"yoast-schema-graph\">{\"@context\":\"https:\\\/\\\/schema.org\",\"@graph\":[{\"@type\":\"Article\",\"@id\":\"https:\\\/\\\/vengria.info\\\/?p=11368#article\",\"isPartOf\":{\"@id\":\"https:\\\/\\\/vengria.info\\\/?p=11368\"},\"author\":{\"name\":\"admin\",\"@id\":\"https:\\\/\\\/vengria.info\\\/#\\\/schema\\\/person\\\/b815b04a6b1fb36a2d064955a92f68d4\"},\"headline\":\"Minden reggel f\u00e9l 5-kor katonai pontoss\u00e1ggal megsz\u00f3lalt az \u00e9breszt\u0151 a lak\u00e1s csendj\u00e9ben.\",\"datePublished\":\"2026-05-01T17:45:02+00:00\",\"dateModified\":\"2026-05-01T17:45:04+00:00\",\"mainEntityOfPage\":{\"@id\":\"https:\\\/\\\/vengria.info\\\/?p=11368\"},\"wordCount\":1035,\"commentCount\":0,\"image\":{\"@id\":\"https:\\\/\\\/vengria.info\\\/?p=11368#primaryimage\"},\"thumbnailUrl\":\"https:\\\/\\\/vengria.info\\\/wp-content\\\/uploads\\\/2026\\\/05\\\/a3dsafishkbxnm-z.png\",\"articleSection\":[\"NEWS\",\"VIDEO\"],\"inLanguage\":\"en-US\",\"potentialAction\":[{\"@type\":\"CommentAction\",\"name\":\"Comment\",\"target\":[\"https:\\\/\\\/vengria.info\\\/?p=11368#respond\"]}]},{\"@type\":\"WebPage\",\"@id\":\"https:\\\/\\\/vengria.info\\\/?p=11368\",\"url\":\"https:\\\/\\\/vengria.info\\\/?p=11368\",\"name\":\"Minden reggel f\u00e9l 5-kor katonai pontoss\u00e1ggal megsz\u00f3lalt az \u00e9breszt\u0151 a lak\u00e1s csendj\u00e9ben. -\",\"isPartOf\":{\"@id\":\"https:\\\/\\\/vengria.info\\\/#website\"},\"primaryImageOfPage\":{\"@id\":\"https:\\\/\\\/vengria.info\\\/?p=11368#primaryimage\"},\"image\":{\"@id\":\"https:\\\/\\\/vengria.info\\\/?p=11368#primaryimage\"},\"thumbnailUrl\":\"https:\\\/\\\/vengria.info\\\/wp-content\\\/uploads\\\/2026\\\/05\\\/a3dsafishkbxnm-z.png\",\"datePublished\":\"2026-05-01T17:45:02+00:00\",\"dateModified\":\"2026-05-01T17:45:04+00:00\",\"author\":{\"@id\":\"https:\\\/\\\/vengria.info\\\/#\\\/schema\\\/person\\\/b815b04a6b1fb36a2d064955a92f68d4\"},\"breadcrumb\":{\"@id\":\"https:\\\/\\\/vengria.info\\\/?p=11368#breadcrumb\"},\"inLanguage\":\"en-US\",\"potentialAction\":[{\"@type\":\"ReadAction\",\"target\":[\"https:\\\/\\\/vengria.info\\\/?p=11368\"]}]},{\"@type\":\"ImageObject\",\"inLanguage\":\"en-US\",\"@id\":\"https:\\\/\\\/vengria.info\\\/?p=11368#primaryimage\",\"url\":\"https:\\\/\\\/vengria.info\\\/wp-content\\\/uploads\\\/2026\\\/05\\\/a3dsafishkbxnm-z.png\",\"contentUrl\":\"https:\\\/\\\/vengria.info\\\/wp-content\\\/uploads\\\/2026\\\/05\\\/a3dsafishkbxnm-z.png\",\"width\":462,\"height\":620},{\"@type\":\"BreadcrumbList\",\"@id\":\"https:\\\/\\\/vengria.info\\\/?p=11368#breadcrumb\",\"itemListElement\":[{\"@type\":\"ListItem\",\"position\":1,\"name\":\"Home\",\"item\":\"https:\\\/\\\/vengria.info\\\/\"},{\"@type\":\"ListItem\",\"position\":2,\"name\":\"Minden reggel f\u00e9l 5-kor katonai pontoss\u00e1ggal megsz\u00f3lalt az \u00e9breszt\u0151 a lak\u00e1s csendj\u00e9ben.\"}]},{\"@type\":\"WebSite\",\"@id\":\"https:\\\/\\\/vengria.info\\\/#website\",\"url\":\"https:\\\/\\\/vengria.info\\\/\",\"name\":\"\",\"description\":\"\",\"potentialAction\":[{\"@type\":\"SearchAction\",\"target\":{\"@type\":\"EntryPoint\",\"urlTemplate\":\"https:\\\/\\\/vengria.info\\\/?s={search_term_string}\"},\"query-input\":{\"@type\":\"PropertyValueSpecification\",\"valueRequired\":true,\"valueName\":\"search_term_string\"}}],\"inLanguage\":\"en-US\"},{\"@type\":\"Person\",\"@id\":\"https:\\\/\\\/vengria.info\\\/#\\\/schema\\\/person\\\/b815b04a6b1fb36a2d064955a92f68d4\",\"name\":\"admin\",\"image\":{\"@type\":\"ImageObject\",\"inLanguage\":\"en-US\",\"@id\":\"https:\\\/\\\/secure.gravatar.com\\\/avatar\\\/a29bad30ab19883c48927f9ee55a40d0d1a0c3c343bcef70ad9a0a9cb421f0fa?s=96&d=mm&r=g\",\"url\":\"https:\\\/\\\/secure.gravatar.com\\\/avatar\\\/a29bad30ab19883c48927f9ee55a40d0d1a0c3c343bcef70ad9a0a9cb421f0fa?s=96&d=mm&r=g\",\"contentUrl\":\"https:\\\/\\\/secure.gravatar.com\\\/avatar\\\/a29bad30ab19883c48927f9ee55a40d0d1a0c3c343bcef70ad9a0a9cb421f0fa?s=96&d=mm&r=g\",\"caption\":\"admin\"},\"sameAs\":[\"http:\\\/\\\/vengria.info\"],\"url\":\"https:\\\/\\\/vengria.info\\\/?author=1\"}]}<\/script>\n<!-- \/ Yoast SEO plugin. -->","yoast_head_json":{"title":"Minden reggel f\u00e9l 5-kor katonai pontoss\u00e1ggal megsz\u00f3lalt az \u00e9breszt\u0151 a lak\u00e1s csendj\u00e9ben. -","robots":{"index":"index","follow":"follow","max-snippet":"max-snippet:-1","max-image-preview":"max-image-preview:large","max-video-preview":"max-video-preview:-1"},"canonical":"https:\/\/vengria.info\/?p=11368","og_locale":"en_US","og_type":"article","og_title":"Minden reggel f\u00e9l 5-kor katonai pontoss\u00e1ggal megsz\u00f3lalt az \u00e9breszt\u0151 a lak\u00e1s csendj\u00e9ben. -","og_description":"Madeline Carter mindig a m\u00e1sodik hangjelz\u00e9s el\u0151tt fel\u00e9bredt. A szok\u00e1s m\u00e1r r\u00e9gen felv\u00e1ltotta a pihen\u00e9st. \u00c1tny\u00falt a padl\u00f3n, eln\u00e9m\u00edtotta az \u00f3r\u00e1t, \u00e9s egy","og_url":"https:\/\/vengria.info\/?p=11368","article_published_time":"2026-05-01T17:45:02+00:00","article_modified_time":"2026-05-01T17:45:04+00:00","og_image":[{"width":462,"height":620,"url":"https:\/\/vengria.info\/wp-content\/uploads\/2026\/05\/a3dsafishkbxnm-z.png","type":"image\/png"}],"author":"admin","twitter_card":"summary_large_image","twitter_misc":{"Written by":"admin","Est. reading time":"4 minutes"},"schema":{"@context":"https:\/\/schema.org","@graph":[{"@type":"Article","@id":"https:\/\/vengria.info\/?p=11368#article","isPartOf":{"@id":"https:\/\/vengria.info\/?p=11368"},"author":{"name":"admin","@id":"https:\/\/vengria.info\/#\/schema\/person\/b815b04a6b1fb36a2d064955a92f68d4"},"headline":"Minden reggel f\u00e9l 5-kor katonai pontoss\u00e1ggal megsz\u00f3lalt az \u00e9breszt\u0151 a lak\u00e1s csendj\u00e9ben.","datePublished":"2026-05-01T17:45:02+00:00","dateModified":"2026-05-01T17:45:04+00:00","mainEntityOfPage":{"@id":"https:\/\/vengria.info\/?p=11368"},"wordCount":1035,"commentCount":0,"image":{"@id":"https:\/\/vengria.info\/?p=11368#primaryimage"},"thumbnailUrl":"https:\/\/vengria.info\/wp-content\/uploads\/2026\/05\/a3dsafishkbxnm-z.png","articleSection":["NEWS","VIDEO"],"inLanguage":"en-US","potentialAction":[{"@type":"CommentAction","name":"Comment","target":["https:\/\/vengria.info\/?p=11368#respond"]}]},{"@type":"WebPage","@id":"https:\/\/vengria.info\/?p=11368","url":"https:\/\/vengria.info\/?p=11368","name":"Minden reggel f\u00e9l 5-kor katonai pontoss\u00e1ggal megsz\u00f3lalt az \u00e9breszt\u0151 a lak\u00e1s csendj\u00e9ben. -","isPartOf":{"@id":"https:\/\/vengria.info\/#website"},"primaryImageOfPage":{"@id":"https:\/\/vengria.info\/?p=11368#primaryimage"},"image":{"@id":"https:\/\/vengria.info\/?p=11368#primaryimage"},"thumbnailUrl":"https:\/\/vengria.info\/wp-content\/uploads\/2026\/05\/a3dsafishkbxnm-z.png","datePublished":"2026-05-01T17:45:02+00:00","dateModified":"2026-05-01T17:45:04+00:00","author":{"@id":"https:\/\/vengria.info\/#\/schema\/person\/b815b04a6b1fb36a2d064955a92f68d4"},"breadcrumb":{"@id":"https:\/\/vengria.info\/?p=11368#breadcrumb"},"inLanguage":"en-US","potentialAction":[{"@type":"ReadAction","target":["https:\/\/vengria.info\/?p=11368"]}]},{"@type":"ImageObject","inLanguage":"en-US","@id":"https:\/\/vengria.info\/?p=11368#primaryimage","url":"https:\/\/vengria.info\/wp-content\/uploads\/2026\/05\/a3dsafishkbxnm-z.png","contentUrl":"https:\/\/vengria.info\/wp-content\/uploads\/2026\/05\/a3dsafishkbxnm-z.png","width":462,"height":620},{"@type":"BreadcrumbList","@id":"https:\/\/vengria.info\/?p=11368#breadcrumb","itemListElement":[{"@type":"ListItem","position":1,"name":"Home","item":"https:\/\/vengria.info\/"},{"@type":"ListItem","position":2,"name":"Minden reggel f\u00e9l 5-kor katonai pontoss\u00e1ggal megsz\u00f3lalt az \u00e9breszt\u0151 a lak\u00e1s csendj\u00e9ben."}]},{"@type":"WebSite","@id":"https:\/\/vengria.info\/#website","url":"https:\/\/vengria.info\/","name":"","description":"","potentialAction":[{"@type":"SearchAction","target":{"@type":"EntryPoint","urlTemplate":"https:\/\/vengria.info\/?s={search_term_string}"},"query-input":{"@type":"PropertyValueSpecification","valueRequired":true,"valueName":"search_term_string"}}],"inLanguage":"en-US"},{"@type":"Person","@id":"https:\/\/vengria.info\/#\/schema\/person\/b815b04a6b1fb36a2d064955a92f68d4","name":"admin","image":{"@type":"ImageObject","inLanguage":"en-US","@id":"https:\/\/secure.gravatar.com\/avatar\/a29bad30ab19883c48927f9ee55a40d0d1a0c3c343bcef70ad9a0a9cb421f0fa?s=96&d=mm&r=g","url":"https:\/\/secure.gravatar.com\/avatar\/a29bad30ab19883c48927f9ee55a40d0d1a0c3c343bcef70ad9a0a9cb421f0fa?s=96&d=mm&r=g","contentUrl":"https:\/\/secure.gravatar.com\/avatar\/a29bad30ab19883c48927f9ee55a40d0d1a0c3c343bcef70ad9a0a9cb421f0fa?s=96&d=mm&r=g","caption":"admin"},"sameAs":["http:\/\/vengria.info"],"url":"https:\/\/vengria.info\/?author=1"}]}},"_links":{"self":[{"href":"https:\/\/vengria.info\/index.php?rest_route=\/wp\/v2\/posts\/11368","targetHints":{"allow":["GET"]}}],"collection":[{"href":"https:\/\/vengria.info\/index.php?rest_route=\/wp\/v2\/posts"}],"about":[{"href":"https:\/\/vengria.info\/index.php?rest_route=\/wp\/v2\/types\/post"}],"author":[{"embeddable":true,"href":"https:\/\/vengria.info\/index.php?rest_route=\/wp\/v2\/users\/1"}],"replies":[{"embeddable":true,"href":"https:\/\/vengria.info\/index.php?rest_route=%2Fwp%2Fv2%2Fcomments&post=11368"}],"version-history":[{"count":1,"href":"https:\/\/vengria.info\/index.php?rest_route=\/wp\/v2\/posts\/11368\/revisions"}],"predecessor-version":[{"id":11374,"href":"https:\/\/vengria.info\/index.php?rest_route=\/wp\/v2\/posts\/11368\/revisions\/11374"}],"wp:featuredmedia":[{"embeddable":true,"href":"https:\/\/vengria.info\/index.php?rest_route=\/wp\/v2\/media\/11371"}],"wp:attachment":[{"href":"https:\/\/vengria.info\/index.php?rest_route=%2Fwp%2Fv2%2Fmedia&parent=11368"}],"wp:term":[{"taxonomy":"category","embeddable":true,"href":"https:\/\/vengria.info\/index.php?rest_route=%2Fwp%2Fv2%2Fcategories&post=11368"},{"taxonomy":"post_tag","embeddable":true,"href":"https:\/\/vengria.info\/index.php?rest_route=%2Fwp%2Fv2%2Ftags&post=11368"}],"curies":[{"name":"wp","href":"https:\/\/api.w.org\/{rel}","templated":true}]}}