{"id":11359,"date":"2026-05-01T17:39:48","date_gmt":"2026-05-01T17:39:48","guid":{"rendered":"https:\/\/vengria.info\/?p=11359"},"modified":"2026-05-01T17:39:49","modified_gmt":"2026-05-01T17:39:49","slug":"pred-tremi-lety-jsem-pohrbila-svou-jedinou-dceru","status":"publish","type":"post","link":"https:\/\/vengria.info\/?p=11359","title":{"rendered":"P\u0159ed t\u0159emi lety jsem poh\u0159bila svou jedinou dceru."},"content":{"rendered":"\n<p>Lid\u00e9 \u0159\u00edkaj\u00ed, \u017ee smutek \u010dasem zm\u011bkne. L\u017eou. Nezm\u011bkne. M\u011bn\u00ed tvar. Nau\u010d\u00ed se, kde se schovat. N\u011bkdy r\u00e1no \u010dek\u00e1 v kuchyni vedle pr\u00e1zdn\u00e9 \u017eidle. N\u011bkdy ve\u010der ti\u0161e sed\u00ed na konci chodby. N\u011bkdy se objev\u00ed v zrcadlech, ve star\u00fdch flakonech od parf\u00e9mu, ve svetru, kter\u00fd st\u00e1le vis\u00ed ve sk\u0159\u00edni, kterou nikdo neotv\u00edr\u00e1.<\/p>\n\n\n\n<p>Po poh\u0159bu se m\u016fj d\u016fm stal p\u0159\u00edli\u0161 velk\u00fdm. Ka\u017ed\u00fd pokoj se oz\u00fdval nep\u0159\u00edtomnost\u00ed. P\u0159estala jsem zv\u00e1t hosty. P\u0159estala jsem va\u0159it skute\u010dn\u00e1 j\u00eddla. P\u0159estala jsem poslouchat hudbu, proto\u017ee moje dcera zp\u00edvala p\u0159i myt\u00ed n\u00e1dob\u00ed, a ticho se stalo snaz\u0161\u00edm ne\u017e vzpom\u00edn\u00e1n\u00ed.<\/p>\n\n\n\n<p>Tak jsem si dny napl\u0148ovala zdvo\u0159il\u00fdmi rozpt\u00fdlen\u00edmi. Charitativn\u00ed galave\u010dery. Vernis\u00e1\u017ee muze\u00ed. Zahradnick\u00e9 spolky. M\u00edsta, kde se v\u0161ichni opatrn\u011b usm\u00edvali a nikdo se neptal na skute\u010dn\u00e9 ot\u00e1zky.<\/p>\n\n\n\n<p>To odpoledne jsem se vracela z um\u011bleck\u00e9 v\u00fdstavy, kdy\u017e jsem ji uvid\u011bla.<\/p>\n\n\n\n<p>Sed\u011bla na chodn\u00edku u zdi l\u00e9k\u00e1rny a dr\u017eela d\u00edt\u011b v kl\u00edn\u011b. \u017dena vypadala vy\u010derpan\u011b tak, jak se jev\u00ed jen opravdov\u00e9 vy\u010derp\u00e1n\u00ed \u2013 za hranicemi \u00fanavy, za hranicemi sp\u00e1nku. Jej\u00ed kab\u00e1t byl tenk\u00fd. Jej\u00ed ruce byly rud\u00e9 od zimy. Ale d\u00edt\u011b bylo \u010dist\u00e9, tepl\u00e9, \u00fahledn\u011b oble\u010den\u00e9, vlasy u\u010desan\u00e9.<\/p>\n\n\n\n<p>Ten detail m\u011b zas\u00e1hl v\u00edc ne\u017e cokoli jin\u00e9ho.<\/p>\n\n\n\n<p>Lid\u00e9 dok\u00e1\u017eou p\u0159edst\u00edrat utrpen\u00ed. Dok\u00e1\u017eou p\u0159edst\u00edrat bezmoc. Ale zanedb\u00e1v\u00e1n\u00ed a l\u00e1ska zanech\u00e1vaj\u00ed r\u016fzn\u00e9 otisky prst\u016f. A\u0165 u\u017e byla v jak\u00e9mkoli stavu, ve\u0161kerou svou s\u00edlu v\u011bnovala ochran\u011b toho mal\u00e9ho chlapce.<\/p>\n\n\n\n<p>Pak zvedla obli\u010dej.<\/p>\n\n\n\n<p>Na jednu nemo\u017enou vte\u0159inu jsem zapomn\u011bl, jak realita funguje.<\/p>\n\n\n\n<p>Vypadala jako moje dcera.<\/p>\n\n\n\n<p>Ne tak docela. Ne natolik, abych si ji spletl. Ale dost na to, abych zastavil dech. Stejn\u00e9 o\u010di. Stejn\u00e9 zak\u0159iven\u00ed \u010delisti. Stejn\u00fd v\u00fdraz, kter\u00fd m\u011bla, kdy\u017e p\u0159edst\u00edrala, \u017ee je siln\u011bj\u0161\u00ed, ne\u017e se c\u00edtila.<\/p>\n\n\n\n<p>M\u011bl jsem d\u00e1l j\u00edt.<\/p>\n\n\n\n<p>M\u00edsto toho jsem tam st\u00e1l jako hlup\u00e1k, dokud si m\u011b nev\u0161imla a nesklopila zrak.<\/p>\n\n\n\n<p>\u201ePros\u00edm,\u201c za\u0161eptala. \u201eN\u011bco k j\u00eddlu.\u201c<\/p>\n\n\n\n<p>Jej\u00ed hlas byl chraplav\u00fd sp\u00ed\u0161 rozpaky ne\u017e hladem.<\/p>\n\n\n\n<p>Bez p\u0159em\u00fd\u0161len\u00ed jsem s\u00e1hl do kabelky a podal j\u00ed sto dolar\u016f.<\/p>\n\n\n\n<p>Okam\u017eit\u011b se j\u00ed o\u010di roz\u0161\u00ed\u0159ily.<\/p>\n\n\n\n<figure class=\"wp-block-image size-full is-resized\"><img loading=\"lazy\" decoding=\"async\" width=\"499\" height=\"572\" src=\"https:\/\/vengria.info\/wp-content\/uploads\/2026\/05\/a2sdaufybas.png\" alt=\"\" class=\"wp-image-11362\" style=\"width:747px;height:auto\" srcset=\"https:\/\/vengria.info\/wp-content\/uploads\/2026\/05\/a2sdaufybas.png 499w, https:\/\/vengria.info\/wp-content\/uploads\/2026\/05\/a2sdaufybas-262x300.png 262w\" sizes=\"auto, (max-width: 499px) 100vw, 499px\" \/><\/figure>\n\n\n\n<p>\u201eMadam, ne\u2026 tohle si nem\u016f\u017eu vz\u00edt.\u201c<\/p>\n\n\n\n<p>\u201eM\u016f\u017eete,\u201c \u0159ekla jsem. \u201eKv\u016fli va\u0161emu d\u00edt\u011bti.\u201c<\/p>\n\n\n\n<p>Rty se j\u00ed t\u0159\u00e1sly. N\u011bkolikr\u00e1t mi pod\u011bkovala, vzala chlapce do n\u00e1ru\u010de a za\u010dala odch\u00e1zet.<\/p>\n\n\n\n<p>Ale n\u011bco ve mn\u011b se necht\u011blo t\u00e9 chv\u00edle odtrhnout.<\/p>\n\n\n\n<p>Oto\u010dila jsem se zp\u011bt.<\/p>\n\n\n\n<p>\u201eM\u00e1te dnes ve\u010der kde p\u0159espat?\u201c<\/p>\n\n\n\n<p>Zastavila se.<\/p>\n\n\n\n<p>Pak pomalu zavrt\u011bla hlavou.<\/p>\n\n\n\n<p>Rozumn\u00e1 \u017eena by zavolala do \u00fatulku. Nab\u00eddla by \u010d\u00edslo. Kontaktovala by slu\u017eby. Dodr\u017eovala by hranice.<\/p>\n\n\n\n<p>M\u00edsto toho jsem se sly\u0161ela, jak \u0159\u00edk\u00e1m slova, kter\u00e1 jsem si nepl\u00e1novala.<\/p>\n\n\n\n<p>\u201eVlastn\u00edm penzion. M\u016f\u017eete tam dnes ve\u010der p\u0159espat.\u201c<\/p>\n\n\n\n<p>Opatrn\u011b se na m\u011b d\u00edvala, jako by laskavost byla jazyk, kter\u00e9mu u\u017e nev\u011b\u0159ila.<\/p>\n\n\n\n<p>Pak p\u0159ik\u00fdvla.<\/p>\n\n\n\n<p>Ten ve\u010der jsem je p\u0159ivezla dom\u016f.<\/p>\n\n\n\n<p>M\u016fj pozemek byl kdysi rodinn\u00fdm hostincem, ne\u017e zem\u0159el m\u016fj man\u017eel. Udr\u017eovala jsem si p\u00e1r pokoj\u016f, i kdy\u017e u\u017e l\u00e9ta tu \u017e\u00e1dn\u00ed host\u00e9 nebydleli. Dala jsem j\u00ed modr\u00fd pokoj s v\u00fdhledem do zahrady. P\u0159inesla jsem \u010dist\u00e9 ru\u010dn\u00edky, d\u011btsk\u00e9 deky, toaletn\u00ed pot\u0159eby, \u010dist\u00e9 oble\u010den\u00ed, kter\u00e9 jsem si ulo\u017eila na dary.<\/p>\n\n\n\n<p>Pod\u011bkovala mi p\u0159\u00edli\u0161 form\u00e1ln\u011b, p\u0159\u00edli\u0161 opatrn\u011b.<\/p>\n\n\n\n<p>Lid\u00e9, kte\u0159\u00ed byli zran\u011bni, to \u010dasto d\u011blaj\u00ed.<\/p>\n\n\n\n<p>\u0158\u00edkala jsem si, \u017ee je to do\u010dasn\u00e9. Jednu noc, mo\u017en\u00e1 dv\u011b.<\/p>\n\n\n\n<p>Ale pravda byla o\u0161kliv\u011bj\u0161\u00ed a jednodu\u0161\u0161\u00ed.<\/p>\n\n\n\n<p>Nepomohla jsem j\u00ed, proto\u017ee m\u011b pot\u0159ebovala.<\/p>\n\n\n\n<p>Pomohla jsem j\u00ed, proto\u017ee mi p\u0159ipom\u00ednala n\u011bkoho, koho jsem nemohla zachr\u00e1nit.<\/p>\n\n\n\n<p>Druh\u00fd den r\u00e1no jsem se probudila d\u0159\u00edve ne\u017e obvykle a sama si p\u0159ipravila sn\u00eddani \u2013 \u010daj, vejce, pala\u010dinky, kr\u00e1jen\u00e9 ovoce. Moje dcera milovala pala\u010dinky. Nepekla jsem je od jej\u00ed smrti.<\/p>\n\n\n\n<p>V\u0161echno jsem naaran\u017eovala na podnos a \u0161la chodbou do pokoje pro hosty.<\/p>\n\n\n\n<p>Nezaklepala jsem.<\/p>\n\n\n\n<p>Otev\u0159ila jsem dve\u0159e ramenem a za\u010dala mluvit.<\/p>\n\n\n\n<p>\u201eP\u0159inesla jsem\u2014\u201c<\/p>\n\n\n\n<p>Podnos mi vyklouzl z rukou.<\/p>\n\n\n\n<p>Porcel\u00e1n se rozt\u0159\u00ed\u0161til na podlaze.<\/p>\n\n\n\n<p>\u010caj se rozlil pod postel\u00ed.<\/p>\n\n\n\n<p>Proto\u017ee vedle otev\u0159en\u00e9 sk\u0159\u00edn\u011b st\u00e1la mlad\u00e1 \u017eena.<\/p>\n\n\n\n<p>A v rukou\u2026 m\u011bla zar\u00e1movanou fotografii m\u00e9 dcery z krbov\u00e9 \u0159\u00edmsy dole.<\/p>\n\n\n\n<p>Prudce se oto\u010dila, zd\u011b\u0161en\u00e1, jako by ji p\u0159istihli p\u0159i kr\u00e1de\u017ei.<\/p>\n\n\n\n<p>Ale to nebylo to, co m\u011b zmrazilo.<\/p>\n\n\n\n<p>Bylo to d\u00edt\u011b na posteli.<\/p>\n\n\n\n<p>Te\u010f bylo vzh\u016fru, sed\u011blo se zk\u0159\u00ed\u017een\u00fdma nohama mezi dekami a dr\u017eelo ply\u0161ov\u00e9ho kr\u00e1l\u00edka, kter\u00e9ho jsem p\u0159ed t\u0159emi lety poh\u0159bila se svou dcerou.<\/p>\n\n\n\n<p>T\u00e9ho\u017e kr\u00e1l\u00edka.<\/p>\n\n\n\n<p>Jeho lev\u00e9 ucho bylo ru\u010dn\u011b \u0161it\u00e9.<\/p>\n\n\n\n<p>Moje \u0161it\u00ed.<\/p>\n\n\n\n<p>Sotva jsem dok\u00e1zala mluvit.<\/p>\n\n\n\n<p>\u201eKde jste to vzala?\u201c<\/p>\n\n\n\n<p>\u017dena se rozplakala.<\/p>\n\n\n\n<p>\u201ePromi\u0148te,\u201c \u0159ekla. \u201eMoc se omlouv\u00e1m. Nikdy jsem v\u00e1m necht\u011bla lh\u00e1t.\u201c<\/p>\n\n\n\n<p>M\u00e1lem se mi podlomila kolena.<\/p>\n","protected":false},"excerpt":{"rendered":"Lid\u00e9 \u0159\u00edkaj\u00ed, \u017ee smutek \u010dasem zm\u011bkne. L\u017eou. Nezm\u011bkne. M\u011bn\u00ed tvar. Nau\u010d\u00ed se, kde se schovat. N\u011bkdy r\u00e1no \u010dek\u00e1 v kuchyni vedle pr\u00e1zdn\u00e9 \u017eidle. \n<a class=\"moretag\" href=\"https:\/\/vengria.info\/?p=11359\"> [...]<\/a>","protected":false},"author":1,"featured_media":11362,"comment_status":"open","ping_status":"open","sticky":false,"template":"","format":"standard","meta":{"footnotes":""},"categories":[26],"tags":[],"class_list":["post-11359","post","type-post","status-publish","format-standard","has-post-thumbnail","hentry","category-26"],"yoast_head":"<!-- This site is optimized with the Yoast SEO plugin v27.3 - https:\/\/yoast.com\/product\/yoast-seo-wordpress\/ -->\n<title>P\u0159ed t\u0159emi lety jsem poh\u0159bila svou jedinou dceru. -<\/title>\n<meta name=\"robots\" content=\"index, follow, max-snippet:-1, max-image-preview:large, max-video-preview:-1\" \/>\n<link rel=\"canonical\" href=\"https:\/\/vengria.info\/?p=11359\" \/>\n<meta property=\"og:locale\" content=\"en_US\" \/>\n<meta property=\"og:type\" content=\"article\" \/>\n<meta property=\"og:title\" content=\"P\u0159ed t\u0159emi lety jsem poh\u0159bila svou jedinou dceru. -\" \/>\n<meta property=\"og:description\" content=\"Lid\u00e9 \u0159\u00edkaj\u00ed, \u017ee smutek \u010dasem zm\u011bkne. L\u017eou. Nezm\u011bkne. M\u011bn\u00ed tvar. Nau\u010d\u00ed se, kde se schovat. N\u011bkdy r\u00e1no \u010dek\u00e1 v kuchyni vedle pr\u00e1zdn\u00e9 \u017eidle.\" \/>\n<meta property=\"og:url\" content=\"https:\/\/vengria.info\/?p=11359\" \/>\n<meta property=\"article:published_time\" content=\"2026-05-01T17:39:48+00:00\" \/>\n<meta property=\"article:modified_time\" content=\"2026-05-01T17:39:49+00:00\" \/>\n<meta property=\"og:image\" content=\"https:\/\/vengria.info\/wp-content\/uploads\/2026\/05\/a2sdaufybas.png\" \/>\n\t<meta property=\"og:image:width\" content=\"499\" \/>\n\t<meta property=\"og:image:height\" content=\"572\" \/>\n\t<meta property=\"og:image:type\" content=\"image\/png\" \/>\n<meta name=\"author\" content=\"admin\" \/>\n<meta name=\"twitter:card\" content=\"summary_large_image\" \/>\n<meta name=\"twitter:label1\" content=\"Written by\" \/>\n\t<meta name=\"twitter:data1\" content=\"admin\" \/>\n\t<meta name=\"twitter:label2\" content=\"Est. reading time\" \/>\n\t<meta name=\"twitter:data2\" content=\"4 minutes\" \/>\n<script type=\"application\/ld+json\" class=\"yoast-schema-graph\">{\"@context\":\"https:\\\/\\\/schema.org\",\"@graph\":[{\"@type\":\"Article\",\"@id\":\"https:\\\/\\\/vengria.info\\\/?p=11359#article\",\"isPartOf\":{\"@id\":\"https:\\\/\\\/vengria.info\\\/?p=11359\"},\"author\":{\"name\":\"admin\",\"@id\":\"https:\\\/\\\/vengria.info\\\/#\\\/schema\\\/person\\\/b815b04a6b1fb36a2d064955a92f68d4\"},\"headline\":\"P\u0159ed t\u0159emi lety jsem poh\u0159bila svou jedinou dceru.\",\"datePublished\":\"2026-05-01T17:39:48+00:00\",\"dateModified\":\"2026-05-01T17:39:49+00:00\",\"mainEntityOfPage\":{\"@id\":\"https:\\\/\\\/vengria.info\\\/?p=11359\"},\"wordCount\":927,\"commentCount\":0,\"image\":{\"@id\":\"https:\\\/\\\/vengria.info\\\/?p=11359#primaryimage\"},\"thumbnailUrl\":\"https:\\\/\\\/vengria.info\\\/wp-content\\\/uploads\\\/2026\\\/05\\\/a2sdaufybas.png\",\"articleSection\":[\"\u0427\u0435\u0445\u0438\u044f\"],\"inLanguage\":\"en-US\",\"potentialAction\":[{\"@type\":\"CommentAction\",\"name\":\"Comment\",\"target\":[\"https:\\\/\\\/vengria.info\\\/?p=11359#respond\"]}]},{\"@type\":\"WebPage\",\"@id\":\"https:\\\/\\\/vengria.info\\\/?p=11359\",\"url\":\"https:\\\/\\\/vengria.info\\\/?p=11359\",\"name\":\"P\u0159ed t\u0159emi lety jsem poh\u0159bila svou jedinou dceru. -\",\"isPartOf\":{\"@id\":\"https:\\\/\\\/vengria.info\\\/#website\"},\"primaryImageOfPage\":{\"@id\":\"https:\\\/\\\/vengria.info\\\/?p=11359#primaryimage\"},\"image\":{\"@id\":\"https:\\\/\\\/vengria.info\\\/?p=11359#primaryimage\"},\"thumbnailUrl\":\"https:\\\/\\\/vengria.info\\\/wp-content\\\/uploads\\\/2026\\\/05\\\/a2sdaufybas.png\",\"datePublished\":\"2026-05-01T17:39:48+00:00\",\"dateModified\":\"2026-05-01T17:39:49+00:00\",\"author\":{\"@id\":\"https:\\\/\\\/vengria.info\\\/#\\\/schema\\\/person\\\/b815b04a6b1fb36a2d064955a92f68d4\"},\"breadcrumb\":{\"@id\":\"https:\\\/\\\/vengria.info\\\/?p=11359#breadcrumb\"},\"inLanguage\":\"en-US\",\"potentialAction\":[{\"@type\":\"ReadAction\",\"target\":[\"https:\\\/\\\/vengria.info\\\/?p=11359\"]}]},{\"@type\":\"ImageObject\",\"inLanguage\":\"en-US\",\"@id\":\"https:\\\/\\\/vengria.info\\\/?p=11359#primaryimage\",\"url\":\"https:\\\/\\\/vengria.info\\\/wp-content\\\/uploads\\\/2026\\\/05\\\/a2sdaufybas.png\",\"contentUrl\":\"https:\\\/\\\/vengria.info\\\/wp-content\\\/uploads\\\/2026\\\/05\\\/a2sdaufybas.png\",\"width\":499,\"height\":572},{\"@type\":\"BreadcrumbList\",\"@id\":\"https:\\\/\\\/vengria.info\\\/?p=11359#breadcrumb\",\"itemListElement\":[{\"@type\":\"ListItem\",\"position\":1,\"name\":\"Home\",\"item\":\"https:\\\/\\\/vengria.info\\\/\"},{\"@type\":\"ListItem\",\"position\":2,\"name\":\"P\u0159ed t\u0159emi lety jsem poh\u0159bila svou jedinou dceru.\"}]},{\"@type\":\"WebSite\",\"@id\":\"https:\\\/\\\/vengria.info\\\/#website\",\"url\":\"https:\\\/\\\/vengria.info\\\/\",\"name\":\"\",\"description\":\"\",\"potentialAction\":[{\"@type\":\"SearchAction\",\"target\":{\"@type\":\"EntryPoint\",\"urlTemplate\":\"https:\\\/\\\/vengria.info\\\/?s={search_term_string}\"},\"query-input\":{\"@type\":\"PropertyValueSpecification\",\"valueRequired\":true,\"valueName\":\"search_term_string\"}}],\"inLanguage\":\"en-US\"},{\"@type\":\"Person\",\"@id\":\"https:\\\/\\\/vengria.info\\\/#\\\/schema\\\/person\\\/b815b04a6b1fb36a2d064955a92f68d4\",\"name\":\"admin\",\"image\":{\"@type\":\"ImageObject\",\"inLanguage\":\"en-US\",\"@id\":\"https:\\\/\\\/secure.gravatar.com\\\/avatar\\\/a29bad30ab19883c48927f9ee55a40d0d1a0c3c343bcef70ad9a0a9cb421f0fa?s=96&d=mm&r=g\",\"url\":\"https:\\\/\\\/secure.gravatar.com\\\/avatar\\\/a29bad30ab19883c48927f9ee55a40d0d1a0c3c343bcef70ad9a0a9cb421f0fa?s=96&d=mm&r=g\",\"contentUrl\":\"https:\\\/\\\/secure.gravatar.com\\\/avatar\\\/a29bad30ab19883c48927f9ee55a40d0d1a0c3c343bcef70ad9a0a9cb421f0fa?s=96&d=mm&r=g\",\"caption\":\"admin\"},\"sameAs\":[\"http:\\\/\\\/vengria.info\"],\"url\":\"https:\\\/\\\/vengria.info\\\/?author=1\"}]}<\/script>\n<!-- \/ Yoast SEO plugin. -->","yoast_head_json":{"title":"P\u0159ed t\u0159emi lety jsem poh\u0159bila svou jedinou dceru. -","robots":{"index":"index","follow":"follow","max-snippet":"max-snippet:-1","max-image-preview":"max-image-preview:large","max-video-preview":"max-video-preview:-1"},"canonical":"https:\/\/vengria.info\/?p=11359","og_locale":"en_US","og_type":"article","og_title":"P\u0159ed t\u0159emi lety jsem poh\u0159bila svou jedinou dceru. -","og_description":"Lid\u00e9 \u0159\u00edkaj\u00ed, \u017ee smutek \u010dasem zm\u011bkne. L\u017eou. Nezm\u011bkne. M\u011bn\u00ed tvar. Nau\u010d\u00ed se, kde se schovat. N\u011bkdy r\u00e1no \u010dek\u00e1 v kuchyni vedle pr\u00e1zdn\u00e9 \u017eidle.","og_url":"https:\/\/vengria.info\/?p=11359","article_published_time":"2026-05-01T17:39:48+00:00","article_modified_time":"2026-05-01T17:39:49+00:00","og_image":[{"width":499,"height":572,"url":"https:\/\/vengria.info\/wp-content\/uploads\/2026\/05\/a2sdaufybas.png","type":"image\/png"}],"author":"admin","twitter_card":"summary_large_image","twitter_misc":{"Written by":"admin","Est. reading time":"4 minutes"},"schema":{"@context":"https:\/\/schema.org","@graph":[{"@type":"Article","@id":"https:\/\/vengria.info\/?p=11359#article","isPartOf":{"@id":"https:\/\/vengria.info\/?p=11359"},"author":{"name":"admin","@id":"https:\/\/vengria.info\/#\/schema\/person\/b815b04a6b1fb36a2d064955a92f68d4"},"headline":"P\u0159ed t\u0159emi lety jsem poh\u0159bila svou jedinou dceru.","datePublished":"2026-05-01T17:39:48+00:00","dateModified":"2026-05-01T17:39:49+00:00","mainEntityOfPage":{"@id":"https:\/\/vengria.info\/?p=11359"},"wordCount":927,"commentCount":0,"image":{"@id":"https:\/\/vengria.info\/?p=11359#primaryimage"},"thumbnailUrl":"https:\/\/vengria.info\/wp-content\/uploads\/2026\/05\/a2sdaufybas.png","articleSection":["\u0427\u0435\u0445\u0438\u044f"],"inLanguage":"en-US","potentialAction":[{"@type":"CommentAction","name":"Comment","target":["https:\/\/vengria.info\/?p=11359#respond"]}]},{"@type":"WebPage","@id":"https:\/\/vengria.info\/?p=11359","url":"https:\/\/vengria.info\/?p=11359","name":"P\u0159ed t\u0159emi lety jsem poh\u0159bila svou jedinou dceru. -","isPartOf":{"@id":"https:\/\/vengria.info\/#website"},"primaryImageOfPage":{"@id":"https:\/\/vengria.info\/?p=11359#primaryimage"},"image":{"@id":"https:\/\/vengria.info\/?p=11359#primaryimage"},"thumbnailUrl":"https:\/\/vengria.info\/wp-content\/uploads\/2026\/05\/a2sdaufybas.png","datePublished":"2026-05-01T17:39:48+00:00","dateModified":"2026-05-01T17:39:49+00:00","author":{"@id":"https:\/\/vengria.info\/#\/schema\/person\/b815b04a6b1fb36a2d064955a92f68d4"},"breadcrumb":{"@id":"https:\/\/vengria.info\/?p=11359#breadcrumb"},"inLanguage":"en-US","potentialAction":[{"@type":"ReadAction","target":["https:\/\/vengria.info\/?p=11359"]}]},{"@type":"ImageObject","inLanguage":"en-US","@id":"https:\/\/vengria.info\/?p=11359#primaryimage","url":"https:\/\/vengria.info\/wp-content\/uploads\/2026\/05\/a2sdaufybas.png","contentUrl":"https:\/\/vengria.info\/wp-content\/uploads\/2026\/05\/a2sdaufybas.png","width":499,"height":572},{"@type":"BreadcrumbList","@id":"https:\/\/vengria.info\/?p=11359#breadcrumb","itemListElement":[{"@type":"ListItem","position":1,"name":"Home","item":"https:\/\/vengria.info\/"},{"@type":"ListItem","position":2,"name":"P\u0159ed t\u0159emi lety jsem poh\u0159bila svou jedinou dceru."}]},{"@type":"WebSite","@id":"https:\/\/vengria.info\/#website","url":"https:\/\/vengria.info\/","name":"","description":"","potentialAction":[{"@type":"SearchAction","target":{"@type":"EntryPoint","urlTemplate":"https:\/\/vengria.info\/?s={search_term_string}"},"query-input":{"@type":"PropertyValueSpecification","valueRequired":true,"valueName":"search_term_string"}}],"inLanguage":"en-US"},{"@type":"Person","@id":"https:\/\/vengria.info\/#\/schema\/person\/b815b04a6b1fb36a2d064955a92f68d4","name":"admin","image":{"@type":"ImageObject","inLanguage":"en-US","@id":"https:\/\/secure.gravatar.com\/avatar\/a29bad30ab19883c48927f9ee55a40d0d1a0c3c343bcef70ad9a0a9cb421f0fa?s=96&d=mm&r=g","url":"https:\/\/secure.gravatar.com\/avatar\/a29bad30ab19883c48927f9ee55a40d0d1a0c3c343bcef70ad9a0a9cb421f0fa?s=96&d=mm&r=g","contentUrl":"https:\/\/secure.gravatar.com\/avatar\/a29bad30ab19883c48927f9ee55a40d0d1a0c3c343bcef70ad9a0a9cb421f0fa?s=96&d=mm&r=g","caption":"admin"},"sameAs":["http:\/\/vengria.info"],"url":"https:\/\/vengria.info\/?author=1"}]}},"_links":{"self":[{"href":"https:\/\/vengria.info\/index.php?rest_route=\/wp\/v2\/posts\/11359","targetHints":{"allow":["GET"]}}],"collection":[{"href":"https:\/\/vengria.info\/index.php?rest_route=\/wp\/v2\/posts"}],"about":[{"href":"https:\/\/vengria.info\/index.php?rest_route=\/wp\/v2\/types\/post"}],"author":[{"embeddable":true,"href":"https:\/\/vengria.info\/index.php?rest_route=\/wp\/v2\/users\/1"}],"replies":[{"embeddable":true,"href":"https:\/\/vengria.info\/index.php?rest_route=%2Fwp%2Fv2%2Fcomments&post=11359"}],"version-history":[{"count":1,"href":"https:\/\/vengria.info\/index.php?rest_route=\/wp\/v2\/posts\/11359\/revisions"}],"predecessor-version":[{"id":11363,"href":"https:\/\/vengria.info\/index.php?rest_route=\/wp\/v2\/posts\/11359\/revisions\/11363"}],"wp:featuredmedia":[{"embeddable":true,"href":"https:\/\/vengria.info\/index.php?rest_route=\/wp\/v2\/media\/11362"}],"wp:attachment":[{"href":"https:\/\/vengria.info\/index.php?rest_route=%2Fwp%2Fv2%2Fmedia&parent=11359"}],"wp:term":[{"taxonomy":"category","embeddable":true,"href":"https:\/\/vengria.info\/index.php?rest_route=%2Fwp%2Fv2%2Fcategories&post=11359"},{"taxonomy":"post_tag","embeddable":true,"href":"https:\/\/vengria.info\/index.php?rest_route=%2Fwp%2Fv2%2Ftags&post=11359"}],"curies":[{"name":"wp","href":"https:\/\/api.w.org\/{rel}","templated":true}]}}