{"id":11334,"date":"2026-04-30T19:38:48","date_gmt":"2026-04-30T19:38:48","guid":{"rendered":"https:\/\/vengria.info\/?p=11334"},"modified":"2026-04-30T19:38:49","modified_gmt":"2026-04-30T19:38:49","slug":"isabella-mozdulatlanul-allt-kezeit-maga-elott-osszekulcsolva-mintha-a-korulotte-levo-zaj-egyaltalan-nem-is-letezne","status":"publish","type":"post","link":"https:\/\/vengria.info\/?p=11334","title":{"rendered":"Isabella mozdulatlanul \u00e1llt, kezeit maga el\u0151tt \u00f6sszekulcsolva, mintha a k\u00f6r\u00fcl\u00f6tte l\u00e9v\u0151 zaj egy\u00e1ltal\u00e1n nem is l\u00e9tezne."},"content":{"rendered":"\n<p>Nevet\u00e9s visszhangzott a t\u00e1rgyal\u00f3teremben, a falaknak csap\u00f3dott, majd feler\u0151s\u00f6dve t\u00e9rt vissza. Nem csak g\u00fany volt. Ez egy el\u00edt\u00e9l\u00e9s volt az \u00edt\u00e9let el\u0151tt.<\/p>\n\n\n\n<p>A b\u00edr\u00f3 megigaz\u00edtotta a szem\u00fcveg\u00e9t, \u00e9s egy m\u00e1r nem is titkolt, sz\u00f3rakozott arckifejez\u00e9ssel n\u00e9zett r\u00e1.<\/p>\n\n\n\n<p>\u201eT\u00edz nyelv\u201d \u2013 ism\u00e9telte meg. \u201eEz leny\u0171g\u00f6z\u0151. Tal\u00e1n mutathatna nek\u00fcnk valamit.\u201d<\/p>\n\n\n\n<p>\u00dajabb halk nevet\u00e9shull\u00e1m.<\/p>\n\n\n\n<p>Isabella nem sz\u00f3lt semmit.<\/p>\n\n\n\n<p>Ehelyett lassan az asztal\u00e1n l\u00e9v\u0151 dosszi\u00e9 ut\u00e1n ny\u00falt. Mozdulata nyugodt \u00e9s pontos volt. Nem olyan volt, mint akit sarokba szor\u00edtottak. Ink\u00e1bb olyan valaki\u00e9, aki pontosan tudja, mit csin\u00e1l.<\/p>\n\n\n\n<p>El\u0151h\u00fazott egy v\u00e9kony k\u00f6teg dokumentumot.<\/p>\n\n\n\n<p>\u201eTerm\u00e9szetesen\u201d \u2013 v\u00e1laszolta halkan.<\/p>\n\n\n\n<p>A pap\u00edrokat az asztalra helyezte maga el\u00e9, \u00e9s a b\u00edr\u00f3 fel\u00e9 ford\u00edtotta.<\/p>\n\n\n\n<p>\u201eEz a c\u00e9g bels\u0151 kommunik\u00e1ci\u00f3ja az elm\u00falt hat h\u00f3napb\u00f3l.\u201d<\/p>\n\n\n\n<p>A b\u00edr\u00f3 a szem\u00e9t forgatta.<\/p>\n\n\n\n<p>\u201e\u00c9s ez mit kellene bizony\u00edtania?\u201d<\/p>\n\n\n\n<p>Isabella r\u00e1n\u00e9zett. Ez\u00fattal egyenesen.<\/p>\n\n\n\n<p>\u201eHogy nem csak h\u00e9tk\u00f6znapi dokumentumokat ford\u00edtottam.\u201d<\/p>\n\n\n\n<p>Felvette az els\u0151 lapot.<\/p>\n\n\n\n<p>\u201eSpanyolul.\u201d<\/p>\n\n\n\n<p>N\u00e9h\u00e1ny sort elolvasott. Foly\u00e9konyan. Haboz\u00e1s n\u00e9lk\u00fcl.<\/p>\n\n\n\n<p>Azt\u00e1n a m\u00e1sodikat.<\/p>\n\n\n\n<p>\u201eAngolul.\u201d<\/p>\n\n\n\n<p>A harmadikat.<\/p>\n\n\n\n<p>\u201eFranciaul.\u201d<\/p>\n\n\n\n<p>A negyediket.<\/p>\n\n\n\n<p>\u201eN\u00e9mettel.\u201d<\/p>\n\n\n\n<p>A terem lassan elcsendesedett. A nevet\u00e9s elhalt.<\/p>\n\n\n\n<p>Isabella folytatta.<\/p>\n\n\n\n<p>\u201eOlaszul. Portug\u00e1lul. Oroszul.\u201d<\/p>\n\n\n\n<p>Mindegyik nyelv m\u00e1sk\u00e9pp hangzott. Mindegyiknek m\u00e1s volt a ritmusa, m\u00e1s a dallama. Nem a hat\u00e1s demonstr\u00e1ci\u00f3ja volt. Pontoss\u00e1g volt. Bizony\u00edt\u00e9k.<\/p>\n\n\n\n<p>Amikor befejezte az utols\u00f3 sor elolvas\u00e1s\u00e1t, feln\u00e9zett.<\/p>\n\n\n\n<p>Csend.<\/p>\n\n\n\n<p>Ez\u00fattal komolyan.<\/p>\n\n\n\n<p>A b\u00edr\u00f3 megk\u00f6sz\u00f6r\u00fclte a tork\u00e1t, de m\u00e1r nem mosolygott.<\/p>\n\n\n\n<p>\u201eRendben\u201d \u2013 mondta kurt\u00e1n. \u2013 Ez\u2026 \u00e9rdekes. De m\u00e9g mindig nem\u2026<\/p>\n\n\n\n<p>\u2013 Ezek a dokumentumok nem h\u00e9tk\u00f6znapiak \u2013 v\u00e1gott k\u00f6zbe Isabella.<\/p>\n\n\n\n<p>El\u0151sz\u00f6r.<\/p>\n\n\n\n<p>A szob\u00e1ban senki sem vette \u00e9szre pontosan, mikor v\u00e1ltozott meg a poz\u00edci\u00f3ja. M\u00e1r nem v\u00e1dlottk\u00e9nt \u00e1llt. \u00dagy \u00e1llt, mint akin\u00e9l a kulcs van.<\/p>\n\n\n\n<p>\u2013 Ezek e-mailek, szerz\u0151d\u00e9sek \u00e9s bels\u0151 feljegyz\u00e9sek a c\u00e9gvezet\u00e9s \u00e9s a k\u00fclf\u00f6ldi partnerek k\u00f6z\u00f6tt.<\/p>\n\n\n\n<p>Lapozott egy m\u00e1sik oldalt.<\/p>\n\n\n\n<p>\u2013 K\u00fcl\u00f6nb\u00f6z\u0151 nyelveken. Hogy minimaliz\u00e1lj\u00e1k annak kock\u00e1zat\u00e1t, hogy b\u00e1rki felfedezze a kapcsolatokat.<\/p>\n\n\n\n<p>Az \u00fcgy\u00e9sz kiegyenesedett.<\/p>\n\n\n\n<p>\u2013 Tiltakozom\u2026<\/p>\n\n\n\n<p>\u2013 Mit tiltakozik? \u2013 v\u00e1laszolta Isabella nyugodtan. \u2013 Az \u00e9n \u00e9rtelmez\u00e9sem szerint, amir\u0151l felt\u00e9telezte, hogy senki sem fogja meg\u00e9rteni?<\/p>\n\n\n\n<p>A fesz\u00fclts\u00e9g fokoz\u00f3dott a szob\u00e1ban.<\/p>\n\n\n\n<p>Isabella egy adott bekezd\u00e9sre mutatott.<\/p>\n\n\n\n<p>\u2013 Tess\u00e9k \u2013 mondta. \u2013 A szerz\u0151d\u00e9s francia v\u00e1ltozata m\u00e1s \u00f6sszeget tartalmaz, mint az angol. A k\u00fcl\u00f6nbs\u00e9g h\u00e9tmilli\u00f3.<\/p>\n\n\n\n<p>Egy m\u00e1sik lap.<\/p>\n\n\n\n<p>\u201eItt, a n\u00e9met kommunik\u00e1ci\u00f3ban arr\u00f3l van sz\u00f3, hogy olyan sz\u00e1ml\u00e1ra kell \u00e1tutalni a p\u00e9nzt, amely nem szerepel a hivatalos dokumentumokban.\u201d<\/p>\n\n\n\n<p>Azt\u00e1n egyenesen a b\u00edr\u00f3ra n\u00e9zett.<\/p>\n\n\n\n<p>\u201e\u00c9s itt\u201d \u2013 tette hozz\u00e1 halkan \u2013, \u201eaz oroszban kifejezetten az \u00e1ll, hogy a ford\u00edt\u00e1sokat \u00fagy kell m\u00f3dos\u00edtani, hogy ne illeszkedjenek a verzi\u00f3k k\u00f6z\u00e9.\u201d<\/p>\n\n\n\n<p>A csend szinte k\u00e9zzelfoghat\u00f3 fesz\u00fclts\u00e9gg\u00e9 v\u00e1ltozott.<\/p>\n\n\n\n<p>A b\u00edr\u00f3 els\u00e1padt.<\/p>\n\n\n\n<figure class=\"wp-block-image size-full is-resized\"><img loading=\"lazy\" decoding=\"async\" width=\"445\" height=\"766\" src=\"https:\/\/vengria.info\/wp-content\/uploads\/2026\/04\/nk-555.png\" alt=\"\" class=\"wp-image-11328\" style=\"width:747px;height:auto\" srcset=\"https:\/\/vengria.info\/wp-content\/uploads\/2026\/04\/nk-555.png 445w, https:\/\/vengria.info\/wp-content\/uploads\/2026\/04\/nk-555-174x300.png 174w\" sizes=\"auto, (max-width: 445px) 100vw, 445px\" \/><\/figure>\n\n\n\n<p>\u201eEz\u2026 egy nagyon s\u00falyos v\u00e1d.\u201d<\/p>\n\n\n\n<p>\u201eEz nem v\u00e1d\u201d \u2013 v\u00e1laszolta Isabella. \u201eEz egy ford\u00edt\u00e1s.\u201d<\/p>\n\n\n\n<p>Az \u00fcgy\u00e9sz gyorsan \u00e1tlapozta az anyagait. El\u0151sz\u00f6r t\u0171nt bizonytalannak.<\/p>\n\n\n\n<p>\u201eMi\u00e9rt nem ny\u00fajtotta be ezt kor\u00e1bban?\u201d \u2013 k\u00e9rdezte \u00e9lesen.<\/p>\n\n\n\n<p>Isabella r\u00e1n\u00e9zett.<\/p>\n\n\n\n<p>\u201eMert nem k\u00e9rdezte.\u201d<\/p>\n\n\n\n<p>A mondat er\u0151sebben \u00fct\u00f6tt, mint b\u00e1rmilyen bizony\u00edt\u00e9k.<\/p>\n\n\n\n<p>Valaki a h\u00e1ts\u00f3 sorban halkan fels\u00f3hajtott.<\/p>\n\n\n\n<p>A b\u00edr\u00f3 h\u00e1trad\u0151lt a sz\u00e9k\u00e9ben, ez\u00fattal minden arrogancia n\u00e9lk\u00fcl.<\/p>\n\n\n\n<p>\u2013 Teh\u00e1t azt mondja \u2013 kezdte lassan \u2013, hogy nem csal\u00e1st k\u00f6vetett el, hanem szab\u00e1lytalans\u00e1gokat t\u00e1rt fel?<\/p>\n\n\n\n<p>Isabella b\u00f3lintott.<\/p>\n\n\n\n<p>\u2013 Igen. \u00c9s ez\u00e9rt t\u00e1vol\u00edtottak el.<\/p>\n\n\n\n<p>Felvette az utols\u00f3 dokumentumot.<\/p>\n\n\n\n<p>\u2013 Ez egy jelent\u00e9s, amit a vezet\u0151s\u00e9g sz\u00e1m\u00e1ra k\u00e9sz\u00edtettem. Soha nem ker\u00fclt hivatalosan beny\u00fajt\u00e1sra.<\/p>\n\n\n\n<p>\u00c1tadta a b\u00edr\u00f3nak.<\/p>\n\n\n\n<p>A b\u00edr\u00f3 elvette. A keze m\u00e1r nem volt olyan biztos, mint az elej\u00e9n.<\/p>\n\n\n\n<p>A teremben csend lett.<\/p>\n\n\n\n<p>Ez\u00fattal nem f\u00e9lelemb\u0151l.<\/p>\n\n\n\n<p>Han nem meg\u00e9rt\u00e9sb\u0151l.<\/p>\n\n\n\n<p>A b\u00edr\u00f3 lassan becsukta az akt\u00e1k list\u00e1j\u00e1t.<\/p>\n\n\n\n<p>Isabell\u00e1ra n\u00e9zett. M\u00e1sk\u00e9pp, mint kor\u00e1bban.<\/p>\n\n\n\n<p>\u2013 A t\u00e1rgyal\u00e1s berekeszti az \u00fcl\u00e9st \u2013 mondta hat\u00e1rozottan.<\/p>\n\n\n\n<p>Senki sem nevetett.<\/p>\n\n\n\n<p>\u00c9s a fiatal n\u0151, aki egy pillanattal ezel\u0151tt m\u00e9g egyed\u00fcl \u00e1llt a teremben, m\u00e1r nem t\u0171nt v\u00e1dlottnak.<\/p>\n\n\n\n<p>\u00dagy n\u00e9zett ki, mint aki \u00e9pp most v\u00e1ltoztatta meg az eg\u00e9sz t\u00e1rgyal\u00e1s menet\u00e9t.<\/p>\n","protected":false},"excerpt":{"rendered":"Nevet\u00e9s visszhangzott a t\u00e1rgyal\u00f3teremben, a falaknak csap\u00f3dott, majd feler\u0151s\u00f6dve t\u00e9rt vissza. Nem csak g\u00fany volt. Ez egy el\u00edt\u00e9l\u00e9s volt az \u00edt\u00e9let el\u0151tt. A \n<a class=\"moretag\" href=\"https:\/\/vengria.info\/?p=11334\"> [...]<\/a>","protected":false},"author":1,"featured_media":11328,"comment_status":"open","ping_status":"open","sticky":false,"template":"","format":"standard","meta":{"footnotes":""},"categories":[1,2],"tags":[],"class_list":["post-11334","post","type-post","status-publish","format-standard","has-post-thumbnail","hentry","category-news","category-video"],"yoast_head":"<!-- This site is optimized with the Yoast SEO plugin v27.3 - https:\/\/yoast.com\/product\/yoast-seo-wordpress\/ -->\n<title>Isabella mozdulatlanul \u00e1llt, kezeit maga el\u0151tt \u00f6sszekulcsolva, mintha a k\u00f6r\u00fcl\u00f6tte l\u00e9v\u0151 zaj egy\u00e1ltal\u00e1n nem is l\u00e9tezne. -<\/title>\n<meta name=\"robots\" content=\"index, follow, max-snippet:-1, max-image-preview:large, max-video-preview:-1\" \/>\n<link rel=\"canonical\" href=\"https:\/\/vengria.info\/?p=11334\" \/>\n<meta property=\"og:locale\" content=\"en_US\" \/>\n<meta property=\"og:type\" content=\"article\" \/>\n<meta property=\"og:title\" content=\"Isabella mozdulatlanul \u00e1llt, kezeit maga el\u0151tt \u00f6sszekulcsolva, mintha a k\u00f6r\u00fcl\u00f6tte l\u00e9v\u0151 zaj egy\u00e1ltal\u00e1n nem is l\u00e9tezne. -\" \/>\n<meta property=\"og:description\" content=\"Nevet\u00e9s visszhangzott a t\u00e1rgyal\u00f3teremben, a falaknak csap\u00f3dott, majd feler\u0151s\u00f6dve t\u00e9rt vissza. Nem csak g\u00fany volt. Ez egy el\u00edt\u00e9l\u00e9s volt az \u00edt\u00e9let el\u0151tt. A\" \/>\n<meta property=\"og:url\" content=\"https:\/\/vengria.info\/?p=11334\" \/>\n<meta property=\"article:published_time\" content=\"2026-04-30T19:38:48+00:00\" \/>\n<meta property=\"article:modified_time\" content=\"2026-04-30T19:38:49+00:00\" \/>\n<meta property=\"og:image\" content=\"https:\/\/vengria.info\/wp-content\/uploads\/2026\/04\/nk-555.png\" \/>\n\t<meta property=\"og:image:width\" content=\"445\" \/>\n\t<meta property=\"og:image:height\" content=\"766\" \/>\n\t<meta property=\"og:image:type\" content=\"image\/png\" \/>\n<meta name=\"author\" content=\"admin\" \/>\n<meta name=\"twitter:card\" content=\"summary_large_image\" \/>\n<meta name=\"twitter:label1\" content=\"Written by\" \/>\n\t<meta name=\"twitter:data1\" content=\"admin\" \/>\n\t<meta name=\"twitter:label2\" content=\"Est. reading time\" \/>\n\t<meta name=\"twitter:data2\" content=\"3 minutes\" \/>\n<script type=\"application\/ld+json\" class=\"yoast-schema-graph\">{\"@context\":\"https:\\\/\\\/schema.org\",\"@graph\":[{\"@type\":\"Article\",\"@id\":\"https:\\\/\\\/vengria.info\\\/?p=11334#article\",\"isPartOf\":{\"@id\":\"https:\\\/\\\/vengria.info\\\/?p=11334\"},\"author\":{\"name\":\"admin\",\"@id\":\"https:\\\/\\\/vengria.info\\\/#\\\/schema\\\/person\\\/b815b04a6b1fb36a2d064955a92f68d4\"},\"headline\":\"Isabella mozdulatlanul \u00e1llt, kezeit maga el\u0151tt \u00f6sszekulcsolva, mintha a k\u00f6r\u00fcl\u00f6tte l\u00e9v\u0151 zaj egy\u00e1ltal\u00e1n nem is l\u00e9tezne.\",\"datePublished\":\"2026-04-30T19:38:48+00:00\",\"dateModified\":\"2026-04-30T19:38:49+00:00\",\"mainEntityOfPage\":{\"@id\":\"https:\\\/\\\/vengria.info\\\/?p=11334\"},\"wordCount\":831,\"commentCount\":0,\"image\":{\"@id\":\"https:\\\/\\\/vengria.info\\\/?p=11334#primaryimage\"},\"thumbnailUrl\":\"https:\\\/\\\/vengria.info\\\/wp-content\\\/uploads\\\/2026\\\/04\\\/nk-555.png\",\"articleSection\":[\"NEWS\",\"VIDEO\"],\"inLanguage\":\"en-US\",\"potentialAction\":[{\"@type\":\"CommentAction\",\"name\":\"Comment\",\"target\":[\"https:\\\/\\\/vengria.info\\\/?p=11334#respond\"]}]},{\"@type\":\"WebPage\",\"@id\":\"https:\\\/\\\/vengria.info\\\/?p=11334\",\"url\":\"https:\\\/\\\/vengria.info\\\/?p=11334\",\"name\":\"Isabella mozdulatlanul \u00e1llt, kezeit maga el\u0151tt \u00f6sszekulcsolva, mintha a k\u00f6r\u00fcl\u00f6tte l\u00e9v\u0151 zaj egy\u00e1ltal\u00e1n nem is l\u00e9tezne. -\",\"isPartOf\":{\"@id\":\"https:\\\/\\\/vengria.info\\\/#website\"},\"primaryImageOfPage\":{\"@id\":\"https:\\\/\\\/vengria.info\\\/?p=11334#primaryimage\"},\"image\":{\"@id\":\"https:\\\/\\\/vengria.info\\\/?p=11334#primaryimage\"},\"thumbnailUrl\":\"https:\\\/\\\/vengria.info\\\/wp-content\\\/uploads\\\/2026\\\/04\\\/nk-555.png\",\"datePublished\":\"2026-04-30T19:38:48+00:00\",\"dateModified\":\"2026-04-30T19:38:49+00:00\",\"author\":{\"@id\":\"https:\\\/\\\/vengria.info\\\/#\\\/schema\\\/person\\\/b815b04a6b1fb36a2d064955a92f68d4\"},\"breadcrumb\":{\"@id\":\"https:\\\/\\\/vengria.info\\\/?p=11334#breadcrumb\"},\"inLanguage\":\"en-US\",\"potentialAction\":[{\"@type\":\"ReadAction\",\"target\":[\"https:\\\/\\\/vengria.info\\\/?p=11334\"]}]},{\"@type\":\"ImageObject\",\"inLanguage\":\"en-US\",\"@id\":\"https:\\\/\\\/vengria.info\\\/?p=11334#primaryimage\",\"url\":\"https:\\\/\\\/vengria.info\\\/wp-content\\\/uploads\\\/2026\\\/04\\\/nk-555.png\",\"contentUrl\":\"https:\\\/\\\/vengria.info\\\/wp-content\\\/uploads\\\/2026\\\/04\\\/nk-555.png\",\"width\":445,\"height\":766},{\"@type\":\"BreadcrumbList\",\"@id\":\"https:\\\/\\\/vengria.info\\\/?p=11334#breadcrumb\",\"itemListElement\":[{\"@type\":\"ListItem\",\"position\":1,\"name\":\"Home\",\"item\":\"https:\\\/\\\/vengria.info\\\/\"},{\"@type\":\"ListItem\",\"position\":2,\"name\":\"Isabella mozdulatlanul \u00e1llt, kezeit maga el\u0151tt \u00f6sszekulcsolva, mintha a k\u00f6r\u00fcl\u00f6tte l\u00e9v\u0151 zaj egy\u00e1ltal\u00e1n nem is l\u00e9tezne.\"}]},{\"@type\":\"WebSite\",\"@id\":\"https:\\\/\\\/vengria.info\\\/#website\",\"url\":\"https:\\\/\\\/vengria.info\\\/\",\"name\":\"\",\"description\":\"\",\"potentialAction\":[{\"@type\":\"SearchAction\",\"target\":{\"@type\":\"EntryPoint\",\"urlTemplate\":\"https:\\\/\\\/vengria.info\\\/?s={search_term_string}\"},\"query-input\":{\"@type\":\"PropertyValueSpecification\",\"valueRequired\":true,\"valueName\":\"search_term_string\"}}],\"inLanguage\":\"en-US\"},{\"@type\":\"Person\",\"@id\":\"https:\\\/\\\/vengria.info\\\/#\\\/schema\\\/person\\\/b815b04a6b1fb36a2d064955a92f68d4\",\"name\":\"admin\",\"image\":{\"@type\":\"ImageObject\",\"inLanguage\":\"en-US\",\"@id\":\"https:\\\/\\\/secure.gravatar.com\\\/avatar\\\/a29bad30ab19883c48927f9ee55a40d0d1a0c3c343bcef70ad9a0a9cb421f0fa?s=96&d=mm&r=g\",\"url\":\"https:\\\/\\\/secure.gravatar.com\\\/avatar\\\/a29bad30ab19883c48927f9ee55a40d0d1a0c3c343bcef70ad9a0a9cb421f0fa?s=96&d=mm&r=g\",\"contentUrl\":\"https:\\\/\\\/secure.gravatar.com\\\/avatar\\\/a29bad30ab19883c48927f9ee55a40d0d1a0c3c343bcef70ad9a0a9cb421f0fa?s=96&d=mm&r=g\",\"caption\":\"admin\"},\"sameAs\":[\"http:\\\/\\\/vengria.info\"],\"url\":\"https:\\\/\\\/vengria.info\\\/?author=1\"}]}<\/script>\n<!-- \/ Yoast SEO plugin. -->","yoast_head_json":{"title":"Isabella mozdulatlanul \u00e1llt, kezeit maga el\u0151tt \u00f6sszekulcsolva, mintha a k\u00f6r\u00fcl\u00f6tte l\u00e9v\u0151 zaj egy\u00e1ltal\u00e1n nem is l\u00e9tezne. -","robots":{"index":"index","follow":"follow","max-snippet":"max-snippet:-1","max-image-preview":"max-image-preview:large","max-video-preview":"max-video-preview:-1"},"canonical":"https:\/\/vengria.info\/?p=11334","og_locale":"en_US","og_type":"article","og_title":"Isabella mozdulatlanul \u00e1llt, kezeit maga el\u0151tt \u00f6sszekulcsolva, mintha a k\u00f6r\u00fcl\u00f6tte l\u00e9v\u0151 zaj egy\u00e1ltal\u00e1n nem is l\u00e9tezne. -","og_description":"Nevet\u00e9s visszhangzott a t\u00e1rgyal\u00f3teremben, a falaknak csap\u00f3dott, majd feler\u0151s\u00f6dve t\u00e9rt vissza. Nem csak g\u00fany volt. Ez egy el\u00edt\u00e9l\u00e9s volt az \u00edt\u00e9let el\u0151tt. A","og_url":"https:\/\/vengria.info\/?p=11334","article_published_time":"2026-04-30T19:38:48+00:00","article_modified_time":"2026-04-30T19:38:49+00:00","og_image":[{"width":445,"height":766,"url":"https:\/\/vengria.info\/wp-content\/uploads\/2026\/04\/nk-555.png","type":"image\/png"}],"author":"admin","twitter_card":"summary_large_image","twitter_misc":{"Written by":"admin","Est. reading time":"3 minutes"},"schema":{"@context":"https:\/\/schema.org","@graph":[{"@type":"Article","@id":"https:\/\/vengria.info\/?p=11334#article","isPartOf":{"@id":"https:\/\/vengria.info\/?p=11334"},"author":{"name":"admin","@id":"https:\/\/vengria.info\/#\/schema\/person\/b815b04a6b1fb36a2d064955a92f68d4"},"headline":"Isabella mozdulatlanul \u00e1llt, kezeit maga el\u0151tt \u00f6sszekulcsolva, mintha a k\u00f6r\u00fcl\u00f6tte l\u00e9v\u0151 zaj egy\u00e1ltal\u00e1n nem is l\u00e9tezne.","datePublished":"2026-04-30T19:38:48+00:00","dateModified":"2026-04-30T19:38:49+00:00","mainEntityOfPage":{"@id":"https:\/\/vengria.info\/?p=11334"},"wordCount":831,"commentCount":0,"image":{"@id":"https:\/\/vengria.info\/?p=11334#primaryimage"},"thumbnailUrl":"https:\/\/vengria.info\/wp-content\/uploads\/2026\/04\/nk-555.png","articleSection":["NEWS","VIDEO"],"inLanguage":"en-US","potentialAction":[{"@type":"CommentAction","name":"Comment","target":["https:\/\/vengria.info\/?p=11334#respond"]}]},{"@type":"WebPage","@id":"https:\/\/vengria.info\/?p=11334","url":"https:\/\/vengria.info\/?p=11334","name":"Isabella mozdulatlanul \u00e1llt, kezeit maga el\u0151tt \u00f6sszekulcsolva, mintha a k\u00f6r\u00fcl\u00f6tte l\u00e9v\u0151 zaj egy\u00e1ltal\u00e1n nem is l\u00e9tezne. -","isPartOf":{"@id":"https:\/\/vengria.info\/#website"},"primaryImageOfPage":{"@id":"https:\/\/vengria.info\/?p=11334#primaryimage"},"image":{"@id":"https:\/\/vengria.info\/?p=11334#primaryimage"},"thumbnailUrl":"https:\/\/vengria.info\/wp-content\/uploads\/2026\/04\/nk-555.png","datePublished":"2026-04-30T19:38:48+00:00","dateModified":"2026-04-30T19:38:49+00:00","author":{"@id":"https:\/\/vengria.info\/#\/schema\/person\/b815b04a6b1fb36a2d064955a92f68d4"},"breadcrumb":{"@id":"https:\/\/vengria.info\/?p=11334#breadcrumb"},"inLanguage":"en-US","potentialAction":[{"@type":"ReadAction","target":["https:\/\/vengria.info\/?p=11334"]}]},{"@type":"ImageObject","inLanguage":"en-US","@id":"https:\/\/vengria.info\/?p=11334#primaryimage","url":"https:\/\/vengria.info\/wp-content\/uploads\/2026\/04\/nk-555.png","contentUrl":"https:\/\/vengria.info\/wp-content\/uploads\/2026\/04\/nk-555.png","width":445,"height":766},{"@type":"BreadcrumbList","@id":"https:\/\/vengria.info\/?p=11334#breadcrumb","itemListElement":[{"@type":"ListItem","position":1,"name":"Home","item":"https:\/\/vengria.info\/"},{"@type":"ListItem","position":2,"name":"Isabella mozdulatlanul \u00e1llt, kezeit maga el\u0151tt \u00f6sszekulcsolva, mintha a k\u00f6r\u00fcl\u00f6tte l\u00e9v\u0151 zaj egy\u00e1ltal\u00e1n nem is l\u00e9tezne."}]},{"@type":"WebSite","@id":"https:\/\/vengria.info\/#website","url":"https:\/\/vengria.info\/","name":"","description":"","potentialAction":[{"@type":"SearchAction","target":{"@type":"EntryPoint","urlTemplate":"https:\/\/vengria.info\/?s={search_term_string}"},"query-input":{"@type":"PropertyValueSpecification","valueRequired":true,"valueName":"search_term_string"}}],"inLanguage":"en-US"},{"@type":"Person","@id":"https:\/\/vengria.info\/#\/schema\/person\/b815b04a6b1fb36a2d064955a92f68d4","name":"admin","image":{"@type":"ImageObject","inLanguage":"en-US","@id":"https:\/\/secure.gravatar.com\/avatar\/a29bad30ab19883c48927f9ee55a40d0d1a0c3c343bcef70ad9a0a9cb421f0fa?s=96&d=mm&r=g","url":"https:\/\/secure.gravatar.com\/avatar\/a29bad30ab19883c48927f9ee55a40d0d1a0c3c343bcef70ad9a0a9cb421f0fa?s=96&d=mm&r=g","contentUrl":"https:\/\/secure.gravatar.com\/avatar\/a29bad30ab19883c48927f9ee55a40d0d1a0c3c343bcef70ad9a0a9cb421f0fa?s=96&d=mm&r=g","caption":"admin"},"sameAs":["http:\/\/vengria.info"],"url":"https:\/\/vengria.info\/?author=1"}]}},"_links":{"self":[{"href":"https:\/\/vengria.info\/index.php?rest_route=\/wp\/v2\/posts\/11334","targetHints":{"allow":["GET"]}}],"collection":[{"href":"https:\/\/vengria.info\/index.php?rest_route=\/wp\/v2\/posts"}],"about":[{"href":"https:\/\/vengria.info\/index.php?rest_route=\/wp\/v2\/types\/post"}],"author":[{"embeddable":true,"href":"https:\/\/vengria.info\/index.php?rest_route=\/wp\/v2\/users\/1"}],"replies":[{"embeddable":true,"href":"https:\/\/vengria.info\/index.php?rest_route=%2Fwp%2Fv2%2Fcomments&post=11334"}],"version-history":[{"count":1,"href":"https:\/\/vengria.info\/index.php?rest_route=\/wp\/v2\/posts\/11334\/revisions"}],"predecessor-version":[{"id":11335,"href":"https:\/\/vengria.info\/index.php?rest_route=\/wp\/v2\/posts\/11334\/revisions\/11335"}],"wp:featuredmedia":[{"embeddable":true,"href":"https:\/\/vengria.info\/index.php?rest_route=\/wp\/v2\/media\/11328"}],"wp:attachment":[{"href":"https:\/\/vengria.info\/index.php?rest_route=%2Fwp%2Fv2%2Fmedia&parent=11334"}],"wp:term":[{"taxonomy":"category","embeddable":true,"href":"https:\/\/vengria.info\/index.php?rest_route=%2Fwp%2Fv2%2Fcategories&post=11334"},{"taxonomy":"post_tag","embeddable":true,"href":"https:\/\/vengria.info\/index.php?rest_route=%2Fwp%2Fv2%2Ftags&post=11334"}],"curies":[{"name":"wp","href":"https:\/\/api.w.org\/{rel}","templated":true}]}}